{"id":27276,"date":"2024-10-07T05:00:24","date_gmt":"2024-10-07T03:00:24","guid":{"rendered":"https:\/\/www.welovecycling.com\/cs\/?p=27276"},"modified":"2024-10-06T12:47:01","modified_gmt":"2024-10-06T10:47:01","slug":"prokleti-duhoveho-dresu-kdyz-je-zlate-brime-pro-sampiony-prilis","status":"publish","type":"post","link":"https:\/\/www.welovecycling.com\/cs\/2024\/10\/07\/prokleti-duhoveho-dresu-kdyz-je-zlate-brime-pro-sampiony-prilis\/","title":{"rendered":"Proklet\u00ed duhov\u00e9ho dresu. Kdy\u017e je zlat\u00e9 b\u0159\u00edm\u011b pro \u0161ampiony p\u0159\u00edli\u0161"},"content":{"rendered":"<p><strong>Mo\u017en\u00e1 si \u0159eknete, pro\u010d te\u010f. A pro\u010d v\u016fbec. Pro\u010d bychom Poga\u010darovi, kter\u00fd fenomen\u00e1ln\u00ed s\u00f3lo j\u00edzdou zakon\u010dil leto\u0161n\u00ed misi a po Giru a Tour vyhr\u00e1l i mistrovstv\u00ed sv\u011bta, m\u011bli prorokovat n\u011bco zl\u00e9ho. Slovinsk\u00e9mu sm\u00ed\u0161kovi nic takov\u00e9ho p\u0159\u00e1t snad ani nelze, a p\u0159eci by o tom m\u011bl v\u011bd\u011bt. Toti\u017e \u017ee cyklistika zn\u00e1 p\u0159\u00edzrak jm\u00e9nem proklet\u00ed duhov\u00e9ho dresu. \u017de ti, co jsou v pelotonu najednou tak vid\u011bt, maj\u00ed mnohdy probl\u00e9m v\u00edt\u011bzit tak lehce, jako se jim to da\u0159ilo d\u0159\u00edv.<\/strong><\/p>\n<p>Je velice nepravd\u011bpodobn\u00e9, \u017ee by Poga\u010dar m\u011bl a cht\u011bl v n\u00e1sleduj\u00edc\u00ed sezon\u011b n\u011bjak zvolnit. V\u017edy\u0165 na co si dosud uk\u00e1zal (pomineme-li dv\u011b p\u0159edchoz\u00ed Tour), to vyhr\u00e1l. Jen letos to bylo v\u010detn\u011b mistrovstv\u00ed sv\u011bta 20 v\u00edt\u011bzn\u00fdch z\u00e1vod\u016f v 55 z\u00e1vodn\u00edch dnech.<\/p>\n<h2><strong>Pozornost je extr\u00e9mn\u00ed<\/strong><\/h2>\n<p>Historie v\u0161ak zdvih\u00e1 varovn\u00fd prst, Tadeji. Duha je ter\u010d, duha je v\u00e1bni\u010dka. Duha je\u2026 proklet\u00ed.<\/p>\n<p>Ned\u00e1 se \u0159\u00edct, \u017ee by se toto ozna\u010den\u00ed v\u017eilo po jedn\u00e9 konkr\u00e9tn\u00ed ud\u00e1losti. Sp\u00ed\u0161 jde o soubor v\u00fdsledk\u016f (v tomto p\u0159\u00edpad\u011b tedy \u201enev\u00fdsledk\u016f\u201c) sv\u011btov\u00fdch \u0161ampion\u016f v sezon\u011b, kter\u00e9 n\u00e1sledovala po jejich zlat\u00e9 j\u00edzd\u011b.<\/p>\n<p>Dr\u017eet onen presti\u017en\u00ed titul mistr sv\u011bta s sebou pochopiteln\u011b p\u0159in\u00e1\u0161\u00ed zna\u010dnou pozornost; lid\u00e9 v\u00e1s cel\u00fd rok sleduj\u00ed pozorn\u011bji, proto\u017ee tak si to presti\u017e duhov\u00fdch pruh\u016f \u017e\u00e1d\u00e1. V\u00fdsledkem je zv\u00fd\u0161en\u00e1 pozornost. U\u017e nebudete jeden ze sedmi\u010dky\/osmi\u010dky sv\u00e9ho t\u00fdmu, budete ten v tom barevn\u00e9 dresu. Co\u017e je pravd\u011bpodobn\u011b ten d\u016fvod, pro\u010d cyklist\u00e9 pro\u017e\u00edvaj\u00ed pr\u016fm\u011brn\u00fd nebo n\u011bkdy dokonce stra\u0161liv\u00fd rok.<\/p>\n<p>Na mnoho z nich, zejm\u00e9na na konci minul\u00e9ho stolet\u00ed a v prvn\u00ed dek\u00e1d\u011b tohoto stolet\u00ed, padlo toto proklet\u00ed. P\u0159i\u010dem\u017e faktory se li\u0161ily po\u010d\u00ednaje nemoc\u00ed, zran\u011bn\u00edm, dopingov\u00fdm skand\u00e1lem nebo prost\u011b jen slab\u0161\u00ed formou, proto\u017ee duha se p\u0159ece mus\u00ed oslavit. Jen\u017ee ned\u00e1v\u00e1 k\u0159\u00eddla, jak se mistr n\u011bkdy myln\u011b mysl\u00ed.<\/p>\n<h2><strong>Gilbert \u010di Evans jsou odstra\u0161uj\u00edc\u00ed p\u0159\u00edpady<\/strong><\/h2>\n<p>Cadel Evans vyhr\u00e1l v roce 2009 a v duhov\u00e9m dresu v n\u00e1sleduj\u00edc\u00ed sezon\u011b zv\u00edt\u011bzil ve Valonsk\u00e9m \u0161\u00edpu a ovl\u00e1dl bodovac\u00ed sout\u011b\u017e Gira. Jeho vl\u00e1du v\u0161ak poznamenala taky zlomenina lokte na Tour de France a taky etapa, ve kter\u00e9 se zlomil na Col de la Madeleine ve chv\u00edli, kdy z\u00e1vod vedl. Vypadl ze hry a rozbre\u010del se. Jak\u00fd kontrast p\u0159inesla sezona n\u00e1sleduj\u00edc\u00ed, ta u\u017e bez duhov\u00e9 ozdoby, kdy vyhr\u00e1l Tirreno-Adriatico a p\u0159edev\u0161\u00edm se stal prvn\u00edm Australanem, kter\u00fd vyhr\u00e1l Tour de France.<\/p>\n<figure id=\"attachment_25884\" aria-describedby=\"caption-attachment-25884\" style=\"width: 1361px\" class=\"wp-caption alignnone\"><a href=\"https:\/\/d2p6e6u75xmxt8.cloudfront.net\/13\/2024\/06\/profimedia-0224094673.webp\"><img loading=\"lazy\" decoding=\"async\" class=\"size-full wp-image-25884\" src=\"https:\/\/d2p6e6u75xmxt8.cloudfront.net\/13\/2024\/06\/profimedia-0224094673.webp\" alt=\"Cadel Evans\" width=\"1361\" height=\"1800\" srcset=\"https:\/\/d2p6e6u75xmxt8.cloudfront.net\/13\/2024\/06\/profimedia-0224094673.webp 1361w, https:\/\/d2p6e6u75xmxt8.cloudfront.net\/13\/2024\/06\/profimedia-0224094673-227x300.webp 227w, https:\/\/d2p6e6u75xmxt8.cloudfront.net\/13\/2024\/06\/profimedia-0224094673-774x1024.webp 774w, https:\/\/d2p6e6u75xmxt8.cloudfront.net\/13\/2024\/06\/profimedia-0224094673-768x1016.webp 768w, https:\/\/d2p6e6u75xmxt8.cloudfront.net\/13\/2024\/06\/profimedia-0224094673-1161x1536.webp 1161w, https:\/\/d2p6e6u75xmxt8.cloudfront.net\/13\/2024\/06\/profimedia-0224094673-302x400.webp 302w\" sizes=\"auto, (max-width: 1361px) 100vw, 1361px\" \/><\/a><figcaption id=\"caption-attachment-25884\" class=\"wp-caption-text\"><em>Cadel Evans m\u011bl sice duhov\u00e9 prou\u017eky mistra sv\u011bta, ov\u0161em sezona po zisku titulu mnoho radosti nep\u0159inesla.<\/em><\/figcaption><\/figure>\n<p>Brzy pot\u00e9 za\u017eil Philippe Gilbert fenomen\u00e1ln\u00ed sezonu 2011. Vyhr\u00e1l Strade Bianche a v dubnu se vydal na divokou j\u00edzdu, aby se stal teprve druh\u00fdm mu\u017eem v historii, kter\u00fd dokon\u010dil \u201eArdennes triple\u201c \u2013 v\u00edt\u011bzstv\u00ed v Amstel Gold Race, Valonsk\u00e9m \u0161\u00edpu a Lutychu. Belgi\u010dan n\u00e1sledn\u011b vyhr\u00e1l dom\u00e1c\u00ed z\u00e1vod Kolem Belgie n\u00e1sledovan\u00fd ZLM Tour, na\u010de\u017e se prvn\u011b obl\u00e9kl do maillot jaune na Tour de France.<\/p>\n<div class=\"shortcode-ys-post-pinup\"><article class=\"loop-simple post-27239 post type-post status-publish format-standard has-post-thumbnail hentry category-gravel tag-author-cup tag-cyklistika tag-gravel tag-horska-cyklistika tag-zdenek-stybar tag-zdravi-a-trenink global-categories-cycling\" data-postid=\"27239\" role=\"article\" data-post-id=\"27239\" data-word-count=\"707\" data-headline-length=\"74\" data-category=\"Gravel\" data-global-category=\"Cycling\" data-author=\"We Love Cycling\" data-published=\"2024-10-02T14:14:54+02:00\" data-published-day=\"Wednesday\">\n    <div class=\"entry-thumbnail article-thumbnail\" content=\"https:\/\/d2p6e6u75xmxt8.cloudfront.net\/13\/2024\/06\/3C9A1731-150x150.webp\"><a href=\"https:\/\/www.welovecycling.com\/cs\/2024\/10\/02\/proc-se-zdenek-stybar-tesi-na-author-cup-bavi-me-pribehy-lidi\/\" class=\"image-holder\" target=\"_self\"><img decoding=\"async\" loading=\"lazy\" class=\"\" src=\"https:\/\/d2p6e6u75xmxt8.cloudfront.net\/13\/2024\/06\/3C9A1731-1024x683.webp\" srcset=\"https:\/\/d2p6e6u75xmxt8.cloudfront.net\/13\/2024\/06\/3C9A1731-scaled.webp 2560w, https:\/\/d2p6e6u75xmxt8.cloudfront.net\/13\/2024\/06\/3C9A1731-300x200.webp 300w, https:\/\/d2p6e6u75xmxt8.cloudfront.net\/13\/2024\/06\/3C9A1731-1024x683.webp 1024w, https:\/\/d2p6e6u75xmxt8.cloudfront.net\/13\/2024\/06\/3C9A1731-768x512.webp 768w, https:\/\/d2p6e6u75xmxt8.cloudfront.net\/13\/2024\/06\/3C9A1731-1536x1024.webp 1536w, https:\/\/d2p6e6u75xmxt8.cloudfront.net\/13\/2024\/06\/3C9A1731-2048x1365.webp 2048w, https:\/\/d2p6e6u75xmxt8.cloudfront.net\/13\/2024\/06\/3C9A1731-1920x1280.webp 1920w, https:\/\/d2p6e6u75xmxt8.cloudfront.net\/13\/2024\/06\/3C9A1731-400x267.webp 400w, https:\/\/d2p6e6u75xmxt8.cloudfront.net\/13\/2024\/06\/3C9A1731-272x182.webp 272w, https:\/\/d2p6e6u75xmxt8.cloudfront.net\/13\/2024\/06\/3C9A1731-1920x1280.webp 1920w\" width=\"1024\" height=\"683\" sizes=\"auto, (min-width: 1200px) 300px, (min-width: 768px) 25vw, 100vw\" alt=\"proc-se-zdenek-stybar-tesi-na-author-cup-bavi-me-pribehy-lidi\"\/><\/a><\/div>    <div class=\"entry-meta\">\n        <a class=\"label label-secondary post-category\" href=\"https:\/\/www.welovecycling.com\/cs\/category\/gravel\/\" title=\"Gravel\">Gravel<\/a>\n    <\/div>\n    <div class=\"entry-details\">\n        <a href=\"https:\/\/www.welovecycling.com\/cs\/2024\/10\/02\/proc-se-zdenek-stybar-tesi-na-author-cup-bavi-me-pribehy-lidi\/\" class='entry-title-wrapper'>\n            <h3 class=\"entry-title\"><span>Pro\u010d se Zden\u011bk \u0160tybar t\u011b\u0161\u00ed na Author Cup? Bav\u00ed m\u011b p\u0159\u00edb\u011bhy lid\u00ed<\/span><\/h3>\n        <\/a>\n    <\/div>\n    <\/article>\n<\/div>\n<p>V roce 2012 vyhr\u00e1l dv\u011b etapy na Vuelt\u011b a Espa\u00f1a, ne\u017e se stal mistrem sv\u011bta. A pak to za\u010dalo! Dal\u0161\u00ed rok v duhov\u00e9m dresu vyhr\u00e1l nezvykle jen jednou \u2013 12. etapu Vuelty, p\u0159i\u010dem\u017e po v\u00edt\u011bzstv\u00ed sahal u\u017e o p\u011bt dn\u00ed d\u0159\u00edve, ale v Mairena del Aljarafe byl rychlej\u0161\u00ed Zden\u011bk \u0160tybar. Jakmile ale titul mistra sv\u011bta p\u0159enechal Portugalci Costovi, Gilbert znovu nabral p\u00e1ru a vr\u00e1til se na v\u00edt\u011bznou klasik\u00e1\u0159skou vlnu v Brabantsk\u00e9m \u0161\u00edpu, Amstel Gold Race a ZLM Tour.<\/p>\n<h2><strong>Proklet\u00ed nebo pokles formy?<\/strong><\/h2>\n<p>Tak\u017ee jen dv\u011b v\u00fdjimky, nebo na proklet\u00ed opravdu n\u011bco bude? Ty \u00favahy neguje Peter Sagan, mistr sv\u011bta z let 2015, 2016 a 2017. Slov\u00e1ka nezastavilo nic a nikdo.<\/p>\n<p>Stejn\u011b tak Annemiek van Vleutenov\u00e1 vyhr\u00e1la sv\u016fj druh\u00fd silni\u010dn\u00ed z\u00e1vod mistrovstv\u00ed sv\u011bta v roce 2022 (prvn\u00ed v roce 2019, po kter\u00e9m n\u00e1sledovala sezona 2020 naru\u0161en\u00e1 covidem) a \u00fasp\u011b\u0161n\u011b pak obh\u00e1jila sv\u00e9 tituly jak na Vuelt\u011b, tak Giru.<\/p>\n<figure id=\"attachment_20514\" aria-describedby=\"caption-attachment-20514\" style=\"width: 1800px\" class=\"wp-caption alignnone\"><a href=\"https:\/\/d2p6e6u75xmxt8.cloudfront.net\/13\/2023\/01\/sagan-profimedia-0461132389.webp\"><img loading=\"lazy\" decoding=\"async\" class=\"size-full wp-image-20514\" src=\"https:\/\/d2p6e6u75xmxt8.cloudfront.net\/13\/2023\/01\/sagan-profimedia-0461132389.webp\" alt=\"Peter Sagan\" width=\"1800\" height=\"1197\" srcset=\"https:\/\/d2p6e6u75xmxt8.cloudfront.net\/13\/2023\/01\/sagan-profimedia-0461132389.webp 1800w, https:\/\/d2p6e6u75xmxt8.cloudfront.net\/13\/2023\/01\/sagan-profimedia-0461132389-300x200.webp 300w, https:\/\/d2p6e6u75xmxt8.cloudfront.net\/13\/2023\/01\/sagan-profimedia-0461132389-1024x681.webp 1024w, https:\/\/d2p6e6u75xmxt8.cloudfront.net\/13\/2023\/01\/sagan-profimedia-0461132389-768x511.webp 768w, https:\/\/d2p6e6u75xmxt8.cloudfront.net\/13\/2023\/01\/sagan-profimedia-0461132389-1536x1021.webp 1536w, https:\/\/d2p6e6u75xmxt8.cloudfront.net\/13\/2023\/01\/sagan-profimedia-0461132389-272x182.webp 272w\" sizes=\"auto, (max-width: 1800px) 100vw, 1800px\" \/><\/a><figcaption id=\"caption-attachment-20514\" class=\"wp-caption-text\"><em>Peter Sagan se proklet\u00ed duhov\u00e9ho dresu vzep\u0159el a vyhr\u00e1val i jako mistr sv\u011bta.\u00a0<\/em><\/figcaption><\/figure>\n<p>I lo\u0148\u0161t\u00ed mist\u0159i sv\u011bta Mathieu van der Poel a Lotte Kopeck\u00e1 zaznamenali v leto\u0161n\u00ed sezon\u011b mnoho \u00fasp\u011bch\u016f. Van der Poel ovl\u00e1dl Flandry i Pa\u0159\u00ed\u017e-Roubaix. Kopeck\u00e1 taky z\u00edskala \u017eulovou kostku a zajistila titul z Kolem Brit\u00e1nie plus silni\u010dn\u00ed z\u00e1vod a \u010dasovku na belgick\u00e9m n\u00e1rodn\u00edm \u0161ampion\u00e1tu.<\/p>\n<p>Pojem \u201eproklet\u00ed\u201c se dokonce rozhodl prozkoumat v\u011bdeck\u00fd British Medical Journal a asi nen\u00ed p\u0159ekvapen\u00edm, \u017ee my\u0161lenku strhal. Dokument zkoumal v\u00fdkony zlat\u00fdch cyklist\u016f od roku 1965 do roku 2013. Ddosp\u011bl k verdiktu, \u017ee \u0161lo sp\u00ed\u0161 o \u201epokles formy nikoli proklet\u00ed\u201c.<\/p>\n<div class=\"shortcode-ys-post-pinup\"><article class=\"loop-simple post-27241 post type-post status-publish format-standard has-post-thumbnail hentry category-silnicni-cyklistika tag-eddy-merckx tag-giro-2024 tag-mathieu-van-der-poel tag-mistrovstvi-sveta tag-ms-2024 tag-remco-evenepoel tag-stephen-roche tag-tadej-pogacar tag-tour-de-france global-categories-cycling\" data-postid=\"27241\" role=\"article\" data-post-id=\"27241\" data-word-count=\"549\" data-headline-length=\"45\" data-category=\"Silni\u010dn\u00ed cyklistika\" data-global-category=\"Cycling\" data-author=\"We Love Cycling\" data-published=\"2024-10-01T12:32:28+02:00\" data-published-day=\"Tuesday\">\n    <div class=\"entry-thumbnail article-thumbnail\" content=\"https:\/\/d2p6e6u75xmxt8.cloudfront.net\/13\/2024\/10\/profimedia-0913978516-150x150.webp\"><a href=\"https:\/\/www.welovecycling.com\/cs\/2024\/10\/01\/nejvetsi-cyklisticky-rebus-pro-rok-2025\/\" class=\"image-holder\" target=\"_self\"><img decoding=\"async\" loading=\"lazy\" class=\"\" src=\"https:\/\/d2p6e6u75xmxt8.cloudfront.net\/13\/2024\/10\/profimedia-0913978516-1024x667.webp\" srcset=\"https:\/\/d2p6e6u75xmxt8.cloudfront.net\/13\/2024\/10\/profimedia-0913978516.webp 1800w, https:\/\/d2p6e6u75xmxt8.cloudfront.net\/13\/2024\/10\/profimedia-0913978516-300x195.webp 300w, https:\/\/d2p6e6u75xmxt8.cloudfront.net\/13\/2024\/10\/profimedia-0913978516-1024x667.webp 1024w, https:\/\/d2p6e6u75xmxt8.cloudfront.net\/13\/2024\/10\/profimedia-0913978516-768x500.webp 768w, https:\/\/d2p6e6u75xmxt8.cloudfront.net\/13\/2024\/10\/profimedia-0913978516-1536x1000.webp 1536w, https:\/\/d2p6e6u75xmxt8.cloudfront.net\/13\/2024\/10\/profimedia-0913978516-400x260.webp 400w\" width=\"1024\" height=\"667\" sizes=\"auto, (min-width: 1200px) 308px, (min-width: 768px) 26vw, 100vw\" alt=\"nejvetsi-cyklisticky-rebus-pro-rok-2025\"\/><\/a><\/div>    <div class=\"entry-meta\">\n        <a class=\"label label-secondary post-category\" href=\"https:\/\/www.welovecycling.com\/cs\/category\/silnicni-cyklistika\/\" title=\"Silni\u010dn\u00ed cyklistika\">Silni\u010dn\u00ed cyklistika<\/a>\n    <\/div>\n    <div class=\"entry-details\">\n        <a href=\"https:\/\/www.welovecycling.com\/cs\/2024\/10\/01\/nejvetsi-cyklisticky-rebus-pro-rok-2025\/\" class='entry-title-wrapper'>\n            <h3 class=\"entry-title\"><span>Nejv\u011bt\u0161\u00ed cyklistick\u00fd r\u00e9bus pro rok 2025?<\/span><\/h3>\n        <\/a>\n    <\/div>\n    <\/article>\n<\/div>\n<p>Nev\u00fdrazn\u00e1 nebo zran\u011bn\u00edm ovlivn\u011bn\u00e1 sezona v duhov\u00e9m dresu prost\u011b m\u016f\u017ee potkat ka\u017ed\u00e9ho jezdce kdykoli v jeho kari\u00e9\u0159e. Faktor\u016f, co ovliv\u0148uj\u00ed \u00fasp\u011bch, je za sezonu dohromady tolik, \u017ee by bylo bl\u00e1hov\u00e9 sv\u00e9st to na prost\u00e9 \u201eproklet\u00ed\u201c. Doufejme ale, \u017ee <a href=\"https:\/\/www.welovecycling.com\/cs\/2024\/09\/29\/absurdni-utok-a-tadej-pogacar-je-mistr-sveta-nebyl-to-plan-ale-instinkt\/\">Tadeje Poga\u010dara<\/a> se nic z toho p\u0159\u00ed\u0161t\u00ed rok t\u00fdkat nebude.<\/p>\n","protected":false},"excerpt":{"rendered":"<p>Mo\u017en\u00e1 si \u0159eknete, pro\u010d te\u010f. A pro\u010d v\u016fbec. Pro\u010d bychom Poga\u010darovi, kter\u00fd fenomen\u00e1ln\u00ed s\u00f3lo j\u00edzdou zakon\u010dil leto\u0161n\u00ed misi a po [&hellip;]<\/p>\n","protected":false},"author":138,"featured_media":27235,"comment_status":"open","ping_status":"open","sticky":false,"template":"","format":"standard","meta":{"footnotes":""},"categories":[10],"tags":[126,1877,3400,1170,3836,9,502],"global-categories":[411],"class_list":["post-27276","post","type-post","status-publish","format-standard","has-post-thumbnail","hentry","category-silnicni-cyklistika","tag-cyklistika","tag-duhovy-dres","tag-ms-2024","tag-ms-v-silnicni-cyklistice","tag-prokleti-duhoveho-dresu","tag-silnicni-cyklistika","tag-tadej-pogacar","global-categories-cycling"],"yoast_head":"<!-- This site is optimized with the Yoast SEO Premium plugin v25.3 (Yoast SEO v25.9) - https:\/\/yoast.com\/wordpress\/plugins\/seo\/ -->\n<title>Proklet\u00ed duhov\u00e9ho dresu. Kdy\u017e je zlat\u00e9 b\u0159\u00edm\u011b pro \u0161ampiony p\u0159\u00edli\u0161 | \u0160koda We Love Cycling - \u010cesk\u00e1 republika<\/title>\n<meta name=\"description\" content=\"Mo\u017en\u00e1 si \u0159eknete, pro\u010d te\u010f. A pro\u010d v\u016fbec. Pro\u010d bychom Poga\u010darovi, kter\u00fd fenomen\u00e1ln\u00ed s\u00f3lo j\u00edzdou zakon\u010dil leto\u0161n\u00ed misi a po Giru a Tour vyhr\u00e1l i mistrovstv\u00ed sv\u011bta, m\u011bli prorokovat n\u011bco zl\u00e9ho. Slovinsk\u00e9mu sm\u00ed\u0161kovi nic takov\u00e9ho p\u0159\u00e1t snad ani nelze, a p\u0159eci by o tom m\u011bl v\u011bd\u011bt. Toti\u017e \u017ee cyklistika zn\u00e1 p\u0159\u00edzrak jm\u00e9nem proklet\u00ed duhov\u00e9ho dresu. \u017de ti, co jsou v pelotonu najednou tak vid\u011bt, maj\u00ed mnohdy probl\u00e9m v\u00edt\u011bzit tak lehce, jako se jim to da\u0159ilo d\u0159\u00edv.\" \/>\n<meta name=\"robots\" content=\"index, follow, max-snippet:-1, max-image-preview:large, max-video-preview:-1\" \/>\n<link rel=\"canonical\" href=\"https:\/\/www.welovecycling.com\/cs\/2024\/10\/07\/prokleti-duhoveho-dresu-kdyz-je-zlate-brime-pro-sampiony-prilis\/\" \/>\n<meta property=\"og:locale\" content=\"cs_CZ\" \/>\n<meta property=\"og:type\" content=\"article\" \/>\n<meta property=\"og:title\" content=\"Proklet\u00ed duhov\u00e9ho dresu. Kdy\u017e je zlat\u00e9 b\u0159\u00edm\u011b pro \u0161ampiony p\u0159\u00edli\u0161\" \/>\n<meta property=\"og:description\" content=\"Mo\u017en\u00e1 si \u0159eknete, pro\u010d te\u010f. A pro\u010d v\u016fbec. Pro\u010d bychom Poga\u010darovi, kter\u00fd fenomen\u00e1ln\u00ed s\u00f3lo j\u00edzdou zakon\u010dil leto\u0161n\u00ed misi a po Giru a Tour vyhr\u00e1l i mistrovstv\u00ed sv\u011bta, m\u011bli prorokovat n\u011bco zl\u00e9ho. Slovinsk\u00e9mu sm\u00ed\u0161kovi nic takov\u00e9ho p\u0159\u00e1t snad ani nelze, a p\u0159eci by o tom m\u011bl v\u011bd\u011bt. Toti\u017e \u017ee cyklistika zn\u00e1 p\u0159\u00edzrak jm\u00e9nem proklet\u00ed duhov\u00e9ho dresu. \u017de ti, co jsou v pelotonu najednou tak vid\u011bt, maj\u00ed mnohdy probl\u00e9m v\u00edt\u011bzit tak lehce, jako se jim to da\u0159ilo d\u0159\u00edv.\" \/>\n<meta property=\"og:url\" content=\"https:\/\/www.welovecycling.com\/cs\/2024\/10\/07\/prokleti-duhoveho-dresu-kdyz-je-zlate-brime-pro-sampiony-prilis\/\" \/>\n<meta property=\"og:site_name\" content=\"\u0160koda We Love Cycling - \u010cesk\u00e1 republika\" \/>\n<meta property=\"article:published_time\" content=\"2024-10-07T03:00:24+00:00\" \/>\n<meta property=\"og:image\" content=\"https:\/\/d2p6e6u75xmxt8.cloudfront.net\/13\/2024\/09\/profimedia-0913735863.webp\" \/>\n\t<meta property=\"og:image:width\" content=\"1800\" \/>\n\t<meta property=\"og:image:height\" content=\"1199\" \/>\n\t<meta property=\"og:image:type\" content=\"image\/webp\" \/>\n<meta name=\"author\" content=\"radekmalina\" \/>\n<meta name=\"twitter:card\" content=\"summary_large_image\" \/>\n<meta name=\"twitter:label1\" content=\"Written by\" \/>\n\t<meta name=\"twitter:data1\" content=\"We Love Cycling\" \/>\n\t<meta name=\"twitter:label2\" content=\"Est. reading time\" \/>\n\t<meta name=\"twitter:data2\" content=\"5\" \/>\n<script type=\"application\/ld+json\" class=\"yoast-schema-graph\">{\"@context\":\"https:\/\/schema.org\",\"@graph\":[{\"@type\":\"WebPage\",\"@id\":\"https:\/\/www.welovecycling.com\/cs\/2024\/10\/07\/prokleti-duhoveho-dresu-kdyz-je-zlate-brime-pro-sampiony-prilis\/\",\"url\":\"https:\/\/www.welovecycling.com\/cs\/2024\/10\/07\/prokleti-duhoveho-dresu-kdyz-je-zlate-brime-pro-sampiony-prilis\/\",\"name\":\"Proklet\u00ed duhov\u00e9ho dresu. Kdy\u017e je zlat\u00e9 b\u0159\u00edm\u011b pro \u0161ampiony p\u0159\u00edli\u0161 | \u0160koda We Love Cycling - \u010cesk\u00e1 republika\",\"isPartOf\":{\"@id\":\"https:\/\/www.welovecycling.com\/cs\/#website\"},\"primaryImageOfPage\":{\"@id\":\"https:\/\/www.welovecycling.com\/cs\/2024\/10\/07\/prokleti-duhoveho-dresu-kdyz-je-zlate-brime-pro-sampiony-prilis\/#primaryimage\"},\"image\":{\"@id\":\"https:\/\/www.welovecycling.com\/cs\/2024\/10\/07\/prokleti-duhoveho-dresu-kdyz-je-zlate-brime-pro-sampiony-prilis\/#primaryimage\"},\"thumbnailUrl\":\"https:\/\/d2p6e6u75xmxt8.cloudfront.net\/13\/2024\/09\/profimedia-0913735863.webp\",\"datePublished\":\"2024-10-07T03:00:24+00:00\",\"author\":{\"@id\":\"https:\/\/www.welovecycling.com\/cs\/#\/schema\/person\/d9eeb0a378f3a7e4a6d12d2b536b04b8\"},\"description\":\"Mo\u017en\u00e1 si \u0159eknete, pro\u010d te\u010f. A pro\u010d v\u016fbec. Pro\u010d bychom Poga\u010darovi, kter\u00fd fenomen\u00e1ln\u00ed s\u00f3lo j\u00edzdou zakon\u010dil leto\u0161n\u00ed misi a po Giru a Tour vyhr\u00e1l i mistrovstv\u00ed sv\u011bta, m\u011bli prorokovat n\u011bco zl\u00e9ho. Slovinsk\u00e9mu sm\u00ed\u0161kovi nic takov\u00e9ho p\u0159\u00e1t snad ani nelze, a p\u0159eci by o tom m\u011bl v\u011bd\u011bt. Toti\u017e \u017ee cyklistika zn\u00e1 p\u0159\u00edzrak jm\u00e9nem proklet\u00ed duhov\u00e9ho dresu. \u017de ti, co jsou v pelotonu najednou tak vid\u011bt, maj\u00ed mnohdy probl\u00e9m v\u00edt\u011bzit tak lehce, jako se jim to da\u0159ilo d\u0159\u00edv.\",\"inLanguage\":\"cs\",\"potentialAction\":[{\"@type\":\"ReadAction\",\"target\":[\"https:\/\/www.welovecycling.com\/cs\/2024\/10\/07\/prokleti-duhoveho-dresu-kdyz-je-zlate-brime-pro-sampiony-prilis\/\"]}]},{\"@type\":\"ImageObject\",\"inLanguage\":\"cs\",\"@id\":\"https:\/\/www.welovecycling.com\/cs\/2024\/10\/07\/prokleti-duhoveho-dresu-kdyz-je-zlate-brime-pro-sampiony-prilis\/#primaryimage\",\"url\":\"https:\/\/d2p6e6u75xmxt8.cloudfront.net\/13\/2024\/09\/profimedia-0913735863.webp\",\"contentUrl\":\"https:\/\/d2p6e6u75xmxt8.cloudfront.net\/13\/2024\/09\/profimedia-0913735863.webp\",\"width\":1800,\"height\":1199,\"caption\":\"Tadej Poga\u010dar. Potk\u00e1 ho proklet\u00ed duhov\u00e9ho dresu?\"},{\"@type\":\"WebSite\",\"@id\":\"https:\/\/www.welovecycling.com\/cs\/#website\",\"url\":\"https:\/\/www.welovecycling.com\/cs\/\",\"name\":\"\u0160koda We Love Cycling - \u010cesk\u00e1 republika\",\"description\":\"WeLoveCycling.cz je online magaz\u00edn, kter\u00fd v\u00e1m pravideln\u011b p\u0159in\u00e1\u0161\u00ed rady a tipy, zaj\u00edmav\u00e9 \u010dl\u00e1nky, videa a jedine\u010dn\u00e9 report\u00e1\u017ee ze sv\u011bta cyklistiky.\",\"potentialAction\":[{\"@type\":\"SearchAction\",\"target\":{\"@type\":\"EntryPoint\",\"urlTemplate\":\"https:\/\/www.welovecycling.com\/cs\/?s={search_term_string}\"},\"query-input\":{\"@type\":\"PropertyValueSpecification\",\"valueRequired\":true,\"valueName\":\"search_term_string\"}}],\"inLanguage\":\"cs\"},{\"@type\":\"Person\",\"@id\":\"https:\/\/www.welovecycling.com\/cs\/#\/schema\/person\/d9eeb0a378f3a7e4a6d12d2b536b04b8\",\"name\":\"radekmalina\",\"image\":{\"@type\":\"ImageObject\",\"inLanguage\":\"cs\",\"@id\":\"https:\/\/www.welovecycling.com\/cs\/#\/schema\/person\/image\/\",\"url\":\"https:\/\/secure.gravatar.com\/avatar\/66994b632cb8c39a46b9f54afa3ae07201b678d32a54275b6f1c9ffec356bfc0?s=96&d=mm&r=g\",\"contentUrl\":\"https:\/\/secure.gravatar.com\/avatar\/66994b632cb8c39a46b9f54afa3ae07201b678d32a54275b6f1c9ffec356bfc0?s=96&d=mm&r=g\",\"caption\":\"radekmalina\"},\"url\":\"https:\/\/www.welovecycling.com\/cs\/author\/radekmalina\/\"}]}<\/script>\n<!-- \/ Yoast SEO Premium plugin. -->","yoast_head_json":{"title":"Proklet\u00ed duhov\u00e9ho dresu. Kdy\u017e je zlat\u00e9 b\u0159\u00edm\u011b pro \u0161ampiony p\u0159\u00edli\u0161 | \u0160koda We Love Cycling - \u010cesk\u00e1 republika","description":"Mo\u017en\u00e1 si \u0159eknete, pro\u010d te\u010f. A pro\u010d v\u016fbec. Pro\u010d bychom Poga\u010darovi, kter\u00fd fenomen\u00e1ln\u00ed s\u00f3lo j\u00edzdou zakon\u010dil leto\u0161n\u00ed misi a po Giru a Tour vyhr\u00e1l i mistrovstv\u00ed sv\u011bta, m\u011bli prorokovat n\u011bco zl\u00e9ho. Slovinsk\u00e9mu sm\u00ed\u0161kovi nic takov\u00e9ho p\u0159\u00e1t snad ani nelze, a p\u0159eci by o tom m\u011bl v\u011bd\u011bt. Toti\u017e \u017ee cyklistika zn\u00e1 p\u0159\u00edzrak jm\u00e9nem proklet\u00ed duhov\u00e9ho dresu. \u017de ti, co jsou v pelotonu najednou tak vid\u011bt, maj\u00ed mnohdy probl\u00e9m v\u00edt\u011bzit tak lehce, jako se jim to da\u0159ilo d\u0159\u00edv.","robots":{"index":"index","follow":"follow","max-snippet":"max-snippet:-1","max-image-preview":"max-image-preview:large","max-video-preview":"max-video-preview:-1"},"canonical":"https:\/\/www.welovecycling.com\/cs\/2024\/10\/07\/prokleti-duhoveho-dresu-kdyz-je-zlate-brime-pro-sampiony-prilis\/","og_locale":"cs_CZ","og_type":"article","og_title":"Proklet\u00ed duhov\u00e9ho dresu. Kdy\u017e je zlat\u00e9 b\u0159\u00edm\u011b pro \u0161ampiony p\u0159\u00edli\u0161","og_description":"Mo\u017en\u00e1 si \u0159eknete, pro\u010d te\u010f. A pro\u010d v\u016fbec. Pro\u010d bychom Poga\u010darovi, kter\u00fd fenomen\u00e1ln\u00ed s\u00f3lo j\u00edzdou zakon\u010dil leto\u0161n\u00ed misi a po Giru a Tour vyhr\u00e1l i mistrovstv\u00ed sv\u011bta, m\u011bli prorokovat n\u011bco zl\u00e9ho. Slovinsk\u00e9mu sm\u00ed\u0161kovi nic takov\u00e9ho p\u0159\u00e1t snad ani nelze, a p\u0159eci by o tom m\u011bl v\u011bd\u011bt. Toti\u017e \u017ee cyklistika zn\u00e1 p\u0159\u00edzrak jm\u00e9nem proklet\u00ed duhov\u00e9ho dresu. \u017de ti, co jsou v pelotonu najednou tak vid\u011bt, maj\u00ed mnohdy probl\u00e9m v\u00edt\u011bzit tak lehce, jako se jim to da\u0159ilo d\u0159\u00edv.","og_url":"https:\/\/www.welovecycling.com\/cs\/2024\/10\/07\/prokleti-duhoveho-dresu-kdyz-je-zlate-brime-pro-sampiony-prilis\/","og_site_name":"\u0160koda We Love Cycling - \u010cesk\u00e1 republika","article_published_time":"2024-10-07T03:00:24+00:00","og_image":[{"width":1800,"height":1199,"url":"https:\/\/d2p6e6u75xmxt8.cloudfront.net\/13\/2024\/09\/profimedia-0913735863.webp","type":"image\/webp"}],"author":"radekmalina","twitter_card":"summary_large_image","twitter_misc":{"Written by":"We Love Cycling","Est. reading time":"5"},"schema":{"@context":"https:\/\/schema.org","@graph":[{"@type":"WebPage","@id":"https:\/\/www.welovecycling.com\/cs\/2024\/10\/07\/prokleti-duhoveho-dresu-kdyz-je-zlate-brime-pro-sampiony-prilis\/","url":"https:\/\/www.welovecycling.com\/cs\/2024\/10\/07\/prokleti-duhoveho-dresu-kdyz-je-zlate-brime-pro-sampiony-prilis\/","name":"Proklet\u00ed duhov\u00e9ho dresu. Kdy\u017e je zlat\u00e9 b\u0159\u00edm\u011b pro \u0161ampiony p\u0159\u00edli\u0161 | \u0160koda We Love Cycling - \u010cesk\u00e1 republika","isPartOf":{"@id":"https:\/\/www.welovecycling.com\/cs\/#website"},"primaryImageOfPage":{"@id":"https:\/\/www.welovecycling.com\/cs\/2024\/10\/07\/prokleti-duhoveho-dresu-kdyz-je-zlate-brime-pro-sampiony-prilis\/#primaryimage"},"image":{"@id":"https:\/\/www.welovecycling.com\/cs\/2024\/10\/07\/prokleti-duhoveho-dresu-kdyz-je-zlate-brime-pro-sampiony-prilis\/#primaryimage"},"thumbnailUrl":"https:\/\/d2p6e6u75xmxt8.cloudfront.net\/13\/2024\/09\/profimedia-0913735863.webp","datePublished":"2024-10-07T03:00:24+00:00","author":{"@id":"https:\/\/www.welovecycling.com\/cs\/#\/schema\/person\/d9eeb0a378f3a7e4a6d12d2b536b04b8"},"description":"Mo\u017en\u00e1 si \u0159eknete, pro\u010d te\u010f. A pro\u010d v\u016fbec. Pro\u010d bychom Poga\u010darovi, kter\u00fd fenomen\u00e1ln\u00ed s\u00f3lo j\u00edzdou zakon\u010dil leto\u0161n\u00ed misi a po Giru a Tour vyhr\u00e1l i mistrovstv\u00ed sv\u011bta, m\u011bli prorokovat n\u011bco zl\u00e9ho. Slovinsk\u00e9mu sm\u00ed\u0161kovi nic takov\u00e9ho p\u0159\u00e1t snad ani nelze, a p\u0159eci by o tom m\u011bl v\u011bd\u011bt. Toti\u017e \u017ee cyklistika zn\u00e1 p\u0159\u00edzrak jm\u00e9nem proklet\u00ed duhov\u00e9ho dresu. \u017de ti, co jsou v pelotonu najednou tak vid\u011bt, maj\u00ed mnohdy probl\u00e9m v\u00edt\u011bzit tak lehce, jako se jim to da\u0159ilo d\u0159\u00edv.","inLanguage":"cs","potentialAction":[{"@type":"ReadAction","target":["https:\/\/www.welovecycling.com\/cs\/2024\/10\/07\/prokleti-duhoveho-dresu-kdyz-je-zlate-brime-pro-sampiony-prilis\/"]}]},{"@type":"ImageObject","inLanguage":"cs","@id":"https:\/\/www.welovecycling.com\/cs\/2024\/10\/07\/prokleti-duhoveho-dresu-kdyz-je-zlate-brime-pro-sampiony-prilis\/#primaryimage","url":"https:\/\/d2p6e6u75xmxt8.cloudfront.net\/13\/2024\/09\/profimedia-0913735863.webp","contentUrl":"https:\/\/d2p6e6u75xmxt8.cloudfront.net\/13\/2024\/09\/profimedia-0913735863.webp","width":1800,"height":1199,"caption":"Tadej Poga\u010dar. Potk\u00e1 ho proklet\u00ed duhov\u00e9ho dresu?"},{"@type":"WebSite","@id":"https:\/\/www.welovecycling.com\/cs\/#website","url":"https:\/\/www.welovecycling.com\/cs\/","name":"\u0160koda We Love Cycling - \u010cesk\u00e1 republika","description":"WeLoveCycling.cz je online magaz\u00edn, kter\u00fd v\u00e1m pravideln\u011b p\u0159in\u00e1\u0161\u00ed rady a tipy, zaj\u00edmav\u00e9 \u010dl\u00e1nky, videa a jedine\u010dn\u00e9 report\u00e1\u017ee ze sv\u011bta cyklistiky.","potentialAction":[{"@type":"SearchAction","target":{"@type":"EntryPoint","urlTemplate":"https:\/\/www.welovecycling.com\/cs\/?s={search_term_string}"},"query-input":{"@type":"PropertyValueSpecification","valueRequired":true,"valueName":"search_term_string"}}],"inLanguage":"cs"},{"@type":"Person","@id":"https:\/\/www.welovecycling.com\/cs\/#\/schema\/person\/d9eeb0a378f3a7e4a6d12d2b536b04b8","name":"radekmalina","image":{"@type":"ImageObject","inLanguage":"cs","@id":"https:\/\/www.welovecycling.com\/cs\/#\/schema\/person\/image\/","url":"https:\/\/secure.gravatar.com\/avatar\/66994b632cb8c39a46b9f54afa3ae07201b678d32a54275b6f1c9ffec356bfc0?s=96&d=mm&r=g","contentUrl":"https:\/\/secure.gravatar.com\/avatar\/66994b632cb8c39a46b9f54afa3ae07201b678d32a54275b6f1c9ffec356bfc0?s=96&d=mm&r=g","caption":"radekmalina"},"url":"https:\/\/www.welovecycling.com\/cs\/author\/radekmalina\/"}]}},"_links":{"self":[{"href":"https:\/\/www.welovecycling.com\/cs\/wp-json\/wp\/v2\/posts\/27276","targetHints":{"allow":["GET"]}}],"collection":[{"href":"https:\/\/www.welovecycling.com\/cs\/wp-json\/wp\/v2\/posts"}],"about":[{"href":"https:\/\/www.welovecycling.com\/cs\/wp-json\/wp\/v2\/types\/post"}],"author":[{"embeddable":true,"href":"https:\/\/www.welovecycling.com\/cs\/wp-json\/wp\/v2\/users\/138"}],"replies":[{"embeddable":true,"href":"https:\/\/www.welovecycling.com\/cs\/wp-json\/wp\/v2\/comments?post=27276"}],"version-history":[{"count":3,"href":"https:\/\/www.welovecycling.com\/cs\/wp-json\/wp\/v2\/posts\/27276\/revisions"}],"predecessor-version":[{"id":27279,"href":"https:\/\/www.welovecycling.com\/cs\/wp-json\/wp\/v2\/posts\/27276\/revisions\/27279"}],"wp:featuredmedia":[{"embeddable":true,"href":"https:\/\/www.welovecycling.com\/cs\/wp-json\/wp\/v2\/media\/27235"}],"wp:attachment":[{"href":"https:\/\/www.welovecycling.com\/cs\/wp-json\/wp\/v2\/media?parent=27276"}],"wp:term":[{"taxonomy":"category","embeddable":true,"href":"https:\/\/www.welovecycling.com\/cs\/wp-json\/wp\/v2\/categories?post=27276"},{"taxonomy":"post_tag","embeddable":true,"href":"https:\/\/www.welovecycling.com\/cs\/wp-json\/wp\/v2\/tags?post=27276"},{"taxonomy":"global-categories","embeddable":true,"href":"https:\/\/www.welovecycling.com\/cs\/wp-json\/wp\/v2\/global-categories?post=27276"}],"curies":[{"name":"wp","href":"https:\/\/api.w.org\/{rel}","templated":true}]}}