{"id":27262,"date":"2024-10-03T10:08:49","date_gmt":"2024-10-03T08:08:49","guid":{"rendered":"https:\/\/www.welovecycling.com\/cs\/?p=27262"},"modified":"2024-10-04T16:24:59","modified_gmt":"2024-10-04T14:24:59","slug":"sestkrat-na-stupnich-vitezu-petr-vakoc-vyhral-svetovy-pohar-a-je-zhavym-adeptem-na-duhovy-trikot","status":"publish","type":"post","link":"https:\/\/www.welovecycling.com\/cs\/2024\/10\/03\/sestkrat-na-stupnich-vitezu-petr-vakoc-vyhral-svetovy-pohar-a-je-zhavym-adeptem-na-duhovy-trikot\/","title":{"rendered":"\u0160estkr\u00e1t na stupn\u00edch v\u00edt\u011bz\u016f! Petr Vako\u010d vyhr\u00e1l Sv\u011btov\u00fd poh\u00e1r a je \u017ehav\u00fdm adeptem na duhov\u00fd trikot"},"content":{"rendered":"<p><strong>\u017dhav\u00fd adept na medaili z mistrovstv\u00ed sv\u011bta pro \u010desk\u00e9 barvy! Petr Vako\u010d pro\u017e\u00edv\u00e1 b\u00e1je\u010dnou sezonu na gravelu. Je v\u00edt\u011bzem UCI Gravel World Series a p\u0159ed bitvou o duhov\u00fd trikot druhou \u0159\u00edjnovou ned\u011bli c\u00edt\u00ed skv\u011blou formu. &#8222;Chci z Belgie medaili,&#8220; \u0159\u00edk\u00e1 odhodlan\u011b mu\u017e, kter\u00fd v minulosti dvakr\u00e1t absolvoval Tour de France. Sebev\u011bdom\u00ed z\u00e1vodn\u00edka t\u00fdmu Canyon je rozhodn\u011b opr\u00e1vn\u011bn\u00e9. V\u017edy\u0165 \u017e\u00e1dn\u00fd jin\u00fd \u010desk\u00fd cyklista na nejvy\u0161\u0161\u00ed \u00farovni nest\u00e1l letos na stupn\u00edch v\u00edt\u011bz\u016f tak \u010dasto jako dvaat\u0159icetilet\u00e1 \u010desk\u00e1 jedni\u010dka.<\/strong><\/p>\n<h2><strong>Pet\u0159e, pro\u017e\u00edv\u00e1te zat\u00edm dokonalou sezonu?<\/strong><\/h2>\n<p>Na za\u010d\u00e1tku jsem nem\u011bl \u017e\u00e1dn\u00e9 konkr\u00e9tn\u00ed c\u00edle. Cht\u011bl jsem jet v\u0161echno, proto\u017ee r\u00e1d z\u00e1vod\u00edm. Jsou t\u0159i hlavn\u00ed s\u00e9rie a j\u00e1 necht\u011bl n\u011bkterou preferovat. Vyb\u00edral jsem si z\u00e1vody, kter\u00e9 by mi mohly sed\u011bt. A pr\u00e1v\u011b UCI Series jsem cht\u011bl absolvovat proto, abych m\u011bl dobrou pozici pro mistrovstv\u00ed sv\u011bta. Startovn\u00ed m\u00edsto je toti\u017e pro z\u00e1vod kl\u00ed\u010dov\u00e9.<\/p>\n<h2><strong>Z dev\u00edti start\u016f v UCI Gravel World Series jste vyt\u011b\u017eil \u0161estkr\u00e1t stupn\u011b v\u00edt\u011bz\u016f. Ve skotsk\u00e9m Gatehouse, Singenu a Giron\u011b jste byl t\u0159et\u00ed, ve Villars a Champery druh\u00fd, v italsk\u00e9m Quattordiu jste slavil triumf a p\u0159ed z\u00e1v\u011bre\u010dn\u00fdm z\u00e1vodem seri\u00e1lu m\u00e1te jist\u00e9 v\u00edt\u011bzstv\u00ed.<\/strong><\/h2>\n<p>Je to pro m\u011b super \u00fasp\u011bch. Postupn\u011b jsem c\u00edtil, \u017ee bych mohl dos\u00e1hnout na celkov\u00e9 v\u00edt\u011bzstv\u00ed. I proto jsem si do kalend\u00e1\u0159e p\u0159idal dva z\u00e1vody, s nimi\u017e jsem p\u016fvodn\u011b nepo\u010d\u00edtal. Byl jsem hodn\u011b konzistentn\u00ed, jednou jsem je\u0161t\u011b skon\u010dil \u010dtvrt\u00fd. A vy\u0161lo z toho celkov\u00e9ho prvenstv\u00ed. M\u00e1m ohromnou radost. Ale pro\u017eil jsem i zklam\u00e1n\u00ed. Hodn\u011b jsem c\u00edlil na Unbound Gravel, kde jsem byl minul\u00fd rok druh\u00fd.<\/p>\n<figure id=\"attachment_27264\" aria-describedby=\"caption-attachment-27264\" style=\"width: 805px\" class=\"wp-caption alignnone\"><a href=\"https:\/\/d2p6e6u75xmxt8.cloudfront.net\/13\/2024\/10\/Vakoc-gravel.webp\"><img loading=\"lazy\" decoding=\"async\" class=\"size-full wp-image-27264\" src=\"https:\/\/d2p6e6u75xmxt8.cloudfront.net\/13\/2024\/10\/Vakoc-gravel.webp\" alt=\"\" width=\"805\" height=\"635\" srcset=\"https:\/\/d2p6e6u75xmxt8.cloudfront.net\/13\/2024\/10\/Vakoc-gravel.webp 805w, https:\/\/d2p6e6u75xmxt8.cloudfront.net\/13\/2024\/10\/Vakoc-gravel-300x237.webp 300w, https:\/\/d2p6e6u75xmxt8.cloudfront.net\/13\/2024\/10\/Vakoc-gravel-768x606.webp 768w, https:\/\/d2p6e6u75xmxt8.cloudfront.net\/13\/2024\/10\/Vakoc-gravel-400x316.webp 400w\" sizes=\"auto, (max-width: 805px) 100vw, 805px\" \/><\/a><figcaption id=\"caption-attachment-27264\" class=\"wp-caption-text\"><em>Petr Vako\u010d v c\u00edli z\u00e1vodu UCI World Gravel Series, jej\u00edm\u017e celkov\u00fdm v\u00edt\u011bzem se stal.\u00a0<\/em><\/figcaption><\/figure>\n<h2><strong>Na nejt\u011b\u017e\u0161\u00edm gravelov\u00e9m z\u00e1vod\u011b v USA na 330 kilometr\u016f v\u00e1s o nad\u011bje na \u00fasp\u011bch p\u0159ipravily defekty&#8230;<\/strong><\/h2>\n<p>Byl jsem hodn\u011b dob\u0159e p\u0159ipraven\u00fd, dr\u017eel jsem se na spr\u00e1vn\u00fdch m\u00edstech a prvn\u00ed polovinu z\u00e1vodu jel komfortn\u011b v prvn\u00ed skupin\u011b. Jen\u017ee jsem m\u011bl defekt asi po sto osmdes\u00e1ti kilometrech. A pak je\u0161t\u011b jeden. To bylo velk\u00e9 zklam\u00e1n\u00ed. Technick\u00e9 probl\u00e9my v podob\u011b defektu a zni\u010den\u00e9ho r\u00e1fku m\u011b pak p\u0159ipravily o nad\u011bji na \u00fasp\u011bch z bikov\u00e9ho Leadville. A SBT Gravel v Americe, kde jsem byl minul\u00fd rok tak\u00e9 druh\u00fd, pokra\u010doval ve stejn\u00e9m duchu. \u0160tvalo m\u011b, \u017ee trable p\u0159i\u0161ly zrovna na nejv\u011bt\u0161\u00edch z\u00e1vodech.<\/p>\n<h2><strong>Po kari\u00e9\u0159e na silnici jste neskr\u00fdval, jak si chcete gravel hlavn\u011b u\u017e\u00edvat. Ale letos bylo z\u00e1vodn\u00edch dn\u016f t\u00e9m\u011b\u0159 stejn\u011b jako v p\u0159\u00edpad\u011b silni\u010dn\u00ed sezony. Byl to z\u00e1m\u011br?<\/strong><\/h2>\n<p>Etapov\u00fdch z\u00e1vod\u016f je na gravelu minimum. M\u00e1m kolem \u010dty\u0159iceti z\u00e1vodn\u00edch dn\u016f, ale t\u0159icet z toho byly jednodenn\u00ed akce. Bylo to n\u00e1ro\u010dn\u00e9 hlavn\u011b z pohledu cestov\u00e1n\u00ed. Jsou to v\u0161echno zaj\u00edmav\u00e9 a pro m\u011b nov\u00e9 destinace, tak\u017ee kdy\u017e byla p\u0159\u00edle\u017eitost n\u011bkam jet, neodm\u00edtal jsem. Ale je fakt, \u017ee program byl hodn\u011b nabit\u00fd. Zat\u00edm jsem si to u\u017e\u00edval. P\u0159\u00ed\u0161t\u00ed sezonu mo\u017en\u00e1 kalend\u00e1\u0159 tro\u0161ku zredukuji.<\/p>\n<h2><strong>Pr\u016fb\u011b\u017en\u00e9 veden\u00ed v UCI Gravel World Series v\u00e1m garantuje start z prvn\u00ed \u0159ady na nadch\u00e1zej\u00edc\u00edm mistrovstv\u00ed sv\u011bta v Belgii. Jak moc je to d\u016fle\u017eit\u00e9 pro bitvu o duhov\u00fd trikot?<\/strong><\/h2>\n<p>Ohromn\u011b! Jestli jede \u010dlov\u011bk z prvn\u00ed \u0159ady nebo z t\u0159et\u00ed nen\u00ed zase tak d\u016fle\u017eit\u00e9. Ale pokud bych m\u011bl jen minimum bod\u016f a startoval n\u011bkde ze sedm\u00e9 osm\u00e9 \u0159ady, u\u017e je to probl\u00e9m. Minul\u00fd rok m\u011bli kluci z USA, kte\u0159\u00ed nestartovali v s\u00e9rii UCI, minimum bod\u016f a doplatili na to. Start t\u0159eba n\u011bkde z pades\u00e1t\u00e9 pozice vy\u017eaduje vynalo\u017een\u00ed obrovsk\u00e9ho \u00fasil\u00ed, aby se \u010dlov\u011bk dostal dop\u0159edu. Ta energie pak m\u016f\u017ee chyb\u011bt v okam\u017eiku, kdy se z\u00e1vod rozhoduje. A z pozice kolem stovky je vlastn\u011b nemo\u017en\u00e9 bojovat o titul.<\/p>\n<div class=\"shortcode-ys-post-pinup\"><article class=\"loop-simple post-27189 post type-post status-publish format-standard has-post-thumbnail hentry category-silnicni-cyklistika tag-cyklistika tag-mistrovstvi-sveta tag-ms-2024 tag-primoz-roglic tag-red-bull-bora-hansgrohe tag-silnicni-cyklistika tag-tour-de-france tag-vuelta tag-vuelta-2024 tag-zlomene-obratle tag-zraneni global-categories-cycling\" data-postid=\"27189\" role=\"article\" data-post-id=\"27189\" data-word-count=\"574\" data-headline-length=\"89\" data-category=\"Silni\u010dn\u00ed cyklistika\" data-global-category=\"Cycling\" data-author=\"We Love Cycling\" data-published=\"2024-09-20T05:00:41+02:00\" data-published-day=\"Friday\">\n    <div class=\"entry-thumbnail article-thumbnail\" content=\"https:\/\/d2p6e6u75xmxt8.cloudfront.net\/13\/2024\/07\/profimedia-0889067336-150x150.webp\"><a href=\"https:\/\/www.welovecycling.com\/cs\/2024\/09\/20\/mam-zapotrebi-takove-utrpeni-primoz-roglic-chtel-pred-vueltou-ukoncit-karieru\/\" class=\"image-holder\" target=\"_self\"><img decoding=\"async\" loading=\"lazy\" class=\"\" src=\"https:\/\/d2p6e6u75xmxt8.cloudfront.net\/13\/2024\/07\/profimedia-0889067336-1024x683.webp\" srcset=\"https:\/\/d2p6e6u75xmxt8.cloudfront.net\/13\/2024\/07\/profimedia-0889067336.webp 1800w, https:\/\/d2p6e6u75xmxt8.cloudfront.net\/13\/2024\/07\/profimedia-0889067336-300x200.webp 300w, https:\/\/d2p6e6u75xmxt8.cloudfront.net\/13\/2024\/07\/profimedia-0889067336-1024x683.webp 1024w, https:\/\/d2p6e6u75xmxt8.cloudfront.net\/13\/2024\/07\/profimedia-0889067336-768x512.webp 768w, https:\/\/d2p6e6u75xmxt8.cloudfront.net\/13\/2024\/07\/profimedia-0889067336-1536x1024.webp 1536w, https:\/\/d2p6e6u75xmxt8.cloudfront.net\/13\/2024\/07\/profimedia-0889067336-400x267.webp 400w, https:\/\/d2p6e6u75xmxt8.cloudfront.net\/13\/2024\/07\/profimedia-0889067336-272x182.webp 272w\" width=\"1024\" height=\"683\" sizes=\"auto, (min-width: 1200px) 300px, (min-width: 768px) 25vw, 100vw\" alt=\"mam-zapotrebi-takove-utrpeni-primoz-roglic-chtel-pred-vueltou-ukoncit-karieru\"\/><\/a><\/div>    <div class=\"entry-meta\">\n        <a class=\"label label-secondary post-category\" href=\"https:\/\/www.welovecycling.com\/cs\/category\/silnicni-cyklistika\/\" title=\"Silni\u010dn\u00ed cyklistika\">Silni\u010dn\u00ed cyklistika<\/a>\n    <\/div>\n    <div class=\"entry-details\">\n        <a href=\"https:\/\/www.welovecycling.com\/cs\/2024\/09\/20\/mam-zapotrebi-takove-utrpeni-primoz-roglic-chtel-pred-vueltou-ukoncit-karieru\/\" class='entry-title-wrapper'>\n            <h3 class=\"entry-title\"><span>M\u00e1m zapot\u0159eb\u00ed takov\u00e9 utrpen\u00ed? Primo\u017e Rogli\u010d cht\u011bl p\u0159ed Vueltou ukon\u010dit kari\u00e9ru<\/span><\/h3>\n        <\/a>\n    <\/div>\n    <\/article>\n<\/div>\n<h2><strong>Z\u00e1vod o titul mistra sv\u011bta na gravelu po dvou ro\u010dn\u00edc\u00edch v It\u00e1lii letos organizuje Belgie. L\u00edb\u00ed se v\u00e1m tra\u0165 z Halle do Lovan\u011b?<\/strong><\/h2>\n<p>V \u00favodu je hodn\u011b zat\u00e1\u010dek. Tipuji, \u017ee p\u016fjde o z\u00e1vod podobn\u00fd belgick\u00fdm silni\u010dn\u00edm klasik\u00e1m. Z\u00e1sadn\u00ed bude nepl\u00fdtvat energi\u00ed, minimalizovat riziko p\u00e1du a dr\u017eet se vp\u0159edu ne\u017e prob\u011bhne n\u011bjak\u00e1 velk\u00e1 selekce. A tu\u0161\u00edm, \u017ee neprob\u011bhne d\u0159\u00edve ne\u017e za polovinou z\u00e1vodu, mo\u017en\u00e1 je\u0161t\u011b pozd\u011bji.<\/p>\n<h2><strong>Nen\u00ed profil trasy dlouh\u00e9 182 kilometr\u016f pro bitvu o titul mistra sv\u011bta a\u017e p\u0159\u00edli\u0161 rovinat\u00fd? Nepostr\u00e1d\u00e1te alespo\u0148 jedno v\u011bt\u0161\u00ed a n\u00e1ro\u010dn\u011bj\u0161\u00ed stoup\u00e1n\u00ed?<\/strong><\/h2>\n<p>Kopec v profilu chyb\u00ed. Nen\u00ed to moc technick\u00e9. Trasu tvo\u0159\u00ed hladk\u00fd gravel a tak\u00e9 dost asfaltov\u00fdch \u00fasek\u016f. Z dan\u00e9ho pohledu nejde o trasu, kter\u00e1 mi vyhovuje. Rad\u011bji bych m\u011bl techni\u010dt\u011bj\u0161\u00ed a kopcovit\u011bj\u0161\u00ed. Hodn\u011b to bude vyhovovat silni\u010dn\u00edm cyklist\u016fm jako je Belgi\u010dan Tim Merlier nebo Mathieu van der Poel z Nizozemska.<\/p>\n<h2><strong>Organiz\u00e1to\u0159i v jednom z nejv\u011bt\u0161\u00edch z\u00e1vod\u016f sezony u\u0161ili tra\u0165 na m\u00edru dom\u00e1c\u00edm cyklist\u016fm, \u017ee?<\/strong><\/h2>\n<p>Nep\u016fjde moc o gravelov\u00fd z\u00e1vod, bohu\u017eel. \u0160otolina v n\u011bkolika r\u016fzn\u00fdch podob\u00e1ch a stoup\u00e1n\u00ed v\u0161ech podob na trase nejsou. Pro m\u011b jako gravelov\u00e9ho z\u00e1vodn\u00edka by bylo zaj\u00edmav\u011bj\u0161\u00ed, kdyby se o titul bojovalo na gravelov\u00e9 trati. Bylo by to spravedliv\u011bj\u0161\u00ed a ur\u010dilo skute\u010dn\u00e9ho gravelov\u00e9ho \u0161ampiona. Tra\u0165 v Belgii je v\u00e1\u017en\u011b hodn\u011b specifick\u00e1. Ale zase je fajn, \u017ee c\u00edl je v Lovani. Div\u00e1cky p\u016fjde o mimo\u0159\u00e1dn\u011b atratkivn\u00ed z\u00e1vod. O\u010dek\u00e1v\u00e1m, \u017ee trasa bude v oble\u017een\u00ed fanou\u0161k\u016f.<\/p>\n<figure id=\"attachment_27263\" aria-describedby=\"caption-attachment-27263\" style=\"width: 777px\" class=\"wp-caption alignnone\"><a href=\"https:\/\/d2p6e6u75xmxt8.cloudfront.net\/13\/2024\/10\/vakoc-gravel-II.webp\"><img loading=\"lazy\" decoding=\"async\" class=\" wp-image-27263\" src=\"https:\/\/d2p6e6u75xmxt8.cloudfront.net\/13\/2024\/10\/vakoc-gravel-II.webp\" alt=\"\" width=\"777\" height=\"548\" srcset=\"https:\/\/d2p6e6u75xmxt8.cloudfront.net\/13\/2024\/10\/vakoc-gravel-II.webp 730w, https:\/\/d2p6e6u75xmxt8.cloudfront.net\/13\/2024\/10\/vakoc-gravel-II-300x212.webp 300w, https:\/\/d2p6e6u75xmxt8.cloudfront.net\/13\/2024\/10\/vakoc-gravel-II-400x282.webp 400w\" sizes=\"auto, (max-width: 777px) 100vw, 777px\" \/><\/a><figcaption id=\"caption-attachment-27263\" class=\"wp-caption-text\"><em>Petr Vako\u010d bude prvn\u00ed \u0159\u00edjnovou ned\u011bli v Belgii pat\u0159it k adept\u016fm na zlato z MS v gravelu. Foto: instagram Petra Vako\u010de (2x)<\/em><\/figcaption><\/figure>\n<h2><strong>Jak\u00e9 bude m\u00edt s ohledem na charakter trasy <a href=\"https:\/\/www.welovecycling.com\/cs\/2023\/08\/11\/petr-vakoc-gravel-me-pohltil-objevil-jsem-jiny-svet-cyklistiky\/\">Petr Vako\u010d<\/a> p\u0159i bitv\u011b o duhov\u00fd trikot ambice?<\/strong><\/h2>\n<p>Je re\u00e1ln\u00e9 bojovat o medaili. Nepova\u017euji se za top favorita, ale adeptem na stupn\u011b v\u00edt\u011bz\u016f ur\u010dit\u011b jsem. Bude slo\u017eit\u00e9 vyhr\u00e1t v okam\u017eiku, kdy jsou ve startovn\u00ed listin\u011b hv\u011bzdy ze silnice jako\u00a0 Benoot, Stuyven, Mohori\u010d nebo van der Poel. A kdy\u017e si p\u0159ipo\u010dteme profil trasy, kde bude hodn\u011b slo\u017eit\u00e9 odjet, muselo by se k triumfu sej\u00edt hodn\u011b v\u011bc\u00ed. Pokud p\u0159ijedu do fini\u0161e se Stuyvenem, Merlierem nebo van der Poelem, \u0161ance ve sprintu je minim\u00e1ln\u00ed.<\/p>\n<h2><strong>\u010cesk\u00fdch cyklist\u016f bude v bitv\u011b o duhov\u00fd trikot hodn\u011b. Budete se spol\u00e9hat na pomoc ostatn\u00edch jako je to p\u0159i z\u00e1vodech na silnici? Nebo s ohledem na startovn\u00ed pozice budete odk\u00e1z\u00e1n s\u00e1m na sebe?<\/strong><\/h2>\n<p>Mysl\u00edm, \u017ee na dobr\u00e9 pozici by m\u011bl b\u00fdt je\u0161t\u011b Martin Sto\u0161ek, s n\u00edm\u017e se ur\u010dit\u011b na n\u011bjak\u00e9 spolupr\u00e1ci domluv\u00edme. Ale bude hodn\u011b slo\u017eit\u00e9 p\u0159ipravovat n\u011bjakou taktiku, proto\u017ee kluci budou m\u00edt pot\u00ed\u017ee se probojovat na \u010deln\u00ed pozice.<\/p>\n<div class=\"shortcode-ys-post-pinup\"><article class=\"loop-simple post-27176 post type-post status-publish format-standard has-post-thumbnail hentry category-letape-czech-republic tag-cyklistika tag-horska-letape tag-horska-letape-czech-republic tag-letape-2024 tag-martin-kapr tag-prachatice tag-silnicni-cyklistika global-categories-cycling\" data-postid=\"27176\" role=\"article\" data-post-id=\"27176\" data-word-count=\"814\" data-headline-length=\"87\" data-category=\"L&#039;Etape Czech Republic\" data-global-category=\"Cycling\" data-author=\"We Love Cycling\" data-published=\"2024-09-25T05:00:26+02:00\" data-published-day=\"Wednesday\">\n    <div class=\"entry-thumbnail article-thumbnail\" content=\"https:\/\/d2p6e6u75xmxt8.cloudfront.net\/13\/2024\/09\/martin-Kapr-8-150x150.webp\"><a href=\"https:\/\/www.welovecycling.com\/cs\/2024\/09\/25\/sen-o-olympiade-utnulo-zraneni-ted-cesky-australan-doufa-v-karieru-na-silnici\/\" class=\"image-holder\" target=\"_self\"><img decoding=\"async\" loading=\"lazy\" class=\"\" src=\"https:\/\/d2p6e6u75xmxt8.cloudfront.net\/13\/2024\/09\/martin-Kapr-8-1024x683.webp\" srcset=\"https:\/\/d2p6e6u75xmxt8.cloudfront.net\/13\/2024\/09\/martin-Kapr-8.webp 1600w, https:\/\/d2p6e6u75xmxt8.cloudfront.net\/13\/2024\/09\/martin-Kapr-8-300x200.webp 300w, https:\/\/d2p6e6u75xmxt8.cloudfront.net\/13\/2024\/09\/martin-Kapr-8-1024x683.webp 1024w, https:\/\/d2p6e6u75xmxt8.cloudfront.net\/13\/2024\/09\/martin-Kapr-8-768x512.webp 768w, https:\/\/d2p6e6u75xmxt8.cloudfront.net\/13\/2024\/09\/martin-Kapr-8-1536x1024.webp 1536w, https:\/\/d2p6e6u75xmxt8.cloudfront.net\/13\/2024\/09\/martin-Kapr-8-400x267.webp 400w, https:\/\/d2p6e6u75xmxt8.cloudfront.net\/13\/2024\/09\/martin-Kapr-8-272x182.webp 272w\" width=\"1024\" height=\"683\" sizes=\"auto, (min-width: 1200px) 300px, (min-width: 768px) 25vw, 100vw\" alt=\"sen-o-olympiade-utnulo-zraneni-ted-cesky-australan-doufa-v-karieru-na-silnici\"\/><\/a><\/div>    <div class=\"entry-meta\">\n        <a class=\"label label-secondary post-category\" href=\"https:\/\/www.welovecycling.com\/cs\/category\/letape-czech-republic\/\" title=\"L'Etape Czech Republic\">L'Etape Czech Republic<\/a>\n    <\/div>\n    <div class=\"entry-details\">\n        <a href=\"https:\/\/www.welovecycling.com\/cs\/2024\/09\/25\/sen-o-olympiade-utnulo-zraneni-ted-cesky-australan-doufa-v-karieru-na-silnici\/\" class='entry-title-wrapper'>\n            <h3 class=\"entry-title\"><span>Sen o olympi\u00e1d\u011b utnulo zran\u011bn\u00ed. Te\u010f \u010desk\u00fd Australan douf\u00e1 v kari\u00e9ru na silnici<\/span><\/h3>\n        <\/a>\n    <\/div>\n    <\/article>\n<\/div>\n<h2><strong>Hraje p\u0159i gravelu t\u00fdmov\u00e1 spolupr\u00e1ce stejnou roli jako na silnici?<\/strong><\/h2>\n<p>Mistrovstv\u00ed sv\u011bta je v tomto specifick\u00e9. P\u0159i premi\u00e9rov\u00e9m \u0161ampion\u00e1tu p\u0159ed dv\u011bma lety Mathieu van der Poel necht\u011bl ve skupin\u011b pron\u00e1sledovatel\u016f spolupracovat na dosti\u017een\u00ed uprchl\u00edk\u016f, proto\u017ee byl vp\u0159edu Gianni Vermeersch. Jeden z Nizozemska, druh\u00fd z Belgie. Jen\u017ee oba jezdci Alpecinu. Je ot\u00e1zka jestli pojedou t\u0159eba pr\u00e1v\u011b Belgi\u010dan\u00e9, a\u010d v reprezenta\u010dn\u00edch dresech, za t\u00fdmy nebo za n\u00e1ro\u010f\u00e1k. Mysl\u00edm, \u017ee gravel je v tomhle v\u00edce individu\u00e1ln\u00ed sport. Plno z\u00e1vodn\u00edk\u016f asi nebude respektovat n\u011bjakou taktiku. Ale dok\u00e1\u017eu si p\u0159edstavit, \u017ee pokud bude v z\u00e1v\u011bru skupina se \u010dty\u0159mi Belgi\u010dany, tak toho vyu\u017eij\u00ed.<\/p>\n<h2><strong>Po\u0161kozuje z\u00e1vodn\u00edky, kte\u0159\u00ed se specializuj\u00ed na gravel, \u017ee pro mistrovstv\u00ed sv\u011bta umo\u017e\u0148uje Mezin\u00e1rodn\u00ed cyklistick\u00e1 federace prakticky neomezen\u011b start &#8222;silni\u010d\u00e1\u0159\u016f&#8220; a je\u0161t\u011b jim po\u010d\u00edt\u00e1 body ze sezony?<\/strong><\/h2>\n<p>Je fakt, \u017ee pravidla jsou hodn\u011b benevolentn\u00ed. Ka\u017ed\u00e1 federace m\u00e1 hodn\u011b divok\u00fdch karet. Samoz\u0159ejm\u011b ch\u00e1pu, \u017ee pro UCI je zaj\u00edmav\u00e9, kdy\u017e jsou na startu esa ze silnice. Ve startovn\u00ed listin\u011b jich bude hodn\u011b.<\/p>\n","protected":false},"excerpt":{"rendered":"<p>\u017dhav\u00fd adept na medaili z mistrovstv\u00ed sv\u011bta pro \u010desk\u00e9 barvy! Petr Vako\u010d pro\u017e\u00edv\u00e1 b\u00e1je\u010dnou sezonu na gravelu. Je v\u00edt\u011bzem UCI [&hellip;]<\/p>\n","protected":false},"author":138,"featured_media":27265,"comment_status":"open","ping_status":"open","sticky":false,"template":"","format":"standard","meta":{"footnotes":""},"categories":[2602],"tags":[126,2001,3831,2616,257],"global-categories":[411],"class_list":["post-27262","post","type-post","status-publish","format-standard","has-post-thumbnail","hentry","category-gravel","tag-cyklistika","tag-gravel","tag-mistrovstvi-sveta-v-belgii","tag-ms-v-gravelu","tag-petr-vakoc","global-categories-cycling"],"yoast_head":"<!-- This site is optimized with the Yoast SEO Premium plugin v25.3 (Yoast SEO v25.9) - https:\/\/yoast.com\/wordpress\/plugins\/seo\/ -->\n<title>\u0160estkr\u00e1t na stupn\u00edch v\u00edt\u011bz\u016f! Petr Vako\u010d vyhr\u00e1l Sv\u011btov\u00fd poh\u00e1r a je \u017ehav\u00fdm adeptem na duhov\u00fd trikot | \u0160koda We Love Cycling - \u010cesk\u00e1 republika<\/title>\n<meta name=\"description\" content=\"\u017dhav\u00fd adept na medaili z mistrovstv\u00ed sv\u011bta pro \u010desk\u00e9 barvy! Petr Vako\u010d pro\u017e\u00edv\u00e1 b\u00e1je\u010dnou sezonu na gravelu. Je v\u00edt\u011bzem UCI Gravel World Series a p\u0159ed v\u00edkendovou bitvou o duhov\u00fd trikot c\u00edt\u00ed skv\u011blou formu. &quot;Chci z Belgie medaili,&quot; \u0159\u00edk\u00e1 odhodlan\u011b mu\u017e, kter\u00fd v minulosti dvakr\u00e1t absolvoval Tour de France. Sebev\u011bdom\u00ed z\u00e1vodn\u00edka t\u00fdmu Canyon je rozhodn\u011b opr\u00e1vn\u011bn\u00e9. V\u017edy\u0165 \u017e\u00e1dn\u00fd jin\u00fd \u010desk\u00fd cyklista na nejvy\u0161\u0161\u00ed \u00farovni nest\u00e1l letos na stupn\u00edch v\u00edt\u011bz\u016f tak \u010dasto jako dvaat\u0159icetilet\u00e1 \u010desk\u00e1 jedni\u010dka.\" \/>\n<meta name=\"robots\" content=\"index, follow, max-snippet:-1, max-image-preview:large, max-video-preview:-1\" \/>\n<link rel=\"canonical\" href=\"https:\/\/www.welovecycling.com\/cs\/2024\/10\/03\/sestkrat-na-stupnich-vitezu-petr-vakoc-vyhral-svetovy-pohar-a-je-zhavym-adeptem-na-duhovy-trikot\/\" \/>\n<meta property=\"og:locale\" content=\"cs_CZ\" \/>\n<meta property=\"og:type\" content=\"article\" \/>\n<meta property=\"og:title\" content=\"\u0160estkr\u00e1t na stupn\u00edch v\u00edt\u011bz\u016f! Petr Vako\u010d vyhr\u00e1l Sv\u011btov\u00fd poh\u00e1r a je \u017ehav\u00fdm adeptem na duhov\u00fd trikot\" \/>\n<meta property=\"og:description\" content=\"\u017dhav\u00fd adept na medaili z mistrovstv\u00ed sv\u011bta pro \u010desk\u00e9 barvy! Petr Vako\u010d pro\u017e\u00edv\u00e1 b\u00e1je\u010dnou sezonu na gravelu. Je v\u00edt\u011bzem UCI Gravel World Series a p\u0159ed v\u00edkendovou bitvou o duhov\u00fd trikot c\u00edt\u00ed skv\u011blou formu. &quot;Chci z Belgie medaili,&quot; \u0159\u00edk\u00e1 odhodlan\u011b mu\u017e, kter\u00fd v minulosti dvakr\u00e1t absolvoval Tour de France. Sebev\u011bdom\u00ed z\u00e1vodn\u00edka t\u00fdmu Canyon je rozhodn\u011b opr\u00e1vn\u011bn\u00e9. V\u017edy\u0165 \u017e\u00e1dn\u00fd jin\u00fd \u010desk\u00fd cyklista na nejvy\u0161\u0161\u00ed \u00farovni nest\u00e1l letos na stupn\u00edch v\u00edt\u011bz\u016f tak \u010dasto jako dvaat\u0159icetilet\u00e1 \u010desk\u00e1 jedni\u010dka.\" \/>\n<meta property=\"og:url\" content=\"https:\/\/www.welovecycling.com\/cs\/2024\/10\/03\/sestkrat-na-stupnich-vitezu-petr-vakoc-vyhral-svetovy-pohar-a-je-zhavym-adeptem-na-duhovy-trikot\/\" \/>\n<meta property=\"og:site_name\" content=\"\u0160koda We Love Cycling - \u010cesk\u00e1 republika\" \/>\n<meta property=\"article:published_time\" content=\"2024-10-03T08:08:49+00:00\" \/>\n<meta property=\"article:modified_time\" content=\"2024-10-04T14:24:59+00:00\" \/>\n<meta property=\"og:image\" content=\"https:\/\/d2p6e6u75xmxt8.cloudfront.net\/13\/2024\/10\/profimedia-0811981922.webp\" \/>\n\t<meta property=\"og:image:width\" content=\"1800\" \/>\n\t<meta property=\"og:image:height\" content=\"1127\" \/>\n\t<meta property=\"og:image:type\" content=\"image\/webp\" \/>\n<meta name=\"author\" content=\"radekmalina\" \/>\n<meta name=\"twitter:card\" content=\"summary_large_image\" \/>\n<meta name=\"twitter:label1\" content=\"Written by\" \/>\n\t<meta name=\"twitter:data1\" content=\"We Love Cycling\" \/>\n\t<meta name=\"twitter:label2\" content=\"Est. reading time\" \/>\n\t<meta name=\"twitter:data2\" content=\"6\" \/>\n<script type=\"application\/ld+json\" class=\"yoast-schema-graph\">{\"@context\":\"https:\/\/schema.org\",\"@graph\":[{\"@type\":\"WebPage\",\"@id\":\"https:\/\/www.welovecycling.com\/cs\/2024\/10\/03\/sestkrat-na-stupnich-vitezu-petr-vakoc-vyhral-svetovy-pohar-a-je-zhavym-adeptem-na-duhovy-trikot\/\",\"url\":\"https:\/\/www.welovecycling.com\/cs\/2024\/10\/03\/sestkrat-na-stupnich-vitezu-petr-vakoc-vyhral-svetovy-pohar-a-je-zhavym-adeptem-na-duhovy-trikot\/\",\"name\":\"\u0160estkr\u00e1t na stupn\u00edch v\u00edt\u011bz\u016f! Petr Vako\u010d vyhr\u00e1l Sv\u011btov\u00fd poh\u00e1r a je \u017ehav\u00fdm adeptem na duhov\u00fd trikot | \u0160koda We Love Cycling - \u010cesk\u00e1 republika\",\"isPartOf\":{\"@id\":\"https:\/\/www.welovecycling.com\/cs\/#website\"},\"primaryImageOfPage\":{\"@id\":\"https:\/\/www.welovecycling.com\/cs\/2024\/10\/03\/sestkrat-na-stupnich-vitezu-petr-vakoc-vyhral-svetovy-pohar-a-je-zhavym-adeptem-na-duhovy-trikot\/#primaryimage\"},\"image\":{\"@id\":\"https:\/\/www.welovecycling.com\/cs\/2024\/10\/03\/sestkrat-na-stupnich-vitezu-petr-vakoc-vyhral-svetovy-pohar-a-je-zhavym-adeptem-na-duhovy-trikot\/#primaryimage\"},\"thumbnailUrl\":\"https:\/\/d2p6e6u75xmxt8.cloudfront.net\/13\/2024\/10\/profimedia-0811981922.webp\",\"datePublished\":\"2024-10-03T08:08:49+00:00\",\"dateModified\":\"2024-10-04T14:24:59+00:00\",\"author\":{\"@id\":\"https:\/\/www.welovecycling.com\/cs\/#\/schema\/person\/d9eeb0a378f3a7e4a6d12d2b536b04b8\"},\"description\":\"\u017dhav\u00fd adept na medaili z mistrovstv\u00ed sv\u011bta pro \u010desk\u00e9 barvy! Petr Vako\u010d pro\u017e\u00edv\u00e1 b\u00e1je\u010dnou sezonu na gravelu. Je v\u00edt\u011bzem UCI Gravel World Series a p\u0159ed v\u00edkendovou bitvou o duhov\u00fd trikot c\u00edt\u00ed skv\u011blou formu. \\\"Chci z Belgie medaili,\\\" \u0159\u00edk\u00e1 odhodlan\u011b mu\u017e, kter\u00fd v minulosti dvakr\u00e1t absolvoval Tour de France. Sebev\u011bdom\u00ed z\u00e1vodn\u00edka t\u00fdmu Canyon je rozhodn\u011b opr\u00e1vn\u011bn\u00e9. V\u017edy\u0165 \u017e\u00e1dn\u00fd jin\u00fd \u010desk\u00fd cyklista na nejvy\u0161\u0161\u00ed \u00farovni nest\u00e1l letos na stupn\u00edch v\u00edt\u011bz\u016f tak \u010dasto jako dvaat\u0159icetilet\u00e1 \u010desk\u00e1 jedni\u010dka.\",\"inLanguage\":\"cs\",\"potentialAction\":[{\"@type\":\"ReadAction\",\"target\":[\"https:\/\/www.welovecycling.com\/cs\/2024\/10\/03\/sestkrat-na-stupnich-vitezu-petr-vakoc-vyhral-svetovy-pohar-a-je-zhavym-adeptem-na-duhovy-trikot\/\"]}]},{\"@type\":\"ImageObject\",\"inLanguage\":\"cs\",\"@id\":\"https:\/\/www.welovecycling.com\/cs\/2024\/10\/03\/sestkrat-na-stupnich-vitezu-petr-vakoc-vyhral-svetovy-pohar-a-je-zhavym-adeptem-na-duhovy-trikot\/#primaryimage\",\"url\":\"https:\/\/d2p6e6u75xmxt8.cloudfront.net\/13\/2024\/10\/profimedia-0811981922.webp\",\"contentUrl\":\"https:\/\/d2p6e6u75xmxt8.cloudfront.net\/13\/2024\/10\/profimedia-0811981922.webp\",\"width\":1800,\"height\":1127,\"caption\":\"Petr Vako\u010d\"},{\"@type\":\"WebSite\",\"@id\":\"https:\/\/www.welovecycling.com\/cs\/#website\",\"url\":\"https:\/\/www.welovecycling.com\/cs\/\",\"name\":\"\u0160koda We Love Cycling - \u010cesk\u00e1 republika\",\"description\":\"WeLoveCycling.cz je online magaz\u00edn, kter\u00fd v\u00e1m pravideln\u011b p\u0159in\u00e1\u0161\u00ed rady a tipy, zaj\u00edmav\u00e9 \u010dl\u00e1nky, videa a jedine\u010dn\u00e9 report\u00e1\u017ee ze sv\u011bta cyklistiky.\",\"potentialAction\":[{\"@type\":\"SearchAction\",\"target\":{\"@type\":\"EntryPoint\",\"urlTemplate\":\"https:\/\/www.welovecycling.com\/cs\/?s={search_term_string}\"},\"query-input\":{\"@type\":\"PropertyValueSpecification\",\"valueRequired\":true,\"valueName\":\"search_term_string\"}}],\"inLanguage\":\"cs\"},{\"@type\":\"Person\",\"@id\":\"https:\/\/www.welovecycling.com\/cs\/#\/schema\/person\/d9eeb0a378f3a7e4a6d12d2b536b04b8\",\"name\":\"radekmalina\",\"image\":{\"@type\":\"ImageObject\",\"inLanguage\":\"cs\",\"@id\":\"https:\/\/www.welovecycling.com\/cs\/#\/schema\/person\/image\/\",\"url\":\"https:\/\/secure.gravatar.com\/avatar\/66994b632cb8c39a46b9f54afa3ae07201b678d32a54275b6f1c9ffec356bfc0?s=96&d=mm&r=g\",\"contentUrl\":\"https:\/\/secure.gravatar.com\/avatar\/66994b632cb8c39a46b9f54afa3ae07201b678d32a54275b6f1c9ffec356bfc0?s=96&d=mm&r=g\",\"caption\":\"radekmalina\"},\"url\":\"https:\/\/www.welovecycling.com\/cs\/author\/radekmalina\/\"}]}<\/script>\n<!-- \/ Yoast SEO Premium plugin. -->","yoast_head_json":{"title":"\u0160estkr\u00e1t na stupn\u00edch v\u00edt\u011bz\u016f! Petr Vako\u010d vyhr\u00e1l Sv\u011btov\u00fd poh\u00e1r a je \u017ehav\u00fdm adeptem na duhov\u00fd trikot | \u0160koda We Love Cycling - \u010cesk\u00e1 republika","description":"\u017dhav\u00fd adept na medaili z mistrovstv\u00ed sv\u011bta pro \u010desk\u00e9 barvy! Petr Vako\u010d pro\u017e\u00edv\u00e1 b\u00e1je\u010dnou sezonu na gravelu. Je v\u00edt\u011bzem UCI Gravel World Series a p\u0159ed v\u00edkendovou bitvou o duhov\u00fd trikot c\u00edt\u00ed skv\u011blou formu. \"Chci z Belgie medaili,\" \u0159\u00edk\u00e1 odhodlan\u011b mu\u017e, kter\u00fd v minulosti dvakr\u00e1t absolvoval Tour de France. Sebev\u011bdom\u00ed z\u00e1vodn\u00edka t\u00fdmu Canyon je rozhodn\u011b opr\u00e1vn\u011bn\u00e9. V\u017edy\u0165 \u017e\u00e1dn\u00fd jin\u00fd \u010desk\u00fd cyklista na nejvy\u0161\u0161\u00ed \u00farovni nest\u00e1l letos na stupn\u00edch v\u00edt\u011bz\u016f tak \u010dasto jako dvaat\u0159icetilet\u00e1 \u010desk\u00e1 jedni\u010dka.","robots":{"index":"index","follow":"follow","max-snippet":"max-snippet:-1","max-image-preview":"max-image-preview:large","max-video-preview":"max-video-preview:-1"},"canonical":"https:\/\/www.welovecycling.com\/cs\/2024\/10\/03\/sestkrat-na-stupnich-vitezu-petr-vakoc-vyhral-svetovy-pohar-a-je-zhavym-adeptem-na-duhovy-trikot\/","og_locale":"cs_CZ","og_type":"article","og_title":"\u0160estkr\u00e1t na stupn\u00edch v\u00edt\u011bz\u016f! Petr Vako\u010d vyhr\u00e1l Sv\u011btov\u00fd poh\u00e1r a je \u017ehav\u00fdm adeptem na duhov\u00fd trikot","og_description":"\u017dhav\u00fd adept na medaili z mistrovstv\u00ed sv\u011bta pro \u010desk\u00e9 barvy! Petr Vako\u010d pro\u017e\u00edv\u00e1 b\u00e1je\u010dnou sezonu na gravelu. Je v\u00edt\u011bzem UCI Gravel World Series a p\u0159ed v\u00edkendovou bitvou o duhov\u00fd trikot c\u00edt\u00ed skv\u011blou formu. \"Chci z Belgie medaili,\" \u0159\u00edk\u00e1 odhodlan\u011b mu\u017e, kter\u00fd v minulosti dvakr\u00e1t absolvoval Tour de France. Sebev\u011bdom\u00ed z\u00e1vodn\u00edka t\u00fdmu Canyon je rozhodn\u011b opr\u00e1vn\u011bn\u00e9. V\u017edy\u0165 \u017e\u00e1dn\u00fd jin\u00fd \u010desk\u00fd cyklista na nejvy\u0161\u0161\u00ed \u00farovni nest\u00e1l letos na stupn\u00edch v\u00edt\u011bz\u016f tak \u010dasto jako dvaat\u0159icetilet\u00e1 \u010desk\u00e1 jedni\u010dka.","og_url":"https:\/\/www.welovecycling.com\/cs\/2024\/10\/03\/sestkrat-na-stupnich-vitezu-petr-vakoc-vyhral-svetovy-pohar-a-je-zhavym-adeptem-na-duhovy-trikot\/","og_site_name":"\u0160koda We Love Cycling - \u010cesk\u00e1 republika","article_published_time":"2024-10-03T08:08:49+00:00","article_modified_time":"2024-10-04T14:24:59+00:00","og_image":[{"width":1800,"height":1127,"url":"https:\/\/d2p6e6u75xmxt8.cloudfront.net\/13\/2024\/10\/profimedia-0811981922.webp","type":"image\/webp"}],"author":"radekmalina","twitter_card":"summary_large_image","twitter_misc":{"Written by":"We Love Cycling","Est. reading time":"6"},"schema":{"@context":"https:\/\/schema.org","@graph":[{"@type":"WebPage","@id":"https:\/\/www.welovecycling.com\/cs\/2024\/10\/03\/sestkrat-na-stupnich-vitezu-petr-vakoc-vyhral-svetovy-pohar-a-je-zhavym-adeptem-na-duhovy-trikot\/","url":"https:\/\/www.welovecycling.com\/cs\/2024\/10\/03\/sestkrat-na-stupnich-vitezu-petr-vakoc-vyhral-svetovy-pohar-a-je-zhavym-adeptem-na-duhovy-trikot\/","name":"\u0160estkr\u00e1t na stupn\u00edch v\u00edt\u011bz\u016f! Petr Vako\u010d vyhr\u00e1l Sv\u011btov\u00fd poh\u00e1r a je \u017ehav\u00fdm adeptem na duhov\u00fd trikot | \u0160koda We Love Cycling - \u010cesk\u00e1 republika","isPartOf":{"@id":"https:\/\/www.welovecycling.com\/cs\/#website"},"primaryImageOfPage":{"@id":"https:\/\/www.welovecycling.com\/cs\/2024\/10\/03\/sestkrat-na-stupnich-vitezu-petr-vakoc-vyhral-svetovy-pohar-a-je-zhavym-adeptem-na-duhovy-trikot\/#primaryimage"},"image":{"@id":"https:\/\/www.welovecycling.com\/cs\/2024\/10\/03\/sestkrat-na-stupnich-vitezu-petr-vakoc-vyhral-svetovy-pohar-a-je-zhavym-adeptem-na-duhovy-trikot\/#primaryimage"},"thumbnailUrl":"https:\/\/d2p6e6u75xmxt8.cloudfront.net\/13\/2024\/10\/profimedia-0811981922.webp","datePublished":"2024-10-03T08:08:49+00:00","dateModified":"2024-10-04T14:24:59+00:00","author":{"@id":"https:\/\/www.welovecycling.com\/cs\/#\/schema\/person\/d9eeb0a378f3a7e4a6d12d2b536b04b8"},"description":"\u017dhav\u00fd adept na medaili z mistrovstv\u00ed sv\u011bta pro \u010desk\u00e9 barvy! Petr Vako\u010d pro\u017e\u00edv\u00e1 b\u00e1je\u010dnou sezonu na gravelu. Je v\u00edt\u011bzem UCI Gravel World Series a p\u0159ed v\u00edkendovou bitvou o duhov\u00fd trikot c\u00edt\u00ed skv\u011blou formu. \"Chci z Belgie medaili,\" \u0159\u00edk\u00e1 odhodlan\u011b mu\u017e, kter\u00fd v minulosti dvakr\u00e1t absolvoval Tour de France. Sebev\u011bdom\u00ed z\u00e1vodn\u00edka t\u00fdmu Canyon je rozhodn\u011b opr\u00e1vn\u011bn\u00e9. V\u017edy\u0165 \u017e\u00e1dn\u00fd jin\u00fd \u010desk\u00fd cyklista na nejvy\u0161\u0161\u00ed \u00farovni nest\u00e1l letos na stupn\u00edch v\u00edt\u011bz\u016f tak \u010dasto jako dvaat\u0159icetilet\u00e1 \u010desk\u00e1 jedni\u010dka.","inLanguage":"cs","potentialAction":[{"@type":"ReadAction","target":["https:\/\/www.welovecycling.com\/cs\/2024\/10\/03\/sestkrat-na-stupnich-vitezu-petr-vakoc-vyhral-svetovy-pohar-a-je-zhavym-adeptem-na-duhovy-trikot\/"]}]},{"@type":"ImageObject","inLanguage":"cs","@id":"https:\/\/www.welovecycling.com\/cs\/2024\/10\/03\/sestkrat-na-stupnich-vitezu-petr-vakoc-vyhral-svetovy-pohar-a-je-zhavym-adeptem-na-duhovy-trikot\/#primaryimage","url":"https:\/\/d2p6e6u75xmxt8.cloudfront.net\/13\/2024\/10\/profimedia-0811981922.webp","contentUrl":"https:\/\/d2p6e6u75xmxt8.cloudfront.net\/13\/2024\/10\/profimedia-0811981922.webp","width":1800,"height":1127,"caption":"Petr Vako\u010d"},{"@type":"WebSite","@id":"https:\/\/www.welovecycling.com\/cs\/#website","url":"https:\/\/www.welovecycling.com\/cs\/","name":"\u0160koda We Love Cycling - \u010cesk\u00e1 republika","description":"WeLoveCycling.cz je online magaz\u00edn, kter\u00fd v\u00e1m pravideln\u011b p\u0159in\u00e1\u0161\u00ed rady a tipy, zaj\u00edmav\u00e9 \u010dl\u00e1nky, videa a jedine\u010dn\u00e9 report\u00e1\u017ee ze sv\u011bta cyklistiky.","potentialAction":[{"@type":"SearchAction","target":{"@type":"EntryPoint","urlTemplate":"https:\/\/www.welovecycling.com\/cs\/?s={search_term_string}"},"query-input":{"@type":"PropertyValueSpecification","valueRequired":true,"valueName":"search_term_string"}}],"inLanguage":"cs"},{"@type":"Person","@id":"https:\/\/www.welovecycling.com\/cs\/#\/schema\/person\/d9eeb0a378f3a7e4a6d12d2b536b04b8","name":"radekmalina","image":{"@type":"ImageObject","inLanguage":"cs","@id":"https:\/\/www.welovecycling.com\/cs\/#\/schema\/person\/image\/","url":"https:\/\/secure.gravatar.com\/avatar\/66994b632cb8c39a46b9f54afa3ae07201b678d32a54275b6f1c9ffec356bfc0?s=96&d=mm&r=g","contentUrl":"https:\/\/secure.gravatar.com\/avatar\/66994b632cb8c39a46b9f54afa3ae07201b678d32a54275b6f1c9ffec356bfc0?s=96&d=mm&r=g","caption":"radekmalina"},"url":"https:\/\/www.welovecycling.com\/cs\/author\/radekmalina\/"}]}},"_links":{"self":[{"href":"https:\/\/www.welovecycling.com\/cs\/wp-json\/wp\/v2\/posts\/27262","targetHints":{"allow":["GET"]}}],"collection":[{"href":"https:\/\/www.welovecycling.com\/cs\/wp-json\/wp\/v2\/posts"}],"about":[{"href":"https:\/\/www.welovecycling.com\/cs\/wp-json\/wp\/v2\/types\/post"}],"author":[{"embeddable":true,"href":"https:\/\/www.welovecycling.com\/cs\/wp-json\/wp\/v2\/users\/138"}],"replies":[{"embeddable":true,"href":"https:\/\/www.welovecycling.com\/cs\/wp-json\/wp\/v2\/comments?post=27262"}],"version-history":[{"count":6,"href":"https:\/\/www.welovecycling.com\/cs\/wp-json\/wp\/v2\/posts\/27262\/revisions"}],"predecessor-version":[{"id":27273,"href":"https:\/\/www.welovecycling.com\/cs\/wp-json\/wp\/v2\/posts\/27262\/revisions\/27273"}],"wp:featuredmedia":[{"embeddable":true,"href":"https:\/\/www.welovecycling.com\/cs\/wp-json\/wp\/v2\/media\/27265"}],"wp:attachment":[{"href":"https:\/\/www.welovecycling.com\/cs\/wp-json\/wp\/v2\/media?parent=27262"}],"wp:term":[{"taxonomy":"category","embeddable":true,"href":"https:\/\/www.welovecycling.com\/cs\/wp-json\/wp\/v2\/categories?post=27262"},{"taxonomy":"post_tag","embeddable":true,"href":"https:\/\/www.welovecycling.com\/cs\/wp-json\/wp\/v2\/tags?post=27262"},{"taxonomy":"global-categories","embeddable":true,"href":"https:\/\/www.welovecycling.com\/cs\/wp-json\/wp\/v2\/global-categories?post=27262"}],"curies":[{"name":"wp","href":"https:\/\/api.w.org\/{rel}","templated":true}]}}