{"id":27246,"date":"2024-10-01T18:50:43","date_gmt":"2024-10-01T16:50:43","guid":{"rendered":"https:\/\/www.welovecycling.com\/cs\/?p=27246"},"modified":"2024-10-01T16:33:41","modified_gmt":"2024-10-01T14:33:41","slug":"proc-je-dulezity-strecink-po-jizde","status":"publish","type":"post","link":"https:\/\/www.welovecycling.com\/cs\/2024\/10\/01\/proc-je-dulezity-strecink-po-jizde\/","title":{"rendered":"Pro\u010d je d\u016fle\u017eit\u00fd stre\u010dink po j\u00edzd\u011b?"},"content":{"rendered":"<p><strong>Stovky a n\u011bkdy i tis\u00edce kilometr\u016f sv\u00edt\u00ed s bl\u00ed\u017e\u00edc\u00edm se koncem cyklistick\u00e9 sezony na computerech v\u011bt\u0161iny milovn\u00edk\u016f j\u00edzdy na kole. Ale ruku na srdce, kolik z dan\u00fdch j\u00edzd prov\u00e1zel i stre\u010dink po sesednut\u00ed z bicyklu?<\/strong><\/p>\n<p>Stejn\u011b jako je pro v\u011bt\u0161inu cyklist\u016f rutinou to\u010den\u00ed ped\u00e1ly, m\u011bl by rutinu p\u0159edstavovat i stre\u010dink, proto\u017ee t\u00edm prosp\u011bjete t\u011blu.<\/p>\n<p>&#8222;Opakovan\u00e9 j\u00edzdy na kole bez stre\u010dinku po j\u00edzd\u011b mohou v\u00e9st k nerovnov\u00e1ze v t\u011ble, z kter\u00e9 m\u016f\u017ee vzniknout bolest zad, bolest kloub\u016f. Svalov\u00e9 tk\u00e1n\u011b je t\u0159eba udr\u017eovat maxim\u00e1ln\u011b flexibiln\u00ed. Nav\u00edc pravideln\u00fd stre\u010dink po j\u00edzd\u011b eliminuje zran\u011bn\u00ed,&#8220; \u0159\u00edk\u00e1 Vojt\u011bch Ha\u010deck\u00fd, fyziolog z Centra sportovn\u00ed medic\u00edny.<\/p>\n<h2><strong>Stre\u010dink po j\u00edzd\u011b zlep\u0161uje ob\u011bhov\u00fd syst\u00e9m i flexibilitu<\/strong><\/h2>\n<p>Pravideln\u00e9 protahov\u00e1n\u00ed nebo-li stre\u010dink po j\u00edzd\u011b zvy\u0161uje z dlouhodob\u00e9ho hlediska flexibilitu, sni\u017euje tuhost t\u011bla a zvy\u0161uje pr\u016ftok krve. V\u011bdeck\u00e9 v\u00fdzkumy dok\u00e1zaly, \u017ee po systematick\u00e9m protahov\u00e1n\u00ed v minim\u00e1ln\u00ed d\u00e9lce t\u0159\u00ed m\u011bs\u00edc\u016f doch\u00e1z\u00ed ke zlep\u0161en\u00e9 funkce ob\u011bhov\u00e9ho syst\u00e9mu a samoz\u0159ejm\u011b vy\u0161\u0161\u00ed flexibilit\u011b. Tyto dva faktory v kone\u010dn\u00e9m d\u016fsledku vedou k prodlou\u017een\u00ed \u017eivota, proto\u017ee zajist\u00ed del\u0161\u00ed schopnost aktivn\u00edho pohybu.<\/p>\n<p>&#8222;Prota\u017een\u00edm bezprost\u0159edn\u00ed po j\u00edzd\u011b nebo tr\u00e9ninku, a\u0165 u\u017e to naz\u00fdv\u00e1te jakkoliv, je d\u016fle\u017eit\u00e9 z hlediska obnoven\u00ed rovnov\u00e1hy svalov\u00e9ho syst\u00e9mu,&#8220; vysv\u011btluje <a href=\"https:\/\/www.welovecycling.com\/cs\/2021\/12\/18\/podcast-o-stravovani-nejvetsi-mytus-je-ze-na-kole-se-neji-rika-expert-centra-sportovni-mediciny\/\">Vojt\u011bch Ha\u010deck\u00fd<\/a>.<\/p>\n<figure id=\"attachment_27250\" aria-describedby=\"caption-attachment-27250\" style=\"width: 1800px\" class=\"wp-caption alignnone\"><a href=\"https:\/\/d2p6e6u75xmxt8.cloudfront.net\/13\/2024\/10\/profimedia-0751706532.webp\"><img loading=\"lazy\" decoding=\"async\" class=\"size-full wp-image-27250\" src=\"https:\/\/d2p6e6u75xmxt8.cloudfront.net\/13\/2024\/10\/profimedia-0751706532.webp\" alt=\"\" width=\"1800\" height=\"1200\" srcset=\"https:\/\/d2p6e6u75xmxt8.cloudfront.net\/13\/2024\/10\/profimedia-0751706532.webp 1800w, https:\/\/d2p6e6u75xmxt8.cloudfront.net\/13\/2024\/10\/profimedia-0751706532-300x200.webp 300w, https:\/\/d2p6e6u75xmxt8.cloudfront.net\/13\/2024\/10\/profimedia-0751706532-1024x683.webp 1024w, https:\/\/d2p6e6u75xmxt8.cloudfront.net\/13\/2024\/10\/profimedia-0751706532-768x512.webp 768w, https:\/\/d2p6e6u75xmxt8.cloudfront.net\/13\/2024\/10\/profimedia-0751706532-1536x1024.webp 1536w, https:\/\/d2p6e6u75xmxt8.cloudfront.net\/13\/2024\/10\/profimedia-0751706532-400x267.webp 400w, https:\/\/d2p6e6u75xmxt8.cloudfront.net\/13\/2024\/10\/profimedia-0751706532-272x182.webp 272w\" sizes=\"auto, (max-width: 1800px) 100vw, 1800px\" \/><\/a><figcaption id=\"caption-attachment-27250\" class=\"wp-caption-text\"><em>Prota\u017een\u00ed by m\u011blo b\u00fdt samoz\u0159ejmost\u00ed pro ka\u017ed\u00e9ho sportovce po dokon\u010den\u00ed tr\u00e9ninku. Foto: profimedia (3x)<\/em><\/figcaption><\/figure>\n<p>V\u011bt\u0161inu \u010dasu jste ohnut\u00ed nad \u0159\u00edd\u00edtky, tud\u00ed\u017e je d\u016fle\u017eit\u00e9 prot\u00e1hnout oblast hrudn\u00ed p\u00e1te\u0159e. D\u016fle\u017eit\u00e1 je oblast kr\u010dn\u00edho svalstva. Pokud m\u00e1te p\u0159i j\u00edzd\u011b nebo po j\u00edzd\u011b pocit necitliv\u00fdch prst\u016f, m\u016f\u017ee se jednat pr\u00e1v\u011b o d\u016fsledek dr\u017een\u00ed t\u011bla na kole. Zapom\u00ednat nesm\u00edte na bedern\u00ed p\u00e1te\u0159, ky\u010dle, l\u00fdtkov\u00e9 svaly, stehenn\u00ed svaly.<\/p>\n<div class=\"shortcode-ys-post-pinup\"><article class=\"loop-simple post-27176 post type-post status-publish format-standard has-post-thumbnail hentry category-letape-czech-republic tag-cyklistika tag-horska-letape tag-horska-letape-czech-republic tag-letape-2024 tag-martin-kapr tag-prachatice tag-silnicni-cyklistika global-categories-cycling\" data-postid=\"27176\" role=\"article\" data-post-id=\"27176\" data-word-count=\"814\" data-headline-length=\"87\" data-category=\"L&#039;Etape Czech Republic\" data-global-category=\"Cycling\" data-author=\"We Love Cycling\" data-published=\"2024-09-25T05:00:26+02:00\" data-published-day=\"Wednesday\">\n    <div class=\"entry-thumbnail article-thumbnail\" content=\"https:\/\/d2p6e6u75xmxt8.cloudfront.net\/13\/2024\/09\/martin-Kapr-8-150x150.webp\"><a href=\"https:\/\/www.welovecycling.com\/cs\/2024\/09\/25\/sen-o-olympiade-utnulo-zraneni-ted-cesky-australan-doufa-v-karieru-na-silnici\/\" class=\"image-holder\" target=\"_self\"><img decoding=\"async\" loading=\"lazy\" class=\"\" src=\"https:\/\/d2p6e6u75xmxt8.cloudfront.net\/13\/2024\/09\/martin-Kapr-8-1024x683.webp\" srcset=\"https:\/\/d2p6e6u75xmxt8.cloudfront.net\/13\/2024\/09\/martin-Kapr-8.webp 1600w, https:\/\/d2p6e6u75xmxt8.cloudfront.net\/13\/2024\/09\/martin-Kapr-8-300x200.webp 300w, https:\/\/d2p6e6u75xmxt8.cloudfront.net\/13\/2024\/09\/martin-Kapr-8-1024x683.webp 1024w, https:\/\/d2p6e6u75xmxt8.cloudfront.net\/13\/2024\/09\/martin-Kapr-8-768x512.webp 768w, https:\/\/d2p6e6u75xmxt8.cloudfront.net\/13\/2024\/09\/martin-Kapr-8-1536x1024.webp 1536w, https:\/\/d2p6e6u75xmxt8.cloudfront.net\/13\/2024\/09\/martin-Kapr-8-400x267.webp 400w, https:\/\/d2p6e6u75xmxt8.cloudfront.net\/13\/2024\/09\/martin-Kapr-8-272x182.webp 272w\" width=\"1024\" height=\"683\" sizes=\"auto, (min-width: 1200px) 300px, (min-width: 768px) 25vw, 100vw\" alt=\"sen-o-olympiade-utnulo-zraneni-ted-cesky-australan-doufa-v-karieru-na-silnici\"\/><\/a><\/div>    <div class=\"entry-meta\">\n        <a class=\"label label-secondary post-category\" href=\"https:\/\/www.welovecycling.com\/cs\/category\/letape-czech-republic\/\" title=\"L'Etape Czech Republic\">L'Etape Czech Republic<\/a>\n    <\/div>\n    <div class=\"entry-details\">\n        <a href=\"https:\/\/www.welovecycling.com\/cs\/2024\/09\/25\/sen-o-olympiade-utnulo-zraneni-ted-cesky-australan-doufa-v-karieru-na-silnici\/\" class='entry-title-wrapper'>\n            <h3 class=\"entry-title\"><span>Sen o olympi\u00e1d\u011b utnulo zran\u011bn\u00ed. Te\u010f \u010desk\u00fd Australan douf\u00e1 v kari\u00e9ru na silnici<\/span><\/h3>\n        <\/a>\n    <\/div>\n    <\/article>\n<\/div>\n<p>A jak na stre\u010dink po j\u00edzd\u011b? Sta\u010d\u00ed pokud ka\u017ed\u00e9 partii budete v\u011bnovat p\u0159ibli\u017en\u011b t\u0159icet a\u017e p\u011bta\u010dty\u0159icet sekund, p\u0159i\u010dem\u017e ka\u017ed\u00fd cvik si \u017e\u00e1d\u00e1 alespo\u0148 \u010dty\u0159i nebo p\u011bt s\u00e9ri\u00ed opakov\u00e1n\u00ed.<\/p>\n<p>L\u00fdtkov\u00fd sval prot\u00e1hnete tak, \u017ee jednu nohu m\u00e1te m\u00edrn\u011b vp\u0159edu, zadn\u00ed nohu dr\u017e\u00edte rovnou. Jako podporu m\u016f\u017eete vyu\u017e\u00edt ze\u010f. M\u011bli byste c\u00edtit tlak ve st\u0159edu l\u00fdtka, kdy\u017e zatla\u010d\u00edte boky vzad, prot\u00e1hnete i achillovku \u0161lachu.<\/p>\n<h2><strong>Prota\u017een\u00ed je d\u016fle\u017eit\u00e9 i p\u0159i vnit\u0159n\u00edm tr\u00e9ninku<\/strong><\/h2>\n<p>Vhodn\u00fdm dopl\u0148kem obecn\u011b je \u017eidle nebo n\u011bjak\u00fd sed\u00e1k. P\u0159i protahov\u00e1n\u00ed ky\u010dle polo\u017ete podlo\u017eku asi t\u0159icet centimetr\u016f p\u0159ed sed\u00e1k. Levou noha by m\u011bla z\u016fstat na zemi a sv\u00edrat \u00fahel devades\u00e1t stup\u0148\u016f, prav\u00e1 noha balancuje na \u017eidli. Zatla\u010den\u00edm do bok\u016f protahujete ky\u010dle.<\/p>\n<p>Prota\u017een\u00ed beder se prov\u00e1d\u00ed na podlo\u017ece, kdy\u017e le\u017e\u00edte obli\u010dejem k zemi. Dlan\u011b um\u00edst\u00edte vedle t\u011bla v prostoru \u017eeber, zatla\u010d\u00edte do dlan\u00ed a narovn\u00e1te pa\u017ee, tud\u00ed\u017e zvednete trup, boky a horn\u00ed \u010d\u00e1st stehen.<\/p>\n<p><a href=\"https:\/\/d2p6e6u75xmxt8.cloudfront.net\/13\/2024\/10\/profimedia-0896541038.webp\"><img loading=\"lazy\" decoding=\"async\" class=\"alignnone size-full wp-image-27248\" src=\"https:\/\/d2p6e6u75xmxt8.cloudfront.net\/13\/2024\/10\/profimedia-0896541038.webp\" alt=\"\" width=\"1800\" height=\"1200\" srcset=\"https:\/\/d2p6e6u75xmxt8.cloudfront.net\/13\/2024\/10\/profimedia-0896541038.webp 1800w, https:\/\/d2p6e6u75xmxt8.cloudfront.net\/13\/2024\/10\/profimedia-0896541038-300x200.webp 300w, https:\/\/d2p6e6u75xmxt8.cloudfront.net\/13\/2024\/10\/profimedia-0896541038-1024x683.webp 1024w, https:\/\/d2p6e6u75xmxt8.cloudfront.net\/13\/2024\/10\/profimedia-0896541038-768x512.webp 768w, https:\/\/d2p6e6u75xmxt8.cloudfront.net\/13\/2024\/10\/profimedia-0896541038-1536x1024.webp 1536w, https:\/\/d2p6e6u75xmxt8.cloudfront.net\/13\/2024\/10\/profimedia-0896541038-400x267.webp 400w, https:\/\/d2p6e6u75xmxt8.cloudfront.net\/13\/2024\/10\/profimedia-0896541038-272x182.webp 272w\" sizes=\"auto, (max-width: 1800px) 100vw, 1800px\" \/><\/a><\/p>\n<p>Pro prota\u017een\u00ed kr\u010dn\u00edho svalstva se posa\u010fte na \u017eidli. Se\u010fte vzp\u0159\u00edmen\u011b. Levou rukou se m\u016f\u017eete chytit za okraj \u017eidle, trup i hlavu naklon\u00edte od lev\u00e9 ruky.<\/p>\n<p>Prota\u017een\u00ed hrudn\u00edho svalstva m\u016f\u017eete prov\u00e1d\u011bt tak, \u017ee se lokty op\u0159ete o \u017eidli, p\u0159i\u010dem\u017e kolena m\u00e1te na zemi a hrudn\u00edk spust\u00edte sm\u011brem k podlaze, \u010d\u00edm\u017e prot\u00e1hnete \u0161irok\u00e9 z\u00e1dov\u00e9 svalstvo.<\/p>\n<div class=\"shortcode-ys-post-pinup\"><article class=\"loop-simple post-27134 post type-post status-publish format-standard has-post-thumbnail hentry category-zdravi-a-trenink category-zeny tag-cyklistika tag-garmin tag-garmin-forerunner-965 tag-hodinky-garmin tag-horska-cyklistika tag-silnicni-cyklistika tag-trenink tag-zdravi-a-trenink global-categories-cycling\" data-postid=\"27134\" role=\"article\" data-post-id=\"27134\" data-word-count=\"478\" data-headline-length=\"74\" data-category=\"Zdrav\u00ed a tr\u00e9nink\" data-global-category=\"Cycling\" data-author=\"We Love Cycling\" data-published=\"2024-09-12T12:00:04+02:00\" data-published-day=\"Thursday\">\n    <div class=\"entry-thumbnail article-thumbnail\" content=\"https:\/\/d2p6e6u75xmxt8.cloudfront.net\/13\/2024\/09\/1726120594679-150x150.webp\"><a href=\"https:\/\/www.welovecycling.com\/cs\/2024\/09\/12\/garmin-forerunner-965-superpocitac-pro-bezce-kteri-umi-i-na-kole\/\" class=\"image-holder\" target=\"_self\"><img decoding=\"async\" loading=\"lazy\" class=\"\" src=\"https:\/\/d2p6e6u75xmxt8.cloudfront.net\/13\/2024\/09\/1726120594679-1024x768.webp\" srcset=\"https:\/\/d2p6e6u75xmxt8.cloudfront.net\/13\/2024\/09\/1726120594679-scaled.webp 2560w, https:\/\/d2p6e6u75xmxt8.cloudfront.net\/13\/2024\/09\/1726120594679-300x225.webp 300w, https:\/\/d2p6e6u75xmxt8.cloudfront.net\/13\/2024\/09\/1726120594679-1024x768.webp 1024w, https:\/\/d2p6e6u75xmxt8.cloudfront.net\/13\/2024\/09\/1726120594679-768x576.webp 768w, https:\/\/d2p6e6u75xmxt8.cloudfront.net\/13\/2024\/09\/1726120594679-1536x1152.webp 1536w, https:\/\/d2p6e6u75xmxt8.cloudfront.net\/13\/2024\/09\/1726120594679-2048x1536.webp 2048w, https:\/\/d2p6e6u75xmxt8.cloudfront.net\/13\/2024\/09\/1726120594679-1920x1440.webp 1920w, https:\/\/d2p6e6u75xmxt8.cloudfront.net\/13\/2024\/09\/1726120594679-400x300.webp 400w, https:\/\/d2p6e6u75xmxt8.cloudfront.net\/13\/2024\/09\/1726120594679-1920x1440.webp 1920w\" width=\"1024\" height=\"768\" sizes=\"auto, (min-width: 1200px) 300px, (min-width: 768px) 25vw, 100vw\" alt=\"garmin-forerunner-965-superpocitac-pro-bezce-kteri-umi-i-na-kole\"\/><\/a><\/div>    <div class=\"entry-meta\">\n        <a class=\"label label-secondary post-category\" href=\"https:\/\/www.welovecycling.com\/cs\/category\/zdravi-a-trenink\/\" title=\"Zdrav\u00ed a tr\u00e9nink\">Zdrav\u00ed a tr\u00e9nink<\/a>\n    <\/div>\n    <div class=\"entry-details\">\n        <a href=\"https:\/\/www.welovecycling.com\/cs\/2024\/09\/12\/garmin-forerunner-965-superpocitac-pro-bezce-kteri-umi-i-na-kole\/\" class='entry-title-wrapper'>\n            <h3 class=\"entry-title\"><span>Garmin Forerunner 965: superpo\u010d\u00edta\u010d pro b\u011b\u017ece, kte\u0159\u00ed um\u00ed i na kole<\/span><\/h3>\n        <\/a>\n    <\/div>\n    <\/article>\n<\/div>\n<p>Jde samoz\u0159ejm\u011b jenom o vybran\u00e9 druhy cvi\u010den\u00ed. Variant je mnohem v\u00edce. A \u010d\u00edm rozmanit\u011bj\u0161\u00ed prota\u017een\u00ed je, t\u00edm l\u00e9pe. A pamatujte, \u017ee stre\u010dink po j\u00edzd\u011b nen\u00ed jen ot\u00e1zkou jarn\u00edch a letn\u00edch m\u011bs\u00edc\u016f. Rozhodn\u011b se vyplat\u00ed v\u011bnovat mu \u010das i b\u011bhem zimn\u00edch t\u00fddn\u016f, kdy udr\u017eujete kondici na trena\u017e\u00e9ru.<\/p>\n","protected":false},"excerpt":{"rendered":"<p>Stovky a n\u011bkdy i tis\u00edce kilometr\u016f sv\u00edt\u00ed s bl\u00ed\u017e\u00edc\u00edm se koncem cyklistick\u00e9 sezony na computerech v\u011bt\u0161iny milovn\u00edk\u016f j\u00edzdy na kole. [&hellip;]<\/p>\n","protected":false},"author":138,"featured_media":27249,"comment_status":"open","ping_status":"open","sticky":false,"template":"","format":"standard","meta":{"footnotes":""},"categories":[6],"tags":[126,56,9,3829,27,28,67],"global-categories":[411],"class_list":["post-27246","post","type-post","status-publish","format-standard","has-post-thumbnail","hentry","category-zdravi-a-trenink","tag-cyklistika","tag-horska-cyklistika","tag-silnicni-cyklistika","tag-strecink-po-jizde","tag-trenink","tag-zdravi","tag-zdravi-a-trenink","global-categories-cycling"],"yoast_head":"<!-- This site is optimized with the Yoast SEO Premium plugin v25.3 (Yoast SEO v25.9) - https:\/\/yoast.com\/wordpress\/plugins\/seo\/ -->\n<title>Pro\u010d je d\u016fle\u017eit\u00fd stre\u010dink po j\u00edzd\u011b? | \u0160koda We Love Cycling - \u010cesk\u00e1 republika<\/title>\n<meta name=\"description\" content=\"Stovky a tis\u00edce kilometr\u016f sv\u00edt\u00ed s bl\u00ed\u017e\u00edc\u00edm se koncem cyklistick\u00e9 sezony na computerech v\u011bt\u0161iny milovn\u00edk\u016f j\u00edzdy na kole. Ale ruku na srdce, kolik z dan\u00fdch j\u00edzd prov\u00e1zel i stre\u010dink po j\u00edzd\u011b?\" \/>\n<meta name=\"robots\" content=\"index, follow, max-snippet:-1, max-image-preview:large, max-video-preview:-1\" \/>\n<link rel=\"canonical\" href=\"https:\/\/www.welovecycling.com\/cs\/2024\/10\/01\/proc-je-dulezity-strecink-po-jizde\/\" \/>\n<meta property=\"og:locale\" content=\"cs_CZ\" \/>\n<meta property=\"og:type\" content=\"article\" \/>\n<meta property=\"og:title\" content=\"Pro\u010d je d\u016fle\u017eit\u00fd stre\u010dink po j\u00edzd\u011b?\" \/>\n<meta property=\"og:description\" content=\"Stovky a tis\u00edce kilometr\u016f sv\u00edt\u00ed s bl\u00ed\u017e\u00edc\u00edm se koncem cyklistick\u00e9 sezony na computerech v\u011bt\u0161iny milovn\u00edk\u016f j\u00edzdy na kole. Ale ruku na srdce, kolik z dan\u00fdch j\u00edzd prov\u00e1zel i stre\u010dink po j\u00edzd\u011b?\" \/>\n<meta property=\"og:url\" content=\"https:\/\/www.welovecycling.com\/cs\/2024\/10\/01\/proc-je-dulezity-strecink-po-jizde\/\" \/>\n<meta property=\"og:site_name\" content=\"\u0160koda We Love Cycling - \u010cesk\u00e1 republika\" \/>\n<meta property=\"article:published_time\" content=\"2024-10-01T16:50:43+00:00\" \/>\n<meta property=\"og:image\" content=\"https:\/\/d2p6e6u75xmxt8.cloudfront.net\/13\/2024\/10\/profimedia-0885464065.webp\" \/>\n\t<meta property=\"og:image:width\" content=\"1800\" \/>\n\t<meta property=\"og:image:height\" content=\"1200\" \/>\n\t<meta property=\"og:image:type\" content=\"image\/webp\" \/>\n<meta name=\"author\" content=\"radekmalina\" \/>\n<meta name=\"twitter:card\" content=\"summary_large_image\" \/>\n<meta name=\"twitter:label1\" content=\"Written by\" \/>\n\t<meta name=\"twitter:data1\" content=\"We Love Cycling\" \/>\n\t<meta name=\"twitter:label2\" content=\"Est. reading time\" \/>\n\t<meta name=\"twitter:data2\" content=\"5\" \/>\n<script type=\"application\/ld+json\" class=\"yoast-schema-graph\">{\"@context\":\"https:\/\/schema.org\",\"@graph\":[{\"@type\":\"WebPage\",\"@id\":\"https:\/\/www.welovecycling.com\/cs\/2024\/10\/01\/proc-je-dulezity-strecink-po-jizde\/\",\"url\":\"https:\/\/www.welovecycling.com\/cs\/2024\/10\/01\/proc-je-dulezity-strecink-po-jizde\/\",\"name\":\"Pro\u010d je d\u016fle\u017eit\u00fd stre\u010dink po j\u00edzd\u011b? | \u0160koda We Love Cycling - \u010cesk\u00e1 republika\",\"isPartOf\":{\"@id\":\"https:\/\/www.welovecycling.com\/cs\/#website\"},\"primaryImageOfPage\":{\"@id\":\"https:\/\/www.welovecycling.com\/cs\/2024\/10\/01\/proc-je-dulezity-strecink-po-jizde\/#primaryimage\"},\"image\":{\"@id\":\"https:\/\/www.welovecycling.com\/cs\/2024\/10\/01\/proc-je-dulezity-strecink-po-jizde\/#primaryimage\"},\"thumbnailUrl\":\"https:\/\/d2p6e6u75xmxt8.cloudfront.net\/13\/2024\/10\/profimedia-0885464065.webp\",\"datePublished\":\"2024-10-01T16:50:43+00:00\",\"author\":{\"@id\":\"https:\/\/www.welovecycling.com\/cs\/#\/schema\/person\/d9eeb0a378f3a7e4a6d12d2b536b04b8\"},\"description\":\"Stovky a tis\u00edce kilometr\u016f sv\u00edt\u00ed s bl\u00ed\u017e\u00edc\u00edm se koncem cyklistick\u00e9 sezony na computerech v\u011bt\u0161iny milovn\u00edk\u016f j\u00edzdy na kole. Ale ruku na srdce, kolik z dan\u00fdch j\u00edzd prov\u00e1zel i stre\u010dink po j\u00edzd\u011b?\",\"inLanguage\":\"cs\",\"potentialAction\":[{\"@type\":\"ReadAction\",\"target\":[\"https:\/\/www.welovecycling.com\/cs\/2024\/10\/01\/proc-je-dulezity-strecink-po-jizde\/\"]}]},{\"@type\":\"ImageObject\",\"inLanguage\":\"cs\",\"@id\":\"https:\/\/www.welovecycling.com\/cs\/2024\/10\/01\/proc-je-dulezity-strecink-po-jizde\/#primaryimage\",\"url\":\"https:\/\/d2p6e6u75xmxt8.cloudfront.net\/13\/2024\/10\/profimedia-0885464065.webp\",\"contentUrl\":\"https:\/\/d2p6e6u75xmxt8.cloudfront.net\/13\/2024\/10\/profimedia-0885464065.webp\",\"width\":1800,\"height\":1200},{\"@type\":\"WebSite\",\"@id\":\"https:\/\/www.welovecycling.com\/cs\/#website\",\"url\":\"https:\/\/www.welovecycling.com\/cs\/\",\"name\":\"\u0160koda We Love Cycling - \u010cesk\u00e1 republika\",\"description\":\"WeLoveCycling.cz je online magaz\u00edn, kter\u00fd v\u00e1m pravideln\u011b p\u0159in\u00e1\u0161\u00ed rady a tipy, zaj\u00edmav\u00e9 \u010dl\u00e1nky, videa a jedine\u010dn\u00e9 report\u00e1\u017ee ze sv\u011bta cyklistiky.\",\"potentialAction\":[{\"@type\":\"SearchAction\",\"target\":{\"@type\":\"EntryPoint\",\"urlTemplate\":\"https:\/\/www.welovecycling.com\/cs\/?s={search_term_string}\"},\"query-input\":{\"@type\":\"PropertyValueSpecification\",\"valueRequired\":true,\"valueName\":\"search_term_string\"}}],\"inLanguage\":\"cs\"},{\"@type\":\"Person\",\"@id\":\"https:\/\/www.welovecycling.com\/cs\/#\/schema\/person\/d9eeb0a378f3a7e4a6d12d2b536b04b8\",\"name\":\"radekmalina\",\"image\":{\"@type\":\"ImageObject\",\"inLanguage\":\"cs\",\"@id\":\"https:\/\/www.welovecycling.com\/cs\/#\/schema\/person\/image\/\",\"url\":\"https:\/\/secure.gravatar.com\/avatar\/66994b632cb8c39a46b9f54afa3ae07201b678d32a54275b6f1c9ffec356bfc0?s=96&d=mm&r=g\",\"contentUrl\":\"https:\/\/secure.gravatar.com\/avatar\/66994b632cb8c39a46b9f54afa3ae07201b678d32a54275b6f1c9ffec356bfc0?s=96&d=mm&r=g\",\"caption\":\"radekmalina\"},\"url\":\"https:\/\/www.welovecycling.com\/cs\/author\/radekmalina\/\"}]}<\/script>\n<!-- \/ Yoast SEO Premium plugin. -->","yoast_head_json":{"title":"Pro\u010d je d\u016fle\u017eit\u00fd stre\u010dink po j\u00edzd\u011b? | \u0160koda We Love Cycling - \u010cesk\u00e1 republika","description":"Stovky a tis\u00edce kilometr\u016f sv\u00edt\u00ed s bl\u00ed\u017e\u00edc\u00edm se koncem cyklistick\u00e9 sezony na computerech v\u011bt\u0161iny milovn\u00edk\u016f j\u00edzdy na kole. Ale ruku na srdce, kolik z dan\u00fdch j\u00edzd prov\u00e1zel i stre\u010dink po j\u00edzd\u011b?","robots":{"index":"index","follow":"follow","max-snippet":"max-snippet:-1","max-image-preview":"max-image-preview:large","max-video-preview":"max-video-preview:-1"},"canonical":"https:\/\/www.welovecycling.com\/cs\/2024\/10\/01\/proc-je-dulezity-strecink-po-jizde\/","og_locale":"cs_CZ","og_type":"article","og_title":"Pro\u010d je d\u016fle\u017eit\u00fd stre\u010dink po j\u00edzd\u011b?","og_description":"Stovky a tis\u00edce kilometr\u016f sv\u00edt\u00ed s bl\u00ed\u017e\u00edc\u00edm se koncem cyklistick\u00e9 sezony na computerech v\u011bt\u0161iny milovn\u00edk\u016f j\u00edzdy na kole. Ale ruku na srdce, kolik z dan\u00fdch j\u00edzd prov\u00e1zel i stre\u010dink po j\u00edzd\u011b?","og_url":"https:\/\/www.welovecycling.com\/cs\/2024\/10\/01\/proc-je-dulezity-strecink-po-jizde\/","og_site_name":"\u0160koda We Love Cycling - \u010cesk\u00e1 republika","article_published_time":"2024-10-01T16:50:43+00:00","og_image":[{"width":1800,"height":1200,"url":"https:\/\/d2p6e6u75xmxt8.cloudfront.net\/13\/2024\/10\/profimedia-0885464065.webp","type":"image\/webp"}],"author":"radekmalina","twitter_card":"summary_large_image","twitter_misc":{"Written by":"We Love Cycling","Est. reading time":"5"},"schema":{"@context":"https:\/\/schema.org","@graph":[{"@type":"WebPage","@id":"https:\/\/www.welovecycling.com\/cs\/2024\/10\/01\/proc-je-dulezity-strecink-po-jizde\/","url":"https:\/\/www.welovecycling.com\/cs\/2024\/10\/01\/proc-je-dulezity-strecink-po-jizde\/","name":"Pro\u010d je d\u016fle\u017eit\u00fd stre\u010dink po j\u00edzd\u011b? | \u0160koda We Love Cycling - \u010cesk\u00e1 republika","isPartOf":{"@id":"https:\/\/www.welovecycling.com\/cs\/#website"},"primaryImageOfPage":{"@id":"https:\/\/www.welovecycling.com\/cs\/2024\/10\/01\/proc-je-dulezity-strecink-po-jizde\/#primaryimage"},"image":{"@id":"https:\/\/www.welovecycling.com\/cs\/2024\/10\/01\/proc-je-dulezity-strecink-po-jizde\/#primaryimage"},"thumbnailUrl":"https:\/\/d2p6e6u75xmxt8.cloudfront.net\/13\/2024\/10\/profimedia-0885464065.webp","datePublished":"2024-10-01T16:50:43+00:00","author":{"@id":"https:\/\/www.welovecycling.com\/cs\/#\/schema\/person\/d9eeb0a378f3a7e4a6d12d2b536b04b8"},"description":"Stovky a tis\u00edce kilometr\u016f sv\u00edt\u00ed s bl\u00ed\u017e\u00edc\u00edm se koncem cyklistick\u00e9 sezony na computerech v\u011bt\u0161iny milovn\u00edk\u016f j\u00edzdy na kole. Ale ruku na srdce, kolik z dan\u00fdch j\u00edzd prov\u00e1zel i stre\u010dink po j\u00edzd\u011b?","inLanguage":"cs","potentialAction":[{"@type":"ReadAction","target":["https:\/\/www.welovecycling.com\/cs\/2024\/10\/01\/proc-je-dulezity-strecink-po-jizde\/"]}]},{"@type":"ImageObject","inLanguage":"cs","@id":"https:\/\/www.welovecycling.com\/cs\/2024\/10\/01\/proc-je-dulezity-strecink-po-jizde\/#primaryimage","url":"https:\/\/d2p6e6u75xmxt8.cloudfront.net\/13\/2024\/10\/profimedia-0885464065.webp","contentUrl":"https:\/\/d2p6e6u75xmxt8.cloudfront.net\/13\/2024\/10\/profimedia-0885464065.webp","width":1800,"height":1200},{"@type":"WebSite","@id":"https:\/\/www.welovecycling.com\/cs\/#website","url":"https:\/\/www.welovecycling.com\/cs\/","name":"\u0160koda We Love Cycling - \u010cesk\u00e1 republika","description":"WeLoveCycling.cz je online magaz\u00edn, kter\u00fd v\u00e1m pravideln\u011b p\u0159in\u00e1\u0161\u00ed rady a tipy, zaj\u00edmav\u00e9 \u010dl\u00e1nky, videa a jedine\u010dn\u00e9 report\u00e1\u017ee ze sv\u011bta cyklistiky.","potentialAction":[{"@type":"SearchAction","target":{"@type":"EntryPoint","urlTemplate":"https:\/\/www.welovecycling.com\/cs\/?s={search_term_string}"},"query-input":{"@type":"PropertyValueSpecification","valueRequired":true,"valueName":"search_term_string"}}],"inLanguage":"cs"},{"@type":"Person","@id":"https:\/\/www.welovecycling.com\/cs\/#\/schema\/person\/d9eeb0a378f3a7e4a6d12d2b536b04b8","name":"radekmalina","image":{"@type":"ImageObject","inLanguage":"cs","@id":"https:\/\/www.welovecycling.com\/cs\/#\/schema\/person\/image\/","url":"https:\/\/secure.gravatar.com\/avatar\/66994b632cb8c39a46b9f54afa3ae07201b678d32a54275b6f1c9ffec356bfc0?s=96&d=mm&r=g","contentUrl":"https:\/\/secure.gravatar.com\/avatar\/66994b632cb8c39a46b9f54afa3ae07201b678d32a54275b6f1c9ffec356bfc0?s=96&d=mm&r=g","caption":"radekmalina"},"url":"https:\/\/www.welovecycling.com\/cs\/author\/radekmalina\/"}]}},"_links":{"self":[{"href":"https:\/\/www.welovecycling.com\/cs\/wp-json\/wp\/v2\/posts\/27246","targetHints":{"allow":["GET"]}}],"collection":[{"href":"https:\/\/www.welovecycling.com\/cs\/wp-json\/wp\/v2\/posts"}],"about":[{"href":"https:\/\/www.welovecycling.com\/cs\/wp-json\/wp\/v2\/types\/post"}],"author":[{"embeddable":true,"href":"https:\/\/www.welovecycling.com\/cs\/wp-json\/wp\/v2\/users\/138"}],"replies":[{"embeddable":true,"href":"https:\/\/www.welovecycling.com\/cs\/wp-json\/wp\/v2\/comments?post=27246"}],"version-history":[{"count":4,"href":"https:\/\/www.welovecycling.com\/cs\/wp-json\/wp\/v2\/posts\/27246\/revisions"}],"predecessor-version":[{"id":27253,"href":"https:\/\/www.welovecycling.com\/cs\/wp-json\/wp\/v2\/posts\/27246\/revisions\/27253"}],"wp:featuredmedia":[{"embeddable":true,"href":"https:\/\/www.welovecycling.com\/cs\/wp-json\/wp\/v2\/media\/27249"}],"wp:attachment":[{"href":"https:\/\/www.welovecycling.com\/cs\/wp-json\/wp\/v2\/media?parent=27246"}],"wp:term":[{"taxonomy":"category","embeddable":true,"href":"https:\/\/www.welovecycling.com\/cs\/wp-json\/wp\/v2\/categories?post=27246"},{"taxonomy":"post_tag","embeddable":true,"href":"https:\/\/www.welovecycling.com\/cs\/wp-json\/wp\/v2\/tags?post=27246"},{"taxonomy":"global-categories","embeddable":true,"href":"https:\/\/www.welovecycling.com\/cs\/wp-json\/wp\/v2\/global-categories?post=27246"}],"curies":[{"name":"wp","href":"https:\/\/api.w.org\/{rel}","templated":true}]}}