{"id":27201,"date":"2024-09-23T11:05:29","date_gmt":"2024-09-23T09:05:29","guid":{"rendered":"https:\/\/www.welovecycling.com\/cs\/?p=27201"},"modified":"2024-09-23T11:05:29","modified_gmt":"2024-09-23T09:05:29","slug":"prumerna-rychlost-tipy-jak-ji-zvednout-bez-namahy","status":"publish","type":"post","link":"https:\/\/www.welovecycling.com\/cs\/2024\/09\/23\/prumerna-rychlost-tipy-jak-ji-zvednout-bez-namahy\/","title":{"rendered":"Pr\u016fm\u011brn\u00e1 rychlost: tipy, jak ji zvednout bez n\u00e1mahy"},"content":{"rendered":"<p><strong>Pr\u016fm\u011brn\u00e1 rychlost na kole. Veli\u010dina, kter\u00e1 d\u0159\u00edve \u010di pozd\u011bji p\u0159ijde na \u0159adu v ka\u017ed\u00e9 cyklistick\u00e9 debat\u011b. A je \u00fapln\u011b jedno, zda se jedn\u00e1 o v\u00fdkonnostn\u00edho cyklistu na amat\u00e9rsk\u00e9 \u00farovni nebo sportovce, kter\u00fd je v sedle jen p\u0159\u00edle\u017eitostn\u011b.<\/strong><\/p>\n<p>Jakkoliv se do computer\u016f a modern\u00edch hodinek derou veli\u010diny jako watty, kadence \u010di tepov\u00e1 frekvence, u\u017e dlouh\u00e1 desetilet\u00ed z\u016fst\u00e1v\u00e1 konstant\u011b z\u00e1sadn\u00edm m\u011b\u0159\u00edtkem pom\u011b\u0159ov\u00e1n\u00ed cyklistick\u00fdch schopnost\u00ed pr\u016fm\u011brn\u00e1 rychlost. Jak ji zv\u00fd\u0161it pomoc\u00ed n\u011bkolika snadn\u00fdch krok\u016f?<\/p>\n<h2><strong>Spr\u00e1vn\u00fd tlak v pneumatik\u00e1ch<\/strong><\/h2>\n<p>Jde o naprosto ban\u00e1ln\u00ed \u00fakon, ov\u0161em divili byste se, jak m\u00e1lo lid\u00ed p\u0159ed ka\u017edou j\u00edzdou kontroluje tlak v pneumatik\u00e1ch. M\u011blo by se tak d\u00edt skute\u010dn\u011b pravideln\u011b. Na nahu\u0161t\u011bn\u00ed m\u00e1 vliv t\u0159eba i zm\u011bna teploty.<\/p>\n<p>Valiv\u00fd odpor se zvy\u0161uje v okam\u017eiku, kdy jsou pneumatiky p\u0159\u00edli\u0161 m\u011bkk\u00e9. V\u00fdsledkem je ni\u017e\u0161\u00ed rychlost. Nedostate\u010dn\u011b nahu\u0161t\u011bn\u00e9 pneumatiky jsou nav\u00edc n\u00e1chyln\u00e9 k defektu.<\/p>\n<figure id=\"attachment_22440\" aria-describedby=\"caption-attachment-22440\" style=\"width: 1600px\" class=\"wp-caption alignnone\"><a href=\"https:\/\/d2p6e6u75xmxt8.cloudfront.net\/13\/2023\/05\/bezduse-pumpicka-tlak.webp\"><img loading=\"lazy\" decoding=\"async\" class=\"size-full wp-image-22440\" src=\"https:\/\/d2p6e6u75xmxt8.cloudfront.net\/13\/2023\/05\/bezduse-pumpicka-tlak.webp\" alt=\"Bezdu\u0161e\" width=\"1600\" height=\"1067\" srcset=\"https:\/\/d2p6e6u75xmxt8.cloudfront.net\/13\/2023\/05\/bezduse-pumpicka-tlak.webp 1600w, https:\/\/d2p6e6u75xmxt8.cloudfront.net\/13\/2023\/05\/bezduse-pumpicka-tlak-300x200.webp 300w, https:\/\/d2p6e6u75xmxt8.cloudfront.net\/13\/2023\/05\/bezduse-pumpicka-tlak-1024x683.webp 1024w, https:\/\/d2p6e6u75xmxt8.cloudfront.net\/13\/2023\/05\/bezduse-pumpicka-tlak-768x512.webp 768w, https:\/\/d2p6e6u75xmxt8.cloudfront.net\/13\/2023\/05\/bezduse-pumpicka-tlak-1536x1024.webp 1536w, https:\/\/d2p6e6u75xmxt8.cloudfront.net\/13\/2023\/05\/bezduse-pumpicka-tlak-400x267.webp 400w, https:\/\/d2p6e6u75xmxt8.cloudfront.net\/13\/2023\/05\/bezduse-pumpicka-tlak-272x182.webp 272w\" sizes=\"auto, (max-width: 1600px) 100vw, 1600px\" \/><\/a><figcaption id=\"caption-attachment-22440\" class=\"wp-caption-text\"><em>Pr\u016fm\u011brn\u00e1 rychlost se zvedne i d\u00edky ide\u00e1ln\u00edmu tlaku v pneumatik\u00e1ch. Foto: Michal \u010cerven\u00fd<\/em><\/figcaption><\/figure>\n<p>\u017d\u00e1douc\u00ed v\u0161ak nen\u00ed ani opa\u010dn\u00fd extr\u00e9m. Jestli\u017ee jsou pneumatiky jako beton, nejsou schopny absorbovat nerovnosti. Ve\u0161ker\u00e9 v\u00fdmoly se tud\u00ed\u017e p\u0159en\u00e1\u0161ej\u00ed do r\u00e1mu, co\u017e m\u00e1 za n\u00e1sledek zpomalen\u00ed.<\/p>\n<p>Optim\u00e1ln\u00ed tlak uv\u00e1d\u00ed v\u00fdrobce na pl\u00e1\u0161t\u00edch. Roli v\u0161ak hraje i hmotnost cyklisty a hmotnost kola v konkr\u00e9tn\u00edm nastaven\u00ed.<\/p>\n<h2><strong>Brzdy pou\u017e\u00edvejte s citem<\/strong><\/h2>\n<p>Ka\u017ed\u00e9 pou\u017eit\u00ed brzd cyklistu zpomaluje, tud\u00ed\u017e kles\u00e1 i pr\u016fm\u011brn\u00e1 rychlost. Nen\u00ed \u0159e\u010d o pou\u017eit\u00ed brzd v prudk\u00fdch kles\u00e1n\u00edch. Ale kdy\u017e nev\u011bdomky s\u00e1hnete na brzdy p\u0159i ka\u017ed\u00e9m pocitu m\u00edrn\u00e9ho diskomfortu, mus\u00edte n\u00e1sledn\u011b zase mocn\u011b \u0161l\u00e1pnout do ped\u00e1l\u016f. Jednak pl\u00fdtv\u00e1te energi\u00ed, ale tak\u00e9 ztr\u00e1c\u00edte rychlost.<\/p>\n<p>Na rovn\u00e9m a kvalitn\u00edm asfaltu nen\u00ed t\u0159eba p\u0159ibr\u017e\u010fovat, tak se jen oddejte radosti z rychlosti. Rovn\u011b\u017e velk\u00e9 \u00faspory \u010dasu a tud\u00ed\u017e v kone\u010dn\u00e9m d\u016fsledku vy\u0161\u0161\u00ed pr\u016fm\u011brn\u00e9 rychlosti lze dos\u00e1hnout p\u0159i ide\u00e1ln\u00edm pr\u016fjezdu zat\u00e1\u010dek.<\/p>\n<h2><strong>Spolupracujte s po\u010das\u00edm<\/strong><\/h2>\n<p>Pokud panuje bezv\u011bt\u0159\u00ed, pr\u016fm\u011brn\u00e1 rychlost na kole nen\u00ed z\u00e1sadn\u011b ovlivn\u011bna. Ov\u0161em jestli\u017ee vyr\u00e1\u017e\u00edte v sedle ven a fouk\u00e1 v\u00edtr, je volba sm\u011bru j\u00edzdy z\u00e1sadn\u00ed.<\/p>\n<div class=\"shortcode-ys-post-pinup\"><article class=\"loop-simple post-27055 post type-post status-publish format-standard has-post-thumbnail hentry category-zdravi-a-trenink tag-cyklistika tag-horska-cyklistika tag-kava tag-kava-a-cyklistika tag-kofein tag-kofein-a-cyklistika tag-kofein-a-jeho-vliv-na-vykon tag-silnicni-cyklistika tag-vyziva tag-zdravi tag-zdravi-a-trenink global-categories-cycling\" data-postid=\"27055\" role=\"article\" data-post-id=\"27055\" data-word-count=\"441\" data-headline-length=\"53\" data-category=\"Zdrav\u00ed a tr\u00e9nink\" data-global-category=\"Cycling\" data-author=\"We Love Cycling\" data-published=\"2024-09-04T09:24:54+02:00\" data-published-day=\"Wednesday\">\n    <div class=\"entry-thumbnail article-thumbnail\" content=\"https:\/\/d2p6e6u75xmxt8.cloudfront.net\/13\/2020\/07\/WLC-k\u00e1va-\u010derven\u00fd-michal-150x150.webp\"><a href=\"https:\/\/www.welovecycling.com\/cs\/2024\/09\/04\/kava-a-cyklistika-skryva-se-v-salku-nepritel\/\" class=\"image-holder\" target=\"_self\"><img decoding=\"async\" loading=\"lazy\" class=\"\" src=\"https:\/\/d2p6e6u75xmxt8.cloudfront.net\/13\/2020\/07\/WLC-k\u00e1va-\u010derven\u00fd-michal-1024x683.webp\" srcset=\"https:\/\/d2p6e6u75xmxt8.cloudfront.net\/13\/2020\/07\/WLC-k\u00e1va-\u010derven\u00fd-michal.webp 1600w, https:\/\/d2p6e6u75xmxt8.cloudfront.net\/13\/2020\/07\/WLC-k\u00e1va-\u010derven\u00fd-michal-300x200.webp 300w, https:\/\/d2p6e6u75xmxt8.cloudfront.net\/13\/2020\/07\/WLC-k\u00e1va-\u010derven\u00fd-michal-1024x683.webp 1024w, https:\/\/d2p6e6u75xmxt8.cloudfront.net\/13\/2020\/07\/WLC-k\u00e1va-\u010derven\u00fd-michal-768x512.webp 768w, https:\/\/d2p6e6u75xmxt8.cloudfront.net\/13\/2020\/07\/WLC-k\u00e1va-\u010derven\u00fd-michal-1536x1024.webp 1536w, https:\/\/d2p6e6u75xmxt8.cloudfront.net\/13\/2020\/07\/WLC-k\u00e1va-\u010derven\u00fd-michal-272x182.webp 272w\" width=\"1024\" height=\"683\" sizes=\"auto, (min-width: 1200px) 300px, (min-width: 768px) 25vw, 100vw\" alt=\"kava-a-cyklistika-skryva-se-v-salku-nepritel\"\/><\/a><\/div>    <div class=\"entry-meta\">\n        <a class=\"label label-secondary post-category\" href=\"https:\/\/www.welovecycling.com\/cs\/category\/zdravi-a-trenink\/\" title=\"Zdrav\u00ed a tr\u00e9nink\">Zdrav\u00ed a tr\u00e9nink<\/a>\n    <\/div>\n    <div class=\"entry-details\">\n        <a href=\"https:\/\/www.welovecycling.com\/cs\/2024\/09\/04\/kava-a-cyklistika-skryva-se-v-salku-nepritel\/\" class='entry-title-wrapper'>\n            <h3 class=\"entry-title\"><span>K\u00e1va a cyklistika. Skr\u00fdv\u00e1 se v \u0161\u00e1lku nep\u0159\u00edtel?<\/span><\/h3>\n        <\/a>\n    <\/div>\n    <\/article>\n<\/div>\n<p>Zkuste zm\u011bnit zab\u011bhnut\u00e9 ritu\u00e1ly a vyu\u017e\u00edt klimatick\u00fdch podm\u00ednek. Dokud budete pln\u00ed energie a s\u00edly, je\u010fte proti v\u011btru. A dom\u016f se vracejte po v\u011btru.<\/p>\n<h2><strong>Jezd\u011bte ve skupin\u011b a pr\u016fm\u011brn\u00e1 rychlost posko\u010d\u00ed<\/strong><\/h2>\n<p>Cyklistika s partou kamar\u00e1d\u016f m\u00e1 z hlediska rychlosti dv\u011b z\u00e1sadn\u00ed v\u00fdhody. Prvn\u00ed je fakt, \u017ee o &#8222;boj&#8220; s v\u011btrem se pod\u011bl\u00ed na \u0161pici v\u011bt\u0161\u00ed mno\u017estv\u00ed lid\u00ed, tud\u00ed\u017e \u0161et\u0159\u00edte energii a jedete rychleji. Druh\u00e1 v\u00fdhoda je trvalej\u0161\u00edho charakteru. Skupina v drtiv\u00e9 v\u011bt\u0161in\u011b p\u0159\u00edpad\u016f jede rychleji ne\u017e pokud vyraz\u00edte osamocen\u011b, tud\u00ed\u017e mus\u00edte vyvinout v\u011bt\u0161\u00ed rychlost, v kone\u010dn\u00e9m d\u016fsledku zlep\u0161ujete v\u00fdkonnost. A a\u017e vyraz\u00edte na individu\u00e1ln\u00ed tr\u00e9nink, bude i va\u0161e pr\u016fm\u011brn\u00e1 rychlost lep\u0161\u00ed.<\/p>\n<h2><strong>Pracujte s aerodynamikou<\/strong><\/h2>\n<p>Jestli\u017ee jezd\u00edte na silni\u010dn\u00edm kole, zkuste \u010dast\u011bji pou\u017e\u00edt spodn\u00ed \u00fachop \u0159\u00edd\u00edtek. Na horsk\u00e9m kole zase zalehn\u011bte \u010dast\u011bji na \u0159\u00edd\u00edtka. Lze tak sn\u00ed\u017eit odpor vzduchu o patn\u00e1ct a\u017e dvacet procent. K v\u011bt\u0161\u00ed rychlosti pom\u016f\u017ee i pouh\u00e1 korekce lokt\u016f. Mnoho cyklist\u016f m\u00e1 ruce vytr\u010den\u00e9 do stran, zkuste lokty p\u0159im\u00e1\u010dknout k t\u011blu. Rozd\u00edl bude z\u00e1sadn\u00ed.<\/p>\n<figure id=\"attachment_22144\" aria-describedby=\"caption-attachment-22144\" style=\"width: 1920px\" class=\"wp-caption alignnone\"><a href=\"https:\/\/d2p6e6u75xmxt8.cloudfront.net\/13\/2023\/04\/jarni-obleceni.webp\"><img loading=\"lazy\" decoding=\"async\" class=\"size-full wp-image-22144\" src=\"https:\/\/d2p6e6u75xmxt8.cloudfront.net\/13\/2023\/04\/jarni-obleceni.webp\" alt=\"Jak se na ja\u0159e obl\u00e9knout na kolo? Jde o hodn\u011b individu\u00e1ln\u00ed z\u00e1le\u017eitost. Z\u00e1klad je vrstvit spr\u00e1vn\u011b oble\u010den\u00ed. Foto: kalas.cz\" width=\"1920\" height=\"1282\" srcset=\"https:\/\/d2p6e6u75xmxt8.cloudfront.net\/13\/2023\/04\/jarni-obleceni.webp 1920w, https:\/\/d2p6e6u75xmxt8.cloudfront.net\/13\/2023\/04\/jarni-obleceni-300x200.webp 300w, https:\/\/d2p6e6u75xmxt8.cloudfront.net\/13\/2023\/04\/jarni-obleceni-1024x684.webp 1024w, https:\/\/d2p6e6u75xmxt8.cloudfront.net\/13\/2023\/04\/jarni-obleceni-768x513.webp 768w, https:\/\/d2p6e6u75xmxt8.cloudfront.net\/13\/2023\/04\/jarni-obleceni-1536x1026.webp 1536w, https:\/\/d2p6e6u75xmxt8.cloudfront.net\/13\/2023\/04\/jarni-obleceni-400x267.webp 400w, https:\/\/d2p6e6u75xmxt8.cloudfront.net\/13\/2023\/04\/jarni-obleceni-272x182.webp 272w\" sizes=\"auto, (max-width: 1920px) 100vw, 1920px\" \/><\/a><figcaption id=\"caption-attachment-22144\" class=\"wp-caption-text\"><em>Pr\u016fm\u011brn\u00e1 rychlost posko\u010d\u00ed, pokud budete schopn\u00ed zaujmout na kole aerodynamickou pozici. Foto: kalas.cz<\/em><\/figcaption><\/figure>\n<p>Pokud v\u00e1m kolo spr\u00e1vn\u011b sed\u00ed, nem\u011bla by j\u00edzda v aerodynamick\u00e9 pozici p\u0159edstavovat z\u00e1sadn\u00ed probl\u00e9m. Pokud nejste schopni ji udr\u017eet, m\u016f\u017ee j\u00edt o v\u00fdsledek \u0161patn\u00e9ho nastaven\u00ed kola. Pak je t\u0159eba v\u0161e vy\u0159e\u0161it t\u0159eba v r\u00e1mci bikefitingu.<\/p>\n<h2><strong>Pou\u017e\u00edvejte t\u011bsn\u00e9 oble\u010den\u00ed<\/strong><\/h2>\n<p>Jezdit v ide\u00e1ln\u011b padnouc\u00edm oble\u010den\u00ed m\u00e1 n\u011bkolik v\u00fdhod. V l\u00e9t\u011b odv\u00e1d\u00ed pot z t\u011bla, v chladn\u011bj\u0161\u00edch obdob\u00edch roku pln\u00ed funkci p\u0159i zah\u0159\u00edv\u00e1n\u00ed. A hlavn\u011b voln\u00e9 dresy \u010di bundy p\u0159id\u00e1vaj\u00ed velk\u00fd odpor, tud\u00ed\u017e <a href=\"https:\/\/www.welovecycling.com\/cs\/2021\/02\/17\/magicka-tricitka\/\">pr\u016fm\u011brn\u00e1 rychlost<\/a> let\u00ed dol\u016f.<\/p>\n<h2><strong>Zredukujte v\u00e1hu<\/strong><\/h2>\n<p>Hmotnost m\u00e1 pochopiteln\u011b na pr\u016fm\u011brnou rychlost z\u00e1sadn\u00ed vliv. Je fakt, \u017ee v tomto p\u0159\u00edpad\u011b nejde o krok rychl\u00fd a jednoduch\u00fd. Samoz\u0159ejm\u011b m\u016f\u017eete odleh\u010dit kolo, ale v\u011bt\u0161ina cyklist\u016f dnes nem\u00e1 stroj ov\u011b\u0161en\u00fd zbyte\u010dnostmi v\u00e1\u017e\u00edc\u00edmi mnoho des\u00edtek \u010di snad dokonce stovek gram\u016f. \u0158e\u010d je o v\u00e1ze samotn\u00e9ho jezdce.<\/p>\n<div class=\"shortcode-ys-post-pinup\"><article class=\"loop-simple post-27130 post type-post status-publish format-standard has-post-thumbnail hentry category-gravel category-https-www-welovecycling-com-cs-category-zabava tag-badlands tag-badlands-2024 tag-cyklistika tag-gravel tag-ondrej-sobek tag-poust-gorafe tag-zuzana-bohacova global-categories-cycling\" data-postid=\"27130\" role=\"article\" data-post-id=\"27130\" data-word-count=\"1041\" data-headline-length=\"79\" data-category=\"Gravel\" data-global-category=\"Cycling\" data-author=\"Radek Malina\" data-published=\"2024-09-11T14:49:54+02:00\" data-published-day=\"Wednesday\">\n    <div class=\"entry-thumbnail article-thumbnail\" content=\"https:\/\/d2p6e6u75xmxt8.cloudfront.net\/13\/2024\/09\/IMG-20240911-WA0050-150x150.webp\"><a href=\"https:\/\/www.welovecycling.com\/cs\/2024\/09\/11\/za-hranice-moralky-pres-potoky-potu-a-kapky-krve-cesi-pokorili-badlands\/\" class=\"image-holder\" target=\"_self\"><img decoding=\"async\" loading=\"lazy\" class=\"\" src=\"https:\/\/d2p6e6u75xmxt8.cloudfront.net\/13\/2024\/09\/IMG-20240911-WA0050-1024x603.webp\" srcset=\"https:\/\/d2p6e6u75xmxt8.cloudfront.net\/13\/2024\/09\/IMG-20240911-WA0050.webp 2048w, https:\/\/d2p6e6u75xmxt8.cloudfront.net\/13\/2024\/09\/IMG-20240911-WA0050-300x177.webp 300w, https:\/\/d2p6e6u75xmxt8.cloudfront.net\/13\/2024\/09\/IMG-20240911-WA0050-1024x603.webp 1024w, https:\/\/d2p6e6u75xmxt8.cloudfront.net\/13\/2024\/09\/IMG-20240911-WA0050-768x452.webp 768w, https:\/\/d2p6e6u75xmxt8.cloudfront.net\/13\/2024\/09\/IMG-20240911-WA0050-1536x905.webp 1536w, https:\/\/d2p6e6u75xmxt8.cloudfront.net\/13\/2024\/09\/IMG-20240911-WA0050-1920x1131.webp 1920w, https:\/\/d2p6e6u75xmxt8.cloudfront.net\/13\/2024\/09\/IMG-20240911-WA0050-400x236.webp 400w, https:\/\/d2p6e6u75xmxt8.cloudfront.net\/13\/2024\/09\/IMG-20240911-WA0050-1920x1131.webp 1920w\" width=\"1024\" height=\"603\" sizes=\"auto, (min-width: 1200px) 340px, (min-width: 768px) 28vw, 100vw\" alt=\"za-hranice-moralky-pres-potoky-potu-a-kapky-krve-cesi-pokorili-badlands\"\/><\/a><\/div>    <div class=\"entry-meta\">\n        <a class=\"label label-secondary post-category\" href=\"https:\/\/www.welovecycling.com\/cs\/category\/gravel\/\" title=\"Gravel\">Gravel<\/a>\n    <\/div>\n    <div class=\"entry-details\">\n        <a href=\"https:\/\/www.welovecycling.com\/cs\/2024\/09\/11\/za-hranice-moralky-pres-potoky-potu-a-kapky-krve-cesi-pokorili-badlands\/\" class='entry-title-wrapper'>\n            <h3 class=\"entry-title\"><span>P\u0159es potoky potu a kapky krve, za hranice mor\u00e1lky. \u010ce\u0161i poko\u0159ili Badlands!<\/span><\/h3>\n        <\/a>\n    <\/div>\n    <\/article>\n<\/div>\n<p>Na jednu stranu je p\u0159ij\u00edmat dostate\u010dn\u00e9 mno\u017estv\u00ed energie, zajistit dostate\u010dnou regeneraci a je\u0161t\u011b m\u00edt takov\u00fd v\u00fddej, abyste zredukovali hmotnost. Men\u0161\u00ed \u010d\u00edsla na v\u00e1ze v\u00e1m pomohou rychleji zdol\u00e1vat stoup\u00e1n\u00ed i t\u00e1hl\u00e9 rovinky, tud\u00ed\u017e pr\u016fm\u011brn\u00e1 rychlost polet\u00ed nahoru. Pokud shazovat u\u017e prost\u011b nem\u016f\u017eete, zam\u011b\u0159te se na budov\u00e1n\u00ed s\u00edly.<\/p>\n","protected":false},"excerpt":{"rendered":"<p>Pr\u016fm\u011brn\u00e1 rychlost na kole. Veli\u010dina, kter\u00e1 d\u0159\u00edve \u010di pozd\u011bji p\u0159ijde na \u0159adu v ka\u017ed\u00e9 cyklistick\u00e9 debat\u011b. A je \u00fapln\u011b jedno, [&hellip;]<\/p>\n","protected":false},"author":138,"featured_media":11238,"comment_status":"open","ping_status":"open","sticky":false,"template":"","format":"standard","meta":{"footnotes":""},"categories":[6],"tags":[126,2001,56,1466,3820,9,67],"global-categories":[411],"class_list":["post-27201","post","type-post","status-publish","format-standard","has-post-thumbnail","hentry","category-zdravi-a-trenink","tag-cyklistika","tag-gravel","tag-horska-cyklistika","tag-prumerna-rychlost","tag-rychlost-na-kole","tag-silnicni-cyklistika","tag-zdravi-a-trenink","global-categories-cycling"],"yoast_head":"<!-- This site is optimized with the Yoast SEO Premium plugin v25.3 (Yoast SEO v25.9) - https:\/\/yoast.com\/wordpress\/plugins\/seo\/ -->\n<title>Pr\u016fm\u011brn\u00e1 rychlost: tipy, jak ji zvednout bez n\u00e1mahy | \u0160koda We Love Cycling - \u010cesk\u00e1 republika<\/title>\n<meta name=\"description\" content=\"Pr\u016fm\u011brn\u00e1 rychlost na kole. Veli\u010dina, kter\u00e1 d\u0159\u00edve \u010di pozd\u011bji p\u0159ijde na \u0159adu v ka\u017ed\u00e9 cyklistick\u00e9 debat\u011b. Jak zvednout jej\u00ed \u00farove\u0148?\" \/>\n<meta name=\"robots\" content=\"index, follow, max-snippet:-1, max-image-preview:large, max-video-preview:-1\" \/>\n<link rel=\"canonical\" href=\"https:\/\/www.welovecycling.com\/cs\/2024\/09\/23\/prumerna-rychlost-tipy-jak-ji-zvednout-bez-namahy\/\" \/>\n<meta property=\"og:locale\" content=\"cs_CZ\" \/>\n<meta property=\"og:type\" content=\"article\" \/>\n<meta property=\"og:title\" content=\"Pr\u016fm\u011brn\u00e1 rychlost: tipy, jak ji zvednout bez n\u00e1mahy\" \/>\n<meta property=\"og:description\" content=\"Pr\u016fm\u011brn\u00e1 rychlost na kole. Veli\u010dina, kter\u00e1 d\u0159\u00edve \u010di pozd\u011bji p\u0159ijde na \u0159adu v ka\u017ed\u00e9 cyklistick\u00e9 debat\u011b. Jak zvednout jej\u00ed \u00farove\u0148?\" \/>\n<meta property=\"og:url\" content=\"https:\/\/www.welovecycling.com\/cs\/2024\/09\/23\/prumerna-rychlost-tipy-jak-ji-zvednout-bez-namahy\/\" \/>\n<meta property=\"og:site_name\" content=\"\u0160koda We Love Cycling - \u010cesk\u00e1 republika\" \/>\n<meta property=\"article:published_time\" content=\"2024-09-23T09:05:29+00:00\" \/>\n<meta property=\"og:image\" content=\"https:\/\/d2p6e6u75xmxt8.cloudfront.net\/13\/2021\/01\/silnicni-kolo-kotoucove-brzdy.webp\" \/>\n\t<meta property=\"og:image:width\" content=\"1600\" \/>\n\t<meta property=\"og:image:height\" content=\"1067\" \/>\n\t<meta property=\"og:image:type\" content=\"image\/webp\" \/>\n<meta name=\"author\" content=\"radekmalina\" \/>\n<meta name=\"twitter:card\" content=\"summary_large_image\" \/>\n<meta name=\"twitter:label1\" content=\"Written by\" \/>\n\t<meta name=\"twitter:data1\" content=\"Radek Malina\" \/>\n\t<meta name=\"twitter:label2\" content=\"Est. reading time\" \/>\n\t<meta name=\"twitter:data2\" content=\"7\" \/>\n<script type=\"application\/ld+json\" class=\"yoast-schema-graph\">{\"@context\":\"https:\/\/schema.org\",\"@graph\":[{\"@type\":\"WebPage\",\"@id\":\"https:\/\/www.welovecycling.com\/cs\/2024\/09\/23\/prumerna-rychlost-tipy-jak-ji-zvednout-bez-namahy\/\",\"url\":\"https:\/\/www.welovecycling.com\/cs\/2024\/09\/23\/prumerna-rychlost-tipy-jak-ji-zvednout-bez-namahy\/\",\"name\":\"Pr\u016fm\u011brn\u00e1 rychlost: tipy, jak ji zvednout bez n\u00e1mahy | \u0160koda We Love Cycling - \u010cesk\u00e1 republika\",\"isPartOf\":{\"@id\":\"https:\/\/www.welovecycling.com\/cs\/#website\"},\"primaryImageOfPage\":{\"@id\":\"https:\/\/www.welovecycling.com\/cs\/2024\/09\/23\/prumerna-rychlost-tipy-jak-ji-zvednout-bez-namahy\/#primaryimage\"},\"image\":{\"@id\":\"https:\/\/www.welovecycling.com\/cs\/2024\/09\/23\/prumerna-rychlost-tipy-jak-ji-zvednout-bez-namahy\/#primaryimage\"},\"thumbnailUrl\":\"https:\/\/d2p6e6u75xmxt8.cloudfront.net\/13\/2021\/01\/silnicni-kolo-kotoucove-brzdy.webp\",\"datePublished\":\"2024-09-23T09:05:29+00:00\",\"author\":{\"@id\":\"https:\/\/www.welovecycling.com\/cs\/#\/schema\/person\/d9eeb0a378f3a7e4a6d12d2b536b04b8\"},\"description\":\"Pr\u016fm\u011brn\u00e1 rychlost na kole. Veli\u010dina, kter\u00e1 d\u0159\u00edve \u010di pozd\u011bji p\u0159ijde na \u0159adu v ka\u017ed\u00e9 cyklistick\u00e9 debat\u011b. Jak zvednout jej\u00ed \u00farove\u0148?\",\"inLanguage\":\"cs\",\"potentialAction\":[{\"@type\":\"ReadAction\",\"target\":[\"https:\/\/www.welovecycling.com\/cs\/2024\/09\/23\/prumerna-rychlost-tipy-jak-ji-zvednout-bez-namahy\/\"]}]},{\"@type\":\"ImageObject\",\"inLanguage\":\"cs\",\"@id\":\"https:\/\/www.welovecycling.com\/cs\/2024\/09\/23\/prumerna-rychlost-tipy-jak-ji-zvednout-bez-namahy\/#primaryimage\",\"url\":\"https:\/\/d2p6e6u75xmxt8.cloudfront.net\/13\/2021\/01\/silnicni-kolo-kotoucove-brzdy.webp\",\"contentUrl\":\"https:\/\/d2p6e6u75xmxt8.cloudfront.net\/13\/2021\/01\/silnicni-kolo-kotoucove-brzdy.webp\",\"width\":1600,\"height\":1067,\"caption\":\"Kotou\u010dov\u00e9 brzdy jsou hit. Foto: Michal \u010cerven\u00fd\"},{\"@type\":\"WebSite\",\"@id\":\"https:\/\/www.welovecycling.com\/cs\/#website\",\"url\":\"https:\/\/www.welovecycling.com\/cs\/\",\"name\":\"\u0160koda We Love Cycling - \u010cesk\u00e1 republika\",\"description\":\"WeLoveCycling.cz je online magaz\u00edn, kter\u00fd v\u00e1m pravideln\u011b p\u0159in\u00e1\u0161\u00ed rady a tipy, zaj\u00edmav\u00e9 \u010dl\u00e1nky, videa a jedine\u010dn\u00e9 report\u00e1\u017ee ze sv\u011bta cyklistiky.\",\"potentialAction\":[{\"@type\":\"SearchAction\",\"target\":{\"@type\":\"EntryPoint\",\"urlTemplate\":\"https:\/\/www.welovecycling.com\/cs\/?s={search_term_string}\"},\"query-input\":{\"@type\":\"PropertyValueSpecification\",\"valueRequired\":true,\"valueName\":\"search_term_string\"}}],\"inLanguage\":\"cs\"},{\"@type\":\"Person\",\"@id\":\"https:\/\/www.welovecycling.com\/cs\/#\/schema\/person\/d9eeb0a378f3a7e4a6d12d2b536b04b8\",\"name\":\"radekmalina\",\"image\":{\"@type\":\"ImageObject\",\"inLanguage\":\"cs\",\"@id\":\"https:\/\/www.welovecycling.com\/cs\/#\/schema\/person\/image\/\",\"url\":\"https:\/\/secure.gravatar.com\/avatar\/66994b632cb8c39a46b9f54afa3ae07201b678d32a54275b6f1c9ffec356bfc0?s=96&d=mm&r=g\",\"contentUrl\":\"https:\/\/secure.gravatar.com\/avatar\/66994b632cb8c39a46b9f54afa3ae07201b678d32a54275b6f1c9ffec356bfc0?s=96&d=mm&r=g\",\"caption\":\"radekmalina\"},\"url\":\"https:\/\/www.welovecycling.com\/cs\/author\/radekmalina\/\"}]}<\/script>\n<!-- \/ Yoast SEO Premium plugin. -->","yoast_head_json":{"title":"Pr\u016fm\u011brn\u00e1 rychlost: tipy, jak ji zvednout bez n\u00e1mahy | \u0160koda We Love Cycling - \u010cesk\u00e1 republika","description":"Pr\u016fm\u011brn\u00e1 rychlost na kole. Veli\u010dina, kter\u00e1 d\u0159\u00edve \u010di pozd\u011bji p\u0159ijde na \u0159adu v ka\u017ed\u00e9 cyklistick\u00e9 debat\u011b. Jak zvednout jej\u00ed \u00farove\u0148?","robots":{"index":"index","follow":"follow","max-snippet":"max-snippet:-1","max-image-preview":"max-image-preview:large","max-video-preview":"max-video-preview:-1"},"canonical":"https:\/\/www.welovecycling.com\/cs\/2024\/09\/23\/prumerna-rychlost-tipy-jak-ji-zvednout-bez-namahy\/","og_locale":"cs_CZ","og_type":"article","og_title":"Pr\u016fm\u011brn\u00e1 rychlost: tipy, jak ji zvednout bez n\u00e1mahy","og_description":"Pr\u016fm\u011brn\u00e1 rychlost na kole. Veli\u010dina, kter\u00e1 d\u0159\u00edve \u010di pozd\u011bji p\u0159ijde na \u0159adu v ka\u017ed\u00e9 cyklistick\u00e9 debat\u011b. Jak zvednout jej\u00ed \u00farove\u0148?","og_url":"https:\/\/www.welovecycling.com\/cs\/2024\/09\/23\/prumerna-rychlost-tipy-jak-ji-zvednout-bez-namahy\/","og_site_name":"\u0160koda We Love Cycling - \u010cesk\u00e1 republika","article_published_time":"2024-09-23T09:05:29+00:00","og_image":[{"width":1600,"height":1067,"url":"https:\/\/d2p6e6u75xmxt8.cloudfront.net\/13\/2021\/01\/silnicni-kolo-kotoucove-brzdy.webp","type":"image\/webp"}],"author":"radekmalina","twitter_card":"summary_large_image","twitter_misc":{"Written by":"Radek Malina","Est. reading time":"7"},"schema":{"@context":"https:\/\/schema.org","@graph":[{"@type":"WebPage","@id":"https:\/\/www.welovecycling.com\/cs\/2024\/09\/23\/prumerna-rychlost-tipy-jak-ji-zvednout-bez-namahy\/","url":"https:\/\/www.welovecycling.com\/cs\/2024\/09\/23\/prumerna-rychlost-tipy-jak-ji-zvednout-bez-namahy\/","name":"Pr\u016fm\u011brn\u00e1 rychlost: tipy, jak ji zvednout bez n\u00e1mahy | \u0160koda We Love Cycling - \u010cesk\u00e1 republika","isPartOf":{"@id":"https:\/\/www.welovecycling.com\/cs\/#website"},"primaryImageOfPage":{"@id":"https:\/\/www.welovecycling.com\/cs\/2024\/09\/23\/prumerna-rychlost-tipy-jak-ji-zvednout-bez-namahy\/#primaryimage"},"image":{"@id":"https:\/\/www.welovecycling.com\/cs\/2024\/09\/23\/prumerna-rychlost-tipy-jak-ji-zvednout-bez-namahy\/#primaryimage"},"thumbnailUrl":"https:\/\/d2p6e6u75xmxt8.cloudfront.net\/13\/2021\/01\/silnicni-kolo-kotoucove-brzdy.webp","datePublished":"2024-09-23T09:05:29+00:00","author":{"@id":"https:\/\/www.welovecycling.com\/cs\/#\/schema\/person\/d9eeb0a378f3a7e4a6d12d2b536b04b8"},"description":"Pr\u016fm\u011brn\u00e1 rychlost na kole. Veli\u010dina, kter\u00e1 d\u0159\u00edve \u010di pozd\u011bji p\u0159ijde na \u0159adu v ka\u017ed\u00e9 cyklistick\u00e9 debat\u011b. Jak zvednout jej\u00ed \u00farove\u0148?","inLanguage":"cs","potentialAction":[{"@type":"ReadAction","target":["https:\/\/www.welovecycling.com\/cs\/2024\/09\/23\/prumerna-rychlost-tipy-jak-ji-zvednout-bez-namahy\/"]}]},{"@type":"ImageObject","inLanguage":"cs","@id":"https:\/\/www.welovecycling.com\/cs\/2024\/09\/23\/prumerna-rychlost-tipy-jak-ji-zvednout-bez-namahy\/#primaryimage","url":"https:\/\/d2p6e6u75xmxt8.cloudfront.net\/13\/2021\/01\/silnicni-kolo-kotoucove-brzdy.webp","contentUrl":"https:\/\/d2p6e6u75xmxt8.cloudfront.net\/13\/2021\/01\/silnicni-kolo-kotoucove-brzdy.webp","width":1600,"height":1067,"caption":"Kotou\u010dov\u00e9 brzdy jsou hit. Foto: Michal \u010cerven\u00fd"},{"@type":"WebSite","@id":"https:\/\/www.welovecycling.com\/cs\/#website","url":"https:\/\/www.welovecycling.com\/cs\/","name":"\u0160koda We Love Cycling - \u010cesk\u00e1 republika","description":"WeLoveCycling.cz je online magaz\u00edn, kter\u00fd v\u00e1m pravideln\u011b p\u0159in\u00e1\u0161\u00ed rady a tipy, zaj\u00edmav\u00e9 \u010dl\u00e1nky, videa a jedine\u010dn\u00e9 report\u00e1\u017ee ze sv\u011bta cyklistiky.","potentialAction":[{"@type":"SearchAction","target":{"@type":"EntryPoint","urlTemplate":"https:\/\/www.welovecycling.com\/cs\/?s={search_term_string}"},"query-input":{"@type":"PropertyValueSpecification","valueRequired":true,"valueName":"search_term_string"}}],"inLanguage":"cs"},{"@type":"Person","@id":"https:\/\/www.welovecycling.com\/cs\/#\/schema\/person\/d9eeb0a378f3a7e4a6d12d2b536b04b8","name":"radekmalina","image":{"@type":"ImageObject","inLanguage":"cs","@id":"https:\/\/www.welovecycling.com\/cs\/#\/schema\/person\/image\/","url":"https:\/\/secure.gravatar.com\/avatar\/66994b632cb8c39a46b9f54afa3ae07201b678d32a54275b6f1c9ffec356bfc0?s=96&d=mm&r=g","contentUrl":"https:\/\/secure.gravatar.com\/avatar\/66994b632cb8c39a46b9f54afa3ae07201b678d32a54275b6f1c9ffec356bfc0?s=96&d=mm&r=g","caption":"radekmalina"},"url":"https:\/\/www.welovecycling.com\/cs\/author\/radekmalina\/"}]}},"_links":{"self":[{"href":"https:\/\/www.welovecycling.com\/cs\/wp-json\/wp\/v2\/posts\/27201","targetHints":{"allow":["GET"]}}],"collection":[{"href":"https:\/\/www.welovecycling.com\/cs\/wp-json\/wp\/v2\/posts"}],"about":[{"href":"https:\/\/www.welovecycling.com\/cs\/wp-json\/wp\/v2\/types\/post"}],"author":[{"embeddable":true,"href":"https:\/\/www.welovecycling.com\/cs\/wp-json\/wp\/v2\/users\/138"}],"replies":[{"embeddable":true,"href":"https:\/\/www.welovecycling.com\/cs\/wp-json\/wp\/v2\/comments?post=27201"}],"version-history":[{"count":1,"href":"https:\/\/www.welovecycling.com\/cs\/wp-json\/wp\/v2\/posts\/27201\/revisions"}],"predecessor-version":[{"id":27202,"href":"https:\/\/www.welovecycling.com\/cs\/wp-json\/wp\/v2\/posts\/27201\/revisions\/27202"}],"wp:featuredmedia":[{"embeddable":true,"href":"https:\/\/www.welovecycling.com\/cs\/wp-json\/wp\/v2\/media\/11238"}],"wp:attachment":[{"href":"https:\/\/www.welovecycling.com\/cs\/wp-json\/wp\/v2\/media?parent=27201"}],"wp:term":[{"taxonomy":"category","embeddable":true,"href":"https:\/\/www.welovecycling.com\/cs\/wp-json\/wp\/v2\/categories?post=27201"},{"taxonomy":"post_tag","embeddable":true,"href":"https:\/\/www.welovecycling.com\/cs\/wp-json\/wp\/v2\/tags?post=27201"},{"taxonomy":"global-categories","embeddable":true,"href":"https:\/\/www.welovecycling.com\/cs\/wp-json\/wp\/v2\/global-categories?post=27201"}],"curies":[{"name":"wp","href":"https:\/\/api.w.org\/{rel}","templated":true}]}}