{"id":27183,"date":"2024-09-19T05:00:01","date_gmt":"2024-09-19T03:00:01","guid":{"rendered":"https:\/\/www.welovecycling.com\/cs\/?p=27183"},"modified":"2024-09-18T20:59:36","modified_gmt":"2024-09-18T18:59:36","slug":"sefove-byli-prekvapeni-mathias-vacek-o-vuelte-opilci-co-jej-pripravil-o-rudy-trikot-i-forme-pro-mistrovstvi-sveta","status":"publish","type":"post","link":"https:\/\/www.welovecycling.com\/cs\/2024\/09\/19\/sefove-byli-prekvapeni-mathias-vacek-o-vuelte-opilci-co-jej-pripravil-o-rudy-trikot-i-forme-pro-mistrovstvi-sveta\/","title":{"rendered":"\u0160\u00e9fov\u00e9 byli p\u0159ekvapen\u00ed! Mathias Vacek o Vuelt\u011b, opilci, co jej srazil, i form\u011b pro mistrovstv\u00ed sv\u011bta"},"content":{"rendered":"<p><strong>Sed\u011bl na ergometru a s lehk\u00fdm znepokojen\u00edm sledoval, jak stoup\u00e1 Studen\u00e1 Vltava. Mathias Vacek se chystal na mistrovstv\u00ed sv\u011bta v silni\u010dn\u00ed cyklistice hodn\u011b netradi\u010dn\u011b. V noh\u00e1ch m\u011bl premi\u00e9rovou Grand Tour kari\u00e9ry. Na \u0161pan\u011blsk\u00e9 Vuelt\u011b oslnil. P\u0159\u00edprava pro mistrovstv\u00ed sv\u011bta v\u0161ak byla naru\u0161en\u00e1 extr\u00e9mn\u00edm sr\u00e1\u017ekami, kter\u00e9 \u010cesko zas\u00e1hly v polovin\u011b z\u00e1\u0159\u00ed. &#8222;Na\u0161t\u011bst\u00ed se voda rozlila na louku na druhou stranu od bar\u00e1ku,&#8220; ulevil si dvaadvacetilet\u00fd cyklista Lidl-Trek.<\/strong><\/p>\n<p>Po Vuelt\u011b, kde sahal po rud\u00e9m trikotu l\u00eddra a t\u0159i dny jel v b\u00edl\u00e9m dresu nejlep\u0161\u00edho mlad\u00edka do p\u011btadvaceti let, si dop\u0159\u00e1l dva dny \u00fapln\u00e9ho volna. Pak stihl je\u0161t\u011b dva tr\u00e9ninky v p\u0159\u00edrodn\u00edch podm\u00ednk\u00e1ch, ale n\u00e1sledn\u011b sed\u011bl po boku bratra Karla v gar\u00e1\u017ei na nepopul\u00e1rn\u00edm trena\u017e\u00e9ru. &#8222;Necht\u011bl jsem ztratit v\u00fdkonnost,&#8220; vysv\u011btloval, pro\u010d si prost\u011b p\u0159i nep\u0159\u00edzniv\u00fdch podm\u00ednk\u00e1ch nedop\u0159\u00e1l del\u0161\u00ed volno.<\/p>\n<h2><strong>Mathiasi, odpo\u010dinul jste si dostate\u010dn\u011b po Vuelt\u011b s vidinou mistrovstv\u00ed sv\u011bta?<\/strong><\/h2>\n<p>Ment\u00e1ln\u011b i fyzicky jsem byl hodn\u011b vy\u010derpan\u00fd. Ale u\u017e jsem v pohod\u011b. Formu m\u00e1m dobrou a na \u0161ampion\u00e1tu ve \u0160v\u00fdcarsku chci je\u0161t\u011b zabojovat o p\u011bkn\u00fd v\u00fdsledek.<\/p>\n<h2><strong>Do \u0161ampion\u00e1tu vstoup\u00edte \u010dasovkou p\u0159edposledn\u00ed z\u00e1\u0159ijovou ned\u011bli jako jedin\u00fd \u010desk\u00fd reprezentant. Trasa je dlouh\u00e1 46 kilometr\u016f s p\u0159ev\u00fd\u0161en\u00edm 405 v\u00fd\u0161kov\u00fdch metr\u016f. Je to profil podle va\u0161eho gusta?<\/strong><\/h2>\n<p>Jde o hodn\u011b dlouhou \u010dasovku, ale k mistrovstv\u00ed sv\u011bta to pat\u0159\u00ed. Hodn\u011b z\u00e1vodn\u00edk\u016f nem\u011blo \u0161anci jet tak dlouhou \u010dasovku, j\u00e1 m\u00e1m zku\u0161enost z \u010desk\u00e9ho mistr\u00e1ku, kter\u00fd byl je\u0161t\u011b o \u010dty\u0159i sta metr\u016f del\u0161\u00ed. P\u016fjde o rozlo\u017een\u00ed sil. V Lisabonu p\u0159i prvn\u00ed etap\u011b Vuelty se jel pln\u00fd kotel od startu do c\u00edle. Mysl\u00edm, \u017ee \u0161anci maj\u00ed i z\u00e1vodn\u00edci, kte\u0159\u00ed nejsou vylo\u017een\u00fdmi \u010dasovk\u00e1\u0159i. Uprost\u0159ed je kopec a d\u011bl\u00e1 \u010dasovku z\u00e1bavnou, atraktivn\u00ed. N\u011bkolikr\u00e1t si trasu projedu. A p\u0159iprav\u00edm si watty, kter\u00e9 je t\u0159eba jet v konkr\u00e9tn\u00edm \u00faseku.<\/p>\n<figure id=\"attachment_27185\" aria-describedby=\"caption-attachment-27185\" style=\"width: 1800px\" class=\"wp-caption alignnone\"><a href=\"https:\/\/d2p6e6u75xmxt8.cloudfront.net\/13\/2024\/09\/profimedia-0899795431.webp\"><img loading=\"lazy\" decoding=\"async\" class=\"size-full wp-image-27185\" src=\"https:\/\/d2p6e6u75xmxt8.cloudfront.net\/13\/2024\/09\/profimedia-0899795431.webp\" alt=\"\" width=\"1800\" height=\"1200\" srcset=\"https:\/\/d2p6e6u75xmxt8.cloudfront.net\/13\/2024\/09\/profimedia-0899795431.webp 1800w, https:\/\/d2p6e6u75xmxt8.cloudfront.net\/13\/2024\/09\/profimedia-0899795431-300x200.webp 300w, https:\/\/d2p6e6u75xmxt8.cloudfront.net\/13\/2024\/09\/profimedia-0899795431-1024x683.webp 1024w, https:\/\/d2p6e6u75xmxt8.cloudfront.net\/13\/2024\/09\/profimedia-0899795431-768x512.webp 768w, https:\/\/d2p6e6u75xmxt8.cloudfront.net\/13\/2024\/09\/profimedia-0899795431-1536x1024.webp 1536w, https:\/\/d2p6e6u75xmxt8.cloudfront.net\/13\/2024\/09\/profimedia-0899795431-400x267.webp 400w, https:\/\/d2p6e6u75xmxt8.cloudfront.net\/13\/2024\/09\/profimedia-0899795431-272x182.webp 272w\" sizes=\"auto, (max-width: 1800px) 100vw, 1800px\" \/><\/a><figcaption id=\"caption-attachment-27185\" class=\"wp-caption-text\"><em>Mathias Vacek v b\u00edl\u00e9m trikotu l\u00eddra sout\u011b\u017ee do 25 let na Vuelt\u011b 2024.<\/em><\/figcaption><\/figure>\n<h2><strong>O t\u00fdden pozd\u011bji bude v Curychu korunov\u00e1n nov\u00fd mistr sv\u011bta. Pojedete jako l\u00eddr \u010desk\u00e9ho t\u00fdmu. S jak\u00fdmi ambicemi?<\/strong><\/h2>\n<p>Pojede se 273 kilometr\u016f a 4291 v\u00fd\u0161kov\u00fdch metr\u016f. M\u00e1m dobrou formu z Vuelty. Ud\u011bl\u00e1m maximum pro \u00fasp\u011bch, ale musel bych m\u00edt super nohy a v\u00fdjime\u010dn\u00fd den&#8230; Jsou tam skv\u011bl\u00ed vrcha\u0159i jako Poga\u010dar, Rogli\u010d, Evenepoel. Velk\u00e9 ambice bude m\u00edt Hirschi, jen\u017e pojede doma. Skv\u011blou sestavu maj\u00ed \u0160pan\u011bl\u00e9. Ale nejv\u011bt\u0161\u00edm favoritem je pro m\u011b Tadej Poga\u010dar, kter\u00fd je extr\u00e9mn\u011b motivovan\u00fd. Sou\u010dasn\u011b si nemysl\u00edm, \u017ee by odjel o n\u011bkolik minut. Kopce na trase nejsou extra dlouh\u00e9. Ur\u010dit\u011b bude cht\u00edt, aby mu t\u00fdmov\u00ed kolegov\u00e9 pole roztrhali. Sou\u010dasn\u011b si neum\u00edm p\u0159edstavit, \u017ee se dohodnou s Rogli\u010dem. Jsou to dva l\u00edd\u0159i.<\/p>\n<div class=\"shortcode-ys-post-pinup\"><article class=\"loop-simple post-27154 post type-post status-publish format-standard has-post-thumbnail hentry category-zdravi-a-trenink tag-bolest-zad tag-bolest-zad-a-cyklistika tag-bolest-zad-a-jizda-na-kole tag-co-zpusobuje-bolest-zad tag-cyklistika tag-gravel tag-horska-cyklistika tag-jak-omezit-bolest-zad tag-silnicni-cyklistika tag-zdravi-a-trenink global-categories-cycling\" data-postid=\"27154\" role=\"article\" data-post-id=\"27154\" data-word-count=\"474\" data-headline-length=\"59\" data-category=\"Zdrav\u00ed a tr\u00e9nink\" data-global-category=\"Cycling\" data-author=\"We Love Cycling\" data-published=\"2024-09-13T10:09:30+02:00\" data-published-day=\"Friday\">\n    <div class=\"entry-thumbnail article-thumbnail\" content=\"https:\/\/d2p6e6u75xmxt8.cloudfront.net\/13\/2024\/09\/197-photo-pg-5536-1920--150x150.webp\"><a href=\"https:\/\/www.welovecycling.com\/cs\/2024\/09\/13\/bolest-zad-na-kole-co-ji-zpusobuje-a-jak-ji-predchazet\/\" class=\"image-holder\" target=\"_self\"><img decoding=\"async\" loading=\"lazy\" class=\"\" src=\"https:\/\/d2p6e6u75xmxt8.cloudfront.net\/13\/2024\/09\/197-photo-pg-5536-1920--1024x577.webp\" srcset=\"https:\/\/d2p6e6u75xmxt8.cloudfront.net\/13\/2024\/09\/197-photo-pg-5536-1920-.webp 1920w, https:\/\/d2p6e6u75xmxt8.cloudfront.net\/13\/2024\/09\/197-photo-pg-5536-1920--300x169.webp 300w, https:\/\/d2p6e6u75xmxt8.cloudfront.net\/13\/2024\/09\/197-photo-pg-5536-1920--1024x577.webp 1024w, https:\/\/d2p6e6u75xmxt8.cloudfront.net\/13\/2024\/09\/197-photo-pg-5536-1920--768x432.webp 768w, https:\/\/d2p6e6u75xmxt8.cloudfront.net\/13\/2024\/09\/197-photo-pg-5536-1920--1536x865.webp 1536w, https:\/\/d2p6e6u75xmxt8.cloudfront.net\/13\/2024\/09\/197-photo-pg-5536-1920--400x225.webp 400w\" width=\"1024\" height=\"577\" sizes=\"auto, (min-width: 1200px) 354px, (min-width: 768px) 30vw, 100vw\" alt=\"bolest-zad-na-kole-co-ji-zpusobuje-a-jak-ji-predchazet\"\/><\/a><\/div>    <div class=\"entry-meta\">\n        <a class=\"label label-secondary post-category\" href=\"https:\/\/www.welovecycling.com\/cs\/category\/zdravi-a-trenink\/\" title=\"Zdrav\u00ed a tr\u00e9nink\">Zdrav\u00ed a tr\u00e9nink<\/a>\n    <\/div>\n    <div class=\"entry-details\">\n        <a href=\"https:\/\/www.welovecycling.com\/cs\/2024\/09\/13\/bolest-zad-na-kole-co-ji-zpusobuje-a-jak-ji-predchazet\/\" class='entry-title-wrapper'>\n            <h3 class=\"entry-title\"><span>Bolest zad na kole? Co ji zp\u016fsobuje a jak j\u00ed p\u0159edch\u00e1zet<\/span><\/h3>\n        <\/a>\n    <\/div>\n    <\/article>\n<\/div>\n<h2><strong>B\u011bhem olympi\u00e1dy jste odcestoval dom\u016f kv\u016fli p\u0159\u00edprav\u011b. Na mistrovstv\u00ed sv\u011bta je pauza mezi z\u00e1vody toto\u017en\u00e1. Zvol\u00edte stejn\u00fd model p\u0159\u00edpravy?<\/strong><\/h2>\n<p>Ne. Budu m\u00edt ve \u0160v\u00fdcarsku sv\u00e9ho tren\u00e9ra, sv\u00e9ho mas\u00e9ra. Podm\u00ednky pro tr\u00e9nov\u00e1n\u00ed budou super. Nav\u00edc pojedu do Curychu autem. Kdybych jel do Prahy na leti\u0161t\u011b a let\u011bl do Curychu, kde by m\u011b musel n\u011bkdo vyzvednou, vy\u0161lo by to \u010dasov\u011b stejn\u011b, mo\u017en\u00e1 je\u0161t\u011b h\u016f\u0159e. Z bar\u00e1ku budu v d\u011bji\u0161ti za \u0161est hodin. A \u00fapln\u011b na pohodu. Nav\u00edc s dostate\u010dn\u00fdm p\u0159edstihem, abych si trasu projel a nachystal se.<\/p>\n<h2><strong>Do\u0161lo b\u011bhem kr\u00e1tk\u00e9 z\u00e1vodn\u00ed pauzy i na hodnocen\u00ed va\u0161eho vystoupen\u00ed na Vuelt\u011b ze strany veden\u00ed t\u00fdmu Lidl-Trek?<\/strong><\/h2>\n<p>Ano. \u0160\u00e9fov\u00e9 byli z m\u00e9ho v\u00fdkonu p\u0159ekvapen\u00ed. Nem\u011bl jsem v\u00e1\u017en\u00fd probl\u00e9m, velkou krizi. Dok\u00e1zal jsem bojovat o etapy a sna\u017eil jsem se pomoci Mattiasi Skjelmosemu. Mnoho lid\u00ed tohle nevid\u00ed, ale jde o d\u016fle\u017eitou sou\u010d\u00e1st pr\u00e1ce. Veden\u00ed hodn\u011b hled\u00ed na t\u00fdmov\u00e9 pojet\u00ed, ochotu se ob\u011btovat. Vytvo\u0159il jsem si hodn\u011b osobn\u00edch rekord\u016f. Maxim\u00e1ln\u00ed v\u00fdkon na p\u011bt minut, na deset minut. Je hodn\u011b v\u011bc\u00ed, kter\u00e9 z\u016fst\u00e1vaj\u00ed jen uvnit\u0159 t\u00fdmu. I bez etapov\u00e9ho v\u00edt\u011bzstv\u00ed jsem uk\u00e1zal, jak d\u016fle\u017eit\u00fd a platn\u00fd jsem pro t\u00fdm Lidl-Trek.<\/p>\n<figure id=\"attachment_24404\" aria-describedby=\"caption-attachment-24404\" style=\"width: 1800px\" class=\"wp-caption alignnone\"><a href=\"https:\/\/d2p6e6u75xmxt8.cloudfront.net\/13\/2023\/12\/rec-mathias-vacek-profimedia-0796266674.webp\"><img loading=\"lazy\" decoding=\"async\" class=\"size-full wp-image-24404\" src=\"https:\/\/d2p6e6u75xmxt8.cloudfront.net\/13\/2023\/12\/rec-mathias-vacek-profimedia-0796266674.webp\" alt=\"Mathias Vacek\" width=\"1800\" height=\"1198\" srcset=\"https:\/\/d2p6e6u75xmxt8.cloudfront.net\/13\/2023\/12\/rec-mathias-vacek-profimedia-0796266674.webp 1800w, https:\/\/d2p6e6u75xmxt8.cloudfront.net\/13\/2023\/12\/rec-mathias-vacek-profimedia-0796266674-300x200.webp 300w, https:\/\/d2p6e6u75xmxt8.cloudfront.net\/13\/2023\/12\/rec-mathias-vacek-profimedia-0796266674-1024x682.webp 1024w, https:\/\/d2p6e6u75xmxt8.cloudfront.net\/13\/2023\/12\/rec-mathias-vacek-profimedia-0796266674-768x511.webp 768w, https:\/\/d2p6e6u75xmxt8.cloudfront.net\/13\/2023\/12\/rec-mathias-vacek-profimedia-0796266674-1536x1022.webp 1536w, https:\/\/d2p6e6u75xmxt8.cloudfront.net\/13\/2023\/12\/rec-mathias-vacek-profimedia-0796266674-400x266.webp 400w, https:\/\/d2p6e6u75xmxt8.cloudfront.net\/13\/2023\/12\/rec-mathias-vacek-profimedia-0796266674-272x182.webp 272w\" sizes=\"auto, (max-width: 1800px) 100vw, 1800px\" \/><\/a><figcaption id=\"caption-attachment-24404\" class=\"wp-caption-text\"><em>Mathias Vacek bude jedin\u00fdm \u010desk\u00fdm reprezentantem na mistrovstv\u00ed sv\u011bta v \u010dasovce.<\/em><\/figcaption><\/figure>\n<h2><strong>Osobn\u00ed tren\u00e9r Markel Irizar v\u00e1s za p\u0159edstaven\u00ed na Vuelt\u011b pochv\u00e1lil?<\/strong><\/h2>\n<p>Cht\u011bl jedno etapov\u00e9 v\u00edt\u011bzstv\u00ed. Ale v r\u00e1mci anal\u00fdz jednotliv\u00fdch dn\u016f vid\u011bl, \u017ee jsem odevzdal maximum. T\u0159eba v osmn\u00e1ct\u00e9 etap\u011b jsem byl hodn\u011b aktivn\u00ed. \u0160el jsem do \u00faniku, pak jsem je\u0161t\u011b odjel ze skupiny. St\u00e1lo m\u011b to moc sil a ve fin\u00e1le jsem nemohl reagovat na n\u00e1stup kluka z Kernu. N\u011bkdy je prost\u011b pot\u0159eba \u0159\u00eddit se instinktem. V\u00edm, \u017ee jsem v\u00edc pro \u00fasp\u011bch ud\u011blat nemohl. Kdybych to nezkusil, v\u016fbec bych nezjistil, jestli ta \u0161ance byla. A tren\u00e9r to v\u00ed.<\/p>\n<h2><strong>Ani jednou jste nem\u011bl pocit, \u017ee u\u017e jsou nohy pr\u00e1zdn\u00e9 a n\u011bkterou z etap ned\u00e1te?<\/strong><\/h2>\n<p>Ne. Nikdy se mi nestalo, \u017ee bych byl \u00fapln\u011b mrtv\u00fd a odpadal jsem z grupetta. V\u00e1\u017en\u011b jsem to zvl\u00e1dnul relativn\u011b na pohodu. Jde i o v\u00fdsledek skv\u011bl\u00e9ho t\u00fdmov\u00e9ho souzn\u011bn\u00ed. Star\u0161\u00ed kluci i sportovn\u00ed \u0159editel\u00e9 hodn\u011b poradili. N\u011bkdy jsem m\u011bl \u00fakol, \u017ee m\u00e1m Mattiase p\u0159it\u00e1hnout pod konkr\u00e9tn\u00ed kopec, pak si z tempa vystoupit a jet \u00fapln\u011b v klidu, abych po\u0161et\u0159il s\u00edly na dal\u0161\u00ed den.<\/p>\n<div class=\"shortcode-ys-post-pinup\"><article class=\"loop-simple post-27090 post type-post status-publish format-standard has-post-thumbnail hentry category-silnicni-cyklistika tag-att-investments tag-caja-rural-seguros-rga tag-cyklistika tag-jakub-otruba tag-prestup tag-silnicni-cyklistika tag-skoda-cup-2024 tag-zmena-dresu global-categories-cycling\" data-postid=\"27090\" role=\"article\" data-post-id=\"27090\" data-word-count=\"776\" data-headline-length=\"91\" data-category=\"Silni\u010dn\u00ed cyklistika\" data-global-category=\"Cycling\" data-author=\"Radek Malina\" data-published=\"2024-09-10T05:00:16+02:00\" data-published-day=\"Tuesday\">\n    <div class=\"entry-thumbnail article-thumbnail\" content=\"https:\/\/d2p6e6u75xmxt8.cloudfront.net\/13\/2024\/09\/profimedia-0882625191-150x150.webp\"><a href=\"https:\/\/www.welovecycling.com\/cs\/2024\/09\/10\/podepsal-jsem-prvni-smlouvu-protoze-loni-me-vypeklo-hodne-tymu-rika-jakub-otruba\/\" class=\"image-holder\" target=\"_self\"><img decoding=\"async\" loading=\"lazy\" class=\"\" src=\"https:\/\/d2p6e6u75xmxt8.cloudfront.net\/13\/2024\/09\/profimedia-0882625191-1024x682.webp\" srcset=\"https:\/\/d2p6e6u75xmxt8.cloudfront.net\/13\/2024\/09\/profimedia-0882625191.webp 1800w, https:\/\/d2p6e6u75xmxt8.cloudfront.net\/13\/2024\/09\/profimedia-0882625191-300x200.webp 300w, https:\/\/d2p6e6u75xmxt8.cloudfront.net\/13\/2024\/09\/profimedia-0882625191-1024x682.webp 1024w, https:\/\/d2p6e6u75xmxt8.cloudfront.net\/13\/2024\/09\/profimedia-0882625191-768x511.webp 768w, https:\/\/d2p6e6u75xmxt8.cloudfront.net\/13\/2024\/09\/profimedia-0882625191-1536x1022.webp 1536w, https:\/\/d2p6e6u75xmxt8.cloudfront.net\/13\/2024\/09\/profimedia-0882625191-400x266.webp 400w, https:\/\/d2p6e6u75xmxt8.cloudfront.net\/13\/2024\/09\/profimedia-0882625191-272x182.webp 272w\" width=\"1024\" height=\"682\" sizes=\"auto, (min-width: 1200px) 300px, (min-width: 768px) 25vw, 100vw\" alt=\"podepsal-jsem-prvni-smlouvu-protoze-loni-me-vypeklo-hodne-tymu-rika-jakub-otruba\"\/><\/a><\/div>    <div class=\"entry-meta\">\n        <a class=\"label label-secondary post-category\" href=\"https:\/\/www.welovecycling.com\/cs\/category\/silnicni-cyklistika\/\" title=\"Silni\u010dn\u00ed cyklistika\">Silni\u010dn\u00ed cyklistika<\/a>\n    <\/div>\n    <div class=\"entry-details\">\n        <a href=\"https:\/\/www.welovecycling.com\/cs\/2024\/09\/10\/podepsal-jsem-prvni-smlouvu-protoze-loni-me-vypeklo-hodne-tymu-rika-jakub-otruba\/\" class='entry-title-wrapper'>\n            <h3 class=\"entry-title\"><span>Podepsal jsem prvn\u00ed smlouvu, proto\u017ee loni m\u011b vypeklo hodn\u011b t\u00fdm\u016f, \u0159\u00edk\u00e1 Jakub Otruba<\/span><\/h3>\n        <\/a>\n    <\/div>\n    <\/article>\n<\/div>\n<h2><strong>Vueltu 2024 prov\u00e1zelo extr\u00e9mn\u00ed vedro. Vypo\u0159\u00e1dal jste se s vysok\u00fdmi teplotami dob\u0159e?<\/strong><\/h2>\n<p>Do prvn\u00edho voln\u00e9ho dne byly teploty skute\u010dn\u011b extr\u00e9mn\u00ed. Zejm\u00e9na p\u0159i etap\u011b z Motrilu do Granady to bylo peklo. Na startu bylo d\u011bsn\u00e9 vlhko. Pot ze m\u011b lil je\u0161t\u011b p\u0159ed n\u00e1stupem na start, b\u011bhem cesty k nult\u00e9mu kilometru jsem si p\u0159ipadal jako ve spr\u0161e. Mysl\u00edm, \u017ee ten den bylo po\u010das\u00ed na limitu. Je v\u0161ak pot\u0159eba se um\u011bt aklimatizovat. Kdy\u017e \u010dlov\u011bk bojuje s vedrem, nen\u00ed schopn\u00fd podat optim\u00e1ln\u00ed v\u00fdkon. Klidn\u011b se to m\u016f\u017ee projevit hodnotami men\u0161\u00edmi t\u0159eba o t\u0159icet watt\u016f, co\u017e je v kone\u010dn\u00e9m sou\u010dtu obrovsk\u00fd rozd\u00edl. Vyu\u017e\u00edval jsem maxim\u00e1ln\u011b ledov\u00e9 vesty, baz\u00e9nky s ledovou vodou nebo vany napln\u011bn\u00e9 ledem na pokoji.<\/p>\n<h2><strong>Bylo pot\u0159eba pamatovat v mimo\u0159\u00e1dn\u00fdch podm\u00ednk\u00e1ch i na v\u011bt\u0161\u00ed p\u0159\u00edjem j\u00eddla?<\/strong><\/h2>\n<p>Sna\u017eil jsem se dob\u0159e j\u00edst. M\u011bli jsme vlastn\u00edho kucha\u0159e a hodn\u011b pestr\u00fd j\u00eddeln\u00ed\u010dek. Poka\u017ed\u00e9 jsem se na j\u00eddlo t\u011b\u0161il. Ani jednou se mi nestalo, \u017ee bych si \u0159\u00edkal, co m\u011b zase \u010dek\u00e1. M\u011bli jsme super servis. Sou\u010dasn\u011b jsem se sna\u017eil nep\u0159ej\u00eddat, proto\u017ee j\u00eddlo na sebe v\u00e1\u017ee tekutiny a necht\u011bl jsem b\u00fdt nafouknut\u00fd jako balon.<\/p>\n<figure id=\"attachment_26783\" aria-describedby=\"caption-attachment-26783\" style=\"width: 1920px\" class=\"wp-caption alignnone\"><a href=\"https:\/\/d2p6e6u75xmxt8.cloudfront.net\/13\/2024\/08\/mathias-vacek-start-michal-cerveny-pariz-2024-scaled.webp\"><img loading=\"lazy\" decoding=\"async\" class=\"size-extra-large wp-image-26783\" src=\"https:\/\/d2p6e6u75xmxt8.cloudfront.net\/13\/2024\/08\/mathias-vacek-start-michal-cerveny-pariz-2024-1920x1281.webp\" alt=\"Mathias Vacek\" width=\"1920\" height=\"1281\" srcset=\"https:\/\/d2p6e6u75xmxt8.cloudfront.net\/13\/2024\/08\/mathias-vacek-start-michal-cerveny-pariz-2024-1920x1281.webp 1920w, https:\/\/d2p6e6u75xmxt8.cloudfront.net\/13\/2024\/08\/mathias-vacek-start-michal-cerveny-pariz-2024-300x200.webp 300w, https:\/\/d2p6e6u75xmxt8.cloudfront.net\/13\/2024\/08\/mathias-vacek-start-michal-cerveny-pariz-2024-1024x683.webp 1024w, https:\/\/d2p6e6u75xmxt8.cloudfront.net\/13\/2024\/08\/mathias-vacek-start-michal-cerveny-pariz-2024-768x512.webp 768w, https:\/\/d2p6e6u75xmxt8.cloudfront.net\/13\/2024\/08\/mathias-vacek-start-michal-cerveny-pariz-2024-1536x1025.webp 1536w, https:\/\/d2p6e6u75xmxt8.cloudfront.net\/13\/2024\/08\/mathias-vacek-start-michal-cerveny-pariz-2024-2048x1366.webp 2048w, https:\/\/d2p6e6u75xmxt8.cloudfront.net\/13\/2024\/08\/mathias-vacek-start-michal-cerveny-pariz-2024-400x267.webp 400w, https:\/\/d2p6e6u75xmxt8.cloudfront.net\/13\/2024\/08\/mathias-vacek-start-michal-cerveny-pariz-2024-272x182.webp 272w, https:\/\/d2p6e6u75xmxt8.cloudfront.net\/13\/2024\/08\/mathias-vacek-start-michal-cerveny-pariz-2024-1920x1281.webp 1920w\" sizes=\"auto, (max-width: 1920px) 100vw, 1920px\" \/><\/a><figcaption id=\"caption-attachment-26783\" class=\"wp-caption-text\"><em>Mathias Vacek zaz\u00e1\u0159il na olympijsk\u00fdch hr\u00e1ch v Pa\u0159\u00ed\u017ei i n\u00e1sledn\u00e9 Vuelt\u011b. Foto: Michal \u010cerven\u00fd<\/em><\/figcaption><\/figure>\n<h2><strong>B\u011bhem \u00favodn\u00ed \u010dasovky jste sahal po rud\u00e9m dresu, nakonec v\u00edt\u011bzstv\u00ed v etap\u011b o dv\u011b sekundy uniklo. \u0160el jste na start s pl\u00e1nem z\u00edskat veden\u00ed v z\u00e1vodu?<\/strong><\/h2>\n<p>Jo. V\u011b\u0159il jsem, \u017ee dvan\u00e1ct kilometr\u016f v \u010dasovce mohu zajet nejrychleji. V c\u00edli pak chodili soupe\u0159i a u\u017e mi gratulovali, ale nakonec byl McNulty rychlej\u0161\u00ed. Alespo\u0148 jsem jel t\u0159i dny v b\u00edl\u00e9m dresu nejlep\u0161\u00edho mlad\u00e9ho jezdce. Posledn\u00ed t\u0159i dny ho vezl Mattias Skjelmose, kter\u00fd byl nav\u00edc p\u00e1t\u00fd v absolutn\u00edm po\u0159ad\u00ed, tak\u017ee v t\u00fdmu panovala velk\u00e1 spokojenost. Mysl\u00edm, \u017ee jsme d\u011blali jako t\u00fdm minimum chyb.<\/p>\n<h2><strong>Kdy\u017e nevy\u0161el zisk rud\u00e9ho trikotu v prvn\u00ed etap\u011b, m\u011bl Mathias Vacek pr\u016fb\u011b\u017en\u00e9 veden\u00ed na mu\u0161ce \u00fasp\u011bchem ve sprintu p\u0159i druh\u00e9m d\u011bjstv\u00ed, do n\u011bho\u017e jste vstupoval po skv\u011bl\u00e9 \u010dasovce s vidinou bonifika\u010dn\u00edch vte\u0159in?<\/strong><\/h2>\n<p>M\u011bli jsme to jako t\u00fdm p\u0159ipraven\u00e9. Ale v okam\u017eiku, kdy m\u011b srazil opil\u00fd fanou\u0161ek, bylo po nad\u011bj\u00edch. Jak jsem musel smazat ztr\u00e1tu na peloton, ztratil jsem hodn\u011b sil. A byl jsem i tro\u0161ku rozhozen\u00fd.<\/p>\n<h2><strong>\u0160tval v\u00e1s incident hodn\u011b s v\u011bdom\u00edm, \u017ee jste mohl b\u00fdt v \u010dele Grand Tour?<\/strong><\/h2>\n<p>Incidenty ob\u010das cyklistiku prov\u00e1z\u00ed. Byl jsem extr\u00e9mn\u011b na\u0161tvan\u00fd. Ale vyv\u00e1zl jsem jen s men\u0161\u00edmi od\u0159eninami. Taky jsem si mohl zlomit kl\u00ed\u010dn\u00ed kost.<\/p>\n<figure id=\"attachment_25920\" aria-describedby=\"caption-attachment-25920\" style=\"width: 1920px\" class=\"wp-caption alignnone\"><a href=\"https:\/\/d2p6e6u75xmxt8.cloudfront.net\/13\/2024\/06\/BrychtaJan_UCI_WC_Glasgow_20230804_161931_DSC_2063-scaled.webp\"><img loading=\"lazy\" decoding=\"async\" class=\"size-extra-large wp-image-25920\" src=\"https:\/\/d2p6e6u75xmxt8.cloudfront.net\/13\/2024\/06\/BrychtaJan_UCI_WC_Glasgow_20230804_161931_DSC_2063-1920x1282.webp\" alt=\"Mathias Vacek bude \u010cesko reprezentovat na olympijsk\u00fdch hr\u00e1ch v Pa\u0159\u00ed\u017ei 2024.\" width=\"1920\" height=\"1282\" srcset=\"https:\/\/d2p6e6u75xmxt8.cloudfront.net\/13\/2024\/06\/BrychtaJan_UCI_WC_Glasgow_20230804_161931_DSC_2063-1920x1282.webp 1920w, https:\/\/d2p6e6u75xmxt8.cloudfront.net\/13\/2024\/06\/BrychtaJan_UCI_WC_Glasgow_20230804_161931_DSC_2063-300x200.webp 300w, https:\/\/d2p6e6u75xmxt8.cloudfront.net\/13\/2024\/06\/BrychtaJan_UCI_WC_Glasgow_20230804_161931_DSC_2063-1024x684.webp 1024w, https:\/\/d2p6e6u75xmxt8.cloudfront.net\/13\/2024\/06\/BrychtaJan_UCI_WC_Glasgow_20230804_161931_DSC_2063-768x513.webp 768w, https:\/\/d2p6e6u75xmxt8.cloudfront.net\/13\/2024\/06\/BrychtaJan_UCI_WC_Glasgow_20230804_161931_DSC_2063-1536x1025.webp 1536w, https:\/\/d2p6e6u75xmxt8.cloudfront.net\/13\/2024\/06\/BrychtaJan_UCI_WC_Glasgow_20230804_161931_DSC_2063-2048x1367.webp 2048w, https:\/\/d2p6e6u75xmxt8.cloudfront.net\/13\/2024\/06\/BrychtaJan_UCI_WC_Glasgow_20230804_161931_DSC_2063-400x267.webp 400w, https:\/\/d2p6e6u75xmxt8.cloudfront.net\/13\/2024\/06\/BrychtaJan_UCI_WC_Glasgow_20230804_161931_DSC_2063-272x182.webp 272w, https:\/\/d2p6e6u75xmxt8.cloudfront.net\/13\/2024\/06\/BrychtaJan_UCI_WC_Glasgow_20230804_161931_DSC_2063-1920x1282.webp 1920w\" sizes=\"auto, (max-width: 1920px) 100vw, 1920px\" \/><\/a><figcaption id=\"caption-attachment-25920\" class=\"wp-caption-text\"><em>Mathias Vacek bude \u010cesko reprezentovat na mistrovstv\u00ed sv\u011bta ve \u0160v\u00fdcarsku 2024.<\/em><\/figcaption><\/figure>\n<h2><strong>Bezprost\u0159edn\u011b po p\u00e1du se zd\u00e1lo, \u017ee si s fanou\u0161kem, kter\u00fd v\u00e1s srazil, chcete v\u0161echno &#8222;vysv\u011btlit&#8220; ru\u010dn\u011b&#8230;<\/strong><\/h2>\n<p>Jenom jsem zak\u0159i\u010del. Nem\u011blo smysl ztr\u00e1cet zbyte\u010dn\u011b energii. Stejn\u011b byl \u00fapln\u011b na mol, nijak bych si nepomohl. Hned vedle st\u00e1li n\u011bjac\u00ed fanou\u0161ci a vypadali, \u017ee mu daj\u00ed za mn\u011b. Mo\u017en\u00e1 se tak stalo, ale j\u00e1 byl r\u00e1d, \u017ee jsem mohl sednout na kolo a pokra\u010dovat.<\/p>\n<div class=\"shortcode-ys-post-pinup\"><article class=\"loop-simple post-26987 post type-post status-publish format-standard has-post-thumbnail hentry category-silnicni-cyklistika tag-bily-dres tag-casovka tag-cyklistika tag-mathias-vacek tag-pavel-bittner tag-silnicni-cyklistika tag-vitezstvi-v-etape tag-vuelta tag-wout-van-aert tag-zdenek-stybar global-categories-cycling\" data-postid=\"26987\" role=\"article\" data-post-id=\"26987\" data-word-count=\"500\" data-headline-length=\"85\" data-category=\"Silni\u010dn\u00ed cyklistika\" data-global-category=\"Cycling\" data-author=\"We Love Cycling\" data-published=\"2024-08-25T20:43:49+02:00\" data-published-day=\"Sunday\">\n    <div class=\"entry-thumbnail article-thumbnail\" content=\"https:\/\/d2p6e6u75xmxt8.cloudfront.net\/13\/2024\/07\/1800-x-1200-velky-150x150.webp\"><a href=\"https:\/\/www.welovecycling.com\/cs\/2024\/08\/25\/mathias-vacek-pavel-bittner-a-jejich-nejvetsi-vyhra-tymy-se-pro-ne-obetuji-rika-expert\/\" class=\"image-holder\" target=\"_self\"><img decoding=\"async\" loading=\"lazy\" class=\"\" src=\"https:\/\/d2p6e6u75xmxt8.cloudfront.net\/13\/2024\/07\/1800-x-1200-velky-1024x683.webp\" srcset=\"https:\/\/d2p6e6u75xmxt8.cloudfront.net\/13\/2024\/07\/1800-x-1200-velky.webp 1800w, https:\/\/d2p6e6u75xmxt8.cloudfront.net\/13\/2024\/07\/1800-x-1200-velky-300x200.webp 300w, https:\/\/d2p6e6u75xmxt8.cloudfront.net\/13\/2024\/07\/1800-x-1200-velky-1024x683.webp 1024w, https:\/\/d2p6e6u75xmxt8.cloudfront.net\/13\/2024\/07\/1800-x-1200-velky-768x512.webp 768w, https:\/\/d2p6e6u75xmxt8.cloudfront.net\/13\/2024\/07\/1800-x-1200-velky-1536x1024.webp 1536w, https:\/\/d2p6e6u75xmxt8.cloudfront.net\/13\/2024\/07\/1800-x-1200-velky-400x267.webp 400w, https:\/\/d2p6e6u75xmxt8.cloudfront.net\/13\/2024\/07\/1800-x-1200-velky-272x182.webp 272w\" width=\"1024\" height=\"683\" sizes=\"auto, (min-width: 1200px) 300px, (min-width: 768px) 25vw, 100vw\" alt=\"mathias-vacek-pavel-bittner-a-jejich-nejvetsi-vyhra-tymy-se-pro-ne-obetuji-rika-expert\"\/><\/a><\/div>    <div class=\"entry-meta\">\n        <a class=\"label label-secondary post-category\" href=\"https:\/\/www.welovecycling.com\/cs\/category\/silnicni-cyklistika\/\" title=\"Silni\u010dn\u00ed cyklistika\">Silni\u010dn\u00ed cyklistika<\/a>\n    <\/div>\n    <div class=\"entry-details\">\n        <a href=\"https:\/\/www.welovecycling.com\/cs\/2024\/08\/25\/mathias-vacek-pavel-bittner-a-jejich-nejvetsi-vyhra-tymy-se-pro-ne-obetuji-rika-expert\/\" class='entry-title-wrapper'>\n            <h3 class=\"entry-title\"><span>Mathias Vacek, Pavel Bittner a jejich nejv\u011bt\u0161\u00ed v\u00fdhry? T\u00fdmy se pro n\u011b ob\u011btuj\u00ed!<\/span><\/h3>\n        <\/a>\n    <\/div>\n    <\/article>\n<\/div>\n<h2><strong>V\u00e1\u0161 bratr Karel jel v minul\u00e9 sezon\u011b Giro, \u0161lo o jeho prvn\u00ed Grand Tour. Pro v\u00e1s byla premi\u00e9rou leto\u0161n\u00ed Vuelta. \u0158e\u0161ili jste, co bylo n\u00e1ro\u010dn\u011bj\u0161\u00ed?<\/strong><\/h2>\n<p>Je to nesrovnateln\u00e9. S ohledem na extr\u00e9mn\u00ed sr\u00e1\u017eky, de\u0161\u0165ov\u00e9 a dokonce i sn\u011bhov\u00e9, bylo lo\u0148sk\u00e9 Giro naprosto mimo hodnocen\u00ed. Na druhou stranu leto\u0161n\u00ed <a href=\"https:\/\/www.welovecycling.com\/cs\/2024\/09\/05\/byk-poskakujici-mezi-cyklisty-pred-startem-etapy-i-to-je-vuelta\/\">Vuelta<\/a> se jela po\u0159\u00e1d do kopce. Mno\u017estv\u00ed v\u00fd\u0161kov\u00fdch metr\u016f bylo extr\u00e9mn\u00ed. Nebylo mnoho etap, kter\u00e9 by mi profilem vylo\u017een\u011b sed\u011bli, co\u017e bylo tro\u0161ku demotivuj\u00edc\u00ed. Ka\u017edop\u00e1dn\u011b Karel nem\u011bl minul\u00fd rok k dispozici t\u00fdmov\u00e9ho kucha\u0159e, tak\u017ee na\u0161e Vuelta byla snadn\u011bj\u0161\u00ed. J\u00eddlo je p\u0159eci z\u00e1klad&#8230;<\/p>\n","protected":false},"excerpt":{"rendered":"<p>Sed\u011bl na ergometru a s lehk\u00fdm znepokojen\u00edm sledoval, jak stoup\u00e1 Studen\u00e1 Vltava. Mathias Vacek se chystal na mistrovstv\u00ed sv\u011bta v [&hellip;]<\/p>\n","protected":false},"author":138,"featured_media":27184,"comment_status":"open","ping_status":"open","sticky":false,"template":"","format":"standard","meta":{"footnotes":""},"categories":[10],"tags":[126,3152,305,3400,3814,9,273,3351,67],"global-categories":[411],"class_list":["post-27183","post","type-post","status-publish","format-standard","has-post-thumbnail","hentry","category-silnicni-cyklistika","tag-cyklistika","tag-lidl-trek","tag-mathias-vacek","tag-ms-2024","tag-ms-ve-svycarsku","tag-silnicni-cyklistika","tag-vuelta","tag-vuelta-2024","tag-zdravi-a-trenink","global-categories-cycling"],"yoast_head":"<!-- This site is optimized with the Yoast SEO Premium plugin v25.3 (Yoast SEO v25.9) - https:\/\/yoast.com\/wordpress\/plugins\/seo\/ -->\n<title>\u0160\u00e9fov\u00e9 byli p\u0159ekvapen\u00ed! Mathias Vacek o Vuelt\u011b, opilci, co jej srazil, i form\u011b pro mistrovstv\u00ed sv\u011bta | \u0160koda We Love Cycling - \u010cesk\u00e1 republika<\/title>\n<meta name=\"description\" content=\"Sed\u011bl na ergometru a s lehk\u00fdm znepokojen\u00edm sledoval, jak stoup\u00e1 Studen\u00e1 Vltava. Mathias Vacek se chystal na mistrovstv\u00ed sv\u011bta v silni\u010dn\u00ed cyklistice hodn\u011b netradi\u010dn\u011b. V noh\u00e1ch m\u011bl premi\u00e9rovou Grand Tour kari\u00e9ry. Na \u0161pan\u011blsk\u00e9 Vuelt\u011b oslnil. P\u0159\u00edprava pro mistrovstv\u00ed sv\u011bta v\u0161ak byla naru\u0161en\u00e1 extr\u00e9mn\u00edm sr\u00e1\u017ekami, kter\u00e9 \u010cesko zas\u00e1hly v polovin\u011b z\u00e1\u0159\u00ed. &quot;Na\u0161t\u011bst\u00ed se voda rozlila na louku na druhou stranu od bar\u00e1ku,&quot; ulevil si dvaadvacetilet\u00fd cyklista Lidl-Trek.\" \/>\n<meta name=\"robots\" content=\"index, follow, max-snippet:-1, max-image-preview:large, max-video-preview:-1\" \/>\n<link rel=\"canonical\" href=\"https:\/\/www.welovecycling.com\/cs\/2024\/09\/19\/sefove-byli-prekvapeni-mathias-vacek-o-vuelte-opilci-co-jej-pripravil-o-rudy-trikot-i-forme-pro-mistrovstvi-sveta\/\" \/>\n<meta property=\"og:locale\" content=\"cs_CZ\" \/>\n<meta property=\"og:type\" content=\"article\" \/>\n<meta property=\"og:title\" content=\"\u0160\u00e9fov\u00e9 byli p\u0159ekvapen\u00ed! Mathias Vacek o Vuelt\u011b, opilci, co jej srazil, i form\u011b pro mistrovstv\u00ed sv\u011bta\" \/>\n<meta property=\"og:description\" content=\"Sed\u011bl na ergometru a s lehk\u00fdm znepokojen\u00edm sledoval, jak stoup\u00e1 Studen\u00e1 Vltava. Mathias Vacek se chystal na mistrovstv\u00ed sv\u011bta v silni\u010dn\u00ed cyklistice hodn\u011b netradi\u010dn\u011b. V noh\u00e1ch m\u011bl premi\u00e9rovou Grand Tour kari\u00e9ry. Na \u0161pan\u011blsk\u00e9 Vuelt\u011b oslnil. P\u0159\u00edprava pro mistrovstv\u00ed sv\u011bta v\u0161ak byla naru\u0161en\u00e1 extr\u00e9mn\u00edm sr\u00e1\u017ekami, kter\u00e9 \u010cesko zas\u00e1hly v polovin\u011b z\u00e1\u0159\u00ed. &quot;Na\u0161t\u011bst\u00ed se voda rozlila na louku na druhou stranu od bar\u00e1ku,&quot; ulevil si dvaadvacetilet\u00fd cyklista Lidl-Trek.\" \/>\n<meta property=\"og:url\" content=\"https:\/\/www.welovecycling.com\/cs\/2024\/09\/19\/sefove-byli-prekvapeni-mathias-vacek-o-vuelte-opilci-co-jej-pripravil-o-rudy-trikot-i-forme-pro-mistrovstvi-sveta\/\" \/>\n<meta property=\"og:site_name\" content=\"\u0160koda We Love Cycling - \u010cesk\u00e1 republika\" \/>\n<meta property=\"article:published_time\" content=\"2024-09-19T03:00:01+00:00\" \/>\n<meta property=\"og:image\" content=\"https:\/\/d2p6e6u75xmxt8.cloudfront.net\/13\/2024\/09\/profimedia-0899885786.webp\" \/>\n\t<meta property=\"og:image:width\" content=\"1800\" \/>\n\t<meta property=\"og:image:height\" content=\"1200\" \/>\n\t<meta property=\"og:image:type\" content=\"image\/webp\" \/>\n<meta name=\"author\" content=\"radekmalina\" \/>\n<meta name=\"twitter:card\" content=\"summary_large_image\" \/>\n<meta name=\"twitter:label1\" content=\"Written by\" \/>\n\t<meta name=\"twitter:data1\" content=\"We Love Cycling\" \/>\n\t<meta name=\"twitter:label2\" content=\"Est. reading time\" \/>\n\t<meta name=\"twitter:data2\" content=\"5\" \/>\n<script type=\"application\/ld+json\" class=\"yoast-schema-graph\">{\"@context\":\"https:\/\/schema.org\",\"@graph\":[{\"@type\":\"WebPage\",\"@id\":\"https:\/\/www.welovecycling.com\/cs\/2024\/09\/19\/sefove-byli-prekvapeni-mathias-vacek-o-vuelte-opilci-co-jej-pripravil-o-rudy-trikot-i-forme-pro-mistrovstvi-sveta\/\",\"url\":\"https:\/\/www.welovecycling.com\/cs\/2024\/09\/19\/sefove-byli-prekvapeni-mathias-vacek-o-vuelte-opilci-co-jej-pripravil-o-rudy-trikot-i-forme-pro-mistrovstvi-sveta\/\",\"name\":\"\u0160\u00e9fov\u00e9 byli p\u0159ekvapen\u00ed! Mathias Vacek o Vuelt\u011b, opilci, co jej srazil, i form\u011b pro mistrovstv\u00ed sv\u011bta | \u0160koda We Love Cycling - \u010cesk\u00e1 republika\",\"isPartOf\":{\"@id\":\"https:\/\/www.welovecycling.com\/cs\/#website\"},\"primaryImageOfPage\":{\"@id\":\"https:\/\/www.welovecycling.com\/cs\/2024\/09\/19\/sefove-byli-prekvapeni-mathias-vacek-o-vuelte-opilci-co-jej-pripravil-o-rudy-trikot-i-forme-pro-mistrovstvi-sveta\/#primaryimage\"},\"image\":{\"@id\":\"https:\/\/www.welovecycling.com\/cs\/2024\/09\/19\/sefove-byli-prekvapeni-mathias-vacek-o-vuelte-opilci-co-jej-pripravil-o-rudy-trikot-i-forme-pro-mistrovstvi-sveta\/#primaryimage\"},\"thumbnailUrl\":\"https:\/\/d2p6e6u75xmxt8.cloudfront.net\/13\/2024\/09\/profimedia-0899885786.webp\",\"datePublished\":\"2024-09-19T03:00:01+00:00\",\"author\":{\"@id\":\"https:\/\/www.welovecycling.com\/cs\/#\/schema\/person\/d9eeb0a378f3a7e4a6d12d2b536b04b8\"},\"description\":\"Sed\u011bl na ergometru a s lehk\u00fdm znepokojen\u00edm sledoval, jak stoup\u00e1 Studen\u00e1 Vltava. Mathias Vacek se chystal na mistrovstv\u00ed sv\u011bta v silni\u010dn\u00ed cyklistice hodn\u011b netradi\u010dn\u011b. V noh\u00e1ch m\u011bl premi\u00e9rovou Grand Tour kari\u00e9ry. Na \u0161pan\u011blsk\u00e9 Vuelt\u011b oslnil. P\u0159\u00edprava pro mistrovstv\u00ed sv\u011bta v\u0161ak byla naru\u0161en\u00e1 extr\u00e9mn\u00edm sr\u00e1\u017ekami, kter\u00e9 \u010cesko zas\u00e1hly v polovin\u011b z\u00e1\u0159\u00ed. \\\"Na\u0161t\u011bst\u00ed se voda rozlila na louku na druhou stranu od bar\u00e1ku,\\\" ulevil si dvaadvacetilet\u00fd cyklista Lidl-Trek.\",\"inLanguage\":\"cs\",\"potentialAction\":[{\"@type\":\"ReadAction\",\"target\":[\"https:\/\/www.welovecycling.com\/cs\/2024\/09\/19\/sefove-byli-prekvapeni-mathias-vacek-o-vuelte-opilci-co-jej-pripravil-o-rudy-trikot-i-forme-pro-mistrovstvi-sveta\/\"]}]},{\"@type\":\"ImageObject\",\"inLanguage\":\"cs\",\"@id\":\"https:\/\/www.welovecycling.com\/cs\/2024\/09\/19\/sefove-byli-prekvapeni-mathias-vacek-o-vuelte-opilci-co-jej-pripravil-o-rudy-trikot-i-forme-pro-mistrovstvi-sveta\/#primaryimage\",\"url\":\"https:\/\/d2p6e6u75xmxt8.cloudfront.net\/13\/2024\/09\/profimedia-0899885786.webp\",\"contentUrl\":\"https:\/\/d2p6e6u75xmxt8.cloudfront.net\/13\/2024\/09\/profimedia-0899885786.webp\",\"width\":1800,\"height\":1200,\"caption\":\"Mathias Vacek na Vuelt\u011b 2024\"},{\"@type\":\"WebSite\",\"@id\":\"https:\/\/www.welovecycling.com\/cs\/#website\",\"url\":\"https:\/\/www.welovecycling.com\/cs\/\",\"name\":\"\u0160koda We Love Cycling - \u010cesk\u00e1 republika\",\"description\":\"WeLoveCycling.cz je online magaz\u00edn, kter\u00fd v\u00e1m pravideln\u011b p\u0159in\u00e1\u0161\u00ed rady a tipy, zaj\u00edmav\u00e9 \u010dl\u00e1nky, videa a jedine\u010dn\u00e9 report\u00e1\u017ee ze sv\u011bta cyklistiky.\",\"potentialAction\":[{\"@type\":\"SearchAction\",\"target\":{\"@type\":\"EntryPoint\",\"urlTemplate\":\"https:\/\/www.welovecycling.com\/cs\/?s={search_term_string}\"},\"query-input\":{\"@type\":\"PropertyValueSpecification\",\"valueRequired\":true,\"valueName\":\"search_term_string\"}}],\"inLanguage\":\"cs\"},{\"@type\":\"Person\",\"@id\":\"https:\/\/www.welovecycling.com\/cs\/#\/schema\/person\/d9eeb0a378f3a7e4a6d12d2b536b04b8\",\"name\":\"radekmalina\",\"image\":{\"@type\":\"ImageObject\",\"inLanguage\":\"cs\",\"@id\":\"https:\/\/www.welovecycling.com\/cs\/#\/schema\/person\/image\/\",\"url\":\"https:\/\/secure.gravatar.com\/avatar\/66994b632cb8c39a46b9f54afa3ae07201b678d32a54275b6f1c9ffec356bfc0?s=96&d=mm&r=g\",\"contentUrl\":\"https:\/\/secure.gravatar.com\/avatar\/66994b632cb8c39a46b9f54afa3ae07201b678d32a54275b6f1c9ffec356bfc0?s=96&d=mm&r=g\",\"caption\":\"radekmalina\"},\"url\":\"https:\/\/www.welovecycling.com\/cs\/author\/radekmalina\/\"}]}<\/script>\n<!-- \/ Yoast SEO Premium plugin. -->","yoast_head_json":{"title":"\u0160\u00e9fov\u00e9 byli p\u0159ekvapen\u00ed! Mathias Vacek o Vuelt\u011b, opilci, co jej srazil, i form\u011b pro mistrovstv\u00ed sv\u011bta | \u0160koda We Love Cycling - \u010cesk\u00e1 republika","description":"Sed\u011bl na ergometru a s lehk\u00fdm znepokojen\u00edm sledoval, jak stoup\u00e1 Studen\u00e1 Vltava. Mathias Vacek se chystal na mistrovstv\u00ed sv\u011bta v silni\u010dn\u00ed cyklistice hodn\u011b netradi\u010dn\u011b. V noh\u00e1ch m\u011bl premi\u00e9rovou Grand Tour kari\u00e9ry. Na \u0161pan\u011blsk\u00e9 Vuelt\u011b oslnil. P\u0159\u00edprava pro mistrovstv\u00ed sv\u011bta v\u0161ak byla naru\u0161en\u00e1 extr\u00e9mn\u00edm sr\u00e1\u017ekami, kter\u00e9 \u010cesko zas\u00e1hly v polovin\u011b z\u00e1\u0159\u00ed. \"Na\u0161t\u011bst\u00ed se voda rozlila na louku na druhou stranu od bar\u00e1ku,\" ulevil si dvaadvacetilet\u00fd cyklista Lidl-Trek.","robots":{"index":"index","follow":"follow","max-snippet":"max-snippet:-1","max-image-preview":"max-image-preview:large","max-video-preview":"max-video-preview:-1"},"canonical":"https:\/\/www.welovecycling.com\/cs\/2024\/09\/19\/sefove-byli-prekvapeni-mathias-vacek-o-vuelte-opilci-co-jej-pripravil-o-rudy-trikot-i-forme-pro-mistrovstvi-sveta\/","og_locale":"cs_CZ","og_type":"article","og_title":"\u0160\u00e9fov\u00e9 byli p\u0159ekvapen\u00ed! Mathias Vacek o Vuelt\u011b, opilci, co jej srazil, i form\u011b pro mistrovstv\u00ed sv\u011bta","og_description":"Sed\u011bl na ergometru a s lehk\u00fdm znepokojen\u00edm sledoval, jak stoup\u00e1 Studen\u00e1 Vltava. Mathias Vacek se chystal na mistrovstv\u00ed sv\u011bta v silni\u010dn\u00ed cyklistice hodn\u011b netradi\u010dn\u011b. V noh\u00e1ch m\u011bl premi\u00e9rovou Grand Tour kari\u00e9ry. Na \u0161pan\u011blsk\u00e9 Vuelt\u011b oslnil. P\u0159\u00edprava pro mistrovstv\u00ed sv\u011bta v\u0161ak byla naru\u0161en\u00e1 extr\u00e9mn\u00edm sr\u00e1\u017ekami, kter\u00e9 \u010cesko zas\u00e1hly v polovin\u011b z\u00e1\u0159\u00ed. \"Na\u0161t\u011bst\u00ed se voda rozlila na louku na druhou stranu od bar\u00e1ku,\" ulevil si dvaadvacetilet\u00fd cyklista Lidl-Trek.","og_url":"https:\/\/www.welovecycling.com\/cs\/2024\/09\/19\/sefove-byli-prekvapeni-mathias-vacek-o-vuelte-opilci-co-jej-pripravil-o-rudy-trikot-i-forme-pro-mistrovstvi-sveta\/","og_site_name":"\u0160koda We Love Cycling - \u010cesk\u00e1 republika","article_published_time":"2024-09-19T03:00:01+00:00","og_image":[{"width":1800,"height":1200,"url":"https:\/\/d2p6e6u75xmxt8.cloudfront.net\/13\/2024\/09\/profimedia-0899885786.webp","type":"image\/webp"}],"author":"radekmalina","twitter_card":"summary_large_image","twitter_misc":{"Written by":"We Love Cycling","Est. reading time":"5"},"schema":{"@context":"https:\/\/schema.org","@graph":[{"@type":"WebPage","@id":"https:\/\/www.welovecycling.com\/cs\/2024\/09\/19\/sefove-byli-prekvapeni-mathias-vacek-o-vuelte-opilci-co-jej-pripravil-o-rudy-trikot-i-forme-pro-mistrovstvi-sveta\/","url":"https:\/\/www.welovecycling.com\/cs\/2024\/09\/19\/sefove-byli-prekvapeni-mathias-vacek-o-vuelte-opilci-co-jej-pripravil-o-rudy-trikot-i-forme-pro-mistrovstvi-sveta\/","name":"\u0160\u00e9fov\u00e9 byli p\u0159ekvapen\u00ed! Mathias Vacek o Vuelt\u011b, opilci, co jej srazil, i form\u011b pro mistrovstv\u00ed sv\u011bta | \u0160koda We Love Cycling - \u010cesk\u00e1 republika","isPartOf":{"@id":"https:\/\/www.welovecycling.com\/cs\/#website"},"primaryImageOfPage":{"@id":"https:\/\/www.welovecycling.com\/cs\/2024\/09\/19\/sefove-byli-prekvapeni-mathias-vacek-o-vuelte-opilci-co-jej-pripravil-o-rudy-trikot-i-forme-pro-mistrovstvi-sveta\/#primaryimage"},"image":{"@id":"https:\/\/www.welovecycling.com\/cs\/2024\/09\/19\/sefove-byli-prekvapeni-mathias-vacek-o-vuelte-opilci-co-jej-pripravil-o-rudy-trikot-i-forme-pro-mistrovstvi-sveta\/#primaryimage"},"thumbnailUrl":"https:\/\/d2p6e6u75xmxt8.cloudfront.net\/13\/2024\/09\/profimedia-0899885786.webp","datePublished":"2024-09-19T03:00:01+00:00","author":{"@id":"https:\/\/www.welovecycling.com\/cs\/#\/schema\/person\/d9eeb0a378f3a7e4a6d12d2b536b04b8"},"description":"Sed\u011bl na ergometru a s lehk\u00fdm znepokojen\u00edm sledoval, jak stoup\u00e1 Studen\u00e1 Vltava. Mathias Vacek se chystal na mistrovstv\u00ed sv\u011bta v silni\u010dn\u00ed cyklistice hodn\u011b netradi\u010dn\u011b. V noh\u00e1ch m\u011bl premi\u00e9rovou Grand Tour kari\u00e9ry. Na \u0161pan\u011blsk\u00e9 Vuelt\u011b oslnil. P\u0159\u00edprava pro mistrovstv\u00ed sv\u011bta v\u0161ak byla naru\u0161en\u00e1 extr\u00e9mn\u00edm sr\u00e1\u017ekami, kter\u00e9 \u010cesko zas\u00e1hly v polovin\u011b z\u00e1\u0159\u00ed. \"Na\u0161t\u011bst\u00ed se voda rozlila na louku na druhou stranu od bar\u00e1ku,\" ulevil si dvaadvacetilet\u00fd cyklista Lidl-Trek.","inLanguage":"cs","potentialAction":[{"@type":"ReadAction","target":["https:\/\/www.welovecycling.com\/cs\/2024\/09\/19\/sefove-byli-prekvapeni-mathias-vacek-o-vuelte-opilci-co-jej-pripravil-o-rudy-trikot-i-forme-pro-mistrovstvi-sveta\/"]}]},{"@type":"ImageObject","inLanguage":"cs","@id":"https:\/\/www.welovecycling.com\/cs\/2024\/09\/19\/sefove-byli-prekvapeni-mathias-vacek-o-vuelte-opilci-co-jej-pripravil-o-rudy-trikot-i-forme-pro-mistrovstvi-sveta\/#primaryimage","url":"https:\/\/d2p6e6u75xmxt8.cloudfront.net\/13\/2024\/09\/profimedia-0899885786.webp","contentUrl":"https:\/\/d2p6e6u75xmxt8.cloudfront.net\/13\/2024\/09\/profimedia-0899885786.webp","width":1800,"height":1200,"caption":"Mathias Vacek na Vuelt\u011b 2024"},{"@type":"WebSite","@id":"https:\/\/www.welovecycling.com\/cs\/#website","url":"https:\/\/www.welovecycling.com\/cs\/","name":"\u0160koda We Love Cycling - \u010cesk\u00e1 republika","description":"WeLoveCycling.cz je online magaz\u00edn, kter\u00fd v\u00e1m pravideln\u011b p\u0159in\u00e1\u0161\u00ed rady a tipy, zaj\u00edmav\u00e9 \u010dl\u00e1nky, videa a jedine\u010dn\u00e9 report\u00e1\u017ee ze sv\u011bta cyklistiky.","potentialAction":[{"@type":"SearchAction","target":{"@type":"EntryPoint","urlTemplate":"https:\/\/www.welovecycling.com\/cs\/?s={search_term_string}"},"query-input":{"@type":"PropertyValueSpecification","valueRequired":true,"valueName":"search_term_string"}}],"inLanguage":"cs"},{"@type":"Person","@id":"https:\/\/www.welovecycling.com\/cs\/#\/schema\/person\/d9eeb0a378f3a7e4a6d12d2b536b04b8","name":"radekmalina","image":{"@type":"ImageObject","inLanguage":"cs","@id":"https:\/\/www.welovecycling.com\/cs\/#\/schema\/person\/image\/","url":"https:\/\/secure.gravatar.com\/avatar\/66994b632cb8c39a46b9f54afa3ae07201b678d32a54275b6f1c9ffec356bfc0?s=96&d=mm&r=g","contentUrl":"https:\/\/secure.gravatar.com\/avatar\/66994b632cb8c39a46b9f54afa3ae07201b678d32a54275b6f1c9ffec356bfc0?s=96&d=mm&r=g","caption":"radekmalina"},"url":"https:\/\/www.welovecycling.com\/cs\/author\/radekmalina\/"}]}},"_links":{"self":[{"href":"https:\/\/www.welovecycling.com\/cs\/wp-json\/wp\/v2\/posts\/27183","targetHints":{"allow":["GET"]}}],"collection":[{"href":"https:\/\/www.welovecycling.com\/cs\/wp-json\/wp\/v2\/posts"}],"about":[{"href":"https:\/\/www.welovecycling.com\/cs\/wp-json\/wp\/v2\/types\/post"}],"author":[{"embeddable":true,"href":"https:\/\/www.welovecycling.com\/cs\/wp-json\/wp\/v2\/users\/138"}],"replies":[{"embeddable":true,"href":"https:\/\/www.welovecycling.com\/cs\/wp-json\/wp\/v2\/comments?post=27183"}],"version-history":[{"count":3,"href":"https:\/\/www.welovecycling.com\/cs\/wp-json\/wp\/v2\/posts\/27183\/revisions"}],"predecessor-version":[{"id":27187,"href":"https:\/\/www.welovecycling.com\/cs\/wp-json\/wp\/v2\/posts\/27183\/revisions\/27187"}],"wp:featuredmedia":[{"embeddable":true,"href":"https:\/\/www.welovecycling.com\/cs\/wp-json\/wp\/v2\/media\/27184"}],"wp:attachment":[{"href":"https:\/\/www.welovecycling.com\/cs\/wp-json\/wp\/v2\/media?parent=27183"}],"wp:term":[{"taxonomy":"category","embeddable":true,"href":"https:\/\/www.welovecycling.com\/cs\/wp-json\/wp\/v2\/categories?post=27183"},{"taxonomy":"post_tag","embeddable":true,"href":"https:\/\/www.welovecycling.com\/cs\/wp-json\/wp\/v2\/tags?post=27183"},{"taxonomy":"global-categories","embeddable":true,"href":"https:\/\/www.welovecycling.com\/cs\/wp-json\/wp\/v2\/global-categories?post=27183"}],"curies":[{"name":"wp","href":"https:\/\/api.w.org\/{rel}","templated":true}]}}