{"id":27070,"date":"2024-09-07T05:00:51","date_gmt":"2024-09-07T03:00:51","guid":{"rendered":"https:\/\/www.welovecycling.com\/cs\/?p=27070"},"modified":"2024-09-06T18:51:33","modified_gmt":"2024-09-06T16:51:33","slug":"mathias-vacek-bude-zavodit-v-cesku-po-vuelte-v-priprave-pred-ms-pojede-na-jested","status":"publish","type":"post","link":"https:\/\/www.welovecycling.com\/cs\/2024\/09\/07\/mathias-vacek-bude-zavodit-v-cesku-po-vuelte-v-priprave-pred-ms-pojede-na-jested\/","title":{"rendered":"Mathias Vacek bude z\u00e1vodit v \u010cesku. Po Vuelt\u011b v p\u0159\u00edprav\u011b p\u0159ed MS pojede na Je\u0161t\u011bd"},"content":{"rendered":"<p><strong>Mathias Vacek bude kr\u00e1tce po \u0161pan\u011blsk\u00e9 Vuelt\u011b z\u00e1vodit v \u010cesku! Dvaadvacetilet\u00fd cyklista t\u00fdmu Lidl-Trek p\u0159i z\u00e1v\u011bre\u010dn\u00e9 Grand Tour oslnil skv\u011bl\u00fdmi v\u00fdkony. Dvakr\u00e1t dojel v etap\u011b druh\u00fd, jednou \u010dtvrt\u00fd a jednou sedm\u00fd. A pouh\u00fdch \u0161est dn\u016f po vyvrcholen\u00ed bitvy o maglia roja pojede amat\u00e9rsk\u00fd z\u00e1vod Road Classics, kter\u00fd v sobotu 14. z\u00e1\u0159\u00ed odstartuje v Liberci a fini\u0161ovat se bude na Je\u0161t\u011bdu.<\/strong><\/p>\n<p>Rod\u00e1k z Berouna pro\u017e\u00edv\u00e1 par\u00e1dn\u00ed l\u00e9to! Nejprve z\u00e1\u0159il v Norsku, n\u00e1sledn\u011b v Belgii. P\u0159i etapov\u00fdch z\u00e1vodech tam v\u017edy ovl\u00e1dl sout\u011b\u017e pro nejlep\u0161\u00edho cyklistu do p\u011btadvaceti let, p\u0159i\u010dem\u017e v r\u00e1mci Baloise Tour byl celkov\u011b druh\u00fd o pouh\u00e9 \u010dty\u0159i sekundy. P\u0159i dom\u00e1c\u00edm \u0161ampion\u00e1tu vybojoval titul v \u010dasovce, kterou n\u00e1sledn\u011b skv\u011ble zajel i na olympijsk\u00fdch hr\u00e1ch v Pa\u0159\u00ed\u017ei, kde protnul c\u00edl jako jeden\u00e1ct\u00fd. Skv\u011ble si vedl i v hromadn\u00e9m z\u00e1vod\u011b pod p\u011bti kruhy, v n\u011bm\u017e dojel \u010dtrn\u00e1ct\u00fd.<\/p>\n<h2><strong>Mathias Vacek po p\u0159\u00edprav\u011b v Ando\u0159e z\u00e1\u0159\u00ed cel\u00e9 l\u00e9to<\/strong><\/h2>\n<p>Mathias Vacek se na Vueltu chystal na dlouh\u00e9m soust\u0159ed\u011bn\u00ed v Ando\u0159e. C\u00edlem bylo maxim\u00e1ln\u011b vyladit formu pro \u0161pan\u011blskou Grand Tour. A vy\u0161lo to dokonale. Hned v \u00favodn\u00ed \u010dasovce sahal po rud\u00e9m trikotu l\u00eddra cel\u00e9ho z\u00e1vodu. Jen o dv\u011b sekundy mu uniklo v\u00edt\u011bzstv\u00ed a musel se spokojit s druhou p\u0159\u00ed\u010dkou. Druh\u00fd den m\u011bl v pl\u00e1nu zkusit ze spurtu z\u00edskat \u010das v podob\u011b bonifikac\u00ed a posunout se tak do veden\u00ed Vuelty. Jen\u017ee v z\u00e1v\u011bre\u010dn\u00e9m kopci ho srazil opil\u00fd fanou\u0161ek. B\u011bhem sedm\u00e9 etapy prohr\u00e1l ve spurtu s Woutem van Aertem, \u010dtrn\u00e1ct\u00e9 d\u011bjstv\u00ed dokon\u010dil \u010dtvrt\u00fd a v osmn\u00e1ct\u00e9 etap\u011b po celodenn\u00ed pr\u00e1ci v \u00faniku fini\u0161oval sedm\u00fd.<\/p>\n<figure id=\"attachment_26942\" aria-describedby=\"caption-attachment-26942\" style=\"width: 1000px\" class=\"wp-caption alignnone\"><a href=\"https:\/\/d2p6e6u75xmxt8.cloudfront.net\/13\/2024\/08\/vacek-mathias-vuelta.webp\"><img loading=\"lazy\" decoding=\"async\" class=\"size-full wp-image-26942\" src=\"https:\/\/d2p6e6u75xmxt8.cloudfront.net\/13\/2024\/08\/vacek-mathias-vuelta.webp\" alt=\"\" width=\"1000\" height=\"667\" srcset=\"https:\/\/d2p6e6u75xmxt8.cloudfront.net\/13\/2024\/08\/vacek-mathias-vuelta.webp 1000w, https:\/\/d2p6e6u75xmxt8.cloudfront.net\/13\/2024\/08\/vacek-mathias-vuelta-300x200.webp 300w, https:\/\/d2p6e6u75xmxt8.cloudfront.net\/13\/2024\/08\/vacek-mathias-vuelta-768x512.webp 768w, https:\/\/d2p6e6u75xmxt8.cloudfront.net\/13\/2024\/08\/vacek-mathias-vuelta-400x267.webp 400w, https:\/\/d2p6e6u75xmxt8.cloudfront.net\/13\/2024\/08\/vacek-mathias-vuelta-272x182.webp 272w\" sizes=\"auto, (max-width: 1000px) 100vw, 1000px\" \/><\/a><figcaption id=\"caption-attachment-26942\" class=\"wp-caption-text\"><em>Mathias Vacek v b\u00edl\u00e9m trikotu l\u00eddra sout\u011b\u017ee do p\u011btadvaceti let na \u0161pan\u011blsk\u00e9 Vuelt\u011b. Foto: A.S.O.<\/em><\/figcaption><\/figure>\n<p>V z\u00e1v\u011bru z\u00e1\u0159\u00ed dvaadvacetilet\u00fd klenot \u010desk\u00e9 cyklistiky \u010dek\u00e1 mistrovstv\u00ed sv\u011bta ve \u0160v\u00fdcarsku. <a href=\"https:\/\/www.welovecycling.com\/cs\/2024\/06\/19\/dostal-jsem-facku-nechci-jen-hresit-na-talent-rika-mathias-vacek-o-zmene-pristupu\/\">Mathias Vacek<\/a> pojede \u010dasovku i z\u00e1vod s hromadn\u00fdm startem. Ne\u017e se pust\u00ed do fin\u00e1ln\u00ed \u010d\u00e1sti p\u0159\u00edpravy po n\u011bkolika dnech odpo\u010dinku, absolvuje z\u00e1v\u011bre\u010dn\u00e9 d\u011bjstv\u00ed s\u00e9rie Road Classics. To v sobotu 14. z\u00e1\u0159\u00ed odstartuje v Liberci a b\u011bhem trasy dlouh\u00e9 107 kilometr\u016f zdolaj\u00ed cyklist\u00e9 p\u0159ev\u00fd\u0161en\u00ed 2350 metr\u016f s fini\u0161em na Je\u0161t\u011bdu!<\/p>\n<p>Mathias Vacek nebude jedinou hv\u011bzdou z\u00e1vodu pro amat\u00e9rsk\u00e9 cyklisty. V pelotonu bude i jeho bratr <a href=\"https:\/\/www.procyclingstats.com\/rider\/karel-vacek\/2023\">Karel Vacek<\/a>, aktu\u00e1ln\u011b z\u00e1vodn\u00edk \u0161pan\u011blsk\u00e9 formace Burgos BH s licen\u00ed UCI Pro, kter\u00fd b\u011bhem minul\u00e9 sezony p\u0159i italsk\u00e9m Giru dojel druh\u00fd v sedm\u00e9 etap\u011b s fini\u0161em na Campo Imperatore.<\/p>\n<h2><strong>Pojede i Karel Vacek, Kreuziger, Padrnos \u010di Vako\u010d<\/strong><\/h2>\n<p>Ve startovn\u00ed listin\u011b z\u00e1v\u011bre\u010dn\u00e9ho d\u011bjstv\u00ed Road Classics je i Roman Kreuziger. Desetin\u00e1sobn\u00fd \u00fa\u010dastn\u00edk Tour de France dr\u017e\u00ed p\u00e1t\u00fdm m\u00edstem nejlep\u0161\u00ed \u010desk\u00fd v\u00fdsledek v kone\u010dn\u00e9m \u00fa\u010dtov\u00e1n\u00ed. S n\u00e1strahami trasy a fin\u00e1ln\u00edho v\u00fdstupu na Je\u0161t\u011bd se popasuje i Pavel Padrnos. V devades\u00e1t\u00fdch letech plnil roli domestika pro Lance Armstronga na Tour de France. S tou m\u00e1 zku\u0161enosti i Petr Vako\u010d, jen\u017e na Grande Boucle startoval dvakr\u00e1t.<\/p>\n<div class=\"shortcode-ys-post-pinup\"><article class=\"loop-simple post-26987 post type-post status-publish format-standard has-post-thumbnail hentry category-silnicni-cyklistika tag-bily-dres tag-casovka tag-cyklistika tag-mathias-vacek tag-pavel-bittner tag-silnicni-cyklistika tag-vitezstvi-v-etape tag-vuelta tag-wout-van-aert tag-zdenek-stybar global-categories-cycling\" data-postid=\"26987\" role=\"article\" data-post-id=\"26987\" data-word-count=\"500\" data-headline-length=\"85\" data-category=\"Silni\u010dn\u00ed cyklistika\" data-global-category=\"Cycling\" data-author=\"We Love Cycling\" data-published=\"2024-08-25T20:43:49+02:00\" data-published-day=\"Sunday\">\n    <div class=\"entry-thumbnail article-thumbnail\" content=\"https:\/\/d2p6e6u75xmxt8.cloudfront.net\/13\/2024\/07\/1800-x-1200-velky-150x150.webp\"><a href=\"https:\/\/www.welovecycling.com\/cs\/2024\/08\/25\/mathias-vacek-pavel-bittner-a-jejich-nejvetsi-vyhra-tymy-se-pro-ne-obetuji-rika-expert\/\" class=\"image-holder\" target=\"_self\"><img decoding=\"async\" loading=\"lazy\" class=\"\" src=\"https:\/\/d2p6e6u75xmxt8.cloudfront.net\/13\/2024\/07\/1800-x-1200-velky-1024x683.webp\" srcset=\"https:\/\/d2p6e6u75xmxt8.cloudfront.net\/13\/2024\/07\/1800-x-1200-velky.webp 1800w, https:\/\/d2p6e6u75xmxt8.cloudfront.net\/13\/2024\/07\/1800-x-1200-velky-300x200.webp 300w, https:\/\/d2p6e6u75xmxt8.cloudfront.net\/13\/2024\/07\/1800-x-1200-velky-1024x683.webp 1024w, https:\/\/d2p6e6u75xmxt8.cloudfront.net\/13\/2024\/07\/1800-x-1200-velky-768x512.webp 768w, https:\/\/d2p6e6u75xmxt8.cloudfront.net\/13\/2024\/07\/1800-x-1200-velky-1536x1024.webp 1536w, https:\/\/d2p6e6u75xmxt8.cloudfront.net\/13\/2024\/07\/1800-x-1200-velky-400x267.webp 400w, https:\/\/d2p6e6u75xmxt8.cloudfront.net\/13\/2024\/07\/1800-x-1200-velky-272x182.webp 272w\" width=\"1024\" height=\"683\" sizes=\"auto, (min-width: 1200px) 300px, (min-width: 768px) 25vw, 100vw\" alt=\"mathias-vacek-pavel-bittner-a-jejich-nejvetsi-vyhra-tymy-se-pro-ne-obetuji-rika-expert\"\/><\/a><\/div>    <div class=\"entry-meta\">\n        <a class=\"label label-secondary post-category\" href=\"https:\/\/www.welovecycling.com\/cs\/category\/silnicni-cyklistika\/\" title=\"Silni\u010dn\u00ed cyklistika\">Silni\u010dn\u00ed cyklistika<\/a>\n    <\/div>\n    <div class=\"entry-details\">\n        <a href=\"https:\/\/www.welovecycling.com\/cs\/2024\/08\/25\/mathias-vacek-pavel-bittner-a-jejich-nejvetsi-vyhra-tymy-se-pro-ne-obetuji-rika-expert\/\" class='entry-title-wrapper'>\n            <h3 class=\"entry-title\"><span>Mathias Vacek, Pavel Bittner a jejich nejv\u011bt\u0161\u00ed v\u00fdhry? T\u00fdmy se pro n\u011b ob\u011btuj\u00ed!<\/span><\/h3>\n        <\/a>\n    <\/div>\n    <\/article>\n<\/div>\n<p>Krom\u011b klasick\u00e9ho z\u00e1vodu se mohou cyklist\u00e9 p\u0159ihl\u00e1sit i do nesout\u011b\u017en\u00edho form\u00e1tu s n\u00e1zvem &#8222;\u0161vih&#8220;, kde se m\u011b\u0159\u00ed \u010das jenom na t\u0159ech vybran\u00fdch segmentech. \u00da\u010dastn\u00edci si tak mohou vychutnat naplno \u010das na ob\u010derstvovac\u00edch stanic\u00edch, kter\u00e9 jsou tak tro\u0161ku kav\u00e1rnami.<\/p>\n","protected":false},"excerpt":{"rendered":"<p>Mathias Vacek bude kr\u00e1tce po \u0161pan\u011blsk\u00e9 Vuelt\u011b z\u00e1vodit v \u010cesku! Dvaadvacetilet\u00fd cyklista t\u00fdmu Lidl-Trek p\u0159i z\u00e1v\u011bre\u010dn\u00e9 Grand Tour oslnil skv\u011bl\u00fdmi [&hellip;]<\/p>\n","protected":false},"author":138,"featured_media":26781,"comment_status":"open","ping_status":"open","sticky":false,"template":"","format":"standard","meta":{"footnotes":""},"categories":[10],"tags":[126,3146,305,1106,257,3515,92,9],"global-categories":[],"class_list":["post-27070","post","type-post","status-publish","format-standard","has-post-thumbnail","hentry","category-silnicni-cyklistika","tag-cyklistika","tag-jested","tag-mathias-vacek","tag-pavel-padrnos","tag-petr-vakoc","tag-road-classics-2024","tag-roman-kreuziger","tag-silnicni-cyklistika"],"yoast_head":"<!-- This site is optimized with the Yoast SEO Premium plugin v25.3 (Yoast SEO v25.9) - https:\/\/yoast.com\/wordpress\/plugins\/seo\/ -->\n<title>Mathias Vacek bude z\u00e1vodit v \u010cesku. Po Vuelt\u011b v p\u0159\u00edprav\u011b p\u0159ed MS pojede na Je\u0161t\u011bd | \u0160koda We Love Cycling - \u010cesk\u00e1 republika<\/title>\n<meta name=\"description\" content=\"Mathias Vacek bude kr\u00e1tce po \u0161pan\u011blsk\u00e9 Vuelt\u011b z\u00e1vodit v \u010cesku! Dvaadvacetilet\u00fd cyklista t\u00fdmu Lidl-Trek p\u0159i z\u00e1v\u011bre\u010dn\u00e9 Grand Tour oslnil skv\u011bl\u00fdmi v\u00fdkony. Dvakr\u00e1t dojel v etap\u011b druh\u00fd, jednou \u010dtvrt\u00fd a jednou sedm\u00fd. A pouh\u00fdch \u0161est dn\u016f po vyvrcholen\u00ed bitvy o maglia roja pojede amat\u00e9rsk\u00fd z\u00e1vod Road Classics, kter\u00fd v sobotu odstartuje v Liberci a fini\u0161ovat se bude na Je\u0161t\u011bdu.\" \/>\n<meta name=\"robots\" content=\"index, follow, max-snippet:-1, max-image-preview:large, max-video-preview:-1\" \/>\n<link rel=\"canonical\" href=\"https:\/\/www.welovecycling.com\/cs\/2024\/09\/07\/mathias-vacek-bude-zavodit-v-cesku-po-vuelte-v-priprave-pred-ms-pojede-na-jested\/\" \/>\n<meta property=\"og:locale\" content=\"cs_CZ\" \/>\n<meta property=\"og:type\" content=\"article\" \/>\n<meta property=\"og:title\" content=\"Mathias Vacek bude z\u00e1vodit v \u010cesku. Po Vuelt\u011b v p\u0159\u00edprav\u011b p\u0159ed MS pojede na Je\u0161t\u011bd\" \/>\n<meta property=\"og:description\" content=\"Mathias Vacek bude kr\u00e1tce po \u0161pan\u011blsk\u00e9 Vuelt\u011b z\u00e1vodit v \u010cesku! Dvaadvacetilet\u00fd cyklista t\u00fdmu Lidl-Trek p\u0159i z\u00e1v\u011bre\u010dn\u00e9 Grand Tour oslnil skv\u011bl\u00fdmi v\u00fdkony. Dvakr\u00e1t dojel v etap\u011b druh\u00fd, jednou \u010dtvrt\u00fd a jednou sedm\u00fd. A pouh\u00fdch \u0161est dn\u016f po vyvrcholen\u00ed bitvy o maglia roja pojede amat\u00e9rsk\u00fd z\u00e1vod Road Classics, kter\u00fd v sobotu odstartuje v Liberci a fini\u0161ovat se bude na Je\u0161t\u011bdu.\" \/>\n<meta property=\"og:url\" content=\"https:\/\/www.welovecycling.com\/cs\/2024\/09\/07\/mathias-vacek-bude-zavodit-v-cesku-po-vuelte-v-priprave-pred-ms-pojede-na-jested\/\" \/>\n<meta property=\"og:site_name\" content=\"\u0160koda We Love Cycling - \u010cesk\u00e1 republika\" \/>\n<meta property=\"article:published_time\" content=\"2024-09-07T03:00:51+00:00\" \/>\n<meta property=\"og:image\" content=\"https:\/\/d2p6e6u75xmxt8.cloudfront.net\/13\/2024\/08\/mathias-vacek-pariz-4-michal-cerveny-scaled.webp\" \/>\n\t<meta property=\"og:image:width\" content=\"2560\" \/>\n\t<meta property=\"og:image:height\" content=\"1707\" \/>\n\t<meta property=\"og:image:type\" content=\"image\/webp\" \/>\n<meta name=\"author\" content=\"radekmalina\" \/>\n<meta name=\"twitter:card\" content=\"summary_large_image\" \/>\n<meta name=\"twitter:label1\" content=\"Written by\" \/>\n\t<meta name=\"twitter:data1\" content=\"We Love Cycling\" \/>\n\t<meta name=\"twitter:label2\" content=\"Est. reading time\" \/>\n\t<meta name=\"twitter:data2\" content=\"5\" \/>\n<script type=\"application\/ld+json\" class=\"yoast-schema-graph\">{\"@context\":\"https:\/\/schema.org\",\"@graph\":[{\"@type\":\"WebPage\",\"@id\":\"https:\/\/www.welovecycling.com\/cs\/2024\/09\/07\/mathias-vacek-bude-zavodit-v-cesku-po-vuelte-v-priprave-pred-ms-pojede-na-jested\/\",\"url\":\"https:\/\/www.welovecycling.com\/cs\/2024\/09\/07\/mathias-vacek-bude-zavodit-v-cesku-po-vuelte-v-priprave-pred-ms-pojede-na-jested\/\",\"name\":\"Mathias Vacek bude z\u00e1vodit v \u010cesku. Po Vuelt\u011b v p\u0159\u00edprav\u011b p\u0159ed MS pojede na Je\u0161t\u011bd | \u0160koda We Love Cycling - \u010cesk\u00e1 republika\",\"isPartOf\":{\"@id\":\"https:\/\/www.welovecycling.com\/cs\/#website\"},\"primaryImageOfPage\":{\"@id\":\"https:\/\/www.welovecycling.com\/cs\/2024\/09\/07\/mathias-vacek-bude-zavodit-v-cesku-po-vuelte-v-priprave-pred-ms-pojede-na-jested\/#primaryimage\"},\"image\":{\"@id\":\"https:\/\/www.welovecycling.com\/cs\/2024\/09\/07\/mathias-vacek-bude-zavodit-v-cesku-po-vuelte-v-priprave-pred-ms-pojede-na-jested\/#primaryimage\"},\"thumbnailUrl\":\"https:\/\/d2p6e6u75xmxt8.cloudfront.net\/13\/2024\/08\/mathias-vacek-pariz-4-michal-cerveny-scaled.webp\",\"datePublished\":\"2024-09-07T03:00:51+00:00\",\"author\":{\"@id\":\"https:\/\/www.welovecycling.com\/cs\/#\/schema\/person\/d9eeb0a378f3a7e4a6d12d2b536b04b8\"},\"description\":\"Mathias Vacek bude kr\u00e1tce po \u0161pan\u011blsk\u00e9 Vuelt\u011b z\u00e1vodit v \u010cesku! Dvaadvacetilet\u00fd cyklista t\u00fdmu Lidl-Trek p\u0159i z\u00e1v\u011bre\u010dn\u00e9 Grand Tour oslnil skv\u011bl\u00fdmi v\u00fdkony. Dvakr\u00e1t dojel v etap\u011b druh\u00fd, jednou \u010dtvrt\u00fd a jednou sedm\u00fd. A pouh\u00fdch \u0161est dn\u016f po vyvrcholen\u00ed bitvy o maglia roja pojede amat\u00e9rsk\u00fd z\u00e1vod Road Classics, kter\u00fd v sobotu odstartuje v Liberci a fini\u0161ovat se bude na Je\u0161t\u011bdu.\",\"inLanguage\":\"cs\",\"potentialAction\":[{\"@type\":\"ReadAction\",\"target\":[\"https:\/\/www.welovecycling.com\/cs\/2024\/09\/07\/mathias-vacek-bude-zavodit-v-cesku-po-vuelte-v-priprave-pred-ms-pojede-na-jested\/\"]}]},{\"@type\":\"ImageObject\",\"inLanguage\":\"cs\",\"@id\":\"https:\/\/www.welovecycling.com\/cs\/2024\/09\/07\/mathias-vacek-bude-zavodit-v-cesku-po-vuelte-v-priprave-pred-ms-pojede-na-jested\/#primaryimage\",\"url\":\"https:\/\/d2p6e6u75xmxt8.cloudfront.net\/13\/2024\/08\/mathias-vacek-pariz-4-michal-cerveny-scaled.webp\",\"contentUrl\":\"https:\/\/d2p6e6u75xmxt8.cloudfront.net\/13\/2024\/08\/mathias-vacek-pariz-4-michal-cerveny-scaled.webp\",\"width\":2560,\"height\":1707},{\"@type\":\"WebSite\",\"@id\":\"https:\/\/www.welovecycling.com\/cs\/#website\",\"url\":\"https:\/\/www.welovecycling.com\/cs\/\",\"name\":\"\u0160koda We Love Cycling - \u010cesk\u00e1 republika\",\"description\":\"WeLoveCycling.cz je online magaz\u00edn, kter\u00fd v\u00e1m pravideln\u011b p\u0159in\u00e1\u0161\u00ed rady a tipy, zaj\u00edmav\u00e9 \u010dl\u00e1nky, videa a jedine\u010dn\u00e9 report\u00e1\u017ee ze sv\u011bta cyklistiky.\",\"potentialAction\":[{\"@type\":\"SearchAction\",\"target\":{\"@type\":\"EntryPoint\",\"urlTemplate\":\"https:\/\/www.welovecycling.com\/cs\/?s={search_term_string}\"},\"query-input\":{\"@type\":\"PropertyValueSpecification\",\"valueRequired\":true,\"valueName\":\"search_term_string\"}}],\"inLanguage\":\"cs\"},{\"@type\":\"Person\",\"@id\":\"https:\/\/www.welovecycling.com\/cs\/#\/schema\/person\/d9eeb0a378f3a7e4a6d12d2b536b04b8\",\"name\":\"radekmalina\",\"image\":{\"@type\":\"ImageObject\",\"inLanguage\":\"cs\",\"@id\":\"https:\/\/www.welovecycling.com\/cs\/#\/schema\/person\/image\/\",\"url\":\"https:\/\/secure.gravatar.com\/avatar\/66994b632cb8c39a46b9f54afa3ae07201b678d32a54275b6f1c9ffec356bfc0?s=96&d=mm&r=g\",\"contentUrl\":\"https:\/\/secure.gravatar.com\/avatar\/66994b632cb8c39a46b9f54afa3ae07201b678d32a54275b6f1c9ffec356bfc0?s=96&d=mm&r=g\",\"caption\":\"radekmalina\"},\"url\":\"https:\/\/www.welovecycling.com\/cs\/author\/radekmalina\/\"}]}<\/script>\n<!-- \/ Yoast SEO Premium plugin. -->","yoast_head_json":{"title":"Mathias Vacek bude z\u00e1vodit v \u010cesku. Po Vuelt\u011b v p\u0159\u00edprav\u011b p\u0159ed MS pojede na Je\u0161t\u011bd | \u0160koda We Love Cycling - \u010cesk\u00e1 republika","description":"Mathias Vacek bude kr\u00e1tce po \u0161pan\u011blsk\u00e9 Vuelt\u011b z\u00e1vodit v \u010cesku! Dvaadvacetilet\u00fd cyklista t\u00fdmu Lidl-Trek p\u0159i z\u00e1v\u011bre\u010dn\u00e9 Grand Tour oslnil skv\u011bl\u00fdmi v\u00fdkony. Dvakr\u00e1t dojel v etap\u011b druh\u00fd, jednou \u010dtvrt\u00fd a jednou sedm\u00fd. A pouh\u00fdch \u0161est dn\u016f po vyvrcholen\u00ed bitvy o maglia roja pojede amat\u00e9rsk\u00fd z\u00e1vod Road Classics, kter\u00fd v sobotu odstartuje v Liberci a fini\u0161ovat se bude na Je\u0161t\u011bdu.","robots":{"index":"index","follow":"follow","max-snippet":"max-snippet:-1","max-image-preview":"max-image-preview:large","max-video-preview":"max-video-preview:-1"},"canonical":"https:\/\/www.welovecycling.com\/cs\/2024\/09\/07\/mathias-vacek-bude-zavodit-v-cesku-po-vuelte-v-priprave-pred-ms-pojede-na-jested\/","og_locale":"cs_CZ","og_type":"article","og_title":"Mathias Vacek bude z\u00e1vodit v \u010cesku. Po Vuelt\u011b v p\u0159\u00edprav\u011b p\u0159ed MS pojede na Je\u0161t\u011bd","og_description":"Mathias Vacek bude kr\u00e1tce po \u0161pan\u011blsk\u00e9 Vuelt\u011b z\u00e1vodit v \u010cesku! Dvaadvacetilet\u00fd cyklista t\u00fdmu Lidl-Trek p\u0159i z\u00e1v\u011bre\u010dn\u00e9 Grand Tour oslnil skv\u011bl\u00fdmi v\u00fdkony. Dvakr\u00e1t dojel v etap\u011b druh\u00fd, jednou \u010dtvrt\u00fd a jednou sedm\u00fd. A pouh\u00fdch \u0161est dn\u016f po vyvrcholen\u00ed bitvy o maglia roja pojede amat\u00e9rsk\u00fd z\u00e1vod Road Classics, kter\u00fd v sobotu odstartuje v Liberci a fini\u0161ovat se bude na Je\u0161t\u011bdu.","og_url":"https:\/\/www.welovecycling.com\/cs\/2024\/09\/07\/mathias-vacek-bude-zavodit-v-cesku-po-vuelte-v-priprave-pred-ms-pojede-na-jested\/","og_site_name":"\u0160koda We Love Cycling - \u010cesk\u00e1 republika","article_published_time":"2024-09-07T03:00:51+00:00","og_image":[{"width":2560,"height":1707,"url":"https:\/\/d2p6e6u75xmxt8.cloudfront.net\/13\/2024\/08\/mathias-vacek-pariz-4-michal-cerveny-scaled.webp","type":"image\/webp"}],"author":"radekmalina","twitter_card":"summary_large_image","twitter_misc":{"Written by":"We Love Cycling","Est. reading time":"5"},"schema":{"@context":"https:\/\/schema.org","@graph":[{"@type":"WebPage","@id":"https:\/\/www.welovecycling.com\/cs\/2024\/09\/07\/mathias-vacek-bude-zavodit-v-cesku-po-vuelte-v-priprave-pred-ms-pojede-na-jested\/","url":"https:\/\/www.welovecycling.com\/cs\/2024\/09\/07\/mathias-vacek-bude-zavodit-v-cesku-po-vuelte-v-priprave-pred-ms-pojede-na-jested\/","name":"Mathias Vacek bude z\u00e1vodit v \u010cesku. Po Vuelt\u011b v p\u0159\u00edprav\u011b p\u0159ed MS pojede na Je\u0161t\u011bd | \u0160koda We Love Cycling - \u010cesk\u00e1 republika","isPartOf":{"@id":"https:\/\/www.welovecycling.com\/cs\/#website"},"primaryImageOfPage":{"@id":"https:\/\/www.welovecycling.com\/cs\/2024\/09\/07\/mathias-vacek-bude-zavodit-v-cesku-po-vuelte-v-priprave-pred-ms-pojede-na-jested\/#primaryimage"},"image":{"@id":"https:\/\/www.welovecycling.com\/cs\/2024\/09\/07\/mathias-vacek-bude-zavodit-v-cesku-po-vuelte-v-priprave-pred-ms-pojede-na-jested\/#primaryimage"},"thumbnailUrl":"https:\/\/d2p6e6u75xmxt8.cloudfront.net\/13\/2024\/08\/mathias-vacek-pariz-4-michal-cerveny-scaled.webp","datePublished":"2024-09-07T03:00:51+00:00","author":{"@id":"https:\/\/www.welovecycling.com\/cs\/#\/schema\/person\/d9eeb0a378f3a7e4a6d12d2b536b04b8"},"description":"Mathias Vacek bude kr\u00e1tce po \u0161pan\u011blsk\u00e9 Vuelt\u011b z\u00e1vodit v \u010cesku! Dvaadvacetilet\u00fd cyklista t\u00fdmu Lidl-Trek p\u0159i z\u00e1v\u011bre\u010dn\u00e9 Grand Tour oslnil skv\u011bl\u00fdmi v\u00fdkony. Dvakr\u00e1t dojel v etap\u011b druh\u00fd, jednou \u010dtvrt\u00fd a jednou sedm\u00fd. A pouh\u00fdch \u0161est dn\u016f po vyvrcholen\u00ed bitvy o maglia roja pojede amat\u00e9rsk\u00fd z\u00e1vod Road Classics, kter\u00fd v sobotu odstartuje v Liberci a fini\u0161ovat se bude na Je\u0161t\u011bdu.","inLanguage":"cs","potentialAction":[{"@type":"ReadAction","target":["https:\/\/www.welovecycling.com\/cs\/2024\/09\/07\/mathias-vacek-bude-zavodit-v-cesku-po-vuelte-v-priprave-pred-ms-pojede-na-jested\/"]}]},{"@type":"ImageObject","inLanguage":"cs","@id":"https:\/\/www.welovecycling.com\/cs\/2024\/09\/07\/mathias-vacek-bude-zavodit-v-cesku-po-vuelte-v-priprave-pred-ms-pojede-na-jested\/#primaryimage","url":"https:\/\/d2p6e6u75xmxt8.cloudfront.net\/13\/2024\/08\/mathias-vacek-pariz-4-michal-cerveny-scaled.webp","contentUrl":"https:\/\/d2p6e6u75xmxt8.cloudfront.net\/13\/2024\/08\/mathias-vacek-pariz-4-michal-cerveny-scaled.webp","width":2560,"height":1707},{"@type":"WebSite","@id":"https:\/\/www.welovecycling.com\/cs\/#website","url":"https:\/\/www.welovecycling.com\/cs\/","name":"\u0160koda We Love Cycling - \u010cesk\u00e1 republika","description":"WeLoveCycling.cz je online magaz\u00edn, kter\u00fd v\u00e1m pravideln\u011b p\u0159in\u00e1\u0161\u00ed rady a tipy, zaj\u00edmav\u00e9 \u010dl\u00e1nky, videa a jedine\u010dn\u00e9 report\u00e1\u017ee ze sv\u011bta cyklistiky.","potentialAction":[{"@type":"SearchAction","target":{"@type":"EntryPoint","urlTemplate":"https:\/\/www.welovecycling.com\/cs\/?s={search_term_string}"},"query-input":{"@type":"PropertyValueSpecification","valueRequired":true,"valueName":"search_term_string"}}],"inLanguage":"cs"},{"@type":"Person","@id":"https:\/\/www.welovecycling.com\/cs\/#\/schema\/person\/d9eeb0a378f3a7e4a6d12d2b536b04b8","name":"radekmalina","image":{"@type":"ImageObject","inLanguage":"cs","@id":"https:\/\/www.welovecycling.com\/cs\/#\/schema\/person\/image\/","url":"https:\/\/secure.gravatar.com\/avatar\/66994b632cb8c39a46b9f54afa3ae07201b678d32a54275b6f1c9ffec356bfc0?s=96&d=mm&r=g","contentUrl":"https:\/\/secure.gravatar.com\/avatar\/66994b632cb8c39a46b9f54afa3ae07201b678d32a54275b6f1c9ffec356bfc0?s=96&d=mm&r=g","caption":"radekmalina"},"url":"https:\/\/www.welovecycling.com\/cs\/author\/radekmalina\/"}]}},"_links":{"self":[{"href":"https:\/\/www.welovecycling.com\/cs\/wp-json\/wp\/v2\/posts\/27070","targetHints":{"allow":["GET"]}}],"collection":[{"href":"https:\/\/www.welovecycling.com\/cs\/wp-json\/wp\/v2\/posts"}],"about":[{"href":"https:\/\/www.welovecycling.com\/cs\/wp-json\/wp\/v2\/types\/post"}],"author":[{"embeddable":true,"href":"https:\/\/www.welovecycling.com\/cs\/wp-json\/wp\/v2\/users\/138"}],"replies":[{"embeddable":true,"href":"https:\/\/www.welovecycling.com\/cs\/wp-json\/wp\/v2\/comments?post=27070"}],"version-history":[{"count":3,"href":"https:\/\/www.welovecycling.com\/cs\/wp-json\/wp\/v2\/posts\/27070\/revisions"}],"predecessor-version":[{"id":27073,"href":"https:\/\/www.welovecycling.com\/cs\/wp-json\/wp\/v2\/posts\/27070\/revisions\/27073"}],"wp:featuredmedia":[{"embeddable":true,"href":"https:\/\/www.welovecycling.com\/cs\/wp-json\/wp\/v2\/media\/26781"}],"wp:attachment":[{"href":"https:\/\/www.welovecycling.com\/cs\/wp-json\/wp\/v2\/media?parent=27070"}],"wp:term":[{"taxonomy":"category","embeddable":true,"href":"https:\/\/www.welovecycling.com\/cs\/wp-json\/wp\/v2\/categories?post=27070"},{"taxonomy":"post_tag","embeddable":true,"href":"https:\/\/www.welovecycling.com\/cs\/wp-json\/wp\/v2\/tags?post=27070"},{"taxonomy":"global-categories","embeddable":true,"href":"https:\/\/www.welovecycling.com\/cs\/wp-json\/wp\/v2\/global-categories?post=27070"}],"curies":[{"name":"wp","href":"https:\/\/api.w.org\/{rel}","templated":true}]}}