{"id":27058,"date":"2024-09-05T12:13:56","date_gmt":"2024-09-05T10:13:56","guid":{"rendered":"https:\/\/www.welovecycling.com\/cs\/?p=27058"},"modified":"2024-09-05T12:13:56","modified_gmt":"2024-09-05T10:13:56","slug":"byk-poskakujici-mezi-cyklisty-pred-startem-etapy-i-to-je-vuelta","status":"publish","type":"post","link":"https:\/\/www.welovecycling.com\/cs\/2024\/09\/05\/byk-poskakujici-mezi-cyklisty-pred-startem-etapy-i-to-je-vuelta\/","title":{"rendered":"B\u00fdk poskakuj\u00edc\u00ed mezi cyklisty p\u0159ed startem etapy? I to je Vuelta!"},"content":{"rendered":"<p><strong>B\u00fdk poskakuj\u00edc\u00ed mezi cyklisty p\u0159ed slavnostn\u00edm startem etapy?! I to je Vuelta! Nejde o \u017e\u00e1dn\u00fd v\u00fdmysl, ale denn\u00ed ritu\u00e1l. B\u00fdk pat\u0159\u00edc\u00ed neodmysliteln\u011b k symbol\u016fm \u0161pan\u011blsk\u00e9 historie je toti\u017e maskotem t\u0159et\u00edho nejv\u011bt\u0161\u00edho etapov\u00e9ho z\u00e1vodu planety. Jak tohle spojen\u00ed vzniklo? A jak\u00e9 jsou dal\u0161\u00ed symboly posledn\u00ed Grand Tour sezony?<\/strong><\/p>\n<p>N\u011bkter\u00e9 v podob\u011b dres\u016f nepochybn\u011b dob\u0159e zn\u00e1 ka\u017ed\u00fd fanou\u0161ek cyklistiky, ov\u0161em \u010dasto p\u0159ekvap\u00ed, jak kr\u00e1tk\u00e1 je historie symbol\u016f u z\u00e1vodu, kter\u00fd letos p\u00ed\u0161e u\u017e sedmdes\u00e1tou dev\u00e1tou kapitolu!<\/p>\n<h2><strong>Maillot Rojo<\/strong><\/h2>\n<p>Rud\u00fd trikot l\u00eddra maj\u00ed s Vueltou spojeni v\u0161ichni fanou\u0161ci cyklistiky. Jde o symbol, kter\u00fd je pro \u0160pan\u011blsko tradi\u010dn\u00ed. V\u017edy\u0165 kup\u0159\u00edkladu fotbalov\u00e9 reprezentaci se p\u0159ezd\u00edv\u00e1 La Roja (Rud\u00ed), La Roja Furia Espa\u0148ola (Rud\u00e1 \u0161pan\u011blsk\u00e1 furie). P\u0159esto ve spojen\u00ed s t\u0159et\u00edm nejv\u011bt\u0161\u00edm etapov\u00fdm z\u00e1vodem planety nejde o barvu nijak zako\u0159en\u011bnou.<\/p>\n<p>Zat\u00edmco \u017elut\u00e1 pro vl\u00e1dce Tour de France a r\u016f\u017eov\u00e1 pro kr\u00e1le italsk\u00e9ho Gira je tradi\u010dn\u00ed prakticky od za\u010d\u00e1tku z\u00e1vodu, rud\u00fd dres pro prvn\u00edho mu\u017ee po\u0159ad\u00ed byl na Vuelt\u011b zaveden teprve v roce 2010.<\/p>\n<p>Ve t\u0159ic\u00e1t\u00fdch letech minul\u00e9ho stolet\u00ed nosil l\u00eddr \u0161pan\u011blsk\u00e9 Grand Tour oran\u017eov\u00fd dres, b\u011bhem ob\u010dansk\u00e9 v\u00e1lky v roce 1941 jezdil vedouc\u00ed z\u00e1vodn\u00edk v b\u00edl\u00e9m trikotu, po druh\u00e9 sv\u011btov\u00e9 v\u00e1lce pak do\u0161lo k n\u00e1vratu oran\u017eov\u00e9.<\/p>\n<div class=\"shortcode-ys-post-pinup\"><article class=\"loop-simple post-26950 post type-post status-publish format-standard has-post-thumbnail hentry category-zdravi-a-trenink tag-cyklistika tag-horska-cyklistika tag-proc-se-na-kole-nezlepsujete tag-silnicni-cyklistika tag-trenink tag-vyziva tag-zdravi-a-trenink global-categories-cycling\" data-postid=\"26950\" role=\"article\" data-post-id=\"26950\" data-word-count=\"474\" data-headline-length=\"31\" data-category=\"Zdrav\u00ed a tr\u00e9nink\" data-global-category=\"Cycling\" data-author=\"We Love Cycling\" data-published=\"2024-08-21T05:00:24+02:00\" data-published-day=\"Wednesday\">\n    <div class=\"entry-thumbnail article-thumbnail\" content=\"https:\/\/d2p6e6u75xmxt8.cloudfront.net\/13\/2024\/08\/letape-prachatice2024-m059-photo-pg-5277-1920--150x150.webp\"><a href=\"https:\/\/www.welovecycling.com\/cs\/2024\/08\/21\/proc-se-na-kole-nezlepsujete\/\" class=\"image-holder\" target=\"_self\"><img decoding=\"async\" loading=\"lazy\" class=\"\" src=\"https:\/\/d2p6e6u75xmxt8.cloudfront.net\/13\/2024\/08\/letape-prachatice2024-m059-photo-pg-5277-1920--1024x683.webp\" srcset=\"https:\/\/d2p6e6u75xmxt8.cloudfront.net\/13\/2024\/08\/letape-prachatice2024-m059-photo-pg-5277-1920-.webp 1600w, https:\/\/d2p6e6u75xmxt8.cloudfront.net\/13\/2024\/08\/letape-prachatice2024-m059-photo-pg-5277-1920--300x200.webp 300w, https:\/\/d2p6e6u75xmxt8.cloudfront.net\/13\/2024\/08\/letape-prachatice2024-m059-photo-pg-5277-1920--1024x683.webp 1024w, https:\/\/d2p6e6u75xmxt8.cloudfront.net\/13\/2024\/08\/letape-prachatice2024-m059-photo-pg-5277-1920--768x512.webp 768w, https:\/\/d2p6e6u75xmxt8.cloudfront.net\/13\/2024\/08\/letape-prachatice2024-m059-photo-pg-5277-1920--1536x1024.webp 1536w, https:\/\/d2p6e6u75xmxt8.cloudfront.net\/13\/2024\/08\/letape-prachatice2024-m059-photo-pg-5277-1920--400x267.webp 400w, https:\/\/d2p6e6u75xmxt8.cloudfront.net\/13\/2024\/08\/letape-prachatice2024-m059-photo-pg-5277-1920--272x182.webp 272w\" width=\"1024\" height=\"683\" sizes=\"auto, (min-width: 1200px) 300px, (min-width: 768px) 25vw, 100vw\" alt=\"proc-se-na-kole-nezlepsujete\"\/><\/a><\/div>    <div class=\"entry-meta\">\n        <a class=\"label label-secondary post-category\" href=\"https:\/\/www.welovecycling.com\/cs\/category\/zdravi-a-trenink\/\" title=\"Zdrav\u00ed a tr\u00e9nink\">Zdrav\u00ed a tr\u00e9nink<\/a>\n    <\/div>\n    <div class=\"entry-details\">\n        <a href=\"https:\/\/www.welovecycling.com\/cs\/2024\/08\/21\/proc-se-na-kole-nezlepsujete\/\" class='entry-title-wrapper'>\n            <h3 class=\"entry-title\"><span>Pro\u010d se na kole nezlep\u0161ujete?<\/span><\/h3>\n        <\/a>\n    <\/div>\n    <\/article>\n<\/div>\n<p>N\u00e1sledn\u011b po vzoru Tour de France byl i pro nejrychlej\u0161\u00edho z\u00e1vodn\u00edka Vuelty ur\u010den \u017elut\u00fd trikot, aby jej na p\u0159elomu tis\u00edcilet\u00ed nahradil dres zlat\u00fd!<\/p>\n<p>A\u017e v roce 2010 vstoupil do hry coby hlavn\u00ed sponzor Carrefour a s n\u00edm se zrodil maillot rojo. Ihned se stal symbolem \u0161pan\u011blsk\u00e9 cyklistiky, by\u0165 z\u016fst\u00e1v\u00e1 ve st\u00ednu maillot jaune \u010di maglia rosa.<\/p>\n<h2><strong>Modr\u00e9 punt\u00edky<\/strong><\/h2>\n<p>Rovn\u011b\u017e p\u0159i oce\u0148ov\u00e1n\u00ed nejlep\u0161\u00edho vrcha\u0159e se p\u0159edlohou pro Tour de France stal punt\u00edkat\u00fd dres. Ov\u0161em zat\u00edmco na Grande Boucle m\u00e1 kr\u00e1l hor na b\u00edl\u00e9m dresu \u010derven\u00e9 punt\u00edky kv\u016fli sponzorovi, ve \u0160pan\u011blsku jsou punt\u00edky modr\u00e9.<\/p>\n<figure id=\"attachment_27060\" aria-describedby=\"caption-attachment-27060\" style=\"width: 1920px\" class=\"wp-caption alignnone\"><a href=\"https:\/\/d2p6e6u75xmxt8.cloudfront.net\/13\/2024\/09\/vuelta-remco-22.webp\"><img loading=\"lazy\" decoding=\"async\" class=\"size-extra-large wp-image-27060\" src=\"https:\/\/d2p6e6u75xmxt8.cloudfront.net\/13\/2024\/09\/vuelta-remco-22-1920x1280.webp\" alt=\"\" width=\"1920\" height=\"1280\" srcset=\"https:\/\/d2p6e6u75xmxt8.cloudfront.net\/13\/2024\/09\/vuelta-remco-22-1920x1280.webp 1920w, https:\/\/d2p6e6u75xmxt8.cloudfront.net\/13\/2024\/09\/vuelta-remco-22-300x200.webp 300w, https:\/\/d2p6e6u75xmxt8.cloudfront.net\/13\/2024\/09\/vuelta-remco-22-1024x683.webp 1024w, https:\/\/d2p6e6u75xmxt8.cloudfront.net\/13\/2024\/09\/vuelta-remco-22-768x512.webp 768w, https:\/\/d2p6e6u75xmxt8.cloudfront.net\/13\/2024\/09\/vuelta-remco-22-1536x1024.webp 1536w, https:\/\/d2p6e6u75xmxt8.cloudfront.net\/13\/2024\/09\/vuelta-remco-22-400x267.webp 400w, https:\/\/d2p6e6u75xmxt8.cloudfront.net\/13\/2024\/09\/vuelta-remco-22-272x182.webp 272w, https:\/\/d2p6e6u75xmxt8.cloudfront.net\/13\/2024\/09\/vuelta-remco-22.webp 2048w, https:\/\/d2p6e6u75xmxt8.cloudfront.net\/13\/2024\/09\/vuelta-remco-22-1920x1280.webp 1920w\" sizes=\"auto, (max-width: 1920px) 100vw, 1920px\" \/><\/a><figcaption id=\"caption-attachment-27060\" class=\"wp-caption-text\"><em>Vuelta a jej\u00ed dresy! Vrcha\u0159sk\u00fd pat\u0159\u00edc\u00ed na konci ro\u010dn\u00edku 2022 Richardu Carapazovi, rud\u00fd a bil\u00fd v dr\u017een\u00ed Remca Evenepoela a zelen\u00fd v moci Madse Pedersena. Foto: A.S.O.\/UniPublic<\/em><\/figcaption><\/figure>\n<p>D\u016fvod je prost\u00fd. Hlavn\u00edm sponzorem je Loter\u00edas y Apuestas del Estado, \u0161pan\u011blsk\u00e1 st\u00e1tn\u00ed loterijn\u00ed spole\u010dnost. Jej\u00edmi signifikantn\u00edmi barvami jsou b\u00edl\u00e1 a modr\u00e1.<\/p>\n<h2><strong>B\u00edl\u00fd trikot<\/strong><\/h2>\n<p>A\u017e od roku 2019 slou\u017e\u00ed b\u00edl\u00fd trikot na \u0161pan\u011blsk\u00e9 Vuelt\u011b k ozna\u010den\u00ed nejlep\u0161\u00edho mlad\u00e9ho jezdce do p\u011btadvaceti let. V minulosti to tak nebylo.<\/p>\n<p>Na Vuelt\u011b toti\u017e b\u00edl\u00fd dres ozna\u010doval vlastn\u011b pomyslnou kombinaci. Nosil jej jezdec s nejlep\u0161\u00edm um\u00edst\u011bn\u00edm v celkov\u00e9m po\u0159ad\u00ed, nejlep\u0161\u00edm um\u00edst\u011bn\u00edm v bodovac\u00ed sout\u011b\u017ei a nejlep\u0161\u00edm um\u00edst\u011bn\u00ed ve vrcha\u0159sk\u00e9 sout\u011b\u017ei. \u010c\u00edsla p\u0159ed jm\u00e9nem v jednotliv\u00fdch \u017eeb\u0159\u00ed\u010dc\u00edch se se\u010detla a nejni\u017e\u0161\u00ed \u010d\u00edslo znamenalo veden\u00ed v bitv\u011b o b\u00edl\u00fd trikot.<\/p>\n<div class=\"shortcode-ys-post-pinup\"><article class=\"loop-simple post-27001 post type-post status-publish format-standard has-post-thumbnail hentry category-silnicni-cyklistika category-https-www-welovecycling-com-cs-category-zabava tag-aplikace-strava tag-coll-de-rates tag-cyklistika tag-ineos-grenadiers tag-jonas-vingegaard tag-peter-oxenberg-hansen tag-silnicni-cyklistika global-categories-cycling\" data-postid=\"27001\" role=\"article\" data-post-id=\"27001\" data-word-count=\"458\" data-headline-length=\"78\" data-category=\"Silni\u010dn\u00ed cyklistika\" data-global-category=\"Cycling\" data-author=\"Radek Malina\" data-published=\"2024-08-27T08:15:39+02:00\" data-published-day=\"Tuesday\">\n    <div class=\"entry-thumbnail article-thumbnail\" content=\"https:\/\/d2p6e6u75xmxt8.cloudfront.net\/13\/2024\/08\/Zdjecie-18.05.2024-16-13-03-150x150.webp\"><a href=\"https:\/\/www.welovecycling.com\/cs\/2024\/08\/27\/jak-aplikace-strava-meni-zivoty-dansky-talent-podepsal-kontrakt-u-ineosu\/\" class=\"image-holder\" target=\"_self\"><img decoding=\"async\" loading=\"lazy\" class=\"\" src=\"https:\/\/d2p6e6u75xmxt8.cloudfront.net\/13\/2024\/08\/Zdjecie-18.05.2024-16-13-03-1024x683.webp\" srcset=\"https:\/\/d2p6e6u75xmxt8.cloudfront.net\/13\/2024\/08\/Zdjecie-18.05.2024-16-13-03.webp 2522w, https:\/\/d2p6e6u75xmxt8.cloudfront.net\/13\/2024\/08\/Zdjecie-18.05.2024-16-13-03-300x200.webp 300w, https:\/\/d2p6e6u75xmxt8.cloudfront.net\/13\/2024\/08\/Zdjecie-18.05.2024-16-13-03-1024x683.webp 1024w, https:\/\/d2p6e6u75xmxt8.cloudfront.net\/13\/2024\/08\/Zdjecie-18.05.2024-16-13-03-768x512.webp 768w, https:\/\/d2p6e6u75xmxt8.cloudfront.net\/13\/2024\/08\/Zdjecie-18.05.2024-16-13-03-1536x1024.webp 1536w, https:\/\/d2p6e6u75xmxt8.cloudfront.net\/13\/2024\/08\/Zdjecie-18.05.2024-16-13-03-2048x1365.webp 2048w, https:\/\/d2p6e6u75xmxt8.cloudfront.net\/13\/2024\/08\/Zdjecie-18.05.2024-16-13-03-1920x1280.webp 1920w, https:\/\/d2p6e6u75xmxt8.cloudfront.net\/13\/2024\/08\/Zdjecie-18.05.2024-16-13-03-400x267.webp 400w, https:\/\/d2p6e6u75xmxt8.cloudfront.net\/13\/2024\/08\/Zdjecie-18.05.2024-16-13-03-272x182.webp 272w, https:\/\/d2p6e6u75xmxt8.cloudfront.net\/13\/2024\/08\/Zdjecie-18.05.2024-16-13-03-1920x1280.webp 1920w\" width=\"1024\" height=\"683\" sizes=\"auto, (min-width: 1200px) 300px, (min-width: 768px) 25vw, 100vw\" alt=\"jak-aplikace-strava-meni-zivoty-dansky-talent-podepsal-kontrakt-u-ineosu\"\/><\/a><\/div>    <div class=\"entry-meta\">\n        <a class=\"label label-secondary post-category\" href=\"https:\/\/www.welovecycling.com\/cs\/category\/silnicni-cyklistika\/\" title=\"Silni\u010dn\u00ed cyklistika\">Silni\u010dn\u00ed cyklistika<\/a>\n    <\/div>\n    <div class=\"entry-details\">\n        <a href=\"https:\/\/www.welovecycling.com\/cs\/2024\/08\/27\/jak-aplikace-strava-meni-zivoty-dansky-talent-podepsal-kontrakt-u-ineosu\/\" class='entry-title-wrapper'>\n            <h3 class=\"entry-title\"><span>Jak aplikace Strava m\u011bn\u00ed \u017eivoty? D\u00e1nsk\u00fd talent podepsal kontrakt u Ineosu<\/span><\/h3>\n        <\/a>\n    <\/div>\n    <\/article>\n<\/div>\n<p>Pravidla Mezin\u00e1rodn\u00ed cyklistick\u00e9 federace na\u0159izuj\u00ed, \u017ee v z\u00e1vod\u011b Grand Tour mohou b\u00fdt maxim\u00e1ln\u011b \u010dty\u0159i &#8222;sout\u011b\u017en\u00ed&#8220; dresy, tak\u017ee jakmile organiz\u00e1to\u0159i Vuelty v roce 2019 p\u0159istoupili k vyhla\u0161ov\u00e1n\u00ed nejlep\u0161\u00edho mlad\u00e9ho jezdce po vzoru Tour de France \u010di Gira, kombinace zanikla.<\/p>\n<h2><strong>Vuelta a jej\u00ed maskot?<\/strong><\/h2>\n<p>B\u00fdk v pelotonu Vuelty a cyklist\u00e9 po\u0159izuj\u00edc\u00ed si selfie? Stejn\u011b jako div\u00e1ci? Nebo d\u011bti je\u010d\u00edc\u00ed nad\u0161en\u00edm p\u0159i pohledu na b\u00fd\u010dka? Nejde o \u017e\u00e1dnou sc\u00e9nu z koridy. \u0160pan\u011blsk\u00e1 Grand Tour m\u00e1 toti\u017e sv\u00e9ho maskota, j\u00edm\u017e je b\u00fdk Tei Tei.<\/p>\n<p><a href=\"https:\/\/d2p6e6u75xmxt8.cloudfront.net\/13\/2024\/09\/tei-tei.webp\"><img loading=\"lazy\" decoding=\"async\" class=\"alignnone size-extra-large wp-image-27062\" src=\"https:\/\/d2p6e6u75xmxt8.cloudfront.net\/13\/2024\/09\/tei-tei-1920x1131.webp\" alt=\"\" width=\"1920\" height=\"1131\" srcset=\"https:\/\/d2p6e6u75xmxt8.cloudfront.net\/13\/2024\/09\/tei-tei-1920x1131.webp 1920w, https:\/\/d2p6e6u75xmxt8.cloudfront.net\/13\/2024\/09\/tei-tei-300x177.webp 300w, https:\/\/d2p6e6u75xmxt8.cloudfront.net\/13\/2024\/09\/tei-tei-1024x603.webp 1024w, https:\/\/d2p6e6u75xmxt8.cloudfront.net\/13\/2024\/09\/tei-tei-768x452.webp 768w, https:\/\/d2p6e6u75xmxt8.cloudfront.net\/13\/2024\/09\/tei-tei-1536x905.webp 1536w, https:\/\/d2p6e6u75xmxt8.cloudfront.net\/13\/2024\/09\/tei-tei-400x236.webp 400w, https:\/\/d2p6e6u75xmxt8.cloudfront.net\/13\/2024\/09\/tei-tei.webp 2048w, https:\/\/d2p6e6u75xmxt8.cloudfront.net\/13\/2024\/09\/tei-tei-1920x1131.webp 1920w\" sizes=\"auto, (max-width: 1920px) 100vw, 1920px\" \/><\/a><\/p>\n<p>Jde o dokonal\u00e9 zt\u011blesn\u011bn\u00ed ducha Vuelty. Tei Tei toti\u017e vzd\u00e1v\u00e1 hold \u0161pan\u011blsk\u00e9 kultu\u0159e a dlouholet\u00e9 tradici b\u00fd\u010d\u00edch z\u00e1pas\u016f. Stejn\u011b jako v p\u0159\u00edpad\u011b mnoha dal\u0161\u00edch symbolu \u0161pan\u011blsk\u00e9 Vuelty, Tei Tei je letos sou\u010d\u00e1st\u00ed z\u00e1vodu teprve podes\u00e1t\u00e9. Ve\u0159ejnosti byl maskot v podob\u011b b\u00fd\u010dka p\u0159edstaven na ja\u0159e 2015 v Malaze.<\/p>\n<div class=\"embed-controller-wrapper\">\n<blockquote class=\"twitter-tweet\" data-width=\"500\" data-dnt=\"true\">\n<p lang=\"es\" dir=\"ltr\">\ud83c\uddea\ud83c\uddf8 Tei-Tei y Solete se lo pasan en grande en la meta de Caminito del Rey \ud83d\ude05<\/p>\n<p>\ud83c\uddec\ud83c\udde7 Tei-Tei and Solete enjoying themselves in Caminito del Rey finish line \ud83d\ude05<a href=\"https:\/\/twitter.com\/hashtag\/LaVuelta18?src=hash&amp;ref_src=twsrc%5Etfw\">#LaVuelta18<\/a> <a href=\"https:\/\/t.co\/SSEz3g3stU\">pic.twitter.com\/SSEz3g3stU<\/a><\/p>\n<p>&mdash; La Vuelta (@lavuelta) <a href=\"https:\/\/twitter.com\/lavuelta\/status\/1033734542836871169?ref_src=twsrc%5Etfw\">August 26, 2018<\/a><\/p><\/blockquote>\n<p><script async data-src=\"https:\/\/platform.twitter.com\/widgets.js\" charset=\"utf-8\"><\/script><\/div>\n<p>Symbolicky nos\u00ed \u010derven\u00fd dres. Je v\u0161eobecn\u011b zn\u00e1mo, \u017ee b\u00fdci v ar\u00e9n\u011b \u00fato\u010d\u00ed, kdy\u017e vid\u00ed \u010dervenou barvu. Ov\u0161em Tei Tei zachov\u00e1v\u00e1 chladnou hlavu a na \u017e\u00e1dn\u00e9ho z l\u00eddr\u016f z\u00e1vodu, rovn\u011b\u017e v \u010derven\u00e9m, neza\u00fato\u010dil. Sp\u00ed\u0161e tan\u010d\u00ed mezi div\u00e1ky, fot\u00ed se s cyklisty a \u0161\u00ed\u0159\u00ed dobrou n\u00e1ladu. Nikdy nechyb\u00ed v prostoru startu \u010di c\u00edle, \u00fa\u010dastn\u00ed se ka\u017ed\u00e9 akce pod hlavi\u010dkou Vuelty.<\/p>\n<h2><strong>Trofej La Granja<\/strong><\/h2>\n<p>Ka\u017ed\u00fd rok je pro v\u00edt\u011bze <a href=\"https:\/\/www.welovecycling.com\/cs\/2024\/09\/02\/na-spici-se-neohlizej-po-ostatnich-radil-adeptovi-na-triumf-z-vuelty-expert\/\">Vuelty<\/a> p\u0159ipravena unik\u00e1tn\u00ed trofej. Jde o sklen\u011bnou desku vyrobenou renomovanou skl\u00e1rnou La Real F\u00e1brica de Cristales de la Granja, kterou v roce 1727 zalo\u017eil \u0161pan\u011blsk\u00fd kr\u00e1l Filip V.<\/p>\n<figure id=\"attachment_27061\" aria-describedby=\"caption-attachment-27061\" style=\"width: 1920px\" class=\"wp-caption alignnone\"><a href=\"https:\/\/d2p6e6u75xmxt8.cloudfront.net\/13\/2024\/09\/vuelta-remco.webp\"><img loading=\"lazy\" decoding=\"async\" class=\"size-extra-large wp-image-27061\" src=\"https:\/\/d2p6e6u75xmxt8.cloudfront.net\/13\/2024\/09\/vuelta-remco-1920x1280.webp\" alt=\"\" width=\"1920\" height=\"1280\" srcset=\"https:\/\/d2p6e6u75xmxt8.cloudfront.net\/13\/2024\/09\/vuelta-remco-1920x1280.webp 1920w, https:\/\/d2p6e6u75xmxt8.cloudfront.net\/13\/2024\/09\/vuelta-remco-300x200.webp 300w, https:\/\/d2p6e6u75xmxt8.cloudfront.net\/13\/2024\/09\/vuelta-remco-1024x683.webp 1024w, https:\/\/d2p6e6u75xmxt8.cloudfront.net\/13\/2024\/09\/vuelta-remco-768x512.webp 768w, https:\/\/d2p6e6u75xmxt8.cloudfront.net\/13\/2024\/09\/vuelta-remco-1536x1024.webp 1536w, https:\/\/d2p6e6u75xmxt8.cloudfront.net\/13\/2024\/09\/vuelta-remco-400x267.webp 400w, https:\/\/d2p6e6u75xmxt8.cloudfront.net\/13\/2024\/09\/vuelta-remco-272x182.webp 272w, https:\/\/d2p6e6u75xmxt8.cloudfront.net\/13\/2024\/09\/vuelta-remco.webp 2048w, https:\/\/d2p6e6u75xmxt8.cloudfront.net\/13\/2024\/09\/vuelta-remco-1920x1280.webp 1920w\" sizes=\"auto, (max-width: 1920px) 100vw, 1920px\" \/><\/a><figcaption id=\"caption-attachment-27061\" class=\"wp-caption-text\"><em>Vuelta oce\u0148uje v\u00edt\u011bze trofej\u00ed La Granja. V roce 2022 slavil Remco Evenepoel. Foto: A.S.O.\/UniPublic<\/em><\/figcaption><\/figure>\n<p>Trofej je z vysoce kvalitn\u00edho k\u0159i\u0161\u0165\u00e1lu a obsahuje prvky symbolizuj\u00edc\u00ed \u0160pan\u011blsko. Ka\u017ed\u00fd rok je vyrobena nov\u00e1 a jedine\u010dn\u00e1 odm\u011bna pro v\u00edt\u011bze, kter\u00fd si tak odv\u00e1\u017e\u00ed skute\u010dn\u011b origin\u00e1ln\u00ed kus. La Granja je ud\u011blov\u00e1na od roku 2008.<\/p>\n<h2><strong>Zelen\u00fd trikot<\/strong><\/h2>\n<p>U\u017e jednadvacet let, stejn\u011b jako na Tour de France, je partnerem \u0160koda Auto. Zelen\u00fd trikot ozna\u010duje nejlep\u0161\u00edho spurtera. Body z\u00edsk\u00e1vaj\u00ed cyklist\u00e9 p\u0159i sprintech v pr\u016fb\u011bhu etap, kdy nejlep\u0161\u00edch p\u011bt p\u0159ip\u00ed\u0161e 20 &#8211; 17 &#8211; 15 &#8211; 13 &#8211; 10 bod\u016f. Ve fini\u0161i se pak odm\u011bna li\u0161\u00ed podle klasifikace etapy.<\/p>\n<div class=\"shortcode-ys-post-pinup\"><article class=\"loop-simple post-18459 post type-post status-publish format-standard has-post-thumbnail hentry category-silnicni-cyklistika tag-alejandro-valverde tag-chris-froome tag-cyklistika tag-primoz-roglic tag-silnicni-cyklistika tag-vuelta tag-zeleny-dres global-categories-cycling\" data-postid=\"18459\" role=\"article\" data-post-id=\"18459\" data-word-count=\"452\" data-headline-length=\"49\" data-category=\"Silni\u010dn\u00ed cyklistika\" data-global-category=\"Cycling\" data-author=\"We Love Cycling\" data-published=\"2022-08-20T15:00:37+02:00\" data-published-day=\"Saturday\">\n    <div class=\"entry-thumbnail article-thumbnail\" content=\"https:\/\/d2p6e6u75xmxt8.cloudfront.net\/13\/2022\/08\/valverde-profimedia-0384959502-150x150.webp\"><a href=\"https:\/\/www.welovecycling.com\/cs\/2022\/08\/20\/zeleny-dres-jehoz-kralem-nemusi-byt-spurter\/\" class=\"image-holder\" target=\"_self\"><img decoding=\"async\" loading=\"lazy\" class=\"\" src=\"https:\/\/d2p6e6u75xmxt8.cloudfront.net\/13\/2022\/08\/valverde-profimedia-0384959502-1024x683.webp\" srcset=\"https:\/\/d2p6e6u75xmxt8.cloudfront.net\/13\/2022\/08\/valverde-profimedia-0384959502.webp 1800w, https:\/\/d2p6e6u75xmxt8.cloudfront.net\/13\/2022\/08\/valverde-profimedia-0384959502-300x200.webp 300w, https:\/\/d2p6e6u75xmxt8.cloudfront.net\/13\/2022\/08\/valverde-profimedia-0384959502-1024x683.webp 1024w, https:\/\/d2p6e6u75xmxt8.cloudfront.net\/13\/2022\/08\/valverde-profimedia-0384959502-768x512.webp 768w, https:\/\/d2p6e6u75xmxt8.cloudfront.net\/13\/2022\/08\/valverde-profimedia-0384959502-1536x1024.webp 1536w, https:\/\/d2p6e6u75xmxt8.cloudfront.net\/13\/2022\/08\/valverde-profimedia-0384959502-272x182.webp 272w\" width=\"1024\" height=\"683\" sizes=\"auto, (min-width: 1200px) 300px, (min-width: 768px) 25vw, 100vw\" alt=\"zeleny-dres-jehoz-kralem-nemusi-byt-spurter\"\/><\/a><\/div>    <div class=\"entry-meta\">\n        <a class=\"label label-secondary post-category\" href=\"https:\/\/www.welovecycling.com\/cs\/category\/silnicni-cyklistika\/\" title=\"Silni\u010dn\u00ed cyklistika\">Silni\u010dn\u00ed cyklistika<\/a>\n    <\/div>\n    <div class=\"entry-details\">\n        <a href=\"https:\/\/www.welovecycling.com\/cs\/2022\/08\/20\/zeleny-dres-jehoz-kralem-nemusi-byt-spurter\/\" class='entry-title-wrapper'>\n            <h3 class=\"entry-title\"><span>Zelen\u00fd dres, jeho\u017e kr\u00e1lem nemus\u00ed b\u00fdt spurter<\/span><\/h3>\n        <\/a>\n    <\/div>\n    <\/article>\n<\/div>\n<p>Jestli\u017ee je etapa ozna\u010den\u00e1 jako horsk\u00e1, bere v\u00edt\u011bz do bodovac\u00ed sout\u011b\u017ee &#8222;jen&#8220; 20 bod\u016f. Jestli\u017ee je denn\u00ed d\u011bjstv\u00ed organiz\u00e1tory ozna\u010deno coby kopcovit\u00e9, p\u0159ip\u00ed\u0161e nejrychlej\u0161\u00ed mu\u017e v c\u00edli 30 bod\u016f. A pokud se jedn\u00e1 vylo\u017een\u011b o rovinatou etapu, z\u00edsk\u00e1v\u00e1 prvn\u00ed mu\u017e na p\u00e1sce 50 bod\u016f, tak jako t\u0159eba Pavel Bittner z DSM Firmenich PostNL v p\u00e1t\u00e9 etap\u011b leto\u0161n\u00ed Vuelty.<\/p>\n","protected":false},"excerpt":{"rendered":"<p>B\u00fdk poskakuj\u00edc\u00ed mezi cyklisty p\u0159ed slavnostn\u00edm startem etapy?! I to je Vuelta! Nejde o \u017e\u00e1dn\u00fd v\u00fdmysl, ale denn\u00ed ritu\u00e1l. B\u00fdk [&hellip;]<\/p>\n","protected":false},"author":138,"featured_media":27059,"comment_status":"open","ping_status":"open","sticky":false,"template":"","format":"standard","meta":{"footnotes":""},"categories":[660],"tags":[3760,126,3784,3785,3783,9,3782,273,1710],"global-categories":[411],"class_list":["post-27058","post","type-post","status-publish","format-standard","has-post-thumbnail","hentry","category-https-www-welovecycling-com-cs-category-zabava","tag-bily-dres","tag-cyklistika","tag-la-granja","tag-maillot-roja","tag-maskot","tag-silnicni-cyklistika","tag-tei-tei","tag-vuelta","tag-zeleny-dres","global-categories-cycling"],"yoast_head":"<!-- This site is optimized with the Yoast SEO Premium plugin v25.3 (Yoast SEO v25.9) - https:\/\/yoast.com\/wordpress\/plugins\/seo\/ -->\n<title>B\u00fdk poskakuj\u00edc\u00ed mezi cyklisty p\u0159ed startem etapy? I to je Vuelta! | \u0160koda We Love Cycling - \u010cesk\u00e1 republika<\/title>\n<meta name=\"description\" content=\"B\u00fdk poskakuj\u00edc\u00ed mezi cyklisty p\u0159ed slavnostn\u00edm startem etapy?! I to je Vuelta. Nejde o \u017e\u00e1dn\u00fd v\u00fdmysl, ale denn\u00ed ritu\u00e1l.\" \/>\n<meta name=\"robots\" content=\"index, follow, max-snippet:-1, max-image-preview:large, max-video-preview:-1\" \/>\n<link rel=\"canonical\" href=\"https:\/\/www.welovecycling.com\/cs\/2024\/09\/05\/byk-poskakujici-mezi-cyklisty-pred-startem-etapy-i-to-je-vuelta\/\" \/>\n<meta property=\"og:locale\" content=\"cs_CZ\" \/>\n<meta property=\"og:type\" content=\"article\" \/>\n<meta property=\"og:title\" content=\"B\u00fdk poskakuj\u00edc\u00ed mezi cyklisty p\u0159ed startem etapy? I to je Vuelta!\" \/>\n<meta property=\"og:description\" content=\"B\u00fdk poskakuj\u00edc\u00ed mezi cyklisty p\u0159ed slavnostn\u00edm startem etapy?! I to je Vuelta. Nejde o \u017e\u00e1dn\u00fd v\u00fdmysl, ale denn\u00ed ritu\u00e1l.\" \/>\n<meta property=\"og:url\" content=\"https:\/\/www.welovecycling.com\/cs\/2024\/09\/05\/byk-poskakujici-mezi-cyklisty-pred-startem-etapy-i-to-je-vuelta\/\" \/>\n<meta property=\"og:site_name\" content=\"\u0160koda We Love Cycling - \u010cesk\u00e1 republika\" \/>\n<meta property=\"article:published_time\" content=\"2024-09-05T10:13:56+00:00\" \/>\n<meta property=\"og:image\" content=\"https:\/\/d2p6e6u75xmxt8.cloudfront.net\/13\/2024\/09\/profimedia-0900446957.webp\" \/>\n\t<meta property=\"og:image:width\" content=\"1800\" \/>\n\t<meta property=\"og:image:height\" content=\"1200\" \/>\n\t<meta property=\"og:image:type\" content=\"image\/webp\" \/>\n<meta name=\"author\" content=\"radekmalina\" \/>\n<meta name=\"twitter:card\" content=\"summary_large_image\" \/>\n<meta name=\"twitter:label1\" content=\"Written by\" \/>\n\t<meta name=\"twitter:data1\" content=\"We Love Cycling\" \/>\n\t<meta name=\"twitter:label2\" content=\"Est. reading time\" \/>\n\t<meta name=\"twitter:data2\" content=\"5\" \/>\n<script type=\"application\/ld+json\" class=\"yoast-schema-graph\">{\"@context\":\"https:\/\/schema.org\",\"@graph\":[{\"@type\":\"WebPage\",\"@id\":\"https:\/\/www.welovecycling.com\/cs\/2024\/09\/05\/byk-poskakujici-mezi-cyklisty-pred-startem-etapy-i-to-je-vuelta\/\",\"url\":\"https:\/\/www.welovecycling.com\/cs\/2024\/09\/05\/byk-poskakujici-mezi-cyklisty-pred-startem-etapy-i-to-je-vuelta\/\",\"name\":\"B\u00fdk poskakuj\u00edc\u00ed mezi cyklisty p\u0159ed startem etapy? I to je Vuelta! | \u0160koda We Love Cycling - \u010cesk\u00e1 republika\",\"isPartOf\":{\"@id\":\"https:\/\/www.welovecycling.com\/cs\/#website\"},\"primaryImageOfPage\":{\"@id\":\"https:\/\/www.welovecycling.com\/cs\/2024\/09\/05\/byk-poskakujici-mezi-cyklisty-pred-startem-etapy-i-to-je-vuelta\/#primaryimage\"},\"image\":{\"@id\":\"https:\/\/www.welovecycling.com\/cs\/2024\/09\/05\/byk-poskakujici-mezi-cyklisty-pred-startem-etapy-i-to-je-vuelta\/#primaryimage\"},\"thumbnailUrl\":\"https:\/\/d2p6e6u75xmxt8.cloudfront.net\/13\/2024\/09\/profimedia-0900446957.webp\",\"datePublished\":\"2024-09-05T10:13:56+00:00\",\"author\":{\"@id\":\"https:\/\/www.welovecycling.com\/cs\/#\/schema\/person\/d9eeb0a378f3a7e4a6d12d2b536b04b8\"},\"description\":\"B\u00fdk poskakuj\u00edc\u00ed mezi cyklisty p\u0159ed slavnostn\u00edm startem etapy?! I to je Vuelta. Nejde o \u017e\u00e1dn\u00fd v\u00fdmysl, ale denn\u00ed ritu\u00e1l.\",\"inLanguage\":\"cs\",\"potentialAction\":[{\"@type\":\"ReadAction\",\"target\":[\"https:\/\/www.welovecycling.com\/cs\/2024\/09\/05\/byk-poskakujici-mezi-cyklisty-pred-startem-etapy-i-to-je-vuelta\/\"]}]},{\"@type\":\"ImageObject\",\"inLanguage\":\"cs\",\"@id\":\"https:\/\/www.welovecycling.com\/cs\/2024\/09\/05\/byk-poskakujici-mezi-cyklisty-pred-startem-etapy-i-to-je-vuelta\/#primaryimage\",\"url\":\"https:\/\/d2p6e6u75xmxt8.cloudfront.net\/13\/2024\/09\/profimedia-0900446957.webp\",\"contentUrl\":\"https:\/\/d2p6e6u75xmxt8.cloudfront.net\/13\/2024\/09\/profimedia-0900446957.webp\",\"width\":1800,\"height\":1200,\"caption\":\"Vuelta Primo\u017e Rogli\u010d\"},{\"@type\":\"WebSite\",\"@id\":\"https:\/\/www.welovecycling.com\/cs\/#website\",\"url\":\"https:\/\/www.welovecycling.com\/cs\/\",\"name\":\"\u0160koda We Love Cycling - \u010cesk\u00e1 republika\",\"description\":\"WeLoveCycling.cz je online magaz\u00edn, kter\u00fd v\u00e1m pravideln\u011b p\u0159in\u00e1\u0161\u00ed rady a tipy, zaj\u00edmav\u00e9 \u010dl\u00e1nky, videa a jedine\u010dn\u00e9 report\u00e1\u017ee ze sv\u011bta cyklistiky.\",\"potentialAction\":[{\"@type\":\"SearchAction\",\"target\":{\"@type\":\"EntryPoint\",\"urlTemplate\":\"https:\/\/www.welovecycling.com\/cs\/?s={search_term_string}\"},\"query-input\":{\"@type\":\"PropertyValueSpecification\",\"valueRequired\":true,\"valueName\":\"search_term_string\"}}],\"inLanguage\":\"cs\"},{\"@type\":\"Person\",\"@id\":\"https:\/\/www.welovecycling.com\/cs\/#\/schema\/person\/d9eeb0a378f3a7e4a6d12d2b536b04b8\",\"name\":\"radekmalina\",\"image\":{\"@type\":\"ImageObject\",\"inLanguage\":\"cs\",\"@id\":\"https:\/\/www.welovecycling.com\/cs\/#\/schema\/person\/image\/\",\"url\":\"https:\/\/secure.gravatar.com\/avatar\/66994b632cb8c39a46b9f54afa3ae07201b678d32a54275b6f1c9ffec356bfc0?s=96&d=mm&r=g\",\"contentUrl\":\"https:\/\/secure.gravatar.com\/avatar\/66994b632cb8c39a46b9f54afa3ae07201b678d32a54275b6f1c9ffec356bfc0?s=96&d=mm&r=g\",\"caption\":\"radekmalina\"},\"url\":\"https:\/\/www.welovecycling.com\/cs\/author\/radekmalina\/\"}]}<\/script>\n<!-- \/ Yoast SEO Premium plugin. -->","yoast_head_json":{"title":"B\u00fdk poskakuj\u00edc\u00ed mezi cyklisty p\u0159ed startem etapy? I to je Vuelta! | \u0160koda We Love Cycling - \u010cesk\u00e1 republika","description":"B\u00fdk poskakuj\u00edc\u00ed mezi cyklisty p\u0159ed slavnostn\u00edm startem etapy?! I to je Vuelta. Nejde o \u017e\u00e1dn\u00fd v\u00fdmysl, ale denn\u00ed ritu\u00e1l.","robots":{"index":"index","follow":"follow","max-snippet":"max-snippet:-1","max-image-preview":"max-image-preview:large","max-video-preview":"max-video-preview:-1"},"canonical":"https:\/\/www.welovecycling.com\/cs\/2024\/09\/05\/byk-poskakujici-mezi-cyklisty-pred-startem-etapy-i-to-je-vuelta\/","og_locale":"cs_CZ","og_type":"article","og_title":"B\u00fdk poskakuj\u00edc\u00ed mezi cyklisty p\u0159ed startem etapy? I to je Vuelta!","og_description":"B\u00fdk poskakuj\u00edc\u00ed mezi cyklisty p\u0159ed slavnostn\u00edm startem etapy?! I to je Vuelta. Nejde o \u017e\u00e1dn\u00fd v\u00fdmysl, ale denn\u00ed ritu\u00e1l.","og_url":"https:\/\/www.welovecycling.com\/cs\/2024\/09\/05\/byk-poskakujici-mezi-cyklisty-pred-startem-etapy-i-to-je-vuelta\/","og_site_name":"\u0160koda We Love Cycling - \u010cesk\u00e1 republika","article_published_time":"2024-09-05T10:13:56+00:00","og_image":[{"width":1800,"height":1200,"url":"https:\/\/d2p6e6u75xmxt8.cloudfront.net\/13\/2024\/09\/profimedia-0900446957.webp","type":"image\/webp"}],"author":"radekmalina","twitter_card":"summary_large_image","twitter_misc":{"Written by":"We Love Cycling","Est. reading time":"5"},"schema":{"@context":"https:\/\/schema.org","@graph":[{"@type":"WebPage","@id":"https:\/\/www.welovecycling.com\/cs\/2024\/09\/05\/byk-poskakujici-mezi-cyklisty-pred-startem-etapy-i-to-je-vuelta\/","url":"https:\/\/www.welovecycling.com\/cs\/2024\/09\/05\/byk-poskakujici-mezi-cyklisty-pred-startem-etapy-i-to-je-vuelta\/","name":"B\u00fdk poskakuj\u00edc\u00ed mezi cyklisty p\u0159ed startem etapy? I to je Vuelta! | \u0160koda We Love Cycling - \u010cesk\u00e1 republika","isPartOf":{"@id":"https:\/\/www.welovecycling.com\/cs\/#website"},"primaryImageOfPage":{"@id":"https:\/\/www.welovecycling.com\/cs\/2024\/09\/05\/byk-poskakujici-mezi-cyklisty-pred-startem-etapy-i-to-je-vuelta\/#primaryimage"},"image":{"@id":"https:\/\/www.welovecycling.com\/cs\/2024\/09\/05\/byk-poskakujici-mezi-cyklisty-pred-startem-etapy-i-to-je-vuelta\/#primaryimage"},"thumbnailUrl":"https:\/\/d2p6e6u75xmxt8.cloudfront.net\/13\/2024\/09\/profimedia-0900446957.webp","datePublished":"2024-09-05T10:13:56+00:00","author":{"@id":"https:\/\/www.welovecycling.com\/cs\/#\/schema\/person\/d9eeb0a378f3a7e4a6d12d2b536b04b8"},"description":"B\u00fdk poskakuj\u00edc\u00ed mezi cyklisty p\u0159ed slavnostn\u00edm startem etapy?! I to je Vuelta. Nejde o \u017e\u00e1dn\u00fd v\u00fdmysl, ale denn\u00ed ritu\u00e1l.","inLanguage":"cs","potentialAction":[{"@type":"ReadAction","target":["https:\/\/www.welovecycling.com\/cs\/2024\/09\/05\/byk-poskakujici-mezi-cyklisty-pred-startem-etapy-i-to-je-vuelta\/"]}]},{"@type":"ImageObject","inLanguage":"cs","@id":"https:\/\/www.welovecycling.com\/cs\/2024\/09\/05\/byk-poskakujici-mezi-cyklisty-pred-startem-etapy-i-to-je-vuelta\/#primaryimage","url":"https:\/\/d2p6e6u75xmxt8.cloudfront.net\/13\/2024\/09\/profimedia-0900446957.webp","contentUrl":"https:\/\/d2p6e6u75xmxt8.cloudfront.net\/13\/2024\/09\/profimedia-0900446957.webp","width":1800,"height":1200,"caption":"Vuelta Primo\u017e Rogli\u010d"},{"@type":"WebSite","@id":"https:\/\/www.welovecycling.com\/cs\/#website","url":"https:\/\/www.welovecycling.com\/cs\/","name":"\u0160koda We Love Cycling - \u010cesk\u00e1 republika","description":"WeLoveCycling.cz je online magaz\u00edn, kter\u00fd v\u00e1m pravideln\u011b p\u0159in\u00e1\u0161\u00ed rady a tipy, zaj\u00edmav\u00e9 \u010dl\u00e1nky, videa a jedine\u010dn\u00e9 report\u00e1\u017ee ze sv\u011bta cyklistiky.","potentialAction":[{"@type":"SearchAction","target":{"@type":"EntryPoint","urlTemplate":"https:\/\/www.welovecycling.com\/cs\/?s={search_term_string}"},"query-input":{"@type":"PropertyValueSpecification","valueRequired":true,"valueName":"search_term_string"}}],"inLanguage":"cs"},{"@type":"Person","@id":"https:\/\/www.welovecycling.com\/cs\/#\/schema\/person\/d9eeb0a378f3a7e4a6d12d2b536b04b8","name":"radekmalina","image":{"@type":"ImageObject","inLanguage":"cs","@id":"https:\/\/www.welovecycling.com\/cs\/#\/schema\/person\/image\/","url":"https:\/\/secure.gravatar.com\/avatar\/66994b632cb8c39a46b9f54afa3ae07201b678d32a54275b6f1c9ffec356bfc0?s=96&d=mm&r=g","contentUrl":"https:\/\/secure.gravatar.com\/avatar\/66994b632cb8c39a46b9f54afa3ae07201b678d32a54275b6f1c9ffec356bfc0?s=96&d=mm&r=g","caption":"radekmalina"},"url":"https:\/\/www.welovecycling.com\/cs\/author\/radekmalina\/"}]}},"_links":{"self":[{"href":"https:\/\/www.welovecycling.com\/cs\/wp-json\/wp\/v2\/posts\/27058","targetHints":{"allow":["GET"]}}],"collection":[{"href":"https:\/\/www.welovecycling.com\/cs\/wp-json\/wp\/v2\/posts"}],"about":[{"href":"https:\/\/www.welovecycling.com\/cs\/wp-json\/wp\/v2\/types\/post"}],"author":[{"embeddable":true,"href":"https:\/\/www.welovecycling.com\/cs\/wp-json\/wp\/v2\/users\/138"}],"replies":[{"embeddable":true,"href":"https:\/\/www.welovecycling.com\/cs\/wp-json\/wp\/v2\/comments?post=27058"}],"version-history":[{"count":2,"href":"https:\/\/www.welovecycling.com\/cs\/wp-json\/wp\/v2\/posts\/27058\/revisions"}],"predecessor-version":[{"id":27064,"href":"https:\/\/www.welovecycling.com\/cs\/wp-json\/wp\/v2\/posts\/27058\/revisions\/27064"}],"wp:featuredmedia":[{"embeddable":true,"href":"https:\/\/www.welovecycling.com\/cs\/wp-json\/wp\/v2\/media\/27059"}],"wp:attachment":[{"href":"https:\/\/www.welovecycling.com\/cs\/wp-json\/wp\/v2\/media?parent=27058"}],"wp:term":[{"taxonomy":"category","embeddable":true,"href":"https:\/\/www.welovecycling.com\/cs\/wp-json\/wp\/v2\/categories?post=27058"},{"taxonomy":"post_tag","embeddable":true,"href":"https:\/\/www.welovecycling.com\/cs\/wp-json\/wp\/v2\/tags?post=27058"},{"taxonomy":"global-categories","embeddable":true,"href":"https:\/\/www.welovecycling.com\/cs\/wp-json\/wp\/v2\/global-categories?post=27058"}],"curies":[{"name":"wp","href":"https:\/\/api.w.org\/{rel}","templated":true}]}}