{"id":27046,"date":"2024-09-02T16:25:03","date_gmt":"2024-09-02T14:25:03","guid":{"rendered":"https:\/\/www.welovecycling.com\/cs\/?p=27046"},"modified":"2024-09-02T16:25:03","modified_gmt":"2024-09-02T14:25:03","slug":"proc-ben-oconnor-nevyhraje-vueltu-2024","status":"publish","type":"post","link":"https:\/\/www.welovecycling.com\/cs\/2024\/09\/02\/proc-ben-oconnor-nevyhraje-vueltu-2024\/","title":{"rendered":"Pro\u010d Ben O&#8217;Connor (ne)vyhraje Vueltu 2024?"},"content":{"rendered":"<p><strong>P\u00ed\u0161e historii! U\u017e dev\u011bt etap jede v rud\u00e9m trikotu l\u00eddra Vuelty, co\u017e nikdy \u017e\u00e1dn\u00fd jeho krajan nedok\u00e1zal. Ben O&#8217;Connor, australsk\u00fd cyklista t\u00fdmu Decathlon AG2R La Mondiale, sn\u00ed o v\u00edt\u011bzstv\u00ed na Grand Tour. Fam\u00f3zn\u00ed v\u00fdkon v \u0161est\u00e9 etap\u011b jej katapultoval do \u010dela z\u00e1vodu a i \u0161est etap p\u0159ed korunovac\u00ed v Madridu se tam dr\u017e\u00ed. Jeho n\u00e1skok se zten\u010dil, nicm\u00e9n\u011b po\u0159\u00e1d m\u00e1 odstup od pron\u00e1sledovatel\u016f. Existuje nad\u011bje, \u017ee z\u016fstane v maillot roja a\u017e do konce?<\/strong><\/p>\n<p>&#8222;Mo\u017en\u00e1 ano, mo\u017en\u00e1 ne. U\u017e\u00edv\u00e1m si ka\u017ed\u00fd den v rud\u00e9m trikotu. Je to z\u00e1\u017eitek na cel\u00fd \u017eivot,&#8220; \u0159\u00edk\u00e1 osmadvacetilet\u00fd borec, kter\u00fd jako teprve p\u00e1t\u00fd Australan zkompletoval sb\u00edrku v\u00edt\u011bzn\u00fdch etap ze v\u0161ech Grand Tour. V minulosti stejn\u00fd kousek svedli Caleb Ewan, Michael Matthews, Simon Gerrans a Rohan Dennis. Vueltu v\u0161ak nikdy v historii \u017e\u00e1dn\u00fd rod\u00e1k ze zem\u011b klokan\u016f neovl\u00e1dl. Tady jsou \u010dty\u0159i d\u016fvody pro\u010d Ben O&#8217;Connor Vueltu (ne)vyhraje&#8230;<\/p>\n<h2><strong>M\u00e1 srdce a touhu bojovn\u00edka<\/strong><\/h2>\n<p>Mo\u017en\u00e1 nem\u00e1 nejlep\u0161\u00ed nohy v pelotonu, rozhodn\u011b v\u0161ak disponuje obrovsk\u00fdm z\u00e1vodn\u00edm srdcem. Kdo vid\u011bl, jak se zran\u011bn\u00fd vypo\u0159\u00e1dal s celou etapou na Tour de France 2022, jen aby podpo\u0159il mor\u00e1lku t\u00fdmu a a\u017e n\u00e1sledn\u011b ze z\u00e1vodu odstoupil, nem\u016f\u017ee pochybovat o jeho odhodl\u00e1n\u00ed. Nemluv\u011b o v\u00edt\u011bzstv\u00ed v etap\u011b na Tour de France 2021, jeho\u017e dos\u00e1hl po p\u0159edchoz\u00edm p\u00e1du!<\/p>\n<h2><strong>La Roja d\u00e1v\u00e1 k\u0159\u00eddla<\/strong><\/h2>\n<p>Ben O&#8217;Connor v minulosti \u010dasto p\u0159i Grand Tours bojoval s nekonzistentn\u00ed formou. Ale sp\u00ed\u0161e ne\u017e o probl\u00e9m v\u00fdkonnostn\u00ed \u0161lo o d\u016fsledek pom\u00edjiv\u00e9ho sebev\u011bdom\u00ed. Jen\u017ee kdy\u017e m\u00e1te rud\u00fd dres l\u00eddra (La Roja), automaticky psychika roste.<\/p>\n<h2><strong>Nen\u00ed druho\u0159ad\u00fd cyklista<\/strong><\/h2>\n<p>Ben O&#8217;Connor nen\u00ed druho\u0159ad\u00fd cyklista. Jede des\u00e1tou Grand Tour kari\u00e9ry, t\u0159ikr\u00e1t skon\u010dil v elitn\u00ed des\u00edtce. Byl \u010dtvrt\u00fd na Tour de France 2021 a t\u00e9ho\u017e v\u00fdsledku v absolutn\u00edm po\u0159ad\u00ed dos\u00e1hl na leto\u0161n\u00edm Giru. Oba z\u00e1vody p\u0159itom vyhr\u00e1l Tadej Poga\u010dar. Ov\u0161em p\u0159i soupe\u0159en\u00ed s &#8222;b\u011b\u017en\u00fdmi smrteln\u00edky&#8220; si Australan vedl velice dob\u0159e.<\/p>\n<h2><strong>Fanou\u0161ci miluj\u00ed outsidery<\/strong><\/h2>\n<p>Ben O&#8217;Connor rozhodn\u011b nepat\u0159il k favorit\u016fm Vuelty. Francouzsk\u00fd t\u00fdm nep\u0159edpokl\u00e1dal, \u017ee by se dostal na z\u00e1v\u011bre\u010dn\u00e9 Grand Tour do veden\u00ed a dr\u017eel tak dlouho rud\u00fd trikot l\u00eddra. T\u00edm sp\u00ed\u0161e s australsk\u00fdm cyklistou, kter\u00fd po sezon\u011b zm\u011bn\u00ed dres.<\/p>\n<p><a href=\"https:\/\/d2p6e6u75xmxt8.cloudfront.net\/13\/2024\/09\/ben-o-connor-2.webp\"><img loading=\"lazy\" decoding=\"async\" class=\"alignnone size-full wp-image-27048\" src=\"https:\/\/d2p6e6u75xmxt8.cloudfront.net\/13\/2024\/09\/ben-o-connor-2.webp\" alt=\"\" width=\"1000\" height=\"1250\" srcset=\"https:\/\/d2p6e6u75xmxt8.cloudfront.net\/13\/2024\/09\/ben-o-connor-2.webp 1000w, https:\/\/d2p6e6u75xmxt8.cloudfront.net\/13\/2024\/09\/ben-o-connor-2-240x300.webp 240w, https:\/\/d2p6e6u75xmxt8.cloudfront.net\/13\/2024\/09\/ben-o-connor-2-819x1024.webp 819w, https:\/\/d2p6e6u75xmxt8.cloudfront.net\/13\/2024\/09\/ben-o-connor-2-768x960.webp 768w, https:\/\/d2p6e6u75xmxt8.cloudfront.net\/13\/2024\/09\/ben-o-connor-2-320x400.webp 320w\" sizes=\"auto, (max-width: 1000px) 100vw, 1000px\" \/><\/a><\/p>\n<p>Osmadvacetilet\u00fd rod\u00e1k z Perthu je v o\u010d\u00edch fanou\u0161k\u016f outsider. A lid\u00e9 miluj\u00ed velk\u00e9 p\u0159\u00edb\u011bhy, jak\u00fd napsal minul\u00fd rok Sepp Kuss. Proto se m\u016f\u017ee st\u00e1vaj\u00edc\u00ed l\u00eddr \u0161pan\u011blsk\u00e9 Grand Tour ur\u010dit\u011b spolehnout na podporu dav\u016f.<\/p>\n<h2><strong>Ben O&#8217;Connor\u00a0 m\u00e1 odhodlan\u00fd t\u00fdm<\/strong><\/h2>\n<p>Za dvaat\u0159icet let existence st\u00e1vaj\u00edc\u00ed formace nesouc\u00ed n\u00e1zev Decathlon AG2R La Mondiale nikdy nevyhr\u00e1la Grand Tour. Ov\u0161em i po patn\u00e1cti etap\u00e1ch je sestava kompletn\u00ed a odhodlan\u00e1 ud\u011blat maximum pro \u00fasp\u011bch v celkov\u00e9m po\u0159ad\u00ed. Geoffrey Bouchard, Felix Gall, Victor Lafay a Bruno Armirail by m\u011bly p\u0159edstavovat dostate\u010dnou podporu.<\/p>\n<div class=\"shortcode-ys-post-pinup\"><article class=\"loop-simple post-27015 post type-post status-publish format-standard has-post-thumbnail hentry category-https-www-welovecycling-com-cs-category-zabava tag-andy-schleck tag-cervena-repa tag-cyklistika tag-ledove-kade tag-regenerace tag-silnicni-cyklistika tag-tour-de-france tag-vuelta global-categories-cycling\" data-postid=\"27015\" role=\"article\" data-post-id=\"27015\" data-word-count=\"485\" data-headline-length=\"97\" data-category=\"Z\u00c1BAVA\" data-global-category=\"Cycling\" data-author=\"We Love Cycling\" data-published=\"2024-08-28T05:00:10+02:00\" data-published-day=\"Wednesday\">\n    <div class=\"entry-thumbnail article-thumbnail\" content=\"https:\/\/d2p6e6u75xmxt8.cloudfront.net\/13\/2024\/08\/1864-SKODA-TDF-Femmes-2024-150x150.webp\"><a href=\"https:\/\/www.welovecycling.com\/cs\/2024\/08\/28\/stava-z-cervene-repy-kvuli-regeneraci-pulka-tymu-sedela-na-zachode-vypravuje-vitez-tour\/\" class=\"image-holder\" target=\"_self\"><img decoding=\"async\" loading=\"lazy\" class=\"\" src=\"https:\/\/d2p6e6u75xmxt8.cloudfront.net\/13\/2024\/08\/1864-SKODA-TDF-Femmes-2024-1024x683.webp\" srcset=\"https:\/\/d2p6e6u75xmxt8.cloudfront.net\/13\/2024\/08\/1864-SKODA-TDF-Femmes-2024-scaled.webp 2560w, https:\/\/d2p6e6u75xmxt8.cloudfront.net\/13\/2024\/08\/1864-SKODA-TDF-Femmes-2024-300x200.webp 300w, https:\/\/d2p6e6u75xmxt8.cloudfront.net\/13\/2024\/08\/1864-SKODA-TDF-Femmes-2024-1024x683.webp 1024w, https:\/\/d2p6e6u75xmxt8.cloudfront.net\/13\/2024\/08\/1864-SKODA-TDF-Femmes-2024-768x512.webp 768w, https:\/\/d2p6e6u75xmxt8.cloudfront.net\/13\/2024\/08\/1864-SKODA-TDF-Femmes-2024-1536x1024.webp 1536w, https:\/\/d2p6e6u75xmxt8.cloudfront.net\/13\/2024\/08\/1864-SKODA-TDF-Femmes-2024-2048x1366.webp 2048w, https:\/\/d2p6e6u75xmxt8.cloudfront.net\/13\/2024\/08\/1864-SKODA-TDF-Femmes-2024-1920x1280.webp 1920w, https:\/\/d2p6e6u75xmxt8.cloudfront.net\/13\/2024\/08\/1864-SKODA-TDF-Femmes-2024-400x267.webp 400w, https:\/\/d2p6e6u75xmxt8.cloudfront.net\/13\/2024\/08\/1864-SKODA-TDF-Femmes-2024-272x182.webp 272w, https:\/\/d2p6e6u75xmxt8.cloudfront.net\/13\/2024\/08\/1864-SKODA-TDF-Femmes-2024-1920x1280.webp 1920w\" width=\"1024\" height=\"683\" sizes=\"auto, (min-width: 1200px) 300px, (min-width: 768px) 25vw, 100vw\" alt=\"stava-z-cervene-repy-kvuli-regeneraci-pulka-tymu-sedela-na-zachode-vypravuje-vitez-tour\"\/><\/a><\/div>    <div class=\"entry-meta\">\n        <a class=\"label label-secondary post-category\" href=\"https:\/\/www.welovecycling.com\/cs\/category\/https-www-welovecycling-com-cs-category-zabava\/\" title=\"Z\u00c1BAVA\">Z\u00c1BAVA<\/a>\n    <\/div>\n    <div class=\"entry-details\">\n        <a href=\"https:\/\/www.welovecycling.com\/cs\/2024\/08\/28\/stava-z-cervene-repy-kvuli-regeneraci-pulka-tymu-sedela-na-zachode-vypravuje-vitez-tour\/\" class='entry-title-wrapper'>\n            <h3 class=\"entry-title\"><span>\u0160\u0165\u00e1va z \u010derven\u00e9 \u0159epy na regeneraci? P\u016flka t\u00fdmu sed\u011bla na z\u00e1chod\u011b, \u0159\u00edk\u00e1 v\u00edt\u011bz Tour<\/span><\/h3>\n        <\/a>\n    <\/div>\n    <\/article>\n<\/div>\n<h2><strong>Nem\u00e1 siln\u00fd t\u00fdm<\/strong><\/h2>\n<p>Bruno Armirail ve t\u0159iceti letech zapsal pouh\u00e1 t\u0159i profesion\u00e1ln\u00ed v\u00edt\u011bzstv\u00ed. Cl\u00e9ment Berthet v sedmadvaceti na prvn\u00ed triumf \u010dek\u00e1. Geoffrey Bouchard m\u00e1 ve dvaat\u0159iceti jedin\u00e9 profesion\u00e1ln\u00ed v\u00edt\u011bzstv\u00ed. Nicm\u00e9n\u011b zapsal triumf z vrcha\u0159sk\u00fdch sout\u011b\u017e\u00ed na Giru (2021) a Vuelt\u011b (2019). P\u011btadvacetilet\u00fd Sander de Pestel v p\u011btadvaceti debutuje na Grand Tour a nikdy mezi profesion\u00e1ly nevyhr\u00e1l. \u0160estadvacetilet\u00fd Felix Gall m\u00e1 v nohou Tour de France, kde byl jako l\u00eddr, a t\u011b\u017eko se smi\u0159uje s pozici, kdy m\u00e1 pracovat pro kolegu. Nicm\u00e9n\u011b vyhr\u00e1l etapu na Tour de France 2023, kde pak byl celkov\u011b osm\u00fd. Osmadvacetilet\u00fd Victor Lafay vyhr\u00e1l etapu na Tour (2023) i Giru (2021). T\u0159iadvacetilet\u00fd Valentin Paret-Peintre na Vuelt\u011b debutuje, ale m\u00e1 etapov\u00e9 prvenstv\u00ed z leto\u0161n\u00edho Gira.<\/p>\n<figure id=\"attachment_23693\" aria-describedby=\"caption-attachment-23693\" style=\"width: 1920px\" class=\"wp-caption alignnone\"><a href=\"https:\/\/d2p6e6u75xmxt8.cloudfront.net\/13\/2023\/09\/Vuelta-21.webp\"><img loading=\"lazy\" decoding=\"async\" class=\"size-extra-large wp-image-23693\" src=\"https:\/\/d2p6e6u75xmxt8.cloudfront.net\/13\/2023\/09\/Vuelta-21-1920x1281.webp\" alt=\"Primo\u017e Rogli\u010d letos vyhr\u00e1l Giro di Italia. Jeho dal\u0161\u00ed spojen\u00ed s Vingegaardem (vlevo) a Kussem se uk\u00e1zalo jako neudr\u017eiteln\u00e9.\" width=\"1920\" height=\"1281\" srcset=\"https:\/\/d2p6e6u75xmxt8.cloudfront.net\/13\/2023\/09\/Vuelta-21-1920x1281.webp 1920w, https:\/\/d2p6e6u75xmxt8.cloudfront.net\/13\/2023\/09\/Vuelta-21-300x200.webp 300w, https:\/\/d2p6e6u75xmxt8.cloudfront.net\/13\/2023\/09\/Vuelta-21-1024x683.webp 1024w, https:\/\/d2p6e6u75xmxt8.cloudfront.net\/13\/2023\/09\/Vuelta-21-768x512.webp 768w, https:\/\/d2p6e6u75xmxt8.cloudfront.net\/13\/2023\/09\/Vuelta-21-1536x1025.webp 1536w, https:\/\/d2p6e6u75xmxt8.cloudfront.net\/13\/2023\/09\/Vuelta-21-400x267.webp 400w, https:\/\/d2p6e6u75xmxt8.cloudfront.net\/13\/2023\/09\/Vuelta-21-272x182.webp 272w, https:\/\/d2p6e6u75xmxt8.cloudfront.net\/13\/2023\/09\/Vuelta-21.webp 2048w, https:\/\/d2p6e6u75xmxt8.cloudfront.net\/13\/2023\/09\/Vuelta-21-1920x1281.webp 1920w\" sizes=\"auto, (max-width: 1920px) 100vw, 1920px\" \/><\/a><figcaption id=\"caption-attachment-23693\" class=\"wp-caption-text\"><em>Hv\u011bzdn\u00e1 sestava Jumbo Visma na Vuelt\u011b 2023. Zleva Jonas Vingegaard, v\u00edt\u011bzn\u00fd Sepp Kuss a Primo\u017e Rogli\u010d.<\/em><\/figcaption><\/figure>\n<p>Nicm\u00e9n\u011b kdy\u017e minul\u00fd rok vyhr\u00e1l Vueltu &#8222;outsider&#8220; jm\u00e9nem Sepp Kuss, jeho t\u00fdm Jumbo-Visma v pr\u016fb\u011bhu sezony drtil na Grand Tour protivn\u00edky. Primo\u017e Rogli\u010d, nyn\u00ed u\u017e jezd\u00edc\u00ed za konkuren\u010dn\u00ed Red Bull, vyhr\u00e1l Giro. A Jonas Vingegaard ovl\u00e1dl Tour de France. Kdy\u017e tihle dva l\u00edd\u0159i uposlechli na\u0159\u00edzen\u00ed veden\u00ed a p\u0159estali na Ameri\u010dana ve stejn\u00e9m dresu \u00fato\u010dit, mohl se spolehnout na supersiln\u00fd t\u00fdm. Sou\u010dasn\u00fd Decathlon AG2R LaMondiale se prost\u011b gigant\u016fm jako Red Bull Bora-hansgrohe, UAE Emirates \u010di Visma Lease a Bike nem\u016f\u017ee rovnat.<\/p>\n<h2><strong>\u010casovka nen\u00ed jeho dom\u00e9na<\/strong><\/h2>\n<p>Pokud by se <a href=\"https:\/\/www.welovecycling.com\/cs\/2024\/09\/02\/na-spici-se-neohlizej-po-ostatnich-radil-adeptovi-na-triumf-z-vuelty-expert\/\">Ben O&#8217;Connor<\/a> dok\u00e1zal vypo\u0159\u00e1dat s n\u00e1strahami trasy v hor\u00e1ch, p\u0159ijde z\u00e1v\u011bre\u010dn\u00fd test v podob\u011b \u010dasovky dlouh\u00e9 p\u011btadvacet kilometr\u016f ulicemi Madridu. P\u0159i otv\u00edrac\u00edm boji s chronometrem v Lisabonu dojel Ben O\u00b4Connor osmapades\u00e1t\u00fd a ztratil \u0161estat\u0159icet sekund na osm\u00e9ho Rogli\u010de. Z\u00e1v\u011bre\u010dn\u00e9 d\u011bjstv\u00ed nav\u00edc bude pom\u011brn\u011b technick\u00e9, tud\u00ed\u017e bude vyhovovat sp\u00ed\u0161e specialist\u016fm. Je jasn\u00e9, \u017ee Australan by pot\u0159eboval sp\u00ed\u0161e \u010dasov\u00fd pol\u0161t\u00e1\u0159.<\/p>\n<h2><strong>Nem\u00e1 zku\u0161enosti s pozic\u00ed l\u00eddra z\u00e1vodu<\/strong><\/h2>\n<p>Jakkoliv se Ben O&#8217;Connor pohybuje v pelotonu dlouho a jeho t\u00fdm jej n\u011bkolikr\u00e1t stanovil l\u00eddrem pro Grand Tour, nikdy nebyl na t\u0159i t\u00fddny trvaj\u00edc\u00edm etap\u00e1ku v \u010dele po\u0159ad\u00ed. A od sezony 2017, kdy za\u010dal z\u00e1vodit ve World Tour, se do \u010dela n\u011bkter\u00e9 z men\u0161\u00edch etapov\u00fdch bitev dostal jen jednou.<\/p>\n<div class=\"shortcode-ys-post-pinup\"><article class=\"loop-simple post-26862 post type-post status-publish format-standard has-post-thumbnail hentry category-silnicni-cyklistika tag-bankrot tag-bradley-wiggins tag-cyklistika tag-finance tag-lance-armstrong tag-silnicni-cyklistika tag-tour-de-france global-categories-cycling\" data-postid=\"26862\" role=\"article\" data-post-id=\"26862\" data-word-count=\"415\" data-headline-length=\"69\" data-category=\"Silni\u010dn\u00ed cyklistika\" data-global-category=\"Cycling\" data-author=\"We Love Cycling\" data-published=\"2024-08-15T05:00:45+02:00\" data-published-day=\"Thursday\">\n    <div class=\"entry-thumbnail article-thumbnail\" content=\"https:\/\/d2p6e6u75xmxt8.cloudfront.net\/13\/2020\/04\/bradley-wiggins-kr\u00e1lovna-150x150.webp\"><a href=\"https:\/\/www.welovecycling.com\/cs\/2024\/08\/15\/bradley-wiggins-o-bankrotu-nikdy-jsem-nevenoval-pozornost-financim\/\" class=\"image-holder\" target=\"_self\"><img decoding=\"async\" loading=\"lazy\" class=\"\" src=\"https:\/\/d2p6e6u75xmxt8.cloudfront.net\/13\/2020\/04\/bradley-wiggins-kr\u00e1lovna-1024x682.webp\" srcset=\"https:\/\/d2p6e6u75xmxt8.cloudfront.net\/13\/2020\/04\/bradley-wiggins-kr\u00e1lovna.webp 1800w, https:\/\/d2p6e6u75xmxt8.cloudfront.net\/13\/2020\/04\/bradley-wiggins-kr\u00e1lovna-300x200.webp 300w, https:\/\/d2p6e6u75xmxt8.cloudfront.net\/13\/2020\/04\/bradley-wiggins-kr\u00e1lovna-1024x682.webp 1024w, https:\/\/d2p6e6u75xmxt8.cloudfront.net\/13\/2020\/04\/bradley-wiggins-kr\u00e1lovna-768x511.webp 768w, https:\/\/d2p6e6u75xmxt8.cloudfront.net\/13\/2020\/04\/bradley-wiggins-kr\u00e1lovna-1536x1022.webp 1536w, https:\/\/d2p6e6u75xmxt8.cloudfront.net\/13\/2020\/04\/bradley-wiggins-kr\u00e1lovna-272x182.webp 272w\" width=\"1024\" height=\"682\" sizes=\"auto, (min-width: 1200px) 300px, (min-width: 768px) 25vw, 100vw\" alt=\"bradley-wiggins-o-bankrotu-nikdy-jsem-nevenoval-pozornost-financim\"\/><\/a><\/div>    <div class=\"entry-meta\">\n        <a class=\"label label-secondary post-category\" href=\"https:\/\/www.welovecycling.com\/cs\/category\/silnicni-cyklistika\/\" title=\"Silni\u010dn\u00ed cyklistika\">Silni\u010dn\u00ed cyklistika<\/a>\n    <\/div>\n    <div class=\"entry-details\">\n        <a href=\"https:\/\/www.welovecycling.com\/cs\/2024\/08\/15\/bradley-wiggins-o-bankrotu-nikdy-jsem-nevenoval-pozornost-financim\/\" class='entry-title-wrapper'>\n            <h3 class=\"entry-title\"><span>Bradley Wiggins o bankrotu: Nikdy jsem nev\u011bnoval pozornost financ\u00edm<\/span><\/h3>\n        <\/a>\n    <\/div>\n    <\/article>\n<\/div>\n<p>V sezon\u011b 2022 vedl jedin\u00fd den z\u00e1vod Kolem Katal\u00e1nska. M\u00edt trikot l\u00eddra p\u0159itom obn\u00e1\u0161\u00ed obrovsk\u00fd tlak.<\/p>\n<h2><strong>(Ne)sn\u00e1\u0161\u00ed z\u00e1vod\u011bn\u00ed ve vedru<\/strong><\/h2>\n<p>Ben O&#8217;Connor se narodil v australsk\u00e9m Perthu. Mysl mnoha z\u00e1vodn\u00edk\u016f dept\u00e1 vedro, kter\u00e9 prov\u00e1z\u00ed etapy \u0161pan\u011blsk\u00e9 Vuelty. Ov\u0161em Australan v takov\u00e9m prost\u0159ed\u00ed vyrostl a p\u0159i spr\u00e1vn\u00e9m p\u0159\u00edstupu, s podporou t\u00fdmu, nem\u00e1 s vedrem probl\u00e9m. Na druhou stranu p\u0159izn\u00e1v\u00e1, \u017ee horsk\u00e9 etapy p\u0159i teplot\u00e1ch p\u0159es \u010dty\u0159icet stup\u0148\u016f jej vys\u00e1vaj\u00ed.<\/p>\n<p><em>Tituln\u00ed foto: A.S.O.\/Unipublic\/Cycling\/Jose Carlos Di<\/em><\/p>\n<div class=\"yj6qo\"><\/div>\n","protected":false},"excerpt":{"rendered":"<p>P\u00ed\u0161e historii! U\u017e dev\u011bt etap jede v rud\u00e9m trikotu l\u00eddra Vuelty, co\u017e nikdy \u017e\u00e1dn\u00fd jeho krajan nedok\u00e1zal. Ben O&#8217;Connor, australsk\u00fd [&hellip;]<\/p>\n","protected":false},"author":138,"featured_media":27049,"comment_status":"open","ping_status":"open","sticky":false,"template":"","format":"standard","meta":{"footnotes":""},"categories":[10],"tags":[3777,126,3779,162,3778,102,9,23,273,3351],"global-categories":[411],"class_list":["post-27046","post","type-post","status-publish","format-standard","has-post-thumbnail","hentry","category-silnicni-cyklistika","tag-ben-oconnor","tag-cyklistika","tag-decathlon-ag2r-lamondiale","tag-grand-tour","tag-la-roja","tag-primoz-roglic","tag-silnicni-cyklistika","tag-tour-de-france","tag-vuelta","tag-vuelta-2024","global-categories-cycling"],"yoast_head":"<!-- This site is optimized with the Yoast SEO Premium plugin v25.3 (Yoast SEO v25.9) - https:\/\/yoast.com\/wordpress\/plugins\/seo\/ -->\n<title>Pro\u010d Ben O&#039;Connor (ne)vyhraje Vueltu 2024? | \u0160koda We Love Cycling - \u010cesk\u00e1 republika<\/title>\n<meta name=\"description\" content=\"P\u00ed\u0161e historii! U\u017e dev\u011bt etap jede v rud\u00e9m trikotu l\u00eddra Vuelty, co\u017e nikdy \u017e\u00e1dn\u00fd jeho krajan nedok\u00e1zal. Ben O&#039;Connor, australsk\u00fd cyklista t\u00fdmu Decathlon AG2R La Mondiale, sn\u00ed o v\u00edt\u011bzstv\u00ed na Grand Tour. Fam\u00f3zn\u00ed v\u00fdkon v \u0161est\u00e9 etap\u011b jej katapultoval do \u010dela z\u00e1vodu a i \u0161est etap p\u0159ed korunovac\u00ed v Madridu se tam dr\u017e\u00ed. Jeho n\u00e1skok se zten\u010dil, nicm\u00e9n\u011b po\u0159\u00e1d m\u00e1 odstup od pron\u00e1sledovatel\u016f. Existuje nad\u011bje, \u017ee z\u016fstane v maillot roja a\u017e do konce?\" \/>\n<meta name=\"robots\" content=\"index, follow, max-snippet:-1, max-image-preview:large, max-video-preview:-1\" \/>\n<link rel=\"canonical\" href=\"https:\/\/www.welovecycling.com\/cs\/2024\/09\/02\/proc-ben-oconnor-nevyhraje-vueltu-2024\/\" \/>\n<meta property=\"og:locale\" content=\"cs_CZ\" \/>\n<meta property=\"og:type\" content=\"article\" \/>\n<meta property=\"og:title\" content=\"Pro\u010d Ben O&#039;Connor (ne)vyhraje Vueltu 2024?\" \/>\n<meta property=\"og:description\" content=\"P\u00ed\u0161e historii! U\u017e dev\u011bt etap jede v rud\u00e9m trikotu l\u00eddra Vuelty, co\u017e nikdy \u017e\u00e1dn\u00fd jeho krajan nedok\u00e1zal. Ben O&#039;Connor, australsk\u00fd cyklista t\u00fdmu Decathlon AG2R La Mondiale, sn\u00ed o v\u00edt\u011bzstv\u00ed na Grand Tour. Fam\u00f3zn\u00ed v\u00fdkon v \u0161est\u00e9 etap\u011b jej katapultoval do \u010dela z\u00e1vodu a i \u0161est etap p\u0159ed korunovac\u00ed v Madridu se tam dr\u017e\u00ed. Jeho n\u00e1skok se zten\u010dil, nicm\u00e9n\u011b po\u0159\u00e1d m\u00e1 odstup od pron\u00e1sledovatel\u016f. Existuje nad\u011bje, \u017ee z\u016fstane v maillot roja a\u017e do konce?\" \/>\n<meta property=\"og:url\" content=\"https:\/\/www.welovecycling.com\/cs\/2024\/09\/02\/proc-ben-oconnor-nevyhraje-vueltu-2024\/\" \/>\n<meta property=\"og:site_name\" content=\"\u0160koda We Love Cycling - \u010cesk\u00e1 republika\" \/>\n<meta property=\"article:published_time\" content=\"2024-09-02T14:25:03+00:00\" \/>\n<meta property=\"og:image\" content=\"https:\/\/d2p6e6u75xmxt8.cloudfront.net\/13\/2024\/09\/ben-o-connor.webp\" \/>\n\t<meta property=\"og:image:width\" content=\"2400\" \/>\n\t<meta property=\"og:image:height\" content=\"1600\" \/>\n\t<meta property=\"og:image:type\" content=\"image\/webp\" \/>\n<meta name=\"author\" content=\"radekmalina\" \/>\n<meta name=\"twitter:card\" content=\"summary_large_image\" \/>\n<meta name=\"twitter:label1\" content=\"Written by\" \/>\n\t<meta name=\"twitter:data1\" content=\"We Love Cycling\" \/>\n\t<meta name=\"twitter:label2\" content=\"Est. reading time\" \/>\n\t<meta name=\"twitter:data2\" content=\"5\" \/>\n<script type=\"application\/ld+json\" class=\"yoast-schema-graph\">{\"@context\":\"https:\/\/schema.org\",\"@graph\":[{\"@type\":\"WebPage\",\"@id\":\"https:\/\/www.welovecycling.com\/cs\/2024\/09\/02\/proc-ben-oconnor-nevyhraje-vueltu-2024\/\",\"url\":\"https:\/\/www.welovecycling.com\/cs\/2024\/09\/02\/proc-ben-oconnor-nevyhraje-vueltu-2024\/\",\"name\":\"Pro\u010d Ben O'Connor (ne)vyhraje Vueltu 2024? | \u0160koda We Love Cycling - \u010cesk\u00e1 republika\",\"isPartOf\":{\"@id\":\"https:\/\/www.welovecycling.com\/cs\/#website\"},\"primaryImageOfPage\":{\"@id\":\"https:\/\/www.welovecycling.com\/cs\/2024\/09\/02\/proc-ben-oconnor-nevyhraje-vueltu-2024\/#primaryimage\"},\"image\":{\"@id\":\"https:\/\/www.welovecycling.com\/cs\/2024\/09\/02\/proc-ben-oconnor-nevyhraje-vueltu-2024\/#primaryimage\"},\"thumbnailUrl\":\"https:\/\/d2p6e6u75xmxt8.cloudfront.net\/13\/2024\/09\/ben-o-connor.webp\",\"datePublished\":\"2024-09-02T14:25:03+00:00\",\"author\":{\"@id\":\"https:\/\/www.welovecycling.com\/cs\/#\/schema\/person\/d9eeb0a378f3a7e4a6d12d2b536b04b8\"},\"description\":\"P\u00ed\u0161e historii! U\u017e dev\u011bt etap jede v rud\u00e9m trikotu l\u00eddra Vuelty, co\u017e nikdy \u017e\u00e1dn\u00fd jeho krajan nedok\u00e1zal. Ben O'Connor, australsk\u00fd cyklista t\u00fdmu Decathlon AG2R La Mondiale, sn\u00ed o v\u00edt\u011bzstv\u00ed na Grand Tour. Fam\u00f3zn\u00ed v\u00fdkon v \u0161est\u00e9 etap\u011b jej katapultoval do \u010dela z\u00e1vodu a i \u0161est etap p\u0159ed korunovac\u00ed v Madridu se tam dr\u017e\u00ed. Jeho n\u00e1skok se zten\u010dil, nicm\u00e9n\u011b po\u0159\u00e1d m\u00e1 odstup od pron\u00e1sledovatel\u016f. Existuje nad\u011bje, \u017ee z\u016fstane v maillot roja a\u017e do konce?\",\"inLanguage\":\"cs\",\"potentialAction\":[{\"@type\":\"ReadAction\",\"target\":[\"https:\/\/www.welovecycling.com\/cs\/2024\/09\/02\/proc-ben-oconnor-nevyhraje-vueltu-2024\/\"]}]},{\"@type\":\"ImageObject\",\"inLanguage\":\"cs\",\"@id\":\"https:\/\/www.welovecycling.com\/cs\/2024\/09\/02\/proc-ben-oconnor-nevyhraje-vueltu-2024\/#primaryimage\",\"url\":\"https:\/\/d2p6e6u75xmxt8.cloudfront.net\/13\/2024\/09\/ben-o-connor.webp\",\"contentUrl\":\"https:\/\/d2p6e6u75xmxt8.cloudfront.net\/13\/2024\/09\/ben-o-connor.webp\",\"width\":2400,\"height\":1600,\"caption\":\"Ben O\u00b4Connor Unipublic\/Cxcling\/Jose Carlos Di\"},{\"@type\":\"WebSite\",\"@id\":\"https:\/\/www.welovecycling.com\/cs\/#website\",\"url\":\"https:\/\/www.welovecycling.com\/cs\/\",\"name\":\"\u0160koda We Love Cycling - \u010cesk\u00e1 republika\",\"description\":\"WeLoveCycling.cz je online magaz\u00edn, kter\u00fd v\u00e1m pravideln\u011b p\u0159in\u00e1\u0161\u00ed rady a tipy, zaj\u00edmav\u00e9 \u010dl\u00e1nky, videa a jedine\u010dn\u00e9 report\u00e1\u017ee ze sv\u011bta cyklistiky.\",\"potentialAction\":[{\"@type\":\"SearchAction\",\"target\":{\"@type\":\"EntryPoint\",\"urlTemplate\":\"https:\/\/www.welovecycling.com\/cs\/?s={search_term_string}\"},\"query-input\":{\"@type\":\"PropertyValueSpecification\",\"valueRequired\":true,\"valueName\":\"search_term_string\"}}],\"inLanguage\":\"cs\"},{\"@type\":\"Person\",\"@id\":\"https:\/\/www.welovecycling.com\/cs\/#\/schema\/person\/d9eeb0a378f3a7e4a6d12d2b536b04b8\",\"name\":\"radekmalina\",\"image\":{\"@type\":\"ImageObject\",\"inLanguage\":\"cs\",\"@id\":\"https:\/\/www.welovecycling.com\/cs\/#\/schema\/person\/image\/\",\"url\":\"https:\/\/secure.gravatar.com\/avatar\/66994b632cb8c39a46b9f54afa3ae07201b678d32a54275b6f1c9ffec356bfc0?s=96&d=mm&r=g\",\"contentUrl\":\"https:\/\/secure.gravatar.com\/avatar\/66994b632cb8c39a46b9f54afa3ae07201b678d32a54275b6f1c9ffec356bfc0?s=96&d=mm&r=g\",\"caption\":\"radekmalina\"},\"url\":\"https:\/\/www.welovecycling.com\/cs\/author\/radekmalina\/\"}]}<\/script>\n<!-- \/ Yoast SEO Premium plugin. -->","yoast_head_json":{"title":"Pro\u010d Ben O'Connor (ne)vyhraje Vueltu 2024? | \u0160koda We Love Cycling - \u010cesk\u00e1 republika","description":"P\u00ed\u0161e historii! U\u017e dev\u011bt etap jede v rud\u00e9m trikotu l\u00eddra Vuelty, co\u017e nikdy \u017e\u00e1dn\u00fd jeho krajan nedok\u00e1zal. Ben O'Connor, australsk\u00fd cyklista t\u00fdmu Decathlon AG2R La Mondiale, sn\u00ed o v\u00edt\u011bzstv\u00ed na Grand Tour. Fam\u00f3zn\u00ed v\u00fdkon v \u0161est\u00e9 etap\u011b jej katapultoval do \u010dela z\u00e1vodu a i \u0161est etap p\u0159ed korunovac\u00ed v Madridu se tam dr\u017e\u00ed. Jeho n\u00e1skok se zten\u010dil, nicm\u00e9n\u011b po\u0159\u00e1d m\u00e1 odstup od pron\u00e1sledovatel\u016f. Existuje nad\u011bje, \u017ee z\u016fstane v maillot roja a\u017e do konce?","robots":{"index":"index","follow":"follow","max-snippet":"max-snippet:-1","max-image-preview":"max-image-preview:large","max-video-preview":"max-video-preview:-1"},"canonical":"https:\/\/www.welovecycling.com\/cs\/2024\/09\/02\/proc-ben-oconnor-nevyhraje-vueltu-2024\/","og_locale":"cs_CZ","og_type":"article","og_title":"Pro\u010d Ben O'Connor (ne)vyhraje Vueltu 2024?","og_description":"P\u00ed\u0161e historii! U\u017e dev\u011bt etap jede v rud\u00e9m trikotu l\u00eddra Vuelty, co\u017e nikdy \u017e\u00e1dn\u00fd jeho krajan nedok\u00e1zal. Ben O'Connor, australsk\u00fd cyklista t\u00fdmu Decathlon AG2R La Mondiale, sn\u00ed o v\u00edt\u011bzstv\u00ed na Grand Tour. Fam\u00f3zn\u00ed v\u00fdkon v \u0161est\u00e9 etap\u011b jej katapultoval do \u010dela z\u00e1vodu a i \u0161est etap p\u0159ed korunovac\u00ed v Madridu se tam dr\u017e\u00ed. Jeho n\u00e1skok se zten\u010dil, nicm\u00e9n\u011b po\u0159\u00e1d m\u00e1 odstup od pron\u00e1sledovatel\u016f. Existuje nad\u011bje, \u017ee z\u016fstane v maillot roja a\u017e do konce?","og_url":"https:\/\/www.welovecycling.com\/cs\/2024\/09\/02\/proc-ben-oconnor-nevyhraje-vueltu-2024\/","og_site_name":"\u0160koda We Love Cycling - \u010cesk\u00e1 republika","article_published_time":"2024-09-02T14:25:03+00:00","og_image":[{"width":2400,"height":1600,"url":"https:\/\/d2p6e6u75xmxt8.cloudfront.net\/13\/2024\/09\/ben-o-connor.webp","type":"image\/webp"}],"author":"radekmalina","twitter_card":"summary_large_image","twitter_misc":{"Written by":"We Love Cycling","Est. reading time":"5"},"schema":{"@context":"https:\/\/schema.org","@graph":[{"@type":"WebPage","@id":"https:\/\/www.welovecycling.com\/cs\/2024\/09\/02\/proc-ben-oconnor-nevyhraje-vueltu-2024\/","url":"https:\/\/www.welovecycling.com\/cs\/2024\/09\/02\/proc-ben-oconnor-nevyhraje-vueltu-2024\/","name":"Pro\u010d Ben O'Connor (ne)vyhraje Vueltu 2024? | \u0160koda We Love Cycling - \u010cesk\u00e1 republika","isPartOf":{"@id":"https:\/\/www.welovecycling.com\/cs\/#website"},"primaryImageOfPage":{"@id":"https:\/\/www.welovecycling.com\/cs\/2024\/09\/02\/proc-ben-oconnor-nevyhraje-vueltu-2024\/#primaryimage"},"image":{"@id":"https:\/\/www.welovecycling.com\/cs\/2024\/09\/02\/proc-ben-oconnor-nevyhraje-vueltu-2024\/#primaryimage"},"thumbnailUrl":"https:\/\/d2p6e6u75xmxt8.cloudfront.net\/13\/2024\/09\/ben-o-connor.webp","datePublished":"2024-09-02T14:25:03+00:00","author":{"@id":"https:\/\/www.welovecycling.com\/cs\/#\/schema\/person\/d9eeb0a378f3a7e4a6d12d2b536b04b8"},"description":"P\u00ed\u0161e historii! U\u017e dev\u011bt etap jede v rud\u00e9m trikotu l\u00eddra Vuelty, co\u017e nikdy \u017e\u00e1dn\u00fd jeho krajan nedok\u00e1zal. Ben O'Connor, australsk\u00fd cyklista t\u00fdmu Decathlon AG2R La Mondiale, sn\u00ed o v\u00edt\u011bzstv\u00ed na Grand Tour. Fam\u00f3zn\u00ed v\u00fdkon v \u0161est\u00e9 etap\u011b jej katapultoval do \u010dela z\u00e1vodu a i \u0161est etap p\u0159ed korunovac\u00ed v Madridu se tam dr\u017e\u00ed. Jeho n\u00e1skok se zten\u010dil, nicm\u00e9n\u011b po\u0159\u00e1d m\u00e1 odstup od pron\u00e1sledovatel\u016f. Existuje nad\u011bje, \u017ee z\u016fstane v maillot roja a\u017e do konce?","inLanguage":"cs","potentialAction":[{"@type":"ReadAction","target":["https:\/\/www.welovecycling.com\/cs\/2024\/09\/02\/proc-ben-oconnor-nevyhraje-vueltu-2024\/"]}]},{"@type":"ImageObject","inLanguage":"cs","@id":"https:\/\/www.welovecycling.com\/cs\/2024\/09\/02\/proc-ben-oconnor-nevyhraje-vueltu-2024\/#primaryimage","url":"https:\/\/d2p6e6u75xmxt8.cloudfront.net\/13\/2024\/09\/ben-o-connor.webp","contentUrl":"https:\/\/d2p6e6u75xmxt8.cloudfront.net\/13\/2024\/09\/ben-o-connor.webp","width":2400,"height":1600,"caption":"Ben O\u00b4Connor Unipublic\/Cxcling\/Jose Carlos Di"},{"@type":"WebSite","@id":"https:\/\/www.welovecycling.com\/cs\/#website","url":"https:\/\/www.welovecycling.com\/cs\/","name":"\u0160koda We Love Cycling - \u010cesk\u00e1 republika","description":"WeLoveCycling.cz je online magaz\u00edn, kter\u00fd v\u00e1m pravideln\u011b p\u0159in\u00e1\u0161\u00ed rady a tipy, zaj\u00edmav\u00e9 \u010dl\u00e1nky, videa a jedine\u010dn\u00e9 report\u00e1\u017ee ze sv\u011bta cyklistiky.","potentialAction":[{"@type":"SearchAction","target":{"@type":"EntryPoint","urlTemplate":"https:\/\/www.welovecycling.com\/cs\/?s={search_term_string}"},"query-input":{"@type":"PropertyValueSpecification","valueRequired":true,"valueName":"search_term_string"}}],"inLanguage":"cs"},{"@type":"Person","@id":"https:\/\/www.welovecycling.com\/cs\/#\/schema\/person\/d9eeb0a378f3a7e4a6d12d2b536b04b8","name":"radekmalina","image":{"@type":"ImageObject","inLanguage":"cs","@id":"https:\/\/www.welovecycling.com\/cs\/#\/schema\/person\/image\/","url":"https:\/\/secure.gravatar.com\/avatar\/66994b632cb8c39a46b9f54afa3ae07201b678d32a54275b6f1c9ffec356bfc0?s=96&d=mm&r=g","contentUrl":"https:\/\/secure.gravatar.com\/avatar\/66994b632cb8c39a46b9f54afa3ae07201b678d32a54275b6f1c9ffec356bfc0?s=96&d=mm&r=g","caption":"radekmalina"},"url":"https:\/\/www.welovecycling.com\/cs\/author\/radekmalina\/"}]}},"_links":{"self":[{"href":"https:\/\/www.welovecycling.com\/cs\/wp-json\/wp\/v2\/posts\/27046","targetHints":{"allow":["GET"]}}],"collection":[{"href":"https:\/\/www.welovecycling.com\/cs\/wp-json\/wp\/v2\/posts"}],"about":[{"href":"https:\/\/www.welovecycling.com\/cs\/wp-json\/wp\/v2\/types\/post"}],"author":[{"embeddable":true,"href":"https:\/\/www.welovecycling.com\/cs\/wp-json\/wp\/v2\/users\/138"}],"replies":[{"embeddable":true,"href":"https:\/\/www.welovecycling.com\/cs\/wp-json\/wp\/v2\/comments?post=27046"}],"version-history":[{"count":2,"href":"https:\/\/www.welovecycling.com\/cs\/wp-json\/wp\/v2\/posts\/27046\/revisions"}],"predecessor-version":[{"id":27050,"href":"https:\/\/www.welovecycling.com\/cs\/wp-json\/wp\/v2\/posts\/27046\/revisions\/27050"}],"wp:featuredmedia":[{"embeddable":true,"href":"https:\/\/www.welovecycling.com\/cs\/wp-json\/wp\/v2\/media\/27049"}],"wp:attachment":[{"href":"https:\/\/www.welovecycling.com\/cs\/wp-json\/wp\/v2\/media?parent=27046"}],"wp:term":[{"taxonomy":"category","embeddable":true,"href":"https:\/\/www.welovecycling.com\/cs\/wp-json\/wp\/v2\/categories?post=27046"},{"taxonomy":"post_tag","embeddable":true,"href":"https:\/\/www.welovecycling.com\/cs\/wp-json\/wp\/v2\/tags?post=27046"},{"taxonomy":"global-categories","embeddable":true,"href":"https:\/\/www.welovecycling.com\/cs\/wp-json\/wp\/v2\/global-categories?post=27046"}],"curies":[{"name":"wp","href":"https:\/\/api.w.org\/{rel}","templated":true}]}}