{"id":27029,"date":"2024-08-30T12:00:52","date_gmt":"2024-08-30T10:00:52","guid":{"rendered":"https:\/\/www.welovecycling.com\/cs\/?p=27029"},"modified":"2024-08-30T11:04:00","modified_gmt":"2024-08-30T09:04:00","slug":"ocel-hlinik-titan-nebo-karbon-jak-vybrat-idealni-material-pro-ram-kola","status":"publish","type":"post","link":"https:\/\/www.welovecycling.com\/cs\/2024\/08\/30\/ocel-hlinik-titan-nebo-karbon-jak-vybrat-idealni-material-pro-ram-kola\/","title":{"rendered":"Ocel, hlin\u00edk, titan, nebo karbon? Jak vybrat ide\u00e1ln\u00ed materi\u00e1l pro r\u00e1m kola"},"content":{"rendered":"<p><strong>Pokud kupujete nov\u00e9 silni\u010dn\u00ed kolo, budete zaplaveni mo\u0159em mo\u017enost\u00ed, a proto m\u016f\u017ee b\u00fdt v\u00fdb\u011br toho spr\u00e1vn\u00e9ho kola pro v\u00e1s pon\u011bkud obt\u00ed\u017en\u00fdm. Existuje mnoho filtr\u016f, kter\u00e9 m\u016f\u017eete p\u0159i v\u00fdb\u011bru pou\u017e\u00edt, od ceny, specifikace, stylu j\u00edzdy, zna\u010dky nebo dokonce barvy. Cel\u00e9 by to ale mo\u017en\u00e1 m\u011blo za\u010d\u00edt materi\u00e1lem pro r\u00e1m kola.<\/strong><\/p>\n<p><span style=\"font-weight: 400;\">R\u00e1m je srdcem va\u0161eho nov\u00e9ho silni\u010dn\u00edho kola a je to m\u00edsto, kam jde v\u011bt\u0161ina rozpo\u010dtu, a materi\u00e1l v tom m\u016f\u017ee hr\u00e1t velkou roli, tak\u017ee se vyplat\u00ed vyb\u00edrat moud\u0159e. K v\u00fdrob\u011b silni\u010dn\u00edch kol se b\u011b\u017en\u011b pou\u017e\u00edvaj\u00ed \u010dty\u0159i: ocel, hlin\u00edk, titan a uhl\u00edkov\u00e1 vl\u00e1kna. R\u016fzn\u00e9 materi\u00e1ly jsou vhodn\u00e9 pro r\u016fzn\u00e9 typy je\u017ed\u011bn\u00ed, tak\u017ee je dobr\u00e9 zn\u00e1t kl\u00ed\u010dov\u00e9 rozd\u00edly.<\/span><\/p>\n<h2><b>Hlin\u00edk<\/b><\/h2>\n<p><span style=\"font-weight: 400;\">Hlin\u00edk je nejb\u011b\u017en\u011bj\u0161\u00edm materi\u00e1lem a pou\u017e\u00edv\u00e1 se p\u0159edev\u0161\u00edm pro silni\u010dn\u00ed kola na ni\u017e\u0161\u00ed cenov\u00e9 hladin\u011b. Je ide\u00e1ln\u00ed materi\u00e1lem, proto\u017ee z\u00a0n\u011bj vyrob\u00edte tuh\u00fd a lehk\u00fd r\u00e1m. Dlouho se na hlin\u00edkov\u00e9 r\u00e1my nespravedliv\u011b nahl\u00ed\u017eelo jako na kostit\u0159asy, kter\u00e9 nedok\u00e1\u017eou poskytnout nepohodlnou j\u00edzdu. Tuhost je jejich (ne)v\u00fdhodou, ale nejnov\u011bj\u0161\u00ed hlin\u00edkov\u00e9 r\u00e1my bo\u0159\u00ed m\u00fdty a zajist\u00ed hladk\u00e9 svezen\u00ed.<\/span><\/p>\n<p><span style=\"font-weight: 400;\">Zat\u00edmco hlin\u00edk b\u00fdv\u00e1 u v\u011bt\u0161iny velk\u00fdch zna\u010dek vyhrazen kol\u016fm nejni\u017e\u0161\u00ed kvalitativn\u00ed \u00farovn\u011b, existuje spousta pr\u00e9miov\u00fdch mo\u017enost\u00ed. Tak\u017ee hlin\u00edkov\u00e9 kolo nezatracujte jen proto, \u017ee se pou\u017e\u00edv\u00e1 pro z\u00e1kladn\u00ed silni\u010dn\u00ed kola.<\/span><\/p>\n<p><span style=\"font-weight: 400;\">Je f\u00e9r \u0159\u00edct, \u017ee o hlin\u00edk je v sou\u010dasnosti zase z\u00e1jem. V\u00fdrobci tla\u010d\u00ed na materi\u00e1l, aby dos\u00e1hli p\u016fsobiv\u011b lehk\u00fdch r\u00e1m\u016f, a chyt\u0159\u00ed spot\u0159ebitel\u00e9 si uv\u011bdomuj\u00ed, \u017ee za sv\u00e9 pen\u00edze z\u00edskaj\u00ed spoustu muziky a vybaven\u00ed. Pokud jde o to, co z\u00edsk\u00e1te za sv\u00e9 pen\u00edze, pak je t\u011b\u017ek\u00e9 hlin\u00edk porazit.<\/span><\/p>\n<h2><b>Ocel<\/b><\/h2>\n<p><span style=\"font-weight: 400;\">V letech minul\u00fdch byla ocel jedinou volbou materi\u00e1lu pro r\u00e1m kola, tak\u017ee n\u00e1kup nov\u00e9ho kola byl relativn\u011b snadn\u00fd. Ocel m\u00e1 sv\u00e9 m\u00edsto i v dne\u0161n\u00ed dob\u011b, je zn\u00e1m\u00e1 svou komfortn\u00ed j\u00edzdou, a proto se k n\u00ed st\u00e1le cyklist\u00e9-znalci p\u0159ikl\u00e1n\u011bj\u00ed. P\u0159itom ocel ani nemus\u00ed b\u00fdt tak t\u011b\u017ek\u00e1, jako zn\u00ed.<\/span><\/p>\n<p><span style=\"font-weight: 400;\">V\u00fdrobci ocelov\u00fdch trubek, jako jsou Columbus a Reynolds, na\u0161t\u011bst\u00ed na ocel nezanev\u0159eli a ve skute\u010dnosti se stal opak \u2013 tento sm\u011br d\u00e1l \u017eiv\u00ed. Nejnov\u011bj\u0161\u00ed ocelov\u00e9 sady trubek jsou leh\u010d\u00ed a tu\u017e\u0161\u00ed ne\u017e to, na \u010dem z\u00e1vodil Eddy Merckx.<\/span><\/p>\n<p><a href=\"https:\/\/d2p6e6u75xmxt8.cloudfront.net\/13\/2024\/08\/allez-epic-i-photo-pg-3882-1080-.webp\"><img loading=\"lazy\" decoding=\"async\" class=\"alignnone size-full wp-image-27033\" src=\"https:\/\/d2p6e6u75xmxt8.cloudfront.net\/13\/2024\/08\/allez-epic-i-photo-pg-3882-1080-.webp\" alt=\"\" width=\"1080\" height=\"720\" srcset=\"https:\/\/d2p6e6u75xmxt8.cloudfront.net\/13\/2024\/08\/allez-epic-i-photo-pg-3882-1080-.webp 1080w, https:\/\/d2p6e6u75xmxt8.cloudfront.net\/13\/2024\/08\/allez-epic-i-photo-pg-3882-1080--300x200.webp 300w, https:\/\/d2p6e6u75xmxt8.cloudfront.net\/13\/2024\/08\/allez-epic-i-photo-pg-3882-1080--1024x683.webp 1024w, https:\/\/d2p6e6u75xmxt8.cloudfront.net\/13\/2024\/08\/allez-epic-i-photo-pg-3882-1080--768x512.webp 768w, https:\/\/d2p6e6u75xmxt8.cloudfront.net\/13\/2024\/08\/allez-epic-i-photo-pg-3882-1080--400x267.webp 400w, https:\/\/d2p6e6u75xmxt8.cloudfront.net\/13\/2024\/08\/allez-epic-i-photo-pg-3882-1080--272x182.webp 272w\" sizes=\"auto, (max-width: 1080px) 100vw, 1080px\" \/><\/a><\/p>\n<p><span style=\"font-weight: 400;\">Ocelov\u00e9 kolo je \u017eivotaschopnou alternativou karbonu a hlin\u00edku a m\u00e1 tu v\u00fdhodu, \u017ee \u0159ada mal\u00fdch r\u00e1ma\u0159\u016f je s\u00a0to v\u00e1m postavit kolo dokonale na m\u00edru. Ocel je mo\u017en\u00e1 trochu retro materi\u00e1l, ale ide\u00e1ln\u00ed pro ty, kte\u0159\u00ed up\u0159ednost\u0148uj\u00ed komfort, kter\u00e9 kus \u017eeleza um\u00ed zajistit, a nevad\u00ed jim trocha hmotnosti nav\u00edc.<\/span><\/p>\n<h2><b>Titan<\/b><\/h2>\n<p><span style=\"font-weight: 400;\">Titan je velmi \u017e\u00e1dan\u00fd materi\u00e1l pro r\u00e1m kola d\u00edky sv\u00e9 pov\u011bstn\u00e9 pru\u017enosti a pohlcov\u00e1n\u00ed n\u00e1raz\u016f. Je leh\u010d\u00ed ne\u017e ocel, pevn\u011bj\u0161\u00ed ne\u017e hlin\u00edk a jeho antikorozn\u00ed vlastnosti a skute\u010dnost, \u017ee povrch m\u016f\u017ee b\u00fdt le\u0161t\u011bn, znamen\u00e1, \u017ee by v\u00e1s mohl p\u0159e\u017e\u00edt. Co\u017e pom\u00e1h\u00e1 kompenzovat vysokou cenu, kterou s sebou kosmick\u00fd materi\u00e1l st\u00e1le nese.<\/span><\/p>\n<div class=\"shortcode-ys-post-pinup\"><article class=\"loop-simple post-26993 post type-post status-publish format-standard has-post-thumbnail hentry category-silnicni-cyklistika category-zdravi-a-trenink tag-bilkoviny tag-cyklistika tag-jidlo-cyklistu tag-jidlo-na-grand-tour tag-potrava-na-grand-tour tag-sacharidy-a-cyklistika tag-strava-cyklistu tag-vyziva tag-zdravi-a-trenink global-categories-cycling\" data-postid=\"26993\" role=\"article\" data-post-id=\"26993\" data-word-count=\"822\" data-headline-length=\"81\" data-category=\"Zdrav\u00ed a tr\u00e9nink\" data-global-category=\"Cycling\" data-author=\"We Love Cycling\" data-published=\"2024-08-26T16:35:39+02:00\" data-published-day=\"Monday\">\n    <div class=\"entry-thumbnail article-thumbnail\" content=\"https:\/\/d2p6e6u75xmxt8.cloudfront.net\/13\/2024\/08\/profimedia-0596459977-150x150.webp\"><a href=\"https:\/\/www.welovecycling.com\/cs\/2024\/08\/26\/sest-set-gramu-sacharidu-za-etapu-jak-vypada-strava-cyklistu-na-grand-tour\/\" class=\"image-holder\" target=\"_self\"><img decoding=\"async\" loading=\"lazy\" class=\"\" src=\"https:\/\/d2p6e6u75xmxt8.cloudfront.net\/13\/2024\/08\/profimedia-0596459977-1024x683.webp\" srcset=\"https:\/\/d2p6e6u75xmxt8.cloudfront.net\/13\/2024\/08\/profimedia-0596459977.webp 1800w, https:\/\/d2p6e6u75xmxt8.cloudfront.net\/13\/2024\/08\/profimedia-0596459977-300x200.webp 300w, https:\/\/d2p6e6u75xmxt8.cloudfront.net\/13\/2024\/08\/profimedia-0596459977-1024x683.webp 1024w, https:\/\/d2p6e6u75xmxt8.cloudfront.net\/13\/2024\/08\/profimedia-0596459977-768x512.webp 768w, https:\/\/d2p6e6u75xmxt8.cloudfront.net\/13\/2024\/08\/profimedia-0596459977-1536x1024.webp 1536w, https:\/\/d2p6e6u75xmxt8.cloudfront.net\/13\/2024\/08\/profimedia-0596459977-400x267.webp 400w, https:\/\/d2p6e6u75xmxt8.cloudfront.net\/13\/2024\/08\/profimedia-0596459977-272x182.webp 272w\" width=\"1024\" height=\"683\" sizes=\"auto, (min-width: 1200px) 300px, (min-width: 768px) 25vw, 100vw\" alt=\"sest-set-gramu-sacharidu-za-etapu-jak-vypada-strava-cyklistu-na-grand-tour\"\/><\/a><\/div>    <div class=\"entry-meta\">\n        <a class=\"label label-secondary post-category\" href=\"https:\/\/www.welovecycling.com\/cs\/category\/zdravi-a-trenink\/\" title=\"Zdrav\u00ed a tr\u00e9nink\">Zdrav\u00ed a tr\u00e9nink<\/a>\n    <\/div>\n    <div class=\"entry-details\">\n        <a href=\"https:\/\/www.welovecycling.com\/cs\/2024\/08\/26\/sest-set-gramu-sacharidu-za-etapu-jak-vypada-strava-cyklistu-na-grand-tour\/\" class='entry-title-wrapper'>\n            <h3 class=\"entry-title\"><span>\u0160est set gram\u016f sacharid\u016f za etapu! Jak vypad\u00e1 strava cyklist\u016f na Grand Tour?<\/span><\/h3>\n        <\/a>\n    <\/div>\n    <\/article>\n<\/div>\n<p><span style=\"font-weight: 400;\">V\u011bt\u0161ina titanov\u00fdch r\u00e1m\u016f je vyrobena z trubek 3Al-2,5V (kde titan tvo\u0159\u00ed slitinu s\u00a03 % hlin\u00edku a 2,5 % vanadu). Tvrd\u0161\u00ed varianta titanu 6Al-4V je vid\u011bt na mnohem dra\u017e\u0161\u00edch r\u00e1mov\u00fdch sad\u00e1ch. Proto\u017ee je obt\u00ed\u017en\u00e9 a drah\u00e9 vyrobit beze\u0161v\u00e9 trubky z 6Al-4V, \u010dasto se pou\u017e\u00edv\u00e1 pro obr\u00e1b\u011bn\u00e9 d\u00edly, jako jsou patky a hlavov\u00e9 trubky.<\/span><\/p>\n<h2><b>Karbon<\/b><\/h2>\n<p><span style=\"font-weight: 400;\">A kone\u010dn\u011b \u010dern\u00e9 zlato, kter\u00e9 pro mnoh\u00e9 z n\u00e1s p\u0159edstavuje jedinou volbu <a href=\"https:\/\/www.welovecycling.com\/cs\/2022\/12\/15\/kolo-nebo-umelecke-dilo-franz-kafka-a-jeho-vesmir-na-ramu-z-vrsovic\/\">pro r\u00e1m kola<\/a>. Spleten\u00e9 uhl\u00edkov\u00e9 vl\u00e1kno je v z\u00e1vodn\u00edm sv\u011bt\u011b dominantn\u00edm materi\u00e1lem, je nejleh\u010d\u00ed a nejtu\u017e\u0161\u00ed ze \u010dty\u0159 materi\u00e1l\u016f r\u00e1mu, ale m\u016f\u017ee b\u00fdt tak\u00e9 nejdra\u017e\u0161\u00ed.<\/span><\/p>\n<p><span style=\"font-weight: 400;\">Karbon je nejflexibiln\u011bj\u0161\u00ed z materi\u00e1l\u016f a nab\u00edz\u00ed design\u00e9r\u016fm obrovsk\u00fd prostor pro p\u0159izp\u016fsoben\u00ed j\u00edzdn\u00edch vlastnost\u00ed r\u00e1mu. Nejsou p\u0159i tom omezeni tvarem trubky, p\u0159i\u010dem\u017e tvarov\u00e9 kreace aero silni\u010dn\u00edch kol jsou dobr\u00fdm p\u0159\u00edkladem t\u00e9to v\u0161estrannosti.<\/span><\/p>\n<p><span style=\"font-weight: 400;\">R\u00e1my z uhl\u00edkov\u00fdch vl\u00e1ken v\u0161ak nejsou v\u0161echny stejn\u00e9. Mezi levn\u00fdmi a drah\u00fdmi uhl\u00edkov\u00fdmi vl\u00e1kny je obrovsk\u00fd rozd\u00edl, z\u00e1le\u017e\u00ed na typu pou\u017eit\u00fdch vl\u00e1ken, zp\u016fsobu jejich spl\u00e9t\u00e1n\u00ed a dal\u0161\u00edch d\u016fle\u017eit\u00fdch faktorech. Takto v\u00fdrobci dok\u00e1\u017eou ovlivnit hmotnost, tuhost i pohodl\u00ed.<\/span><\/p>\n","protected":false},"excerpt":{"rendered":"<p>Pokud kupujete nov\u00e9 silni\u010dn\u00ed kolo, budete zaplaveni mo\u0159em mo\u017enost\u00ed, a proto m\u016f\u017ee b\u00fdt v\u00fdb\u011br toho spr\u00e1vn\u00e9ho kola pro v\u00e1s pon\u011bkud [&hellip;]<\/p>\n","protected":false},"author":138,"featured_media":27032,"comment_status":"open","ping_status":"open","sticky":false,"template":"","format":"standard","meta":{"footnotes":""},"categories":[15],"tags":[126,3775,3773,3774,3772,3776,3771,9,3542],"global-categories":[411],"class_list":["post-27029","post","type-post","status-publish","format-standard","has-post-thumbnail","hentry","category-rady-tipy","tag-cyklistika","tag-hlinik","tag-jak-vybrat-material-pro-ram-kola","tag-karbon","tag-material-pro-ram-kola","tag-ocel","tag-ram-kola","tag-silnicni-cyklistika","tag-titan","global-categories-cycling"],"yoast_head":"<!-- This site is optimized with the Yoast SEO Premium plugin v25.3 (Yoast SEO v25.9) - https:\/\/yoast.com\/wordpress\/plugins\/seo\/ -->\n<title>Ocel, hlin\u00edk, titan, nebo karbon? Jak vybrat ide\u00e1ln\u00ed materi\u00e1l pro r\u00e1m kola | \u0160koda We Love Cycling - \u010cesk\u00e1 republika<\/title>\n<meta name=\"description\" content=\"Pokud kupujete nov\u00e9 silni\u010dn\u00ed kolo, budete zaplaveni mo\u0159em mo\u017enost\u00ed, a proto m\u016f\u017ee b\u00fdt v\u00fdb\u011br toho spr\u00e1vn\u00e9ho kola pro v\u00e1s pon\u011bkud obt\u00ed\u017en\u00fdm. Existuje mnoho filtr\u016f, kter\u00e9 m\u016f\u017eete p\u0159i v\u00fdb\u011bru pou\u017e\u00edt, od ceny, specifikace, stylu j\u00edzdy, zna\u010dky nebo dokonce barvy. Cel\u00e9 by to ale mo\u017en\u00e1 m\u011blo za\u010d\u00edt materi\u00e1lem pro r\u00e1m kola.\" \/>\n<meta name=\"robots\" content=\"index, follow, max-snippet:-1, max-image-preview:large, max-video-preview:-1\" \/>\n<link rel=\"canonical\" href=\"https:\/\/www.welovecycling.com\/cs\/2024\/08\/30\/ocel-hlinik-titan-nebo-karbon-jak-vybrat-idealni-material-pro-ram-kola\/\" \/>\n<meta property=\"og:locale\" content=\"cs_CZ\" \/>\n<meta property=\"og:type\" content=\"article\" \/>\n<meta property=\"og:title\" content=\"Ocel, hlin\u00edk, titan, nebo karbon? Jak vybrat ide\u00e1ln\u00ed materi\u00e1l pro r\u00e1m kola\" \/>\n<meta property=\"og:description\" content=\"Pokud kupujete nov\u00e9 silni\u010dn\u00ed kolo, budete zaplaveni mo\u0159em mo\u017enost\u00ed, a proto m\u016f\u017ee b\u00fdt v\u00fdb\u011br toho spr\u00e1vn\u00e9ho kola pro v\u00e1s pon\u011bkud obt\u00ed\u017en\u00fdm. Existuje mnoho filtr\u016f, kter\u00e9 m\u016f\u017eete p\u0159i v\u00fdb\u011bru pou\u017e\u00edt, od ceny, specifikace, stylu j\u00edzdy, zna\u010dky nebo dokonce barvy. Cel\u00e9 by to ale mo\u017en\u00e1 m\u011blo za\u010d\u00edt materi\u00e1lem pro r\u00e1m kola.\" \/>\n<meta property=\"og:url\" content=\"https:\/\/www.welovecycling.com\/cs\/2024\/08\/30\/ocel-hlinik-titan-nebo-karbon-jak-vybrat-idealni-material-pro-ram-kola\/\" \/>\n<meta property=\"og:site_name\" content=\"\u0160koda We Love Cycling - \u010cesk\u00e1 republika\" \/>\n<meta property=\"article:published_time\" content=\"2024-08-30T10:00:52+00:00\" \/>\n<meta property=\"og:image\" content=\"https:\/\/d2p6e6u75xmxt8.cloudfront.net\/13\/2024\/08\/ram-kola-h2ss0797-photo-pg-4751-1920-.webp\" \/>\n\t<meta property=\"og:image:width\" content=\"1620\" \/>\n\t<meta property=\"og:image:height\" content=\"1080\" \/>\n\t<meta property=\"og:image:type\" content=\"image\/webp\" \/>\n<meta name=\"author\" content=\"radekmalina\" \/>\n<meta name=\"twitter:card\" content=\"summary_large_image\" \/>\n<meta name=\"twitter:label1\" content=\"Written by\" \/>\n\t<meta name=\"twitter:data1\" content=\"We Love Cycling\" \/>\n\t<meta name=\"twitter:label2\" content=\"Est. reading time\" \/>\n\t<meta name=\"twitter:data2\" content=\"5\" \/>\n<script type=\"application\/ld+json\" class=\"yoast-schema-graph\">{\"@context\":\"https:\/\/schema.org\",\"@graph\":[{\"@type\":\"WebPage\",\"@id\":\"https:\/\/www.welovecycling.com\/cs\/2024\/08\/30\/ocel-hlinik-titan-nebo-karbon-jak-vybrat-idealni-material-pro-ram-kola\/\",\"url\":\"https:\/\/www.welovecycling.com\/cs\/2024\/08\/30\/ocel-hlinik-titan-nebo-karbon-jak-vybrat-idealni-material-pro-ram-kola\/\",\"name\":\"Ocel, hlin\u00edk, titan, nebo karbon? Jak vybrat ide\u00e1ln\u00ed materi\u00e1l pro r\u00e1m kola | \u0160koda We Love Cycling - \u010cesk\u00e1 republika\",\"isPartOf\":{\"@id\":\"https:\/\/www.welovecycling.com\/cs\/#website\"},\"primaryImageOfPage\":{\"@id\":\"https:\/\/www.welovecycling.com\/cs\/2024\/08\/30\/ocel-hlinik-titan-nebo-karbon-jak-vybrat-idealni-material-pro-ram-kola\/#primaryimage\"},\"image\":{\"@id\":\"https:\/\/www.welovecycling.com\/cs\/2024\/08\/30\/ocel-hlinik-titan-nebo-karbon-jak-vybrat-idealni-material-pro-ram-kola\/#primaryimage\"},\"thumbnailUrl\":\"https:\/\/d2p6e6u75xmxt8.cloudfront.net\/13\/2024\/08\/ram-kola-h2ss0797-photo-pg-4751-1920-.webp\",\"datePublished\":\"2024-08-30T10:00:52+00:00\",\"author\":{\"@id\":\"https:\/\/www.welovecycling.com\/cs\/#\/schema\/person\/d9eeb0a378f3a7e4a6d12d2b536b04b8\"},\"description\":\"Pokud kupujete nov\u00e9 silni\u010dn\u00ed kolo, budete zaplaveni mo\u0159em mo\u017enost\u00ed, a proto m\u016f\u017ee b\u00fdt v\u00fdb\u011br toho spr\u00e1vn\u00e9ho kola pro v\u00e1s pon\u011bkud obt\u00ed\u017en\u00fdm. Existuje mnoho filtr\u016f, kter\u00e9 m\u016f\u017eete p\u0159i v\u00fdb\u011bru pou\u017e\u00edt, od ceny, specifikace, stylu j\u00edzdy, zna\u010dky nebo dokonce barvy. Cel\u00e9 by to ale mo\u017en\u00e1 m\u011blo za\u010d\u00edt materi\u00e1lem pro r\u00e1m kola.\",\"inLanguage\":\"cs\",\"potentialAction\":[{\"@type\":\"ReadAction\",\"target\":[\"https:\/\/www.welovecycling.com\/cs\/2024\/08\/30\/ocel-hlinik-titan-nebo-karbon-jak-vybrat-idealni-material-pro-ram-kola\/\"]}]},{\"@type\":\"ImageObject\",\"inLanguage\":\"cs\",\"@id\":\"https:\/\/www.welovecycling.com\/cs\/2024\/08\/30\/ocel-hlinik-titan-nebo-karbon-jak-vybrat-idealni-material-pro-ram-kola\/#primaryimage\",\"url\":\"https:\/\/d2p6e6u75xmxt8.cloudfront.net\/13\/2024\/08\/ram-kola-h2ss0797-photo-pg-4751-1920-.webp\",\"contentUrl\":\"https:\/\/d2p6e6u75xmxt8.cloudfront.net\/13\/2024\/08\/ram-kola-h2ss0797-photo-pg-4751-1920-.webp\",\"width\":1620,\"height\":1080,\"caption\":\"R\u00e1m kola\"},{\"@type\":\"WebSite\",\"@id\":\"https:\/\/www.welovecycling.com\/cs\/#website\",\"url\":\"https:\/\/www.welovecycling.com\/cs\/\",\"name\":\"\u0160koda We Love Cycling - \u010cesk\u00e1 republika\",\"description\":\"WeLoveCycling.cz je online magaz\u00edn, kter\u00fd v\u00e1m pravideln\u011b p\u0159in\u00e1\u0161\u00ed rady a tipy, zaj\u00edmav\u00e9 \u010dl\u00e1nky, videa a jedine\u010dn\u00e9 report\u00e1\u017ee ze sv\u011bta cyklistiky.\",\"potentialAction\":[{\"@type\":\"SearchAction\",\"target\":{\"@type\":\"EntryPoint\",\"urlTemplate\":\"https:\/\/www.welovecycling.com\/cs\/?s={search_term_string}\"},\"query-input\":{\"@type\":\"PropertyValueSpecification\",\"valueRequired\":true,\"valueName\":\"search_term_string\"}}],\"inLanguage\":\"cs\"},{\"@type\":\"Person\",\"@id\":\"https:\/\/www.welovecycling.com\/cs\/#\/schema\/person\/d9eeb0a378f3a7e4a6d12d2b536b04b8\",\"name\":\"radekmalina\",\"image\":{\"@type\":\"ImageObject\",\"inLanguage\":\"cs\",\"@id\":\"https:\/\/www.welovecycling.com\/cs\/#\/schema\/person\/image\/\",\"url\":\"https:\/\/secure.gravatar.com\/avatar\/66994b632cb8c39a46b9f54afa3ae07201b678d32a54275b6f1c9ffec356bfc0?s=96&d=mm&r=g\",\"contentUrl\":\"https:\/\/secure.gravatar.com\/avatar\/66994b632cb8c39a46b9f54afa3ae07201b678d32a54275b6f1c9ffec356bfc0?s=96&d=mm&r=g\",\"caption\":\"radekmalina\"},\"url\":\"https:\/\/www.welovecycling.com\/cs\/author\/radekmalina\/\"}]}<\/script>\n<!-- \/ Yoast SEO Premium plugin. -->","yoast_head_json":{"title":"Ocel, hlin\u00edk, titan, nebo karbon? Jak vybrat ide\u00e1ln\u00ed materi\u00e1l pro r\u00e1m kola | \u0160koda We Love Cycling - \u010cesk\u00e1 republika","description":"Pokud kupujete nov\u00e9 silni\u010dn\u00ed kolo, budete zaplaveni mo\u0159em mo\u017enost\u00ed, a proto m\u016f\u017ee b\u00fdt v\u00fdb\u011br toho spr\u00e1vn\u00e9ho kola pro v\u00e1s pon\u011bkud obt\u00ed\u017en\u00fdm. Existuje mnoho filtr\u016f, kter\u00e9 m\u016f\u017eete p\u0159i v\u00fdb\u011bru pou\u017e\u00edt, od ceny, specifikace, stylu j\u00edzdy, zna\u010dky nebo dokonce barvy. Cel\u00e9 by to ale mo\u017en\u00e1 m\u011blo za\u010d\u00edt materi\u00e1lem pro r\u00e1m kola.","robots":{"index":"index","follow":"follow","max-snippet":"max-snippet:-1","max-image-preview":"max-image-preview:large","max-video-preview":"max-video-preview:-1"},"canonical":"https:\/\/www.welovecycling.com\/cs\/2024\/08\/30\/ocel-hlinik-titan-nebo-karbon-jak-vybrat-idealni-material-pro-ram-kola\/","og_locale":"cs_CZ","og_type":"article","og_title":"Ocel, hlin\u00edk, titan, nebo karbon? Jak vybrat ide\u00e1ln\u00ed materi\u00e1l pro r\u00e1m kola","og_description":"Pokud kupujete nov\u00e9 silni\u010dn\u00ed kolo, budete zaplaveni mo\u0159em mo\u017enost\u00ed, a proto m\u016f\u017ee b\u00fdt v\u00fdb\u011br toho spr\u00e1vn\u00e9ho kola pro v\u00e1s pon\u011bkud obt\u00ed\u017en\u00fdm. Existuje mnoho filtr\u016f, kter\u00e9 m\u016f\u017eete p\u0159i v\u00fdb\u011bru pou\u017e\u00edt, od ceny, specifikace, stylu j\u00edzdy, zna\u010dky nebo dokonce barvy. Cel\u00e9 by to ale mo\u017en\u00e1 m\u011blo za\u010d\u00edt materi\u00e1lem pro r\u00e1m kola.","og_url":"https:\/\/www.welovecycling.com\/cs\/2024\/08\/30\/ocel-hlinik-titan-nebo-karbon-jak-vybrat-idealni-material-pro-ram-kola\/","og_site_name":"\u0160koda We Love Cycling - \u010cesk\u00e1 republika","article_published_time":"2024-08-30T10:00:52+00:00","og_image":[{"width":1620,"height":1080,"url":"https:\/\/d2p6e6u75xmxt8.cloudfront.net\/13\/2024\/08\/ram-kola-h2ss0797-photo-pg-4751-1920-.webp","type":"image\/webp"}],"author":"radekmalina","twitter_card":"summary_large_image","twitter_misc":{"Written by":"We Love Cycling","Est. reading time":"5"},"schema":{"@context":"https:\/\/schema.org","@graph":[{"@type":"WebPage","@id":"https:\/\/www.welovecycling.com\/cs\/2024\/08\/30\/ocel-hlinik-titan-nebo-karbon-jak-vybrat-idealni-material-pro-ram-kola\/","url":"https:\/\/www.welovecycling.com\/cs\/2024\/08\/30\/ocel-hlinik-titan-nebo-karbon-jak-vybrat-idealni-material-pro-ram-kola\/","name":"Ocel, hlin\u00edk, titan, nebo karbon? Jak vybrat ide\u00e1ln\u00ed materi\u00e1l pro r\u00e1m kola | \u0160koda We Love Cycling - \u010cesk\u00e1 republika","isPartOf":{"@id":"https:\/\/www.welovecycling.com\/cs\/#website"},"primaryImageOfPage":{"@id":"https:\/\/www.welovecycling.com\/cs\/2024\/08\/30\/ocel-hlinik-titan-nebo-karbon-jak-vybrat-idealni-material-pro-ram-kola\/#primaryimage"},"image":{"@id":"https:\/\/www.welovecycling.com\/cs\/2024\/08\/30\/ocel-hlinik-titan-nebo-karbon-jak-vybrat-idealni-material-pro-ram-kola\/#primaryimage"},"thumbnailUrl":"https:\/\/d2p6e6u75xmxt8.cloudfront.net\/13\/2024\/08\/ram-kola-h2ss0797-photo-pg-4751-1920-.webp","datePublished":"2024-08-30T10:00:52+00:00","author":{"@id":"https:\/\/www.welovecycling.com\/cs\/#\/schema\/person\/d9eeb0a378f3a7e4a6d12d2b536b04b8"},"description":"Pokud kupujete nov\u00e9 silni\u010dn\u00ed kolo, budete zaplaveni mo\u0159em mo\u017enost\u00ed, a proto m\u016f\u017ee b\u00fdt v\u00fdb\u011br toho spr\u00e1vn\u00e9ho kola pro v\u00e1s pon\u011bkud obt\u00ed\u017en\u00fdm. Existuje mnoho filtr\u016f, kter\u00e9 m\u016f\u017eete p\u0159i v\u00fdb\u011bru pou\u017e\u00edt, od ceny, specifikace, stylu j\u00edzdy, zna\u010dky nebo dokonce barvy. Cel\u00e9 by to ale mo\u017en\u00e1 m\u011blo za\u010d\u00edt materi\u00e1lem pro r\u00e1m kola.","inLanguage":"cs","potentialAction":[{"@type":"ReadAction","target":["https:\/\/www.welovecycling.com\/cs\/2024\/08\/30\/ocel-hlinik-titan-nebo-karbon-jak-vybrat-idealni-material-pro-ram-kola\/"]}]},{"@type":"ImageObject","inLanguage":"cs","@id":"https:\/\/www.welovecycling.com\/cs\/2024\/08\/30\/ocel-hlinik-titan-nebo-karbon-jak-vybrat-idealni-material-pro-ram-kola\/#primaryimage","url":"https:\/\/d2p6e6u75xmxt8.cloudfront.net\/13\/2024\/08\/ram-kola-h2ss0797-photo-pg-4751-1920-.webp","contentUrl":"https:\/\/d2p6e6u75xmxt8.cloudfront.net\/13\/2024\/08\/ram-kola-h2ss0797-photo-pg-4751-1920-.webp","width":1620,"height":1080,"caption":"R\u00e1m kola"},{"@type":"WebSite","@id":"https:\/\/www.welovecycling.com\/cs\/#website","url":"https:\/\/www.welovecycling.com\/cs\/","name":"\u0160koda We Love Cycling - \u010cesk\u00e1 republika","description":"WeLoveCycling.cz je online magaz\u00edn, kter\u00fd v\u00e1m pravideln\u011b p\u0159in\u00e1\u0161\u00ed rady a tipy, zaj\u00edmav\u00e9 \u010dl\u00e1nky, videa a jedine\u010dn\u00e9 report\u00e1\u017ee ze sv\u011bta cyklistiky.","potentialAction":[{"@type":"SearchAction","target":{"@type":"EntryPoint","urlTemplate":"https:\/\/www.welovecycling.com\/cs\/?s={search_term_string}"},"query-input":{"@type":"PropertyValueSpecification","valueRequired":true,"valueName":"search_term_string"}}],"inLanguage":"cs"},{"@type":"Person","@id":"https:\/\/www.welovecycling.com\/cs\/#\/schema\/person\/d9eeb0a378f3a7e4a6d12d2b536b04b8","name":"radekmalina","image":{"@type":"ImageObject","inLanguage":"cs","@id":"https:\/\/www.welovecycling.com\/cs\/#\/schema\/person\/image\/","url":"https:\/\/secure.gravatar.com\/avatar\/66994b632cb8c39a46b9f54afa3ae07201b678d32a54275b6f1c9ffec356bfc0?s=96&d=mm&r=g","contentUrl":"https:\/\/secure.gravatar.com\/avatar\/66994b632cb8c39a46b9f54afa3ae07201b678d32a54275b6f1c9ffec356bfc0?s=96&d=mm&r=g","caption":"radekmalina"},"url":"https:\/\/www.welovecycling.com\/cs\/author\/radekmalina\/"}]}},"_links":{"self":[{"href":"https:\/\/www.welovecycling.com\/cs\/wp-json\/wp\/v2\/posts\/27029","targetHints":{"allow":["GET"]}}],"collection":[{"href":"https:\/\/www.welovecycling.com\/cs\/wp-json\/wp\/v2\/posts"}],"about":[{"href":"https:\/\/www.welovecycling.com\/cs\/wp-json\/wp\/v2\/types\/post"}],"author":[{"embeddable":true,"href":"https:\/\/www.welovecycling.com\/cs\/wp-json\/wp\/v2\/users\/138"}],"replies":[{"embeddable":true,"href":"https:\/\/www.welovecycling.com\/cs\/wp-json\/wp\/v2\/comments?post=27029"}],"version-history":[{"count":2,"href":"https:\/\/www.welovecycling.com\/cs\/wp-json\/wp\/v2\/posts\/27029\/revisions"}],"predecessor-version":[{"id":27034,"href":"https:\/\/www.welovecycling.com\/cs\/wp-json\/wp\/v2\/posts\/27029\/revisions\/27034"}],"wp:featuredmedia":[{"embeddable":true,"href":"https:\/\/www.welovecycling.com\/cs\/wp-json\/wp\/v2\/media\/27032"}],"wp:attachment":[{"href":"https:\/\/www.welovecycling.com\/cs\/wp-json\/wp\/v2\/media?parent=27029"}],"wp:term":[{"taxonomy":"category","embeddable":true,"href":"https:\/\/www.welovecycling.com\/cs\/wp-json\/wp\/v2\/categories?post=27029"},{"taxonomy":"post_tag","embeddable":true,"href":"https:\/\/www.welovecycling.com\/cs\/wp-json\/wp\/v2\/tags?post=27029"},{"taxonomy":"global-categories","embeddable":true,"href":"https:\/\/www.welovecycling.com\/cs\/wp-json\/wp\/v2\/global-categories?post=27029"}],"curies":[{"name":"wp","href":"https:\/\/api.w.org\/{rel}","templated":true}]}}