{"id":27027,"date":"2024-08-29T11:50:28","date_gmt":"2024-08-29T09:50:28","guid":{"rendered":"https:\/\/www.welovecycling.com\/cs\/?p=27027"},"modified":"2024-08-29T11:50:28","modified_gmt":"2024-08-29T09:50:28","slug":"efektivita-jizdy-na-kole-a-pet-zpusobu-jejiho-zlepseni","status":"publish","type":"post","link":"https:\/\/www.welovecycling.com\/cs\/2024\/08\/29\/efektivita-jizdy-na-kole-a-pet-zpusobu-jejiho-zlepseni\/","title":{"rendered":"Efektivita j\u00edzdy na kole a p\u011bt zp\u016fsob\u016f jej\u00edho zlep\u0161en\u00ed?"},"content":{"rendered":"<p><strong>Jezd\u00edte na kole pravideln\u011b, m\u00e1te skv\u011bl\u00e1 \u010d\u00edsla, ale stejn\u011b v\u00e1s po\u0159\u00e1d u\u017e\u00edr\u00e1 pocit, \u017ee efektivita j\u00edzdy na kole nen\u00ed maxim\u00e1ln\u00ed? N\u011bkdy sta\u010d\u00ed drobnosti, kter\u00e9 zm\u011bn\u00edte a z\u00edsk\u00e1te mnohem v\u011bt\u0161\u00ed v\u00fdkon, respektive rychlost.<\/strong><\/p>\n<p>Nemus\u00ed p\u0159itom j\u00edt hned o n\u00e1kup nov\u00e9ho kola za des\u00edtky tis\u00edc nebo drastick\u00e9 shazov\u00e1n\u00ed kilogram\u016f, abyste byli v sedle rychlej\u0161\u00ed. Sta\u010d\u00ed skute\u010dn\u011b drobnosti, kter\u00e9 budete schopni uskute\u010dnit bez velk\u00e9 investice a \u010dasto vlastn\u00edmi schopnostmi&#8230;<\/p>\n<h2><strong>Sedlo je vysoko nebo n\u00edzko<\/strong><\/h2>\n<p>Poloha sedla je pro cyklistu z\u00e1sadn\u00ed. Efektivita j\u00edzdy je ovlivn\u011bna, jestli\u017ee m\u00e1te sedlo p\u0159\u00edli\u0161 n\u00edzko, nebo p\u0159\u00edli\u0161 vysoko.<\/p>\n<p>\u0160patn\u00e9 uchycen\u00ed sedla z\u00e1sadn\u011b ovliv\u0148uje kadenci, kter\u00e1 je pochopiteln\u011b kl\u00ed\u010dov\u00e1 pro va\u0161i rychlost. Pokud m\u00e1te sedlo p\u0159\u00edli\u0161 n\u00edzko, to\u010d\u00edte klikami ped\u00e1l\u016f sp\u00ed\u0161e v ni\u017e\u0161\u00ed kadenc\u00ed. Vy\u0161\u0161\u00ed postaven\u00ed sedla m\u00e1 podle v\u00fdzkum\u016f za n\u00e1sledek vy\u0161\u0161\u00ed kadenci. Za optim\u00e1ln\u00ed se p\u0159itom pova\u017euje rozsah devades\u00e1t a\u017e sto ot\u00e1\u010dek za minutu.<\/p>\n<p><a href=\"https:\/\/www.welovecycling.com\/cs\/2023\/10\/13\/jak-maji-zeny-vybrat-cyklisticke-sedlo\/\">Nastaven\u00ed sedla<\/a> je ide\u00e1ln\u00ed rovn\u011b\u017e konzultovat s odborn\u00edky. Ide\u00e1ln\u00ed pro zm\u011bnu pozice sedla je p\u0159itom zimn\u00ed obdob\u00ed. Pokud b\u011bhem sezony ud\u011bl\u00e1te zm\u011bnu, m\u016f\u017ee se st\u00e1t, \u017ee t\u011blo bude reagovat velmi \u0161patn\u011b, proto\u017ee svalov\u00e1 pam\u011b\u0165 bude bojovat s nov\u00fdm nastaven\u00edm. Jestli\u017ee se k \u00faprav\u011b odhodl\u00e1te, \u010di\u0148te tak po milimetrech. Zm\u011bnit v\u00fd\u0161ku sedla t\u0159eba o centimetr je poukazem na probl\u00e9my s p\u0159itahova\u010di a svalov\u00fdmi \u00fapony navykl\u00fdmi jezdit dlouhou dobu v jedn\u00e9 pozici.<\/p>\n<h2><strong>M\u00e1lo j\u00edte a nedostate\u010dn\u011b pijete<\/strong><\/h2>\n<p>P\u0159\u00edjem energie je v cyklistice z\u00e1klad. Efektivita j\u00edzdy na kole je z\u00e1sadn\u011b ovlivn\u011bna, pokud nem\u00e1te v sedle dostate\u010dn\u00fd p\u0159\u00edjem a sou\u010dasn\u011b nedostate\u010dn\u011b hydratujete.\u00a0Prvn\u00edm p\u0159\u00edznakem \u0161patn\u00e9ho p\u0159\u00edjmu potravy na kole je toti\u017e v\u00fdstup z tradi\u010dn\u00ed z\u00f3ny kadence a plynulost \u0161lap\u00e1n\u00ed, tud\u00ed\u017e se va\u0161e j\u00edzda st\u00e1v\u00e1 neefektivn\u00ed.<\/p>\n<figure id=\"attachment_22461\" aria-describedby=\"caption-attachment-22461\" style=\"width: 1152px\" class=\"wp-caption alignnone\"><a href=\"https:\/\/d2p6e6u75xmxt8.cloudfront.net\/13\/2023\/05\/penco-piti.webp\"><img loading=\"lazy\" decoding=\"async\" class=\"size-full wp-image-22461\" src=\"https:\/\/d2p6e6u75xmxt8.cloudfront.net\/13\/2023\/05\/penco-piti.webp\" alt=\"\" width=\"1152\" height=\"1440\" srcset=\"https:\/\/d2p6e6u75xmxt8.cloudfront.net\/13\/2023\/05\/penco-piti.webp 1152w, https:\/\/d2p6e6u75xmxt8.cloudfront.net\/13\/2023\/05\/penco-piti-240x300.webp 240w, https:\/\/d2p6e6u75xmxt8.cloudfront.net\/13\/2023\/05\/penco-piti-819x1024.webp 819w, https:\/\/d2p6e6u75xmxt8.cloudfront.net\/13\/2023\/05\/penco-piti-768x960.webp 768w, https:\/\/d2p6e6u75xmxt8.cloudfront.net\/13\/2023\/05\/penco-piti-320x400.webp 320w\" sizes=\"auto, (max-width: 1152px) 100vw, 1152px\" \/><\/a><figcaption id=\"caption-attachment-22461\" class=\"wp-caption-text\"><em>Efektivita j\u00edzdy je ovlivn\u011bna p\u0159\u00edjmem energie b\u011bhem tr\u00e9ninku.<\/em><\/figcaption><\/figure>\n<p>Doporu\u010den\u00ed fyziolog\u016f v sou\u010dasn\u00e9 dob\u011b uv\u00e1d\u00ed hodnotu 90 gram\u016f sacharid\u016f na hodinu j\u00edzdy. Samoz\u0159ejm\u011b z\u00e1le\u017e\u00ed na charakteru va\u0161eho v\u00fdletu \u010di tr\u00e9ninku. Pokud jedete v rovinat\u00e9m ter\u00e9nu s minim\u00e1ln\u00edm \u00fasil\u00edm, nebudete pot\u0159ebovat tolik energie, jako v p\u0159\u00edpad\u011b horsk\u00e9ho ter\u00e9nu a maxim\u00e1ln\u00edho nasazen\u00ed. Ale ruku na srdce&#8230; Dodr\u017eujete doporu\u010den\u00fd p\u0159\u00edjem? Nen\u00ed pr\u00e1v\u011b tohle jedna z mezer va\u0161eho tr\u00e9ninku?<\/p>\n<h2><strong>\u0160patn\u011b uchycen\u00e9 kufry<\/strong><\/h2>\n<p>V\u011bt\u0161ina cyklist\u016f v sou\u010dasn\u00e9 dob\u011b pou\u017e\u00edv\u00e1 n\u00e1\u0161lapn\u00e9 ped\u00e1ly. A je \u00fapln\u011b jedno, o jak\u00fd syst\u00e9m uchycen\u00ed boty se jedn\u00e1. Ka\u017edop\u00e1dn\u011b pokud m\u00e1te &#8222;kufr&#8220; na bot\u011b uchycen\u00fd \u0161patn\u011b, m\u016f\u017ee b\u00fdt efektivita j\u00edzdy z\u00e1sadn\u011b ovlivn\u011bna.<\/p>\n<p>Pokud jste toti\u017e um\u00edstili kufr p\u0159\u00edli\u0161 na p\u0159edn\u00ed \u010d\u00e1st boty, velmi pravd\u011bpodobn\u011b p\u0159et\u011b\u017eujete l\u00fdtkov\u00e9 svaly, kter\u00e9 se rychle unav\u00ed a v\u00e1\u0161 v\u00fdkon nen\u00ed stoprocentn\u00ed. N\u011bkdy mohou b\u00fdt cyklistick\u00e9 boty uchyceny k\u0159iv\u011b, co\u017e rovn\u011b\u017e vede k p\u0159et\u011b\u017eov\u00e1n\u00ed n\u011bkter\u00fdch sval\u016f a n\u00e1sledn\u00e9mu poklesu v\u00fdkonnosti. Ide\u00e1ln\u00ed je p\u0159i n\u00e1kupu &#8222;kufr\u016f&#8220; zkonzultovat v\u0161e s prodejcem, nebo sv\u011b\u0159it mont\u00e1\u017e p\u0159\u00edmo odborn\u00edk\u016fm.<\/p>\n<h2><strong>Zm\u011b\u0148te kadenci<\/strong><\/h2>\n<p>Kadence je pro rychlost a v\u00fdkon na kole z\u00e1sadn\u00ed veli\u010dinou. Efektivita j\u00edzdy je ovlivn\u011bna, jestli\u017ee to\u010d\u00edte zbyte\u010dn\u011b vysokou kadenci, nebo naopak jezd\u00edte na t\u011b\u017ek\u00e9 p\u0159evody a svaly se rychle unav\u00ed.<\/p>\n<p>Ide\u00e1ln\u00ed je b\u011bhem j\u00edzdy kadenci m\u011bnit, proto\u017ee tak stimulujete r\u016fzn\u00e1 svalov\u00e1 vl\u00e1kna. Nedoch\u00e1z\u00ed k p\u0159et\u011b\u017eov\u00e1n\u00ed jedn\u00e9 partie, \u00fanava se naopak rozlo\u017e\u00ed.<\/p>\n<div class=\"shortcode-ys-post-pinup\"><article class=\"loop-simple post-26960 post type-post status-publish format-standard has-post-thumbnail hentry category-silnicni-cyklistika tag-ceska-vitezstvi-na-grand-tour tag-dsm-firmenich-postnl tag-etapove-vitezstvi tag-grand-tour tag-leopold-konig tag-pavel-bittner tag-vitezstvi-v-etape tag-vuelta tag-zdenek-stybar global-categories-cycling\" data-postid=\"26960\" role=\"article\" data-post-id=\"26960\" data-word-count=\"594\" data-headline-length=\"99\" data-category=\"Silni\u010dn\u00ed cyklistika\" data-global-category=\"Cycling\" data-author=\"Radek Malina\" data-published=\"2024-08-21T19:15:08+02:00\" data-published-day=\"Wednesday\">\n    <div class=\"entry-thumbnail article-thumbnail\" content=\"https:\/\/d2p6e6u75xmxt8.cloudfront.net\/13\/2024\/08\/profimedia-0900441345-150x150.webp\"><a href=\"https:\/\/www.welovecycling.com\/cs\/2024\/08\/21\/pavel-bittner-slavi-zivotni-vitezstvi-ve-spurtu-na-vuelte-okradl-o-vyhru-wouta-van-aerta\/\" class=\"image-holder\" target=\"_self\"><img decoding=\"async\" loading=\"lazy\" class=\"\" src=\"https:\/\/d2p6e6u75xmxt8.cloudfront.net\/13\/2024\/08\/profimedia-0900441345-1024x683.webp\" srcset=\"https:\/\/d2p6e6u75xmxt8.cloudfront.net\/13\/2024\/08\/profimedia-0900441345.webp 1800w, https:\/\/d2p6e6u75xmxt8.cloudfront.net\/13\/2024\/08\/profimedia-0900441345-300x200.webp 300w, https:\/\/d2p6e6u75xmxt8.cloudfront.net\/13\/2024\/08\/profimedia-0900441345-1024x683.webp 1024w, https:\/\/d2p6e6u75xmxt8.cloudfront.net\/13\/2024\/08\/profimedia-0900441345-768x512.webp 768w, https:\/\/d2p6e6u75xmxt8.cloudfront.net\/13\/2024\/08\/profimedia-0900441345-1536x1024.webp 1536w, https:\/\/d2p6e6u75xmxt8.cloudfront.net\/13\/2024\/08\/profimedia-0900441345-400x267.webp 400w, https:\/\/d2p6e6u75xmxt8.cloudfront.net\/13\/2024\/08\/profimedia-0900441345-272x182.webp 272w\" width=\"1024\" height=\"683\" sizes=\"auto, (min-width: 1200px) 300px, (min-width: 768px) 25vw, 100vw\" alt=\"pavel-bittner-slavi-zivotni-vitezstvi-ve-spurtu-na-vuelte-okradl-o-vyhru-wouta-van-aerta\"\/><\/a><\/div>    <div class=\"entry-meta\">\n        <a class=\"label label-secondary post-category\" href=\"https:\/\/www.welovecycling.com\/cs\/category\/silnicni-cyklistika\/\" title=\"Silni\u010dn\u00ed cyklistika\">Silni\u010dn\u00ed cyklistika<\/a>\n    <\/div>\n    <div class=\"entry-details\">\n        <a href=\"https:\/\/www.welovecycling.com\/cs\/2024\/08\/21\/pavel-bittner-slavi-zivotni-vitezstvi-ve-spurtu-na-vuelte-okradl-o-vyhru-wouta-van-aerta\/\" class='entry-title-wrapper'>\n            <h3 class=\"entry-title\"><span>Pavel Bittner o \u017eivotn\u00ed v\u00fdh\u0159e na Vuelt\u011b: Je to \u0161\u00edlen\u00e9, v\u017edy\u0165 jsem porazil Wouta van Aerta<\/span><\/h3>\n        <\/a>\n    <\/div>\n    <\/article>\n<\/div>\n<p>Doporu\u010den\u00fdm zp\u016fsobem tr\u00e9ninku je kup\u0159\u00edkladu p\u011bt minutov\u00fdch opakov\u00e1n\u00ed na lehk\u00fd p\u0159evod, kdy dos\u00e1hnete ot\u00e1\u010dek sto a\u017e sto dvacet za minutu. Mezi jednotliv\u00fdmi opakov\u00e1n\u00edmi si dop\u0159ejte stejn\u011b dlouhou pauzu, kdy budete to\u010dit podle zvyku. Sou\u010dasn\u011b zkuste za\u0159adit stejn\u00fd po\u010det opakov\u00e1n\u00ed p\u0159i pades\u00e1ti a\u017e sedmdes\u00e1ti ot\u00e1\u010dk\u00e1ch za minutu, kdy pojedete se st\u0159edn\u011b t\u011b\u017ek\u00fdm \u00fasil\u00edm.<\/p>\n<h2><strong>Tr\u00e9nujte s\u00edlu<\/strong><\/h2>\n<p>Nen\u00ed \u017e\u00e1dn\u00fdm tajemstv\u00edm, \u017ee cyklistika nen\u00ed jenom o hodin\u00e1ch v sedle kola. Efektivita j\u00edzdy je ovlivn\u011bna i tr\u00e9ninkem, kter\u00fd v\u00e1\u0161 jednostop\u00fd stroj zcela opom\u00edj\u00ed.<\/p>\n<p>Pokud dok\u00e1\u017eete zv\u00fd\u0161it svalovou s\u00edlu spodn\u00ed \u010d\u00e1sti t\u011bla, budete n\u00e1sledn\u011b v sedle rychlej\u0161\u00ed. A sou\u010dasn\u011b plat\u00ed, \u017ee pokud budete m\u00edt siln\u011bj\u0161\u00ed a odoln\u011bj\u0161\u00ed st\u0159ed t\u011bla, budete m\u00edt lep\u0161\u00ed vytrvalost. Nedostatek stability st\u0159edu t\u011bla toti\u017e vede k neefektivn\u00ed technice j\u00edzdy a tud\u00ed\u017e sn\u00ed\u017een\u00ed v\u00fdkonu.<\/p>\n","protected":false},"excerpt":{"rendered":"<p>Jezd\u00edte na kole pravideln\u011b, m\u00e1te skv\u011bl\u00e1 \u010d\u00edsla, ale stejn\u011b v\u00e1s po\u0159\u00e1d u\u017e\u00edr\u00e1 pocit, \u017ee efektivita j\u00edzdy na kole nen\u00ed maxim\u00e1ln\u00ed? [&hellip;]<\/p>\n","protected":false},"author":138,"featured_media":26940,"comment_status":"open","ping_status":"open","sticky":false,"template":"","format":"standard","meta":{"footnotes":""},"categories":[6],"tags":[126,3766,3767,56,2791,3768,9,3769,3770,67],"global-categories":[411],"class_list":["post-27027","post","type-post","status-publish","format-standard","has-post-thumbnail","hentry","category-zdravi-a-trenink","tag-cyklistika","tag-efektivita-jizdy","tag-efektivita-treninku","tag-horska-cyklistika","tag-kadence-slapani","tag-pozice-sedla-na-kole","tag-silnicni-cyklistika","tag-uchyceni-kufru","tag-uchyceni-tretry","tag-zdravi-a-trenink","global-categories-cycling"],"yoast_head":"<!-- This site is optimized with the Yoast SEO Premium plugin v25.3 (Yoast SEO v25.9) - https:\/\/yoast.com\/wordpress\/plugins\/seo\/ -->\n<title>Efektivita j\u00edzdy na kole a p\u011bt zp\u016fsob\u016f jej\u00edho zlep\u0161en\u00ed? | \u0160koda We Love Cycling - \u010cesk\u00e1 republika<\/title>\n<meta name=\"description\" content=\"Jezd\u00edte na kole pravideln\u011b, m\u00e1te skv\u011bl\u00e1 \u010d\u00edsla, ale stejn\u011b v\u00e1s po\u0159\u00e1d u\u017e\u00edr\u00e1 pocit, \u017ee efektivita j\u00edzdy na kole nen\u00ed maxim\u00e1ln\u00ed? N\u011bkdy sta\u010d\u00ed drobnosti, kter\u00e9 zm\u011bn\u00edte a z\u00edsk\u00e1te mnohem v\u011bt\u0161\u00ed v\u00fdkon, respektive rychlost.\" \/>\n<meta name=\"robots\" content=\"index, follow, max-snippet:-1, max-image-preview:large, max-video-preview:-1\" \/>\n<link rel=\"canonical\" href=\"https:\/\/www.welovecycling.com\/cs\/2024\/08\/29\/efektivita-jizdy-na-kole-a-pet-zpusobu-jejiho-zlepseni\/\" \/>\n<meta property=\"og:locale\" content=\"cs_CZ\" \/>\n<meta property=\"og:type\" content=\"article\" \/>\n<meta property=\"og:title\" content=\"Efektivita j\u00edzdy na kole a p\u011bt zp\u016fsob\u016f jej\u00edho zlep\u0161en\u00ed?\" \/>\n<meta property=\"og:description\" content=\"Jezd\u00edte na kole pravideln\u011b, m\u00e1te skv\u011bl\u00e1 \u010d\u00edsla, ale stejn\u011b v\u00e1s po\u0159\u00e1d u\u017e\u00edr\u00e1 pocit, \u017ee efektivita j\u00edzdy na kole nen\u00ed maxim\u00e1ln\u00ed? N\u011bkdy sta\u010d\u00ed drobnosti, kter\u00e9 zm\u011bn\u00edte a z\u00edsk\u00e1te mnohem v\u011bt\u0161\u00ed v\u00fdkon, respektive rychlost.\" \/>\n<meta property=\"og:url\" content=\"https:\/\/www.welovecycling.com\/cs\/2024\/08\/29\/efektivita-jizdy-na-kole-a-pet-zpusobu-jejiho-zlepseni\/\" \/>\n<meta property=\"og:site_name\" content=\"\u0160koda We Love Cycling - \u010cesk\u00e1 republika\" \/>\n<meta property=\"article:published_time\" content=\"2024-08-29T09:50:28+00:00\" \/>\n<meta property=\"og:image\" content=\"https:\/\/d2p6e6u75xmxt8.cloudfront.net\/13\/2024\/08\/stybar-prachatice-.webp\" \/>\n\t<meta property=\"og:image:width\" content=\"2040\" \/>\n\t<meta property=\"og:image:height\" content=\"1149\" \/>\n\t<meta property=\"og:image:type\" content=\"image\/webp\" \/>\n<meta name=\"author\" content=\"radekmalina\" \/>\n<meta name=\"twitter:card\" content=\"summary_large_image\" \/>\n<meta name=\"twitter:label1\" content=\"Written by\" \/>\n\t<meta name=\"twitter:data1\" content=\"Radek Malina\" \/>\n\t<meta name=\"twitter:label2\" content=\"Est. reading time\" \/>\n\t<meta name=\"twitter:data2\" content=\"6\" \/>\n<script type=\"application\/ld+json\" class=\"yoast-schema-graph\">{\"@context\":\"https:\/\/schema.org\",\"@graph\":[{\"@type\":\"WebPage\",\"@id\":\"https:\/\/www.welovecycling.com\/cs\/2024\/08\/29\/efektivita-jizdy-na-kole-a-pet-zpusobu-jejiho-zlepseni\/\",\"url\":\"https:\/\/www.welovecycling.com\/cs\/2024\/08\/29\/efektivita-jizdy-na-kole-a-pet-zpusobu-jejiho-zlepseni\/\",\"name\":\"Efektivita j\u00edzdy na kole a p\u011bt zp\u016fsob\u016f jej\u00edho zlep\u0161en\u00ed? | \u0160koda We Love Cycling - \u010cesk\u00e1 republika\",\"isPartOf\":{\"@id\":\"https:\/\/www.welovecycling.com\/cs\/#website\"},\"primaryImageOfPage\":{\"@id\":\"https:\/\/www.welovecycling.com\/cs\/2024\/08\/29\/efektivita-jizdy-na-kole-a-pet-zpusobu-jejiho-zlepseni\/#primaryimage\"},\"image\":{\"@id\":\"https:\/\/www.welovecycling.com\/cs\/2024\/08\/29\/efektivita-jizdy-na-kole-a-pet-zpusobu-jejiho-zlepseni\/#primaryimage\"},\"thumbnailUrl\":\"https:\/\/d2p6e6u75xmxt8.cloudfront.net\/13\/2024\/08\/stybar-prachatice-.webp\",\"datePublished\":\"2024-08-29T09:50:28+00:00\",\"author\":{\"@id\":\"https:\/\/www.welovecycling.com\/cs\/#\/schema\/person\/d9eeb0a378f3a7e4a6d12d2b536b04b8\"},\"description\":\"Jezd\u00edte na kole pravideln\u011b, m\u00e1te skv\u011bl\u00e1 \u010d\u00edsla, ale stejn\u011b v\u00e1s po\u0159\u00e1d u\u017e\u00edr\u00e1 pocit, \u017ee efektivita j\u00edzdy na kole nen\u00ed maxim\u00e1ln\u00ed? N\u011bkdy sta\u010d\u00ed drobnosti, kter\u00e9 zm\u011bn\u00edte a z\u00edsk\u00e1te mnohem v\u011bt\u0161\u00ed v\u00fdkon, respektive rychlost.\",\"inLanguage\":\"cs\",\"potentialAction\":[{\"@type\":\"ReadAction\",\"target\":[\"https:\/\/www.welovecycling.com\/cs\/2024\/08\/29\/efektivita-jizdy-na-kole-a-pet-zpusobu-jejiho-zlepseni\/\"]}]},{\"@type\":\"ImageObject\",\"inLanguage\":\"cs\",\"@id\":\"https:\/\/www.welovecycling.com\/cs\/2024\/08\/29\/efektivita-jizdy-na-kole-a-pet-zpusobu-jejiho-zlepseni\/#primaryimage\",\"url\":\"https:\/\/d2p6e6u75xmxt8.cloudfront.net\/13\/2024\/08\/stybar-prachatice-.webp\",\"contentUrl\":\"https:\/\/d2p6e6u75xmxt8.cloudfront.net\/13\/2024\/08\/stybar-prachatice-.webp\",\"width\":2040,\"height\":1149,\"caption\":\"Zden\u011bk \u0161tybar\"},{\"@type\":\"WebSite\",\"@id\":\"https:\/\/www.welovecycling.com\/cs\/#website\",\"url\":\"https:\/\/www.welovecycling.com\/cs\/\",\"name\":\"\u0160koda We Love Cycling - \u010cesk\u00e1 republika\",\"description\":\"WeLoveCycling.cz je online magaz\u00edn, kter\u00fd v\u00e1m pravideln\u011b p\u0159in\u00e1\u0161\u00ed rady a tipy, zaj\u00edmav\u00e9 \u010dl\u00e1nky, videa a jedine\u010dn\u00e9 report\u00e1\u017ee ze sv\u011bta cyklistiky.\",\"potentialAction\":[{\"@type\":\"SearchAction\",\"target\":{\"@type\":\"EntryPoint\",\"urlTemplate\":\"https:\/\/www.welovecycling.com\/cs\/?s={search_term_string}\"},\"query-input\":{\"@type\":\"PropertyValueSpecification\",\"valueRequired\":true,\"valueName\":\"search_term_string\"}}],\"inLanguage\":\"cs\"},{\"@type\":\"Person\",\"@id\":\"https:\/\/www.welovecycling.com\/cs\/#\/schema\/person\/d9eeb0a378f3a7e4a6d12d2b536b04b8\",\"name\":\"radekmalina\",\"image\":{\"@type\":\"ImageObject\",\"inLanguage\":\"cs\",\"@id\":\"https:\/\/www.welovecycling.com\/cs\/#\/schema\/person\/image\/\",\"url\":\"https:\/\/secure.gravatar.com\/avatar\/66994b632cb8c39a46b9f54afa3ae07201b678d32a54275b6f1c9ffec356bfc0?s=96&d=mm&r=g\",\"contentUrl\":\"https:\/\/secure.gravatar.com\/avatar\/66994b632cb8c39a46b9f54afa3ae07201b678d32a54275b6f1c9ffec356bfc0?s=96&d=mm&r=g\",\"caption\":\"radekmalina\"},\"url\":\"https:\/\/www.welovecycling.com\/cs\/author\/radekmalina\/\"}]}<\/script>\n<!-- \/ Yoast SEO Premium plugin. -->","yoast_head_json":{"title":"Efektivita j\u00edzdy na kole a p\u011bt zp\u016fsob\u016f jej\u00edho zlep\u0161en\u00ed? | \u0160koda We Love Cycling - \u010cesk\u00e1 republika","description":"Jezd\u00edte na kole pravideln\u011b, m\u00e1te skv\u011bl\u00e1 \u010d\u00edsla, ale stejn\u011b v\u00e1s po\u0159\u00e1d u\u017e\u00edr\u00e1 pocit, \u017ee efektivita j\u00edzdy na kole nen\u00ed maxim\u00e1ln\u00ed? N\u011bkdy sta\u010d\u00ed drobnosti, kter\u00e9 zm\u011bn\u00edte a z\u00edsk\u00e1te mnohem v\u011bt\u0161\u00ed v\u00fdkon, respektive rychlost.","robots":{"index":"index","follow":"follow","max-snippet":"max-snippet:-1","max-image-preview":"max-image-preview:large","max-video-preview":"max-video-preview:-1"},"canonical":"https:\/\/www.welovecycling.com\/cs\/2024\/08\/29\/efektivita-jizdy-na-kole-a-pet-zpusobu-jejiho-zlepseni\/","og_locale":"cs_CZ","og_type":"article","og_title":"Efektivita j\u00edzdy na kole a p\u011bt zp\u016fsob\u016f jej\u00edho zlep\u0161en\u00ed?","og_description":"Jezd\u00edte na kole pravideln\u011b, m\u00e1te skv\u011bl\u00e1 \u010d\u00edsla, ale stejn\u011b v\u00e1s po\u0159\u00e1d u\u017e\u00edr\u00e1 pocit, \u017ee efektivita j\u00edzdy na kole nen\u00ed maxim\u00e1ln\u00ed? N\u011bkdy sta\u010d\u00ed drobnosti, kter\u00e9 zm\u011bn\u00edte a z\u00edsk\u00e1te mnohem v\u011bt\u0161\u00ed v\u00fdkon, respektive rychlost.","og_url":"https:\/\/www.welovecycling.com\/cs\/2024\/08\/29\/efektivita-jizdy-na-kole-a-pet-zpusobu-jejiho-zlepseni\/","og_site_name":"\u0160koda We Love Cycling - \u010cesk\u00e1 republika","article_published_time":"2024-08-29T09:50:28+00:00","og_image":[{"width":2040,"height":1149,"url":"https:\/\/d2p6e6u75xmxt8.cloudfront.net\/13\/2024\/08\/stybar-prachatice-.webp","type":"image\/webp"}],"author":"radekmalina","twitter_card":"summary_large_image","twitter_misc":{"Written by":"Radek Malina","Est. reading time":"6"},"schema":{"@context":"https:\/\/schema.org","@graph":[{"@type":"WebPage","@id":"https:\/\/www.welovecycling.com\/cs\/2024\/08\/29\/efektivita-jizdy-na-kole-a-pet-zpusobu-jejiho-zlepseni\/","url":"https:\/\/www.welovecycling.com\/cs\/2024\/08\/29\/efektivita-jizdy-na-kole-a-pet-zpusobu-jejiho-zlepseni\/","name":"Efektivita j\u00edzdy na kole a p\u011bt zp\u016fsob\u016f jej\u00edho zlep\u0161en\u00ed? | \u0160koda We Love Cycling - \u010cesk\u00e1 republika","isPartOf":{"@id":"https:\/\/www.welovecycling.com\/cs\/#website"},"primaryImageOfPage":{"@id":"https:\/\/www.welovecycling.com\/cs\/2024\/08\/29\/efektivita-jizdy-na-kole-a-pet-zpusobu-jejiho-zlepseni\/#primaryimage"},"image":{"@id":"https:\/\/www.welovecycling.com\/cs\/2024\/08\/29\/efektivita-jizdy-na-kole-a-pet-zpusobu-jejiho-zlepseni\/#primaryimage"},"thumbnailUrl":"https:\/\/d2p6e6u75xmxt8.cloudfront.net\/13\/2024\/08\/stybar-prachatice-.webp","datePublished":"2024-08-29T09:50:28+00:00","author":{"@id":"https:\/\/www.welovecycling.com\/cs\/#\/schema\/person\/d9eeb0a378f3a7e4a6d12d2b536b04b8"},"description":"Jezd\u00edte na kole pravideln\u011b, m\u00e1te skv\u011bl\u00e1 \u010d\u00edsla, ale stejn\u011b v\u00e1s po\u0159\u00e1d u\u017e\u00edr\u00e1 pocit, \u017ee efektivita j\u00edzdy na kole nen\u00ed maxim\u00e1ln\u00ed? N\u011bkdy sta\u010d\u00ed drobnosti, kter\u00e9 zm\u011bn\u00edte a z\u00edsk\u00e1te mnohem v\u011bt\u0161\u00ed v\u00fdkon, respektive rychlost.","inLanguage":"cs","potentialAction":[{"@type":"ReadAction","target":["https:\/\/www.welovecycling.com\/cs\/2024\/08\/29\/efektivita-jizdy-na-kole-a-pet-zpusobu-jejiho-zlepseni\/"]}]},{"@type":"ImageObject","inLanguage":"cs","@id":"https:\/\/www.welovecycling.com\/cs\/2024\/08\/29\/efektivita-jizdy-na-kole-a-pet-zpusobu-jejiho-zlepseni\/#primaryimage","url":"https:\/\/d2p6e6u75xmxt8.cloudfront.net\/13\/2024\/08\/stybar-prachatice-.webp","contentUrl":"https:\/\/d2p6e6u75xmxt8.cloudfront.net\/13\/2024\/08\/stybar-prachatice-.webp","width":2040,"height":1149,"caption":"Zden\u011bk \u0161tybar"},{"@type":"WebSite","@id":"https:\/\/www.welovecycling.com\/cs\/#website","url":"https:\/\/www.welovecycling.com\/cs\/","name":"\u0160koda We Love Cycling - \u010cesk\u00e1 republika","description":"WeLoveCycling.cz je online magaz\u00edn, kter\u00fd v\u00e1m pravideln\u011b p\u0159in\u00e1\u0161\u00ed rady a tipy, zaj\u00edmav\u00e9 \u010dl\u00e1nky, videa a jedine\u010dn\u00e9 report\u00e1\u017ee ze sv\u011bta cyklistiky.","potentialAction":[{"@type":"SearchAction","target":{"@type":"EntryPoint","urlTemplate":"https:\/\/www.welovecycling.com\/cs\/?s={search_term_string}"},"query-input":{"@type":"PropertyValueSpecification","valueRequired":true,"valueName":"search_term_string"}}],"inLanguage":"cs"},{"@type":"Person","@id":"https:\/\/www.welovecycling.com\/cs\/#\/schema\/person\/d9eeb0a378f3a7e4a6d12d2b536b04b8","name":"radekmalina","image":{"@type":"ImageObject","inLanguage":"cs","@id":"https:\/\/www.welovecycling.com\/cs\/#\/schema\/person\/image\/","url":"https:\/\/secure.gravatar.com\/avatar\/66994b632cb8c39a46b9f54afa3ae07201b678d32a54275b6f1c9ffec356bfc0?s=96&d=mm&r=g","contentUrl":"https:\/\/secure.gravatar.com\/avatar\/66994b632cb8c39a46b9f54afa3ae07201b678d32a54275b6f1c9ffec356bfc0?s=96&d=mm&r=g","caption":"radekmalina"},"url":"https:\/\/www.welovecycling.com\/cs\/author\/radekmalina\/"}]}},"_links":{"self":[{"href":"https:\/\/www.welovecycling.com\/cs\/wp-json\/wp\/v2\/posts\/27027","targetHints":{"allow":["GET"]}}],"collection":[{"href":"https:\/\/www.welovecycling.com\/cs\/wp-json\/wp\/v2\/posts"}],"about":[{"href":"https:\/\/www.welovecycling.com\/cs\/wp-json\/wp\/v2\/types\/post"}],"author":[{"embeddable":true,"href":"https:\/\/www.welovecycling.com\/cs\/wp-json\/wp\/v2\/users\/138"}],"replies":[{"embeddable":true,"href":"https:\/\/www.welovecycling.com\/cs\/wp-json\/wp\/v2\/comments?post=27027"}],"version-history":[{"count":1,"href":"https:\/\/www.welovecycling.com\/cs\/wp-json\/wp\/v2\/posts\/27027\/revisions"}],"predecessor-version":[{"id":27028,"href":"https:\/\/www.welovecycling.com\/cs\/wp-json\/wp\/v2\/posts\/27027\/revisions\/27028"}],"wp:featuredmedia":[{"embeddable":true,"href":"https:\/\/www.welovecycling.com\/cs\/wp-json\/wp\/v2\/media\/26940"}],"wp:attachment":[{"href":"https:\/\/www.welovecycling.com\/cs\/wp-json\/wp\/v2\/media?parent=27027"}],"wp:term":[{"taxonomy":"category","embeddable":true,"href":"https:\/\/www.welovecycling.com\/cs\/wp-json\/wp\/v2\/categories?post=27027"},{"taxonomy":"post_tag","embeddable":true,"href":"https:\/\/www.welovecycling.com\/cs\/wp-json\/wp\/v2\/tags?post=27027"},{"taxonomy":"global-categories","embeddable":true,"href":"https:\/\/www.welovecycling.com\/cs\/wp-json\/wp\/v2\/global-categories?post=27027"}],"curies":[{"name":"wp","href":"https:\/\/api.w.org\/{rel}","templated":true}]}}