{"id":26928,"date":"2024-08-20T07:19:47","date_gmt":"2024-08-20T05:19:47","guid":{"rendered":"https:\/\/www.welovecycling.com\/cs\/?p=26928"},"modified":"2025-08-29T07:05:21","modified_gmt":"2025-08-29T05:05:21","slug":"wlc-cz-kavarny-7-apatyka-kde-uzdravuje-kava-a-vznasi-se-duch-buquoyu","status":"publish","type":"post","link":"https:\/\/www.welovecycling.com\/cs\/2024\/08\/20\/wlc-cz-kavarny-7-apatyka-kde-uzdravuje-kava-a-vznasi-se-duch-buquoyu\/","title":{"rendered":"WLC.cz kav\u00e1rny: Apatyka, kde uzdravuje k\u00e1va a vzn\u00e1\u0161\u00ed se duch Buquoy\u016f"},"content":{"rendered":"<p><strong>P\u0159ede dve\u0159mi sv\u00e9 pa\u017ee rozp\u0159ahuje rozcestn\u00edk k bli\u017e\u0161\u00edm i vzd\u00e1len\u011bj\u0161\u00edm bod\u016fm Novohradsk\u00fdch hor, kde \u2013 jak v\u00edme z reklam \u2013 je p\u0159\u00edroda, kter\u00e1 regeneruje. Stojany pro kola jsou u\u017e p\u0159ipraveny, taky nab\u00edje\u010dky pro elektro cyklisty. A samoz\u0159ejm\u011b vercajk, kdyby n\u011bco.\u00a0To v\u0161e je tady, na n\u00e1m\u011bst\u00ed v Nov\u00fdch Hradech v ji\u017en\u00edch \u010cech\u00e1ch provon\u011bno histori\u00ed starou \u010dty\u0159i stolet\u00ed, bylinkami a hlavn\u011b v\u00fdb\u011brovou k\u00e1vou z Kolumbie. V Apatyka Caf\u00e9 maj\u00ed toti\u017e u\u017e p\u00e1t\u00fdm rokem l\u00e9k pro ka\u017edou chu\u0165ovou bu\u0148ku, pro velk\u00e9 i va\u0161e mlsn\u00e9 pidilidi.<\/strong><\/p>\n<p>Taky do l\u00e9k\u00e1ren chod\u00edte, jen kdy\u017e u\u017e nen\u00ed zbyt\u00ed, proto\u017ee \u010daj s medem u\u017e nepom\u00e1h\u00e1? Tahle je jin\u00e1, p\u0159ita\u017eliv\u00e1, magick\u00e1. Tohle je apatyka s p\u0159\u00edb\u011bhem. Jej\u00ed provozovatelka Jana \u0160er\u00e1 p\u0159ed lety ve sv\u00e9m m\u011bst\u011b hledala prostory. M\u011bla podnikatelsk\u00fd z\u00e1m\u011br ud\u011blat velkou hernu s kav\u00e1rnou pro mamky s d\u011btmi, ale vhodn\u00e9 prostory nena\u0161la.<\/p>\n<h2><strong>P\u0159i prvn\u00ed n\u00e1v\u0161t\u011bv\u011b nec\u00edtila ani bylinky&#8230;<\/strong><\/h2>\n<p>Byznys pl\u00e1n se tedy musel r\u00fdsovat znovu a z\u016fstala v n\u011bm jen kav\u00e1rna. \u201eAle kde? V\u011bt\u0161inu objekt\u016f tady vlastn\u00ed m\u011bsto a doporu\u010dili mi zeptat se pana starosty,\u201c vzpom\u00edn\u00e1 pan\u00ed podnikatelka na za\u010d\u00e1tek sv\u00e9ho k\u00e1vov\u00e9ho dobrodru\u017estv\u00ed s Apatyka Caf\u00e9. \u201eDovedl m\u011b sem do apatyky a \u017ee by pot\u0159eboval, aby byla zase otev\u0159en\u00e1, p\u0159\u00edstupn\u00e1, aby tady n\u011bkdo v\u011btral, topil.\u201c<\/p>\n<figure id=\"attachment_26932\" aria-describedby=\"caption-attachment-26932\" style=\"width: 1360px\" class=\"wp-caption alignnone\"><a href=\"https:\/\/d2p6e6u75xmxt8.cloudfront.net\/13\/2024\/08\/apatyka-foto.webp\"><img loading=\"lazy\" decoding=\"async\" class=\"size-full wp-image-26932\" src=\"https:\/\/d2p6e6u75xmxt8.cloudfront.net\/13\/2024\/08\/apatyka-foto.webp\" alt=\"\" width=\"1360\" height=\"900\" srcset=\"https:\/\/d2p6e6u75xmxt8.cloudfront.net\/13\/2024\/08\/apatyka-foto.webp 1360w, https:\/\/d2p6e6u75xmxt8.cloudfront.net\/13\/2024\/08\/apatyka-foto-300x199.webp 300w, https:\/\/d2p6e6u75xmxt8.cloudfront.net\/13\/2024\/08\/apatyka-foto-1024x678.webp 1024w, https:\/\/d2p6e6u75xmxt8.cloudfront.net\/13\/2024\/08\/apatyka-foto-768x508.webp 768w, https:\/\/d2p6e6u75xmxt8.cloudfront.net\/13\/2024\/08\/apatyka-foto-400x265.webp 400w\" sizes=\"auto, (max-width: 1360px) 100vw, 1360px\" \/><\/a><figcaption id=\"caption-attachment-26932\" class=\"wp-caption-text\"><em>Apatyka Caf\u00e9 zaujme jedine\u010dn\u00fdm interi\u00e9rem.<\/em><\/figcaption><\/figure>\n<p>Tak abychom si kone\u010dn\u011b vysv\u011btlili, co to tady po\u0159\u00e1d maj\u00ed s tou apatykou. M\u011bstu p\u0159ed lety vl\u00e1dl starofrancouzsk\u00fd rod Buquoy\u016f a v 17. stolet\u00ed mimo jin\u00e9ho zalo\u017eil v historick\u00e9m dom\u011b v centru i tuto apatyku. D\u00e1vno se na ni zapomn\u011blo, v prostor\u00e1ch se pak st\u0159\u00eddal \u0161vec se \u0161vadlenami, jindy zase prodejci bylin, m\u00fddel, Bachov\u00fdch esenc\u00ed. Ale po revoluci se dve\u0159e zamknuly a nic se ned\u011blo. \u201eKdy\u017e jsem poprv\u00e9 p\u0159i\u0161la, sp\u00ed\u0161 ne\u017e v\u016fni bylinek jsem c\u00edtila zatuchlinu.\u201c<\/p>\n<div class=\"shortcode-ys-post-pinup\"><article class=\"loop-simple post-25587 post type-post status-publish format-standard has-post-thumbnail hentry category-https-www-welovecycling-com-cs-otestovano-jizdou category-tipy-na-vylet category-wlc-cz-kavarny category-https-www-welovecycling-com-cs-category-zabava tag-bikelovers tag-cafe-dezert tag-cyklistika tag-cyklokavarny tag-horska-cyklistika tag-kava-a-cyklistika tag-kavarny tag-silnicni-cyklistika global-categories-cycling\" data-postid=\"25587\" role=\"article\" data-post-id=\"25587\" data-word-count=\"580\" data-headline-length=\"43\" data-category=\"Cyklotrasy\" data-global-category=\"Cycling\" data-author=\"We Love Cycling\" data-published=\"2024-05-31T16:36:59+02:00\" data-published-day=\"Friday\">\n    <div class=\"entry-thumbnail article-thumbnail\" content=\"https:\/\/d2p6e6u75xmxt8.cloudfront.net\/13\/2024\/05\/kafe-francouzak-150x150.webp\"><a href=\"https:\/\/www.welovecycling.com\/cs\/2024\/05\/31\/wlc-cz-kavarny-2-na-vetrnik-do-okrisek\/\" class=\"image-holder\" target=\"_self\"><img decoding=\"async\" loading=\"lazy\" class=\"\" src=\"https:\/\/d2p6e6u75xmxt8.cloudfront.net\/13\/2024\/05\/kafe-francouzak-1024x739.webp\" srcset=\"https:\/\/d2p6e6u75xmxt8.cloudfront.net\/13\/2024\/05\/kafe-francouzak-scaled.webp 2560w, https:\/\/d2p6e6u75xmxt8.cloudfront.net\/13\/2024\/05\/kafe-francouzak-300x217.webp 300w, https:\/\/d2p6e6u75xmxt8.cloudfront.net\/13\/2024\/05\/kafe-francouzak-1024x739.webp 1024w, https:\/\/d2p6e6u75xmxt8.cloudfront.net\/13\/2024\/05\/kafe-francouzak-768x555.webp 768w, https:\/\/d2p6e6u75xmxt8.cloudfront.net\/13\/2024\/05\/kafe-francouzak-1536x1109.webp 1536w, https:\/\/d2p6e6u75xmxt8.cloudfront.net\/13\/2024\/05\/kafe-francouzak-2048x1479.webp 2048w, https:\/\/d2p6e6u75xmxt8.cloudfront.net\/13\/2024\/05\/kafe-francouzak-1920x1386.webp 1920w, https:\/\/d2p6e6u75xmxt8.cloudfront.net\/13\/2024\/05\/kafe-francouzak-400x289.webp 400w, https:\/\/d2p6e6u75xmxt8.cloudfront.net\/13\/2024\/05\/kafe-francouzak-1920x1386.webp 1920w\" width=\"1024\" height=\"739\" sizes=\"auto, (min-width: 1200px) 300px, (min-width: 768px) 25vw, 100vw\" alt=\"wlc-cz-kavarny-2-na-vetrnik-do-okrisek\"\/><\/a><\/div>    <div class=\"entry-meta\">\n        <a class=\"label label-secondary post-category\" href=\"https:\/\/www.welovecycling.com\/cs\/category\/https-www-welovecycling-com-cs-otestovano-jizdou\/\" title=\"Cyklotrasy\">Cyklotrasy<\/a>\n    <\/div>\n    <div class=\"entry-details\">\n        <a href=\"https:\/\/www.welovecycling.com\/cs\/2024\/05\/31\/wlc-cz-kavarny-2-na-vetrnik-do-okrisek\/\" class='entry-title-wrapper'>\n            <h3 class=\"entry-title\"><span>WLC.cz kav\u00e1rny: Na v\u011btrn\u00edk do Ok\u0159\u00ed\u0161ek<\/span><\/h3>\n        <\/a>\n    <\/div>\n    <\/article>\n<\/div>\n<p>Mezit\u00edm na p\u016fd\u011b m\u00edstn\u00edho hradu objevili hromady b\u00edle nat\u0159en\u00fdch prken a kdy\u017e se za\u010dalo zkoumat, co by to tak mohlo b\u00fdt, zjistili, \u017ee jde o torzo buquoysk\u00e9 apatyky, kter\u00e1 kdysi byla nejv\u011bt\u0161\u00ed \u0161iroko daleko. Tu renovovali a um\u00edstili pr\u00e1v\u011b do zrekonstruovan\u00fdch prostor nov\u00e9 apatyky.<\/p>\n<h2><strong>Interi\u00e9r Apatyka Caf\u00e9 odkazuje ke stalet\u00e9 tradici<\/strong><\/h2>\n<p>Interi\u00e9r tak odkazuje ke stalet\u00e9 tradici. Vprost\u0159ed hlavn\u00ed m\u00edstnosti stoj\u00ed t\u00e1ra, kolem starod\u00e1vn\u00e9 komody s \u0161upl\u00edky, police se stovkou d\u0159ev\u011bn\u00fdch i keramick\u00fdch l\u00e9k\u00e1rensk\u00fdch d\u00f3z, na kter\u00fdch \u010dtete tajupln\u00e9 cedulky Gummi dama, Bolus armena, Sulfucitrinum\u2026<\/p>\n<figure id=\"attachment_26930\" aria-describedby=\"caption-attachment-26930\" style=\"width: 1000px\" class=\"wp-caption alignnone\"><a href=\"https:\/\/d2p6e6u75xmxt8.cloudfront.net\/13\/2024\/08\/apatyka-foto-2.webp\"><img loading=\"lazy\" decoding=\"async\" class=\"size-full wp-image-26930\" src=\"https:\/\/d2p6e6u75xmxt8.cloudfront.net\/13\/2024\/08\/apatyka-foto-2.webp\" alt=\"\" width=\"1000\" height=\"1000\" srcset=\"https:\/\/d2p6e6u75xmxt8.cloudfront.net\/13\/2024\/08\/apatyka-foto-2.webp 1000w, https:\/\/d2p6e6u75xmxt8.cloudfront.net\/13\/2024\/08\/apatyka-foto-2-300x300.webp 300w, https:\/\/d2p6e6u75xmxt8.cloudfront.net\/13\/2024\/08\/apatyka-foto-2-150x150.webp 150w, https:\/\/d2p6e6u75xmxt8.cloudfront.net\/13\/2024\/08\/apatyka-foto-2-768x768.webp 768w, https:\/\/d2p6e6u75xmxt8.cloudfront.net\/13\/2024\/08\/apatyka-foto-2-400x400.webp 400w\" sizes=\"auto, (max-width: 1000px) 100vw, 1000px\" \/><\/a><figcaption id=\"caption-attachment-26930\" class=\"wp-caption-text\"><em>Apatyka Caf\u00e9 serv\u00edruje skv\u011blou kolumbijskou k\u00e1vu s dom\u00e1c\u00edmi z\u00e1kusky.<\/em><\/figcaption><\/figure>\n<p>Ale nejsiln\u011bj\u0161\u00ed l\u00e9k v podob\u011b tmavohn\u011bd\u00fdch pra\u017een\u00fdch zrnek tu skladuj\u00ed v jin\u00fdch d\u00f3z\u00e1ch. Chv\u00edli to sy\u010d\u00ed a u\u017e z \u0161\u00e1lk\u016f von\u00ed <a href=\"https:\/\/www.welovecycling.com\/cs\/2024\/06\/13\/wlc-cz-kavarny-3-bohemian-coffee-house-kazda-navsteva-je-zazitek\/\">stoprocentn\u00ed arabica<\/a> z Kolumbie, kter\u00e1 se cestou do Nov\u00fdch Hrad\u016f zastavila v Brn\u011b, kde se pra\u017e\u00ed. \u201eCaf\u00e9 le Luz je mal\u00e1 firma a my jejich nejv\u011bt\u0161\u00ed z\u00e1kazn\u00edk. V sezon\u011b spot\u0159ebujeme 10 kilo za t\u00fdden.\u201c<\/p>\n<div class=\"shortcode-ys-post-pinup\"><article class=\"loop-simple post-26891 post type-post status-publish format-standard has-post-thumbnail hentry category-silnicni-cyklistika tag-cyklistika tag-giro-ditalia tag-grand-tour tag-sepp-kuss tag-silnicni-cyklistika tag-terminy-zavodu tag-tour-de-france tag-vuelta tag-vuelta-2024 global-categories-cycling\" data-postid=\"26891\" role=\"article\" data-post-id=\"26891\" data-word-count=\"762\" data-headline-length=\"59\" data-category=\"Silni\u010dn\u00ed cyklistika\" data-global-category=\"Cycling\" data-author=\"Radek Malina\" data-published=\"2024-08-16T16:57:08+02:00\" data-published-day=\"Friday\">\n    <div class=\"entry-thumbnail article-thumbnail\" content=\"https:\/\/d2p6e6u75xmxt8.cloudfront.net\/13\/2023\/09\/15-sepp-kuss-V-150x150.webp\"><a href=\"https:\/\/www.welovecycling.com\/cs\/2024\/08\/16\/rozmanita-ruda-kraska-trpi-pritom-nepravem\/\" class=\"image-holder\" target=\"_self\"><img decoding=\"async\" loading=\"lazy\" class=\"\" src=\"https:\/\/d2p6e6u75xmxt8.cloudfront.net\/13\/2023\/09\/15-sepp-kuss-V-1024x682.webp\" srcset=\"https:\/\/d2p6e6u75xmxt8.cloudfront.net\/13\/2023\/09\/15-sepp-kuss-V.webp 2000w, https:\/\/d2p6e6u75xmxt8.cloudfront.net\/13\/2023\/09\/15-sepp-kuss-V-300x200.webp 300w, https:\/\/d2p6e6u75xmxt8.cloudfront.net\/13\/2023\/09\/15-sepp-kuss-V-1024x682.webp 1024w, https:\/\/d2p6e6u75xmxt8.cloudfront.net\/13\/2023\/09\/15-sepp-kuss-V-768x512.webp 768w, https:\/\/d2p6e6u75xmxt8.cloudfront.net\/13\/2023\/09\/15-sepp-kuss-V-1536x1024.webp 1536w, https:\/\/d2p6e6u75xmxt8.cloudfront.net\/13\/2023\/09\/15-sepp-kuss-V-1920x1280.webp 1920w, https:\/\/d2p6e6u75xmxt8.cloudfront.net\/13\/2023\/09\/15-sepp-kuss-V-400x267.webp 400w, https:\/\/d2p6e6u75xmxt8.cloudfront.net\/13\/2023\/09\/15-sepp-kuss-V-272x182.webp 272w, https:\/\/d2p6e6u75xmxt8.cloudfront.net\/13\/2023\/09\/15-sepp-kuss-V-1920x1280.webp 1920w\" width=\"1024\" height=\"682\" sizes=\"auto, (min-width: 1200px) 300px, (min-width: 768px) 25vw, 100vw\" alt=\"rozmanita-ruda-kraska-trpi-pritom-nepravem\"\/><\/a><\/div>    <div class=\"entry-meta\">\n        <a class=\"label label-secondary post-category\" href=\"https:\/\/www.welovecycling.com\/cs\/category\/silnicni-cyklistika\/\" title=\"Silni\u010dn\u00ed cyklistika\">Silni\u010dn\u00ed cyklistika<\/a>\n    <\/div>\n    <div class=\"entry-details\">\n        <a href=\"https:\/\/www.welovecycling.com\/cs\/2024\/08\/16\/rozmanita-ruda-kraska-trpi-pritom-nepravem\/\" class='entry-title-wrapper'>\n            <h3 class=\"entry-title\"><span>Rozmanit\u00e1 rud\u00e1 kr\u00e1ska trp\u00ed nez\u00e1jmem. P\u0159itom nepr\u00e1vem<\/span><\/h3>\n        <\/a>\n    <\/div>\n    <\/article>\n<\/div>\n<p>A k tomu taky hromady dobrot, kter\u00e9 si \u0161\u00e1lek k\u00e1vy zaslou\u017e\u00ed: chleb\u00ed\u010dky, z\u00e1kusky, zmrzlinu, limon\u00e1dy, pe\u010den\u00e9 \u010daje i bylinkov\u00e9, v\u0161e od m\u00edstn\u00edch \u201ebabek ko\u0159en\u00e1\u0159ek\u201c. Sv\u016fj koutek tu maj\u00ed \u0161perky, obrazy m\u00edstn\u00ed mal\u00ed\u0159ky Daniely Roulov\u00e9 Plockov\u00e9, novohradsk\u00e9 oplatky s vlastn\u00edm designem apatyky. Pro d\u011btsk\u00e9 sb\u011bratele maj\u00ed turistick\u00e9 vizitky do jejich cestovatelsk\u00e9 kroniky a i ten hern\u00ed koutek se nakonec ve\u0161el.<\/p>\n<p><a href=\"https:\/\/d2p6e6u75xmxt8.cloudfront.net\/13\/2024\/08\/apatyka-foto-3.webp\"><img loading=\"lazy\" decoding=\"async\" class=\"alignnone wp-image-26931\" src=\"https:\/\/d2p6e6u75xmxt8.cloudfront.net\/13\/2024\/08\/apatyka-foto-3.webp\" alt=\"\" width=\"1015\" height=\"1015\" srcset=\"https:\/\/d2p6e6u75xmxt8.cloudfront.net\/13\/2024\/08\/apatyka-foto-3.webp 857w, https:\/\/d2p6e6u75xmxt8.cloudfront.net\/13\/2024\/08\/apatyka-foto-3-300x300.webp 300w, https:\/\/d2p6e6u75xmxt8.cloudfront.net\/13\/2024\/08\/apatyka-foto-3-150x150.webp 150w, https:\/\/d2p6e6u75xmxt8.cloudfront.net\/13\/2024\/08\/apatyka-foto-3-768x768.webp 768w, https:\/\/d2p6e6u75xmxt8.cloudfront.net\/13\/2024\/08\/apatyka-foto-3-400x400.webp 400w\" sizes=\"auto, (max-width: 1015px) 100vw, 1015px\" \/><\/a><\/p>\n<p>Ale abychom tu neprosed\u011bli cel\u00fd den, \u0161ipky rozcestn\u00edk\u016f zvou na cesty. Do Ter\u010dina \u00fadol\u00ed, na nejzn\u00e1m\u011bj\u0161\u00ed m\u00edstn\u00ed rozhlednu na Krav\u00ed ho\u0159e, nebo t\u0159eba i kousek za hranice na vyhl\u00eddky Mandlstein a Nebestein, odkud jsou vid\u011bt Alpy, pro historiky je tu Skanzen \u017eelezn\u00e9 opony. A pak? T\u0159eba zase zp\u011bt pro n\u011bjakou l\u00e9\u010debnou k\u00faru, kterou nenajdete jinde ne\u017e v apatyce.<\/p>\n<p><span style=\"font-size: 14pt;\"><strong>APATYKA CAF\u00c9<\/strong><\/span><\/p>\n<ul>\n<li><strong>Hodnocen\u00ed: <\/strong>4,8\/5<\/li>\n<li><strong>Lokalita: <a href=\"https:\/\/www.google.com\/maps\/place\/Apatyka+Caf%C3%A9\/@48.7895982,14.7794044,556m\/data=!3m1!1e3!4m14!1m7!3m6!1s0x47733df691e55c4f:0x2a446bf52eb51a70!2sApatyka+Caf%C3%A9!8m2!3d48.7895982!4d14.7794044!16s%2Fg%2F11hz0wrvhr!3m5!1s0x47733df691e55c4f:0x2a446bf52eb51a70!8m2!3d48.7895982!4d14.7794044!16s%2Fg%2F11hz0wrvhr?entry=ttu\">Husova 14, 373 33, Nov\u00e9 Hrady<\/a>\u00a0<\/strong><\/li>\n<li><strong>Instagram<\/strong>:<a href=\"https:\/\/www.instagram.com\/apatykacafe\/?hl=cs\"> https:\/\/www.instagram.com\/apatykacafe<\/a><\/li>\n<li><strong>Speciality<\/strong>: dom\u00e1c\u00ed z\u00e1kusky, dom\u00e1c\u00ed chleb\u00ed\u010dky<\/li>\n<li><strong>Otv\u00edrac\u00ed doba<\/strong>: Po-Ne 9.30-20 hodin.<\/li>\n<\/ul>\n","protected":false},"excerpt":{"rendered":"<p>P\u0159ede dve\u0159mi sv\u00e9 pa\u017ee rozp\u0159ahuje rozcestn\u00edk k bli\u017e\u0161\u00edm i vzd\u00e1len\u011bj\u0161\u00edm bod\u016fm Novohradsk\u00fdch hor, kde \u2013 jak v\u00edme z reklam \u2013 [&hellip;]<\/p>\n","protected":false},"author":138,"featured_media":26934,"comment_status":"open","ping_status":"open","sticky":false,"template":"","format":"standard","meta":{"footnotes":""},"categories":[3585],"tags":[3754,126,56,1075,3578,9,28,67],"global-categories":[411],"class_list":["post-26928","post","type-post","status-publish","format-standard","has-post-thumbnail","hentry","category-wlc-cz-kavarny","tag-apatyka-cafe","tag-cyklistika","tag-horska-cyklistika","tag-kava-a-cyklistika","tag-kavarny","tag-silnicni-cyklistika","tag-zdravi","tag-zdravi-a-trenink","global-categories-cycling"],"yoast_head":"<!-- This site is optimized with the Yoast SEO Premium plugin v25.3 (Yoast SEO v25.9) - https:\/\/yoast.com\/wordpress\/plugins\/seo\/ -->\n<title>WLC.cz kav\u00e1rny: Apatyka, kde uzdravuje k\u00e1va a vzn\u00e1\u0161\u00ed se duch Buquoy\u016f | \u0160koda We Love Cycling - \u010cesk\u00e1 republika<\/title>\n<meta name=\"description\" content=\"P\u0159ede dve\u0159mi sv\u00e9 pa\u017ee rozp\u0159ahuje rozcestn\u00edk k bli\u017e\u0161\u00edm i vzd\u00e1len\u011bj\u0161\u00edm bod\u016fm Novohradsk\u00fdch hor, kde \u2013 jak v\u00edme z reklam \u2013 je p\u0159\u00edroda, kter\u00e1 regeneruje. Stojany pro kola jsou u\u017e p\u0159ipraveny, taky nab\u00edje\u010dky pro elektro cyklisty. A samoz\u0159ejm\u011b vercajk, kdyby n\u011bco.\u00a0To v\u0161e je tady, na n\u00e1m\u011bst\u00ed v Nov\u00fdch Hradech v ji\u017en\u00edch \u010cech\u00e1ch provon\u011bno histori\u00ed starou \u010dty\u0159i stolet\u00ed, bylinkami a hlavn\u011b v\u00fdb\u011brovou k\u00e1vou z Kolumbie. V Apatyka Caf\u00e9 maj\u00ed toti\u017e u\u017e p\u00e1t\u00fdm rokem l\u00e9k pro ka\u017edou chu\u0165ovou bu\u0148ku, pro velk\u00e9 i va\u0161e mlsn\u00e9 pidilidi.\" \/>\n<meta name=\"robots\" content=\"index, follow, max-snippet:-1, max-image-preview:large, max-video-preview:-1\" \/>\n<link rel=\"canonical\" href=\"https:\/\/www.welovecycling.com\/cs\/2024\/08\/20\/wlc-cz-kavarny-7-apatyka-kde-uzdravuje-kava-a-vznasi-se-duch-buquoyu\/\" \/>\n<meta property=\"og:locale\" content=\"cs_CZ\" \/>\n<meta property=\"og:type\" content=\"article\" \/>\n<meta property=\"og:title\" content=\"WLC.cz kav\u00e1rny: Apatyka, kde uzdravuje k\u00e1va a vzn\u00e1\u0161\u00ed se duch Buquoy\u016f\" \/>\n<meta property=\"og:description\" content=\"P\u0159ede dve\u0159mi sv\u00e9 pa\u017ee rozp\u0159ahuje rozcestn\u00edk k bli\u017e\u0161\u00edm i vzd\u00e1len\u011bj\u0161\u00edm bod\u016fm Novohradsk\u00fdch hor, kde \u2013 jak v\u00edme z reklam \u2013 je p\u0159\u00edroda, kter\u00e1 regeneruje. Stojany pro kola jsou u\u017e p\u0159ipraveny, taky nab\u00edje\u010dky pro elektro cyklisty. A samoz\u0159ejm\u011b vercajk, kdyby n\u011bco.\u00a0To v\u0161e je tady, na n\u00e1m\u011bst\u00ed v Nov\u00fdch Hradech v ji\u017en\u00edch \u010cech\u00e1ch provon\u011bno histori\u00ed starou \u010dty\u0159i stolet\u00ed, bylinkami a hlavn\u011b v\u00fdb\u011brovou k\u00e1vou z Kolumbie. V Apatyka Caf\u00e9 maj\u00ed toti\u017e u\u017e p\u00e1t\u00fdm rokem l\u00e9k pro ka\u017edou chu\u0165ovou bu\u0148ku, pro velk\u00e9 i va\u0161e mlsn\u00e9 pidilidi.\" \/>\n<meta property=\"og:url\" content=\"https:\/\/www.welovecycling.com\/cs\/2024\/08\/20\/wlc-cz-kavarny-7-apatyka-kde-uzdravuje-kava-a-vznasi-se-duch-buquoyu\/\" \/>\n<meta property=\"og:site_name\" content=\"\u0160koda We Love Cycling - \u010cesk\u00e1 republika\" \/>\n<meta property=\"article:published_time\" content=\"2024-08-20T05:19:47+00:00\" \/>\n<meta property=\"article:modified_time\" content=\"2025-08-29T05:05:21+00:00\" \/>\n<meta property=\"og:image\" content=\"https:\/\/d2p6e6u75xmxt8.cloudfront.net\/13\/2024\/08\/apatyka-cafe-lan-0070.webp\" \/>\n\t<meta property=\"og:image:width\" content=\"1280\" \/>\n\t<meta property=\"og:image:height\" content=\"853\" \/>\n\t<meta property=\"og:image:type\" content=\"image\/webp\" \/>\n<meta name=\"author\" content=\"radekmalina\" \/>\n<meta name=\"twitter:card\" content=\"summary_large_image\" \/>\n<meta name=\"twitter:label1\" content=\"Written by\" \/>\n\t<meta name=\"twitter:data1\" content=\"Radek Malina\" \/>\n\t<meta name=\"twitter:label2\" content=\"Est. reading time\" \/>\n\t<meta name=\"twitter:data2\" content=\"6\" \/>\n<script type=\"application\/ld+json\" class=\"yoast-schema-graph\">{\"@context\":\"https:\/\/schema.org\",\"@graph\":[{\"@type\":\"WebPage\",\"@id\":\"https:\/\/www.welovecycling.com\/cs\/2024\/08\/20\/wlc-cz-kavarny-7-apatyka-kde-uzdravuje-kava-a-vznasi-se-duch-buquoyu\/\",\"url\":\"https:\/\/www.welovecycling.com\/cs\/2024\/08\/20\/wlc-cz-kavarny-7-apatyka-kde-uzdravuje-kava-a-vznasi-se-duch-buquoyu\/\",\"name\":\"WLC.cz kav\u00e1rny: Apatyka, kde uzdravuje k\u00e1va a vzn\u00e1\u0161\u00ed se duch Buquoy\u016f | \u0160koda We Love Cycling - \u010cesk\u00e1 republika\",\"isPartOf\":{\"@id\":\"https:\/\/www.welovecycling.com\/cs\/#website\"},\"primaryImageOfPage\":{\"@id\":\"https:\/\/www.welovecycling.com\/cs\/2024\/08\/20\/wlc-cz-kavarny-7-apatyka-kde-uzdravuje-kava-a-vznasi-se-duch-buquoyu\/#primaryimage\"},\"image\":{\"@id\":\"https:\/\/www.welovecycling.com\/cs\/2024\/08\/20\/wlc-cz-kavarny-7-apatyka-kde-uzdravuje-kava-a-vznasi-se-duch-buquoyu\/#primaryimage\"},\"thumbnailUrl\":\"https:\/\/d2p6e6u75xmxt8.cloudfront.net\/13\/2024\/08\/apatyka-cafe-lan-0070.webp\",\"datePublished\":\"2024-08-20T05:19:47+00:00\",\"dateModified\":\"2025-08-29T05:05:21+00:00\",\"author\":{\"@id\":\"https:\/\/www.welovecycling.com\/cs\/#\/schema\/person\/d9eeb0a378f3a7e4a6d12d2b536b04b8\"},\"description\":\"P\u0159ede dve\u0159mi sv\u00e9 pa\u017ee rozp\u0159ahuje rozcestn\u00edk k bli\u017e\u0161\u00edm i vzd\u00e1len\u011bj\u0161\u00edm bod\u016fm Novohradsk\u00fdch hor, kde \u2013 jak v\u00edme z reklam \u2013 je p\u0159\u00edroda, kter\u00e1 regeneruje. Stojany pro kola jsou u\u017e p\u0159ipraveny, taky nab\u00edje\u010dky pro elektro cyklisty. A samoz\u0159ejm\u011b vercajk, kdyby n\u011bco.\u00a0To v\u0161e je tady, na n\u00e1m\u011bst\u00ed v Nov\u00fdch Hradech v ji\u017en\u00edch \u010cech\u00e1ch provon\u011bno histori\u00ed starou \u010dty\u0159i stolet\u00ed, bylinkami a hlavn\u011b v\u00fdb\u011brovou k\u00e1vou z Kolumbie. V Apatyka Caf\u00e9 maj\u00ed toti\u017e u\u017e p\u00e1t\u00fdm rokem l\u00e9k pro ka\u017edou chu\u0165ovou bu\u0148ku, pro velk\u00e9 i va\u0161e mlsn\u00e9 pidilidi.\",\"inLanguage\":\"cs\",\"potentialAction\":[{\"@type\":\"ReadAction\",\"target\":[\"https:\/\/www.welovecycling.com\/cs\/2024\/08\/20\/wlc-cz-kavarny-7-apatyka-kde-uzdravuje-kava-a-vznasi-se-duch-buquoyu\/\"]}]},{\"@type\":\"ImageObject\",\"inLanguage\":\"cs\",\"@id\":\"https:\/\/www.welovecycling.com\/cs\/2024\/08\/20\/wlc-cz-kavarny-7-apatyka-kde-uzdravuje-kava-a-vznasi-se-duch-buquoyu\/#primaryimage\",\"url\":\"https:\/\/d2p6e6u75xmxt8.cloudfront.net\/13\/2024\/08\/apatyka-cafe-lan-0070.webp\",\"contentUrl\":\"https:\/\/d2p6e6u75xmxt8.cloudfront.net\/13\/2024\/08\/apatyka-cafe-lan-0070.webp\",\"width\":1280,\"height\":853,\"caption\":\"Apatyka Caf\u00e9\"},{\"@type\":\"WebSite\",\"@id\":\"https:\/\/www.welovecycling.com\/cs\/#website\",\"url\":\"https:\/\/www.welovecycling.com\/cs\/\",\"name\":\"\u0160koda We Love Cycling - \u010cesk\u00e1 republika\",\"description\":\"WeLoveCycling.cz je online magaz\u00edn, kter\u00fd v\u00e1m pravideln\u011b p\u0159in\u00e1\u0161\u00ed rady a tipy, zaj\u00edmav\u00e9 \u010dl\u00e1nky, videa a jedine\u010dn\u00e9 report\u00e1\u017ee ze sv\u011bta cyklistiky.\",\"potentialAction\":[{\"@type\":\"SearchAction\",\"target\":{\"@type\":\"EntryPoint\",\"urlTemplate\":\"https:\/\/www.welovecycling.com\/cs\/?s={search_term_string}\"},\"query-input\":{\"@type\":\"PropertyValueSpecification\",\"valueRequired\":true,\"valueName\":\"search_term_string\"}}],\"inLanguage\":\"cs\"},{\"@type\":\"Person\",\"@id\":\"https:\/\/www.welovecycling.com\/cs\/#\/schema\/person\/d9eeb0a378f3a7e4a6d12d2b536b04b8\",\"name\":\"radekmalina\",\"image\":{\"@type\":\"ImageObject\",\"inLanguage\":\"cs\",\"@id\":\"https:\/\/www.welovecycling.com\/cs\/#\/schema\/person\/image\/\",\"url\":\"https:\/\/secure.gravatar.com\/avatar\/66994b632cb8c39a46b9f54afa3ae07201b678d32a54275b6f1c9ffec356bfc0?s=96&d=mm&r=g\",\"contentUrl\":\"https:\/\/secure.gravatar.com\/avatar\/66994b632cb8c39a46b9f54afa3ae07201b678d32a54275b6f1c9ffec356bfc0?s=96&d=mm&r=g\",\"caption\":\"radekmalina\"},\"url\":\"https:\/\/www.welovecycling.com\/cs\/author\/radekmalina\/\"}]}<\/script>\n<!-- \/ Yoast SEO Premium plugin. -->","yoast_head_json":{"title":"WLC.cz kav\u00e1rny: Apatyka, kde uzdravuje k\u00e1va a vzn\u00e1\u0161\u00ed se duch Buquoy\u016f | \u0160koda We Love Cycling - \u010cesk\u00e1 republika","description":"P\u0159ede dve\u0159mi sv\u00e9 pa\u017ee rozp\u0159ahuje rozcestn\u00edk k bli\u017e\u0161\u00edm i vzd\u00e1len\u011bj\u0161\u00edm bod\u016fm Novohradsk\u00fdch hor, kde \u2013 jak v\u00edme z reklam \u2013 je p\u0159\u00edroda, kter\u00e1 regeneruje. Stojany pro kola jsou u\u017e p\u0159ipraveny, taky nab\u00edje\u010dky pro elektro cyklisty. A samoz\u0159ejm\u011b vercajk, kdyby n\u011bco.\u00a0To v\u0161e je tady, na n\u00e1m\u011bst\u00ed v Nov\u00fdch Hradech v ji\u017en\u00edch \u010cech\u00e1ch provon\u011bno histori\u00ed starou \u010dty\u0159i stolet\u00ed, bylinkami a hlavn\u011b v\u00fdb\u011brovou k\u00e1vou z Kolumbie. V Apatyka Caf\u00e9 maj\u00ed toti\u017e u\u017e p\u00e1t\u00fdm rokem l\u00e9k pro ka\u017edou chu\u0165ovou bu\u0148ku, pro velk\u00e9 i va\u0161e mlsn\u00e9 pidilidi.","robots":{"index":"index","follow":"follow","max-snippet":"max-snippet:-1","max-image-preview":"max-image-preview:large","max-video-preview":"max-video-preview:-1"},"canonical":"https:\/\/www.welovecycling.com\/cs\/2024\/08\/20\/wlc-cz-kavarny-7-apatyka-kde-uzdravuje-kava-a-vznasi-se-duch-buquoyu\/","og_locale":"cs_CZ","og_type":"article","og_title":"WLC.cz kav\u00e1rny: Apatyka, kde uzdravuje k\u00e1va a vzn\u00e1\u0161\u00ed se duch Buquoy\u016f","og_description":"P\u0159ede dve\u0159mi sv\u00e9 pa\u017ee rozp\u0159ahuje rozcestn\u00edk k bli\u017e\u0161\u00edm i vzd\u00e1len\u011bj\u0161\u00edm bod\u016fm Novohradsk\u00fdch hor, kde \u2013 jak v\u00edme z reklam \u2013 je p\u0159\u00edroda, kter\u00e1 regeneruje. Stojany pro kola jsou u\u017e p\u0159ipraveny, taky nab\u00edje\u010dky pro elektro cyklisty. A samoz\u0159ejm\u011b vercajk, kdyby n\u011bco.\u00a0To v\u0161e je tady, na n\u00e1m\u011bst\u00ed v Nov\u00fdch Hradech v ji\u017en\u00edch \u010cech\u00e1ch provon\u011bno histori\u00ed starou \u010dty\u0159i stolet\u00ed, bylinkami a hlavn\u011b v\u00fdb\u011brovou k\u00e1vou z Kolumbie. V Apatyka Caf\u00e9 maj\u00ed toti\u017e u\u017e p\u00e1t\u00fdm rokem l\u00e9k pro ka\u017edou chu\u0165ovou bu\u0148ku, pro velk\u00e9 i va\u0161e mlsn\u00e9 pidilidi.","og_url":"https:\/\/www.welovecycling.com\/cs\/2024\/08\/20\/wlc-cz-kavarny-7-apatyka-kde-uzdravuje-kava-a-vznasi-se-duch-buquoyu\/","og_site_name":"\u0160koda We Love Cycling - \u010cesk\u00e1 republika","article_published_time":"2024-08-20T05:19:47+00:00","article_modified_time":"2025-08-29T05:05:21+00:00","og_image":[{"width":1280,"height":853,"url":"https:\/\/d2p6e6u75xmxt8.cloudfront.net\/13\/2024\/08\/apatyka-cafe-lan-0070.webp","type":"image\/webp"}],"author":"radekmalina","twitter_card":"summary_large_image","twitter_misc":{"Written by":"Radek Malina","Est. reading time":"6"},"schema":{"@context":"https:\/\/schema.org","@graph":[{"@type":"WebPage","@id":"https:\/\/www.welovecycling.com\/cs\/2024\/08\/20\/wlc-cz-kavarny-7-apatyka-kde-uzdravuje-kava-a-vznasi-se-duch-buquoyu\/","url":"https:\/\/www.welovecycling.com\/cs\/2024\/08\/20\/wlc-cz-kavarny-7-apatyka-kde-uzdravuje-kava-a-vznasi-se-duch-buquoyu\/","name":"WLC.cz kav\u00e1rny: Apatyka, kde uzdravuje k\u00e1va a vzn\u00e1\u0161\u00ed se duch Buquoy\u016f | \u0160koda We Love Cycling - \u010cesk\u00e1 republika","isPartOf":{"@id":"https:\/\/www.welovecycling.com\/cs\/#website"},"primaryImageOfPage":{"@id":"https:\/\/www.welovecycling.com\/cs\/2024\/08\/20\/wlc-cz-kavarny-7-apatyka-kde-uzdravuje-kava-a-vznasi-se-duch-buquoyu\/#primaryimage"},"image":{"@id":"https:\/\/www.welovecycling.com\/cs\/2024\/08\/20\/wlc-cz-kavarny-7-apatyka-kde-uzdravuje-kava-a-vznasi-se-duch-buquoyu\/#primaryimage"},"thumbnailUrl":"https:\/\/d2p6e6u75xmxt8.cloudfront.net\/13\/2024\/08\/apatyka-cafe-lan-0070.webp","datePublished":"2024-08-20T05:19:47+00:00","dateModified":"2025-08-29T05:05:21+00:00","author":{"@id":"https:\/\/www.welovecycling.com\/cs\/#\/schema\/person\/d9eeb0a378f3a7e4a6d12d2b536b04b8"},"description":"P\u0159ede dve\u0159mi sv\u00e9 pa\u017ee rozp\u0159ahuje rozcestn\u00edk k bli\u017e\u0161\u00edm i vzd\u00e1len\u011bj\u0161\u00edm bod\u016fm Novohradsk\u00fdch hor, kde \u2013 jak v\u00edme z reklam \u2013 je p\u0159\u00edroda, kter\u00e1 regeneruje. Stojany pro kola jsou u\u017e p\u0159ipraveny, taky nab\u00edje\u010dky pro elektro cyklisty. A samoz\u0159ejm\u011b vercajk, kdyby n\u011bco.\u00a0To v\u0161e je tady, na n\u00e1m\u011bst\u00ed v Nov\u00fdch Hradech v ji\u017en\u00edch \u010cech\u00e1ch provon\u011bno histori\u00ed starou \u010dty\u0159i stolet\u00ed, bylinkami a hlavn\u011b v\u00fdb\u011brovou k\u00e1vou z Kolumbie. V Apatyka Caf\u00e9 maj\u00ed toti\u017e u\u017e p\u00e1t\u00fdm rokem l\u00e9k pro ka\u017edou chu\u0165ovou bu\u0148ku, pro velk\u00e9 i va\u0161e mlsn\u00e9 pidilidi.","inLanguage":"cs","potentialAction":[{"@type":"ReadAction","target":["https:\/\/www.welovecycling.com\/cs\/2024\/08\/20\/wlc-cz-kavarny-7-apatyka-kde-uzdravuje-kava-a-vznasi-se-duch-buquoyu\/"]}]},{"@type":"ImageObject","inLanguage":"cs","@id":"https:\/\/www.welovecycling.com\/cs\/2024\/08\/20\/wlc-cz-kavarny-7-apatyka-kde-uzdravuje-kava-a-vznasi-se-duch-buquoyu\/#primaryimage","url":"https:\/\/d2p6e6u75xmxt8.cloudfront.net\/13\/2024\/08\/apatyka-cafe-lan-0070.webp","contentUrl":"https:\/\/d2p6e6u75xmxt8.cloudfront.net\/13\/2024\/08\/apatyka-cafe-lan-0070.webp","width":1280,"height":853,"caption":"Apatyka Caf\u00e9"},{"@type":"WebSite","@id":"https:\/\/www.welovecycling.com\/cs\/#website","url":"https:\/\/www.welovecycling.com\/cs\/","name":"\u0160koda We Love Cycling - \u010cesk\u00e1 republika","description":"WeLoveCycling.cz je online magaz\u00edn, kter\u00fd v\u00e1m pravideln\u011b p\u0159in\u00e1\u0161\u00ed rady a tipy, zaj\u00edmav\u00e9 \u010dl\u00e1nky, videa a jedine\u010dn\u00e9 report\u00e1\u017ee ze sv\u011bta cyklistiky.","potentialAction":[{"@type":"SearchAction","target":{"@type":"EntryPoint","urlTemplate":"https:\/\/www.welovecycling.com\/cs\/?s={search_term_string}"},"query-input":{"@type":"PropertyValueSpecification","valueRequired":true,"valueName":"search_term_string"}}],"inLanguage":"cs"},{"@type":"Person","@id":"https:\/\/www.welovecycling.com\/cs\/#\/schema\/person\/d9eeb0a378f3a7e4a6d12d2b536b04b8","name":"radekmalina","image":{"@type":"ImageObject","inLanguage":"cs","@id":"https:\/\/www.welovecycling.com\/cs\/#\/schema\/person\/image\/","url":"https:\/\/secure.gravatar.com\/avatar\/66994b632cb8c39a46b9f54afa3ae07201b678d32a54275b6f1c9ffec356bfc0?s=96&d=mm&r=g","contentUrl":"https:\/\/secure.gravatar.com\/avatar\/66994b632cb8c39a46b9f54afa3ae07201b678d32a54275b6f1c9ffec356bfc0?s=96&d=mm&r=g","caption":"radekmalina"},"url":"https:\/\/www.welovecycling.com\/cs\/author\/radekmalina\/"}]}},"_links":{"self":[{"href":"https:\/\/www.welovecycling.com\/cs\/wp-json\/wp\/v2\/posts\/26928","targetHints":{"allow":["GET"]}}],"collection":[{"href":"https:\/\/www.welovecycling.com\/cs\/wp-json\/wp\/v2\/posts"}],"about":[{"href":"https:\/\/www.welovecycling.com\/cs\/wp-json\/wp\/v2\/types\/post"}],"author":[{"embeddable":true,"href":"https:\/\/www.welovecycling.com\/cs\/wp-json\/wp\/v2\/users\/138"}],"replies":[{"embeddable":true,"href":"https:\/\/www.welovecycling.com\/cs\/wp-json\/wp\/v2\/comments?post=26928"}],"version-history":[{"count":5,"href":"https:\/\/www.welovecycling.com\/cs\/wp-json\/wp\/v2\/posts\/26928\/revisions"}],"predecessor-version":[{"id":30835,"href":"https:\/\/www.welovecycling.com\/cs\/wp-json\/wp\/v2\/posts\/26928\/revisions\/30835"}],"wp:featuredmedia":[{"embeddable":true,"href":"https:\/\/www.welovecycling.com\/cs\/wp-json\/wp\/v2\/media\/26934"}],"wp:attachment":[{"href":"https:\/\/www.welovecycling.com\/cs\/wp-json\/wp\/v2\/media?parent=26928"}],"wp:term":[{"taxonomy":"category","embeddable":true,"href":"https:\/\/www.welovecycling.com\/cs\/wp-json\/wp\/v2\/categories?post=26928"},{"taxonomy":"post_tag","embeddable":true,"href":"https:\/\/www.welovecycling.com\/cs\/wp-json\/wp\/v2\/tags?post=26928"},{"taxonomy":"global-categories","embeddable":true,"href":"https:\/\/www.welovecycling.com\/cs\/wp-json\/wp\/v2\/global-categories?post=26928"}],"curies":[{"name":"wp","href":"https:\/\/api.w.org\/{rel}","templated":true}]}}