{"id":26866,"date":"2024-08-15T17:00:18","date_gmt":"2024-08-15T15:00:18","guid":{"rendered":"https:\/\/www.welovecycling.com\/cs\/?p=26866"},"modified":"2024-08-15T15:51:37","modified_gmt":"2024-08-15T13:51:37","slug":"fiasko-nebo-vyjimecny-uspech-kdyz-sest-clenu-tymu-chyti-limit-pred-polovinou-zavodu","status":"publish","type":"post","link":"https:\/\/www.welovecycling.com\/cs\/2024\/08\/15\/fiasko-nebo-vyjimecny-uspech-kdyz-sest-clenu-tymu-chyti-limit-pred-polovinou-zavodu\/","title":{"rendered":"Fiasko nebo v\u00fdjime\u010dn\u00fd \u00fasp\u011bch? Kdy\u017e \u0161est \u010dlen\u016f t\u00fdmu chyt\u00ed limit p\u0159ed polovinou z\u00e1vodu&#8230;"},"content":{"rendered":"<p><strong>\u0160est ze sedmi jmen v z\u00e1vod\u011b vy\u0161krtnut\u00fdch po \u010dty\u0159ech z osmi etap? Na jednom z nejslavn\u011bj\u0161\u00edch podnik\u016f planety? A bez p\u0159i\u010din\u011bn\u00ed zran\u011bn\u00ed \u010di zdravotn\u00edch pat\u00e1li\u00ed? Jenom kv\u016fli \u0161patn\u00e9 v\u00fdkonnosti? Realita t\u00fdmu Ta\u0161kent City p\u0159i Tour de France Femmes 2024.<\/strong><\/p>\n<p>Byla to velk\u00e1 sl\u00e1va, kdy\u017e v Rotterdamu odstartoval t\u0159et\u00ed ro\u010dn\u00edk Tour de France Femmes a na startu byl i t\u00fdm Ta\u0161kent City. Sestava sponzorovan\u00e1 vl\u00e1dou v Uzbekist\u00e1nu budila pozornost u\u017e p\u0159ed startem. Aby ne, kdy\u017e na jej\u00ed soupisce jsou z\u00e1vodnice narozen\u00e9 v\u00fdhradn\u011b v zemi ze St\u0159edn\u00ed Asie. Tamn\u00ed vl\u00e1da po olympijsk\u00fdch hr\u00e1ch v Tokiu 2021 rozhodla o zalo\u017een\u00ed \u017eensk\u00e9ho t\u00fdmu. Najala Ameri\u010dana Gleba Groysmana, kter\u00fd v minulosti p\u016fsobil t\u0159eba u kontinent\u00e1ln\u00edho mu\u017esk\u00e9ho t\u00fdmu Novo Nordisk. A osmapades\u00e1tilet\u00fd tren\u00e9r, jemu\u017e na konci leto\u0161n\u00edho roku vypr\u0161\u00ed kontrakt, se postaral o z\u00e1zrak v podob\u011b \u00fa\u010dasti na Tour de France Femmes 2024. &#8222;Vyu\u017eili jsme syst\u00e9mu v r\u00e1mci Mezin\u00e1rodn\u00ed cyklistick\u00e9 federace,&#8220; p\u0159ipou\u0161t\u00ed sportovn\u00ed \u0159editel t\u00fdmu Ta\u0161kent City.<\/p>\n<h2><strong>Pohroma u\u017e b\u011bhem prvn\u00ed etapy<\/strong><\/h2>\n<p>\u00da\u010dast na slavn\u00e9m z\u00e1vod\u011b se toti\u017e prom\u011bnila v pohromu. \u00davodn\u00edch 123 kilometr\u016f a 158 v\u00fd\u0161kov\u00fdch metr\u016f se stalo kone\u010dnou pro \u010dtve\u0159ici z\u00e1vodnic. Po \u010dty\u0159iceti kilometrech odpadla sedmadvacetilet\u00e1 Jekat\u011brina Knebelevov\u00e1, pot\u00e9 devaten\u00e1ctilet\u00e1 Asal Rizaevov\u00e1 a osmn\u00e1ctilet\u00e1 Mohinabonu Elmurodov\u00e1. Dvaadvacetilet\u00e1 Madina Kakhorov\u00e1 pak odpadla jako posledn\u00ed z t\u00fdmu toho dne. Limit \u00favodn\u00ed etapy byl p\u0159itom dvacet minut! &#8222;\u017d\u00e1dn\u00e1 z holek nebyla nemocn\u00e1 ani nem\u011bla jin\u00e9 zdravotn\u00ed probl\u00e9my. Prost\u011b nem\u011bly dost dobr\u00e9 nohy a m\u011bly probl\u00e9m s rychlost\u00ed,&#8220; p\u0159iznal Volodymyr Star\u010duk, asistent sportovn\u00edho \u0159editele pro server cyclingnews.cz<\/p>\n<figure id=\"attachment_26871\" aria-describedby=\"caption-attachment-26871\" style=\"width: 1000px\" class=\"wp-caption alignnone\"><a href=\"https:\/\/d2p6e6u75xmxt8.cloudfront.net\/13\/2024\/08\/tdff-2024-thomas-maheux.webp\"><img loading=\"lazy\" decoding=\"async\" class=\"size-full wp-image-26871\" src=\"https:\/\/d2p6e6u75xmxt8.cloudfront.net\/13\/2024\/08\/tdff-2024-thomas-maheux.webp\" alt=\"\" width=\"1000\" height=\"667\" srcset=\"https:\/\/d2p6e6u75xmxt8.cloudfront.net\/13\/2024\/08\/tdff-2024-thomas-maheux.webp 1000w, https:\/\/d2p6e6u75xmxt8.cloudfront.net\/13\/2024\/08\/tdff-2024-thomas-maheux-300x200.webp 300w, https:\/\/d2p6e6u75xmxt8.cloudfront.net\/13\/2024\/08\/tdff-2024-thomas-maheux-768x512.webp 768w, https:\/\/d2p6e6u75xmxt8.cloudfront.net\/13\/2024\/08\/tdff-2024-thomas-maheux-400x267.webp 400w, https:\/\/d2p6e6u75xmxt8.cloudfront.net\/13\/2024\/08\/tdff-2024-thomas-maheux-272x182.webp 272w\" sizes=\"auto, (max-width: 1000px) 100vw, 1000px\" \/><\/a><figcaption id=\"caption-attachment-26871\" class=\"wp-caption-text\"><em>Trojice z\u00e1vodnic t\u00fdmu Ta\u0161kent City na startu 2. etapy Tour de France Femmes 2024. Foto: A.S.O.\/Thomas Maheux<\/em><\/figcaption><\/figure>\n<p>Pohroma v\u0161ak nebyla dokon\u00e1na. \u0160estadvacetilet\u00e1 Nafosat Kozievov\u00e1 nenastoupila do \u010dtvrt\u00e9 etapy, dvaadvacetilet\u00e1 Margarita Misyurinov\u00e1 ji nedokon\u010dila. \u010casov\u00fd limit \u010dtvrt\u00e9ho d\u011bjstv\u00ed byl 28 minut 52 sekund za v\u00edt\u011bzkou!<\/p>\n<h2><strong>Z\u016fstala jedin\u00e1 bojovnice<\/strong><\/h2>\n<p>Do druh\u00e9 poloviny z\u00e1vodu tak t\u00fdmu Ta\u0161kent City z\u016fstala jedin\u00e1 z\u00e1vodnice: dvaadvacetilet\u00e1 Janina Kuskovov\u00e1. Jedni\u010dka t\u00fdmu a trojn\u00e1sobn\u00e1 \u0161ampionka Uzbekist\u00e1nu v hromadn\u00e9m z\u00e1vod\u011b, kter\u00e1 dojela jednapades\u00e1t\u00e1 na olympijsk\u00fdch hr\u00e1ch v Pa\u0159\u00ed\u017ei.<\/p>\n<div class=\"shortcode-ys-post-pinup\"><article class=\"loop-simple post-26774 post type-post status-publish format-standard has-post-thumbnail hentry category-pariz-2024 tag-cyklistika tag-oh-2024 tag-olympiada tag-pariz-2024 tag-remco-evenepoel tag-silnicni-cyklistika tag-tour-de-france global-categories-cycling\" data-postid=\"26774\" role=\"article\" data-post-id=\"26774\" data-word-count=\"872\" data-headline-length=\"98\" data-category=\"Pa\u0159\u00ed\u017e 2024\" data-global-category=\"Cycling\" data-author=\"We Love Cycling\" data-published=\"2024-08-03T23:27:09+02:00\" data-published-day=\"Saturday\">\n    <div class=\"entry-thumbnail article-thumbnail\" content=\"https:\/\/d2p6e6u75xmxt8.cloudfront.net\/13\/2024\/08\/profimedia-0895677762-150x150.webp\"><a href=\"https:\/\/www.welovecycling.com\/cs\/2024\/08\/03\/zlaty-chlapec-a-kral-olympiady-remco-evenepoel-resi-budoucnost-jaka-je-jeho-tajna-zbran\/\" class=\"image-holder\" target=\"_self\"><img decoding=\"async\" loading=\"lazy\" class=\"\" src=\"https:\/\/d2p6e6u75xmxt8.cloudfront.net\/13\/2024\/08\/profimedia-0895677762-1024x683.webp\" srcset=\"https:\/\/d2p6e6u75xmxt8.cloudfront.net\/13\/2024\/08\/profimedia-0895677762.webp 1800w, https:\/\/d2p6e6u75xmxt8.cloudfront.net\/13\/2024\/08\/profimedia-0895677762-300x200.webp 300w, https:\/\/d2p6e6u75xmxt8.cloudfront.net\/13\/2024\/08\/profimedia-0895677762-1024x683.webp 1024w, https:\/\/d2p6e6u75xmxt8.cloudfront.net\/13\/2024\/08\/profimedia-0895677762-768x512.webp 768w, https:\/\/d2p6e6u75xmxt8.cloudfront.net\/13\/2024\/08\/profimedia-0895677762-1536x1024.webp 1536w, https:\/\/d2p6e6u75xmxt8.cloudfront.net\/13\/2024\/08\/profimedia-0895677762-400x267.webp 400w, https:\/\/d2p6e6u75xmxt8.cloudfront.net\/13\/2024\/08\/profimedia-0895677762-272x182.webp 272w\" width=\"1024\" height=\"683\" sizes=\"auto, (min-width: 1200px) 300px, (min-width: 768px) 25vw, 100vw\" alt=\"zlaty-chlapec-a-kral-olympiady-remco-evenepoel-resi-budoucnost-jaka-je-jeho-tajna-zbran\"\/><\/a><\/div>    <div class=\"entry-meta\">\n        <a class=\"label label-secondary post-category\" href=\"https:\/\/www.welovecycling.com\/cs\/category\/pariz-2024\/\" title=\"Pa\u0159\u00ed\u017e 2024\">Pa\u0159\u00ed\u017e 2024<\/a>\n    <\/div>\n    <div class=\"entry-details\">\n        <a href=\"https:\/\/www.welovecycling.com\/cs\/2024\/08\/03\/zlaty-chlapec-a-kral-olympiady-remco-evenepoel-resi-budoucnost-jaka-je-jeho-tajna-zbran\/\" class='entry-title-wrapper'>\n            <h3 class=\"entry-title\"><span>Zlat\u00fd chlapec a kr\u00e1l olympi\u00e1dy Remco Evenepoel \u0159e\u0161\u00ed budoucnost. Jak\u00e1 je jeho tajn\u00e1 zbra\u0148?<\/span><\/h3>\n        <\/a>\n    <\/div>\n    <\/article>\n<\/div>\n<p>&#8222;Samoz\u0159ejm\u011b jsme nebyli moc \u0161\u0165astn\u00ed po prvn\u00ed etap\u011b, kdy\u017e jsme ztratili \u010dty\u0159i z\u00e1vodnice. Ale jsme na Tour de France poprv\u00e9. A v\u0161echny cyklistky jsou z Uzbekist\u00e1nu. Je\u0161t\u011b se mus\u00edme u\u010dit,&#8220; pronesl asistent sportovn\u00edho \u0159editele t\u00fdmu Ta\u0161kent City.<\/p>\n<p><a href=\"https:\/\/d2p6e6u75xmxt8.cloudfront.net\/13\/2024\/08\/20240812TDFFAZ0019-A.S.O.-Thomas-Maheux-scaled.webp\"><img loading=\"lazy\" decoding=\"async\" class=\"alignnone size-extra-large wp-image-26868\" src=\"https:\/\/d2p6e6u75xmxt8.cloudfront.net\/13\/2024\/08\/20240812TDFFAZ0019-A.S.O.-Thomas-Maheux-1920x1280.webp\" alt=\"\" width=\"1920\" height=\"1280\" srcset=\"https:\/\/d2p6e6u75xmxt8.cloudfront.net\/13\/2024\/08\/20240812TDFFAZ0019-A.S.O.-Thomas-Maheux-1920x1280.webp 1920w, https:\/\/d2p6e6u75xmxt8.cloudfront.net\/13\/2024\/08\/20240812TDFFAZ0019-A.S.O.-Thomas-Maheux-300x200.webp 300w, https:\/\/d2p6e6u75xmxt8.cloudfront.net\/13\/2024\/08\/20240812TDFFAZ0019-A.S.O.-Thomas-Maheux-1024x683.webp 1024w, https:\/\/d2p6e6u75xmxt8.cloudfront.net\/13\/2024\/08\/20240812TDFFAZ0019-A.S.O.-Thomas-Maheux-768x512.webp 768w, https:\/\/d2p6e6u75xmxt8.cloudfront.net\/13\/2024\/08\/20240812TDFFAZ0019-A.S.O.-Thomas-Maheux-1536x1024.webp 1536w, https:\/\/d2p6e6u75xmxt8.cloudfront.net\/13\/2024\/08\/20240812TDFFAZ0019-A.S.O.-Thomas-Maheux-2048x1365.webp 2048w, https:\/\/d2p6e6u75xmxt8.cloudfront.net\/13\/2024\/08\/20240812TDFFAZ0019-A.S.O.-Thomas-Maheux-400x267.webp 400w, https:\/\/d2p6e6u75xmxt8.cloudfront.net\/13\/2024\/08\/20240812TDFFAZ0019-A.S.O.-Thomas-Maheux-272x182.webp 272w, https:\/\/d2p6e6u75xmxt8.cloudfront.net\/13\/2024\/08\/20240812TDFFAZ0019-A.S.O.-Thomas-Maheux-1920x1280.webp 1920w\" sizes=\"auto, (max-width: 1920px) 100vw, 1920px\" \/><\/a><\/p>\n<p>&#8222;Aby byly p\u0159ipraveny na velk\u00e9 v\u00fdsledky, pot\u0159ebuj\u00ed na\u0161e holky \u010das. Jenom \u00fa\u010dast na Tour de France je pro t\u00fdm v\u00edt\u011bzstv\u00ed. V\u017edy\u0165 v zemi nen\u00ed mnoho z\u00e1vodnic,&#8220; doplnil je\u0161t\u011b Volodymyr Star\u010duk. P\u0159esn\u011bji \u0159e\u010deno je v Uzbekist\u00e1nu \u010dtrn\u00e1ct z\u00e1vodnic a v\u0161echny jsou na soupisce Ta\u0161ket City. Jin\u00fd t\u00fdm v zemi nen\u00ed.<\/p>\n<div class=\"shortcode-ys-post-pinup\"><article class=\"loop-simple post-26848 post type-post status-publish format-standard has-post-thumbnail hentry category-silnicni-cyklistika tag-burgos tag-la-vuelta tag-la-vuelta-2024 tag-pavel-bittner tag-silnicni-cyklistika tag-vuelta tag-vuelta-2024 global-categories-cycling\" data-postid=\"26848\" role=\"article\" data-post-id=\"26848\" data-word-count=\"853\" data-headline-length=\"105\" data-category=\"Silni\u010dn\u00ed cyklistika\" data-global-category=\"Cycling\" data-author=\"Radek Malina\" data-published=\"2024-08-13T05:00:06+02:00\" data-published-day=\"Tuesday\">\n    <div class=\"entry-thumbnail article-thumbnail\" content=\"https:\/\/d2p6e6u75xmxt8.cloudfront.net\/13\/2024\/08\/profimedia-0896244117-150x150.webp\"><a href=\"https:\/\/www.welovecycling.com\/cs\/2024\/08\/13\/pavel-bittner-o-prvnim-triumfu-i-debutu-na-vuelte-tri-roky-nic-a-ted-dve-vyhry-za-tyden-forma-je-skvele-nacasovana\/\" class=\"image-holder\" target=\"_self\"><img decoding=\"async\" loading=\"lazy\" class=\"\" src=\"https:\/\/d2p6e6u75xmxt8.cloudfront.net\/13\/2024\/08\/profimedia-0896244117-1024x683.webp\" srcset=\"https:\/\/d2p6e6u75xmxt8.cloudfront.net\/13\/2024\/08\/profimedia-0896244117.webp 1800w, https:\/\/d2p6e6u75xmxt8.cloudfront.net\/13\/2024\/08\/profimedia-0896244117-300x200.webp 300w, https:\/\/d2p6e6u75xmxt8.cloudfront.net\/13\/2024\/08\/profimedia-0896244117-1024x683.webp 1024w, https:\/\/d2p6e6u75xmxt8.cloudfront.net\/13\/2024\/08\/profimedia-0896244117-768x512.webp 768w, https:\/\/d2p6e6u75xmxt8.cloudfront.net\/13\/2024\/08\/profimedia-0896244117-1536x1024.webp 1536w, https:\/\/d2p6e6u75xmxt8.cloudfront.net\/13\/2024\/08\/profimedia-0896244117-400x267.webp 400w, https:\/\/d2p6e6u75xmxt8.cloudfront.net\/13\/2024\/08\/profimedia-0896244117-272x182.webp 272w\" width=\"1024\" height=\"683\" sizes=\"auto, (min-width: 1200px) 300px, (min-width: 768px) 25vw, 100vw\" alt=\"pavel-bittner-o-prvnim-triumfu-i-debutu-na-vuelte-tri-roky-nic-a-ted-dve-vyhry-za-tyden-forma-je-skvele-nacasovana\"\/><\/a><\/div>    <div class=\"entry-meta\">\n        <a class=\"label label-secondary post-category\" href=\"https:\/\/www.welovecycling.com\/cs\/category\/silnicni-cyklistika\/\" title=\"Silni\u010dn\u00ed cyklistika\">Silni\u010dn\u00ed cyklistika<\/a>\n    <\/div>\n    <div class=\"entry-details\">\n        <a href=\"https:\/\/www.welovecycling.com\/cs\/2024\/08\/13\/pavel-bittner-o-prvnim-triumfu-i-debutu-na-vuelte-tri-roky-nic-a-ted-dve-vyhry-za-tyden-forma-je-skvele-nacasovana\/\" class='entry-title-wrapper'>\n            <h3 class=\"entry-title\"><span>Pavel Bittner o prvn\u00ed v\u00fdh\u0159e, Vuelt\u011b i d\u016fvodu, pro\u010d v l\u00e9t\u011b jezdil v \u010depici, bund\u011b a s rukavicemi<\/span><\/h3>\n        <\/a>\n    <\/div>\n    <\/article>\n<\/div>\n<p>Jak se tedy poda\u0159ilo t\u00e9to formaci dostat na <a href=\"https:\/\/www.welovecycling.com\/cs\/2024\/08\/11\/jak-tour-meni-zivoty-z-narodni-ikony-globalni-hvezdou-a-pohadkovym-platem-na-dosah\/\">Tour de France Femmes 2024<\/a>? P\u0159esto\u017ee jde o bitvu nejlep\u0161\u00edch \u017eensk\u00fdch t\u00fdm\u016f planety, proklouzla s\u00edtem sestava, kter\u00e1 na akci s rostouc\u00ed presti\u017e\u00ed z\u0159ejm\u011b nepat\u0159\u00ed. Ta\u0161kent City z Uzbekist\u00e1nu m\u00e1 licenci kontinent\u00e1ln\u00edho t\u00fdmu stejn\u011b jako kup\u0159\u00edkladu \u017eensk\u00e1 sestava Dukly Praha.<\/p>\n<h2><strong>Ta\u0161kent City na Tour? Ud\u00e1lost pro cel\u00fd Uzbekist\u00e1n<\/strong><\/h2>\n<p>Patn\u00e1ct t\u00fdm\u016f s licenc\u00ed World Teams m\u00e1 \u00fa\u010dast garantovanou. Dal\u0161\u00edch sedm je nominov\u00e1no na z\u00e1klad\u011b divok\u00fdch karet po\u0159adatel\u016f, respektive \u017eeb\u0159\u00ed\u010dku UCI. A pr\u00e1v\u011b na jeho \u0161pici se um\u00edstil t\u00fdm z Uzbekist\u00e1nu. B\u011bhem minul\u00e9 sezony obj\u00ed\u017ed\u011bl z\u00e1vody v Asii \u010di ni\u017e\u0161\u00ed podniky UCI v Evrop\u011b, kde hromadil body, na kter\u00e9 by p\u0159i velk\u00e9 konkurenci presti\u017en\u00edch z\u00e1vod\u016f nedos\u00e1hl.<\/p>\n<figure id=\"attachment_26870\" aria-describedby=\"caption-attachment-26870\" style=\"width: 1000px\" class=\"wp-caption alignnone\"><a href=\"https:\/\/d2p6e6u75xmxt8.cloudfront.net\/13\/2024\/08\/tdf-janina-thomas-maheux.webp\"><img loading=\"lazy\" decoding=\"async\" class=\"size-full wp-image-26870\" src=\"https:\/\/d2p6e6u75xmxt8.cloudfront.net\/13\/2024\/08\/tdf-janina-thomas-maheux.webp\" alt=\"\" width=\"1000\" height=\"667\" srcset=\"https:\/\/d2p6e6u75xmxt8.cloudfront.net\/13\/2024\/08\/tdf-janina-thomas-maheux.webp 1000w, https:\/\/d2p6e6u75xmxt8.cloudfront.net\/13\/2024\/08\/tdf-janina-thomas-maheux-300x200.webp 300w, https:\/\/d2p6e6u75xmxt8.cloudfront.net\/13\/2024\/08\/tdf-janina-thomas-maheux-768x512.webp 768w, https:\/\/d2p6e6u75xmxt8.cloudfront.net\/13\/2024\/08\/tdf-janina-thomas-maheux-400x267.webp 400w, https:\/\/d2p6e6u75xmxt8.cloudfront.net\/13\/2024\/08\/tdf-janina-thomas-maheux-272x182.webp 272w\" sizes=\"auto, (max-width: 1000px) 100vw, 1000px\" \/><\/a><figcaption id=\"caption-attachment-26870\" class=\"wp-caption-text\"><em>Janina Kuskovov\u00e1 z t\u00fdmu Ta\u0161kent City na startu 5. etapy Tour de France Femmes 2024. Foto: A.S.O.\/Thomas Maheux<\/em><\/figcaption><\/figure>\n<p>&#8222;Nen\u00ed snadn\u00e9 dr\u017eet tempo s elitou, kdy\u017e je v\u00e1m devaten\u00e1ct let,&#8220; pronesl Star\u010duk. &#8222;Ka\u017ed\u00fd si m\u016f\u017ee myslet, co chce. Ale u\u017e jenom \u00fa\u010dast je pro t\u00fdm Ta\u0161kent City velk\u00e1 ud\u00e1lost, stejn\u011b jako pro cel\u00fd Uzbekist\u00e1n,&#8220; prohl\u00e1sil asistent sportovn\u00edho \u0159editele. &#8222;Asijsk\u00fd t\u00fdm na Tour de France, to je p\u0159eci skv\u011bl\u00e9 pro cyklistiku. Ano, m\u011bli jsme velk\u00e9 procento odpadl\u00fdch cyklistek, ale sou\u010dasn\u011b z\u00e1vod uk\u00e1zal, jak je otev\u0159en\u00fd pro cel\u00fd sv\u011bt.&#8220;<\/p>\n<div class=\"shortcode-ys-post-pinup\"><article class=\"loop-simple post-26822 post type-post status-publish format-standard has-post-thumbnail hentry category-zeny tag-cyklistika tag-kristen-faulkner tag-oh-pariz-2024 tag-olympijske-hry tag-pariz-2024 tag-silnicni-cyklistika tag-tour-de-france-femmes tag-zeny global-categories-cycling\" data-postid=\"26822\" role=\"article\" data-post-id=\"26822\" data-word-count=\"460\" data-headline-length=\"69\" data-category=\"\u017deny\" data-global-category=\"Cycling\" data-author=\"We Love Cycling\" data-published=\"2024-08-09T10:12:41+02:00\" data-published-day=\"Friday\">\n    <div class=\"entry-thumbnail article-thumbnail\" content=\"https:\/\/d2p6e6u75xmxt8.cloudfront.net\/13\/2024\/08\/profimedia-0895926555-150x150.webp\"><a href=\"https:\/\/www.welovecycling.com\/cs\/2024\/08\/09\/z-kancelare-a-kurzu-pro-zacatecniky-pro-dve-olympijska-zlata\/\" class=\"image-holder\" target=\"_self\"><img decoding=\"async\" loading=\"lazy\" class=\"\" src=\"https:\/\/d2p6e6u75xmxt8.cloudfront.net\/13\/2024\/08\/profimedia-0895926555-1024x682.webp\" srcset=\"https:\/\/d2p6e6u75xmxt8.cloudfront.net\/13\/2024\/08\/profimedia-0895926555.webp 1800w, https:\/\/d2p6e6u75xmxt8.cloudfront.net\/13\/2024\/08\/profimedia-0895926555-300x200.webp 300w, https:\/\/d2p6e6u75xmxt8.cloudfront.net\/13\/2024\/08\/profimedia-0895926555-1024x682.webp 1024w, https:\/\/d2p6e6u75xmxt8.cloudfront.net\/13\/2024\/08\/profimedia-0895926555-768x512.webp 768w, https:\/\/d2p6e6u75xmxt8.cloudfront.net\/13\/2024\/08\/profimedia-0895926555-1536x1023.webp 1536w, https:\/\/d2p6e6u75xmxt8.cloudfront.net\/13\/2024\/08\/profimedia-0895926555-400x266.webp 400w, https:\/\/d2p6e6u75xmxt8.cloudfront.net\/13\/2024\/08\/profimedia-0895926555-272x182.webp 272w\" width=\"1024\" height=\"682\" sizes=\"auto, (min-width: 1200px) 300px, (min-width: 768px) 25vw, 100vw\" alt=\"z-kancelare-a-kurzu-pro-zacatecniky-pro-dve-olympijska-zlata\"\/><\/a><\/div>    <div class=\"entry-meta\">\n        <a class=\"label label-secondary post-category\" href=\"https:\/\/www.welovecycling.com\/cs\/category\/zeny\/\" title=\"\u017deny\">\u017deny<\/a>\n    <\/div>\n    <div class=\"entry-details\">\n        <a href=\"https:\/\/www.welovecycling.com\/cs\/2024\/08\/09\/z-kancelare-a-kurzu-pro-zacatecniky-pro-dve-olympijska-zlata\/\" class='entry-title-wrapper'>\n            <h3 class=\"entry-title\"><span>Z kancel\u00e1\u0159e a kurzu pro za\u010d\u00e1te\u010dn\u00edky pro dv\u011b olympijsk\u00e1 zlata!<\/span><\/h3>\n        <\/a>\n    <\/div>\n    <\/article>\n<\/div>\n<p>Rozpo\u010det t\u00fdmu <a href=\"https:\/\/www.procyclingstats.com\/race\/tour-de-france-femmes\/2024\/startlist\">Ta\u0161kent City<\/a> je ve srovn\u00e1n\u00ed s ostatn\u00edmi formacemi p\u0159ibli\u017en\u011b deset procent. M\u011bs\u00ed\u010dn\u00ed mzdy jsou \u00fadajn\u011b 200 a\u017e 300 eur, co\u017e ani zdaleka nedosahuje p\u0159edepsan\u00e9 minim\u00e1ln\u00ed mzdy stanoven\u00e9 UCI. Ostatn\u011b z\u00e1vodnice sestavy z Uzbekist\u00e1nu si musely vysta\u010dit se z\u00e1zem\u00edm v podob\u011b minivanu, p\u0159ed etapami odpo\u010d\u00edvaly v kempingov\u00fdch \u017eidl\u00edch a jako stolky jim slou\u017eily chlad\u00edc\u00ed boxy.<\/p>\n<p>Ve st\u00ednu autobus\u016f elitn\u00edch t\u00fdm\u016f nadupan\u00fdch nejnov\u011bj\u0161\u00edmi technologiemi jako t\u0159eba v p\u0159\u00edpad\u011b SD Worx Protime \u010di DSM Firmenich-PostNL budilo z\u00e1zem\u00ed sestavy Ta\u0161kent City rozpaky stejn\u011b jako v\u00fdkony.<\/p>\n<p><em>Tituln\u00ed foto: A.S.O.\/Thomas Maheux<\/em><\/p>\n","protected":false},"excerpt":{"rendered":"<p>\u0160est ze sedmi jmen v z\u00e1vod\u011b vy\u0161krtnut\u00fdch po \u010dty\u0159ech z osmi etap? Na jednom z nejslavn\u011bj\u0161\u00edch podnik\u016f planety? A bez [&hellip;]<\/p>\n","protected":false},"author":138,"featured_media":26869,"comment_status":"open","ping_status":"open","sticky":false,"template":"","format":"standard","meta":{"footnotes":""},"categories":[5],"tags":[3674,126,9,3750,3279,43],"global-categories":[411],"class_list":["post-26866","post","type-post","status-publish","format-standard","has-post-thumbnail","hentry","category-zeny","tag-casovy-limit","tag-cyklistika","tag-silnicni-cyklistika","tag-taskent-city","tag-tour-de-france-femmes-2024","tag-zeny","global-categories-cycling"],"yoast_head":"<!-- This site is optimized with the Yoast SEO Premium plugin v25.3 (Yoast SEO v25.9) - https:\/\/yoast.com\/wordpress\/plugins\/seo\/ -->\n<title>Fiasko nebo v\u00fdjime\u010dn\u00fd \u00fasp\u011bch? Kdy\u017e \u0161est \u010dlen\u016f t\u00fdmu chyt\u00ed limit p\u0159ed polovinou z\u00e1vodu... | \u0160koda We Love Cycling - \u010cesk\u00e1 republika<\/title>\n<meta name=\"description\" content=\"\u0160est ze sedmi jmen v z\u00e1vod\u011b vy\u0161krtnut\u00fdch po \u010dty\u0159ech z osmi etap? Na jednom z nejslavn\u011bj\u0161\u00edch podnik\u016f planety? A bez p\u0159i\u010din\u011bn\u00ed zran\u011bn\u00ed \u010di zdravotn\u00edch pat\u00e1li\u00ed? Jenom kv\u016fli \u0161patn\u00e9 v\u00fdkonnosti? Realita t\u00fdmu Ta\u0161kent City p\u0159i Tour de France Femmes 2024.\" \/>\n<meta name=\"robots\" content=\"index, follow, max-snippet:-1, max-image-preview:large, max-video-preview:-1\" \/>\n<link rel=\"canonical\" href=\"https:\/\/www.welovecycling.com\/cs\/2024\/08\/15\/fiasko-nebo-vyjimecny-uspech-kdyz-sest-clenu-tymu-chyti-limit-pred-polovinou-zavodu\/\" \/>\n<meta property=\"og:locale\" content=\"cs_CZ\" \/>\n<meta property=\"og:type\" content=\"article\" \/>\n<meta property=\"og:title\" content=\"Fiasko nebo v\u00fdjime\u010dn\u00fd \u00fasp\u011bch? Kdy\u017e \u0161est \u010dlen\u016f t\u00fdmu chyt\u00ed limit p\u0159ed polovinou z\u00e1vodu...\" \/>\n<meta property=\"og:description\" content=\"\u0160est ze sedmi jmen v z\u00e1vod\u011b vy\u0161krtnut\u00fdch po \u010dty\u0159ech z osmi etap? Na jednom z nejslavn\u011bj\u0161\u00edch podnik\u016f planety? A bez p\u0159i\u010din\u011bn\u00ed zran\u011bn\u00ed \u010di zdravotn\u00edch pat\u00e1li\u00ed? Jenom kv\u016fli \u0161patn\u00e9 v\u00fdkonnosti? Realita t\u00fdmu Ta\u0161kent City p\u0159i Tour de France Femmes 2024.\" \/>\n<meta property=\"og:url\" content=\"https:\/\/www.welovecycling.com\/cs\/2024\/08\/15\/fiasko-nebo-vyjimecny-uspech-kdyz-sest-clenu-tymu-chyti-limit-pred-polovinou-zavodu\/\" \/>\n<meta property=\"og:site_name\" content=\"\u0160koda We Love Cycling - \u010cesk\u00e1 republika\" \/>\n<meta property=\"article:published_time\" content=\"2024-08-15T15:00:18+00:00\" \/>\n<meta property=\"og:image\" content=\"https:\/\/d2p6e6u75xmxt8.cloudfront.net\/13\/2024\/08\/Tdf-femmes-thomas-maheux.webp\" \/>\n\t<meta property=\"og:image:width\" content=\"1000\" \/>\n\t<meta property=\"og:image:height\" content=\"667\" \/>\n\t<meta property=\"og:image:type\" content=\"image\/webp\" \/>\n<meta name=\"author\" content=\"radekmalina\" \/>\n<meta name=\"twitter:card\" content=\"summary_large_image\" \/>\n<meta name=\"twitter:label1\" content=\"Written by\" \/>\n\t<meta name=\"twitter:data1\" content=\"We Love Cycling\" \/>\n\t<meta name=\"twitter:label2\" content=\"Est. reading time\" \/>\n\t<meta name=\"twitter:data2\" content=\"5 minut\" \/>\n<script type=\"application\/ld+json\" class=\"yoast-schema-graph\">{\"@context\":\"https:\/\/schema.org\",\"@graph\":[{\"@type\":\"WebPage\",\"@id\":\"https:\/\/www.welovecycling.com\/cs\/2024\/08\/15\/fiasko-nebo-vyjimecny-uspech-kdyz-sest-clenu-tymu-chyti-limit-pred-polovinou-zavodu\/\",\"url\":\"https:\/\/www.welovecycling.com\/cs\/2024\/08\/15\/fiasko-nebo-vyjimecny-uspech-kdyz-sest-clenu-tymu-chyti-limit-pred-polovinou-zavodu\/\",\"name\":\"Fiasko nebo v\u00fdjime\u010dn\u00fd \u00fasp\u011bch? Kdy\u017e \u0161est \u010dlen\u016f t\u00fdmu chyt\u00ed limit p\u0159ed polovinou z\u00e1vodu... | \u0160koda We Love Cycling - \u010cesk\u00e1 republika\",\"isPartOf\":{\"@id\":\"https:\/\/www.welovecycling.com\/cs\/#website\"},\"primaryImageOfPage\":{\"@id\":\"https:\/\/www.welovecycling.com\/cs\/2024\/08\/15\/fiasko-nebo-vyjimecny-uspech-kdyz-sest-clenu-tymu-chyti-limit-pred-polovinou-zavodu\/#primaryimage\"},\"image\":{\"@id\":\"https:\/\/www.welovecycling.com\/cs\/2024\/08\/15\/fiasko-nebo-vyjimecny-uspech-kdyz-sest-clenu-tymu-chyti-limit-pred-polovinou-zavodu\/#primaryimage\"},\"thumbnailUrl\":\"https:\/\/d2p6e6u75xmxt8.cloudfront.net\/13\/2024\/08\/Tdf-femmes-thomas-maheux.webp\",\"datePublished\":\"2024-08-15T15:00:18+00:00\",\"author\":{\"@id\":\"https:\/\/www.welovecycling.com\/cs\/#\/schema\/person\/d9eeb0a378f3a7e4a6d12d2b536b04b8\"},\"description\":\"\u0160est ze sedmi jmen v z\u00e1vod\u011b vy\u0161krtnut\u00fdch po \u010dty\u0159ech z osmi etap? Na jednom z nejslavn\u011bj\u0161\u00edch podnik\u016f planety? A bez p\u0159i\u010din\u011bn\u00ed zran\u011bn\u00ed \u010di zdravotn\u00edch pat\u00e1li\u00ed? Jenom kv\u016fli \u0161patn\u00e9 v\u00fdkonnosti? Realita t\u00fdmu Ta\u0161kent City p\u0159i Tour de France Femmes 2024.\",\"inLanguage\":\"cs\",\"potentialAction\":[{\"@type\":\"ReadAction\",\"target\":[\"https:\/\/www.welovecycling.com\/cs\/2024\/08\/15\/fiasko-nebo-vyjimecny-uspech-kdyz-sest-clenu-tymu-chyti-limit-pred-polovinou-zavodu\/\"]}]},{\"@type\":\"ImageObject\",\"inLanguage\":\"cs\",\"@id\":\"https:\/\/www.welovecycling.com\/cs\/2024\/08\/15\/fiasko-nebo-vyjimecny-uspech-kdyz-sest-clenu-tymu-chyti-limit-pred-polovinou-zavodu\/#primaryimage\",\"url\":\"https:\/\/d2p6e6u75xmxt8.cloudfront.net\/13\/2024\/08\/Tdf-femmes-thomas-maheux.webp\",\"contentUrl\":\"https:\/\/d2p6e6u75xmxt8.cloudfront.net\/13\/2024\/08\/Tdf-femmes-thomas-maheux.webp\",\"width\":1000,\"height\":667,\"caption\":\"Tour de France Femmes 2024 Ta\u0161kent City\"},{\"@type\":\"WebSite\",\"@id\":\"https:\/\/www.welovecycling.com\/cs\/#website\",\"url\":\"https:\/\/www.welovecycling.com\/cs\/\",\"name\":\"\u0160koda We Love Cycling - \u010cesk\u00e1 republika\",\"description\":\"WeLoveCycling.cz je online magaz\u00edn, kter\u00fd v\u00e1m pravideln\u011b p\u0159in\u00e1\u0161\u00ed rady a tipy, zaj\u00edmav\u00e9 \u010dl\u00e1nky, videa a jedine\u010dn\u00e9 report\u00e1\u017ee ze sv\u011bta cyklistiky.\",\"potentialAction\":[{\"@type\":\"SearchAction\",\"target\":{\"@type\":\"EntryPoint\",\"urlTemplate\":\"https:\/\/www.welovecycling.com\/cs\/?s={search_term_string}\"},\"query-input\":{\"@type\":\"PropertyValueSpecification\",\"valueRequired\":true,\"valueName\":\"search_term_string\"}}],\"inLanguage\":\"cs\"},{\"@type\":\"Person\",\"@id\":\"https:\/\/www.welovecycling.com\/cs\/#\/schema\/person\/d9eeb0a378f3a7e4a6d12d2b536b04b8\",\"name\":\"radekmalina\",\"image\":{\"@type\":\"ImageObject\",\"inLanguage\":\"cs\",\"@id\":\"https:\/\/www.welovecycling.com\/cs\/#\/schema\/person\/image\/\",\"url\":\"https:\/\/secure.gravatar.com\/avatar\/66994b632cb8c39a46b9f54afa3ae07201b678d32a54275b6f1c9ffec356bfc0?s=96&d=mm&r=g\",\"contentUrl\":\"https:\/\/secure.gravatar.com\/avatar\/66994b632cb8c39a46b9f54afa3ae07201b678d32a54275b6f1c9ffec356bfc0?s=96&d=mm&r=g\",\"caption\":\"radekmalina\"},\"url\":\"https:\/\/www.welovecycling.com\/cs\/author\/radekmalina\/\"}]}<\/script>\n<!-- \/ Yoast SEO Premium plugin. -->","yoast_head_json":{"title":"Fiasko nebo v\u00fdjime\u010dn\u00fd \u00fasp\u011bch? Kdy\u017e \u0161est \u010dlen\u016f t\u00fdmu chyt\u00ed limit p\u0159ed polovinou z\u00e1vodu... | \u0160koda We Love Cycling - \u010cesk\u00e1 republika","description":"\u0160est ze sedmi jmen v z\u00e1vod\u011b vy\u0161krtnut\u00fdch po \u010dty\u0159ech z osmi etap? Na jednom z nejslavn\u011bj\u0161\u00edch podnik\u016f planety? A bez p\u0159i\u010din\u011bn\u00ed zran\u011bn\u00ed \u010di zdravotn\u00edch pat\u00e1li\u00ed? Jenom kv\u016fli \u0161patn\u00e9 v\u00fdkonnosti? Realita t\u00fdmu Ta\u0161kent City p\u0159i Tour de France Femmes 2024.","robots":{"index":"index","follow":"follow","max-snippet":"max-snippet:-1","max-image-preview":"max-image-preview:large","max-video-preview":"max-video-preview:-1"},"canonical":"https:\/\/www.welovecycling.com\/cs\/2024\/08\/15\/fiasko-nebo-vyjimecny-uspech-kdyz-sest-clenu-tymu-chyti-limit-pred-polovinou-zavodu\/","og_locale":"cs_CZ","og_type":"article","og_title":"Fiasko nebo v\u00fdjime\u010dn\u00fd \u00fasp\u011bch? Kdy\u017e \u0161est \u010dlen\u016f t\u00fdmu chyt\u00ed limit p\u0159ed polovinou z\u00e1vodu...","og_description":"\u0160est ze sedmi jmen v z\u00e1vod\u011b vy\u0161krtnut\u00fdch po \u010dty\u0159ech z osmi etap? Na jednom z nejslavn\u011bj\u0161\u00edch podnik\u016f planety? A bez p\u0159i\u010din\u011bn\u00ed zran\u011bn\u00ed \u010di zdravotn\u00edch pat\u00e1li\u00ed? Jenom kv\u016fli \u0161patn\u00e9 v\u00fdkonnosti? Realita t\u00fdmu Ta\u0161kent City p\u0159i Tour de France Femmes 2024.","og_url":"https:\/\/www.welovecycling.com\/cs\/2024\/08\/15\/fiasko-nebo-vyjimecny-uspech-kdyz-sest-clenu-tymu-chyti-limit-pred-polovinou-zavodu\/","og_site_name":"\u0160koda We Love Cycling - \u010cesk\u00e1 republika","article_published_time":"2024-08-15T15:00:18+00:00","og_image":[{"width":1000,"height":667,"url":"https:\/\/d2p6e6u75xmxt8.cloudfront.net\/13\/2024\/08\/Tdf-femmes-thomas-maheux.webp","type":"image\/webp"}],"author":"radekmalina","twitter_card":"summary_large_image","twitter_misc":{"Written by":"We Love Cycling","Est. reading time":"5 minut"},"schema":{"@context":"https:\/\/schema.org","@graph":[{"@type":"WebPage","@id":"https:\/\/www.welovecycling.com\/cs\/2024\/08\/15\/fiasko-nebo-vyjimecny-uspech-kdyz-sest-clenu-tymu-chyti-limit-pred-polovinou-zavodu\/","url":"https:\/\/www.welovecycling.com\/cs\/2024\/08\/15\/fiasko-nebo-vyjimecny-uspech-kdyz-sest-clenu-tymu-chyti-limit-pred-polovinou-zavodu\/","name":"Fiasko nebo v\u00fdjime\u010dn\u00fd \u00fasp\u011bch? Kdy\u017e \u0161est \u010dlen\u016f t\u00fdmu chyt\u00ed limit p\u0159ed polovinou z\u00e1vodu... | \u0160koda We Love Cycling - \u010cesk\u00e1 republika","isPartOf":{"@id":"https:\/\/www.welovecycling.com\/cs\/#website"},"primaryImageOfPage":{"@id":"https:\/\/www.welovecycling.com\/cs\/2024\/08\/15\/fiasko-nebo-vyjimecny-uspech-kdyz-sest-clenu-tymu-chyti-limit-pred-polovinou-zavodu\/#primaryimage"},"image":{"@id":"https:\/\/www.welovecycling.com\/cs\/2024\/08\/15\/fiasko-nebo-vyjimecny-uspech-kdyz-sest-clenu-tymu-chyti-limit-pred-polovinou-zavodu\/#primaryimage"},"thumbnailUrl":"https:\/\/d2p6e6u75xmxt8.cloudfront.net\/13\/2024\/08\/Tdf-femmes-thomas-maheux.webp","datePublished":"2024-08-15T15:00:18+00:00","author":{"@id":"https:\/\/www.welovecycling.com\/cs\/#\/schema\/person\/d9eeb0a378f3a7e4a6d12d2b536b04b8"},"description":"\u0160est ze sedmi jmen v z\u00e1vod\u011b vy\u0161krtnut\u00fdch po \u010dty\u0159ech z osmi etap? Na jednom z nejslavn\u011bj\u0161\u00edch podnik\u016f planety? A bez p\u0159i\u010din\u011bn\u00ed zran\u011bn\u00ed \u010di zdravotn\u00edch pat\u00e1li\u00ed? Jenom kv\u016fli \u0161patn\u00e9 v\u00fdkonnosti? Realita t\u00fdmu Ta\u0161kent City p\u0159i Tour de France Femmes 2024.","inLanguage":"cs","potentialAction":[{"@type":"ReadAction","target":["https:\/\/www.welovecycling.com\/cs\/2024\/08\/15\/fiasko-nebo-vyjimecny-uspech-kdyz-sest-clenu-tymu-chyti-limit-pred-polovinou-zavodu\/"]}]},{"@type":"ImageObject","inLanguage":"cs","@id":"https:\/\/www.welovecycling.com\/cs\/2024\/08\/15\/fiasko-nebo-vyjimecny-uspech-kdyz-sest-clenu-tymu-chyti-limit-pred-polovinou-zavodu\/#primaryimage","url":"https:\/\/d2p6e6u75xmxt8.cloudfront.net\/13\/2024\/08\/Tdf-femmes-thomas-maheux.webp","contentUrl":"https:\/\/d2p6e6u75xmxt8.cloudfront.net\/13\/2024\/08\/Tdf-femmes-thomas-maheux.webp","width":1000,"height":667,"caption":"Tour de France Femmes 2024 Ta\u0161kent City"},{"@type":"WebSite","@id":"https:\/\/www.welovecycling.com\/cs\/#website","url":"https:\/\/www.welovecycling.com\/cs\/","name":"\u0160koda We Love Cycling - \u010cesk\u00e1 republika","description":"WeLoveCycling.cz je online magaz\u00edn, kter\u00fd v\u00e1m pravideln\u011b p\u0159in\u00e1\u0161\u00ed rady a tipy, zaj\u00edmav\u00e9 \u010dl\u00e1nky, videa a jedine\u010dn\u00e9 report\u00e1\u017ee ze sv\u011bta cyklistiky.","potentialAction":[{"@type":"SearchAction","target":{"@type":"EntryPoint","urlTemplate":"https:\/\/www.welovecycling.com\/cs\/?s={search_term_string}"},"query-input":{"@type":"PropertyValueSpecification","valueRequired":true,"valueName":"search_term_string"}}],"inLanguage":"cs"},{"@type":"Person","@id":"https:\/\/www.welovecycling.com\/cs\/#\/schema\/person\/d9eeb0a378f3a7e4a6d12d2b536b04b8","name":"radekmalina","image":{"@type":"ImageObject","inLanguage":"cs","@id":"https:\/\/www.welovecycling.com\/cs\/#\/schema\/person\/image\/","url":"https:\/\/secure.gravatar.com\/avatar\/66994b632cb8c39a46b9f54afa3ae07201b678d32a54275b6f1c9ffec356bfc0?s=96&d=mm&r=g","contentUrl":"https:\/\/secure.gravatar.com\/avatar\/66994b632cb8c39a46b9f54afa3ae07201b678d32a54275b6f1c9ffec356bfc0?s=96&d=mm&r=g","caption":"radekmalina"},"url":"https:\/\/www.welovecycling.com\/cs\/author\/radekmalina\/"}]}},"_links":{"self":[{"href":"https:\/\/www.welovecycling.com\/cs\/wp-json\/wp\/v2\/posts\/26866","targetHints":{"allow":["GET"]}}],"collection":[{"href":"https:\/\/www.welovecycling.com\/cs\/wp-json\/wp\/v2\/posts"}],"about":[{"href":"https:\/\/www.welovecycling.com\/cs\/wp-json\/wp\/v2\/types\/post"}],"author":[{"embeddable":true,"href":"https:\/\/www.welovecycling.com\/cs\/wp-json\/wp\/v2\/users\/138"}],"replies":[{"embeddable":true,"href":"https:\/\/www.welovecycling.com\/cs\/wp-json\/wp\/v2\/comments?post=26866"}],"version-history":[{"count":5,"href":"https:\/\/www.welovecycling.com\/cs\/wp-json\/wp\/v2\/posts\/26866\/revisions"}],"predecessor-version":[{"id":26875,"href":"https:\/\/www.welovecycling.com\/cs\/wp-json\/wp\/v2\/posts\/26866\/revisions\/26875"}],"wp:featuredmedia":[{"embeddable":true,"href":"https:\/\/www.welovecycling.com\/cs\/wp-json\/wp\/v2\/media\/26869"}],"wp:attachment":[{"href":"https:\/\/www.welovecycling.com\/cs\/wp-json\/wp\/v2\/media?parent=26866"}],"wp:term":[{"taxonomy":"category","embeddable":true,"href":"https:\/\/www.welovecycling.com\/cs\/wp-json\/wp\/v2\/categories?post=26866"},{"taxonomy":"post_tag","embeddable":true,"href":"https:\/\/www.welovecycling.com\/cs\/wp-json\/wp\/v2\/tags?post=26866"},{"taxonomy":"global-categories","embeddable":true,"href":"https:\/\/www.welovecycling.com\/cs\/wp-json\/wp\/v2\/global-categories?post=26866"}],"curies":[{"name":"wp","href":"https:\/\/api.w.org\/{rel}","templated":true}]}}