{"id":26848,"date":"2024-08-13T05:00:06","date_gmt":"2024-08-13T03:00:06","guid":{"rendered":"https:\/\/www.welovecycling.com\/cs\/?p=26848"},"modified":"2024-08-19T13:25:08","modified_gmt":"2024-08-19T11:25:08","slug":"pavel-bittner-o-prvnim-triumfu-i-debutu-na-vuelte-tri-roky-nic-a-ted-dve-vyhry-za-tyden-forma-je-skvele-nacasovana","status":"publish","type":"post","link":"https:\/\/www.welovecycling.com\/cs\/2024\/08\/13\/pavel-bittner-o-prvnim-triumfu-i-debutu-na-vuelte-tri-roky-nic-a-ted-dve-vyhry-za-tyden-forma-je-skvele-nacasovana\/","title":{"rendered":"Pavel Bittner o prvn\u00ed v\u00fdh\u0159e, Vuelt\u011b i d\u016fvodu, pro\u010d v l\u00e9t\u011b jezdil v \u010depici, bund\u011b a s rukavicemi"},"content":{"rendered":"<p><strong>Fam\u00f3zn\u00ed p\u0159edstaven\u00ed s v\u00fdjime\u010dn\u00fdmi v\u00fdsledky! Pavel Bittner slavil dv\u011b etapov\u00e1 prvenstv\u00ed p\u0159i z\u00e1vod\u011b Kolem Burgosu a jako bonus p\u0159idal v\u00edt\u011bzstv\u00ed v bodovac\u00ed sout\u011b\u017ei. Pro jednadvacetilet\u00e9ho cyklistu t\u00fdmu DSM-firmenich PostNL \u0161lo o dosud nejv\u011bt\u0161\u00ed \u00fasp\u011bch a pat\u0159i\u010dn\u00fd p\u0159\u00edval sebev\u011bdom\u00ed, kter\u00e9 se bude hodit. U\u017e v sobotu se postav\u00ed poprv\u00e9 v \u017eivot\u011b na start Grand Tour: nizozemsk\u00e1 formace jednadvacetilet\u00e9ho rod\u00e1ka z Olomouce nominovala na \u0161pan\u011blskou Vueltu.<\/strong><\/p>\n<p>V exkluzivn\u00edm rozhovoru pro We Love Cycling mluv\u00ed \u010desk\u00fd sprinter o z\u00e1vod\u011bn\u00ed bez vys\u00edla\u010dek, kter\u00e9 si vyzkou\u0161el b\u011bhem p\u011bt dn\u016f trvaj\u00edc\u00edho z\u00e1vodu Kolem Burgosu, o nominaci na Vueltu i specifick\u00e9 p\u0159\u00edprav\u011b na z\u00e1vod\u011bn\u00ed ve vysok\u00fdch teplot\u00e1ch.<\/p>\n<h2><strong>Pavle, druh\u00fd srpnov\u00fd t\u00fdden byl dosud \u017eivotn\u00edm v profesion\u00e1ln\u00ed kari\u00e9\u0159e. Ovl\u00e1dl jste prvn\u00ed etapu z\u00e1vodu Kolem Burgosu, pak jste p\u0159idal triumf v p\u00e1t\u00e9m d\u011bjstv\u00ed. D\u011blal jste si u\u017e p\u0159ed startem z\u00e1lusk na prvn\u00ed v\u00edt\u011bzstv\u00ed mezi elitou?<\/strong><\/h2>\n<p>C\u00edtil jsem se skv\u011ble u\u017e p\u0159ed z\u00e1vodem, ale konkurence je obrovsk\u00e1 a \u010dlov\u011bk nikdy nev\u00ed, jak\u00e1 bude skute\u010dnost. Na Burgos jsme jeli s t\u0159emi \u00fakoly. Prvn\u00edm bylo celkov\u00e9 po\u0159ad\u00ed, na kter\u00e9 byl ur\u010den Max Poole vracej\u00edc\u00ed se k z\u00e1vod\u011bn\u00ed po p\u00e1du na jarn\u00edm Tirrenu, kde si zlomil loket. Dal\u0161\u00edm bylo jet ve spurtech na m\u011b, p\u0159i\u010dem\u017e jsme m\u011bli vytipovanou prvn\u00ed, druhou a p\u00e1tou etapu. A posledn\u00edm c\u00edlem bylo dob\u0159e fungovat jako t\u00fdm, proto\u017ee dva dny se jelo bez vys\u00edla\u010dek. V\u0161echno jsme zvl\u00e1dli dokonale. Max dojel druh\u00fd v po\u0159ad\u00ed, j\u00e1 vyhr\u00e1l dv\u011b etapy.<\/p>\n<h2><strong>Na v\u00edt\u011bzstv\u00ed mezi elitou jste \u010dekal od doby, kdy jste se v pr\u016fb\u011bhu sezony 2022 posunul mezi profesion\u00e1ly. Byla euforie z v\u00fdhry o to intenzivn\u011bj\u0161\u00ed?<\/strong><\/h2>\n<p>Je to skv\u011bl\u00fd pocit. Sna\u017eil jsem se o v\u00edt\u011bzstv\u00ed t\u0159i roky. Gratulovali mi i lid\u00e9 v bal\u00edku, s nimi\u017e se tolik nebav\u00edm. I velk\u00e9 hv\u011bzdy pelotonu. A pak je\u0161t\u011b jednou. Prost\u011b par\u00e1da! V\u011b\u0159il jsem, \u017ee vyhr\u00e1t dok\u00e1\u017eu. Ale dv\u011b v\u00fdhry z p\u011bti etap, to je prost\u011b sen!<\/p>\n<figure id=\"attachment_26850\" aria-describedby=\"caption-attachment-26850\" style=\"width: 1800px\" class=\"wp-caption alignnone\"><a href=\"https:\/\/d2p6e6u75xmxt8.cloudfront.net\/13\/2024\/08\/profimedia-0896244117.webp\"><img loading=\"lazy\" decoding=\"async\" class=\"size-full wp-image-26850\" src=\"https:\/\/d2p6e6u75xmxt8.cloudfront.net\/13\/2024\/08\/profimedia-0896244117.webp\" alt=\"Pavel Bittner a jeho prvn\u00ed profesion\u00e1ln\u00ed v\u00edt\u011bzstv\u00ed v kari\u00e9\u0159e.\" width=\"1800\" height=\"1200\" srcset=\"https:\/\/d2p6e6u75xmxt8.cloudfront.net\/13\/2024\/08\/profimedia-0896244117.webp 1800w, https:\/\/d2p6e6u75xmxt8.cloudfront.net\/13\/2024\/08\/profimedia-0896244117-300x200.webp 300w, https:\/\/d2p6e6u75xmxt8.cloudfront.net\/13\/2024\/08\/profimedia-0896244117-1024x683.webp 1024w, https:\/\/d2p6e6u75xmxt8.cloudfront.net\/13\/2024\/08\/profimedia-0896244117-768x512.webp 768w, https:\/\/d2p6e6u75xmxt8.cloudfront.net\/13\/2024\/08\/profimedia-0896244117-1536x1024.webp 1536w, https:\/\/d2p6e6u75xmxt8.cloudfront.net\/13\/2024\/08\/profimedia-0896244117-400x267.webp 400w, https:\/\/d2p6e6u75xmxt8.cloudfront.net\/13\/2024\/08\/profimedia-0896244117-272x182.webp 272w\" sizes=\"auto, (max-width: 1800px) 100vw, 1800px\" \/><\/a><figcaption id=\"caption-attachment-26850\" class=\"wp-caption-text\"><em>Pavel Bittner a jeho prvn\u00ed profesion\u00e1ln\u00ed v\u00edt\u011bzstv\u00ed v kari\u00e9\u0159e p\u0159i z\u00e1vod\u011b Kolem Burgosu. Foto: profimedia<\/em><\/figcaption><\/figure>\n<h2><strong>P\u0159em\u00fd\u0161l\u00ed \u010dlov\u011bk, jak je mo\u017en\u00e9, \u017ee po t\u0159ech letech \u010dek\u00e1n\u00ed vyhraje b\u011bhem p\u011bti dn\u016f dvakr\u00e1t?<\/strong><\/h2>\n<p>Je to ur\u010dit\u011b zvl\u00e1\u0161tn\u00ed. Sna\u017eil jsem se po\u0159\u00e1d a byla to hodn\u011b dlouh\u00e1 doba. Tro\u0161ku jsem si l\u00e1mal hlavu, jak\u00fd d\u016fvod tohle \u010dek\u00e1n\u00ed m\u011blo. Ale ne nijak dramaticky. Byla to souhra r\u016fzn\u00fdch v\u011bc\u00ed. Hodn\u011b moc mi pomohl t\u00fdm. C\u00edtil jsem, \u017ee forma je dobr\u00e1. M\u011bli jsme vytipovanou prvn\u00ed a posledn\u00ed etapu. A kluci pro m\u011b odvedli skv\u011blou pr\u00e1ci. Zejm\u00e9na v p\u00e1t\u00e9 etap\u011b stahovali \u00fanik, a pak mi ohromn\u011b pomohli pozi\u010dn\u011b. J\u00e1 u\u017e vlastn\u011b nem\u011bl co pokazit. Ten prvn\u00ed triumf mi dodal obrovskou porci sebev\u011bdom\u00ed. \u010clov\u011bku se pak jezd\u00ed mnohem l\u00e9pe.<\/p>\n<h2><strong>Odm\u011bnil se Pavel Bittner za prvn\u00ed profesion\u00e1ln\u00ed v\u00edt\u011bzstv\u00ed v kari\u00e9\u0159e?<\/strong><\/h2>\n<p>Hned po z\u00e1vod\u011b jsme byli s cel\u00fdm t\u00fdmem na ve\u010de\u0159i v Bilbau, co\u017e bylo fajn. Pak jsem m\u011bl dva voln\u011bj\u0161\u00ed dny, kter\u00e9 jsem tr\u00e1vil ve \u0160pan\u011blsku s p\u0159\u00edtelkyn\u00ed. M\u011bli jsme na sebe po del\u0161\u00ed dob\u011b trochu \u010dasu v klidu, bez cyklistick\u00fdch povinnost\u00ed, tak jsme si vyrazili na dobrou ve\u010de\u0159i. Bylo to moc fajn.<\/p>\n<div class=\"shortcode-ys-post-pinup\"><article class=\"loop-simple post-26785 post type-post status-publish format-standard has-post-thumbnail hentry category-pariz-2024 tag-cyklistika tag-kontroverzni-nominace tag-luka-mezgec tag-nominace-pariz-2024 tag-oh-pariz-2024 tag-olympijske-hry tag-pariz-2024 tag-silnicni-cyklistika tag-slovinsko tag-tadej-pogacar tag-tour-de-france-2024 tag-urska-zigart global-categories-cycling\" data-postid=\"26785\" role=\"article\" data-post-id=\"26785\" data-word-count=\"564\" data-headline-length=\"90\" data-category=\"Pa\u0159\u00ed\u017e 2024\" data-global-category=\"Cycling\" data-author=\"We Love Cycling\" data-published=\"2024-08-05T05:00:09+02:00\" data-published-day=\"Monday\">\n    <div class=\"entry-thumbnail article-thumbnail\" content=\"https:\/\/d2p6e6u75xmxt8.cloudfront.net\/13\/2024\/07\/profimedia-0890928696-150x150.webp\"><a href=\"https:\/\/www.welovecycling.com\/cs\/2024\/08\/05\/proc-ve-skutecnosti-tadej-pogacar-nebojoval-v-parizi-o-zlato-krajan-uprimne-promluvil\/\" class=\"image-holder\" target=\"_self\"><img decoding=\"async\" loading=\"lazy\" class=\"\" src=\"https:\/\/d2p6e6u75xmxt8.cloudfront.net\/13\/2024\/07\/profimedia-0890928696-1024x683.webp\" srcset=\"https:\/\/d2p6e6u75xmxt8.cloudfront.net\/13\/2024\/07\/profimedia-0890928696.webp 1800w, https:\/\/d2p6e6u75xmxt8.cloudfront.net\/13\/2024\/07\/profimedia-0890928696-300x200.webp 300w, https:\/\/d2p6e6u75xmxt8.cloudfront.net\/13\/2024\/07\/profimedia-0890928696-1024x683.webp 1024w, https:\/\/d2p6e6u75xmxt8.cloudfront.net\/13\/2024\/07\/profimedia-0890928696-768x512.webp 768w, https:\/\/d2p6e6u75xmxt8.cloudfront.net\/13\/2024\/07\/profimedia-0890928696-1536x1024.webp 1536w, https:\/\/d2p6e6u75xmxt8.cloudfront.net\/13\/2024\/07\/profimedia-0890928696-400x267.webp 400w, https:\/\/d2p6e6u75xmxt8.cloudfront.net\/13\/2024\/07\/profimedia-0890928696-272x182.webp 272w\" width=\"1024\" height=\"683\" sizes=\"auto, (min-width: 1200px) 300px, (min-width: 768px) 25vw, 100vw\" alt=\"proc-ve-skutecnosti-tadej-pogacar-nebojoval-v-parizi-o-zlato-krajan-uprimne-promluvil\"\/><\/a><\/div>    <div class=\"entry-meta\">\n        <a class=\"label label-secondary post-category\" href=\"https:\/\/www.welovecycling.com\/cs\/category\/pariz-2024\/\" title=\"Pa\u0159\u00ed\u017e 2024\">Pa\u0159\u00ed\u017e 2024<\/a>\n    <\/div>\n    <div class=\"entry-details\">\n        <a href=\"https:\/\/www.welovecycling.com\/cs\/2024\/08\/05\/proc-ve-skutecnosti-tadej-pogacar-nebojoval-v-parizi-o-zlato-krajan-uprimne-promluvil\/\" class='entry-title-wrapper'>\n            <h3 class=\"entry-title\"><span>Pro\u010d Tadej Poga\u010dar nebojoval v Pa\u0159\u00ed\u017ei o zlato? T\u00fdmov\u00fd par\u0165\u00e1k up\u0159\u00edmn\u011b promluvil<\/span><\/h3>\n        <\/a>\n    <\/div>\n    <\/article>\n<\/div>\n<h2><strong>P\u0159i etapov\u00e9m z\u00e1vod\u011b Kolem Burgosu se testovala novinka v podob\u011b j\u00edzdy z\u00e1vodn\u00edk\u016f bez vys\u00edla\u010dek. Jak tenhle experiment vn\u00edm\u00e1te?<\/strong><\/h2>\n<p>V\u00fdborn\u011b, proto\u017ee se bez vys\u00edla\u010dek jelo p\u0159esn\u011b v t\u011bch dvou etap\u00e1ch, kter\u00e9 jsem vyhr\u00e1l! Ale v\u00e1\u017en\u011b&#8230; M\u00e1m pocit, \u017ee absence vys\u00edla\u010dek sni\u017euje mnoh\u00e1 rizika. P\u0159ed ostr\u00fdmi zat\u00e1\u010dkami na z\u00e1vodn\u00edky nikdo ne\u0159ve, \u017ee mus\u00ed b\u00fdt na prvn\u00ed pozici bal\u00edku. T\u00edm se sni\u017euje riziko p\u00e1du, proto\u017ee stejn\u00fd pokyn pochopiteln\u011b dostane v\u011bt\u0161ina t\u00fdm\u016f. Opa\u010dnou problematikou je prim\u00e1rn\u00ed bezpe\u010dnost pro p\u0159\u00edpad, \u017ee se n\u011bco stane. Ne\u017e ta informace bez vys\u00edla\u010dek doputuje k z\u00e1vodn\u00edk\u016fm, m\u016f\u017ee b\u00fdt pozd\u011b. Ka\u017edop\u00e1dn\u011b jde i o komunikaci v r\u00e1mci t\u00fdmu, kterou jsme zvl\u00e1dli skv\u011ble. Prvn\u00ed etapu jsme vyhr\u00e1li. Na p\u00e1tou pak byly pro ka\u017ed\u00fd t\u00fdm jen dv\u011b vys\u00edla\u010dky. U n\u00e1s ji dostal Max Poole jedouc\u00ed na celkov\u00e9 po\u0159ad\u00ed a Chris Hamilton jako kapit\u00e1n. Pak v pr\u016fb\u011bhu etapy jsme komunikovali dob\u0159e, dok\u00e1zali jsme si pokyny p\u0159edat. Bylo to v pohod\u011b.<\/p>\n<h2><strong>Je budoucnost profesion\u00e1ln\u00ed cyklistiky podle v\u00e1s spojena se z\u00e1vody bez vys\u00edla\u010dek?<\/strong><\/h2>\n<p>Vid\u00edm pro i proti. V\u017edy budou r\u016fzn\u00e9 pohledy. Mo\u017en\u00e1 je tro\u0161ku z\u00e1bavn\u011bj\u0161\u00ed jezdit bez vys\u00edla\u010dek. Ale v sou\u010dasn\u00e9 dob\u011b u\u017e jsou pevnou sou\u010d\u00e1st\u00ed z\u00e1vodu. Mysl\u00edm, \u017ee se kolem jejich u\u017e\u00edv\u00e1n\u00ed povedou velk\u00e9 debaty.<\/p>\n<figure id=\"attachment_26849\" aria-describedby=\"caption-attachment-26849\" style=\"width: 1800px\" class=\"wp-caption alignnone\"><a href=\"https:\/\/d2p6e6u75xmxt8.cloudfront.net\/13\/2024\/08\/profimedia-0897424674.webp\"><img loading=\"lazy\" decoding=\"async\" class=\"size-full wp-image-26849\" src=\"https:\/\/d2p6e6u75xmxt8.cloudfront.net\/13\/2024\/08\/profimedia-0897424674.webp\" alt=\"\" width=\"1800\" height=\"1200\" srcset=\"https:\/\/d2p6e6u75xmxt8.cloudfront.net\/13\/2024\/08\/profimedia-0897424674.webp 1800w, https:\/\/d2p6e6u75xmxt8.cloudfront.net\/13\/2024\/08\/profimedia-0897424674-300x200.webp 300w, https:\/\/d2p6e6u75xmxt8.cloudfront.net\/13\/2024\/08\/profimedia-0897424674-1024x683.webp 1024w, https:\/\/d2p6e6u75xmxt8.cloudfront.net\/13\/2024\/08\/profimedia-0897424674-768x512.webp 768w, https:\/\/d2p6e6u75xmxt8.cloudfront.net\/13\/2024\/08\/profimedia-0897424674-1536x1024.webp 1536w, https:\/\/d2p6e6u75xmxt8.cloudfront.net\/13\/2024\/08\/profimedia-0897424674-400x267.webp 400w, https:\/\/d2p6e6u75xmxt8.cloudfront.net\/13\/2024\/08\/profimedia-0897424674-272x182.webp 272w\" sizes=\"auto, (max-width: 1800px) 100vw, 1800px\" \/><\/a><figcaption id=\"caption-attachment-26849\" class=\"wp-caption-text\"><em>Pavel Bittner a druh\u00e9 profesion\u00e1ln\u00ed v\u00edt\u011bzstv\u00ed kari\u00e9ry! Foto: profimedia<\/em><\/figcaption><\/figure>\n<h2><strong>Rozhodn\u011b budou sou\u010d\u00e1st\u00ed \u0161pan\u011blsk\u00e9 Vuelty. A na startovn\u00ed listin\u011b t\u0159et\u00ed Grand Tour sezony nechyb\u00ed ani jm\u00e9no Pavel Bittner. C\u00edt\u00edte velkou hrdost, \u017ee poprv\u00e9 pojedete jeden ze t\u0159\u00ed nejv\u011bt\u0161\u00edch z\u00e1vod\u016f planety?<\/strong><\/h2>\n<p>Sp\u00ed\u0161e bych to ozna\u010dil jako obrovskou v\u00fdzvu a velkou cestu do nezn\u00e1ma. Nikdy jsem nez\u00e1vodil jednadvacet dn\u016f v kuse. Ale v\u011b\u0159\u00edm, \u017ee s t\u00fdmovou podporou, kter\u00e9 se mi dost\u00e1v\u00e1, i na\u0161imi sportovn\u00edmi \u0159editeli premi\u00e9ru zvl\u00e1dnu.<\/p>\n<h2><strong>Zm\u011bnilo \u00fasp\u011b\u0161n\u00e9 vystoupen\u00ed na Burgosu va\u0161e ambice? Je na v\u00e1s ze stran t\u00fdmu velk\u00fd tlak?<\/strong><\/h2>\n<p>V\u016fbec ne. V\u0161ichni v\u011bd\u00ed, \u017ee jedu prvn\u00ed Grand Tour, tak\u017ee p\u016fjde o test m\u00fdch schopnost\u00ed. Nikdo na m\u011b netla\u010d\u00ed a to se mi moc l\u00edb\u00ed. Pokud se poda\u0159\u00ed dobr\u00fd v\u00fdsledek, bude to super. Mysl\u00edm, \u017ee forma je na\u010dasovan\u00e1 skv\u011ble.<\/p>\n<div class=\"shortcode-ys-post-pinup\"><article class=\"loop-simple post-26774 post type-post status-publish format-standard has-post-thumbnail hentry category-pariz-2024 tag-cyklistika tag-oh-2024 tag-olympiada tag-pariz-2024 tag-remco-evenepoel tag-silnicni-cyklistika tag-tour-de-france global-categories-cycling\" data-postid=\"26774\" role=\"article\" data-post-id=\"26774\" data-word-count=\"872\" data-headline-length=\"98\" data-category=\"Pa\u0159\u00ed\u017e 2024\" data-global-category=\"Cycling\" data-author=\"We Love Cycling\" data-published=\"2024-08-03T23:27:09+02:00\" data-published-day=\"Saturday\">\n    <div class=\"entry-thumbnail article-thumbnail\" content=\"https:\/\/d2p6e6u75xmxt8.cloudfront.net\/13\/2024\/08\/profimedia-0895677762-150x150.webp\"><a href=\"https:\/\/www.welovecycling.com\/cs\/2024\/08\/03\/zlaty-chlapec-a-kral-olympiady-remco-evenepoel-resi-budoucnost-jaka-je-jeho-tajna-zbran\/\" class=\"image-holder\" target=\"_self\"><img decoding=\"async\" loading=\"lazy\" class=\"\" src=\"https:\/\/d2p6e6u75xmxt8.cloudfront.net\/13\/2024\/08\/profimedia-0895677762-1024x683.webp\" srcset=\"https:\/\/d2p6e6u75xmxt8.cloudfront.net\/13\/2024\/08\/profimedia-0895677762.webp 1800w, https:\/\/d2p6e6u75xmxt8.cloudfront.net\/13\/2024\/08\/profimedia-0895677762-300x200.webp 300w, https:\/\/d2p6e6u75xmxt8.cloudfront.net\/13\/2024\/08\/profimedia-0895677762-1024x683.webp 1024w, https:\/\/d2p6e6u75xmxt8.cloudfront.net\/13\/2024\/08\/profimedia-0895677762-768x512.webp 768w, https:\/\/d2p6e6u75xmxt8.cloudfront.net\/13\/2024\/08\/profimedia-0895677762-1536x1024.webp 1536w, https:\/\/d2p6e6u75xmxt8.cloudfront.net\/13\/2024\/08\/profimedia-0895677762-400x267.webp 400w, https:\/\/d2p6e6u75xmxt8.cloudfront.net\/13\/2024\/08\/profimedia-0895677762-272x182.webp 272w\" width=\"1024\" height=\"683\" sizes=\"auto, (min-width: 1200px) 300px, (min-width: 768px) 25vw, 100vw\" alt=\"zlaty-chlapec-a-kral-olympiady-remco-evenepoel-resi-budoucnost-jaka-je-jeho-tajna-zbran\"\/><\/a><\/div>    <div class=\"entry-meta\">\n        <a class=\"label label-secondary post-category\" href=\"https:\/\/www.welovecycling.com\/cs\/category\/pariz-2024\/\" title=\"Pa\u0159\u00ed\u017e 2024\">Pa\u0159\u00ed\u017e 2024<\/a>\n    <\/div>\n    <div class=\"entry-details\">\n        <a href=\"https:\/\/www.welovecycling.com\/cs\/2024\/08\/03\/zlaty-chlapec-a-kral-olympiady-remco-evenepoel-resi-budoucnost-jaka-je-jeho-tajna-zbran\/\" class='entry-title-wrapper'>\n            <h3 class=\"entry-title\"><span>Zlat\u00fd chlapec a kr\u00e1l olympi\u00e1dy Remco Evenepoel \u0159e\u0161\u00ed budoucnost. Jak\u00e1 je jeho tajn\u00e1 zbra\u0148?<\/span><\/h3>\n        <\/a>\n    <\/div>\n    <\/article>\n<\/div>\n<h2><strong>M\u00e1te vytipovan\u00e9 etapy, kter\u00e9 by v\u00e1m m\u011bly vyhovovat z hlediska \u00fatoku na v\u00edt\u011bzstv\u00ed?<\/strong><\/h2>\n<p>Itiner\u00e1\u0159 Vuelty jsem si pro\u0161el velmi detailn\u011b. Prvn\u00ed \u0161ance nab\u00edz\u00ed hned druh\u00e1 a t\u0159et\u00ed etapa. Pak p\u00e1t\u00e1. Snad je\u0161t\u011b sedm\u00e9 a sedmn\u00e1ct\u00e9 d\u011bjstv\u00ed. A jinak to bude o p\u0159e\u017e\u00edv\u00e1n\u00ed. Mo\u017en\u00e1 bych n\u011bkdy mohl sko\u010dit do \u00faniku, ale v\u00e1\u017en\u011b nechci p\u0159edb\u00edhat. Hodn\u011b bude z\u00e1le\u017eet, jak bude Max Poole v celkov\u00e9m po\u0159ad\u00ed. Bude na\u0161\u00edm l\u00eddrem. J\u00e1 jsem ur\u010den\u00fd pro sprintersk\u00e9 etapy. Ale druh\u00fd t\u00fdden, zejm\u00e9na jeho konec, vypad\u00e1 stra\u0161ideln\u011b. Jsou tam velk\u00e9 kopce, kter\u00fdch se tro\u0161ku ob\u00e1v\u00e1m. Ka\u017ed\u00fd den vystoup\u00e1me p\u0159es t\u0159i a p\u016fl tis\u00edce metr\u016f.<\/p>\n<h2><strong>Stra\u0161\u00ed v\u00e1s, aby hned prvn\u00ed Grand Tour kari\u00e9ry nebyla spojen\u00e1 s hrozbou \u010dasov\u00e9ho limitu?<\/strong><\/h2>\n<p>Jsou tam hodn\u011b prudk\u00e9 kopce, ale v\u011bt\u0161inou a\u017e na konci etapy. M\u00e1m fakt nastudovan\u00e9 rovinat\u00e9 i horsk\u00e9 etapy, kdy bude pot\u0159eba pom\u00e1hat Maxovi. Ale limitu se neboj\u00edm. S t\u00edm bych probl\u00e9m m\u00edt nem\u011bl.<\/p>\n<figure id=\"attachment_20440\" aria-describedby=\"caption-attachment-20440\" style=\"width: 1920px\" class=\"wp-caption alignnone\"><a href=\"https:\/\/d2p6e6u75xmxt8.cloudfront.net\/13\/2023\/01\/bittner-BrychtaJan_MR_MCR_MSR_U23_Ceska_Trebova_20220716_160456_DSC_9116.webp\"><img loading=\"lazy\" decoding=\"async\" class=\"size-extra-large wp-image-20440\" src=\"https:\/\/d2p6e6u75xmxt8.cloudfront.net\/13\/2023\/01\/bittner-BrychtaJan_MR_MCR_MSR_U23_Ceska_Trebova_20220716_160456_DSC_9116-1920x1278.webp\" alt=\"Pavel Bittner\" width=\"1920\" height=\"1278\" srcset=\"https:\/\/d2p6e6u75xmxt8.cloudfront.net\/13\/2023\/01\/bittner-BrychtaJan_MR_MCR_MSR_U23_Ceska_Trebova_20220716_160456_DSC_9116-1920x1278.webp 1920w, https:\/\/d2p6e6u75xmxt8.cloudfront.net\/13\/2023\/01\/bittner-BrychtaJan_MR_MCR_MSR_U23_Ceska_Trebova_20220716_160456_DSC_9116-300x200.webp 300w, https:\/\/d2p6e6u75xmxt8.cloudfront.net\/13\/2023\/01\/bittner-BrychtaJan_MR_MCR_MSR_U23_Ceska_Trebova_20220716_160456_DSC_9116-1024x681.webp 1024w, https:\/\/d2p6e6u75xmxt8.cloudfront.net\/13\/2023\/01\/bittner-BrychtaJan_MR_MCR_MSR_U23_Ceska_Trebova_20220716_160456_DSC_9116-768x511.webp 768w, https:\/\/d2p6e6u75xmxt8.cloudfront.net\/13\/2023\/01\/bittner-BrychtaJan_MR_MCR_MSR_U23_Ceska_Trebova_20220716_160456_DSC_9116-1536x1022.webp 1536w, https:\/\/d2p6e6u75xmxt8.cloudfront.net\/13\/2023\/01\/bittner-BrychtaJan_MR_MCR_MSR_U23_Ceska_Trebova_20220716_160456_DSC_9116-272x182.webp 272w, https:\/\/d2p6e6u75xmxt8.cloudfront.net\/13\/2023\/01\/bittner-BrychtaJan_MR_MCR_MSR_U23_Ceska_Trebova_20220716_160456_DSC_9116.webp 2000w, https:\/\/d2p6e6u75xmxt8.cloudfront.net\/13\/2023\/01\/bittner-BrychtaJan_MR_MCR_MSR_U23_Ceska_Trebova_20220716_160456_DSC_9116-1920x1278.webp 1920w\" sizes=\"auto, (max-width: 1920px) 100vw, 1920px\" \/><\/a><figcaption id=\"caption-attachment-20440\" class=\"wp-caption-text\"><em>Pavel Bittner a jeho za\u010d\u00e1tky ve formaci DSM. Ze zelen\u00e1\u010de se stal mu\u017eem, na n\u011bho\u017e nizozemsk\u00fd t\u00fdm pojede p\u0159i Vuelt\u011b sprintersk\u00e9 etapy. Foto: Jan Brychta<\/em><\/figcaption><\/figure>\n<h2><strong>Bude m\u00edt Pavel Bittner p\u0159i premi\u00e9\u0159e na <a href=\"https:\/\/www.welovecycling.com\/cs\/2022\/08\/29\/proc-je-vuelta-nejlepsi-grand-tour-roku\/\">Vuelt\u011b<\/a> velkou podporu rodiny a okruhu nejbli\u017e\u0161\u00edch p\u0159\u00e1tel p\u0159\u00edmo u trasy?<\/strong><\/h2>\n<p>Zrovna leto\u0161n\u00ed trasa nen\u00ed moc p\u0159\u00edzniv\u00e1 z hlediska dostupnosti. Ale po\u010d\u00edt\u00e1m, \u017ee p\u0159ijedou na posledn\u00ed etapu do Madridu. To bude moje nejv\u011bt\u0161\u00ed odm\u011bna a tak\u00e9 motivace, abych se do c\u00edle dostal.<\/p>\n<h2><strong>Velk\u00fdm stra\u0161\u00e1kem m\u016f\u017ee b\u00fdt i po\u010das\u00ed. Ve \u0160pan\u011blsku padaj\u00ed teplotn\u00ed rekordy star\u00e9 mnoho des\u00edtek let. Sn\u00e1\u0161\u00edte j\u00edzdu ve vedru dob\u0159e?<\/strong><\/h2>\n<p>Z\u00e1vod\u011bn\u00ed ve vysok\u00fdch teplot\u00e1ch jsem nem\u011bl r\u00e1d. Ale letos jsme se na to s tren\u00e9rem i t\u00fdmem zam\u011b\u0159ili. Tr\u00e1vil jsem hodn\u011b \u010dasu pr\u00e1v\u011b ve \u0160pan\u011blsku, co\u017e mi hodn\u011b pomohlo. U\u017e mi to ned\u011bl\u00e1 takov\u00fd probl\u00e9m. I d\u00edky speci\u00e1ln\u00ed p\u0159\u00edprav\u011b, kterou jsem kv\u016fli tomu m\u011bl.<\/p>\n<h2><strong>M\u016f\u017eete ji prozradit?<\/strong><\/h2>\n<p>Posledn\u00ed hodinu tr\u00e9nink\u016f jsem jezdil s \u010depic\u00ed, v bund\u011b, rukavic\u00edch a s n\u00e1vleky na noh\u00e1ch, abych zvednul teplotu t\u011bla. A mus\u00edm \u0159\u00edct, \u017ee to fungovalo skv\u011ble. Postupn\u011b jsem odolnost posouval. Ob\u010das na m\u011b sice n\u011bkdo koukal, co blbnu a jezd\u00edm i ve vedru takhle nabalen\u00fd, ale zase to nebylo nijak extr\u00e9mn\u00ed. Ka\u017edop\u00e1dn\u011b vedro v sedle te\u010f zvl\u00e1d\u00e1m mnohem l\u00e9pe a v\u011b\u0159\u00edm, \u017ee m\u011b Vuelta nezasko\u010d\u00ed. V z\u00e1vod\u011b pochopiteln\u011b \u010dlov\u011bk mus\u00ed pamatovat na d\u016fkladn\u00e9 ochlazov\u00e1n\u00ed. Pun\u010dochy s ledem za krk, hodn\u011b se pol\u00e9vat studenou vodou, dopl\u0148ovat tekutiny a tak\u00e9 miner\u00e1ly a s\u016fl. Hodn\u011b jsem si obl\u00edbil ledovou t\u0159\u00ed\u0161\u0165 z iontov\u00e9ho n\u00e1poje, to je na ochlazen\u00ed v\u00e1\u017en\u011b skv\u011bl\u00e9. Asi t\u011b\u017eko n\u011bkdo vymysl\u00ed n\u011bco p\u0159evratn\u00e9ho.<\/p>\n","protected":false},"excerpt":{"rendered":"<p>Fam\u00f3zn\u00ed p\u0159edstaven\u00ed s v\u00fdjime\u010dn\u00fdmi v\u00fdsledky! Pavel Bittner slavil dv\u011b etapov\u00e1 prvenstv\u00ed p\u0159i z\u00e1vod\u011b Kolem Burgosu a jako bonus p\u0159idal v\u00edt\u011bzstv\u00ed [&hellip;]<\/p>\n","protected":false},"author":138,"featured_media":26850,"comment_status":"open","ping_status":"open","sticky":false,"template":"","format":"standard","meta":{"footnotes":""},"categories":[10],"tags":[3431,500,3748,1676,9,273,3351],"global-categories":[411],"class_list":["post-26848","post","type-post","status-publish","format-standard","has-post-thumbnail","hentry","category-silnicni-cyklistika","tag-burgos","tag-la-vuelta","tag-la-vuelta-2024","tag-pavel-bittner","tag-silnicni-cyklistika","tag-vuelta","tag-vuelta-2024","global-categories-cycling"],"yoast_head":"<!-- This site is optimized with the Yoast SEO Premium plugin v25.3 (Yoast SEO v25.9) - https:\/\/yoast.com\/wordpress\/plugins\/seo\/ -->\n<title>Pavel Bittner o prvn\u00ed v\u00fdh\u0159e, Vuelt\u011b i d\u016fvodu, pro\u010d v l\u00e9t\u011b jezdil v \u010depici, bund\u011b a s rukavicemi | \u0160koda We Love Cycling - \u010cesk\u00e1 republika<\/title>\n<meta name=\"description\" content=\"Fam\u00f3zn\u00ed p\u0159edstaven\u00ed s v\u00fdjime\u010dn\u00fdmi v\u00fdsledky! Pavel Bittner slavil dv\u011b etapov\u00e1 prvenstv\u00ed p\u0159i z\u00e1vod\u011b Kolem Burgosu a jako bonus p\u0159idal v\u00edt\u011bzstv\u00ed v bodovac\u00ed sout\u011b\u017ei. Pro jednadvacetilet\u00e9ho cyklistu t\u00fdmu DSM-firmenich PostNL \u0161lo o dosud nejv\u011bt\u0161\u00ed \u00fasp\u011bch a pat\u0159i\u010dn\u00fd p\u0159\u00edval sebev\u011bdom\u00ed, kter\u00e9 se bude hodit. U\u017e v sobotu se postav\u00ed poprv\u00e9 v \u017eivot\u011b na start Grand Tour: nizozemsk\u00e1 formace jednadvacetilet\u00e9ho rod\u00e1ka z Olomouce nominovala na \u0161pan\u011blskou Vueltu.\" \/>\n<meta name=\"robots\" content=\"index, follow, max-snippet:-1, max-image-preview:large, max-video-preview:-1\" \/>\n<link rel=\"canonical\" href=\"https:\/\/www.welovecycling.com\/cs\/2024\/08\/13\/pavel-bittner-o-prvnim-triumfu-i-debutu-na-vuelte-tri-roky-nic-a-ted-dve-vyhry-za-tyden-forma-je-skvele-nacasovana\/\" \/>\n<meta property=\"og:locale\" content=\"cs_CZ\" \/>\n<meta property=\"og:type\" content=\"article\" \/>\n<meta property=\"og:title\" content=\"Pavel Bittner o prvn\u00ed v\u00fdh\u0159e, Vuelt\u011b i d\u016fvodu, pro\u010d v l\u00e9t\u011b jezdil v \u010depici, bund\u011b a s rukavicemi\" \/>\n<meta property=\"og:description\" content=\"Fam\u00f3zn\u00ed p\u0159edstaven\u00ed s v\u00fdjime\u010dn\u00fdmi v\u00fdsledky! Pavel Bittner slavil dv\u011b etapov\u00e1 prvenstv\u00ed p\u0159i z\u00e1vod\u011b Kolem Burgosu a jako bonus p\u0159idal v\u00edt\u011bzstv\u00ed v bodovac\u00ed sout\u011b\u017ei. Pro jednadvacetilet\u00e9ho cyklistu t\u00fdmu DSM-firmenich PostNL \u0161lo o dosud nejv\u011bt\u0161\u00ed \u00fasp\u011bch a pat\u0159i\u010dn\u00fd p\u0159\u00edval sebev\u011bdom\u00ed, kter\u00e9 se bude hodit. U\u017e v sobotu se postav\u00ed poprv\u00e9 v \u017eivot\u011b na start Grand Tour: nizozemsk\u00e1 formace jednadvacetilet\u00e9ho rod\u00e1ka z Olomouce nominovala na \u0161pan\u011blskou Vueltu.\" \/>\n<meta property=\"og:url\" content=\"https:\/\/www.welovecycling.com\/cs\/2024\/08\/13\/pavel-bittner-o-prvnim-triumfu-i-debutu-na-vuelte-tri-roky-nic-a-ted-dve-vyhry-za-tyden-forma-je-skvele-nacasovana\/\" \/>\n<meta property=\"og:site_name\" content=\"\u0160koda We Love Cycling - \u010cesk\u00e1 republika\" \/>\n<meta property=\"article:published_time\" content=\"2024-08-13T03:00:06+00:00\" \/>\n<meta property=\"article:modified_time\" content=\"2024-08-19T11:25:08+00:00\" \/>\n<meta property=\"og:image\" content=\"https:\/\/d2p6e6u75xmxt8.cloudfront.net\/13\/2024\/08\/profimedia-0896244117.webp\" \/>\n\t<meta property=\"og:image:width\" content=\"1800\" \/>\n\t<meta property=\"og:image:height\" content=\"1200\" \/>\n\t<meta property=\"og:image:type\" content=\"image\/webp\" \/>\n<meta name=\"author\" content=\"radekmalina\" \/>\n<meta name=\"twitter:card\" content=\"summary_large_image\" \/>\n<meta name=\"twitter:label1\" content=\"Written by\" \/>\n\t<meta name=\"twitter:data1\" content=\"We Love Cycling\" \/>\n\t<meta name=\"twitter:label2\" content=\"Est. reading time\" \/>\n\t<meta name=\"twitter:data2\" content=\"6\" \/>\n<script type=\"application\/ld+json\" class=\"yoast-schema-graph\">{\"@context\":\"https:\/\/schema.org\",\"@graph\":[{\"@type\":\"WebPage\",\"@id\":\"https:\/\/www.welovecycling.com\/cs\/2024\/08\/13\/pavel-bittner-o-prvnim-triumfu-i-debutu-na-vuelte-tri-roky-nic-a-ted-dve-vyhry-za-tyden-forma-je-skvele-nacasovana\/\",\"url\":\"https:\/\/www.welovecycling.com\/cs\/2024\/08\/13\/pavel-bittner-o-prvnim-triumfu-i-debutu-na-vuelte-tri-roky-nic-a-ted-dve-vyhry-za-tyden-forma-je-skvele-nacasovana\/\",\"name\":\"Pavel Bittner o prvn\u00ed v\u00fdh\u0159e, Vuelt\u011b i d\u016fvodu, pro\u010d v l\u00e9t\u011b jezdil v \u010depici, bund\u011b a s rukavicemi | \u0160koda We Love Cycling - \u010cesk\u00e1 republika\",\"isPartOf\":{\"@id\":\"https:\/\/www.welovecycling.com\/cs\/#website\"},\"primaryImageOfPage\":{\"@id\":\"https:\/\/www.welovecycling.com\/cs\/2024\/08\/13\/pavel-bittner-o-prvnim-triumfu-i-debutu-na-vuelte-tri-roky-nic-a-ted-dve-vyhry-za-tyden-forma-je-skvele-nacasovana\/#primaryimage\"},\"image\":{\"@id\":\"https:\/\/www.welovecycling.com\/cs\/2024\/08\/13\/pavel-bittner-o-prvnim-triumfu-i-debutu-na-vuelte-tri-roky-nic-a-ted-dve-vyhry-za-tyden-forma-je-skvele-nacasovana\/#primaryimage\"},\"thumbnailUrl\":\"https:\/\/d2p6e6u75xmxt8.cloudfront.net\/13\/2024\/08\/profimedia-0896244117.webp\",\"datePublished\":\"2024-08-13T03:00:06+00:00\",\"dateModified\":\"2024-08-19T11:25:08+00:00\",\"author\":{\"@id\":\"https:\/\/www.welovecycling.com\/cs\/#\/schema\/person\/d9eeb0a378f3a7e4a6d12d2b536b04b8\"},\"description\":\"Fam\u00f3zn\u00ed p\u0159edstaven\u00ed s v\u00fdjime\u010dn\u00fdmi v\u00fdsledky! Pavel Bittner slavil dv\u011b etapov\u00e1 prvenstv\u00ed p\u0159i z\u00e1vod\u011b Kolem Burgosu a jako bonus p\u0159idal v\u00edt\u011bzstv\u00ed v bodovac\u00ed sout\u011b\u017ei. Pro jednadvacetilet\u00e9ho cyklistu t\u00fdmu DSM-firmenich PostNL \u0161lo o dosud nejv\u011bt\u0161\u00ed \u00fasp\u011bch a pat\u0159i\u010dn\u00fd p\u0159\u00edval sebev\u011bdom\u00ed, kter\u00e9 se bude hodit. U\u017e v sobotu se postav\u00ed poprv\u00e9 v \u017eivot\u011b na start Grand Tour: nizozemsk\u00e1 formace jednadvacetilet\u00e9ho rod\u00e1ka z Olomouce nominovala na \u0161pan\u011blskou Vueltu.\",\"inLanguage\":\"cs\",\"potentialAction\":[{\"@type\":\"ReadAction\",\"target\":[\"https:\/\/www.welovecycling.com\/cs\/2024\/08\/13\/pavel-bittner-o-prvnim-triumfu-i-debutu-na-vuelte-tri-roky-nic-a-ted-dve-vyhry-za-tyden-forma-je-skvele-nacasovana\/\"]}]},{\"@type\":\"ImageObject\",\"inLanguage\":\"cs\",\"@id\":\"https:\/\/www.welovecycling.com\/cs\/2024\/08\/13\/pavel-bittner-o-prvnim-triumfu-i-debutu-na-vuelte-tri-roky-nic-a-ted-dve-vyhry-za-tyden-forma-je-skvele-nacasovana\/#primaryimage\",\"url\":\"https:\/\/d2p6e6u75xmxt8.cloudfront.net\/13\/2024\/08\/profimedia-0896244117.webp\",\"contentUrl\":\"https:\/\/d2p6e6u75xmxt8.cloudfront.net\/13\/2024\/08\/profimedia-0896244117.webp\",\"width\":1800,\"height\":1200,\"caption\":\"Pavel Bittner a jeho prvn\u00ed profesion\u00e1ln\u00ed v\u00edt\u011bzstv\u00ed v kari\u00e9\u0159e.\"},{\"@type\":\"WebSite\",\"@id\":\"https:\/\/www.welovecycling.com\/cs\/#website\",\"url\":\"https:\/\/www.welovecycling.com\/cs\/\",\"name\":\"\u0160koda We Love Cycling - \u010cesk\u00e1 republika\",\"description\":\"WeLoveCycling.cz je online magaz\u00edn, kter\u00fd v\u00e1m pravideln\u011b p\u0159in\u00e1\u0161\u00ed rady a tipy, zaj\u00edmav\u00e9 \u010dl\u00e1nky, videa a jedine\u010dn\u00e9 report\u00e1\u017ee ze sv\u011bta cyklistiky.\",\"potentialAction\":[{\"@type\":\"SearchAction\",\"target\":{\"@type\":\"EntryPoint\",\"urlTemplate\":\"https:\/\/www.welovecycling.com\/cs\/?s={search_term_string}\"},\"query-input\":{\"@type\":\"PropertyValueSpecification\",\"valueRequired\":true,\"valueName\":\"search_term_string\"}}],\"inLanguage\":\"cs\"},{\"@type\":\"Person\",\"@id\":\"https:\/\/www.welovecycling.com\/cs\/#\/schema\/person\/d9eeb0a378f3a7e4a6d12d2b536b04b8\",\"name\":\"radekmalina\",\"image\":{\"@type\":\"ImageObject\",\"inLanguage\":\"cs\",\"@id\":\"https:\/\/www.welovecycling.com\/cs\/#\/schema\/person\/image\/\",\"url\":\"https:\/\/secure.gravatar.com\/avatar\/66994b632cb8c39a46b9f54afa3ae07201b678d32a54275b6f1c9ffec356bfc0?s=96&d=mm&r=g\",\"contentUrl\":\"https:\/\/secure.gravatar.com\/avatar\/66994b632cb8c39a46b9f54afa3ae07201b678d32a54275b6f1c9ffec356bfc0?s=96&d=mm&r=g\",\"caption\":\"radekmalina\"},\"url\":\"https:\/\/www.welovecycling.com\/cs\/author\/radekmalina\/\"}]}<\/script>\n<!-- \/ Yoast SEO Premium plugin. -->","yoast_head_json":{"title":"Pavel Bittner o prvn\u00ed v\u00fdh\u0159e, Vuelt\u011b i d\u016fvodu, pro\u010d v l\u00e9t\u011b jezdil v \u010depici, bund\u011b a s rukavicemi | \u0160koda We Love Cycling - \u010cesk\u00e1 republika","description":"Fam\u00f3zn\u00ed p\u0159edstaven\u00ed s v\u00fdjime\u010dn\u00fdmi v\u00fdsledky! Pavel Bittner slavil dv\u011b etapov\u00e1 prvenstv\u00ed p\u0159i z\u00e1vod\u011b Kolem Burgosu a jako bonus p\u0159idal v\u00edt\u011bzstv\u00ed v bodovac\u00ed sout\u011b\u017ei. Pro jednadvacetilet\u00e9ho cyklistu t\u00fdmu DSM-firmenich PostNL \u0161lo o dosud nejv\u011bt\u0161\u00ed \u00fasp\u011bch a pat\u0159i\u010dn\u00fd p\u0159\u00edval sebev\u011bdom\u00ed, kter\u00e9 se bude hodit. U\u017e v sobotu se postav\u00ed poprv\u00e9 v \u017eivot\u011b na start Grand Tour: nizozemsk\u00e1 formace jednadvacetilet\u00e9ho rod\u00e1ka z Olomouce nominovala na \u0161pan\u011blskou Vueltu.","robots":{"index":"index","follow":"follow","max-snippet":"max-snippet:-1","max-image-preview":"max-image-preview:large","max-video-preview":"max-video-preview:-1"},"canonical":"https:\/\/www.welovecycling.com\/cs\/2024\/08\/13\/pavel-bittner-o-prvnim-triumfu-i-debutu-na-vuelte-tri-roky-nic-a-ted-dve-vyhry-za-tyden-forma-je-skvele-nacasovana\/","og_locale":"cs_CZ","og_type":"article","og_title":"Pavel Bittner o prvn\u00ed v\u00fdh\u0159e, Vuelt\u011b i d\u016fvodu, pro\u010d v l\u00e9t\u011b jezdil v \u010depici, bund\u011b a s rukavicemi","og_description":"Fam\u00f3zn\u00ed p\u0159edstaven\u00ed s v\u00fdjime\u010dn\u00fdmi v\u00fdsledky! Pavel Bittner slavil dv\u011b etapov\u00e1 prvenstv\u00ed p\u0159i z\u00e1vod\u011b Kolem Burgosu a jako bonus p\u0159idal v\u00edt\u011bzstv\u00ed v bodovac\u00ed sout\u011b\u017ei. Pro jednadvacetilet\u00e9ho cyklistu t\u00fdmu DSM-firmenich PostNL \u0161lo o dosud nejv\u011bt\u0161\u00ed \u00fasp\u011bch a pat\u0159i\u010dn\u00fd p\u0159\u00edval sebev\u011bdom\u00ed, kter\u00e9 se bude hodit. U\u017e v sobotu se postav\u00ed poprv\u00e9 v \u017eivot\u011b na start Grand Tour: nizozemsk\u00e1 formace jednadvacetilet\u00e9ho rod\u00e1ka z Olomouce nominovala na \u0161pan\u011blskou Vueltu.","og_url":"https:\/\/www.welovecycling.com\/cs\/2024\/08\/13\/pavel-bittner-o-prvnim-triumfu-i-debutu-na-vuelte-tri-roky-nic-a-ted-dve-vyhry-za-tyden-forma-je-skvele-nacasovana\/","og_site_name":"\u0160koda We Love Cycling - \u010cesk\u00e1 republika","article_published_time":"2024-08-13T03:00:06+00:00","article_modified_time":"2024-08-19T11:25:08+00:00","og_image":[{"width":1800,"height":1200,"url":"https:\/\/d2p6e6u75xmxt8.cloudfront.net\/13\/2024\/08\/profimedia-0896244117.webp","type":"image\/webp"}],"author":"radekmalina","twitter_card":"summary_large_image","twitter_misc":{"Written by":"We Love Cycling","Est. reading time":"6"},"schema":{"@context":"https:\/\/schema.org","@graph":[{"@type":"WebPage","@id":"https:\/\/www.welovecycling.com\/cs\/2024\/08\/13\/pavel-bittner-o-prvnim-triumfu-i-debutu-na-vuelte-tri-roky-nic-a-ted-dve-vyhry-za-tyden-forma-je-skvele-nacasovana\/","url":"https:\/\/www.welovecycling.com\/cs\/2024\/08\/13\/pavel-bittner-o-prvnim-triumfu-i-debutu-na-vuelte-tri-roky-nic-a-ted-dve-vyhry-za-tyden-forma-je-skvele-nacasovana\/","name":"Pavel Bittner o prvn\u00ed v\u00fdh\u0159e, Vuelt\u011b i d\u016fvodu, pro\u010d v l\u00e9t\u011b jezdil v \u010depici, bund\u011b a s rukavicemi | \u0160koda We Love Cycling - \u010cesk\u00e1 republika","isPartOf":{"@id":"https:\/\/www.welovecycling.com\/cs\/#website"},"primaryImageOfPage":{"@id":"https:\/\/www.welovecycling.com\/cs\/2024\/08\/13\/pavel-bittner-o-prvnim-triumfu-i-debutu-na-vuelte-tri-roky-nic-a-ted-dve-vyhry-za-tyden-forma-je-skvele-nacasovana\/#primaryimage"},"image":{"@id":"https:\/\/www.welovecycling.com\/cs\/2024\/08\/13\/pavel-bittner-o-prvnim-triumfu-i-debutu-na-vuelte-tri-roky-nic-a-ted-dve-vyhry-za-tyden-forma-je-skvele-nacasovana\/#primaryimage"},"thumbnailUrl":"https:\/\/d2p6e6u75xmxt8.cloudfront.net\/13\/2024\/08\/profimedia-0896244117.webp","datePublished":"2024-08-13T03:00:06+00:00","dateModified":"2024-08-19T11:25:08+00:00","author":{"@id":"https:\/\/www.welovecycling.com\/cs\/#\/schema\/person\/d9eeb0a378f3a7e4a6d12d2b536b04b8"},"description":"Fam\u00f3zn\u00ed p\u0159edstaven\u00ed s v\u00fdjime\u010dn\u00fdmi v\u00fdsledky! Pavel Bittner slavil dv\u011b etapov\u00e1 prvenstv\u00ed p\u0159i z\u00e1vod\u011b Kolem Burgosu a jako bonus p\u0159idal v\u00edt\u011bzstv\u00ed v bodovac\u00ed sout\u011b\u017ei. Pro jednadvacetilet\u00e9ho cyklistu t\u00fdmu DSM-firmenich PostNL \u0161lo o dosud nejv\u011bt\u0161\u00ed \u00fasp\u011bch a pat\u0159i\u010dn\u00fd p\u0159\u00edval sebev\u011bdom\u00ed, kter\u00e9 se bude hodit. U\u017e v sobotu se postav\u00ed poprv\u00e9 v \u017eivot\u011b na start Grand Tour: nizozemsk\u00e1 formace jednadvacetilet\u00e9ho rod\u00e1ka z Olomouce nominovala na \u0161pan\u011blskou Vueltu.","inLanguage":"cs","potentialAction":[{"@type":"ReadAction","target":["https:\/\/www.welovecycling.com\/cs\/2024\/08\/13\/pavel-bittner-o-prvnim-triumfu-i-debutu-na-vuelte-tri-roky-nic-a-ted-dve-vyhry-za-tyden-forma-je-skvele-nacasovana\/"]}]},{"@type":"ImageObject","inLanguage":"cs","@id":"https:\/\/www.welovecycling.com\/cs\/2024\/08\/13\/pavel-bittner-o-prvnim-triumfu-i-debutu-na-vuelte-tri-roky-nic-a-ted-dve-vyhry-za-tyden-forma-je-skvele-nacasovana\/#primaryimage","url":"https:\/\/d2p6e6u75xmxt8.cloudfront.net\/13\/2024\/08\/profimedia-0896244117.webp","contentUrl":"https:\/\/d2p6e6u75xmxt8.cloudfront.net\/13\/2024\/08\/profimedia-0896244117.webp","width":1800,"height":1200,"caption":"Pavel Bittner a jeho prvn\u00ed profesion\u00e1ln\u00ed v\u00edt\u011bzstv\u00ed v kari\u00e9\u0159e."},{"@type":"WebSite","@id":"https:\/\/www.welovecycling.com\/cs\/#website","url":"https:\/\/www.welovecycling.com\/cs\/","name":"\u0160koda We Love Cycling - \u010cesk\u00e1 republika","description":"WeLoveCycling.cz je online magaz\u00edn, kter\u00fd v\u00e1m pravideln\u011b p\u0159in\u00e1\u0161\u00ed rady a tipy, zaj\u00edmav\u00e9 \u010dl\u00e1nky, videa a jedine\u010dn\u00e9 report\u00e1\u017ee ze sv\u011bta cyklistiky.","potentialAction":[{"@type":"SearchAction","target":{"@type":"EntryPoint","urlTemplate":"https:\/\/www.welovecycling.com\/cs\/?s={search_term_string}"},"query-input":{"@type":"PropertyValueSpecification","valueRequired":true,"valueName":"search_term_string"}}],"inLanguage":"cs"},{"@type":"Person","@id":"https:\/\/www.welovecycling.com\/cs\/#\/schema\/person\/d9eeb0a378f3a7e4a6d12d2b536b04b8","name":"radekmalina","image":{"@type":"ImageObject","inLanguage":"cs","@id":"https:\/\/www.welovecycling.com\/cs\/#\/schema\/person\/image\/","url":"https:\/\/secure.gravatar.com\/avatar\/66994b632cb8c39a46b9f54afa3ae07201b678d32a54275b6f1c9ffec356bfc0?s=96&d=mm&r=g","contentUrl":"https:\/\/secure.gravatar.com\/avatar\/66994b632cb8c39a46b9f54afa3ae07201b678d32a54275b6f1c9ffec356bfc0?s=96&d=mm&r=g","caption":"radekmalina"},"url":"https:\/\/www.welovecycling.com\/cs\/author\/radekmalina\/"}]}},"_links":{"self":[{"href":"https:\/\/www.welovecycling.com\/cs\/wp-json\/wp\/v2\/posts\/26848","targetHints":{"allow":["GET"]}}],"collection":[{"href":"https:\/\/www.welovecycling.com\/cs\/wp-json\/wp\/v2\/posts"}],"about":[{"href":"https:\/\/www.welovecycling.com\/cs\/wp-json\/wp\/v2\/types\/post"}],"author":[{"embeddable":true,"href":"https:\/\/www.welovecycling.com\/cs\/wp-json\/wp\/v2\/users\/138"}],"replies":[{"embeddable":true,"href":"https:\/\/www.welovecycling.com\/cs\/wp-json\/wp\/v2\/comments?post=26848"}],"version-history":[{"count":5,"href":"https:\/\/www.welovecycling.com\/cs\/wp-json\/wp\/v2\/posts\/26848\/revisions"}],"predecessor-version":[{"id":26855,"href":"https:\/\/www.welovecycling.com\/cs\/wp-json\/wp\/v2\/posts\/26848\/revisions\/26855"}],"wp:featuredmedia":[{"embeddable":true,"href":"https:\/\/www.welovecycling.com\/cs\/wp-json\/wp\/v2\/media\/26850"}],"wp:attachment":[{"href":"https:\/\/www.welovecycling.com\/cs\/wp-json\/wp\/v2\/media?parent=26848"}],"wp:term":[{"taxonomy":"category","embeddable":true,"href":"https:\/\/www.welovecycling.com\/cs\/wp-json\/wp\/v2\/categories?post=26848"},{"taxonomy":"post_tag","embeddable":true,"href":"https:\/\/www.welovecycling.com\/cs\/wp-json\/wp\/v2\/tags?post=26848"},{"taxonomy":"global-categories","embeddable":true,"href":"https:\/\/www.welovecycling.com\/cs\/wp-json\/wp\/v2\/global-categories?post=26848"}],"curies":[{"name":"wp","href":"https:\/\/api.w.org\/{rel}","templated":true}]}}