{"id":26785,"date":"2024-08-05T05:00:09","date_gmt":"2024-08-05T03:00:09","guid":{"rendered":"https:\/\/www.welovecycling.com\/cs\/?p=26785"},"modified":"2024-08-04T20:00:48","modified_gmt":"2024-08-04T18:00:48","slug":"proc-ve-skutecnosti-tadej-pogacar-nebojoval-v-parizi-o-zlato-krajan-uprimne-promluvil","status":"publish","type":"post","link":"https:\/\/www.welovecycling.com\/cs\/2024\/08\/05\/proc-ve-skutecnosti-tadej-pogacar-nebojoval-v-parizi-o-zlato-krajan-uprimne-promluvil\/","title":{"rendered":"Pro\u010d Tadej Poga\u010dar nebojoval v Pa\u0159\u00ed\u017ei o zlato? T\u00fdmov\u00fd par\u0165\u00e1k up\u0159\u00edmn\u011b promluvil"},"content":{"rendered":"<p><strong>Byl to \u0161ok! Dominoval Tour de France i italsk\u00e9mu Giru, a tak nikdo nepochyboval, \u017ee Tadej Poga\u010dar bude pat\u0159it k hlavn\u00edm adept\u016fm na zlato z olympijsk\u00fdch her v Pa\u0159\u00ed\u017ei. Jen\u017ee Slovinec start ve Francii odm\u00edtl. &#8222;Jsem p\u0159\u00edli\u0161 unaven\u00fd po n\u00e1ro\u010dn\u00e9m programu,&#8220; ozn\u00e1mil z\u00e1vodn\u00edk pat\u0159\u00edc\u00ed na soupisku formace UAE Emirates v ofici\u00e1ln\u00edm komunik\u00e9. Jen\u017ee jeho krajan Luka Mezgec b\u011bhem olympijsk\u00fdch her vysv\u011btlil prav\u00fd d\u016fvod absence z\u0159ejm\u011b nejlep\u0161\u00edho cyklisty sou\u010dasnosti.<\/strong><\/p>\n<p>&#8222;Mysl\u00edm, \u017ee ofici\u00e1ln\u00ed d\u016fvod v podob\u011b \u00fanavy nen\u00ed \u00fapln\u00e1 realita. V\u00edm, \u017ee i kdyby byl Tadej Poga\u010dar unaven\u00fd jako \u010dlov\u011bk na smrteln\u00e9 posteli, tak by do Pa\u0159\u00ed\u017ee p\u0159i\u0161el. Kdyby tedy byla v nominaci Ur\u0161ka \u017digartov\u00e1,&#8220; prohl\u00e1sil Luka Mezgec, slovinsk\u00fd \u0161estat\u0159icetilet\u00fd z\u00e1vodn\u00edk pat\u0159\u00edc\u00ed do formace Jayco AlUla. Jeho barvy obl\u00e9k\u00e1 i Ur\u0161ka \u017digartov\u00e1, snoubenka Tadeje Poga\u010dara.<\/p>\n<h2><strong>Pa\u0159\u00ed\u017esk\u00e1 tra\u0165 byla jako u\u0161it\u00e1 pro kr\u00e1le Tour a Gira<\/strong><\/h2>\n<p>Slovinsko p\u016fvodn\u011b m\u011blo pat\u0159it k hlavn\u00edm adept\u016fm na zlato. V \u010dasovce i hromadn\u00e9m z\u00e1vod\u011b mu\u017e\u016f. Hlavn\u00edm trumfem zem\u011b z jihu Evropy byl pochopiteln\u011b Tadej Poga\u010dar, kter\u00fd pro\u017e\u00edv\u00e1 \u00fachvatnou sezonu. V\u017edy\u0165 od za\u010d\u00e1tku roku je jako ma\u0161ina na v\u00edt\u011bzstv\u00ed. Ovl\u00e1dl klasiky Strade Bianche a Lutych-Bastogne-Lutych, etap\u00e1k Kolem Katal\u00e1nska, \u00favodn\u00ed Grand Tour v podob\u011b italsk\u00e9ho Gira, a pak neslavn\u011bj\u0161\u00ed z\u00e1vod planety Tour de France! Dominoval \u0161esti etap\u00e1m pod Apeninami, stejn\u00fd po\u010det d\u00edl\u010d\u00edch prvenstv\u00ed slavil p\u0159i Grande Boucle.<\/p>\n<p>Na minul\u00e9 olympi\u00e1d\u011b v Tokiu dojel Tadej Poga\u010dar t\u0159et\u00ed a profil trasy v Pa\u0159\u00ed\u017ei mu sed\u011bl s ohledem na mno\u017estv\u00ed nastoupen\u00fdch metr\u016f. V\u0161ichni jej pova\u017eovali za hlavn\u00edho favorita na v\u00edt\u011bzstv\u00ed. Tedy do okam\u017eiku, ne\u017e ozn\u00e1mil, \u017ee do Francie nepojede&#8230;<\/p>\n<figure id=\"attachment_26788\" aria-describedby=\"caption-attachment-26788\" style=\"width: 1800px\" class=\"wp-caption alignnone\"><a href=\"https:\/\/d2p6e6u75xmxt8.cloudfront.net\/13\/2024\/08\/profimedia-0892072108.webp\"><img loading=\"lazy\" decoding=\"async\" class=\"size-full wp-image-26788\" src=\"https:\/\/d2p6e6u75xmxt8.cloudfront.net\/13\/2024\/08\/profimedia-0892072108.webp\" alt=\"Ur\u0161ka \u017digart a Tadej Poga\u010dar na balkonu v Komend\u011b, rodn\u00e9m m\u011bst\u011b slovinsk\u00e9ho cyklistu, po v\u00edt\u011bzn\u00e9 Tour de France 2024. Foto: profimedia\" width=\"1800\" height=\"1200\" srcset=\"https:\/\/d2p6e6u75xmxt8.cloudfront.net\/13\/2024\/08\/profimedia-0892072108.webp 1800w, https:\/\/d2p6e6u75xmxt8.cloudfront.net\/13\/2024\/08\/profimedia-0892072108-300x200.webp 300w, https:\/\/d2p6e6u75xmxt8.cloudfront.net\/13\/2024\/08\/profimedia-0892072108-1024x683.webp 1024w, https:\/\/d2p6e6u75xmxt8.cloudfront.net\/13\/2024\/08\/profimedia-0892072108-768x512.webp 768w, https:\/\/d2p6e6u75xmxt8.cloudfront.net\/13\/2024\/08\/profimedia-0892072108-1536x1024.webp 1536w, https:\/\/d2p6e6u75xmxt8.cloudfront.net\/13\/2024\/08\/profimedia-0892072108-400x267.webp 400w, https:\/\/d2p6e6u75xmxt8.cloudfront.net\/13\/2024\/08\/profimedia-0892072108-272x182.webp 272w\" sizes=\"auto, (max-width: 1800px) 100vw, 1800px\" \/><\/a><figcaption id=\"caption-attachment-26788\" class=\"wp-caption-text\"><em>Ur\u0161ka \u017digartov\u00e1 a Tadej Poga\u010dar na balkonu v Komend\u011b, rodn\u00e9m m\u011bst\u011b slovinsk\u00e9ho cyklistu, po v\u00edt\u011bzn\u00e9 Tour de France 2024. Foto: profimedia<\/em><\/figcaption><\/figure>\n<p>Sedmadvacetilet\u00e1 Ur\u0161ka \u017digartov\u00e1, z\u00e1vodnice formace Liv AlUla Jayco, letos vyhr\u00e1la slovinsk\u00fd titul v \u010dasovce i v hromadn\u00e9m z\u00e1vod\u011b, kter\u00fd opanovala pot\u0159et\u00ed v \u0159ad\u011b a po\u010dtvrt\u00e9 v kari\u00e9\u0159e. Ve sv\u011btov\u00e9m \u017eeb\u0159\u00ed\u010dku UCI je na st\u00e9 pozici jako nejlep\u0161\u00ed ze slovinsk\u00fdch cyklistek. Jen\u017ee k v\u0161eobecn\u00e9mu \u00fadivu ve Slovinsku se v nominaci pro Pa\u0159\u00ed\u017e 2024 neobjevila.<\/p>\n<h2><strong>Tadej Poga\u010dar: Jsem zdeptan\u00fd, \u017ee Ur\u0161ka nen\u00ed v nominaci<\/strong><\/h2>\n<p>\u017divotn\u00ed l\u00e1ska Poga\u010dara netajila, jak je roz\u010darovan\u00e1. A p\u0159esto\u017ee Tadej Poga\u010dar v okam\u017eiku zve\u0159ejn\u011bn\u00ed jmen pro Pa\u0159\u00ed\u017e 2024 bojoval o triumf na Tour de France, neodpustil si jasn\u00fd vzkaz sm\u011brem ke generalit\u011b slovinsk\u00e9 cyklistiky prost\u0159ednictv\u00edm prohl\u00e1\u0161en\u00ed na instagramu: &#8222;Jsem zdeptan\u00fd. Naprosto. Nejlep\u0161\u00ed slovinsk\u00e1 z\u00e1vodnice nebyla nominov\u00e1na na olympijsk\u00e9 hry do Pa\u0159\u00ed\u017ee. Nem\u00e1m slov!&#8220;<\/p>\n<div class=\"shortcode-ys-post-pinup\"><article class=\"loop-simple post-26604 post type-post status-publish format-standard has-post-thumbnail hentry category-tour-de-france tag-cyklistika tag-doping tag-expert-we-love-cycling tag-jonas-vingegaard tag-oxid-uhelnaty tag-remco-evenepoel tag-silnicni-cyklistika tag-tadej-pogacar tag-tour-de-france tag-tour-de-france-2024 tag-zdenek-stybar global-categories-cycling\" data-postid=\"26604\" role=\"article\" data-post-id=\"26604\" data-word-count=\"705\" data-headline-length=\"93\" data-category=\"Tour de France\" data-global-category=\"Cycling\" data-author=\"7\" data-published=\"2024-07-24T05:00:28+02:00\" data-published-day=\"Wednesday\">\n    <div class=\"entry-thumbnail article-thumbnail\" content=\"https:\/\/d2p6e6u75xmxt8.cloudfront.net\/13\/2024\/07\/1800-x-1200-velky-150x150.webp\"><a href=\"https:\/\/www.welovecycling.com\/cs\/2024\/07\/24\/tadej-pogacar-i-cely-peloton-urcite-jeste-zrychli-predvida-expert-a-vi-jak-to-cykliste-udelaji\/\" class=\"image-holder\" target=\"_self\"><img decoding=\"async\" loading=\"lazy\" class=\"\" src=\"https:\/\/d2p6e6u75xmxt8.cloudfront.net\/13\/2024\/07\/1800-x-1200-velky-1024x683.webp\" srcset=\"https:\/\/d2p6e6u75xmxt8.cloudfront.net\/13\/2024\/07\/1800-x-1200-velky.webp 1800w, https:\/\/d2p6e6u75xmxt8.cloudfront.net\/13\/2024\/07\/1800-x-1200-velky-300x200.webp 300w, https:\/\/d2p6e6u75xmxt8.cloudfront.net\/13\/2024\/07\/1800-x-1200-velky-1024x683.webp 1024w, https:\/\/d2p6e6u75xmxt8.cloudfront.net\/13\/2024\/07\/1800-x-1200-velky-768x512.webp 768w, https:\/\/d2p6e6u75xmxt8.cloudfront.net\/13\/2024\/07\/1800-x-1200-velky-1536x1024.webp 1536w, https:\/\/d2p6e6u75xmxt8.cloudfront.net\/13\/2024\/07\/1800-x-1200-velky-400x267.webp 400w, https:\/\/d2p6e6u75xmxt8.cloudfront.net\/13\/2024\/07\/1800-x-1200-velky-272x182.webp 272w\" width=\"1024\" height=\"683\" sizes=\"auto, (min-width: 1200px) 300px, (min-width: 768px) 25vw, 100vw\" alt=\"tadej-pogacar-i-cely-peloton-urcite-jeste-zrychli-predvida-expert-a-vi-jak-to-cykliste-udelaji\"\/><\/a><\/div>    <div class=\"entry-meta\">\n        <a class=\"label label-secondary post-category\" href=\"https:\/\/www.welovecycling.com\/cs\/category\/tour-de-france\/\" title=\"Tour de France\">Tour de France<\/a>\n    <\/div>\n    <div class=\"entry-details\">\n        <a href=\"https:\/\/www.welovecycling.com\/cs\/2024\/07\/24\/tadej-pogacar-i-cely-peloton-urcite-jeste-zrychli-predvida-expert-a-vi-jak-to-cykliste-udelaji\/\" class='entry-title-wrapper'>\n            <h3 class=\"entry-title\"><span>Tadej Poga\u010dar i cel\u00fd peloton ur\u010dit\u011b je\u0161t\u011b zrychl\u00ed, a v\u00edme, jak to cyklist\u00e9 ud\u011blaj\u00ed<\/span><\/h3>\n        <\/a>\n    <\/div>\n    <\/article>\n<\/div>\n<p>Koncentroval se na bitvu o maillot jaune. Ov\u0161em po dojezdu z\u00e1vodu v Nice p\u0159i\u0161la pro slovinsk\u00fd t\u00fdm zdrcuj\u00edc\u00ed zpr\u00e1va o Poga\u010darov\u011b ne\u00fa\u010dasti na olympijsk\u00fdch hr\u00e1ch. Slovinci tu\u0161ili, \u017ee bez superstar sou\u010dasn\u00e9 silni\u010dn\u00ed cyklistiky budou jejich \u0161ance na \u00fasp\u011bch miziv\u00e9. Nikdo z nich nepro\u017e\u00edv\u00e1 osl\u0148uj\u00edc\u00ed sezonu. V\u0161ak tak\u00e9 Matej Mohori\u010d do posledn\u00ed chv\u00edle p\u0159esv\u011bd\u010doval Tadeje Poga\u010dara, aby rozhodnut\u00ed zm\u011bnil. Marn\u011b! A Slovinci dopadli v Pa\u0159\u00ed\u017ei katastrof\u00e1ln\u011b.<\/p>\n<p>P\u0159i \u010dasovce dojel Jan Tratnik na sedmadvac\u00e1t\u00e9 pozici. A hromadn\u00fd z\u00e1vod? Luka Mezgec v Pa\u0159\u00ed\u017ei fini\u0161oval osmat\u0159ic\u00e1t\u00fd. Nejlep\u0161\u00edm ze Slovinc\u016f byl osm\u00fd Jan Tratnik. Domen Novak a Matej Mohori\u010d v\u016fbec nedojeli do c\u00edle z\u00e1vodu, kter\u00fd ovl\u00e1dl Remco Evenepoel a vyhr\u00e1l tak druh\u00e9 olympijsk\u00e9 zlato po triumfu v \u010dasovce. P\u0159i vz\u00e1jemn\u00e9m souboji v z\u00e1v\u011bre\u010dn\u00fd den Tour de France p\u0159itom <a href=\"https:\/\/www.welovecycling.com\/cs\/2024\/07\/22\/sest-duvodu-proc-je-tadej-pogacar-neporazitelny\/\">Tadej Poga\u010dar<\/a> belgick\u00e9ho mlad\u00edka v \u010dasovce porazil a v Grande Boucle slavil Slovinec celkov\u00e9 prvenstv\u00ed, zat\u00edmco Remco Evenepoel byl t\u0159et\u00ed.<\/p>\n<figure id=\"attachment_26787\" aria-describedby=\"caption-attachment-26787\" style=\"width: 1800px\" class=\"wp-caption alignnone\"><a href=\"https:\/\/d2p6e6u75xmxt8.cloudfront.net\/13\/2024\/08\/profimedia-0876375803.webp\"><img loading=\"lazy\" decoding=\"async\" class=\"size-full wp-image-26787\" src=\"https:\/\/d2p6e6u75xmxt8.cloudfront.net\/13\/2024\/08\/profimedia-0876375803.webp\" alt=\"Tadej Poga\u010dar a jeho p\u0159\u00edtelkny Ur\u0161ka \u017digart\" width=\"1800\" height=\"1200\" srcset=\"https:\/\/d2p6e6u75xmxt8.cloudfront.net\/13\/2024\/08\/profimedia-0876375803.webp 1800w, https:\/\/d2p6e6u75xmxt8.cloudfront.net\/13\/2024\/08\/profimedia-0876375803-300x200.webp 300w, https:\/\/d2p6e6u75xmxt8.cloudfront.net\/13\/2024\/08\/profimedia-0876375803-1024x683.webp 1024w, https:\/\/d2p6e6u75xmxt8.cloudfront.net\/13\/2024\/08\/profimedia-0876375803-768x512.webp 768w, https:\/\/d2p6e6u75xmxt8.cloudfront.net\/13\/2024\/08\/profimedia-0876375803-1536x1024.webp 1536w, https:\/\/d2p6e6u75xmxt8.cloudfront.net\/13\/2024\/08\/profimedia-0876375803-400x267.webp 400w, https:\/\/d2p6e6u75xmxt8.cloudfront.net\/13\/2024\/08\/profimedia-0876375803-272x182.webp 272w\" sizes=\"auto, (max-width: 1800px) 100vw, 1800px\" \/><\/a><figcaption id=\"caption-attachment-26787\" class=\"wp-caption-text\"><em>Tadej Poga\u010dar a jeho p\u0159\u00edtelkyn\u011b Ur\u0161ka \u017digartov\u00e1 po triumfu na italsk\u00e9m Giru 2024.<\/em><\/figcaption><\/figure>\n<p>&#8222;Pokud by existovala \u0161ance v podob\u011b jednoho procenta, \u017ee by cht\u011bl Tadej z n\u011bjak\u00e9ho d\u016fvodu z\u016fstat doma m\u00edsto startu v Pa\u0159\u00ed\u017ei, jedno procento by bylo mnohem men\u0161\u00ed, kdyby na olympi\u00e1d\u011b startovala Ur\u0161ka. Proto\u017ee kde je Ur\u0161ka, je i Tadej,&#8220; pokr\u010dil rameny Luka Mezgec v rozhovoru pro slovinskou televizi.<\/p>\n<p>&#8222;V\u00fdb\u011br Ur\u0161ky byl logick\u00fd,&#8220; m\u00e1vl rukou osmat\u0159icetilet\u00fd matador slovinsk\u00e9ho t\u00fdmu. &#8222;A i kdyby nebyla nejlep\u0161\u00ed, m\u011bla v nominaci b\u00fdt. Jakkoliv to m\u016f\u017ee zn\u00edt nep\u0159\u00edjemn\u011b. M\u011bli si Tadeje t\u00edmto rozhodnut\u00edm zajistit. Ale neud\u011blali to. Bohu\u017eel. Lid\u00e9, kte\u0159\u00ed rozhodovali, nep\u0159edv\u00eddali a nedomysleli v\u0161echny sc\u00e9n\u00e1\u0159e,&#8220; vynesl nemilosrdn\u00fd soud Luka Mezgec. Slovinci tak mo\u017en\u00e1 p\u0159i\u0161li o medaili. A Remco Evenepoel mohl napsat historii cyklistiky&#8230;<\/p>\n<h2><strong>Za v\u0161\u00edm byly z\u0159ejm\u011b pen\u00edze<\/strong><\/h2>\n<p>A jak slovinsk\u00fd \u017eensk\u00fd t\u00fdm v Pa\u0159\u00ed\u017ei dopadl? V hromadn\u00e9m z\u00e1vod\u011b \u017een, kter\u00fd ovl\u00e1dla Ameri\u010danka Kristen Faulknerov\u00e1 a \u010desk\u00e1 reprezentantka Julia Kopecky byla \u0161estat\u0159ic\u00e1t\u00e1, dojela nejl\u00e9pe ze slovinsk\u00e9ho t\u00fdmu Eugenia Bujakov\u00e1 na dvaa\u010dty\u0159ic\u00e1t\u00e9 pozici, Ur\u0161ka Pintarov\u00e1 byla dev\u011btapades\u00e1t\u00e1. Pr\u00e1v\u011b ona zabrala m\u00edsto Ur\u0161ky \u017digartov\u00e9. A d\u016fvod je prost\u00fd. Pen\u00edze!<\/p>\n<div class=\"shortcode-ys-post-pinup\"><article class=\"loop-simple post-26774 post type-post status-publish format-standard has-post-thumbnail hentry category-pariz-2024 tag-cyklistika tag-oh-2024 tag-olympiada tag-pariz-2024 tag-remco-evenepoel tag-silnicni-cyklistika tag-tour-de-france global-categories-cycling\" data-postid=\"26774\" role=\"article\" data-post-id=\"26774\" data-word-count=\"872\" data-headline-length=\"98\" data-category=\"Pa\u0159\u00ed\u017e 2024\" data-global-category=\"Cycling\" data-author=\"We Love Cycling\" data-published=\"2024-08-03T23:27:09+02:00\" data-published-day=\"Saturday\">\n    <div class=\"entry-thumbnail article-thumbnail\" content=\"https:\/\/d2p6e6u75xmxt8.cloudfront.net\/13\/2024\/08\/profimedia-0895677762-150x150.webp\"><a href=\"https:\/\/www.welovecycling.com\/cs\/2024\/08\/03\/zlaty-chlapec-a-kral-olympiady-remco-evenepoel-resi-budoucnost-jaka-je-jeho-tajna-zbran\/\" class=\"image-holder\" target=\"_self\"><img decoding=\"async\" loading=\"lazy\" class=\"\" src=\"https:\/\/d2p6e6u75xmxt8.cloudfront.net\/13\/2024\/08\/profimedia-0895677762-1024x683.webp\" srcset=\"https:\/\/d2p6e6u75xmxt8.cloudfront.net\/13\/2024\/08\/profimedia-0895677762.webp 1800w, https:\/\/d2p6e6u75xmxt8.cloudfront.net\/13\/2024\/08\/profimedia-0895677762-300x200.webp 300w, https:\/\/d2p6e6u75xmxt8.cloudfront.net\/13\/2024\/08\/profimedia-0895677762-1024x683.webp 1024w, https:\/\/d2p6e6u75xmxt8.cloudfront.net\/13\/2024\/08\/profimedia-0895677762-768x512.webp 768w, https:\/\/d2p6e6u75xmxt8.cloudfront.net\/13\/2024\/08\/profimedia-0895677762-1536x1024.webp 1536w, https:\/\/d2p6e6u75xmxt8.cloudfront.net\/13\/2024\/08\/profimedia-0895677762-400x267.webp 400w, https:\/\/d2p6e6u75xmxt8.cloudfront.net\/13\/2024\/08\/profimedia-0895677762-272x182.webp 272w\" width=\"1024\" height=\"683\" sizes=\"auto, (min-width: 1200px) 300px, (min-width: 768px) 25vw, 100vw\" alt=\"zlaty-chlapec-a-kral-olympiady-remco-evenepoel-resi-budoucnost-jaka-je-jeho-tajna-zbran\"\/><\/a><\/div>    <div class=\"entry-meta\">\n        <a class=\"label label-secondary post-category\" href=\"https:\/\/www.welovecycling.com\/cs\/category\/pariz-2024\/\" title=\"Pa\u0159\u00ed\u017e 2024\">Pa\u0159\u00ed\u017e 2024<\/a>\n    <\/div>\n    <div class=\"entry-details\">\n        <a href=\"https:\/\/www.welovecycling.com\/cs\/2024\/08\/03\/zlaty-chlapec-a-kral-olympiady-remco-evenepoel-resi-budoucnost-jaka-je-jeho-tajna-zbran\/\" class='entry-title-wrapper'>\n            <h3 class=\"entry-title\"><span>Zlat\u00fd chlapec a kr\u00e1l olympi\u00e1dy Remco Evenepoel \u0159e\u0161\u00ed budoucnost. Jak\u00e1 je jeho tajn\u00e1 zbra\u0148?<\/span><\/h3>\n        <\/a>\n    <\/div>\n    <\/article>\n<\/div>\n<p>Osmat\u0159icetilet\u00e1 Pintarov\u00e1 je v kontinent\u00e1ln\u00edm slovinsk\u00e9m t\u00fdmu BTC City Ljubljana Zhiraf Ambedo, kde je p\u0159edsedou Gorazd Penko, kter\u00fd o nominac\u00edch rozhodoval. A nominace z\u00e1vodnice jeho klubu znamen\u00e1 nemal\u00fd finan\u010dn\u00ed obnos pro t\u00fdmovou kasu&#8230;<\/p>\n<p><strong><em>Tituln\u00ed foto: A.S.O.\/Charly Lopez<\/em><\/strong><\/p>\n","protected":false},"excerpt":{"rendered":"<p>Byl to \u0161ok! Dominoval Tour de France i italsk\u00e9mu Giru, a tak nikdo nepochyboval, \u017ee Tadej Poga\u010dar bude pat\u0159it k [&hellip;]<\/p>\n","protected":false},"author":138,"featured_media":26581,"comment_status":"open","ping_status":"open","sticky":false,"template":"","format":"standard","meta":{"footnotes":""},"categories":[3718],"tags":[126,3739,3737,3738,2896,617,2218,9,2557,502,3276,3736],"global-categories":[411],"class_list":["post-26785","post","type-post","status-publish","format-standard","has-post-thumbnail","hentry","category-pariz-2024","tag-cyklistika","tag-kontroverzni-nominace","tag-luka-mezgec","tag-nominace-pariz-2024","tag-oh-pariz-2024","tag-olympijske-hry","tag-pariz-2024","tag-silnicni-cyklistika","tag-slovinsko","tag-tadej-pogacar","tag-tour-de-france-2024","tag-urska-zigart","global-categories-cycling"],"yoast_head":"<!-- This site is optimized with the Yoast SEO Premium plugin v25.3 (Yoast SEO v25.9) - https:\/\/yoast.com\/wordpress\/plugins\/seo\/ -->\n<title>Pro\u010d Tadej Poga\u010dar nebojoval v Pa\u0159\u00ed\u017ei o zlato? T\u00fdmov\u00fd par\u0165\u00e1k up\u0159\u00edmn\u011b promluvil | \u0160koda We Love Cycling - \u010cesk\u00e1 republika<\/title>\n<meta name=\"description\" content=\"Byl to \u0161ok! Tadej Poga\u010dar odm\u00edtl start na olympijsk\u00fdch hr\u00e1ch v Pa\u0159\u00ed\u017ei. V\u0161e vysv\u011btlil \u00fanavou. Ale d\u016fvod byl podle reprezenta\u010dn\u00edho par\u0165\u00e1ka jin\u00fd.\" \/>\n<meta name=\"robots\" content=\"index, follow, max-snippet:-1, max-image-preview:large, max-video-preview:-1\" \/>\n<link rel=\"canonical\" href=\"https:\/\/www.welovecycling.com\/cs\/2024\/08\/05\/proc-ve-skutecnosti-tadej-pogacar-nebojoval-v-parizi-o-zlato-krajan-uprimne-promluvil\/\" \/>\n<meta property=\"og:locale\" content=\"cs_CZ\" \/>\n<meta property=\"og:type\" content=\"article\" \/>\n<meta property=\"og:title\" content=\"Pro\u010d Tadej Poga\u010dar nebojoval v Pa\u0159\u00ed\u017ei o zlato? T\u00fdmov\u00fd par\u0165\u00e1k up\u0159\u00edmn\u011b promluvil\" \/>\n<meta property=\"og:description\" content=\"Byl to \u0161ok! Tadej Poga\u010dar odm\u00edtl start na olympijsk\u00fdch hr\u00e1ch v Pa\u0159\u00ed\u017ei. V\u0161e vysv\u011btlil \u00fanavou. Ale d\u016fvod byl podle reprezenta\u010dn\u00edho par\u0165\u00e1ka jin\u00fd.\" \/>\n<meta property=\"og:url\" content=\"https:\/\/www.welovecycling.com\/cs\/2024\/08\/05\/proc-ve-skutecnosti-tadej-pogacar-nebojoval-v-parizi-o-zlato-krajan-uprimne-promluvil\/\" \/>\n<meta property=\"og:site_name\" content=\"\u0160koda We Love Cycling - \u010cesk\u00e1 republika\" \/>\n<meta property=\"article:published_time\" content=\"2024-08-05T03:00:09+00:00\" \/>\n<meta property=\"og:image\" content=\"https:\/\/d2p6e6u75xmxt8.cloudfront.net\/13\/2024\/07\/profimedia-0890928696.webp\" \/>\n\t<meta property=\"og:image:width\" content=\"1800\" \/>\n\t<meta property=\"og:image:height\" content=\"1200\" \/>\n\t<meta property=\"og:image:type\" content=\"image\/webp\" \/>\n<meta name=\"author\" content=\"radekmalina\" \/>\n<meta name=\"twitter:card\" content=\"summary_large_image\" \/>\n<meta name=\"twitter:label1\" content=\"Written by\" \/>\n\t<meta name=\"twitter:data1\" content=\"We Love Cycling\" \/>\n\t<meta name=\"twitter:label2\" content=\"Est. reading time\" \/>\n\t<meta name=\"twitter:data2\" content=\"6\" \/>\n<script type=\"application\/ld+json\" class=\"yoast-schema-graph\">{\"@context\":\"https:\/\/schema.org\",\"@graph\":[{\"@type\":\"WebPage\",\"@id\":\"https:\/\/www.welovecycling.com\/cs\/2024\/08\/05\/proc-ve-skutecnosti-tadej-pogacar-nebojoval-v-parizi-o-zlato-krajan-uprimne-promluvil\/\",\"url\":\"https:\/\/www.welovecycling.com\/cs\/2024\/08\/05\/proc-ve-skutecnosti-tadej-pogacar-nebojoval-v-parizi-o-zlato-krajan-uprimne-promluvil\/\",\"name\":\"Pro\u010d Tadej Poga\u010dar nebojoval v Pa\u0159\u00ed\u017ei o zlato? T\u00fdmov\u00fd par\u0165\u00e1k up\u0159\u00edmn\u011b promluvil | \u0160koda We Love Cycling - \u010cesk\u00e1 republika\",\"isPartOf\":{\"@id\":\"https:\/\/www.welovecycling.com\/cs\/#website\"},\"primaryImageOfPage\":{\"@id\":\"https:\/\/www.welovecycling.com\/cs\/2024\/08\/05\/proc-ve-skutecnosti-tadej-pogacar-nebojoval-v-parizi-o-zlato-krajan-uprimne-promluvil\/#primaryimage\"},\"image\":{\"@id\":\"https:\/\/www.welovecycling.com\/cs\/2024\/08\/05\/proc-ve-skutecnosti-tadej-pogacar-nebojoval-v-parizi-o-zlato-krajan-uprimne-promluvil\/#primaryimage\"},\"thumbnailUrl\":\"https:\/\/d2p6e6u75xmxt8.cloudfront.net\/13\/2024\/07\/profimedia-0890928696.webp\",\"datePublished\":\"2024-08-05T03:00:09+00:00\",\"author\":{\"@id\":\"https:\/\/www.welovecycling.com\/cs\/#\/schema\/person\/d9eeb0a378f3a7e4a6d12d2b536b04b8\"},\"description\":\"Byl to \u0161ok! Tadej Poga\u010dar odm\u00edtl start na olympijsk\u00fdch hr\u00e1ch v Pa\u0159\u00ed\u017ei. V\u0161e vysv\u011btlil \u00fanavou. Ale d\u016fvod byl podle reprezenta\u010dn\u00edho par\u0165\u00e1ka jin\u00fd.\",\"inLanguage\":\"cs\",\"potentialAction\":[{\"@type\":\"ReadAction\",\"target\":[\"https:\/\/www.welovecycling.com\/cs\/2024\/08\/05\/proc-ve-skutecnosti-tadej-pogacar-nebojoval-v-parizi-o-zlato-krajan-uprimne-promluvil\/\"]}]},{\"@type\":\"ImageObject\",\"inLanguage\":\"cs\",\"@id\":\"https:\/\/www.welovecycling.com\/cs\/2024\/08\/05\/proc-ve-skutecnosti-tadej-pogacar-nebojoval-v-parizi-o-zlato-krajan-uprimne-promluvil\/#primaryimage\",\"url\":\"https:\/\/d2p6e6u75xmxt8.cloudfront.net\/13\/2024\/07\/profimedia-0890928696.webp\",\"contentUrl\":\"https:\/\/d2p6e6u75xmxt8.cloudfront.net\/13\/2024\/07\/profimedia-0890928696.webp\",\"width\":1800,\"height\":1200,\"caption\":\"Tadej Poga\u010dar a jeho poklona publiku i cel\u00e9 Tour de France 2024 v c\u00edli 19. etapy. Foto: profimedia\"},{\"@type\":\"WebSite\",\"@id\":\"https:\/\/www.welovecycling.com\/cs\/#website\",\"url\":\"https:\/\/www.welovecycling.com\/cs\/\",\"name\":\"\u0160koda We Love Cycling - \u010cesk\u00e1 republika\",\"description\":\"WeLoveCycling.cz je online magaz\u00edn, kter\u00fd v\u00e1m pravideln\u011b p\u0159in\u00e1\u0161\u00ed rady a tipy, zaj\u00edmav\u00e9 \u010dl\u00e1nky, videa a jedine\u010dn\u00e9 report\u00e1\u017ee ze sv\u011bta cyklistiky.\",\"potentialAction\":[{\"@type\":\"SearchAction\",\"target\":{\"@type\":\"EntryPoint\",\"urlTemplate\":\"https:\/\/www.welovecycling.com\/cs\/?s={search_term_string}\"},\"query-input\":{\"@type\":\"PropertyValueSpecification\",\"valueRequired\":true,\"valueName\":\"search_term_string\"}}],\"inLanguage\":\"cs\"},{\"@type\":\"Person\",\"@id\":\"https:\/\/www.welovecycling.com\/cs\/#\/schema\/person\/d9eeb0a378f3a7e4a6d12d2b536b04b8\",\"name\":\"radekmalina\",\"image\":{\"@type\":\"ImageObject\",\"inLanguage\":\"cs\",\"@id\":\"https:\/\/www.welovecycling.com\/cs\/#\/schema\/person\/image\/\",\"url\":\"https:\/\/secure.gravatar.com\/avatar\/66994b632cb8c39a46b9f54afa3ae07201b678d32a54275b6f1c9ffec356bfc0?s=96&d=mm&r=g\",\"contentUrl\":\"https:\/\/secure.gravatar.com\/avatar\/66994b632cb8c39a46b9f54afa3ae07201b678d32a54275b6f1c9ffec356bfc0?s=96&d=mm&r=g\",\"caption\":\"radekmalina\"},\"url\":\"https:\/\/www.welovecycling.com\/cs\/author\/radekmalina\/\"}]}<\/script>\n<!-- \/ Yoast SEO Premium plugin. -->","yoast_head_json":{"title":"Pro\u010d Tadej Poga\u010dar nebojoval v Pa\u0159\u00ed\u017ei o zlato? T\u00fdmov\u00fd par\u0165\u00e1k up\u0159\u00edmn\u011b promluvil | \u0160koda We Love Cycling - \u010cesk\u00e1 republika","description":"Byl to \u0161ok! Tadej Poga\u010dar odm\u00edtl start na olympijsk\u00fdch hr\u00e1ch v Pa\u0159\u00ed\u017ei. V\u0161e vysv\u011btlil \u00fanavou. Ale d\u016fvod byl podle reprezenta\u010dn\u00edho par\u0165\u00e1ka jin\u00fd.","robots":{"index":"index","follow":"follow","max-snippet":"max-snippet:-1","max-image-preview":"max-image-preview:large","max-video-preview":"max-video-preview:-1"},"canonical":"https:\/\/www.welovecycling.com\/cs\/2024\/08\/05\/proc-ve-skutecnosti-tadej-pogacar-nebojoval-v-parizi-o-zlato-krajan-uprimne-promluvil\/","og_locale":"cs_CZ","og_type":"article","og_title":"Pro\u010d Tadej Poga\u010dar nebojoval v Pa\u0159\u00ed\u017ei o zlato? T\u00fdmov\u00fd par\u0165\u00e1k up\u0159\u00edmn\u011b promluvil","og_description":"Byl to \u0161ok! Tadej Poga\u010dar odm\u00edtl start na olympijsk\u00fdch hr\u00e1ch v Pa\u0159\u00ed\u017ei. V\u0161e vysv\u011btlil \u00fanavou. Ale d\u016fvod byl podle reprezenta\u010dn\u00edho par\u0165\u00e1ka jin\u00fd.","og_url":"https:\/\/www.welovecycling.com\/cs\/2024\/08\/05\/proc-ve-skutecnosti-tadej-pogacar-nebojoval-v-parizi-o-zlato-krajan-uprimne-promluvil\/","og_site_name":"\u0160koda We Love Cycling - \u010cesk\u00e1 republika","article_published_time":"2024-08-05T03:00:09+00:00","og_image":[{"width":1800,"height":1200,"url":"https:\/\/d2p6e6u75xmxt8.cloudfront.net\/13\/2024\/07\/profimedia-0890928696.webp","type":"image\/webp"}],"author":"radekmalina","twitter_card":"summary_large_image","twitter_misc":{"Written by":"We Love Cycling","Est. reading time":"6"},"schema":{"@context":"https:\/\/schema.org","@graph":[{"@type":"WebPage","@id":"https:\/\/www.welovecycling.com\/cs\/2024\/08\/05\/proc-ve-skutecnosti-tadej-pogacar-nebojoval-v-parizi-o-zlato-krajan-uprimne-promluvil\/","url":"https:\/\/www.welovecycling.com\/cs\/2024\/08\/05\/proc-ve-skutecnosti-tadej-pogacar-nebojoval-v-parizi-o-zlato-krajan-uprimne-promluvil\/","name":"Pro\u010d Tadej Poga\u010dar nebojoval v Pa\u0159\u00ed\u017ei o zlato? T\u00fdmov\u00fd par\u0165\u00e1k up\u0159\u00edmn\u011b promluvil | \u0160koda We Love Cycling - \u010cesk\u00e1 republika","isPartOf":{"@id":"https:\/\/www.welovecycling.com\/cs\/#website"},"primaryImageOfPage":{"@id":"https:\/\/www.welovecycling.com\/cs\/2024\/08\/05\/proc-ve-skutecnosti-tadej-pogacar-nebojoval-v-parizi-o-zlato-krajan-uprimne-promluvil\/#primaryimage"},"image":{"@id":"https:\/\/www.welovecycling.com\/cs\/2024\/08\/05\/proc-ve-skutecnosti-tadej-pogacar-nebojoval-v-parizi-o-zlato-krajan-uprimne-promluvil\/#primaryimage"},"thumbnailUrl":"https:\/\/d2p6e6u75xmxt8.cloudfront.net\/13\/2024\/07\/profimedia-0890928696.webp","datePublished":"2024-08-05T03:00:09+00:00","author":{"@id":"https:\/\/www.welovecycling.com\/cs\/#\/schema\/person\/d9eeb0a378f3a7e4a6d12d2b536b04b8"},"description":"Byl to \u0161ok! Tadej Poga\u010dar odm\u00edtl start na olympijsk\u00fdch hr\u00e1ch v Pa\u0159\u00ed\u017ei. V\u0161e vysv\u011btlil \u00fanavou. Ale d\u016fvod byl podle reprezenta\u010dn\u00edho par\u0165\u00e1ka jin\u00fd.","inLanguage":"cs","potentialAction":[{"@type":"ReadAction","target":["https:\/\/www.welovecycling.com\/cs\/2024\/08\/05\/proc-ve-skutecnosti-tadej-pogacar-nebojoval-v-parizi-o-zlato-krajan-uprimne-promluvil\/"]}]},{"@type":"ImageObject","inLanguage":"cs","@id":"https:\/\/www.welovecycling.com\/cs\/2024\/08\/05\/proc-ve-skutecnosti-tadej-pogacar-nebojoval-v-parizi-o-zlato-krajan-uprimne-promluvil\/#primaryimage","url":"https:\/\/d2p6e6u75xmxt8.cloudfront.net\/13\/2024\/07\/profimedia-0890928696.webp","contentUrl":"https:\/\/d2p6e6u75xmxt8.cloudfront.net\/13\/2024\/07\/profimedia-0890928696.webp","width":1800,"height":1200,"caption":"Tadej Poga\u010dar a jeho poklona publiku i cel\u00e9 Tour de France 2024 v c\u00edli 19. etapy. Foto: profimedia"},{"@type":"WebSite","@id":"https:\/\/www.welovecycling.com\/cs\/#website","url":"https:\/\/www.welovecycling.com\/cs\/","name":"\u0160koda We Love Cycling - \u010cesk\u00e1 republika","description":"WeLoveCycling.cz je online magaz\u00edn, kter\u00fd v\u00e1m pravideln\u011b p\u0159in\u00e1\u0161\u00ed rady a tipy, zaj\u00edmav\u00e9 \u010dl\u00e1nky, videa a jedine\u010dn\u00e9 report\u00e1\u017ee ze sv\u011bta cyklistiky.","potentialAction":[{"@type":"SearchAction","target":{"@type":"EntryPoint","urlTemplate":"https:\/\/www.welovecycling.com\/cs\/?s={search_term_string}"},"query-input":{"@type":"PropertyValueSpecification","valueRequired":true,"valueName":"search_term_string"}}],"inLanguage":"cs"},{"@type":"Person","@id":"https:\/\/www.welovecycling.com\/cs\/#\/schema\/person\/d9eeb0a378f3a7e4a6d12d2b536b04b8","name":"radekmalina","image":{"@type":"ImageObject","inLanguage":"cs","@id":"https:\/\/www.welovecycling.com\/cs\/#\/schema\/person\/image\/","url":"https:\/\/secure.gravatar.com\/avatar\/66994b632cb8c39a46b9f54afa3ae07201b678d32a54275b6f1c9ffec356bfc0?s=96&d=mm&r=g","contentUrl":"https:\/\/secure.gravatar.com\/avatar\/66994b632cb8c39a46b9f54afa3ae07201b678d32a54275b6f1c9ffec356bfc0?s=96&d=mm&r=g","caption":"radekmalina"},"url":"https:\/\/www.welovecycling.com\/cs\/author\/radekmalina\/"}]}},"_links":{"self":[{"href":"https:\/\/www.welovecycling.com\/cs\/wp-json\/wp\/v2\/posts\/26785","targetHints":{"allow":["GET"]}}],"collection":[{"href":"https:\/\/www.welovecycling.com\/cs\/wp-json\/wp\/v2\/posts"}],"about":[{"href":"https:\/\/www.welovecycling.com\/cs\/wp-json\/wp\/v2\/types\/post"}],"author":[{"embeddable":true,"href":"https:\/\/www.welovecycling.com\/cs\/wp-json\/wp\/v2\/users\/138"}],"replies":[{"embeddable":true,"href":"https:\/\/www.welovecycling.com\/cs\/wp-json\/wp\/v2\/comments?post=26785"}],"version-history":[{"count":8,"href":"https:\/\/www.welovecycling.com\/cs\/wp-json\/wp\/v2\/posts\/26785\/revisions"}],"predecessor-version":[{"id":26793,"href":"https:\/\/www.welovecycling.com\/cs\/wp-json\/wp\/v2\/posts\/26785\/revisions\/26793"}],"wp:featuredmedia":[{"embeddable":true,"href":"https:\/\/www.welovecycling.com\/cs\/wp-json\/wp\/v2\/media\/26581"}],"wp:attachment":[{"href":"https:\/\/www.welovecycling.com\/cs\/wp-json\/wp\/v2\/media?parent=26785"}],"wp:term":[{"taxonomy":"category","embeddable":true,"href":"https:\/\/www.welovecycling.com\/cs\/wp-json\/wp\/v2\/categories?post=26785"},{"taxonomy":"post_tag","embeddable":true,"href":"https:\/\/www.welovecycling.com\/cs\/wp-json\/wp\/v2\/tags?post=26785"},{"taxonomy":"global-categories","embeddable":true,"href":"https:\/\/www.welovecycling.com\/cs\/wp-json\/wp\/v2\/global-categories?post=26785"}],"curies":[{"name":"wp","href":"https:\/\/api.w.org\/{rel}","templated":true}]}}