{"id":26766,"date":"2024-08-03T05:00:14","date_gmt":"2024-08-03T03:00:14","guid":{"rendered":"https:\/\/www.welovecycling.com\/cs\/?p=26766"},"modified":"2024-08-02T23:00:26","modified_gmt":"2024-08-02T21:00:26","slug":"muz-na-nehoz-v-parizi-buceli-chce-druhe-zlato-zvladne-opotrebovavaci-valku","status":"publish","type":"post","link":"https:\/\/www.welovecycling.com\/cs\/2024\/08\/03\/muz-na-nehoz-v-parizi-buceli-chce-druhe-zlato-zvladne-opotrebovavaci-valku\/","title":{"rendered":"Mu\u017e, na n\u011bho\u017e v Pa\u0159\u00ed\u017ei bu\u010deli, chce druh\u00e9 zlato. Zvl\u00e1dne opot\u0159ebov\u00e1vac\u00ed v\u00e1lku?"},"content":{"rendered":"<p><strong>Byl by to z\u00e1pis do d\u011bjin, kter\u00fd dosud sv\u011bt nevid\u011bl! Britsk\u00fd cyklista Thomas Pidcock m\u016f\u017ee b\u011bhem jedin\u00e9ho t\u00fddne z\u00edskat dv\u011b zlat\u00e9 medaile na olympijsk\u00fdch hr\u00e1ch v sedle kola a p\u0159ece ve dvou tot\u00e1ln\u011b odli\u0161n\u00fdch discipl\u00edn\u00e1ch. P\u011btadvacetilet\u00fd v\u0161eum\u011bl vybojoval posledn\u00ed \u010dervencov\u00e9 pond\u011bl\u00ed podruh\u00e9 v kari\u00e9\u0159e titul olympijsk\u00e9ho \u0161ampiona v cross country horsk\u00fdch kol. Prvn\u00ed srpnovou v sobotu pat\u0159\u00ed mezi hlavn\u00ed adepty na triumf z hromadn\u00e9ho z\u00e1vodu na silnici. Nikdo v d\u011bjin\u00e1ch si podobn\u00fd double nep\u0159ipsal.<\/strong><\/p>\n<p>Kdy\u017e p\u0159ed t\u0159emi lety ovl\u00e1dl olympijsk\u00e9 cross country v Tokiu, byl prvn\u00ed sezonu na soupisce formace Ineos Grenadiers, hv\u011bzdn\u00e9ho silni\u010dn\u00edho World Tour t\u00fdmu. Od japonsk\u00fdch boj\u016f pod p\u011bti kruhy do Pa\u0159\u00ed\u017ee 2024 se stal Thomas Pidcock superstar sv\u011bta cyklistiky.<\/p>\n<p>Vyhr\u00e1l mistrovstv\u00ed sv\u011bta v cyklokrosu, ovl\u00e1dl klasiku Strade Bianche na tosk\u00e1nsk\u00fdch \u0161otolinov\u00fdch cest\u00e1ch, triumfoval p\u0159i Amstel Gold Race a tak\u00e9 ovl\u00e1dl etapu na Tour de France s legend\u00e1rn\u00edm dojezdem v Alpe d\u00b4Huez po impozantn\u00edm sjezdu z Galibieru. Fanou\u0161ci Pidcocka miluj\u00ed, proto\u017ee je velice sv\u00e9r\u00e1zn\u00fd. Na s\u00edt\u00edch zve\u0159ejnil v dob\u011b pandemie, jak bravurn\u011b let\u00ed ve sjezdu p\u0159i soust\u0159ed\u011bn\u00ed v Americe. P\u0159ed leto\u0161n\u00ed Tour de France zase rozpr\u00e1\u0161il pl\u00e1ny t\u00fdmu, kdy\u017e prohl\u00e1sil: &#8222;Jenom j\u00e1 rozhodnu, jak\u00e1 bude moje Tour de France.&#8220;<\/p>\n<figure id=\"attachment_10263\" aria-describedby=\"caption-attachment-10263\" style=\"width: 1600px\" class=\"wp-caption alignnone\"><a href=\"https:\/\/d2p6e6u75xmxt8.cloudfront.net\/13\/2020\/10\/pidcock-zlato-\u010derven\u00fd-michal.webp\"><img loading=\"lazy\" decoding=\"async\" class=\"size-full wp-image-10263\" src=\"https:\/\/d2p6e6u75xmxt8.cloudfront.net\/13\/2020\/10\/pidcock-zlato-\u010derven\u00fd-michal.webp\" alt=\"Thomas Pidcock\" width=\"1600\" height=\"1067\" srcset=\"https:\/\/d2p6e6u75xmxt8.cloudfront.net\/13\/2020\/10\/pidcock-zlato-\u010derven\u00fd-michal.webp 1600w, https:\/\/d2p6e6u75xmxt8.cloudfront.net\/13\/2020\/10\/pidcock-zlato-\u010derven\u00fd-michal-300x200.webp 300w, https:\/\/d2p6e6u75xmxt8.cloudfront.net\/13\/2020\/10\/pidcock-zlato-\u010derven\u00fd-michal-1024x683.webp 1024w, https:\/\/d2p6e6u75xmxt8.cloudfront.net\/13\/2020\/10\/pidcock-zlato-\u010derven\u00fd-michal-768x512.webp 768w, https:\/\/d2p6e6u75xmxt8.cloudfront.net\/13\/2020\/10\/pidcock-zlato-\u010derven\u00fd-michal-1536x1024.webp 1536w, https:\/\/d2p6e6u75xmxt8.cloudfront.net\/13\/2020\/10\/pidcock-zlato-\u010derven\u00fd-michal-272x182.webp 272w\" sizes=\"auto, (max-width: 1600px) 100vw, 1600px\" \/><\/a><figcaption id=\"caption-attachment-10263\" class=\"wp-caption-text\"><em>Thomas Pidcock se zlatou medaili z mistrovstv\u00ed sv\u011bta v cyklokrosu. Foto: Michal \u010cerven\u00fd<\/em><\/figcaption><\/figure>\n<p>Nakonec po t\u0159in\u00e1cti etap\u00e1ch nejslavn\u011bj\u0161\u00ed z\u00e1vod planety opustil, aby se mohl soust\u0159edit na obhajobu zlata z cross country. Prvn\u00ed pa\u0159\u00ed\u017esk\u00fd start zvl\u00e1dl bravurn\u011b. P\u0159itom se musel vypo\u0159\u00e1dat s defektem, kter\u00fd jej po dvou kolech poslal do depa, kde mechanici nebyli v\u016fbec p\u0159ipraveni, a tak Thomas Pidcock ztratil p\u0159es \u010dty\u0159icet vte\u0159in. &#8222;V\u011bd\u011bl jsem, \u017ee budu m\u00edt p\u011bt kol, co\u017e je t\u00e9m\u011b\u0159 pades\u00e1t minut. Z\u016fst\u00e1val jsem klidn\u00fd,&#8220; pokr\u010dil rameny p\u011btadvacetilet\u00fd z\u00e1vodn\u00edk.<\/p>\n<h2><strong>Jsme na olympi\u00e1d\u011b, h\u00e1jil Thomas Pidcock drsn\u00fd man\u00e9vr<\/strong><\/h2>\n<p>Kdy\u017e do c\u00edle zb\u00fdvalo p\u00e1r set metr\u016f a britsk\u00fd cyklista st\u00e1le nebyl schopn\u00fd set\u0159\u00e1st dom\u00e1c\u00edho bikera Victora Koretzk\u00e9ho, s n\u00edm\u017e bojoval o zlato, pustil se do tvrd\u00e9ho ataku. V m\u00edrn\u00e9 levoto\u010div\u00e9 zat\u00e1\u010dce v lese jel vnit\u0159n\u00ed stopou, Francouz volil vn\u011bj\u0161\u00ed. Na v\u00fdjezdu byl Thomas Pidcock o p\u00e1r centimetr\u016f prvn\u00ed na \u00fazk\u00e9 cest\u011b, kde do protivn\u00edka vrazil. Zat\u00edmco Francouz ztratil balanc a musel vytrhnout nohu z ped\u00e1lu, aby nespadnul, rod\u00e1k z Leedsu pel\u00e1\u0161il pro zlato. Fanou\u0161ci, kte\u0159\u00ed hnali za zlatem Koretzk\u00e9ho, v c\u00edli na Pidcocka bu\u010deli a p\u00edskali.<\/p>\n<div class=\"shortcode-ys-post-pinup\"><article class=\"loop-simple post-26761 post type-post status-publish format-standard has-post-thumbnail hentry category-zeny tag-cyklistika tag-julia-kopecky tag-oh-pariz-2024 tag-olympiada tag-pariz-2024 tag-silnicni-cyklistika global-categories-cycling\" data-postid=\"26761\" role=\"article\" data-post-id=\"26761\" data-word-count=\"560\" data-headline-length=\"83\" data-category=\"\u017deny\" data-global-category=\"Cycling\" data-author=\"We Love Cycling\" data-published=\"2024-08-02T12:30:55+02:00\" data-published-day=\"Friday\">\n    <div class=\"entry-thumbnail article-thumbnail\" content=\"https:\/\/d2p6e6u75xmxt8.cloudfront.net\/13\/2024\/08\/Kopecky-julia-pariz-michal-cerveny-150x150.webp\"><a href=\"https:\/\/www.welovecycling.com\/cs\/2024\/08\/02\/julia-kopecky-jako-mala-nechtela-kolo-ani-videt-ted-v-sedle-bojuje-v-parizi\/\" class=\"image-holder\" target=\"_self\"><img decoding=\"async\" loading=\"lazy\" class=\"\" src=\"https:\/\/d2p6e6u75xmxt8.cloudfront.net\/13\/2024\/08\/Kopecky-julia-pariz-michal-cerveny-1024x683.webp\" srcset=\"https:\/\/d2p6e6u75xmxt8.cloudfront.net\/13\/2024\/08\/Kopecky-julia-pariz-michal-cerveny-scaled.webp 2560w, https:\/\/d2p6e6u75xmxt8.cloudfront.net\/13\/2024\/08\/Kopecky-julia-pariz-michal-cerveny-300x200.webp 300w, https:\/\/d2p6e6u75xmxt8.cloudfront.net\/13\/2024\/08\/Kopecky-julia-pariz-michal-cerveny-1024x683.webp 1024w, https:\/\/d2p6e6u75xmxt8.cloudfront.net\/13\/2024\/08\/Kopecky-julia-pariz-michal-cerveny-768x512.webp 768w, https:\/\/d2p6e6u75xmxt8.cloudfront.net\/13\/2024\/08\/Kopecky-julia-pariz-michal-cerveny-1536x1024.webp 1536w, https:\/\/d2p6e6u75xmxt8.cloudfront.net\/13\/2024\/08\/Kopecky-julia-pariz-michal-cerveny-2048x1365.webp 2048w, https:\/\/d2p6e6u75xmxt8.cloudfront.net\/13\/2024\/08\/Kopecky-julia-pariz-michal-cerveny-1920x1280.webp 1920w, https:\/\/d2p6e6u75xmxt8.cloudfront.net\/13\/2024\/08\/Kopecky-julia-pariz-michal-cerveny-400x267.webp 400w, https:\/\/d2p6e6u75xmxt8.cloudfront.net\/13\/2024\/08\/Kopecky-julia-pariz-michal-cerveny-272x182.webp 272w, https:\/\/d2p6e6u75xmxt8.cloudfront.net\/13\/2024\/08\/Kopecky-julia-pariz-michal-cerveny-1920x1280.webp 1920w\" width=\"1024\" height=\"683\" sizes=\"auto, (min-width: 1200px) 300px, (min-width: 768px) 25vw, 100vw\" alt=\"julia-kopecky-jako-mala-nechtela-kolo-ani-videt-ted-v-sedle-bojuje-v-parizi\"\/><\/a><\/div>    <div class=\"entry-meta\">\n        <a class=\"label label-secondary post-category\" href=\"https:\/\/www.welovecycling.com\/cs\/category\/zeny\/\" title=\"\u017deny\">\u017deny<\/a>\n    <\/div>\n    <div class=\"entry-details\">\n        <a href=\"https:\/\/www.welovecycling.com\/cs\/2024\/08\/02\/julia-kopecky-jako-mala-nechtela-kolo-ani-videt-ted-v-sedle-bojuje-v-parizi\/\" class='entry-title-wrapper'>\n            <h3 class=\"entry-title\"><span>Julia Kopecky jako mal\u00e1 necht\u011bla kolo ani vid\u011bt, te\u010f v sedle bojuje v Pa\u0159\u00ed\u017ei<\/span><\/h3>\n        <\/a>\n    <\/div>\n    <\/article>\n<\/div>\n<p>&#8222;\u017de s n\u011bk\u00fdm jedete hodn\u011b t\u011bsn\u011b, to je prost\u011b z\u00e1vod\u011bn\u00ed. D\u011bl\u00e1m to celou kari\u00e9ru. A olympi\u00e1da nen\u00ed jin\u00e1. Bylo mi Victora tro\u0161ku l\u00edto, proto\u017ee m\u011bl neuv\u011b\u0159itelnou podporu. Ale na olympi\u00e1d\u011b je prost\u011b pot\u0159eba bojovat tvrd\u011b,&#8220; pokr\u010dil rameny po druh\u00e9m olympijsk\u00e9m zlatu kari\u00e9ry, kter\u00e9 z\u00edskal den p\u0159ed p\u011btadvac\u00e1t\u00fdmi narozeninami. &#8222;Ov\u0161em od fanou\u0161k\u016f nebylo f\u00e9r, \u017ee na m\u011b bu\u010deli. To zrovna nenapl\u0148uje olympijskou my\u0161lenku,&#8220; p\u0159em\u00edtal, kdy\u017e komentoval cestu k obhajob\u011b zlata z Tokia.<\/p>\n<p>Jako teprve druh\u00fd jezdec v historii dok\u00e1zal obh\u00e1jit zlato na olympijsk\u00fdch hr\u00e1ch v cross country horsk\u00fdch kol. Ov\u0161em jeho mise pro Pa\u0159\u00ed\u017e 2024 je\u0161t\u011b nen\u00ed u konce. Nabral sebev\u011bdom\u00ed a zkus\u00ed urvat zlato i z hromadn\u00e9ho z\u00e1vodu v silni\u010dn\u00ed cyklistice. Tra\u0165 odpov\u00edd\u00e1 profilu, kter\u00fd m\u00e1 Thomas Pidcock r\u00e1d.<\/p>\n<figure id=\"attachment_20760\" aria-describedby=\"caption-attachment-20760\" style=\"width: 1800px\" class=\"wp-caption alignnone\"><a href=\"https:\/\/d2p6e6u75xmxt8.cloudfront.net\/13\/2023\/02\/Pidcock-profimedia-0707941778.webp\"><img loading=\"lazy\" decoding=\"async\" class=\"size-full wp-image-20760\" src=\"https:\/\/d2p6e6u75xmxt8.cloudfront.net\/13\/2023\/02\/Pidcock-profimedia-0707941778.webp\" alt=\"Thomas Pidcock\" width=\"1800\" height=\"1200\" srcset=\"https:\/\/d2p6e6u75xmxt8.cloudfront.net\/13\/2023\/02\/Pidcock-profimedia-0707941778.webp 1800w, https:\/\/d2p6e6u75xmxt8.cloudfront.net\/13\/2023\/02\/Pidcock-profimedia-0707941778-300x200.webp 300w, https:\/\/d2p6e6u75xmxt8.cloudfront.net\/13\/2023\/02\/Pidcock-profimedia-0707941778-1024x683.webp 1024w, https:\/\/d2p6e6u75xmxt8.cloudfront.net\/13\/2023\/02\/Pidcock-profimedia-0707941778-768x512.webp 768w, https:\/\/d2p6e6u75xmxt8.cloudfront.net\/13\/2023\/02\/Pidcock-profimedia-0707941778-1536x1024.webp 1536w, https:\/\/d2p6e6u75xmxt8.cloudfront.net\/13\/2023\/02\/Pidcock-profimedia-0707941778-400x267.webp 400w, https:\/\/d2p6e6u75xmxt8.cloudfront.net\/13\/2023\/02\/Pidcock-profimedia-0707941778-272x182.webp 272w\" sizes=\"auto, (max-width: 1800px) 100vw, 1800px\" \/><\/a><figcaption id=\"caption-attachment-20760\" class=\"wp-caption-text\"><em>Thomas Pidcock je na silnici fenomen\u00e1ln\u00ed sjezda\u0159.\u00a0<\/em><\/figcaption><\/figure>\n<p>Jeho pozice v\u0161ak bude zcela odli\u0161n\u00e1 ve srovn\u00e1n\u00ed s cross country. &#8222;Byl to obrovsk\u00fd tlak. Z\u00edskat zlato podruh\u00e9 bylo mnohem n\u00e1ro\u010dn\u011bj\u0161\u00ed. Nic jin\u00e9ho ne\u017e v\u00edt\u011bzstv\u00ed jsem si ani j\u00e1 s\u00e1m nep\u0159ipou\u0161t\u011bl,&#8220; prohl\u00e1sil. &#8222;Nav\u00edc v Tokiu jsem m\u011bl z\u00e1vod pod kontrolou. V Pa\u0159\u00ed\u017ei rozhodn\u011b ne. M\u00e1m rad\u0161i z\u00e1vody, kter\u00e9 jsou tro\u0161ku jednodu\u0161\u0161\u00ed,&#8220; sm\u00e1l se.<\/p>\n<h2><strong>Tlak na silnici je mnohem men\u0161\u00ed<\/strong><\/h2>\n<p>Do hromadn\u00e9ho z\u00e1vodu na silnici p\u016fjde jako jeden z mnoha aspirant\u016f na zlato. Ov\u0161em s viz\u00ed, \u017ee pro v\u0161echny t\u00fdmov\u00e9 par\u0165\u00e1ky v britsk\u00e9m dresu je Thomas Pidcock jasn\u00fdm l\u00eddrem. Fred Wright, Stephen Williams a Joshua Tarling nastoup\u00ed do bitvy o olympijsk\u00e9 zlato ze silni\u010dn\u00edho z\u00e1vodu s v\u011bdom\u00edm, jak skv\u011bl\u00e9 nohy m\u00e1 jejich kamar\u00e1d, pojedou v jeho slu\u017eb\u00e1ch. &#8222;M\u011bl jsem dost \u010dasu na zotaven\u00ed. Bude to ur\u010dit\u011b fantastick\u00fd z\u00e1vod,&#8220; prohl\u00e1sil Thomas Pidcock.<\/p>\n<p>O\u010dek\u00e1v\u00e1, \u017ee bitva dlouh\u00e1 273 kilometr\u016f s p\u0159ev\u00fd\u0161en\u00edm 2800 metr\u016f bude jako opot\u0159ebov\u00e1vac\u00ed v\u00e1lka. A po zlat\u00e9 dekoraci prahnou i dal\u0161\u00ed superhv\u011bzdy pelotonu. L\u00eddrem dom\u00e1c\u00edch bude Francouz Julian Alaphilippe, kter\u00fd letos vyhr\u00e1l etapu na italsk\u00e9m Giru, pak etapu v z\u00e1vod\u011b Kolem Slovenska a z\u00e1v\u011bre\u010dn\u00e9 d\u011bjstv\u00ed na Czech Tour. Jako u\u0161it\u00fd je profil z\u00e1vodu pro nizozemsk\u00e9ho univerz\u00e1la Mathieu van der Poela. V\u017edy\u0165 \u00fa\u0159aduj\u00edc\u00ed mistr sv\u011bta vyhr\u00e1l duhov\u00fd dres minul\u00fd rok ve Skotsku na velice podobn\u00e9 trati. Ov\u0161em stejn\u011b ambici\u00f3zn\u00ed budou i Belgi\u010dan\u00e9 Remco Evenepoel, zlat\u00fd z olympijsk\u00e9 \u010dasovky, \u010di jeho krajan Wout van Aert, kter\u00fd bral v boji s chronometrem v Pa\u0159\u00ed\u017ei bronz.<\/p>\n<div class=\"shortcode-ys-post-pinup\"><article class=\"loop-simple post-23669 post type-post status-publish format-standard has-post-thumbnail hentry category-silnicni-cyklistika tag-cyklistika tag-jonas-vingegaard tag-jumbo-visma tag-maseri tag-mechanici tag-primoz-roglic tag-sepp-kuss tag-silnicni-cyklistika tag-vuelta-2023 global-categories-cycling\" data-postid=\"23669\" role=\"article\" data-post-id=\"23669\" data-word-count=\"445\" data-headline-length=\"111\" data-category=\"Silni\u010dn\u00ed cyklistika\" data-global-category=\"Cycling\" data-author=\"We Love Cycling\" data-published=\"2023-09-15T07:00:34+02:00\" data-published-day=\"Friday\">\n    <div class=\"entry-thumbnail article-thumbnail\" content=\"https:\/\/d2p6e6u75xmxt8.cloudfront.net\/13\/2023\/09\/stage-17-G-150x150.webp\"><a href=\"https:\/\/www.welovecycling.com\/cs\/2023\/09\/15\/armada-neviditelnych-kolik-lidi-pecuje-o-hvezdy-jako-je-sepp-kuss-jonas-vingegaard-ci-remco-evenepoel\/\" class=\"image-holder\" target=\"_self\"><img decoding=\"async\" loading=\"lazy\" class=\"\" src=\"https:\/\/d2p6e6u75xmxt8.cloudfront.net\/13\/2023\/09\/stage-17-G-1024x683.webp\" srcset=\"https:\/\/d2p6e6u75xmxt8.cloudfront.net\/13\/2023\/09\/stage-17-G.webp 2048w, https:\/\/d2p6e6u75xmxt8.cloudfront.net\/13\/2023\/09\/stage-17-G-300x200.webp 300w, https:\/\/d2p6e6u75xmxt8.cloudfront.net\/13\/2023\/09\/stage-17-G-1024x683.webp 1024w, https:\/\/d2p6e6u75xmxt8.cloudfront.net\/13\/2023\/09\/stage-17-G-768x512.webp 768w, https:\/\/d2p6e6u75xmxt8.cloudfront.net\/13\/2023\/09\/stage-17-G-1536x1025.webp 1536w, https:\/\/d2p6e6u75xmxt8.cloudfront.net\/13\/2023\/09\/stage-17-G-1920x1281.webp 1920w, https:\/\/d2p6e6u75xmxt8.cloudfront.net\/13\/2023\/09\/stage-17-G-400x267.webp 400w, https:\/\/d2p6e6u75xmxt8.cloudfront.net\/13\/2023\/09\/stage-17-G-272x182.webp 272w, https:\/\/d2p6e6u75xmxt8.cloudfront.net\/13\/2023\/09\/stage-17-G-1920x1281.webp 1920w\" width=\"1024\" height=\"683\" sizes=\"auto, (min-width: 1200px) 300px, (min-width: 768px) 25vw, 100vw\" alt=\"armada-neviditelnych-kolik-lidi-pecuje-o-hvezdy-jako-je-sepp-kuss-jonas-vingegaard-ci-remco-evenepoel\"\/><\/a><\/div>    <div class=\"entry-meta\">\n        <a class=\"label label-secondary post-category\" href=\"https:\/\/www.welovecycling.com\/cs\/category\/silnicni-cyklistika\/\" title=\"Silni\u010dn\u00ed cyklistika\">Silni\u010dn\u00ed cyklistika<\/a>\n    <\/div>\n    <div class=\"entry-details\">\n        <a href=\"https:\/\/www.welovecycling.com\/cs\/2023\/09\/15\/armada-neviditelnych-kolik-lidi-pecuje-o-hvezdy-jako-je-sepp-kuss-jonas-vingegaard-ci-remco-evenepoel\/\" class='entry-title-wrapper'>\n            <h3 class=\"entry-title\"><span>Arm\u00e1da neviditeln\u00fdch! Kolik lid\u00ed pe\u010duje o hv\u011bzdy, jako je Sepp Kuss, Jonas Vingegaard \u010di Remco Evenepoel?<\/span><\/h3>\n        <\/a>\n    <\/div>\n    <\/article>\n<\/div>\n<p>Tra\u0165 je pln\u00e1 kr\u00e1tk\u00fdch strm\u00fdch stoup\u00e1n\u00ed. A <a href=\"https:\/\/www.welovecycling.com\/cs\/2022\/02\/12\/letajici-brit-thomas-pidcock-zlato-z-biku-i-krosu-uz-ma-dokaze-to-i-na-silnici\/\">Thomas Pidcock<\/a> stejn\u011b jako dal\u0161\u00ed adepti zlata pojedou b\u011bhem z\u00e1v\u011bre\u010dn\u00fdch \u010dty\u0159iceti kilometr\u016f t\u0159ikr\u00e1t kopec C\u00f4te de la butte Montmartre, co\u017e je tis\u00edc metr\u016f dlouh\u00fd v\u00fdstup s pr\u016fm\u011brn\u00fdm sklonem 6,5 procenta. V pr\u016fb\u011bhu z\u00e1vodu je profilov\u011b podobn\u00fdch kopc\u016f plno. I proto si na olympijsk\u00e9 zlato v\u011b\u0159\u00ed i \u0160v\u00fdcar Marc Hirschi, kter\u00fd ovl\u00e1dl celkov\u00e9 po\u0159ad\u00ed Czech Tour 2024, Ital Alberto Bettiol \u010di Ameri\u010dan Matteo Jorgenson. V pelotonu bude i \u010desk\u00fd reprezentant Mathias Vacek, kter\u00fd se v\u0161ak bude muset spolehnout v\u00fdhradn\u011b na vlastn\u00ed nohy, proto\u017ee \u017e\u00e1dn\u00fd z jeho krajan\u016f v bal\u00edku olympijsk\u00e9ho z\u00e1vodu nebude.<\/p>\n","protected":false},"excerpt":{"rendered":"<p>Byl by to z\u00e1pis do d\u011bjin, kter\u00fd dosud sv\u011bt nevid\u011bl! Britsk\u00fd cyklista Thomas Pidcock m\u016f\u017ee b\u011bhem jedin\u00e9ho t\u00fddne z\u00edskat dv\u011b [&hellip;]<\/p>\n","protected":false},"author":138,"featured_media":26768,"comment_status":"open","ping_status":"open","sticky":false,"template":"","format":"standard","meta":{"footnotes":""},"categories":[3718],"tags":[126,56,2896,3735,617,2218,9,1215,23],"global-categories":[411],"class_list":["post-26766","post","type-post","status-publish","format-standard","has-post-thumbnail","hentry","category-pariz-2024","tag-cyklistika","tag-horska-cyklistika","tag-oh-pariz-2024","tag-olympiada-2024","tag-olympijske-hry","tag-pariz-2024","tag-silnicni-cyklistika","tag-thomas-pidcock","tag-tour-de-france","global-categories-cycling"],"yoast_head":"<!-- This site is optimized with the Yoast SEO Premium plugin v25.3 (Yoast SEO v25.9) - https:\/\/yoast.com\/wordpress\/plugins\/seo\/ -->\n<title>Mu\u017e, na n\u011bho\u017e v Pa\u0159\u00ed\u017ei bu\u010deli, chce druh\u00e9 zlato. Zvl\u00e1dne opot\u0159ebov\u00e1vac\u00ed v\u00e1lku? | \u0160koda We Love Cycling - \u010cesk\u00e1 republika<\/title>\n<meta name=\"description\" content=\"Byl by to z\u00e1pis do d\u011bjin, kter\u00fd dosud sv\u011bt nevid\u011bl! Britsk\u00fd cyklista Thomas Pidcock m\u016f\u017ee b\u011bhem jedin\u00e9ho t\u00fddne z\u00edskat dv\u011b zlat\u00e9 medaile na olympijsk\u00fdch hr\u00e1ch a p\u0159ece ve dvou tot\u00e1ln\u011b odli\u0161n\u00fdch discipl\u00edn\u00e1ch. P\u011btadvacetilet\u00fd v\u0161eum\u011bl vybojoval posledn\u00ed \u010dervencov\u00e9 pond\u011bl\u00ed podruh\u00e9 v kari\u00e9\u0159e titul olympijsk\u00e9ho \u0161ampiona v cross country horsk\u00fdch kol. Prvn\u00ed srpnovou v sobotu pat\u0159\u00ed mezi hlavn\u00ed adepty na triumf z hromadn\u00e9ho z\u00e1vodu na silnici. Nikdo v d\u011bjin\u00e1ch si podobn\u00fd double nep\u0159ipsal. Ale jestli n\u011bkdo m\u016f\u017ee tuto historii p\u0159epsat, pak pr\u00e1v\u011b rod\u00e1k z Leedsu.\" \/>\n<meta name=\"robots\" content=\"index, follow, max-snippet:-1, max-image-preview:large, max-video-preview:-1\" \/>\n<link rel=\"canonical\" href=\"https:\/\/www.welovecycling.com\/cs\/2024\/08\/03\/muz-na-nehoz-v-parizi-buceli-chce-druhe-zlato-zvladne-opotrebovavaci-valku\/\" \/>\n<meta property=\"og:locale\" content=\"cs_CZ\" \/>\n<meta property=\"og:type\" content=\"article\" \/>\n<meta property=\"og:title\" content=\"Mu\u017e, na n\u011bho\u017e v Pa\u0159\u00ed\u017ei bu\u010deli, chce druh\u00e9 zlato. Zvl\u00e1dne opot\u0159ebov\u00e1vac\u00ed v\u00e1lku?\" \/>\n<meta property=\"og:description\" content=\"Byl by to z\u00e1pis do d\u011bjin, kter\u00fd dosud sv\u011bt nevid\u011bl! Britsk\u00fd cyklista Thomas Pidcock m\u016f\u017ee b\u011bhem jedin\u00e9ho t\u00fddne z\u00edskat dv\u011b zlat\u00e9 medaile na olympijsk\u00fdch hr\u00e1ch a p\u0159ece ve dvou tot\u00e1ln\u011b odli\u0161n\u00fdch discipl\u00edn\u00e1ch. P\u011btadvacetilet\u00fd v\u0161eum\u011bl vybojoval posledn\u00ed \u010dervencov\u00e9 pond\u011bl\u00ed podruh\u00e9 v kari\u00e9\u0159e titul olympijsk\u00e9ho \u0161ampiona v cross country horsk\u00fdch kol. Prvn\u00ed srpnovou v sobotu pat\u0159\u00ed mezi hlavn\u00ed adepty na triumf z hromadn\u00e9ho z\u00e1vodu na silnici. Nikdo v d\u011bjin\u00e1ch si podobn\u00fd double nep\u0159ipsal. Ale jestli n\u011bkdo m\u016f\u017ee tuto historii p\u0159epsat, pak pr\u00e1v\u011b rod\u00e1k z Leedsu.\" \/>\n<meta property=\"og:url\" content=\"https:\/\/www.welovecycling.com\/cs\/2024\/08\/03\/muz-na-nehoz-v-parizi-buceli-chce-druhe-zlato-zvladne-opotrebovavaci-valku\/\" \/>\n<meta property=\"og:site_name\" content=\"\u0160koda We Love Cycling - \u010cesk\u00e1 republika\" \/>\n<meta property=\"article:published_time\" content=\"2024-08-03T03:00:14+00:00\" \/>\n<meta property=\"og:image\" content=\"https:\/\/d2p6e6u75xmxt8.cloudfront.net\/13\/2024\/08\/profimedia-0895113134.webp\" \/>\n\t<meta property=\"og:image:width\" content=\"1800\" \/>\n\t<meta property=\"og:image:height\" content=\"1200\" \/>\n\t<meta property=\"og:image:type\" content=\"image\/webp\" \/>\n<meta name=\"author\" content=\"radekmalina\" \/>\n<meta name=\"twitter:card\" content=\"summary_large_image\" \/>\n<meta name=\"twitter:label1\" content=\"Written by\" \/>\n\t<meta name=\"twitter:data1\" content=\"We Love Cycling\" \/>\n\t<meta name=\"twitter:label2\" content=\"Est. reading time\" \/>\n\t<meta name=\"twitter:data2\" content=\"5\" \/>\n<script type=\"application\/ld+json\" class=\"yoast-schema-graph\">{\"@context\":\"https:\/\/schema.org\",\"@graph\":[{\"@type\":\"WebPage\",\"@id\":\"https:\/\/www.welovecycling.com\/cs\/2024\/08\/03\/muz-na-nehoz-v-parizi-buceli-chce-druhe-zlato-zvladne-opotrebovavaci-valku\/\",\"url\":\"https:\/\/www.welovecycling.com\/cs\/2024\/08\/03\/muz-na-nehoz-v-parizi-buceli-chce-druhe-zlato-zvladne-opotrebovavaci-valku\/\",\"name\":\"Mu\u017e, na n\u011bho\u017e v Pa\u0159\u00ed\u017ei bu\u010deli, chce druh\u00e9 zlato. Zvl\u00e1dne opot\u0159ebov\u00e1vac\u00ed v\u00e1lku? | \u0160koda We Love Cycling - \u010cesk\u00e1 republika\",\"isPartOf\":{\"@id\":\"https:\/\/www.welovecycling.com\/cs\/#website\"},\"primaryImageOfPage\":{\"@id\":\"https:\/\/www.welovecycling.com\/cs\/2024\/08\/03\/muz-na-nehoz-v-parizi-buceli-chce-druhe-zlato-zvladne-opotrebovavaci-valku\/#primaryimage\"},\"image\":{\"@id\":\"https:\/\/www.welovecycling.com\/cs\/2024\/08\/03\/muz-na-nehoz-v-parizi-buceli-chce-druhe-zlato-zvladne-opotrebovavaci-valku\/#primaryimage\"},\"thumbnailUrl\":\"https:\/\/d2p6e6u75xmxt8.cloudfront.net\/13\/2024\/08\/profimedia-0895113134.webp\",\"datePublished\":\"2024-08-03T03:00:14+00:00\",\"author\":{\"@id\":\"https:\/\/www.welovecycling.com\/cs\/#\/schema\/person\/d9eeb0a378f3a7e4a6d12d2b536b04b8\"},\"description\":\"Byl by to z\u00e1pis do d\u011bjin, kter\u00fd dosud sv\u011bt nevid\u011bl! Britsk\u00fd cyklista Thomas Pidcock m\u016f\u017ee b\u011bhem jedin\u00e9ho t\u00fddne z\u00edskat dv\u011b zlat\u00e9 medaile na olympijsk\u00fdch hr\u00e1ch a p\u0159ece ve dvou tot\u00e1ln\u011b odli\u0161n\u00fdch discipl\u00edn\u00e1ch. P\u011btadvacetilet\u00fd v\u0161eum\u011bl vybojoval posledn\u00ed \u010dervencov\u00e9 pond\u011bl\u00ed podruh\u00e9 v kari\u00e9\u0159e titul olympijsk\u00e9ho \u0161ampiona v cross country horsk\u00fdch kol. Prvn\u00ed srpnovou v sobotu pat\u0159\u00ed mezi hlavn\u00ed adepty na triumf z hromadn\u00e9ho z\u00e1vodu na silnici. Nikdo v d\u011bjin\u00e1ch si podobn\u00fd double nep\u0159ipsal. Ale jestli n\u011bkdo m\u016f\u017ee tuto historii p\u0159epsat, pak pr\u00e1v\u011b rod\u00e1k z Leedsu.\",\"inLanguage\":\"cs\",\"potentialAction\":[{\"@type\":\"ReadAction\",\"target\":[\"https:\/\/www.welovecycling.com\/cs\/2024\/08\/03\/muz-na-nehoz-v-parizi-buceli-chce-druhe-zlato-zvladne-opotrebovavaci-valku\/\"]}]},{\"@type\":\"ImageObject\",\"inLanguage\":\"cs\",\"@id\":\"https:\/\/www.welovecycling.com\/cs\/2024\/08\/03\/muz-na-nehoz-v-parizi-buceli-chce-druhe-zlato-zvladne-opotrebovavaci-valku\/#primaryimage\",\"url\":\"https:\/\/d2p6e6u75xmxt8.cloudfront.net\/13\/2024\/08\/profimedia-0895113134.webp\",\"contentUrl\":\"https:\/\/d2p6e6u75xmxt8.cloudfront.net\/13\/2024\/08\/profimedia-0895113134.webp\",\"width\":1800,\"height\":1200,\"caption\":\"Thomas Pidcock na OH v Pa\u0159\u00ed\u017ei.\"},{\"@type\":\"WebSite\",\"@id\":\"https:\/\/www.welovecycling.com\/cs\/#website\",\"url\":\"https:\/\/www.welovecycling.com\/cs\/\",\"name\":\"\u0160koda We Love Cycling - \u010cesk\u00e1 republika\",\"description\":\"WeLoveCycling.cz je online magaz\u00edn, kter\u00fd v\u00e1m pravideln\u011b p\u0159in\u00e1\u0161\u00ed rady a tipy, zaj\u00edmav\u00e9 \u010dl\u00e1nky, videa a jedine\u010dn\u00e9 report\u00e1\u017ee ze sv\u011bta cyklistiky.\",\"potentialAction\":[{\"@type\":\"SearchAction\",\"target\":{\"@type\":\"EntryPoint\",\"urlTemplate\":\"https:\/\/www.welovecycling.com\/cs\/?s={search_term_string}\"},\"query-input\":{\"@type\":\"PropertyValueSpecification\",\"valueRequired\":true,\"valueName\":\"search_term_string\"}}],\"inLanguage\":\"cs\"},{\"@type\":\"Person\",\"@id\":\"https:\/\/www.welovecycling.com\/cs\/#\/schema\/person\/d9eeb0a378f3a7e4a6d12d2b536b04b8\",\"name\":\"radekmalina\",\"image\":{\"@type\":\"ImageObject\",\"inLanguage\":\"cs\",\"@id\":\"https:\/\/www.welovecycling.com\/cs\/#\/schema\/person\/image\/\",\"url\":\"https:\/\/secure.gravatar.com\/avatar\/66994b632cb8c39a46b9f54afa3ae07201b678d32a54275b6f1c9ffec356bfc0?s=96&d=mm&r=g\",\"contentUrl\":\"https:\/\/secure.gravatar.com\/avatar\/66994b632cb8c39a46b9f54afa3ae07201b678d32a54275b6f1c9ffec356bfc0?s=96&d=mm&r=g\",\"caption\":\"radekmalina\"},\"url\":\"https:\/\/www.welovecycling.com\/cs\/author\/radekmalina\/\"}]}<\/script>\n<!-- \/ Yoast SEO Premium plugin. -->","yoast_head_json":{"title":"Mu\u017e, na n\u011bho\u017e v Pa\u0159\u00ed\u017ei bu\u010deli, chce druh\u00e9 zlato. Zvl\u00e1dne opot\u0159ebov\u00e1vac\u00ed v\u00e1lku? | \u0160koda We Love Cycling - \u010cesk\u00e1 republika","description":"Byl by to z\u00e1pis do d\u011bjin, kter\u00fd dosud sv\u011bt nevid\u011bl! Britsk\u00fd cyklista Thomas Pidcock m\u016f\u017ee b\u011bhem jedin\u00e9ho t\u00fddne z\u00edskat dv\u011b zlat\u00e9 medaile na olympijsk\u00fdch hr\u00e1ch a p\u0159ece ve dvou tot\u00e1ln\u011b odli\u0161n\u00fdch discipl\u00edn\u00e1ch. P\u011btadvacetilet\u00fd v\u0161eum\u011bl vybojoval posledn\u00ed \u010dervencov\u00e9 pond\u011bl\u00ed podruh\u00e9 v kari\u00e9\u0159e titul olympijsk\u00e9ho \u0161ampiona v cross country horsk\u00fdch kol. Prvn\u00ed srpnovou v sobotu pat\u0159\u00ed mezi hlavn\u00ed adepty na triumf z hromadn\u00e9ho z\u00e1vodu na silnici. Nikdo v d\u011bjin\u00e1ch si podobn\u00fd double nep\u0159ipsal. Ale jestli n\u011bkdo m\u016f\u017ee tuto historii p\u0159epsat, pak pr\u00e1v\u011b rod\u00e1k z Leedsu.","robots":{"index":"index","follow":"follow","max-snippet":"max-snippet:-1","max-image-preview":"max-image-preview:large","max-video-preview":"max-video-preview:-1"},"canonical":"https:\/\/www.welovecycling.com\/cs\/2024\/08\/03\/muz-na-nehoz-v-parizi-buceli-chce-druhe-zlato-zvladne-opotrebovavaci-valku\/","og_locale":"cs_CZ","og_type":"article","og_title":"Mu\u017e, na n\u011bho\u017e v Pa\u0159\u00ed\u017ei bu\u010deli, chce druh\u00e9 zlato. Zvl\u00e1dne opot\u0159ebov\u00e1vac\u00ed v\u00e1lku?","og_description":"Byl by to z\u00e1pis do d\u011bjin, kter\u00fd dosud sv\u011bt nevid\u011bl! Britsk\u00fd cyklista Thomas Pidcock m\u016f\u017ee b\u011bhem jedin\u00e9ho t\u00fddne z\u00edskat dv\u011b zlat\u00e9 medaile na olympijsk\u00fdch hr\u00e1ch a p\u0159ece ve dvou tot\u00e1ln\u011b odli\u0161n\u00fdch discipl\u00edn\u00e1ch. P\u011btadvacetilet\u00fd v\u0161eum\u011bl vybojoval posledn\u00ed \u010dervencov\u00e9 pond\u011bl\u00ed podruh\u00e9 v kari\u00e9\u0159e titul olympijsk\u00e9ho \u0161ampiona v cross country horsk\u00fdch kol. Prvn\u00ed srpnovou v sobotu pat\u0159\u00ed mezi hlavn\u00ed adepty na triumf z hromadn\u00e9ho z\u00e1vodu na silnici. Nikdo v d\u011bjin\u00e1ch si podobn\u00fd double nep\u0159ipsal. Ale jestli n\u011bkdo m\u016f\u017ee tuto historii p\u0159epsat, pak pr\u00e1v\u011b rod\u00e1k z Leedsu.","og_url":"https:\/\/www.welovecycling.com\/cs\/2024\/08\/03\/muz-na-nehoz-v-parizi-buceli-chce-druhe-zlato-zvladne-opotrebovavaci-valku\/","og_site_name":"\u0160koda We Love Cycling - \u010cesk\u00e1 republika","article_published_time":"2024-08-03T03:00:14+00:00","og_image":[{"width":1800,"height":1200,"url":"https:\/\/d2p6e6u75xmxt8.cloudfront.net\/13\/2024\/08\/profimedia-0895113134.webp","type":"image\/webp"}],"author":"radekmalina","twitter_card":"summary_large_image","twitter_misc":{"Written by":"We Love Cycling","Est. reading time":"5"},"schema":{"@context":"https:\/\/schema.org","@graph":[{"@type":"WebPage","@id":"https:\/\/www.welovecycling.com\/cs\/2024\/08\/03\/muz-na-nehoz-v-parizi-buceli-chce-druhe-zlato-zvladne-opotrebovavaci-valku\/","url":"https:\/\/www.welovecycling.com\/cs\/2024\/08\/03\/muz-na-nehoz-v-parizi-buceli-chce-druhe-zlato-zvladne-opotrebovavaci-valku\/","name":"Mu\u017e, na n\u011bho\u017e v Pa\u0159\u00ed\u017ei bu\u010deli, chce druh\u00e9 zlato. Zvl\u00e1dne opot\u0159ebov\u00e1vac\u00ed v\u00e1lku? | \u0160koda We Love Cycling - \u010cesk\u00e1 republika","isPartOf":{"@id":"https:\/\/www.welovecycling.com\/cs\/#website"},"primaryImageOfPage":{"@id":"https:\/\/www.welovecycling.com\/cs\/2024\/08\/03\/muz-na-nehoz-v-parizi-buceli-chce-druhe-zlato-zvladne-opotrebovavaci-valku\/#primaryimage"},"image":{"@id":"https:\/\/www.welovecycling.com\/cs\/2024\/08\/03\/muz-na-nehoz-v-parizi-buceli-chce-druhe-zlato-zvladne-opotrebovavaci-valku\/#primaryimage"},"thumbnailUrl":"https:\/\/d2p6e6u75xmxt8.cloudfront.net\/13\/2024\/08\/profimedia-0895113134.webp","datePublished":"2024-08-03T03:00:14+00:00","author":{"@id":"https:\/\/www.welovecycling.com\/cs\/#\/schema\/person\/d9eeb0a378f3a7e4a6d12d2b536b04b8"},"description":"Byl by to z\u00e1pis do d\u011bjin, kter\u00fd dosud sv\u011bt nevid\u011bl! Britsk\u00fd cyklista Thomas Pidcock m\u016f\u017ee b\u011bhem jedin\u00e9ho t\u00fddne z\u00edskat dv\u011b zlat\u00e9 medaile na olympijsk\u00fdch hr\u00e1ch a p\u0159ece ve dvou tot\u00e1ln\u011b odli\u0161n\u00fdch discipl\u00edn\u00e1ch. P\u011btadvacetilet\u00fd v\u0161eum\u011bl vybojoval posledn\u00ed \u010dervencov\u00e9 pond\u011bl\u00ed podruh\u00e9 v kari\u00e9\u0159e titul olympijsk\u00e9ho \u0161ampiona v cross country horsk\u00fdch kol. Prvn\u00ed srpnovou v sobotu pat\u0159\u00ed mezi hlavn\u00ed adepty na triumf z hromadn\u00e9ho z\u00e1vodu na silnici. Nikdo v d\u011bjin\u00e1ch si podobn\u00fd double nep\u0159ipsal. Ale jestli n\u011bkdo m\u016f\u017ee tuto historii p\u0159epsat, pak pr\u00e1v\u011b rod\u00e1k z Leedsu.","inLanguage":"cs","potentialAction":[{"@type":"ReadAction","target":["https:\/\/www.welovecycling.com\/cs\/2024\/08\/03\/muz-na-nehoz-v-parizi-buceli-chce-druhe-zlato-zvladne-opotrebovavaci-valku\/"]}]},{"@type":"ImageObject","inLanguage":"cs","@id":"https:\/\/www.welovecycling.com\/cs\/2024\/08\/03\/muz-na-nehoz-v-parizi-buceli-chce-druhe-zlato-zvladne-opotrebovavaci-valku\/#primaryimage","url":"https:\/\/d2p6e6u75xmxt8.cloudfront.net\/13\/2024\/08\/profimedia-0895113134.webp","contentUrl":"https:\/\/d2p6e6u75xmxt8.cloudfront.net\/13\/2024\/08\/profimedia-0895113134.webp","width":1800,"height":1200,"caption":"Thomas Pidcock na OH v Pa\u0159\u00ed\u017ei."},{"@type":"WebSite","@id":"https:\/\/www.welovecycling.com\/cs\/#website","url":"https:\/\/www.welovecycling.com\/cs\/","name":"\u0160koda We Love Cycling - \u010cesk\u00e1 republika","description":"WeLoveCycling.cz je online magaz\u00edn, kter\u00fd v\u00e1m pravideln\u011b p\u0159in\u00e1\u0161\u00ed rady a tipy, zaj\u00edmav\u00e9 \u010dl\u00e1nky, videa a jedine\u010dn\u00e9 report\u00e1\u017ee ze sv\u011bta cyklistiky.","potentialAction":[{"@type":"SearchAction","target":{"@type":"EntryPoint","urlTemplate":"https:\/\/www.welovecycling.com\/cs\/?s={search_term_string}"},"query-input":{"@type":"PropertyValueSpecification","valueRequired":true,"valueName":"search_term_string"}}],"inLanguage":"cs"},{"@type":"Person","@id":"https:\/\/www.welovecycling.com\/cs\/#\/schema\/person\/d9eeb0a378f3a7e4a6d12d2b536b04b8","name":"radekmalina","image":{"@type":"ImageObject","inLanguage":"cs","@id":"https:\/\/www.welovecycling.com\/cs\/#\/schema\/person\/image\/","url":"https:\/\/secure.gravatar.com\/avatar\/66994b632cb8c39a46b9f54afa3ae07201b678d32a54275b6f1c9ffec356bfc0?s=96&d=mm&r=g","contentUrl":"https:\/\/secure.gravatar.com\/avatar\/66994b632cb8c39a46b9f54afa3ae07201b678d32a54275b6f1c9ffec356bfc0?s=96&d=mm&r=g","caption":"radekmalina"},"url":"https:\/\/www.welovecycling.com\/cs\/author\/radekmalina\/"}]}},"_links":{"self":[{"href":"https:\/\/www.welovecycling.com\/cs\/wp-json\/wp\/v2\/posts\/26766","targetHints":{"allow":["GET"]}}],"collection":[{"href":"https:\/\/www.welovecycling.com\/cs\/wp-json\/wp\/v2\/posts"}],"about":[{"href":"https:\/\/www.welovecycling.com\/cs\/wp-json\/wp\/v2\/types\/post"}],"author":[{"embeddable":true,"href":"https:\/\/www.welovecycling.com\/cs\/wp-json\/wp\/v2\/users\/138"}],"replies":[{"embeddable":true,"href":"https:\/\/www.welovecycling.com\/cs\/wp-json\/wp\/v2\/comments?post=26766"}],"version-history":[{"count":4,"href":"https:\/\/www.welovecycling.com\/cs\/wp-json\/wp\/v2\/posts\/26766\/revisions"}],"predecessor-version":[{"id":26771,"href":"https:\/\/www.welovecycling.com\/cs\/wp-json\/wp\/v2\/posts\/26766\/revisions\/26771"}],"wp:featuredmedia":[{"embeddable":true,"href":"https:\/\/www.welovecycling.com\/cs\/wp-json\/wp\/v2\/media\/26768"}],"wp:attachment":[{"href":"https:\/\/www.welovecycling.com\/cs\/wp-json\/wp\/v2\/media?parent=26766"}],"wp:term":[{"taxonomy":"category","embeddable":true,"href":"https:\/\/www.welovecycling.com\/cs\/wp-json\/wp\/v2\/categories?post=26766"},{"taxonomy":"post_tag","embeddable":true,"href":"https:\/\/www.welovecycling.com\/cs\/wp-json\/wp\/v2\/tags?post=26766"},{"taxonomy":"global-categories","embeddable":true,"href":"https:\/\/www.welovecycling.com\/cs\/wp-json\/wp\/v2\/global-categories?post=26766"}],"curies":[{"name":"wp","href":"https:\/\/api.w.org\/{rel}","templated":true}]}}