{"id":26761,"date":"2024-08-02T12:30:55","date_gmt":"2024-08-02T10:30:55","guid":{"rendered":"https:\/\/www.welovecycling.com\/cs\/?p=26761"},"modified":"2024-08-02T12:30:55","modified_gmt":"2024-08-02T10:30:55","slug":"julia-kopecky-jako-mala-nechtela-kolo-ani-videt-ted-v-sedle-bojuje-v-parizi","status":"publish","type":"post","link":"https:\/\/www.welovecycling.com\/cs\/2024\/08\/02\/julia-kopecky-jako-mala-nechtela-kolo-ani-videt-ted-v-sedle-bojuje-v-parizi\/","title":{"rendered":"Julia Kopecky jako mal\u00e1 necht\u011bla kolo ani vid\u011bt, te\u010f v sedle bojuje v Pa\u0159\u00ed\u017ei"},"content":{"rendered":"<p><strong>Vrchol, o n\u011bm\u017e se j\u00ed na startu sezony ani nesnilo. Julia Kopecky reprezentuje v pouh\u00fdch devaten\u00e1cti letech \u010cesko na olympijsk\u00fdch hr\u00e1ch v Pa\u0159\u00ed\u017ei. Narodila se v Nizozemsku, odkud m\u00e1 maminku a zem\u011b je st\u00e1le jej\u00edm druh\u00fdm domovem. Ale proto\u017ee jej\u00ed brat\u0159i se v cyklistice rozhodli reprezentovat rodnou zemi otce, n\u00e1sledovala je i Julia. Olympijskou Pa\u0159\u00ed\u017e 2024 u\u017e okusila v \u010dasovce, kde fini\u0161ovala osmadvac\u00e1t\u00e1. Prvn\u00ed srpnovou ned\u011bli ji v m\u011bst\u011b nad Seinou \u010dek\u00e1 bitva v hromadn\u00e9m z\u00e1vod\u011b.<\/strong><\/p>\n<p>&#8222;Na za\u010d\u00e1tku sezony jsem v\u016fbec na olympi\u00e1du nemyslela,&#8220; vypravuje devaten\u00e1ctilet\u00e1 Julia Kopecky, kter\u00e1 poch\u00e1z\u00ed z cyklistick\u00e9 rodiny. Tat\u00ednek, kter\u00fd je profesorem na univerzit\u011b, se v\u011bnoval cyklokrosu. V ter\u00e9nu za\u010d\u00ednala i Julia a jej\u00ed star\u0161\u00ed brat\u0159i Tom\u00e1\u0161 a Maty\u00e1\u0161. Ale postupn\u011b p\u0159e\u0161li k silni\u010dn\u00ed cyklistice. Julia p\u0159itom p\u016fvodn\u011b jako mal\u00e1 ke kol\u016fm vztah nem\u011bla. V\u011bnovala se atletice a j\u00edzdu v sedle odm\u00edtala. Ale t\u011b\u017eko odolat, kdy\u017e je cyklistikou posedl\u00e1 cel\u00e1 rodina. V\u017edy\u0165 o p\u011bt let star\u0161\u00ed bratr Tom\u00e1\u0161 jezd\u00ed za belgickou prokontinent\u00e1ln\u00ed formaci TDT Unibet a jednadvacetilet\u00fd Maty\u00e1\u0161 je v sestav\u011b Novo Nordisk, rovn\u011b\u017e t\u00fdmu z druh\u00e9 nejvy\u0161\u0161\u00ed divize.<\/p>\n<h2><strong>Julia Kopecky: Je to \u017eivotn\u00ed sezona<\/strong><\/h2>\n<p>U\u017e v sezon\u011b 2022 byla Julia Kopecky na soupisce t\u00fdmu NXTG U19, v minul\u00e9m roce byla \u010dlenkou kontinent\u00e1ln\u00ed formace AG Insurance-NXTG, jej\u00ed\u017e dres obl\u00e9kala i letos. &#8222;V development t\u00fdmu jsem se za dva roky nau\u010dila spoustu v\u011bc\u00ed. V\u00edm, \u017ee mohu vyhr\u00e1vat z\u00e1vody. Byla to mnohem lep\u0161\u00ed cesta, ne\u017e hned sko\u010dit do nejv\u011bt\u0161\u00edch z\u00e1vod\u016f. Jdu cestou postupn\u00fdch kr\u016f\u010dk\u016f,&#8220; vypr\u00e1v\u011bla Julia Kopecky, kter\u00e1 pro\u017e\u00edv\u00e1 v sedle skv\u011bl\u00fd rok.\u00a0&#8222;Od za\u010d\u00e1tku sezony jsem jezdila dob\u0159e. M\u011bla jsem v\u00fdsledky, za\u010dala si v\u011b\u0159it. Hodn\u011b jsem se koncentrovala na mistrovstv\u00ed republiky,&#8220; vypravuje Julia Kopecky.<\/p>\n<figure id=\"attachment_26751\" aria-describedby=\"caption-attachment-26751\" style=\"width: 1920px\" class=\"wp-caption alignnone\"><a href=\"https:\/\/d2p6e6u75xmxt8.cloudfront.net\/13\/2024\/07\/BrychtaJan_MR_Jevicko_TT_20240620_113337_D4C_4756-1-scaled.webp\"><img loading=\"lazy\" decoding=\"async\" class=\"size-extra-large wp-image-26751\" src=\"https:\/\/d2p6e6u75xmxt8.cloudfront.net\/13\/2024\/07\/BrychtaJan_MR_Jevicko_TT_20240620_113337_D4C_4756-1-1920x1278.webp\" alt=\"Julia Kopecky jako v\u00edt\u011bzka \u010dasovky na mistrovstv\u00ed republiky. Foto: Jan Brychta\/\u010cesk\u00fd svaz cyklistiky\" width=\"1920\" height=\"1278\" srcset=\"https:\/\/d2p6e6u75xmxt8.cloudfront.net\/13\/2024\/07\/BrychtaJan_MR_Jevicko_TT_20240620_113337_D4C_4756-1-1920x1278.webp 1920w, https:\/\/d2p6e6u75xmxt8.cloudfront.net\/13\/2024\/07\/BrychtaJan_MR_Jevicko_TT_20240620_113337_D4C_4756-1-300x200.webp 300w, https:\/\/d2p6e6u75xmxt8.cloudfront.net\/13\/2024\/07\/BrychtaJan_MR_Jevicko_TT_20240620_113337_D4C_4756-1-1024x682.webp 1024w, https:\/\/d2p6e6u75xmxt8.cloudfront.net\/13\/2024\/07\/BrychtaJan_MR_Jevicko_TT_20240620_113337_D4C_4756-1-768x511.webp 768w, https:\/\/d2p6e6u75xmxt8.cloudfront.net\/13\/2024\/07\/BrychtaJan_MR_Jevicko_TT_20240620_113337_D4C_4756-1-1536x1022.webp 1536w, https:\/\/d2p6e6u75xmxt8.cloudfront.net\/13\/2024\/07\/BrychtaJan_MR_Jevicko_TT_20240620_113337_D4C_4756-1-2048x1363.webp 2048w, https:\/\/d2p6e6u75xmxt8.cloudfront.net\/13\/2024\/07\/BrychtaJan_MR_Jevicko_TT_20240620_113337_D4C_4756-1-400x266.webp 400w, https:\/\/d2p6e6u75xmxt8.cloudfront.net\/13\/2024\/07\/BrychtaJan_MR_Jevicko_TT_20240620_113337_D4C_4756-1-272x182.webp 272w, https:\/\/d2p6e6u75xmxt8.cloudfront.net\/13\/2024\/07\/BrychtaJan_MR_Jevicko_TT_20240620_113337_D4C_4756-1-1920x1278.webp 1920w\" sizes=\"auto, (max-width: 1920px) 100vw, 1920px\" \/><\/a><figcaption id=\"caption-attachment-26751\" class=\"wp-caption-text\"><em>Julia Kopecky coby v\u00edt\u011bzka \u010dasovky na mistrovstv\u00ed republiky 2024. Foto: Jan Brychta\/\u010cesk\u00fd svaz cyklistiky<\/em><\/figcaption><\/figure>\n<p>Na tuzemsk\u00e9m \u0161ampion\u00e1tu nejprve ovl\u00e1dla \u010dasovku, pak p\u0159idala bronz v hromadn\u00e9m z\u00e1vod\u011b. &#8222;P\u0159itom v t\u00e9 zlat\u00e9 \u010dasovce jsem ur\u010dit\u011b nejela nejlep\u0161\u00ed z\u00e1vod, nec\u00edtila jsem se ide\u00e1ln\u011b,&#8220; vzpom\u00edn\u00e1 z\u00e1vodnice, kter\u00e1 v kv\u011btnu ovl\u00e1dla dv\u011b etapy na Tour de Feminin, kde opanovala i absolutn\u00ed po\u0159ad\u00ed stejn\u011b jako bodovou klasifikaci. V \u010dervnu pak obsadila t\u0159et\u00ed p\u0159\u00ed\u010dku mezi mlad\u00fdmi z\u00e1vodnicemi na Th\u00fcringen Tour v N\u011bmecku.<\/p>\n<div class=\"shortcode-ys-post-pinup\"><article class=\"loop-simple post-26579 post type-post status-publish format-standard has-post-thumbnail hentry category-silnicni-cyklistika tag-fanousci tag-popularita tag-tadej-pogacar tag-tour-de-france tag-tour-de-france-2024 global-categories-cycling\" data-postid=\"26579\" role=\"article\" data-post-id=\"26579\" data-word-count=\"557\" data-headline-length=\"94\" data-category=\"Silni\u010dn\u00ed cyklistika\" data-global-category=\"Cycling\" data-author=\"Radek Malina\" data-published=\"2024-07-23T05:00:29+02:00\" data-published-day=\"Tuesday\">\n    <div class=\"entry-thumbnail article-thumbnail\" content=\"https:\/\/d2p6e6u75xmxt8.cloudfront.net\/13\/2024\/07\/profimedia-0891297518-150x150.webp\"><a href=\"https:\/\/www.welovecycling.com\/cs\/2024\/07\/23\/proc-je-tadej-pogacar-fanousky-milovan-zatimco-na-jine-lidry-se-buci-nebo-lije-moc\/\" class=\"image-holder\" target=\"_self\"><img decoding=\"async\" loading=\"lazy\" class=\"\" src=\"https:\/\/d2p6e6u75xmxt8.cloudfront.net\/13\/2024\/07\/profimedia-0891297518-1024x683.webp\" srcset=\"https:\/\/d2p6e6u75xmxt8.cloudfront.net\/13\/2024\/07\/profimedia-0891297518.webp 1800w, https:\/\/d2p6e6u75xmxt8.cloudfront.net\/13\/2024\/07\/profimedia-0891297518-300x200.webp 300w, https:\/\/d2p6e6u75xmxt8.cloudfront.net\/13\/2024\/07\/profimedia-0891297518-1024x683.webp 1024w, https:\/\/d2p6e6u75xmxt8.cloudfront.net\/13\/2024\/07\/profimedia-0891297518-768x512.webp 768w, https:\/\/d2p6e6u75xmxt8.cloudfront.net\/13\/2024\/07\/profimedia-0891297518-1536x1024.webp 1536w, https:\/\/d2p6e6u75xmxt8.cloudfront.net\/13\/2024\/07\/profimedia-0891297518-400x267.webp 400w, https:\/\/d2p6e6u75xmxt8.cloudfront.net\/13\/2024\/07\/profimedia-0891297518-272x182.webp 272w\" width=\"1024\" height=\"683\" sizes=\"auto, (min-width: 1200px) 300px, (min-width: 768px) 25vw, 100vw\" alt=\"proc-je-tadej-pogacar-fanousky-milovan-zatimco-na-jine-lidry-se-buci-nebo-lije-moc\"\/><\/a><\/div>    <div class=\"entry-meta\">\n        <a class=\"label label-secondary post-category\" href=\"https:\/\/www.welovecycling.com\/cs\/category\/silnicni-cyklistika\/\" title=\"Silni\u010dn\u00ed cyklistika\">Silni\u010dn\u00ed cyklistika<\/a>\n    <\/div>\n    <div class=\"entry-details\">\n        <a href=\"https:\/\/www.welovecycling.com\/cs\/2024\/07\/23\/proc-je-tadej-pogacar-fanousky-milovan-zatimco-na-jine-lidry-se-buci-nebo-lije-moc\/\" class='entry-title-wrapper'>\n            <h3 class=\"entry-title\"><span>Pro\u010d je Tadej Poga\u010dar fanou\u0161ky milov\u00e1n, zat\u00edmco na jin\u00e9 l\u00eddry se bu\u010d\u00ed nebo lije mo\u010d?<\/span><\/h3>\n        <\/a>\n    <\/div>\n    <\/article>\n<\/div>\n<p>&#8222;Je to moje \u017eivotn\u00ed sezona. Z v\u00edt\u011bzstv\u00ed na Tour de Feminin jsem m\u011bla velkou radost. Da\u0159ilo se mi i na etap\u00e1ku Gracia. A dv\u011b medaile z mistrovstv\u00ed republiky jsou jasn\u00fdm d\u016fkazem, \u017ee se posouv\u00e1m spr\u00e1vn\u00fdm sm\u011brem,&#8220; p\u0159em\u00edt\u00e1 mlad\u00e1 \u010desk\u00e1 reprezentantka.<\/p>\n<figure id=\"attachment_26758\" aria-describedby=\"caption-attachment-26758\" style=\"width: 1920px\" class=\"wp-caption alignnone\"><a href=\"https:\/\/d2p6e6u75xmxt8.cloudfront.net\/13\/2024\/07\/julia-kopecky-scaled.webp\"><img loading=\"lazy\" decoding=\"async\" class=\"size-extra-large wp-image-26758\" src=\"https:\/\/d2p6e6u75xmxt8.cloudfront.net\/13\/2024\/07\/julia-kopecky-1920x1280.webp\" alt=\"Julia Kopecky se raduje z v\u00edt\u011bzstv\u00ed na Tour de Feminin. Foto: Josef Vaishar\/\u010cesk\u00fd svaz cyklistiky\" width=\"1920\" height=\"1280\" srcset=\"https:\/\/d2p6e6u75xmxt8.cloudfront.net\/13\/2024\/07\/julia-kopecky-1920x1280.webp 1920w, https:\/\/d2p6e6u75xmxt8.cloudfront.net\/13\/2024\/07\/julia-kopecky-300x200.webp 300w, https:\/\/d2p6e6u75xmxt8.cloudfront.net\/13\/2024\/07\/julia-kopecky-1024x683.webp 1024w, https:\/\/d2p6e6u75xmxt8.cloudfront.net\/13\/2024\/07\/julia-kopecky-768x512.webp 768w, https:\/\/d2p6e6u75xmxt8.cloudfront.net\/13\/2024\/07\/julia-kopecky-1536x1024.webp 1536w, https:\/\/d2p6e6u75xmxt8.cloudfront.net\/13\/2024\/07\/julia-kopecky-2048x1365.webp 2048w, https:\/\/d2p6e6u75xmxt8.cloudfront.net\/13\/2024\/07\/julia-kopecky-400x267.webp 400w, https:\/\/d2p6e6u75xmxt8.cloudfront.net\/13\/2024\/07\/julia-kopecky-272x182.webp 272w, https:\/\/d2p6e6u75xmxt8.cloudfront.net\/13\/2024\/07\/julia-kopecky-1920x1280.webp 1920w\" sizes=\"auto, (max-width: 1920px) 100vw, 1920px\" \/><\/a><figcaption id=\"caption-attachment-26758\" class=\"wp-caption-text\"><em>Julia Kopecky se raduje z v\u00edt\u011bzstv\u00ed na Tour de Feminin. Foto: Josef Vaishar\/\u010cesk\u00fd svaz cyklistiky<\/em><\/figcaption><\/figure>\n<p>&#8222;Nominace na olympijsk\u00e9 hry pro m\u011b znamenala stra\u0161n\u011b moc. Jde o akci jednou za \u010dty\u0159i roky, z\u00e1\u017eitek na cel\u00fd \u017eivot. Obrovskou radost m\u011bl i t\u00e1ta a br\u00e1chov\u00e9. V\u017edy\u0165 mi doma ne\u0159e\u0161\u00edme nic jin\u00e9ho ne\u017e cyklistiku. Kouk\u00e1me na z\u00e1vody, rozeb\u00edr\u00e1me je. Sna\u017e\u00edm se od Tom\u00e1\u0161e i Maty\u00e1\u0161e n\u011bco p\u0159iu\u010dit. Sledovala jsem \u017eensk\u00e9 Giro, mu\u017eskou Tour de France. T\u0159eba jen dvacet posledn\u00edch kil\u00e1k\u016f, kdy\u017e jsem p\u0159ijela z tr\u00e9ninku. Prost\u011b v\u0161echno, co mi m\u016f\u017ee pomoci,&#8220; usm\u00edv\u00e1 se Julia Kopecky.<\/p>\n<h2><strong>Krom\u011b kola studuje je\u0161t\u011b psychologii v Nizozemsku<\/strong><\/h2>\n<p>Krom\u011b cyklistiky jej\u00ed \u010das vypl\u0148uj\u00ed i vysoko\u0161kolsk\u00e9 povinnosti. V nizozemsk\u00e9m Leidenu, kter\u00fd je jej\u00edm druh\u00fdm domovem, studuje psychologii. Je\u0161t\u011b p\u0159ed fin\u00e1ln\u00ed p\u0159\u00edpravou absolvovala posledn\u00ed zkou\u0161ku prvn\u00edho ro\u010dn\u00edku. Jinak bylo b\u011bhem l\u00e9ta absolutn\u00ed prioritou kolo. P\u016fvodn\u011b toti\u017e Pa\u0159\u00ed\u017e 2024 m\u011bla za\u017e\u00edt jen coby \u00fa\u010dastnice hromadn\u00e9ho z\u00e1vodu \u017een, ale proto\u017ee se uvolnilo m\u00edsto v \u010dasovce, nastoupila do boj\u016f pod p\u011bti kruhy necel\u00fdch \u010dty\u0159iadvacet hodin po slavnostn\u00edm zah\u00e1jen\u00ed.<\/p>\n<p>&#8222;Bylo to hodn\u011b t\u011b\u017ek\u00e9. V de\u0161ti byla tra\u0165 d\u011bsn\u011b uklouzan\u00e1. Po deseti kilometrech jsem spadla, kdy\u017e mi podklouzlo p\u0159edn\u00ed kolo. Nasedla jsem a pokra\u010dovala, ale ztratila jsem rytmus. \u0160lo o velkou zku\u0161enost pro budoucnost,&#8220; vypr\u00e1v\u011bla devaten\u00e1ctilet\u00e1 z\u00e1vodnice, kter\u00e1 nakonec \u010dasovku dokon\u010dila jako osmadvac\u00e1t\u00e1.<\/p>\n<figure id=\"attachment_26763\" aria-describedby=\"caption-attachment-26763\" style=\"width: 1920px\" class=\"wp-caption alignnone\"><a href=\"https:\/\/d2p6e6u75xmxt8.cloudfront.net\/13\/2024\/08\/Kopecky-julia-pariz-michal-cerveny-2-scaled.webp\"><img loading=\"lazy\" decoding=\"async\" class=\"size-extra-large wp-image-26763\" src=\"https:\/\/d2p6e6u75xmxt8.cloudfront.net\/13\/2024\/08\/Kopecky-julia-pariz-michal-cerveny-2-1920x1281.webp\" alt=\"Julia Kopecky dojela i p\u0159es p\u00e1d olympijskou \u010dasovku v Pa\u0159\u00ed\u017ei na osmadvac\u00e1t\u00e9 pozici.\" width=\"1920\" height=\"1281\" srcset=\"https:\/\/d2p6e6u75xmxt8.cloudfront.net\/13\/2024\/08\/Kopecky-julia-pariz-michal-cerveny-2-1920x1281.webp 1920w, https:\/\/d2p6e6u75xmxt8.cloudfront.net\/13\/2024\/08\/Kopecky-julia-pariz-michal-cerveny-2-300x200.webp 300w, https:\/\/d2p6e6u75xmxt8.cloudfront.net\/13\/2024\/08\/Kopecky-julia-pariz-michal-cerveny-2-1024x683.webp 1024w, https:\/\/d2p6e6u75xmxt8.cloudfront.net\/13\/2024\/08\/Kopecky-julia-pariz-michal-cerveny-2-768x512.webp 768w, https:\/\/d2p6e6u75xmxt8.cloudfront.net\/13\/2024\/08\/Kopecky-julia-pariz-michal-cerveny-2-1536x1025.webp 1536w, https:\/\/d2p6e6u75xmxt8.cloudfront.net\/13\/2024\/08\/Kopecky-julia-pariz-michal-cerveny-2-2048x1366.webp 2048w, https:\/\/d2p6e6u75xmxt8.cloudfront.net\/13\/2024\/08\/Kopecky-julia-pariz-michal-cerveny-2-400x267.webp 400w, https:\/\/d2p6e6u75xmxt8.cloudfront.net\/13\/2024\/08\/Kopecky-julia-pariz-michal-cerveny-2-272x182.webp 272w, https:\/\/d2p6e6u75xmxt8.cloudfront.net\/13\/2024\/08\/Kopecky-julia-pariz-michal-cerveny-2-1920x1281.webp 1920w\" sizes=\"auto, (max-width: 1920px) 100vw, 1920px\" \/><\/a><figcaption id=\"caption-attachment-26763\" class=\"wp-caption-text\"><em>Julia Kopecky dojela i p\u0159es p\u00e1d olympijskou \u010dasovku v Pa\u0159\u00ed\u017ei na osmadvac\u00e1t\u00e9 pozici. Foto: Michal \u010cerven\u00fd\/\u010cesk\u00fd svaz cyklistiky<\/em><\/figcaption><\/figure>\n<p>Pro hromadn\u00fd z\u00e1vod, kter\u00fd se v Pa\u0159\u00ed\u017ei jede v ned\u011bli, douf\u00e1 v lep\u0161\u00ed v\u00fdsledek. &#8222;Je to tra\u0165 podle m\u00e9ho gusta,&#8220; \u0159\u00edk\u00e1 mlad\u00e1 \u010desk\u00e1 reprezentantka. Cyklistiky mus\u00ed absolvovat 158 kilometr\u016f s p\u0159ev\u00fd\u0161en\u00edm 1700 metr\u016f.<\/p>\n<div class=\"shortcode-ys-post-pinup\"><article class=\"loop-simple post-26740 post type-post status-publish format-standard has-post-thumbnail hentry category-zeny tag-anezka-drahotova tag-cyklistika tag-road-classics-2024 tag-silnicni-cyklistika global-categories-cycling\" data-postid=\"26740\" role=\"article\" data-post-id=\"26740\" data-word-count=\"745\" data-headline-length=\"98\" data-category=\"\u017deny\" data-global-category=\"Cycling\" data-author=\"Radek Malina\" data-published=\"2024-07-31T08:36:22+02:00\" data-published-day=\"Wednesday\">\n    <div class=\"entry-thumbnail article-thumbnail\" content=\"https:\/\/d2p6e6u75xmxt8.cloudfront.net\/13\/2024\/07\/Palava_RC_SLAVIK_websize_197-150x150.webp\"><a href=\"https:\/\/www.welovecycling.com\/cs\/2024\/07\/31\/anezka-drahotova-o-olympijske-nostalgii-i-staronove-vasni-miluju-rychlost-silnicniho-kola\/\" class=\"image-holder\" target=\"_self\"><img decoding=\"async\" loading=\"lazy\" class=\"\" src=\"https:\/\/d2p6e6u75xmxt8.cloudfront.net\/13\/2024\/07\/Palava_RC_SLAVIK_websize_197-1024x683.webp\" srcset=\"https:\/\/d2p6e6u75xmxt8.cloudfront.net\/13\/2024\/07\/Palava_RC_SLAVIK_websize_197.webp 2500w, https:\/\/d2p6e6u75xmxt8.cloudfront.net\/13\/2024\/07\/Palava_RC_SLAVIK_websize_197-300x200.webp 300w, https:\/\/d2p6e6u75xmxt8.cloudfront.net\/13\/2024\/07\/Palava_RC_SLAVIK_websize_197-1024x683.webp 1024w, https:\/\/d2p6e6u75xmxt8.cloudfront.net\/13\/2024\/07\/Palava_RC_SLAVIK_websize_197-768x512.webp 768w, https:\/\/d2p6e6u75xmxt8.cloudfront.net\/13\/2024\/07\/Palava_RC_SLAVIK_websize_197-1536x1024.webp 1536w, https:\/\/d2p6e6u75xmxt8.cloudfront.net\/13\/2024\/07\/Palava_RC_SLAVIK_websize_197-2048x1366.webp 2048w, https:\/\/d2p6e6u75xmxt8.cloudfront.net\/13\/2024\/07\/Palava_RC_SLAVIK_websize_197-1920x1280.webp 1920w, https:\/\/d2p6e6u75xmxt8.cloudfront.net\/13\/2024\/07\/Palava_RC_SLAVIK_websize_197-400x267.webp 400w, https:\/\/d2p6e6u75xmxt8.cloudfront.net\/13\/2024\/07\/Palava_RC_SLAVIK_websize_197-272x182.webp 272w, https:\/\/d2p6e6u75xmxt8.cloudfront.net\/13\/2024\/07\/Palava_RC_SLAVIK_websize_197-1920x1280.webp 1920w\" width=\"1024\" height=\"683\" sizes=\"auto, (min-width: 1200px) 300px, (min-width: 768px) 25vw, 100vw\" alt=\"anezka-drahotova-o-olympijske-nostalgii-i-staronove-vasni-miluju-rychlost-silnicniho-kola\"\/><\/a><\/div>    <div class=\"entry-meta\">\n        <a class=\"label label-secondary post-category\" href=\"https:\/\/www.welovecycling.com\/cs\/category\/zeny\/\" title=\"\u017deny\">\u017deny<\/a>\n    <\/div>\n    <div class=\"entry-details\">\n        <a href=\"https:\/\/www.welovecycling.com\/cs\/2024\/07\/31\/anezka-drahotova-o-olympijske-nostalgii-i-staronove-vasni-miluju-rychlost-silnicniho-kola\/\" class='entry-title-wrapper'>\n            <h3 class=\"entry-title\"><span>Ane\u017eka Drahotov\u00e1 o olympijsk\u00e9 nostalgii i staronov\u00e9 v\u00e1\u0161ni: Miluju rychlost silni\u010dn\u00edho kola<\/span><\/h3>\n        <\/a>\n    <\/div>\n    <\/article>\n<\/div>\n<p>&#8222;Jak u\u017e jsme v minulosti na olympi\u00e1d\u011b mohli vid\u011bt, tak ty silni\u010dn\u00ed z\u00e1vody jsou dost specifick\u00e9. \u010casto rozhoduj\u00ed i t\u00fdmov\u00e9 z\u00e1jmy na \u00fakor reprezenta\u010dn\u00edch. Tak\u017ee ta po\u010detn\u00ed p\u0159evaha jin\u00fdch zem\u00ed nemus\u00ed n\u011bkdy a\u017e tolik znamenat. Nav\u00edc t\u00fdmy nejsou a\u017e tak po\u010detn\u00e9, nen\u00ed tam komunikace. St\u00e1t se m\u016f\u017ee v\u0161echno. Sta\u010d\u00ed p\u0159ipomenout v\u00edt\u011bzku minul\u00e9 olympi\u00e1dy Annu Kiesenhoferovou,&#8220; p\u0159ipom\u00ednala Julia Kopecky triumf rakousk\u00e9 z\u00e1vodnice v Tokiu, kter\u00e1 odjela na prvn\u00edm kilometru. A proto\u017ee se nesm\u00ed pou\u017e\u00edvat vys\u00edla\u010dky, peloton v\u016fbec netu\u0161il, \u017ee z p\u011bti\u010dlenn\u00e9ho \u00faniku pohltil jen \u010dty\u0159i z\u00e1vodnice, a tak m\u011bl olympijsk\u00fd z\u00e1vod v Japonsku senza\u010dn\u00ed v\u00edt\u011bzku!<\/p>\n<p><em>Tituln\u00ed foto: Michal \u010cerven\u00fd\/\u010cesk\u00fd svaz cyklistiky<\/em><\/p>\n","protected":false},"excerpt":{"rendered":"<p>Vrchol, o n\u011bm\u017e se j\u00ed na startu sezony ani nesnilo. Julia Kopecky reprezentuje v pouh\u00fdch devaten\u00e1cti letech \u010cesko na olympijsk\u00fdch [&hellip;]<\/p>\n","protected":false},"author":138,"featured_media":26764,"comment_status":"open","ping_status":"open","sticky":false,"template":"","format":"standard","meta":{"footnotes":""},"categories":[5],"tags":[126,1867,2896,3734,2218,9],"global-categories":[411],"class_list":["post-26761","post","type-post","status-publish","format-standard","has-post-thumbnail","hentry","category-zeny","tag-cyklistika","tag-julia-kopecky","tag-oh-pariz-2024","tag-olympiada","tag-pariz-2024","tag-silnicni-cyklistika","global-categories-cycling"],"yoast_head":"<!-- This site is optimized with the Yoast SEO Premium plugin v25.3 (Yoast SEO v25.9) - https:\/\/yoast.com\/wordpress\/plugins\/seo\/ -->\n<title>Julia Kopecky jako mal\u00e1 necht\u011bla kolo ani vid\u011bt, te\u010f v sedle bojuje v Pa\u0159\u00ed\u017ei | \u0160koda We Love Cycling - \u010cesk\u00e1 republika<\/title>\n<meta name=\"description\" content=\"Vrchol, o n\u011bm\u017e se j\u00ed na startu sezony ani nesnilo. Julia Kopecky reprezentuje v pouh\u00fdch devaten\u00e1cti letech \u010cesko na olympijsk\u00fdch hr\u00e1ch v Pa\u0159\u00ed\u017ei. Narodila se v Nizozemsku, odkud m\u00e1 maminku a zem\u011b je st\u00e1le jej\u00edm druh\u00fdm domovem. Ale proto\u017ee jej\u00ed brat\u0159i se v cyklistice rozhodli reprezentovat rodnou zemi otce, n\u00e1sledovala je i Julia. Olympijskou Pa\u0159\u00ed\u017e 2024 u\u017e okusila v \u010dasovce, kde fini\u0161ovala osmadvac\u00e1t\u00e1. Prvn\u00ed srpnovou ned\u011bli ji v m\u011bst\u011b nad Seinou \u010dek\u00e1 bitva v hromadn\u00e9m z\u00e1vod\u011b.\" \/>\n<meta name=\"robots\" content=\"index, follow, max-snippet:-1, max-image-preview:large, max-video-preview:-1\" \/>\n<link rel=\"canonical\" href=\"https:\/\/www.welovecycling.com\/cs\/2024\/08\/02\/julia-kopecky-jako-mala-nechtela-kolo-ani-videt-ted-v-sedle-bojuje-v-parizi\/\" \/>\n<meta property=\"og:locale\" content=\"cs_CZ\" \/>\n<meta property=\"og:type\" content=\"article\" \/>\n<meta property=\"og:title\" content=\"Julia Kopecky jako mal\u00e1 necht\u011bla kolo ani vid\u011bt, te\u010f v sedle bojuje v Pa\u0159\u00ed\u017ei\" \/>\n<meta property=\"og:description\" content=\"Vrchol, o n\u011bm\u017e se j\u00ed na startu sezony ani nesnilo. Julia Kopecky reprezentuje v pouh\u00fdch devaten\u00e1cti letech \u010cesko na olympijsk\u00fdch hr\u00e1ch v Pa\u0159\u00ed\u017ei. Narodila se v Nizozemsku, odkud m\u00e1 maminku a zem\u011b je st\u00e1le jej\u00edm druh\u00fdm domovem. Ale proto\u017ee jej\u00ed brat\u0159i se v cyklistice rozhodli reprezentovat rodnou zemi otce, n\u00e1sledovala je i Julia. Olympijskou Pa\u0159\u00ed\u017e 2024 u\u017e okusila v \u010dasovce, kde fini\u0161ovala osmadvac\u00e1t\u00e1. Prvn\u00ed srpnovou ned\u011bli ji v m\u011bst\u011b nad Seinou \u010dek\u00e1 bitva v hromadn\u00e9m z\u00e1vod\u011b.\" \/>\n<meta property=\"og:url\" content=\"https:\/\/www.welovecycling.com\/cs\/2024\/08\/02\/julia-kopecky-jako-mala-nechtela-kolo-ani-videt-ted-v-sedle-bojuje-v-parizi\/\" \/>\n<meta property=\"og:site_name\" content=\"\u0160koda We Love Cycling - \u010cesk\u00e1 republika\" \/>\n<meta property=\"article:published_time\" content=\"2024-08-02T10:30:55+00:00\" \/>\n<meta property=\"og:image\" content=\"https:\/\/d2p6e6u75xmxt8.cloudfront.net\/13\/2024\/08\/Kopecky-julia-pariz-michal-cerveny-scaled.webp\" \/>\n\t<meta property=\"og:image:width\" content=\"2560\" \/>\n\t<meta property=\"og:image:height\" content=\"1707\" \/>\n\t<meta property=\"og:image:type\" content=\"image\/webp\" \/>\n<meta name=\"author\" content=\"radekmalina\" \/>\n<meta name=\"twitter:card\" content=\"summary_large_image\" \/>\n<meta name=\"twitter:label1\" content=\"Written by\" \/>\n\t<meta name=\"twitter:data1\" content=\"Radek Malina\" \/>\n\t<meta name=\"twitter:label2\" content=\"Est. reading time\" \/>\n\t<meta name=\"twitter:data2\" content=\"6\" \/>\n<script type=\"application\/ld+json\" class=\"yoast-schema-graph\">{\"@context\":\"https:\/\/schema.org\",\"@graph\":[{\"@type\":\"WebPage\",\"@id\":\"https:\/\/www.welovecycling.com\/cs\/2024\/08\/02\/julia-kopecky-jako-mala-nechtela-kolo-ani-videt-ted-v-sedle-bojuje-v-parizi\/\",\"url\":\"https:\/\/www.welovecycling.com\/cs\/2024\/08\/02\/julia-kopecky-jako-mala-nechtela-kolo-ani-videt-ted-v-sedle-bojuje-v-parizi\/\",\"name\":\"Julia Kopecky jako mal\u00e1 necht\u011bla kolo ani vid\u011bt, te\u010f v sedle bojuje v Pa\u0159\u00ed\u017ei | \u0160koda We Love Cycling - \u010cesk\u00e1 republika\",\"isPartOf\":{\"@id\":\"https:\/\/www.welovecycling.com\/cs\/#website\"},\"primaryImageOfPage\":{\"@id\":\"https:\/\/www.welovecycling.com\/cs\/2024\/08\/02\/julia-kopecky-jako-mala-nechtela-kolo-ani-videt-ted-v-sedle-bojuje-v-parizi\/#primaryimage\"},\"image\":{\"@id\":\"https:\/\/www.welovecycling.com\/cs\/2024\/08\/02\/julia-kopecky-jako-mala-nechtela-kolo-ani-videt-ted-v-sedle-bojuje-v-parizi\/#primaryimage\"},\"thumbnailUrl\":\"https:\/\/d2p6e6u75xmxt8.cloudfront.net\/13\/2024\/08\/Kopecky-julia-pariz-michal-cerveny-scaled.webp\",\"datePublished\":\"2024-08-02T10:30:55+00:00\",\"author\":{\"@id\":\"https:\/\/www.welovecycling.com\/cs\/#\/schema\/person\/d9eeb0a378f3a7e4a6d12d2b536b04b8\"},\"description\":\"Vrchol, o n\u011bm\u017e se j\u00ed na startu sezony ani nesnilo. Julia Kopecky reprezentuje v pouh\u00fdch devaten\u00e1cti letech \u010cesko na olympijsk\u00fdch hr\u00e1ch v Pa\u0159\u00ed\u017ei. Narodila se v Nizozemsku, odkud m\u00e1 maminku a zem\u011b je st\u00e1le jej\u00edm druh\u00fdm domovem. Ale proto\u017ee jej\u00ed brat\u0159i se v cyklistice rozhodli reprezentovat rodnou zemi otce, n\u00e1sledovala je i Julia. Olympijskou Pa\u0159\u00ed\u017e 2024 u\u017e okusila v \u010dasovce, kde fini\u0161ovala osmadvac\u00e1t\u00e1. Prvn\u00ed srpnovou ned\u011bli ji v m\u011bst\u011b nad Seinou \u010dek\u00e1 bitva v hromadn\u00e9m z\u00e1vod\u011b.\",\"inLanguage\":\"cs\",\"potentialAction\":[{\"@type\":\"ReadAction\",\"target\":[\"https:\/\/www.welovecycling.com\/cs\/2024\/08\/02\/julia-kopecky-jako-mala-nechtela-kolo-ani-videt-ted-v-sedle-bojuje-v-parizi\/\"]}]},{\"@type\":\"ImageObject\",\"inLanguage\":\"cs\",\"@id\":\"https:\/\/www.welovecycling.com\/cs\/2024\/08\/02\/julia-kopecky-jako-mala-nechtela-kolo-ani-videt-ted-v-sedle-bojuje-v-parizi\/#primaryimage\",\"url\":\"https:\/\/d2p6e6u75xmxt8.cloudfront.net\/13\/2024\/08\/Kopecky-julia-pariz-michal-cerveny-scaled.webp\",\"contentUrl\":\"https:\/\/d2p6e6u75xmxt8.cloudfront.net\/13\/2024\/08\/Kopecky-julia-pariz-michal-cerveny-scaled.webp\",\"width\":2560,\"height\":1707,\"caption\":\"Julia Kopeck\u00fd p\u0159i \u010dasovce na olympijsk\u00fdch hr\u00e1ch v Pa\u0159\u00ed\u017e\u00ed 2024.\"},{\"@type\":\"WebSite\",\"@id\":\"https:\/\/www.welovecycling.com\/cs\/#website\",\"url\":\"https:\/\/www.welovecycling.com\/cs\/\",\"name\":\"\u0160koda We Love Cycling - \u010cesk\u00e1 republika\",\"description\":\"WeLoveCycling.cz je online magaz\u00edn, kter\u00fd v\u00e1m pravideln\u011b p\u0159in\u00e1\u0161\u00ed rady a tipy, zaj\u00edmav\u00e9 \u010dl\u00e1nky, videa a jedine\u010dn\u00e9 report\u00e1\u017ee ze sv\u011bta cyklistiky.\",\"potentialAction\":[{\"@type\":\"SearchAction\",\"target\":{\"@type\":\"EntryPoint\",\"urlTemplate\":\"https:\/\/www.welovecycling.com\/cs\/?s={search_term_string}\"},\"query-input\":{\"@type\":\"PropertyValueSpecification\",\"valueRequired\":true,\"valueName\":\"search_term_string\"}}],\"inLanguage\":\"cs\"},{\"@type\":\"Person\",\"@id\":\"https:\/\/www.welovecycling.com\/cs\/#\/schema\/person\/d9eeb0a378f3a7e4a6d12d2b536b04b8\",\"name\":\"radekmalina\",\"image\":{\"@type\":\"ImageObject\",\"inLanguage\":\"cs\",\"@id\":\"https:\/\/www.welovecycling.com\/cs\/#\/schema\/person\/image\/\",\"url\":\"https:\/\/secure.gravatar.com\/avatar\/66994b632cb8c39a46b9f54afa3ae07201b678d32a54275b6f1c9ffec356bfc0?s=96&d=mm&r=g\",\"contentUrl\":\"https:\/\/secure.gravatar.com\/avatar\/66994b632cb8c39a46b9f54afa3ae07201b678d32a54275b6f1c9ffec356bfc0?s=96&d=mm&r=g\",\"caption\":\"radekmalina\"},\"url\":\"https:\/\/www.welovecycling.com\/cs\/author\/radekmalina\/\"}]}<\/script>\n<!-- \/ Yoast SEO Premium plugin. -->","yoast_head_json":{"title":"Julia Kopecky jako mal\u00e1 necht\u011bla kolo ani vid\u011bt, te\u010f v sedle bojuje v Pa\u0159\u00ed\u017ei | \u0160koda We Love Cycling - \u010cesk\u00e1 republika","description":"Vrchol, o n\u011bm\u017e se j\u00ed na startu sezony ani nesnilo. Julia Kopecky reprezentuje v pouh\u00fdch devaten\u00e1cti letech \u010cesko na olympijsk\u00fdch hr\u00e1ch v Pa\u0159\u00ed\u017ei. Narodila se v Nizozemsku, odkud m\u00e1 maminku a zem\u011b je st\u00e1le jej\u00edm druh\u00fdm domovem. Ale proto\u017ee jej\u00ed brat\u0159i se v cyklistice rozhodli reprezentovat rodnou zemi otce, n\u00e1sledovala je i Julia. Olympijskou Pa\u0159\u00ed\u017e 2024 u\u017e okusila v \u010dasovce, kde fini\u0161ovala osmadvac\u00e1t\u00e1. Prvn\u00ed srpnovou ned\u011bli ji v m\u011bst\u011b nad Seinou \u010dek\u00e1 bitva v hromadn\u00e9m z\u00e1vod\u011b.","robots":{"index":"index","follow":"follow","max-snippet":"max-snippet:-1","max-image-preview":"max-image-preview:large","max-video-preview":"max-video-preview:-1"},"canonical":"https:\/\/www.welovecycling.com\/cs\/2024\/08\/02\/julia-kopecky-jako-mala-nechtela-kolo-ani-videt-ted-v-sedle-bojuje-v-parizi\/","og_locale":"cs_CZ","og_type":"article","og_title":"Julia Kopecky jako mal\u00e1 necht\u011bla kolo ani vid\u011bt, te\u010f v sedle bojuje v Pa\u0159\u00ed\u017ei","og_description":"Vrchol, o n\u011bm\u017e se j\u00ed na startu sezony ani nesnilo. Julia Kopecky reprezentuje v pouh\u00fdch devaten\u00e1cti letech \u010cesko na olympijsk\u00fdch hr\u00e1ch v Pa\u0159\u00ed\u017ei. Narodila se v Nizozemsku, odkud m\u00e1 maminku a zem\u011b je st\u00e1le jej\u00edm druh\u00fdm domovem. Ale proto\u017ee jej\u00ed brat\u0159i se v cyklistice rozhodli reprezentovat rodnou zemi otce, n\u00e1sledovala je i Julia. Olympijskou Pa\u0159\u00ed\u017e 2024 u\u017e okusila v \u010dasovce, kde fini\u0161ovala osmadvac\u00e1t\u00e1. Prvn\u00ed srpnovou ned\u011bli ji v m\u011bst\u011b nad Seinou \u010dek\u00e1 bitva v hromadn\u00e9m z\u00e1vod\u011b.","og_url":"https:\/\/www.welovecycling.com\/cs\/2024\/08\/02\/julia-kopecky-jako-mala-nechtela-kolo-ani-videt-ted-v-sedle-bojuje-v-parizi\/","og_site_name":"\u0160koda We Love Cycling - \u010cesk\u00e1 republika","article_published_time":"2024-08-02T10:30:55+00:00","og_image":[{"width":2560,"height":1707,"url":"https:\/\/d2p6e6u75xmxt8.cloudfront.net\/13\/2024\/08\/Kopecky-julia-pariz-michal-cerveny-scaled.webp","type":"image\/webp"}],"author":"radekmalina","twitter_card":"summary_large_image","twitter_misc":{"Written by":"Radek Malina","Est. reading time":"6"},"schema":{"@context":"https:\/\/schema.org","@graph":[{"@type":"WebPage","@id":"https:\/\/www.welovecycling.com\/cs\/2024\/08\/02\/julia-kopecky-jako-mala-nechtela-kolo-ani-videt-ted-v-sedle-bojuje-v-parizi\/","url":"https:\/\/www.welovecycling.com\/cs\/2024\/08\/02\/julia-kopecky-jako-mala-nechtela-kolo-ani-videt-ted-v-sedle-bojuje-v-parizi\/","name":"Julia Kopecky jako mal\u00e1 necht\u011bla kolo ani vid\u011bt, te\u010f v sedle bojuje v Pa\u0159\u00ed\u017ei | \u0160koda We Love Cycling - \u010cesk\u00e1 republika","isPartOf":{"@id":"https:\/\/www.welovecycling.com\/cs\/#website"},"primaryImageOfPage":{"@id":"https:\/\/www.welovecycling.com\/cs\/2024\/08\/02\/julia-kopecky-jako-mala-nechtela-kolo-ani-videt-ted-v-sedle-bojuje-v-parizi\/#primaryimage"},"image":{"@id":"https:\/\/www.welovecycling.com\/cs\/2024\/08\/02\/julia-kopecky-jako-mala-nechtela-kolo-ani-videt-ted-v-sedle-bojuje-v-parizi\/#primaryimage"},"thumbnailUrl":"https:\/\/d2p6e6u75xmxt8.cloudfront.net\/13\/2024\/08\/Kopecky-julia-pariz-michal-cerveny-scaled.webp","datePublished":"2024-08-02T10:30:55+00:00","author":{"@id":"https:\/\/www.welovecycling.com\/cs\/#\/schema\/person\/d9eeb0a378f3a7e4a6d12d2b536b04b8"},"description":"Vrchol, o n\u011bm\u017e se j\u00ed na startu sezony ani nesnilo. Julia Kopecky reprezentuje v pouh\u00fdch devaten\u00e1cti letech \u010cesko na olympijsk\u00fdch hr\u00e1ch v Pa\u0159\u00ed\u017ei. Narodila se v Nizozemsku, odkud m\u00e1 maminku a zem\u011b je st\u00e1le jej\u00edm druh\u00fdm domovem. Ale proto\u017ee jej\u00ed brat\u0159i se v cyklistice rozhodli reprezentovat rodnou zemi otce, n\u00e1sledovala je i Julia. Olympijskou Pa\u0159\u00ed\u017e 2024 u\u017e okusila v \u010dasovce, kde fini\u0161ovala osmadvac\u00e1t\u00e1. Prvn\u00ed srpnovou ned\u011bli ji v m\u011bst\u011b nad Seinou \u010dek\u00e1 bitva v hromadn\u00e9m z\u00e1vod\u011b.","inLanguage":"cs","potentialAction":[{"@type":"ReadAction","target":["https:\/\/www.welovecycling.com\/cs\/2024\/08\/02\/julia-kopecky-jako-mala-nechtela-kolo-ani-videt-ted-v-sedle-bojuje-v-parizi\/"]}]},{"@type":"ImageObject","inLanguage":"cs","@id":"https:\/\/www.welovecycling.com\/cs\/2024\/08\/02\/julia-kopecky-jako-mala-nechtela-kolo-ani-videt-ted-v-sedle-bojuje-v-parizi\/#primaryimage","url":"https:\/\/d2p6e6u75xmxt8.cloudfront.net\/13\/2024\/08\/Kopecky-julia-pariz-michal-cerveny-scaled.webp","contentUrl":"https:\/\/d2p6e6u75xmxt8.cloudfront.net\/13\/2024\/08\/Kopecky-julia-pariz-michal-cerveny-scaled.webp","width":2560,"height":1707,"caption":"Julia Kopeck\u00fd p\u0159i \u010dasovce na olympijsk\u00fdch hr\u00e1ch v Pa\u0159\u00ed\u017e\u00ed 2024."},{"@type":"WebSite","@id":"https:\/\/www.welovecycling.com\/cs\/#website","url":"https:\/\/www.welovecycling.com\/cs\/","name":"\u0160koda We Love Cycling - \u010cesk\u00e1 republika","description":"WeLoveCycling.cz je online magaz\u00edn, kter\u00fd v\u00e1m pravideln\u011b p\u0159in\u00e1\u0161\u00ed rady a tipy, zaj\u00edmav\u00e9 \u010dl\u00e1nky, videa a jedine\u010dn\u00e9 report\u00e1\u017ee ze sv\u011bta cyklistiky.","potentialAction":[{"@type":"SearchAction","target":{"@type":"EntryPoint","urlTemplate":"https:\/\/www.welovecycling.com\/cs\/?s={search_term_string}"},"query-input":{"@type":"PropertyValueSpecification","valueRequired":true,"valueName":"search_term_string"}}],"inLanguage":"cs"},{"@type":"Person","@id":"https:\/\/www.welovecycling.com\/cs\/#\/schema\/person\/d9eeb0a378f3a7e4a6d12d2b536b04b8","name":"radekmalina","image":{"@type":"ImageObject","inLanguage":"cs","@id":"https:\/\/www.welovecycling.com\/cs\/#\/schema\/person\/image\/","url":"https:\/\/secure.gravatar.com\/avatar\/66994b632cb8c39a46b9f54afa3ae07201b678d32a54275b6f1c9ffec356bfc0?s=96&d=mm&r=g","contentUrl":"https:\/\/secure.gravatar.com\/avatar\/66994b632cb8c39a46b9f54afa3ae07201b678d32a54275b6f1c9ffec356bfc0?s=96&d=mm&r=g","caption":"radekmalina"},"url":"https:\/\/www.welovecycling.com\/cs\/author\/radekmalina\/"}]}},"_links":{"self":[{"href":"https:\/\/www.welovecycling.com\/cs\/wp-json\/wp\/v2\/posts\/26761","targetHints":{"allow":["GET"]}}],"collection":[{"href":"https:\/\/www.welovecycling.com\/cs\/wp-json\/wp\/v2\/posts"}],"about":[{"href":"https:\/\/www.welovecycling.com\/cs\/wp-json\/wp\/v2\/types\/post"}],"author":[{"embeddable":true,"href":"https:\/\/www.welovecycling.com\/cs\/wp-json\/wp\/v2\/users\/138"}],"replies":[{"embeddable":true,"href":"https:\/\/www.welovecycling.com\/cs\/wp-json\/wp\/v2\/comments?post=26761"}],"version-history":[{"count":2,"href":"https:\/\/www.welovecycling.com\/cs\/wp-json\/wp\/v2\/posts\/26761\/revisions"}],"predecessor-version":[{"id":26765,"href":"https:\/\/www.welovecycling.com\/cs\/wp-json\/wp\/v2\/posts\/26761\/revisions\/26765"}],"wp:featuredmedia":[{"embeddable":true,"href":"https:\/\/www.welovecycling.com\/cs\/wp-json\/wp\/v2\/media\/26764"}],"wp:attachment":[{"href":"https:\/\/www.welovecycling.com\/cs\/wp-json\/wp\/v2\/media?parent=26761"}],"wp:term":[{"taxonomy":"category","embeddable":true,"href":"https:\/\/www.welovecycling.com\/cs\/wp-json\/wp\/v2\/categories?post=26761"},{"taxonomy":"post_tag","embeddable":true,"href":"https:\/\/www.welovecycling.com\/cs\/wp-json\/wp\/v2\/tags?post=26761"},{"taxonomy":"global-categories","embeddable":true,"href":"https:\/\/www.welovecycling.com\/cs\/wp-json\/wp\/v2\/global-categories?post=26761"}],"curies":[{"name":"wp","href":"https:\/\/api.w.org\/{rel}","templated":true}]}}