{"id":26579,"date":"2024-07-23T05:00:29","date_gmt":"2024-07-23T03:00:29","guid":{"rendered":"https:\/\/www.welovecycling.com\/cs\/?p=26579"},"modified":"2024-07-22T21:22:29","modified_gmt":"2024-07-22T19:22:29","slug":"proc-je-tadej-pogacar-fanousky-milovan-zatimco-na-jine-lidry-se-buci-nebo-lije-moc","status":"publish","type":"post","link":"https:\/\/www.welovecycling.com\/cs\/2024\/07\/23\/proc-je-tadej-pogacar-fanousky-milovan-zatimco-na-jine-lidry-se-buci-nebo-lije-moc\/","title":{"rendered":"Pro\u010d je Tadej Poga\u010dar fanou\u0161ky milov\u00e1n, zat\u00edmco na jin\u00e9 l\u00eddry se bu\u010d\u00ed nebo lije mo\u010d?"},"content":{"rendered":"<p><strong>Je to mil\u00e1\u010dek dav\u016f. P\u0159esto\u017ee nemilosrdn\u011b drt\u00ed soupe\u0159e a je jednozna\u010dn\u00fdm vl\u00e1dcem pelotonu, fanou\u0161ky je Tadej Poga\u010dar st\u00e1le oslavov\u00e1n. Nov\u011b trojn\u00e1sobn\u00fd \u0161ampion Tour de France a prvn\u00ed cyklista od roku 1998 py\u0161n\u00edc\u00ed se v\u00fdjime\u010dn\u00fdm double Giro-Grande Boucle se t\u011b\u0161\u00ed popularit\u011b, kter\u00e1 bere dech. Zejm\u00e9na s ohledem na incidenty z doby ned\u00e1vno minul\u00e9 i sou\u010dasn\u00e9, kdy l\u00edd\u0159i Tour de France \u010delili nevyb\u00edrav\u00fdm \u00fatok\u016fm&#8230;<\/strong><\/p>\n<p>Tadej Poga\u010dar, l\u00eddr formace UAE Emirates, v leto\u0161n\u00ed cyklistick\u00e9 sezon\u011b p\u0159ekonal n\u011bkolik rekord\u016f. Nejen p\u0159i zdol\u00e1v\u00e1n\u00ed kopc\u016f v Alp\u00e1ch a Pyrenej\u00edch b\u011bhem Tour de France. Ale i t\u011bch ob\u0159\u00edch, jako je zisk double Giro-Tour de France prvn\u011b od roku 1998. \u0160est vyhran\u00fdch etap na Grande Boucle, kter\u00e9 nebyly sprintersk\u00fdmi, slavil naposledy Hinault v roce 1979. Jako prvn\u00ed mu\u017e v historii b\u011bhem jedin\u00e9 sezony pro\u017eil v trikotu l\u00eddra z\u00e1vod\u016f Grand Tour 38 dn\u016f. O jeden den trumfnul dosavadn\u00ed rekordn\u00ed z\u00e1pis, j\u00edm\u017e se py\u0161nil Eddy Merckx. Ov\u0161em Slovinec pot\u0159eboval jen dva z\u00e1vody: Giro a Tour de France. A p\u0159es v\u0161echny \u00fa\u017easn\u00e9 z\u00e1pisy a ob\u0159\u00ed dominanci nikdy nenud\u00ed.<\/p>\n<h2><strong>Nen\u00e1vist poznali Vingegaard i Froome<\/strong><\/h2>\n<p>Oby\u010dejn\u011b by dominance jedin\u00e9ho z\u00e1vodn\u00edka byla pro fanou\u0161ky jako \u010derven\u00fd hadr na b\u00fdka. Jonas Vingegaard, l\u00eddr formace Visma Lease a Bike, \u010delil b\u011bhem druh\u00e9ho ta\u017een\u00ed za maillot jaune v roce 2023 opakovan\u00e9 bu\u010den\u00ed. Dokonce i v pr\u016fb\u011bhu leto\u0161n\u00ed sezony si od fanou\u0161k\u016f vyslechl nen\u00e1vistn\u00e9 reakce v etap\u00e1ch, kdy dominoval Tadej Poga\u010dar.<\/p>\n<figure id=\"attachment_26581\" aria-describedby=\"caption-attachment-26581\" style=\"width: 1800px\" class=\"wp-caption alignnone\"><a href=\"https:\/\/d2p6e6u75xmxt8.cloudfront.net\/13\/2024\/07\/profimedia-0890928696.webp\"><img loading=\"lazy\" decoding=\"async\" class=\"size-full wp-image-26581\" src=\"https:\/\/d2p6e6u75xmxt8.cloudfront.net\/13\/2024\/07\/profimedia-0890928696.webp\" alt=\"Tadej Poga\u010dar a jeho poklona publiku i cel\u00e9 Tour de France 2024 v c\u00edli 19. etapy. Foto: profimedia\" width=\"1800\" height=\"1200\" srcset=\"https:\/\/d2p6e6u75xmxt8.cloudfront.net\/13\/2024\/07\/profimedia-0890928696.webp 1800w, https:\/\/d2p6e6u75xmxt8.cloudfront.net\/13\/2024\/07\/profimedia-0890928696-300x200.webp 300w, https:\/\/d2p6e6u75xmxt8.cloudfront.net\/13\/2024\/07\/profimedia-0890928696-1024x683.webp 1024w, https:\/\/d2p6e6u75xmxt8.cloudfront.net\/13\/2024\/07\/profimedia-0890928696-768x512.webp 768w, https:\/\/d2p6e6u75xmxt8.cloudfront.net\/13\/2024\/07\/profimedia-0890928696-1536x1024.webp 1536w, https:\/\/d2p6e6u75xmxt8.cloudfront.net\/13\/2024\/07\/profimedia-0890928696-400x267.webp 400w, https:\/\/d2p6e6u75xmxt8.cloudfront.net\/13\/2024\/07\/profimedia-0890928696-272x182.webp 272w\" sizes=\"auto, (max-width: 1800px) 100vw, 1800px\" \/><\/a><figcaption id=\"caption-attachment-26581\" class=\"wp-caption-text\"><em>Tadej Poga\u010dar a jeho poklona publiku i cel\u00e9 Tour de France 2024 v c\u00edli 19. etapy. Foto: profimedia<\/em><\/figcaption><\/figure>\n<p>D\u00e1novi nad\u00e1vali a obvi\u0148ovali jej, \u017ee dopuje. Chris Froome o p\u00e1r sezon d\u0159\u00edve p\u0159i opakovan\u00e9 dominanci Tour de France rovn\u011b\u017e poc\u00edtil zlobu publika. Dokonce tehdej\u0161\u00ed t\u00fdm Sky st\u0159e\u017eila ochranka a britsk\u00fd l\u00eddr musel sn\u00e1\u0161et odporn\u00e9 pol\u00e9v\u00e1n\u00ed mo\u010d\u00ed. Nad\u00e1vk\u00e1m a verb\u00e1ln\u00edm hrozb\u00e1m \u010delil v minulosti i Lance Armstrong, pozd\u011bji zatracen\u00fd kv\u016fli dopingov\u00fdm praktik\u00e1m.<\/p>\n<div class=\"shortcode-ys-post-pinup\"><article class=\"loop-simple post-26337 post type-post status-publish format-standard has-post-thumbnail hentry category-tour-de-france tag-chris-froome tag-cyklistika tag-financni-odmeny tag-jasper-philipsen tag-jonas-vingegaard tag-mathieu-van-der-poel tag-mzda tag-mzdy-cyklistu tag-plat tag-plat-cyklistu tag-plat-ve-world-tour tag-primoz-roglic tag-remco-evenepoel tag-silnicni-cyklistika tag-tadej-pogacar tag-tour-de-france tag-tour-de-france-2024 tag-wout-van-aert global-categories-cycling\" data-postid=\"26337\" role=\"article\" data-post-id=\"26337\" data-word-count=\"789\" data-headline-length=\"79\" data-category=\"Tour de France\" data-global-category=\"Cycling\" data-author=\"We Love Cycling\" data-published=\"2024-07-13T14:01:09+02:00\" data-published-day=\"Saturday\">\n    <div class=\"entry-thumbnail article-thumbnail\" content=\"https:\/\/d2p6e6u75xmxt8.cloudfront.net\/13\/2024\/07\/20240709TDF1078-A.S.O._Charly_Lopez-150x150.webp\"><a href=\"https:\/\/www.welovecycling.com\/cs\/2024\/07\/13\/kdo-je-nejlepe-placeny-jezdec-na-tour-de-france-a-jaka-je-minimalni-mzda\/\" class=\"image-holder\" target=\"_self\"><img decoding=\"async\" loading=\"lazy\" class=\"\" src=\"https:\/\/d2p6e6u75xmxt8.cloudfront.net\/13\/2024\/07\/20240709TDF1078-A.S.O._Charly_Lopez-1024x682.webp\" srcset=\"https:\/\/d2p6e6u75xmxt8.cloudfront.net\/13\/2024\/07\/20240709TDF1078-A.S.O._Charly_Lopez-scaled.webp 2560w, https:\/\/d2p6e6u75xmxt8.cloudfront.net\/13\/2024\/07\/20240709TDF1078-A.S.O._Charly_Lopez-300x200.webp 300w, https:\/\/d2p6e6u75xmxt8.cloudfront.net\/13\/2024\/07\/20240709TDF1078-A.S.O._Charly_Lopez-1024x682.webp 1024w, https:\/\/d2p6e6u75xmxt8.cloudfront.net\/13\/2024\/07\/20240709TDF1078-A.S.O._Charly_Lopez-768x512.webp 768w, https:\/\/d2p6e6u75xmxt8.cloudfront.net\/13\/2024\/07\/20240709TDF1078-A.S.O._Charly_Lopez-1536x1023.webp 1536w, https:\/\/d2p6e6u75xmxt8.cloudfront.net\/13\/2024\/07\/20240709TDF1078-A.S.O._Charly_Lopez-2048x1365.webp 2048w, https:\/\/d2p6e6u75xmxt8.cloudfront.net\/13\/2024\/07\/20240709TDF1078-A.S.O._Charly_Lopez-1920x1279.webp 1920w, https:\/\/d2p6e6u75xmxt8.cloudfront.net\/13\/2024\/07\/20240709TDF1078-A.S.O._Charly_Lopez-400x267.webp 400w, https:\/\/d2p6e6u75xmxt8.cloudfront.net\/13\/2024\/07\/20240709TDF1078-A.S.O._Charly_Lopez-272x182.webp 272w, https:\/\/d2p6e6u75xmxt8.cloudfront.net\/13\/2024\/07\/20240709TDF1078-A.S.O._Charly_Lopez-1920x1279.webp 1920w\" width=\"1024\" height=\"682\" sizes=\"auto, (min-width: 1200px) 300px, (min-width: 768px) 25vw, 100vw\" alt=\"kdo-je-nejlepe-placeny-jezdec-na-tour-de-france-a-jaka-je-minimalni-mzda\"\/><\/a><\/div>    <div class=\"entry-meta\">\n        <a class=\"label label-secondary post-category\" href=\"https:\/\/www.welovecycling.com\/cs\/category\/tour-de-france\/\" title=\"Tour de France\">Tour de France<\/a>\n    <\/div>\n    <div class=\"entry-details\">\n        <a href=\"https:\/\/www.welovecycling.com\/cs\/2024\/07\/13\/kdo-je-nejlepe-placeny-jezdec-na-tour-de-france-a-jaka-je-minimalni-mzda\/\" class='entry-title-wrapper'>\n            <h3 class=\"entry-title\"><span>Kdo je nejl\u00e9pe placen\u00fd jezdec na Tour de France? A jak\u00e1 je minim\u00e1ln\u00ed mzda?<\/span><\/h3>\n        <\/a>\n    <\/div>\n    <\/article>\n<\/div>\n<p>Tadej Poga\u010dar mo\u017en\u00e1 bere nap\u011bt\u00ed ze souboj\u016f s ostatn\u00edmi cyklisty, proto\u017ee je jasn\u00fdm vl\u00e1dcem, ale jeho ta\u017een\u00ed za \u00fasp\u011bchy posouv\u00e1 z\u00e1pletku do \u00fapln\u011b jin\u00e9 dimenze. Nebo si snad n\u011bkdo myslel, \u017ee po v\u00edt\u011bzstv\u00ed v patn\u00e1ct\u00e9 etap\u011b Tour de France 2024 p\u0159id\u00e1 dal\u0161\u00ed t\u0159i d\u00edl\u010d\u00ed v\u00edt\u011bzstv\u00ed. Bylo \u00fachvatn\u00e9 sledovat jestli dot\u00e1hne \u00fatok na \u010dtvrt\u00e9 etapov\u00e9 v\u00edt\u011bzstv\u00ed. A pak na p\u00e1t\u00e9? Nebo snad n\u011bkdo v\u00e1\u017en\u011b v\u011b\u0159il, \u017ee tenhle slovinsk\u00fd c\u00e1pek vyhraje t\u0159i etapy v \u0159ad\u011b? \u017de z\u00edsk\u00e1 \u0161est d\u00edl\u010d\u00edch prvenstv\u00ed na jedin\u00e9 Tour de France?<\/p>\n<p><a href=\"https:\/\/d2p6e6u75xmxt8.cloudfront.net\/13\/2024\/07\/tadej-fanousci-billy-ceusters.webp\"><img loading=\"lazy\" decoding=\"async\" class=\"alignnone size-full wp-image-26552\" src=\"https:\/\/d2p6e6u75xmxt8.cloudfront.net\/13\/2024\/07\/tadej-fanousci-billy-ceusters.webp\" alt=\"\" width=\"1000\" height=\"667\" srcset=\"https:\/\/d2p6e6u75xmxt8.cloudfront.net\/13\/2024\/07\/tadej-fanousci-billy-ceusters.webp 1000w, https:\/\/d2p6e6u75xmxt8.cloudfront.net\/13\/2024\/07\/tadej-fanousci-billy-ceusters-300x200.webp 300w, https:\/\/d2p6e6u75xmxt8.cloudfront.net\/13\/2024\/07\/tadej-fanousci-billy-ceusters-768x512.webp 768w, https:\/\/d2p6e6u75xmxt8.cloudfront.net\/13\/2024\/07\/tadej-fanousci-billy-ceusters-400x267.webp 400w, https:\/\/d2p6e6u75xmxt8.cloudfront.net\/13\/2024\/07\/tadej-fanousci-billy-ceusters-272x182.webp 272w\" sizes=\"auto, (max-width: 1000px) 100vw, 1000px\" \/><\/a><\/p>\n<p>Je to jednodu\u0161e ob\u0159\u00ed o\u010dek\u00e1v\u00e1n\u00ed, co fanou\u0161ky l\u00e1k\u00e1 sledovat show <a href=\"https:\/\/www.welovecycling.com\/cs\/2024\/07\/21\/plati-mi-abych-vyhraval-haji-se-kanibal-tadej-pogacar\/\">Tadeje Poga\u010dara<\/a>? Dok\u00e1\u017ee je\u0161t\u011b tohle? A tohle? V\u00e1\u017en\u011b?<\/p>\n<p>Z\u00e1vod\u00ed nep\u0159edv\u00eddateln\u011b. Instinktivn\u011b. Nespoutan\u011b. Jeho z\u00e1vod\u011bn\u00ed m\u00e1 \u0161mrnc. Ve Francii by \u0159ekli \u0161arm. Nepodl\u00e9h\u00e1 jen slep\u00e9mu \u0159\u00edzen\u00ed po vys\u00edla\u010dce. &#8222;S Tadejem nikdy nev\u00edte, co v\u00e1s \u010dek\u00e1. Pl\u00e1ny plat\u00ed jen do ur\u010dit\u00e9 m\u00edry,&#8220; shoduj\u00ed se jeho t\u00fdmov\u00ed par\u0165\u00e1ci. By\u0165 m\u011bl Tour de France vyhranou, nejezdil defenzivn\u011b. Cht\u011bl bavit sebe i div\u00e1ky. Proto ho miluj\u00ed.<\/p>\n<h2><strong>D\u00e1m si brownies a pust\u00edm film, t\u011b\u0161il se Tadej Poga\u010dar<\/strong><\/h2>\n<p>P\u0159esto\u017ee se posunul do sf\u00e9ry, kde jeho sl\u00e1va dalece p\u0159esahuje hranice sportu, po\u0159\u00e1d mysl\u00ed na lidi, kte\u0159\u00ed kv\u016fli slovinsk\u00e9 komet\u011b m\u00ed\u0159\u00ed zas a znovu ke krajnici. Na Giru p\u0159evzal bidon od mas\u00e9ra a bleskov\u00fdm pohybem rukou obdaroval na druh\u00e9 stran\u011b silnice povzbuzuj\u00edc\u00edho mal\u00e9ho klu\u010dinu. Pak r\u016f\u017eov\u00fdm trikotem podaroval soupe\u0159e, na Tour de France zase rozd\u00e1val t\u00fdmov\u00e9 \u010dapky, rozvern\u011b si pl\u00e1cal do dlan\u00ed s d\u011btmi nebo podaroval synka Marka Cavendishe, a nejen jeho, vlastn\u00edmi br\u00fdlemi.<\/p>\n<figure id=\"attachment_26528\" aria-describedby=\"caption-attachment-26528\" style=\"width: 1000px\" class=\"wp-caption alignnone\"><a href=\"https:\/\/d2p6e6u75xmxt8.cloudfront.net\/13\/2024\/07\/best-off-charly-lopez-3.webp\"><img loading=\"lazy\" decoding=\"async\" class=\"size-full wp-image-26528\" src=\"https:\/\/d2p6e6u75xmxt8.cloudfront.net\/13\/2024\/07\/best-off-charly-lopez-3.webp\" alt=\"Tadej Poga\u010dar proj\u00ed\u017ed\u00ed \u0161pal\u00edrem fanou\u0161k\u016f na start etapy Tour de France 2024. Foto: A.S.O.\/Charly Lopez\" width=\"1000\" height=\"667\" srcset=\"https:\/\/d2p6e6u75xmxt8.cloudfront.net\/13\/2024\/07\/best-off-charly-lopez-3.webp 1000w, https:\/\/d2p6e6u75xmxt8.cloudfront.net\/13\/2024\/07\/best-off-charly-lopez-3-300x200.webp 300w, https:\/\/d2p6e6u75xmxt8.cloudfront.net\/13\/2024\/07\/best-off-charly-lopez-3-768x512.webp 768w, https:\/\/d2p6e6u75xmxt8.cloudfront.net\/13\/2024\/07\/best-off-charly-lopez-3-400x267.webp 400w, https:\/\/d2p6e6u75xmxt8.cloudfront.net\/13\/2024\/07\/best-off-charly-lopez-3-272x182.webp 272w\" sizes=\"auto, (max-width: 1000px) 100vw, 1000px\" \/><\/a><figcaption id=\"caption-attachment-26528\" class=\"wp-caption-text\"><em>Tadej Poga\u010dar proj\u00ed\u017ed\u00ed \u0161pal\u00edrem fanou\u0161k\u016f na start etapy Tour de France 2024. Foto: A.S.O.\/Charly Lopez<\/em><\/figcaption><\/figure>\n<p>Prost\u011b je po\u0159\u00e1d \u010dlov\u011bkem. Z masa a kost\u00ed, jakkoliv jsou jeho v\u00fdkony ozna\u010dov\u00e1ny za nadpozemsk\u00e9, nelidsk\u00e9 \u010di mimozemsk\u00e9. B\u011bhem voln\u00e9ho dne Tour de France Tadej Poga\u010dar novin\u00e1\u0159e odzbrojil up\u0159\u00edmnost\u00ed, \u017ee se t\u011b\u0161\u00ed, a\u017e si nalo\u017e\u00ed na tal\u00ed\u0159ek brownies a pust\u00ed si film na streamovac\u00ed slu\u017eb\u011b Netflix. Rovn\u011b\u017e byl vid\u011bn, jak se r\u00e1ch\u00e1 v hotelov\u00e9m baz\u00e9nu a rozpustile sk\u00e1\u010de do vody. Nelze nevid\u011bt tu podobnost s b\u011b\u017en\u00fdm smrteln\u00edkem, a\u017e tedy na t\u011bch patn\u00e1ct etap Tour de France v noh\u00e1ch.<\/p>\n<div class=\"shortcode-ys-post-pinup\"><article class=\"loop-simple post-26568 post type-post status-publish format-standard has-post-thumbnail hentry category-silnicni-cyklistika category-tour-de-france tag-cyklistika tag-silnicni-cyklistika tag-tadej-pogacar tag-tour-de-france tag-tour-de-france-2024 tag-uae-emirates global-categories-cycling\" data-postid=\"26568\" role=\"article\" data-post-id=\"26568\" data-word-count=\"491\" data-headline-length=\"54\" data-category=\"Silni\u010dn\u00ed cyklistika\" data-global-category=\"Cycling\" data-author=\"Radek Malina\" data-published=\"2024-07-22T06:00:36+02:00\" data-published-day=\"Monday\">\n    <div class=\"entry-thumbnail article-thumbnail\" content=\"https:\/\/d2p6e6u75xmxt8.cloudfront.net\/13\/2024\/07\/tadej-pata-vyhra-billy-ceusters-150x150.webp\"><a href=\"https:\/\/www.welovecycling.com\/cs\/2024\/07\/22\/sest-duvodu-proc-je-tadej-pogacar-neporazitelny\/\" class=\"image-holder\" target=\"_self\"><img decoding=\"async\" loading=\"lazy\" class=\"\" src=\"https:\/\/d2p6e6u75xmxt8.cloudfront.net\/13\/2024\/07\/tadej-pata-vyhra-billy-ceusters.webp\" srcset=\"https:\/\/d2p6e6u75xmxt8.cloudfront.net\/13\/2024\/07\/tadej-pata-vyhra-billy-ceusters.webp 1000w, https:\/\/d2p6e6u75xmxt8.cloudfront.net\/13\/2024\/07\/tadej-pata-vyhra-billy-ceusters-300x200.webp 300w, https:\/\/d2p6e6u75xmxt8.cloudfront.net\/13\/2024\/07\/tadej-pata-vyhra-billy-ceusters-768x513.webp 768w, https:\/\/d2p6e6u75xmxt8.cloudfront.net\/13\/2024\/07\/tadej-pata-vyhra-billy-ceusters-400x267.webp 400w, https:\/\/d2p6e6u75xmxt8.cloudfront.net\/13\/2024\/07\/tadej-pata-vyhra-billy-ceusters-272x182.webp 272w\" width=\"1000\" height=\"668\" sizes=\"auto, (min-width: 1200px) 300px, (min-width: 768px) 25vw, 100vw\" alt=\"sest-duvodu-proc-je-tadej-pogacar-neporazitelny\"\/><\/a><\/div>    <div class=\"entry-meta\">\n        <a class=\"label label-secondary post-category\" href=\"https:\/\/www.welovecycling.com\/cs\/category\/silnicni-cyklistika\/\" title=\"Silni\u010dn\u00ed cyklistika\">Silni\u010dn\u00ed cyklistika<\/a>\n    <\/div>\n    <div class=\"entry-details\">\n        <a href=\"https:\/\/www.welovecycling.com\/cs\/2024\/07\/22\/sest-duvodu-proc-je-tadej-pogacar-neporazitelny\/\" class='entry-title-wrapper'>\n            <h3 class=\"entry-title\"><span>\u0160est d\u016fvod\u016f, pro\u010d je Tadej Poga\u010dar neporaziteln\u00fd<\/span><\/h3>\n        <\/a>\n    <\/div>\n    <\/article>\n<\/div>\n<p>Na soci\u00e1ln\u00edch s\u00edt\u00edch sd\u00edl\u00ed z\u00e1b\u011bry, jak se cpe bagetou, jezd\u00ed na monokole, tan\u010d\u00ed v t\u00fdmov\u00e9m autobuse, barv\u00ed si vlasy na blond nebo vyr\u00e1\u017e\u00ed s p\u0159\u00edtelkyn\u00ed na kolo. A kdy\u017e pak jeho milou Ur\u0161ku \u017digartovou nenominuj\u00ed na olympijsk\u00e9 hry, ve\u0159ejn\u011b se drah\u00e9 polovi\u010dky zast\u00e1v\u00e1, p\u0159esto\u017ee zrovna \u0159e\u0161\u00ed bitvu o maillot jaune.<\/p>\n<figure id=\"attachment_26555\" aria-describedby=\"caption-attachment-26555\" style=\"width: 1800px\" class=\"wp-caption alignnone\"><a href=\"https:\/\/d2p6e6u75xmxt8.cloudfront.net\/13\/2024\/07\/profimedia-0891085873.webp\"><img loading=\"lazy\" decoding=\"async\" class=\"size-full wp-image-26555\" src=\"https:\/\/d2p6e6u75xmxt8.cloudfront.net\/13\/2024\/07\/profimedia-0891085873.webp\" alt=\"St\u0159\u00edd\u00e1n\u00ed str\u00e1\u017e\u00ed. Jonas Vingegaard jako pora\u017een\u00fd p\u0159i Tour de France 2024, vpravo nov\u00fd \u0161ampion Tadej Poga\u010dar. Foto: profimedia\" width=\"1800\" height=\"1200\" srcset=\"https:\/\/d2p6e6u75xmxt8.cloudfront.net\/13\/2024\/07\/profimedia-0891085873.webp 1800w, https:\/\/d2p6e6u75xmxt8.cloudfront.net\/13\/2024\/07\/profimedia-0891085873-300x200.webp 300w, https:\/\/d2p6e6u75xmxt8.cloudfront.net\/13\/2024\/07\/profimedia-0891085873-1024x683.webp 1024w, https:\/\/d2p6e6u75xmxt8.cloudfront.net\/13\/2024\/07\/profimedia-0891085873-768x512.webp 768w, https:\/\/d2p6e6u75xmxt8.cloudfront.net\/13\/2024\/07\/profimedia-0891085873-1536x1024.webp 1536w, https:\/\/d2p6e6u75xmxt8.cloudfront.net\/13\/2024\/07\/profimedia-0891085873-400x267.webp 400w, https:\/\/d2p6e6u75xmxt8.cloudfront.net\/13\/2024\/07\/profimedia-0891085873-272x182.webp 272w\" sizes=\"auto, (max-width: 1800px) 100vw, 1800px\" \/><\/a><figcaption id=\"caption-attachment-26555\" class=\"wp-caption-text\">St\u0159\u00edd\u00e1n\u00ed str\u00e1\u017e\u00ed. Jonas Vingegaard jako pora\u017een\u00fd p\u0159i Tour de France 2024, vpravo nov\u00fd \u0161ampion Tadej Poga\u010dar. Foto: profimedia<\/figcaption><\/figure>\n<p>Fanou\u0161ky si nav\u00edc z\u00edskal otev\u0159enost\u00ed, kterou komentoval ztr\u00e1ty dvou ro\u010dn\u00edk\u016f Tour de France v letech 2022 a 2023. Zejm\u00e9na jeho legend\u00e1rn\u00ed hl\u00e1\u0161ka p\u0159i Tour de France 2024 &#8222;I am gone, I am dead&#8220; (Jsem pry\u010d, jsem mrtv\u00fd) uk\u00e1zala Poga\u010darovu lidskost.<\/p>\n<p>Jeho j\u00edzda na kole je po\u0159\u00e1d \u010distou l\u00e1skou k cyklistice, kv\u016fli kter\u00e9 sedaj\u00ed na kolo tis\u00edce amat\u00e9rsk\u00fdch cyklist\u016f nap\u0159\u00ed\u010d planetou, a\u0165 u\u017e jedou na k\u00e1vu, dort\u00edk, pivo nebo p\u0159eci jen tro\u0161ku sv\u011bdomit\u011bj\u0161\u00ed tr\u00e9nink.<\/p>\n<p><em>Tituln\u00ed foto: profimedia<\/em><\/p>\n","protected":false},"excerpt":{"rendered":"<p>Je to mil\u00e1\u010dek dav\u016f. P\u0159esto\u017ee nemilosrdn\u011b drt\u00ed soupe\u0159e a je jednozna\u010dn\u00fdm vl\u00e1dcem pelotonu, fanou\u0161ky je Tadej Poga\u010dar st\u00e1le oslavov\u00e1n. Nov\u011b [&hellip;]<\/p>\n","protected":false},"author":138,"featured_media":26582,"comment_status":"open","ping_status":"open","sticky":false,"template":"","format":"standard","meta":{"footnotes":""},"categories":[10],"tags":[302,3708,502,23,3276],"global-categories":[411],"class_list":["post-26579","post","type-post","status-publish","format-standard","has-post-thumbnail","hentry","category-silnicni-cyklistika","tag-fanousci","tag-popularita","tag-tadej-pogacar","tag-tour-de-france","tag-tour-de-france-2024","global-categories-cycling"],"yoast_head":"<!-- This site is optimized with the Yoast SEO Premium plugin v25.3 (Yoast SEO v25.9) - https:\/\/yoast.com\/wordpress\/plugins\/seo\/ -->\n<title>Pro\u010d je Tadej Poga\u010dar fanou\u0161ky milov\u00e1n, zat\u00edmco na jin\u00e9 l\u00eddry se bu\u010d\u00ed nebo lije mo\u010d? | \u0160koda We Love Cycling - \u010cesk\u00e1 republika<\/title>\n<meta name=\"description\" content=\"Je to mil\u00e1\u010dek dav\u016f. P\u0159esto\u017ee nemilosrdn\u011b drt\u00ed soupe\u0159e a je jednozna\u010dn\u00fdm vl\u00e1dcem pelotonu, fanou\u0161ky je Tadej Poga\u010dar st\u00e1le oslavov\u00e1n. Nov\u011b trojn\u00e1sobn\u00fd \u0161ampion Tour de France a prvn\u00ed cyklista od roku 1998 py\u0161n\u00edc\u00ed se v\u00fdjime\u010dn\u00fdm double Giro-Grande Boucle se t\u011b\u0161\u00ed popularit\u011b, kter\u00e1 bere dech. Zejm\u00e9na s ohledem na incidenty z doby ned\u00e1vno minul\u00e9 i sou\u010dasn\u00e9, kdy l\u00edd\u0159i Tour de France \u010delili nevyb\u00edrav\u00fdm \u00fatok\u016fm...\" \/>\n<meta name=\"robots\" content=\"index, follow, max-snippet:-1, max-image-preview:large, max-video-preview:-1\" \/>\n<link rel=\"canonical\" href=\"https:\/\/www.welovecycling.com\/cs\/2024\/07\/23\/proc-je-tadej-pogacar-fanousky-milovan-zatimco-na-jine-lidry-se-buci-nebo-lije-moc\/\" \/>\n<meta property=\"og:locale\" content=\"cs_CZ\" \/>\n<meta property=\"og:type\" content=\"article\" \/>\n<meta property=\"og:title\" content=\"Pro\u010d je Tadej Poga\u010dar fanou\u0161ky milov\u00e1n, zat\u00edmco na jin\u00e9 l\u00eddry se bu\u010d\u00ed nebo lije mo\u010d?\" \/>\n<meta property=\"og:description\" content=\"Je to mil\u00e1\u010dek dav\u016f. P\u0159esto\u017ee nemilosrdn\u011b drt\u00ed soupe\u0159e a je jednozna\u010dn\u00fdm vl\u00e1dcem pelotonu, fanou\u0161ky je Tadej Poga\u010dar st\u00e1le oslavov\u00e1n. Nov\u011b trojn\u00e1sobn\u00fd \u0161ampion Tour de France a prvn\u00ed cyklista od roku 1998 py\u0161n\u00edc\u00ed se v\u00fdjime\u010dn\u00fdm double Giro-Grande Boucle se t\u011b\u0161\u00ed popularit\u011b, kter\u00e1 bere dech. Zejm\u00e9na s ohledem na incidenty z doby ned\u00e1vno minul\u00e9 i sou\u010dasn\u00e9, kdy l\u00edd\u0159i Tour de France \u010delili nevyb\u00edrav\u00fdm \u00fatok\u016fm...\" \/>\n<meta property=\"og:url\" content=\"https:\/\/www.welovecycling.com\/cs\/2024\/07\/23\/proc-je-tadej-pogacar-fanousky-milovan-zatimco-na-jine-lidry-se-buci-nebo-lije-moc\/\" \/>\n<meta property=\"og:site_name\" content=\"\u0160koda We Love Cycling - \u010cesk\u00e1 republika\" \/>\n<meta property=\"article:published_time\" content=\"2024-07-23T03:00:29+00:00\" \/>\n<meta property=\"og:image\" content=\"https:\/\/d2p6e6u75xmxt8.cloudfront.net\/13\/2024\/07\/profimedia-0891297518.webp\" \/>\n\t<meta property=\"og:image:width\" content=\"1800\" \/>\n\t<meta property=\"og:image:height\" content=\"1200\" \/>\n\t<meta property=\"og:image:type\" content=\"image\/webp\" \/>\n<meta name=\"author\" content=\"radekmalina\" \/>\n<meta name=\"twitter:card\" content=\"summary_large_image\" \/>\n<meta name=\"twitter:label1\" content=\"Written by\" \/>\n\t<meta name=\"twitter:data1\" content=\"Radek Malina\" \/>\n\t<meta name=\"twitter:label2\" content=\"Est. reading time\" \/>\n\t<meta name=\"twitter:data2\" content=\"5\" \/>\n<script type=\"application\/ld+json\" class=\"yoast-schema-graph\">{\"@context\":\"https:\/\/schema.org\",\"@graph\":[{\"@type\":\"WebPage\",\"@id\":\"https:\/\/www.welovecycling.com\/cs\/2024\/07\/23\/proc-je-tadej-pogacar-fanousky-milovan-zatimco-na-jine-lidry-se-buci-nebo-lije-moc\/\",\"url\":\"https:\/\/www.welovecycling.com\/cs\/2024\/07\/23\/proc-je-tadej-pogacar-fanousky-milovan-zatimco-na-jine-lidry-se-buci-nebo-lije-moc\/\",\"name\":\"Pro\u010d je Tadej Poga\u010dar fanou\u0161ky milov\u00e1n, zat\u00edmco na jin\u00e9 l\u00eddry se bu\u010d\u00ed nebo lije mo\u010d? | \u0160koda We Love Cycling - \u010cesk\u00e1 republika\",\"isPartOf\":{\"@id\":\"https:\/\/www.welovecycling.com\/cs\/#website\"},\"primaryImageOfPage\":{\"@id\":\"https:\/\/www.welovecycling.com\/cs\/2024\/07\/23\/proc-je-tadej-pogacar-fanousky-milovan-zatimco-na-jine-lidry-se-buci-nebo-lije-moc\/#primaryimage\"},\"image\":{\"@id\":\"https:\/\/www.welovecycling.com\/cs\/2024\/07\/23\/proc-je-tadej-pogacar-fanousky-milovan-zatimco-na-jine-lidry-se-buci-nebo-lije-moc\/#primaryimage\"},\"thumbnailUrl\":\"https:\/\/d2p6e6u75xmxt8.cloudfront.net\/13\/2024\/07\/profimedia-0891297518.webp\",\"datePublished\":\"2024-07-23T03:00:29+00:00\",\"author\":{\"@id\":\"https:\/\/www.welovecycling.com\/cs\/#\/schema\/person\/d9eeb0a378f3a7e4a6d12d2b536b04b8\"},\"description\":\"Je to mil\u00e1\u010dek dav\u016f. P\u0159esto\u017ee nemilosrdn\u011b drt\u00ed soupe\u0159e a je jednozna\u010dn\u00fdm vl\u00e1dcem pelotonu, fanou\u0161ky je Tadej Poga\u010dar st\u00e1le oslavov\u00e1n. Nov\u011b trojn\u00e1sobn\u00fd \u0161ampion Tour de France a prvn\u00ed cyklista od roku 1998 py\u0161n\u00edc\u00ed se v\u00fdjime\u010dn\u00fdm double Giro-Grande Boucle se t\u011b\u0161\u00ed popularit\u011b, kter\u00e1 bere dech. Zejm\u00e9na s ohledem na incidenty z doby ned\u00e1vno minul\u00e9 i sou\u010dasn\u00e9, kdy l\u00edd\u0159i Tour de France \u010delili nevyb\u00edrav\u00fdm \u00fatok\u016fm...\",\"inLanguage\":\"cs\",\"potentialAction\":[{\"@type\":\"ReadAction\",\"target\":[\"https:\/\/www.welovecycling.com\/cs\/2024\/07\/23\/proc-je-tadej-pogacar-fanousky-milovan-zatimco-na-jine-lidry-se-buci-nebo-lije-moc\/\"]}]},{\"@type\":\"ImageObject\",\"inLanguage\":\"cs\",\"@id\":\"https:\/\/www.welovecycling.com\/cs\/2024\/07\/23\/proc-je-tadej-pogacar-fanousky-milovan-zatimco-na-jine-lidry-se-buci-nebo-lije-moc\/#primaryimage\",\"url\":\"https:\/\/d2p6e6u75xmxt8.cloudfront.net\/13\/2024\/07\/profimedia-0891297518.webp\",\"contentUrl\":\"https:\/\/d2p6e6u75xmxt8.cloudfront.net\/13\/2024\/07\/profimedia-0891297518.webp\",\"width\":1800,\"height\":1200,\"caption\":\"Tadej Poga\u010dar\"},{\"@type\":\"WebSite\",\"@id\":\"https:\/\/www.welovecycling.com\/cs\/#website\",\"url\":\"https:\/\/www.welovecycling.com\/cs\/\",\"name\":\"\u0160koda We Love Cycling - \u010cesk\u00e1 republika\",\"description\":\"WeLoveCycling.cz je online magaz\u00edn, kter\u00fd v\u00e1m pravideln\u011b p\u0159in\u00e1\u0161\u00ed rady a tipy, zaj\u00edmav\u00e9 \u010dl\u00e1nky, videa a jedine\u010dn\u00e9 report\u00e1\u017ee ze sv\u011bta cyklistiky.\",\"potentialAction\":[{\"@type\":\"SearchAction\",\"target\":{\"@type\":\"EntryPoint\",\"urlTemplate\":\"https:\/\/www.welovecycling.com\/cs\/?s={search_term_string}\"},\"query-input\":{\"@type\":\"PropertyValueSpecification\",\"valueRequired\":true,\"valueName\":\"search_term_string\"}}],\"inLanguage\":\"cs\"},{\"@type\":\"Person\",\"@id\":\"https:\/\/www.welovecycling.com\/cs\/#\/schema\/person\/d9eeb0a378f3a7e4a6d12d2b536b04b8\",\"name\":\"radekmalina\",\"image\":{\"@type\":\"ImageObject\",\"inLanguage\":\"cs\",\"@id\":\"https:\/\/www.welovecycling.com\/cs\/#\/schema\/person\/image\/\",\"url\":\"https:\/\/secure.gravatar.com\/avatar\/66994b632cb8c39a46b9f54afa3ae07201b678d32a54275b6f1c9ffec356bfc0?s=96&d=mm&r=g\",\"contentUrl\":\"https:\/\/secure.gravatar.com\/avatar\/66994b632cb8c39a46b9f54afa3ae07201b678d32a54275b6f1c9ffec356bfc0?s=96&d=mm&r=g\",\"caption\":\"radekmalina\"},\"url\":\"https:\/\/www.welovecycling.com\/cs\/author\/radekmalina\/\"}]}<\/script>\n<!-- \/ Yoast SEO Premium plugin. -->","yoast_head_json":{"title":"Pro\u010d je Tadej Poga\u010dar fanou\u0161ky milov\u00e1n, zat\u00edmco na jin\u00e9 l\u00eddry se bu\u010d\u00ed nebo lije mo\u010d? | \u0160koda We Love Cycling - \u010cesk\u00e1 republika","description":"Je to mil\u00e1\u010dek dav\u016f. P\u0159esto\u017ee nemilosrdn\u011b drt\u00ed soupe\u0159e a je jednozna\u010dn\u00fdm vl\u00e1dcem pelotonu, fanou\u0161ky je Tadej Poga\u010dar st\u00e1le oslavov\u00e1n. Nov\u011b trojn\u00e1sobn\u00fd \u0161ampion Tour de France a prvn\u00ed cyklista od roku 1998 py\u0161n\u00edc\u00ed se v\u00fdjime\u010dn\u00fdm double Giro-Grande Boucle se t\u011b\u0161\u00ed popularit\u011b, kter\u00e1 bere dech. Zejm\u00e9na s ohledem na incidenty z doby ned\u00e1vno minul\u00e9 i sou\u010dasn\u00e9, kdy l\u00edd\u0159i Tour de France \u010delili nevyb\u00edrav\u00fdm \u00fatok\u016fm...","robots":{"index":"index","follow":"follow","max-snippet":"max-snippet:-1","max-image-preview":"max-image-preview:large","max-video-preview":"max-video-preview:-1"},"canonical":"https:\/\/www.welovecycling.com\/cs\/2024\/07\/23\/proc-je-tadej-pogacar-fanousky-milovan-zatimco-na-jine-lidry-se-buci-nebo-lije-moc\/","og_locale":"cs_CZ","og_type":"article","og_title":"Pro\u010d je Tadej Poga\u010dar fanou\u0161ky milov\u00e1n, zat\u00edmco na jin\u00e9 l\u00eddry se bu\u010d\u00ed nebo lije mo\u010d?","og_description":"Je to mil\u00e1\u010dek dav\u016f. P\u0159esto\u017ee nemilosrdn\u011b drt\u00ed soupe\u0159e a je jednozna\u010dn\u00fdm vl\u00e1dcem pelotonu, fanou\u0161ky je Tadej Poga\u010dar st\u00e1le oslavov\u00e1n. Nov\u011b trojn\u00e1sobn\u00fd \u0161ampion Tour de France a prvn\u00ed cyklista od roku 1998 py\u0161n\u00edc\u00ed se v\u00fdjime\u010dn\u00fdm double Giro-Grande Boucle se t\u011b\u0161\u00ed popularit\u011b, kter\u00e1 bere dech. Zejm\u00e9na s ohledem na incidenty z doby ned\u00e1vno minul\u00e9 i sou\u010dasn\u00e9, kdy l\u00edd\u0159i Tour de France \u010delili nevyb\u00edrav\u00fdm \u00fatok\u016fm...","og_url":"https:\/\/www.welovecycling.com\/cs\/2024\/07\/23\/proc-je-tadej-pogacar-fanousky-milovan-zatimco-na-jine-lidry-se-buci-nebo-lije-moc\/","og_site_name":"\u0160koda We Love Cycling - \u010cesk\u00e1 republika","article_published_time":"2024-07-23T03:00:29+00:00","og_image":[{"width":1800,"height":1200,"url":"https:\/\/d2p6e6u75xmxt8.cloudfront.net\/13\/2024\/07\/profimedia-0891297518.webp","type":"image\/webp"}],"author":"radekmalina","twitter_card":"summary_large_image","twitter_misc":{"Written by":"Radek Malina","Est. reading time":"5"},"schema":{"@context":"https:\/\/schema.org","@graph":[{"@type":"WebPage","@id":"https:\/\/www.welovecycling.com\/cs\/2024\/07\/23\/proc-je-tadej-pogacar-fanousky-milovan-zatimco-na-jine-lidry-se-buci-nebo-lije-moc\/","url":"https:\/\/www.welovecycling.com\/cs\/2024\/07\/23\/proc-je-tadej-pogacar-fanousky-milovan-zatimco-na-jine-lidry-se-buci-nebo-lije-moc\/","name":"Pro\u010d je Tadej Poga\u010dar fanou\u0161ky milov\u00e1n, zat\u00edmco na jin\u00e9 l\u00eddry se bu\u010d\u00ed nebo lije mo\u010d? | \u0160koda We Love Cycling - \u010cesk\u00e1 republika","isPartOf":{"@id":"https:\/\/www.welovecycling.com\/cs\/#website"},"primaryImageOfPage":{"@id":"https:\/\/www.welovecycling.com\/cs\/2024\/07\/23\/proc-je-tadej-pogacar-fanousky-milovan-zatimco-na-jine-lidry-se-buci-nebo-lije-moc\/#primaryimage"},"image":{"@id":"https:\/\/www.welovecycling.com\/cs\/2024\/07\/23\/proc-je-tadej-pogacar-fanousky-milovan-zatimco-na-jine-lidry-se-buci-nebo-lije-moc\/#primaryimage"},"thumbnailUrl":"https:\/\/d2p6e6u75xmxt8.cloudfront.net\/13\/2024\/07\/profimedia-0891297518.webp","datePublished":"2024-07-23T03:00:29+00:00","author":{"@id":"https:\/\/www.welovecycling.com\/cs\/#\/schema\/person\/d9eeb0a378f3a7e4a6d12d2b536b04b8"},"description":"Je to mil\u00e1\u010dek dav\u016f. P\u0159esto\u017ee nemilosrdn\u011b drt\u00ed soupe\u0159e a je jednozna\u010dn\u00fdm vl\u00e1dcem pelotonu, fanou\u0161ky je Tadej Poga\u010dar st\u00e1le oslavov\u00e1n. Nov\u011b trojn\u00e1sobn\u00fd \u0161ampion Tour de France a prvn\u00ed cyklista od roku 1998 py\u0161n\u00edc\u00ed se v\u00fdjime\u010dn\u00fdm double Giro-Grande Boucle se t\u011b\u0161\u00ed popularit\u011b, kter\u00e1 bere dech. Zejm\u00e9na s ohledem na incidenty z doby ned\u00e1vno minul\u00e9 i sou\u010dasn\u00e9, kdy l\u00edd\u0159i Tour de France \u010delili nevyb\u00edrav\u00fdm \u00fatok\u016fm...","inLanguage":"cs","potentialAction":[{"@type":"ReadAction","target":["https:\/\/www.welovecycling.com\/cs\/2024\/07\/23\/proc-je-tadej-pogacar-fanousky-milovan-zatimco-na-jine-lidry-se-buci-nebo-lije-moc\/"]}]},{"@type":"ImageObject","inLanguage":"cs","@id":"https:\/\/www.welovecycling.com\/cs\/2024\/07\/23\/proc-je-tadej-pogacar-fanousky-milovan-zatimco-na-jine-lidry-se-buci-nebo-lije-moc\/#primaryimage","url":"https:\/\/d2p6e6u75xmxt8.cloudfront.net\/13\/2024\/07\/profimedia-0891297518.webp","contentUrl":"https:\/\/d2p6e6u75xmxt8.cloudfront.net\/13\/2024\/07\/profimedia-0891297518.webp","width":1800,"height":1200,"caption":"Tadej Poga\u010dar"},{"@type":"WebSite","@id":"https:\/\/www.welovecycling.com\/cs\/#website","url":"https:\/\/www.welovecycling.com\/cs\/","name":"\u0160koda We Love Cycling - \u010cesk\u00e1 republika","description":"WeLoveCycling.cz je online magaz\u00edn, kter\u00fd v\u00e1m pravideln\u011b p\u0159in\u00e1\u0161\u00ed rady a tipy, zaj\u00edmav\u00e9 \u010dl\u00e1nky, videa a jedine\u010dn\u00e9 report\u00e1\u017ee ze sv\u011bta cyklistiky.","potentialAction":[{"@type":"SearchAction","target":{"@type":"EntryPoint","urlTemplate":"https:\/\/www.welovecycling.com\/cs\/?s={search_term_string}"},"query-input":{"@type":"PropertyValueSpecification","valueRequired":true,"valueName":"search_term_string"}}],"inLanguage":"cs"},{"@type":"Person","@id":"https:\/\/www.welovecycling.com\/cs\/#\/schema\/person\/d9eeb0a378f3a7e4a6d12d2b536b04b8","name":"radekmalina","image":{"@type":"ImageObject","inLanguage":"cs","@id":"https:\/\/www.welovecycling.com\/cs\/#\/schema\/person\/image\/","url":"https:\/\/secure.gravatar.com\/avatar\/66994b632cb8c39a46b9f54afa3ae07201b678d32a54275b6f1c9ffec356bfc0?s=96&d=mm&r=g","contentUrl":"https:\/\/secure.gravatar.com\/avatar\/66994b632cb8c39a46b9f54afa3ae07201b678d32a54275b6f1c9ffec356bfc0?s=96&d=mm&r=g","caption":"radekmalina"},"url":"https:\/\/www.welovecycling.com\/cs\/author\/radekmalina\/"}]}},"_links":{"self":[{"href":"https:\/\/www.welovecycling.com\/cs\/wp-json\/wp\/v2\/posts\/26579","targetHints":{"allow":["GET"]}}],"collection":[{"href":"https:\/\/www.welovecycling.com\/cs\/wp-json\/wp\/v2\/posts"}],"about":[{"href":"https:\/\/www.welovecycling.com\/cs\/wp-json\/wp\/v2\/types\/post"}],"author":[{"embeddable":true,"href":"https:\/\/www.welovecycling.com\/cs\/wp-json\/wp\/v2\/users\/138"}],"replies":[{"embeddable":true,"href":"https:\/\/www.welovecycling.com\/cs\/wp-json\/wp\/v2\/comments?post=26579"}],"version-history":[{"count":4,"href":"https:\/\/www.welovecycling.com\/cs\/wp-json\/wp\/v2\/posts\/26579\/revisions"}],"predecessor-version":[{"id":26585,"href":"https:\/\/www.welovecycling.com\/cs\/wp-json\/wp\/v2\/posts\/26579\/revisions\/26585"}],"wp:featuredmedia":[{"embeddable":true,"href":"https:\/\/www.welovecycling.com\/cs\/wp-json\/wp\/v2\/media\/26582"}],"wp:attachment":[{"href":"https:\/\/www.welovecycling.com\/cs\/wp-json\/wp\/v2\/media?parent=26579"}],"wp:term":[{"taxonomy":"category","embeddable":true,"href":"https:\/\/www.welovecycling.com\/cs\/wp-json\/wp\/v2\/categories?post=26579"},{"taxonomy":"post_tag","embeddable":true,"href":"https:\/\/www.welovecycling.com\/cs\/wp-json\/wp\/v2\/tags?post=26579"},{"taxonomy":"global-categories","embeddable":true,"href":"https:\/\/www.welovecycling.com\/cs\/wp-json\/wp\/v2\/global-categories?post=26579"}],"curies":[{"name":"wp","href":"https:\/\/api.w.org\/{rel}","templated":true}]}}