{"id":26570,"date":"2024-07-22T13:00:22","date_gmt":"2024-07-22T11:00:22","guid":{"rendered":"https:\/\/www.welovecycling.com\/cs\/?p=26570"},"modified":"2024-07-22T10:02:43","modified_gmt":"2024-07-22T08:02:43","slug":"biniam-girmay-lokomotiva-z-afriky-v-zelenem-havu","status":"publish","type":"post","link":"https:\/\/www.welovecycling.com\/cs\/2024\/07\/22\/biniam-girmay-lokomotiva-z-afriky-v-zelenem-havu\/","title":{"rendered":"Biniam Girmay: lokomotiva z Afriky v zelen\u00e9m h\u00e1vu"},"content":{"rendered":"<p><strong>T\u00fdmov\u00ed kolegov\u00e9 na n\u011bj v Nice \u010dekali v c\u00edli \u010dasovky. Objali se a beze slov slavili. Dok\u00e1zali to. Biniam Girmay byl prvn\u00edm medailistou \u010derno\u0161sk\u00e9 Afriky z mistrovstv\u00ed sv\u011bta. Pro sebe a Eritreu pak vyhr\u00e1l cosi nep\u0159edstaviteln\u00e9ho \u2013 klasiku na kostk\u00e1ch. Ale leto\u0161n\u00ed \u010dervenec byl \u00fapln\u011b nejv\u00edc. T\u0159i v\u00edt\u011bzn\u00e9 etapy Tour de France a k nim zelen\u00fd dres nejlep\u0161\u00edho sprintera v barv\u00e1ch \u0160koda. Chapeau, Bini. Klobouk dol\u016f!<\/strong><\/p>\n<p>Snad za to m\u016f\u017eou ko\u0159eny vyrostl\u00e9 z chudoby subsaharsk\u00e9 Afriky. Snad v\u00fdchova ke skromnosti, poko\u0159e. Kdy\u017e sv\u00e9 t\u0159i t\u00fddny ve Francii m\u011bl zhodnotit, stihl do v\u00fdronu slz \u0159\u00edct toto: \u201eAbych byl up\u0159\u00edmn\u00fd, nep\u0159ijel jsem do z\u00e1vodu s takovou ambic\u00ed. P\u0159ijel jsem uk\u00e1zat, \u017ee nejsem \u0161patn\u00fd z\u00e1vodn\u00edk.\u201c<\/p>\n<h2><strong>M\u011bl rozj\u00ed\u017ed\u011bt spurty pro kolegu, te\u010f je kr\u00e1lem zelen\u00e9ho dresu<\/strong><\/h2>\n<p>Z kluka, kter\u00e9ho dosud vn\u00edmali sp\u00ed\u0161 inside\u0159i, se stala ikona, \u010dern\u00e1 perla, kterou chce m\u00edt ka\u017ed\u00fd. \u201eBylo fajn u silnic vid\u011bt lidi s cedulemi s m\u00fdm jm\u00e9nem. Loni m\u011b neznal nikdo.\u201c Jeho b\u011blostn\u00fd \u00fasm\u011bv byl v\u0161ude, plnil tituln\u00ed strany, soci\u00e1ln\u00ed s\u00edt\u011b a samoz\u0159ejm\u011b budil z\u00e1jem movit\u011bj\u0161\u00edch t\u00fdm\u016f, p\u0159esto\u017ee je\u0161t\u011b dva roky pat\u0159\u00ed Belgi\u010dan\u016fm z Wanty. V cyklistice je ale v\u0161echno na prodej, pokud m\u00e1te plnou kasu. Jezdeck\u00fd agent Alex Carrera, kter\u00fd vedle Biniho spravuje taky Poga\u010dara, u\u017e jist\u011b n\u011bco s jeho dosud skromnou v\u00fdplatnic\u00ed vymysl\u00ed.<\/p>\n<figure id=\"attachment_26515\" aria-describedby=\"caption-attachment-26515\" style=\"width: 1920px\" class=\"wp-caption alignnone\"><a href=\"https:\/\/d2p6e6u75xmxt8.cloudfront.net\/13\/2024\/07\/20240714TDF1035-A.S.O._Charly_Lopez-1-scaled.webp\"><img loading=\"lazy\" decoding=\"async\" class=\"size-extra-large wp-image-26515\" src=\"https:\/\/d2p6e6u75xmxt8.cloudfront.net\/13\/2024\/07\/20240714TDF1035-A.S.O._Charly_Lopez-1-1920x1278.webp\" alt=\"Biniam Girmay\" width=\"1920\" height=\"1278\" srcset=\"https:\/\/d2p6e6u75xmxt8.cloudfront.net\/13\/2024\/07\/20240714TDF1035-A.S.O._Charly_Lopez-1-1920x1278.webp 1920w, https:\/\/d2p6e6u75xmxt8.cloudfront.net\/13\/2024\/07\/20240714TDF1035-A.S.O._Charly_Lopez-1-300x200.webp 300w, https:\/\/d2p6e6u75xmxt8.cloudfront.net\/13\/2024\/07\/20240714TDF1035-A.S.O._Charly_Lopez-1-1024x682.webp 1024w, https:\/\/d2p6e6u75xmxt8.cloudfront.net\/13\/2024\/07\/20240714TDF1035-A.S.O._Charly_Lopez-1-768x511.webp 768w, https:\/\/d2p6e6u75xmxt8.cloudfront.net\/13\/2024\/07\/20240714TDF1035-A.S.O._Charly_Lopez-1-1536x1023.webp 1536w, https:\/\/d2p6e6u75xmxt8.cloudfront.net\/13\/2024\/07\/20240714TDF1035-A.S.O._Charly_Lopez-1-2048x1364.webp 2048w, https:\/\/d2p6e6u75xmxt8.cloudfront.net\/13\/2024\/07\/20240714TDF1035-A.S.O._Charly_Lopez-1-400x266.webp 400w, https:\/\/d2p6e6u75xmxt8.cloudfront.net\/13\/2024\/07\/20240714TDF1035-A.S.O._Charly_Lopez-1-272x182.webp 272w, https:\/\/d2p6e6u75xmxt8.cloudfront.net\/13\/2024\/07\/20240714TDF1035-A.S.O._Charly_Lopez-1-1920x1278.webp 1920w\" sizes=\"auto, (max-width: 1920px) 100vw, 1920px\" \/><\/a><figcaption id=\"caption-attachment-26515\" class=\"wp-caption-text\"><em>Biniam Girmay na \u010dele skupiny p\u0159i Tour de France 2024. Foto: A.S.O.\/Charly Lopez<\/em><\/figcaption><\/figure>\n<p>Zelen\u00fd z\u00e1zrak m\u011bl p\u0159itom nevinnou genezi. P\u016fvodn\u011b m\u011bl toti\u017e 24let\u00fd Eritrejec rozj\u00ed\u017ed\u011bt spurty pro Gerbena Thijssena, jemu\u017e \u0161\u00e9fov\u00e9 v\u011b\u0159ili v\u00edc. Jenom\u017ee u\u017e t\u0159et\u00ed den do Tur\u00edna se v c\u00edlov\u00e9 mele jeden druh\u00e9mu ztratil a pak Girmay v r\u00e1diu usly\u0161el: Je\u010f na sebe. \u201eByl to prvn\u00ed sprint, ka\u017ed\u00fd byl p\u0159ipraven\u00fd, ka\u017ed\u00fd cht\u011bl vyhr\u00e1t, ale vyhr\u00e1l jsem j\u00e1.\u201c A po p\u00e1t\u00e9 etap\u011b do Saint-Vulbas obl\u00e9kl maillot vert. \u201eTu barvu zbo\u017e\u0148uju.\u201c<\/p>\n<div class=\"shortcode-ys-post-pinup\"><article class=\"loop-simple post-26337 post type-post status-publish format-standard has-post-thumbnail hentry category-tour-de-france tag-chris-froome tag-cyklistika tag-financni-odmeny tag-jasper-philipsen tag-jonas-vingegaard tag-mathieu-van-der-poel tag-mzda tag-mzdy-cyklistu tag-plat tag-plat-cyklistu tag-plat-ve-world-tour tag-primoz-roglic tag-remco-evenepoel tag-silnicni-cyklistika tag-tadej-pogacar tag-tour-de-france tag-tour-de-france-2024 tag-wout-van-aert global-categories-cycling\" data-postid=\"26337\" role=\"article\" data-post-id=\"26337\" data-word-count=\"789\" data-headline-length=\"79\" data-category=\"Tour de France\" data-global-category=\"Cycling\" data-author=\"We Love Cycling\" data-published=\"2024-07-13T14:01:09+02:00\" data-published-day=\"Saturday\">\n    <div class=\"entry-thumbnail article-thumbnail\" content=\"https:\/\/d2p6e6u75xmxt8.cloudfront.net\/13\/2024\/07\/20240709TDF1078-A.S.O._Charly_Lopez-150x150.webp\"><a href=\"https:\/\/www.welovecycling.com\/cs\/2024\/07\/13\/kdo-je-nejlepe-placeny-jezdec-na-tour-de-france-a-jaka-je-minimalni-mzda\/\" class=\"image-holder\" target=\"_self\"><img decoding=\"async\" loading=\"lazy\" class=\"\" src=\"https:\/\/d2p6e6u75xmxt8.cloudfront.net\/13\/2024\/07\/20240709TDF1078-A.S.O._Charly_Lopez-1024x682.webp\" srcset=\"https:\/\/d2p6e6u75xmxt8.cloudfront.net\/13\/2024\/07\/20240709TDF1078-A.S.O._Charly_Lopez-scaled.webp 2560w, https:\/\/d2p6e6u75xmxt8.cloudfront.net\/13\/2024\/07\/20240709TDF1078-A.S.O._Charly_Lopez-300x200.webp 300w, https:\/\/d2p6e6u75xmxt8.cloudfront.net\/13\/2024\/07\/20240709TDF1078-A.S.O._Charly_Lopez-1024x682.webp 1024w, https:\/\/d2p6e6u75xmxt8.cloudfront.net\/13\/2024\/07\/20240709TDF1078-A.S.O._Charly_Lopez-768x512.webp 768w, https:\/\/d2p6e6u75xmxt8.cloudfront.net\/13\/2024\/07\/20240709TDF1078-A.S.O._Charly_Lopez-1536x1023.webp 1536w, https:\/\/d2p6e6u75xmxt8.cloudfront.net\/13\/2024\/07\/20240709TDF1078-A.S.O._Charly_Lopez-2048x1365.webp 2048w, https:\/\/d2p6e6u75xmxt8.cloudfront.net\/13\/2024\/07\/20240709TDF1078-A.S.O._Charly_Lopez-1920x1279.webp 1920w, https:\/\/d2p6e6u75xmxt8.cloudfront.net\/13\/2024\/07\/20240709TDF1078-A.S.O._Charly_Lopez-400x267.webp 400w, https:\/\/d2p6e6u75xmxt8.cloudfront.net\/13\/2024\/07\/20240709TDF1078-A.S.O._Charly_Lopez-272x182.webp 272w, https:\/\/d2p6e6u75xmxt8.cloudfront.net\/13\/2024\/07\/20240709TDF1078-A.S.O._Charly_Lopez-1920x1279.webp 1920w\" width=\"1024\" height=\"682\" sizes=\"auto, (min-width: 1200px) 300px, (min-width: 768px) 25vw, 100vw\" alt=\"kdo-je-nejlepe-placeny-jezdec-na-tour-de-france-a-jaka-je-minimalni-mzda\"\/><\/a><\/div>    <div class=\"entry-meta\">\n        <a class=\"label label-secondary post-category\" href=\"https:\/\/www.welovecycling.com\/cs\/category\/tour-de-france\/\" title=\"Tour de France\">Tour de France<\/a>\n    <\/div>\n    <div class=\"entry-details\">\n        <a href=\"https:\/\/www.welovecycling.com\/cs\/2024\/07\/13\/kdo-je-nejlepe-placeny-jezdec-na-tour-de-france-a-jaka-je-minimalni-mzda\/\" class='entry-title-wrapper'>\n            <h3 class=\"entry-title\"><span>Kdo je nejl\u00e9pe placen\u00fd jezdec na Tour de France? A jak\u00e1 je minim\u00e1ln\u00ed mzda?<\/span><\/h3>\n        <\/a>\n    <\/div>\n    <\/article>\n<\/div>\n<p>Biniam Girmay vlastn\u011b nen\u00ed \u00fapln\u011b ryz\u00edm spurterem, Jasper Philipsen ho na f\u00e9rovku poraz\u00ed. Jakmile se ale silnice malinko zdvihne nebo se sprinter\u016fm rozsypou jejich vl\u00e1\u010dky, tehdy m\u00e1 navrch. T\u0159ikr\u00e1t m\u00e1chal na c\u00edlov\u00e9 \u010d\u00e1\u0159e rukama nad hlavou.<\/p>\n<p><a href=\"https:\/\/d2p6e6u75xmxt8.cloudfront.net\/13\/2024\/07\/tdf-billy-ceusters-4-1.webp\"><img loading=\"lazy\" decoding=\"async\" class=\"alignnone size-full wp-image-26449\" src=\"https:\/\/d2p6e6u75xmxt8.cloudfront.net\/13\/2024\/07\/tdf-billy-ceusters-4-1.webp\" alt=\"\" width=\"1000\" height=\"667\" srcset=\"https:\/\/d2p6e6u75xmxt8.cloudfront.net\/13\/2024\/07\/tdf-billy-ceusters-4-1.webp 1000w, https:\/\/d2p6e6u75xmxt8.cloudfront.net\/13\/2024\/07\/tdf-billy-ceusters-4-1-300x200.webp 300w, https:\/\/d2p6e6u75xmxt8.cloudfront.net\/13\/2024\/07\/tdf-billy-ceusters-4-1-768x512.webp 768w, https:\/\/d2p6e6u75xmxt8.cloudfront.net\/13\/2024\/07\/tdf-billy-ceusters-4-1-400x267.webp 400w, https:\/\/d2p6e6u75xmxt8.cloudfront.net\/13\/2024\/07\/tdf-billy-ceusters-4-1-272x182.webp 272w\" sizes=\"auto, (max-width: 1000px) 100vw, 1000px\" \/><\/a><\/p>\n<p>Ve Villeneuve-sur-Lot po t\u0159et\u00edm etapov\u00e9m triumfu si myslel: Hotovo, m\u00e1m spln\u011bno, m\u016f\u017eu dom\u016f. P\u0159esto z\u016fstal. \u201e\u0158ekl jsem si: Jestli jsem vyhr\u00e1l t\u0159ikr\u00e1t, m\u016f\u017eu i po\u010dtvrt\u00e9.\u201c To sice nevy\u0161lo, ale hlavu si nastavil jinak \u2013 p\u0159iv\u00e9zt zelen\u00fd dres \u0160koda Auto a\u017e do Nice.<\/p>\n<h2><strong>V televizi vid\u011bl Tour, proto za\u010dal jezdit<\/strong><\/h2>\n<p>Jeho zelenou suverenitou zat\u0159\u00e1sl jen p\u00e1d v N\u00eemes, po kter\u00e9m mu prav\u00fd loket ozdobily dva stehy a Philipsen, tehdy pot\u0159et\u00ed v\u00edt\u011bzn\u00fd, se p\u0159ibl\u00ed\u017eil na 32 bod\u016f. U\u017e p\u0159edposledn\u00ed den po posledn\u00ed horsk\u00e9 etap\u011b v La Couillole bylo jasno. C\u00edlem projel v doprovodu koleg\u016f a zase se zubil, proto\u017ee u\u017e jen p\u00e1d v z\u00e1v\u011bre\u010dn\u00e9 \u010dasovce mohl na jeho zelen\u00e9 vl\u00e1d\u011b n\u011bco m\u011bnit. Pak filozoficky pronesl: \u201eNechci b\u00fdt vn\u00edm\u00e1m jako vlajkono\u0161 africk\u00e9 cyklistiky, sp\u00ed\u0161 jako lokomotiva jej\u00edho rozvoje.\u201c<\/p>\n<div class=\"shortcode-ys-post-pinup\"><article class=\"loop-simple post-26494 post type-post status-publish format-standard has-post-thumbnail hentry category-tour-de-france tag-cyklistika tag-defekt tag-jan-tratnik tag-jonas-vingegaard tag-neutralni-podpora tag-shimano tag-silnicni-cyklistika tag-tour-de-france tag-tour-de-france-2024 global-categories-cycling\" data-postid=\"26494\" role=\"article\" data-post-id=\"26494\" data-word-count=\"559\" data-headline-length=\"90\" data-category=\"Tour de France\" data-global-category=\"Cycling\" data-author=\"We Love Cycling\" data-published=\"2024-07-19T18:00:09+02:00\" data-published-day=\"Friday\">\n    <div class=\"entry-thumbnail article-thumbnail\" content=\"https:\/\/d2p6e6u75xmxt8.cloudfront.net\/13\/2024\/07\/20240707TDF0057-A.S.O._Billy_Ceusters-150x150.webp\"><a href=\"https:\/\/www.welovecycling.com\/cs\/2024\/07\/19\/co-se-stane-kdyz-ma-cyklista-na-tour-de-france-defekt-jak-funguje-neutralni-podpora\/\" class=\"image-holder\" target=\"_self\"><img decoding=\"async\" loading=\"lazy\" class=\"\" src=\"https:\/\/d2p6e6u75xmxt8.cloudfront.net\/13\/2024\/07\/20240707TDF0057-A.S.O._Billy_Ceusters-1024x683.webp\" srcset=\"https:\/\/d2p6e6u75xmxt8.cloudfront.net\/13\/2024\/07\/20240707TDF0057-A.S.O._Billy_Ceusters-scaled.webp 2560w, https:\/\/d2p6e6u75xmxt8.cloudfront.net\/13\/2024\/07\/20240707TDF0057-A.S.O._Billy_Ceusters-300x200.webp 300w, https:\/\/d2p6e6u75xmxt8.cloudfront.net\/13\/2024\/07\/20240707TDF0057-A.S.O._Billy_Ceusters-1024x683.webp 1024w, https:\/\/d2p6e6u75xmxt8.cloudfront.net\/13\/2024\/07\/20240707TDF0057-A.S.O._Billy_Ceusters-768x512.webp 768w, https:\/\/d2p6e6u75xmxt8.cloudfront.net\/13\/2024\/07\/20240707TDF0057-A.S.O._Billy_Ceusters-1536x1025.webp 1536w, https:\/\/d2p6e6u75xmxt8.cloudfront.net\/13\/2024\/07\/20240707TDF0057-A.S.O._Billy_Ceusters-2048x1366.webp 2048w, https:\/\/d2p6e6u75xmxt8.cloudfront.net\/13\/2024\/07\/20240707TDF0057-A.S.O._Billy_Ceusters-1920x1281.webp 1920w, https:\/\/d2p6e6u75xmxt8.cloudfront.net\/13\/2024\/07\/20240707TDF0057-A.S.O._Billy_Ceusters-400x267.webp 400w, https:\/\/d2p6e6u75xmxt8.cloudfront.net\/13\/2024\/07\/20240707TDF0057-A.S.O._Billy_Ceusters-272x182.webp 272w, https:\/\/d2p6e6u75xmxt8.cloudfront.net\/13\/2024\/07\/20240707TDF0057-A.S.O._Billy_Ceusters-1920x1281.webp 1920w\" width=\"1024\" height=\"683\" sizes=\"auto, (min-width: 1200px) 300px, (min-width: 768px) 25vw, 100vw\" alt=\"co-se-stane-kdyz-ma-cyklista-na-tour-de-france-defekt-jak-funguje-neutralni-podpora\"\/><\/a><\/div>    <div class=\"entry-meta\">\n        <a class=\"label label-secondary post-category\" href=\"https:\/\/www.welovecycling.com\/cs\/category\/tour-de-france\/\" title=\"Tour de France\">Tour de France<\/a>\n    <\/div>\n    <div class=\"entry-details\">\n        <a href=\"https:\/\/www.welovecycling.com\/cs\/2024\/07\/19\/co-se-stane-kdyz-ma-cyklista-na-tour-de-france-defekt-jak-funguje-neutralni-podpora\/\" class='entry-title-wrapper'>\n            <h3 class=\"entry-title\"><span>Co se stane, kdy\u017e m\u00e1 cyklista na Tour de France defekt? Jak funguje neutr\u00e1ln\u00ed podpora?<\/span><\/h3>\n        <\/a>\n    <\/div>\n    <\/article>\n<\/div>\n<p>Z\u00e1klady t\u00e9to poh\u00e1dky za\u010dal Biniam Girmay stav\u011bt mnohem d\u0159\u00edv. Kdy\u017e jako 13let\u00fd za\u010d\u00ednal na horsk\u00e9m kole, ale \u0161ampiona v n\u011bm je\u0161t\u011b nevid\u011bli. Kdy\u017e vstoupil do nejv\u011bt\u0161\u00edho t\u00fdmu v zemi, za\u010dal vyhr\u00e1vat v\u0161echno a snil o kari\u00e9\u0159e v Evrop\u011b. Taky proto, aby unikl vojensk\u00e9 slu\u017eb\u011b.<\/p>\n<figure id=\"attachment_26525\" aria-describedby=\"caption-attachment-26525\" style=\"width: 1000px\" class=\"wp-caption alignnone\"><a href=\"https:\/\/d2p6e6u75xmxt8.cloudfront.net\/13\/2024\/07\/best-off-biniam-girmay-billy-ceusters.webp\"><img loading=\"lazy\" decoding=\"async\" class=\"size-full wp-image-26525\" src=\"https:\/\/d2p6e6u75xmxt8.cloudfront.net\/13\/2024\/07\/best-off-biniam-girmay-billy-ceusters.webp\" alt=\"Biniam Girma\" width=\"1000\" height=\"667\" srcset=\"https:\/\/d2p6e6u75xmxt8.cloudfront.net\/13\/2024\/07\/best-off-biniam-girmay-billy-ceusters.webp 1000w, https:\/\/d2p6e6u75xmxt8.cloudfront.net\/13\/2024\/07\/best-off-biniam-girmay-billy-ceusters-300x200.webp 300w, https:\/\/d2p6e6u75xmxt8.cloudfront.net\/13\/2024\/07\/best-off-biniam-girmay-billy-ceusters-768x512.webp 768w, https:\/\/d2p6e6u75xmxt8.cloudfront.net\/13\/2024\/07\/best-off-biniam-girmay-billy-ceusters-400x267.webp 400w, https:\/\/d2p6e6u75xmxt8.cloudfront.net\/13\/2024\/07\/best-off-biniam-girmay-billy-ceusters-272x182.webp 272w\" sizes=\"auto, (max-width: 1000px) 100vw, 1000px\" \/><\/a><figcaption id=\"caption-attachment-26525\" class=\"wp-caption-text\"><em>Biniam Girmay v oble\u017een\u00ed fanou\u0161k\u016f b\u011bhem Tour de France 2024. Foto: A.S.O.\/Billy Ceusters<\/em><\/figcaption><\/figure>\n<p>\u201eS cyklistikou jsem za\u010dal proto, \u017ee jsem v televizi sledoval <a href=\"https:\/\/www.welovecycling.com\/cs\/?p=26568&amp;preview=true\">Tour de France<\/a>. Vyr\u016fstal jsem a koukal na v\u0161echny ty sprinty a \u0161ampiony a moje sny se \u010dasem vyv\u00edjely.\u201c Nejd\u0159\u00edv si nemyslel, \u017ee by se mohl st\u00e1t profesion\u00e1lem. Pak \u017ee by snad mohl vyhr\u00e1t. Nebo \u017ee by na Tour vyhr\u00e1l i jedinou etapu. Dnes m\u00e1 t\u0159i a ten dres, co ho obl\u00e9kl, je d\u016fkazem, \u017ee se stal sprintersk\u00fdm kr\u00e1lem.<\/p>\n<div class=\"shortcode-ys-post-pinup\"><article class=\"loop-simple post-26356 post type-post status-publish format-standard has-post-thumbnail hentry category-tour-de-france tag-cyklistika tag-jak-boli-tour-de-france tag-karamboly-na-tour-de-france tag-pady-na-tour-de-france tag-silnicni-cyklistika tag-tour-de-france-2024 tag-zdravi-a-trenink tag-zraneni-na-tour-de-france global-categories-cycling\" data-postid=\"26356\" role=\"article\" data-post-id=\"26356\" data-word-count=\"677\" data-headline-length=\"30\" data-category=\"Tour de France\" data-global-category=\"Cycling\" data-author=\"We Love Cycling\" data-published=\"2024-07-14T08:33:53+02:00\" data-published-day=\"Sunday\">\n    <div class=\"entry-thumbnail article-thumbnail\" content=\"https:\/\/d2p6e6u75xmxt8.cloudfront.net\/13\/2024\/07\/profimedia-0889067336-150x150.webp\"><a href=\"https:\/\/www.welovecycling.com\/cs\/2024\/07\/14\/jak-boli-tour-de-france-2024\/\" class=\"image-holder\" target=\"_self\"><img decoding=\"async\" loading=\"lazy\" class=\"\" src=\"https:\/\/d2p6e6u75xmxt8.cloudfront.net\/13\/2024\/07\/profimedia-0889067336-1024x683.webp\" srcset=\"https:\/\/d2p6e6u75xmxt8.cloudfront.net\/13\/2024\/07\/profimedia-0889067336.webp 1800w, https:\/\/d2p6e6u75xmxt8.cloudfront.net\/13\/2024\/07\/profimedia-0889067336-300x200.webp 300w, https:\/\/d2p6e6u75xmxt8.cloudfront.net\/13\/2024\/07\/profimedia-0889067336-1024x683.webp 1024w, https:\/\/d2p6e6u75xmxt8.cloudfront.net\/13\/2024\/07\/profimedia-0889067336-768x512.webp 768w, https:\/\/d2p6e6u75xmxt8.cloudfront.net\/13\/2024\/07\/profimedia-0889067336-1536x1024.webp 1536w, https:\/\/d2p6e6u75xmxt8.cloudfront.net\/13\/2024\/07\/profimedia-0889067336-400x267.webp 400w, https:\/\/d2p6e6u75xmxt8.cloudfront.net\/13\/2024\/07\/profimedia-0889067336-272x182.webp 272w\" width=\"1024\" height=\"683\" sizes=\"auto, (min-width: 1200px) 300px, (min-width: 768px) 25vw, 100vw\" alt=\"jak-boli-tour-de-france-2024\"\/><\/a><\/div>    <div class=\"entry-meta\">\n        <a class=\"label label-secondary post-category\" href=\"https:\/\/www.welovecycling.com\/cs\/category\/tour-de-france\/\" title=\"Tour de France\">Tour de France<\/a>\n    <\/div>\n    <div class=\"entry-details\">\n        <a href=\"https:\/\/www.welovecycling.com\/cs\/2024\/07\/14\/jak-boli-tour-de-france-2024\/\" class='entry-title-wrapper'>\n            <h3 class=\"entry-title\"><span>Jak bol\u00ed Tour de France 2024?<\/span><\/h3>\n        <\/a>\n    <\/div>\n    <\/article>\n<\/div>\n<p>Dva m\u011bs\u00edce p\u0159ed sv\u00fdmi osmn\u00e1ctinami se prvn\u011b dostal za hranice Eritreje. Mistrovstv\u00ed Afriky se konalo ve Rwand\u011b a on tam v kategorii junior\u016f vyhr\u00e1l v\u0161echny t\u0159i starty: silni\u010dn\u00ed z\u00e1vod a \u010dasovku jednotlivc\u016f i tu t\u00fdmovou. A p\u016fl roku nato porazil ve spurtu Evenepoela na jeho dom\u00e1c\u00ed p\u016fd\u011b v prvn\u00ed etap\u011b Aubel-Thimister-Stavelot, kde spole\u010dn\u011b ujeli pelotonu. Belgi\u010dan ten rok poznal jen t\u0159i por\u00e1\u017eky: dv\u011b od Karla Vacka a jednu pr\u00e1v\u011b od Girmaye.<\/p>\n<h2><strong>Na Giru Biniam Girmay m\u00e1lem p\u0159i\u0161el o oko<\/strong><\/h2>\n<p>Teprve prvn\u00ed profi v\u00edt\u011bzstv\u00ed v Tropicale Amissa Bongo 2019 nad sice st\u00e1rnouc\u00edm, ale st\u00e1le rychl\u00fdm Greipelem jeho hv\u011bzdu rozz\u00e1\u0159ilo. \u201eDob\u0159e jsem v\u011bd\u011bl, kdo to je, ale neb\u00e1l jsem se ho. Tam jsem si uv\u011bdomil, \u017ee um\u00edm b\u00fdt rychl\u00fd.\u201c A p\u0159eci trvalo dva roky, ne\u017e dostal prvn\u00ed smlouvu. Na Afri\u010dany se tehdy mana\u017ee\u0159i d\u00edvali se skeps\u00ed, nikdo nem\u011bl chu\u0165 p\u0159id\u011bl\u00e1vat si pr\u00e1ci s v\u00edzy.<\/p>\n<figure id=\"attachment_26255\" aria-describedby=\"caption-attachment-26255\" style=\"width: 1920px\" class=\"wp-caption alignnone\"><a href=\"https:\/\/d2p6e6u75xmxt8.cloudfront.net\/13\/2024\/07\/20240706TDF0094-A.S.O._Billy_Ceusters-scaled.webp\"><img loading=\"lazy\" decoding=\"async\" class=\"size-extra-large wp-image-26255\" src=\"https:\/\/d2p6e6u75xmxt8.cloudfront.net\/13\/2024\/07\/20240706TDF0094-A.S.O._Billy_Ceusters-1920x1276.webp\" alt=\"Biniam Girma F0094c-A.S.O._Billy_Ceusters\" width=\"1920\" height=\"1276\" srcset=\"https:\/\/d2p6e6u75xmxt8.cloudfront.net\/13\/2024\/07\/20240706TDF0094-A.S.O._Billy_Ceusters-1920x1276.webp 1920w, https:\/\/d2p6e6u75xmxt8.cloudfront.net\/13\/2024\/07\/20240706TDF0094-A.S.O._Billy_Ceusters-300x199.webp 300w, https:\/\/d2p6e6u75xmxt8.cloudfront.net\/13\/2024\/07\/20240706TDF0094-A.S.O._Billy_Ceusters-1024x681.webp 1024w, https:\/\/d2p6e6u75xmxt8.cloudfront.net\/13\/2024\/07\/20240706TDF0094-A.S.O._Billy_Ceusters-768x511.webp 768w, https:\/\/d2p6e6u75xmxt8.cloudfront.net\/13\/2024\/07\/20240706TDF0094-A.S.O._Billy_Ceusters-1536x1021.webp 1536w, https:\/\/d2p6e6u75xmxt8.cloudfront.net\/13\/2024\/07\/20240706TDF0094-A.S.O._Billy_Ceusters-2048x1361.webp 2048w, https:\/\/d2p6e6u75xmxt8.cloudfront.net\/13\/2024\/07\/20240706TDF0094-A.S.O._Billy_Ceusters-400x266.webp 400w, https:\/\/d2p6e6u75xmxt8.cloudfront.net\/13\/2024\/07\/20240706TDF0094-A.S.O._Billy_Ceusters-272x182.webp 272w, https:\/\/d2p6e6u75xmxt8.cloudfront.net\/13\/2024\/07\/20240706TDF0094-A.S.O._Billy_Ceusters-1920x1276.webp 1920w\" sizes=\"auto, (max-width: 1920px) 100vw, 1920px\" \/><\/a><figcaption id=\"caption-attachment-26255\" class=\"wp-caption-text\"><em>Biniam Girmay po prvn\u00edm triumfu na Tour de France 2024. Foto: A.S.O.\/Billy Ceusters<\/em><\/figcaption><\/figure>\n<p>Prvn\u00ed kontrakt z\u00edskal v druhodivizn\u00edm t\u00fdmu Delko z Marseille. \u201eTam jsem se nau\u010dil nejv\u00edc.\u201c Jenom\u017ee Francouz\u016fm v p\u016fli sezony vyschla kasa a nemohli d\u00e1l platit sv\u00e9 z\u00e1vodn\u00edky. A tak se Bini s okam\u017eitou platnost\u00ed st\u011bhoval do Wanty a t\u00edm vplul do elitn\u00ed kategorie World Tour. \u201eChci vyhr\u00e1t etapu. Nejrad\u011bji v It\u00e1lii, jej\u00ed\u017e koloni\u00ed Eritrea byla. Bylo by to symbolick\u00e9.\u201c<\/p>\n<figure id=\"attachment_26511\" aria-describedby=\"caption-attachment-26511\" style=\"width: 1920px\" class=\"wp-caption alignnone\"><a href=\"https:\/\/d2p6e6u75xmxt8.cloudfront.net\/13\/2024\/07\/20240710TDF0033-A.S.O.-Billy-Ceusters-1-scaled.webp\"><img loading=\"lazy\" decoding=\"async\" class=\"size-extra-large wp-image-26511\" src=\"https:\/\/d2p6e6u75xmxt8.cloudfront.net\/13\/2024\/07\/20240710TDF0033-A.S.O.-Billy-Ceusters-1-1920x1281.webp\" alt=\"Biniam Girmay\" width=\"1920\" height=\"1281\" srcset=\"https:\/\/d2p6e6u75xmxt8.cloudfront.net\/13\/2024\/07\/20240710TDF0033-A.S.O.-Billy-Ceusters-1-1920x1281.webp 1920w, https:\/\/d2p6e6u75xmxt8.cloudfront.net\/13\/2024\/07\/20240710TDF0033-A.S.O.-Billy-Ceusters-1-300x200.webp 300w, https:\/\/d2p6e6u75xmxt8.cloudfront.net\/13\/2024\/07\/20240710TDF0033-A.S.O.-Billy-Ceusters-1-1024x683.webp 1024w, https:\/\/d2p6e6u75xmxt8.cloudfront.net\/13\/2024\/07\/20240710TDF0033-A.S.O.-Billy-Ceusters-1-768x512.webp 768w, https:\/\/d2p6e6u75xmxt8.cloudfront.net\/13\/2024\/07\/20240710TDF0033-A.S.O.-Billy-Ceusters-1-1536x1025.webp 1536w, https:\/\/d2p6e6u75xmxt8.cloudfront.net\/13\/2024\/07\/20240710TDF0033-A.S.O.-Billy-Ceusters-1-2048x1366.webp 2048w, https:\/\/d2p6e6u75xmxt8.cloudfront.net\/13\/2024\/07\/20240710TDF0033-A.S.O.-Billy-Ceusters-1-400x267.webp 400w, https:\/\/d2p6e6u75xmxt8.cloudfront.net\/13\/2024\/07\/20240710TDF0033-A.S.O.-Billy-Ceusters-1-272x182.webp 272w, https:\/\/d2p6e6u75xmxt8.cloudfront.net\/13\/2024\/07\/20240710TDF0033-A.S.O.-Billy-Ceusters-1-1920x1281.webp 1920w\" sizes=\"auto, (max-width: 1920px) 100vw, 1920px\" \/><\/a><figcaption id=\"caption-attachment-26511\" class=\"wp-caption-text\"><em>Vl\u00e1dci bodovac\u00ed sout\u011b\u017ee posledn\u00edch dvou Tour de France: Jasper Philipsen (vlevo) a Biniam Girmay. Foto: A.S.O.\/Billy Ceusters<\/em><\/figcaption><\/figure>\n<p>Nejd\u0159\u00edv ale objevil kostky v Belgii a vyhr\u00e1l Gent-Wevelgem. A dva m\u011bs\u00edce nato porazil na Giru Van der Poela a na p\u00f3diu si z\u00e1tkou od prosecca m\u00e1lem vyst\u0159elil oko. \u201eDodnes dr\u017e\u00edm rekord v\u00edt\u011bze etapy, kter\u00fd nejd\u0159\u00edv odstoupil. Te\u010f u\u017e se sm\u011bju, ale tehdy jsem m\u011bl v\u00e1\u017en\u011b strach, \u017ee p\u0159ijdu o zrak.\u201c<\/p>\n<p>Po sv\u00fdch prvn\u00edch evropsk\u00fdch \u00fasp\u011b\u0161\u00edch se roz\u010diloval, kdy\u017e ho naz\u00fdvali prvn\u00edm \u010dernochem tam a tam. \u201eA\u0165 u\u017e toho nechaj\u00ed,\u201c bou\u0159il se. \u201eJak\u00fd je rozd\u00edl, jestli vyhraje b\u011bloch, nebo Afri\u010dan, kdy\u017e je prvn\u00ed na \u010d\u00e1\u0159e?\u201c Proto\u017ee tu p\u0159edt\u00edm nikdo takov\u00fd nebyl? \u201eTak te\u010f si budou muset v\u0161ichni zvyknout, \u017ee tu jsme,\u201c odsekl. \u201eToto je teprve za\u010d\u00e1tek \u00fasp\u011bchu africk\u00e9 cyklistiky. Ka\u017ed\u00e9 r\u00e1no se bud\u00edm a opakuju si, \u017ee jsem nejlep\u0161\u00ed. Tvrd\u011b na tom mak\u00e1m, chci pro v\u00edt\u011bzstv\u00ed ud\u011blat v\u0161echno. Nem\u00e1m limity a chci j\u00edt po\u0159\u00e1d d\u00e1l.\u201c<\/p>\n","protected":false},"excerpt":{"rendered":"<p>T\u00fdmov\u00ed kolegov\u00e9 na n\u011bj v Nice \u010dekali v c\u00edli \u010dasovky. Objali se a beze slov slavili. Dok\u00e1zali to. Biniam Girmay [&hellip;]<\/p>\n","protected":false},"author":138,"featured_media":26294,"comment_status":"open","ping_status":"open","sticky":false,"template":"","format":"standard","meta":{"footnotes":""},"categories":[1711],"tags":[3107,1117,3646,3707,126,23,3276,1710],"global-categories":[411],"class_list":["post-26570","post","type-post","status-publish","format-standard","has-post-thumbnail","hentry","category-tour-de-france","tag-biniam-girmay","tag-bodovaci-soutez","tag-bodovaci-soutez-skoda-auto","tag-bodovaci-soutez-tour-de-france","tag-cyklistika","tag-tour-de-france","tag-tour-de-france-2024","tag-zeleny-dres","global-categories-cycling"],"yoast_head":"<!-- This site is optimized with the Yoast SEO Premium plugin v25.3 (Yoast SEO v25.9) - https:\/\/yoast.com\/wordpress\/plugins\/seo\/ -->\n<title>Biniam Girmay: lokomotiva z Afriky v zelen\u00e9m h\u00e1vu | \u0160koda We Love Cycling - \u010cesk\u00e1 republika<\/title>\n<meta name=\"description\" content=\"T\u00fdmov\u00ed kolegov\u00e9 na n\u011bj v Nice \u010dekali v c\u00edli \u010dasovky. Objali se a beze slov slavili. Dok\u00e1zali to. Biniam Girmay byl prvn\u00edm medailistou \u010derno\u0161sk\u00e9 Afriky z mistrovstv\u00ed sv\u011bta. Pro sebe a Eritreu pak vyhr\u00e1l cosi nep\u0159edstaviteln\u00e9ho \u2013 klasiku na kostk\u00e1ch. Ale leto\u0161n\u00ed \u010dervenec byl \u00fapln\u011b nejv\u00edc. T\u0159i v\u00edt\u011bzn\u00e9 etapy Tour de France a k nim zelen\u00fd dres nejlep\u0161\u00edho sprintera v barv\u00e1ch \u0160koda. Chapeau, Bini. Klobouk dol\u016f!\" \/>\n<meta name=\"robots\" content=\"index, follow, max-snippet:-1, max-image-preview:large, max-video-preview:-1\" \/>\n<link rel=\"canonical\" href=\"https:\/\/www.welovecycling.com\/cs\/2024\/07\/22\/biniam-girmay-lokomotiva-z-afriky-v-zelenem-havu\/\" \/>\n<meta property=\"og:locale\" content=\"cs_CZ\" \/>\n<meta property=\"og:type\" content=\"article\" \/>\n<meta property=\"og:title\" content=\"Biniam Girmay: lokomotiva z Afriky v zelen\u00e9m h\u00e1vu\" \/>\n<meta property=\"og:description\" content=\"T\u00fdmov\u00ed kolegov\u00e9 na n\u011bj v Nice \u010dekali v c\u00edli \u010dasovky. Objali se a beze slov slavili. Dok\u00e1zali to. Biniam Girmay byl prvn\u00edm medailistou \u010derno\u0161sk\u00e9 Afriky z mistrovstv\u00ed sv\u011bta. Pro sebe a Eritreu pak vyhr\u00e1l cosi nep\u0159edstaviteln\u00e9ho \u2013 klasiku na kostk\u00e1ch. Ale leto\u0161n\u00ed \u010dervenec byl \u00fapln\u011b nejv\u00edc. T\u0159i v\u00edt\u011bzn\u00e9 etapy Tour de France a k nim zelen\u00fd dres nejlep\u0161\u00edho sprintera v barv\u00e1ch \u0160koda. Chapeau, Bini. Klobouk dol\u016f!\" \/>\n<meta property=\"og:url\" content=\"https:\/\/www.welovecycling.com\/cs\/2024\/07\/22\/biniam-girmay-lokomotiva-z-afriky-v-zelenem-havu\/\" \/>\n<meta property=\"og:site_name\" content=\"\u0160koda We Love Cycling - \u010cesk\u00e1 republika\" \/>\n<meta property=\"article:published_time\" content=\"2024-07-22T11:00:22+00:00\" \/>\n<meta property=\"og:image\" content=\"https:\/\/d2p6e6u75xmxt8.cloudfront.net\/13\/2024\/07\/8-etapa-Tadej-pogacar-biniam-girmay.webp\" \/>\n\t<meta property=\"og:image:width\" content=\"1000\" \/>\n\t<meta property=\"og:image:height\" content=\"668\" \/>\n\t<meta property=\"og:image:type\" content=\"image\/webp\" \/>\n<meta name=\"author\" content=\"radekmalina\" \/>\n<meta name=\"twitter:card\" content=\"summary_large_image\" \/>\n<meta name=\"twitter:label1\" content=\"Written by\" \/>\n\t<meta name=\"twitter:data1\" content=\"We Love Cycling\" \/>\n\t<meta name=\"twitter:label2\" content=\"Est. reading time\" \/>\n\t<meta name=\"twitter:data2\" content=\"6 minut\" \/>\n<script type=\"application\/ld+json\" class=\"yoast-schema-graph\">{\"@context\":\"https:\/\/schema.org\",\"@graph\":[{\"@type\":\"WebPage\",\"@id\":\"https:\/\/www.welovecycling.com\/cs\/2024\/07\/22\/biniam-girmay-lokomotiva-z-afriky-v-zelenem-havu\/\",\"url\":\"https:\/\/www.welovecycling.com\/cs\/2024\/07\/22\/biniam-girmay-lokomotiva-z-afriky-v-zelenem-havu\/\",\"name\":\"Biniam Girmay: lokomotiva z Afriky v zelen\u00e9m h\u00e1vu | \u0160koda We Love Cycling - \u010cesk\u00e1 republika\",\"isPartOf\":{\"@id\":\"https:\/\/www.welovecycling.com\/cs\/#website\"},\"primaryImageOfPage\":{\"@id\":\"https:\/\/www.welovecycling.com\/cs\/2024\/07\/22\/biniam-girmay-lokomotiva-z-afriky-v-zelenem-havu\/#primaryimage\"},\"image\":{\"@id\":\"https:\/\/www.welovecycling.com\/cs\/2024\/07\/22\/biniam-girmay-lokomotiva-z-afriky-v-zelenem-havu\/#primaryimage\"},\"thumbnailUrl\":\"https:\/\/d2p6e6u75xmxt8.cloudfront.net\/13\/2024\/07\/8-etapa-Tadej-pogacar-biniam-girmay.webp\",\"datePublished\":\"2024-07-22T11:00:22+00:00\",\"author\":{\"@id\":\"https:\/\/www.welovecycling.com\/cs\/#\/schema\/person\/d9eeb0a378f3a7e4a6d12d2b536b04b8\"},\"description\":\"T\u00fdmov\u00ed kolegov\u00e9 na n\u011bj v Nice \u010dekali v c\u00edli \u010dasovky. Objali se a beze slov slavili. Dok\u00e1zali to. Biniam Girmay byl prvn\u00edm medailistou \u010derno\u0161sk\u00e9 Afriky z mistrovstv\u00ed sv\u011bta. Pro sebe a Eritreu pak vyhr\u00e1l cosi nep\u0159edstaviteln\u00e9ho \u2013 klasiku na kostk\u00e1ch. Ale leto\u0161n\u00ed \u010dervenec byl \u00fapln\u011b nejv\u00edc. T\u0159i v\u00edt\u011bzn\u00e9 etapy Tour de France a k nim zelen\u00fd dres nejlep\u0161\u00edho sprintera v barv\u00e1ch \u0160koda. Chapeau, Bini. Klobouk dol\u016f!\",\"inLanguage\":\"cs\",\"potentialAction\":[{\"@type\":\"ReadAction\",\"target\":[\"https:\/\/www.welovecycling.com\/cs\/2024\/07\/22\/biniam-girmay-lokomotiva-z-afriky-v-zelenem-havu\/\"]}]},{\"@type\":\"ImageObject\",\"inLanguage\":\"cs\",\"@id\":\"https:\/\/www.welovecycling.com\/cs\/2024\/07\/22\/biniam-girmay-lokomotiva-z-afriky-v-zelenem-havu\/#primaryimage\",\"url\":\"https:\/\/d2p6e6u75xmxt8.cloudfront.net\/13\/2024\/07\/8-etapa-Tadej-pogacar-biniam-girmay.webp\",\"contentUrl\":\"https:\/\/d2p6e6u75xmxt8.cloudfront.net\/13\/2024\/07\/8-etapa-Tadej-pogacar-biniam-girmay.webp\",\"width\":1000,\"height\":668,\"caption\":\"Tadej Poga\u010dar a Biniam Girmay\"},{\"@type\":\"WebSite\",\"@id\":\"https:\/\/www.welovecycling.com\/cs\/#website\",\"url\":\"https:\/\/www.welovecycling.com\/cs\/\",\"name\":\"\u0160koda We Love Cycling - \u010cesk\u00e1 republika\",\"description\":\"WeLoveCycling.cz je online magaz\u00edn, kter\u00fd v\u00e1m pravideln\u011b p\u0159in\u00e1\u0161\u00ed rady a tipy, zaj\u00edmav\u00e9 \u010dl\u00e1nky, videa a jedine\u010dn\u00e9 report\u00e1\u017ee ze sv\u011bta cyklistiky.\",\"potentialAction\":[{\"@type\":\"SearchAction\",\"target\":{\"@type\":\"EntryPoint\",\"urlTemplate\":\"https:\/\/www.welovecycling.com\/cs\/?s={search_term_string}\"},\"query-input\":{\"@type\":\"PropertyValueSpecification\",\"valueRequired\":true,\"valueName\":\"search_term_string\"}}],\"inLanguage\":\"cs\"},{\"@type\":\"Person\",\"@id\":\"https:\/\/www.welovecycling.com\/cs\/#\/schema\/person\/d9eeb0a378f3a7e4a6d12d2b536b04b8\",\"name\":\"radekmalina\",\"image\":{\"@type\":\"ImageObject\",\"inLanguage\":\"cs\",\"@id\":\"https:\/\/www.welovecycling.com\/cs\/#\/schema\/person\/image\/\",\"url\":\"https:\/\/secure.gravatar.com\/avatar\/66994b632cb8c39a46b9f54afa3ae07201b678d32a54275b6f1c9ffec356bfc0?s=96&d=mm&r=g\",\"contentUrl\":\"https:\/\/secure.gravatar.com\/avatar\/66994b632cb8c39a46b9f54afa3ae07201b678d32a54275b6f1c9ffec356bfc0?s=96&d=mm&r=g\",\"caption\":\"radekmalina\"},\"url\":\"https:\/\/www.welovecycling.com\/cs\/author\/radekmalina\/\"}]}<\/script>\n<!-- \/ Yoast SEO Premium plugin. -->","yoast_head_json":{"title":"Biniam Girmay: lokomotiva z Afriky v zelen\u00e9m h\u00e1vu | \u0160koda We Love Cycling - \u010cesk\u00e1 republika","description":"T\u00fdmov\u00ed kolegov\u00e9 na n\u011bj v Nice \u010dekali v c\u00edli \u010dasovky. Objali se a beze slov slavili. Dok\u00e1zali to. Biniam Girmay byl prvn\u00edm medailistou \u010derno\u0161sk\u00e9 Afriky z mistrovstv\u00ed sv\u011bta. Pro sebe a Eritreu pak vyhr\u00e1l cosi nep\u0159edstaviteln\u00e9ho \u2013 klasiku na kostk\u00e1ch. Ale leto\u0161n\u00ed \u010dervenec byl \u00fapln\u011b nejv\u00edc. T\u0159i v\u00edt\u011bzn\u00e9 etapy Tour de France a k nim zelen\u00fd dres nejlep\u0161\u00edho sprintera v barv\u00e1ch \u0160koda. Chapeau, Bini. Klobouk dol\u016f!","robots":{"index":"index","follow":"follow","max-snippet":"max-snippet:-1","max-image-preview":"max-image-preview:large","max-video-preview":"max-video-preview:-1"},"canonical":"https:\/\/www.welovecycling.com\/cs\/2024\/07\/22\/biniam-girmay-lokomotiva-z-afriky-v-zelenem-havu\/","og_locale":"cs_CZ","og_type":"article","og_title":"Biniam Girmay: lokomotiva z Afriky v zelen\u00e9m h\u00e1vu","og_description":"T\u00fdmov\u00ed kolegov\u00e9 na n\u011bj v Nice \u010dekali v c\u00edli \u010dasovky. Objali se a beze slov slavili. Dok\u00e1zali to. Biniam Girmay byl prvn\u00edm medailistou \u010derno\u0161sk\u00e9 Afriky z mistrovstv\u00ed sv\u011bta. Pro sebe a Eritreu pak vyhr\u00e1l cosi nep\u0159edstaviteln\u00e9ho \u2013 klasiku na kostk\u00e1ch. Ale leto\u0161n\u00ed \u010dervenec byl \u00fapln\u011b nejv\u00edc. T\u0159i v\u00edt\u011bzn\u00e9 etapy Tour de France a k nim zelen\u00fd dres nejlep\u0161\u00edho sprintera v barv\u00e1ch \u0160koda. Chapeau, Bini. Klobouk dol\u016f!","og_url":"https:\/\/www.welovecycling.com\/cs\/2024\/07\/22\/biniam-girmay-lokomotiva-z-afriky-v-zelenem-havu\/","og_site_name":"\u0160koda We Love Cycling - \u010cesk\u00e1 republika","article_published_time":"2024-07-22T11:00:22+00:00","og_image":[{"width":1000,"height":668,"url":"https:\/\/d2p6e6u75xmxt8.cloudfront.net\/13\/2024\/07\/8-etapa-Tadej-pogacar-biniam-girmay.webp","type":"image\/webp"}],"author":"radekmalina","twitter_card":"summary_large_image","twitter_misc":{"Written by":"We Love Cycling","Est. reading time":"6 minut"},"schema":{"@context":"https:\/\/schema.org","@graph":[{"@type":"WebPage","@id":"https:\/\/www.welovecycling.com\/cs\/2024\/07\/22\/biniam-girmay-lokomotiva-z-afriky-v-zelenem-havu\/","url":"https:\/\/www.welovecycling.com\/cs\/2024\/07\/22\/biniam-girmay-lokomotiva-z-afriky-v-zelenem-havu\/","name":"Biniam Girmay: lokomotiva z Afriky v zelen\u00e9m h\u00e1vu | \u0160koda We Love Cycling - \u010cesk\u00e1 republika","isPartOf":{"@id":"https:\/\/www.welovecycling.com\/cs\/#website"},"primaryImageOfPage":{"@id":"https:\/\/www.welovecycling.com\/cs\/2024\/07\/22\/biniam-girmay-lokomotiva-z-afriky-v-zelenem-havu\/#primaryimage"},"image":{"@id":"https:\/\/www.welovecycling.com\/cs\/2024\/07\/22\/biniam-girmay-lokomotiva-z-afriky-v-zelenem-havu\/#primaryimage"},"thumbnailUrl":"https:\/\/d2p6e6u75xmxt8.cloudfront.net\/13\/2024\/07\/8-etapa-Tadej-pogacar-biniam-girmay.webp","datePublished":"2024-07-22T11:00:22+00:00","author":{"@id":"https:\/\/www.welovecycling.com\/cs\/#\/schema\/person\/d9eeb0a378f3a7e4a6d12d2b536b04b8"},"description":"T\u00fdmov\u00ed kolegov\u00e9 na n\u011bj v Nice \u010dekali v c\u00edli \u010dasovky. Objali se a beze slov slavili. Dok\u00e1zali to. Biniam Girmay byl prvn\u00edm medailistou \u010derno\u0161sk\u00e9 Afriky z mistrovstv\u00ed sv\u011bta. Pro sebe a Eritreu pak vyhr\u00e1l cosi nep\u0159edstaviteln\u00e9ho \u2013 klasiku na kostk\u00e1ch. Ale leto\u0161n\u00ed \u010dervenec byl \u00fapln\u011b nejv\u00edc. T\u0159i v\u00edt\u011bzn\u00e9 etapy Tour de France a k nim zelen\u00fd dres nejlep\u0161\u00edho sprintera v barv\u00e1ch \u0160koda. Chapeau, Bini. Klobouk dol\u016f!","inLanguage":"cs","potentialAction":[{"@type":"ReadAction","target":["https:\/\/www.welovecycling.com\/cs\/2024\/07\/22\/biniam-girmay-lokomotiva-z-afriky-v-zelenem-havu\/"]}]},{"@type":"ImageObject","inLanguage":"cs","@id":"https:\/\/www.welovecycling.com\/cs\/2024\/07\/22\/biniam-girmay-lokomotiva-z-afriky-v-zelenem-havu\/#primaryimage","url":"https:\/\/d2p6e6u75xmxt8.cloudfront.net\/13\/2024\/07\/8-etapa-Tadej-pogacar-biniam-girmay.webp","contentUrl":"https:\/\/d2p6e6u75xmxt8.cloudfront.net\/13\/2024\/07\/8-etapa-Tadej-pogacar-biniam-girmay.webp","width":1000,"height":668,"caption":"Tadej Poga\u010dar a Biniam Girmay"},{"@type":"WebSite","@id":"https:\/\/www.welovecycling.com\/cs\/#website","url":"https:\/\/www.welovecycling.com\/cs\/","name":"\u0160koda We Love Cycling - \u010cesk\u00e1 republika","description":"WeLoveCycling.cz je online magaz\u00edn, kter\u00fd v\u00e1m pravideln\u011b p\u0159in\u00e1\u0161\u00ed rady a tipy, zaj\u00edmav\u00e9 \u010dl\u00e1nky, videa a jedine\u010dn\u00e9 report\u00e1\u017ee ze sv\u011bta cyklistiky.","potentialAction":[{"@type":"SearchAction","target":{"@type":"EntryPoint","urlTemplate":"https:\/\/www.welovecycling.com\/cs\/?s={search_term_string}"},"query-input":{"@type":"PropertyValueSpecification","valueRequired":true,"valueName":"search_term_string"}}],"inLanguage":"cs"},{"@type":"Person","@id":"https:\/\/www.welovecycling.com\/cs\/#\/schema\/person\/d9eeb0a378f3a7e4a6d12d2b536b04b8","name":"radekmalina","image":{"@type":"ImageObject","inLanguage":"cs","@id":"https:\/\/www.welovecycling.com\/cs\/#\/schema\/person\/image\/","url":"https:\/\/secure.gravatar.com\/avatar\/66994b632cb8c39a46b9f54afa3ae07201b678d32a54275b6f1c9ffec356bfc0?s=96&d=mm&r=g","contentUrl":"https:\/\/secure.gravatar.com\/avatar\/66994b632cb8c39a46b9f54afa3ae07201b678d32a54275b6f1c9ffec356bfc0?s=96&d=mm&r=g","caption":"radekmalina"},"url":"https:\/\/www.welovecycling.com\/cs\/author\/radekmalina\/"}]}},"_links":{"self":[{"href":"https:\/\/www.welovecycling.com\/cs\/wp-json\/wp\/v2\/posts\/26570","targetHints":{"allow":["GET"]}}],"collection":[{"href":"https:\/\/www.welovecycling.com\/cs\/wp-json\/wp\/v2\/posts"}],"about":[{"href":"https:\/\/www.welovecycling.com\/cs\/wp-json\/wp\/v2\/types\/post"}],"author":[{"embeddable":true,"href":"https:\/\/www.welovecycling.com\/cs\/wp-json\/wp\/v2\/users\/138"}],"replies":[{"embeddable":true,"href":"https:\/\/www.welovecycling.com\/cs\/wp-json\/wp\/v2\/comments?post=26570"}],"version-history":[{"count":5,"href":"https:\/\/www.welovecycling.com\/cs\/wp-json\/wp\/v2\/posts\/26570\/revisions"}],"predecessor-version":[{"id":26575,"href":"https:\/\/www.welovecycling.com\/cs\/wp-json\/wp\/v2\/posts\/26570\/revisions\/26575"}],"wp:featuredmedia":[{"embeddable":true,"href":"https:\/\/www.welovecycling.com\/cs\/wp-json\/wp\/v2\/media\/26294"}],"wp:attachment":[{"href":"https:\/\/www.welovecycling.com\/cs\/wp-json\/wp\/v2\/media?parent=26570"}],"wp:term":[{"taxonomy":"category","embeddable":true,"href":"https:\/\/www.welovecycling.com\/cs\/wp-json\/wp\/v2\/categories?post=26570"},{"taxonomy":"post_tag","embeddable":true,"href":"https:\/\/www.welovecycling.com\/cs\/wp-json\/wp\/v2\/tags?post=26570"},{"taxonomy":"global-categories","embeddable":true,"href":"https:\/\/www.welovecycling.com\/cs\/wp-json\/wp\/v2\/global-categories?post=26570"}],"curies":[{"name":"wp","href":"https:\/\/api.w.org\/{rel}","templated":true}]}}