{"id":26556,"date":"2024-07-21T19:40:51","date_gmt":"2024-07-21T17:40:51","guid":{"rendered":"https:\/\/www.welovecycling.com\/cs\/?p=26556"},"modified":"2024-07-23T17:28:51","modified_gmt":"2024-07-23T15:28:51","slug":"plati-mi-abych-vyhraval-haji-se-kanibal-tadej-pogacar","status":"publish","type":"post","link":"https:\/\/www.welovecycling.com\/cs\/2024\/07\/21\/plati-mi-abych-vyhraval-haji-se-kanibal-tadej-pogacar\/","title":{"rendered":"Plat\u00ed mi, abych vyhr\u00e1val, h\u00e1j\u00ed se kanibal Tadej Poga\u010dar po t\u0159et\u00edm triumfu na Tour de France"},"content":{"rendered":"<p><strong>P\u00ed\u0161e d\u011bjiny cyklistiky. Tadej Poga\u010dar z t\u00fdmu UAE Emirates dok\u00e1zal vyhr\u00e1t Tour de France 2024, kdy\u017e jen o p\u00e1r t\u00fddn\u016f d\u0159\u00edve ovl\u00e1dl italsk\u00e9 Giro. Dv\u011b \u00favodn\u00ed Grand Tour sezony naposledy vyhr\u00e1l Marco Pantani v roce 1998. Slovinsk\u00fd fenom\u00e9n, kter\u00fd ovl\u00e1dl Starou d\u00e1mu i v letech 2020 a 2021, v\u00fdjime\u010dn\u00fd v\u00fdkon vy\u0161perkoval dvan\u00e1cti etapov\u00fdmi v\u00fdhrami. \u0160est triumf\u016f v horsk\u00fdch etap\u00e1ch a \u010dasovce na Grande Boucle je naprosto neuv\u011b\u0159iteln\u00fdch. Dal\u0161\u00edch \u0161est d\u00edl\u010d\u00edch prvenstv\u00ed bral na italsk\u00e9m Giru.<\/strong><\/p>\n<p>&#8222;Je to jako z jin\u00e9ho sv\u011bta. Jsem \u0161\u0165astn\u00fd. Kdyby mi tohle n\u011bkdo \u0159ekl p\u0159ed Tour de France, nev\u011b\u0159il bych mu. Sta\u010dilo by mi jedno etapov\u00e9 v\u00edt\u011bzstv\u00ed a \u017elut\u00fd trikot,&#8220; usm\u00e1l se Tadej Poga\u010dar, kter\u00fd vyhr\u00e1l \u0161est etap a v \u010dele pr\u016fb\u011b\u017en\u00e9ho po\u0159ad\u00ed byl nep\u0159etr\u017eit\u011b od \u010dtvrt\u00e9ho d\u011bjstv\u00ed. Triumf v z\u00e1v\u011bre\u010dn\u00e9 \u010dasovce byl naprost\u00fdm potvrzen\u00edm absolutn\u00ed dominance!<\/p>\n<h2><strong>Tadej Poga\u010dar double z\u00edsk\u00e1, v\u011b\u0161til Alberto Contador<\/strong><\/h2>\n<p>\u00datok na double vyhl\u00e1sil Tadej Poga\u010dar u\u017e v p\u0159edstihu, p\u0159esto\u017ee b\u011bhem p\u0159ede\u0161l\u00e9ho \u010dtvrtstolet\u00ed si na stejn\u011b ambici\u00f3zn\u00edm pl\u00e1nu vyl\u00e1mali zuby velik\u00e1ni jako Alberto Contador \u010di Chris Froome.<\/p>\n<figure id=\"attachment_26533\" aria-describedby=\"caption-attachment-26533\" style=\"width: 1000px\" class=\"wp-caption alignnone\"><a href=\"https:\/\/d2p6e6u75xmxt8.cloudfront.net\/13\/2024\/07\/best-off-charly-lopez-tadej-pogacar.webp\"><img loading=\"lazy\" decoding=\"async\" class=\"size-full wp-image-26533\" src=\"https:\/\/d2p6e6u75xmxt8.cloudfront.net\/13\/2024\/07\/best-off-charly-lopez-tadej-pogacar.webp\" alt=\"Tadej Poga\u010dar\" width=\"1000\" height=\"667\" srcset=\"https:\/\/d2p6e6u75xmxt8.cloudfront.net\/13\/2024\/07\/best-off-charly-lopez-tadej-pogacar.webp 1000w, https:\/\/d2p6e6u75xmxt8.cloudfront.net\/13\/2024\/07\/best-off-charly-lopez-tadej-pogacar-300x200.webp 300w, https:\/\/d2p6e6u75xmxt8.cloudfront.net\/13\/2024\/07\/best-off-charly-lopez-tadej-pogacar-768x512.webp 768w, https:\/\/d2p6e6u75xmxt8.cloudfront.net\/13\/2024\/07\/best-off-charly-lopez-tadej-pogacar-400x267.webp 400w, https:\/\/d2p6e6u75xmxt8.cloudfront.net\/13\/2024\/07\/best-off-charly-lopez-tadej-pogacar-272x182.webp 272w\" sizes=\"auto, (max-width: 1000px) 100vw, 1000px\" \/><\/a><figcaption id=\"caption-attachment-26533\" class=\"wp-caption-text\"><em>Tadej Poga\u010dar jede pro v\u00edt\u011bzstv\u00ed ve 14. etap\u011b Tour de France 2024. Foto: A.S.O.\/Charly Lopez (3x)<\/em><\/figcaption><\/figure>\n<p>&#8222;Jestli to n\u011bkdo m\u016f\u017ee dok\u00e1zat, tak pr\u00e1v\u011b Tadej,&#8220; p\u0159em\u00edtal v p\u0159edstihu Alberto Contador, koment\u00e1tor Eurosportu, kdy\u017e v dubnu dorazil do \u010ceska na prohl\u00eddku trasy z\u00e1vodu L\u2019Etape Czech Republic by Tour de France, jej\u00edm\u017e ambasadorem pro leto\u0161ek byl.<\/p>\n<p>Slovinec v\u0161ak v\u0161em vyrazil dech. Giro ovl\u00e1dl bez \u010dty\u0159 sekund o deset minut, co\u017e byla pro zbytek pelotonu zd\u00e1nliv\u011b naprosto ostudn\u00e1 vizitka. Ov\u0161em Tour de France opanoval s n\u00e1skokem 6:17 minuty, co\u017e v\u0161e stav\u00ed do jin\u00e9ho sv\u011btla. Ukazuje to v\u00fdjime\u010dnost l\u00eddra formace UAE Emirates. Je na jin\u00e9 \u00farovni. Jedin\u00fd \u010dlov\u011bk s nim cht\u011bl bojovat. Jonas Vingegaard z Visma Lease a Bike jej jednou porazil, nicm\u00e9n\u011b v kone\u010dn\u00e9m \u00fa\u010dtov\u00e1n\u00ed obh\u00e1jce prvenstv\u00ed dramaticky zaostal.<\/p>\n<h2><strong>Jen Jonas Vingegaard se pokusil o odpor<\/strong><\/h2>\n<p>Opakovala se lo\u0148sk\u00e1 situace, jen v obr\u00e1cen\u00e9m gardu. Tehdy se musel Tadej Poga\u010dar vypo\u0159\u00e1dat s n\u00e1sledky t\u011b\u017ek\u00e9ho zran\u011bn\u00ed p\u0159i Monumentu Lutych-Bastogne-Lutych a doplatil na tr\u00e9ninkov\u00fd v\u00fdpadek. Letos bojoval s n\u00e1sledky t\u011b\u017ek\u00e9ho zran\u011bn\u00ed Jonas Vingegaard, kter\u00fd p\u0159i etap\u00e1ku v Baskicku utrp\u011bl n\u011bkolik zlomenin a m\u011bl protr\u017eenou pl\u00edci.\u00a0&#8222;U\u017e jenom \u00fa\u010dast na Tour de France pro m\u011b byla v\u00edt\u011bzstv\u00edm,&#8220; p\u0159ipom\u00ednal borec, \u017ee str\u00e1vil dvan\u00e1ct dn\u016f na jednotce intenzivn\u00ed p\u00e9\u010de a vypadl na t\u00e9m\u011b\u0159 t\u0159i t\u00fddny z intenzivn\u00edho tr\u00e9ninku. Kdy\u017e mu Tadej Poga\u010dar vyfouknul triumf ve dvac\u00e1t\u00e9 etap\u011b, ani se nezlobil. &#8222;Ud\u011blal bych to sam\u00e9,&#8220; p\u0159iznal sportovn\u011b.<\/p>\n<p><a href=\"https:\/\/d2p6e6u75xmxt8.cloudfront.net\/13\/2024\/07\/best-off-fanousci-billy-ceuster-pogacar.webp\"><img loading=\"lazy\" decoding=\"async\" class=\"alignnone size-full wp-image-26526\" src=\"https:\/\/d2p6e6u75xmxt8.cloudfront.net\/13\/2024\/07\/best-off-fanousci-billy-ceuster-pogacar.webp\" alt=\"\" width=\"1000\" height=\"667\" srcset=\"https:\/\/d2p6e6u75xmxt8.cloudfront.net\/13\/2024\/07\/best-off-fanousci-billy-ceuster-pogacar.webp 1000w, https:\/\/d2p6e6u75xmxt8.cloudfront.net\/13\/2024\/07\/best-off-fanousci-billy-ceuster-pogacar-300x200.webp 300w, https:\/\/d2p6e6u75xmxt8.cloudfront.net\/13\/2024\/07\/best-off-fanousci-billy-ceuster-pogacar-768x512.webp 768w, https:\/\/d2p6e6u75xmxt8.cloudfront.net\/13\/2024\/07\/best-off-fanousci-billy-ceuster-pogacar-400x267.webp 400w, https:\/\/d2p6e6u75xmxt8.cloudfront.net\/13\/2024\/07\/best-off-fanousci-billy-ceuster-pogacar-272x182.webp 272w\" sizes=\"auto, (max-width: 1000px) 100vw, 1000px\" \/><\/a><\/p>\n<p>Pouze sedm cyklist\u016f v historii dok\u00e1zalo vyhr\u00e1t Giro a Tour de France b\u011bhem jedin\u00e9 sezony. Ital Fasto Coppi (1949, 1952), Francouz Jacques Anquetil (1964), Belgi\u010dan <a href=\"https:\/\/www.procyclingstats.com\/rider\/eddy-merckx\">Eddy Merckx<\/a> (1970, 1972, 1974), Francouz Bernard Hinault (1982, 1985), Ir Stephen Roche (1987), \u0160pan\u011bl Miguel Indurain (1992, 1993) a Ital Marco Pantani (1998).<\/p>\n<div class=\"shortcode-ys-post-pinup\"><article class=\"loop-simple post-26487 post type-post status-publish format-standard has-post-thumbnail hentry category-zdravi-a-trenink tag-cyklistika tag-doping tag-doping-a-cyklistika tag-doping-na-tour-de-france tag-hemoglobin tag-jonas-vingegaard tag-oxid-uhelnaty tag-rebreathing tag-silnicni-cyklistika tag-tadej-pogacar tag-tour-de-france tag-tour-de-france-2024 global-categories-cycling\" data-postid=\"26487\" role=\"article\" data-post-id=\"26487\" data-word-count=\"628\" data-headline-length=\"83\" data-category=\"Zdrav\u00ed a tr\u00e9nink\" data-global-category=\"Cycling\" data-author=\"Radek Malina\" data-published=\"2024-07-18T18:43:53+02:00\" data-published-day=\"Thursday\">\n    <div class=\"entry-thumbnail article-thumbnail\" content=\"https:\/\/d2p6e6u75xmxt8.cloudfront.net\/13\/2024\/07\/20240714TDF0005-A.S.O._Billy_Ceusters-1-150x150.webp\"><a href=\"https:\/\/www.welovecycling.com\/cs\/2024\/07\/18\/oxid-uhelnaty-jako-doping-tadej-pogacar-a-jonas-vingegaard-obvineni-odmitaji\/\" class=\"image-holder\" target=\"_self\"><img decoding=\"async\" loading=\"lazy\" class=\"\" src=\"https:\/\/d2p6e6u75xmxt8.cloudfront.net\/13\/2024\/07\/20240714TDF0005-A.S.O._Billy_Ceusters-1-1024x683.webp\" srcset=\"https:\/\/d2p6e6u75xmxt8.cloudfront.net\/13\/2024\/07\/20240714TDF0005-A.S.O._Billy_Ceusters-1-scaled.webp 2560w, https:\/\/d2p6e6u75xmxt8.cloudfront.net\/13\/2024\/07\/20240714TDF0005-A.S.O._Billy_Ceusters-1-300x200.webp 300w, https:\/\/d2p6e6u75xmxt8.cloudfront.net\/13\/2024\/07\/20240714TDF0005-A.S.O._Billy_Ceusters-1-1024x683.webp 1024w, https:\/\/d2p6e6u75xmxt8.cloudfront.net\/13\/2024\/07\/20240714TDF0005-A.S.O._Billy_Ceusters-1-768x512.webp 768w, https:\/\/d2p6e6u75xmxt8.cloudfront.net\/13\/2024\/07\/20240714TDF0005-A.S.O._Billy_Ceusters-1-1536x1024.webp 1536w, https:\/\/d2p6e6u75xmxt8.cloudfront.net\/13\/2024\/07\/20240714TDF0005-A.S.O._Billy_Ceusters-1-2048x1365.webp 2048w, https:\/\/d2p6e6u75xmxt8.cloudfront.net\/13\/2024\/07\/20240714TDF0005-A.S.O._Billy_Ceusters-1-1920x1280.webp 1920w, https:\/\/d2p6e6u75xmxt8.cloudfront.net\/13\/2024\/07\/20240714TDF0005-A.S.O._Billy_Ceusters-1-400x267.webp 400w, https:\/\/d2p6e6u75xmxt8.cloudfront.net\/13\/2024\/07\/20240714TDF0005-A.S.O._Billy_Ceusters-1-272x182.webp 272w, https:\/\/d2p6e6u75xmxt8.cloudfront.net\/13\/2024\/07\/20240714TDF0005-A.S.O._Billy_Ceusters-1-1920x1280.webp 1920w\" width=\"1024\" height=\"683\" sizes=\"auto, (min-width: 1200px) 300px, (min-width: 768px) 25vw, 100vw\" alt=\"oxid-uhelnaty-jako-doping-tadej-pogacar-a-jonas-vingegaard-obvineni-odmitaji\"\/><\/a><\/div>    <div class=\"entry-meta\">\n        <a class=\"label label-secondary post-category\" href=\"https:\/\/www.welovecycling.com\/cs\/category\/zdravi-a-trenink\/\" title=\"Zdrav\u00ed a tr\u00e9nink\">Zdrav\u00ed a tr\u00e9nink<\/a>\n    <\/div>\n    <div class=\"entry-details\">\n        <a href=\"https:\/\/www.welovecycling.com\/cs\/2024\/07\/18\/oxid-uhelnaty-jako-doping-tadej-pogacar-a-jonas-vingegaard-obvineni-odmitaji\/\" class='entry-title-wrapper'>\n            <h3 class=\"entry-title\"><span>Oxid uhelnat\u00fd jako doping? Tadej Poga\u010dar a Jonas Vingegaard obvin\u011bn\u00ed odm\u00edtaj\u00ed<\/span><\/h3>\n        <\/a>\n    <\/div>\n    <\/article>\n<\/div>\n<p>A jenom dva cyklist\u00e9 v historii maj\u00ed na kont\u011b tzv. trojitou korunu, kter\u00e1 zahrnuje triumf z Gira, Tour a mistrovstv\u00ed sv\u011bta. Stephen Roche v roce 1987 a Eddy Merckx p\u0159esn\u011b p\u0159ed pades\u00e1ti lety, v sezon\u011b 1974.<\/p>\n<figure id=\"attachment_26513\" aria-describedby=\"caption-attachment-26513\" style=\"width: 1920px\" class=\"wp-caption alignnone\"><a href=\"https:\/\/d2p6e6u75xmxt8.cloudfront.net\/13\/2024\/07\/20240710TDF0037-A.S.O.-Billy-Ceusters-1-scaled.webp\"><img loading=\"lazy\" decoding=\"async\" class=\"size-extra-large wp-image-26513\" src=\"https:\/\/d2p6e6u75xmxt8.cloudfront.net\/13\/2024\/07\/20240710TDF0037-A.S.O.-Billy-Ceusters-1-1920x1281.webp\" alt=\"Biniam Girmay v zelen\u00e9m trikotu l\u00eddra bodovac\u00ed sout\u011b\u017ee \u0160koda Auto a Tadej Poga\u010dar coby l\u00eddr Tour de France 2024. Foto: A.S.O.\/Billy Ceusters\" width=\"1920\" height=\"1281\" srcset=\"https:\/\/d2p6e6u75xmxt8.cloudfront.net\/13\/2024\/07\/20240710TDF0037-A.S.O.-Billy-Ceusters-1-1920x1281.webp 1920w, https:\/\/d2p6e6u75xmxt8.cloudfront.net\/13\/2024\/07\/20240710TDF0037-A.S.O.-Billy-Ceusters-1-300x200.webp 300w, https:\/\/d2p6e6u75xmxt8.cloudfront.net\/13\/2024\/07\/20240710TDF0037-A.S.O.-Billy-Ceusters-1-1024x683.webp 1024w, https:\/\/d2p6e6u75xmxt8.cloudfront.net\/13\/2024\/07\/20240710TDF0037-A.S.O.-Billy-Ceusters-1-768x513.webp 768w, https:\/\/d2p6e6u75xmxt8.cloudfront.net\/13\/2024\/07\/20240710TDF0037-A.S.O.-Billy-Ceusters-1-1536x1025.webp 1536w, https:\/\/d2p6e6u75xmxt8.cloudfront.net\/13\/2024\/07\/20240710TDF0037-A.S.O.-Billy-Ceusters-1-2048x1367.webp 2048w, https:\/\/d2p6e6u75xmxt8.cloudfront.net\/13\/2024\/07\/20240710TDF0037-A.S.O.-Billy-Ceusters-1-400x267.webp 400w, https:\/\/d2p6e6u75xmxt8.cloudfront.net\/13\/2024\/07\/20240710TDF0037-A.S.O.-Billy-Ceusters-1-272x182.webp 272w, https:\/\/d2p6e6u75xmxt8.cloudfront.net\/13\/2024\/07\/20240710TDF0037-A.S.O.-Billy-Ceusters-1-1920x1281.webp 1920w\" sizes=\"auto, (max-width: 1920px) 100vw, 1920px\" \/><\/a><figcaption id=\"caption-attachment-26513\" class=\"wp-caption-text\"><em>Biniam Girmay v zelen\u00e9m trikotu l\u00eddra bodovac\u00ed sout\u011b\u017ee \u0160koda Auto a Tadej Poga\u010dar coby l\u00eddr Tour de France 2024. Foto: A.S.O.\/Billy Ceusters<\/em><\/figcaption><\/figure>\n<p>Pr\u00e1v\u011b k belgick\u00e9mu &#8222;kanibalovi&#8220;, jak zn\u011bla p\u0159ezd\u00edvka Merckxe, je Tadej Poga\u010dar \u010dasto p\u0159irovn\u00e1v\u00e1n. Zejm\u00e9na proto, \u017ee nemilosrdn\u011b vyu\u017e\u00edv\u00e1 ka\u017edou p\u0159\u00edle\u017eitost k v\u00edt\u011bzstv\u00ed. &#8222;Cyklistika je sport, jeho\u017e smyslem je v\u00edt\u011bzstv\u00ed. Chcete vyhr\u00e1vat. Mus\u00edte vyhr\u00e1vat. Jsem placen\u00fd, abych vyhr\u00e1val,&#8220; pokr\u010dil rameny Tadej Poga\u010dar, kdy\u017e obhajoval svoji spanilou j\u00edzdu Tour de France 2024.<\/p>\n<p>\u0160est etap na Tour de France dok\u00e1zal naposledy vyhr\u00e1t Mark Cavendish v roce 2009. Tehdy se v\u0161ak jednalo \u010dist\u011b o sprintersk\u00e9 etapy. Posledn\u00edm mu\u017eem, kter\u00fd ovl\u00e1dl \u0161est etap a slavil celkov\u00fd triumf byl Bernard Hinault v roce 1979.<\/p>\n<p>&#8222;V cyklistice se nebrzd\u00ed. Pokud se naskytne \u0161ance, mus\u00edte jet pro v\u00edt\u011bzstv\u00ed,&#8220; pronesl jednozna\u010dn\u011b Tadej Poga\u010dar, kter\u00fd je prvn\u00edm cyklistou historie, kter\u00fd vyhr\u00e1l t\u0159i etapy v \u0159ad\u011b a ne\u0161lo o sprintersk\u00e9 dojezdy.<\/p>\n<h2><strong>Dal\u0161\u00edm c\u00edlem je mistrovstv\u00ed sv\u011bta<\/strong><\/h2>\n<p>V\u0161ichni v pelotonu rozhodn\u011b nejsou po\u010d\u00edn\u00e1n\u00edm Slovince nad\u0161en\u00ed. A oz\u00fdvaj\u00ed se i kritici z \u0159ad b\u00fdval\u00fdch cyklist\u016f. &#8222;Cyklistika je jin\u00fd sport ne\u017e ostatn\u00ed. Je to sp\u00ed\u0161e politick\u00e1 kampa\u0148. Nen\u00ed p\u011bkn\u00e9 br\u00e1t ostatn\u00edm v\u00edt\u011bzstv\u00ed. Mysl\u00edm, \u017ee Tadej Poga\u010dar ud\u011blal nejv\u011bt\u0161\u00ed chybu kari\u00e9ry, kdy\u017e vyhr\u00e1l etapy, kter\u00e9 nemusel. Nem\u011bl d\u00e1vat lidem z\u00e1minku, aby ho nesn\u00e1\u0161eli. Zbyte\u010dn\u011b si vytvo\u0159il dal\u0161\u00ed nep\u0159\u00e1tele,&#8220; prohl\u00e1sil kup\u0159\u00edkladu Lance Armstrong, b\u00fdval\u00fd cyklista a sedmin\u00e1sobn\u00fd v\u00edt\u011bz Tour de France, kter\u00fd v\u0161ak o v\u0161echny celkov\u00e1 prvenstv\u00ed i dvaadvacet etapov\u00fdch p\u0159i\u0161el po p\u0159izn\u00e1n\u00ed k dopingu.<\/p>\n<p><a href=\"https:\/\/d2p6e6u75xmxt8.cloudfront.net\/13\/2024\/07\/best-off-pogacar-charly-lopez.webp\"><img loading=\"lazy\" decoding=\"async\" class=\"alignnone size-full wp-image-26536\" src=\"https:\/\/d2p6e6u75xmxt8.cloudfront.net\/13\/2024\/07\/best-off-pogacar-charly-lopez.webp\" alt=\"\" width=\"1000\" height=\"666\" srcset=\"https:\/\/d2p6e6u75xmxt8.cloudfront.net\/13\/2024\/07\/best-off-pogacar-charly-lopez.webp 1000w, https:\/\/d2p6e6u75xmxt8.cloudfront.net\/13\/2024\/07\/best-off-pogacar-charly-lopez-300x200.webp 300w, https:\/\/d2p6e6u75xmxt8.cloudfront.net\/13\/2024\/07\/best-off-pogacar-charly-lopez-768x511.webp 768w, https:\/\/d2p6e6u75xmxt8.cloudfront.net\/13\/2024\/07\/best-off-pogacar-charly-lopez-400x266.webp 400w, https:\/\/d2p6e6u75xmxt8.cloudfront.net\/13\/2024\/07\/best-off-pogacar-charly-lopez-272x182.webp 272w\" sizes=\"auto, (max-width: 1000px) 100vw, 1000px\" \/><\/a><\/p>\n<p>&#8222;Jde o instinkt,&#8220; h\u00e1jil se Tadej Poga\u010dar, kter\u00fd jist\u011b bude v budoucnosti sb\u00edrat i dal\u0161\u00ed v\u00edt\u011bzstv\u00ed. A je velmi pravd\u011bpodobn\u00e9, \u017ee jednou p\u0159ekon\u00e1 i rekord Marka Cavendishe v po\u010dtu p\u011btat\u0159iceti etapov\u00fdch v\u00edt\u011bzstv\u00ed na Tour de France.<\/p>\n<p>Je stoprocentn\u00ed, \u017ee rozesmutn\u00ed je\u0161t\u011b mnoho dal\u0161\u00edch cyklist\u016f. Dost mo\u017en\u00e1 u\u017e b\u011bhem nadch\u00e1zej\u00edc\u00ed olympi\u00e1dy v Pa\u0159\u00ed\u017ei \u010di n\u00e1sledn\u011b p\u0159i mistrovstv\u00ed sv\u011bta ve \u0160v\u00fdcarsku, kde chce zkompletovat triple crown.<\/p>\n<div class=\"shortcode-ys-post-pinup\"><article class=\"loop-simple post-26337 post type-post status-publish format-standard has-post-thumbnail hentry category-tour-de-france tag-chris-froome tag-cyklistika tag-financni-odmeny tag-jasper-philipsen tag-jonas-vingegaard tag-mathieu-van-der-poel tag-mzda tag-mzdy-cyklistu tag-plat tag-plat-cyklistu tag-plat-ve-world-tour tag-primoz-roglic tag-remco-evenepoel tag-silnicni-cyklistika tag-tadej-pogacar tag-tour-de-france tag-tour-de-france-2024 tag-wout-van-aert global-categories-cycling\" data-postid=\"26337\" role=\"article\" data-post-id=\"26337\" data-word-count=\"789\" data-headline-length=\"79\" data-category=\"Tour de France\" data-global-category=\"Cycling\" data-author=\"We Love Cycling\" data-published=\"2024-07-13T14:01:09+02:00\" data-published-day=\"Saturday\">\n    <div class=\"entry-thumbnail article-thumbnail\" content=\"https:\/\/d2p6e6u75xmxt8.cloudfront.net\/13\/2024\/07\/20240709TDF1078-A.S.O._Charly_Lopez-150x150.webp\"><a href=\"https:\/\/www.welovecycling.com\/cs\/2024\/07\/13\/kdo-je-nejlepe-placeny-jezdec-na-tour-de-france-a-jaka-je-minimalni-mzda\/\" class=\"image-holder\" target=\"_self\"><img decoding=\"async\" loading=\"lazy\" class=\"\" src=\"https:\/\/d2p6e6u75xmxt8.cloudfront.net\/13\/2024\/07\/20240709TDF1078-A.S.O._Charly_Lopez-1024x682.webp\" srcset=\"https:\/\/d2p6e6u75xmxt8.cloudfront.net\/13\/2024\/07\/20240709TDF1078-A.S.O._Charly_Lopez-scaled.webp 2560w, https:\/\/d2p6e6u75xmxt8.cloudfront.net\/13\/2024\/07\/20240709TDF1078-A.S.O._Charly_Lopez-300x200.webp 300w, https:\/\/d2p6e6u75xmxt8.cloudfront.net\/13\/2024\/07\/20240709TDF1078-A.S.O._Charly_Lopez-1024x682.webp 1024w, https:\/\/d2p6e6u75xmxt8.cloudfront.net\/13\/2024\/07\/20240709TDF1078-A.S.O._Charly_Lopez-768x512.webp 768w, https:\/\/d2p6e6u75xmxt8.cloudfront.net\/13\/2024\/07\/20240709TDF1078-A.S.O._Charly_Lopez-1536x1023.webp 1536w, https:\/\/d2p6e6u75xmxt8.cloudfront.net\/13\/2024\/07\/20240709TDF1078-A.S.O._Charly_Lopez-2048x1365.webp 2048w, https:\/\/d2p6e6u75xmxt8.cloudfront.net\/13\/2024\/07\/20240709TDF1078-A.S.O._Charly_Lopez-1920x1279.webp 1920w, https:\/\/d2p6e6u75xmxt8.cloudfront.net\/13\/2024\/07\/20240709TDF1078-A.S.O._Charly_Lopez-400x267.webp 400w, https:\/\/d2p6e6u75xmxt8.cloudfront.net\/13\/2024\/07\/20240709TDF1078-A.S.O._Charly_Lopez-272x182.webp 272w, https:\/\/d2p6e6u75xmxt8.cloudfront.net\/13\/2024\/07\/20240709TDF1078-A.S.O._Charly_Lopez-1920x1279.webp 1920w\" width=\"1024\" height=\"682\" sizes=\"auto, (min-width: 1200px) 300px, (min-width: 768px) 25vw, 100vw\" alt=\"kdo-je-nejlepe-placeny-jezdec-na-tour-de-france-a-jaka-je-minimalni-mzda\"\/><\/a><\/div>    <div class=\"entry-meta\">\n        <a class=\"label label-secondary post-category\" href=\"https:\/\/www.welovecycling.com\/cs\/category\/tour-de-france\/\" title=\"Tour de France\">Tour de France<\/a>\n    <\/div>\n    <div class=\"entry-details\">\n        <a href=\"https:\/\/www.welovecycling.com\/cs\/2024\/07\/13\/kdo-je-nejlepe-placeny-jezdec-na-tour-de-france-a-jaka-je-minimalni-mzda\/\" class='entry-title-wrapper'>\n            <h3 class=\"entry-title\"><span>Kdo je nejl\u00e9pe placen\u00fd jezdec na Tour de France? A jak\u00e1 je minim\u00e1ln\u00ed mzda?<\/span><\/h3>\n        <\/a>\n    <\/div>\n    <\/article>\n<\/div>\n<p>&#8222;M\u011bli by br\u00e1t jako v\u00fdsadu, \u017ee mohou s Tadejem z\u00e1vodit. Je to nejlep\u0161\u00ed cyklista sou\u010dasn\u00e9 generace a jeden z nejlep\u0161\u00edch cyklist\u016f historie, dost mo\u017en\u00e1 v\u016fbec nejlep\u0161\u00ed,&#8220; konej\u0161il v\u0161echny pora\u017een\u00e9 Alberto Contador faktem, \u017ee <a href=\"https:\/\/www.welovecycling.com\/cs\/2024\/07\/16\/jak-vypada-regenerace-na-tour-de-france-a-proc-si-tadej-pogacar-vozi-vanu\/\">Tadej Poga\u010dar<\/a> je prost\u011b v\u00fdjime\u010dn\u00fd.<\/p>\n<p>A za tuhle v\u00fdjime\u010dnost je kr\u00e1lovsky odm\u011bn\u011bn. S platem \u0161est milion\u016f eur ro\u010dn\u011b je na <a href=\"https:\/\/www.welovecycling.com\/cs\/2024\/07\/13\/kdo-je-nejlepe-placeny-jezdec-na-tour-de-france-a-jaka-je-minimalni-mzda\/\">\u010dele pomysln\u00e9ho finan\u010dn\u00edho \u017eeb\u0159\u00ed\u010dku pelotonu<\/a>. \u0158e\u010d je p\u0159itom pouze o samotn\u00e9 g\u00e1\u017ei bez bonos\u016f za triumfy v z\u00e1vodech, jako jsou pr\u00e1v\u011b Giro \u010di Tour de France&#8230;<\/p>\n<p><em><strong>Tituln\u00ed foto: profimedia<\/strong><\/em><\/p>\n","protected":false},"excerpt":{"rendered":"<p>P\u00ed\u0161e d\u011bjiny cyklistiky. Tadej Poga\u010dar z t\u00fdmu UAE Emirates dok\u00e1zal vyhr\u00e1t Tour de France 2024, kdy\u017e jen o p\u00e1r t\u00fddn\u016f [&hellip;]<\/p>\n","protected":false},"author":138,"featured_media":26554,"comment_status":"open","ping_status":"open","sticky":false,"template":"","format":"standard","meta":{"footnotes":""},"categories":[1711],"tags":[126,3705,502,23,3276,3473,1148],"global-categories":[411],"class_list":["post-26556","post","type-post","status-publish","format-standard","has-post-thumbnail","hentry","category-tour-de-france","tag-cyklistika","tag-double-giro-tour","tag-tadej-pogacar","tag-tour-de-france","tag-tour-de-france-2024","tag-triple-crown","tag-uae-emirates-team","global-categories-cycling"],"yoast_head":"<!-- This site is optimized with the Yoast SEO Premium plugin v25.3 (Yoast SEO v25.9) - https:\/\/yoast.com\/wordpress\/plugins\/seo\/ -->\n<title>Plat\u00ed mi, abych vyhr\u00e1val, h\u00e1j\u00ed se kanibal Tadej Poga\u010dar po t\u0159et\u00edm triumfu na Tour de France | \u0160koda We Love Cycling - \u010cesk\u00e1 republika<\/title>\n<meta name=\"description\" content=\"P\u00ed\u0161e d\u011bjiny cyklistiky. Tadej Poga\u010dar z t\u00fdmu UAE Emirates dok\u00e1zal vyhr\u00e1t Tour de France 2024, kdy\u017e jen o p\u00e1r t\u00fddn\u016f d\u0159\u00edve ovl\u00e1dl italsk\u00e9 Giro. Dv\u011b \u00favodn\u00ed Grand Tour sezony naposledy vyhr\u00e1l Marco Pantani v roce 1998. Slovinsk\u00fd fenom\u00e9n v\u00fdjime\u010dn\u00fd v\u00fdkon vy\u0161perkoval jeden\u00e1cti etapov\u00fdmi v\u00fdhrami. P\u011bt triumf\u016f v horsk\u00fdch etap\u00e1ch na Grande Boucle je naprosto neuv\u011b\u0159iteln\u00fdch. Dal\u0161\u00edch \u0161est d\u00edl\u010d\u00edch prvenstv\u00ed bral na italsk\u00e9m Giru.\" \/>\n<meta name=\"robots\" content=\"index, follow, max-snippet:-1, max-image-preview:large, max-video-preview:-1\" \/>\n<link rel=\"canonical\" href=\"https:\/\/www.welovecycling.com\/cs\/2024\/07\/21\/plati-mi-abych-vyhraval-haji-se-kanibal-tadej-pogacar\/\" \/>\n<meta property=\"og:locale\" content=\"cs_CZ\" \/>\n<meta property=\"og:type\" content=\"article\" \/>\n<meta property=\"og:title\" content=\"Plat\u00ed mi, abych vyhr\u00e1val, h\u00e1j\u00ed se kanibal Tadej Poga\u010dar po t\u0159et\u00edm triumfu na Tour de France\" \/>\n<meta property=\"og:description\" content=\"P\u00ed\u0161e d\u011bjiny cyklistiky. Tadej Poga\u010dar z t\u00fdmu UAE Emirates dok\u00e1zal vyhr\u00e1t Tour de France 2024, kdy\u017e jen o p\u00e1r t\u00fddn\u016f d\u0159\u00edve ovl\u00e1dl italsk\u00e9 Giro. Dv\u011b \u00favodn\u00ed Grand Tour sezony naposledy vyhr\u00e1l Marco Pantani v roce 1998. Slovinsk\u00fd fenom\u00e9n v\u00fdjime\u010dn\u00fd v\u00fdkon vy\u0161perkoval jeden\u00e1cti etapov\u00fdmi v\u00fdhrami. P\u011bt triumf\u016f v horsk\u00fdch etap\u00e1ch na Grande Boucle je naprosto neuv\u011b\u0159iteln\u00fdch. Dal\u0161\u00edch \u0161est d\u00edl\u010d\u00edch prvenstv\u00ed bral na italsk\u00e9m Giru.\" \/>\n<meta property=\"og:url\" content=\"https:\/\/www.welovecycling.com\/cs\/2024\/07\/21\/plati-mi-abych-vyhraval-haji-se-kanibal-tadej-pogacar\/\" \/>\n<meta property=\"og:site_name\" content=\"\u0160koda We Love Cycling - \u010cesk\u00e1 republika\" \/>\n<meta property=\"article:published_time\" content=\"2024-07-21T17:40:51+00:00\" \/>\n<meta property=\"article:modified_time\" content=\"2024-07-23T15:28:51+00:00\" \/>\n<meta property=\"og:image\" content=\"https:\/\/d2p6e6u75xmxt8.cloudfront.net\/13\/2024\/07\/profimedia-0891085561.webp\" \/>\n\t<meta property=\"og:image:width\" content=\"1800\" \/>\n\t<meta property=\"og:image:height\" content=\"1132\" \/>\n\t<meta property=\"og:image:type\" content=\"image\/webp\" \/>\n<meta name=\"author\" content=\"radekmalina\" \/>\n<meta name=\"twitter:card\" content=\"summary_large_image\" \/>\n<meta name=\"twitter:label1\" content=\"Written by\" \/>\n\t<meta name=\"twitter:data1\" content=\"We Love Cycling\" \/>\n\t<meta name=\"twitter:label2\" content=\"Est. reading time\" \/>\n\t<meta name=\"twitter:data2\" content=\"6\" \/>\n<script type=\"application\/ld+json\" class=\"yoast-schema-graph\">{\"@context\":\"https:\/\/schema.org\",\"@graph\":[{\"@type\":\"WebPage\",\"@id\":\"https:\/\/www.welovecycling.com\/cs\/2024\/07\/21\/plati-mi-abych-vyhraval-haji-se-kanibal-tadej-pogacar\/\",\"url\":\"https:\/\/www.welovecycling.com\/cs\/2024\/07\/21\/plati-mi-abych-vyhraval-haji-se-kanibal-tadej-pogacar\/\",\"name\":\"Plat\u00ed mi, abych vyhr\u00e1val, h\u00e1j\u00ed se kanibal Tadej Poga\u010dar po t\u0159et\u00edm triumfu na Tour de France | \u0160koda We Love Cycling - \u010cesk\u00e1 republika\",\"isPartOf\":{\"@id\":\"https:\/\/www.welovecycling.com\/cs\/#website\"},\"primaryImageOfPage\":{\"@id\":\"https:\/\/www.welovecycling.com\/cs\/2024\/07\/21\/plati-mi-abych-vyhraval-haji-se-kanibal-tadej-pogacar\/#primaryimage\"},\"image\":{\"@id\":\"https:\/\/www.welovecycling.com\/cs\/2024\/07\/21\/plati-mi-abych-vyhraval-haji-se-kanibal-tadej-pogacar\/#primaryimage\"},\"thumbnailUrl\":\"https:\/\/d2p6e6u75xmxt8.cloudfront.net\/13\/2024\/07\/profimedia-0891085561.webp\",\"datePublished\":\"2024-07-21T17:40:51+00:00\",\"dateModified\":\"2024-07-23T15:28:51+00:00\",\"author\":{\"@id\":\"https:\/\/www.welovecycling.com\/cs\/#\/schema\/person\/d9eeb0a378f3a7e4a6d12d2b536b04b8\"},\"description\":\"P\u00ed\u0161e d\u011bjiny cyklistiky. Tadej Poga\u010dar z t\u00fdmu UAE Emirates dok\u00e1zal vyhr\u00e1t Tour de France 2024, kdy\u017e jen o p\u00e1r t\u00fddn\u016f d\u0159\u00edve ovl\u00e1dl italsk\u00e9 Giro. Dv\u011b \u00favodn\u00ed Grand Tour sezony naposledy vyhr\u00e1l Marco Pantani v roce 1998. Slovinsk\u00fd fenom\u00e9n v\u00fdjime\u010dn\u00fd v\u00fdkon vy\u0161perkoval jeden\u00e1cti etapov\u00fdmi v\u00fdhrami. P\u011bt triumf\u016f v horsk\u00fdch etap\u00e1ch na Grande Boucle je naprosto neuv\u011b\u0159iteln\u00fdch. Dal\u0161\u00edch \u0161est d\u00edl\u010d\u00edch prvenstv\u00ed bral na italsk\u00e9m Giru.\",\"inLanguage\":\"cs\",\"potentialAction\":[{\"@type\":\"ReadAction\",\"target\":[\"https:\/\/www.welovecycling.com\/cs\/2024\/07\/21\/plati-mi-abych-vyhraval-haji-se-kanibal-tadej-pogacar\/\"]}]},{\"@type\":\"ImageObject\",\"inLanguage\":\"cs\",\"@id\":\"https:\/\/www.welovecycling.com\/cs\/2024\/07\/21\/plati-mi-abych-vyhraval-haji-se-kanibal-tadej-pogacar\/#primaryimage\",\"url\":\"https:\/\/d2p6e6u75xmxt8.cloudfront.net\/13\/2024\/07\/profimedia-0891085561.webp\",\"contentUrl\":\"https:\/\/d2p6e6u75xmxt8.cloudfront.net\/13\/2024\/07\/profimedia-0891085561.webp\",\"width\":1800,\"height\":1132,\"caption\":\"Tadej Poga\u010dar oslavuje v\u00edt\u011bzstv\u00ed na Tour de France.\"},{\"@type\":\"WebSite\",\"@id\":\"https:\/\/www.welovecycling.com\/cs\/#website\",\"url\":\"https:\/\/www.welovecycling.com\/cs\/\",\"name\":\"\u0160koda We Love Cycling - \u010cesk\u00e1 republika\",\"description\":\"WeLoveCycling.cz je online magaz\u00edn, kter\u00fd v\u00e1m pravideln\u011b p\u0159in\u00e1\u0161\u00ed rady a tipy, zaj\u00edmav\u00e9 \u010dl\u00e1nky, videa a jedine\u010dn\u00e9 report\u00e1\u017ee ze sv\u011bta cyklistiky.\",\"potentialAction\":[{\"@type\":\"SearchAction\",\"target\":{\"@type\":\"EntryPoint\",\"urlTemplate\":\"https:\/\/www.welovecycling.com\/cs\/?s={search_term_string}\"},\"query-input\":{\"@type\":\"PropertyValueSpecification\",\"valueRequired\":true,\"valueName\":\"search_term_string\"}}],\"inLanguage\":\"cs\"},{\"@type\":\"Person\",\"@id\":\"https:\/\/www.welovecycling.com\/cs\/#\/schema\/person\/d9eeb0a378f3a7e4a6d12d2b536b04b8\",\"name\":\"radekmalina\",\"image\":{\"@type\":\"ImageObject\",\"inLanguage\":\"cs\",\"@id\":\"https:\/\/www.welovecycling.com\/cs\/#\/schema\/person\/image\/\",\"url\":\"https:\/\/secure.gravatar.com\/avatar\/66994b632cb8c39a46b9f54afa3ae07201b678d32a54275b6f1c9ffec356bfc0?s=96&d=mm&r=g\",\"contentUrl\":\"https:\/\/secure.gravatar.com\/avatar\/66994b632cb8c39a46b9f54afa3ae07201b678d32a54275b6f1c9ffec356bfc0?s=96&d=mm&r=g\",\"caption\":\"radekmalina\"},\"url\":\"https:\/\/www.welovecycling.com\/cs\/author\/radekmalina\/\"}]}<\/script>\n<!-- \/ Yoast SEO Premium plugin. -->","yoast_head_json":{"title":"Plat\u00ed mi, abych vyhr\u00e1val, h\u00e1j\u00ed se kanibal Tadej Poga\u010dar po t\u0159et\u00edm triumfu na Tour de France | \u0160koda We Love Cycling - \u010cesk\u00e1 republika","description":"P\u00ed\u0161e d\u011bjiny cyklistiky. Tadej Poga\u010dar z t\u00fdmu UAE Emirates dok\u00e1zal vyhr\u00e1t Tour de France 2024, kdy\u017e jen o p\u00e1r t\u00fddn\u016f d\u0159\u00edve ovl\u00e1dl italsk\u00e9 Giro. Dv\u011b \u00favodn\u00ed Grand Tour sezony naposledy vyhr\u00e1l Marco Pantani v roce 1998. Slovinsk\u00fd fenom\u00e9n v\u00fdjime\u010dn\u00fd v\u00fdkon vy\u0161perkoval jeden\u00e1cti etapov\u00fdmi v\u00fdhrami. P\u011bt triumf\u016f v horsk\u00fdch etap\u00e1ch na Grande Boucle je naprosto neuv\u011b\u0159iteln\u00fdch. Dal\u0161\u00edch \u0161est d\u00edl\u010d\u00edch prvenstv\u00ed bral na italsk\u00e9m Giru.","robots":{"index":"index","follow":"follow","max-snippet":"max-snippet:-1","max-image-preview":"max-image-preview:large","max-video-preview":"max-video-preview:-1"},"canonical":"https:\/\/www.welovecycling.com\/cs\/2024\/07\/21\/plati-mi-abych-vyhraval-haji-se-kanibal-tadej-pogacar\/","og_locale":"cs_CZ","og_type":"article","og_title":"Plat\u00ed mi, abych vyhr\u00e1val, h\u00e1j\u00ed se kanibal Tadej Poga\u010dar po t\u0159et\u00edm triumfu na Tour de France","og_description":"P\u00ed\u0161e d\u011bjiny cyklistiky. Tadej Poga\u010dar z t\u00fdmu UAE Emirates dok\u00e1zal vyhr\u00e1t Tour de France 2024, kdy\u017e jen o p\u00e1r t\u00fddn\u016f d\u0159\u00edve ovl\u00e1dl italsk\u00e9 Giro. Dv\u011b \u00favodn\u00ed Grand Tour sezony naposledy vyhr\u00e1l Marco Pantani v roce 1998. Slovinsk\u00fd fenom\u00e9n v\u00fdjime\u010dn\u00fd v\u00fdkon vy\u0161perkoval jeden\u00e1cti etapov\u00fdmi v\u00fdhrami. P\u011bt triumf\u016f v horsk\u00fdch etap\u00e1ch na Grande Boucle je naprosto neuv\u011b\u0159iteln\u00fdch. Dal\u0161\u00edch \u0161est d\u00edl\u010d\u00edch prvenstv\u00ed bral na italsk\u00e9m Giru.","og_url":"https:\/\/www.welovecycling.com\/cs\/2024\/07\/21\/plati-mi-abych-vyhraval-haji-se-kanibal-tadej-pogacar\/","og_site_name":"\u0160koda We Love Cycling - \u010cesk\u00e1 republika","article_published_time":"2024-07-21T17:40:51+00:00","article_modified_time":"2024-07-23T15:28:51+00:00","og_image":[{"width":1800,"height":1132,"url":"https:\/\/d2p6e6u75xmxt8.cloudfront.net\/13\/2024\/07\/profimedia-0891085561.webp","type":"image\/webp"}],"author":"radekmalina","twitter_card":"summary_large_image","twitter_misc":{"Written by":"We Love Cycling","Est. reading time":"6"},"schema":{"@context":"https:\/\/schema.org","@graph":[{"@type":"WebPage","@id":"https:\/\/www.welovecycling.com\/cs\/2024\/07\/21\/plati-mi-abych-vyhraval-haji-se-kanibal-tadej-pogacar\/","url":"https:\/\/www.welovecycling.com\/cs\/2024\/07\/21\/plati-mi-abych-vyhraval-haji-se-kanibal-tadej-pogacar\/","name":"Plat\u00ed mi, abych vyhr\u00e1val, h\u00e1j\u00ed se kanibal Tadej Poga\u010dar po t\u0159et\u00edm triumfu na Tour de France | \u0160koda We Love Cycling - \u010cesk\u00e1 republika","isPartOf":{"@id":"https:\/\/www.welovecycling.com\/cs\/#website"},"primaryImageOfPage":{"@id":"https:\/\/www.welovecycling.com\/cs\/2024\/07\/21\/plati-mi-abych-vyhraval-haji-se-kanibal-tadej-pogacar\/#primaryimage"},"image":{"@id":"https:\/\/www.welovecycling.com\/cs\/2024\/07\/21\/plati-mi-abych-vyhraval-haji-se-kanibal-tadej-pogacar\/#primaryimage"},"thumbnailUrl":"https:\/\/d2p6e6u75xmxt8.cloudfront.net\/13\/2024\/07\/profimedia-0891085561.webp","datePublished":"2024-07-21T17:40:51+00:00","dateModified":"2024-07-23T15:28:51+00:00","author":{"@id":"https:\/\/www.welovecycling.com\/cs\/#\/schema\/person\/d9eeb0a378f3a7e4a6d12d2b536b04b8"},"description":"P\u00ed\u0161e d\u011bjiny cyklistiky. Tadej Poga\u010dar z t\u00fdmu UAE Emirates dok\u00e1zal vyhr\u00e1t Tour de France 2024, kdy\u017e jen o p\u00e1r t\u00fddn\u016f d\u0159\u00edve ovl\u00e1dl italsk\u00e9 Giro. Dv\u011b \u00favodn\u00ed Grand Tour sezony naposledy vyhr\u00e1l Marco Pantani v roce 1998. Slovinsk\u00fd fenom\u00e9n v\u00fdjime\u010dn\u00fd v\u00fdkon vy\u0161perkoval jeden\u00e1cti etapov\u00fdmi v\u00fdhrami. P\u011bt triumf\u016f v horsk\u00fdch etap\u00e1ch na Grande Boucle je naprosto neuv\u011b\u0159iteln\u00fdch. Dal\u0161\u00edch \u0161est d\u00edl\u010d\u00edch prvenstv\u00ed bral na italsk\u00e9m Giru.","inLanguage":"cs","potentialAction":[{"@type":"ReadAction","target":["https:\/\/www.welovecycling.com\/cs\/2024\/07\/21\/plati-mi-abych-vyhraval-haji-se-kanibal-tadej-pogacar\/"]}]},{"@type":"ImageObject","inLanguage":"cs","@id":"https:\/\/www.welovecycling.com\/cs\/2024\/07\/21\/plati-mi-abych-vyhraval-haji-se-kanibal-tadej-pogacar\/#primaryimage","url":"https:\/\/d2p6e6u75xmxt8.cloudfront.net\/13\/2024\/07\/profimedia-0891085561.webp","contentUrl":"https:\/\/d2p6e6u75xmxt8.cloudfront.net\/13\/2024\/07\/profimedia-0891085561.webp","width":1800,"height":1132,"caption":"Tadej Poga\u010dar oslavuje v\u00edt\u011bzstv\u00ed na Tour de France."},{"@type":"WebSite","@id":"https:\/\/www.welovecycling.com\/cs\/#website","url":"https:\/\/www.welovecycling.com\/cs\/","name":"\u0160koda We Love Cycling - \u010cesk\u00e1 republika","description":"WeLoveCycling.cz je online magaz\u00edn, kter\u00fd v\u00e1m pravideln\u011b p\u0159in\u00e1\u0161\u00ed rady a tipy, zaj\u00edmav\u00e9 \u010dl\u00e1nky, videa a jedine\u010dn\u00e9 report\u00e1\u017ee ze sv\u011bta cyklistiky.","potentialAction":[{"@type":"SearchAction","target":{"@type":"EntryPoint","urlTemplate":"https:\/\/www.welovecycling.com\/cs\/?s={search_term_string}"},"query-input":{"@type":"PropertyValueSpecification","valueRequired":true,"valueName":"search_term_string"}}],"inLanguage":"cs"},{"@type":"Person","@id":"https:\/\/www.welovecycling.com\/cs\/#\/schema\/person\/d9eeb0a378f3a7e4a6d12d2b536b04b8","name":"radekmalina","image":{"@type":"ImageObject","inLanguage":"cs","@id":"https:\/\/www.welovecycling.com\/cs\/#\/schema\/person\/image\/","url":"https:\/\/secure.gravatar.com\/avatar\/66994b632cb8c39a46b9f54afa3ae07201b678d32a54275b6f1c9ffec356bfc0?s=96&d=mm&r=g","contentUrl":"https:\/\/secure.gravatar.com\/avatar\/66994b632cb8c39a46b9f54afa3ae07201b678d32a54275b6f1c9ffec356bfc0?s=96&d=mm&r=g","caption":"radekmalina"},"url":"https:\/\/www.welovecycling.com\/cs\/author\/radekmalina\/"}]}},"_links":{"self":[{"href":"https:\/\/www.welovecycling.com\/cs\/wp-json\/wp\/v2\/posts\/26556","targetHints":{"allow":["GET"]}}],"collection":[{"href":"https:\/\/www.welovecycling.com\/cs\/wp-json\/wp\/v2\/posts"}],"about":[{"href":"https:\/\/www.welovecycling.com\/cs\/wp-json\/wp\/v2\/types\/post"}],"author":[{"embeddable":true,"href":"https:\/\/www.welovecycling.com\/cs\/wp-json\/wp\/v2\/users\/138"}],"replies":[{"embeddable":true,"href":"https:\/\/www.welovecycling.com\/cs\/wp-json\/wp\/v2\/comments?post=26556"}],"version-history":[{"count":12,"href":"https:\/\/www.welovecycling.com\/cs\/wp-json\/wp\/v2\/posts\/26556\/revisions"}],"predecessor-version":[{"id":26636,"href":"https:\/\/www.welovecycling.com\/cs\/wp-json\/wp\/v2\/posts\/26556\/revisions\/26636"}],"wp:featuredmedia":[{"embeddable":true,"href":"https:\/\/www.welovecycling.com\/cs\/wp-json\/wp\/v2\/media\/26554"}],"wp:attachment":[{"href":"https:\/\/www.welovecycling.com\/cs\/wp-json\/wp\/v2\/media?parent=26556"}],"wp:term":[{"taxonomy":"category","embeddable":true,"href":"https:\/\/www.welovecycling.com\/cs\/wp-json\/wp\/v2\/categories?post=26556"},{"taxonomy":"post_tag","embeddable":true,"href":"https:\/\/www.welovecycling.com\/cs\/wp-json\/wp\/v2\/tags?post=26556"},{"taxonomy":"global-categories","embeddable":true,"href":"https:\/\/www.welovecycling.com\/cs\/wp-json\/wp\/v2\/global-categories?post=26556"}],"curies":[{"name":"wp","href":"https:\/\/api.w.org\/{rel}","templated":true}]}}