{"id":26494,"date":"2024-07-19T18:00:09","date_gmt":"2024-07-19T16:00:09","guid":{"rendered":"https:\/\/www.welovecycling.com\/cs\/?p=26494"},"modified":"2024-07-19T07:56:35","modified_gmt":"2024-07-19T05:56:35","slug":"co-se-stane-kdyz-ma-cyklista-na-tour-de-france-defekt-jak-funguje-neutralni-podpora","status":"publish","type":"post","link":"https:\/\/www.welovecycling.com\/cs\/2024\/07\/19\/co-se-stane-kdyz-ma-cyklista-na-tour-de-france-defekt-jak-funguje-neutralni-podpora\/","title":{"rendered":"Co se stane, kdy\u017e m\u00e1 cyklista na Tour de France defekt? Jak funguje neutr\u00e1ln\u00ed podpora?"},"content":{"rendered":"<p><strong>Defekt. Ob\u00e1van\u00e9 slovo cyklist\u016f p\u0159i Tour de France. Zejm\u00e9na pokud jsou silni\u010dky \u00fazk\u00e9, lemuj\u00ed je tis\u00edce div\u00e1k\u016f a t\u00fdmov\u00e9 vozidlo je n\u011bkolik minut zp\u011bt. Pak p\u0159ich\u00e1z\u00ed ke slovu neutr\u00e1ln\u00ed podpora. Co se stane, kdy\u017e m\u00e1 cyklista p\u0159i Grande Boucle defekt?<\/strong><\/p>\n<p>N\u011bkdy projedou z\u00e1vodn\u00edci celou etapu a nemaj\u00ed jedin\u00fd technick\u00fd probl\u00e9m. Ov\u0161em jsou dny, kdy na borce v dresech bojuj\u00edc\u00ed s n\u00e1strahami trasy v\u0161echno pad\u00e1. Louis Meintjes z t\u00fdmu Intermarch\u00e9 Wanty se v Pyrenej\u00edch pokou\u0161el dostat do \u00faniku, jen\u017ee doprovodn\u00e9 vozidlo belgick\u00e9ho t\u00fdmu bylo a\u017e za pelotonem. Ne\u017e se cyklistovi z Jihoafrick\u00e9 republiky dostalo technick\u00e9 podpory, bylo po nad\u011bj\u00edch&#8230;<\/p>\n<h2><strong>Pro\u010d je po\u0159ad\u00ed t\u00fdmov\u00e9 sout\u011b\u017ee z\u00e1sadn\u00ed pro doprovodn\u00e9 vozy?<\/strong><\/h2>\n<p>T\u00fdmov\u00e1 vozidla jedou v kolon\u011b za pelotonem a\u017e za autem \u0159editele (rozhod\u010d\u00edho). A v p\u0159\u00edpad\u011b defektu z\u00e1vodn\u00edka \u010dekaj\u00ed sportovn\u00ed \u0159editel\u00e9 s mechanikem ve voze na pokyn \u0159editele z\u00e1vodu, respektive sud\u00edch, kte\u0159\u00ed dovol\u00ed vozidlu p\u0159edj\u00ed\u017ed\u011bt. Auta se toti\u017e nepohybuj\u00ed v kolon\u011b nahodile. Jsou \u0159azena podle po\u0159ad\u00ed v t\u00fdmov\u00e9 sout\u011b\u017ei. Tud\u00ed\u017e v\u00fdsledky i posledn\u00edho domestika t\u00fdmu jsou velice d\u016fle\u017eit\u00e9, proto\u017ee rozd\u00edl mezi t\u0159et\u00edm a dvaadvac\u00e1t\u00fdm m\u00edstem v kolon\u011b m\u016f\u017ee \u010dinit n\u011bkolik des\u00edtek sekund.<\/p>\n<p>I proto se v karavan\u011b Tour de France pohybuje neutr\u00e1ln\u00ed podpora Shimano. T\u00fdm &#8222;modr\u00fdch and\u011bl\u016f&#8220; se v ka\u017ed\u00e9 etap\u011b skl\u00e1d\u00e1 ze t\u0159\u00ed automobil\u016f a jednoho asisten\u010dn\u00edho motocyklu. Prim\u00e1rn\u00edm \u00fa\u010delem neutr\u00e1ln\u00ed podpory je, aby v\u0161ichni jezdci m\u011bli p\u0159\u00edstup k rychl\u00e9 podpo\u0159e a mohli pokra\u010dovat v z\u00e1vod\u011bn\u00ed bez p\u0159\u00edli\u0161n\u00e9ho zdr\u017een\u00ed.<\/p>\n<figure id=\"attachment_26498\" aria-describedby=\"caption-attachment-26498\" style=\"width: 1800px\" class=\"wp-caption alignnone\"><a href=\"https:\/\/d2p6e6u75xmxt8.cloudfront.net\/13\/2024\/07\/profimedia-0854375982.webp\"><img loading=\"lazy\" decoding=\"async\" class=\"size-full wp-image-26498\" src=\"https:\/\/d2p6e6u75xmxt8.cloudfront.net\/13\/2024\/07\/profimedia-0854375982.webp\" alt=\"Defekt na kole m\u016f\u017ee v pelotonu rychle vy\u0159e\u0161it neutr\u00e1ln\u00ed motocykl, kter\u00fd veze rezervn\u00ed kola. Foto: profimedia\" width=\"1800\" height=\"1200\" srcset=\"https:\/\/d2p6e6u75xmxt8.cloudfront.net\/13\/2024\/07\/profimedia-0854375982.webp 1800w, https:\/\/d2p6e6u75xmxt8.cloudfront.net\/13\/2024\/07\/profimedia-0854375982-300x200.webp 300w, https:\/\/d2p6e6u75xmxt8.cloudfront.net\/13\/2024\/07\/profimedia-0854375982-1024x683.webp 1024w, https:\/\/d2p6e6u75xmxt8.cloudfront.net\/13\/2024\/07\/profimedia-0854375982-768x512.webp 768w, https:\/\/d2p6e6u75xmxt8.cloudfront.net\/13\/2024\/07\/profimedia-0854375982-1536x1024.webp 1536w, https:\/\/d2p6e6u75xmxt8.cloudfront.net\/13\/2024\/07\/profimedia-0854375982-400x267.webp 400w, https:\/\/d2p6e6u75xmxt8.cloudfront.net\/13\/2024\/07\/profimedia-0854375982-272x182.webp 272w\" sizes=\"auto, (max-width: 1800px) 100vw, 1800px\" \/><\/a><figcaption id=\"caption-attachment-26498\" class=\"wp-caption-text\"><em>Defekt na kole m\u016f\u017ee v pelotonu rychle vy\u0159e\u0161it neutr\u00e1ln\u00ed motocykl, kter\u00fd veze rezervn\u00ed kola. Foto: profimedia<\/em><\/figcaption><\/figure>\n<p>Motocykl s neutr\u00e1ln\u00ed podporou toti\u017e rozhod\u010d\u00ed pust\u00ed za denn\u00ed \u00fanik d\u0159\u00edve, ne\u017e t\u00fdmov\u00e1 doprovodn\u00e1 vozidla. A v p\u0159\u00edpad\u011b hlavn\u00edho pole se vozidlo s neutr\u00e1ln\u00ed podporou pohybuje hned za vozidlem \u0159editele.<\/p>\n<div class=\"shortcode-ys-post-pinup\"><article class=\"loop-simple post-26337 post type-post status-publish format-standard has-post-thumbnail hentry category-tour-de-france tag-chris-froome tag-cyklistika tag-financni-odmeny tag-jasper-philipsen tag-jonas-vingegaard tag-mathieu-van-der-poel tag-mzda tag-mzdy-cyklistu tag-plat tag-plat-cyklistu tag-plat-ve-world-tour tag-primoz-roglic tag-remco-evenepoel tag-silnicni-cyklistika tag-tadej-pogacar tag-tour-de-france tag-tour-de-france-2024 tag-wout-van-aert global-categories-cycling\" data-postid=\"26337\" role=\"article\" data-post-id=\"26337\" data-word-count=\"789\" data-headline-length=\"79\" data-category=\"Tour de France\" data-global-category=\"Cycling\" data-author=\"We Love Cycling\" data-published=\"2024-07-13T14:01:09+02:00\" data-published-day=\"Saturday\">\n    <div class=\"entry-thumbnail article-thumbnail\" content=\"https:\/\/d2p6e6u75xmxt8.cloudfront.net\/13\/2024\/07\/20240709TDF1078-A.S.O._Charly_Lopez-150x150.webp\"><a href=\"https:\/\/www.welovecycling.com\/cs\/2024\/07\/13\/kdo-je-nejlepe-placeny-jezdec-na-tour-de-france-a-jaka-je-minimalni-mzda\/\" class=\"image-holder\" target=\"_self\"><img decoding=\"async\" loading=\"lazy\" class=\"\" src=\"https:\/\/d2p6e6u75xmxt8.cloudfront.net\/13\/2024\/07\/20240709TDF1078-A.S.O._Charly_Lopez-1024x682.webp\" srcset=\"https:\/\/d2p6e6u75xmxt8.cloudfront.net\/13\/2024\/07\/20240709TDF1078-A.S.O._Charly_Lopez-scaled.webp 2560w, https:\/\/d2p6e6u75xmxt8.cloudfront.net\/13\/2024\/07\/20240709TDF1078-A.S.O._Charly_Lopez-300x200.webp 300w, https:\/\/d2p6e6u75xmxt8.cloudfront.net\/13\/2024\/07\/20240709TDF1078-A.S.O._Charly_Lopez-1024x682.webp 1024w, https:\/\/d2p6e6u75xmxt8.cloudfront.net\/13\/2024\/07\/20240709TDF1078-A.S.O._Charly_Lopez-768x512.webp 768w, https:\/\/d2p6e6u75xmxt8.cloudfront.net\/13\/2024\/07\/20240709TDF1078-A.S.O._Charly_Lopez-1536x1023.webp 1536w, https:\/\/d2p6e6u75xmxt8.cloudfront.net\/13\/2024\/07\/20240709TDF1078-A.S.O._Charly_Lopez-2048x1365.webp 2048w, https:\/\/d2p6e6u75xmxt8.cloudfront.net\/13\/2024\/07\/20240709TDF1078-A.S.O._Charly_Lopez-1920x1279.webp 1920w, https:\/\/d2p6e6u75xmxt8.cloudfront.net\/13\/2024\/07\/20240709TDF1078-A.S.O._Charly_Lopez-400x267.webp 400w, https:\/\/d2p6e6u75xmxt8.cloudfront.net\/13\/2024\/07\/20240709TDF1078-A.S.O._Charly_Lopez-272x182.webp 272w, https:\/\/d2p6e6u75xmxt8.cloudfront.net\/13\/2024\/07\/20240709TDF1078-A.S.O._Charly_Lopez-1920x1279.webp 1920w\" width=\"1024\" height=\"682\" sizes=\"auto, (min-width: 1200px) 300px, (min-width: 768px) 25vw, 100vw\" alt=\"kdo-je-nejlepe-placeny-jezdec-na-tour-de-france-a-jaka-je-minimalni-mzda\"\/><\/a><\/div>    <div class=\"entry-meta\">\n        <a class=\"label label-secondary post-category\" href=\"https:\/\/www.welovecycling.com\/cs\/category\/tour-de-france\/\" title=\"Tour de France\">Tour de France<\/a>\n    <\/div>\n    <div class=\"entry-details\">\n        <a href=\"https:\/\/www.welovecycling.com\/cs\/2024\/07\/13\/kdo-je-nejlepe-placeny-jezdec-na-tour-de-france-a-jaka-je-minimalni-mzda\/\" class='entry-title-wrapper'>\n            <h3 class=\"entry-title\"><span>Kdo je nejl\u00e9pe placen\u00fd jezdec na Tour de France? A jak\u00e1 je minim\u00e1ln\u00ed mzda?<\/span><\/h3>\n        <\/a>\n    <\/div>\n    <\/article>\n<\/div>\n<p>Pravidla jsou jasn\u00e1: v p\u0159\u00edpad\u011b \u00faniku m\u016f\u017ee motocykl Shimano za uprchl\u00edky okam\u017eit\u011b, a kdy\u017e je odstup mezi skupinou a pelotonem v\u011bt\u0161\u00ed ne\u017e 35 sekund, p\u0159ipoj\u00ed se k \u00faniku jeden v\u016fz Shimano. Podp\u016frn\u00fd motocykl se n\u00e1sledn\u011b vrac\u00ed do pelotonu.<\/p>\n<h2><strong>N\u011bkdy z\u00e1vodn\u00edk defekt ani nepost\u0159ehne<\/strong><\/h2>\n<p>Pokud m\u00e1 z\u00e1vodn\u00edk defekt, samotn\u00fd proces v\u00fdm\u011bny nen\u00ed dramaticky slo\u017eit\u00fd. T\u00fdmy pou\u017e\u00edvaj\u00ed sady s pevn\u00fdmi osami, proces nahrazen\u00ed po\u0161kozen\u00e9ho kola s pomoc\u00ed aku \u0161roubov\u00e1ku trv\u00e1 p\u0159ibli\u017en\u011b patn\u00e1ct sekund. V\u011bt\u0161\u00ed probl\u00e9m p\u0159edstavuje technick\u00e1 rozmanitost kol, kter\u00e1 jednotliv\u00e9 t\u00fdmy pou\u017e\u00edvaj\u00ed. N\u011bkter\u00e9 formace z\u00e1vod\u00ed na kolech s kazetami \u010d\u00edtaj\u00edc\u00edmi jeden\u00e1ct rychlost\u00ed, jin\u00e9 u\u017e jezd\u00ed na dvan\u00e1ctirychlostn\u00edch. Z\u00e1drhel je i v p\u0159\u00edpad\u011b brzd, proto\u017ee n\u011bkdo pou\u017e\u00edv\u00e1 kotou\u010de o velikosti 140 milimetr\u016f, n\u011bkdo pou\u017e\u00edv\u00e1 velikost 160 milimetr\u016f. A pak jsou experti, kte\u0159\u00ed velikosti kombinuj\u00ed. Aby nebylo komplikac\u00ed m\u00e1lo, pou\u017e\u00edvaj\u00ed cyklist\u00e9 nap\u0159\u00ed\u010d pelotonem rozd\u00edln\u00fd syst\u00e9m uchycen\u00ed treter. Neutr\u00e1ln\u00ed servisn\u00ed kola jsou proto vybavena r\u016fzn\u00fdmi ped\u00e1ly.<\/p>\n<p>Bezdu\u0161ov\u00e9 pneumatiky hodn\u011b zm\u011bnily hru, proto\u017ee men\u0161\u00ed defekty \u010dasto nejsou ani patrn\u00e9. Jezdci je zjist\u00ed a\u017e v c\u00edli, n\u011bkdy dokonce a\u017e od mechanik\u016f, kte\u0159\u00ed po etap\u011b \u010dist\u00ed kola a vid\u00ed ml\u00e9ko z bezdu\u0161ov\u00fdch kol na r\u00e1mu stroje.<\/p>\n<p><a href=\"https:\/\/d2p6e6u75xmxt8.cloudfront.net\/13\/2024\/07\/kola-charly-lopez.webp\"><img loading=\"lazy\" decoding=\"async\" class=\"alignnone size-full wp-image-26500\" src=\"https:\/\/d2p6e6u75xmxt8.cloudfront.net\/13\/2024\/07\/kola-charly-lopez.webp\" alt=\"\" width=\"1000\" height=\"667\" srcset=\"https:\/\/d2p6e6u75xmxt8.cloudfront.net\/13\/2024\/07\/kola-charly-lopez.webp 1000w, https:\/\/d2p6e6u75xmxt8.cloudfront.net\/13\/2024\/07\/kola-charly-lopez-300x200.webp 300w, https:\/\/d2p6e6u75xmxt8.cloudfront.net\/13\/2024\/07\/kola-charly-lopez-768x512.webp 768w, https:\/\/d2p6e6u75xmxt8.cloudfront.net\/13\/2024\/07\/kola-charly-lopez-400x267.webp 400w, https:\/\/d2p6e6u75xmxt8.cloudfront.net\/13\/2024\/07\/kola-charly-lopez-272x182.webp 272w\" sizes=\"auto, (max-width: 1000px) 100vw, 1000px\" \/><\/a><\/p>\n<p>Pokud je defekt v\u011bt\u0161\u00ed a ml\u00e9ko st\u0159\u00edk\u00e1 z pl\u00e1\u0161t\u011b ven, nast\u00e1v\u00e1 probl\u00e9m. Pokra\u010dovat na uch\u00e1zej\u00edc\u00edm kole je nebezpe\u010dn\u00e9. Je nutn\u00e9 jet mnohem obez\u0159etn\u011bji do zat\u00e1\u010dek. Ve sjezdu rychlost minimalizovat. Za takov\u00e9 konstelace nem\u00e1 cenu v\u00fdm\u011bnu odkl\u00e1dat, proto\u017ee \u010dek\u00e1n\u00ed na vlastn\u00ed mechanick\u00fd v\u016fz m\u016f\u017ee b\u00fdt pohromou.<\/p>\n<p>P\u0159esto\u017ee mechanici v neutr\u00e1ln\u00edch vozech \u010di na motocyklu p\u0159edstavuj\u00ed \u0161pi\u010dku v oboru, poskytnout pomoc nen\u00ed v\u016fbec snadn\u00e9 s ohledem na obrovsk\u00e9 mno\u017estv\u00ed rozli\u010dn\u00fdch sad a komponent\u016f v pelotonu. I proto maj\u00ed mechanici Shimano a\u017e dev\u011bt p\u00e1r\u016f kol, p\u0159i\u010dem\u017e dva p\u00e1ry jsou ur\u010deny pro pou\u017eit\u00ed s r\u00e1fkov\u00fdmi brzdami, \u010dty\u0159i p\u00e1ry pro kotou\u010dov\u00e9 brzdy Shimano, v\u010detn\u011b kotou\u010d\u016f o pr\u016fm\u011bru 140 mm a 160 mm, a tak\u00e9 dva a\u017e t\u0159i p\u00e1ry vyroben\u00e9 tak, aby byli kompatibiln\u00edmi s odli\u0161n\u00fdmi v\u00fdrobci.<\/p>\n<h2><strong>R\u016fzn\u00e9 r\u00e1my, r\u016fzn\u00e9 sady<\/strong><\/h2>\n<p>Neutr\u00e1ln\u00ed servisn\u00ed vozy Shimano maj\u00ed na st\u0159e\u0161e \u010dty\u0159i a\u017e \u0161est n\u00e1hradn\u00edch kol, kter\u00e9 zahrnuj\u00ed \u010dty\u0159i r\u016fzn\u00e9 velikosti r\u00e1m\u016f. Aby se dala rychle nastavit v\u00fd\u0161ka sedla, \u0159e\u0161\u00ed se jeho nastaven\u00ed rychloup\u00edn\u00e1kem.<\/p>\n<div class=\"shortcode-ys-post-pinup\"><article class=\"loop-simple post-26442 post type-post status-publish format-standard has-post-thumbnail hentry category-zdravi-a-trenink tag-chladici-vesty tag-chlazeni-cyklistu tag-cyklistika tag-jak-cykliste-bojuji-s-vedrem tag-ledove-kade tag-silnicni-cyklistika tag-tour-de-france tag-tour-de-france-2024 tag-vedro global-categories-cycling\" data-postid=\"26442\" role=\"article\" data-post-id=\"26442\" data-word-count=\"677\" data-headline-length=\"73\" data-category=\"Zdrav\u00ed a tr\u00e9nink\" data-global-category=\"Cycling\" data-author=\"We Love Cycling\" data-published=\"2024-07-17T05:00:33+02:00\" data-published-day=\"Wednesday\">\n    <div class=\"entry-thumbnail article-thumbnail\" content=\"https:\/\/d2p6e6u75xmxt8.cloudfront.net\/13\/2024\/07\/profimedia-0716139757-150x150.webp\"><a href=\"https:\/\/www.welovecycling.com\/cs\/2024\/07\/17\/jak-cykliste-bojuji-s-vedrem-na-tour-de-france-proc-se-mrazi-i-gely\/\" class=\"image-holder\" target=\"_self\"><img decoding=\"async\" loading=\"lazy\" class=\"\" src=\"https:\/\/d2p6e6u75xmxt8.cloudfront.net\/13\/2024\/07\/profimedia-0716139757-1024x768.webp\" srcset=\"https:\/\/d2p6e6u75xmxt8.cloudfront.net\/13\/2024\/07\/profimedia-0716139757.webp 1800w, https:\/\/d2p6e6u75xmxt8.cloudfront.net\/13\/2024\/07\/profimedia-0716139757-300x225.webp 300w, https:\/\/d2p6e6u75xmxt8.cloudfront.net\/13\/2024\/07\/profimedia-0716139757-1024x768.webp 1024w, https:\/\/d2p6e6u75xmxt8.cloudfront.net\/13\/2024\/07\/profimedia-0716139757-768x576.webp 768w, https:\/\/d2p6e6u75xmxt8.cloudfront.net\/13\/2024\/07\/profimedia-0716139757-1536x1152.webp 1536w, https:\/\/d2p6e6u75xmxt8.cloudfront.net\/13\/2024\/07\/profimedia-0716139757-400x300.webp 400w\" width=\"1024\" height=\"768\" sizes=\"auto, (min-width: 1200px) 300px, (min-width: 768px) 25vw, 100vw\" alt=\"jak-cykliste-bojuji-s-vedrem-na-tour-de-france-proc-se-mrazi-i-gely\"\/><\/a><\/div>    <div class=\"entry-meta\">\n        <a class=\"label label-secondary post-category\" href=\"https:\/\/www.welovecycling.com\/cs\/category\/zdravi-a-trenink\/\" title=\"Zdrav\u00ed a tr\u00e9nink\">Zdrav\u00ed a tr\u00e9nink<\/a>\n    <\/div>\n    <div class=\"entry-details\">\n        <a href=\"https:\/\/www.welovecycling.com\/cs\/2024\/07\/17\/jak-cykliste-bojuji-s-vedrem-na-tour-de-france-proc-se-mrazi-i-gely\/\" class='entry-title-wrapper'>\n            <h3 class=\"entry-title\"><span>Jak cyklist\u00e9 bojuj\u00ed s vedrem na Tour de France? Pro\u010d se mraz\u00ed i gely?<\/span><\/h3>\n        <\/a>\n    <\/div>\n    <\/article>\n<\/div>\n<p>Vid\u011bt cyklistu p\u0159i Tour de France na neutr\u00e1ln\u00edm kole Shimano je vz\u00e1cnost. V r\u00e1mci jednotliv\u00fdch formac\u00ed toti\u017e funguj\u00ed jasn\u011b dan\u00e1 pravidla, kdy domestik s velikost\u00ed r\u00e1mu bl\u00edzk\u00e9 pot\u0159eb\u00e1m l\u00eddrovi poskytne vlastn\u00ed stroj a s\u00e1m po\u010dk\u00e1 na t\u00fdmov\u00fd v\u016fz. T\u0159eba jako Jan Tratnik v dev\u00e1t\u00e9 gravelov\u00e9 etap\u011b Tour de France 2024, kdy Jonas Vingegaard pot\u0159eboval po defektu rychle nov\u00e9 kolo. Mechanick\u00fd v\u016fz Visma Lease a Bike byl v\u0161ak daleko. A tak d\u00e1nsk\u00fd obh\u00e1jce titulu pokra\u010doval na stroji slovinsk\u00e9ho domestika t\u00e9m\u011b\u0159 sto kilometr\u016f a\u017e do c\u00edle a jeho kolega po\u010dkal na n\u00e1hradn\u00ed stroj z t\u00fdmov\u00e9ho vozu.<\/p>\n<p>V\u00fdm\u011bna samotn\u00e9ho p\u0159edn\u00edho \u010di zadn\u00edho kola u\u017e takovou vz\u00e1cnost\u00ed nen\u00ed. Pokud nastane defekt \u017e\u00e1daj\u00edc\u00ed si &#8222;jenom&#8220; malou v\u00fdm\u011bnu, nadch\u00e1z\u00ed \u010das neutr\u00e1ln\u00ed podpory. Po etap\u011b pak po\u0161kozen\u00e9 kolo putuje zp\u00e1tky do t\u00fdmu a neutr\u00e1ln\u00ed d\u00edl na doprovodn\u00e9 stroje Shimano. Jedno kolo stoj\u00ed p\u0159ibli\u017en\u011b t\u0159icet tis\u00edc korun. Ne snad, \u017ee by \u0161lo o z\u00e1sadn\u00ed polo\u017eku v rozpo\u010dtu t\u00fdm\u016f. Ale pokud n\u00e1hodou potk\u00e1 defekt v\u00edce \u010dlen\u016f t\u00fdmu, <a href=\"https:\/\/www.welovecycling.com\/cs\/2024\/06\/30\/milion-a-pul-za-kolo-nejdrazsi-stroje-nemaji-tadej-pogacar-ani-jonas-vingegaard\/\">u\u017e se pohybujeme v \u0161estim\u00edstn\u00fdch polo\u017ek\u00e1ch<\/a>, co\u017e je pom\u011brn\u011b z\u00e1sadn\u00ed.<\/p>\n<p><em>Tituln\u00ed foto: A.S.O.\/Billy Ceusters<\/em><\/p>\n","protected":false},"excerpt":{"rendered":"<p>Defekt. Ob\u00e1van\u00e9 slovo cyklist\u016f p\u0159i Tour de France. Zejm\u00e9na pokud jsou silni\u010dky \u00fazk\u00e9, lemuj\u00ed je tis\u00edce div\u00e1k\u016f a t\u00fdmov\u00e9 vozidlo [&hellip;]<\/p>\n","protected":false},"author":138,"featured_media":26499,"comment_status":"open","ping_status":"open","sticky":false,"template":"","format":"standard","meta":{"footnotes":""},"categories":[1711],"tags":[126,3572,3700,1601,3699,1935,9,23,3276],"global-categories":[411],"class_list":["post-26494","post","type-post","status-publish","format-standard","has-post-thumbnail","hentry","category-tour-de-france","tag-cyklistika","tag-defekt","tag-jan-tratnik","tag-jonas-vingegaard","tag-neutralni-podpora","tag-shimano","tag-silnicni-cyklistika","tag-tour-de-france","tag-tour-de-france-2024","global-categories-cycling"],"yoast_head":"<!-- This site is optimized with the Yoast SEO Premium plugin v25.3 (Yoast SEO v25.9) - https:\/\/yoast.com\/wordpress\/plugins\/seo\/ -->\n<title>Co se stane, kdy\u017e m\u00e1 cyklista na Tour de France defekt? Jak funguje neutr\u00e1ln\u00ed podpora? | \u0160koda We Love Cycling - \u010cesk\u00e1 republika<\/title>\n<meta name=\"description\" content=\"Defekt. Ob\u00e1van\u00e9 slovo cyklist\u016f p\u0159i Tour de France. T\u00edm sp\u00ed\u0161e, pokud jsou silni\u010dky \u00fazk\u00e9, lemuj\u00ed je tis\u00edce div\u00e1k\u016f a t\u00fdmov\u00e9 vozidlo je n\u011bkolik minut zp\u011bt. Pak p\u0159ich\u00e1z\u00ed ke slovu neutr\u00e1ln\u00ed podpora. Co se stane, kdy\u017e m\u00e1 cyklista p\u0159i Grande Boucle defekt?\" \/>\n<meta name=\"robots\" content=\"index, follow, max-snippet:-1, max-image-preview:large, max-video-preview:-1\" \/>\n<link rel=\"canonical\" href=\"https:\/\/www.welovecycling.com\/cs\/2024\/07\/19\/co-se-stane-kdyz-ma-cyklista-na-tour-de-france-defekt-jak-funguje-neutralni-podpora\/\" \/>\n<meta property=\"og:locale\" content=\"cs_CZ\" \/>\n<meta property=\"og:type\" content=\"article\" \/>\n<meta property=\"og:title\" content=\"Co se stane, kdy\u017e m\u00e1 cyklista na Tour de France defekt? Jak funguje neutr\u00e1ln\u00ed podpora?\" \/>\n<meta property=\"og:description\" content=\"Defekt. Ob\u00e1van\u00e9 slovo cyklist\u016f p\u0159i Tour de France. T\u00edm sp\u00ed\u0161e, pokud jsou silni\u010dky \u00fazk\u00e9, lemuj\u00ed je tis\u00edce div\u00e1k\u016f a t\u00fdmov\u00e9 vozidlo je n\u011bkolik minut zp\u011bt. Pak p\u0159ich\u00e1z\u00ed ke slovu neutr\u00e1ln\u00ed podpora. Co se stane, kdy\u017e m\u00e1 cyklista p\u0159i Grande Boucle defekt?\" \/>\n<meta property=\"og:url\" content=\"https:\/\/www.welovecycling.com\/cs\/2024\/07\/19\/co-se-stane-kdyz-ma-cyklista-na-tour-de-france-defekt-jak-funguje-neutralni-podpora\/\" \/>\n<meta property=\"og:site_name\" content=\"\u0160koda We Love Cycling - \u010cesk\u00e1 republika\" \/>\n<meta property=\"article:published_time\" content=\"2024-07-19T16:00:09+00:00\" \/>\n<meta property=\"og:image\" content=\"https:\/\/d2p6e6u75xmxt8.cloudfront.net\/13\/2024\/07\/20240707TDF0057-A.S.O._Billy_Ceusters-scaled.webp\" \/>\n\t<meta property=\"og:image:width\" content=\"2560\" \/>\n\t<meta property=\"og:image:height\" content=\"1708\" \/>\n\t<meta property=\"og:image:type\" content=\"image\/webp\" \/>\n<meta name=\"author\" content=\"radekmalina\" \/>\n<meta name=\"twitter:card\" content=\"summary_large_image\" \/>\n<meta name=\"twitter:label1\" content=\"Written by\" \/>\n\t<meta name=\"twitter:data1\" content=\"We Love Cycling\" \/>\n\t<meta name=\"twitter:label2\" content=\"Est. reading time\" \/>\n\t<meta name=\"twitter:data2\" content=\"6\" \/>\n<script type=\"application\/ld+json\" class=\"yoast-schema-graph\">{\"@context\":\"https:\/\/schema.org\",\"@graph\":[{\"@type\":\"WebPage\",\"@id\":\"https:\/\/www.welovecycling.com\/cs\/2024\/07\/19\/co-se-stane-kdyz-ma-cyklista-na-tour-de-france-defekt-jak-funguje-neutralni-podpora\/\",\"url\":\"https:\/\/www.welovecycling.com\/cs\/2024\/07\/19\/co-se-stane-kdyz-ma-cyklista-na-tour-de-france-defekt-jak-funguje-neutralni-podpora\/\",\"name\":\"Co se stane, kdy\u017e m\u00e1 cyklista na Tour de France defekt? Jak funguje neutr\u00e1ln\u00ed podpora? | \u0160koda We Love Cycling - \u010cesk\u00e1 republika\",\"isPartOf\":{\"@id\":\"https:\/\/www.welovecycling.com\/cs\/#website\"},\"primaryImageOfPage\":{\"@id\":\"https:\/\/www.welovecycling.com\/cs\/2024\/07\/19\/co-se-stane-kdyz-ma-cyklista-na-tour-de-france-defekt-jak-funguje-neutralni-podpora\/#primaryimage\"},\"image\":{\"@id\":\"https:\/\/www.welovecycling.com\/cs\/2024\/07\/19\/co-se-stane-kdyz-ma-cyklista-na-tour-de-france-defekt-jak-funguje-neutralni-podpora\/#primaryimage\"},\"thumbnailUrl\":\"https:\/\/d2p6e6u75xmxt8.cloudfront.net\/13\/2024\/07\/20240707TDF0057-A.S.O._Billy_Ceusters-scaled.webp\",\"datePublished\":\"2024-07-19T16:00:09+00:00\",\"author\":{\"@id\":\"https:\/\/www.welovecycling.com\/cs\/#\/schema\/person\/d9eeb0a378f3a7e4a6d12d2b536b04b8\"},\"description\":\"Defekt. Ob\u00e1van\u00e9 slovo cyklist\u016f p\u0159i Tour de France. T\u00edm sp\u00ed\u0161e, pokud jsou silni\u010dky \u00fazk\u00e9, lemuj\u00ed je tis\u00edce div\u00e1k\u016f a t\u00fdmov\u00e9 vozidlo je n\u011bkolik minut zp\u011bt. Pak p\u0159ich\u00e1z\u00ed ke slovu neutr\u00e1ln\u00ed podpora. Co se stane, kdy\u017e m\u00e1 cyklista p\u0159i Grande Boucle defekt?\",\"inLanguage\":\"cs\",\"potentialAction\":[{\"@type\":\"ReadAction\",\"target\":[\"https:\/\/www.welovecycling.com\/cs\/2024\/07\/19\/co-se-stane-kdyz-ma-cyklista-na-tour-de-france-defekt-jak-funguje-neutralni-podpora\/\"]}]},{\"@type\":\"ImageObject\",\"inLanguage\":\"cs\",\"@id\":\"https:\/\/www.welovecycling.com\/cs\/2024\/07\/19\/co-se-stane-kdyz-ma-cyklista-na-tour-de-france-defekt-jak-funguje-neutralni-podpora\/#primaryimage\",\"url\":\"https:\/\/d2p6e6u75xmxt8.cloudfront.net\/13\/2024\/07\/20240707TDF0057-A.S.O._Billy_Ceusters-scaled.webp\",\"contentUrl\":\"https:\/\/d2p6e6u75xmxt8.cloudfront.net\/13\/2024\/07\/20240707TDF0057-A.S.O._Billy_Ceusters-scaled.webp\",\"width\":2560,\"height\":1708},{\"@type\":\"WebSite\",\"@id\":\"https:\/\/www.welovecycling.com\/cs\/#website\",\"url\":\"https:\/\/www.welovecycling.com\/cs\/\",\"name\":\"\u0160koda We Love Cycling - \u010cesk\u00e1 republika\",\"description\":\"WeLoveCycling.cz je online magaz\u00edn, kter\u00fd v\u00e1m pravideln\u011b p\u0159in\u00e1\u0161\u00ed rady a tipy, zaj\u00edmav\u00e9 \u010dl\u00e1nky, videa a jedine\u010dn\u00e9 report\u00e1\u017ee ze sv\u011bta cyklistiky.\",\"potentialAction\":[{\"@type\":\"SearchAction\",\"target\":{\"@type\":\"EntryPoint\",\"urlTemplate\":\"https:\/\/www.welovecycling.com\/cs\/?s={search_term_string}\"},\"query-input\":{\"@type\":\"PropertyValueSpecification\",\"valueRequired\":true,\"valueName\":\"search_term_string\"}}],\"inLanguage\":\"cs\"},{\"@type\":\"Person\",\"@id\":\"https:\/\/www.welovecycling.com\/cs\/#\/schema\/person\/d9eeb0a378f3a7e4a6d12d2b536b04b8\",\"name\":\"radekmalina\",\"image\":{\"@type\":\"ImageObject\",\"inLanguage\":\"cs\",\"@id\":\"https:\/\/www.welovecycling.com\/cs\/#\/schema\/person\/image\/\",\"url\":\"https:\/\/secure.gravatar.com\/avatar\/66994b632cb8c39a46b9f54afa3ae07201b678d32a54275b6f1c9ffec356bfc0?s=96&d=mm&r=g\",\"contentUrl\":\"https:\/\/secure.gravatar.com\/avatar\/66994b632cb8c39a46b9f54afa3ae07201b678d32a54275b6f1c9ffec356bfc0?s=96&d=mm&r=g\",\"caption\":\"radekmalina\"},\"url\":\"https:\/\/www.welovecycling.com\/cs\/author\/radekmalina\/\"}]}<\/script>\n<!-- \/ Yoast SEO Premium plugin. -->","yoast_head_json":{"title":"Co se stane, kdy\u017e m\u00e1 cyklista na Tour de France defekt? Jak funguje neutr\u00e1ln\u00ed podpora? | \u0160koda We Love Cycling - \u010cesk\u00e1 republika","description":"Defekt. Ob\u00e1van\u00e9 slovo cyklist\u016f p\u0159i Tour de France. T\u00edm sp\u00ed\u0161e, pokud jsou silni\u010dky \u00fazk\u00e9, lemuj\u00ed je tis\u00edce div\u00e1k\u016f a t\u00fdmov\u00e9 vozidlo je n\u011bkolik minut zp\u011bt. Pak p\u0159ich\u00e1z\u00ed ke slovu neutr\u00e1ln\u00ed podpora. Co se stane, kdy\u017e m\u00e1 cyklista p\u0159i Grande Boucle defekt?","robots":{"index":"index","follow":"follow","max-snippet":"max-snippet:-1","max-image-preview":"max-image-preview:large","max-video-preview":"max-video-preview:-1"},"canonical":"https:\/\/www.welovecycling.com\/cs\/2024\/07\/19\/co-se-stane-kdyz-ma-cyklista-na-tour-de-france-defekt-jak-funguje-neutralni-podpora\/","og_locale":"cs_CZ","og_type":"article","og_title":"Co se stane, kdy\u017e m\u00e1 cyklista na Tour de France defekt? Jak funguje neutr\u00e1ln\u00ed podpora?","og_description":"Defekt. Ob\u00e1van\u00e9 slovo cyklist\u016f p\u0159i Tour de France. T\u00edm sp\u00ed\u0161e, pokud jsou silni\u010dky \u00fazk\u00e9, lemuj\u00ed je tis\u00edce div\u00e1k\u016f a t\u00fdmov\u00e9 vozidlo je n\u011bkolik minut zp\u011bt. Pak p\u0159ich\u00e1z\u00ed ke slovu neutr\u00e1ln\u00ed podpora. Co se stane, kdy\u017e m\u00e1 cyklista p\u0159i Grande Boucle defekt?","og_url":"https:\/\/www.welovecycling.com\/cs\/2024\/07\/19\/co-se-stane-kdyz-ma-cyklista-na-tour-de-france-defekt-jak-funguje-neutralni-podpora\/","og_site_name":"\u0160koda We Love Cycling - \u010cesk\u00e1 republika","article_published_time":"2024-07-19T16:00:09+00:00","og_image":[{"width":2560,"height":1708,"url":"https:\/\/d2p6e6u75xmxt8.cloudfront.net\/13\/2024\/07\/20240707TDF0057-A.S.O._Billy_Ceusters-scaled.webp","type":"image\/webp"}],"author":"radekmalina","twitter_card":"summary_large_image","twitter_misc":{"Written by":"We Love Cycling","Est. reading time":"6"},"schema":{"@context":"https:\/\/schema.org","@graph":[{"@type":"WebPage","@id":"https:\/\/www.welovecycling.com\/cs\/2024\/07\/19\/co-se-stane-kdyz-ma-cyklista-na-tour-de-france-defekt-jak-funguje-neutralni-podpora\/","url":"https:\/\/www.welovecycling.com\/cs\/2024\/07\/19\/co-se-stane-kdyz-ma-cyklista-na-tour-de-france-defekt-jak-funguje-neutralni-podpora\/","name":"Co se stane, kdy\u017e m\u00e1 cyklista na Tour de France defekt? Jak funguje neutr\u00e1ln\u00ed podpora? | \u0160koda We Love Cycling - \u010cesk\u00e1 republika","isPartOf":{"@id":"https:\/\/www.welovecycling.com\/cs\/#website"},"primaryImageOfPage":{"@id":"https:\/\/www.welovecycling.com\/cs\/2024\/07\/19\/co-se-stane-kdyz-ma-cyklista-na-tour-de-france-defekt-jak-funguje-neutralni-podpora\/#primaryimage"},"image":{"@id":"https:\/\/www.welovecycling.com\/cs\/2024\/07\/19\/co-se-stane-kdyz-ma-cyklista-na-tour-de-france-defekt-jak-funguje-neutralni-podpora\/#primaryimage"},"thumbnailUrl":"https:\/\/d2p6e6u75xmxt8.cloudfront.net\/13\/2024\/07\/20240707TDF0057-A.S.O._Billy_Ceusters-scaled.webp","datePublished":"2024-07-19T16:00:09+00:00","author":{"@id":"https:\/\/www.welovecycling.com\/cs\/#\/schema\/person\/d9eeb0a378f3a7e4a6d12d2b536b04b8"},"description":"Defekt. Ob\u00e1van\u00e9 slovo cyklist\u016f p\u0159i Tour de France. T\u00edm sp\u00ed\u0161e, pokud jsou silni\u010dky \u00fazk\u00e9, lemuj\u00ed je tis\u00edce div\u00e1k\u016f a t\u00fdmov\u00e9 vozidlo je n\u011bkolik minut zp\u011bt. Pak p\u0159ich\u00e1z\u00ed ke slovu neutr\u00e1ln\u00ed podpora. Co se stane, kdy\u017e m\u00e1 cyklista p\u0159i Grande Boucle defekt?","inLanguage":"cs","potentialAction":[{"@type":"ReadAction","target":["https:\/\/www.welovecycling.com\/cs\/2024\/07\/19\/co-se-stane-kdyz-ma-cyklista-na-tour-de-france-defekt-jak-funguje-neutralni-podpora\/"]}]},{"@type":"ImageObject","inLanguage":"cs","@id":"https:\/\/www.welovecycling.com\/cs\/2024\/07\/19\/co-se-stane-kdyz-ma-cyklista-na-tour-de-france-defekt-jak-funguje-neutralni-podpora\/#primaryimage","url":"https:\/\/d2p6e6u75xmxt8.cloudfront.net\/13\/2024\/07\/20240707TDF0057-A.S.O._Billy_Ceusters-scaled.webp","contentUrl":"https:\/\/d2p6e6u75xmxt8.cloudfront.net\/13\/2024\/07\/20240707TDF0057-A.S.O._Billy_Ceusters-scaled.webp","width":2560,"height":1708},{"@type":"WebSite","@id":"https:\/\/www.welovecycling.com\/cs\/#website","url":"https:\/\/www.welovecycling.com\/cs\/","name":"\u0160koda We Love Cycling - \u010cesk\u00e1 republika","description":"WeLoveCycling.cz je online magaz\u00edn, kter\u00fd v\u00e1m pravideln\u011b p\u0159in\u00e1\u0161\u00ed rady a tipy, zaj\u00edmav\u00e9 \u010dl\u00e1nky, videa a jedine\u010dn\u00e9 report\u00e1\u017ee ze sv\u011bta cyklistiky.","potentialAction":[{"@type":"SearchAction","target":{"@type":"EntryPoint","urlTemplate":"https:\/\/www.welovecycling.com\/cs\/?s={search_term_string}"},"query-input":{"@type":"PropertyValueSpecification","valueRequired":true,"valueName":"search_term_string"}}],"inLanguage":"cs"},{"@type":"Person","@id":"https:\/\/www.welovecycling.com\/cs\/#\/schema\/person\/d9eeb0a378f3a7e4a6d12d2b536b04b8","name":"radekmalina","image":{"@type":"ImageObject","inLanguage":"cs","@id":"https:\/\/www.welovecycling.com\/cs\/#\/schema\/person\/image\/","url":"https:\/\/secure.gravatar.com\/avatar\/66994b632cb8c39a46b9f54afa3ae07201b678d32a54275b6f1c9ffec356bfc0?s=96&d=mm&r=g","contentUrl":"https:\/\/secure.gravatar.com\/avatar\/66994b632cb8c39a46b9f54afa3ae07201b678d32a54275b6f1c9ffec356bfc0?s=96&d=mm&r=g","caption":"radekmalina"},"url":"https:\/\/www.welovecycling.com\/cs\/author\/radekmalina\/"}]}},"_links":{"self":[{"href":"https:\/\/www.welovecycling.com\/cs\/wp-json\/wp\/v2\/posts\/26494","targetHints":{"allow":["GET"]}}],"collection":[{"href":"https:\/\/www.welovecycling.com\/cs\/wp-json\/wp\/v2\/posts"}],"about":[{"href":"https:\/\/www.welovecycling.com\/cs\/wp-json\/wp\/v2\/types\/post"}],"author":[{"embeddable":true,"href":"https:\/\/www.welovecycling.com\/cs\/wp-json\/wp\/v2\/users\/138"}],"replies":[{"embeddable":true,"href":"https:\/\/www.welovecycling.com\/cs\/wp-json\/wp\/v2\/comments?post=26494"}],"version-history":[{"count":4,"href":"https:\/\/www.welovecycling.com\/cs\/wp-json\/wp\/v2\/posts\/26494\/revisions"}],"predecessor-version":[{"id":26502,"href":"https:\/\/www.welovecycling.com\/cs\/wp-json\/wp\/v2\/posts\/26494\/revisions\/26502"}],"wp:featuredmedia":[{"embeddable":true,"href":"https:\/\/www.welovecycling.com\/cs\/wp-json\/wp\/v2\/media\/26499"}],"wp:attachment":[{"href":"https:\/\/www.welovecycling.com\/cs\/wp-json\/wp\/v2\/media?parent=26494"}],"wp:term":[{"taxonomy":"category","embeddable":true,"href":"https:\/\/www.welovecycling.com\/cs\/wp-json\/wp\/v2\/categories?post=26494"},{"taxonomy":"post_tag","embeddable":true,"href":"https:\/\/www.welovecycling.com\/cs\/wp-json\/wp\/v2\/tags?post=26494"},{"taxonomy":"global-categories","embeddable":true,"href":"https:\/\/www.welovecycling.com\/cs\/wp-json\/wp\/v2\/global-categories?post=26494"}],"curies":[{"name":"wp","href":"https:\/\/api.w.org\/{rel}","templated":true}]}}