{"id":26487,"date":"2024-07-18T18:43:53","date_gmt":"2024-07-18T16:43:53","guid":{"rendered":"https:\/\/www.welovecycling.com\/cs\/?p=26487"},"modified":"2024-07-18T18:42:07","modified_gmt":"2024-07-18T16:42:07","slug":"oxid-uhelnaty-jako-doping-tadej-pogacar-a-jonas-vingegaard-obvineni-odmitaji","status":"publish","type":"post","link":"https:\/\/www.welovecycling.com\/cs\/2024\/07\/18\/oxid-uhelnaty-jako-doping-tadej-pogacar-a-jonas-vingegaard-obvineni-odmitaji\/","title":{"rendered":"Oxid uhelnat\u00fd jako doping? Tadej Poga\u010dar a Jonas Vingegaard obvin\u011bn\u00ed odm\u00edtaj\u00ed"},"content":{"rendered":"<p><strong>V\u00fdjime\u010dn\u00e9 v\u00fdkony p\u0159in\u00e1\u0161\u00ed Tour de France 2024. Nejv\u011bt\u0161\u00ed hv\u011bzdy l\u00e1mou rekordy na legend\u00e1rn\u00edch stoup\u00e1n\u00edch. Den za dnem p\u0159edv\u00e1d\u00ed na silnic\u00edch Grande Boucle ohromuj\u00edc\u00ed oh\u0148ostroj vz\u00e1jemn\u00fdch \u00fatok\u016f. L\u00eddr formace UAE Emirates Tadej Poga\u010dar i jedni\u010dka Visma Lease a Bike Jonas Vingegaard \u010del\u00ed obvin\u011bn\u00ed z dopingu. A nejsou jedin\u00ed. \u00dadajn\u011b pou\u017e\u00edvaj\u00ed kontroverzn\u00ed metodu vdechov\u00e1n\u00ed oxidu uhelnat\u00e9ho (rebreathingu) k vylep\u0161en\u00ed v\u00fdkonnosti.<\/strong><\/p>\n<p>Magaz\u00edn Escape collective obvinil formace UAE Emirates, Visma Lease a Bike a Israel Premier Tech z pou\u017e\u00edv\u00e1n\u00ed kontroverzn\u00ed a potenci\u00e1ln\u011b nebezpe\u010dn\u00e9 praxe vdechov\u00e1n\u00ed smrt\u00edc\u00edho plynu oxidu uhelnat\u00e9ho k optimalizaci v\u00fd\u0161kov\u00e9ho tr\u00e9ninku sv\u00fdch sportovc\u016f. Magaz\u00edn upozor\u0148uje, \u017ee metoda je u\u017e\u00edv\u00e1na ve v\u011bd\u011b, ale tak\u00e9 je mo\u017en\u00e9 ji aplikovat v podob\u011b vdechov\u00e1n\u00ed jedovat\u00e9ho plynu za v\u00fdslovn\u00fdm \u00fa\u010delem zv\u00fd\u0161en\u00ed v\u00fdkonu.<\/p>\n<p>Rostouc\u00ed po\u010det ned\u00e1vn\u00fdch v\u011bdeck\u00fdch v\u00fdzkum\u016f nazna\u010duje, \u017ee inhalace CO m\u016f\u017ee m\u00edt siln\u00fd dopad na m\u011b\u0159en\u00ed aerobn\u00ed kapacity, jako je VO2max nebo maxim\u00e1ln\u00ed p\u0159\u00edjem kysl\u00edku. Tato technika nen\u00ed zak\u00e1z\u00e1na Sv\u011btovou antidopingovou agenturou (WADA), ale Escape collective upozor\u0148uje, \u017ee je v rozporu s pravidly agentury o um\u011bl\u00e9 manipulaci s krv\u00ed.<\/p>\n<p>&#8222;Za\u0159\u00edzen\u00ed na rebreathering n\u00e1\u0161 t\u00fdm pou\u017e\u00edv\u00e1 a nen\u00ed na tom nic podez\u0159el\u00e9ho. Jde o diagnostick\u00fd n\u00e1stroj, kter\u00fd zm\u011b\u0159\u00ed mno\u017estv\u00ed \u010derven\u00fdch krvinek v krvi a jak\u00fd vliv m\u00e1 v\u00fd\u0161kov\u00fd tr\u00e9ninkov\u00fd kemp. Definuje se tak efekt vysokohorsk\u00e9ho soust\u0159ed\u011bn\u00ed,&#8220; uvedl Jonas Vingegaard, d\u00e1nsk\u00fd cyklista t\u00fdmu Visma Lease a Bike pro web Politiken.de.<\/p>\n<h2><strong>Jde o diagnostiku mno\u017estv\u00ed hemoglobinu, h\u00e1j\u00ed se l\u00edd\u0159i<\/strong><\/h2>\n<p>Metoda kontrolovan\u00e9ho vdechov\u00e1n\u00ed oxidu uhelnat\u00e9ho slou\u017e\u00ed v l\u00e9ka\u0159sk\u00e9m prost\u0159ed\u00ed ke sledov\u00e1n\u00ed mno\u017estv\u00ed hemoglobinu v t\u011ble. Prost\u00fdm vyhodnocen\u00edm krevn\u00edho obrazu nen\u00ed mo\u017en\u00e9 zjistit mno\u017estv\u00ed hemoglobinu v t\u011ble. Hemoglobin je p\u0159itom z\u00e1sadn\u00ed pro p\u0159enos kysl\u00edku do tk\u00e1n\u00ed, tedy do sval\u016f. \u010c\u00edm v\u011bt\u0161\u00ed mno\u017estv\u00ed hemoglobinu maj\u00ed v t\u011ble, t\u00edm lep\u0161\u00ed v\u00fdkon n\u00e1sledn\u011b sportovci p\u0159edv\u00e1d\u00ed.<\/p>\n<div class=\"shortcode-ys-post-pinup\"><article class=\"loop-simple post-26337 post type-post status-publish format-standard has-post-thumbnail hentry category-tour-de-france tag-chris-froome tag-cyklistika tag-financni-odmeny tag-jasper-philipsen tag-jonas-vingegaard tag-mathieu-van-der-poel tag-mzda tag-mzdy-cyklistu tag-plat tag-plat-cyklistu tag-plat-ve-world-tour tag-primoz-roglic tag-remco-evenepoel tag-silnicni-cyklistika tag-tadej-pogacar tag-tour-de-france tag-tour-de-france-2024 tag-wout-van-aert global-categories-cycling\" data-postid=\"26337\" role=\"article\" data-post-id=\"26337\" data-word-count=\"789\" data-headline-length=\"79\" data-category=\"Tour de France\" data-global-category=\"Cycling\" data-author=\"We Love Cycling\" data-published=\"2024-07-13T14:01:09+02:00\" data-published-day=\"Saturday\">\n    <div class=\"entry-thumbnail article-thumbnail\" content=\"https:\/\/d2p6e6u75xmxt8.cloudfront.net\/13\/2024\/07\/20240709TDF1078-A.S.O._Charly_Lopez-150x150.webp\"><a href=\"https:\/\/www.welovecycling.com\/cs\/2024\/07\/13\/kdo-je-nejlepe-placeny-jezdec-na-tour-de-france-a-jaka-je-minimalni-mzda\/\" class=\"image-holder\" target=\"_self\"><img decoding=\"async\" loading=\"lazy\" class=\"\" src=\"https:\/\/d2p6e6u75xmxt8.cloudfront.net\/13\/2024\/07\/20240709TDF1078-A.S.O._Charly_Lopez-1024x682.webp\" srcset=\"https:\/\/d2p6e6u75xmxt8.cloudfront.net\/13\/2024\/07\/20240709TDF1078-A.S.O._Charly_Lopez-scaled.webp 2560w, https:\/\/d2p6e6u75xmxt8.cloudfront.net\/13\/2024\/07\/20240709TDF1078-A.S.O._Charly_Lopez-300x200.webp 300w, https:\/\/d2p6e6u75xmxt8.cloudfront.net\/13\/2024\/07\/20240709TDF1078-A.S.O._Charly_Lopez-1024x682.webp 1024w, https:\/\/d2p6e6u75xmxt8.cloudfront.net\/13\/2024\/07\/20240709TDF1078-A.S.O._Charly_Lopez-768x512.webp 768w, https:\/\/d2p6e6u75xmxt8.cloudfront.net\/13\/2024\/07\/20240709TDF1078-A.S.O._Charly_Lopez-1536x1023.webp 1536w, https:\/\/d2p6e6u75xmxt8.cloudfront.net\/13\/2024\/07\/20240709TDF1078-A.S.O._Charly_Lopez-2048x1365.webp 2048w, https:\/\/d2p6e6u75xmxt8.cloudfront.net\/13\/2024\/07\/20240709TDF1078-A.S.O._Charly_Lopez-1920x1279.webp 1920w, https:\/\/d2p6e6u75xmxt8.cloudfront.net\/13\/2024\/07\/20240709TDF1078-A.S.O._Charly_Lopez-400x267.webp 400w, https:\/\/d2p6e6u75xmxt8.cloudfront.net\/13\/2024\/07\/20240709TDF1078-A.S.O._Charly_Lopez-272x182.webp 272w, https:\/\/d2p6e6u75xmxt8.cloudfront.net\/13\/2024\/07\/20240709TDF1078-A.S.O._Charly_Lopez-1920x1279.webp 1920w\" width=\"1024\" height=\"682\" sizes=\"auto, (min-width: 1200px) 300px, (min-width: 768px) 25vw, 100vw\" alt=\"kdo-je-nejlepe-placeny-jezdec-na-tour-de-france-a-jaka-je-minimalni-mzda\"\/><\/a><\/div>    <div class=\"entry-meta\">\n        <a class=\"label label-secondary post-category\" href=\"https:\/\/www.welovecycling.com\/cs\/category\/tour-de-france\/\" title=\"Tour de France\">Tour de France<\/a>\n    <\/div>\n    <div class=\"entry-details\">\n        <a href=\"https:\/\/www.welovecycling.com\/cs\/2024\/07\/13\/kdo-je-nejlepe-placeny-jezdec-na-tour-de-france-a-jaka-je-minimalni-mzda\/\" class='entry-title-wrapper'>\n            <h3 class=\"entry-title\"><span>Kdo je nejl\u00e9pe placen\u00fd jezdec na Tour de France? A jak\u00e1 je minim\u00e1ln\u00ed mzda?<\/span><\/h3>\n        <\/a>\n    <\/div>\n    <\/article>\n<\/div>\n<p>Metoda zji\u0161\u0165ov\u00e1n\u00ed mno\u017estv\u00ed hemoglobinu v t\u011ble prost\u0159ednictv\u00edm rebreathingu je vysoce n\u00e1kladn\u00e1 a prov\u00e1d\u00ed ji pouze n\u011bkolik specializovan\u00fdch pracovi\u0161\u0165, respektive jejich profesor\u016f.<\/p>\n<p>&#8222;L\u00e9ka\u0159i n\u00e1m ur\u010ditou d\u00e1vku plynu po\u0161lou do plic b\u011bhem prvn\u00edho dne tr\u00e9ninkov\u00e9ho kempu, a pak posledn\u00ed den soust\u0159ed\u011bn\u00ed. M\u011b\u0159\u00ed se rozd\u00edl mno\u017estv\u00ed hemoglobinu. Nen\u00ed to nic tajn\u00e9ho,&#8220; pronesl Jonas Vingegaard, kter\u00fd vyhr\u00e1l Tour de France v letech 2022 a 2023, p\u0159i\u010dem\u017e pr\u00e1v\u011b po druh\u00e9m triumfu a spektakul\u00e1rn\u00edm p\u0159edstaven\u00ed v \u010dasovce \u010delil obvin\u011bn\u00ed z dopingov\u00fdch praktik.<\/p>\n<figure id=\"attachment_26469\" aria-describedby=\"caption-attachment-26469\" style=\"width: 1000px\" class=\"wp-caption alignnone\"><a href=\"https:\/\/d2p6e6u75xmxt8.cloudfront.net\/13\/2024\/07\/volny-den-tour-charly-lopez-tadej-pogacar-biniam-girmay-1.webp\"><img loading=\"lazy\" decoding=\"async\" class=\"size-full wp-image-26469\" src=\"https:\/\/d2p6e6u75xmxt8.cloudfront.net\/13\/2024\/07\/volny-den-tour-charly-lopez-tadej-pogacar-biniam-girmay-1.webp\" alt=\"Jonas\" width=\"1000\" height=\"667\" srcset=\"https:\/\/d2p6e6u75xmxt8.cloudfront.net\/13\/2024\/07\/volny-den-tour-charly-lopez-tadej-pogacar-biniam-girmay-1.webp 1000w, https:\/\/d2p6e6u75xmxt8.cloudfront.net\/13\/2024\/07\/volny-den-tour-charly-lopez-tadej-pogacar-biniam-girmay-1-300x200.webp 300w, https:\/\/d2p6e6u75xmxt8.cloudfront.net\/13\/2024\/07\/volny-den-tour-charly-lopez-tadej-pogacar-biniam-girmay-1-768x512.webp 768w, https:\/\/d2p6e6u75xmxt8.cloudfront.net\/13\/2024\/07\/volny-den-tour-charly-lopez-tadej-pogacar-biniam-girmay-1-400x267.webp 400w, https:\/\/d2p6e6u75xmxt8.cloudfront.net\/13\/2024\/07\/volny-den-tour-charly-lopez-tadej-pogacar-biniam-girmay-1-272x182.webp 272w\" sizes=\"auto, (max-width: 1000px) 100vw, 1000px\" \/><\/a><figcaption id=\"caption-attachment-26469\" class=\"wp-caption-text\"><em>Tadej Poga\u010dar ve \u017elut\u00e9m trikotu l\u00eddra se zdrav\u00ed s l\u00eddrem bodovac\u00ed sout\u011b\u017ee, j\u00edm\u017e je Biniam Girmay. Foto: A.S.O.\/Charly Lopez<\/em><\/figcaption><\/figure>\n<p>&#8222;Jde o test, kter\u00fd zji\u0161\u0165uje reakci z\u00e1vodn\u00edka a jeho t\u011bla na nadmo\u0159skou v\u00fd\u0161ku. Zjist\u00ed se mno\u017estv\u00ed hemoglobinu v t\u011ble na \u00favod vysokohorsk\u00e9ho soust\u0159ed\u011bn\u00ed. Jde o jednoduch\u00fd test m\u011b\u0159\u00edc\u00ed reakci t\u011bla na pobyt ve vysok\u00e9 nadmo\u0159sk\u00e9 v\u00fd\u0161ce,&#8220; komentoval metodu Tadej Poga\u010dar, jedni\u010dka formace UAE Emirates. &#8222;Nen\u00ed to tak, \u017ee d\u00fdch\u00e1me v\u00fdfukov\u00e9 plyny z auta,&#8220; doplnil je\u0161t\u011b slovinsk\u00fd fenom\u00e9n.<\/p>\n<div class=\"shortcode-ys-post-pinup\"><article class=\"loop-simple post-25015 post type-post status-publish format-standard has-post-thumbnail hentry category-zdravi-a-trenink tag-amfetamin tag-clenbuterol tag-cyklistika tag-doping tag-doping-mezi-amatery tag-epo tag-horska-cyklistika tag-rustovy-hormon tag-silnicni-cyklistika tag-testosteron tag-zdravi-a-trenink global-categories-cycling\" data-postid=\"25015\" role=\"article\" data-post-id=\"25015\" data-word-count=\"711\" data-headline-length=\"60\" data-category=\"Zdrav\u00ed a tr\u00e9nink\" data-global-category=\"Cycling\" data-author=\"We Love Cycling\" data-published=\"2024-03-13T18:13:55+02:00\" data-published-day=\"Wednesday\">\n    <div class=\"entry-thumbnail article-thumbnail\" content=\"https:\/\/d2p6e6u75xmxt8.cloudfront.net\/13\/2024\/03\/profimedia-0319242222-150x150.webp\"><a href=\"https:\/\/www.welovecycling.com\/cs\/2024\/03\/13\/doping-mezi-amatery-hazard-se-zdravim-i-milionovy-byznys\/\" class=\"image-holder\" target=\"_self\"><img decoding=\"async\" loading=\"lazy\" class=\"\" src=\"https:\/\/d2p6e6u75xmxt8.cloudfront.net\/13\/2024\/03\/profimedia-0319242222-1024x683.webp\" srcset=\"https:\/\/d2p6e6u75xmxt8.cloudfront.net\/13\/2024\/03\/profimedia-0319242222.webp 1800w, https:\/\/d2p6e6u75xmxt8.cloudfront.net\/13\/2024\/03\/profimedia-0319242222-300x200.webp 300w, https:\/\/d2p6e6u75xmxt8.cloudfront.net\/13\/2024\/03\/profimedia-0319242222-1024x683.webp 1024w, https:\/\/d2p6e6u75xmxt8.cloudfront.net\/13\/2024\/03\/profimedia-0319242222-768x512.webp 768w, https:\/\/d2p6e6u75xmxt8.cloudfront.net\/13\/2024\/03\/profimedia-0319242222-1536x1025.webp 1536w, https:\/\/d2p6e6u75xmxt8.cloudfront.net\/13\/2024\/03\/profimedia-0319242222-400x267.webp 400w, https:\/\/d2p6e6u75xmxt8.cloudfront.net\/13\/2024\/03\/profimedia-0319242222-272x182.webp 272w\" width=\"1024\" height=\"683\" sizes=\"auto, (min-width: 1200px) 300px, (min-width: 768px) 25vw, 100vw\" alt=\"doping-mezi-amatery-hazard-se-zdravim-i-milionovy-byznys\"\/><\/a><\/div>    <div class=\"entry-meta\">\n        <a class=\"label label-secondary post-category\" href=\"https:\/\/www.welovecycling.com\/cs\/category\/zdravi-a-trenink\/\" title=\"Zdrav\u00ed a tr\u00e9nink\">Zdrav\u00ed a tr\u00e9nink<\/a>\n    <\/div>\n    <div class=\"entry-details\">\n        <a href=\"https:\/\/www.welovecycling.com\/cs\/2024\/03\/13\/doping-mezi-amatery-hazard-se-zdravim-i-milionovy-byznys\/\" class='entry-title-wrapper'>\n            <h3 class=\"entry-title\"><span>Doping mezi amat\u00e9ry? Milionov\u00fd byznys i hazard se zdrav\u00edm<\/span><\/h3>\n        <\/a>\n    <\/div>\n    <\/article>\n<\/div>\n<p>&#8222;Jde o diagnostick\u00fd n\u00e1stroj. Metoda nep\u0159in\u00e1\u0161\u00ed \u017e\u00e1dn\u00e9 zlep\u0161en\u00ed v\u00fdkonu,&#8220; uvedl pro magaz\u00edn Escape collective \u0161\u00e9f l\u00e9ka\u0159sk\u00e9ho t\u00fdmu UAE Emirates Adriano Rotunno. Stejn\u00fd p\u0159\u00edstup potvrdily i formace Visma Lease a Bike a Israel Premier Tech. Polovinu elitn\u00ed des\u00edtky po patn\u00e1ct\u00e9 etap\u011b tvo\u0159ili z\u00e1vodn\u00edci obvin\u011bn\u00fdch st\u00e1j\u00ed. Troj\u00ed zastoupen\u00ed m\u011bla formace UAE Emirates (Poga\u010dar, Almeida, A. Yates), po jednom z\u00e1vodn\u00edkovi pak Visma Lease a Bike (Vingegaard) a Israel Premier Tech (Derek Gee).<\/p>\n<h2><strong>Padly rekordy dopingov\u00fdch h\u0159\u00ed\u0161n\u00edk\u016f<\/strong><\/h2>\n<p>Otazn\u00edky nad v\u00fdkony n\u011bkter\u00fdch cyklist\u016f p\u0159i Tour de France a spekulativn\u00ed obvin\u011bn\u00ed z u\u017e\u00edv\u00e1n\u00ed zak\u00e1zan\u00fdch praktik se vyrojily po 15. etap\u011b s dojezdem na Plateau de Beille. V\u00edt\u011bzn\u00fd Tadej Poga\u010dar, druh\u00fd Jonas Vingegaard i t\u0159et\u00ed Remco Evenepoel z t\u00fdmu Soudal Quick Step p\u0159i v\u00fdstupu dramaticky p\u0159ekonali nejlep\u0161\u00ed \u010dasy, kter\u00e9 vytvo\u0159ili Lance Armstrong a Marco Pantani.<\/p>\n<p>Oba cyklist\u00e9 p\u0159itom byli opakovan\u011b obvin\u011bni z dopingu, p\u0159i\u010dem\u017e Ameri\u010danovi bylo odebr\u00e1no v\u0161ech sedm triumf\u016f z Tour de France a Ital byl za vysok\u00e9 hodnoty hematokritu suspendov\u00e1n, v d\u016fsledku obvin\u011bn\u00ed a n\u00e1sledn\u00fdch depres\u00ed pak sp\u00e1chal sebevra\u017edu.<\/p>\n<figure id=\"attachment_20268\" aria-describedby=\"caption-attachment-20268\" style=\"width: 1287px\" class=\"wp-caption alignnone\"><a href=\"https:\/\/d2p6e6u75xmxt8.cloudfront.net\/13\/2023\/01\/armstrong-doping-vyrez-profimedia.webp\"><img loading=\"lazy\" decoding=\"async\" class=\"size-full wp-image-20268\" src=\"https:\/\/d2p6e6u75xmxt8.cloudfront.net\/13\/2023\/01\/armstrong-doping-vyrez-profimedia.webp\" alt=\"Lance Armstrong\" width=\"1287\" height=\"846\" srcset=\"https:\/\/d2p6e6u75xmxt8.cloudfront.net\/13\/2023\/01\/armstrong-doping-vyrez-profimedia.webp 1287w, https:\/\/d2p6e6u75xmxt8.cloudfront.net\/13\/2023\/01\/armstrong-doping-vyrez-profimedia-300x197.webp 300w, https:\/\/d2p6e6u75xmxt8.cloudfront.net\/13\/2023\/01\/armstrong-doping-vyrez-profimedia-1024x673.webp 1024w, https:\/\/d2p6e6u75xmxt8.cloudfront.net\/13\/2023\/01\/armstrong-doping-vyrez-profimedia-768x505.webp 768w\" sizes=\"auto, (max-width: 1287px) 100vw, 1287px\" \/><\/a><figcaption id=\"caption-attachment-20268\" class=\"wp-caption-text\"><em>Lance Armstrong vyhr\u00e1l Tour de France sedmkr\u00e1t a vytvo\u0159il mnoho rekordu. Po kari\u00e9\u0159e p\u0159iznal, \u017ee p\u0159i v\u0161ech startech dopoval. Foto: profimedia<\/em><\/figcaption><\/figure>\n<p>&#8222;B\u011bhem v\u00fdstupu na Plateau de Beille jsem p\u0159edvedl sv\u00e9 maximum. Tadej se musel zlep\u0161it ve v\u0161ech parametrech. Z m\u00e9ho pohledu \u0161lo o dva nejlep\u0161\u00ed v\u00fdkony v horsk\u00fdch etap\u00e1ch v historii cyklistiky,&#8220; prohl\u00e1sil <a href=\"https:\/\/www.welovecycling.com\/cs\/2023\/07\/23\/jonas-vingegaard-znici-ambice-kontroverze-s-tymovym-kolegou-a-dopingova-obvineni\/\">Jonas Vingegaard<\/a>. &#8222;Bylo to opravdu \u0161\u00edlen\u00e9, kdy\u017e jsem si po etap\u011b kontroloval \u010d\u00edsla. Byla nejvy\u0161\u0161\u00ed v moj\u00ed kari\u00e9\u0159e,&#8220; p\u0159ipustil Tadej Poga\u010dar.<\/p>\n<h2><strong>Oxid uhelnat\u00fd ke zv\u00fd\u0161en\u00ed v\u00fdkonu? D\u016fkazy nejsou<\/strong><\/h2>\n<p>M\u016f\u017ee za obrovsk\u00fdm v\u00fdkonnostn\u00edm skokem b\u00fdt oxid uhelnat\u00fd? P\u0159irozen\u00fd n\u00e1r\u016fst hemoglobinu v t\u011ble p\u0159i kontrolovan\u00e9m tr\u00e9ninkov\u00e9m procesu je podle v\u011bdeck\u00fdch v\u00fdzkum\u016f \u0161est procent za dvan\u00e1ct m\u011bs\u00edc\u016f. V p\u0159\u00edpad\u011b pou\u017eit\u00ed zak\u00e1zan\u00fdch l\u00e1tek jako je kup\u0159\u00edkladu EPO doch\u00e1z\u00ed k jednor\u00e1zov\u00e9mu zv\u00fd\u0161en\u00ed mno\u017estv\u00ed hemoglobinu v t\u011ble o dvacet procent. Magaz\u00edn Escape Collective p\u00ed\u0161e, \u017ee neexistuje \u017e\u00e1dn\u00fd nezvratn\u00fd d\u016fkaz o tom, \u017ee by n\u011bkter\u00fd z t\u00fdm\u016f World Tour v sou\u010dasn\u00e9 dob\u011b pou\u017e\u00edval inhalaci oxidu uhelnat\u00e9ho ke zv\u00fd\u0161en\u00ed v\u00fdkonu.<\/p>\n<p>Odborn\u00e9 studie p\u0159ipom\u00ednaj\u00ed, \u017ee manipulaci s krv\u00ed p\u0159edstavuje i vysokohorsk\u00fd tr\u00e9nink, pobyt ve speci\u00e1ln\u00edch stanech simuluj\u00edc\u00edch vysokohorsk\u00e9 prost\u0159ed\u00ed, stejn\u011b jako tr\u00e9nink v extr\u00e9mn\u00edm vedru, kdy sportovci c\u00edlen\u011b tr\u00e9nuj\u00ed v tepeln\u00fdch komor\u00e1ch p\u0159\u00edpadn\u011b v m\u00edstnostech s extr\u00e9mn\u011b vysokou teplotou. Tyto tr\u00e9ninkov\u00e9 metody maj\u00ed fyziologick\u00fd dopad na m\u011bnu mno\u017estv\u00ed krev a p\u0159i spln\u011bn\u00ed podm\u00ednek i nav\u00fd\u0161en\u00ed celkov\u00e9ho mno\u017estv\u00ed hemoglobinu tolik d\u016fle\u017eit\u00e9ho pro p\u0159enos kysl\u00edku do sval\u016f. \u017d\u00e1dnou z t\u011bchto metod WADA rovn\u011b\u017e nezakazuje.<\/p>\n<p><em>Tituln\u00ed foto: A.S.O.\/Billy Ceusters<\/em><\/p>\n","protected":false},"excerpt":{"rendered":"<p>V\u00fdjime\u010dn\u00e9 v\u00fdkony p\u0159in\u00e1\u0161\u00ed Tour de France 2024. Nejv\u011bt\u0161\u00ed hv\u011bzdy l\u00e1mou rekordy na legend\u00e1rn\u00edch stoup\u00e1n\u00edch. Den za dnem p\u0159edv\u00e1d\u00ed na silnic\u00edch [&hellip;]<\/p>\n","protected":false},"author":138,"featured_media":26489,"comment_status":"open","ping_status":"open","sticky":false,"template":"","format":"standard","meta":{"footnotes":""},"categories":[6],"tags":[126,54,3696,3695,3698,1601,3694,3701,9,502,23,3276],"global-categories":[411],"class_list":["post-26487","post","type-post","status-publish","format-standard","has-post-thumbnail","hentry","category-zdravi-a-trenink","tag-cyklistika","tag-doping","tag-doping-a-cyklistika","tag-doping-na-tour-de-france","tag-hemoglobin","tag-jonas-vingegaard","tag-oxid-uhelnaty","tag-rebreathing","tag-silnicni-cyklistika","tag-tadej-pogacar","tag-tour-de-france","tag-tour-de-france-2024","global-categories-cycling"],"yoast_head":"<!-- This site is optimized with the Yoast SEO Premium plugin v25.3 (Yoast SEO v25.9) - https:\/\/yoast.com\/wordpress\/plugins\/seo\/ -->\n<title>Oxid uhelnat\u00fd jako doping? Tadej Poga\u010dar a Jonas Vingegaard obvin\u011bn\u00ed odm\u00edtaj\u00ed | \u0160koda We Love Cycling - \u010cesk\u00e1 republika<\/title>\n<meta name=\"description\" content=\"V\u00fdjime\u010dn\u00e9 v\u00fdkony p\u0159in\u00e1\u0161\u00ed Tour de France 2024. Nejv\u011bt\u0161\u00ed hv\u011bzdy l\u00e1mou rekordy na legend\u00e1rn\u00edch stoup\u00e1n\u00edch. Den za dnem p\u0159edv\u00e1d\u00ed na silnic\u00edch Grande Boucle ohromuj\u00edc\u00ed oh\u0148ostroj vz\u00e1jemn\u00fdch \u00fatok\u016f. L\u00eddr formace UAE Emirates Tadej Poga\u010dar i jedni\u010dka Visma Lease a Bike Jonas Vingegaard \u010del\u00ed obvin\u011bn\u00ed z dopingu. A nejsou jedin\u00ed. \u00dadajn\u011b pou\u017e\u00edvaj\u00ed kontroverzn\u00ed metodu vdechov\u00e1n\u00ed oxidu uhelnat\u00e9ho (rebreatheringu) k vylep\u0161en\u00ed v\u00fdkonnosti.\" \/>\n<meta name=\"robots\" content=\"index, follow, max-snippet:-1, max-image-preview:large, max-video-preview:-1\" \/>\n<link rel=\"canonical\" href=\"https:\/\/www.welovecycling.com\/cs\/2024\/07\/18\/oxid-uhelnaty-jako-doping-tadej-pogacar-a-jonas-vingegaard-obvineni-odmitaji\/\" \/>\n<meta property=\"og:locale\" content=\"cs_CZ\" \/>\n<meta property=\"og:type\" content=\"article\" \/>\n<meta property=\"og:title\" content=\"Oxid uhelnat\u00fd jako doping? Tadej Poga\u010dar a Jonas Vingegaard obvin\u011bn\u00ed odm\u00edtaj\u00ed\" \/>\n<meta property=\"og:description\" content=\"V\u00fdjime\u010dn\u00e9 v\u00fdkony p\u0159in\u00e1\u0161\u00ed Tour de France 2024. Nejv\u011bt\u0161\u00ed hv\u011bzdy l\u00e1mou rekordy na legend\u00e1rn\u00edch stoup\u00e1n\u00edch. Den za dnem p\u0159edv\u00e1d\u00ed na silnic\u00edch Grande Boucle ohromuj\u00edc\u00ed oh\u0148ostroj vz\u00e1jemn\u00fdch \u00fatok\u016f. L\u00eddr formace UAE Emirates Tadej Poga\u010dar i jedni\u010dka Visma Lease a Bike Jonas Vingegaard \u010del\u00ed obvin\u011bn\u00ed z dopingu. A nejsou jedin\u00ed. \u00dadajn\u011b pou\u017e\u00edvaj\u00ed kontroverzn\u00ed metodu vdechov\u00e1n\u00ed oxidu uhelnat\u00e9ho (rebreatheringu) k vylep\u0161en\u00ed v\u00fdkonnosti.\" \/>\n<meta property=\"og:url\" content=\"https:\/\/www.welovecycling.com\/cs\/2024\/07\/18\/oxid-uhelnaty-jako-doping-tadej-pogacar-a-jonas-vingegaard-obvineni-odmitaji\/\" \/>\n<meta property=\"og:site_name\" content=\"\u0160koda We Love Cycling - \u010cesk\u00e1 republika\" \/>\n<meta property=\"article:published_time\" content=\"2024-07-18T16:43:53+00:00\" \/>\n<meta property=\"og:image\" content=\"https:\/\/d2p6e6u75xmxt8.cloudfront.net\/13\/2024\/07\/20240714TDF0005-A.S.O._Billy_Ceusters-1-scaled.webp\" \/>\n\t<meta property=\"og:image:width\" content=\"2560\" \/>\n\t<meta property=\"og:image:height\" content=\"1707\" \/>\n\t<meta property=\"og:image:type\" content=\"image\/webp\" \/>\n<meta name=\"author\" content=\"radekmalina\" \/>\n<meta name=\"twitter:card\" content=\"summary_large_image\" \/>\n<meta name=\"twitter:label1\" content=\"Written by\" \/>\n\t<meta name=\"twitter:data1\" content=\"We Love Cycling\" \/>\n\t<meta name=\"twitter:label2\" content=\"Est. reading time\" \/>\n\t<meta name=\"twitter:data2\" content=\"6\" \/>\n<script type=\"application\/ld+json\" class=\"yoast-schema-graph\">{\"@context\":\"https:\/\/schema.org\",\"@graph\":[{\"@type\":\"WebPage\",\"@id\":\"https:\/\/www.welovecycling.com\/cs\/2024\/07\/18\/oxid-uhelnaty-jako-doping-tadej-pogacar-a-jonas-vingegaard-obvineni-odmitaji\/\",\"url\":\"https:\/\/www.welovecycling.com\/cs\/2024\/07\/18\/oxid-uhelnaty-jako-doping-tadej-pogacar-a-jonas-vingegaard-obvineni-odmitaji\/\",\"name\":\"Oxid uhelnat\u00fd jako doping? Tadej Poga\u010dar a Jonas Vingegaard obvin\u011bn\u00ed odm\u00edtaj\u00ed | \u0160koda We Love Cycling - \u010cesk\u00e1 republika\",\"isPartOf\":{\"@id\":\"https:\/\/www.welovecycling.com\/cs\/#website\"},\"primaryImageOfPage\":{\"@id\":\"https:\/\/www.welovecycling.com\/cs\/2024\/07\/18\/oxid-uhelnaty-jako-doping-tadej-pogacar-a-jonas-vingegaard-obvineni-odmitaji\/#primaryimage\"},\"image\":{\"@id\":\"https:\/\/www.welovecycling.com\/cs\/2024\/07\/18\/oxid-uhelnaty-jako-doping-tadej-pogacar-a-jonas-vingegaard-obvineni-odmitaji\/#primaryimage\"},\"thumbnailUrl\":\"https:\/\/d2p6e6u75xmxt8.cloudfront.net\/13\/2024\/07\/20240714TDF0005-A.S.O._Billy_Ceusters-1-scaled.webp\",\"datePublished\":\"2024-07-18T16:43:53+00:00\",\"author\":{\"@id\":\"https:\/\/www.welovecycling.com\/cs\/#\/schema\/person\/d9eeb0a378f3a7e4a6d12d2b536b04b8\"},\"description\":\"V\u00fdjime\u010dn\u00e9 v\u00fdkony p\u0159in\u00e1\u0161\u00ed Tour de France 2024. Nejv\u011bt\u0161\u00ed hv\u011bzdy l\u00e1mou rekordy na legend\u00e1rn\u00edch stoup\u00e1n\u00edch. Den za dnem p\u0159edv\u00e1d\u00ed na silnic\u00edch Grande Boucle ohromuj\u00edc\u00ed oh\u0148ostroj vz\u00e1jemn\u00fdch \u00fatok\u016f. L\u00eddr formace UAE Emirates Tadej Poga\u010dar i jedni\u010dka Visma Lease a Bike Jonas Vingegaard \u010del\u00ed obvin\u011bn\u00ed z dopingu. A nejsou jedin\u00ed. \u00dadajn\u011b pou\u017e\u00edvaj\u00ed kontroverzn\u00ed metodu vdechov\u00e1n\u00ed oxidu uhelnat\u00e9ho (rebreatheringu) k vylep\u0161en\u00ed v\u00fdkonnosti.\",\"inLanguage\":\"cs\",\"potentialAction\":[{\"@type\":\"ReadAction\",\"target\":[\"https:\/\/www.welovecycling.com\/cs\/2024\/07\/18\/oxid-uhelnaty-jako-doping-tadej-pogacar-a-jonas-vingegaard-obvineni-odmitaji\/\"]}]},{\"@type\":\"ImageObject\",\"inLanguage\":\"cs\",\"@id\":\"https:\/\/www.welovecycling.com\/cs\/2024\/07\/18\/oxid-uhelnaty-jako-doping-tadej-pogacar-a-jonas-vingegaard-obvineni-odmitaji\/#primaryimage\",\"url\":\"https:\/\/d2p6e6u75xmxt8.cloudfront.net\/13\/2024\/07\/20240714TDF0005-A.S.O._Billy_Ceusters-1-scaled.webp\",\"contentUrl\":\"https:\/\/d2p6e6u75xmxt8.cloudfront.net\/13\/2024\/07\/20240714TDF0005-A.S.O._Billy_Ceusters-1-scaled.webp\",\"width\":2560,\"height\":1707},{\"@type\":\"WebSite\",\"@id\":\"https:\/\/www.welovecycling.com\/cs\/#website\",\"url\":\"https:\/\/www.welovecycling.com\/cs\/\",\"name\":\"\u0160koda We Love Cycling - \u010cesk\u00e1 republika\",\"description\":\"WeLoveCycling.cz je online magaz\u00edn, kter\u00fd v\u00e1m pravideln\u011b p\u0159in\u00e1\u0161\u00ed rady a tipy, zaj\u00edmav\u00e9 \u010dl\u00e1nky, videa a jedine\u010dn\u00e9 report\u00e1\u017ee ze sv\u011bta cyklistiky.\",\"potentialAction\":[{\"@type\":\"SearchAction\",\"target\":{\"@type\":\"EntryPoint\",\"urlTemplate\":\"https:\/\/www.welovecycling.com\/cs\/?s={search_term_string}\"},\"query-input\":{\"@type\":\"PropertyValueSpecification\",\"valueRequired\":true,\"valueName\":\"search_term_string\"}}],\"inLanguage\":\"cs\"},{\"@type\":\"Person\",\"@id\":\"https:\/\/www.welovecycling.com\/cs\/#\/schema\/person\/d9eeb0a378f3a7e4a6d12d2b536b04b8\",\"name\":\"radekmalina\",\"image\":{\"@type\":\"ImageObject\",\"inLanguage\":\"cs\",\"@id\":\"https:\/\/www.welovecycling.com\/cs\/#\/schema\/person\/image\/\",\"url\":\"https:\/\/secure.gravatar.com\/avatar\/66994b632cb8c39a46b9f54afa3ae07201b678d32a54275b6f1c9ffec356bfc0?s=96&d=mm&r=g\",\"contentUrl\":\"https:\/\/secure.gravatar.com\/avatar\/66994b632cb8c39a46b9f54afa3ae07201b678d32a54275b6f1c9ffec356bfc0?s=96&d=mm&r=g\",\"caption\":\"radekmalina\"},\"url\":\"https:\/\/www.welovecycling.com\/cs\/author\/radekmalina\/\"}]}<\/script>\n<!-- \/ Yoast SEO Premium plugin. -->","yoast_head_json":{"title":"Oxid uhelnat\u00fd jako doping? Tadej Poga\u010dar a Jonas Vingegaard obvin\u011bn\u00ed odm\u00edtaj\u00ed | \u0160koda We Love Cycling - \u010cesk\u00e1 republika","description":"V\u00fdjime\u010dn\u00e9 v\u00fdkony p\u0159in\u00e1\u0161\u00ed Tour de France 2024. Nejv\u011bt\u0161\u00ed hv\u011bzdy l\u00e1mou rekordy na legend\u00e1rn\u00edch stoup\u00e1n\u00edch. Den za dnem p\u0159edv\u00e1d\u00ed na silnic\u00edch Grande Boucle ohromuj\u00edc\u00ed oh\u0148ostroj vz\u00e1jemn\u00fdch \u00fatok\u016f. L\u00eddr formace UAE Emirates Tadej Poga\u010dar i jedni\u010dka Visma Lease a Bike Jonas Vingegaard \u010del\u00ed obvin\u011bn\u00ed z dopingu. A nejsou jedin\u00ed. \u00dadajn\u011b pou\u017e\u00edvaj\u00ed kontroverzn\u00ed metodu vdechov\u00e1n\u00ed oxidu uhelnat\u00e9ho (rebreatheringu) k vylep\u0161en\u00ed v\u00fdkonnosti.","robots":{"index":"index","follow":"follow","max-snippet":"max-snippet:-1","max-image-preview":"max-image-preview:large","max-video-preview":"max-video-preview:-1"},"canonical":"https:\/\/www.welovecycling.com\/cs\/2024\/07\/18\/oxid-uhelnaty-jako-doping-tadej-pogacar-a-jonas-vingegaard-obvineni-odmitaji\/","og_locale":"cs_CZ","og_type":"article","og_title":"Oxid uhelnat\u00fd jako doping? Tadej Poga\u010dar a Jonas Vingegaard obvin\u011bn\u00ed odm\u00edtaj\u00ed","og_description":"V\u00fdjime\u010dn\u00e9 v\u00fdkony p\u0159in\u00e1\u0161\u00ed Tour de France 2024. Nejv\u011bt\u0161\u00ed hv\u011bzdy l\u00e1mou rekordy na legend\u00e1rn\u00edch stoup\u00e1n\u00edch. Den za dnem p\u0159edv\u00e1d\u00ed na silnic\u00edch Grande Boucle ohromuj\u00edc\u00ed oh\u0148ostroj vz\u00e1jemn\u00fdch \u00fatok\u016f. L\u00eddr formace UAE Emirates Tadej Poga\u010dar i jedni\u010dka Visma Lease a Bike Jonas Vingegaard \u010del\u00ed obvin\u011bn\u00ed z dopingu. A nejsou jedin\u00ed. \u00dadajn\u011b pou\u017e\u00edvaj\u00ed kontroverzn\u00ed metodu vdechov\u00e1n\u00ed oxidu uhelnat\u00e9ho (rebreatheringu) k vylep\u0161en\u00ed v\u00fdkonnosti.","og_url":"https:\/\/www.welovecycling.com\/cs\/2024\/07\/18\/oxid-uhelnaty-jako-doping-tadej-pogacar-a-jonas-vingegaard-obvineni-odmitaji\/","og_site_name":"\u0160koda We Love Cycling - \u010cesk\u00e1 republika","article_published_time":"2024-07-18T16:43:53+00:00","og_image":[{"width":2560,"height":1707,"url":"https:\/\/d2p6e6u75xmxt8.cloudfront.net\/13\/2024\/07\/20240714TDF0005-A.S.O._Billy_Ceusters-1-scaled.webp","type":"image\/webp"}],"author":"radekmalina","twitter_card":"summary_large_image","twitter_misc":{"Written by":"We Love Cycling","Est. reading time":"6"},"schema":{"@context":"https:\/\/schema.org","@graph":[{"@type":"WebPage","@id":"https:\/\/www.welovecycling.com\/cs\/2024\/07\/18\/oxid-uhelnaty-jako-doping-tadej-pogacar-a-jonas-vingegaard-obvineni-odmitaji\/","url":"https:\/\/www.welovecycling.com\/cs\/2024\/07\/18\/oxid-uhelnaty-jako-doping-tadej-pogacar-a-jonas-vingegaard-obvineni-odmitaji\/","name":"Oxid uhelnat\u00fd jako doping? Tadej Poga\u010dar a Jonas Vingegaard obvin\u011bn\u00ed odm\u00edtaj\u00ed | \u0160koda We Love Cycling - \u010cesk\u00e1 republika","isPartOf":{"@id":"https:\/\/www.welovecycling.com\/cs\/#website"},"primaryImageOfPage":{"@id":"https:\/\/www.welovecycling.com\/cs\/2024\/07\/18\/oxid-uhelnaty-jako-doping-tadej-pogacar-a-jonas-vingegaard-obvineni-odmitaji\/#primaryimage"},"image":{"@id":"https:\/\/www.welovecycling.com\/cs\/2024\/07\/18\/oxid-uhelnaty-jako-doping-tadej-pogacar-a-jonas-vingegaard-obvineni-odmitaji\/#primaryimage"},"thumbnailUrl":"https:\/\/d2p6e6u75xmxt8.cloudfront.net\/13\/2024\/07\/20240714TDF0005-A.S.O._Billy_Ceusters-1-scaled.webp","datePublished":"2024-07-18T16:43:53+00:00","author":{"@id":"https:\/\/www.welovecycling.com\/cs\/#\/schema\/person\/d9eeb0a378f3a7e4a6d12d2b536b04b8"},"description":"V\u00fdjime\u010dn\u00e9 v\u00fdkony p\u0159in\u00e1\u0161\u00ed Tour de France 2024. Nejv\u011bt\u0161\u00ed hv\u011bzdy l\u00e1mou rekordy na legend\u00e1rn\u00edch stoup\u00e1n\u00edch. Den za dnem p\u0159edv\u00e1d\u00ed na silnic\u00edch Grande Boucle ohromuj\u00edc\u00ed oh\u0148ostroj vz\u00e1jemn\u00fdch \u00fatok\u016f. L\u00eddr formace UAE Emirates Tadej Poga\u010dar i jedni\u010dka Visma Lease a Bike Jonas Vingegaard \u010del\u00ed obvin\u011bn\u00ed z dopingu. A nejsou jedin\u00ed. \u00dadajn\u011b pou\u017e\u00edvaj\u00ed kontroverzn\u00ed metodu vdechov\u00e1n\u00ed oxidu uhelnat\u00e9ho (rebreatheringu) k vylep\u0161en\u00ed v\u00fdkonnosti.","inLanguage":"cs","potentialAction":[{"@type":"ReadAction","target":["https:\/\/www.welovecycling.com\/cs\/2024\/07\/18\/oxid-uhelnaty-jako-doping-tadej-pogacar-a-jonas-vingegaard-obvineni-odmitaji\/"]}]},{"@type":"ImageObject","inLanguage":"cs","@id":"https:\/\/www.welovecycling.com\/cs\/2024\/07\/18\/oxid-uhelnaty-jako-doping-tadej-pogacar-a-jonas-vingegaard-obvineni-odmitaji\/#primaryimage","url":"https:\/\/d2p6e6u75xmxt8.cloudfront.net\/13\/2024\/07\/20240714TDF0005-A.S.O._Billy_Ceusters-1-scaled.webp","contentUrl":"https:\/\/d2p6e6u75xmxt8.cloudfront.net\/13\/2024\/07\/20240714TDF0005-A.S.O._Billy_Ceusters-1-scaled.webp","width":2560,"height":1707},{"@type":"WebSite","@id":"https:\/\/www.welovecycling.com\/cs\/#website","url":"https:\/\/www.welovecycling.com\/cs\/","name":"\u0160koda We Love Cycling - \u010cesk\u00e1 republika","description":"WeLoveCycling.cz je online magaz\u00edn, kter\u00fd v\u00e1m pravideln\u011b p\u0159in\u00e1\u0161\u00ed rady a tipy, zaj\u00edmav\u00e9 \u010dl\u00e1nky, videa a jedine\u010dn\u00e9 report\u00e1\u017ee ze sv\u011bta cyklistiky.","potentialAction":[{"@type":"SearchAction","target":{"@type":"EntryPoint","urlTemplate":"https:\/\/www.welovecycling.com\/cs\/?s={search_term_string}"},"query-input":{"@type":"PropertyValueSpecification","valueRequired":true,"valueName":"search_term_string"}}],"inLanguage":"cs"},{"@type":"Person","@id":"https:\/\/www.welovecycling.com\/cs\/#\/schema\/person\/d9eeb0a378f3a7e4a6d12d2b536b04b8","name":"radekmalina","image":{"@type":"ImageObject","inLanguage":"cs","@id":"https:\/\/www.welovecycling.com\/cs\/#\/schema\/person\/image\/","url":"https:\/\/secure.gravatar.com\/avatar\/66994b632cb8c39a46b9f54afa3ae07201b678d32a54275b6f1c9ffec356bfc0?s=96&d=mm&r=g","contentUrl":"https:\/\/secure.gravatar.com\/avatar\/66994b632cb8c39a46b9f54afa3ae07201b678d32a54275b6f1c9ffec356bfc0?s=96&d=mm&r=g","caption":"radekmalina"},"url":"https:\/\/www.welovecycling.com\/cs\/author\/radekmalina\/"}]}},"_links":{"self":[{"href":"https:\/\/www.welovecycling.com\/cs\/wp-json\/wp\/v2\/posts\/26487","targetHints":{"allow":["GET"]}}],"collection":[{"href":"https:\/\/www.welovecycling.com\/cs\/wp-json\/wp\/v2\/posts"}],"about":[{"href":"https:\/\/www.welovecycling.com\/cs\/wp-json\/wp\/v2\/types\/post"}],"author":[{"embeddable":true,"href":"https:\/\/www.welovecycling.com\/cs\/wp-json\/wp\/v2\/users\/138"}],"replies":[{"embeddable":true,"href":"https:\/\/www.welovecycling.com\/cs\/wp-json\/wp\/v2\/comments?post=26487"}],"version-history":[{"count":6,"href":"https:\/\/www.welovecycling.com\/cs\/wp-json\/wp\/v2\/posts\/26487\/revisions"}],"predecessor-version":[{"id":26497,"href":"https:\/\/www.welovecycling.com\/cs\/wp-json\/wp\/v2\/posts\/26487\/revisions\/26497"}],"wp:featuredmedia":[{"embeddable":true,"href":"https:\/\/www.welovecycling.com\/cs\/wp-json\/wp\/v2\/media\/26489"}],"wp:attachment":[{"href":"https:\/\/www.welovecycling.com\/cs\/wp-json\/wp\/v2\/media?parent=26487"}],"wp:term":[{"taxonomy":"category","embeddable":true,"href":"https:\/\/www.welovecycling.com\/cs\/wp-json\/wp\/v2\/categories?post=26487"},{"taxonomy":"post_tag","embeddable":true,"href":"https:\/\/www.welovecycling.com\/cs\/wp-json\/wp\/v2\/tags?post=26487"},{"taxonomy":"global-categories","embeddable":true,"href":"https:\/\/www.welovecycling.com\/cs\/wp-json\/wp\/v2\/global-categories?post=26487"}],"curies":[{"name":"wp","href":"https:\/\/api.w.org\/{rel}","templated":true}]}}