{"id":26474,"date":"2024-07-17T12:00:15","date_gmt":"2024-07-17T10:00:15","guid":{"rendered":"https:\/\/www.welovecycling.com\/cs\/?p=26474"},"modified":"2024-07-24T15:21:25","modified_gmt":"2024-07-24T13:21:25","slug":"vsichni-si-mysleli-ze-bouchne-ale-jeho-vykon-je-obdivuhodny-klani-se-expert","status":"publish","type":"post","link":"https:\/\/www.welovecycling.com\/cs\/2024\/07\/17\/vsichni-si-mysleli-ze-bouchne-ale-jeho-vykon-je-obdivuhodny-klani-se-expert\/","title":{"rendered":"V\u0161ichni si mysleli, \u017ee bouchne. Ale jeho v\u00fdkon je obdivuhodn\u00fd, klan\u00ed se expert"},"content":{"rendered":"<p><strong>Jede nad o\u010dek\u00e1v\u00e1n\u00ed! A bo\u0159\u00ed v\u0161echny p\u0159edpov\u011bdi. P\u0159esto\u017ee na Tour de France debutuje, belgick\u00fd cyklista Remco Evenepoel z t\u00fdmu Soudal Quick Step dr\u017e\u00ed stupn\u011b v\u00edt\u011bz\u016f. Jako bonus nav\u00edc pro Vl\u010d\u00ed sme\u010dku vybojoval jedno etapov\u00ed v\u00edt\u011bzstv\u00ed a dominuje bitv\u011b o b\u00edl\u00fd trikot pro nejlep\u0161\u00edho jezdce do p\u011btadvaceti let. &#8222;Jede neuv\u011b\u0159iteln\u011b,&#8220; \u0159\u00edk\u00e1 Zden\u011bk \u0160tybar, ambasador We Love Cycling.<\/strong><\/p>\n<p>Jeden z nejlep\u0161\u00edch z\u00e1vodn\u00edk\u016f \u010desk\u00e9 historie v \u00fanoru ukon\u010dil kari\u00e9ru, ale Remco Evenepoel se na sc\u00e9nu v t\u00fdmu Quick Step dostal po jeho boku. Borec ze St\u0159\u00edbra pro\u017eil s b\u00fdval\u00fdm fotbalistou \u010dty\u0159i sezony. A te\u010f se klan\u00ed p\u0159edstaven\u00ed b\u00fdval\u00e9ho hr\u00e1\u010de Anderlechtu na Tour de France 2024&#8230;<\/p>\n<p>&#8222;Remco jel v minulosti dvakr\u00e1t italsk\u00e9 Giro, ale nikdy nedojel do c\u00edle. P\u0159ed dv\u011bma lety vyhr\u00e1l Vueltu, kde ovl\u00e1dl dv\u011b etapy. Minul\u00fd rok tamt\u00e9\u017e vyhr\u00e1l dokonce t\u0159i. Jen\u017ee v etap\u011b na Tourmalet chytil manko sedmadvacet minut. A spousta lid\u00ed si nepochybn\u011b myslela, \u017ee vybouchne i na Tour de France. Ale jede naprosto neuv\u011b\u0159iteln\u011b.<\/p>\n<h2><strong>M\u00e1 to srovnan\u00e9 v hlav\u011b<\/strong><\/h2>\n<p>Fakt, \u017ee vyhr\u00e1l Vueltu, na Tour de France nic neznamen\u00e1. Jsou z\u00e1vody, existuj\u00ed Grand Tour, a pak je Tour de France. T\u00fdm na n\u011bj vsadil, postupn\u011b se m\u011bn\u00ed z formace sb\u00edraj\u00edc\u00ed etapy na st\u00e1j, kter\u00e1 se bude zam\u011b\u0159ovat na celkov\u00e9 po\u0159ad\u00ed. Obn\u00e1\u0161\u00ed to velk\u00fd tlak. V sou\u010dtu s debutem p\u0159edv\u00e1d\u00ed ohromuj\u00edc\u00ed v\u00fdkon. Vyjel si n\u00e1skok, aby mohl v klidu h\u00e1jit t\u0159et\u00ed m\u00edsto. A jel t\u00e9m\u011b\u0159 stejn\u011b jako Jonas Vingegaard z t\u00fdmu Visma Lease a Bike. Pokud pominu okam\u017eik \u00fatoku d\u00e1nsk\u00e9ho obh\u00e1jce titulu, jeli t\u00e9m\u011b\u0159 stejn\u00e9 tempo. A to je p\u0159i premi\u00e9rov\u00e9 \u00fa\u010dasti obdivuhodn\u00e9.<\/p>\n<figure id=\"attachment_26477\" aria-describedby=\"caption-attachment-26477\" style=\"width: 1000px\" class=\"wp-caption alignnone\"><a href=\"https:\/\/d2p6e6u75xmxt8.cloudfront.net\/13\/2024\/07\/remco-evenepoel-2.webp\"><img loading=\"lazy\" decoding=\"async\" class=\"size-full wp-image-26477\" src=\"https:\/\/d2p6e6u75xmxt8.cloudfront.net\/13\/2024\/07\/remco-evenepoel-2.webp\" alt=\"Remco Evenepoel, Tadej Poga\u010dar a Biniam Girmay p\u0159i Tour de France 2024.\" width=\"1000\" height=\"666\" srcset=\"https:\/\/d2p6e6u75xmxt8.cloudfront.net\/13\/2024\/07\/remco-evenepoel-2.webp 1000w, https:\/\/d2p6e6u75xmxt8.cloudfront.net\/13\/2024\/07\/remco-evenepoel-2-300x200.webp 300w, https:\/\/d2p6e6u75xmxt8.cloudfront.net\/13\/2024\/07\/remco-evenepoel-2-768x511.webp 768w, https:\/\/d2p6e6u75xmxt8.cloudfront.net\/13\/2024\/07\/remco-evenepoel-2-400x266.webp 400w, https:\/\/d2p6e6u75xmxt8.cloudfront.net\/13\/2024\/07\/remco-evenepoel-2-272x182.webp 272w\" sizes=\"auto, (max-width: 1000px) 100vw, 1000px\" \/><\/a><figcaption id=\"caption-attachment-26477\" class=\"wp-caption-text\"><em>Remco Evenepoel, Tadej Poga\u010dar a Biniam Girmay p\u0159i Tour de France 2024. Foto: A.S.O.\/Charly Lopez<\/em><\/figcaption><\/figure>\n<p>Je t\u0159eba vyzdvihnout jeho hlavu, jak to m\u00e1 srovnan\u00e9. Kdy\u017e se Jonas Vingegaard zvedl k \u00fatoku, Remco nereagoval. Ani se nezvedl. V\u011bd\u011bl, \u017ee by se mohl odrovnat, a tak pokra\u010doval konzistentn\u00ed rychlost\u00ed. P\u0159itom ur\u010dit\u011b by dok\u00e1zal jet podobn\u00fd v\u00fdkon jako ti dva vp\u0159edu. Rozhodn\u011b um\u00ed vytla\u010dit sedm watt\u016f na kilogram.<\/p>\n<div class=\"shortcode-ys-post-pinup\"><article class=\"loop-simple post-26429 post type-post status-publish format-standard has-post-thumbnail hentry category-zdravi-a-trenink tag-cyklistika tag-regenerace tag-regenerace-na-tour-de-france tag-silnicni-cyklistika tag-tour-de-france tag-tour-de-france-2024 tag-zdravi-a-trenink global-categories-cycling\" data-postid=\"26429\" role=\"article\" data-post-id=\"26429\" data-word-count=\"682\" data-headline-length=\"79\" data-category=\"Zdrav\u00ed a tr\u00e9nink\" data-global-category=\"Cycling\" data-author=\"We Love Cycling\" data-published=\"2024-07-16T05:00:36+02:00\" data-published-day=\"Tuesday\">\n    <div class=\"entry-thumbnail article-thumbnail\" content=\"https:\/\/d2p6e6u75xmxt8.cloudfront.net\/13\/2024\/07\/profimedia-0774939101-150x150.webp\"><a href=\"https:\/\/www.welovecycling.com\/cs\/2024\/07\/16\/jak-vypada-regenerace-na-tour-de-france-a-proc-si-tadej-pogacar-vozi-vanu\/\" class=\"image-holder\" target=\"_self\"><img decoding=\"async\" loading=\"lazy\" class=\"\" src=\"https:\/\/d2p6e6u75xmxt8.cloudfront.net\/13\/2024\/07\/profimedia-0774939101-1024x683.webp\" srcset=\"https:\/\/d2p6e6u75xmxt8.cloudfront.net\/13\/2024\/07\/profimedia-0774939101.webp 1800w, https:\/\/d2p6e6u75xmxt8.cloudfront.net\/13\/2024\/07\/profimedia-0774939101-300x200.webp 300w, https:\/\/d2p6e6u75xmxt8.cloudfront.net\/13\/2024\/07\/profimedia-0774939101-1024x683.webp 1024w, https:\/\/d2p6e6u75xmxt8.cloudfront.net\/13\/2024\/07\/profimedia-0774939101-768x512.webp 768w, https:\/\/d2p6e6u75xmxt8.cloudfront.net\/13\/2024\/07\/profimedia-0774939101-1536x1024.webp 1536w, https:\/\/d2p6e6u75xmxt8.cloudfront.net\/13\/2024\/07\/profimedia-0774939101-400x267.webp 400w, https:\/\/d2p6e6u75xmxt8.cloudfront.net\/13\/2024\/07\/profimedia-0774939101-272x182.webp 272w\" width=\"1024\" height=\"683\" sizes=\"auto, (min-width: 1200px) 300px, (min-width: 768px) 25vw, 100vw\" alt=\"jak-vypada-regenerace-na-tour-de-france-a-proc-si-tadej-pogacar-vozi-vanu\"\/><\/a><\/div>    <div class=\"entry-meta\">\n        <a class=\"label label-secondary post-category\" href=\"https:\/\/www.welovecycling.com\/cs\/category\/zdravi-a-trenink\/\" title=\"Zdrav\u00ed a tr\u00e9nink\">Zdrav\u00ed a tr\u00e9nink<\/a>\n    <\/div>\n    <div class=\"entry-details\">\n        <a href=\"https:\/\/www.welovecycling.com\/cs\/2024\/07\/16\/jak-vypada-regenerace-na-tour-de-france-a-proc-si-tadej-pogacar-vozi-vanu\/\" class='entry-title-wrapper'>\n            <h3 class=\"entry-title\"><span>Jak vypad\u00e1 regenerace na Tour de France? A pro\u010d si Tadej Poga\u010dar voz\u00ed vanu?<\/span><\/h3>\n        <\/a>\n    <\/div>\n    <\/article>\n<\/div>\n<p>Jsem si jist\u00fd, \u017ee bude cht\u00edt dr\u017eet podium a pojede stejn\u00fdm zp\u016fsobem a\u017e do Nice. Dr\u017e\u00ed b\u00edl\u00fd dres a t\u0159et\u00ed m\u00edsto v pr\u016fb\u011b\u017en\u00e9m po\u0159ad\u00ed. M\u00e1 pom\u011brn\u011b solidn\u00ed n\u00e1skok. Kdyby zkou\u0161el \u00fato\u010dit na Vingegaarda, mohl by ztratit stupn\u011b v\u00edt\u011bz\u016f, kter\u00e9 jsou pro Soudal Quick Step skv\u011bl\u00fdm v\u00fdsledkem. Jestli bude t\u0159et\u00ed nebo druh\u00fd nehraje velkou roli. Tour de France nevyhraje a podium je par\u00e1dn\u00ed. Vypadnout mimo nejlep\u0161\u00ed trojku by za dan\u00e9 konstelace bylo nep\u0159\u00edjemn\u00e9.<\/p>\n<p>Uk\u00e1zal skv\u011blou formu p\u0159i \u010dasovce. A troufnu si tvrdit, \u017ee pr\u00e1v\u011b na z\u00e1v\u011bre\u010dnou \u010dasovku do Nice se zam\u011b\u0159\u00ed. Kdyby ji vyhr\u00e1l, podruh\u00e9 v jednom ro\u010dn\u00edku Tour de France, a byl p\u0159itom na stupn\u00edch v\u00edt\u011bz\u016f celkov\u00e9ho po\u0159ad\u00ed, \u0161lo by o v\u00fdjime\u010dn\u00fd \u00fasp\u011bch.<\/p>\n<p><a href=\"https:\/\/d2p6e6u75xmxt8.cloudfront.net\/13\/2024\/07\/remco-evenepoel-5.webp\"><img loading=\"lazy\" decoding=\"async\" class=\"alignnone size-full wp-image-26479\" src=\"https:\/\/d2p6e6u75xmxt8.cloudfront.net\/13\/2024\/07\/remco-evenepoel-5.webp\" alt=\"\" width=\"1000\" height=\"666\" srcset=\"https:\/\/d2p6e6u75xmxt8.cloudfront.net\/13\/2024\/07\/remco-evenepoel-5.webp 1000w, https:\/\/d2p6e6u75xmxt8.cloudfront.net\/13\/2024\/07\/remco-evenepoel-5-300x200.webp 300w, https:\/\/d2p6e6u75xmxt8.cloudfront.net\/13\/2024\/07\/remco-evenepoel-5-768x511.webp 768w, https:\/\/d2p6e6u75xmxt8.cloudfront.net\/13\/2024\/07\/remco-evenepoel-5-400x266.webp 400w, https:\/\/d2p6e6u75xmxt8.cloudfront.net\/13\/2024\/07\/remco-evenepoel-5-272x182.webp 272w\" sizes=\"auto, (max-width: 1000px) 100vw, 1000px\" \/><\/a><\/p>\n<p>P\u0159i \u010dasovce v sedm\u00e9 etap\u011b najel na Jonase Vingegaarda p\u0159es t\u0159icet sekund. V z\u00e1v\u011bre\u010dn\u00fd den m\u00e1 \u010dasovka je\u0161t\u011b o osm kilometr\u016f v\u00edce. Po v\u0161ech t\u011bch kilometrech v hor\u00e1ch jde o naprosto nep\u0159edv\u00eddateln\u00fd souboj.<\/p>\n<h2><strong>P\u0159estoup\u00ed Remco Evenepoel?<\/strong><\/h2>\n<p>Byl jsem v Quick Stepu a\u017e na jednu posledn\u00ed sezonu celou kari\u00e9ru a moc t\u00fdmu tenhle \u00fasp\u011bch p\u0159eju. U\u017e v p\u0159edstihu prohl\u00e1sili, \u017ee je Remco Evenepoel adept na v\u00edt\u011bzstv\u00ed v Tour de France. Je nezpochybniteln\u00e9, \u017ee jde o l\u00eddra na Grand Tour. Pokud udr\u017e\u00ed t\u0159et\u00ed m\u00edsto, p\u016fjde o nov\u00fd impuls, aby do t\u00fdmu je\u0161t\u011b v\u00edce investovali. P\u0159ivedli dal\u0161\u00ed skv\u011bl\u00e9 domestiky. Je jasn\u00e9, \u017ee aktu\u00e1ln\u00ed skladba z hlediska bitvy o prvn\u00ed m\u00edsto je\u0161t\u011b nen\u00ed ide\u00e1ln\u00ed. Na druhou stranu, aby mohli konkurovat t\u00fdmu jako je UAE Emirates, museli by m\u00edt v\u011bt\u0161\u00ed rozpo\u010det. Ale up\u0159\u00edmn\u011b, nev\u00edm, koho by m\u011bli koupit.<\/p>\n<div class=\"shortcode-ys-post-pinup\"><article class=\"loop-simple post-26337 post type-post status-publish format-standard has-post-thumbnail hentry category-tour-de-france tag-chris-froome tag-cyklistika tag-financni-odmeny tag-jasper-philipsen tag-jonas-vingegaard tag-mathieu-van-der-poel tag-mzda tag-mzdy-cyklistu tag-plat tag-plat-cyklistu tag-plat-ve-world-tour tag-primoz-roglic tag-remco-evenepoel tag-silnicni-cyklistika tag-tadej-pogacar tag-tour-de-france tag-tour-de-france-2024 tag-wout-van-aert global-categories-cycling\" data-postid=\"26337\" role=\"article\" data-post-id=\"26337\" data-word-count=\"789\" data-headline-length=\"79\" data-category=\"Tour de France\" data-global-category=\"Cycling\" data-author=\"We Love Cycling\" data-published=\"2024-07-13T14:01:09+02:00\" data-published-day=\"Saturday\">\n    <div class=\"entry-thumbnail article-thumbnail\" content=\"https:\/\/d2p6e6u75xmxt8.cloudfront.net\/13\/2024\/07\/20240709TDF1078-A.S.O._Charly_Lopez-150x150.webp\"><a href=\"https:\/\/www.welovecycling.com\/cs\/2024\/07\/13\/kdo-je-nejlepe-placeny-jezdec-na-tour-de-france-a-jaka-je-minimalni-mzda\/\" class=\"image-holder\" target=\"_self\"><img decoding=\"async\" loading=\"lazy\" class=\"\" src=\"https:\/\/d2p6e6u75xmxt8.cloudfront.net\/13\/2024\/07\/20240709TDF1078-A.S.O._Charly_Lopez-1024x682.webp\" srcset=\"https:\/\/d2p6e6u75xmxt8.cloudfront.net\/13\/2024\/07\/20240709TDF1078-A.S.O._Charly_Lopez-scaled.webp 2560w, https:\/\/d2p6e6u75xmxt8.cloudfront.net\/13\/2024\/07\/20240709TDF1078-A.S.O._Charly_Lopez-300x200.webp 300w, https:\/\/d2p6e6u75xmxt8.cloudfront.net\/13\/2024\/07\/20240709TDF1078-A.S.O._Charly_Lopez-1024x682.webp 1024w, https:\/\/d2p6e6u75xmxt8.cloudfront.net\/13\/2024\/07\/20240709TDF1078-A.S.O._Charly_Lopez-768x512.webp 768w, https:\/\/d2p6e6u75xmxt8.cloudfront.net\/13\/2024\/07\/20240709TDF1078-A.S.O._Charly_Lopez-1536x1023.webp 1536w, https:\/\/d2p6e6u75xmxt8.cloudfront.net\/13\/2024\/07\/20240709TDF1078-A.S.O._Charly_Lopez-2048x1365.webp 2048w, https:\/\/d2p6e6u75xmxt8.cloudfront.net\/13\/2024\/07\/20240709TDF1078-A.S.O._Charly_Lopez-1920x1279.webp 1920w, https:\/\/d2p6e6u75xmxt8.cloudfront.net\/13\/2024\/07\/20240709TDF1078-A.S.O._Charly_Lopez-400x267.webp 400w, https:\/\/d2p6e6u75xmxt8.cloudfront.net\/13\/2024\/07\/20240709TDF1078-A.S.O._Charly_Lopez-272x182.webp 272w, https:\/\/d2p6e6u75xmxt8.cloudfront.net\/13\/2024\/07\/20240709TDF1078-A.S.O._Charly_Lopez-1920x1279.webp 1920w\" width=\"1024\" height=\"682\" sizes=\"auto, (min-width: 1200px) 300px, (min-width: 768px) 25vw, 100vw\" alt=\"kdo-je-nejlepe-placeny-jezdec-na-tour-de-france-a-jaka-je-minimalni-mzda\"\/><\/a><\/div>    <div class=\"entry-meta\">\n        <a class=\"label label-secondary post-category\" href=\"https:\/\/www.welovecycling.com\/cs\/category\/tour-de-france\/\" title=\"Tour de France\">Tour de France<\/a>\n    <\/div>\n    <div class=\"entry-details\">\n        <a href=\"https:\/\/www.welovecycling.com\/cs\/2024\/07\/13\/kdo-je-nejlepe-placeny-jezdec-na-tour-de-france-a-jaka-je-minimalni-mzda\/\" class='entry-title-wrapper'>\n            <h3 class=\"entry-title\"><span>Kdo je nejl\u00e9pe placen\u00fd jezdec na Tour de France? A jak\u00e1 je minim\u00e1ln\u00ed mzda?<\/span><\/h3>\n        <\/a>\n    <\/div>\n    <\/article>\n<\/div>\n<p>\u017de se objevily zv\u011bst\u00ed o z\u00e1jmu t\u00fdmu Red Bull Bora-hansgrohe je asi stejn\u00e9, jako se v minulosti spekulovalo o z\u00e1jmu Ineosu Grenadiers. Jsou to f\u00e1my, kter\u00e9 budou v\u017edy. Jde o t\u00fdmy, kter\u00e9 si mohou dovolit koupit kohokoliv. Ale pro\u010d by <a href=\"https:\/\/www.procyclingstats.com\/rider\/remco-evenepoel\/start\">Remco Evenepoel<\/a> m\u011bl odej\u00edt z Quick Stepu?<\/p>\n<figure id=\"attachment_25799\" aria-describedby=\"caption-attachment-25799\" style=\"width: 1920px\" class=\"wp-caption alignnone\"><a href=\"https:\/\/d2p6e6u75xmxt8.cloudfront.net\/13\/2024\/06\/3C9A1731-scaled.webp\"><img loading=\"lazy\" decoding=\"async\" class=\"size-extra-large wp-image-25799\" src=\"https:\/\/d2p6e6u75xmxt8.cloudfront.net\/13\/2024\/06\/3C9A1731-1920x1280.webp\" alt=\"Zden\u011bk \u0160tybar\" width=\"1920\" height=\"1280\" srcset=\"https:\/\/d2p6e6u75xmxt8.cloudfront.net\/13\/2024\/06\/3C9A1731-1920x1280.webp 1920w, https:\/\/d2p6e6u75xmxt8.cloudfront.net\/13\/2024\/06\/3C9A1731-300x200.webp 300w, https:\/\/d2p6e6u75xmxt8.cloudfront.net\/13\/2024\/06\/3C9A1731-1024x683.webp 1024w, https:\/\/d2p6e6u75xmxt8.cloudfront.net\/13\/2024\/06\/3C9A1731-768x512.webp 768w, https:\/\/d2p6e6u75xmxt8.cloudfront.net\/13\/2024\/06\/3C9A1731-1536x1024.webp 1536w, https:\/\/d2p6e6u75xmxt8.cloudfront.net\/13\/2024\/06\/3C9A1731-2048x1365.webp 2048w, https:\/\/d2p6e6u75xmxt8.cloudfront.net\/13\/2024\/06\/3C9A1731-400x267.webp 400w, https:\/\/d2p6e6u75xmxt8.cloudfront.net\/13\/2024\/06\/3C9A1731-272x182.webp 272w, https:\/\/d2p6e6u75xmxt8.cloudfront.net\/13\/2024\/06\/3C9A1731-1920x1280.webp 1920w\" sizes=\"auto, (max-width: 1920px) 100vw, 1920px\" \/><\/a><figcaption id=\"caption-attachment-25799\" class=\"wp-caption-text\"><em>Zden\u011bk \u0160tybar, b\u00fdval\u00fd z\u00e1vodn\u00edk t\u00fdmu Quick Step, je ambasadorem We Love Cycling.<\/em><\/figcaption><\/figure>\n<p>Je Belgi\u010dan v belgick\u00e9m t\u00fdmu, kter\u00fd mu vytv\u00e1\u0159\u00ed <a href=\"https:\/\/www.welovecycling.com\/cs\/2023\/09\/15\/armada-neviditelnych-kolik-lidi-pecuje-o-hvezdy-jako-je-sepp-kuss-jonas-vingegaard-ci-remco-evenepoel\/\">maxim\u00e1ln\u00ed podm\u00ednky pro \u00fasp\u011bch<\/a>. Nem\u016f\u017ee \u0159\u00edct jedin\u00e9 slovo proti t\u00fdmu. Mo\u017en\u00e1 by u\u017e nyn\u00ed mohl m\u00edt o jednoho super domestika nav\u00edc. Ale zm\u011bnilo by to n\u011bco v okam\u017eiku, kdy jede proti dv\u011bma super t\u00fdm\u016fm? P\u0159estupem by nic nez\u00edskal. To\u010d\u00ed se kolem n\u011bj cel\u00e1 Vl\u010d\u00ed sme\u010dka. Nem\u00e1 d\u016fvod odch\u00e1zet.&#8220;<\/p>\n<p><em>Tituln\u00ed foto: A.S.O.\/Billy Ceusters<\/em><\/p>\n","protected":false},"excerpt":{"rendered":"<p>Jede nad o\u010dek\u00e1v\u00e1n\u00ed! A bo\u0159\u00ed v\u0161echny p\u0159edpov\u011bdi. P\u0159esto\u017ee na Tour de France debutuje, belgick\u00fd cyklista Remco Evenepoel z t\u00fdmu Soudal [&hellip;]<\/p>\n","protected":false},"author":138,"featured_media":26669,"comment_status":"open","ping_status":"open","sticky":false,"template":"","format":"standard","meta":{"footnotes":""},"categories":[10,1711],"tags":[126,1601,1072,9,502,23,3276,73],"global-categories":[411],"class_list":["post-26474","post","type-post","status-publish","format-standard","has-post-thumbnail","hentry","category-silnicni-cyklistika","category-tour-de-france","tag-cyklistika","tag-jonas-vingegaard","tag-remco-evenepoel","tag-silnicni-cyklistika","tag-tadej-pogacar","tag-tour-de-france","tag-tour-de-france-2024","tag-zdenek-stybar","global-categories-cycling"],"yoast_head":"<!-- This site is optimized with the Yoast SEO Premium plugin v25.3 (Yoast SEO v25.9) - https:\/\/yoast.com\/wordpress\/plugins\/seo\/ -->\n<title>V\u0161ichni si mysleli, \u017ee bouchne. Ale jeho v\u00fdkon je obdivuhodn\u00fd, klan\u00ed se expert | \u0160koda We Love Cycling - \u010cesk\u00e1 republika<\/title>\n<meta name=\"description\" content=\"Jede nad o\u010dek\u00e1v\u00e1n\u00ed! A bo\u0159\u00ed v\u0161echny p\u0159edpov\u011bdi. P\u0159esto\u017ee na Tour de France debutuje, belgick\u00fd cyklista Remco Evenepoel z t\u00fdmu Soudal Quick Step dr\u017e\u00ed stupn\u011b v\u00edt\u011bz\u016f. Jako bonus nav\u00edc pro Vl\u010d\u00ed sme\u010dku vybojoval jedno etapov\u00ed v\u00edt\u011bzstv\u00ed a dominuje bitv\u011b o b\u00edl\u00fd trikot pro nejlep\u0161\u00edho jezdce do p\u011btadvaceti let. &quot;Jede neuv\u011b\u0159iteln\u011b,&quot; \u0159\u00edk\u00e1 Zden\u011bk \u0160tybar, ambasador We Love Cycling.\" \/>\n<meta name=\"robots\" content=\"index, follow, max-snippet:-1, max-image-preview:large, max-video-preview:-1\" \/>\n<link rel=\"canonical\" href=\"https:\/\/www.welovecycling.com\/cs\/2024\/07\/17\/vsichni-si-mysleli-ze-bouchne-ale-jeho-vykon-je-obdivuhodny-klani-se-expert\/\" \/>\n<meta property=\"og:locale\" content=\"cs_CZ\" \/>\n<meta property=\"og:type\" content=\"article\" \/>\n<meta property=\"og:title\" content=\"V\u0161ichni si mysleli, \u017ee bouchne. Ale jeho v\u00fdkon je obdivuhodn\u00fd, klan\u00ed se expert\" \/>\n<meta property=\"og:description\" content=\"Jede nad o\u010dek\u00e1v\u00e1n\u00ed! A bo\u0159\u00ed v\u0161echny p\u0159edpov\u011bdi. P\u0159esto\u017ee na Tour de France debutuje, belgick\u00fd cyklista Remco Evenepoel z t\u00fdmu Soudal Quick Step dr\u017e\u00ed stupn\u011b v\u00edt\u011bz\u016f. Jako bonus nav\u00edc pro Vl\u010d\u00ed sme\u010dku vybojoval jedno etapov\u00ed v\u00edt\u011bzstv\u00ed a dominuje bitv\u011b o b\u00edl\u00fd trikot pro nejlep\u0161\u00edho jezdce do p\u011btadvaceti let. &quot;Jede neuv\u011b\u0159iteln\u011b,&quot; \u0159\u00edk\u00e1 Zden\u011bk \u0160tybar, ambasador We Love Cycling.\" \/>\n<meta property=\"og:url\" content=\"https:\/\/www.welovecycling.com\/cs\/2024\/07\/17\/vsichni-si-mysleli-ze-bouchne-ale-jeho-vykon-je-obdivuhodny-klani-se-expert\/\" \/>\n<meta property=\"og:site_name\" content=\"\u0160koda We Love Cycling - \u010cesk\u00e1 republika\" \/>\n<meta property=\"article:published_time\" content=\"2024-07-17T10:00:15+00:00\" \/>\n<meta property=\"article:modified_time\" content=\"2024-07-24T13:21:25+00:00\" \/>\n<meta property=\"og:image\" content=\"https:\/\/d2p6e6u75xmxt8.cloudfront.net\/13\/2024\/07\/1800-x-1200-velky.webp\" \/>\n\t<meta property=\"og:image:width\" content=\"1800\" \/>\n\t<meta property=\"og:image:height\" content=\"1200\" \/>\n\t<meta property=\"og:image:type\" content=\"image\/webp\" \/>\n<meta name=\"author\" content=\"radekmalina\" \/>\n<meta name=\"twitter:card\" content=\"summary_large_image\" \/>\n<meta name=\"twitter:label1\" content=\"Written by\" \/>\n\t<meta name=\"twitter:data1\" content=\"We Love Cycling\" \/>\n\t<meta name=\"twitter:label2\" content=\"Est. reading time\" \/>\n\t<meta name=\"twitter:data2\" content=\"6\" \/>\n<script type=\"application\/ld+json\" class=\"yoast-schema-graph\">{\"@context\":\"https:\/\/schema.org\",\"@graph\":[{\"@type\":\"WebPage\",\"@id\":\"https:\/\/www.welovecycling.com\/cs\/2024\/07\/17\/vsichni-si-mysleli-ze-bouchne-ale-jeho-vykon-je-obdivuhodny-klani-se-expert\/\",\"url\":\"https:\/\/www.welovecycling.com\/cs\/2024\/07\/17\/vsichni-si-mysleli-ze-bouchne-ale-jeho-vykon-je-obdivuhodny-klani-se-expert\/\",\"name\":\"V\u0161ichni si mysleli, \u017ee bouchne. Ale jeho v\u00fdkon je obdivuhodn\u00fd, klan\u00ed se expert | \u0160koda We Love Cycling - \u010cesk\u00e1 republika\",\"isPartOf\":{\"@id\":\"https:\/\/www.welovecycling.com\/cs\/#website\"},\"primaryImageOfPage\":{\"@id\":\"https:\/\/www.welovecycling.com\/cs\/2024\/07\/17\/vsichni-si-mysleli-ze-bouchne-ale-jeho-vykon-je-obdivuhodny-klani-se-expert\/#primaryimage\"},\"image\":{\"@id\":\"https:\/\/www.welovecycling.com\/cs\/2024\/07\/17\/vsichni-si-mysleli-ze-bouchne-ale-jeho-vykon-je-obdivuhodny-klani-se-expert\/#primaryimage\"},\"thumbnailUrl\":\"https:\/\/d2p6e6u75xmxt8.cloudfront.net\/13\/2024\/07\/1800-x-1200-velky.webp\",\"datePublished\":\"2024-07-17T10:00:15+00:00\",\"dateModified\":\"2024-07-24T13:21:25+00:00\",\"author\":{\"@id\":\"https:\/\/www.welovecycling.com\/cs\/#\/schema\/person\/d9eeb0a378f3a7e4a6d12d2b536b04b8\"},\"description\":\"Jede nad o\u010dek\u00e1v\u00e1n\u00ed! A bo\u0159\u00ed v\u0161echny p\u0159edpov\u011bdi. P\u0159esto\u017ee na Tour de France debutuje, belgick\u00fd cyklista Remco Evenepoel z t\u00fdmu Soudal Quick Step dr\u017e\u00ed stupn\u011b v\u00edt\u011bz\u016f. Jako bonus nav\u00edc pro Vl\u010d\u00ed sme\u010dku vybojoval jedno etapov\u00ed v\u00edt\u011bzstv\u00ed a dominuje bitv\u011b o b\u00edl\u00fd trikot pro nejlep\u0161\u00edho jezdce do p\u011btadvaceti let. \\\"Jede neuv\u011b\u0159iteln\u011b,\\\" \u0159\u00edk\u00e1 Zden\u011bk \u0160tybar, ambasador We Love Cycling.\",\"inLanguage\":\"cs\",\"potentialAction\":[{\"@type\":\"ReadAction\",\"target\":[\"https:\/\/www.welovecycling.com\/cs\/2024\/07\/17\/vsichni-si-mysleli-ze-bouchne-ale-jeho-vykon-je-obdivuhodny-klani-se-expert\/\"]}]},{\"@type\":\"ImageObject\",\"inLanguage\":\"cs\",\"@id\":\"https:\/\/www.welovecycling.com\/cs\/2024\/07\/17\/vsichni-si-mysleli-ze-bouchne-ale-jeho-vykon-je-obdivuhodny-klani-se-expert\/#primaryimage\",\"url\":\"https:\/\/d2p6e6u75xmxt8.cloudfront.net\/13\/2024\/07\/1800-x-1200-velky.webp\",\"contentUrl\":\"https:\/\/d2p6e6u75xmxt8.cloudfront.net\/13\/2024\/07\/1800-x-1200-velky.webp\",\"width\":1800,\"height\":1200,\"caption\":\"Zden\u011bk \u0160tybar Roubaix Wout van Aert Mathias Vacek Tadej Poga\u010dar Remco Evenepoel Mathieu van der Poel\"},{\"@type\":\"WebSite\",\"@id\":\"https:\/\/www.welovecycling.com\/cs\/#website\",\"url\":\"https:\/\/www.welovecycling.com\/cs\/\",\"name\":\"\u0160koda We Love Cycling - \u010cesk\u00e1 republika\",\"description\":\"WeLoveCycling.cz je online magaz\u00edn, kter\u00fd v\u00e1m pravideln\u011b p\u0159in\u00e1\u0161\u00ed rady a tipy, zaj\u00edmav\u00e9 \u010dl\u00e1nky, videa a jedine\u010dn\u00e9 report\u00e1\u017ee ze sv\u011bta cyklistiky.\",\"potentialAction\":[{\"@type\":\"SearchAction\",\"target\":{\"@type\":\"EntryPoint\",\"urlTemplate\":\"https:\/\/www.welovecycling.com\/cs\/?s={search_term_string}\"},\"query-input\":{\"@type\":\"PropertyValueSpecification\",\"valueRequired\":true,\"valueName\":\"search_term_string\"}}],\"inLanguage\":\"cs\"},{\"@type\":\"Person\",\"@id\":\"https:\/\/www.welovecycling.com\/cs\/#\/schema\/person\/d9eeb0a378f3a7e4a6d12d2b536b04b8\",\"name\":\"radekmalina\",\"image\":{\"@type\":\"ImageObject\",\"inLanguage\":\"cs\",\"@id\":\"https:\/\/www.welovecycling.com\/cs\/#\/schema\/person\/image\/\",\"url\":\"https:\/\/secure.gravatar.com\/avatar\/66994b632cb8c39a46b9f54afa3ae07201b678d32a54275b6f1c9ffec356bfc0?s=96&d=mm&r=g\",\"contentUrl\":\"https:\/\/secure.gravatar.com\/avatar\/66994b632cb8c39a46b9f54afa3ae07201b678d32a54275b6f1c9ffec356bfc0?s=96&d=mm&r=g\",\"caption\":\"radekmalina\"},\"url\":\"https:\/\/www.welovecycling.com\/cs\/author\/radekmalina\/\"}]}<\/script>\n<!-- \/ Yoast SEO Premium plugin. -->","yoast_head_json":{"title":"V\u0161ichni si mysleli, \u017ee bouchne. Ale jeho v\u00fdkon je obdivuhodn\u00fd, klan\u00ed se expert | \u0160koda We Love Cycling - \u010cesk\u00e1 republika","description":"Jede nad o\u010dek\u00e1v\u00e1n\u00ed! A bo\u0159\u00ed v\u0161echny p\u0159edpov\u011bdi. P\u0159esto\u017ee na Tour de France debutuje, belgick\u00fd cyklista Remco Evenepoel z t\u00fdmu Soudal Quick Step dr\u017e\u00ed stupn\u011b v\u00edt\u011bz\u016f. Jako bonus nav\u00edc pro Vl\u010d\u00ed sme\u010dku vybojoval jedno etapov\u00ed v\u00edt\u011bzstv\u00ed a dominuje bitv\u011b o b\u00edl\u00fd trikot pro nejlep\u0161\u00edho jezdce do p\u011btadvaceti let. \"Jede neuv\u011b\u0159iteln\u011b,\" \u0159\u00edk\u00e1 Zden\u011bk \u0160tybar, ambasador We Love Cycling.","robots":{"index":"index","follow":"follow","max-snippet":"max-snippet:-1","max-image-preview":"max-image-preview:large","max-video-preview":"max-video-preview:-1"},"canonical":"https:\/\/www.welovecycling.com\/cs\/2024\/07\/17\/vsichni-si-mysleli-ze-bouchne-ale-jeho-vykon-je-obdivuhodny-klani-se-expert\/","og_locale":"cs_CZ","og_type":"article","og_title":"V\u0161ichni si mysleli, \u017ee bouchne. Ale jeho v\u00fdkon je obdivuhodn\u00fd, klan\u00ed se expert","og_description":"Jede nad o\u010dek\u00e1v\u00e1n\u00ed! A bo\u0159\u00ed v\u0161echny p\u0159edpov\u011bdi. P\u0159esto\u017ee na Tour de France debutuje, belgick\u00fd cyklista Remco Evenepoel z t\u00fdmu Soudal Quick Step dr\u017e\u00ed stupn\u011b v\u00edt\u011bz\u016f. Jako bonus nav\u00edc pro Vl\u010d\u00ed sme\u010dku vybojoval jedno etapov\u00ed v\u00edt\u011bzstv\u00ed a dominuje bitv\u011b o b\u00edl\u00fd trikot pro nejlep\u0161\u00edho jezdce do p\u011btadvaceti let. \"Jede neuv\u011b\u0159iteln\u011b,\" \u0159\u00edk\u00e1 Zden\u011bk \u0160tybar, ambasador We Love Cycling.","og_url":"https:\/\/www.welovecycling.com\/cs\/2024\/07\/17\/vsichni-si-mysleli-ze-bouchne-ale-jeho-vykon-je-obdivuhodny-klani-se-expert\/","og_site_name":"\u0160koda We Love Cycling - \u010cesk\u00e1 republika","article_published_time":"2024-07-17T10:00:15+00:00","article_modified_time":"2024-07-24T13:21:25+00:00","og_image":[{"width":1800,"height":1200,"url":"https:\/\/d2p6e6u75xmxt8.cloudfront.net\/13\/2024\/07\/1800-x-1200-velky.webp","type":"image\/webp"}],"author":"radekmalina","twitter_card":"summary_large_image","twitter_misc":{"Written by":"We Love Cycling","Est. reading time":"6"},"schema":{"@context":"https:\/\/schema.org","@graph":[{"@type":"WebPage","@id":"https:\/\/www.welovecycling.com\/cs\/2024\/07\/17\/vsichni-si-mysleli-ze-bouchne-ale-jeho-vykon-je-obdivuhodny-klani-se-expert\/","url":"https:\/\/www.welovecycling.com\/cs\/2024\/07\/17\/vsichni-si-mysleli-ze-bouchne-ale-jeho-vykon-je-obdivuhodny-klani-se-expert\/","name":"V\u0161ichni si mysleli, \u017ee bouchne. Ale jeho v\u00fdkon je obdivuhodn\u00fd, klan\u00ed se expert | \u0160koda We Love Cycling - \u010cesk\u00e1 republika","isPartOf":{"@id":"https:\/\/www.welovecycling.com\/cs\/#website"},"primaryImageOfPage":{"@id":"https:\/\/www.welovecycling.com\/cs\/2024\/07\/17\/vsichni-si-mysleli-ze-bouchne-ale-jeho-vykon-je-obdivuhodny-klani-se-expert\/#primaryimage"},"image":{"@id":"https:\/\/www.welovecycling.com\/cs\/2024\/07\/17\/vsichni-si-mysleli-ze-bouchne-ale-jeho-vykon-je-obdivuhodny-klani-se-expert\/#primaryimage"},"thumbnailUrl":"https:\/\/d2p6e6u75xmxt8.cloudfront.net\/13\/2024\/07\/1800-x-1200-velky.webp","datePublished":"2024-07-17T10:00:15+00:00","dateModified":"2024-07-24T13:21:25+00:00","author":{"@id":"https:\/\/www.welovecycling.com\/cs\/#\/schema\/person\/d9eeb0a378f3a7e4a6d12d2b536b04b8"},"description":"Jede nad o\u010dek\u00e1v\u00e1n\u00ed! A bo\u0159\u00ed v\u0161echny p\u0159edpov\u011bdi. P\u0159esto\u017ee na Tour de France debutuje, belgick\u00fd cyklista Remco Evenepoel z t\u00fdmu Soudal Quick Step dr\u017e\u00ed stupn\u011b v\u00edt\u011bz\u016f. Jako bonus nav\u00edc pro Vl\u010d\u00ed sme\u010dku vybojoval jedno etapov\u00ed v\u00edt\u011bzstv\u00ed a dominuje bitv\u011b o b\u00edl\u00fd trikot pro nejlep\u0161\u00edho jezdce do p\u011btadvaceti let. \"Jede neuv\u011b\u0159iteln\u011b,\" \u0159\u00edk\u00e1 Zden\u011bk \u0160tybar, ambasador We Love Cycling.","inLanguage":"cs","potentialAction":[{"@type":"ReadAction","target":["https:\/\/www.welovecycling.com\/cs\/2024\/07\/17\/vsichni-si-mysleli-ze-bouchne-ale-jeho-vykon-je-obdivuhodny-klani-se-expert\/"]}]},{"@type":"ImageObject","inLanguage":"cs","@id":"https:\/\/www.welovecycling.com\/cs\/2024\/07\/17\/vsichni-si-mysleli-ze-bouchne-ale-jeho-vykon-je-obdivuhodny-klani-se-expert\/#primaryimage","url":"https:\/\/d2p6e6u75xmxt8.cloudfront.net\/13\/2024\/07\/1800-x-1200-velky.webp","contentUrl":"https:\/\/d2p6e6u75xmxt8.cloudfront.net\/13\/2024\/07\/1800-x-1200-velky.webp","width":1800,"height":1200,"caption":"Zden\u011bk \u0160tybar Roubaix Wout van Aert Mathias Vacek Tadej Poga\u010dar Remco Evenepoel Mathieu van der Poel"},{"@type":"WebSite","@id":"https:\/\/www.welovecycling.com\/cs\/#website","url":"https:\/\/www.welovecycling.com\/cs\/","name":"\u0160koda We Love Cycling - \u010cesk\u00e1 republika","description":"WeLoveCycling.cz je online magaz\u00edn, kter\u00fd v\u00e1m pravideln\u011b p\u0159in\u00e1\u0161\u00ed rady a tipy, zaj\u00edmav\u00e9 \u010dl\u00e1nky, videa a jedine\u010dn\u00e9 report\u00e1\u017ee ze sv\u011bta cyklistiky.","potentialAction":[{"@type":"SearchAction","target":{"@type":"EntryPoint","urlTemplate":"https:\/\/www.welovecycling.com\/cs\/?s={search_term_string}"},"query-input":{"@type":"PropertyValueSpecification","valueRequired":true,"valueName":"search_term_string"}}],"inLanguage":"cs"},{"@type":"Person","@id":"https:\/\/www.welovecycling.com\/cs\/#\/schema\/person\/d9eeb0a378f3a7e4a6d12d2b536b04b8","name":"radekmalina","image":{"@type":"ImageObject","inLanguage":"cs","@id":"https:\/\/www.welovecycling.com\/cs\/#\/schema\/person\/image\/","url":"https:\/\/secure.gravatar.com\/avatar\/66994b632cb8c39a46b9f54afa3ae07201b678d32a54275b6f1c9ffec356bfc0?s=96&d=mm&r=g","contentUrl":"https:\/\/secure.gravatar.com\/avatar\/66994b632cb8c39a46b9f54afa3ae07201b678d32a54275b6f1c9ffec356bfc0?s=96&d=mm&r=g","caption":"radekmalina"},"url":"https:\/\/www.welovecycling.com\/cs\/author\/radekmalina\/"}]}},"_links":{"self":[{"href":"https:\/\/www.welovecycling.com\/cs\/wp-json\/wp\/v2\/posts\/26474","targetHints":{"allow":["GET"]}}],"collection":[{"href":"https:\/\/www.welovecycling.com\/cs\/wp-json\/wp\/v2\/posts"}],"about":[{"href":"https:\/\/www.welovecycling.com\/cs\/wp-json\/wp\/v2\/types\/post"}],"author":[{"embeddable":true,"href":"https:\/\/www.welovecycling.com\/cs\/wp-json\/wp\/v2\/users\/138"}],"replies":[{"embeddable":true,"href":"https:\/\/www.welovecycling.com\/cs\/wp-json\/wp\/v2\/comments?post=26474"}],"version-history":[{"count":4,"href":"https:\/\/www.welovecycling.com\/cs\/wp-json\/wp\/v2\/posts\/26474\/revisions"}],"predecessor-version":[{"id":26672,"href":"https:\/\/www.welovecycling.com\/cs\/wp-json\/wp\/v2\/posts\/26474\/revisions\/26672"}],"wp:featuredmedia":[{"embeddable":true,"href":"https:\/\/www.welovecycling.com\/cs\/wp-json\/wp\/v2\/media\/26669"}],"wp:attachment":[{"href":"https:\/\/www.welovecycling.com\/cs\/wp-json\/wp\/v2\/media?parent=26474"}],"wp:term":[{"taxonomy":"category","embeddable":true,"href":"https:\/\/www.welovecycling.com\/cs\/wp-json\/wp\/v2\/categories?post=26474"},{"taxonomy":"post_tag","embeddable":true,"href":"https:\/\/www.welovecycling.com\/cs\/wp-json\/wp\/v2\/tags?post=26474"},{"taxonomy":"global-categories","embeddable":true,"href":"https:\/\/www.welovecycling.com\/cs\/wp-json\/wp\/v2\/global-categories?post=26474"}],"curies":[{"name":"wp","href":"https:\/\/api.w.org\/{rel}","templated":true}]}}