{"id":26337,"date":"2024-07-13T14:01:09","date_gmt":"2024-07-13T12:01:09","guid":{"rendered":"https:\/\/www.welovecycling.com\/cs\/?p=26337"},"modified":"2024-07-14T10:41:33","modified_gmt":"2024-07-14T08:41:33","slug":"kdo-je-nejlepe-placeny-jezdec-na-tour-de-france-a-jaka-je-minimalni-mzda","status":"publish","type":"post","link":"https:\/\/www.welovecycling.com\/cs\/2024\/07\/13\/kdo-je-nejlepe-placeny-jezdec-na-tour-de-france-a-jaka-je-minimalni-mzda\/","title":{"rendered":"Kdo je nejl\u00e9pe placen\u00fd jezdec na Tour de France? A jak\u00e1 je minim\u00e1ln\u00ed mzda?"},"content":{"rendered":"<p><strong>D\u0159ina, bolest, drsn\u00e9 p\u00e1dy, t\u011b\u017ek\u00e1 zran\u011bn\u00ed. Cyklistika pat\u0159\u00ed k jedn\u011bm z nejdrsn\u011bj\u0161\u00edch sport\u016f. Z\u00e1vodn\u00edci se \u010dasto v rychlosti atakuj\u00edc\u00ed sto kilometr\u016f navle\u010den\u00ed jen v tenk\u00e9m dresu a s p\u0159ilbou na hlav\u011b \u0159\u00edt\u00ed rameno na rameno. Sta\u010d\u00ed jedin\u00e1 chyba a hroz\u00ed nedoz\u00edrn\u00e9 n\u00e1sledky, n\u011bkdy i fat\u00e1ln\u00ed. Sl\u00e1va p\u0159itom \u010dek\u00e1 jen na p\u00e1r vyvolen\u00fdch, v\u011bt\u0161inu pelotonu tvo\u0159\u00ed domestici neboli slu\u017eebnictvo. Jak\u00fd plat cyklist\u00e9 za ve\u0161ker\u00e9 od\u0159\u00edk\u00e1n\u00ed pob\u00edraj\u00ed?<\/strong><\/p>\n<p>Tour de France pat\u0159\u00ed k nejsledovan\u011bj\u0161\u00edm ud\u00e1lostem planety. Z deseti nejl\u00e9pe placen\u00fdch cyklist\u016f sv\u011bta v pelotonu Grande Boucle 2024 chyb\u00ed pouze jedin\u00fd z\u00e1vodn\u00edk. Jde o druh\u00e9ho nejl\u00e9pe vyd\u011bl\u00e1vaj\u00edc\u00edho cyklistu sou\u010dasnosti. Posledn\u00ed v\u00edt\u011bzstv\u00ed p\u0159itom paradoxn\u011b slavil v kv\u011btnu 2018, kdy\u017e ovl\u00e1dl italsk\u00e9 Giro. O rok pozd\u011bji se t\u011b\u017ece zranil. Po n\u00e1vratu podepsal poh\u00e1dkov\u00fd kontrakt ve formaci Israel-Premier Tech, kter\u00fd vypr\u0161\u00ed na konci roku 2025.<\/p>\n<h2><strong>Bez v\u00fdhry a p\u0159ece poh\u00e1dkov\u011b placen\u00fd<\/strong><\/h2>\n<p>Jen\u017ee <a href=\"https:\/\/www.procyclingstats.com\/rider\/christopher-froome\/2024\">Chris Froome<\/a> u\u017e je jen st\u00ednem borce, kter\u00fd \u010dty\u0159ikr\u00e1t vyhr\u00e1l Tour de France. S ro\u010dn\u00ed g\u00e1\u017e\u00ed 5,5 milionu eur, v p\u0159epo\u010dtu 137 milion\u016f korun, je pro formaci s prokontinent\u00e1ln\u00ed licenc\u00ed hodn\u011b drah\u00fdm \u0161p\u00e1sem. V\u0161ak tak\u00e9 majitel st\u00e1je Sylvan Adams n\u011bkolikr\u00e1t ve\u0159ejn\u011b kritizoval b\u00fdval\u00e9ho \u0161ampiona Grande Boucle.\u00a0Nicm\u00e9n\u011b o p\u0159ed\u010dasn\u00e9m ukon\u010den\u00ed kontraktu nechce dev\u011btat\u0159icetilet\u00fd rod\u00e1k z Keni ani sly\u0161et. I v p\u0159\u00ed\u0161t\u00edm roce bude rozhodn\u011b pat\u0159it mezi nejl\u00e9pe placen\u00e9 z\u00e1vodn\u00edky pelotonu ko\u010duj\u00edc\u00ed po z\u00e1vodech jako je Sibiu Tour v Rumunsku \u010di Czech Tour.<\/p>\n<p>\u017deb\u0159\u00ed\u010dek ka\u017edop\u00e1dn\u011b ukazuje, jak se li\u0161\u00ed odm\u011bny borc\u016f na celkov\u00e9 po\u0159ad\u00ed Grand Tour, tedy nejv\u011bt\u0161\u00edch etapov\u00fdch z\u00e1vod\u016f planety, ve srovn\u00e1n\u00ed se sprintery \u010di dokonce domestiky. Na z\u00e1klad\u011b dohody Mezin\u00e1rodn\u00ed cyklistick\u00e9 unie (UCI), Asociac\u00ed profesion\u00e1ln\u00edch cyklist\u016f a Mezin\u00e1rodn\u00ed asociac\u00ed jezdc\u016f je minim\u00e1ln\u00ed plat pro rok 2024 ve World Tour stanoven na 42 047 eur hrub\u00e9ho ro\u010dn\u011b (1 milion korun), v roce 2025 pak p\u016fjde o 44 150 eur (1,1 milionu korun. Jinou \u010d\u00e1stku v\u0161ak pob\u00edraj\u00ed neoprofesion\u00e1lov\u00e9, tedy z\u00e1vodn\u00edci nastupuj\u00edc\u00ed ve World Tour t\u00fdmech prvn\u00ed sezonu. Pro rok 2024 je jejich mzda stanovena na 34 020 eur (850 tis\u00edc korun) a pro sezonu nadch\u00e1zej\u00edc\u00ed 35 721 eur (893 tis\u00edc korun).<\/p>\n<h2><strong>Kr\u00e1lovsk\u00e9 odm\u011bny maj\u00ed i domestici<\/strong><\/h2>\n<p>Opakovan\u011b se v cyklistice \u0159e\u0161\u00ed zaveden\u00ed platov\u00fdch strop\u016f \u010di maxim\u00e1ln\u00edch budget\u016f na jeden t\u00fdm, od \u010deho\u017e si propag\u00e1to\u0159i slibuj\u00ed srovn\u00e1n\u00ed mo\u017enost\u00ed t\u00fdm\u016f a atraktivn\u011bj\u0161\u00ed z\u00e1vod\u011bn\u00ed. Nicm\u00e9n\u011b podle italsk\u00e9ho servertu Gazzeta dello Sport v\u016fbec na hlasov\u00e1n\u00ed p\u0159i posledn\u00ed sch\u016fzce zainteresovan\u00fdch nedo\u0161lo. Jedn\u00e1n\u00ed o platov\u00fdch stropech bylo zablokov\u00e1no.<\/p>\n<figure id=\"attachment_26343\" aria-describedby=\"caption-attachment-26343\" style=\"width: 1920px\" class=\"wp-caption alignnone\"><a href=\"https:\/\/d2p6e6u75xmxt8.cloudfront.net\/13\/2024\/07\/20240710TDF0033-A.S.O.-Billy-Ceusters-scaled.webp\"><img loading=\"lazy\" decoding=\"async\" class=\"size-extra-large wp-image-26343\" src=\"https:\/\/d2p6e6u75xmxt8.cloudfront.net\/13\/2024\/07\/20240710TDF0033-A.S.O.-Billy-Ceusters-1920x1281.webp\" alt=\"Jasper Philipsen (vlevo) pat\u0159\u00ed mezi nejl\u00e9pe placen\u00e9 jezdce pelotonu. Biniam Girmay si po leto\u0161n\u00ed Tour de France ur\u010dit\u011b m\u016f\u017ee \u0159\u00edct o zv\u00fd\u0161en\u00ed platu.\" width=\"1920\" height=\"1281\" srcset=\"https:\/\/d2p6e6u75xmxt8.cloudfront.net\/13\/2024\/07\/20240710TDF0033-A.S.O.-Billy-Ceusters-1920x1281.webp 1920w, https:\/\/d2p6e6u75xmxt8.cloudfront.net\/13\/2024\/07\/20240710TDF0033-A.S.O.-Billy-Ceusters-300x200.webp 300w, https:\/\/d2p6e6u75xmxt8.cloudfront.net\/13\/2024\/07\/20240710TDF0033-A.S.O.-Billy-Ceusters-1024x683.webp 1024w, https:\/\/d2p6e6u75xmxt8.cloudfront.net\/13\/2024\/07\/20240710TDF0033-A.S.O.-Billy-Ceusters-768x512.webp 768w, https:\/\/d2p6e6u75xmxt8.cloudfront.net\/13\/2024\/07\/20240710TDF0033-A.S.O.-Billy-Ceusters-1536x1025.webp 1536w, https:\/\/d2p6e6u75xmxt8.cloudfront.net\/13\/2024\/07\/20240710TDF0033-A.S.O.-Billy-Ceusters-2048x1366.webp 2048w, https:\/\/d2p6e6u75xmxt8.cloudfront.net\/13\/2024\/07\/20240710TDF0033-A.S.O.-Billy-Ceusters-400x267.webp 400w, https:\/\/d2p6e6u75xmxt8.cloudfront.net\/13\/2024\/07\/20240710TDF0033-A.S.O.-Billy-Ceusters-272x182.webp 272w, https:\/\/d2p6e6u75xmxt8.cloudfront.net\/13\/2024\/07\/20240710TDF0033-A.S.O.-Billy-Ceusters-1920x1281.webp 1920w\" sizes=\"auto, (max-width: 1920px) 100vw, 1920px\" \/><\/a><figcaption id=\"caption-attachment-26343\" class=\"wp-caption-text\"><em>Jasper Philipsen (vlevo) pat\u0159\u00ed mezi nejl\u00e9pe placen\u00e9 jezdce pelotonu. Biniam Girmay si po leto\u0161n\u00ed Tour de France ur\u010dit\u011b m\u016f\u017ee \u0159\u00edct o zv\u00fd\u0161en\u00ed platu. Foto: A.S.O.\/Billy Ceusters<\/em><\/figcaption><\/figure>\n<p>Ka\u017edop\u00e1dn\u011b pro Tour de France plat\u00ed, \u017ee i domestici pat\u0159\u00ed mezi vysoce cen\u011bn\u00e9 zbo\u017e\u00ed. To dokazuje p\u0159\u00edpad Adama Yatese, kter\u00fd coby superdomestik Tadeje Poga\u010dara t\u00fdmu UAE Emirates pob\u00edr\u00e1 65 milion\u016f korun ro\u010dn\u011b. Ostatn\u011b jeho bratr Simon Yates na tom byl dosud l\u00e9pe, kdy\u017e coby l\u00eddr formace Jayco AlUla pob\u00edral plat 67 milion\u016f korun ro\u010dn\u011b. Ov\u0161em pro sezony 2025 a 2026 se stane jedn\u00edm ze superdomestik\u016f ve formaci Visma Lease a Bike a je velmi pravd\u011bpodobn\u00e9, \u017ee osobn\u00ed ambice ob\u011btoval za je\u0161t\u011b tu\u010dn\u011bj\u0161\u00ed sumu na v\u00fdplatn\u00ed p\u00e1sce.<\/p>\n<div class=\"shortcode-ys-post-pinup\"><article class=\"loop-simple post-26046 post type-post status-publish format-standard has-post-thumbnail hentry category-silnicni-cyklistika category-zdravi-a-trenink tag-cyklistika tag-horska-cyklistika tag-prumerna-rychlost tag-silnicni-cyklistika tag-zdravi-a-trenink global-categories-cycling\" data-postid=\"26046\" role=\"article\" data-post-id=\"26046\" data-word-count=\"397\" data-headline-length=\"83\" data-category=\"Zdrav\u00ed a tr\u00e9nink\" data-global-category=\"Cycling\" data-author=\"We Love Cycling\" data-published=\"2024-07-08T13:00:57+02:00\" data-published-day=\"Monday\">\n    <div class=\"entry-thumbnail article-thumbnail\" content=\"https:\/\/d2p6e6u75xmxt8.cloudfront.net\/13\/2021\/02\/trenink-kopce-michal-cerveny-150x150.webp\"><a href=\"https:\/\/www.welovecycling.com\/cs\/2024\/07\/08\/supito-presto-aneb-proc-je-prumerna-rychlost-zasadni-velicina-pro-trenink\/\" class=\"image-holder\" target=\"_self\"><img decoding=\"async\" loading=\"lazy\" class=\"\" src=\"https:\/\/d2p6e6u75xmxt8.cloudfront.net\/13\/2021\/02\/trenink-kopce-michal-cerveny-1024x683.webp\" srcset=\"https:\/\/d2p6e6u75xmxt8.cloudfront.net\/13\/2021\/02\/trenink-kopce-michal-cerveny.webp 1600w, https:\/\/d2p6e6u75xmxt8.cloudfront.net\/13\/2021\/02\/trenink-kopce-michal-cerveny-300x200.webp 300w, https:\/\/d2p6e6u75xmxt8.cloudfront.net\/13\/2021\/02\/trenink-kopce-michal-cerveny-1024x683.webp 1024w, https:\/\/d2p6e6u75xmxt8.cloudfront.net\/13\/2021\/02\/trenink-kopce-michal-cerveny-768x512.webp 768w, https:\/\/d2p6e6u75xmxt8.cloudfront.net\/13\/2021\/02\/trenink-kopce-michal-cerveny-1536x1024.webp 1536w, https:\/\/d2p6e6u75xmxt8.cloudfront.net\/13\/2021\/02\/trenink-kopce-michal-cerveny-272x182.webp 272w\" width=\"1024\" height=\"683\" sizes=\"auto, (min-width: 1200px) 300px, (min-width: 768px) 25vw, 100vw\" alt=\"supito-presto-aneb-proc-je-prumerna-rychlost-zasadni-velicina-pro-trenink\"\/><\/a><\/div>    <div class=\"entry-meta\">\n        <a class=\"label label-secondary post-category\" href=\"https:\/\/www.welovecycling.com\/cs\/category\/zdravi-a-trenink\/\" title=\"Zdrav\u00ed a tr\u00e9nink\">Zdrav\u00ed a tr\u00e9nink<\/a>\n    <\/div>\n    <div class=\"entry-details\">\n        <a href=\"https:\/\/www.welovecycling.com\/cs\/2024\/07\/08\/supito-presto-aneb-proc-je-prumerna-rychlost-zasadni-velicina-pro-trenink\/\" class='entry-title-wrapper'>\n            <h3 class=\"entry-title\"><span>\u0160upito presto! aneb Pro\u010d je pr\u016fm\u011brn\u00e1 rychlost z\u00e1sadn\u00ed veli\u010dina pro tr\u00e9nink<\/span><\/h3>\n        <\/a>\n    <\/div>\n    <\/article>\n<\/div>\n<p>Mezi des\u00edtkou nejlep\u0161\u00edch pochopiteln\u011b nechyb\u00ed ani elitn\u00ed spurte\u0159i. <a href=\"https:\/\/www.welovecycling.com\/cs\/2024\/07\/07\/nejzadanejsi-nejbohatsi-a-nejproklinanejsi-sprinter-jezdim-instinktivne-haji-jasper-philipsen-nebezpecne-manevry\/\">Jasper Philipsen<\/a>, belgick\u00fd rychl\u00edk ve slu\u017eb\u00e1ch Alpecin Deceuninck, podpisem nov\u00e9ho kontraktu dos\u00e1hl podle dostupn\u00fdch informac\u00ed na ro\u010dn\u00ed plat 75 milion\u016f korun. Jeho krajan a velk\u00fd rival Wout van Aert, \u0161ampion zelen\u00e9ho dresu \u0160koda Auto na Tour de France v roce 2022, pob\u00edr\u00e1 ro\u010dn\u011b v p\u0159epo\u010dtu 88 milion\u016f korun. A pak je tu univerz\u00e1l Mathieu van der Poel, kter\u00fd se t\u00fdmu Alpecin Deceuninck zav\u00e1zal a\u017e do konce roku 2028. \u00da\u0159aduj\u00edc\u00ed mistr sv\u011bta, dvojn\u00e1sobn\u00fd v\u00edt\u011bz monumentu Pa\u0159\u00ed\u017e-Roubaix a trojn\u00e1sobn\u00fd kr\u00e1l klasiky Kolem Flander ro\u010dn\u011b inkasuje 100 milion\u016f korun.<\/p>\n<h2><strong>Speci\u00e1ln\u00ed polo\u017eku tvo\u0159i individu\u00e1ln\u00ed partnerstv\u00ed<\/strong><\/h2>\n<p>Jde pochopiteln\u011b jen o sumy, kter\u00e9 cyklist\u016fm vypl\u00e1cej\u00ed jejich t\u00fdmy. Mnoz\u00ed maj\u00ed je\u0161t\u011b dal\u0161\u00ed osobn\u00ed kontrakty. Zejm\u00e9na g\u00e1\u017ee nizozemsk\u00e9ho univerz\u00e1la van der Poela bude v\u00fdrazn\u011b odli\u0161n\u00e1 proti dostupn\u00fdm informac\u00edm. Dev\u011btadvacetilet\u00fd borec py\u0161n\u00edc\u00ed se \u0161esti tituly cyklokrosov\u00e9ho mistra sv\u011bta toti\u017e v b\u0159eznu 2024 podepsal exkluzivn\u00ed kontrakt se zna\u010dkou Canyon v podob\u011b naprosto v\u00fdjime\u010dn\u00e9ho desetilet\u00e9ho trv\u00e1n\u00ed. Belgi\u010dan Wout van Aert zase pat\u0159\u00ed na seznam vyvolen\u00fdch jezdc\u016f placen\u00fd n\u00e1pojov\u00fdm gigantem Red Bull, p\u0159esto\u017ee nepat\u0159\u00ed do jejich t\u00fdmu.<\/p>\n<p><a href=\"https:\/\/d2p6e6u75xmxt8.cloudfront.net\/13\/2024\/07\/20240707TDF0036-A.S.O._Billy_Ceusters-1-scaled.webp\"><img loading=\"lazy\" decoding=\"async\" class=\"alignnone size-extra-large wp-image-26339\" src=\"https:\/\/d2p6e6u75xmxt8.cloudfront.net\/13\/2024\/07\/20240707TDF0036-A.S.O._Billy_Ceusters-1-1920x1275.webp\" alt=\"\" width=\"1920\" height=\"1275\" srcset=\"https:\/\/d2p6e6u75xmxt8.cloudfront.net\/13\/2024\/07\/20240707TDF0036-A.S.O._Billy_Ceusters-1-1920x1275.webp 1920w, https:\/\/d2p6e6u75xmxt8.cloudfront.net\/13\/2024\/07\/20240707TDF0036-A.S.O._Billy_Ceusters-1-300x199.webp 300w, https:\/\/d2p6e6u75xmxt8.cloudfront.net\/13\/2024\/07\/20240707TDF0036-A.S.O._Billy_Ceusters-1-1024x680.webp 1024w, https:\/\/d2p6e6u75xmxt8.cloudfront.net\/13\/2024\/07\/20240707TDF0036-A.S.O._Billy_Ceusters-1-768x510.webp 768w, https:\/\/d2p6e6u75xmxt8.cloudfront.net\/13\/2024\/07\/20240707TDF0036-A.S.O._Billy_Ceusters-1-1536x1020.webp 1536w, https:\/\/d2p6e6u75xmxt8.cloudfront.net\/13\/2024\/07\/20240707TDF0036-A.S.O._Billy_Ceusters-1-2048x1360.webp 2048w, https:\/\/d2p6e6u75xmxt8.cloudfront.net\/13\/2024\/07\/20240707TDF0036-A.S.O._Billy_Ceusters-1-400x266.webp 400w, https:\/\/d2p6e6u75xmxt8.cloudfront.net\/13\/2024\/07\/20240707TDF0036-A.S.O._Billy_Ceusters-1-272x182.webp 272w, https:\/\/d2p6e6u75xmxt8.cloudfront.net\/13\/2024\/07\/20240707TDF0036-A.S.O._Billy_Ceusters-1-1920x1275.webp 1920w\" sizes=\"auto, (max-width: 1920px) 100vw, 1920px\" \/><\/a><\/p>\n<p>Obdobn\u00e1 individu\u00e1ln\u00ed partnerstv\u00ed maj\u00ed i \u0161ampioni Grand Tour. Slovinec Tadej Poga\u010dar u UAE Emirates, jeho krajan Primo\u017e Rogli\u010d obl\u00e9kaj\u00edc\u00ed dres Red Bull Bora-hansgrohe \u010di Jonas Vingegaard, d\u00e1nsk\u00fd dvojn\u00e1sobn\u00fd \u0161ampion Tour de France z t\u00fdmu Visma Lease a Bike.<\/p>\n<div class=\"shortcode-ys-post-pinup\"><article class=\"loop-simple post-26084 post type-post status-publish format-standard has-post-thumbnail hentry category-silnicni-cyklistika category-tour-de-france tag-cyklistika tag-geraint-thomas tag-lawson-craddock tag-peter-sagan tag-silnicni-cyklistika tag-tour-de-france tag-tour-de-france-2018 global-categories-cycling\" data-postid=\"26084\" role=\"article\" data-post-id=\"26084\" data-word-count=\"538\" data-headline-length=\"39\" data-category=\"Silni\u010dn\u00ed cyklistika\" data-global-category=\"Cycling\" data-author=\"Radek Malina\" data-published=\"2024-07-05T11:04:56+02:00\" data-published-day=\"Friday\">\n    <div class=\"entry-thumbnail article-thumbnail\" content=\"https:\/\/d2p6e6u75xmxt8.cloudfront.net\/13\/2024\/07\/profimedia-0377162899-150x150.webp\"><a href=\"https:\/\/www.welovecycling.com\/cs\/2024\/07\/05\/tour-de-france-2018-navzdory-bolesti\/\" class=\"image-holder\" target=\"_self\"><img decoding=\"async\" loading=\"lazy\" class=\"\" src=\"https:\/\/d2p6e6u75xmxt8.cloudfront.net\/13\/2024\/07\/profimedia-0377162899-1024x683.webp\" srcset=\"https:\/\/d2p6e6u75xmxt8.cloudfront.net\/13\/2024\/07\/profimedia-0377162899.webp 1800w, https:\/\/d2p6e6u75xmxt8.cloudfront.net\/13\/2024\/07\/profimedia-0377162899-300x200.webp 300w, https:\/\/d2p6e6u75xmxt8.cloudfront.net\/13\/2024\/07\/profimedia-0377162899-1024x683.webp 1024w, https:\/\/d2p6e6u75xmxt8.cloudfront.net\/13\/2024\/07\/profimedia-0377162899-768x512.webp 768w, https:\/\/d2p6e6u75xmxt8.cloudfront.net\/13\/2024\/07\/profimedia-0377162899-1536x1024.webp 1536w, https:\/\/d2p6e6u75xmxt8.cloudfront.net\/13\/2024\/07\/profimedia-0377162899-400x267.webp 400w, https:\/\/d2p6e6u75xmxt8.cloudfront.net\/13\/2024\/07\/profimedia-0377162899-272x182.webp 272w\" width=\"1024\" height=\"683\" sizes=\"auto, (min-width: 1200px) 300px, (min-width: 768px) 25vw, 100vw\" alt=\"tour-de-france-2018-navzdory-bolesti\"\/><\/a><\/div>    <div class=\"entry-meta\">\n        <a class=\"label label-secondary post-category\" href=\"https:\/\/www.welovecycling.com\/cs\/category\/silnicni-cyklistika\/\" title=\"Silni\u010dn\u00ed cyklistika\">Silni\u010dn\u00ed cyklistika<\/a>\n    <\/div>\n    <div class=\"entry-details\">\n        <a href=\"https:\/\/www.welovecycling.com\/cs\/2024\/07\/05\/tour-de-france-2018-navzdory-bolesti\/\" class='entry-title-wrapper'>\n            <h3 class=\"entry-title\"><span>Tour de France 2018: Navzdory bolesti\u00a0<\/span><\/h3>\n        <\/a>\n    <\/div>\n    <\/article>\n<\/div>\n<p>Mezi cyklisty figuruj\u00edc\u00edmi v t\u00fdmech coby l\u00edd\u0159i na celkov\u00e9 po\u0159ad\u00ed velk\u00fdch z\u00e1vod\u016f je &#8222;nejchud\u0161\u00ed&#8220; Belgi\u010dan Remco Evenepoel z t\u00fdmu Soudal Quick Step. Jeho ro\u010dn\u00ed plat je sedmdes\u00e1t milion\u016f korun. Ov\u0161em o \u0161ampiona Vuelty 2022 a mistra sv\u011bta z t\u00e9ho\u017e roku se intenzivn\u011b zaj\u00edmaj\u00ed \u0161\u00e9fov\u00e9 Ineos Grenadiers, tud\u00ed\u017e je mo\u017en\u00e9, \u017ee si b\u00fdval\u00fd fotbalista v\u00fdrazn\u011b polep\u0161\u00ed.<\/p>\n<h2><strong>Nejlep\u0161\u00ed plat m\u00e1 dvojn\u00e1sobn\u00fd v\u00edt\u011bz Tour de France<\/strong><\/h2>\n<p>Obh\u00e1jce titulu na Tour de France a dvojn\u00e1sobn\u00fd v\u00edt\u011bz Grande Boucle Jonas Vingegaard dost\u00e1v\u00e1 od Visma Lease a Bike ro\u010dn\u011b sto milion\u016f korun. Dlouho byl trojkou \u017eeb\u0159\u00ed\u010dku, ov\u0161em vstup n\u00e1pojov\u00e9ho gigantu Red Bull do n\u011bmeck\u00e9 formace Bora-hansgrohe zm\u011bnil pravidla hry a b\u00fdval\u00fd skokan na ly\u017e\u00edch si po p\u0159estupu z nizozemsk\u00e9ho t\u00fdmu Visma Lease a Bike mohl coby jasn\u00e1 jedni\u010dka diktovat podm\u00ednky, tud\u00ed\u017e m\u00e1 ro\u010dn\u011b dost\u00e1vat sto t\u0159icet milion\u016f korun.<\/p>\n<figure id=\"attachment_26341\" aria-describedby=\"caption-attachment-26341\" style=\"width: 1920px\" class=\"wp-caption alignnone\"><a href=\"https:\/\/d2p6e6u75xmxt8.cloudfront.net\/13\/2024\/07\/20240710TDF0076-A.S.O.-Billy-Ceusters-scaled.webp\"><img loading=\"lazy\" decoding=\"async\" class=\"size-extra-large wp-image-26341\" src=\"https:\/\/d2p6e6u75xmxt8.cloudfront.net\/13\/2024\/07\/20240710TDF0076-A.S.O.-Billy-Ceusters-1920x1280.webp\" alt=\"Tadej Poga\u010dar je na \u010dele platov\u00e9ho \u017eeb\u0159\u00ed\u010dku. Jonas Vingegaard je v jeho z\u00e1v\u011bsu. \" width=\"1920\" height=\"1280\" srcset=\"https:\/\/d2p6e6u75xmxt8.cloudfront.net\/13\/2024\/07\/20240710TDF0076-A.S.O.-Billy-Ceusters-1920x1280.webp 1920w, https:\/\/d2p6e6u75xmxt8.cloudfront.net\/13\/2024\/07\/20240710TDF0076-A.S.O.-Billy-Ceusters-300x200.webp 300w, https:\/\/d2p6e6u75xmxt8.cloudfront.net\/13\/2024\/07\/20240710TDF0076-A.S.O.-Billy-Ceusters-1024x683.webp 1024w, https:\/\/d2p6e6u75xmxt8.cloudfront.net\/13\/2024\/07\/20240710TDF0076-A.S.O.-Billy-Ceusters-768x512.webp 768w, https:\/\/d2p6e6u75xmxt8.cloudfront.net\/13\/2024\/07\/20240710TDF0076-A.S.O.-Billy-Ceusters-1536x1024.webp 1536w, https:\/\/d2p6e6u75xmxt8.cloudfront.net\/13\/2024\/07\/20240710TDF0076-A.S.O.-Billy-Ceusters-2048x1365.webp 2048w, https:\/\/d2p6e6u75xmxt8.cloudfront.net\/13\/2024\/07\/20240710TDF0076-A.S.O.-Billy-Ceusters-400x267.webp 400w, https:\/\/d2p6e6u75xmxt8.cloudfront.net\/13\/2024\/07\/20240710TDF0076-A.S.O.-Billy-Ceusters-272x182.webp 272w, https:\/\/d2p6e6u75xmxt8.cloudfront.net\/13\/2024\/07\/20240710TDF0076-A.S.O.-Billy-Ceusters-1920x1280.webp 1920w\" sizes=\"auto, (max-width: 1920px) 100vw, 1920px\" \/><\/a><figcaption id=\"caption-attachment-26341\" class=\"wp-caption-text\"><em>Tadej Poga\u010dar je na \u010dele platov\u00e9ho \u017eeb\u0159\u00ed\u010dku. Jonas Vingegaard je v jeho z\u00e1v\u011bsu. Foto: A.S.O.\/Billy Ceusters<\/em><\/figcaption><\/figure>\n<p>Na \u010dele \u017eeb\u0159\u00ed\u010dku je asi nejpopul\u00e1rn\u011bj\u0161\u00ed cyklista sou\u010dasnosti Tadej Poga\u010dar, \u0161ampion Tour de France 2020 a 2021. \u0160ejkov\u00e9 z Arabsk\u00fdch emir\u00e1t\u016f mu ro\u010dn\u011b vyplat\u00ed \u0161est milion\u016f eur, tedy sto pades\u00e1t milion\u016f korun. Ov\u0161em i tady plat\u00ed, \u017ee ro\u010dn\u00ed p\u0159\u00edjem je v\u00fdrazn\u011b vy\u0161\u0161\u00ed. Popularita \u0161estadvacetilet\u00e9ho Slovince je tak gigantick\u00e1, \u017ee si kup\u0159\u00edkladu za reklamy m\u016f\u017ee diktovat poh\u00e1dkov\u00e9 honor\u00e1\u0159e. Jeho mana\u017ee\u0159i za\u010d\u00ednaj\u00ed vyjedn\u00e1v\u00e1n\u00ed v p\u0159epo\u010dtu na koruny u sedmim\u00edstn\u00fdch polo\u017eek&#8230;<\/p>\n<p><strong>Deset nejl\u00e9pe placen\u00fdch cyklist\u016f World Tour:<\/strong> 10. <strong>Simon Yates<\/strong> (Velk\u00e1 Brit\u00e1nie, Jayco AlUla) 67 milion\u016f korun, 9. <strong>Tom Pidcock<\/strong> (Velk\u00e1 Brit\u00e1nie, Ineos Grenadiers) 67,5 milion\u016f korun, 8. <strong>Remco Evenepoel<\/strong> (Belgie, Soudal Quick Step) 70 milion\u016f, 7. <strong>Jasper Philipsen<\/strong> (Belgie, Alpecin Deceuninck) 75 milion\u016f, 6. <strong>Wout van Aert<\/strong> (Belgie, Visma Lease a Bike) 88 milion\u016f korun, 5. <strong>Mathieu van der Poel<\/strong> (Nizozemsko, ALpecin Deceuninck) 100 milion\u016f korun, 4. <strong>Jonas Vingegaard<\/strong> (D\u00e1nsko, Visma Lease a Bike) 100 milion\u016f korun, 3. <strong>Primo\u017e Rogli\u010d<\/strong> (Slovinsko, Red Bull Bora-hansgrohe) 130 milion\u016f korun, 2. <strong>Chris Froome<\/strong> (Vel. Brit., Israel-Premier Tech) 136 milion\u016f korun, 1. <strong>Tadej Poga\u010dar<\/strong> &#8211; Slovinsko, UAE Emirates &#8211; 150 milion\u016f korun.<\/p>\n<p><em>Tituln\u00ed foto: A.S.O.\/Charly Lopez<\/em><\/p>\n","protected":false},"excerpt":{"rendered":"<p>D\u0159ina, bolest, drsn\u00e9 p\u00e1dy, t\u011b\u017ek\u00e1 zran\u011bn\u00ed. Cyklistika pat\u0159\u00ed k jedn\u011bm z nejdrsn\u011bj\u0161\u00edch sport\u016f. Z\u00e1vodn\u00edci se \u010dasto v rychlosti atakuj\u00edc\u00ed sto [&hellip;]<\/p>\n","protected":false},"author":138,"featured_media":26340,"comment_status":"open","ping_status":"open","sticky":false,"template":"","format":"standard","meta":{"footnotes":""},"categories":[1711],"tags":[19,126,3176,2985,1601,178,3677,3680,3676,3679,3678,102,1072,9,502,23,3276,1073],"global-categories":[411],"class_list":["post-26337","post","type-post","status-publish","format-standard","has-post-thumbnail","hentry","category-tour-de-france","tag-chris-froome","tag-cyklistika","tag-financni-odmeny","tag-jasper-philipsen","tag-jonas-vingegaard","tag-mathieu-van-der-poel","tag-mzda","tag-mzdy-cyklistu","tag-plat","tag-plat-cyklistu","tag-plat-ve-world-tour","tag-primoz-roglic","tag-remco-evenepoel","tag-silnicni-cyklistika","tag-tadej-pogacar","tag-tour-de-france","tag-tour-de-france-2024","tag-wout-van-aert","global-categories-cycling"],"yoast_head":"<!-- This site is optimized with the Yoast SEO Premium plugin v25.3 (Yoast SEO v25.9) - https:\/\/yoast.com\/wordpress\/plugins\/seo\/ -->\n<title>Kdo je nejl\u00e9pe placen\u00fd jezdec na Tour de France? A jak\u00e1 je minim\u00e1ln\u00ed mzda? | \u0160koda We Love Cycling - \u010cesk\u00e1 republika<\/title>\n<meta name=\"description\" content=\"D\u0159ina, bolest, drsn\u00e9 p\u00e1dy, t\u011b\u017ek\u00e1 zran\u011bn\u00ed. Cyklistika pat\u0159\u00ed k jedn\u011bm z nejdrsn\u011bj\u0161\u00edch sport\u016f. Z\u00e1vodn\u00edci se \u010dasto v rychlosti atakuj\u00edc\u00ed sto kilometr\u016f navle\u010den\u00ed jen v tenk\u00e9m dresu a s p\u0159ilbou na hlav\u011b \u0159\u00edt\u00ed rameno na rameno. Sta\u010d\u00ed jedin\u00e1 chyba a hroz\u00ed nedoz\u00edrn\u00e9 n\u00e1sledky, n\u011bkdy i fat\u00e1ln\u00ed. Sl\u00e1va p\u0159itom \u010dek\u00e1 jen na p\u00e1r vyvolen\u00fdch, v\u011bt\u0161inu pelotonu tvo\u0159\u00ed domestici neboli slu\u017eebnictvo. Jak\u00fd plat cyklist\u00e9 za ve\u0161ker\u00e9 od\u0159\u00edk\u00e1n\u00ed pob\u00edraj\u00ed?\" \/>\n<meta name=\"robots\" content=\"index, follow, max-snippet:-1, max-image-preview:large, max-video-preview:-1\" \/>\n<link rel=\"canonical\" href=\"https:\/\/www.welovecycling.com\/cs\/2024\/07\/13\/kdo-je-nejlepe-placeny-jezdec-na-tour-de-france-a-jaka-je-minimalni-mzda\/\" \/>\n<meta property=\"og:locale\" content=\"cs_CZ\" \/>\n<meta property=\"og:type\" content=\"article\" \/>\n<meta property=\"og:title\" content=\"Kdo je nejl\u00e9pe placen\u00fd jezdec na Tour de France? A jak\u00e1 je minim\u00e1ln\u00ed mzda?\" \/>\n<meta property=\"og:description\" content=\"D\u0159ina, bolest, drsn\u00e9 p\u00e1dy, t\u011b\u017ek\u00e1 zran\u011bn\u00ed. Cyklistika pat\u0159\u00ed k jedn\u011bm z nejdrsn\u011bj\u0161\u00edch sport\u016f. Z\u00e1vodn\u00edci se \u010dasto v rychlosti atakuj\u00edc\u00ed sto kilometr\u016f navle\u010den\u00ed jen v tenk\u00e9m dresu a s p\u0159ilbou na hlav\u011b \u0159\u00edt\u00ed rameno na rameno. Sta\u010d\u00ed jedin\u00e1 chyba a hroz\u00ed nedoz\u00edrn\u00e9 n\u00e1sledky, n\u011bkdy i fat\u00e1ln\u00ed. Sl\u00e1va p\u0159itom \u010dek\u00e1 jen na p\u00e1r vyvolen\u00fdch, v\u011bt\u0161inu pelotonu tvo\u0159\u00ed domestici neboli slu\u017eebnictvo. Jak\u00fd plat cyklist\u00e9 za ve\u0161ker\u00e9 od\u0159\u00edk\u00e1n\u00ed pob\u00edraj\u00ed?\" \/>\n<meta property=\"og:url\" content=\"https:\/\/www.welovecycling.com\/cs\/2024\/07\/13\/kdo-je-nejlepe-placeny-jezdec-na-tour-de-france-a-jaka-je-minimalni-mzda\/\" \/>\n<meta property=\"og:site_name\" content=\"\u0160koda We Love Cycling - \u010cesk\u00e1 republika\" \/>\n<meta property=\"article:published_time\" content=\"2024-07-13T12:01:09+00:00\" \/>\n<meta property=\"article:modified_time\" content=\"2024-07-14T08:41:33+00:00\" \/>\n<meta property=\"og:image\" content=\"https:\/\/d2p6e6u75xmxt8.cloudfront.net\/13\/2024\/07\/20240709TDF1078-A.S.O._Charly_Lopez-scaled.webp\" \/>\n\t<meta property=\"og:image:width\" content=\"2560\" \/>\n\t<meta property=\"og:image:height\" content=\"1706\" \/>\n\t<meta property=\"og:image:type\" content=\"image\/webp\" \/>\n<meta name=\"author\" content=\"radekmalina\" \/>\n<meta name=\"twitter:card\" content=\"summary_large_image\" \/>\n<meta name=\"twitter:label1\" content=\"Written by\" \/>\n\t<meta name=\"twitter:data1\" content=\"Radek Malina\" \/>\n\t<meta name=\"twitter:label2\" content=\"Est. reading time\" \/>\n\t<meta name=\"twitter:data2\" content=\"6\" \/>\n<script type=\"application\/ld+json\" class=\"yoast-schema-graph\">{\"@context\":\"https:\/\/schema.org\",\"@graph\":[{\"@type\":\"WebPage\",\"@id\":\"https:\/\/www.welovecycling.com\/cs\/2024\/07\/13\/kdo-je-nejlepe-placeny-jezdec-na-tour-de-france-a-jaka-je-minimalni-mzda\/\",\"url\":\"https:\/\/www.welovecycling.com\/cs\/2024\/07\/13\/kdo-je-nejlepe-placeny-jezdec-na-tour-de-france-a-jaka-je-minimalni-mzda\/\",\"name\":\"Kdo je nejl\u00e9pe placen\u00fd jezdec na Tour de France? A jak\u00e1 je minim\u00e1ln\u00ed mzda? | \u0160koda We Love Cycling - \u010cesk\u00e1 republika\",\"isPartOf\":{\"@id\":\"https:\/\/www.welovecycling.com\/cs\/#website\"},\"primaryImageOfPage\":{\"@id\":\"https:\/\/www.welovecycling.com\/cs\/2024\/07\/13\/kdo-je-nejlepe-placeny-jezdec-na-tour-de-france-a-jaka-je-minimalni-mzda\/#primaryimage\"},\"image\":{\"@id\":\"https:\/\/www.welovecycling.com\/cs\/2024\/07\/13\/kdo-je-nejlepe-placeny-jezdec-na-tour-de-france-a-jaka-je-minimalni-mzda\/#primaryimage\"},\"thumbnailUrl\":\"https:\/\/d2p6e6u75xmxt8.cloudfront.net\/13\/2024\/07\/20240709TDF1078-A.S.O._Charly_Lopez-scaled.webp\",\"datePublished\":\"2024-07-13T12:01:09+00:00\",\"dateModified\":\"2024-07-14T08:41:33+00:00\",\"author\":{\"@id\":\"https:\/\/www.welovecycling.com\/cs\/#\/schema\/person\/d9eeb0a378f3a7e4a6d12d2b536b04b8\"},\"description\":\"D\u0159ina, bolest, drsn\u00e9 p\u00e1dy, t\u011b\u017ek\u00e1 zran\u011bn\u00ed. Cyklistika pat\u0159\u00ed k jedn\u011bm z nejdrsn\u011bj\u0161\u00edch sport\u016f. Z\u00e1vodn\u00edci se \u010dasto v rychlosti atakuj\u00edc\u00ed sto kilometr\u016f navle\u010den\u00ed jen v tenk\u00e9m dresu a s p\u0159ilbou na hlav\u011b \u0159\u00edt\u00ed rameno na rameno. Sta\u010d\u00ed jedin\u00e1 chyba a hroz\u00ed nedoz\u00edrn\u00e9 n\u00e1sledky, n\u011bkdy i fat\u00e1ln\u00ed. Sl\u00e1va p\u0159itom \u010dek\u00e1 jen na p\u00e1r vyvolen\u00fdch, v\u011bt\u0161inu pelotonu tvo\u0159\u00ed domestici neboli slu\u017eebnictvo. Jak\u00fd plat cyklist\u00e9 za ve\u0161ker\u00e9 od\u0159\u00edk\u00e1n\u00ed pob\u00edraj\u00ed?\",\"inLanguage\":\"cs\",\"potentialAction\":[{\"@type\":\"ReadAction\",\"target\":[\"https:\/\/www.welovecycling.com\/cs\/2024\/07\/13\/kdo-je-nejlepe-placeny-jezdec-na-tour-de-france-a-jaka-je-minimalni-mzda\/\"]}]},{\"@type\":\"ImageObject\",\"inLanguage\":\"cs\",\"@id\":\"https:\/\/www.welovecycling.com\/cs\/2024\/07\/13\/kdo-je-nejlepe-placeny-jezdec-na-tour-de-france-a-jaka-je-minimalni-mzda\/#primaryimage\",\"url\":\"https:\/\/d2p6e6u75xmxt8.cloudfront.net\/13\/2024\/07\/20240709TDF1078-A.S.O._Charly_Lopez-scaled.webp\",\"contentUrl\":\"https:\/\/d2p6e6u75xmxt8.cloudfront.net\/13\/2024\/07\/20240709TDF1078-A.S.O._Charly_Lopez-scaled.webp\",\"width\":2560,\"height\":1706,\"caption\":\"Tour de France 2024\"},{\"@type\":\"WebSite\",\"@id\":\"https:\/\/www.welovecycling.com\/cs\/#website\",\"url\":\"https:\/\/www.welovecycling.com\/cs\/\",\"name\":\"\u0160koda We Love Cycling - \u010cesk\u00e1 republika\",\"description\":\"WeLoveCycling.cz je online magaz\u00edn, kter\u00fd v\u00e1m pravideln\u011b p\u0159in\u00e1\u0161\u00ed rady a tipy, zaj\u00edmav\u00e9 \u010dl\u00e1nky, videa a jedine\u010dn\u00e9 report\u00e1\u017ee ze sv\u011bta cyklistiky.\",\"potentialAction\":[{\"@type\":\"SearchAction\",\"target\":{\"@type\":\"EntryPoint\",\"urlTemplate\":\"https:\/\/www.welovecycling.com\/cs\/?s={search_term_string}\"},\"query-input\":{\"@type\":\"PropertyValueSpecification\",\"valueRequired\":true,\"valueName\":\"search_term_string\"}}],\"inLanguage\":\"cs\"},{\"@type\":\"Person\",\"@id\":\"https:\/\/www.welovecycling.com\/cs\/#\/schema\/person\/d9eeb0a378f3a7e4a6d12d2b536b04b8\",\"name\":\"radekmalina\",\"image\":{\"@type\":\"ImageObject\",\"inLanguage\":\"cs\",\"@id\":\"https:\/\/www.welovecycling.com\/cs\/#\/schema\/person\/image\/\",\"url\":\"https:\/\/secure.gravatar.com\/avatar\/66994b632cb8c39a46b9f54afa3ae07201b678d32a54275b6f1c9ffec356bfc0?s=96&d=mm&r=g\",\"contentUrl\":\"https:\/\/secure.gravatar.com\/avatar\/66994b632cb8c39a46b9f54afa3ae07201b678d32a54275b6f1c9ffec356bfc0?s=96&d=mm&r=g\",\"caption\":\"radekmalina\"},\"url\":\"https:\/\/www.welovecycling.com\/cs\/author\/radekmalina\/\"}]}<\/script>\n<!-- \/ Yoast SEO Premium plugin. -->","yoast_head_json":{"title":"Kdo je nejl\u00e9pe placen\u00fd jezdec na Tour de France? A jak\u00e1 je minim\u00e1ln\u00ed mzda? | \u0160koda We Love Cycling - \u010cesk\u00e1 republika","description":"D\u0159ina, bolest, drsn\u00e9 p\u00e1dy, t\u011b\u017ek\u00e1 zran\u011bn\u00ed. Cyklistika pat\u0159\u00ed k jedn\u011bm z nejdrsn\u011bj\u0161\u00edch sport\u016f. Z\u00e1vodn\u00edci se \u010dasto v rychlosti atakuj\u00edc\u00ed sto kilometr\u016f navle\u010den\u00ed jen v tenk\u00e9m dresu a s p\u0159ilbou na hlav\u011b \u0159\u00edt\u00ed rameno na rameno. Sta\u010d\u00ed jedin\u00e1 chyba a hroz\u00ed nedoz\u00edrn\u00e9 n\u00e1sledky, n\u011bkdy i fat\u00e1ln\u00ed. Sl\u00e1va p\u0159itom \u010dek\u00e1 jen na p\u00e1r vyvolen\u00fdch, v\u011bt\u0161inu pelotonu tvo\u0159\u00ed domestici neboli slu\u017eebnictvo. Jak\u00fd plat cyklist\u00e9 za ve\u0161ker\u00e9 od\u0159\u00edk\u00e1n\u00ed pob\u00edraj\u00ed?","robots":{"index":"index","follow":"follow","max-snippet":"max-snippet:-1","max-image-preview":"max-image-preview:large","max-video-preview":"max-video-preview:-1"},"canonical":"https:\/\/www.welovecycling.com\/cs\/2024\/07\/13\/kdo-je-nejlepe-placeny-jezdec-na-tour-de-france-a-jaka-je-minimalni-mzda\/","og_locale":"cs_CZ","og_type":"article","og_title":"Kdo je nejl\u00e9pe placen\u00fd jezdec na Tour de France? A jak\u00e1 je minim\u00e1ln\u00ed mzda?","og_description":"D\u0159ina, bolest, drsn\u00e9 p\u00e1dy, t\u011b\u017ek\u00e1 zran\u011bn\u00ed. Cyklistika pat\u0159\u00ed k jedn\u011bm z nejdrsn\u011bj\u0161\u00edch sport\u016f. Z\u00e1vodn\u00edci se \u010dasto v rychlosti atakuj\u00edc\u00ed sto kilometr\u016f navle\u010den\u00ed jen v tenk\u00e9m dresu a s p\u0159ilbou na hlav\u011b \u0159\u00edt\u00ed rameno na rameno. Sta\u010d\u00ed jedin\u00e1 chyba a hroz\u00ed nedoz\u00edrn\u00e9 n\u00e1sledky, n\u011bkdy i fat\u00e1ln\u00ed. Sl\u00e1va p\u0159itom \u010dek\u00e1 jen na p\u00e1r vyvolen\u00fdch, v\u011bt\u0161inu pelotonu tvo\u0159\u00ed domestici neboli slu\u017eebnictvo. Jak\u00fd plat cyklist\u00e9 za ve\u0161ker\u00e9 od\u0159\u00edk\u00e1n\u00ed pob\u00edraj\u00ed?","og_url":"https:\/\/www.welovecycling.com\/cs\/2024\/07\/13\/kdo-je-nejlepe-placeny-jezdec-na-tour-de-france-a-jaka-je-minimalni-mzda\/","og_site_name":"\u0160koda We Love Cycling - \u010cesk\u00e1 republika","article_published_time":"2024-07-13T12:01:09+00:00","article_modified_time":"2024-07-14T08:41:33+00:00","og_image":[{"width":2560,"height":1706,"url":"https:\/\/d2p6e6u75xmxt8.cloudfront.net\/13\/2024\/07\/20240709TDF1078-A.S.O._Charly_Lopez-scaled.webp","type":"image\/webp"}],"author":"radekmalina","twitter_card":"summary_large_image","twitter_misc":{"Written by":"Radek Malina","Est. reading time":"6"},"schema":{"@context":"https:\/\/schema.org","@graph":[{"@type":"WebPage","@id":"https:\/\/www.welovecycling.com\/cs\/2024\/07\/13\/kdo-je-nejlepe-placeny-jezdec-na-tour-de-france-a-jaka-je-minimalni-mzda\/","url":"https:\/\/www.welovecycling.com\/cs\/2024\/07\/13\/kdo-je-nejlepe-placeny-jezdec-na-tour-de-france-a-jaka-je-minimalni-mzda\/","name":"Kdo je nejl\u00e9pe placen\u00fd jezdec na Tour de France? A jak\u00e1 je minim\u00e1ln\u00ed mzda? | \u0160koda We Love Cycling - \u010cesk\u00e1 republika","isPartOf":{"@id":"https:\/\/www.welovecycling.com\/cs\/#website"},"primaryImageOfPage":{"@id":"https:\/\/www.welovecycling.com\/cs\/2024\/07\/13\/kdo-je-nejlepe-placeny-jezdec-na-tour-de-france-a-jaka-je-minimalni-mzda\/#primaryimage"},"image":{"@id":"https:\/\/www.welovecycling.com\/cs\/2024\/07\/13\/kdo-je-nejlepe-placeny-jezdec-na-tour-de-france-a-jaka-je-minimalni-mzda\/#primaryimage"},"thumbnailUrl":"https:\/\/d2p6e6u75xmxt8.cloudfront.net\/13\/2024\/07\/20240709TDF1078-A.S.O._Charly_Lopez-scaled.webp","datePublished":"2024-07-13T12:01:09+00:00","dateModified":"2024-07-14T08:41:33+00:00","author":{"@id":"https:\/\/www.welovecycling.com\/cs\/#\/schema\/person\/d9eeb0a378f3a7e4a6d12d2b536b04b8"},"description":"D\u0159ina, bolest, drsn\u00e9 p\u00e1dy, t\u011b\u017ek\u00e1 zran\u011bn\u00ed. Cyklistika pat\u0159\u00ed k jedn\u011bm z nejdrsn\u011bj\u0161\u00edch sport\u016f. Z\u00e1vodn\u00edci se \u010dasto v rychlosti atakuj\u00edc\u00ed sto kilometr\u016f navle\u010den\u00ed jen v tenk\u00e9m dresu a s p\u0159ilbou na hlav\u011b \u0159\u00edt\u00ed rameno na rameno. Sta\u010d\u00ed jedin\u00e1 chyba a hroz\u00ed nedoz\u00edrn\u00e9 n\u00e1sledky, n\u011bkdy i fat\u00e1ln\u00ed. Sl\u00e1va p\u0159itom \u010dek\u00e1 jen na p\u00e1r vyvolen\u00fdch, v\u011bt\u0161inu pelotonu tvo\u0159\u00ed domestici neboli slu\u017eebnictvo. Jak\u00fd plat cyklist\u00e9 za ve\u0161ker\u00e9 od\u0159\u00edk\u00e1n\u00ed pob\u00edraj\u00ed?","inLanguage":"cs","potentialAction":[{"@type":"ReadAction","target":["https:\/\/www.welovecycling.com\/cs\/2024\/07\/13\/kdo-je-nejlepe-placeny-jezdec-na-tour-de-france-a-jaka-je-minimalni-mzda\/"]}]},{"@type":"ImageObject","inLanguage":"cs","@id":"https:\/\/www.welovecycling.com\/cs\/2024\/07\/13\/kdo-je-nejlepe-placeny-jezdec-na-tour-de-france-a-jaka-je-minimalni-mzda\/#primaryimage","url":"https:\/\/d2p6e6u75xmxt8.cloudfront.net\/13\/2024\/07\/20240709TDF1078-A.S.O._Charly_Lopez-scaled.webp","contentUrl":"https:\/\/d2p6e6u75xmxt8.cloudfront.net\/13\/2024\/07\/20240709TDF1078-A.S.O._Charly_Lopez-scaled.webp","width":2560,"height":1706,"caption":"Tour de France 2024"},{"@type":"WebSite","@id":"https:\/\/www.welovecycling.com\/cs\/#website","url":"https:\/\/www.welovecycling.com\/cs\/","name":"\u0160koda We Love Cycling - \u010cesk\u00e1 republika","description":"WeLoveCycling.cz je online magaz\u00edn, kter\u00fd v\u00e1m pravideln\u011b p\u0159in\u00e1\u0161\u00ed rady a tipy, zaj\u00edmav\u00e9 \u010dl\u00e1nky, videa a jedine\u010dn\u00e9 report\u00e1\u017ee ze sv\u011bta cyklistiky.","potentialAction":[{"@type":"SearchAction","target":{"@type":"EntryPoint","urlTemplate":"https:\/\/www.welovecycling.com\/cs\/?s={search_term_string}"},"query-input":{"@type":"PropertyValueSpecification","valueRequired":true,"valueName":"search_term_string"}}],"inLanguage":"cs"},{"@type":"Person","@id":"https:\/\/www.welovecycling.com\/cs\/#\/schema\/person\/d9eeb0a378f3a7e4a6d12d2b536b04b8","name":"radekmalina","image":{"@type":"ImageObject","inLanguage":"cs","@id":"https:\/\/www.welovecycling.com\/cs\/#\/schema\/person\/image\/","url":"https:\/\/secure.gravatar.com\/avatar\/66994b632cb8c39a46b9f54afa3ae07201b678d32a54275b6f1c9ffec356bfc0?s=96&d=mm&r=g","contentUrl":"https:\/\/secure.gravatar.com\/avatar\/66994b632cb8c39a46b9f54afa3ae07201b678d32a54275b6f1c9ffec356bfc0?s=96&d=mm&r=g","caption":"radekmalina"},"url":"https:\/\/www.welovecycling.com\/cs\/author\/radekmalina\/"}]}},"_links":{"self":[{"href":"https:\/\/www.welovecycling.com\/cs\/wp-json\/wp\/v2\/posts\/26337","targetHints":{"allow":["GET"]}}],"collection":[{"href":"https:\/\/www.welovecycling.com\/cs\/wp-json\/wp\/v2\/posts"}],"about":[{"href":"https:\/\/www.welovecycling.com\/cs\/wp-json\/wp\/v2\/types\/post"}],"author":[{"embeddable":true,"href":"https:\/\/www.welovecycling.com\/cs\/wp-json\/wp\/v2\/users\/138"}],"replies":[{"embeddable":true,"href":"https:\/\/www.welovecycling.com\/cs\/wp-json\/wp\/v2\/comments?post=26337"}],"version-history":[{"count":5,"href":"https:\/\/www.welovecycling.com\/cs\/wp-json\/wp\/v2\/posts\/26337\/revisions"}],"predecessor-version":[{"id":26367,"href":"https:\/\/www.welovecycling.com\/cs\/wp-json\/wp\/v2\/posts\/26337\/revisions\/26367"}],"wp:featuredmedia":[{"embeddable":true,"href":"https:\/\/www.welovecycling.com\/cs\/wp-json\/wp\/v2\/media\/26340"}],"wp:attachment":[{"href":"https:\/\/www.welovecycling.com\/cs\/wp-json\/wp\/v2\/media?parent=26337"}],"wp:term":[{"taxonomy":"category","embeddable":true,"href":"https:\/\/www.welovecycling.com\/cs\/wp-json\/wp\/v2\/categories?post=26337"},{"taxonomy":"post_tag","embeddable":true,"href":"https:\/\/www.welovecycling.com\/cs\/wp-json\/wp\/v2\/tags?post=26337"},{"taxonomy":"global-categories","embeddable":true,"href":"https:\/\/www.welovecycling.com\/cs\/wp-json\/wp\/v2\/global-categories?post=26337"}],"curies":[{"name":"wp","href":"https:\/\/api.w.org\/{rel}","templated":true}]}}