{"id":26200,"date":"2024-07-06T06:10:56","date_gmt":"2024-07-06T04:10:56","guid":{"rendered":"https:\/\/www.welovecycling.com\/cs\/?p=26200"},"modified":"2024-07-05T22:30:25","modified_gmt":"2024-07-05T20:30:25","slug":"gravel-na-tour-alchymie-s-tlakem-v-pneumatikach-a-jejich-sirkou-u-trasy-25-lidi-jednoho-tymu","status":"publish","type":"post","link":"https:\/\/www.welovecycling.com\/cs\/2024\/07\/06\/gravel-na-tour-alchymie-s-tlakem-v-pneumatikach-a-jejich-sirkou-u-trasy-25-lidi-jednoho-tymu\/","title":{"rendered":"Gravel na Tour: alchymie s tlakem v pneumatik\u00e1ch a jejich \u0161\u00ed\u0159kou, u trasy 25 lid\u00ed jednoho t\u00fdmu"},"content":{"rendered":"<p><strong>Novinka, kterou mnoz\u00ed prokl\u00ednaj\u00ed. Dev\u00e1t\u00e1 etapa Tour de France 2024 zavede cyklisty na gravelov\u00e9 \u00faseky. Peloton bude v bl\u00edzkosti Troyes bojovat s n\u00e1strahami \u010dtrn\u00e1cti \u00fasek\u016f tvo\u0159en\u00fdch b\u00edlou \u0161otolinou. A zejm\u00e9na z\u00e1vodn\u00edky na celkov\u00e9 po\u0159ad\u00ed gravel stra\u0161\u00ed.<\/strong><\/p>\n<p>&#8222;Rozhodn\u011b p\u016fjde o velice zaj\u00edmavou etapu,&#8220; p\u0159em\u00edtal Roman Kreuziger, sportovn\u00ed \u0159editel Bahrain Victorious. &#8222;Je to naprosto zbyte\u010dn\u00e9,&#8220; komentoval za\u0159azen\u00ed \u0161otolinov\u00e9 etapy do itiner\u00e1\u0159e Tour de France 2024 gener\u00e1ln\u00ed mana\u017eer Visma Lease a Bike Richard Plugge. &#8222;V minulosti jsme vid\u011bli na Tour de France kostky, te\u010f se prost\u011b jedou gravelov\u00e9 pas\u00e1\u017ee. Od organiz\u00e1tor\u016f jde o zp\u016fsob, jak ud\u011blat Tour de France zaj\u00edmav\u011bj\u0161\u00ed. Zda gravel do itiner\u00e1\u0159e Tour de France pat\u0159\u00ed \u010di nikoliv nechci hodnotit,&#8220; \u0159ekl Roman Kreuziger, \u010desk\u00fd sportovn\u00ed \u0159editel ve slu\u017eb\u00e1ch formace Bahrain Victorious.<\/p>\n<h2><strong>V\u00edtr v\u011bt\u0161\u00edm stra\u0161\u00e1kem ne\u017e gravel?<\/strong><\/h2>\n<p>Pr\u00e1v\u011b jeho st\u00e1j bude m\u00edt nepochybn\u011b z\u00e1lusk na v\u00edt\u011bzstv\u00ed v etap\u011b. V\u017edy\u0165 jedna z hv\u011bzda t\u00fdmu &#8211; Slovinec Matej Mohori\u010d &#8211; je \u00fa\u0159aduj\u00edc\u00edm mistrem sv\u011bta v gravelu.<\/p>\n<p>Cyklist\u00e9 naraz\u00ed na prvek symbolick\u00fd pro Strade Bianche nebo Pa\u0159\u00ed\u017e-Tours. Z etapy m\u011b\u0159\u00edc\u00ed 199 kilometr\u016f tvo\u0159\u00ed celkem 32 kilometr\u016f b\u00edl\u00e9 \u0161otolinov\u00e9 cesty, kter\u00e9 \u010d\u00e1ste\u010dn\u011b okusily z\u00e1vodnice p\u0159i Tour de France Femmes 2022. Tentokr\u00e1t jde o celkem \u010dtrn\u00e1ct sektor\u016f. Prvn\u00ed pra\u0161n\u00e1 cesta p\u0159ijde po 47 kilometrech. Celkem polovina \u0161otolinov\u00fdch kilometr\u016f je rozlo\u017eena do &#8222;\u00favodn\u00edch&#8220; 145 kilometr\u016f. Posledn\u00ed nezpevn\u011bn\u00fd \u00fasek je pak pouh\u00fdch deset kilometr\u016f p\u0159ed c\u00edlem.<\/p>\n<p><a href=\"https:\/\/d2p6e6u75xmxt8.cloudfront.net\/13\/2024\/07\/profimedia-0679507403.webp\"><img loading=\"lazy\" decoding=\"async\" class=\"alignnone size-full wp-image-26208\" src=\"https:\/\/d2p6e6u75xmxt8.cloudfront.net\/13\/2024\/07\/profimedia-0679507403.webp\" alt=\"\" width=\"1800\" height=\"1128\" srcset=\"https:\/\/d2p6e6u75xmxt8.cloudfront.net\/13\/2024\/07\/profimedia-0679507403.webp 1800w, https:\/\/d2p6e6u75xmxt8.cloudfront.net\/13\/2024\/07\/profimedia-0679507403-300x188.webp 300w, https:\/\/d2p6e6u75xmxt8.cloudfront.net\/13\/2024\/07\/profimedia-0679507403-1024x642.webp 1024w, https:\/\/d2p6e6u75xmxt8.cloudfront.net\/13\/2024\/07\/profimedia-0679507403-768x481.webp 768w, https:\/\/d2p6e6u75xmxt8.cloudfront.net\/13\/2024\/07\/profimedia-0679507403-1536x963.webp 1536w, https:\/\/d2p6e6u75xmxt8.cloudfront.net\/13\/2024\/07\/profimedia-0679507403-400x251.webp 400w\" sizes=\"auto, (max-width: 1800px) 100vw, 1800px\" \/><\/a><\/p>\n<p>&#8222;Byli jsme celou etapu projet. Je to hodn\u011b pevn\u00e9. N\u011bkter\u00e9 sektory jsou nav\u00edc protkan\u00e9 asfaltov\u00fdmi p\u00e1sy. Ur\u010dit\u011b to bude rychl\u00e9,&#8220; p\u0159em\u00edt\u00e1 Roman Kreuziger. &#8222;Jist\u00fd probl\u00e9m m\u016f\u017ee b\u00fdt s pokryt\u00edm v\u0161ech sektor\u016f. Logistika rozm\u00edst\u011bn\u00ed podp\u016frn\u00e9ho person\u00e1lu, aby u sebe m\u011bli bidony, j\u00eddlo a rezervn\u00ed kola, se \u0159e\u0161ila s velk\u00fdm p\u0159edstihem. Jsem p\u0159esv\u011bd\u010den\u00fd, \u017ee peloton bude stra\u0161n\u011b nata\u017een\u00fd. S autem v konvoji budeme t\u0159eba p\u011bt minut za z\u00e1vodn\u00edky,&#8220; kr\u010dil rameny Roman Kreuziger.<\/p>\n<div class=\"shortcode-ys-post-pinup\"><article class=\"loop-simple post-26197 post type-post status-publish format-standard has-post-thumbnail hentry category-tour-de-france tag-cyklistika tag-eddy-merckx tag-etapovy-rekord tag-mark-cavendish tag-projekt-35 tag-rekord tag-rekordni-vitezstvi tag-silnicni-cyklistika tag-tour-de-france tag-tour-de-france-2024 global-categories-cycling\" data-postid=\"26197\" role=\"article\" data-post-id=\"26197\" data-word-count=\"368\" data-headline-length=\"113\" data-category=\"Tour de France\" data-global-category=\"Cycling\" data-author=\"We Love Cycling\" data-published=\"2024-07-04T12:44:40+02:00\" data-published-day=\"Thursday\">\n    <div class=\"entry-thumbnail article-thumbnail\" content=\"https:\/\/d2p6e6u75xmxt8.cloudfront.net\/13\/2024\/07\/profimedia-0886980403-150x150.webp\"><a href=\"https:\/\/www.welovecycling.com\/cs\/2024\/07\/04\/vysilacka-na-brise-ponozky-za-30-tisic-ci-hodinky-za-ctyri-a-pul-milionu-detaily-cavendishova-rekordu\/\" class=\"image-holder\" target=\"_self\"><img decoding=\"async\" loading=\"lazy\" class=\"\" src=\"https:\/\/d2p6e6u75xmxt8.cloudfront.net\/13\/2024\/07\/profimedia-0886980403-1024x683.webp\" srcset=\"https:\/\/d2p6e6u75xmxt8.cloudfront.net\/13\/2024\/07\/profimedia-0886980403.webp 1800w, https:\/\/d2p6e6u75xmxt8.cloudfront.net\/13\/2024\/07\/profimedia-0886980403-300x200.webp 300w, https:\/\/d2p6e6u75xmxt8.cloudfront.net\/13\/2024\/07\/profimedia-0886980403-1024x683.webp 1024w, https:\/\/d2p6e6u75xmxt8.cloudfront.net\/13\/2024\/07\/profimedia-0886980403-768x512.webp 768w, https:\/\/d2p6e6u75xmxt8.cloudfront.net\/13\/2024\/07\/profimedia-0886980403-1536x1024.webp 1536w, https:\/\/d2p6e6u75xmxt8.cloudfront.net\/13\/2024\/07\/profimedia-0886980403-400x267.webp 400w, https:\/\/d2p6e6u75xmxt8.cloudfront.net\/13\/2024\/07\/profimedia-0886980403-272x182.webp 272w\" width=\"1024\" height=\"683\" sizes=\"auto, (min-width: 1200px) 300px, (min-width: 768px) 25vw, 100vw\" alt=\"vysilacka-na-brise-ponozky-za-30-tisic-ci-hodinky-za-ctyri-a-pul-milionu-detaily-cavendishova-rekordu\"\/><\/a><\/div>    <div class=\"entry-meta\">\n        <a class=\"label label-secondary post-category\" href=\"https:\/\/www.welovecycling.com\/cs\/category\/tour-de-france\/\" title=\"Tour de France\">Tour de France<\/a>\n    <\/div>\n    <div class=\"entry-details\">\n        <a href=\"https:\/\/www.welovecycling.com\/cs\/2024\/07\/04\/vysilacka-na-brise-ponozky-za-30-tisic-ci-hodinky-za-ctyri-a-pul-milionu-detaily-cavendishova-rekordu\/\" class='entry-title-wrapper'>\n            <h3 class=\"entry-title\"><span>Vys\u00edla\u010dka na b\u0159i\u0161e, pono\u017eky za 30 tis\u00edc \u010di hodinky za \u010dty\u0159i a p\u016fl milionu. Detaily Cavendishova rekordu<\/span><\/h3>\n        <\/a>\n    <\/div>\n    <\/article>\n<\/div>\n<p>&#8222;Speci\u00e1ln\u011b na tuhle etapu jsme tud\u00ed\u017e najali pomocn\u00edky nav\u00edc. Pozvali jsme si lidi z Belgie, kte\u0159\u00ed n\u00e1m pom\u00e1haj\u00ed zaji\u0161\u0165ovat jarn\u00ed klasiky. Krom\u011b aut v konvoji budeme m\u00edt dal\u0161\u00edch p\u011btadvacet lid\u00ed pod\u00e9l trasy,&#8220; vypo\u010d\u00edt\u00e1val Roman Kreuziger.<\/p>\n<p>&#8222;V\u0161ichni mluv\u00ed jenom o \u0161otolinov\u00fdch \u00fasec\u00edch, ale podle m\u00e9ho m\u016f\u017ee b\u00fdt mnohem v\u011bt\u0161\u00edm stra\u0161\u00e1kem v\u00edtr. Jde o hodn\u011b otev\u0159en\u00e9 \u00faseky a v\u00edtr m\u016f\u017ee b\u00fdt dost mo\u017en\u00e1 z\u00e1sadn\u011bj\u0161\u00ed pro v\u00fdvoj etapy ne\u017e pas\u00e1\u017ee na gravelu,&#8220; p\u0159em\u00edtal sportovn\u00ed \u0159editel Bahrain Victorious.<\/p>\n<h2><strong>T\u00fdmy nasad\u00ed klasick\u00e1 kola<\/strong><\/h2>\n<p>T\u00fdmy velmi pravd\u011bpodobn\u011b nasad\u00ed klasick\u00e1 silni\u010dn\u00ed kola, p\u0159esto\u017ee kup\u0159\u00edkladu formace Israel Premier Tech pou\u017eila p\u0159i Pa\u0159\u00ed\u017e Roubaix gravel bike. &#8222;Na tuhle etapu nen\u00ed pot\u0159eba. Ale hodn\u011b d\u016fle\u017eit\u00e1 bude volba \u0161\u00ed\u0159ky pl\u00e1\u0161\u0165\u016f. U\u017e v p\u0159edstihu jsme to \u0159e\u0161ili i s ohledem na p\u0159edpov\u011b\u010f. Je pochopiteln\u011b z\u00e1sadn\u00ed. Jestli se jede na suchu nebo na mokru,&#8220; p\u0159em\u00edtal Roman Kreuziger.<\/p>\n<figure id=\"attachment_16224\" aria-describedby=\"caption-attachment-16224\" style=\"width: 1600px\" class=\"wp-caption alignnone\"><a href=\"https:\/\/d2p6e6u75xmxt8.cloudfront.net\/13\/2022\/03\/strade-bianche-michal-cerveny-4.webp\"><img loading=\"lazy\" decoding=\"async\" class=\"size-full wp-image-16224\" src=\"https:\/\/d2p6e6u75xmxt8.cloudfront.net\/13\/2022\/03\/strade-bianche-michal-cerveny-4.webp\" alt=\"Strade Bianche nab\u00edz\u00ed tradi\u010dn\u011b spektakul\u00e1rn\u00ed pod\u00edvanou.\" width=\"1600\" height=\"1067\" srcset=\"https:\/\/d2p6e6u75xmxt8.cloudfront.net\/13\/2022\/03\/strade-bianche-michal-cerveny-4.webp 1600w, https:\/\/d2p6e6u75xmxt8.cloudfront.net\/13\/2022\/03\/strade-bianche-michal-cerveny-4-300x200.webp 300w, https:\/\/d2p6e6u75xmxt8.cloudfront.net\/13\/2022\/03\/strade-bianche-michal-cerveny-4-1024x683.webp 1024w, https:\/\/d2p6e6u75xmxt8.cloudfront.net\/13\/2022\/03\/strade-bianche-michal-cerveny-4-768x512.webp 768w, https:\/\/d2p6e6u75xmxt8.cloudfront.net\/13\/2022\/03\/strade-bianche-michal-cerveny-4-1536x1024.webp 1536w, https:\/\/d2p6e6u75xmxt8.cloudfront.net\/13\/2022\/03\/strade-bianche-michal-cerveny-4-272x182.webp 272w\" sizes=\"auto, (max-width: 1600px) 100vw, 1600px\" \/><\/a><figcaption id=\"caption-attachment-16224\" class=\"wp-caption-text\"><em>Peloton p\u0159i Tour de France 2024 \u010dek\u00e1 gravel stejn\u011b jako p\u0159i Strade Bianche.<\/em><\/figcaption><\/figure>\n<p>&#8222;Norm\u00e1ln\u011b se voz\u00ed bezdu\u0161e \u0161\u00ed\u0159ky osmadvacet milimetr\u016f, tady m\u00e1me mo\u017enost od v\u00fdrobce pou\u017e\u00edt a\u017e p\u011btat\u0159ic\u00edtky. D\u016fle\u017eit\u00e9 je spr\u00e1vn\u011b zvolit i v\u00fd\u0161ku kol, spr\u00e1vnou \u0161\u00ed\u0159ku a pochopiteln\u011b tlak v pneumatice, proto\u017ee ide\u00e1ln\u00edm nahu\u0161t\u011bn\u00edm se eliminuj\u00ed defekty. Sou\u010dasn\u011b se v\u0161ak z\u00e1vodn\u00edk mus\u00ed c\u00edtit na kole komfortn\u011b,&#8220; odhaloval n\u00e1strahy p\u0159ed gravelovou etapou.<\/p>\n<div class=\"shortcode-ys-post-pinup\"><article class=\"loop-simple post-26143 post type-post status-publish format-standard has-post-thumbnail hentry category-tour-de-france tag-biniam-girmay tag-cyklistika tag-silnicni-cyklistika tag-tour-de-france tag-tour-de-france-2024 global-categories-cycling\" data-postid=\"26143\" role=\"article\" data-post-id=\"26143\" data-word-count=\"414\" data-headline-length=\"55\" data-category=\"Tour de France\" data-global-category=\"Cycling\" data-author=\"We Love Cycling\" data-published=\"2024-07-01T18:52:09+02:00\" data-published-day=\"Monday\">\n    <div class=\"entry-thumbnail article-thumbnail\" content=\"https:\/\/d2p6e6u75xmxt8.cloudfront.net\/13\/2024\/07\/profimedia-0886317208-150x150.webp\"><a href=\"https:\/\/www.welovecycling.com\/cs\/2024\/07\/01\/biniam-girmay-prepsal-historii-je-to-pro-celou-afriku\/\" class=\"image-holder\" target=\"_self\"><img decoding=\"async\" loading=\"lazy\" class=\"\" src=\"https:\/\/d2p6e6u75xmxt8.cloudfront.net\/13\/2024\/07\/profimedia-0886317208-1024x683.webp\" srcset=\"https:\/\/d2p6e6u75xmxt8.cloudfront.net\/13\/2024\/07\/profimedia-0886317208.webp 1800w, https:\/\/d2p6e6u75xmxt8.cloudfront.net\/13\/2024\/07\/profimedia-0886317208-300x200.webp 300w, https:\/\/d2p6e6u75xmxt8.cloudfront.net\/13\/2024\/07\/profimedia-0886317208-1024x683.webp 1024w, https:\/\/d2p6e6u75xmxt8.cloudfront.net\/13\/2024\/07\/profimedia-0886317208-768x512.webp 768w, https:\/\/d2p6e6u75xmxt8.cloudfront.net\/13\/2024\/07\/profimedia-0886317208-1536x1024.webp 1536w, https:\/\/d2p6e6u75xmxt8.cloudfront.net\/13\/2024\/07\/profimedia-0886317208-400x267.webp 400w, https:\/\/d2p6e6u75xmxt8.cloudfront.net\/13\/2024\/07\/profimedia-0886317208-272x182.webp 272w\" width=\"1024\" height=\"683\" sizes=\"auto, (min-width: 1200px) 300px, (min-width: 768px) 25vw, 100vw\" alt=\"biniam-girmay-prepsal-historii-je-to-pro-celou-afriku\"\/><\/a><\/div>    <div class=\"entry-meta\">\n        <a class=\"label label-secondary post-category\" href=\"https:\/\/www.welovecycling.com\/cs\/category\/tour-de-france\/\" title=\"Tour de France\">Tour de France<\/a>\n    <\/div>\n    <div class=\"entry-details\">\n        <a href=\"https:\/\/www.welovecycling.com\/cs\/2024\/07\/01\/biniam-girmay-prepsal-historii-je-to-pro-celou-afriku\/\" class='entry-title-wrapper'>\n            <h3 class=\"entry-title\"><span>Biniam Girmay p\u0159epsal historii: Je to pro celou Afriku<\/span><\/h3>\n        <\/a>\n    <\/div>\n    <\/article>\n<\/div>\n<p>S nejv\u011bt\u0161\u00ed pravd\u011bpodobnost\u00ed cyklist\u00e9 p\u0159i dev\u00e1t\u00e9 etap\u011b Tour de France vsad\u00ed i na klasick\u00e9 pl\u00e1\u0161t\u011b, proto\u017ee volba speci\u00e1ln\u00edch pneumatik na \u0161t\u011brk by rozhodn\u011b znamenala ztr\u00e1tu rychlosti. Podobn\u011b jako kup\u0159\u00edkladu p\u0159i \u010dasovce nebo p\u0159i rovinat\u00fdch etap\u00e1ch cyklist\u00e9 vsad\u00ed na pou\u017eit\u00ed jedin\u00e9ho p\u0159evodn\u00edku s vod\u00edtkem \u0159et\u011bzu. Kl\u00ed\u010dovou roli bude hr\u00e1t hlavn\u011b rozm\u00edst\u011bn\u00ed person\u00e1lu pod\u00e9l trasy pro p\u0159\u00edpad defektu.<\/p>\n","protected":false},"excerpt":{"rendered":"<p>Novinka, kterou mnoz\u00ed prokl\u00ednaj\u00ed. Dev\u00e1t\u00e1 etapa Tour de France 2024 zavede cyklisty na gravelov\u00e9 \u00faseky. Peloton bude v bl\u00edzkosti Troyes [&hellip;]<\/p>\n","protected":false},"author":138,"featured_media":26209,"comment_status":"open","ping_status":"open","sticky":false,"template":"","format":"standard","meta":{"footnotes":""},"categories":[1711],"tags":[2001,3664,3665,2294,92,3276,3566],"global-categories":[411],"class_list":["post-26200","post","type-post","status-publish","format-standard","has-post-thumbnail","hentry","category-tour-de-france","tag-gravel","tag-gravel-na-tour-de-france","tag-gravel-tour-de-france","tag-matej-mohoric","tag-roman-kreuziger","tag-tour-de-france-2024","tag-visma-lease-a-bike","global-categories-cycling"],"yoast_head":"<!-- This site is optimized with the Yoast SEO Premium plugin v25.3 (Yoast SEO v25.9) - https:\/\/yoast.com\/wordpress\/plugins\/seo\/ -->\n<title>Gravel na Tour: alchymie s tlakem v pneumatik\u00e1ch a jejich \u0161\u00ed\u0159kou, u trasy 25 lid\u00ed jednoho t\u00fdmu | \u0160koda We Love Cycling - \u010cesk\u00e1 republika<\/title>\n<meta name=\"description\" content=\"Novinka, kterou mnoz\u00ed prokl\u00ednaj\u00ed. Dev\u00e1t\u00e1 etapa Tour de France 2024 zavede cyklisty na gravelov\u00e9 \u00faseky. Peloton bude v bl\u00edzkosti Troyes bojovat s n\u00e1strahami \u010dtrn\u00e1cti \u00fasek\u016f tvo\u0159en\u00fdch b\u00edlou \u0161otolinou. A zejm\u00e9na z\u00e1vodn\u00edky na celkov\u00e9 po\u0159ad\u00ed gravel stra\u0161\u00ed.\" \/>\n<meta name=\"robots\" content=\"index, follow, max-snippet:-1, max-image-preview:large, max-video-preview:-1\" \/>\n<link rel=\"canonical\" href=\"https:\/\/www.welovecycling.com\/cs\/2024\/07\/06\/gravel-na-tour-alchymie-s-tlakem-v-pneumatikach-a-jejich-sirkou-u-trasy-25-lidi-jednoho-tymu\/\" \/>\n<meta property=\"og:locale\" content=\"cs_CZ\" \/>\n<meta property=\"og:type\" content=\"article\" \/>\n<meta property=\"og:title\" content=\"Gravel na Tour: alchymie s tlakem v pneumatik\u00e1ch a jejich \u0161\u00ed\u0159kou, u trasy 25 lid\u00ed jednoho t\u00fdmu\" \/>\n<meta property=\"og:description\" content=\"Novinka, kterou mnoz\u00ed prokl\u00ednaj\u00ed. Dev\u00e1t\u00e1 etapa Tour de France 2024 zavede cyklisty na gravelov\u00e9 \u00faseky. Peloton bude v bl\u00edzkosti Troyes bojovat s n\u00e1strahami \u010dtrn\u00e1cti \u00fasek\u016f tvo\u0159en\u00fdch b\u00edlou \u0161otolinou. A zejm\u00e9na z\u00e1vodn\u00edky na celkov\u00e9 po\u0159ad\u00ed gravel stra\u0161\u00ed.\" \/>\n<meta property=\"og:url\" content=\"https:\/\/www.welovecycling.com\/cs\/2024\/07\/06\/gravel-na-tour-alchymie-s-tlakem-v-pneumatikach-a-jejich-sirkou-u-trasy-25-lidi-jednoho-tymu\/\" \/>\n<meta property=\"og:site_name\" content=\"\u0160koda We Love Cycling - \u010cesk\u00e1 republika\" \/>\n<meta property=\"article:published_time\" content=\"2024-07-06T04:10:56+00:00\" \/>\n<meta property=\"og:image\" content=\"https:\/\/d2p6e6u75xmxt8.cloudfront.net\/13\/2024\/07\/profimedia-0710246492.webp\" \/>\n\t<meta property=\"og:image:width\" content=\"1800\" \/>\n\t<meta property=\"og:image:height\" content=\"1200\" \/>\n\t<meta property=\"og:image:type\" content=\"image\/webp\" \/>\n<meta name=\"author\" content=\"radekmalina\" \/>\n<meta name=\"twitter:card\" content=\"summary_large_image\" \/>\n<meta name=\"twitter:label1\" content=\"Written by\" \/>\n\t<meta name=\"twitter:data1\" content=\"We Love Cycling\" \/>\n\t<meta name=\"twitter:label2\" content=\"Est. reading time\" \/>\n\t<meta name=\"twitter:data2\" content=\"5\" \/>\n<script type=\"application\/ld+json\" class=\"yoast-schema-graph\">{\"@context\":\"https:\/\/schema.org\",\"@graph\":[{\"@type\":\"WebPage\",\"@id\":\"https:\/\/www.welovecycling.com\/cs\/2024\/07\/06\/gravel-na-tour-alchymie-s-tlakem-v-pneumatikach-a-jejich-sirkou-u-trasy-25-lidi-jednoho-tymu\/\",\"url\":\"https:\/\/www.welovecycling.com\/cs\/2024\/07\/06\/gravel-na-tour-alchymie-s-tlakem-v-pneumatikach-a-jejich-sirkou-u-trasy-25-lidi-jednoho-tymu\/\",\"name\":\"Gravel na Tour: alchymie s tlakem v pneumatik\u00e1ch a jejich \u0161\u00ed\u0159kou, u trasy 25 lid\u00ed jednoho t\u00fdmu | \u0160koda We Love Cycling - \u010cesk\u00e1 republika\",\"isPartOf\":{\"@id\":\"https:\/\/www.welovecycling.com\/cs\/#website\"},\"primaryImageOfPage\":{\"@id\":\"https:\/\/www.welovecycling.com\/cs\/2024\/07\/06\/gravel-na-tour-alchymie-s-tlakem-v-pneumatikach-a-jejich-sirkou-u-trasy-25-lidi-jednoho-tymu\/#primaryimage\"},\"image\":{\"@id\":\"https:\/\/www.welovecycling.com\/cs\/2024\/07\/06\/gravel-na-tour-alchymie-s-tlakem-v-pneumatikach-a-jejich-sirkou-u-trasy-25-lidi-jednoho-tymu\/#primaryimage\"},\"thumbnailUrl\":\"https:\/\/d2p6e6u75xmxt8.cloudfront.net\/13\/2024\/07\/profimedia-0710246492.webp\",\"datePublished\":\"2024-07-06T04:10:56+00:00\",\"author\":{\"@id\":\"https:\/\/www.welovecycling.com\/cs\/#\/schema\/person\/d9eeb0a378f3a7e4a6d12d2b536b04b8\"},\"description\":\"Novinka, kterou mnoz\u00ed prokl\u00ednaj\u00ed. Dev\u00e1t\u00e1 etapa Tour de France 2024 zavede cyklisty na gravelov\u00e9 \u00faseky. Peloton bude v bl\u00edzkosti Troyes bojovat s n\u00e1strahami \u010dtrn\u00e1cti \u00fasek\u016f tvo\u0159en\u00fdch b\u00edlou \u0161otolinou. A zejm\u00e9na z\u00e1vodn\u00edky na celkov\u00e9 po\u0159ad\u00ed gravel stra\u0161\u00ed.\",\"inLanguage\":\"cs\",\"potentialAction\":[{\"@type\":\"ReadAction\",\"target\":[\"https:\/\/www.welovecycling.com\/cs\/2024\/07\/06\/gravel-na-tour-alchymie-s-tlakem-v-pneumatikach-a-jejich-sirkou-u-trasy-25-lidi-jednoho-tymu\/\"]}]},{\"@type\":\"ImageObject\",\"inLanguage\":\"cs\",\"@id\":\"https:\/\/www.welovecycling.com\/cs\/2024\/07\/06\/gravel-na-tour-alchymie-s-tlakem-v-pneumatikach-a-jejich-sirkou-u-trasy-25-lidi-jednoho-tymu\/#primaryimage\",\"url\":\"https:\/\/d2p6e6u75xmxt8.cloudfront.net\/13\/2024\/07\/profimedia-0710246492.webp\",\"contentUrl\":\"https:\/\/d2p6e6u75xmxt8.cloudfront.net\/13\/2024\/07\/profimedia-0710246492.webp\",\"width\":1800,\"height\":1200,\"caption\":\"Tour de France gravel\"},{\"@type\":\"WebSite\",\"@id\":\"https:\/\/www.welovecycling.com\/cs\/#website\",\"url\":\"https:\/\/www.welovecycling.com\/cs\/\",\"name\":\"\u0160koda We Love Cycling - \u010cesk\u00e1 republika\",\"description\":\"WeLoveCycling.cz je online magaz\u00edn, kter\u00fd v\u00e1m pravideln\u011b p\u0159in\u00e1\u0161\u00ed rady a tipy, zaj\u00edmav\u00e9 \u010dl\u00e1nky, videa a jedine\u010dn\u00e9 report\u00e1\u017ee ze sv\u011bta cyklistiky.\",\"potentialAction\":[{\"@type\":\"SearchAction\",\"target\":{\"@type\":\"EntryPoint\",\"urlTemplate\":\"https:\/\/www.welovecycling.com\/cs\/?s={search_term_string}\"},\"query-input\":{\"@type\":\"PropertyValueSpecification\",\"valueRequired\":true,\"valueName\":\"search_term_string\"}}],\"inLanguage\":\"cs\"},{\"@type\":\"Person\",\"@id\":\"https:\/\/www.welovecycling.com\/cs\/#\/schema\/person\/d9eeb0a378f3a7e4a6d12d2b536b04b8\",\"name\":\"radekmalina\",\"image\":{\"@type\":\"ImageObject\",\"inLanguage\":\"cs\",\"@id\":\"https:\/\/www.welovecycling.com\/cs\/#\/schema\/person\/image\/\",\"url\":\"https:\/\/secure.gravatar.com\/avatar\/66994b632cb8c39a46b9f54afa3ae07201b678d32a54275b6f1c9ffec356bfc0?s=96&d=mm&r=g\",\"contentUrl\":\"https:\/\/secure.gravatar.com\/avatar\/66994b632cb8c39a46b9f54afa3ae07201b678d32a54275b6f1c9ffec356bfc0?s=96&d=mm&r=g\",\"caption\":\"radekmalina\"},\"url\":\"https:\/\/www.welovecycling.com\/cs\/author\/radekmalina\/\"}]}<\/script>\n<!-- \/ Yoast SEO Premium plugin. -->","yoast_head_json":{"title":"Gravel na Tour: alchymie s tlakem v pneumatik\u00e1ch a jejich \u0161\u00ed\u0159kou, u trasy 25 lid\u00ed jednoho t\u00fdmu | \u0160koda We Love Cycling - \u010cesk\u00e1 republika","description":"Novinka, kterou mnoz\u00ed prokl\u00ednaj\u00ed. Dev\u00e1t\u00e1 etapa Tour de France 2024 zavede cyklisty na gravelov\u00e9 \u00faseky. Peloton bude v bl\u00edzkosti Troyes bojovat s n\u00e1strahami \u010dtrn\u00e1cti \u00fasek\u016f tvo\u0159en\u00fdch b\u00edlou \u0161otolinou. A zejm\u00e9na z\u00e1vodn\u00edky na celkov\u00e9 po\u0159ad\u00ed gravel stra\u0161\u00ed.","robots":{"index":"index","follow":"follow","max-snippet":"max-snippet:-1","max-image-preview":"max-image-preview:large","max-video-preview":"max-video-preview:-1"},"canonical":"https:\/\/www.welovecycling.com\/cs\/2024\/07\/06\/gravel-na-tour-alchymie-s-tlakem-v-pneumatikach-a-jejich-sirkou-u-trasy-25-lidi-jednoho-tymu\/","og_locale":"cs_CZ","og_type":"article","og_title":"Gravel na Tour: alchymie s tlakem v pneumatik\u00e1ch a jejich \u0161\u00ed\u0159kou, u trasy 25 lid\u00ed jednoho t\u00fdmu","og_description":"Novinka, kterou mnoz\u00ed prokl\u00ednaj\u00ed. Dev\u00e1t\u00e1 etapa Tour de France 2024 zavede cyklisty na gravelov\u00e9 \u00faseky. Peloton bude v bl\u00edzkosti Troyes bojovat s n\u00e1strahami \u010dtrn\u00e1cti \u00fasek\u016f tvo\u0159en\u00fdch b\u00edlou \u0161otolinou. A zejm\u00e9na z\u00e1vodn\u00edky na celkov\u00e9 po\u0159ad\u00ed gravel stra\u0161\u00ed.","og_url":"https:\/\/www.welovecycling.com\/cs\/2024\/07\/06\/gravel-na-tour-alchymie-s-tlakem-v-pneumatikach-a-jejich-sirkou-u-trasy-25-lidi-jednoho-tymu\/","og_site_name":"\u0160koda We Love Cycling - \u010cesk\u00e1 republika","article_published_time":"2024-07-06T04:10:56+00:00","og_image":[{"width":1800,"height":1200,"url":"https:\/\/d2p6e6u75xmxt8.cloudfront.net\/13\/2024\/07\/profimedia-0710246492.webp","type":"image\/webp"}],"author":"radekmalina","twitter_card":"summary_large_image","twitter_misc":{"Written by":"We Love Cycling","Est. reading time":"5"},"schema":{"@context":"https:\/\/schema.org","@graph":[{"@type":"WebPage","@id":"https:\/\/www.welovecycling.com\/cs\/2024\/07\/06\/gravel-na-tour-alchymie-s-tlakem-v-pneumatikach-a-jejich-sirkou-u-trasy-25-lidi-jednoho-tymu\/","url":"https:\/\/www.welovecycling.com\/cs\/2024\/07\/06\/gravel-na-tour-alchymie-s-tlakem-v-pneumatikach-a-jejich-sirkou-u-trasy-25-lidi-jednoho-tymu\/","name":"Gravel na Tour: alchymie s tlakem v pneumatik\u00e1ch a jejich \u0161\u00ed\u0159kou, u trasy 25 lid\u00ed jednoho t\u00fdmu | \u0160koda We Love Cycling - \u010cesk\u00e1 republika","isPartOf":{"@id":"https:\/\/www.welovecycling.com\/cs\/#website"},"primaryImageOfPage":{"@id":"https:\/\/www.welovecycling.com\/cs\/2024\/07\/06\/gravel-na-tour-alchymie-s-tlakem-v-pneumatikach-a-jejich-sirkou-u-trasy-25-lidi-jednoho-tymu\/#primaryimage"},"image":{"@id":"https:\/\/www.welovecycling.com\/cs\/2024\/07\/06\/gravel-na-tour-alchymie-s-tlakem-v-pneumatikach-a-jejich-sirkou-u-trasy-25-lidi-jednoho-tymu\/#primaryimage"},"thumbnailUrl":"https:\/\/d2p6e6u75xmxt8.cloudfront.net\/13\/2024\/07\/profimedia-0710246492.webp","datePublished":"2024-07-06T04:10:56+00:00","author":{"@id":"https:\/\/www.welovecycling.com\/cs\/#\/schema\/person\/d9eeb0a378f3a7e4a6d12d2b536b04b8"},"description":"Novinka, kterou mnoz\u00ed prokl\u00ednaj\u00ed. Dev\u00e1t\u00e1 etapa Tour de France 2024 zavede cyklisty na gravelov\u00e9 \u00faseky. Peloton bude v bl\u00edzkosti Troyes bojovat s n\u00e1strahami \u010dtrn\u00e1cti \u00fasek\u016f tvo\u0159en\u00fdch b\u00edlou \u0161otolinou. A zejm\u00e9na z\u00e1vodn\u00edky na celkov\u00e9 po\u0159ad\u00ed gravel stra\u0161\u00ed.","inLanguage":"cs","potentialAction":[{"@type":"ReadAction","target":["https:\/\/www.welovecycling.com\/cs\/2024\/07\/06\/gravel-na-tour-alchymie-s-tlakem-v-pneumatikach-a-jejich-sirkou-u-trasy-25-lidi-jednoho-tymu\/"]}]},{"@type":"ImageObject","inLanguage":"cs","@id":"https:\/\/www.welovecycling.com\/cs\/2024\/07\/06\/gravel-na-tour-alchymie-s-tlakem-v-pneumatikach-a-jejich-sirkou-u-trasy-25-lidi-jednoho-tymu\/#primaryimage","url":"https:\/\/d2p6e6u75xmxt8.cloudfront.net\/13\/2024\/07\/profimedia-0710246492.webp","contentUrl":"https:\/\/d2p6e6u75xmxt8.cloudfront.net\/13\/2024\/07\/profimedia-0710246492.webp","width":1800,"height":1200,"caption":"Tour de France gravel"},{"@type":"WebSite","@id":"https:\/\/www.welovecycling.com\/cs\/#website","url":"https:\/\/www.welovecycling.com\/cs\/","name":"\u0160koda We Love Cycling - \u010cesk\u00e1 republika","description":"WeLoveCycling.cz je online magaz\u00edn, kter\u00fd v\u00e1m pravideln\u011b p\u0159in\u00e1\u0161\u00ed rady a tipy, zaj\u00edmav\u00e9 \u010dl\u00e1nky, videa a jedine\u010dn\u00e9 report\u00e1\u017ee ze sv\u011bta cyklistiky.","potentialAction":[{"@type":"SearchAction","target":{"@type":"EntryPoint","urlTemplate":"https:\/\/www.welovecycling.com\/cs\/?s={search_term_string}"},"query-input":{"@type":"PropertyValueSpecification","valueRequired":true,"valueName":"search_term_string"}}],"inLanguage":"cs"},{"@type":"Person","@id":"https:\/\/www.welovecycling.com\/cs\/#\/schema\/person\/d9eeb0a378f3a7e4a6d12d2b536b04b8","name":"radekmalina","image":{"@type":"ImageObject","inLanguage":"cs","@id":"https:\/\/www.welovecycling.com\/cs\/#\/schema\/person\/image\/","url":"https:\/\/secure.gravatar.com\/avatar\/66994b632cb8c39a46b9f54afa3ae07201b678d32a54275b6f1c9ffec356bfc0?s=96&d=mm&r=g","contentUrl":"https:\/\/secure.gravatar.com\/avatar\/66994b632cb8c39a46b9f54afa3ae07201b678d32a54275b6f1c9ffec356bfc0?s=96&d=mm&r=g","caption":"radekmalina"},"url":"https:\/\/www.welovecycling.com\/cs\/author\/radekmalina\/"}]}},"_links":{"self":[{"href":"https:\/\/www.welovecycling.com\/cs\/wp-json\/wp\/v2\/posts\/26200","targetHints":{"allow":["GET"]}}],"collection":[{"href":"https:\/\/www.welovecycling.com\/cs\/wp-json\/wp\/v2\/posts"}],"about":[{"href":"https:\/\/www.welovecycling.com\/cs\/wp-json\/wp\/v2\/types\/post"}],"author":[{"embeddable":true,"href":"https:\/\/www.welovecycling.com\/cs\/wp-json\/wp\/v2\/users\/138"}],"replies":[{"embeddable":true,"href":"https:\/\/www.welovecycling.com\/cs\/wp-json\/wp\/v2\/comments?post=26200"}],"version-history":[{"count":8,"href":"https:\/\/www.welovecycling.com\/cs\/wp-json\/wp\/v2\/posts\/26200\/revisions"}],"predecessor-version":[{"id":26214,"href":"https:\/\/www.welovecycling.com\/cs\/wp-json\/wp\/v2\/posts\/26200\/revisions\/26214"}],"wp:featuredmedia":[{"embeddable":true,"href":"https:\/\/www.welovecycling.com\/cs\/wp-json\/wp\/v2\/media\/26209"}],"wp:attachment":[{"href":"https:\/\/www.welovecycling.com\/cs\/wp-json\/wp\/v2\/media?parent=26200"}],"wp:term":[{"taxonomy":"category","embeddable":true,"href":"https:\/\/www.welovecycling.com\/cs\/wp-json\/wp\/v2\/categories?post=26200"},{"taxonomy":"post_tag","embeddable":true,"href":"https:\/\/www.welovecycling.com\/cs\/wp-json\/wp\/v2\/tags?post=26200"},{"taxonomy":"global-categories","embeddable":true,"href":"https:\/\/www.welovecycling.com\/cs\/wp-json\/wp\/v2\/global-categories?post=26200"}],"curies":[{"name":"wp","href":"https:\/\/api.w.org\/{rel}","templated":true}]}}