{"id":26197,"date":"2024-07-04T12:44:40","date_gmt":"2024-07-04T10:44:40","guid":{"rendered":"https:\/\/www.welovecycling.com\/cs\/?p=26197"},"modified":"2024-07-04T12:46:47","modified_gmt":"2024-07-04T10:46:47","slug":"vysilacka-na-brise-ponozky-za-30-tisic-ci-hodinky-za-ctyri-a-pul-milionu-detaily-cavendishova-rekordu","status":"publish","type":"post","link":"https:\/\/www.welovecycling.com\/cs\/2024\/07\/04\/vysilacka-na-brise-ponozky-za-30-tisic-ci-hodinky-za-ctyri-a-pul-milionu-detaily-cavendishova-rekordu\/","title":{"rendered":"Vys\u00edla\u010dka na b\u0159i\u0161e, pono\u017eky za 30 tis\u00edc \u010di hodinky za \u010dty\u0159i a p\u016fl milionu. Detaily Cavendishova rekordu"},"content":{"rendered":"<p><strong>Ro\u010dn\u00ed \u00fasil\u00ed se vyplatilo! Mark Cavendish se stal nejlep\u0161\u00edm sprinterem v\u0161ech dob. Za rekordn\u00edm p\u011btat\u0159ic\u00e1t\u00fdm v\u00edt\u011bzstv\u00edm britsk\u00e9ho cyklisty v barv\u00e1ch formace Astana na Tour de France 2024 st\u00e1la spousta detail\u016f a mo\u017en\u00e1 i p\u0159ekvapiv\u00fdch rozhodnut\u00ed.<\/strong><\/p>\n<p>Byla to p\u0159evelik\u00e1 euforie, kdy\u017e dev\u011btat\u0159icetilet\u00fd z\u00e1vodn\u00edk ovl\u00e1dl dojezd p\u00e1t\u00e9ho d\u011bjstv\u00ed Tour de France 2024. V \u010dele statistik tak o jede triumf unikl legend\u011b jm\u00e9nem Eddy Merckx. Ov\u0161em v\u00edt\u011bzstv\u00ed na p\u00e1sce v Saint-Vulbas nebylo jen d\u00edlem n\u011bkolika des\u00edtek metr\u016f a sekund p\u0159ed c\u00edlovou p\u00e1skou.<\/p>\n<p>Mark Cavendish je proslul\u00fd n\u00e1klonost\u00ed k technick\u00fdm vymo\u017eenostem. Kdy\u017e p\u0159ed t\u0159in\u00e1cti lety, na podzim 2011 z\u00edskal v Kodani titul mistra sv\u011bta, pou\u017eil na helm\u011b speci\u00e1ln\u00ed p\u0159\u00eddavnou \u010d\u00e1st, aby z\u00edskal v\u011bt\u0161\u00ed aerodynamiku. UCI n\u00e1sledn\u011b u\u017e\u00edv\u00e1n\u00ed odn\u00edmateln\u00fdch sou\u010d\u00e1stek na p\u0159ilb\u00e1ch zak\u00e1zala. Ka\u017edop\u00e1dn\u011b v r\u00e1mci Projektu 35, jeho\u017e c\u00edlem bylo ovl\u00e1dnout historick\u00e9 statistiky v po\u010dtu vyhran\u00fdch etap, se Astana a kl\u00ed\u010dov\u00fd mu\u017e cel\u00e9 akce Mark Cavendish pustili doslova do technologick\u00e9ho zbrojen\u00ed.<\/p>\n<h2><strong>Speci\u00e1ln\u00ed byly i l\u00e1hve, kter\u00e9 Mark Cavendish pou\u017eil<\/strong><\/h2>\n<p>Britsk\u00fd cyklista pou\u017eil speci\u00e1ln\u00ed stroj. Wilier p\u0159ipravil aero kolo Filante SLR, na n\u011bm\u017e p\u0159izp\u016fsobil r\u00e1m pot\u0159eb\u00e1m dev\u011btat\u0159icetilet\u00e9ho z\u00e1vodn\u00edka. Na jeho kole jsou origin\u00e1ln\u00ed integrovan\u00e1 \u0159\u00edd\u00edtka, origin\u00e1ln\u00ed p\u0159edstavec&#8230; Jedine\u010dn\u00fd je duhov\u00fd lak p\u0159ipom\u00ednaj\u00edc\u00ed, \u017ee Mark Cavendish je mistrem sv\u011bta. Server Cyclingweekly informuje, \u017ee cena speci\u00e1ln\u011b p\u0159ipraven\u00e9ho stroje \u010din\u00ed v p\u0159epo\u010dtu 332 tis\u00edc korun.<\/p>\n<div class=\"shortcode-ys-post-pinup\"><article class=\"loop-simple post-26143 post type-post status-publish format-standard has-post-thumbnail hentry category-tour-de-france tag-biniam-girmay tag-cyklistika tag-silnicni-cyklistika tag-tour-de-france tag-tour-de-france-2024 global-categories-cycling\" data-postid=\"26143\" role=\"article\" data-post-id=\"26143\" data-word-count=\"414\" data-headline-length=\"55\" data-category=\"Tour de France\" data-global-category=\"Cycling\" data-author=\"We Love Cycling\" data-published=\"2024-07-01T18:52:09+02:00\" data-published-day=\"Monday\">\n    <div class=\"entry-thumbnail article-thumbnail\" content=\"https:\/\/d2p6e6u75xmxt8.cloudfront.net\/13\/2024\/07\/profimedia-0886317208-150x150.webp\"><a href=\"https:\/\/www.welovecycling.com\/cs\/2024\/07\/01\/biniam-girmay-prepsal-historii-je-to-pro-celou-afriku\/\" class=\"image-holder\" target=\"_self\"><img decoding=\"async\" loading=\"lazy\" class=\"\" src=\"https:\/\/d2p6e6u75xmxt8.cloudfront.net\/13\/2024\/07\/profimedia-0886317208-1024x683.webp\" srcset=\"https:\/\/d2p6e6u75xmxt8.cloudfront.net\/13\/2024\/07\/profimedia-0886317208.webp 1800w, https:\/\/d2p6e6u75xmxt8.cloudfront.net\/13\/2024\/07\/profimedia-0886317208-300x200.webp 300w, https:\/\/d2p6e6u75xmxt8.cloudfront.net\/13\/2024\/07\/profimedia-0886317208-1024x683.webp 1024w, https:\/\/d2p6e6u75xmxt8.cloudfront.net\/13\/2024\/07\/profimedia-0886317208-768x512.webp 768w, https:\/\/d2p6e6u75xmxt8.cloudfront.net\/13\/2024\/07\/profimedia-0886317208-1536x1024.webp 1536w, https:\/\/d2p6e6u75xmxt8.cloudfront.net\/13\/2024\/07\/profimedia-0886317208-400x267.webp 400w, https:\/\/d2p6e6u75xmxt8.cloudfront.net\/13\/2024\/07\/profimedia-0886317208-272x182.webp 272w\" width=\"1024\" height=\"683\" sizes=\"auto, (min-width: 1200px) 300px, (min-width: 768px) 25vw, 100vw\" alt=\"biniam-girmay-prepsal-historii-je-to-pro-celou-afriku\"\/><\/a><\/div>    <div class=\"entry-meta\">\n        <a class=\"label label-secondary post-category\" href=\"https:\/\/www.welovecycling.com\/cs\/category\/tour-de-france\/\" title=\"Tour de France\">Tour de France<\/a>\n    <\/div>\n    <div class=\"entry-details\">\n        <a href=\"https:\/\/www.welovecycling.com\/cs\/2024\/07\/01\/biniam-girmay-prepsal-historii-je-to-pro-celou-afriku\/\" class='entry-title-wrapper'>\n            <h3 class=\"entry-title\"><span>Biniam Girmay p\u0159epsal historii: Je to pro celou Afriku<\/span><\/h3>\n        <\/a>\n    <\/div>\n    <\/article>\n<\/div>\n<p>V honb\u011b za \u00fasp\u011bchem Mark Cavendish pou\u017eil i speci\u00e1ln\u00ed aerodynamick\u00e9 l\u00e1hve. Ke zm\u011bn\u011b p\u0159istoupil v pr\u016fb\u011bhu Tour de France. Je\u0161t\u011b b\u011bhem \u00favodn\u00ed etapy pou\u017e\u00edval klasick\u00e9 bidony. Ov\u0161em kdy\u017e se zapsal do historie p\u011btat\u0159ic\u00e1t\u00fdm v\u00edt\u011bzstv\u00edm, m\u011bl na kole aero l\u00e1hve od spole\u010dnosti Tacx. Jsou u\u017e\u0161\u00ed, hlub\u0161\u00ed a l\u00e9pe vypl\u0148uj\u00ed prostor uvnit\u0159 r\u00e1mov\u00e9ho troj\u00faheln\u00edku. Podle v\u00fdzkum\u016f p\u0159id\u00e1vaj\u00ed z\u00e1vodn\u00edkovi na rychlosti. A proto\u017ee o rychlost jde ve spurtu p\u0159edev\u0161\u00edm, byla na zak\u00e1zku vyrobena i helma.<\/p>\n<figure id=\"attachment_26196\" aria-describedby=\"caption-attachment-26196\" style=\"width: 1800px\" class=\"wp-caption alignnone\"><a href=\"https:\/\/d2p6e6u75xmxt8.cloudfront.net\/13\/2024\/07\/profimedia-0887006455.webp\"><img loading=\"lazy\" decoding=\"async\" class=\"size-full wp-image-26196\" src=\"https:\/\/d2p6e6u75xmxt8.cloudfront.net\/13\/2024\/07\/profimedia-0887006455.webp\" alt=\"Mark Cavendish\" width=\"1800\" height=\"1200\" srcset=\"https:\/\/d2p6e6u75xmxt8.cloudfront.net\/13\/2024\/07\/profimedia-0887006455.webp 1800w, https:\/\/d2p6e6u75xmxt8.cloudfront.net\/13\/2024\/07\/profimedia-0887006455-300x200.webp 300w, https:\/\/d2p6e6u75xmxt8.cloudfront.net\/13\/2024\/07\/profimedia-0887006455-1024x683.webp 1024w, https:\/\/d2p6e6u75xmxt8.cloudfront.net\/13\/2024\/07\/profimedia-0887006455-768x512.webp 768w, https:\/\/d2p6e6u75xmxt8.cloudfront.net\/13\/2024\/07\/profimedia-0887006455-1536x1024.webp 1536w, https:\/\/d2p6e6u75xmxt8.cloudfront.net\/13\/2024\/07\/profimedia-0887006455-400x267.webp 400w, https:\/\/d2p6e6u75xmxt8.cloudfront.net\/13\/2024\/07\/profimedia-0887006455-272x182.webp 272w\" sizes=\"auto, (max-width: 1800px) 100vw, 1800px\" \/><\/a><figcaption id=\"caption-attachment-26196\" class=\"wp-caption-text\"><em>Mark Cavendish na speci\u00e1lu Wilier, s jedine\u010dn\u00fdmi bidony, speci\u00e1ln\u00edm p\u0159edstavcem i \u0159\u00edd\u00edtky. Foto: profimedia (2x)<\/em><\/figcaption><\/figure>\n<p>Speci\u00e1ln\u00ed byly i rovn\u011b\u017e pono\u017eky od spole\u010dnosti NoPinz. Jednalo se o origin\u00e1ln\u00ed v\u00fdrobek. P\u0159i jeho v\u00fdrob\u011b bylo maxim\u00e1ln\u011b db\u00e1no na aerodynamiku a dokonal\u00e9 proud\u011bn\u00ed vzduchu. Cena pono\u017eek je tis\u00edc liber, tedy v p\u0159epo\u010dtu t\u00e9m\u011b\u0159 t\u0159icet tis\u00edc korun&#8230;<\/p>\n<p>Asi nikoho nep\u0159ekvap\u00ed, \u017ee p\u0159i hled\u00e1n\u00ed \u00faspory energie pak Mark Cavnedish pou\u017eil i speci\u00e1ln\u00ed kombin\u00e9zu, jej\u00ed\u017e ruk\u00e1vy zaji\u0161\u0165uj\u00ed lep\u0161\u00ed proud\u011bn\u00ed vzduchu kolem t\u011bla.<\/p>\n<h2><strong>Zm\u011bnil i pozici vys\u00edla\u010dky<\/strong><\/h2>\n<p>Ve srovn\u00e1n\u00ed s v\u011bt\u0161inou cyklist\u016f v pelotonu pak p\u0159i honb\u011b za rekordem s\u00e1hl po zm\u011bn\u011b polohy vys\u00edla\u010dky, kterou z\u00e1vodn\u00edci pou\u017e\u00edvaj\u00ed ke komunikaci se sportovn\u00edm \u0159editelem. Tradi\u010dn\u011b je vys\u00edla\u010dka um\u00edst\u011bna na z\u00e1dech. Ov\u0161em rod\u00e1k z ostrova Man v touze po maximalizaci aerodynamick\u00e9 polohy p\u0159i spurtu um\u00edstil vys\u00edla\u010dku na b\u0159icho, respektive hrudn\u00edk&#8230;<\/p>\n<div class=\"shortcode-ys-post-pinup\"><article class=\"loop-simple post-26100 post type-post status-publish format-standard has-post-thumbnail hentry category-tour-de-france tag-eddy-merckx tag-etapova-vitezstvi tag-mark-cavendish tag-rekord tag-tour-de-france tag-tour-de-france-2024 global-categories-cycling\" data-postid=\"26100\" role=\"article\" data-post-id=\"26100\" data-word-count=\"340\" data-headline-length=\"73\" data-category=\"Tour de France\" data-global-category=\"Cycling\" data-author=\"We Love Cycling\" data-published=\"2024-06-29T20:02:49+02:00\" data-published-day=\"Saturday\">\n    <div class=\"entry-thumbnail article-thumbnail\" content=\"https:\/\/d2p6e6u75xmxt8.cloudfront.net\/13\/2024\/06\/profimedia-0885752025-150x150.webp\"><a href=\"https:\/\/www.welovecycling.com\/cs\/2024\/06\/29\/hon-za-rekordem-malem-skoncil-mark-cavendish-zvracel-a-bojoval-o-limit\/\" class=\"image-holder\" target=\"_self\"><img decoding=\"async\" loading=\"lazy\" class=\"\" src=\"https:\/\/d2p6e6u75xmxt8.cloudfront.net\/13\/2024\/06\/profimedia-0885752025-1024x683.webp\" srcset=\"https:\/\/d2p6e6u75xmxt8.cloudfront.net\/13\/2024\/06\/profimedia-0885752025.webp 1800w, https:\/\/d2p6e6u75xmxt8.cloudfront.net\/13\/2024\/06\/profimedia-0885752025-300x200.webp 300w, https:\/\/d2p6e6u75xmxt8.cloudfront.net\/13\/2024\/06\/profimedia-0885752025-1024x683.webp 1024w, https:\/\/d2p6e6u75xmxt8.cloudfront.net\/13\/2024\/06\/profimedia-0885752025-768x512.webp 768w, https:\/\/d2p6e6u75xmxt8.cloudfront.net\/13\/2024\/06\/profimedia-0885752025-1536x1024.webp 1536w, https:\/\/d2p6e6u75xmxt8.cloudfront.net\/13\/2024\/06\/profimedia-0885752025-400x267.webp 400w, https:\/\/d2p6e6u75xmxt8.cloudfront.net\/13\/2024\/06\/profimedia-0885752025-272x182.webp 272w\" width=\"1024\" height=\"683\" sizes=\"auto, (min-width: 1200px) 300px, (min-width: 768px) 25vw, 100vw\" alt=\"hon-za-rekordem-malem-skoncil-mark-cavendish-zvracel-a-bojoval-o-limit\"\/><\/a><\/div>    <div class=\"entry-meta\">\n        <a class=\"label label-secondary post-category\" href=\"https:\/\/www.welovecycling.com\/cs\/category\/tour-de-france\/\" title=\"Tour de France\">Tour de France<\/a>\n    <\/div>\n    <div class=\"entry-details\">\n        <a href=\"https:\/\/www.welovecycling.com\/cs\/2024\/06\/29\/hon-za-rekordem-malem-skoncil-mark-cavendish-zvracel-a-bojoval-o-limit\/\" class='entry-title-wrapper'>\n            <h3 class=\"entry-title\"><span>Hon za rekordem m\u00e1lem skon\u010dil. Mark Cavendish zvracel a bojoval o limit<\/span><\/h3>\n        <\/a>\n    <\/div>\n    <\/article>\n<\/div>\n<p>Paradoxn\u011b po honu za gramy a setinami nastoupil na start etapy, na jej\u00edm\u017e konci se zrodil rekordn\u00ed z\u00e1pis, s n\u00e1ramkov\u00fdmi hodinkami. Ne\u0161lo p\u0159itom o sporttester. <a href=\"https:\/\/www.welovecycling.com\/cs\/2024\/07\/03\/mark-cavendish-o-rekordu-na-tour-jsou-silnejsi-zavodnici-ale-ja-umim-pouzivat-hlavu\/\">Mark Cavendish<\/a> m\u011bl na z\u00e1p\u011bst\u00ed luxusn\u00ed hodinky Richard Mille.<\/p>\n<p>Jde o produkt, kter\u00fd spojuje nejmodern\u011bj\u0161\u00ed technologie s \u0159emesln\u00fdm zpracov\u00e1n\u00edm. Jejich cena se li\u0161\u00ed podle konkr\u00e9tn\u00edho typu, ale nov\u00fd rekordman Tour de France pou\u017eil z\u0159ejm\u011b variantu RM-011, kter\u00e1 vyjde na 150 tis\u00edc liber, tedy v p\u0159epo\u010dtu 4,5 milionu korun.<\/p>\n","protected":false},"excerpt":{"rendered":"<p>Ro\u010dn\u00ed \u00fasil\u00ed se vyplatilo! Mark Cavendish se stal nejlep\u0161\u00edm sprinterem v\u0161ech dob. Za rekordn\u00edm p\u011btat\u0159ic\u00e1t\u00fdm v\u00edt\u011bzstv\u00edm britsk\u00e9ho cyklisty v barv\u00e1ch [&hellip;]<\/p>\n","protected":false},"author":138,"featured_media":26195,"comment_status":"open","ping_status":"open","sticky":false,"template":"","format":"standard","meta":{"footnotes":""},"categories":[1711],"tags":[126,310,3437,361,3659,3131,3663,9,23,3276],"global-categories":[411],"class_list":["post-26197","post","type-post","status-publish","format-standard","has-post-thumbnail","hentry","category-tour-de-france","tag-cyklistika","tag-eddy-merckx","tag-etapovy-rekord","tag-mark-cavendish","tag-projekt-35","tag-rekord","tag-rekordni-vitezstvi","tag-silnicni-cyklistika","tag-tour-de-france","tag-tour-de-france-2024","global-categories-cycling"],"yoast_head":"<!-- This site is optimized with the Yoast SEO Premium plugin v25.3 (Yoast SEO v25.9) - https:\/\/yoast.com\/wordpress\/plugins\/seo\/ -->\n<title>Vys\u00edla\u010dka na b\u0159i\u0161e, pono\u017eky za 30 tis\u00edc \u010di hodinky za \u010dty\u0159i a p\u016fl milionu. Detaily Cavendishova rekordu | \u0160koda We Love Cycling - \u010cesk\u00e1 republika<\/title>\n<meta name=\"description\" content=\"Ro\u010dn\u00ed \u00fasil\u00ed se vyplatilo! Mark Cavendish se stal nejlep\u0161\u00edm sprinterem v\u0161ech dob. Za rekordn\u00edm p\u011btat\u0159ic\u00e1t\u00fdm v\u00edt\u011bzstv\u00edm britsk\u00e9ho cyklisty v barv\u00e1ch formace Astana na Tour de France st\u00e1la spousta detail\u016f a mo\u017en\u00e1 i p\u0159ekvapiv\u00fdch rozhodnut\u00ed...\" \/>\n<meta name=\"robots\" content=\"index, follow, max-snippet:-1, max-image-preview:large, max-video-preview:-1\" \/>\n<link rel=\"canonical\" href=\"https:\/\/www.welovecycling.com\/cs\/2024\/07\/04\/vysilacka-na-brise-ponozky-za-30-tisic-ci-hodinky-za-ctyri-a-pul-milionu-detaily-cavendishova-rekordu\/\" \/>\n<meta property=\"og:locale\" content=\"cs_CZ\" \/>\n<meta property=\"og:type\" content=\"article\" \/>\n<meta property=\"og:title\" content=\"Vys\u00edla\u010dka na b\u0159i\u0161e, pono\u017eky za 30 tis\u00edc \u010di hodinky za \u010dty\u0159i a p\u016fl milionu. Detaily Cavendishova rekordu\" \/>\n<meta property=\"og:description\" content=\"Ro\u010dn\u00ed \u00fasil\u00ed se vyplatilo! Mark Cavendish se stal nejlep\u0161\u00edm sprinterem v\u0161ech dob. Za rekordn\u00edm p\u011btat\u0159ic\u00e1t\u00fdm v\u00edt\u011bzstv\u00edm britsk\u00e9ho cyklisty v barv\u00e1ch formace Astana na Tour de France st\u00e1la spousta detail\u016f a mo\u017en\u00e1 i p\u0159ekvapiv\u00fdch rozhodnut\u00ed...\" \/>\n<meta property=\"og:url\" content=\"https:\/\/www.welovecycling.com\/cs\/2024\/07\/04\/vysilacka-na-brise-ponozky-za-30-tisic-ci-hodinky-za-ctyri-a-pul-milionu-detaily-cavendishova-rekordu\/\" \/>\n<meta property=\"og:site_name\" content=\"\u0160koda We Love Cycling - \u010cesk\u00e1 republika\" \/>\n<meta property=\"article:published_time\" content=\"2024-07-04T10:44:40+00:00\" \/>\n<meta property=\"article:modified_time\" content=\"2024-07-04T10:46:47+00:00\" \/>\n<meta property=\"og:image\" content=\"https:\/\/d2p6e6u75xmxt8.cloudfront.net\/13\/2024\/07\/profimedia-0886980403.webp\" \/>\n\t<meta property=\"og:image:width\" content=\"1800\" \/>\n\t<meta property=\"og:image:height\" content=\"1200\" \/>\n\t<meta property=\"og:image:type\" content=\"image\/webp\" \/>\n<meta name=\"author\" content=\"radekmalina\" \/>\n<meta name=\"twitter:card\" content=\"summary_large_image\" \/>\n<meta name=\"twitter:label1\" content=\"Written by\" \/>\n\t<meta name=\"twitter:data1\" content=\"We Love Cycling\" \/>\n\t<meta name=\"twitter:label2\" content=\"Est. reading time\" \/>\n\t<meta name=\"twitter:data2\" content=\"5\" \/>\n<script type=\"application\/ld+json\" class=\"yoast-schema-graph\">{\"@context\":\"https:\/\/schema.org\",\"@graph\":[{\"@type\":\"WebPage\",\"@id\":\"https:\/\/www.welovecycling.com\/cs\/2024\/07\/04\/vysilacka-na-brise-ponozky-za-30-tisic-ci-hodinky-za-ctyri-a-pul-milionu-detaily-cavendishova-rekordu\/\",\"url\":\"https:\/\/www.welovecycling.com\/cs\/2024\/07\/04\/vysilacka-na-brise-ponozky-za-30-tisic-ci-hodinky-za-ctyri-a-pul-milionu-detaily-cavendishova-rekordu\/\",\"name\":\"Vys\u00edla\u010dka na b\u0159i\u0161e, pono\u017eky za 30 tis\u00edc \u010di hodinky za \u010dty\u0159i a p\u016fl milionu. Detaily Cavendishova rekordu | \u0160koda We Love Cycling - \u010cesk\u00e1 republika\",\"isPartOf\":{\"@id\":\"https:\/\/www.welovecycling.com\/cs\/#website\"},\"primaryImageOfPage\":{\"@id\":\"https:\/\/www.welovecycling.com\/cs\/2024\/07\/04\/vysilacka-na-brise-ponozky-za-30-tisic-ci-hodinky-za-ctyri-a-pul-milionu-detaily-cavendishova-rekordu\/#primaryimage\"},\"image\":{\"@id\":\"https:\/\/www.welovecycling.com\/cs\/2024\/07\/04\/vysilacka-na-brise-ponozky-za-30-tisic-ci-hodinky-za-ctyri-a-pul-milionu-detaily-cavendishova-rekordu\/#primaryimage\"},\"thumbnailUrl\":\"https:\/\/d2p6e6u75xmxt8.cloudfront.net\/13\/2024\/07\/profimedia-0886980403.webp\",\"datePublished\":\"2024-07-04T10:44:40+00:00\",\"dateModified\":\"2024-07-04T10:46:47+00:00\",\"author\":{\"@id\":\"https:\/\/www.welovecycling.com\/cs\/#\/schema\/person\/d9eeb0a378f3a7e4a6d12d2b536b04b8\"},\"description\":\"Ro\u010dn\u00ed \u00fasil\u00ed se vyplatilo! Mark Cavendish se stal nejlep\u0161\u00edm sprinterem v\u0161ech dob. Za rekordn\u00edm p\u011btat\u0159ic\u00e1t\u00fdm v\u00edt\u011bzstv\u00edm britsk\u00e9ho cyklisty v barv\u00e1ch formace Astana na Tour de France st\u00e1la spousta detail\u016f a mo\u017en\u00e1 i p\u0159ekvapiv\u00fdch rozhodnut\u00ed...\",\"inLanguage\":\"cs\",\"potentialAction\":[{\"@type\":\"ReadAction\",\"target\":[\"https:\/\/www.welovecycling.com\/cs\/2024\/07\/04\/vysilacka-na-brise-ponozky-za-30-tisic-ci-hodinky-za-ctyri-a-pul-milionu-detaily-cavendishova-rekordu\/\"]}]},{\"@type\":\"ImageObject\",\"inLanguage\":\"cs\",\"@id\":\"https:\/\/www.welovecycling.com\/cs\/2024\/07\/04\/vysilacka-na-brise-ponozky-za-30-tisic-ci-hodinky-za-ctyri-a-pul-milionu-detaily-cavendishova-rekordu\/#primaryimage\",\"url\":\"https:\/\/d2p6e6u75xmxt8.cloudfront.net\/13\/2024\/07\/profimedia-0886980403.webp\",\"contentUrl\":\"https:\/\/d2p6e6u75xmxt8.cloudfront.net\/13\/2024\/07\/profimedia-0886980403.webp\",\"width\":1800,\"height\":1200,\"caption\":\"Mark Cavendish\"},{\"@type\":\"WebSite\",\"@id\":\"https:\/\/www.welovecycling.com\/cs\/#website\",\"url\":\"https:\/\/www.welovecycling.com\/cs\/\",\"name\":\"\u0160koda We Love Cycling - \u010cesk\u00e1 republika\",\"description\":\"WeLoveCycling.cz je online magaz\u00edn, kter\u00fd v\u00e1m pravideln\u011b p\u0159in\u00e1\u0161\u00ed rady a tipy, zaj\u00edmav\u00e9 \u010dl\u00e1nky, videa a jedine\u010dn\u00e9 report\u00e1\u017ee ze sv\u011bta cyklistiky.\",\"potentialAction\":[{\"@type\":\"SearchAction\",\"target\":{\"@type\":\"EntryPoint\",\"urlTemplate\":\"https:\/\/www.welovecycling.com\/cs\/?s={search_term_string}\"},\"query-input\":{\"@type\":\"PropertyValueSpecification\",\"valueRequired\":true,\"valueName\":\"search_term_string\"}}],\"inLanguage\":\"cs\"},{\"@type\":\"Person\",\"@id\":\"https:\/\/www.welovecycling.com\/cs\/#\/schema\/person\/d9eeb0a378f3a7e4a6d12d2b536b04b8\",\"name\":\"radekmalina\",\"image\":{\"@type\":\"ImageObject\",\"inLanguage\":\"cs\",\"@id\":\"https:\/\/www.welovecycling.com\/cs\/#\/schema\/person\/image\/\",\"url\":\"https:\/\/secure.gravatar.com\/avatar\/66994b632cb8c39a46b9f54afa3ae07201b678d32a54275b6f1c9ffec356bfc0?s=96&d=mm&r=g\",\"contentUrl\":\"https:\/\/secure.gravatar.com\/avatar\/66994b632cb8c39a46b9f54afa3ae07201b678d32a54275b6f1c9ffec356bfc0?s=96&d=mm&r=g\",\"caption\":\"radekmalina\"},\"url\":\"https:\/\/www.welovecycling.com\/cs\/author\/radekmalina\/\"}]}<\/script>\n<!-- \/ Yoast SEO Premium plugin. -->","yoast_head_json":{"title":"Vys\u00edla\u010dka na b\u0159i\u0161e, pono\u017eky za 30 tis\u00edc \u010di hodinky za \u010dty\u0159i a p\u016fl milionu. Detaily Cavendishova rekordu | \u0160koda We Love Cycling - \u010cesk\u00e1 republika","description":"Ro\u010dn\u00ed \u00fasil\u00ed se vyplatilo! Mark Cavendish se stal nejlep\u0161\u00edm sprinterem v\u0161ech dob. Za rekordn\u00edm p\u011btat\u0159ic\u00e1t\u00fdm v\u00edt\u011bzstv\u00edm britsk\u00e9ho cyklisty v barv\u00e1ch formace Astana na Tour de France st\u00e1la spousta detail\u016f a mo\u017en\u00e1 i p\u0159ekvapiv\u00fdch rozhodnut\u00ed...","robots":{"index":"index","follow":"follow","max-snippet":"max-snippet:-1","max-image-preview":"max-image-preview:large","max-video-preview":"max-video-preview:-1"},"canonical":"https:\/\/www.welovecycling.com\/cs\/2024\/07\/04\/vysilacka-na-brise-ponozky-za-30-tisic-ci-hodinky-za-ctyri-a-pul-milionu-detaily-cavendishova-rekordu\/","og_locale":"cs_CZ","og_type":"article","og_title":"Vys\u00edla\u010dka na b\u0159i\u0161e, pono\u017eky za 30 tis\u00edc \u010di hodinky za \u010dty\u0159i a p\u016fl milionu. Detaily Cavendishova rekordu","og_description":"Ro\u010dn\u00ed \u00fasil\u00ed se vyplatilo! Mark Cavendish se stal nejlep\u0161\u00edm sprinterem v\u0161ech dob. Za rekordn\u00edm p\u011btat\u0159ic\u00e1t\u00fdm v\u00edt\u011bzstv\u00edm britsk\u00e9ho cyklisty v barv\u00e1ch formace Astana na Tour de France st\u00e1la spousta detail\u016f a mo\u017en\u00e1 i p\u0159ekvapiv\u00fdch rozhodnut\u00ed...","og_url":"https:\/\/www.welovecycling.com\/cs\/2024\/07\/04\/vysilacka-na-brise-ponozky-za-30-tisic-ci-hodinky-za-ctyri-a-pul-milionu-detaily-cavendishova-rekordu\/","og_site_name":"\u0160koda We Love Cycling - \u010cesk\u00e1 republika","article_published_time":"2024-07-04T10:44:40+00:00","article_modified_time":"2024-07-04T10:46:47+00:00","og_image":[{"width":1800,"height":1200,"url":"https:\/\/d2p6e6u75xmxt8.cloudfront.net\/13\/2024\/07\/profimedia-0886980403.webp","type":"image\/webp"}],"author":"radekmalina","twitter_card":"summary_large_image","twitter_misc":{"Written by":"We Love Cycling","Est. reading time":"5"},"schema":{"@context":"https:\/\/schema.org","@graph":[{"@type":"WebPage","@id":"https:\/\/www.welovecycling.com\/cs\/2024\/07\/04\/vysilacka-na-brise-ponozky-za-30-tisic-ci-hodinky-za-ctyri-a-pul-milionu-detaily-cavendishova-rekordu\/","url":"https:\/\/www.welovecycling.com\/cs\/2024\/07\/04\/vysilacka-na-brise-ponozky-za-30-tisic-ci-hodinky-za-ctyri-a-pul-milionu-detaily-cavendishova-rekordu\/","name":"Vys\u00edla\u010dka na b\u0159i\u0161e, pono\u017eky za 30 tis\u00edc \u010di hodinky za \u010dty\u0159i a p\u016fl milionu. Detaily Cavendishova rekordu | \u0160koda We Love Cycling - \u010cesk\u00e1 republika","isPartOf":{"@id":"https:\/\/www.welovecycling.com\/cs\/#website"},"primaryImageOfPage":{"@id":"https:\/\/www.welovecycling.com\/cs\/2024\/07\/04\/vysilacka-na-brise-ponozky-za-30-tisic-ci-hodinky-za-ctyri-a-pul-milionu-detaily-cavendishova-rekordu\/#primaryimage"},"image":{"@id":"https:\/\/www.welovecycling.com\/cs\/2024\/07\/04\/vysilacka-na-brise-ponozky-za-30-tisic-ci-hodinky-za-ctyri-a-pul-milionu-detaily-cavendishova-rekordu\/#primaryimage"},"thumbnailUrl":"https:\/\/d2p6e6u75xmxt8.cloudfront.net\/13\/2024\/07\/profimedia-0886980403.webp","datePublished":"2024-07-04T10:44:40+00:00","dateModified":"2024-07-04T10:46:47+00:00","author":{"@id":"https:\/\/www.welovecycling.com\/cs\/#\/schema\/person\/d9eeb0a378f3a7e4a6d12d2b536b04b8"},"description":"Ro\u010dn\u00ed \u00fasil\u00ed se vyplatilo! Mark Cavendish se stal nejlep\u0161\u00edm sprinterem v\u0161ech dob. Za rekordn\u00edm p\u011btat\u0159ic\u00e1t\u00fdm v\u00edt\u011bzstv\u00edm britsk\u00e9ho cyklisty v barv\u00e1ch formace Astana na Tour de France st\u00e1la spousta detail\u016f a mo\u017en\u00e1 i p\u0159ekvapiv\u00fdch rozhodnut\u00ed...","inLanguage":"cs","potentialAction":[{"@type":"ReadAction","target":["https:\/\/www.welovecycling.com\/cs\/2024\/07\/04\/vysilacka-na-brise-ponozky-za-30-tisic-ci-hodinky-za-ctyri-a-pul-milionu-detaily-cavendishova-rekordu\/"]}]},{"@type":"ImageObject","inLanguage":"cs","@id":"https:\/\/www.welovecycling.com\/cs\/2024\/07\/04\/vysilacka-na-brise-ponozky-za-30-tisic-ci-hodinky-za-ctyri-a-pul-milionu-detaily-cavendishova-rekordu\/#primaryimage","url":"https:\/\/d2p6e6u75xmxt8.cloudfront.net\/13\/2024\/07\/profimedia-0886980403.webp","contentUrl":"https:\/\/d2p6e6u75xmxt8.cloudfront.net\/13\/2024\/07\/profimedia-0886980403.webp","width":1800,"height":1200,"caption":"Mark Cavendish"},{"@type":"WebSite","@id":"https:\/\/www.welovecycling.com\/cs\/#website","url":"https:\/\/www.welovecycling.com\/cs\/","name":"\u0160koda We Love Cycling - \u010cesk\u00e1 republika","description":"WeLoveCycling.cz je online magaz\u00edn, kter\u00fd v\u00e1m pravideln\u011b p\u0159in\u00e1\u0161\u00ed rady a tipy, zaj\u00edmav\u00e9 \u010dl\u00e1nky, videa a jedine\u010dn\u00e9 report\u00e1\u017ee ze sv\u011bta cyklistiky.","potentialAction":[{"@type":"SearchAction","target":{"@type":"EntryPoint","urlTemplate":"https:\/\/www.welovecycling.com\/cs\/?s={search_term_string}"},"query-input":{"@type":"PropertyValueSpecification","valueRequired":true,"valueName":"search_term_string"}}],"inLanguage":"cs"},{"@type":"Person","@id":"https:\/\/www.welovecycling.com\/cs\/#\/schema\/person\/d9eeb0a378f3a7e4a6d12d2b536b04b8","name":"radekmalina","image":{"@type":"ImageObject","inLanguage":"cs","@id":"https:\/\/www.welovecycling.com\/cs\/#\/schema\/person\/image\/","url":"https:\/\/secure.gravatar.com\/avatar\/66994b632cb8c39a46b9f54afa3ae07201b678d32a54275b6f1c9ffec356bfc0?s=96&d=mm&r=g","contentUrl":"https:\/\/secure.gravatar.com\/avatar\/66994b632cb8c39a46b9f54afa3ae07201b678d32a54275b6f1c9ffec356bfc0?s=96&d=mm&r=g","caption":"radekmalina"},"url":"https:\/\/www.welovecycling.com\/cs\/author\/radekmalina\/"}]}},"_links":{"self":[{"href":"https:\/\/www.welovecycling.com\/cs\/wp-json\/wp\/v2\/posts\/26197","targetHints":{"allow":["GET"]}}],"collection":[{"href":"https:\/\/www.welovecycling.com\/cs\/wp-json\/wp\/v2\/posts"}],"about":[{"href":"https:\/\/www.welovecycling.com\/cs\/wp-json\/wp\/v2\/types\/post"}],"author":[{"embeddable":true,"href":"https:\/\/www.welovecycling.com\/cs\/wp-json\/wp\/v2\/users\/138"}],"replies":[{"embeddable":true,"href":"https:\/\/www.welovecycling.com\/cs\/wp-json\/wp\/v2\/comments?post=26197"}],"version-history":[{"count":2,"href":"https:\/\/www.welovecycling.com\/cs\/wp-json\/wp\/v2\/posts\/26197\/revisions"}],"predecessor-version":[{"id":26199,"href":"https:\/\/www.welovecycling.com\/cs\/wp-json\/wp\/v2\/posts\/26197\/revisions\/26199"}],"wp:featuredmedia":[{"embeddable":true,"href":"https:\/\/www.welovecycling.com\/cs\/wp-json\/wp\/v2\/media\/26195"}],"wp:attachment":[{"href":"https:\/\/www.welovecycling.com\/cs\/wp-json\/wp\/v2\/media?parent=26197"}],"wp:term":[{"taxonomy":"category","embeddable":true,"href":"https:\/\/www.welovecycling.com\/cs\/wp-json\/wp\/v2\/categories?post=26197"},{"taxonomy":"post_tag","embeddable":true,"href":"https:\/\/www.welovecycling.com\/cs\/wp-json\/wp\/v2\/tags?post=26197"},{"taxonomy":"global-categories","embeddable":true,"href":"https:\/\/www.welovecycling.com\/cs\/wp-json\/wp\/v2\/global-categories?post=26197"}],"curies":[{"name":"wp","href":"https:\/\/api.w.org\/{rel}","templated":true}]}}