{"id":26114,"date":"2024-06-30T17:56:27","date_gmt":"2024-06-30T15:56:27","guid":{"rendered":"https:\/\/www.welovecycling.com\/cs\/?p=26114"},"modified":"2024-07-15T18:10:19","modified_gmt":"2024-07-15T16:10:19","slug":"milion-a-pul-za-kolo-nejdrazsi-stroje-nemaji-tadej-pogacar-ani-jonas-vingegaard","status":"publish","type":"post","link":"https:\/\/www.welovecycling.com\/cs\/2024\/06\/30\/milion-a-pul-za-kolo-nejdrazsi-stroje-nemaji-tadej-pogacar-ani-jonas-vingegaard\/","title":{"rendered":"Milion a p\u016fl za kolo? Nejdra\u017e\u0161\u00ed stroje nemaj\u00ed Tadej Poga\u010dar ani Jonas Vingegaard"},"content":{"rendered":"<p><strong>Unik\u00e1tn\u00ed stroje, na nich\u017e aby se jeden b\u00e1l jezdit!? Tour de France 2024 je obrovskou p\u0159ehl\u00eddkou p\u0159edn\u00edch v\u00fdrobc\u016f. Ale pokud m\u00e1te na\u0161et\u0159eno, klidn\u011b si m\u016f\u017eete dop\u0159\u00e1t kola, na nich\u017e jezd\u00ed hv\u011bzdy pelotonu p\u0159i nejv\u011bt\u0161\u00edm etapov\u00e9m z\u00e1vod\u011b planety.<\/strong><\/p>\n<p>Jde o v\u00fdsadu z\u00e1vodn\u00edk\u016f World Tour, \u017ee maj\u00ed k dispozici nejlep\u0161\u00ed materi\u00e1l. Nav\u00edc k ruce jsou \u0161iky mechanik\u016f, kte\u0159\u00ed neust\u00e1le dbaj\u00ed na stoprocentn\u00ed stav kola. Jeden by o\u010dek\u00e1val, \u017ee nejdra\u017e\u0161\u00ed stroje maj\u00ed k dispozici dva hlavn\u00ed favorit\u00e9 a \u0161ampioni posledn\u00edch \u010dty\u0159 ro\u010dn\u00edk\u016f Tour de France. Jen\u017ee Jonas Vingegaard z Visma Lease a Bike ani Tadej Poga\u010dar z UAE Emirates se v pomysln\u00e9m \u017eeb\u0159\u00ed\u010dku nejdra\u017e\u0161\u00edch kol mus\u00ed sm\u00ed\u0159it s rol\u00ed pora\u017een\u00fdch.<\/p>\n<h2><strong>Od Concordu ke kolu pro slovinsk\u00e9ho l\u00eddra<\/strong><\/h2>\n<p>Na Tour de France 2024 je celkem devaten\u00e1ct zna\u010dek kol. A v\u011b\u0159te nebo ne, v pelotonu najdete i kolo, kter\u00e9 si m\u016f\u017eete po\u0159\u00eddit okam\u017eit\u011b v eshopu jednoho z nadn\u00e1rodn\u00edch sportovn\u00edch \u0159et\u011bzc\u016f. Pat\u0159\u00ed k t\u011bm levn\u011bj\u0161\u00edm v bal\u00edku. Na druh\u00e9m p\u00f3lu je pak stroj, na n\u011bm\u017e se pod\u00edleli in\u017een\u00fd\u0159i t\u00fdmu formule 1, kter\u00fd m\u00e1 na kont\u011b sedm titul\u016f mistra sv\u011bta mezi jezdci a \u0161est v Poh\u00e1ru konstrukt\u00e9r\u016f. Pokud tipujete Red Bull, uh\u00e1dli jste.<\/p>\n<p>N\u00e1pojov\u00fd gigant po vstupu do n\u011bmeck\u00e9 formace Bora-hansgrohe avizoval, \u017ee pl\u00e1nuje zm\u011bnit po\u0159ad\u00ed pelotonu. Krom\u011b o\u010dek\u00e1van\u00e9 zm\u011bny n\u00e1zvu formace t\u011bsn\u011b p\u0159ed startem Tour de France se t\u00fdm pochlubil p\u0159i p\u0159edz\u00e1vodn\u00ed prezentaci i zcela nov\u00fdmi stroji.<\/p>\n<figure id=\"attachment_26094\" aria-describedby=\"caption-attachment-26094\" style=\"width: 1920px\" class=\"wp-caption alignnone\"><a href=\"https:\/\/d2p6e6u75xmxt8.cloudfront.net\/13\/2024\/06\/SI202406260705_hires_jpeg_24bit_rgb-scaled.webp\"><img loading=\"lazy\" decoding=\"async\" class=\"size-extra-large wp-image-26094\" src=\"https:\/\/d2p6e6u75xmxt8.cloudfront.net\/13\/2024\/06\/SI202406260705_hires_jpeg_24bit_rgb-1920x1280.webp\" alt=\"Primo\u017e Rogli\u010d a jeho kolo pro Tour de France 2024.\" width=\"1920\" height=\"1280\" srcset=\"https:\/\/d2p6e6u75xmxt8.cloudfront.net\/13\/2024\/06\/SI202406260705_hires_jpeg_24bit_rgb-1920x1280.webp 1920w, https:\/\/d2p6e6u75xmxt8.cloudfront.net\/13\/2024\/06\/SI202406260705_hires_jpeg_24bit_rgb-300x200.webp 300w, https:\/\/d2p6e6u75xmxt8.cloudfront.net\/13\/2024\/06\/SI202406260705_hires_jpeg_24bit_rgb-1024x683.webp 1024w, https:\/\/d2p6e6u75xmxt8.cloudfront.net\/13\/2024\/06\/SI202406260705_hires_jpeg_24bit_rgb-768x512.webp 768w, https:\/\/d2p6e6u75xmxt8.cloudfront.net\/13\/2024\/06\/SI202406260705_hires_jpeg_24bit_rgb-1536x1024.webp 1536w, https:\/\/d2p6e6u75xmxt8.cloudfront.net\/13\/2024\/06\/SI202406260705_hires_jpeg_24bit_rgb-2048x1365.webp 2048w, https:\/\/d2p6e6u75xmxt8.cloudfront.net\/13\/2024\/06\/SI202406260705_hires_jpeg_24bit_rgb-400x267.webp 400w, https:\/\/d2p6e6u75xmxt8.cloudfront.net\/13\/2024\/06\/SI202406260705_hires_jpeg_24bit_rgb-272x182.webp 272w, https:\/\/d2p6e6u75xmxt8.cloudfront.net\/13\/2024\/06\/SI202406260705_hires_jpeg_24bit_rgb-1920x1280.webp 1920w\" sizes=\"auto, (max-width: 1920px) 100vw, 1920px\" \/><\/a><figcaption id=\"caption-attachment-26094\" class=\"wp-caption-text\"><em>Primo\u017e Rogli\u010d a jeho kolo pro Tour de France 2024. Foto: Joerg Mitter\/Red Bull<\/em><\/figcaption><\/figure>\n<p>Aerodynamick\u00e1 bestie, jak ji tituluj\u00ed samotn\u00ed z\u00e1vodn\u00edci st\u00e1je Red Bull Bora-hansgrohe, se rodila ve v\u011btrn\u00e9m tunelu t\u00fdmu F1, v jeho\u017e barv\u00e1ch z\u00e1\u0159\u00ed Max Verstappen. Tentokr\u00e1t m\u00e1 \u00fasil\u00ed in\u017een\u00fdr\u016f ze za\u0159\u00edzen\u00ed v Bedfordu, kde v minulosti vznikl legend\u00e1rn\u00ed Concord a pracovalo se zde na mnoha vojensk\u00fdch projektech, zajistit triumf Primo\u017ee Rogli\u010de, l\u00eddra n\u011bmeck\u00e9ho t\u00fdmu.<\/p>\n<p>Slovinec, jemu\u017e v roce 2020 &#8222;ukradl&#8220; prvenstv\u00ed Tadej Poga\u010dar, m\u00e1 k dispozici stroj Specialized S-Works Tarmac SL8. Stejn\u011b tak jeho par\u0165\u00e1ci. Z\u00e1vodn\u00ed kolo m\u00e1 dokonale kombinovat aerodynamiku a n\u00edzkou hmotnost. Podle dostupn\u00fdch dat vzrostla tuhost kola o t\u0159iat\u0159icet procent, co\u017e garantuje lep\u0161\u00ed p\u0159enos s\u00edly do ped\u00e1l\u016f. Cena se podle zvolen\u00fdch komponent\u016f pohybuje kolem \u010d\u00e1stky 550 tis\u00edc korun.<\/p>\n<p>Nejdra\u017e\u0161\u00ed kolo pelotonu klidn\u011b m\u016f\u017eete m\u00edt. Specialized vyrobil p\u011bt set z\u00e1kaznick\u00fdch kus\u016f, z nich\u017e ka\u017ed\u00e9 m\u00e1 svoje vlastn\u00ed v\u00fdrobn\u00ed \u010d\u00edslo! Sta\u010d\u00ed zaplatit 415 tis\u00edc korun!<\/p>\n<h2><strong>Tour de France 2024: devaten\u00e1ct v\u00fdrobc\u016f<\/strong><\/h2>\n<p>Spo\u010d\u00edtat p\u0159esnou cenu z\u00e1vodn\u00edho kola je velice slo\u017eit\u00e9. T\u00fdmy pou\u017e\u00edvaj\u00ed odli\u0161n\u00e9 r\u00e1my, vidlice, brzdy, \u0159azen\u00ed, kola, pneumatiky, \u0159\u00edd\u00edtka, ped\u00e1ly&#8230; Podle typu etapy se mohou r\u00e1my m\u011bnit, stejn\u011b jako dal\u0161\u00ed komponenty. N\u011bkdy cyklist\u00e9 pou\u017e\u00edvaj\u00ed v rovinat\u011bj\u0161\u00edch etap\u00e1ch aerodynamick\u00e1 kola a cht\u011bj\u00ed pouze jeden p\u0159evodn\u00edk, pro horsk\u00e9 etapy se zase nasazuj\u00ed leh\u010d\u00ed kola a odli\u0161n\u00e9 p\u0159evody.<\/p>\n<p>Kup\u0159\u00edkladu kolo, kter\u00e9 pou\u017e\u00edv\u00e1 Remco Evenepoel a jeho formace Soudal Quick Step, je od stejn\u00e9 spole\u010dnosti jakou sedl\u00e1 Red Bull Bora-hansgrohe. Nicm\u00e9n\u011b v p\u0159\u00edpad\u011b Vl\u010d\u00ed sme\u010dky, jak se p\u0159ezd\u00edv\u00e1 belgick\u00e9mu t\u00fdmu, je kolo p\u0159eci jen levn\u011bj\u0161\u00ed a vyjde na 350 tis\u00edc korun. Samoz\u0159ejm\u011b pak z\u00e1le\u017e\u00ed na specifikaci. Pokud si poru\u010d\u00edte nejlep\u0161\u00ed karbonov\u00e1 kola, je t\u0159eba si p\u0159iplatit 92 tis\u00edc korun. Dal\u0161\u00ed \u00farove\u0148 pak p\u0159edstavuj\u00ed i \u0159\u00edd\u00edtka z uhl\u00edkov\u00fdch vl\u00e1ken, kter\u00e1 rovn\u011b\u017e p\u0159ijdou na n\u011bkolik des\u00edtek tis\u00edc korun.<\/p>\n<div class=\"shortcode-ys-post-pinup\"><article class=\"loop-simple post-26007 post type-post status-publish format-standard has-post-thumbnail hentry category-tour-de-france tag-10-favoritu-tour-de-france tag-adam-yates tag-carlos-rodriguez tag-cyklistika tag-derek-gee tag-enric-mas tag-favorite-tour-de-france tag-horska-cyklistika tag-jonas-vingegaard tag-matteo-jorgenson tag-primoz-roglic tag-remco-evenepoel tag-richard-carapaz tag-silnicni-cyklistika tag-tadej-pogacar tag-tour-de-france global-categories-cycling\" data-postid=\"26007\" role=\"article\" data-post-id=\"26007\" data-word-count=\"637\" data-headline-length=\"93\" data-category=\"Tour de France\" data-global-category=\"Cycling\" data-author=\"We Love Cycling\" data-published=\"2024-06-26T05:00:09+02:00\" data-published-day=\"Wednesday\">\n    <div class=\"entry-thumbnail article-thumbnail\" content=\"https:\/\/d2p6e6u75xmxt8.cloudfront.net\/13\/2023\/07\/profimedia-0790308631-150x150.webp\"><a href=\"https:\/\/www.welovecycling.com\/cs\/2024\/06\/26\/deset-favoritu-tour-de-france-2024-obhajce-byvali-sampioni\/\" class=\"image-holder\" target=\"_self\"><img decoding=\"async\" loading=\"lazy\" class=\"\" src=\"https:\/\/d2p6e6u75xmxt8.cloudfront.net\/13\/2023\/07\/profimedia-0790308631-1024x683.webp\" srcset=\"https:\/\/d2p6e6u75xmxt8.cloudfront.net\/13\/2023\/07\/profimedia-0790308631.webp 1800w, https:\/\/d2p6e6u75xmxt8.cloudfront.net\/13\/2023\/07\/profimedia-0790308631-300x200.webp 300w, https:\/\/d2p6e6u75xmxt8.cloudfront.net\/13\/2023\/07\/profimedia-0790308631-1024x683.webp 1024w, https:\/\/d2p6e6u75xmxt8.cloudfront.net\/13\/2023\/07\/profimedia-0790308631-768x512.webp 768w, https:\/\/d2p6e6u75xmxt8.cloudfront.net\/13\/2023\/07\/profimedia-0790308631-1536x1024.webp 1536w, https:\/\/d2p6e6u75xmxt8.cloudfront.net\/13\/2023\/07\/profimedia-0790308631-400x267.webp 400w, https:\/\/d2p6e6u75xmxt8.cloudfront.net\/13\/2023\/07\/profimedia-0790308631-272x182.webp 272w\" width=\"1024\" height=\"683\" sizes=\"auto, (min-width: 1200px) 300px, (min-width: 768px) 25vw, 100vw\" alt=\"deset-favoritu-tour-de-france-2024-obhajce-byvali-sampioni\"\/><\/a><\/div>    <div class=\"entry-meta\">\n        <a class=\"label label-secondary post-category\" href=\"https:\/\/www.welovecycling.com\/cs\/category\/tour-de-france\/\" title=\"Tour de France\">Tour de France<\/a>\n    <\/div>\n    <div class=\"entry-details\">\n        <a href=\"https:\/\/www.welovecycling.com\/cs\/2024\/06\/26\/deset-favoritu-tour-de-france-2024-obhajce-byvali-sampioni\/\" class='entry-title-wrapper'>\n            <h3 class=\"entry-title\"><span>Deset favorit\u016f Tour de France 2024? Dva \u0161ampioni, b\u00fdval\u00fd fotbalista \u010di drah\u00fd Ekv\u00e1dorec<\/span><\/h3>\n        <\/a>\n    <\/div>\n    <\/article>\n<\/div>\n<p>Tadej Poga\u010dar, hlavn\u00ed favorit Tour de France 2024, a jeho par\u0165\u00e1ci z UAE Emirates jezd\u00ed na italsk\u00fdch stroj\u00edch Colnago V4RS. Ale v tomto p\u0159\u00edpad\u011b m\u00e1te sm\u016flu. Zakoupit p\u0159esnou kopii Slovincova kola nen\u00ed mo\u017en\u00e9. M\u016f\u017eete si po\u0159\u00eddit jednotliv\u00e9 d\u00edly, kter\u00e9 tvo\u0159\u00ed t\u00fdmov\u00e9 kolo, a p\u0159ibl\u00ed\u017eit se opravdu stejn\u00e9 sestav\u011b, kterou pou\u017e\u00edv\u00e1 t\u00fdm. Ale velmi pravd\u011bpodobn\u011b se nedostanete ke v\u0161em komponent\u016fm. \u0158\u00edd\u00edtka Poga\u010darova kola jsou ru\u010dn\u011b vyr\u00e1b\u011bn\u00e1. Speci\u00e1ln\u00ed jsou karbonov\u00e9 p\u0159evodn\u00edky. Stejn\u011b tak odleh\u010den\u00e9 kotou\u010dov\u00e9 brzdy. Poga\u010dar\u016fv speci\u00e1l vyjde na 450 tis\u00edc korun.<\/p>\n<h2><strong>I kolo z obcho\u010f\u00e1ku m\u00e1 rukopis in\u017een\u00fdra F1<\/strong><\/h2>\n<p>Na opa\u010dn\u00e9m p\u00f3lu pomysln\u00e9ho \u017eeb\u0159\u00ed\u010dku je stroj, kter\u00fd pou\u017e\u00edv\u00e1 formace Decathlon AG2R La Mondiale. Francouzsk\u00fd t\u00fdm po zm\u011bn\u011b hlavn\u00edho sponzora p\u0159e\u0161el od stroj\u016f BMC na kola Van Rysel, kter\u00e1 nab\u00edz\u00ed i \u0159et\u011bzec sportovn\u00edch pot\u0159eb z hlavn\u00edho n\u00e1zvu t\u00fdmu. A v\u011b\u0159te, stejn\u00e1 z\u00e1vodn\u00ed specifikace je k m\u00e1n\u00ed pro ka\u017ed\u00e9ho smrteln\u00edka. Nemus\u00edte se p\u0159itom ob\u00e1vat o kvalitu. I zde se na realizaci pod\u00edlel b\u00fdval\u00fd v\u00fdvojov\u00fd in\u017een\u00fdr formule 1 Jean Paul Ballard. Kolo, na n\u011bm\u017e jede kup\u0159\u00edkladu vyhl\u00e1\u0161en\u00fd spurter a b\u00fdval\u00fd \u0161ampion bodovac\u00ed sout\u011b\u017ee \u0160koda Auto Sam Bennett, vyjde na 225 tis\u00edc korun.<\/p>\n<p>A nejdra\u017e\u0161\u00ed stroj na <a href=\"https:\/\/www.welovecycling.com\/cs\/2024\/06\/29\/hon-za-rekordem-malem-skoncil-mark-cavendish-zvracel-a-bojoval-o-limit\/\">Tour de France 2024<\/a>?<\/p>\n<p>Pou\u017e\u00edvaj\u00ed jej cyklist\u00e9 st\u00e1je Ineos Grenadiers. Jde o Pinarello Bolide F. Nen\u00ed \u017e\u00e1dn\u00fdm tajemstv\u00edm, \u017ee pro Grand Tour jsou \u010dasto rozhoduj\u00edc\u00ed \u010dasovky. V\u017edy\u0165 v minul\u00e9m roce Jonas Vingegaard zasadil rozhoduj\u00edc\u00ed \u00fader Poga\u010darovi p\u0159i bitv\u011b s chronometrem. T\u00fdm Ineos speci\u00e1ln\u011b vyv\u00edj\u00ed r\u00e1m, kter\u00fd vyjde na 900 tis\u00edc korun.<\/p>\n<figure id=\"attachment_26119\" aria-describedby=\"caption-attachment-26119\" style=\"width: 1280px\" class=\"wp-caption alignnone\"><a href=\"https:\/\/d2p6e6u75xmxt8.cloudfront.net\/13\/2024\/06\/filippo-ganna-national-champs-photo.webp\"><img loading=\"lazy\" decoding=\"async\" class=\"size-full wp-image-26119\" src=\"https:\/\/d2p6e6u75xmxt8.cloudfront.net\/13\/2024\/06\/filippo-ganna-national-champs-photo.webp\" alt=\"Filippo Ganna\" width=\"1280\" height=\"560\" srcset=\"https:\/\/d2p6e6u75xmxt8.cloudfront.net\/13\/2024\/06\/filippo-ganna-national-champs-photo.webp 1280w, https:\/\/d2p6e6u75xmxt8.cloudfront.net\/13\/2024\/06\/filippo-ganna-national-champs-photo-300x131.webp 300w, https:\/\/d2p6e6u75xmxt8.cloudfront.net\/13\/2024\/06\/filippo-ganna-national-champs-photo-1024x448.webp 1024w, https:\/\/d2p6e6u75xmxt8.cloudfront.net\/13\/2024\/06\/filippo-ganna-national-champs-photo-768x336.webp 768w, https:\/\/d2p6e6u75xmxt8.cloudfront.net\/13\/2024\/06\/filippo-ganna-national-champs-photo-400x175.webp 400w\" sizes=\"auto, (max-width: 1280px) 100vw, 1280px\" \/><\/a><figcaption id=\"caption-attachment-26119\" class=\"wp-caption-text\"><em>Filippo Ganna na speci\u00e1lu t\u00fdmu Ineos Grenadiers pro Tour de France 2024. Foto: ineosgrandiers.com<\/em><\/figcaption><\/figure>\n<p>Zadn\u00ed diskov\u00e9 kolo vyjde minim\u00e1ln\u011b na 70 tis\u00edc korun. P\u0159edn\u00ed paprskov\u00e9 kolo pak stoj\u00ed 66 tis\u00edc korun. S dal\u0161\u00edm osazen\u00edm vyjde kolo na 1 453 000 korun! Ale tenhle speci\u00e1l, i kdyby nebyla p\u0159ek\u00e1\u017ekou finan\u010dn\u00ed str\u00e1nka, nen\u00ed k dispozici.<\/p>\n<div class=\"shortcode-ys-post-pinup\"><article class=\"loop-simple post-25765 post type-post status-publish format-standard has-post-thumbnail hentry category-tour-de-france tag-bez-prikras tag-cyklistika tag-jasper-philipsen tag-jonas-vingegaard tag-mark-cavendish tag-netflix tag-silnicni-cyklistika tag-tadej-pogacar tag-tour-de-france tag-tour-de-france-bez-prikras global-categories-cycling\" data-postid=\"25765\" role=\"article\" data-post-id=\"25765\" data-word-count=\"496\" data-headline-length=\"76\" data-category=\"Tour de France\" data-global-category=\"Cycling\" data-author=\"Radek Malina\" data-published=\"2024-06-14T14:50:38+02:00\" data-published-day=\"Friday\">\n    <div class=\"entry-thumbnail article-thumbnail\" content=\"https:\/\/d2p6e6u75xmxt8.cloudfront.net\/13\/2023\/07\/profimedia-0789998693-150x150.webp\"><a href=\"https:\/\/www.welovecycling.com\/cs\/2024\/06\/14\/jsem-cisty-nic-neberu-a-nedelam-co-se-nesmi-rika-jonas-vingegaard\/\" class=\"image-holder\" target=\"_self\"><img decoding=\"async\" loading=\"lazy\" class=\"\" src=\"https:\/\/d2p6e6u75xmxt8.cloudfront.net\/13\/2023\/07\/profimedia-0789998693-1024x683.webp\" srcset=\"https:\/\/d2p6e6u75xmxt8.cloudfront.net\/13\/2023\/07\/profimedia-0789998693.webp 1800w, https:\/\/d2p6e6u75xmxt8.cloudfront.net\/13\/2023\/07\/profimedia-0789998693-300x200.webp 300w, https:\/\/d2p6e6u75xmxt8.cloudfront.net\/13\/2023\/07\/profimedia-0789998693-1024x683.webp 1024w, https:\/\/d2p6e6u75xmxt8.cloudfront.net\/13\/2023\/07\/profimedia-0789998693-768x512.webp 768w, https:\/\/d2p6e6u75xmxt8.cloudfront.net\/13\/2023\/07\/profimedia-0789998693-1536x1024.webp 1536w, https:\/\/d2p6e6u75xmxt8.cloudfront.net\/13\/2023\/07\/profimedia-0789998693-400x267.webp 400w, https:\/\/d2p6e6u75xmxt8.cloudfront.net\/13\/2023\/07\/profimedia-0789998693-272x182.webp 272w\" width=\"1024\" height=\"683\" sizes=\"auto, (min-width: 1200px) 300px, (min-width: 768px) 25vw, 100vw\" alt=\"jsem-cisty-nic-neberu-a-nedelam-co-se-nesmi-rika-jonas-vingegaard\"\/><\/a><\/div>    <div class=\"entry-meta\">\n        <a class=\"label label-secondary post-category\" href=\"https:\/\/www.welovecycling.com\/cs\/category\/tour-de-france\/\" title=\"Tour de France\">Tour de France<\/a>\n    <\/div>\n    <div class=\"entry-details\">\n        <a href=\"https:\/\/www.welovecycling.com\/cs\/2024\/06\/14\/jsem-cisty-nic-neberu-a-nedelam-co-se-nesmi-rika-jonas-vingegaard\/\" class='entry-title-wrapper'>\n            <h3 class=\"entry-title\"><span>Jsem \u010dist\u00fd! Nic neberu a ned\u011bl\u00e1m, co se nesm\u00ed, \u0159\u00edk\u00e1 Jonas Vingegaard<\/span><\/h3>\n        <\/a>\n    <\/div>\n    <\/article>\n<\/div>\n<p>V\u011bt\u0161ina jezdc\u016f m\u00e1 k dispozici krom\u011b kola, na n\u011bm\u017e do etapy startuj\u00ed, dv\u011b rezervy. U elitn\u00edch t\u00fdm\u016f dokonce t\u0159i. Pokud byste zabloudili do mechanick\u00e9ho kamionu n\u011bkter\u00e9ho z t\u00fdm\u016f, klidn\u011b m\u016f\u017eete napo\u010d\u00edtat \u0161edes\u00e1t r\u00e1mov\u00fdch sad, v p\u0159\u00edpad\u011b elitn\u00edch formac\u00ed dokonce dvojn\u00e1sobek. Dal\u0161\u00ed ob\u0159\u00ed polo\u017ekou jsou sady kol, kter\u00fdch maj\u00ed t\u00fdmy k dispozici p\u0159ibli\u017en\u011b stovku.<\/p>\n<p><em>Tituln\u00ed foto: Joerg Mitter\/Red Bull<\/em><\/p>\n","protected":false},"excerpt":{"rendered":"<p>Unik\u00e1tn\u00ed stroje, na nich\u017e aby se jeden b\u00e1l jezdit!? Tour de France 2024 je obrovskou p\u0159ehl\u00eddkou p\u0159edn\u00edch v\u00fdrobc\u016f. Ale pokud [&hellip;]<\/p>\n","protected":false},"author":138,"featured_media":26096,"comment_status":"open","ping_status":"open","sticky":false,"template":"","format":"standard","meta":{"footnotes":""},"categories":[1711],"tags":[2595,126,1601,3653,102,9,502,23,3276],"global-categories":[411],"class_list":["post-26114","post","type-post","status-publish","format-standard","has-post-thumbnail","hentry","category-tour-de-france","tag-cena-kola","tag-cyklistika","tag-jonas-vingegaard","tag-nejdrazsi-kola","tag-primoz-roglic","tag-silnicni-cyklistika","tag-tadej-pogacar","tag-tour-de-france","tag-tour-de-france-2024","global-categories-cycling"],"yoast_head":"<!-- This site is optimized with the Yoast SEO Premium plugin v25.3 (Yoast SEO v25.9) - https:\/\/yoast.com\/wordpress\/plugins\/seo\/ -->\n<title>Milion a p\u016fl za kolo? Nejdra\u017e\u0161\u00ed stroje nemaj\u00ed Tadej Poga\u010dar ani Jonas Vingegaard | \u0160koda We Love Cycling - \u010cesk\u00e1 republika<\/title>\n<meta name=\"description\" content=\"Unik\u00e1tn\u00ed stroje, na nich\u017e aby se jeden b\u00e1l jezdit!? Tour de France 2024 je obrovskou p\u0159ehl\u00eddkou p\u0159edn\u00edch v\u00fdrobc\u016f. Ale pokud m\u00e1te na\u0161et\u0159eno, klidn\u011b si m\u016f\u017eete dop\u0159\u00e1t kola, na nich\u017e jezd\u00ed hv\u011bzdy pelotonu p\u0159i nejv\u011bt\u0161\u00edm etapov\u00e9m z\u00e1vod\u011b planety.\" \/>\n<meta name=\"robots\" content=\"index, follow, max-snippet:-1, max-image-preview:large, max-video-preview:-1\" \/>\n<link rel=\"canonical\" href=\"https:\/\/www.welovecycling.com\/cs\/2024\/06\/30\/milion-a-pul-za-kolo-nejdrazsi-stroje-nemaji-tadej-pogacar-ani-jonas-vingegaard\/\" \/>\n<meta property=\"og:locale\" content=\"cs_CZ\" \/>\n<meta property=\"og:type\" content=\"article\" \/>\n<meta property=\"og:title\" content=\"Milion a p\u016fl za kolo? Nejdra\u017e\u0161\u00ed stroje nemaj\u00ed Tadej Poga\u010dar ani Jonas Vingegaard\" \/>\n<meta property=\"og:description\" content=\"Unik\u00e1tn\u00ed stroje, na nich\u017e aby se jeden b\u00e1l jezdit!? Tour de France 2024 je obrovskou p\u0159ehl\u00eddkou p\u0159edn\u00edch v\u00fdrobc\u016f. Ale pokud m\u00e1te na\u0161et\u0159eno, klidn\u011b si m\u016f\u017eete dop\u0159\u00e1t kola, na nich\u017e jezd\u00ed hv\u011bzdy pelotonu p\u0159i nejv\u011bt\u0161\u00edm etapov\u00e9m z\u00e1vod\u011b planety.\" \/>\n<meta property=\"og:url\" content=\"https:\/\/www.welovecycling.com\/cs\/2024\/06\/30\/milion-a-pul-za-kolo-nejdrazsi-stroje-nemaji-tadej-pogacar-ani-jonas-vingegaard\/\" \/>\n<meta property=\"og:site_name\" content=\"\u0160koda We Love Cycling - \u010cesk\u00e1 republika\" \/>\n<meta property=\"article:published_time\" content=\"2024-06-30T15:56:27+00:00\" \/>\n<meta property=\"article:modified_time\" content=\"2024-07-15T16:10:19+00:00\" \/>\n<meta property=\"og:image\" content=\"https:\/\/d2p6e6u75xmxt8.cloudfront.net\/13\/2024\/06\/SI202406260720-scaled.webp\" \/>\n\t<meta property=\"og:image:width\" content=\"2560\" \/>\n\t<meta property=\"og:image:height\" content=\"1707\" \/>\n\t<meta property=\"og:image:type\" content=\"image\/webp\" \/>\n<meta name=\"author\" content=\"radekmalina\" \/>\n<meta name=\"twitter:card\" content=\"summary_large_image\" \/>\n<meta name=\"twitter:label1\" content=\"Written by\" \/>\n\t<meta name=\"twitter:data1\" content=\"Radek Malina\" \/>\n\t<meta name=\"twitter:label2\" content=\"Est. reading time\" \/>\n\t<meta name=\"twitter:data2\" content=\"6\" \/>\n<script type=\"application\/ld+json\" class=\"yoast-schema-graph\">{\"@context\":\"https:\/\/schema.org\",\"@graph\":[{\"@type\":\"WebPage\",\"@id\":\"https:\/\/www.welovecycling.com\/cs\/2024\/06\/30\/milion-a-pul-za-kolo-nejdrazsi-stroje-nemaji-tadej-pogacar-ani-jonas-vingegaard\/\",\"url\":\"https:\/\/www.welovecycling.com\/cs\/2024\/06\/30\/milion-a-pul-za-kolo-nejdrazsi-stroje-nemaji-tadej-pogacar-ani-jonas-vingegaard\/\",\"name\":\"Milion a p\u016fl za kolo? Nejdra\u017e\u0161\u00ed stroje nemaj\u00ed Tadej Poga\u010dar ani Jonas Vingegaard | \u0160koda We Love Cycling - \u010cesk\u00e1 republika\",\"isPartOf\":{\"@id\":\"https:\/\/www.welovecycling.com\/cs\/#website\"},\"primaryImageOfPage\":{\"@id\":\"https:\/\/www.welovecycling.com\/cs\/2024\/06\/30\/milion-a-pul-za-kolo-nejdrazsi-stroje-nemaji-tadej-pogacar-ani-jonas-vingegaard\/#primaryimage\"},\"image\":{\"@id\":\"https:\/\/www.welovecycling.com\/cs\/2024\/06\/30\/milion-a-pul-za-kolo-nejdrazsi-stroje-nemaji-tadej-pogacar-ani-jonas-vingegaard\/#primaryimage\"},\"thumbnailUrl\":\"https:\/\/d2p6e6u75xmxt8.cloudfront.net\/13\/2024\/06\/SI202406260720-scaled.webp\",\"datePublished\":\"2024-06-30T15:56:27+00:00\",\"dateModified\":\"2024-07-15T16:10:19+00:00\",\"author\":{\"@id\":\"https:\/\/www.welovecycling.com\/cs\/#\/schema\/person\/d9eeb0a378f3a7e4a6d12d2b536b04b8\"},\"description\":\"Unik\u00e1tn\u00ed stroje, na nich\u017e aby se jeden b\u00e1l jezdit!? Tour de France 2024 je obrovskou p\u0159ehl\u00eddkou p\u0159edn\u00edch v\u00fdrobc\u016f. Ale pokud m\u00e1te na\u0161et\u0159eno, klidn\u011b si m\u016f\u017eete dop\u0159\u00e1t kola, na nich\u017e jezd\u00ed hv\u011bzdy pelotonu p\u0159i nejv\u011bt\u0161\u00edm etapov\u00e9m z\u00e1vod\u011b planety.\",\"inLanguage\":\"cs\",\"potentialAction\":[{\"@type\":\"ReadAction\",\"target\":[\"https:\/\/www.welovecycling.com\/cs\/2024\/06\/30\/milion-a-pul-za-kolo-nejdrazsi-stroje-nemaji-tadej-pogacar-ani-jonas-vingegaard\/\"]}]},{\"@type\":\"ImageObject\",\"inLanguage\":\"cs\",\"@id\":\"https:\/\/www.welovecycling.com\/cs\/2024\/06\/30\/milion-a-pul-za-kolo-nejdrazsi-stroje-nemaji-tadej-pogacar-ani-jonas-vingegaard\/#primaryimage\",\"url\":\"https:\/\/d2p6e6u75xmxt8.cloudfront.net\/13\/2024\/06\/SI202406260720-scaled.webp\",\"contentUrl\":\"https:\/\/d2p6e6u75xmxt8.cloudfront.net\/13\/2024\/06\/SI202406260720-scaled.webp\",\"width\":2560,\"height\":1707,\"caption\":\"Stroj t\u00fdmu Red Bull Bora-hansgrohe pro Tour de France 2024.\"},{\"@type\":\"WebSite\",\"@id\":\"https:\/\/www.welovecycling.com\/cs\/#website\",\"url\":\"https:\/\/www.welovecycling.com\/cs\/\",\"name\":\"\u0160koda We Love Cycling - \u010cesk\u00e1 republika\",\"description\":\"WeLoveCycling.cz je online magaz\u00edn, kter\u00fd v\u00e1m pravideln\u011b p\u0159in\u00e1\u0161\u00ed rady a tipy, zaj\u00edmav\u00e9 \u010dl\u00e1nky, videa a jedine\u010dn\u00e9 report\u00e1\u017ee ze sv\u011bta cyklistiky.\",\"potentialAction\":[{\"@type\":\"SearchAction\",\"target\":{\"@type\":\"EntryPoint\",\"urlTemplate\":\"https:\/\/www.welovecycling.com\/cs\/?s={search_term_string}\"},\"query-input\":{\"@type\":\"PropertyValueSpecification\",\"valueRequired\":true,\"valueName\":\"search_term_string\"}}],\"inLanguage\":\"cs\"},{\"@type\":\"Person\",\"@id\":\"https:\/\/www.welovecycling.com\/cs\/#\/schema\/person\/d9eeb0a378f3a7e4a6d12d2b536b04b8\",\"name\":\"radekmalina\",\"image\":{\"@type\":\"ImageObject\",\"inLanguage\":\"cs\",\"@id\":\"https:\/\/www.welovecycling.com\/cs\/#\/schema\/person\/image\/\",\"url\":\"https:\/\/secure.gravatar.com\/avatar\/66994b632cb8c39a46b9f54afa3ae07201b678d32a54275b6f1c9ffec356bfc0?s=96&d=mm&r=g\",\"contentUrl\":\"https:\/\/secure.gravatar.com\/avatar\/66994b632cb8c39a46b9f54afa3ae07201b678d32a54275b6f1c9ffec356bfc0?s=96&d=mm&r=g\",\"caption\":\"radekmalina\"},\"url\":\"https:\/\/www.welovecycling.com\/cs\/author\/radekmalina\/\"}]}<\/script>\n<!-- \/ Yoast SEO Premium plugin. -->","yoast_head_json":{"title":"Milion a p\u016fl za kolo? Nejdra\u017e\u0161\u00ed stroje nemaj\u00ed Tadej Poga\u010dar ani Jonas Vingegaard | \u0160koda We Love Cycling - \u010cesk\u00e1 republika","description":"Unik\u00e1tn\u00ed stroje, na nich\u017e aby se jeden b\u00e1l jezdit!? Tour de France 2024 je obrovskou p\u0159ehl\u00eddkou p\u0159edn\u00edch v\u00fdrobc\u016f. Ale pokud m\u00e1te na\u0161et\u0159eno, klidn\u011b si m\u016f\u017eete dop\u0159\u00e1t kola, na nich\u017e jezd\u00ed hv\u011bzdy pelotonu p\u0159i nejv\u011bt\u0161\u00edm etapov\u00e9m z\u00e1vod\u011b planety.","robots":{"index":"index","follow":"follow","max-snippet":"max-snippet:-1","max-image-preview":"max-image-preview:large","max-video-preview":"max-video-preview:-1"},"canonical":"https:\/\/www.welovecycling.com\/cs\/2024\/06\/30\/milion-a-pul-za-kolo-nejdrazsi-stroje-nemaji-tadej-pogacar-ani-jonas-vingegaard\/","og_locale":"cs_CZ","og_type":"article","og_title":"Milion a p\u016fl za kolo? Nejdra\u017e\u0161\u00ed stroje nemaj\u00ed Tadej Poga\u010dar ani Jonas Vingegaard","og_description":"Unik\u00e1tn\u00ed stroje, na nich\u017e aby se jeden b\u00e1l jezdit!? Tour de France 2024 je obrovskou p\u0159ehl\u00eddkou p\u0159edn\u00edch v\u00fdrobc\u016f. Ale pokud m\u00e1te na\u0161et\u0159eno, klidn\u011b si m\u016f\u017eete dop\u0159\u00e1t kola, na nich\u017e jezd\u00ed hv\u011bzdy pelotonu p\u0159i nejv\u011bt\u0161\u00edm etapov\u00e9m z\u00e1vod\u011b planety.","og_url":"https:\/\/www.welovecycling.com\/cs\/2024\/06\/30\/milion-a-pul-za-kolo-nejdrazsi-stroje-nemaji-tadej-pogacar-ani-jonas-vingegaard\/","og_site_name":"\u0160koda We Love Cycling - \u010cesk\u00e1 republika","article_published_time":"2024-06-30T15:56:27+00:00","article_modified_time":"2024-07-15T16:10:19+00:00","og_image":[{"width":2560,"height":1707,"url":"https:\/\/d2p6e6u75xmxt8.cloudfront.net\/13\/2024\/06\/SI202406260720-scaled.webp","type":"image\/webp"}],"author":"radekmalina","twitter_card":"summary_large_image","twitter_misc":{"Written by":"Radek Malina","Est. reading time":"6"},"schema":{"@context":"https:\/\/schema.org","@graph":[{"@type":"WebPage","@id":"https:\/\/www.welovecycling.com\/cs\/2024\/06\/30\/milion-a-pul-za-kolo-nejdrazsi-stroje-nemaji-tadej-pogacar-ani-jonas-vingegaard\/","url":"https:\/\/www.welovecycling.com\/cs\/2024\/06\/30\/milion-a-pul-za-kolo-nejdrazsi-stroje-nemaji-tadej-pogacar-ani-jonas-vingegaard\/","name":"Milion a p\u016fl za kolo? Nejdra\u017e\u0161\u00ed stroje nemaj\u00ed Tadej Poga\u010dar ani Jonas Vingegaard | \u0160koda We Love Cycling - \u010cesk\u00e1 republika","isPartOf":{"@id":"https:\/\/www.welovecycling.com\/cs\/#website"},"primaryImageOfPage":{"@id":"https:\/\/www.welovecycling.com\/cs\/2024\/06\/30\/milion-a-pul-za-kolo-nejdrazsi-stroje-nemaji-tadej-pogacar-ani-jonas-vingegaard\/#primaryimage"},"image":{"@id":"https:\/\/www.welovecycling.com\/cs\/2024\/06\/30\/milion-a-pul-za-kolo-nejdrazsi-stroje-nemaji-tadej-pogacar-ani-jonas-vingegaard\/#primaryimage"},"thumbnailUrl":"https:\/\/d2p6e6u75xmxt8.cloudfront.net\/13\/2024\/06\/SI202406260720-scaled.webp","datePublished":"2024-06-30T15:56:27+00:00","dateModified":"2024-07-15T16:10:19+00:00","author":{"@id":"https:\/\/www.welovecycling.com\/cs\/#\/schema\/person\/d9eeb0a378f3a7e4a6d12d2b536b04b8"},"description":"Unik\u00e1tn\u00ed stroje, na nich\u017e aby se jeden b\u00e1l jezdit!? Tour de France 2024 je obrovskou p\u0159ehl\u00eddkou p\u0159edn\u00edch v\u00fdrobc\u016f. Ale pokud m\u00e1te na\u0161et\u0159eno, klidn\u011b si m\u016f\u017eete dop\u0159\u00e1t kola, na nich\u017e jezd\u00ed hv\u011bzdy pelotonu p\u0159i nejv\u011bt\u0161\u00edm etapov\u00e9m z\u00e1vod\u011b planety.","inLanguage":"cs","potentialAction":[{"@type":"ReadAction","target":["https:\/\/www.welovecycling.com\/cs\/2024\/06\/30\/milion-a-pul-za-kolo-nejdrazsi-stroje-nemaji-tadej-pogacar-ani-jonas-vingegaard\/"]}]},{"@type":"ImageObject","inLanguage":"cs","@id":"https:\/\/www.welovecycling.com\/cs\/2024\/06\/30\/milion-a-pul-za-kolo-nejdrazsi-stroje-nemaji-tadej-pogacar-ani-jonas-vingegaard\/#primaryimage","url":"https:\/\/d2p6e6u75xmxt8.cloudfront.net\/13\/2024\/06\/SI202406260720-scaled.webp","contentUrl":"https:\/\/d2p6e6u75xmxt8.cloudfront.net\/13\/2024\/06\/SI202406260720-scaled.webp","width":2560,"height":1707,"caption":"Stroj t\u00fdmu Red Bull Bora-hansgrohe pro Tour de France 2024."},{"@type":"WebSite","@id":"https:\/\/www.welovecycling.com\/cs\/#website","url":"https:\/\/www.welovecycling.com\/cs\/","name":"\u0160koda We Love Cycling - \u010cesk\u00e1 republika","description":"WeLoveCycling.cz je online magaz\u00edn, kter\u00fd v\u00e1m pravideln\u011b p\u0159in\u00e1\u0161\u00ed rady a tipy, zaj\u00edmav\u00e9 \u010dl\u00e1nky, videa a jedine\u010dn\u00e9 report\u00e1\u017ee ze sv\u011bta cyklistiky.","potentialAction":[{"@type":"SearchAction","target":{"@type":"EntryPoint","urlTemplate":"https:\/\/www.welovecycling.com\/cs\/?s={search_term_string}"},"query-input":{"@type":"PropertyValueSpecification","valueRequired":true,"valueName":"search_term_string"}}],"inLanguage":"cs"},{"@type":"Person","@id":"https:\/\/www.welovecycling.com\/cs\/#\/schema\/person\/d9eeb0a378f3a7e4a6d12d2b536b04b8","name":"radekmalina","image":{"@type":"ImageObject","inLanguage":"cs","@id":"https:\/\/www.welovecycling.com\/cs\/#\/schema\/person\/image\/","url":"https:\/\/secure.gravatar.com\/avatar\/66994b632cb8c39a46b9f54afa3ae07201b678d32a54275b6f1c9ffec356bfc0?s=96&d=mm&r=g","contentUrl":"https:\/\/secure.gravatar.com\/avatar\/66994b632cb8c39a46b9f54afa3ae07201b678d32a54275b6f1c9ffec356bfc0?s=96&d=mm&r=g","caption":"radekmalina"},"url":"https:\/\/www.welovecycling.com\/cs\/author\/radekmalina\/"}]}},"_links":{"self":[{"href":"https:\/\/www.welovecycling.com\/cs\/wp-json\/wp\/v2\/posts\/26114","targetHints":{"allow":["GET"]}}],"collection":[{"href":"https:\/\/www.welovecycling.com\/cs\/wp-json\/wp\/v2\/posts"}],"about":[{"href":"https:\/\/www.welovecycling.com\/cs\/wp-json\/wp\/v2\/types\/post"}],"author":[{"embeddable":true,"href":"https:\/\/www.welovecycling.com\/cs\/wp-json\/wp\/v2\/users\/138"}],"replies":[{"embeddable":true,"href":"https:\/\/www.welovecycling.com\/cs\/wp-json\/wp\/v2\/comments?post=26114"}],"version-history":[{"count":9,"href":"https:\/\/www.welovecycling.com\/cs\/wp-json\/wp\/v2\/posts\/26114\/revisions"}],"predecessor-version":[{"id":26428,"href":"https:\/\/www.welovecycling.com\/cs\/wp-json\/wp\/v2\/posts\/26114\/revisions\/26428"}],"wp:featuredmedia":[{"embeddable":true,"href":"https:\/\/www.welovecycling.com\/cs\/wp-json\/wp\/v2\/media\/26096"}],"wp:attachment":[{"href":"https:\/\/www.welovecycling.com\/cs\/wp-json\/wp\/v2\/media?parent=26114"}],"wp:term":[{"taxonomy":"category","embeddable":true,"href":"https:\/\/www.welovecycling.com\/cs\/wp-json\/wp\/v2\/categories?post=26114"},{"taxonomy":"post_tag","embeddable":true,"href":"https:\/\/www.welovecycling.com\/cs\/wp-json\/wp\/v2\/tags?post=26114"},{"taxonomy":"global-categories","embeddable":true,"href":"https:\/\/www.welovecycling.com\/cs\/wp-json\/wp\/v2\/global-categories?post=26114"}],"curies":[{"name":"wp","href":"https:\/\/api.w.org\/{rel}","templated":true}]}}