{"id":26081,"date":"2024-07-03T06:00:15","date_gmt":"2024-07-03T04:00:15","guid":{"rendered":"https:\/\/www.welovecycling.com\/cs\/?p=26081"},"modified":"2024-07-03T13:46:50","modified_gmt":"2024-07-03T11:46:50","slug":"tour-de-france-2017-misto-stupnu-vitezu-miri-peter-sagan-domu","status":"publish","type":"post","link":"https:\/\/www.welovecycling.com\/cs\/2024\/07\/03\/tour-de-france-2017-misto-stupnu-vitezu-miri-peter-sagan-domu\/","title":{"rendered":"Tour de France 2017: M\u00edsto stup\u0148\u016f v\u00edt\u011bz\u016f m\u00ed\u0159\u00ed Peter Sagan dom\u016f"},"content":{"rendered":"<p><strong>\u00datok na vyrovn\u00e1n\u00ed rekordu! Peter Sagan dorazil na Tour de France 2017 jako dvojn\u00e1sobn\u00fd mistr sv\u011bta a hlavn\u011b coby kr\u00e1l p\u0159ede\u0161l\u00fdch p\u011bti ro\u010dn\u00edk\u016f bodovac\u00ed sout\u011b\u017ee Star\u00e9 d\u00e1my. Pokud bude v\u202fPa\u0159\u00ed\u017ei po jednadvaceti etap\u00e1ch v\u202fzelen\u00e9m trikotu, vyrovn\u00e1 legend\u00e1rn\u00edho Zabela. V\u202fpouh\u00fdch sedmadvaceti letech!\u00a0<\/strong><\/p>\n<p><span data-contrast=\"auto\">Peter Sagan oslnil p\u0159i debutu na Tour de France v\u202froce 2012, kdy vyhr\u00e1l t\u0159i etapy, \u010dty\u0159ikr\u00e1t kon\u010dil mezi t\u0159emi nejlep\u0161\u00edmi a ovl\u00e1dl bodovac\u00ed sout\u011b\u017e. O rok pozd\u011bji slavil pouze jeden d\u00edl\u010d\u00ed triumf, ale zelen\u00fd trikot na sob\u011b m\u011bl v\u202fPa\u0159\u00ed\u017ei znovu. Stejn\u011b jako v\u202fsezon\u00e1ch 2014 a 2015, kdy se dom\u016f vracel bez jedin\u00e9ho etapov\u00e9ho triumfu. To sezona 2016 p\u0159inesla \u017en\u011b. Hned t\u0159ikr\u00e1t byl kr\u00e1lem etapy, dokonce t\u0159i dny jezdil ve \u017elut\u00e9m trikotu l\u00eddra cel\u00e9ho z\u00e1vodu. Prost\u011b spln\u011bn\u00fd sen.<\/span><span data-ccp-props=\"{&quot;201341983&quot;:0,&quot;335559739&quot;:160,&quot;335559740&quot;:256}\">\u00a0<\/span><\/p>\n<p><span data-contrast=\"auto\">A te\u010f na Tour de France 2017 dorazil naplnit dal\u0161\u00ed. Utnout debaty, kdo je kr\u00e1lem bodovac\u00ed sout\u011b\u017ee. Kr\u00e1lem statistik je p\u0159ed startem prvn\u00ed etapy v\u202fD\u00fcsseldorfu N\u011bmec Erik Zabel, kter\u00fd dok\u00e1zal vyhr\u00e1t zelen\u00fd trikot v\u202fletech 1996-2001.<\/span><span data-ccp-props=\"{&quot;201341983&quot;:0,&quot;335559739&quot;:160,&quot;335559740&quot;:256}\">\u00a0<\/span><\/p>\n<h2><strong>Peter Sagan v\u00edt\u011bz\u00ed, ale slavit nebude<\/strong><\/h2>\n<p><span data-contrast=\"auto\">Peter Sagan ho chce z\u202ftr\u016fnu sesadit. Vyhraje t\u0159et\u00ed etapu. A ve \u010dtvrt\u00e9 chce sko\u010dit do \u010dela bodovac\u00ed sout\u011b\u017ee sponzorovan\u00e9 od roku 2015 spole\u010dnost\u00ed \u0160koda Auto. Dojezd ve Vittelu je t\u011bsn\u00fd. Pod\u00e9l bari\u00e9ry se \u0159\u00edt\u00ed Mark Cavendish.<\/span><span data-ccp-props=\"{&quot;201341983&quot;:0,&quot;335559739&quot;:160,&quot;335559740&quot;:256}\">\u00a0<\/span><\/p>\n<p><span data-contrast=\"auto\"><a href=\"https:\/\/www.welovecycling.com\/cs\/2024\/07\/02\/tour-de-france-2016-maratonec-nebo-cyklista\/\">Tour de France 2016<\/a> byla pro britsk\u00e9ho jezdce n\u00e1vratem na v\u00fdslun\u00ed. Po t\u0159ech sezon\u00e1ch jej ve t\u0159iceti letech z\u202fformace Etixx Quick Step vypoklonkovali jako neperspektivn\u00edho. S\u202fodstupem mo\u017en\u00e1 litovali. Mark Cavendish tento rok vyhr\u00e1l \u010dty\u0159i etapy. Ovl\u00e1dl hned tu prvn\u00ed a zajistil pro Dimension Data, t\u00fdm z\u202fJihoafrick\u00e9 republiky, \u017elut\u00fd trikot. A kdyby se nerozhodl soust\u0159edit na letn\u00ed olympijsk\u00e9 hry v\u202fRiu, \u010dert v\u00ed, zda by Sagan z\u00edskal zelen\u00fd dres. Tak d\u011blov\u00fd byl Cavendish, kter\u00fd z\u00e1hy z\u00edskal st\u0159\u00edbro v\u202fomniu v\u202fbrazilsk\u00e9m Riu.<\/span><span data-ccp-props=\"{&quot;201341983&quot;:0,&quot;335559739&quot;:160,&quot;335559740&quot;:256}\">\u00a0<\/span><\/p>\n<figure id=\"attachment_18237\" aria-describedby=\"caption-attachment-18237\" style=\"width: 1800px\" class=\"wp-caption alignnone\"><a href=\"https:\/\/d2p6e6u75xmxt8.cloudfront.net\/13\/2022\/08\/zeleny-sagan-profimedia-0461065075.webp\"><img loading=\"lazy\" decoding=\"async\" class=\"size-full wp-image-18237\" src=\"https:\/\/d2p6e6u75xmxt8.cloudfront.net\/13\/2022\/08\/zeleny-sagan-profimedia-0461065075.webp\" alt=\"Peter Sgana v zelen\u00e9m dresu pro v\u00edt\u011bze bodovac\u00ed sout\u011b\u017ee Tour de France.\" width=\"1800\" height=\"1200\" srcset=\"https:\/\/d2p6e6u75xmxt8.cloudfront.net\/13\/2022\/08\/zeleny-sagan-profimedia-0461065075.webp 1800w, https:\/\/d2p6e6u75xmxt8.cloudfront.net\/13\/2022\/08\/zeleny-sagan-profimedia-0461065075-300x200.webp 300w, https:\/\/d2p6e6u75xmxt8.cloudfront.net\/13\/2022\/08\/zeleny-sagan-profimedia-0461065075-1024x683.webp 1024w, https:\/\/d2p6e6u75xmxt8.cloudfront.net\/13\/2022\/08\/zeleny-sagan-profimedia-0461065075-768x512.webp 768w, https:\/\/d2p6e6u75xmxt8.cloudfront.net\/13\/2022\/08\/zeleny-sagan-profimedia-0461065075-1536x1024.webp 1536w, https:\/\/d2p6e6u75xmxt8.cloudfront.net\/13\/2022\/08\/zeleny-sagan-profimedia-0461065075-272x182.webp 272w\" sizes=\"auto, (max-width: 1800px) 100vw, 1800px\" \/><\/a><figcaption id=\"caption-attachment-18237\" class=\"wp-caption-text\"><em>Peter Sgana v zelen\u00e9m dresu pro v\u00edt\u011bze bodovac\u00ed sout\u011b\u017ee Tour de France.<\/em><\/figcaption><\/figure>\n<p><span data-contrast=\"auto\">Cavendish m\u011bl na dost\u0159el absolutn\u00ed rekord v\u202fpo\u010dtu vyhran\u00fdch etap. P\u0159ed \u00favodn\u00ed bitvou Tour de France 2017 se py\u0161nil t\u0159iceti d\u00edl\u010d\u00edmi triumfy a pouh\u00e9 \u010dty\u0159i jej d\u011blily od absolutn\u00edho rekordu legend\u00e1rn\u00edho Merckxe.<\/span><span data-ccp-props=\"{&quot;201341983&quot;:0,&quot;335559739&quot;:160,&quot;335559740&quot;:256}\">\u00a0<\/span><\/p>\n<p><span data-contrast=\"auto\">Vidina triumfu ve Vittelu je pro rod\u00e1ka z\u202fostrova Man tuze l\u00e1kav\u00e1, jen\u017ee Sagan se nehodl\u00e1 vzd\u00e1t bez boje. Po vz\u00e1jemn\u00e9m kontaktu britsk\u00fd cyklista vlet\u00ed do bari\u00e9ry. Je \u0161eredn\u011b potlu\u010den\u00fd. A hlavn\u011b m\u00e1 zlomenou lopatku. V\u202fz\u00e1vod\u011b kon\u010d\u00ed. A na dal\u0161\u00ed v\u00fdhru z\u202fTour de France bude \u010dekat \u010dty\u0159i roky.<\/span><span data-ccp-props=\"{&quot;201341983&quot;:0,&quot;335559739&quot;:160,&quot;335559740&quot;:256}\">\u00a0<\/span><\/p>\n<div class=\"shortcode-ys-post-pinup\"><article class=\"loop-simple post-26141 post type-post status-publish format-standard has-post-thumbnail hentry category-tour-de-france tag-cyklistika tag-finance tag-financni-odmeny tag-penize tag-prize-money tag-silnicni-cyklistika tag-tour-de-france tag-tour-de-france-2024 global-categories-cycling\" data-postid=\"26141\" role=\"article\" data-post-id=\"26141\" data-word-count=\"457\" data-headline-length=\"74\" data-category=\"Tour de France\" data-global-category=\"Cycling\" data-author=\"We Love Cycling\" data-published=\"2024-07-02T10:55:33+02:00\" data-published-day=\"Tuesday\">\n    <div class=\"entry-thumbnail article-thumbnail\" content=\"https:\/\/d2p6e6u75xmxt8.cloudfront.net\/13\/2024\/07\/Tdf-2024-Florencie-20240629TDF1050-A.S.O._Charly_Lopez-150x150.webp\"><a href=\"https:\/\/www.welovecycling.com\/cs\/2024\/07\/02\/v-banku-je-64-milionu-korun-kdo-vydela-na-tour-de-france-2024-nejvic\/\" class=\"image-holder\" target=\"_self\"><img decoding=\"async\" loading=\"lazy\" class=\"\" src=\"https:\/\/d2p6e6u75xmxt8.cloudfront.net\/13\/2024\/07\/Tdf-2024-Florencie-20240629TDF1050-A.S.O._Charly_Lopez-1024x682.webp\" srcset=\"https:\/\/d2p6e6u75xmxt8.cloudfront.net\/13\/2024\/07\/Tdf-2024-Florencie-20240629TDF1050-A.S.O._Charly_Lopez-scaled.webp 2560w, https:\/\/d2p6e6u75xmxt8.cloudfront.net\/13\/2024\/07\/Tdf-2024-Florencie-20240629TDF1050-A.S.O._Charly_Lopez-300x200.webp 300w, https:\/\/d2p6e6u75xmxt8.cloudfront.net\/13\/2024\/07\/Tdf-2024-Florencie-20240629TDF1050-A.S.O._Charly_Lopez-1024x682.webp 1024w, https:\/\/d2p6e6u75xmxt8.cloudfront.net\/13\/2024\/07\/Tdf-2024-Florencie-20240629TDF1050-A.S.O._Charly_Lopez-768x511.webp 768w, https:\/\/d2p6e6u75xmxt8.cloudfront.net\/13\/2024\/07\/Tdf-2024-Florencie-20240629TDF1050-A.S.O._Charly_Lopez-1536x1023.webp 1536w, https:\/\/d2p6e6u75xmxt8.cloudfront.net\/13\/2024\/07\/Tdf-2024-Florencie-20240629TDF1050-A.S.O._Charly_Lopez-2048x1364.webp 2048w, https:\/\/d2p6e6u75xmxt8.cloudfront.net\/13\/2024\/07\/Tdf-2024-Florencie-20240629TDF1050-A.S.O._Charly_Lopez-1920x1279.webp 1920w, https:\/\/d2p6e6u75xmxt8.cloudfront.net\/13\/2024\/07\/Tdf-2024-Florencie-20240629TDF1050-A.S.O._Charly_Lopez-400x266.webp 400w, https:\/\/d2p6e6u75xmxt8.cloudfront.net\/13\/2024\/07\/Tdf-2024-Florencie-20240629TDF1050-A.S.O._Charly_Lopez-272x182.webp 272w, https:\/\/d2p6e6u75xmxt8.cloudfront.net\/13\/2024\/07\/Tdf-2024-Florencie-20240629TDF1050-A.S.O._Charly_Lopez-1920x1279.webp 1920w\" width=\"1024\" height=\"682\" sizes=\"auto, (min-width: 1200px) 300px, (min-width: 768px) 25vw, 100vw\" alt=\"v-banku-je-64-milionu-korun-kdo-vydela-na-tour-de-france-2024-nejvic\"\/><\/a><\/div>    <div class=\"entry-meta\">\n        <a class=\"label label-secondary post-category\" href=\"https:\/\/www.welovecycling.com\/cs\/category\/tour-de-france\/\" title=\"Tour de France\">Tour de France<\/a>\n    <\/div>\n    <div class=\"entry-details\">\n        <a href=\"https:\/\/www.welovecycling.com\/cs\/2024\/07\/02\/v-banku-je-64-milionu-korun-kdo-vydela-na-tour-de-france-2024-nejvic\/\" class='entry-title-wrapper'>\n            <h3 class=\"entry-title\"><span>V banku je 64 milion\u016f korun! Kdo vyd\u011bl\u00e1 na Tour de France 2024 nejv\u00edc?<\/span><\/h3>\n        <\/a>\n    <\/div>\n    <\/article>\n<\/div>\n<p><span data-contrast=\"auto\">Rod\u00e1k ze \u017diliny sice projede c\u00edlovou \u010d\u00e1rou, ale organiz\u00e1to\u0159i jej z\u00e1hy diskvalifikuj\u00ed za ohro\u017een\u00ed soupe\u0159\u016f v\u202fdojezdu. K\u202f\u00fa\u017easu Sagana nejde o posun na posledn\u00ed m\u00edsto v\u202fetap\u011b, jak b\u00fdv\u00e1 v takov\u00fdch p\u0159\u00edpadech zvykem. Je vylou\u010den z\u202fcel\u00e9ho z\u00e1vodu. Vyhro\u017euje soudn\u00edm \u0159\u00edzen\u00edm, dokonce zva\u017euje bleskov\u00e9 dovol\u00e1n\u00ed k\u202fMezin\u00e1rodn\u00ed sportovn\u00ed arbitr\u00e1\u017ei ve \u0160v\u00fdcarsku. Ale nic z\u202ftoho se nestane.<\/span><span data-ccp-props=\"{&quot;201341983&quot;:0,&quot;335559739&quot;:160,&quot;335559740&quot;:256}\">\u00a0<\/span><\/p>\n<p><span data-contrast=\"auto\"><a href=\"https:\/\/www.procyclingstats.com\/rider\/peter-sagan\/2016\">Sagan\u016fv sen<\/a> o \u0161est\u00e9m triumfu v\u202fbodovac\u00ed sout\u011b\u017ei na Tour de France je pro sezonu 2017 v\u202ftrosk\u00e1ch. <\/span><\/p>\n<h2><strong>Chris Froome slav\u00ed \u010dtvrt\u00fd triumf<\/strong><\/h2>\n<p><span data-contrast=\"auto\">Jin\u00fd sen ve v\u0161ak na Champs-\u00c9lys\u00e9es napln\u00ed.\u00a0<\/span><span data-contrast=\"auto\">Po\u010dtvrt\u00e9 v\u202fhistorii slav\u00ed absolutn\u00ed prvenstv\u00ed Chris Froome v\u202fbarv\u00e1ch formace Sky.<\/span><span data-ccp-props=\"{&quot;201341983&quot;:0,&quot;335559739&quot;:160,&quot;335559740&quot;:256}\">\u00a0<\/span><\/p>\n<p><span data-contrast=\"auto\">V\u202fpr\u016fb\u011bhu cel\u00e9 Tour de France p\u0159edv\u00e1d\u00ed dominantn\u00ed v\u00fdkon. Ach ano, p\u0159i v\u00fdstupu na Peyragudes v\u202fPyrenej\u00edch m\u00e1 probl\u00e9my. A obrovsk\u00e9. Dokonce ztrat\u00ed \u017elut\u00fd trikot. Jen\u017ee v\u0161e se proval\u00ed a\u017e s\u202fodstupem. Jeho v\u011brn\u00ed domestici t\u00e1hnou l\u00eddra do c\u00edle a soupe\u0159i v\u016fbec netu\u0161\u00ed, \u017ee Froome vy\u010derp\u00e1n\u00edm m\u00e1lem zkolaboval. Ztratil v\u0161ak jen \u0161estadvacet vte\u0159in. P\u0159e\u010dk\u00e1 t\u011b\u017ekou pyrenejskou bitvu, a pak se stane v\u011bc nev\u00eddan\u00e1.<\/span><span data-ccp-props=\"{&quot;201341983&quot;:0,&quot;335559739&quot;:160,&quot;335559740&quot;:256}\">\u00a0<\/span><\/p>\n<p><span data-contrast=\"auto\">Rovinat\u00e1 etapa. Ve v\u011btrn\u00e9 loterii rozpoutaj\u00ed domestici britsk\u00e9ho jezdce peklo. Chris Froome z\u00edsk\u00e1 \u017elut\u00fd trikot. P\u0159ede\u0161l\u00fd l\u00eddr Aru i dal\u0161\u00ed adepti mus\u00ed d\u0159\u00edt na pokraji sil, aby eliminovali ztr\u00e1ty. A kdy\u017e se n\u00e1sledn\u011b dostanou do Alp, ztracen\u00e1 energie chyb\u00ed.<\/span><span data-ccp-props=\"{&quot;201341983&quot;:0,&quot;335559739&quot;:160,&quot;335559740&quot;:256}\">\u00a0<\/span><\/p>\n<figure id=\"attachment_2898\" aria-describedby=\"caption-attachment-2898\" style=\"width: 1366px\" class=\"wp-caption alignnone\"><a href=\"https:\/\/d2p6e6u75xmxt8.cloudfront.net\/13\/2019\/07\/Tour-de-France-Froome-CVR-profimedia-0235966430.webp\"><img loading=\"lazy\" decoding=\"async\" class=\"size-full wp-image-2898\" src=\"https:\/\/d2p6e6u75xmxt8.cloudfront.net\/13\/2019\/07\/Tour-de-France-Froome-CVR-profimedia-0235966430.webp\" alt=\"cChris Froome\" width=\"1366\" height=\"600\" srcset=\"https:\/\/d2p6e6u75xmxt8.cloudfront.net\/13\/2019\/07\/Tour-de-France-Froome-CVR-profimedia-0235966430.webp 1366w, https:\/\/d2p6e6u75xmxt8.cloudfront.net\/13\/2019\/07\/Tour-de-France-Froome-CVR-profimedia-0235966430-300x132.webp 300w, https:\/\/d2p6e6u75xmxt8.cloudfront.net\/13\/2019\/07\/Tour-de-France-Froome-CVR-profimedia-0235966430-1024x450.webp 1024w, https:\/\/d2p6e6u75xmxt8.cloudfront.net\/13\/2019\/07\/Tour-de-France-Froome-CVR-profimedia-0235966430-768x337.webp 768w\" sizes=\"auto, (max-width: 1366px) 100vw, 1366px\" \/><\/a><figcaption id=\"caption-attachment-2898\" class=\"wp-caption-text\"><em>Chris Froome ve \u017elut\u00e9m trikotu l\u00eddra Tour de France.<\/em><\/figcaption><\/figure>\n<p><span data-contrast=\"auto\">Chris Froome nav\u00edc ukazuje sebev\u011bdom\u00ed \u0161ampiona. Jede chyt\u0159e a konzervativn\u011b. Mo\u017en\u00e1 nen\u00ed nejsiln\u011bj\u0161\u00edm jezdcem v\u202fbal\u00edku, ale rozhodn\u011b je nejchyt\u0159ej\u0161\u00edm. Nepl\u00fdtv\u00e1 silami. A soupe\u0159i se boj\u00ed riskovat. Rad\u011bji zvol\u00ed jistotu pozice v\u202ftop p\u011bt \u010di na stupn\u00edch v\u00edt\u011bz\u016f, ne\u017e aby \u00fato\u010dili. Rod\u00e1k z\u202fKeni je v\u202fPa\u0159\u00ed\u017ei s\u202fn\u00e1skokem 54 vte\u0159in. Nejmen\u0161\u00edm ze sv\u00fdch \u010dty\u0159 triumf\u016f. Ale je po\u010dtvrt\u00e9 kr\u00e1lem Tour de France.<\/span><span data-ccp-props=\"{&quot;201341983&quot;:0,&quot;335559739&quot;:160,&quot;335559740&quot;:256}\">\u00a0<\/span><\/p>\n<div class=\"shortcode-ys-post-pinup\"><article class=\"loop-simple post-26048 post type-post status-publish format-standard has-post-thumbnail hentry category-silnicni-cyklistika category-tour-de-france tag-cyklistika tag-etapy-tour-de-france-2024 tag-klicove-etapy-tour-de-france-2024 tag-program-tour-de-france-2024 tag-silnicni-cyklistika tag-tour-de-france tag-trasa-tour-de-france-2024 global-categories-cycling\" data-postid=\"26048\" role=\"article\" data-post-id=\"26048\" data-word-count=\"531\" data-headline-length=\"82\" data-category=\"Silni\u010dn\u00ed cyklistika\" data-global-category=\"Cycling\" data-author=\"We Love Cycling\" data-published=\"2024-06-27T16:00:42+02:00\" data-published-day=\"Thursday\">\n    <div class=\"entry-thumbnail article-thumbnail\" content=\"https:\/\/d2p6e6u75xmxt8.cloudfront.net\/13\/2021\/10\/tour-2022-galibier-profimedia-0096919752-150x150.webp\"><a href=\"https:\/\/www.welovecycling.com\/cs\/2024\/06\/27\/klicove-etapy-tour-de-france-2024-gravel-tourmalet-ci-brutalni-den-bastily\/\" class=\"image-holder\" target=\"_self\"><img decoding=\"async\" loading=\"lazy\" class=\"\" src=\"https:\/\/d2p6e6u75xmxt8.cloudfront.net\/13\/2021\/10\/tour-2022-galibier-profimedia-0096919752-1024x681.webp\" srcset=\"https:\/\/d2p6e6u75xmxt8.cloudfront.net\/13\/2021\/10\/tour-2022-galibier-profimedia-0096919752.webp 1800w, https:\/\/d2p6e6u75xmxt8.cloudfront.net\/13\/2021\/10\/tour-2022-galibier-profimedia-0096919752-300x200.webp 300w, https:\/\/d2p6e6u75xmxt8.cloudfront.net\/13\/2021\/10\/tour-2022-galibier-profimedia-0096919752-1024x681.webp 1024w, https:\/\/d2p6e6u75xmxt8.cloudfront.net\/13\/2021\/10\/tour-2022-galibier-profimedia-0096919752-768x511.webp 768w, https:\/\/d2p6e6u75xmxt8.cloudfront.net\/13\/2021\/10\/tour-2022-galibier-profimedia-0096919752-1536x1021.webp 1536w, https:\/\/d2p6e6u75xmxt8.cloudfront.net\/13\/2021\/10\/tour-2022-galibier-profimedia-0096919752-272x182.webp 272w\" width=\"1024\" height=\"681\" sizes=\"auto, (min-width: 1200px) 300px, (min-width: 768px) 25vw, 100vw\" alt=\"klicove-etapy-tour-de-france-2024-gravel-tourmalet-ci-brutalni-den-bastily\"\/><\/a><\/div>    <div class=\"entry-meta\">\n        <a class=\"label label-secondary post-category\" href=\"https:\/\/www.welovecycling.com\/cs\/category\/silnicni-cyklistika\/\" title=\"Silni\u010dn\u00ed cyklistika\">Silni\u010dn\u00ed cyklistika<\/a>\n    <\/div>\n    <div class=\"entry-details\">\n        <a href=\"https:\/\/www.welovecycling.com\/cs\/2024\/06\/27\/klicove-etapy-tour-de-france-2024-gravel-tourmalet-ci-brutalni-den-bastily\/\" class='entry-title-wrapper'>\n            <h3 class=\"entry-title\"><span>Kl\u00ed\u010dov\u00e9 etapy Tour de France 2024: gravel, Tourmalet \u010di brut\u00e1ln\u00ed Den Bastily<\/span><\/h3>\n        <\/a>\n    <\/div>\n    <\/article>\n<\/div>\n<p><span data-contrast=\"auto\">S\u202fdev\u011btapades\u00e1ti dny ve \u017elut\u00e9m se za\u0159ad\u00ed na historicky \u010dtvrt\u00e9 m\u00edsto. Jen Eddy Merckx, Bernard Hinaulty a Miguel Indurain jsou lep\u0161\u00ed. Na t\u0159et\u00edho \u0160pan\u011bla ztr\u00e1c\u00ed Froome jedin\u00fd den v\u202fmaillot jaune. Jen ti t\u0159i a je\u0161t\u011b Jacques Anquetil se py\u0161n\u00ed p\u011bti triumfy ze Star\u00e9 d\u00e1my. \u201eP\u0159\u00ed\u0161t\u00ed rok historii zm\u011bn\u00edm,\u201c slibuje Chris Froome netu\u0161\u00edc, jak\u00e1 pohroma jej \u010dek\u00e1.<\/span><span data-ccp-props=\"{&quot;201341983&quot;:0,&quot;335559739&quot;:160,&quot;335559740&quot;:256}\">\u00a0<\/span><\/p>\n<h2><b><span data-contrast=\"auto\">V\u00fdsledky Tour de France 2017<\/span><\/b><span data-ccp-props=\"{&quot;201341983&quot;:0,&quot;335559739&quot;:160,&quot;335559740&quot;:256}\">\u00a0<\/span><\/h2>\n<p><b><span data-contrast=\"auto\">Absolutn\u00ed po\u0159ad\u00ed<\/span><\/b><span data-contrast=\"auto\">: 1. Chris Froome (Vel. Brit., Sky), 2. Rigoberto Ur\u00e1n (Kol, CannondaleDrapac), 3. Romain Bardet (Fr., AG2R La Mondiale), &#8230;24. Roman Kreuziger (\u010cR, Orica Scott), 102. Zden\u011bk \u0160tybar (\u010cR, Quick Step Floors), Ond\u0159ej Cink (\u010cR, BahrainMerida) nedokon\u010dil)<\/span><span data-ccp-props=\"{&quot;201341983&quot;:0,&quot;335559739&quot;:160,&quot;335559740&quot;:256}\">\u00a0<\/span><\/p>\n<p><b><span data-contrast=\"auto\">Zelen\u00fd dres<\/span><\/b><span data-contrast=\"auto\">: 1. Michael Matthews (Austr., Sunweb), 2. Andr\u00e9 Greipel (N\u011bm., Lotto Soudal), 3. Edvald Boasson Hagen (Nor., Dimension Data).<\/span><span data-ccp-props=\"{&quot;201341983&quot;:0,&quot;335559739&quot;:160,&quot;335559740&quot;:256}\">\u00a0<\/span><\/p>\n<p><b><span data-contrast=\"auto\">B\u00edl\u00fd dres<\/span><\/b><span data-contrast=\"auto\">: 1. Simon Yates (Vel. Brit., Orica Scott), 2. Louis Meintjes (JAR, UAE Emirates), 3. Emanuel Buchmann (N\u011bm., Bora Hansgrohe).<\/span><span data-ccp-props=\"{&quot;201341983&quot;:0,&quot;335559739&quot;:160,&quot;335559740&quot;:256}\">\u00a0<\/span><\/p>\n<p><b><span data-contrast=\"auto\">Vrcha\u0159sk\u00e1 sou\u011b\u017e<\/span><\/b><span data-contrast=\"auto\">: 1. Warren Barguil (Fr., Sunweb), 2. Primo\u017e Rogli\u010d (Slovin., Lotto NL-Jumbo), 3. Thomas De Gendt (Bel., Lotto Soudal).<\/span><span data-ccp-props=\"{&quot;201341983&quot;:0,&quot;335559739&quot;:160,&quot;335559740&quot;:256}\">\u00a0<\/span><\/p>\n","protected":false},"excerpt":{"rendered":"<p>\u00datok na vyrovn\u00e1n\u00ed rekordu! Peter Sagan dorazil na Tour de France 2017 jako dvojn\u00e1sobn\u00fd mistr sv\u011bta a hlavn\u011b coby kr\u00e1l [&hellip;]<\/p>\n","protected":false},"author":138,"featured_media":4727,"comment_status":"open","ping_status":"open","sticky":false,"template":"","format":"standard","meta":{"footnotes":""},"categories":[10,1711],"tags":[126,18,9,23,3136],"global-categories":[411],"class_list":["post-26081","post","type-post","status-publish","format-standard","has-post-thumbnail","hentry","category-silnicni-cyklistika","category-tour-de-france","tag-cyklistika","tag-peter-sagan","tag-silnicni-cyklistika","tag-tour-de-france","tag-tour-de-france-2017","global-categories-cycling"],"yoast_head":"<!-- This site is optimized with the Yoast SEO Premium plugin v25.3 (Yoast SEO v25.9) - https:\/\/yoast.com\/wordpress\/plugins\/seo\/ -->\n<title>Tour de France 2017: M\u00edsto stup\u0148\u016f v\u00edt\u011bz\u016f m\u00ed\u0159\u00ed Peter Sagan dom\u016f | \u0160koda We Love Cycling - \u010cesk\u00e1 republika<\/title>\n<meta name=\"description\" content=\"\u00datok na vyrovn\u00e1n\u00ed rekordu! Peter Sagan dorazil na Tour de France 2017 jako dvojn\u00e1sobn\u00fd mistr sv\u011bta a hlavn\u011b coby kr\u00e1l p\u0159ede\u0161l\u00fdch p\u011bti ro\u010dn\u00edk\u016f bodovac\u00ed sout\u011b\u017ee Star\u00e9 d\u00e1my. Pokud bude v\u202fPa\u0159\u00ed\u017ei po jednadvaceti etap\u00e1ch v\u202fzelen\u00e9m trikotu, vyrovn\u00e1 legend\u00e1rn\u00edho Zabela. V\u202fpouh\u00fdch sedmadvaceti letech!\u00a0\" \/>\n<meta name=\"robots\" content=\"index, follow, max-snippet:-1, max-image-preview:large, max-video-preview:-1\" \/>\n<link rel=\"canonical\" href=\"https:\/\/www.welovecycling.com\/cs\/2024\/07\/03\/tour-de-france-2017-misto-stupnu-vitezu-miri-peter-sagan-domu\/\" \/>\n<meta property=\"og:locale\" content=\"cs_CZ\" \/>\n<meta property=\"og:type\" content=\"article\" \/>\n<meta property=\"og:title\" content=\"Tour de France 2017: M\u00edsto stup\u0148\u016f v\u00edt\u011bz\u016f m\u00ed\u0159\u00ed Peter Sagan dom\u016f\" \/>\n<meta property=\"og:description\" content=\"\u00datok na vyrovn\u00e1n\u00ed rekordu! Peter Sagan dorazil na Tour de France 2017 jako dvojn\u00e1sobn\u00fd mistr sv\u011bta a hlavn\u011b coby kr\u00e1l p\u0159ede\u0161l\u00fdch p\u011bti ro\u010dn\u00edk\u016f bodovac\u00ed sout\u011b\u017ee Star\u00e9 d\u00e1my. Pokud bude v\u202fPa\u0159\u00ed\u017ei po jednadvaceti etap\u00e1ch v\u202fzelen\u00e9m trikotu, vyrovn\u00e1 legend\u00e1rn\u00edho Zabela. V\u202fpouh\u00fdch sedmadvaceti letech!\u00a0\" \/>\n<meta property=\"og:url\" content=\"https:\/\/www.welovecycling.com\/cs\/2024\/07\/03\/tour-de-france-2017-misto-stupnu-vitezu-miri-peter-sagan-domu\/\" \/>\n<meta property=\"og:site_name\" content=\"\u0160koda We Love Cycling - \u010cesk\u00e1 republika\" \/>\n<meta property=\"article:published_time\" content=\"2024-07-03T04:00:15+00:00\" \/>\n<meta property=\"article:modified_time\" content=\"2024-07-03T11:46:50+00:00\" \/>\n<meta property=\"og:image\" content=\"https:\/\/d2p6e6u75xmxt8.cloudfront.net\/13\/2019\/11\/Peter-Sagan-CVR-profimedia-0456877375.webp\" \/>\n\t<meta property=\"og:image:width\" content=\"1366\" \/>\n\t<meta property=\"og:image:height\" content=\"600\" \/>\n\t<meta property=\"og:image:type\" content=\"image\/webp\" \/>\n<meta name=\"author\" content=\"radekmalina\" \/>\n<meta name=\"twitter:card\" content=\"summary_large_image\" \/>\n<meta name=\"twitter:label1\" content=\"Written by\" \/>\n\t<meta name=\"twitter:data1\" content=\"We Love Cycling\" \/>\n\t<meta name=\"twitter:label2\" content=\"Est. reading time\" \/>\n\t<meta name=\"twitter:data2\" content=\"6\" \/>\n<script type=\"application\/ld+json\" class=\"yoast-schema-graph\">{\"@context\":\"https:\/\/schema.org\",\"@graph\":[{\"@type\":\"WebPage\",\"@id\":\"https:\/\/www.welovecycling.com\/cs\/2024\/07\/03\/tour-de-france-2017-misto-stupnu-vitezu-miri-peter-sagan-domu\/\",\"url\":\"https:\/\/www.welovecycling.com\/cs\/2024\/07\/03\/tour-de-france-2017-misto-stupnu-vitezu-miri-peter-sagan-domu\/\",\"name\":\"Tour de France 2017: M\u00edsto stup\u0148\u016f v\u00edt\u011bz\u016f m\u00ed\u0159\u00ed Peter Sagan dom\u016f | \u0160koda We Love Cycling - \u010cesk\u00e1 republika\",\"isPartOf\":{\"@id\":\"https:\/\/www.welovecycling.com\/cs\/#website\"},\"primaryImageOfPage\":{\"@id\":\"https:\/\/www.welovecycling.com\/cs\/2024\/07\/03\/tour-de-france-2017-misto-stupnu-vitezu-miri-peter-sagan-domu\/#primaryimage\"},\"image\":{\"@id\":\"https:\/\/www.welovecycling.com\/cs\/2024\/07\/03\/tour-de-france-2017-misto-stupnu-vitezu-miri-peter-sagan-domu\/#primaryimage\"},\"thumbnailUrl\":\"https:\/\/d2p6e6u75xmxt8.cloudfront.net\/13\/2019\/11\/Peter-Sagan-CVR-profimedia-0456877375.webp\",\"datePublished\":\"2024-07-03T04:00:15+00:00\",\"dateModified\":\"2024-07-03T11:46:50+00:00\",\"author\":{\"@id\":\"https:\/\/www.welovecycling.com\/cs\/#\/schema\/person\/d9eeb0a378f3a7e4a6d12d2b536b04b8\"},\"description\":\"\u00datok na vyrovn\u00e1n\u00ed rekordu! Peter Sagan dorazil na Tour de France 2017 jako dvojn\u00e1sobn\u00fd mistr sv\u011bta a hlavn\u011b coby kr\u00e1l p\u0159ede\u0161l\u00fdch p\u011bti ro\u010dn\u00edk\u016f bodovac\u00ed sout\u011b\u017ee Star\u00e9 d\u00e1my. Pokud bude v\u202fPa\u0159\u00ed\u017ei po jednadvaceti etap\u00e1ch v\u202fzelen\u00e9m trikotu, vyrovn\u00e1 legend\u00e1rn\u00edho Zabela. V\u202fpouh\u00fdch sedmadvaceti letech!\u00a0\",\"inLanguage\":\"cs\",\"potentialAction\":[{\"@type\":\"ReadAction\",\"target\":[\"https:\/\/www.welovecycling.com\/cs\/2024\/07\/03\/tour-de-france-2017-misto-stupnu-vitezu-miri-peter-sagan-domu\/\"]}]},{\"@type\":\"ImageObject\",\"inLanguage\":\"cs\",\"@id\":\"https:\/\/www.welovecycling.com\/cs\/2024\/07\/03\/tour-de-france-2017-misto-stupnu-vitezu-miri-peter-sagan-domu\/#primaryimage\",\"url\":\"https:\/\/d2p6e6u75xmxt8.cloudfront.net\/13\/2019\/11\/Peter-Sagan-CVR-profimedia-0456877375.webp\",\"contentUrl\":\"https:\/\/d2p6e6u75xmxt8.cloudfront.net\/13\/2019\/11\/Peter-Sagan-CVR-profimedia-0456877375.webp\",\"width\":1366,\"height\":600,\"caption\":\"Sedmin\u00e1sobn\u00fd v\u00edt\u011bz zelen\u00e9ho dresu z Tour de France Petr Sagan.\"},{\"@type\":\"WebSite\",\"@id\":\"https:\/\/www.welovecycling.com\/cs\/#website\",\"url\":\"https:\/\/www.welovecycling.com\/cs\/\",\"name\":\"\u0160koda We Love Cycling - \u010cesk\u00e1 republika\",\"description\":\"WeLoveCycling.cz je online magaz\u00edn, kter\u00fd v\u00e1m pravideln\u011b p\u0159in\u00e1\u0161\u00ed rady a tipy, zaj\u00edmav\u00e9 \u010dl\u00e1nky, videa a jedine\u010dn\u00e9 report\u00e1\u017ee ze sv\u011bta cyklistiky.\",\"potentialAction\":[{\"@type\":\"SearchAction\",\"target\":{\"@type\":\"EntryPoint\",\"urlTemplate\":\"https:\/\/www.welovecycling.com\/cs\/?s={search_term_string}\"},\"query-input\":{\"@type\":\"PropertyValueSpecification\",\"valueRequired\":true,\"valueName\":\"search_term_string\"}}],\"inLanguage\":\"cs\"},{\"@type\":\"Person\",\"@id\":\"https:\/\/www.welovecycling.com\/cs\/#\/schema\/person\/d9eeb0a378f3a7e4a6d12d2b536b04b8\",\"name\":\"radekmalina\",\"image\":{\"@type\":\"ImageObject\",\"inLanguage\":\"cs\",\"@id\":\"https:\/\/www.welovecycling.com\/cs\/#\/schema\/person\/image\/\",\"url\":\"https:\/\/secure.gravatar.com\/avatar\/66994b632cb8c39a46b9f54afa3ae07201b678d32a54275b6f1c9ffec356bfc0?s=96&d=mm&r=g\",\"contentUrl\":\"https:\/\/secure.gravatar.com\/avatar\/66994b632cb8c39a46b9f54afa3ae07201b678d32a54275b6f1c9ffec356bfc0?s=96&d=mm&r=g\",\"caption\":\"radekmalina\"},\"url\":\"https:\/\/www.welovecycling.com\/cs\/author\/radekmalina\/\"}]}<\/script>\n<!-- \/ Yoast SEO Premium plugin. -->","yoast_head_json":{"title":"Tour de France 2017: M\u00edsto stup\u0148\u016f v\u00edt\u011bz\u016f m\u00ed\u0159\u00ed Peter Sagan dom\u016f | \u0160koda We Love Cycling - \u010cesk\u00e1 republika","description":"\u00datok na vyrovn\u00e1n\u00ed rekordu! Peter Sagan dorazil na Tour de France 2017 jako dvojn\u00e1sobn\u00fd mistr sv\u011bta a hlavn\u011b coby kr\u00e1l p\u0159ede\u0161l\u00fdch p\u011bti ro\u010dn\u00edk\u016f bodovac\u00ed sout\u011b\u017ee Star\u00e9 d\u00e1my. Pokud bude v\u202fPa\u0159\u00ed\u017ei po jednadvaceti etap\u00e1ch v\u202fzelen\u00e9m trikotu, vyrovn\u00e1 legend\u00e1rn\u00edho Zabela. V\u202fpouh\u00fdch sedmadvaceti letech!\u00a0","robots":{"index":"index","follow":"follow","max-snippet":"max-snippet:-1","max-image-preview":"max-image-preview:large","max-video-preview":"max-video-preview:-1"},"canonical":"https:\/\/www.welovecycling.com\/cs\/2024\/07\/03\/tour-de-france-2017-misto-stupnu-vitezu-miri-peter-sagan-domu\/","og_locale":"cs_CZ","og_type":"article","og_title":"Tour de France 2017: M\u00edsto stup\u0148\u016f v\u00edt\u011bz\u016f m\u00ed\u0159\u00ed Peter Sagan dom\u016f","og_description":"\u00datok na vyrovn\u00e1n\u00ed rekordu! Peter Sagan dorazil na Tour de France 2017 jako dvojn\u00e1sobn\u00fd mistr sv\u011bta a hlavn\u011b coby kr\u00e1l p\u0159ede\u0161l\u00fdch p\u011bti ro\u010dn\u00edk\u016f bodovac\u00ed sout\u011b\u017ee Star\u00e9 d\u00e1my. Pokud bude v\u202fPa\u0159\u00ed\u017ei po jednadvaceti etap\u00e1ch v\u202fzelen\u00e9m trikotu, vyrovn\u00e1 legend\u00e1rn\u00edho Zabela. V\u202fpouh\u00fdch sedmadvaceti letech!\u00a0","og_url":"https:\/\/www.welovecycling.com\/cs\/2024\/07\/03\/tour-de-france-2017-misto-stupnu-vitezu-miri-peter-sagan-domu\/","og_site_name":"\u0160koda We Love Cycling - \u010cesk\u00e1 republika","article_published_time":"2024-07-03T04:00:15+00:00","article_modified_time":"2024-07-03T11:46:50+00:00","og_image":[{"width":1366,"height":600,"url":"https:\/\/d2p6e6u75xmxt8.cloudfront.net\/13\/2019\/11\/Peter-Sagan-CVR-profimedia-0456877375.webp","type":"image\/webp"}],"author":"radekmalina","twitter_card":"summary_large_image","twitter_misc":{"Written by":"We Love Cycling","Est. reading time":"6"},"schema":{"@context":"https:\/\/schema.org","@graph":[{"@type":"WebPage","@id":"https:\/\/www.welovecycling.com\/cs\/2024\/07\/03\/tour-de-france-2017-misto-stupnu-vitezu-miri-peter-sagan-domu\/","url":"https:\/\/www.welovecycling.com\/cs\/2024\/07\/03\/tour-de-france-2017-misto-stupnu-vitezu-miri-peter-sagan-domu\/","name":"Tour de France 2017: M\u00edsto stup\u0148\u016f v\u00edt\u011bz\u016f m\u00ed\u0159\u00ed Peter Sagan dom\u016f | \u0160koda We Love Cycling - \u010cesk\u00e1 republika","isPartOf":{"@id":"https:\/\/www.welovecycling.com\/cs\/#website"},"primaryImageOfPage":{"@id":"https:\/\/www.welovecycling.com\/cs\/2024\/07\/03\/tour-de-france-2017-misto-stupnu-vitezu-miri-peter-sagan-domu\/#primaryimage"},"image":{"@id":"https:\/\/www.welovecycling.com\/cs\/2024\/07\/03\/tour-de-france-2017-misto-stupnu-vitezu-miri-peter-sagan-domu\/#primaryimage"},"thumbnailUrl":"https:\/\/d2p6e6u75xmxt8.cloudfront.net\/13\/2019\/11\/Peter-Sagan-CVR-profimedia-0456877375.webp","datePublished":"2024-07-03T04:00:15+00:00","dateModified":"2024-07-03T11:46:50+00:00","author":{"@id":"https:\/\/www.welovecycling.com\/cs\/#\/schema\/person\/d9eeb0a378f3a7e4a6d12d2b536b04b8"},"description":"\u00datok na vyrovn\u00e1n\u00ed rekordu! Peter Sagan dorazil na Tour de France 2017 jako dvojn\u00e1sobn\u00fd mistr sv\u011bta a hlavn\u011b coby kr\u00e1l p\u0159ede\u0161l\u00fdch p\u011bti ro\u010dn\u00edk\u016f bodovac\u00ed sout\u011b\u017ee Star\u00e9 d\u00e1my. Pokud bude v\u202fPa\u0159\u00ed\u017ei po jednadvaceti etap\u00e1ch v\u202fzelen\u00e9m trikotu, vyrovn\u00e1 legend\u00e1rn\u00edho Zabela. V\u202fpouh\u00fdch sedmadvaceti letech!\u00a0","inLanguage":"cs","potentialAction":[{"@type":"ReadAction","target":["https:\/\/www.welovecycling.com\/cs\/2024\/07\/03\/tour-de-france-2017-misto-stupnu-vitezu-miri-peter-sagan-domu\/"]}]},{"@type":"ImageObject","inLanguage":"cs","@id":"https:\/\/www.welovecycling.com\/cs\/2024\/07\/03\/tour-de-france-2017-misto-stupnu-vitezu-miri-peter-sagan-domu\/#primaryimage","url":"https:\/\/d2p6e6u75xmxt8.cloudfront.net\/13\/2019\/11\/Peter-Sagan-CVR-profimedia-0456877375.webp","contentUrl":"https:\/\/d2p6e6u75xmxt8.cloudfront.net\/13\/2019\/11\/Peter-Sagan-CVR-profimedia-0456877375.webp","width":1366,"height":600,"caption":"Sedmin\u00e1sobn\u00fd v\u00edt\u011bz zelen\u00e9ho dresu z Tour de France Petr Sagan."},{"@type":"WebSite","@id":"https:\/\/www.welovecycling.com\/cs\/#website","url":"https:\/\/www.welovecycling.com\/cs\/","name":"\u0160koda We Love Cycling - \u010cesk\u00e1 republika","description":"WeLoveCycling.cz je online magaz\u00edn, kter\u00fd v\u00e1m pravideln\u011b p\u0159in\u00e1\u0161\u00ed rady a tipy, zaj\u00edmav\u00e9 \u010dl\u00e1nky, videa a jedine\u010dn\u00e9 report\u00e1\u017ee ze sv\u011bta cyklistiky.","potentialAction":[{"@type":"SearchAction","target":{"@type":"EntryPoint","urlTemplate":"https:\/\/www.welovecycling.com\/cs\/?s={search_term_string}"},"query-input":{"@type":"PropertyValueSpecification","valueRequired":true,"valueName":"search_term_string"}}],"inLanguage":"cs"},{"@type":"Person","@id":"https:\/\/www.welovecycling.com\/cs\/#\/schema\/person\/d9eeb0a378f3a7e4a6d12d2b536b04b8","name":"radekmalina","image":{"@type":"ImageObject","inLanguage":"cs","@id":"https:\/\/www.welovecycling.com\/cs\/#\/schema\/person\/image\/","url":"https:\/\/secure.gravatar.com\/avatar\/66994b632cb8c39a46b9f54afa3ae07201b678d32a54275b6f1c9ffec356bfc0?s=96&d=mm&r=g","contentUrl":"https:\/\/secure.gravatar.com\/avatar\/66994b632cb8c39a46b9f54afa3ae07201b678d32a54275b6f1c9ffec356bfc0?s=96&d=mm&r=g","caption":"radekmalina"},"url":"https:\/\/www.welovecycling.com\/cs\/author\/radekmalina\/"}]}},"_links":{"self":[{"href":"https:\/\/www.welovecycling.com\/cs\/wp-json\/wp\/v2\/posts\/26081","targetHints":{"allow":["GET"]}}],"collection":[{"href":"https:\/\/www.welovecycling.com\/cs\/wp-json\/wp\/v2\/posts"}],"about":[{"href":"https:\/\/www.welovecycling.com\/cs\/wp-json\/wp\/v2\/types\/post"}],"author":[{"embeddable":true,"href":"https:\/\/www.welovecycling.com\/cs\/wp-json\/wp\/v2\/users\/138"}],"replies":[{"embeddable":true,"href":"https:\/\/www.welovecycling.com\/cs\/wp-json\/wp\/v2\/comments?post=26081"}],"version-history":[{"count":4,"href":"https:\/\/www.welovecycling.com\/cs\/wp-json\/wp\/v2\/posts\/26081\/revisions"}],"predecessor-version":[{"id":26157,"href":"https:\/\/www.welovecycling.com\/cs\/wp-json\/wp\/v2\/posts\/26081\/revisions\/26157"}],"wp:featuredmedia":[{"embeddable":true,"href":"https:\/\/www.welovecycling.com\/cs\/wp-json\/wp\/v2\/media\/4727"}],"wp:attachment":[{"href":"https:\/\/www.welovecycling.com\/cs\/wp-json\/wp\/v2\/media?parent=26081"}],"wp:term":[{"taxonomy":"category","embeddable":true,"href":"https:\/\/www.welovecycling.com\/cs\/wp-json\/wp\/v2\/categories?post=26081"},{"taxonomy":"post_tag","embeddable":true,"href":"https:\/\/www.welovecycling.com\/cs\/wp-json\/wp\/v2\/tags?post=26081"},{"taxonomy":"global-categories","embeddable":true,"href":"https:\/\/www.welovecycling.com\/cs\/wp-json\/wp\/v2\/global-categories?post=26081"}],"curies":[{"name":"wp","href":"https:\/\/api.w.org\/{rel}","templated":true}]}}