{"id":25917,"date":"2024-06-23T07:47:38","date_gmt":"2024-06-23T05:47:38","guid":{"rendered":"https:\/\/www.welovecycling.com\/cs\/?p=25917"},"modified":"2024-06-23T07:48:14","modified_gmt":"2024-06-23T05:48:14","slug":"julia-kopecky-a-mathias-vacek-pojedou-na-olympiadu-do-parize","status":"publish","type":"post","link":"https:\/\/www.welovecycling.com\/cs\/2024\/06\/23\/julia-kopecky-a-mathias-vacek-pojedou-na-olympiadu-do-parize\/","title":{"rendered":"Julia Kopecky a Mathias Vacek pojedou na olympi\u00e1du do Pa\u0159\u00ed\u017ee"},"content":{"rendered":"<p><strong>Julia Kopecky a Mathias Vacek, \u010derstv\u00ed mist\u0159i republiky v \u010dasovce, budou \u010deskou silni\u010dn\u00ed cyklistiku reprezentovat na olympijsk\u00fdch hr\u00e1ch v Pa\u0159\u00ed\u017ei. Reprezenta\u010dn\u00ed tren\u00e9r Petr Kaltofen nominaci ozn\u00e1mil je\u0161t\u011b p\u0159ed bitvou o \u010desk\u00fd titul v z\u00e1vod\u011b s hromadn\u00fdm startem mu\u017e\u016f. V\u00fdb\u011br schv\u00e1lila silni\u010dn\u00ed komise \u010cesk\u00e9ho svazu cyklistiky pod nov\u00fdm veden\u00edm Jakuba Edra.<\/strong><\/p>\n<p><span style=\"font-weight: 400;\">\u201eV mu\u017esk\u00e9 kategorii to pro n\u00e1s bylo snadn\u011bj\u0161\u00ed. Silni\u010dn\u00ed komise se jednomysln\u011b komise shodla na Vackovi. Prvn\u00edm n\u00e1hradn\u00edkem bude Pavel Bittner ,\u201c prozradil Petr Kaltofen.<\/span><\/p>\n<p>Dvaadvacetilet\u00fd <a href=\"https:\/\/www.welovecycling.com\/cs\/2024\/06\/19\/dostal-jsem-facku-nechci-jen-hresit-na-talent-rika-mathias-vacek-o-zmene-pristupu\/\">Mathias Vacek<\/a> z t\u00fdmu Lidl Trek letos pro\u017e\u00edv\u00e1 par\u00e1dn\u00ed sezonu. V pr\u016fb\u011bhu jara p\u0159edvedl v\u00fdborn\u00fd v\u00fdkon p\u0159i klasice Pa\u0159\u00ed\u017e-Roubaix, b\u011bhem kv\u011btna pak dokon\u010dil etapov\u00fd z\u00e1vod Kolem Norska na celkov\u00e9 \u010dtvrt\u00e9 pozici a ovl\u00e1dl sout\u011b\u017e o nejlep\u0161\u00edho mlad\u00e9ho jezdce. V \u010dervnu obsadil druhou p\u0159\u00ed\u010dku p\u0159i z\u00e1vod\u011b Kolem Belgie a zopakoval triumf mezi mlad\u00fdmi z\u00e1vodn\u00edky.<\/p>\n<p><span style=\"font-weight: 400;\">\u201eU \u017een jsme \u010dekali a\u017e na sobotn\u00ed mistrovsk\u00fd z\u00e1vod. Ale i po n\u011bm jsme se v\u0161ichni shodli na Julii Kopecky. Prvn\u00ed n\u00e1hradn\u00edci je Krist\u00fdna Burlov\u00e1,\u201c uvedl reprezenta\u010dn\u00ed tren\u00e9r.\u00a0<\/span><\/p>\n<figure id=\"attachment_25919\" aria-describedby=\"caption-attachment-25919\" style=\"width: 1920px\" class=\"wp-caption alignnone\"><a href=\"https:\/\/d2p6e6u75xmxt8.cloudfront.net\/13\/2024\/06\/BrychtaJan_MR_Jevicko_TT_20240620_113337_D4C_4756-scaled.webp\"><img loading=\"lazy\" decoding=\"async\" class=\"size-extra-large wp-image-25919\" src=\"https:\/\/d2p6e6u75xmxt8.cloudfront.net\/13\/2024\/06\/BrychtaJan_MR_Jevicko_TT_20240620_113337_D4C_4756-1920x1278.webp\" alt=\"Julia Kopecky\" width=\"1920\" height=\"1278\" srcset=\"https:\/\/d2p6e6u75xmxt8.cloudfront.net\/13\/2024\/06\/BrychtaJan_MR_Jevicko_TT_20240620_113337_D4C_4756-1920x1278.webp 1920w, https:\/\/d2p6e6u75xmxt8.cloudfront.net\/13\/2024\/06\/BrychtaJan_MR_Jevicko_TT_20240620_113337_D4C_4756-300x200.webp 300w, https:\/\/d2p6e6u75xmxt8.cloudfront.net\/13\/2024\/06\/BrychtaJan_MR_Jevicko_TT_20240620_113337_D4C_4756-1024x682.webp 1024w, https:\/\/d2p6e6u75xmxt8.cloudfront.net\/13\/2024\/06\/BrychtaJan_MR_Jevicko_TT_20240620_113337_D4C_4756-768x511.webp 768w, https:\/\/d2p6e6u75xmxt8.cloudfront.net\/13\/2024\/06\/BrychtaJan_MR_Jevicko_TT_20240620_113337_D4C_4756-1536x1022.webp 1536w, https:\/\/d2p6e6u75xmxt8.cloudfront.net\/13\/2024\/06\/BrychtaJan_MR_Jevicko_TT_20240620_113337_D4C_4756-2048x1363.webp 2048w, https:\/\/d2p6e6u75xmxt8.cloudfront.net\/13\/2024\/06\/BrychtaJan_MR_Jevicko_TT_20240620_113337_D4C_4756-400x266.webp 400w, https:\/\/d2p6e6u75xmxt8.cloudfront.net\/13\/2024\/06\/BrychtaJan_MR_Jevicko_TT_20240620_113337_D4C_4756-272x182.webp 272w, https:\/\/d2p6e6u75xmxt8.cloudfront.net\/13\/2024\/06\/BrychtaJan_MR_Jevicko_TT_20240620_113337_D4C_4756-1920x1278.webp 1920w\" sizes=\"auto, (max-width: 1920px) 100vw, 1920px\" \/><\/a><figcaption id=\"caption-attachment-25919\" class=\"wp-caption-text\"><em>Julia Kopecky po triumfu na M\u010cR v \u010dasovce 2024. Foto: Jan Brychta (2x)<\/em><\/figcaption><\/figure>\n<p>Devaten\u00e1ctilet\u00e1 Julia Kopecky, z\u00e1vodnice AG Insurance Soudal NXTG, vyhr\u00e1la v kv\u011btnu celkov\u00e9 po\u0159ad\u00ed p\u0159i Tour de Feminin, kde ovl\u00e1dla dv\u011b etapy.<\/p>\n<p><span style=\"font-weight: 400;\">Julia Kopecky vybojovala v hromadn\u00e9m silni\u010dn\u00edm z\u00e1vod\u011b na mistrovstv\u00ed \u010cesk\u00e9 republiky bronz a p\u0159idala tak druh\u00fd cenn\u00fd kov ke zlatu ze \u010dtvrte\u010dn\u00ed \u010dasovky. Mathias Vacek jede silni\u010dn\u00ed z\u00e1vod mu\u017esk\u00e9 elity v ned\u011bli.<\/span><\/p>\n","protected":false},"excerpt":{"rendered":"<p>Julia Kopecky a Mathias Vacek, \u010derstv\u00ed mist\u0159i republiky v \u010dasovce, budou \u010deskou silni\u010dn\u00ed cyklistiku reprezentovat na olympijsk\u00fdch hr\u00e1ch v Pa\u0159\u00ed\u017ei. [&hellip;]<\/p>\n","protected":false},"author":138,"featured_media":25920,"comment_status":"open","ping_status":"open","sticky":false,"template":"","format":"standard","meta":{"footnotes":""},"categories":[10],"tags":[126,1867,305,3628,1462,9],"global-categories":[411],"class_list":["post-25917","post","type-post","status-publish","format-standard","has-post-thumbnail","hentry","category-silnicni-cyklistika","tag-cyklistika","tag-julia-kopecky","tag-mathias-vacek","tag-mcr-2024","tag-mistrovstvi-ceske-republiky","tag-silnicni-cyklistika","global-categories-cycling"],"yoast_head":"<!-- This site is optimized with the Yoast SEO Premium plugin v25.3 (Yoast SEO v25.9) - https:\/\/yoast.com\/wordpress\/plugins\/seo\/ -->\n<title>Julia Kopecky a Mathias Vacek pojedou na olympi\u00e1du do Pa\u0159\u00ed\u017ee | \u0160koda We Love Cycling - \u010cesk\u00e1 republika<\/title>\n<meta name=\"description\" content=\"Julia Kopecky a Mathias Vacek, \u010derstv\u00ed mist\u0159i republiky v \u010dasovce, budou \u010deskou silni\u010dn\u00ed cyklistiku reprezentovat na olympijsk\u00fdch hr\u00e1ch v Pa\u0159\u00ed\u017ei.\" \/>\n<meta name=\"robots\" content=\"index, follow, max-snippet:-1, max-image-preview:large, max-video-preview:-1\" \/>\n<link rel=\"canonical\" href=\"https:\/\/www.welovecycling.com\/cs\/2024\/06\/23\/julia-kopecky-a-mathias-vacek-pojedou-na-olympiadu-do-parize\/\" \/>\n<meta property=\"og:locale\" content=\"cs_CZ\" \/>\n<meta property=\"og:type\" content=\"article\" \/>\n<meta property=\"og:title\" content=\"Julia Kopecky a Mathias Vacek pojedou na olympi\u00e1du do Pa\u0159\u00ed\u017ee\" \/>\n<meta property=\"og:description\" content=\"Julia Kopecky a Mathias Vacek, \u010derstv\u00ed mist\u0159i republiky v \u010dasovce, budou \u010deskou silni\u010dn\u00ed cyklistiku reprezentovat na olympijsk\u00fdch hr\u00e1ch v Pa\u0159\u00ed\u017ei.\" \/>\n<meta property=\"og:url\" content=\"https:\/\/www.welovecycling.com\/cs\/2024\/06\/23\/julia-kopecky-a-mathias-vacek-pojedou-na-olympiadu-do-parize\/\" \/>\n<meta property=\"og:site_name\" content=\"\u0160koda We Love Cycling - \u010cesk\u00e1 republika\" \/>\n<meta property=\"article:published_time\" content=\"2024-06-23T05:47:38+00:00\" \/>\n<meta property=\"article:modified_time\" content=\"2024-06-23T05:48:14+00:00\" \/>\n<meta property=\"og:image\" content=\"https:\/\/d2p6e6u75xmxt8.cloudfront.net\/13\/2024\/06\/BrychtaJan_UCI_WC_Glasgow_20230804_161931_DSC_2063-scaled.webp\" \/>\n\t<meta property=\"og:image:width\" content=\"2560\" \/>\n\t<meta property=\"og:image:height\" content=\"1709\" \/>\n\t<meta property=\"og:image:type\" content=\"image\/webp\" \/>\n<meta name=\"author\" content=\"radekmalina\" \/>\n<meta name=\"twitter:card\" content=\"summary_large_image\" \/>\n<meta name=\"twitter:label1\" content=\"Written by\" \/>\n\t<meta name=\"twitter:data1\" content=\"We Love Cycling\" \/>\n\t<meta name=\"twitter:label2\" content=\"Est. reading time\" \/>\n\t<meta name=\"twitter:data2\" content=\"4\" \/>\n<script type=\"application\/ld+json\" class=\"yoast-schema-graph\">{\"@context\":\"https:\/\/schema.org\",\"@graph\":[{\"@type\":\"WebPage\",\"@id\":\"https:\/\/www.welovecycling.com\/cs\/2024\/06\/23\/julia-kopecky-a-mathias-vacek-pojedou-na-olympiadu-do-parize\/\",\"url\":\"https:\/\/www.welovecycling.com\/cs\/2024\/06\/23\/julia-kopecky-a-mathias-vacek-pojedou-na-olympiadu-do-parize\/\",\"name\":\"Julia Kopecky a Mathias Vacek pojedou na olympi\u00e1du do Pa\u0159\u00ed\u017ee | \u0160koda We Love Cycling - \u010cesk\u00e1 republika\",\"isPartOf\":{\"@id\":\"https:\/\/www.welovecycling.com\/cs\/#website\"},\"primaryImageOfPage\":{\"@id\":\"https:\/\/www.welovecycling.com\/cs\/2024\/06\/23\/julia-kopecky-a-mathias-vacek-pojedou-na-olympiadu-do-parize\/#primaryimage\"},\"image\":{\"@id\":\"https:\/\/www.welovecycling.com\/cs\/2024\/06\/23\/julia-kopecky-a-mathias-vacek-pojedou-na-olympiadu-do-parize\/#primaryimage\"},\"thumbnailUrl\":\"https:\/\/d2p6e6u75xmxt8.cloudfront.net\/13\/2024\/06\/BrychtaJan_UCI_WC_Glasgow_20230804_161931_DSC_2063-scaled.webp\",\"datePublished\":\"2024-06-23T05:47:38+00:00\",\"dateModified\":\"2024-06-23T05:48:14+00:00\",\"author\":{\"@id\":\"https:\/\/www.welovecycling.com\/cs\/#\/schema\/person\/d9eeb0a378f3a7e4a6d12d2b536b04b8\"},\"description\":\"Julia Kopecky a Mathias Vacek, \u010derstv\u00ed mist\u0159i republiky v \u010dasovce, budou \u010deskou silni\u010dn\u00ed cyklistiku reprezentovat na olympijsk\u00fdch hr\u00e1ch v Pa\u0159\u00ed\u017ei.\",\"inLanguage\":\"cs\",\"potentialAction\":[{\"@type\":\"ReadAction\",\"target\":[\"https:\/\/www.welovecycling.com\/cs\/2024\/06\/23\/julia-kopecky-a-mathias-vacek-pojedou-na-olympiadu-do-parize\/\"]}]},{\"@type\":\"ImageObject\",\"inLanguage\":\"cs\",\"@id\":\"https:\/\/www.welovecycling.com\/cs\/2024\/06\/23\/julia-kopecky-a-mathias-vacek-pojedou-na-olympiadu-do-parize\/#primaryimage\",\"url\":\"https:\/\/d2p6e6u75xmxt8.cloudfront.net\/13\/2024\/06\/BrychtaJan_UCI_WC_Glasgow_20230804_161931_DSC_2063-scaled.webp\",\"contentUrl\":\"https:\/\/d2p6e6u75xmxt8.cloudfront.net\/13\/2024\/06\/BrychtaJan_UCI_WC_Glasgow_20230804_161931_DSC_2063-scaled.webp\",\"width\":2560,\"height\":1709,\"caption\":\"Mathias Vacek bude \u010cesko reprezentovat na olympijsk\u00fdch hr\u00e1ch v Pa\u0159\u00ed\u017ei 2024.\"},{\"@type\":\"WebSite\",\"@id\":\"https:\/\/www.welovecycling.com\/cs\/#website\",\"url\":\"https:\/\/www.welovecycling.com\/cs\/\",\"name\":\"\u0160koda We Love Cycling - \u010cesk\u00e1 republika\",\"description\":\"WeLoveCycling.cz je online magaz\u00edn, kter\u00fd v\u00e1m pravideln\u011b p\u0159in\u00e1\u0161\u00ed rady a tipy, zaj\u00edmav\u00e9 \u010dl\u00e1nky, videa a jedine\u010dn\u00e9 report\u00e1\u017ee ze sv\u011bta cyklistiky.\",\"potentialAction\":[{\"@type\":\"SearchAction\",\"target\":{\"@type\":\"EntryPoint\",\"urlTemplate\":\"https:\/\/www.welovecycling.com\/cs\/?s={search_term_string}\"},\"query-input\":{\"@type\":\"PropertyValueSpecification\",\"valueRequired\":true,\"valueName\":\"search_term_string\"}}],\"inLanguage\":\"cs\"},{\"@type\":\"Person\",\"@id\":\"https:\/\/www.welovecycling.com\/cs\/#\/schema\/person\/d9eeb0a378f3a7e4a6d12d2b536b04b8\",\"name\":\"radekmalina\",\"image\":{\"@type\":\"ImageObject\",\"inLanguage\":\"cs\",\"@id\":\"https:\/\/www.welovecycling.com\/cs\/#\/schema\/person\/image\/\",\"url\":\"https:\/\/secure.gravatar.com\/avatar\/66994b632cb8c39a46b9f54afa3ae07201b678d32a54275b6f1c9ffec356bfc0?s=96&d=mm&r=g\",\"contentUrl\":\"https:\/\/secure.gravatar.com\/avatar\/66994b632cb8c39a46b9f54afa3ae07201b678d32a54275b6f1c9ffec356bfc0?s=96&d=mm&r=g\",\"caption\":\"radekmalina\"},\"url\":\"https:\/\/www.welovecycling.com\/cs\/author\/radekmalina\/\"}]}<\/script>\n<!-- \/ Yoast SEO Premium plugin. -->","yoast_head_json":{"title":"Julia Kopecky a Mathias Vacek pojedou na olympi\u00e1du do Pa\u0159\u00ed\u017ee | \u0160koda We Love Cycling - \u010cesk\u00e1 republika","description":"Julia Kopecky a Mathias Vacek, \u010derstv\u00ed mist\u0159i republiky v \u010dasovce, budou \u010deskou silni\u010dn\u00ed cyklistiku reprezentovat na olympijsk\u00fdch hr\u00e1ch v Pa\u0159\u00ed\u017ei.","robots":{"index":"index","follow":"follow","max-snippet":"max-snippet:-1","max-image-preview":"max-image-preview:large","max-video-preview":"max-video-preview:-1"},"canonical":"https:\/\/www.welovecycling.com\/cs\/2024\/06\/23\/julia-kopecky-a-mathias-vacek-pojedou-na-olympiadu-do-parize\/","og_locale":"cs_CZ","og_type":"article","og_title":"Julia Kopecky a Mathias Vacek pojedou na olympi\u00e1du do Pa\u0159\u00ed\u017ee","og_description":"Julia Kopecky a Mathias Vacek, \u010derstv\u00ed mist\u0159i republiky v \u010dasovce, budou \u010deskou silni\u010dn\u00ed cyklistiku reprezentovat na olympijsk\u00fdch hr\u00e1ch v Pa\u0159\u00ed\u017ei.","og_url":"https:\/\/www.welovecycling.com\/cs\/2024\/06\/23\/julia-kopecky-a-mathias-vacek-pojedou-na-olympiadu-do-parize\/","og_site_name":"\u0160koda We Love Cycling - \u010cesk\u00e1 republika","article_published_time":"2024-06-23T05:47:38+00:00","article_modified_time":"2024-06-23T05:48:14+00:00","og_image":[{"width":2560,"height":1709,"url":"https:\/\/d2p6e6u75xmxt8.cloudfront.net\/13\/2024\/06\/BrychtaJan_UCI_WC_Glasgow_20230804_161931_DSC_2063-scaled.webp","type":"image\/webp"}],"author":"radekmalina","twitter_card":"summary_large_image","twitter_misc":{"Written by":"We Love Cycling","Est. reading time":"4"},"schema":{"@context":"https:\/\/schema.org","@graph":[{"@type":"WebPage","@id":"https:\/\/www.welovecycling.com\/cs\/2024\/06\/23\/julia-kopecky-a-mathias-vacek-pojedou-na-olympiadu-do-parize\/","url":"https:\/\/www.welovecycling.com\/cs\/2024\/06\/23\/julia-kopecky-a-mathias-vacek-pojedou-na-olympiadu-do-parize\/","name":"Julia Kopecky a Mathias Vacek pojedou na olympi\u00e1du do Pa\u0159\u00ed\u017ee | \u0160koda We Love Cycling - \u010cesk\u00e1 republika","isPartOf":{"@id":"https:\/\/www.welovecycling.com\/cs\/#website"},"primaryImageOfPage":{"@id":"https:\/\/www.welovecycling.com\/cs\/2024\/06\/23\/julia-kopecky-a-mathias-vacek-pojedou-na-olympiadu-do-parize\/#primaryimage"},"image":{"@id":"https:\/\/www.welovecycling.com\/cs\/2024\/06\/23\/julia-kopecky-a-mathias-vacek-pojedou-na-olympiadu-do-parize\/#primaryimage"},"thumbnailUrl":"https:\/\/d2p6e6u75xmxt8.cloudfront.net\/13\/2024\/06\/BrychtaJan_UCI_WC_Glasgow_20230804_161931_DSC_2063-scaled.webp","datePublished":"2024-06-23T05:47:38+00:00","dateModified":"2024-06-23T05:48:14+00:00","author":{"@id":"https:\/\/www.welovecycling.com\/cs\/#\/schema\/person\/d9eeb0a378f3a7e4a6d12d2b536b04b8"},"description":"Julia Kopecky a Mathias Vacek, \u010derstv\u00ed mist\u0159i republiky v \u010dasovce, budou \u010deskou silni\u010dn\u00ed cyklistiku reprezentovat na olympijsk\u00fdch hr\u00e1ch v Pa\u0159\u00ed\u017ei.","inLanguage":"cs","potentialAction":[{"@type":"ReadAction","target":["https:\/\/www.welovecycling.com\/cs\/2024\/06\/23\/julia-kopecky-a-mathias-vacek-pojedou-na-olympiadu-do-parize\/"]}]},{"@type":"ImageObject","inLanguage":"cs","@id":"https:\/\/www.welovecycling.com\/cs\/2024\/06\/23\/julia-kopecky-a-mathias-vacek-pojedou-na-olympiadu-do-parize\/#primaryimage","url":"https:\/\/d2p6e6u75xmxt8.cloudfront.net\/13\/2024\/06\/BrychtaJan_UCI_WC_Glasgow_20230804_161931_DSC_2063-scaled.webp","contentUrl":"https:\/\/d2p6e6u75xmxt8.cloudfront.net\/13\/2024\/06\/BrychtaJan_UCI_WC_Glasgow_20230804_161931_DSC_2063-scaled.webp","width":2560,"height":1709,"caption":"Mathias Vacek bude \u010cesko reprezentovat na olympijsk\u00fdch hr\u00e1ch v Pa\u0159\u00ed\u017ei 2024."},{"@type":"WebSite","@id":"https:\/\/www.welovecycling.com\/cs\/#website","url":"https:\/\/www.welovecycling.com\/cs\/","name":"\u0160koda We Love Cycling - \u010cesk\u00e1 republika","description":"WeLoveCycling.cz je online magaz\u00edn, kter\u00fd v\u00e1m pravideln\u011b p\u0159in\u00e1\u0161\u00ed rady a tipy, zaj\u00edmav\u00e9 \u010dl\u00e1nky, videa a jedine\u010dn\u00e9 report\u00e1\u017ee ze sv\u011bta cyklistiky.","potentialAction":[{"@type":"SearchAction","target":{"@type":"EntryPoint","urlTemplate":"https:\/\/www.welovecycling.com\/cs\/?s={search_term_string}"},"query-input":{"@type":"PropertyValueSpecification","valueRequired":true,"valueName":"search_term_string"}}],"inLanguage":"cs"},{"@type":"Person","@id":"https:\/\/www.welovecycling.com\/cs\/#\/schema\/person\/d9eeb0a378f3a7e4a6d12d2b536b04b8","name":"radekmalina","image":{"@type":"ImageObject","inLanguage":"cs","@id":"https:\/\/www.welovecycling.com\/cs\/#\/schema\/person\/image\/","url":"https:\/\/secure.gravatar.com\/avatar\/66994b632cb8c39a46b9f54afa3ae07201b678d32a54275b6f1c9ffec356bfc0?s=96&d=mm&r=g","contentUrl":"https:\/\/secure.gravatar.com\/avatar\/66994b632cb8c39a46b9f54afa3ae07201b678d32a54275b6f1c9ffec356bfc0?s=96&d=mm&r=g","caption":"radekmalina"},"url":"https:\/\/www.welovecycling.com\/cs\/author\/radekmalina\/"}]}},"_links":{"self":[{"href":"https:\/\/www.welovecycling.com\/cs\/wp-json\/wp\/v2\/posts\/25917","targetHints":{"allow":["GET"]}}],"collection":[{"href":"https:\/\/www.welovecycling.com\/cs\/wp-json\/wp\/v2\/posts"}],"about":[{"href":"https:\/\/www.welovecycling.com\/cs\/wp-json\/wp\/v2\/types\/post"}],"author":[{"embeddable":true,"href":"https:\/\/www.welovecycling.com\/cs\/wp-json\/wp\/v2\/users\/138"}],"replies":[{"embeddable":true,"href":"https:\/\/www.welovecycling.com\/cs\/wp-json\/wp\/v2\/comments?post=25917"}],"version-history":[{"count":3,"href":"https:\/\/www.welovecycling.com\/cs\/wp-json\/wp\/v2\/posts\/25917\/revisions"}],"predecessor-version":[{"id":25922,"href":"https:\/\/www.welovecycling.com\/cs\/wp-json\/wp\/v2\/posts\/25917\/revisions\/25922"}],"wp:featuredmedia":[{"embeddable":true,"href":"https:\/\/www.welovecycling.com\/cs\/wp-json\/wp\/v2\/media\/25920"}],"wp:attachment":[{"href":"https:\/\/www.welovecycling.com\/cs\/wp-json\/wp\/v2\/media?parent=25917"}],"wp:term":[{"taxonomy":"category","embeddable":true,"href":"https:\/\/www.welovecycling.com\/cs\/wp-json\/wp\/v2\/categories?post=25917"},{"taxonomy":"post_tag","embeddable":true,"href":"https:\/\/www.welovecycling.com\/cs\/wp-json\/wp\/v2\/tags?post=25917"},{"taxonomy":"global-categories","embeddable":true,"href":"https:\/\/www.welovecycling.com\/cs\/wp-json\/wp\/v2\/global-categories?post=25917"}],"curies":[{"name":"wp","href":"https:\/\/api.w.org\/{rel}","templated":true}]}}