{"id":25866,"date":"2024-06-24T06:00:22","date_gmt":"2024-06-24T04:00:22","guid":{"rendered":"https:\/\/www.welovecycling.com\/cs\/?p=25866"},"modified":"2024-06-24T18:13:27","modified_gmt":"2024-06-24T16:13:27","slug":"tour-de-france-2012-z-baru-po-dvanacti-pivech-k-zivotnimu-vitezstvi","status":"publish","type":"post","link":"https:\/\/www.welovecycling.com\/cs\/2024\/06\/24\/tour-de-france-2012-z-baru-po-dvanacti-pivech-k-zivotnimu-vitezstvi\/","title":{"rendered":"Tour de France 2012: Z baru po dvan\u00e1cti pivech k \u017eivotn\u00edmu v\u00edt\u011bzstv\u00ed"},"content":{"rendered":"<p><strong>U\u017e deset zem\u00ed m\u00e1 sv\u00e9ho v\u00edt\u011bze z\u202fTour de France. Jen Velk\u00e1 Brit\u00e1nie, cyklistick\u00e1 velmoc v\u202fdr\u00e1hov\u00e9 cyklistice, na nejslavn\u011bj\u0161\u00edm silni\u010dn\u00edm z\u00e1vod\u011b planety nikdy neslavila. Po historick\u00e9m \u00fasp\u011bchu na olympi\u00e1d\u011b v\u202fPekingu 2008 vznikne projekt Sky. \u00dakol je jasn\u00fd: do p\u011bti let vyhr\u00e1t Tour de France! Vyvolen\u00fdm je Bradley Wiggins.<\/strong><\/p>\n<p><span data-contrast=\"auto\">Otec byl alkoholik a rodinu opustil, kdy\u017e synovi nebyly ani dva roky. S\u202fmatkou tud\u00ed\u017e mal\u00fd Bradley Wiggins zam\u00ed\u0159il do Anglie k\u202fprarodi\u010d\u016fm. Vychoval jej d\u011bde\u010dek. Prvn\u00ed sportovn\u00ed l\u00e1skou mal\u00e9ho Wigginse byl fotbal. Kdy\u017e ale uvid\u011bl, jak Chris Boardman vyhr\u00e1v\u00e1 zlato na olympijsk\u00fdch hr\u00e1ch v\u202fBarcelon\u011b ve st\u00edhac\u00edm z\u00e1vod\u011b, zamiloval se do cyklistiky.<\/span><span data-ccp-props=\"{&quot;201341983&quot;:0,&quot;335559739&quot;:160,&quot;335559740&quot;:256}\">\u00a0<\/span><\/p>\n<h2><strong>Kompletn\u00ed medailov\u00e1 sb\u00edrka z At\u00e9n<\/strong><\/h2>\n<p><span data-contrast=\"auto\">Za\u010dal na dr\u00e1ze. Od n\u00e1rodn\u00edch titul\u016f v\u202fjuniorech se prodral k\u202fnominaci na olympijsk\u00e9 hry do Sydney, kde byl \u010dlenem bronzov\u00e9ho t\u00fdmu ve st\u00edha\u010dce. Dal\u0161\u00ed \u010dty\u0159i roky \u201ekosil\u201c medaile p\u0159i dr\u00e1hov\u00fdch bitv\u00e1ch ve velk\u00e9m. A pak v\u202fAt\u00e9n\u00e1ch 2004 z\u00edskal kompletn\u00ed medailovou kolekci. Jako prvn\u00ed Brit historie.<\/span><span data-ccp-props=\"{&quot;201341983&quot;:0,&quot;335559739&quot;:160,&quot;335559740&quot;:256}\">\u00a0<\/span><\/p>\n<p><span data-contrast=\"auto\">\u201eM\u011bl jsem tehdy pocit, \u017ee se dostavilo jen m\u00e1lo uzn\u00e1n\u00ed. Trp\u011bl jsem z\u00e1chvaty deprese. A pil jsem. Hodn\u011b jsem pil,\u201c p\u0159iznal Bradley Wiggins. \u201e\u0160el jsem do hospody, sedl na bar, \u010detl noviny a pil. Byl jsem \u0161\u0165astn\u00fd. S\u00e1m se sv\u00fdmi my\u0161lenkami. P\u0159esn\u011b to vystihovalo m\u016fj z\u00e1vodn\u00ed charakter. Individu\u00e1ln\u00ed dlouh\u00e9 tr\u00e9ninky na kole, individu\u00e1ln\u00ed st\u00edhac\u00ed j\u00edzda&#8230; Klidn\u011b jsem ud\u011blal za den dvan\u00e1ct piv. Pak jsem \u0161el dom\u016f k\u202fve\u010de\u0159i a s\u202f\u017eenou jsme si otev\u0159eli l\u00e1hev v\u00edna.\u201c<\/span><span data-ccp-props=\"{&quot;201341983&quot;:2,&quot;335559738&quot;:100,&quot;335559739&quot;:100,&quot;335559740&quot;:100}\">\u00a0<\/span><\/p>\n<p><span data-contrast=\"auto\">\u201eNevid\u011bl jsem dal\u0161\u00ed motivaci. Nev\u011bd\u011bl jsem kam d\u00e1l. Ani o\u010dek\u00e1van\u00e9 komer\u010dn\u00ed uzn\u00e1n\u00ed se nedostavilo,\u201c p\u0159iznal. \u201eAle nebyl jsem alkoholik. Nikdy jsem neztratil sebe\u00factu. Nikdy jsem se nep\u0159estal starat o ostatn\u00ed. Pot\u0159eboval jsem jen n\u011bjak\u00fd startovac\u00ed bod.\u201c<\/span><span data-ccp-props=\"{&quot;201341983&quot;:2,&quot;335559738&quot;:100,&quot;335559739&quot;:100,&quot;335559740&quot;:100}\">\u00a0<\/span><\/p>\n<div class=\"shortcode-ys-post-pinup\"><article class=\"loop-simple post-19944 post type-post status-publish format-standard has-post-thumbnail hentry category-letape-czech-republic tag-bradley-wiggins tag-cyklistika tag-jan-svorada tag-letape-czech-republic-by-tour-de-france-2023 tag-silnicni-cyklistika tag-tour-de-france global-categories-cycling\" data-postid=\"19944\" role=\"article\" data-post-id=\"19944\" data-word-count=\"680\" data-headline-length=\"73\" data-category=\"L&#039;Etape Czech Republic\" data-global-category=\"Cycling\" data-author=\"We Love Cycling\" data-published=\"2022-12-12T13:17:08+02:00\" data-published-day=\"Monday\">\n    <div class=\"entry-thumbnail article-thumbnail\" content=\"https:\/\/d2p6e6u75xmxt8.cloudfront.net\/13\/2022\/12\/wiggins-profimedia-0233666148-150x150.webp\"><a href=\"https:\/\/www.welovecycling.com\/cs\/2022\/12\/12\/bradley-wiggins-o-ceskych-cyklistech-fanatici-svorada-byl-muj-hrdina\/\" class=\"image-holder\" target=\"_self\"><img decoding=\"async\" loading=\"lazy\" class=\"\" src=\"https:\/\/d2p6e6u75xmxt8.cloudfront.net\/13\/2022\/12\/wiggins-profimedia-0233666148-1024x714.webp\" srcset=\"https:\/\/d2p6e6u75xmxt8.cloudfront.net\/13\/2022\/12\/wiggins-profimedia-0233666148.webp 1800w, https:\/\/d2p6e6u75xmxt8.cloudfront.net\/13\/2022\/12\/wiggins-profimedia-0233666148-300x209.webp 300w, https:\/\/d2p6e6u75xmxt8.cloudfront.net\/13\/2022\/12\/wiggins-profimedia-0233666148-1024x714.webp 1024w, https:\/\/d2p6e6u75xmxt8.cloudfront.net\/13\/2022\/12\/wiggins-profimedia-0233666148-768x535.webp 768w, https:\/\/d2p6e6u75xmxt8.cloudfront.net\/13\/2022\/12\/wiggins-profimedia-0233666148-1536x1071.webp 1536w\" width=\"1024\" height=\"714\" sizes=\"auto, (min-width: 1200px) 300px, (min-width: 768px) 25vw, 100vw\" alt=\"bradley-wiggins-o-ceskych-cyklistech-fanatici-svorada-byl-muj-hrdina\"\/><\/a><\/div>    <div class=\"entry-meta\">\n        <a class=\"label label-secondary post-category\" href=\"https:\/\/www.welovecycling.com\/cs\/category\/letape-czech-republic\/\" title=\"L'Etape Czech Republic\">L'Etape Czech Republic<\/a>\n    <\/div>\n    <div class=\"entry-details\">\n        <a href=\"https:\/\/www.welovecycling.com\/cs\/2022\/12\/12\/bradley-wiggins-o-ceskych-cyklistech-fanatici-svorada-byl-muj-hrdina\/\" class='entry-title-wrapper'>\n            <h3 class=\"entry-title\"><span>Bradley Wiggins o \u010desk\u00fdch cyklistech: Fanatici. Svorada byl m\u016fj hrdina<\/span><\/h3>\n        <\/a>\n    <\/div>\n    <\/article>\n<\/div>\n<p><span data-contrast=\"auto\">Jedn\u00edm byla cyklistika. T\u00edm dal\u0161\u00edm skute\u010dnost, \u017ee jeho \u017eena Catherine o\u010dek\u00e1vala narozen\u00ed prvn\u00edho potomka. \u201eBylo pot\u0159eba zabezpe\u010dit rodinu.\u201c<\/span><span data-ccp-props=\"{&quot;201341983&quot;:2,&quot;335559738&quot;:100,&quot;335559739&quot;:100,&quot;335559740&quot;:100}\">\u00a0<\/span><\/p>\n<p><span data-contrast=\"auto\">Kdy\u017e v\u202fPekingu 2008 pod p\u011bti kruhy na dr\u00e1ze vybojoval dal\u0161\u00ed dv\u011b zlata, pustil se do silni\u010dn\u00ed mise. O rok pozd\u011bji dokon\u010dil Tour de France senza\u010dn\u011b na \u010dtvrt\u00e9m m\u00edst\u011b, a kdy\u017e byl pozd\u011bji Lance Armstrong vymaz\u00e1n ze v\u0161ech v\u00fdsledk\u016f, posunul se na t\u0159et\u00ed p\u0159\u00ed\u010dku.<\/span><span data-ccp-props=\"{&quot;201341983&quot;:0,&quot;335559739&quot;:160,&quot;335559740&quot;:256}\">\u00a0<\/span><\/p>\n<h2><strong>Prvn\u00ed pokus zma\u0159ila zlomen\u00e1 kl\u00ed\u010dn\u00ed kost<\/strong><\/h2>\n<p><span data-contrast=\"auto\">Stal se mu\u017eem vyvolen\u00fdm pro projekt formace Sky. Ve Velk\u00e9 Brit\u00e1nii si usmysleli, \u017ee ovl\u00e1dnou Starou d\u00e1mu. Rozjezd nebyl rozhodn\u011b r\u016f\u017eov\u00fd. P\u0159ipom\u00ednal sp\u00ed\u0161e t\u011b\u017ek\u00e9 delirium. Prvn\u00ed sezona skon\u010dila fiaskem a veden\u00ed britsk\u00e9 formace \u0159e\u0161ilo, zda vsadilo na spr\u00e1vn\u00e9ho jezdce.<\/span><span data-ccp-props=\"{&quot;201341983&quot;:0,&quot;335559739&quot;:160,&quot;335559740&quot;:256}\">\u00a0<\/span><\/p>\n<p><span data-contrast=\"auto\">Ale Wiggins\u016fv \u010das m\u011bl p\u0159ij\u00edt&#8230; U\u017e n\u00e1sleduj\u00edc\u00ed sezona byla v\u202fjeho pod\u00e1n\u00ed vynikaj\u00edc\u00ed. P\u0159i Tour de France v\u0161ak spadl, zlomil si kl\u00ed\u010dn\u00ed kost a musel odstoupit. V\u202ft\u00fdmu mu rostla siln\u00e1 konkurence. Mlad\u00ed\u010dek Chris Froome byl v\u00edce ne\u017e jen talent. Byl hladov\u00fd a cti\u017e\u00e1dostiv\u00fd.<\/span><span data-ccp-props=\"{&quot;201341983&quot;:0,&quot;335559739&quot;:160,&quot;335559740&quot;:256}\">\u00a0<\/span><\/p>\n<figure id=\"attachment_6918\" aria-describedby=\"caption-attachment-6918\" style=\"width: 1800px\" class=\"wp-caption alignnone\"><a href=\"https:\/\/d2p6e6u75xmxt8.cloudfront.net\/13\/2020\/04\/wiggins-bradley-tour-de-france-Pa\u0159\u00ed\u017e-c\u00edl-podium.webp\"><img loading=\"lazy\" decoding=\"async\" class=\"size-full wp-image-6918\" src=\"https:\/\/d2p6e6u75xmxt8.cloudfront.net\/13\/2020\/04\/wiggins-bradley-tour-de-france-Pa\u0159\u00ed\u017e-c\u00edl-podium.webp\" alt=\"Bradley Wiggins oslavuje v\u00edt\u011bzstv\u00ed na Tour de France 2012. Foto: profimedia\" width=\"1800\" height=\"1197\" srcset=\"https:\/\/d2p6e6u75xmxt8.cloudfront.net\/13\/2020\/04\/wiggins-bradley-tour-de-france-Pa\u0159\u00ed\u017e-c\u00edl-podium.webp 1800w, https:\/\/d2p6e6u75xmxt8.cloudfront.net\/13\/2020\/04\/wiggins-bradley-tour-de-france-Pa\u0159\u00ed\u017e-c\u00edl-podium-300x200.webp 300w, https:\/\/d2p6e6u75xmxt8.cloudfront.net\/13\/2020\/04\/wiggins-bradley-tour-de-france-Pa\u0159\u00ed\u017e-c\u00edl-podium-1024x681.webp 1024w, https:\/\/d2p6e6u75xmxt8.cloudfront.net\/13\/2020\/04\/wiggins-bradley-tour-de-france-Pa\u0159\u00ed\u017e-c\u00edl-podium-768x511.webp 768w, https:\/\/d2p6e6u75xmxt8.cloudfront.net\/13\/2020\/04\/wiggins-bradley-tour-de-france-Pa\u0159\u00ed\u017e-c\u00edl-podium-1536x1021.webp 1536w, https:\/\/d2p6e6u75xmxt8.cloudfront.net\/13\/2020\/04\/wiggins-bradley-tour-de-france-Pa\u0159\u00ed\u017e-c\u00edl-podium-272x182.webp 272w\" sizes=\"auto, (max-width: 1800px) 100vw, 1800px\" \/><\/a><figcaption id=\"caption-attachment-6918\" class=\"wp-caption-text\"><em>Bradley Wiggins oslavuje v\u00edt\u011bzstv\u00ed na Tour de France 2012. Foto: profimedia<\/em><\/figcaption><\/figure>\n<p><span data-contrast=\"auto\">Pozici l\u00eddra pro Tour de France 2012 nakonec dostal Bradley Wiggins. Organiz\u00e1to\u0159i cht\u011bli otev\u0159en\u011bj\u0161\u00ed bitvu. Proto se zm\u011bnil charakter. V\u202fitiner\u00e1\u0159i byly st\u0159edn\u011b t\u011b\u017ek\u00e9 horsk\u00e9 etapy a tak\u00e9 individu\u00e1ln\u00ed \u010dasovky. Prost\u011b ide\u00e1ln\u00ed konstelace pro Wigginse.\u00a0<\/span><span data-ccp-props=\"{&quot;201341983&quot;:0,&quot;335559739&quot;:160,&quot;335559740&quot;:256}\">\u00a0<\/span><\/p>\n<p><span data-contrast=\"auto\">M\u011bl za sebou skv\u011blou p\u0159\u00edpravu. Vyhr\u00e1l Pa\u0159\u00ed\u017e-Nice, Tour de Romandie i Crit\u00e9rium du Dauphin\u00e9. Ale kopce Tour de France jej tr\u00fdznily. Dost\u00e1val se na pokraj sil a veden\u00ed m\u011blo kupu starost\u00ed, aby neposlu\u0161n\u00e9ho a t\u00fdmov\u00fdm na\u0159\u00edzen\u00edm jen t\u011b\u017ek\u00e9 podl\u00e9haj\u00edc\u00edho Froomea uko\u010d\u00edrovalo. N\u00e1lada v\u202ft\u00fdmu byla prachb\u00eddn\u00e1.<\/span><span data-ccp-props=\"{&quot;201341983&quot;:0,&quot;335559739&quot;:160,&quot;335559740&quot;:256}\">\u00a0<\/span><\/p>\n<p><span data-contrast=\"auto\">Bradley Wiggins, kter\u00fd se po osm\u00e9 etap\u011b teprve jako p\u00e1t\u00fd britsk\u00fd cyklista obl\u00e9kl do maillot jaune, byl tehdy po jedn\u00e9 z\u202fetap tak nasupen\u00fd, \u017ee cht\u011bl z\u00e1vod opustit, proto\u017ee o p\u011bt let mlad\u0161\u00ed kolega neprojevoval dostatek loajality a bez ust\u00e1n\u00ed \u00fato\u010dil!<\/span><span data-ccp-props=\"{&quot;201341983&quot;:0,&quot;335559739&quot;:160,&quot;335559740&quot;:256}\">\u00a0<\/span><\/p>\n<h2><strong>Bradley Wiggins p\u0159i kl\u00ed\u010dov\u00e9 \u010dasovce myslel na p\u0159\u00edko\u0159\u00ed<\/strong><\/h2>\n<p><span data-contrast=\"auto\">P\u0159edposledn\u00ed den z\u00e1vodu ale p\u0159inesl rozuzlen\u00ed cel\u00e9 tajenky. \u010casovka na 53 kilometr\u016f. Wiggins let\u011bl, jako kdyby z\u00edt\u0159ek nem\u011bl nikdy p\u0159ij\u00edt. \u201eKdy\u017e mi v\u202fz\u00e1v\u011bru doch\u00e1zely s\u00edly, vzpom\u00ednal jsem na sv\u00e9 d\u011btstv\u00ed. Jak n\u00e1s otec opustil, kdy jsem byl d\u00edt\u011b. Jak m\u011b vychov\u00e1val d\u011bda, kter\u00fd pro m\u011b byl jako otec. Na v\u0161echna p\u0159\u00edko\u0159\u00ed,\u201c vypov\u011bd\u011bl pozd\u011bji. Fungovalo to dokonale. Wiggins porazil kompletn\u00ed startovn\u00ed pole o 76 vte\u0159in.<\/span><span data-ccp-props=\"{&quot;201341983&quot;:2,&quot;335559738&quot;:100,&quot;335559739&quot;:100,&quot;335559740&quot;:100}\">\u00a0<\/span><\/p>\n<figure id=\"attachment_6916\" aria-describedby=\"caption-attachment-6916\" style=\"width: 1624px\" class=\"wp-caption alignnone\"><a href=\"https:\/\/d2p6e6u75xmxt8.cloudfront.net\/13\/2020\/04\/bradley-wiggins-\u017elut\u00fd-trikot-tour-de-france.webp\"><img loading=\"lazy\" decoding=\"async\" class=\"size-full wp-image-6916\" src=\"https:\/\/d2p6e6u75xmxt8.cloudfront.net\/13\/2020\/04\/bradley-wiggins-\u017elut\u00fd-trikot-tour-de-france.webp\" alt=\"Bradley Wiggins ve \u017elut\u00e9m trikotu l\u00eddra Tour de France. Foto: profimedia\" width=\"1624\" height=\"1800\" srcset=\"https:\/\/d2p6e6u75xmxt8.cloudfront.net\/13\/2020\/04\/bradley-wiggins-\u017elut\u00fd-trikot-tour-de-france.webp 1624w, https:\/\/d2p6e6u75xmxt8.cloudfront.net\/13\/2020\/04\/bradley-wiggins-\u017elut\u00fd-trikot-tour-de-france-271x300.webp 271w, https:\/\/d2p6e6u75xmxt8.cloudfront.net\/13\/2020\/04\/bradley-wiggins-\u017elut\u00fd-trikot-tour-de-france-924x1024.webp 924w, https:\/\/d2p6e6u75xmxt8.cloudfront.net\/13\/2020\/04\/bradley-wiggins-\u017elut\u00fd-trikot-tour-de-france-768x851.webp 768w, https:\/\/d2p6e6u75xmxt8.cloudfront.net\/13\/2020\/04\/bradley-wiggins-\u017elut\u00fd-trikot-tour-de-france-1386x1536.webp 1386w\" sizes=\"auto, (max-width: 1624px) 100vw, 1624px\" \/><\/a><figcaption id=\"caption-attachment-6916\" class=\"wp-caption-text\"><em>Bradley Wiggins ve \u017elut\u00e9m trikotu l\u00eddra Tour de France. Foto: profimedia<\/em><\/figcaption><\/figure>\n<p><span data-contrast=\"auto\">Dal\u0161\u00ed den dorazil do c\u00edle v\u202fPa\u0159\u00ed\u017ei s\u202fn\u00e1skokem 3:21 na nejbli\u017e\u0161\u00edho soupe\u0159e. Jako prvn\u00ed Brit v\u202fhistorii slavil triumf v\u202fTour de France. \u201eJ\u00e1 v\u00e1\u017en\u011b vyhr\u00e1l nejv\u011bt\u0161\u00ed cyklistick\u00fd z\u00e1vod planety?\u201c nemohl uv\u011b\u0159it. Jeho prav\u00fd biceps n\u00e1sledn\u011b ozdobilo prost\u00e9 tetov\u00e1n\u00ed: Pa\u0159\u00ed\u017e 22\/7\/12.<\/span><span data-ccp-props=\"{&quot;201341983&quot;:2,&quot;335559738&quot;:100,&quot;335559739&quot;:100,&quot;335559740&quot;:100}\">\u00a0<\/span><\/p>\n<div class=\"shortcode-ys-post-pinup\"><article class=\"loop-simple post-25768 post type-post status-publish format-standard has-post-thumbnail hentry category-silnicni-cyklistika tag-cyklistika tag-czech-tour tag-lidl-trek tag-mathias-vacek tag-novy-kontrakt tag-silnicni-cyklistika tag-vuelta global-categories-cycling\" data-postid=\"25768\" role=\"article\" data-post-id=\"25768\" data-word-count=\"866\" data-headline-length=\"92\" data-category=\"Silni\u010dn\u00ed cyklistika\" data-global-category=\"Cycling\" data-author=\"Radek Malina\" data-published=\"2024-06-19T09:40:51+02:00\" data-published-day=\"Wednesday\">\n    <div class=\"entry-thumbnail article-thumbnail\" content=\"https:\/\/d2p6e6u75xmxt8.cloudfront.net\/13\/2023\/06\/BrychtaJan_MR_Tlmace_20230625_161407_DSC_5601-150x150.webp\"><a href=\"https:\/\/www.welovecycling.com\/cs\/2024\/06\/19\/dostal-jsem-facku-nechci-jen-hresit-na-talent-rika-mathias-vacek-o-zmene-pristupu\/\" class=\"image-holder\" target=\"_self\"><img decoding=\"async\" loading=\"lazy\" class=\"\" src=\"https:\/\/d2p6e6u75xmxt8.cloudfront.net\/13\/2023\/06\/BrychtaJan_MR_Tlmace_20230625_161407_DSC_5601-1024x681.webp\" srcset=\"https:\/\/d2p6e6u75xmxt8.cloudfront.net\/13\/2023\/06\/BrychtaJan_MR_Tlmace_20230625_161407_DSC_5601.webp 2000w, https:\/\/d2p6e6u75xmxt8.cloudfront.net\/13\/2023\/06\/BrychtaJan_MR_Tlmace_20230625_161407_DSC_5601-300x200.webp 300w, https:\/\/d2p6e6u75xmxt8.cloudfront.net\/13\/2023\/06\/BrychtaJan_MR_Tlmace_20230625_161407_DSC_5601-1024x681.webp 1024w, https:\/\/d2p6e6u75xmxt8.cloudfront.net\/13\/2023\/06\/BrychtaJan_MR_Tlmace_20230625_161407_DSC_5601-768x511.webp 768w, https:\/\/d2p6e6u75xmxt8.cloudfront.net\/13\/2023\/06\/BrychtaJan_MR_Tlmace_20230625_161407_DSC_5601-1536x1022.webp 1536w, https:\/\/d2p6e6u75xmxt8.cloudfront.net\/13\/2023\/06\/BrychtaJan_MR_Tlmace_20230625_161407_DSC_5601-1920x1278.webp 1920w, https:\/\/d2p6e6u75xmxt8.cloudfront.net\/13\/2023\/06\/BrychtaJan_MR_Tlmace_20230625_161407_DSC_5601-400x266.webp 400w, https:\/\/d2p6e6u75xmxt8.cloudfront.net\/13\/2023\/06\/BrychtaJan_MR_Tlmace_20230625_161407_DSC_5601-272x182.webp 272w, https:\/\/d2p6e6u75xmxt8.cloudfront.net\/13\/2023\/06\/BrychtaJan_MR_Tlmace_20230625_161407_DSC_5601-1920x1278.webp 1920w\" width=\"1024\" height=\"681\" sizes=\"auto, (min-width: 1200px) 300px, (min-width: 768px) 25vw, 100vw\" alt=\"dostal-jsem-facku-nechci-jen-hresit-na-talent-rika-mathias-vacek-o-zmene-pristupu\"\/><\/a><\/div>    <div class=\"entry-meta\">\n        <a class=\"label label-secondary post-category\" href=\"https:\/\/www.welovecycling.com\/cs\/category\/silnicni-cyklistika\/\" title=\"Silni\u010dn\u00ed cyklistika\">Silni\u010dn\u00ed cyklistika<\/a>\n    <\/div>\n    <div class=\"entry-details\">\n        <a href=\"https:\/\/www.welovecycling.com\/cs\/2024\/06\/19\/dostal-jsem-facku-nechci-jen-hresit-na-talent-rika-mathias-vacek-o-zmene-pristupu\/\" class='entry-title-wrapper'>\n            <h3 class=\"entry-title\"><span>Dostal jsem facku! Nechci jen h\u0159e\u0161it na talent, \u0159\u00edk\u00e1 Mathias Vacek o zm\u011bn\u011b p\u0159\u00edstupu<\/span><\/h3>\n        <\/a>\n    <\/div>\n    <\/article>\n<\/div>\n<p><span data-contrast=\"auto\">U\u017e nikdy v\u00edce se na start Tour de France nepostavil. U jeho jm\u00e9na tak nen\u00ed v\u00edt\u011bzstv\u00ed v\u202fklasick\u00e9 etap\u011b. Jen ve dvou \u010dasovk\u00e1ch. Ale fakt, \u017ee je <a href=\"https:\/\/www.welovecycling.com\/cs\/2022\/11\/23\/bradley-wiggins-po-zlatem-vylovu-propadl-alkoholu-aby-se-vratil-jako-kral-tour-de-france\/\">Bradley Wiggins<\/a> prvn\u00edm britsk\u00fdm v\u00edt\u011bzem Tour de France u\u017e nikdo nezm\u011bn\u00ed.<\/span><span data-ccp-props=\"{&quot;201341983&quot;:2,&quot;335559738&quot;:100,&quot;335559739&quot;:100,&quot;335559740&quot;:100}\">\u00a0<\/span><\/p>\n<p><span data-contrast=\"auto\">Stranou bitvy o celkov\u00e9 po\u0159ad\u00ed se zrodila jin\u00e1 hv\u011bzda. Peter Sagan! Poprv\u00e9 v\u202fkari\u00e9\u0159e p\u0159ij\u00ed\u017ed\u00ed na Tour de France a pro\u017eije ohromuj\u00edc\u00ed debut. Ve dvaadvaceti se m\u00e1 u\u010dit. Ale vyhraje druhou, \u010dtvrtou a sedmou etapu. T\u0159ikr\u00e1t prolet\u00ed c\u00edlovou p\u00e1skou druh\u00fd, jednou t\u0159et\u00ed. Z\u00edsk\u00e1 zelen\u00fd dres s\u202fohromuj\u00edc\u00edm n\u00e1skokem 141 bod\u016f. A jde teprve o za\u010d\u00e1tek skvostn\u00e9 \u201ezelen\u00e9\u201c j\u00edzdy rod\u00e1ka ze \u017diliny.<\/span><span data-ccp-props=\"{&quot;201341983&quot;:0,&quot;335559739&quot;:160,&quot;335559740&quot;:256}\">\u00a0<\/span><\/p>\n<h2><b><span data-contrast=\"auto\">V\u00fdsledky Tour de France 2012<\/span><\/b><span data-ccp-props=\"{&quot;201341983&quot;:0,&quot;335559739&quot;:160,&quot;335559740&quot;:256}\">\u00a0<\/span><\/h2>\n<p><b><span data-contrast=\"auto\">Kone\u010dn\u00e9 po\u0159ad\u00ed:<\/span><\/b><span data-contrast=\"auto\"> 1. Bradley Wiggins (Vel. Brit., Sky), 2. Chris Froome (Vel. Brit., Sky), 3. Vincenzo Nibali (It., Liquigas Cannondale).<\/span><span data-ccp-props=\"{&quot;201341983&quot;:0,&quot;335559739&quot;:160,&quot;335559740&quot;:256}\">\u00a0<\/span><\/p>\n<p><b><span data-contrast=\"auto\">Zelen\u00fd dres<\/span><\/b><span data-contrast=\"auto\">: 1. Peter Sagan (SR, Liquigas Cannondale), 2. Andr\u00e9 Greipel (N\u011bm., Lotto Belisol), 3. Matthew Goss (Austr., Orica GreenEdge).<\/span><span data-ccp-props=\"{&quot;201341983&quot;:0,&quot;335559739&quot;:160,&quot;335559740&quot;:256}\">\u00a0<\/span><\/p>\n<p><b><span data-contrast=\"auto\">B\u00edl\u00fd dres \u0160koda Auto<\/span><\/b><span data-contrast=\"auto\">: 1. Tejay van Garderen (USA, BMC), 2. Thibaut Pinot (Fr., FDJ-BigMat), 3. Steven Kruijswijk (Niz., Rabobank).<\/span><span data-ccp-props=\"{&quot;201341983&quot;:0,&quot;335559739&quot;:160,&quot;335559740&quot;:256}\">\u00a0<\/span><\/p>\n<p><b><span data-contrast=\"auto\">Vrcha\u0159sk\u00e1 sout\u011b\u017e<\/span><\/b><span data-contrast=\"auto\">: 1. Thomas Voeckler (Fr., Europcar), 2. Fredrik Kessiakoff (\u0160v\u00e9d., Astana), 2. Chris Anker S\u00f6rensen (D\u00e1n., Saso Bank Tinkoff).<\/span><span data-ccp-props=\"{&quot;201341983&quot;:0,&quot;335559739&quot;:160,&quot;335559740&quot;:256}\">\u00a0<\/span><span data-ccp-props=\"{&quot;201341983&quot;:0,&quot;335559739&quot;:160,&quot;335559740&quot;:256}\">\u00a0<\/span><\/p>\n","protected":false},"excerpt":{"rendered":"<p>U\u017e deset zem\u00ed m\u00e1 sv\u00e9ho v\u00edt\u011bze z\u202fTour de France. Jen Velk\u00e1 Brit\u00e1nie, cyklistick\u00e1 velmoc v\u202fdr\u00e1hov\u00e9 cyklistice, na nejslavn\u011bj\u0161\u00edm silni\u010dn\u00edm z\u00e1vod\u011b [&hellip;]<\/p>\n","protected":false},"author":138,"featured_media":19946,"comment_status":"open","ping_status":"open","sticky":false,"template":"","format":"standard","meta":{"footnotes":""},"categories":[10,1711],"tags":[896,126,9,897,23,3629],"global-categories":[411],"class_list":["post-25866","post","type-post","status-publish","format-standard","has-post-thumbnail","hentry","category-silnicni-cyklistika","category-tour-de-france","tag-bradley-wiggins","tag-cyklistika","tag-silnicni-cyklistika","tag-team-sky","tag-tour-de-france","tag-tour-de-france-2012","global-categories-cycling"],"yoast_head":"<!-- This site is optimized with the Yoast SEO Premium plugin v25.3 (Yoast SEO v25.9) - https:\/\/yoast.com\/wordpress\/plugins\/seo\/ -->\n<title>Tour de France 2012: Z baru po dvan\u00e1cti pivech k \u017eivotn\u00edmu v\u00edt\u011bzstv\u00ed | \u0160koda We Love Cycling - \u010cesk\u00e1 republika<\/title>\n<meta name=\"description\" content=\"Bradley Wiggins jako prvn\u00ed v historii vyhraje pro Velkou Brit\u00e1nii Tour de France. Jak se rodila cesta olympijsk\u00e9ho \u0161ampiona k maillot jaune?\" \/>\n<meta name=\"robots\" content=\"index, follow, max-snippet:-1, max-image-preview:large, max-video-preview:-1\" \/>\n<link rel=\"canonical\" href=\"https:\/\/www.welovecycling.com\/cs\/2024\/06\/24\/tour-de-france-2012-z-baru-po-dvanacti-pivech-k-zivotnimu-vitezstvi\/\" \/>\n<meta property=\"og:locale\" content=\"cs_CZ\" \/>\n<meta property=\"og:type\" content=\"article\" \/>\n<meta property=\"og:title\" content=\"Tour de France 2012: Z baru po dvan\u00e1cti pivech k \u017eivotn\u00edmu v\u00edt\u011bzstv\u00ed\" \/>\n<meta property=\"og:description\" content=\"Bradley Wiggins jako prvn\u00ed v historii vyhraje pro Velkou Brit\u00e1nii Tour de France. Jak se rodila cesta olympijsk\u00e9ho \u0161ampiona k maillot jaune?\" \/>\n<meta property=\"og:url\" content=\"https:\/\/www.welovecycling.com\/cs\/2024\/06\/24\/tour-de-france-2012-z-baru-po-dvanacti-pivech-k-zivotnimu-vitezstvi\/\" \/>\n<meta property=\"og:site_name\" content=\"\u0160koda We Love Cycling - \u010cesk\u00e1 republika\" \/>\n<meta property=\"article:published_time\" content=\"2024-06-24T04:00:22+00:00\" \/>\n<meta property=\"article:modified_time\" content=\"2024-06-24T16:13:27+00:00\" \/>\n<meta property=\"og:image\" content=\"https:\/\/d2p6e6u75xmxt8.cloudfront.net\/13\/2022\/12\/wiggins-profimedia-0233666148.webp\" \/>\n\t<meta property=\"og:image:width\" content=\"1800\" \/>\n\t<meta property=\"og:image:height\" content=\"1255\" \/>\n\t<meta property=\"og:image:type\" content=\"image\/webp\" \/>\n<meta name=\"author\" content=\"radekmalina\" \/>\n<meta name=\"twitter:card\" content=\"summary_large_image\" \/>\n<meta name=\"twitter:label1\" content=\"Written by\" \/>\n\t<meta name=\"twitter:data1\" content=\"Radek Malina\" \/>\n\t<meta name=\"twitter:label2\" content=\"Est. reading time\" \/>\n\t<meta name=\"twitter:data2\" content=\"7\" \/>\n<script type=\"application\/ld+json\" class=\"yoast-schema-graph\">{\"@context\":\"https:\/\/schema.org\",\"@graph\":[{\"@type\":\"WebPage\",\"@id\":\"https:\/\/www.welovecycling.com\/cs\/2024\/06\/24\/tour-de-france-2012-z-baru-po-dvanacti-pivech-k-zivotnimu-vitezstvi\/\",\"url\":\"https:\/\/www.welovecycling.com\/cs\/2024\/06\/24\/tour-de-france-2012-z-baru-po-dvanacti-pivech-k-zivotnimu-vitezstvi\/\",\"name\":\"Tour de France 2012: Z baru po dvan\u00e1cti pivech k \u017eivotn\u00edmu v\u00edt\u011bzstv\u00ed | \u0160koda We Love Cycling - \u010cesk\u00e1 republika\",\"isPartOf\":{\"@id\":\"https:\/\/www.welovecycling.com\/cs\/#website\"},\"primaryImageOfPage\":{\"@id\":\"https:\/\/www.welovecycling.com\/cs\/2024\/06\/24\/tour-de-france-2012-z-baru-po-dvanacti-pivech-k-zivotnimu-vitezstvi\/#primaryimage\"},\"image\":{\"@id\":\"https:\/\/www.welovecycling.com\/cs\/2024\/06\/24\/tour-de-france-2012-z-baru-po-dvanacti-pivech-k-zivotnimu-vitezstvi\/#primaryimage\"},\"thumbnailUrl\":\"https:\/\/d2p6e6u75xmxt8.cloudfront.net\/13\/2022\/12\/wiggins-profimedia-0233666148.webp\",\"datePublished\":\"2024-06-24T04:00:22+00:00\",\"dateModified\":\"2024-06-24T16:13:27+00:00\",\"author\":{\"@id\":\"https:\/\/www.welovecycling.com\/cs\/#\/schema\/person\/d9eeb0a378f3a7e4a6d12d2b536b04b8\"},\"description\":\"Bradley Wiggins jako prvn\u00ed v historii vyhraje pro Velkou Brit\u00e1nii Tour de France. Jak se rodila cesta olympijsk\u00e9ho \u0161ampiona k maillot jaune?\",\"inLanguage\":\"cs\",\"potentialAction\":[{\"@type\":\"ReadAction\",\"target\":[\"https:\/\/www.welovecycling.com\/cs\/2024\/06\/24\/tour-de-france-2012-z-baru-po-dvanacti-pivech-k-zivotnimu-vitezstvi\/\"]}]},{\"@type\":\"ImageObject\",\"inLanguage\":\"cs\",\"@id\":\"https:\/\/www.welovecycling.com\/cs\/2024\/06\/24\/tour-de-france-2012-z-baru-po-dvanacti-pivech-k-zivotnimu-vitezstvi\/#primaryimage\",\"url\":\"https:\/\/d2p6e6u75xmxt8.cloudfront.net\/13\/2022\/12\/wiggins-profimedia-0233666148.webp\",\"contentUrl\":\"https:\/\/d2p6e6u75xmxt8.cloudfront.net\/13\/2022\/12\/wiggins-profimedia-0233666148.webp\",\"width\":1800,\"height\":1255,\"caption\":\"Bradley Wiggins p\u0159i triumfu na Tour de France 2012.\"},{\"@type\":\"WebSite\",\"@id\":\"https:\/\/www.welovecycling.com\/cs\/#website\",\"url\":\"https:\/\/www.welovecycling.com\/cs\/\",\"name\":\"\u0160koda We Love Cycling - \u010cesk\u00e1 republika\",\"description\":\"WeLoveCycling.cz je online magaz\u00edn, kter\u00fd v\u00e1m pravideln\u011b p\u0159in\u00e1\u0161\u00ed rady a tipy, zaj\u00edmav\u00e9 \u010dl\u00e1nky, videa a jedine\u010dn\u00e9 report\u00e1\u017ee ze sv\u011bta cyklistiky.\",\"potentialAction\":[{\"@type\":\"SearchAction\",\"target\":{\"@type\":\"EntryPoint\",\"urlTemplate\":\"https:\/\/www.welovecycling.com\/cs\/?s={search_term_string}\"},\"query-input\":{\"@type\":\"PropertyValueSpecification\",\"valueRequired\":true,\"valueName\":\"search_term_string\"}}],\"inLanguage\":\"cs\"},{\"@type\":\"Person\",\"@id\":\"https:\/\/www.welovecycling.com\/cs\/#\/schema\/person\/d9eeb0a378f3a7e4a6d12d2b536b04b8\",\"name\":\"radekmalina\",\"image\":{\"@type\":\"ImageObject\",\"inLanguage\":\"cs\",\"@id\":\"https:\/\/www.welovecycling.com\/cs\/#\/schema\/person\/image\/\",\"url\":\"https:\/\/secure.gravatar.com\/avatar\/66994b632cb8c39a46b9f54afa3ae07201b678d32a54275b6f1c9ffec356bfc0?s=96&d=mm&r=g\",\"contentUrl\":\"https:\/\/secure.gravatar.com\/avatar\/66994b632cb8c39a46b9f54afa3ae07201b678d32a54275b6f1c9ffec356bfc0?s=96&d=mm&r=g\",\"caption\":\"radekmalina\"},\"url\":\"https:\/\/www.welovecycling.com\/cs\/author\/radekmalina\/\"}]}<\/script>\n<!-- \/ Yoast SEO Premium plugin. -->","yoast_head_json":{"title":"Tour de France 2012: Z baru po dvan\u00e1cti pivech k \u017eivotn\u00edmu v\u00edt\u011bzstv\u00ed | \u0160koda We Love Cycling - \u010cesk\u00e1 republika","description":"Bradley Wiggins jako prvn\u00ed v historii vyhraje pro Velkou Brit\u00e1nii Tour de France. Jak se rodila cesta olympijsk\u00e9ho \u0161ampiona k maillot jaune?","robots":{"index":"index","follow":"follow","max-snippet":"max-snippet:-1","max-image-preview":"max-image-preview:large","max-video-preview":"max-video-preview:-1"},"canonical":"https:\/\/www.welovecycling.com\/cs\/2024\/06\/24\/tour-de-france-2012-z-baru-po-dvanacti-pivech-k-zivotnimu-vitezstvi\/","og_locale":"cs_CZ","og_type":"article","og_title":"Tour de France 2012: Z baru po dvan\u00e1cti pivech k \u017eivotn\u00edmu v\u00edt\u011bzstv\u00ed","og_description":"Bradley Wiggins jako prvn\u00ed v historii vyhraje pro Velkou Brit\u00e1nii Tour de France. Jak se rodila cesta olympijsk\u00e9ho \u0161ampiona k maillot jaune?","og_url":"https:\/\/www.welovecycling.com\/cs\/2024\/06\/24\/tour-de-france-2012-z-baru-po-dvanacti-pivech-k-zivotnimu-vitezstvi\/","og_site_name":"\u0160koda We Love Cycling - \u010cesk\u00e1 republika","article_published_time":"2024-06-24T04:00:22+00:00","article_modified_time":"2024-06-24T16:13:27+00:00","og_image":[{"width":1800,"height":1255,"url":"https:\/\/d2p6e6u75xmxt8.cloudfront.net\/13\/2022\/12\/wiggins-profimedia-0233666148.webp","type":"image\/webp"}],"author":"radekmalina","twitter_card":"summary_large_image","twitter_misc":{"Written by":"Radek Malina","Est. reading time":"7"},"schema":{"@context":"https:\/\/schema.org","@graph":[{"@type":"WebPage","@id":"https:\/\/www.welovecycling.com\/cs\/2024\/06\/24\/tour-de-france-2012-z-baru-po-dvanacti-pivech-k-zivotnimu-vitezstvi\/","url":"https:\/\/www.welovecycling.com\/cs\/2024\/06\/24\/tour-de-france-2012-z-baru-po-dvanacti-pivech-k-zivotnimu-vitezstvi\/","name":"Tour de France 2012: Z baru po dvan\u00e1cti pivech k \u017eivotn\u00edmu v\u00edt\u011bzstv\u00ed | \u0160koda We Love Cycling - \u010cesk\u00e1 republika","isPartOf":{"@id":"https:\/\/www.welovecycling.com\/cs\/#website"},"primaryImageOfPage":{"@id":"https:\/\/www.welovecycling.com\/cs\/2024\/06\/24\/tour-de-france-2012-z-baru-po-dvanacti-pivech-k-zivotnimu-vitezstvi\/#primaryimage"},"image":{"@id":"https:\/\/www.welovecycling.com\/cs\/2024\/06\/24\/tour-de-france-2012-z-baru-po-dvanacti-pivech-k-zivotnimu-vitezstvi\/#primaryimage"},"thumbnailUrl":"https:\/\/d2p6e6u75xmxt8.cloudfront.net\/13\/2022\/12\/wiggins-profimedia-0233666148.webp","datePublished":"2024-06-24T04:00:22+00:00","dateModified":"2024-06-24T16:13:27+00:00","author":{"@id":"https:\/\/www.welovecycling.com\/cs\/#\/schema\/person\/d9eeb0a378f3a7e4a6d12d2b536b04b8"},"description":"Bradley Wiggins jako prvn\u00ed v historii vyhraje pro Velkou Brit\u00e1nii Tour de France. Jak se rodila cesta olympijsk\u00e9ho \u0161ampiona k maillot jaune?","inLanguage":"cs","potentialAction":[{"@type":"ReadAction","target":["https:\/\/www.welovecycling.com\/cs\/2024\/06\/24\/tour-de-france-2012-z-baru-po-dvanacti-pivech-k-zivotnimu-vitezstvi\/"]}]},{"@type":"ImageObject","inLanguage":"cs","@id":"https:\/\/www.welovecycling.com\/cs\/2024\/06\/24\/tour-de-france-2012-z-baru-po-dvanacti-pivech-k-zivotnimu-vitezstvi\/#primaryimage","url":"https:\/\/d2p6e6u75xmxt8.cloudfront.net\/13\/2022\/12\/wiggins-profimedia-0233666148.webp","contentUrl":"https:\/\/d2p6e6u75xmxt8.cloudfront.net\/13\/2022\/12\/wiggins-profimedia-0233666148.webp","width":1800,"height":1255,"caption":"Bradley Wiggins p\u0159i triumfu na Tour de France 2012."},{"@type":"WebSite","@id":"https:\/\/www.welovecycling.com\/cs\/#website","url":"https:\/\/www.welovecycling.com\/cs\/","name":"\u0160koda We Love Cycling - \u010cesk\u00e1 republika","description":"WeLoveCycling.cz je online magaz\u00edn, kter\u00fd v\u00e1m pravideln\u011b p\u0159in\u00e1\u0161\u00ed rady a tipy, zaj\u00edmav\u00e9 \u010dl\u00e1nky, videa a jedine\u010dn\u00e9 report\u00e1\u017ee ze sv\u011bta cyklistiky.","potentialAction":[{"@type":"SearchAction","target":{"@type":"EntryPoint","urlTemplate":"https:\/\/www.welovecycling.com\/cs\/?s={search_term_string}"},"query-input":{"@type":"PropertyValueSpecification","valueRequired":true,"valueName":"search_term_string"}}],"inLanguage":"cs"},{"@type":"Person","@id":"https:\/\/www.welovecycling.com\/cs\/#\/schema\/person\/d9eeb0a378f3a7e4a6d12d2b536b04b8","name":"radekmalina","image":{"@type":"ImageObject","inLanguage":"cs","@id":"https:\/\/www.welovecycling.com\/cs\/#\/schema\/person\/image\/","url":"https:\/\/secure.gravatar.com\/avatar\/66994b632cb8c39a46b9f54afa3ae07201b678d32a54275b6f1c9ffec356bfc0?s=96&d=mm&r=g","contentUrl":"https:\/\/secure.gravatar.com\/avatar\/66994b632cb8c39a46b9f54afa3ae07201b678d32a54275b6f1c9ffec356bfc0?s=96&d=mm&r=g","caption":"radekmalina"},"url":"https:\/\/www.welovecycling.com\/cs\/author\/radekmalina\/"}]}},"_links":{"self":[{"href":"https:\/\/www.welovecycling.com\/cs\/wp-json\/wp\/v2\/posts\/25866","targetHints":{"allow":["GET"]}}],"collection":[{"href":"https:\/\/www.welovecycling.com\/cs\/wp-json\/wp\/v2\/posts"}],"about":[{"href":"https:\/\/www.welovecycling.com\/cs\/wp-json\/wp\/v2\/types\/post"}],"author":[{"embeddable":true,"href":"https:\/\/www.welovecycling.com\/cs\/wp-json\/wp\/v2\/users\/138"}],"replies":[{"embeddable":true,"href":"https:\/\/www.welovecycling.com\/cs\/wp-json\/wp\/v2\/comments?post=25866"}],"version-history":[{"count":4,"href":"https:\/\/www.welovecycling.com\/cs\/wp-json\/wp\/v2\/posts\/25866\/revisions"}],"predecessor-version":[{"id":25925,"href":"https:\/\/www.welovecycling.com\/cs\/wp-json\/wp\/v2\/posts\/25866\/revisions\/25925"}],"wp:featuredmedia":[{"embeddable":true,"href":"https:\/\/www.welovecycling.com\/cs\/wp-json\/wp\/v2\/media\/19946"}],"wp:attachment":[{"href":"https:\/\/www.welovecycling.com\/cs\/wp-json\/wp\/v2\/media?parent=25866"}],"wp:term":[{"taxonomy":"category","embeddable":true,"href":"https:\/\/www.welovecycling.com\/cs\/wp-json\/wp\/v2\/categories?post=25866"},{"taxonomy":"post_tag","embeddable":true,"href":"https:\/\/www.welovecycling.com\/cs\/wp-json\/wp\/v2\/tags?post=25866"},{"taxonomy":"global-categories","embeddable":true,"href":"https:\/\/www.welovecycling.com\/cs\/wp-json\/wp\/v2\/global-categories?post=25866"}],"curies":[{"name":"wp","href":"https:\/\/api.w.org\/{rel}","templated":true}]}}