{"id":25864,"date":"2024-06-21T12:00:19","date_gmt":"2024-06-21T10:00:19","guid":{"rendered":"https:\/\/www.welovecycling.com\/cs\/?p=25864"},"modified":"2024-06-21T10:57:33","modified_gmt":"2024-06-21T08:57:33","slug":"tour-de-france-2011-z-komatu-k-maillot-jaune","status":"publish","type":"post","link":"https:\/\/www.welovecycling.com\/cs\/2024\/06\/21\/tour-de-france-2011-z-komatu-k-maillot-jaune\/","title":{"rendered":"Tour de France 2011: Z\u202fk\u00f3matu k\u202fmaillot jaune\u00a0\u00a0"},"content":{"rendered":"<p><strong>Dlouho nen\u00ed mil\u00e1\u010dkem dav\u016f. A nen\u00ed divu, kdy\u017e jeho povaha je zna\u010dn\u011b nevypo\u010ditateln\u00e1. Ani v\u00fdhrami nem\u016f\u017ee kritiky uml\u010det. Sr\u00e1\u017e\u00ed jej vlastn\u00ed chyby. N\u011bkdy i sm\u016fla velk\u00e1 jako horsk\u00e9 \u0161t\u00edty, kter\u00e9 mus\u00ed na Star\u00e9 d\u00e1m\u011b zdolat. A\u017e Tour de France 2011 v\u0161echno zm\u011bn\u00ed a Cadel Evans p\u0159ep\u00ed\u0161e sportovn\u00ed historii Austr\u00e1lie.\u00a0<\/strong><\/p>\n<p><span data-contrast=\"auto\">Je prvn\u00edm z\u00e1stupcem od protino\u017ec\u016f, kter\u00fd kdy vyhr\u00e1l Tour de France. A t\u0159et\u00edm mimoevropsk\u00fdm z\u00e1vodn\u00edkem, kter\u00fd st\u00e1l v\u202fPa\u0159\u00ed\u017ei na nejvy\u0161\u0161\u00edm stup\u00ednku. Jen Ameri\u010dan\u00e9 Greg LeMond a Lance Armstrong, pozd\u011bji zbaven\u00fd v\u0161ech prvenstv\u00ed, to dok\u00e1zali. Ne\u017e se v\u0161ak stane t\u00e9m\u011b\u0159 v\u202fp\u011btat\u0159iceti letech nejstar\u0161\u00edm v\u00edt\u011bzem v\u202fpov\u00e1le\u010dn\u00e9 \u00e9\u0159e, mus\u00ed si proj\u00edt o\u010distcem.<\/span><span data-ccp-props=\"{&quot;201341983&quot;:0,&quot;335559739&quot;:160,&quot;335559740&quot;:256}\">\u00a0<\/span><\/p>\n<h2><strong>K\u016f\u0148 jej m\u00e1lem p\u0159ipravil o \u017eivot<\/strong><\/h2>\n<p><span data-contrast=\"auto\">Prvn\u00ed velk\u00fd boj vyhr\u00e1l Cadel Evans u\u017e jako d\u00edt\u011b. Tehdy \u017eil s\u202frodi\u010di na farm\u011b v\u202fdomorod\u00e9 komunit\u011b v\u202fSevern\u00edm teritoriu, kde jej kopl do hlavy k\u016f\u0148. Sedmilet\u00fd Cadel Evans byl sedm dn\u016f v\u202fk\u00f3matu, ale vyv\u00e1zl bez n\u00e1sledk\u016f.<\/span><span data-ccp-props=\"{&quot;201341983&quot;:0,&quot;335559739&quot;:160,&quot;335559740&quot;:256}\">\u00a0<\/span><\/p>\n<p><span data-contrast=\"auto\">Kdy\u017e se rodi\u010de rozvedou, s\u202fmatkou se usad\u00ed na p\u0159edm\u011bst\u00ed Melbourne. D\u011bl\u00e1 lump\u00e1rny na skateboardu a z\u00edsk\u00e1 stipendium v\u202fAustralsk\u00e9m sportovn\u00edm institutu horsk\u00fdch kol. Kdy\u017e testy uk\u00e1\u017eou, \u017ee m\u00e1 neb\u00fdvale vysok\u00fd objem plic a k\u202ftomu schopnost vyu\u017e\u00edt z\u202fka\u017ed\u00e9ho dechu v\u00edce kysl\u00edku ne\u017e v\u011bt\u0161ina populace, tren\u00e9\u0159i se zaraduj\u00ed. Za\u010dnou brousit zat\u00edm velice hrub\u00fd drahokam.<\/span><span data-ccp-props=\"{&quot;201341983&quot;:0,&quot;335559739&quot;:160,&quot;335559740&quot;:256}\">\u00a0<\/span><\/p>\n<p><span data-contrast=\"auto\">Na horsk\u00e9m kole z\u00e1\u0159\u00ed. V\u202fsezon\u011b 1998 a 1999 ovl\u00e1dne celkov\u00e9 po\u0159ad\u00ed Sv\u011btov\u00e9ho poh\u00e1ru horsk\u00fdch kol v\u202fcross country. Sb\u00edr\u00e1 jedno v\u00edt\u011bzstv\u00ed za druh\u00fdm. Na dom\u00e1c\u00ed olympi\u00e1d\u011b v\u202fSydney 2000 v\u0161ak na v\u00fdhru nedos\u00e1hne.<\/span><span data-ccp-props=\"{&quot;201341983&quot;:0,&quot;335559739&quot;:160,&quot;335559740&quot;:256}\">\u00a0<\/span><\/p>\n<p><span data-contrast=\"auto\">I proto se o rok pozd\u011bji zakousne do silni\u010dn\u00edho odv\u011btv\u00ed. A hned slav\u00ed triumf v\u202fsedmidenn\u00edm etap\u00e1ku \u00d6sterreich Rundfahrt. P\u0159id\u00e1 v\u00fdhru je\u0161t\u011b ve\u202fdvoudenn\u00edm z\u00e1vod\u011b Brixia, pak vyhraje jednor\u00e1zovku ve \u0160v\u00fdcarsku a pro dal\u0161\u00ed sezonu si jej do sestavy vyt\u00e1hne Mapei a tamn\u00ed tren\u00e9rsk\u00e9 legenda Aldo Sassi.<\/span><span data-ccp-props=\"{&quot;201341983&quot;:0,&quot;335559739&quot;:160,&quot;335559740&quot;:256}\">\u00a0<\/span><\/p>\n<figure id=\"attachment_25884\" aria-describedby=\"caption-attachment-25884\" style=\"width: 1361px\" class=\"wp-caption alignnone\"><a href=\"https:\/\/d2p6e6u75xmxt8.cloudfront.net\/13\/2024\/06\/profimedia-0224094673.webp\"><img loading=\"lazy\" decoding=\"async\" class=\"size-full wp-image-25884\" src=\"https:\/\/d2p6e6u75xmxt8.cloudfront.net\/13\/2024\/06\/profimedia-0224094673.webp\" alt=\"Cadel Evans\" width=\"1361\" height=\"1800\" srcset=\"https:\/\/d2p6e6u75xmxt8.cloudfront.net\/13\/2024\/06\/profimedia-0224094673.webp 1361w, https:\/\/d2p6e6u75xmxt8.cloudfront.net\/13\/2024\/06\/profimedia-0224094673-227x300.webp 227w, https:\/\/d2p6e6u75xmxt8.cloudfront.net\/13\/2024\/06\/profimedia-0224094673-774x1024.webp 774w, https:\/\/d2p6e6u75xmxt8.cloudfront.net\/13\/2024\/06\/profimedia-0224094673-768x1016.webp 768w, https:\/\/d2p6e6u75xmxt8.cloudfront.net\/13\/2024\/06\/profimedia-0224094673-1161x1536.webp 1161w, https:\/\/d2p6e6u75xmxt8.cloudfront.net\/13\/2024\/06\/profimedia-0224094673-302x400.webp 302w\" sizes=\"auto, (max-width: 1361px) 100vw, 1361px\" \/><\/a><figcaption id=\"caption-attachment-25884\" class=\"wp-caption-text\"><em>Cadel Evans vyhr\u00e1l Tour de France 2011 i p\u0159es technick\u00e9 pot\u00ed\u017ee v devaten\u00e1ct\u00e9 etap\u011b. Foto: profimedia (2x)<\/em><\/figcaption><\/figure>\n<p><span data-contrast=\"auto\">Na v\u0161ech Grand Tour \u2013 italsk\u00e9m Giru, Tour de France a \u0161pan\u011blsk\u00e9 Vuelt\u011b \u2013 jel Cadel Evans v\u202fdresu l\u00eddra. Nikdy jej v\u0161ak neudr\u017eel. P\u0159i Tour de France 2007 a 2008 byl v\u202fPa\u0159\u00ed\u017ei druh\u00fd, p\u0159i\u010dem\u017e manko na v\u00edt\u011bze bylo tak nicotn\u00e9, \u017ee se za\u0159adil mezi Top deset nejt\u011bsn\u011bj\u0161\u00edch dojezd\u016f historie Star\u00e9 d\u00e1my.<\/span><span data-ccp-props=\"{&quot;201341983&quot;:0,&quot;335559739&quot;:160,&quot;335559740&quot;:256}\">\u00a0<\/span><\/p>\n<p><span data-contrast=\"auto\">A kdy\u017e dorazil jako \u00fa\u0159aduj\u00edc\u00ed mistr sv\u011bta na start ro\u010dn\u00edku 2010 coby l\u00eddr nov\u00e9ho t\u00fdmu BMC, spadl tak ne\u0161ikovn\u011b, \u017ee si p\u0159ivodil vlasovou zlomeninu lokte, a do Pa\u0159\u00ed\u017ee dojel jen proto, aby neztratil mor\u00e1ln\u00ed kredit. Dal\u0161\u00ed r\u00e1nu osudu pak schytal, kdy\u017e jeho osobn\u00ed tren\u00e9r Aldo Sassi zem\u0159el na rakovinu. To italsk\u00fd kou\u010d, kter\u00fd byl za zrodem slavn\u00e9 st\u00e1je Mapei, v\u0161t\u011bpoval Evansovi, \u017ee je p\u0159edur\u010den k\u202fv\u00edt\u011bzstv\u00ed v\u202fTour de France.<\/span><span data-ccp-props=\"{&quot;201341983&quot;:0,&quot;335559739&quot;:160,&quot;335559740&quot;:256}\">\u00a0<\/span><\/p>\n<h2><strong>Cadel Evans a v\u00fdkon lokomotivy<\/strong><\/h2>\n<p><span data-contrast=\"auto\">P\u00ed\u0161e se b\u0159ezen a je \u010das pro Tirreno-Adriatico. Sedm d\u00edl\u016f \u010d\u00edtaj\u00edc\u00ed etap\u00e1k, kter\u00fd Evans ovl\u00e1dne. Stejn\u011b jako kv\u011btnov\u00fd z\u00e1vod Kolem Romandie. Ale v\u202fgener\u00e1lce p\u0159ed Tour p\u0159i Crit\u00e9rium du Dauphin\u00e9 kon\u010d\u00ed druh\u00fd&#8230; \u017de by o\u017eilo v\u011b\u010dn\u00e9 proklet\u00ed?<\/span><span data-ccp-props=\"{&quot;201341983&quot;:0,&quot;335559739&quot;:160,&quot;335559740&quot;:256}\">\u00a0<\/span><\/p>\n<p><span data-contrast=\"auto\">Od za\u010d\u00e1tku Tour de France 2011 se dr\u017e\u00ed na druh\u00e9 \u010di t\u0159et\u00ed p\u0159\u00ed\u010dce. P\u0159i \u010dtvrt\u00e9m d\u011bjstv\u00ed podruh\u00e9 v\u202fkari\u00e9\u0159e slav\u00ed etapov\u00e9 prvenstv\u00ed. Do \u017elut\u00e9ho v\u0161ak po\u0159\u00e1d n\u011bco chyb\u00ed. Maillot jaune m\u00e1 toti\u017e Thomas Voeckler. Dom\u00e1c\u00ed mil\u00e1\u010dek, kter\u00fd bav\u00ed davy divok\u00fdmi n\u00e1stupy a bl\u00e1zniv\u00fdmi grimasami.<\/span><span data-ccp-props=\"{&quot;201341983&quot;:0,&quot;335559739&quot;:160,&quot;335559740&quot;:256}\">\u00a0<\/span><\/p>\n<p><span data-contrast=\"auto\">Ale francouzsk\u00e9ho v\u00edt\u011bze Tour m\u00edt nebude. B\u011bhem osmn\u00e1ct\u00e9ho d\u011bjstv\u00ed Andy Schleck a jeho bratr Fr\u00e4nk \u00fato\u010d\u00ed. Jejich ter\u010dem nen\u00ed Voeckler, jemu\u017e postupn\u011b doch\u00e1zej\u00ed s\u00edly, ale pr\u00e1v\u011b Evans. Australanovi nikdo nepom\u016f\u017ee. I t\u00fdmov\u00ed kolegov\u00e9 u\u017e jsou na pokraji sil. P\u0159esto ztrat\u00ed jen 57 vte\u0159in na Andyho Schlecka.<\/span><span data-ccp-props=\"{&quot;201341983&quot;:0,&quot;335559739&quot;:160,&quot;335559740&quot;:256}\">\u00a0<\/span><\/p>\n<p><span data-contrast=\"auto\">Na \u00favod dal\u0161\u00ed etapy \u010d\u00edh\u00e1 legend\u00e1rn\u00ed T\u00e9legraphe. Australan hned v\u202f\u00favodu mus\u00ed sesednout. Nejprve se sna\u017e\u00ed kolo opravit s\u00e1m, pak bere rezervu z\u202fdoprovodn\u00e9ho vozu. Evans kleje a d\u0161t\u00ed s\u00edru. Ale tak\u00e9 tla\u010d\u00ed do ped\u00e1l\u016f jako ma\u0161ina. Andy Schleck sice po v\u00fdstupu na Alpe d\u00b4Huez obl\u00e9kne \u017elut\u00fd trikot, jen\u017ee najet dal\u0161\u00ed vte\u0159iny nedok\u00e1\u017ee.\u00a0<\/span><span data-ccp-props=\"{&quot;201341983&quot;:0,&quot;335559739&quot;:160,&quot;335559740&quot;:256}\">\u00a0<\/span><\/p>\n<p><span data-contrast=\"auto\">A dal\u0161\u00ed den rozehraje Cadel Evans velkolep\u00e9 p\u0159edstaven\u00ed. V\u202f\u010dasovce uk\u00e1\u017ee v\u00fdkon lokomotivy s\u202fnadlidsk\u00fdmi pl\u00edcemi. Lucembursk\u00fd cyklista se psychicky zlom\u00ed. Australan let\u00ed jako \u010fas, najede na soka 158 vte\u0159in. A slav\u00ed maillot jaune.<\/span><span data-ccp-props=\"{&quot;201341983&quot;:0,&quot;335559739&quot;:160,&quot;335559740&quot;:256}\">\u00a0<\/span><\/p>\n<p><span data-contrast=\"auto\">\u00a0Dal\u0161\u00ed den v\u202fPa\u0159\u00ed\u017ei jej kluk, kter\u00fd p\u0159e\u017eil vlastn\u00ed smrt, v\u011bnuje zesnul\u00e9mu tren\u00e9rovi.<\/span><span data-ccp-props=\"{&quot;201341983&quot;:0,&quot;335559739&quot;:160,&quot;335559740&quot;:256}\">\u00a0<\/span><\/p>\n<h2><b><span data-contrast=\"auto\">V\u00fdsledky Tour de France 2011<\/span><\/b><span data-ccp-props=\"{&quot;201341983&quot;:0,&quot;335559739&quot;:160,&quot;335559740&quot;:256}\">\u00a0<\/span><\/h2>\n<p><b><span data-contrast=\"auto\">Absolutn\u00ed po\u0159ad\u00ed<\/span><\/b><span data-contrast=\"auto\">: 1. Cadel Evans (Austr., BMC Racing), 2. Andy Schleck (Luc., Leopard Trek), 3. Fr\u00e4nk Schleck (Luc., Leopard Trek), &#8230;112. Roman Kreuziger (\u010cR, Astana)<\/span><span data-ccp-props=\"{&quot;201341983&quot;:0,&quot;335559739&quot;:160,&quot;335559740&quot;:256}\">\u00a0<\/span><\/p>\n<p><b><span data-contrast=\"auto\">Zelen\u00fd dres<\/span><\/b><span data-contrast=\"auto\">: 1. Mark Cavendish (Vel. Brit., HTC High Road), 2. Jos\u00e9 Rojas (\u0160p., Movistar), 3. Philippe Gilbert (Bel., Omega Pharma-Lotto).<\/span><span data-ccp-props=\"{&quot;201341983&quot;:0,&quot;335559739&quot;:160,&quot;335559740&quot;:256}\">\u00a0<\/span><\/p>\n<p><b><span data-contrast=\"auto\">B\u00edl\u00fd dres \u0160koda Auto<\/span><\/b><span data-contrast=\"auto\">: 1. Pierre Rolland (Fr., Europcar), 2. Rein Taaram\u00e4e (Est., Cofidis), 3. J\u00e9rome Coppel (Fr., Saur Sojasun).<\/span><span data-ccp-props=\"{&quot;201341983&quot;:0,&quot;335559739&quot;:160,&quot;335559740&quot;:256}\">\u00a0<\/span><\/p>\n<p><b><span data-contrast=\"auto\">Vrcha\u0159sk\u00e1 sout\u011b\u017e<\/span><\/b><span data-contrast=\"auto\">: 1. Samuel S\u00e1nchez (\u0160p., Euskaltel Euskadi), 2. Andy Schleck (Luc., Leopard Trek), 3. Jelle Vanendert (Bel., Omega Pharma Lotto).<\/span><span data-ccp-props=\"{&quot;201341983&quot;:0,&quot;335559739&quot;:160,&quot;335559740&quot;:256}\">\u00a0<\/span><\/p>\n","protected":false},"excerpt":{"rendered":"<p>Dlouho nen\u00ed mil\u00e1\u010dkem dav\u016f. A nen\u00ed divu, kdy\u017e jeho povaha je zna\u010dn\u011b nevypo\u010ditateln\u00e1. Ani v\u00fdhrami nem\u016f\u017ee kritiky uml\u010det. Sr\u00e1\u017e\u00ed jej [&hellip;]<\/p>\n","protected":false},"author":138,"featured_media":25885,"comment_status":"open","ping_status":"open","sticky":false,"template":"","format":"standard","meta":{"footnotes":""},"categories":[10,1711],"tags":[3625,126,9,23,3626],"global-categories":[411],"class_list":["post-25864","post","type-post","status-publish","format-standard","has-post-thumbnail","hentry","category-silnicni-cyklistika","category-tour-de-france","tag-cadel-evans","tag-cyklistika","tag-silnicni-cyklistika","tag-tour-de-france","tag-tour-de-france-2011","global-categories-cycling"],"yoast_head":"<!-- This site is optimized with the Yoast SEO Premium plugin v25.3 (Yoast SEO v25.9) - https:\/\/yoast.com\/wordpress\/plugins\/seo\/ -->\n<title>Tour de France 2011: Z\u202fk\u00f3matu k\u202fmaillot jaune\u00a0\u00a0 | \u0160koda We Love Cycling - \u010cesk\u00e1 republika<\/title>\n<meta name=\"description\" content=\"Dlouho nen\u00ed mil\u00e1\u010dkem dav\u016f. A nen\u00ed divu, kdy\u017e jeho povaha je zna\u010dn\u011b nevypo\u010ditateln\u00e1. Ani v\u00fdhrami nem\u016f\u017ee kritiky uml\u010det. Sr\u00e1\u017e\u00ed jej vlastn\u00ed chyby. N\u011bkdy i sm\u016fla velk\u00e1 jako horsk\u00e9 \u0161t\u00edty, kter\u00e9 mus\u00ed na Star\u00e9 d\u00e1m\u011b zdolat. A\u017e Tour de France 2011 v\u0161echno zm\u011bn\u00ed a Cadel Evans p\u0159ep\u00ed\u0161e sportovn\u00ed historii Austr\u00e1lie.\u00a0\" \/>\n<meta name=\"robots\" content=\"index, follow, max-snippet:-1, max-image-preview:large, max-video-preview:-1\" \/>\n<link rel=\"canonical\" href=\"https:\/\/www.welovecycling.com\/cs\/2024\/06\/21\/tour-de-france-2011-z-komatu-k-maillot-jaune\/\" \/>\n<meta property=\"og:locale\" content=\"cs_CZ\" \/>\n<meta property=\"og:type\" content=\"article\" \/>\n<meta property=\"og:title\" content=\"Tour de France 2011: Z\u202fk\u00f3matu k\u202fmaillot jaune\u00a0\u00a0\" \/>\n<meta property=\"og:description\" content=\"Dlouho nen\u00ed mil\u00e1\u010dkem dav\u016f. A nen\u00ed divu, kdy\u017e jeho povaha je zna\u010dn\u011b nevypo\u010ditateln\u00e1. Ani v\u00fdhrami nem\u016f\u017ee kritiky uml\u010det. Sr\u00e1\u017e\u00ed jej vlastn\u00ed chyby. N\u011bkdy i sm\u016fla velk\u00e1 jako horsk\u00e9 \u0161t\u00edty, kter\u00e9 mus\u00ed na Star\u00e9 d\u00e1m\u011b zdolat. A\u017e Tour de France 2011 v\u0161echno zm\u011bn\u00ed a Cadel Evans p\u0159ep\u00ed\u0161e sportovn\u00ed historii Austr\u00e1lie.\u00a0\" \/>\n<meta property=\"og:url\" content=\"https:\/\/www.welovecycling.com\/cs\/2024\/06\/21\/tour-de-france-2011-z-komatu-k-maillot-jaune\/\" \/>\n<meta property=\"og:site_name\" content=\"\u0160koda We Love Cycling - \u010cesk\u00e1 republika\" \/>\n<meta property=\"article:published_time\" content=\"2024-06-21T10:00:19+00:00\" \/>\n<meta property=\"og:image\" content=\"https:\/\/d2p6e6u75xmxt8.cloudfront.net\/13\/2024\/06\/profimedia-0100443572.webp\" \/>\n\t<meta property=\"og:image:width\" content=\"1800\" \/>\n\t<meta property=\"og:image:height\" content=\"1040\" \/>\n\t<meta property=\"og:image:type\" content=\"image\/webp\" \/>\n<meta name=\"author\" content=\"radekmalina\" \/>\n<meta name=\"twitter:card\" content=\"summary_large_image\" \/>\n<meta name=\"twitter:label1\" content=\"Written by\" \/>\n\t<meta name=\"twitter:data1\" content=\"Radek Malina\" \/>\n\t<meta name=\"twitter:label2\" content=\"Est. reading time\" \/>\n\t<meta name=\"twitter:data2\" content=\"6\" \/>\n<script type=\"application\/ld+json\" class=\"yoast-schema-graph\">{\"@context\":\"https:\/\/schema.org\",\"@graph\":[{\"@type\":\"WebPage\",\"@id\":\"https:\/\/www.welovecycling.com\/cs\/2024\/06\/21\/tour-de-france-2011-z-komatu-k-maillot-jaune\/\",\"url\":\"https:\/\/www.welovecycling.com\/cs\/2024\/06\/21\/tour-de-france-2011-z-komatu-k-maillot-jaune\/\",\"name\":\"Tour de France 2011: Z\u202fk\u00f3matu k\u202fmaillot jaune\u00a0\u00a0 | \u0160koda We Love Cycling - \u010cesk\u00e1 republika\",\"isPartOf\":{\"@id\":\"https:\/\/www.welovecycling.com\/cs\/#website\"},\"primaryImageOfPage\":{\"@id\":\"https:\/\/www.welovecycling.com\/cs\/2024\/06\/21\/tour-de-france-2011-z-komatu-k-maillot-jaune\/#primaryimage\"},\"image\":{\"@id\":\"https:\/\/www.welovecycling.com\/cs\/2024\/06\/21\/tour-de-france-2011-z-komatu-k-maillot-jaune\/#primaryimage\"},\"thumbnailUrl\":\"https:\/\/d2p6e6u75xmxt8.cloudfront.net\/13\/2024\/06\/profimedia-0100443572.webp\",\"datePublished\":\"2024-06-21T10:00:19+00:00\",\"author\":{\"@id\":\"https:\/\/www.welovecycling.com\/cs\/#\/schema\/person\/d9eeb0a378f3a7e4a6d12d2b536b04b8\"},\"description\":\"Dlouho nen\u00ed mil\u00e1\u010dkem dav\u016f. A nen\u00ed divu, kdy\u017e jeho povaha je zna\u010dn\u011b nevypo\u010ditateln\u00e1. Ani v\u00fdhrami nem\u016f\u017ee kritiky uml\u010det. Sr\u00e1\u017e\u00ed jej vlastn\u00ed chyby. N\u011bkdy i sm\u016fla velk\u00e1 jako horsk\u00e9 \u0161t\u00edty, kter\u00e9 mus\u00ed na Star\u00e9 d\u00e1m\u011b zdolat. A\u017e Tour de France 2011 v\u0161echno zm\u011bn\u00ed a Cadel Evans p\u0159ep\u00ed\u0161e sportovn\u00ed historii Austr\u00e1lie.\u00a0\",\"inLanguage\":\"cs\",\"potentialAction\":[{\"@type\":\"ReadAction\",\"target\":[\"https:\/\/www.welovecycling.com\/cs\/2024\/06\/21\/tour-de-france-2011-z-komatu-k-maillot-jaune\/\"]}]},{\"@type\":\"ImageObject\",\"inLanguage\":\"cs\",\"@id\":\"https:\/\/www.welovecycling.com\/cs\/2024\/06\/21\/tour-de-france-2011-z-komatu-k-maillot-jaune\/#primaryimage\",\"url\":\"https:\/\/d2p6e6u75xmxt8.cloudfront.net\/13\/2024\/06\/profimedia-0100443572.webp\",\"contentUrl\":\"https:\/\/d2p6e6u75xmxt8.cloudfront.net\/13\/2024\/06\/profimedia-0100443572.webp\",\"width\":1800,\"height\":1040,\"caption\":\"Cadel Evans\"},{\"@type\":\"WebSite\",\"@id\":\"https:\/\/www.welovecycling.com\/cs\/#website\",\"url\":\"https:\/\/www.welovecycling.com\/cs\/\",\"name\":\"\u0160koda We Love Cycling - \u010cesk\u00e1 republika\",\"description\":\"WeLoveCycling.cz je online magaz\u00edn, kter\u00fd v\u00e1m pravideln\u011b p\u0159in\u00e1\u0161\u00ed rady a tipy, zaj\u00edmav\u00e9 \u010dl\u00e1nky, videa a jedine\u010dn\u00e9 report\u00e1\u017ee ze sv\u011bta cyklistiky.\",\"potentialAction\":[{\"@type\":\"SearchAction\",\"target\":{\"@type\":\"EntryPoint\",\"urlTemplate\":\"https:\/\/www.welovecycling.com\/cs\/?s={search_term_string}\"},\"query-input\":{\"@type\":\"PropertyValueSpecification\",\"valueRequired\":true,\"valueName\":\"search_term_string\"}}],\"inLanguage\":\"cs\"},{\"@type\":\"Person\",\"@id\":\"https:\/\/www.welovecycling.com\/cs\/#\/schema\/person\/d9eeb0a378f3a7e4a6d12d2b536b04b8\",\"name\":\"radekmalina\",\"image\":{\"@type\":\"ImageObject\",\"inLanguage\":\"cs\",\"@id\":\"https:\/\/www.welovecycling.com\/cs\/#\/schema\/person\/image\/\",\"url\":\"https:\/\/secure.gravatar.com\/avatar\/66994b632cb8c39a46b9f54afa3ae07201b678d32a54275b6f1c9ffec356bfc0?s=96&d=mm&r=g\",\"contentUrl\":\"https:\/\/secure.gravatar.com\/avatar\/66994b632cb8c39a46b9f54afa3ae07201b678d32a54275b6f1c9ffec356bfc0?s=96&d=mm&r=g\",\"caption\":\"radekmalina\"},\"url\":\"https:\/\/www.welovecycling.com\/cs\/author\/radekmalina\/\"}]}<\/script>\n<!-- \/ Yoast SEO Premium plugin. -->","yoast_head_json":{"title":"Tour de France 2011: Z\u202fk\u00f3matu k\u202fmaillot jaune\u00a0\u00a0 | \u0160koda We Love Cycling - \u010cesk\u00e1 republika","description":"Dlouho nen\u00ed mil\u00e1\u010dkem dav\u016f. A nen\u00ed divu, kdy\u017e jeho povaha je zna\u010dn\u011b nevypo\u010ditateln\u00e1. Ani v\u00fdhrami nem\u016f\u017ee kritiky uml\u010det. Sr\u00e1\u017e\u00ed jej vlastn\u00ed chyby. N\u011bkdy i sm\u016fla velk\u00e1 jako horsk\u00e9 \u0161t\u00edty, kter\u00e9 mus\u00ed na Star\u00e9 d\u00e1m\u011b zdolat. A\u017e Tour de France 2011 v\u0161echno zm\u011bn\u00ed a Cadel Evans p\u0159ep\u00ed\u0161e sportovn\u00ed historii Austr\u00e1lie.\u00a0","robots":{"index":"index","follow":"follow","max-snippet":"max-snippet:-1","max-image-preview":"max-image-preview:large","max-video-preview":"max-video-preview:-1"},"canonical":"https:\/\/www.welovecycling.com\/cs\/2024\/06\/21\/tour-de-france-2011-z-komatu-k-maillot-jaune\/","og_locale":"cs_CZ","og_type":"article","og_title":"Tour de France 2011: Z\u202fk\u00f3matu k\u202fmaillot jaune\u00a0\u00a0","og_description":"Dlouho nen\u00ed mil\u00e1\u010dkem dav\u016f. A nen\u00ed divu, kdy\u017e jeho povaha je zna\u010dn\u011b nevypo\u010ditateln\u00e1. Ani v\u00fdhrami nem\u016f\u017ee kritiky uml\u010det. Sr\u00e1\u017e\u00ed jej vlastn\u00ed chyby. N\u011bkdy i sm\u016fla velk\u00e1 jako horsk\u00e9 \u0161t\u00edty, kter\u00e9 mus\u00ed na Star\u00e9 d\u00e1m\u011b zdolat. A\u017e Tour de France 2011 v\u0161echno zm\u011bn\u00ed a Cadel Evans p\u0159ep\u00ed\u0161e sportovn\u00ed historii Austr\u00e1lie.\u00a0","og_url":"https:\/\/www.welovecycling.com\/cs\/2024\/06\/21\/tour-de-france-2011-z-komatu-k-maillot-jaune\/","og_site_name":"\u0160koda We Love Cycling - \u010cesk\u00e1 republika","article_published_time":"2024-06-21T10:00:19+00:00","og_image":[{"width":1800,"height":1040,"url":"https:\/\/d2p6e6u75xmxt8.cloudfront.net\/13\/2024\/06\/profimedia-0100443572.webp","type":"image\/webp"}],"author":"radekmalina","twitter_card":"summary_large_image","twitter_misc":{"Written by":"Radek Malina","Est. reading time":"6"},"schema":{"@context":"https:\/\/schema.org","@graph":[{"@type":"WebPage","@id":"https:\/\/www.welovecycling.com\/cs\/2024\/06\/21\/tour-de-france-2011-z-komatu-k-maillot-jaune\/","url":"https:\/\/www.welovecycling.com\/cs\/2024\/06\/21\/tour-de-france-2011-z-komatu-k-maillot-jaune\/","name":"Tour de France 2011: Z\u202fk\u00f3matu k\u202fmaillot jaune\u00a0\u00a0 | \u0160koda We Love Cycling - \u010cesk\u00e1 republika","isPartOf":{"@id":"https:\/\/www.welovecycling.com\/cs\/#website"},"primaryImageOfPage":{"@id":"https:\/\/www.welovecycling.com\/cs\/2024\/06\/21\/tour-de-france-2011-z-komatu-k-maillot-jaune\/#primaryimage"},"image":{"@id":"https:\/\/www.welovecycling.com\/cs\/2024\/06\/21\/tour-de-france-2011-z-komatu-k-maillot-jaune\/#primaryimage"},"thumbnailUrl":"https:\/\/d2p6e6u75xmxt8.cloudfront.net\/13\/2024\/06\/profimedia-0100443572.webp","datePublished":"2024-06-21T10:00:19+00:00","author":{"@id":"https:\/\/www.welovecycling.com\/cs\/#\/schema\/person\/d9eeb0a378f3a7e4a6d12d2b536b04b8"},"description":"Dlouho nen\u00ed mil\u00e1\u010dkem dav\u016f. A nen\u00ed divu, kdy\u017e jeho povaha je zna\u010dn\u011b nevypo\u010ditateln\u00e1. Ani v\u00fdhrami nem\u016f\u017ee kritiky uml\u010det. Sr\u00e1\u017e\u00ed jej vlastn\u00ed chyby. N\u011bkdy i sm\u016fla velk\u00e1 jako horsk\u00e9 \u0161t\u00edty, kter\u00e9 mus\u00ed na Star\u00e9 d\u00e1m\u011b zdolat. A\u017e Tour de France 2011 v\u0161echno zm\u011bn\u00ed a Cadel Evans p\u0159ep\u00ed\u0161e sportovn\u00ed historii Austr\u00e1lie.\u00a0","inLanguage":"cs","potentialAction":[{"@type":"ReadAction","target":["https:\/\/www.welovecycling.com\/cs\/2024\/06\/21\/tour-de-france-2011-z-komatu-k-maillot-jaune\/"]}]},{"@type":"ImageObject","inLanguage":"cs","@id":"https:\/\/www.welovecycling.com\/cs\/2024\/06\/21\/tour-de-france-2011-z-komatu-k-maillot-jaune\/#primaryimage","url":"https:\/\/d2p6e6u75xmxt8.cloudfront.net\/13\/2024\/06\/profimedia-0100443572.webp","contentUrl":"https:\/\/d2p6e6u75xmxt8.cloudfront.net\/13\/2024\/06\/profimedia-0100443572.webp","width":1800,"height":1040,"caption":"Cadel Evans"},{"@type":"WebSite","@id":"https:\/\/www.welovecycling.com\/cs\/#website","url":"https:\/\/www.welovecycling.com\/cs\/","name":"\u0160koda We Love Cycling - \u010cesk\u00e1 republika","description":"WeLoveCycling.cz je online magaz\u00edn, kter\u00fd v\u00e1m pravideln\u011b p\u0159in\u00e1\u0161\u00ed rady a tipy, zaj\u00edmav\u00e9 \u010dl\u00e1nky, videa a jedine\u010dn\u00e9 report\u00e1\u017ee ze sv\u011bta cyklistiky.","potentialAction":[{"@type":"SearchAction","target":{"@type":"EntryPoint","urlTemplate":"https:\/\/www.welovecycling.com\/cs\/?s={search_term_string}"},"query-input":{"@type":"PropertyValueSpecification","valueRequired":true,"valueName":"search_term_string"}}],"inLanguage":"cs"},{"@type":"Person","@id":"https:\/\/www.welovecycling.com\/cs\/#\/schema\/person\/d9eeb0a378f3a7e4a6d12d2b536b04b8","name":"radekmalina","image":{"@type":"ImageObject","inLanguage":"cs","@id":"https:\/\/www.welovecycling.com\/cs\/#\/schema\/person\/image\/","url":"https:\/\/secure.gravatar.com\/avatar\/66994b632cb8c39a46b9f54afa3ae07201b678d32a54275b6f1c9ffec356bfc0?s=96&d=mm&r=g","contentUrl":"https:\/\/secure.gravatar.com\/avatar\/66994b632cb8c39a46b9f54afa3ae07201b678d32a54275b6f1c9ffec356bfc0?s=96&d=mm&r=g","caption":"radekmalina"},"url":"https:\/\/www.welovecycling.com\/cs\/author\/radekmalina\/"}]}},"_links":{"self":[{"href":"https:\/\/www.welovecycling.com\/cs\/wp-json\/wp\/v2\/posts\/25864","targetHints":{"allow":["GET"]}}],"collection":[{"href":"https:\/\/www.welovecycling.com\/cs\/wp-json\/wp\/v2\/posts"}],"about":[{"href":"https:\/\/www.welovecycling.com\/cs\/wp-json\/wp\/v2\/types\/post"}],"author":[{"embeddable":true,"href":"https:\/\/www.welovecycling.com\/cs\/wp-json\/wp\/v2\/users\/138"}],"replies":[{"embeddable":true,"href":"https:\/\/www.welovecycling.com\/cs\/wp-json\/wp\/v2\/comments?post=25864"}],"version-history":[{"count":4,"href":"https:\/\/www.welovecycling.com\/cs\/wp-json\/wp\/v2\/posts\/25864\/revisions"}],"predecessor-version":[{"id":25915,"href":"https:\/\/www.welovecycling.com\/cs\/wp-json\/wp\/v2\/posts\/25864\/revisions\/25915"}],"wp:featuredmedia":[{"embeddable":true,"href":"https:\/\/www.welovecycling.com\/cs\/wp-json\/wp\/v2\/media\/25885"}],"wp:attachment":[{"href":"https:\/\/www.welovecycling.com\/cs\/wp-json\/wp\/v2\/media?parent=25864"}],"wp:term":[{"taxonomy":"category","embeddable":true,"href":"https:\/\/www.welovecycling.com\/cs\/wp-json\/wp\/v2\/categories?post=25864"},{"taxonomy":"post_tag","embeddable":true,"href":"https:\/\/www.welovecycling.com\/cs\/wp-json\/wp\/v2\/tags?post=25864"},{"taxonomy":"global-categories","embeddable":true,"href":"https:\/\/www.welovecycling.com\/cs\/wp-json\/wp\/v2\/global-categories?post=25864"}],"curies":[{"name":"wp","href":"https:\/\/api.w.org\/{rel}","templated":true}]}}