{"id":25814,"date":"2024-06-17T09:26:03","date_gmt":"2024-06-17T07:26:03","guid":{"rendered":"https:\/\/www.welovecycling.com\/cs\/?p=25814"},"modified":"2024-06-17T09:26:03","modified_gmt":"2024-06-17T07:26:03","slug":"tour-de-france-2008-vzpoura-cisteho-starce-zaskoci-mlade-bratry","status":"publish","type":"post","link":"https:\/\/www.welovecycling.com\/cs\/2024\/06\/17\/tour-de-france-2008-vzpoura-cisteho-starce-zaskoci-mlade-bratry\/","title":{"rendered":"Tour de France 2008: Vzpoura \u010dist\u00e9ho starce zasko\u010d\u00ed mlad\u00e9 bratry"},"content":{"rendered":"<p><strong>Trefa v\u202fcyklistick\u00e9m superjackpotu? V\u00edt\u011bzstv\u00ed na Tour de France 2008! Carlos Sastre jel b\u011bhem kari\u00e9ry u\u017e sedmn\u00e1ct Grand Tour! Sb\u00edrka jeho \u00fasp\u011bch\u016f? Velice skromn\u00e1: triumf v\u202fsout\u011b\u017e\u00ed vrcha\u0159\u016f na Tour de France star\u00fd osm let, dva etapov\u00e9 triumfy ze Star\u00e9 d\u00e1my. A te\u010f, navzdory t\u00fdmov\u00e9 hierarchii a p\u0159\u00e1n\u00ed t\u00fdmov\u00fdch boss\u016f, maillot jaune.\u00a0<\/strong><\/p>\n<p><span data-contrast=\"auto\">Kdy\u017e se rozj\u00ed\u017ed\u00ed kola na Tour de France 2008, ve startovn\u00ed listin\u011b nen\u00ed obh\u00e1jce v\u00edt\u011bzstv\u00ed Alberto Contador ani jeho t\u00fdm Astana. Organiz\u00e1to\u0159i nepozvali nikoho, kdo byl zapojen\u00fd do kauzy Operaci\u00f3n Puerto. A tak m\u00e1 b\u00fdt bitva o slavn\u00e9 v\u00edt\u011bzstv\u00ed mimo\u0159\u00e1dn\u011b otev\u0159en\u00e1. I \u0160pan\u011bl Carlos Sastre pat\u0159\u00ed mezi spolufavority.<\/span><span data-ccp-props=\"{&quot;201341983&quot;:0,&quot;335559739&quot;:160,&quot;335559740&quot;:256}\">\u00a0<\/span><\/p>\n<p><span data-contrast=\"auto\">Celkem \u0161est jmen se vyst\u0159\u00edd\u00e1 v\u202f\u010dele pr\u016fb\u011b\u017en\u00e9ho po\u0159ad\u00ed b\u011bhem \u0161estn\u00e1cti etap. Zb\u00fdvaj\u00ed \u010dty\u0159i, kdy\u017e maillot jaune dr\u017e\u00ed Fr\u00e4nk Schleck. Osmadvacetilet\u00fd univerz\u00e1l a skv\u011bl\u00fd vrcha\u0159. Z\u00e1da mu kryje jeho bratr a t\u00fdmov\u00fd par\u0165\u00e1k Andy. \u017divotn\u00ed v\u00edt\u011bzstv\u00ed dost\u00e1v\u00e1 re\u00e1ln\u00e9 obrysy.<\/span><span data-ccp-props=\"{&quot;201341983&quot;:0,&quot;335559739&quot;:160,&quot;335559740&quot;:256}\">\u00a0<\/span><\/p>\n<p><span data-contrast=\"auto\">Ale je tu vrcha\u0159sk\u00e1 tortura. Celkem 210 kilometr\u016f z\u202fEmbrunu a\u017e do legend\u00e1rn\u00edho Alpe d\u00b4Huez. Cyklist\u00e9 mus\u00ed zdolat 5405 v\u00fd\u0161kov\u00fdch metr\u016f. Lucembur\u0161t\u00ed brat\u0159i se chystaj\u00ed h\u00e1jit \u017elut\u00fd trikot. Jen\u017ee ouha&#8230;<\/span><span data-ccp-props=\"{&quot;201341983&quot;:0,&quot;335559739&quot;:160,&quot;335559740&quot;:256}\">\u00a0<\/span><\/p>\n<h2><strong>V\u0161echno jsem v\u00e1s nau\u010dil, obhajuje revoltu<\/strong><\/h2>\n<p><span data-contrast=\"auto\">Carlos Sastre, jejich kolega v t\u00fdmu CSC, m\u00e1 jin\u00fd pl\u00e1n. V\u202fz\u00e1v\u011bre\u010dn\u00e9m stoup\u00e1n\u00ed dne se znenad\u00e1n\u00ed zvedne ze\u202fsedle a vyraz\u00ed. \u0160okuje soupe\u0159e, ale i t\u00fdmov\u00e9 kolegy. Nasad\u00ed ohromuj\u00edc\u00ed tempo. Serpentinami mezi des\u00edtkami tis\u00edc div\u00e1k\u016f let\u00ed k\u202fvrcholu. S\u202fka\u017ed\u00fdm \u0161l\u00e1pnut\u00edm buduje v\u011bt\u0161\u00ed n\u00e1skok. V\u202fc\u00edli je o dv\u011b minuty rychleji ne\u017e prvn\u00ed z\u202fpron\u00e1sledovatel\u016f.<\/span><span data-ccp-props=\"{&quot;201341983&quot;:0,&quot;335559739&quot;:160,&quot;335559740&quot;:256}\">\u00a0<\/span><\/p>\n<p><span data-contrast=\"auto\">\u0160pan\u011bl u\u017e m\u011bl dost pozice, kdy byl v\u011b\u010dn\u011b druhou volbou sportovn\u00edch \u0159editel\u016f. \u201eCht\u011bl jsem si splnit sny,\u201c vysv\u011btluje pozd\u011bji d\u016fvod, pro\u010d se vzep\u0159el lucembursk\u00e9 protekci. \u201eZaslou\u017eil jsem si \u0161anci, zaslou\u017eil jsem si v\u00edt\u011bzstv\u00ed. Byli jsme nejlep\u0161\u00edm t\u00fdmem Tour de France, proto\u017ee jsem cel\u00fd t\u00fdm nau\u010dil spoustu v\u011bc\u00ed.\u201c<\/span><span data-ccp-props=\"{&quot;201341983&quot;:0,&quot;335559739&quot;:160,&quot;335559740&quot;:256}\">\u00a0<\/span><\/p>\n<figure id=\"attachment_25820\" aria-describedby=\"caption-attachment-25820\" style=\"width: 1800px\" class=\"wp-caption alignnone\"><a href=\"https:\/\/d2p6e6u75xmxt8.cloudfront.net\/13\/2024\/06\/profimedia-0026328574.webp\"><img loading=\"lazy\" decoding=\"async\" class=\"size-full wp-image-25820\" src=\"https:\/\/d2p6e6u75xmxt8.cloudfront.net\/13\/2024\/06\/profimedia-0026328574.webp\" alt=\"Carlos Sastre\" width=\"1800\" height=\"1197\" srcset=\"https:\/\/d2p6e6u75xmxt8.cloudfront.net\/13\/2024\/06\/profimedia-0026328574.webp 1800w, https:\/\/d2p6e6u75xmxt8.cloudfront.net\/13\/2024\/06\/profimedia-0026328574-300x200.webp 300w, https:\/\/d2p6e6u75xmxt8.cloudfront.net\/13\/2024\/06\/profimedia-0026328574-1024x681.webp 1024w, https:\/\/d2p6e6u75xmxt8.cloudfront.net\/13\/2024\/06\/profimedia-0026328574-768x511.webp 768w, https:\/\/d2p6e6u75xmxt8.cloudfront.net\/13\/2024\/06\/profimedia-0026328574-1536x1021.webp 1536w, https:\/\/d2p6e6u75xmxt8.cloudfront.net\/13\/2024\/06\/profimedia-0026328574-400x266.webp 400w, https:\/\/d2p6e6u75xmxt8.cloudfront.net\/13\/2024\/06\/profimedia-0026328574-272x182.webp 272w\" sizes=\"auto, (max-width: 1800px) 100vw, 1800px\" \/><\/a><figcaption id=\"caption-attachment-25820\" class=\"wp-caption-text\"><em>Carlos Sastre \u00fatokem v 17. etap\u011b Tour de France 2008 zni\u010d\u00ed sen lucembursk\u00fdch bratr\u016f. Fr\u00e4nk Schleck jede naposledy ve \u017elut\u00e9m trikotu, pomoc bratra Andyho byla marn\u00e1. Foto: profimedia (2x<\/em><\/figcaption><\/figure>\n<p><span data-contrast=\"auto\">Carlos Sastre je nov\u00fdm l\u00eddrem Tour de France 2008.<\/span><span data-ccp-props=\"{&quot;201341983&quot;:0,&quot;335559739&quot;:160,&quot;335559740&quot;:256}\">\u00a0<\/span><\/p>\n<p><span data-contrast=\"auto\">Fr\u00e4nk Schleck ani nikdo dal\u0161\u00ed u\u017e nedostane p\u0159\u00edle\u017eitost sko\u010dit do \u010dela. Sastre si pozici l\u00eddra hl\u00edd\u00e1. I p\u0159es nevoli ve vlastn\u00edm t\u00fdmu. P\u0159edposledn\u00ed den z\u00e1vodu pak bravurn\u011b zvl\u00e1dne \u010dasovku a m\u016f\u017ee slavit nejv\u011bt\u0161\u00ed v\u00edt\u011bzstv\u00ed kari\u00e9ry. Jedin\u00e9 v\u202fetapov\u00e9m z\u00e1vod\u011b. Tom nejslavn\u011bj\u0161\u00edm.<\/span><span data-ccp-props=\"{&quot;201341983&quot;:0,&quot;335559739&quot;:160,&quot;335559740&quot;:256}\">\u00a0<\/span><\/p>\n<p><span data-contrast=\"auto\">Po sezon\u011b t\u00fdm CSC opust\u00ed. \u201eSchleckov\u00e9 reprezentovali drav\u00e9 ml\u00e1d\u00ed, na kter\u00e9 cht\u011bl t\u00fdm s\u00e1zet. Pro m\u011b u\u017e by nebylo m\u00edsto,\u201c vysv\u011btlil, jak bylo mo\u017en\u00e9, \u017ee se t\u00fdm vzdal mu\u017ee, kter\u00fd vyhr\u00e1l Tour de France.<\/span><span data-ccp-props=\"{&quot;201341983&quot;:0,&quot;335559739&quot;:160,&quot;335559740&quot;:256}\">\u00a0<\/span><\/p>\n<h2><strong>Carlos Sastre, jedin\u00fd \u010dist\u00fd v\u00edt\u011bz Tour de France?!<\/strong><\/h2>\n<p><span data-contrast=\"auto\">Sastre po t\u00e9to Tour u\u017e \u017e\u00e1dn\u00e9 dal\u0161\u00ed velk\u00e9 prvenstv\u00ed nep\u0159id\u00e1. O rok pozd\u011bji vyhraje dv\u011b etapy na Giru di Italia, kde skon\u010d\u00ed celkov\u011b druh\u00fd. Je\u0161t\u011b \u0161estkr\u00e1t pak jede Grand Tour. Ale na <a href=\"https:\/\/www.welovecycling.com\/cs\/2024\/06\/14\/tour-de-france-2007-zariznute-kure\/\">Tour de France<\/a>, italsk\u00e9m Giru ani \u0161pan\u011blsk\u00e9 Vuelt\u011b u\u017e na stupn\u011b v\u00edt\u011bz\u016f nevystoup\u00ed. Ani nikde jinde.<\/span><span data-ccp-props=\"{&quot;201341983&quot;:0,&quot;335559739&quot;:160,&quot;335559740&quot;:256}\">\u00a0<\/span><\/p>\n<p><span data-contrast=\"auto\">Jedno prvenstv\u00ed s v\u0161ak p\u0159eci jen zap\u00ed\u0161e do historie. Kdy\u017e odch\u00e1z\u00ed do sportovn\u00edho d\u016fchodu, je jedin\u00fdm mu\u017eem World Tour, kter\u00fd nikdy nebyl zapleten do dopingov\u00e9ho skand\u00e1lu!<\/span><span data-ccp-props=\"{&quot;201341983&quot;:0,&quot;335559739&quot;:160,&quot;335559740&quot;:256}\">\u00a0<\/span><\/p>\n<p><span data-contrast=\"auto\">Kr\u00e1lem sout\u011b\u017ee o b\u00edl\u00fd trikot se ten rok hned p\u0159i premi\u00e9\u0159e na Star\u00e9 d\u00e1m\u011b stane Andy Schleck. Nejlep\u0161\u00edm mlad\u00edkem byl u\u017e o rok d\u0159\u00edve na italsk\u00e9m Giru, kde v\u202fGrand Tour debutoval. V\u202fpouh\u00fdch t\u0159iadvaceti letech je neuv\u011b\u0159iteln\u011b komplexn\u00edm z\u00e1vodn\u00edkem. Na druh\u00e9 pozici v\u202fsout\u011b\u017ei cyklist\u016f do p\u011btadvaceti let kon\u010d\u00ed Roman Kreuziger, pro n\u011bho\u017e jde rovn\u011b\u017e o premi\u00e9ru v\u202fTour de France.<\/span><span data-ccp-props=\"{&quot;201341983&quot;:0,&quot;335559739&quot;:160,&quot;335559740&quot;:256}\">\u00a0<\/span><\/p>\n<h2><b><span data-contrast=\"auto\">V\u00fdsledky Tour de France 2008<\/span><\/b><span data-ccp-props=\"{&quot;201341983&quot;:0,&quot;335559739&quot;:160,&quot;335559740&quot;:256}\">\u00a0<\/span><\/h2>\n<p><b><span data-contrast=\"auto\">Kone\u010dn\u00e9 po\u0159ad\u00ed<\/span><\/b><span data-contrast=\"auto\">: 1. Carlos Sastre (\u0160p., CSC Pro), 2. Cadel Evans (Austr., Silence Lotto), 3. Bernhard Kohl (Rak., Gerolsteiner), &#8230;12. Roman Kreuziger (\u010cR., Liquigas)<\/span><span data-ccp-props=\"{&quot;201341983&quot;:0,&quot;335559739&quot;:160,&quot;335559740&quot;:256}\">\u00a0<\/span><\/p>\n<p><b><span data-contrast=\"auto\">B\u00edl\u00fd dres \u0160koda Auto: <\/span><\/b><span data-contrast=\"auto\">1: Andy Schleck (Luc., CSC Pro), 2. Roman Kreuziger (\u010cR., Liquigas), 3. Vincenzo Nibali (It., Liquigas).<\/span><span data-ccp-props=\"{&quot;201341983&quot;:0,&quot;335559739&quot;:160,&quot;335559740&quot;:256}\">\u00a0<\/span><\/p>\n<p><b><span data-contrast=\"auto\">Zelen\u00fd dres<\/span><\/b><span data-contrast=\"auto\">: 1. Oscar Freire (\u0160p., Rabobank), 2. Thor Hushovd (Nor., Cr\u00e9dit Agricole), 3. Erik Zabel (N\u011bm., Milram).<\/span><span data-ccp-props=\"{&quot;201341983&quot;:0,&quot;335559739&quot;:160,&quot;335559740&quot;:256}\">\u00a0<\/span><\/p>\n<p><b><span data-contrast=\"auto\">Vrcha\u0159sk\u00e1 sout\u011b\u017e<\/span><\/b><span data-contrast=\"auto\">:1.\u00a0 Bernhard Kohl (Rak., Gerolsteiner), 2.\u00a0 Carlos Sastre (\u0160p., CSC Pro), 3. Fr\u00e4nk Schleck (Luc., CSC).\u00a0<\/span><span data-ccp-props=\"{&quot;201341983&quot;:0,&quot;335559739&quot;:160,&quot;335559740&quot;:256}\">\u00a0<\/span><span data-ccp-props=\"{&quot;201341983&quot;:0,&quot;335559739&quot;:160,&quot;335559740&quot;:256}\">\u00a0<\/span><\/p>\n<p><span data-ccp-props=\"{&quot;201341983&quot;:0,&quot;335559739&quot;:160,&quot;335559740&quot;:256}\">\u00a0<\/span><\/p>\n","protected":false},"excerpt":{"rendered":"<p>Trefa v\u202fcyklistick\u00e9m superjackpotu? V\u00edt\u011bzstv\u00ed na Tour de France 2008! Carlos Sastre jel b\u011bhem kari\u00e9ry u\u017e sedmn\u00e1ct Grand Tour! Sb\u00edrka jeho [&hellip;]<\/p>\n","protected":false},"author":138,"featured_media":25821,"comment_status":"open","ping_status":"open","sticky":false,"template":"","format":"standard","meta":{"footnotes":""},"categories":[10],"tags":[320,3620,126,3622,9,23,3621],"global-categories":[411],"class_list":["post-25814","post","type-post","status-publish","format-standard","has-post-thumbnail","hentry","category-silnicni-cyklistika","tag-andy-schleck","tag-carlos-sastre","tag-cyklistika","tag-frank-schleck","tag-silnicni-cyklistika","tag-tour-de-france","tag-tour-de-france-2008","global-categories-cycling"],"yoast_head":"<!-- This site is optimized with the Yoast SEO Premium plugin v25.3 (Yoast SEO v25.9) - https:\/\/yoast.com\/wordpress\/plugins\/seo\/ -->\n<title>Tour de France 2008: Vzpoura \u010dist\u00e9ho starce zasko\u010d\u00ed mlad\u00e9 bratry | \u0160koda We Love Cycling - \u010cesk\u00e1 republika<\/title>\n<meta name=\"description\" content=\"Trefa v\u202fcyklistick\u00e9m superjackpotu? V\u00edt\u011bzstv\u00ed na Tour de France 2008! Carlos Sastre jel b\u011bhem kari\u00e9ry u\u017e sedmn\u00e1ct Grand Tour! Sb\u00edrka jeho \u00fasp\u011bch\u016f? Velice skromn\u00e1: triumf v\u202fsout\u011b\u017e\u00ed vrcha\u0159\u016f na Tour de France star\u00fd osm let, dva etapov\u00e9 triumfy ze Star\u00e9 d\u00e1my. A te\u010f, navzdory t\u00fdmov\u00e9 hierarchii a p\u0159\u00e1n\u00ed t\u00fdmov\u00fdch boss\u016f, maillot jaune.\u00a0\" \/>\n<meta name=\"robots\" content=\"index, follow, max-snippet:-1, max-image-preview:large, max-video-preview:-1\" \/>\n<link rel=\"canonical\" href=\"https:\/\/www.welovecycling.com\/cs\/2024\/06\/17\/tour-de-france-2008-vzpoura-cisteho-starce-zaskoci-mlade-bratry\/\" \/>\n<meta property=\"og:locale\" content=\"cs_CZ\" \/>\n<meta property=\"og:type\" content=\"article\" \/>\n<meta property=\"og:title\" content=\"Tour de France 2008: Vzpoura \u010dist\u00e9ho starce zasko\u010d\u00ed mlad\u00e9 bratry\" \/>\n<meta property=\"og:description\" content=\"Trefa v\u202fcyklistick\u00e9m superjackpotu? V\u00edt\u011bzstv\u00ed na Tour de France 2008! Carlos Sastre jel b\u011bhem kari\u00e9ry u\u017e sedmn\u00e1ct Grand Tour! Sb\u00edrka jeho \u00fasp\u011bch\u016f? Velice skromn\u00e1: triumf v\u202fsout\u011b\u017e\u00ed vrcha\u0159\u016f na Tour de France star\u00fd osm let, dva etapov\u00e9 triumfy ze Star\u00e9 d\u00e1my. A te\u010f, navzdory t\u00fdmov\u00e9 hierarchii a p\u0159\u00e1n\u00ed t\u00fdmov\u00fdch boss\u016f, maillot jaune.\u00a0\" \/>\n<meta property=\"og:url\" content=\"https:\/\/www.welovecycling.com\/cs\/2024\/06\/17\/tour-de-france-2008-vzpoura-cisteho-starce-zaskoci-mlade-bratry\/\" \/>\n<meta property=\"og:site_name\" content=\"\u0160koda We Love Cycling - \u010cesk\u00e1 republika\" \/>\n<meta property=\"article:published_time\" content=\"2024-06-17T07:26:03+00:00\" \/>\n<meta property=\"og:image\" content=\"https:\/\/d2p6e6u75xmxt8.cloudfront.net\/13\/2024\/06\/profimedia-0677412524.webp\" \/>\n\t<meta property=\"og:image:width\" content=\"1472\" \/>\n\t<meta property=\"og:image:height\" content=\"1080\" \/>\n\t<meta property=\"og:image:type\" content=\"image\/webp\" \/>\n<meta name=\"author\" content=\"radekmalina\" \/>\n<meta name=\"twitter:card\" content=\"summary_large_image\" \/>\n<meta name=\"twitter:label1\" content=\"Written by\" \/>\n\t<meta name=\"twitter:data1\" content=\"Radek Malina\" \/>\n\t<meta name=\"twitter:label2\" content=\"Est. reading time\" \/>\n\t<meta name=\"twitter:data2\" content=\"6\" \/>\n<script type=\"application\/ld+json\" class=\"yoast-schema-graph\">{\"@context\":\"https:\/\/schema.org\",\"@graph\":[{\"@type\":\"WebPage\",\"@id\":\"https:\/\/www.welovecycling.com\/cs\/2024\/06\/17\/tour-de-france-2008-vzpoura-cisteho-starce-zaskoci-mlade-bratry\/\",\"url\":\"https:\/\/www.welovecycling.com\/cs\/2024\/06\/17\/tour-de-france-2008-vzpoura-cisteho-starce-zaskoci-mlade-bratry\/\",\"name\":\"Tour de France 2008: Vzpoura \u010dist\u00e9ho starce zasko\u010d\u00ed mlad\u00e9 bratry | \u0160koda We Love Cycling - \u010cesk\u00e1 republika\",\"isPartOf\":{\"@id\":\"https:\/\/www.welovecycling.com\/cs\/#website\"},\"primaryImageOfPage\":{\"@id\":\"https:\/\/www.welovecycling.com\/cs\/2024\/06\/17\/tour-de-france-2008-vzpoura-cisteho-starce-zaskoci-mlade-bratry\/#primaryimage\"},\"image\":{\"@id\":\"https:\/\/www.welovecycling.com\/cs\/2024\/06\/17\/tour-de-france-2008-vzpoura-cisteho-starce-zaskoci-mlade-bratry\/#primaryimage\"},\"thumbnailUrl\":\"https:\/\/d2p6e6u75xmxt8.cloudfront.net\/13\/2024\/06\/profimedia-0677412524.webp\",\"datePublished\":\"2024-06-17T07:26:03+00:00\",\"author\":{\"@id\":\"https:\/\/www.welovecycling.com\/cs\/#\/schema\/person\/d9eeb0a378f3a7e4a6d12d2b536b04b8\"},\"description\":\"Trefa v\u202fcyklistick\u00e9m superjackpotu? V\u00edt\u011bzstv\u00ed na Tour de France 2008! Carlos Sastre jel b\u011bhem kari\u00e9ry u\u017e sedmn\u00e1ct Grand Tour! Sb\u00edrka jeho \u00fasp\u011bch\u016f? Velice skromn\u00e1: triumf v\u202fsout\u011b\u017e\u00ed vrcha\u0159\u016f na Tour de France star\u00fd osm let, dva etapov\u00e9 triumfy ze Star\u00e9 d\u00e1my. A te\u010f, navzdory t\u00fdmov\u00e9 hierarchii a p\u0159\u00e1n\u00ed t\u00fdmov\u00fdch boss\u016f, maillot jaune.\u00a0\",\"inLanguage\":\"cs\",\"potentialAction\":[{\"@type\":\"ReadAction\",\"target\":[\"https:\/\/www.welovecycling.com\/cs\/2024\/06\/17\/tour-de-france-2008-vzpoura-cisteho-starce-zaskoci-mlade-bratry\/\"]}]},{\"@type\":\"ImageObject\",\"inLanguage\":\"cs\",\"@id\":\"https:\/\/www.welovecycling.com\/cs\/2024\/06\/17\/tour-de-france-2008-vzpoura-cisteho-starce-zaskoci-mlade-bratry\/#primaryimage\",\"url\":\"https:\/\/d2p6e6u75xmxt8.cloudfront.net\/13\/2024\/06\/profimedia-0677412524.webp\",\"contentUrl\":\"https:\/\/d2p6e6u75xmxt8.cloudfront.net\/13\/2024\/06\/profimedia-0677412524.webp\",\"width\":1472,\"height\":1080,\"caption\":\"Carlos Sastre\"},{\"@type\":\"WebSite\",\"@id\":\"https:\/\/www.welovecycling.com\/cs\/#website\",\"url\":\"https:\/\/www.welovecycling.com\/cs\/\",\"name\":\"\u0160koda We Love Cycling - \u010cesk\u00e1 republika\",\"description\":\"WeLoveCycling.cz je online magaz\u00edn, kter\u00fd v\u00e1m pravideln\u011b p\u0159in\u00e1\u0161\u00ed rady a tipy, zaj\u00edmav\u00e9 \u010dl\u00e1nky, videa a jedine\u010dn\u00e9 report\u00e1\u017ee ze sv\u011bta cyklistiky.\",\"potentialAction\":[{\"@type\":\"SearchAction\",\"target\":{\"@type\":\"EntryPoint\",\"urlTemplate\":\"https:\/\/www.welovecycling.com\/cs\/?s={search_term_string}\"},\"query-input\":{\"@type\":\"PropertyValueSpecification\",\"valueRequired\":true,\"valueName\":\"search_term_string\"}}],\"inLanguage\":\"cs\"},{\"@type\":\"Person\",\"@id\":\"https:\/\/www.welovecycling.com\/cs\/#\/schema\/person\/d9eeb0a378f3a7e4a6d12d2b536b04b8\",\"name\":\"radekmalina\",\"image\":{\"@type\":\"ImageObject\",\"inLanguage\":\"cs\",\"@id\":\"https:\/\/www.welovecycling.com\/cs\/#\/schema\/person\/image\/\",\"url\":\"https:\/\/secure.gravatar.com\/avatar\/66994b632cb8c39a46b9f54afa3ae07201b678d32a54275b6f1c9ffec356bfc0?s=96&d=mm&r=g\",\"contentUrl\":\"https:\/\/secure.gravatar.com\/avatar\/66994b632cb8c39a46b9f54afa3ae07201b678d32a54275b6f1c9ffec356bfc0?s=96&d=mm&r=g\",\"caption\":\"radekmalina\"},\"url\":\"https:\/\/www.welovecycling.com\/cs\/author\/radekmalina\/\"}]}<\/script>\n<!-- \/ Yoast SEO Premium plugin. -->","yoast_head_json":{"title":"Tour de France 2008: Vzpoura \u010dist\u00e9ho starce zasko\u010d\u00ed mlad\u00e9 bratry | \u0160koda We Love Cycling - \u010cesk\u00e1 republika","description":"Trefa v\u202fcyklistick\u00e9m superjackpotu? V\u00edt\u011bzstv\u00ed na Tour de France 2008! Carlos Sastre jel b\u011bhem kari\u00e9ry u\u017e sedmn\u00e1ct Grand Tour! Sb\u00edrka jeho \u00fasp\u011bch\u016f? Velice skromn\u00e1: triumf v\u202fsout\u011b\u017e\u00ed vrcha\u0159\u016f na Tour de France star\u00fd osm let, dva etapov\u00e9 triumfy ze Star\u00e9 d\u00e1my. A te\u010f, navzdory t\u00fdmov\u00e9 hierarchii a p\u0159\u00e1n\u00ed t\u00fdmov\u00fdch boss\u016f, maillot jaune.\u00a0","robots":{"index":"index","follow":"follow","max-snippet":"max-snippet:-1","max-image-preview":"max-image-preview:large","max-video-preview":"max-video-preview:-1"},"canonical":"https:\/\/www.welovecycling.com\/cs\/2024\/06\/17\/tour-de-france-2008-vzpoura-cisteho-starce-zaskoci-mlade-bratry\/","og_locale":"cs_CZ","og_type":"article","og_title":"Tour de France 2008: Vzpoura \u010dist\u00e9ho starce zasko\u010d\u00ed mlad\u00e9 bratry","og_description":"Trefa v\u202fcyklistick\u00e9m superjackpotu? V\u00edt\u011bzstv\u00ed na Tour de France 2008! Carlos Sastre jel b\u011bhem kari\u00e9ry u\u017e sedmn\u00e1ct Grand Tour! Sb\u00edrka jeho \u00fasp\u011bch\u016f? Velice skromn\u00e1: triumf v\u202fsout\u011b\u017e\u00ed vrcha\u0159\u016f na Tour de France star\u00fd osm let, dva etapov\u00e9 triumfy ze Star\u00e9 d\u00e1my. A te\u010f, navzdory t\u00fdmov\u00e9 hierarchii a p\u0159\u00e1n\u00ed t\u00fdmov\u00fdch boss\u016f, maillot jaune.\u00a0","og_url":"https:\/\/www.welovecycling.com\/cs\/2024\/06\/17\/tour-de-france-2008-vzpoura-cisteho-starce-zaskoci-mlade-bratry\/","og_site_name":"\u0160koda We Love Cycling - \u010cesk\u00e1 republika","article_published_time":"2024-06-17T07:26:03+00:00","og_image":[{"width":1472,"height":1080,"url":"https:\/\/d2p6e6u75xmxt8.cloudfront.net\/13\/2024\/06\/profimedia-0677412524.webp","type":"image\/webp"}],"author":"radekmalina","twitter_card":"summary_large_image","twitter_misc":{"Written by":"Radek Malina","Est. reading time":"6"},"schema":{"@context":"https:\/\/schema.org","@graph":[{"@type":"WebPage","@id":"https:\/\/www.welovecycling.com\/cs\/2024\/06\/17\/tour-de-france-2008-vzpoura-cisteho-starce-zaskoci-mlade-bratry\/","url":"https:\/\/www.welovecycling.com\/cs\/2024\/06\/17\/tour-de-france-2008-vzpoura-cisteho-starce-zaskoci-mlade-bratry\/","name":"Tour de France 2008: Vzpoura \u010dist\u00e9ho starce zasko\u010d\u00ed mlad\u00e9 bratry | \u0160koda We Love Cycling - \u010cesk\u00e1 republika","isPartOf":{"@id":"https:\/\/www.welovecycling.com\/cs\/#website"},"primaryImageOfPage":{"@id":"https:\/\/www.welovecycling.com\/cs\/2024\/06\/17\/tour-de-france-2008-vzpoura-cisteho-starce-zaskoci-mlade-bratry\/#primaryimage"},"image":{"@id":"https:\/\/www.welovecycling.com\/cs\/2024\/06\/17\/tour-de-france-2008-vzpoura-cisteho-starce-zaskoci-mlade-bratry\/#primaryimage"},"thumbnailUrl":"https:\/\/d2p6e6u75xmxt8.cloudfront.net\/13\/2024\/06\/profimedia-0677412524.webp","datePublished":"2024-06-17T07:26:03+00:00","author":{"@id":"https:\/\/www.welovecycling.com\/cs\/#\/schema\/person\/d9eeb0a378f3a7e4a6d12d2b536b04b8"},"description":"Trefa v\u202fcyklistick\u00e9m superjackpotu? V\u00edt\u011bzstv\u00ed na Tour de France 2008! Carlos Sastre jel b\u011bhem kari\u00e9ry u\u017e sedmn\u00e1ct Grand Tour! Sb\u00edrka jeho \u00fasp\u011bch\u016f? Velice skromn\u00e1: triumf v\u202fsout\u011b\u017e\u00ed vrcha\u0159\u016f na Tour de France star\u00fd osm let, dva etapov\u00e9 triumfy ze Star\u00e9 d\u00e1my. A te\u010f, navzdory t\u00fdmov\u00e9 hierarchii a p\u0159\u00e1n\u00ed t\u00fdmov\u00fdch boss\u016f, maillot jaune.\u00a0","inLanguage":"cs","potentialAction":[{"@type":"ReadAction","target":["https:\/\/www.welovecycling.com\/cs\/2024\/06\/17\/tour-de-france-2008-vzpoura-cisteho-starce-zaskoci-mlade-bratry\/"]}]},{"@type":"ImageObject","inLanguage":"cs","@id":"https:\/\/www.welovecycling.com\/cs\/2024\/06\/17\/tour-de-france-2008-vzpoura-cisteho-starce-zaskoci-mlade-bratry\/#primaryimage","url":"https:\/\/d2p6e6u75xmxt8.cloudfront.net\/13\/2024\/06\/profimedia-0677412524.webp","contentUrl":"https:\/\/d2p6e6u75xmxt8.cloudfront.net\/13\/2024\/06\/profimedia-0677412524.webp","width":1472,"height":1080,"caption":"Carlos Sastre"},{"@type":"WebSite","@id":"https:\/\/www.welovecycling.com\/cs\/#website","url":"https:\/\/www.welovecycling.com\/cs\/","name":"\u0160koda We Love Cycling - \u010cesk\u00e1 republika","description":"WeLoveCycling.cz je online magaz\u00edn, kter\u00fd v\u00e1m pravideln\u011b p\u0159in\u00e1\u0161\u00ed rady a tipy, zaj\u00edmav\u00e9 \u010dl\u00e1nky, videa a jedine\u010dn\u00e9 report\u00e1\u017ee ze sv\u011bta cyklistiky.","potentialAction":[{"@type":"SearchAction","target":{"@type":"EntryPoint","urlTemplate":"https:\/\/www.welovecycling.com\/cs\/?s={search_term_string}"},"query-input":{"@type":"PropertyValueSpecification","valueRequired":true,"valueName":"search_term_string"}}],"inLanguage":"cs"},{"@type":"Person","@id":"https:\/\/www.welovecycling.com\/cs\/#\/schema\/person\/d9eeb0a378f3a7e4a6d12d2b536b04b8","name":"radekmalina","image":{"@type":"ImageObject","inLanguage":"cs","@id":"https:\/\/www.welovecycling.com\/cs\/#\/schema\/person\/image\/","url":"https:\/\/secure.gravatar.com\/avatar\/66994b632cb8c39a46b9f54afa3ae07201b678d32a54275b6f1c9ffec356bfc0?s=96&d=mm&r=g","contentUrl":"https:\/\/secure.gravatar.com\/avatar\/66994b632cb8c39a46b9f54afa3ae07201b678d32a54275b6f1c9ffec356bfc0?s=96&d=mm&r=g","caption":"radekmalina"},"url":"https:\/\/www.welovecycling.com\/cs\/author\/radekmalina\/"}]}},"_links":{"self":[{"href":"https:\/\/www.welovecycling.com\/cs\/wp-json\/wp\/v2\/posts\/25814","targetHints":{"allow":["GET"]}}],"collection":[{"href":"https:\/\/www.welovecycling.com\/cs\/wp-json\/wp\/v2\/posts"}],"about":[{"href":"https:\/\/www.welovecycling.com\/cs\/wp-json\/wp\/v2\/types\/post"}],"author":[{"embeddable":true,"href":"https:\/\/www.welovecycling.com\/cs\/wp-json\/wp\/v2\/users\/138"}],"replies":[{"embeddable":true,"href":"https:\/\/www.welovecycling.com\/cs\/wp-json\/wp\/v2\/comments?post=25814"}],"version-history":[{"count":4,"href":"https:\/\/www.welovecycling.com\/cs\/wp-json\/wp\/v2\/posts\/25814\/revisions"}],"predecessor-version":[{"id":25822,"href":"https:\/\/www.welovecycling.com\/cs\/wp-json\/wp\/v2\/posts\/25814\/revisions\/25822"}],"wp:featuredmedia":[{"embeddable":true,"href":"https:\/\/www.welovecycling.com\/cs\/wp-json\/wp\/v2\/media\/25821"}],"wp:attachment":[{"href":"https:\/\/www.welovecycling.com\/cs\/wp-json\/wp\/v2\/media?parent=25814"}],"wp:term":[{"taxonomy":"category","embeddable":true,"href":"https:\/\/www.welovecycling.com\/cs\/wp-json\/wp\/v2\/categories?post=25814"},{"taxonomy":"post_tag","embeddable":true,"href":"https:\/\/www.welovecycling.com\/cs\/wp-json\/wp\/v2\/tags?post=25814"},{"taxonomy":"global-categories","embeddable":true,"href":"https:\/\/www.welovecycling.com\/cs\/wp-json\/wp\/v2\/global-categories?post=25814"}],"curies":[{"name":"wp","href":"https:\/\/api.w.org\/{rel}","templated":true}]}}