{"id":25768,"date":"2024-06-19T09:40:51","date_gmt":"2024-06-19T07:40:51","guid":{"rendered":"https:\/\/www.welovecycling.com\/cs\/?p=25768"},"modified":"2024-06-19T10:11:35","modified_gmt":"2024-06-19T08:11:35","slug":"dostal-jsem-facku-nechci-jen-hresit-na-talent-rika-mathias-vacek-o-zmene-pristupu","status":"publish","type":"post","link":"https:\/\/www.welovecycling.com\/cs\/2024\/06\/19\/dostal-jsem-facku-nechci-jen-hresit-na-talent-rika-mathias-vacek-o-zmene-pristupu\/","title":{"rendered":"Dostal jsem facku! Nechci jen h\u0159e\u0161it na talent, \u0159\u00edk\u00e1 Mathias Vacek o zm\u011bn\u011b p\u0159\u00edstupu"},"content":{"rendered":"<p><strong>Hu\u010del do n\u011bj tak dlouho, a\u017e ho p\u0159esv\u011bd\u010dil. Mathias Vacek, \u010desk\u00fd cyklista ve slu\u017eb\u00e1ch cyklistick\u00e9ho t\u00fdmu Lidl Trek, poslechl tren\u00e9ra. Odm\u00edtl promrhat talent, za\u010dal se chovat jako profesion\u00e1l, shodil t\u0159i kilogramy a stal se lep\u0161\u00edm cyklistou. &#8222;Hodn\u011b v\u011bc\u00ed jsem v\u016fbec ne\u0159e\u0161il. Tren\u00e9r m\u011b k\u00e1ral, \u017ee jsem flink,&#8220; vypravuje dvaadvacetilet\u00fd \u010desk\u00fd reprezentant, kter\u00fd b\u011bhem minul\u00e9ho t\u00fddne obsadil druh\u00e9 m\u00edsto na etapov\u00e9m z\u00e1vod\u011b v Belgii a nyn\u00ed se chyst\u00e1 na obhajobu mistrovsk\u00e9ho titulu.<\/strong><\/p>\n<p>V exkluzivn\u00edm rozhovoru pro We Love Cycling mluv\u00ed otev\u0159en\u011b o velk\u00e9 prom\u011bn\u011b, o p\u0159\u00edstupu k j\u00eddeln\u00ed\u010dku i pl\u00e1nech na Vueltu&#8230;<\/p>\n<h2><strong>T\u0159i skvostn\u00e9 v\u00fdkony na etapov\u00fdch z\u00e1vodech. Nejprve v Ma\u010farsku, n\u00e1sledn\u011b v Norsku a nyn\u00ed v Belgii. Kde se vzala ta prom\u011bna?<\/strong><\/h2>\n<p>V p\u0159\u00edstupu a korekci v\u00e1hy. Shodil jsem t\u0159i kilogramy. Tren\u00e9r mi \u0159ekl, \u017ee jsem v bodu zlomu moj\u00ed kari\u00e9ry. Po\u0159\u00e1d do m\u011b hu\u010del, \u017ee jsem flink a mrh\u00e1m talentem. Pob\u00edzel m\u011b, abych shodil dv\u011b nebo t\u0159i kila a dostaneme se, kam chceme. Nebo mi tvrdil, \u017ee m\u00e1m v tr\u00e9ninku je\u0161t\u011b rezervy. A j\u00e1 si \u0159\u00edkal, jestli se n\u00e1hodou nezbl\u00e1znil, \u017ee tr\u00e9nuju v\u0161echno podle pl\u00e1nu. Ale teprve te\u010f pozn\u00e1v\u00e1m, kde m\u00e1m limity a chci je objevovat. Teprve te\u010f m\u00e1m pocit, \u017ee pat\u0159\u00edm k profesion\u00e1l\u016fm a m\u00edsto v t\u00fdmu Lidl Trek si zaslou\u017e\u00edm.<\/p>\n<h2><strong>Tak\u017ee po p\u0159estupu k americk\u00e9 formaci jste se c\u00edtil nedocen\u011bn\u00fd?<\/strong><\/h2>\n<p>Hodn\u011b kluk\u016f p\u0159i p\u0159echodu z junior\u016f mezi elitu narazilo do zdi. Tren\u00e9r mi \u0159ekl, \u017ee zp\u016fsob m\u00e9ho tr\u00e9ninku i z\u00e1vod\u011bn\u00ed p\u0159ed p\u0159\u00edchodem do Treku nem\u011bl hlavu ani patu. Ten skok je skute\u010dn\u011b obrovsk\u00fd. V juniorech jezd\u00ed ka\u017ed\u00fd na v\u00edt\u011bzstv\u00ed. U prof\u00edk\u016f je dan\u00e9, \u017ee je \u010dlov\u011bk pomocn\u00edk pro \u00fasek na prvn\u00edch pades\u00e1ti kilometrech, a pak je jedno, jak dojede do c\u00edle. Chce to hodn\u011b ment\u00e1ln\u00ed odolnosti p\u0159estup zvl\u00e1dnout. J\u00e1 se stra\u0161n\u011b tr\u00e1pil, \u017ee je v bal\u00edku sto pades\u00e1t dal\u0161\u00edch lidi, kte\u0159\u00ed jsou stejn\u011b dob\u0159\u00ed nebo lep\u0161\u00ed. Mnohdy jsem nem\u011bl chu\u0165 do tr\u00e9ninku.<\/p>\n<figure id=\"attachment_25873\" aria-describedby=\"caption-attachment-25873\" style=\"width: 1800px\" class=\"wp-caption alignnone\"><a href=\"https:\/\/d2p6e6u75xmxt8.cloudfront.net\/13\/2024\/06\/profimedia-0863188659.webp\"><img loading=\"lazy\" decoding=\"async\" class=\"size-full wp-image-25873\" src=\"https:\/\/d2p6e6u75xmxt8.cloudfront.net\/13\/2024\/06\/profimedia-0863188659.webp\" alt=\"Mathias Vacek p\u0159i Pa\u0159\u00ed\u017e-Roubaix 2024. Foto: profimedia\" width=\"1800\" height=\"1200\" srcset=\"https:\/\/d2p6e6u75xmxt8.cloudfront.net\/13\/2024\/06\/profimedia-0863188659.webp 1800w, https:\/\/d2p6e6u75xmxt8.cloudfront.net\/13\/2024\/06\/profimedia-0863188659-300x200.webp 300w, https:\/\/d2p6e6u75xmxt8.cloudfront.net\/13\/2024\/06\/profimedia-0863188659-1024x683.webp 1024w, https:\/\/d2p6e6u75xmxt8.cloudfront.net\/13\/2024\/06\/profimedia-0863188659-768x512.webp 768w, https:\/\/d2p6e6u75xmxt8.cloudfront.net\/13\/2024\/06\/profimedia-0863188659-1536x1024.webp 1536w, https:\/\/d2p6e6u75xmxt8.cloudfront.net\/13\/2024\/06\/profimedia-0863188659-400x267.webp 400w, https:\/\/d2p6e6u75xmxt8.cloudfront.net\/13\/2024\/06\/profimedia-0863188659-272x182.webp 272w\" sizes=\"auto, (max-width: 1800px) 100vw, 1800px\" \/><\/a><figcaption id=\"caption-attachment-25873\" class=\"wp-caption-text\"><em>Mathias Vacek p\u0159i Pa\u0159\u00ed\u017e-Roubaix 2024. Foto: profimedia<\/em><\/figcaption><\/figure>\n<h2><strong>A co v\u00e1s p\u0159im\u011blo p\u0159\u00edstup zm\u011bnit?<\/strong><\/h2>\n<p>Ne\u0161lo o jeden konkr\u00e9tn\u00ed okam\u017eik. Jo, absence na klasice Kolem Flander m\u011b na\u0161tvala. Mrzelo m\u011b, \u017ee jsem v nominaci chyb\u011bl. Ale prost\u011b jsem si \u0159ekl, \u017ee je spr\u00e1vn\u00fd \u010das d\u011blat v\u011bci jinak. U\u017e nechci b\u00fdt jako junior nebo n\u011bjak\u00fd dvac\u00edtk\u00e1\u0159, kter\u00fd si v\u0161e d\u011bl\u00e1 podle sebe a h\u0159e\u0161\u00ed na talent. Vzal jsem osud do sv\u00fdch rukou. Cht\u011bl jsem v\u011bd\u011bt, jak to bude vypadat. Ob\u010das je to psychicky n\u00e1ro\u010dn\u00e9, proto\u017ee jsem milovn\u00edk j\u00eddla. Proto je fu\u0161ka se hl\u00eddat. Ale efekt je evidentn\u00ed.<\/p>\n<h2><strong>Jak Mathias Vacek shazuje ze z\u00e1vodn\u00ed v\u00e1hy na je\u0161t\u011b lep\u0161\u00ed z\u00e1vodn\u00ed v\u00e1hu?<\/strong><\/h2>\n<p>M\u00e1m ur\u010dit\u00fd stravovac\u00ed program a hodn\u011b tr\u00e9nuji. V\u00e1\u017en\u011b hodn\u011b. T\u011blo spaluje rychle, metabolismus je rychl\u00fd. Hlavn\u00ed je vytrvalost. Nejhor\u0161\u00ed p\u0159\u00edstup je t\u00fdden j\u00edst m\u00e1lo, pak t\u00fdden norm\u00e1ln\u011b. To nic nezm\u011bn\u00ed. Sou\u010dasn\u011b se nesm\u00ed j\u00edst ani m\u00e1lo, proto\u017ee pak by cyklista byl vys\u00e1t\u00fd a tr\u00e9nink nebyl efektivn\u00ed. Jde o rovnov\u00e1hu.<\/p>\n<div class=\"shortcode-ys-post-pinup\"><article class=\"loop-simple post-25807 post type-post status-publish format-standard has-post-thumbnail hentry category-letape-czech-republic tag-alberto-contador tag-cyklistika tag-letape-2024 tag-letape-czech-republic-2024 tag-letape-czech-republic-by-tour-de-france tag-silnicni-cyklistika tag-tour-de-france global-categories-cycling\" data-postid=\"25807\" role=\"article\" data-post-id=\"25807\" data-word-count=\"695\" data-headline-length=\"125\" data-category=\"L&#039;Etape Czech Republic\" data-global-category=\"Cycling\" data-author=\"Radek Malina\" data-published=\"2024-06-16T14:16:49+02:00\" data-published-day=\"Sunday\">\n    <div class=\"entry-thumbnail article-thumbnail\" content=\"https:\/\/d2p6e6u75xmxt8.cloudfront.net\/13\/2024\/06\/3C9A0959-150x150.webp\"><a href=\"https:\/\/www.welovecycling.com\/cs\/2024\/06\/16\/vamos-vamos-touha-gumovat-se-zustala-alberto-contador-panem-pelotonu-pri-letape-stejne-jako-pri-tour-de-france\/\" class=\"image-holder\" target=\"_self\"><img decoding=\"async\" loading=\"lazy\" class=\"\" src=\"https:\/\/d2p6e6u75xmxt8.cloudfront.net\/13\/2024\/06\/3C9A0959-1024x683.webp\" srcset=\"https:\/\/d2p6e6u75xmxt8.cloudfront.net\/13\/2024\/06\/3C9A0959-scaled.webp 2560w, https:\/\/d2p6e6u75xmxt8.cloudfront.net\/13\/2024\/06\/3C9A0959-300x200.webp 300w, https:\/\/d2p6e6u75xmxt8.cloudfront.net\/13\/2024\/06\/3C9A0959-1024x683.webp 1024w, https:\/\/d2p6e6u75xmxt8.cloudfront.net\/13\/2024\/06\/3C9A0959-768x512.webp 768w, https:\/\/d2p6e6u75xmxt8.cloudfront.net\/13\/2024\/06\/3C9A0959-1536x1024.webp 1536w, https:\/\/d2p6e6u75xmxt8.cloudfront.net\/13\/2024\/06\/3C9A0959-2048x1365.webp 2048w, https:\/\/d2p6e6u75xmxt8.cloudfront.net\/13\/2024\/06\/3C9A0959-1920x1280.webp 1920w, https:\/\/d2p6e6u75xmxt8.cloudfront.net\/13\/2024\/06\/3C9A0959-400x267.webp 400w, https:\/\/d2p6e6u75xmxt8.cloudfront.net\/13\/2024\/06\/3C9A0959-272x182.webp 272w, https:\/\/d2p6e6u75xmxt8.cloudfront.net\/13\/2024\/06\/3C9A0959-1920x1280.webp 1920w\" width=\"1024\" height=\"683\" sizes=\"auto, (min-width: 1200px) 300px, (min-width: 768px) 25vw, 100vw\" alt=\"vamos-vamos-touha-gumovat-se-zustala-alberto-contador-panem-pelotonu-pri-letape-stejne-jako-pri-tour-de-france\"\/><\/a><\/div>    <div class=\"entry-meta\">\n        <a class=\"label label-secondary post-category\" href=\"https:\/\/www.welovecycling.com\/cs\/category\/letape-czech-republic\/\" title=\"L'Etape Czech Republic\">L'Etape Czech Republic<\/a>\n    <\/div>\n    <div class=\"entry-details\">\n        <a href=\"https:\/\/www.welovecycling.com\/cs\/2024\/06\/16\/vamos-vamos-touha-gumovat-se-zustala-alberto-contador-panem-pelotonu-pri-letape-stejne-jako-pri-tour-de-france\/\" class='entry-title-wrapper'>\n            <h3 class=\"entry-title\"><span>Vamos, vamos! Kdy\u017e se superstar gumuje aneb Alberto Contador p\u00e1nem pelotonu p\u0159i L\u2019Etape stejn\u011b jako p\u0159i Tour de France<\/span><\/h3>\n        <\/a>\n    <\/div>\n    <\/article>\n<\/div>\n<h2><strong>V\u00e1\u017e\u00edte si porce, kter\u00e9 konzumujete?<\/strong><\/h2>\n<p>Zat\u00edm jsem do tohoto bodu nedosp\u011bl. To u\u017e mus\u00ed b\u00fdt \u010dlov\u011bk maniak. J\u00e1 hodn\u011b db\u00e1m na kvalitu j\u00eddla. Hl\u00edd\u00e1m si, abych nejedl n\u011bjak\u00fd sajrajt.<\/p>\n<h2><strong>P\u0159ibl\u00ed\u017e\u00edte typick\u00fd stravovac\u00ed den b\u011bhem tr\u00e9ninku?<\/strong><\/h2>\n<p>Kdy\u017e p\u0159ijedu dom\u016f, d\u00e1m si t\u0159eba pol\u00e9vku v podob\u011b v\u00fdvaru s nudlemi, k tomu kousek chleba. \u010clov\u011bka to zasyt\u00ed. Nebo sal\u00e1t v podob\u011b mozzarelly s tu\u0148\u00e1kem. K ve\u010de\u0159i steak, p\u0159\u00edpadn\u011b ku\u0159e a r\u00fd\u017ei. D\u016fle\u017eit\u00e9 je, aby strava byla pestr\u00e1.<\/p>\n<h2><strong>Stal se z v\u00e1s kv\u016fli \u00fasp\u011bchu solidn\u00ed kucha\u0159?<\/strong><\/h2>\n<p>Kdy\u017e jsou doma rodi\u010de, r\u00e1d vyu\u017eiju schopnost\u00ed mamky. Ale nem\u00e1m probl\u00e9m se o sebe postarat. To jsem se nau\u010dil u\u017e v It\u00e1lii.<\/p>\n<figure id=\"attachment_25831\" aria-describedby=\"caption-attachment-25831\" style=\"width: 1800px\" class=\"wp-caption alignnone\"><a href=\"https:\/\/d2p6e6u75xmxt8.cloudfront.net\/13\/2024\/06\/profimedia-0882144719.webp\"><img loading=\"lazy\" decoding=\"async\" class=\"size-full wp-image-25831\" src=\"https:\/\/d2p6e6u75xmxt8.cloudfront.net\/13\/2024\/06\/profimedia-0882144719.webp\" alt=\"Mathias Vacek\" width=\"1800\" height=\"1199\" srcset=\"https:\/\/d2p6e6u75xmxt8.cloudfront.net\/13\/2024\/06\/profimedia-0882144719.webp 1800w, https:\/\/d2p6e6u75xmxt8.cloudfront.net\/13\/2024\/06\/profimedia-0882144719-300x200.webp 300w, https:\/\/d2p6e6u75xmxt8.cloudfront.net\/13\/2024\/06\/profimedia-0882144719-1024x682.webp 1024w, https:\/\/d2p6e6u75xmxt8.cloudfront.net\/13\/2024\/06\/profimedia-0882144719-768x512.webp 768w, https:\/\/d2p6e6u75xmxt8.cloudfront.net\/13\/2024\/06\/profimedia-0882144719-1536x1023.webp 1536w, https:\/\/d2p6e6u75xmxt8.cloudfront.net\/13\/2024\/06\/profimedia-0882144719-400x266.webp 400w, https:\/\/d2p6e6u75xmxt8.cloudfront.net\/13\/2024\/06\/profimedia-0882144719-272x182.webp 272w\" sizes=\"auto, (max-width: 1800px) 100vw, 1800px\" \/><\/a><figcaption id=\"caption-attachment-25831\" class=\"wp-caption-text\"><em>Mathias Vacek coby nejlep\u0161\u00ed mlad\u00edk etapov\u00e9ho z\u00e1vodu Kolem Belgie.<\/em><\/figcaption><\/figure>\n<h2><strong>Je pro v\u00e1s coby milovn\u00edka sladk\u00e9ho hodn\u011b slo\u017eit\u00e9 odolat dom\u00e1c\u00edm pe\u010den\u00fdm pochutin\u00e1m?<\/strong><\/h2>\n<p>Kdy\u017e mamka nebo babi\u010dka pe\u010dou kol\u00e1\u010de do bistra, kter\u00e9 m\u00e1me, rad\u011bji zalezu do pokoje. To jsou muka. K sn\u00eddani si d\u00e1m, to ni\u010demu nevad\u00ed. Nebo po p\u011btihodinov\u00e9m tr\u00e9ninku. Ale kdybych m\u011bl ka\u017ed\u00fdch dvacet minut nebo p\u016fl hodiny n\u011bco zobnout, \u0161lo by o nejhor\u0161\u00ed sc\u00e9n\u00e1\u0159. Pr\u00e1v\u011b tohle snackov\u00e1n\u00ed je hodn\u011b \u0161patn\u00e9.<\/p>\n<h2><strong>Kdy jste si \u0159ekl, \u017ee ve\u0161ker\u00e9 sna\u017een\u00ed m\u00e1 efekt?<\/strong><\/h2>\n<p>Poprv\u00e9 v Ma\u010farsku. M\u011bl jsem dole kilogram a p\u016fl. V kopc\u00edch jsem d\u00e1val rekordy v \u010d\u00edslech. Ka\u017ed\u00fd t\u0159et\u00ed z\u00e1vodn\u00edk se m\u011b ptal, zda jsem klasik\u00e1\u0159 nebo vrcha\u0159. Tak jsem odpov\u00eddal, \u017ee to zji\u0161\u0165uji. P\u0159ekvapil jsem s\u00e1m sebe.<\/p>\n<div class=\"shortcode-ys-post-pinup\"><article class=\"loop-simple post-25823 post type-post status-publish format-standard has-post-thumbnail hentry category-letape-czech-republic tag-cyklistika tag-letape-2024 tag-letape-czech-republic-2024 tag-silnicni-cyklistika tag-tour-de-france tag-zdenek-stybar global-categories-cycling\" data-postid=\"25823\" role=\"article\" data-post-id=\"25823\" data-word-count=\"528\" data-headline-length=\"54\" data-category=\"L&#039;Etape Czech Republic\" data-global-category=\"Cycling\" data-author=\"Radek Malina\" data-published=\"2024-06-17T11:31:03+02:00\" data-published-day=\"Monday\">\n    <div class=\"entry-thumbnail article-thumbnail\" content=\"https:\/\/d2p6e6u75xmxt8.cloudfront.net\/13\/2024\/06\/3C9A1731-150x150.webp\"><a href=\"https:\/\/www.welovecycling.com\/cs\/2024\/06\/17\/sampion-se-obetoval-v-roli-domestika-pro-doktora-kol\/\" class=\"image-holder\" target=\"_self\"><img decoding=\"async\" loading=\"lazy\" class=\"\" src=\"https:\/\/d2p6e6u75xmxt8.cloudfront.net\/13\/2024\/06\/3C9A1731-1024x683.webp\" srcset=\"https:\/\/d2p6e6u75xmxt8.cloudfront.net\/13\/2024\/06\/3C9A1731-scaled.webp 2560w, https:\/\/d2p6e6u75xmxt8.cloudfront.net\/13\/2024\/06\/3C9A1731-300x200.webp 300w, https:\/\/d2p6e6u75xmxt8.cloudfront.net\/13\/2024\/06\/3C9A1731-1024x683.webp 1024w, https:\/\/d2p6e6u75xmxt8.cloudfront.net\/13\/2024\/06\/3C9A1731-768x512.webp 768w, https:\/\/d2p6e6u75xmxt8.cloudfront.net\/13\/2024\/06\/3C9A1731-1536x1024.webp 1536w, https:\/\/d2p6e6u75xmxt8.cloudfront.net\/13\/2024\/06\/3C9A1731-2048x1365.webp 2048w, https:\/\/d2p6e6u75xmxt8.cloudfront.net\/13\/2024\/06\/3C9A1731-1920x1280.webp 1920w, https:\/\/d2p6e6u75xmxt8.cloudfront.net\/13\/2024\/06\/3C9A1731-400x267.webp 400w, https:\/\/d2p6e6u75xmxt8.cloudfront.net\/13\/2024\/06\/3C9A1731-272x182.webp 272w, https:\/\/d2p6e6u75xmxt8.cloudfront.net\/13\/2024\/06\/3C9A1731-1920x1280.webp 1920w\" width=\"1024\" height=\"683\" sizes=\"auto, (min-width: 1200px) 300px, (min-width: 768px) 25vw, 100vw\" alt=\"sampion-se-obetoval-v-roli-domestika-pro-doktora-kol\"\/><\/a><\/div>    <div class=\"entry-meta\">\n        <a class=\"label label-secondary post-category\" href=\"https:\/\/www.welovecycling.com\/cs\/category\/letape-czech-republic\/\" title=\"L'Etape Czech Republic\">L'Etape Czech Republic<\/a>\n    <\/div>\n    <div class=\"entry-details\">\n        <a href=\"https:\/\/www.welovecycling.com\/cs\/2024\/06\/17\/sampion-se-obetoval-v-roli-domestika-pro-doktora-kol\/\" class='entry-title-wrapper'>\n            <h3 class=\"entry-title\"><span>\u0160ampion se ob\u011btoval v roli domestika pro doktora kol<\/span><\/h3>\n        <\/a>\n    <\/div>\n    <\/article>\n<\/div>\n<h2><strong>Nevy\u010d\u00edtal jste si, \u017ee jste mohl b\u00fdt d\u00e1le, kdyby podobn\u00e1 zm\u011bna p\u0159i\u0161la d\u0159\u00edve?<\/strong><\/h2>\n<p>Ne. Te\u010f je spr\u00e1vn\u00fd \u010das. Kdybych za\u010dal d\u011blat d\u0159\u00edve, mo\u017en\u00e1 bych to ment\u00e1ln\u011b neust\u00e1l. V\u011b\u0159\u00edm, \u017ee to bude je\u0161t\u011b lep\u0161\u00ed.<\/p>\n<h2><strong>Mathias Vacek za sebou m\u00e1 dvan\u00e1ct m\u011bs\u00edc\u016f v dresu \u010desk\u00e9ho \u0161ampiona a dva roky v t\u00fdmu Lidl Trek. Jak\u00e9 to bylo obdob\u00ed?<\/strong><\/h2>\n<p>Mistrovsk\u00fd dres jsem si u\u017e\u00edval. V\u011b\u0159\u00edm, \u017ee jsem ho reprezentoval, jak si zaslou\u017e\u00ed. Pro\u017eil jsem v n\u011bm super sezonu. Nabral hodn\u011b zku\u0161enost\u00ed. Roubaix, etap\u00e1ky v Ma\u010farsku, Norsku \u010di v Belgii byly ur\u010dit\u011b d\u016fstojn\u00e9 a odpov\u00eddaj\u00edc\u00ed v\u00fdznamu trikotu.<\/p>\n<figure id=\"attachment_23284\" aria-describedby=\"caption-attachment-23284\" style=\"width: 1920px\" class=\"wp-caption alignnone\"><a href=\"https:\/\/d2p6e6u75xmxt8.cloudfront.net\/13\/2023\/08\/20230628_JSvoboda_RepreRoad_036-scaled.webp\"><img loading=\"lazy\" decoding=\"async\" class=\"size-extra-large wp-image-23284\" src=\"https:\/\/d2p6e6u75xmxt8.cloudfront.net\/13\/2023\/08\/20230628_JSvoboda_RepreRoad_036-1920x1280.webp\" alt=\"Mathias Vacek\" width=\"1920\" height=\"1280\" srcset=\"https:\/\/d2p6e6u75xmxt8.cloudfront.net\/13\/2023\/08\/20230628_JSvoboda_RepreRoad_036-1920x1280.webp 1920w, https:\/\/d2p6e6u75xmxt8.cloudfront.net\/13\/2023\/08\/20230628_JSvoboda_RepreRoad_036-300x200.webp 300w, https:\/\/d2p6e6u75xmxt8.cloudfront.net\/13\/2023\/08\/20230628_JSvoboda_RepreRoad_036-1024x683.webp 1024w, https:\/\/d2p6e6u75xmxt8.cloudfront.net\/13\/2023\/08\/20230628_JSvoboda_RepreRoad_036-768x512.webp 768w, https:\/\/d2p6e6u75xmxt8.cloudfront.net\/13\/2023\/08\/20230628_JSvoboda_RepreRoad_036-1536x1024.webp 1536w, https:\/\/d2p6e6u75xmxt8.cloudfront.net\/13\/2023\/08\/20230628_JSvoboda_RepreRoad_036-2048x1365.webp 2048w, https:\/\/d2p6e6u75xmxt8.cloudfront.net\/13\/2023\/08\/20230628_JSvoboda_RepreRoad_036-400x267.webp 400w, https:\/\/d2p6e6u75xmxt8.cloudfront.net\/13\/2023\/08\/20230628_JSvoboda_RepreRoad_036-272x182.webp 272w, https:\/\/d2p6e6u75xmxt8.cloudfront.net\/13\/2023\/08\/20230628_JSvoboda_RepreRoad_036-1920x1280.webp 1920w\" sizes=\"auto, (max-width: 1920px) 100vw, 1920px\" \/><\/a><figcaption id=\"caption-attachment-23284\" class=\"wp-caption-text\"><em>Mathias Vacek je \u017ehav\u00fdm adeptem na m\u00edsto pro olympijsk\u00e9 hry v Pa\u0159\u00ed\u017ei.<\/em><\/figcaption><\/figure>\n<h2><strong>A dva roky v t\u00fdmu Trek?<\/strong><\/h2>\n<p>Dostal jsem facku! <a href=\"https:\/\/www.welovecycling.com\/cs\/2024\/06\/17\/mathias-vacek-uchvatne-bojoval-v-belgii-celkovy-triumf-unikl-o-ctyri-vteriny\/\">Mathias Vacek<\/a> dnes je jin\u00fd, ne\u017e kluk kter\u00fd v l\u00e9t\u011b p\u0159ed dv\u011bma lety do americk\u00e9ho t\u00fdmu p\u0159i\u0161el. Kdy\u017e se ohl\u00e9dnu zp\u00e1tky&#8230; Stra\u0161n\u011b moc v\u011bc\u00ed jsem ne\u0159e\u0161il. Plnil jsem v\u0161echno, jak jsem m\u011bl. Ale v hlav\u011b mi to bylo jedno. Nem\u011bl jsem v sob\u011b, \u017ee chci n\u011bco dok\u00e1zat. \u0158\u00edkal jsem si, \u017ee mi sta\u010d\u00ed co m\u00e1m. Tren\u00e9r mi po\u0159\u00e1d vtloukal do hlavy, abych n\u011bco vyt\u011b\u017eil z talentu, kter\u00fd m\u00e1m, jinak skon\u010d\u00edm v pr\u016fm\u011bru.<\/p>\n<h2><strong>Tak\u017ee jste dv\u011b sezony promrhal?<\/strong><\/h2>\n<p>Ne. Byly to zku\u0161enosti. P\u0159ed rokem jsem dostal tr\u00e9ninkov\u00fd pl\u00e1n. Odjel jsem, co bylo t\u0159eba a nic v\u00edc ne\u0159e\u0161il. Nefl\u00e1kal jsem to, ale byl jsem spokojen\u00fd s t\u00edm, \u017ee jsem ve skv\u011bl\u00e9m World Tour t\u00fdmu. Data jsem t\u0159eba tren\u00e9rovi poslal s odstupem dvou dn\u016f. Te\u010f p\u0159id\u00e1v\u00e1m koment\u00e1\u0159, odes\u00edl\u00e1m v\u0161e okam\u017eit\u011b a s\u00e1m si v\u0161e analyzuji je\u0161t\u011b ne\u017e se ozve tren\u00e9r. K \u010dasu na kole p\u0159istupuji s maxim\u00e1ln\u00edm perfekcionismem. Ka\u017ed\u00e9 cvi\u010den\u00ed, ka\u017ed\u00fd interval&#8230; I v minulosti jsem intervaly odjel podle pl\u00e1nu. Ale bez v\u011bt\u0161\u00edho z\u00e1jmu. Prost\u011b jsem jezdil na kole. A u\u017e\u00edval jsem si, \u017ee d\u011bl\u00e1m, co m\u011b bav\u00ed. Zm\u011bnil jsem p\u0159\u00edstup. Nen\u00ed to jenom o tr\u00e9ninku a sezen\u00ed na gau\u010di. \u0158e\u0161\u00edm, co p\u0159idat kv\u016fli v\u00fdbu\u0161nosti, kdy ubrat&#8230;<\/p>\n<div class=\"shortcode-ys-post-pinup\"><article class=\"loop-simple post-25693 post type-post status-publish format-standard has-post-thumbnail hentry category-tour-de-france tag-cyklistika tag-doping tag-filippo-simeoni tag-lance-armstrong tag-silnicni-cyklistika tag-tour-de-france tag-tour-de-france-2004 global-categories-cycling\" data-postid=\"25693\" role=\"article\" data-post-id=\"25693\" data-word-count=\"363\" data-headline-length=\"55\" data-category=\"Tour de France\" data-global-category=\"Cycling\" data-author=\"Radek Malina\" data-published=\"2024-06-11T06:00:47+02:00\" data-published-day=\"Tuesday\">\n    <div class=\"entry-thumbnail article-thumbnail\" content=\"https:\/\/d2p6e6u75xmxt8.cloudfront.net\/13\/2023\/01\/armstrong-simeoni-profimedia-0015889721-150x150.webp\"><a href=\"https:\/\/www.welovecycling.com\/cs\/2024\/06\/11\/tour-de-france-2004-lance-armstrong-a-praktiky-mafie\/\" class=\"image-holder\" target=\"_self\"><img decoding=\"async\" loading=\"lazy\" class=\"\" src=\"https:\/\/d2p6e6u75xmxt8.cloudfront.net\/13\/2023\/01\/armstrong-simeoni-profimedia-0015889721-1024x728.webp\" srcset=\"https:\/\/d2p6e6u75xmxt8.cloudfront.net\/13\/2023\/01\/armstrong-simeoni-profimedia-0015889721.webp 1800w, https:\/\/d2p6e6u75xmxt8.cloudfront.net\/13\/2023\/01\/armstrong-simeoni-profimedia-0015889721-300x213.webp 300w, https:\/\/d2p6e6u75xmxt8.cloudfront.net\/13\/2023\/01\/armstrong-simeoni-profimedia-0015889721-1024x728.webp 1024w, https:\/\/d2p6e6u75xmxt8.cloudfront.net\/13\/2023\/01\/armstrong-simeoni-profimedia-0015889721-768x546.webp 768w, https:\/\/d2p6e6u75xmxt8.cloudfront.net\/13\/2023\/01\/armstrong-simeoni-profimedia-0015889721-1536x1092.webp 1536w\" width=\"1024\" height=\"728\" sizes=\"auto, (min-width: 1200px) 300px, (min-width: 768px) 25vw, 100vw\" alt=\"tour-de-france-2004-lance-armstrong-a-praktiky-mafie\"\/><\/a><\/div>    <div class=\"entry-meta\">\n        <a class=\"label label-secondary post-category\" href=\"https:\/\/www.welovecycling.com\/cs\/category\/tour-de-france\/\" title=\"Tour de France\">Tour de France<\/a>\n    <\/div>\n    <div class=\"entry-details\">\n        <a href=\"https:\/\/www.welovecycling.com\/cs\/2024\/06\/11\/tour-de-france-2004-lance-armstrong-a-praktiky-mafie\/\" class='entry-title-wrapper'>\n            <h3 class=\"entry-title\"><span>Tour de France 2004: Lance Armstrong a praktiky mafie\u00a0<\/span><\/h3>\n        <\/a>\n    <\/div>\n    <\/article>\n<\/div>\n<h2><strong>V Belgii jste si vyzkou\u0161el p\u0159i etapov\u00e9m z\u00e1vod\u011b pozici l\u00eddra. Je to znamen\u00ed pro budoucnost? I pro Grand Tour?<\/strong><\/h2>\n<p>To si nedok\u00e1\u017eu p\u0159edstavit. \u010clov\u011bk mus\u00ed b\u00fdt ment\u00e1ln\u011b p\u0159ipraven\u00fd \u00fapln\u011b jinak. Na v\u0161echny krize, na ten tlak. Je to n\u00e1ro\u010dn\u00e9. ale kdy\u017e t\u00fdm \u0159ekne, \u017ee se na to zam\u011b\u0159\u00edme na giro, \u017ee pojedu na celkov\u00e9 po\u0159ad\u00ed nebo budu superdomestik pro harta, tak bych se za\u010dal p\u0159ipravovat dlouhodob\u011b. hlavn\u011b ment\u00e1ln\u011b.<\/p>\n<h2><strong>Jak\u00fd program bude m\u00edt Mathias Vacek v druh\u00e9 polovin\u011b sezony?<\/strong><\/h2>\n<p>Pojedu mistrovstv\u00ed republiky. \u010casovku i hromadn\u00fd z\u00e1vod. A pak m\u011b \u010dek\u00e1 vysokohorsk\u00e9 soust\u0159ed\u011bn\u00ed v Ando\u0159e. T\u0159i t\u00fddny. Budu shazovat je\u0161t\u011b o dal\u0161\u00ed kilogram sm\u011brem k Vuelt\u011b. Ale nev\u00edm, co se mnou ud\u011bl\u00e1 ta v\u00fd\u0161ka. Nem\u00e1m s t\u00edm zku\u0161enost. Absolvoval jsem n\u011bco podobn\u00e9ho jen jednou p\u0159ed t\u0159emi lety v Livignu. Jen\u017ee pak jsem nem\u011bl tak d\u016fle\u017eit\u00fd z\u00e1vod&#8230;<\/p>\n<figure id=\"attachment_25830\" aria-describedby=\"caption-attachment-25830\" style=\"width: 1800px\" class=\"wp-caption alignnone\"><a href=\"https:\/\/d2p6e6u75xmxt8.cloudfront.net\/13\/2024\/06\/profimedia-0881022452.webp\"><img loading=\"lazy\" decoding=\"async\" class=\"size-full wp-image-25830\" src=\"https:\/\/d2p6e6u75xmxt8.cloudfront.net\/13\/2024\/06\/profimedia-0881022452.webp\" alt=\"Mathias Vacek\" width=\"1800\" height=\"1200\" srcset=\"https:\/\/d2p6e6u75xmxt8.cloudfront.net\/13\/2024\/06\/profimedia-0881022452.webp 1800w, https:\/\/d2p6e6u75xmxt8.cloudfront.net\/13\/2024\/06\/profimedia-0881022452-300x200.webp 300w, https:\/\/d2p6e6u75xmxt8.cloudfront.net\/13\/2024\/06\/profimedia-0881022452-1024x683.webp 1024w, https:\/\/d2p6e6u75xmxt8.cloudfront.net\/13\/2024\/06\/profimedia-0881022452-768x512.webp 768w, https:\/\/d2p6e6u75xmxt8.cloudfront.net\/13\/2024\/06\/profimedia-0881022452-1536x1024.webp 1536w, https:\/\/d2p6e6u75xmxt8.cloudfront.net\/13\/2024\/06\/profimedia-0881022452-400x267.webp 400w, https:\/\/d2p6e6u75xmxt8.cloudfront.net\/13\/2024\/06\/profimedia-0881022452-272x182.webp 272w\" sizes=\"auto, (max-width: 1800px) 100vw, 1800px\" \/><\/a><figcaption id=\"caption-attachment-25830\" class=\"wp-caption-text\"><em>Mathias Vacek v\u00fdrazn\u011b pracoval na \u010dasovce, aby mohl pom\u00fd\u0161let v z\u00e1vodech i na celkov\u00e9 po\u0159ad\u00ed.\u00a0<\/em><\/figcaption><\/figure>\n<h2><strong>Na Vuelt\u011b dostanete prostor? Nebo budete \u010dist\u011b v roli pomocn\u00edka?<\/strong><\/h2>\n<p>Na\u0161\u00edm l\u00eddrem bude Mattias Skjelmose a moj\u00ed hlavn\u00ed \u00falohou bude d\u00e1t mu maxim\u00e1ln\u00ed podporu. Ale podle domluvy dostanu v n\u011bkter\u00fdch etap\u00e1ch prostor. A pokud zajedu Vueltu dob\u0159e, otev\u0159e mi to vr\u00e1tka \u00fapln\u011b jinam.<\/p>\n<h2><strong>M\u00edn\u011bno do jin\u00e9ho t\u00fdmu?<\/strong><\/h2>\n<p>Ne. Nechci odej\u00edt. Lidl Trek se mnou m\u00e1 pl\u00e1ny do budoucna. C\u00edt\u00edm se tady v\u00fdborn\u011b, dost\u00e1v\u00e1m svoje \u0161ance. Kladu hodn\u011b velk\u00fd d\u016fraz na Vueltu, abych uk\u00e1zal, \u017ee formu m\u016f\u017eu dr\u017eet konzistentn\u011b na Grand Tour. Ve \u0160pan\u011blsku chci b\u00fdt perfektn\u00ed. Vytvo\u0159it na t\u00fdm tlak, aby m\u011b v\u00e1\u017en\u011b cht\u011bl a d\u016fv\u011b\u0159oval mi, d\u00e1val prostor.<\/p>\n<h2><strong>Nezn\u00e1m\u00e9 pro v\u00e1s rozhodn\u011b nen\u00ed dom\u00e1c\u00ed cyklistick\u00e9 prost\u0159ed\u00ed. B\u011bhem nadch\u00e1zej\u00edc\u00edho v\u00edkendu budete obhajovat titul \u010desk\u00e9ho \u0161ampiona. T\u011b\u0161\u00edte se na tuhle v\u00fdzvu?<\/strong><\/h2>\n<p>Up\u0159\u00edmn\u011b? Moc ne. Pro \u010desk\u00e9 t\u00fdmy je dom\u00e1c\u00ed \u0161ampion\u00e1t jako mistrovstv\u00ed sv\u011bta. Je to net\u011b\u017e\u0161\u00ed z\u00e1vod sezony. Kluci, kte\u0159\u00ed se celou sezonu tr\u00e1p\u00ed, tak p\u0159ijedou na republiku a jsou jako d\u011blov\u00e9 koule. V\u00edc bych to rad\u0161i nerozeb\u00edral.<\/p>\n","protected":false},"excerpt":{"rendered":"<p>Hu\u010del do n\u011bj tak dlouho, a\u017e ho p\u0159esv\u011bd\u010dil. Mathias Vacek, \u010desk\u00fd cyklista ve slu\u017eb\u00e1ch cyklistick\u00e9ho t\u00fdmu Lidl Trek, poslechl tren\u00e9ra. [&hellip;]<\/p>\n","protected":false},"author":138,"featured_media":22828,"comment_status":"open","ping_status":"open","sticky":false,"template":"","format":"standard","meta":{"footnotes":""},"categories":[10],"tags":[126,2963,3152,305,3433,9,273],"global-categories":[411],"class_list":["post-25768","post","type-post","status-publish","format-standard","has-post-thumbnail","hentry","category-silnicni-cyklistika","tag-cyklistika","tag-czech-tour","tag-lidl-trek","tag-mathias-vacek","tag-novy-kontrakt","tag-silnicni-cyklistika","tag-vuelta","global-categories-cycling"],"yoast_head":"<!-- This site is optimized with the Yoast SEO Premium plugin v25.3 (Yoast SEO v25.9) - https:\/\/yoast.com\/wordpress\/plugins\/seo\/ -->\n<title>Dostal jsem facku! Nechci jen h\u0159e\u0161it na talent, \u0159\u00edk\u00e1 Mathias Vacek o zm\u011bn\u011b p\u0159\u00edstupu | \u0160koda We Love Cycling - \u010cesk\u00e1 republika<\/title>\n<meta name=\"description\" content=\"Mathias Vacek se b\u011bhem dvou let ve World Tour tot\u00e1ln\u011b zm\u011bnil. Od oby\u010dejn\u00e9ho je\u017ed\u011bn\u00ed na kole p\u0159e\u0161el ke skute\u010dn\u00e9mu profesionalismu...\" \/>\n<meta name=\"robots\" content=\"index, follow, max-snippet:-1, max-image-preview:large, max-video-preview:-1\" \/>\n<link rel=\"canonical\" href=\"https:\/\/www.welovecycling.com\/cs\/2024\/06\/19\/dostal-jsem-facku-nechci-jen-hresit-na-talent-rika-mathias-vacek-o-zmene-pristupu\/\" \/>\n<meta property=\"og:locale\" content=\"cs_CZ\" \/>\n<meta property=\"og:type\" content=\"article\" \/>\n<meta property=\"og:title\" content=\"Dostal jsem facku! Nechci jen h\u0159e\u0161it na talent, \u0159\u00edk\u00e1 Mathias Vacek o zm\u011bn\u011b p\u0159\u00edstupu\" \/>\n<meta property=\"og:description\" content=\"Mathias Vacek se b\u011bhem dvou let ve World Tour tot\u00e1ln\u011b zm\u011bnil. Od oby\u010dejn\u00e9ho je\u017ed\u011bn\u00ed na kole p\u0159e\u0161el ke skute\u010dn\u00e9mu profesionalismu...\" \/>\n<meta property=\"og:url\" content=\"https:\/\/www.welovecycling.com\/cs\/2024\/06\/19\/dostal-jsem-facku-nechci-jen-hresit-na-talent-rika-mathias-vacek-o-zmene-pristupu\/\" \/>\n<meta property=\"og:site_name\" content=\"\u0160koda We Love Cycling - \u010cesk\u00e1 republika\" \/>\n<meta property=\"article:published_time\" content=\"2024-06-19T07:40:51+00:00\" \/>\n<meta property=\"article:modified_time\" content=\"2024-06-19T08:11:35+00:00\" \/>\n<meta property=\"og:image\" content=\"https:\/\/d2p6e6u75xmxt8.cloudfront.net\/13\/2023\/06\/BrychtaJan_MR_Tlmace_20230625_161407_DSC_5601.webp\" \/>\n\t<meta property=\"og:image:width\" content=\"2000\" \/>\n\t<meta property=\"og:image:height\" content=\"1331\" \/>\n\t<meta property=\"og:image:type\" content=\"image\/webp\" \/>\n<meta name=\"author\" content=\"radekmalina\" \/>\n<meta name=\"twitter:card\" content=\"summary_large_image\" \/>\n<meta name=\"twitter:label1\" content=\"Written by\" \/>\n\t<meta name=\"twitter:data1\" content=\"Radek Malina\" \/>\n\t<meta name=\"twitter:label2\" content=\"Est. reading time\" \/>\n\t<meta name=\"twitter:data2\" content=\"5\" \/>\n<script type=\"application\/ld+json\" class=\"yoast-schema-graph\">{\"@context\":\"https:\/\/schema.org\",\"@graph\":[{\"@type\":\"WebPage\",\"@id\":\"https:\/\/www.welovecycling.com\/cs\/2024\/06\/19\/dostal-jsem-facku-nechci-jen-hresit-na-talent-rika-mathias-vacek-o-zmene-pristupu\/\",\"url\":\"https:\/\/www.welovecycling.com\/cs\/2024\/06\/19\/dostal-jsem-facku-nechci-jen-hresit-na-talent-rika-mathias-vacek-o-zmene-pristupu\/\",\"name\":\"Dostal jsem facku! Nechci jen h\u0159e\u0161it na talent, \u0159\u00edk\u00e1 Mathias Vacek o zm\u011bn\u011b p\u0159\u00edstupu | \u0160koda We Love Cycling - \u010cesk\u00e1 republika\",\"isPartOf\":{\"@id\":\"https:\/\/www.welovecycling.com\/cs\/#website\"},\"primaryImageOfPage\":{\"@id\":\"https:\/\/www.welovecycling.com\/cs\/2024\/06\/19\/dostal-jsem-facku-nechci-jen-hresit-na-talent-rika-mathias-vacek-o-zmene-pristupu\/#primaryimage\"},\"image\":{\"@id\":\"https:\/\/www.welovecycling.com\/cs\/2024\/06\/19\/dostal-jsem-facku-nechci-jen-hresit-na-talent-rika-mathias-vacek-o-zmene-pristupu\/#primaryimage\"},\"thumbnailUrl\":\"https:\/\/d2p6e6u75xmxt8.cloudfront.net\/13\/2023\/06\/BrychtaJan_MR_Tlmace_20230625_161407_DSC_5601.webp\",\"datePublished\":\"2024-06-19T07:40:51+00:00\",\"dateModified\":\"2024-06-19T08:11:35+00:00\",\"author\":{\"@id\":\"https:\/\/www.welovecycling.com\/cs\/#\/schema\/person\/d9eeb0a378f3a7e4a6d12d2b536b04b8\"},\"description\":\"Mathias Vacek se b\u011bhem dvou let ve World Tour tot\u00e1ln\u011b zm\u011bnil. Od oby\u010dejn\u00e9ho je\u017ed\u011bn\u00ed na kole p\u0159e\u0161el ke skute\u010dn\u00e9mu profesionalismu...\",\"inLanguage\":\"cs\",\"potentialAction\":[{\"@type\":\"ReadAction\",\"target\":[\"https:\/\/www.welovecycling.com\/cs\/2024\/06\/19\/dostal-jsem-facku-nechci-jen-hresit-na-talent-rika-mathias-vacek-o-zmene-pristupu\/\"]}]},{\"@type\":\"ImageObject\",\"inLanguage\":\"cs\",\"@id\":\"https:\/\/www.welovecycling.com\/cs\/2024\/06\/19\/dostal-jsem-facku-nechci-jen-hresit-na-talent-rika-mathias-vacek-o-zmene-pristupu\/#primaryimage\",\"url\":\"https:\/\/d2p6e6u75xmxt8.cloudfront.net\/13\/2023\/06\/BrychtaJan_MR_Tlmace_20230625_161407_DSC_5601.webp\",\"contentUrl\":\"https:\/\/d2p6e6u75xmxt8.cloudfront.net\/13\/2023\/06\/BrychtaJan_MR_Tlmace_20230625_161407_DSC_5601.webp\",\"width\":2000,\"height\":1331,\"caption\":\"Mathias Vacek v dresu nov\u00e9ho \u010desk\u00e9ho \u0161ampiona.\"},{\"@type\":\"WebSite\",\"@id\":\"https:\/\/www.welovecycling.com\/cs\/#website\",\"url\":\"https:\/\/www.welovecycling.com\/cs\/\",\"name\":\"\u0160koda We Love Cycling - \u010cesk\u00e1 republika\",\"description\":\"WeLoveCycling.cz je online magaz\u00edn, kter\u00fd v\u00e1m pravideln\u011b p\u0159in\u00e1\u0161\u00ed rady a tipy, zaj\u00edmav\u00e9 \u010dl\u00e1nky, videa a jedine\u010dn\u00e9 report\u00e1\u017ee ze sv\u011bta cyklistiky.\",\"potentialAction\":[{\"@type\":\"SearchAction\",\"target\":{\"@type\":\"EntryPoint\",\"urlTemplate\":\"https:\/\/www.welovecycling.com\/cs\/?s={search_term_string}\"},\"query-input\":{\"@type\":\"PropertyValueSpecification\",\"valueRequired\":true,\"valueName\":\"search_term_string\"}}],\"inLanguage\":\"cs\"},{\"@type\":\"Person\",\"@id\":\"https:\/\/www.welovecycling.com\/cs\/#\/schema\/person\/d9eeb0a378f3a7e4a6d12d2b536b04b8\",\"name\":\"radekmalina\",\"image\":{\"@type\":\"ImageObject\",\"inLanguage\":\"cs\",\"@id\":\"https:\/\/www.welovecycling.com\/cs\/#\/schema\/person\/image\/\",\"url\":\"https:\/\/secure.gravatar.com\/avatar\/66994b632cb8c39a46b9f54afa3ae07201b678d32a54275b6f1c9ffec356bfc0?s=96&d=mm&r=g\",\"contentUrl\":\"https:\/\/secure.gravatar.com\/avatar\/66994b632cb8c39a46b9f54afa3ae07201b678d32a54275b6f1c9ffec356bfc0?s=96&d=mm&r=g\",\"caption\":\"radekmalina\"},\"url\":\"https:\/\/www.welovecycling.com\/cs\/author\/radekmalina\/\"}]}<\/script>\n<!-- \/ Yoast SEO Premium plugin. -->","yoast_head_json":{"title":"Dostal jsem facku! Nechci jen h\u0159e\u0161it na talent, \u0159\u00edk\u00e1 Mathias Vacek o zm\u011bn\u011b p\u0159\u00edstupu | \u0160koda We Love Cycling - \u010cesk\u00e1 republika","description":"Mathias Vacek se b\u011bhem dvou let ve World Tour tot\u00e1ln\u011b zm\u011bnil. Od oby\u010dejn\u00e9ho je\u017ed\u011bn\u00ed na kole p\u0159e\u0161el ke skute\u010dn\u00e9mu profesionalismu...","robots":{"index":"index","follow":"follow","max-snippet":"max-snippet:-1","max-image-preview":"max-image-preview:large","max-video-preview":"max-video-preview:-1"},"canonical":"https:\/\/www.welovecycling.com\/cs\/2024\/06\/19\/dostal-jsem-facku-nechci-jen-hresit-na-talent-rika-mathias-vacek-o-zmene-pristupu\/","og_locale":"cs_CZ","og_type":"article","og_title":"Dostal jsem facku! Nechci jen h\u0159e\u0161it na talent, \u0159\u00edk\u00e1 Mathias Vacek o zm\u011bn\u011b p\u0159\u00edstupu","og_description":"Mathias Vacek se b\u011bhem dvou let ve World Tour tot\u00e1ln\u011b zm\u011bnil. Od oby\u010dejn\u00e9ho je\u017ed\u011bn\u00ed na kole p\u0159e\u0161el ke skute\u010dn\u00e9mu profesionalismu...","og_url":"https:\/\/www.welovecycling.com\/cs\/2024\/06\/19\/dostal-jsem-facku-nechci-jen-hresit-na-talent-rika-mathias-vacek-o-zmene-pristupu\/","og_site_name":"\u0160koda We Love Cycling - \u010cesk\u00e1 republika","article_published_time":"2024-06-19T07:40:51+00:00","article_modified_time":"2024-06-19T08:11:35+00:00","og_image":[{"width":2000,"height":1331,"url":"https:\/\/d2p6e6u75xmxt8.cloudfront.net\/13\/2023\/06\/BrychtaJan_MR_Tlmace_20230625_161407_DSC_5601.webp","type":"image\/webp"}],"author":"radekmalina","twitter_card":"summary_large_image","twitter_misc":{"Written by":"Radek Malina","Est. reading time":"5"},"schema":{"@context":"https:\/\/schema.org","@graph":[{"@type":"WebPage","@id":"https:\/\/www.welovecycling.com\/cs\/2024\/06\/19\/dostal-jsem-facku-nechci-jen-hresit-na-talent-rika-mathias-vacek-o-zmene-pristupu\/","url":"https:\/\/www.welovecycling.com\/cs\/2024\/06\/19\/dostal-jsem-facku-nechci-jen-hresit-na-talent-rika-mathias-vacek-o-zmene-pristupu\/","name":"Dostal jsem facku! Nechci jen h\u0159e\u0161it na talent, \u0159\u00edk\u00e1 Mathias Vacek o zm\u011bn\u011b p\u0159\u00edstupu | \u0160koda We Love Cycling - \u010cesk\u00e1 republika","isPartOf":{"@id":"https:\/\/www.welovecycling.com\/cs\/#website"},"primaryImageOfPage":{"@id":"https:\/\/www.welovecycling.com\/cs\/2024\/06\/19\/dostal-jsem-facku-nechci-jen-hresit-na-talent-rika-mathias-vacek-o-zmene-pristupu\/#primaryimage"},"image":{"@id":"https:\/\/www.welovecycling.com\/cs\/2024\/06\/19\/dostal-jsem-facku-nechci-jen-hresit-na-talent-rika-mathias-vacek-o-zmene-pristupu\/#primaryimage"},"thumbnailUrl":"https:\/\/d2p6e6u75xmxt8.cloudfront.net\/13\/2023\/06\/BrychtaJan_MR_Tlmace_20230625_161407_DSC_5601.webp","datePublished":"2024-06-19T07:40:51+00:00","dateModified":"2024-06-19T08:11:35+00:00","author":{"@id":"https:\/\/www.welovecycling.com\/cs\/#\/schema\/person\/d9eeb0a378f3a7e4a6d12d2b536b04b8"},"description":"Mathias Vacek se b\u011bhem dvou let ve World Tour tot\u00e1ln\u011b zm\u011bnil. Od oby\u010dejn\u00e9ho je\u017ed\u011bn\u00ed na kole p\u0159e\u0161el ke skute\u010dn\u00e9mu profesionalismu...","inLanguage":"cs","potentialAction":[{"@type":"ReadAction","target":["https:\/\/www.welovecycling.com\/cs\/2024\/06\/19\/dostal-jsem-facku-nechci-jen-hresit-na-talent-rika-mathias-vacek-o-zmene-pristupu\/"]}]},{"@type":"ImageObject","inLanguage":"cs","@id":"https:\/\/www.welovecycling.com\/cs\/2024\/06\/19\/dostal-jsem-facku-nechci-jen-hresit-na-talent-rika-mathias-vacek-o-zmene-pristupu\/#primaryimage","url":"https:\/\/d2p6e6u75xmxt8.cloudfront.net\/13\/2023\/06\/BrychtaJan_MR_Tlmace_20230625_161407_DSC_5601.webp","contentUrl":"https:\/\/d2p6e6u75xmxt8.cloudfront.net\/13\/2023\/06\/BrychtaJan_MR_Tlmace_20230625_161407_DSC_5601.webp","width":2000,"height":1331,"caption":"Mathias Vacek v dresu nov\u00e9ho \u010desk\u00e9ho \u0161ampiona."},{"@type":"WebSite","@id":"https:\/\/www.welovecycling.com\/cs\/#website","url":"https:\/\/www.welovecycling.com\/cs\/","name":"\u0160koda We Love Cycling - \u010cesk\u00e1 republika","description":"WeLoveCycling.cz je online magaz\u00edn, kter\u00fd v\u00e1m pravideln\u011b p\u0159in\u00e1\u0161\u00ed rady a tipy, zaj\u00edmav\u00e9 \u010dl\u00e1nky, videa a jedine\u010dn\u00e9 report\u00e1\u017ee ze sv\u011bta cyklistiky.","potentialAction":[{"@type":"SearchAction","target":{"@type":"EntryPoint","urlTemplate":"https:\/\/www.welovecycling.com\/cs\/?s={search_term_string}"},"query-input":{"@type":"PropertyValueSpecification","valueRequired":true,"valueName":"search_term_string"}}],"inLanguage":"cs"},{"@type":"Person","@id":"https:\/\/www.welovecycling.com\/cs\/#\/schema\/person\/d9eeb0a378f3a7e4a6d12d2b536b04b8","name":"radekmalina","image":{"@type":"ImageObject","inLanguage":"cs","@id":"https:\/\/www.welovecycling.com\/cs\/#\/schema\/person\/image\/","url":"https:\/\/secure.gravatar.com\/avatar\/66994b632cb8c39a46b9f54afa3ae07201b678d32a54275b6f1c9ffec356bfc0?s=96&d=mm&r=g","contentUrl":"https:\/\/secure.gravatar.com\/avatar\/66994b632cb8c39a46b9f54afa3ae07201b678d32a54275b6f1c9ffec356bfc0?s=96&d=mm&r=g","caption":"radekmalina"},"url":"https:\/\/www.welovecycling.com\/cs\/author\/radekmalina\/"}]}},"_links":{"self":[{"href":"https:\/\/www.welovecycling.com\/cs\/wp-json\/wp\/v2\/posts\/25768","targetHints":{"allow":["GET"]}}],"collection":[{"href":"https:\/\/www.welovecycling.com\/cs\/wp-json\/wp\/v2\/posts"}],"about":[{"href":"https:\/\/www.welovecycling.com\/cs\/wp-json\/wp\/v2\/types\/post"}],"author":[{"embeddable":true,"href":"https:\/\/www.welovecycling.com\/cs\/wp-json\/wp\/v2\/users\/138"}],"replies":[{"embeddable":true,"href":"https:\/\/www.welovecycling.com\/cs\/wp-json\/wp\/v2\/comments?post=25768"}],"version-history":[{"count":16,"href":"https:\/\/www.welovecycling.com\/cs\/wp-json\/wp\/v2\/posts\/25768\/revisions"}],"predecessor-version":[{"id":25882,"href":"https:\/\/www.welovecycling.com\/cs\/wp-json\/wp\/v2\/posts\/25768\/revisions\/25882"}],"wp:featuredmedia":[{"embeddable":true,"href":"https:\/\/www.welovecycling.com\/cs\/wp-json\/wp\/v2\/media\/22828"}],"wp:attachment":[{"href":"https:\/\/www.welovecycling.com\/cs\/wp-json\/wp\/v2\/media?parent=25768"}],"wp:term":[{"taxonomy":"category","embeddable":true,"href":"https:\/\/www.welovecycling.com\/cs\/wp-json\/wp\/v2\/categories?post=25768"},{"taxonomy":"post_tag","embeddable":true,"href":"https:\/\/www.welovecycling.com\/cs\/wp-json\/wp\/v2\/tags?post=25768"},{"taxonomy":"global-categories","embeddable":true,"href":"https:\/\/www.welovecycling.com\/cs\/wp-json\/wp\/v2\/global-categories?post=25768"}],"curies":[{"name":"wp","href":"https:\/\/api.w.org\/{rel}","templated":true}]}}