{"id":25750,"date":"2024-06-14T06:00:49","date_gmt":"2024-06-14T04:00:49","guid":{"rendered":"https:\/\/www.welovecycling.com\/cs\/?p=25750"},"modified":"2024-06-13T17:13:43","modified_gmt":"2024-06-13T15:13:43","slug":"tour-de-france-2007-zariznute-kure","status":"publish","type":"post","link":"https:\/\/www.welovecycling.com\/cs\/2024\/06\/14\/tour-de-france-2007-zariznute-kure\/","title":{"rendered":"Tour de France 2007: Za\u0159\u00edznut\u00e9 ku\u0159e\u00a0"},"content":{"rendered":"<p><strong>U\u017e dev\u011bt dn\u016f vl\u00e1dne Tour de France! Py\u0161n\u00ed se \u017elu\u0165ou\u010dk\u00fdm dresem l\u00eddra z\u00e1vodu. D\u00e1n Michael Rasmussen p\u0159ezd\u00edvan\u00fd ku\u0159e kv\u016fli vyz\u00e1bl\u00e9 postav\u011b dvakr\u00e1t v\u202fp\u0159ede\u0161l\u00fdch sezon\u00e1ch ovl\u00e1dl na Star\u00e9 d\u00e1m\u011b vrcha\u0159skou sout\u011b\u017e! Ale te\u010f si jede pro v\u00edt\u011bzstv\u00ed. V\u202ft\u0159iat\u0159iceti letech prvn\u00ed triumf z\u202fetapov\u00e9ho z\u00e1vodu. Nejv\u011bt\u0161\u00edho a nejslavn\u011bj\u0161\u00edho.\u00a0<\/strong><\/p>\n<p><span data-contrast=\"auto\">\u201eU\u017e jen t\u0159i etapy a pak defil\u00e9 ve \u017elut\u00e9m do Pa\u0159\u00ed\u017ee,\u201c vyhl\u00ed\u017e\u00ed Michael Rasmussen velkolep\u00fd triumf na Champs-\u00c9lys\u00e9es, kdy\u017e vyhraje \u0161estn\u00e1ctou etapu. U\u017e podruh\u00e9 v ro\u010dn\u00edku slav\u00ed d\u00edl\u010d\u00ed triumf. Kdy\u017e ovl\u00e1dl osmou etapu, posunul se do \u010dela z\u00e1vodu. M\u00e1 n\u00e1skok t\u0159i minuty a deset vte\u0159in na \u0161pan\u011blsk\u00e9ho toreadora jm\u00e9nem Alberto Contador.<\/span><span data-ccp-props=\"{&quot;201341983&quot;:0,&quot;335559739&quot;:160,&quot;335559740&quot;:256}\">\u00a0<\/span><\/p>\n<h2><strong>Gratulace od prezidenta, ve\u010de\u0159e a vyhazov&#8230;<\/strong><\/h2>\n<p><span data-contrast=\"auto\">Dostate\u010dn\u011b komfortn\u00ed odstup. V\u017edy\u0165 forma d\u00e1nsk\u00e9ho dibl\u00edka graduje. A t\u0159i zb\u00fdvaj\u00edc\u00ed etapy nep\u0159edstavuj\u00ed v\u00e1\u017en\u00e9 ohro\u017een\u00ed. P\u0159esn\u011b na to mysl\u00ed, kdy\u017e jej na p\u00f3diu dekoruje francouzsk\u00fd prezident Sarkozy. Po boku \u0159editele Christiana Prudhomma ve \u0160kod\u011b Superb dorazil na vrchol Col d\u00b4Aubisque, aby oslavil budouc\u00edho \u0161ampiona Tour de France.<\/span><span data-ccp-props=\"{&quot;201341983&quot;:0,&quot;335559739&quot;:160,&quot;335559740&quot;:256}\">\u00a0<\/span><\/p>\n<p><span data-contrast=\"auto\">Jen\u017ee Star\u00e1 d\u00e1ma se neodehr\u00e1v\u00e1 jen na silnici. V\u202ft\u00fdmov\u00e9m hotelu jde na ve\u010de\u0159i jako l\u00eddr po\u0159ad\u00ed. Ne\u017e dopln\u00ed energii, bude psancem.<\/span><span data-ccp-props=\"{&quot;201341983&quot;:0,&quot;335559739&quot;:160,&quot;335559740&quot;:256}\">\u00a0<\/span><\/p>\n<div class=\"shortcode-ys-post-pinup\"><article class=\"loop-simple post-25748 post type-post status-publish format-standard has-post-thumbnail hentry category-tour-de-france tag-cyklistika tag-doping tag-eufemiano-fuentes tag-floyd-landis tag-operacion-puerto tag-silnicni-cyklistika tag-tour-de-france global-categories-cycling\" data-postid=\"25748\" role=\"article\" data-post-id=\"25748\" data-word-count=\"472\" data-headline-length=\"65\" data-category=\"Tour de France\" data-global-category=\"Cycling\" data-author=\"Radek Malina\" data-published=\"2024-06-13T06:00:59+02:00\" data-published-day=\"Thursday\">\n    <div class=\"entry-thumbnail article-thumbnail\" content=\"https:\/\/d2p6e6u75xmxt8.cloudfront.net\/13\/2024\/06\/profimedia-0084115966-150x150.webp\"><a href=\"https:\/\/www.welovecycling.com\/cs\/2024\/06\/13\/tour-de-france-2006-nerozvazny-gynekolog-procistil-peloton\/\" class=\"image-holder\" target=\"_self\"><img decoding=\"async\" loading=\"lazy\" class=\"\" src=\"https:\/\/d2p6e6u75xmxt8.cloudfront.net\/13\/2024\/06\/profimedia-0084115966-1024x811.webp\" srcset=\"https:\/\/d2p6e6u75xmxt8.cloudfront.net\/13\/2024\/06\/profimedia-0084115966.webp 1800w, https:\/\/d2p6e6u75xmxt8.cloudfront.net\/13\/2024\/06\/profimedia-0084115966-300x238.webp 300w, https:\/\/d2p6e6u75xmxt8.cloudfront.net\/13\/2024\/06\/profimedia-0084115966-1024x811.webp 1024w, https:\/\/d2p6e6u75xmxt8.cloudfront.net\/13\/2024\/06\/profimedia-0084115966-768x608.webp 768w, https:\/\/d2p6e6u75xmxt8.cloudfront.net\/13\/2024\/06\/profimedia-0084115966-1536x1216.webp 1536w, https:\/\/d2p6e6u75xmxt8.cloudfront.net\/13\/2024\/06\/profimedia-0084115966-400x317.webp 400w\" width=\"1024\" height=\"811\" sizes=\"auto, (min-width: 1200px) 300px, (min-width: 768px) 25vw, 100vw\" alt=\"tour-de-france-2006-nerozvazny-gynekolog-procistil-peloton\"\/><\/a><\/div>    <div class=\"entry-meta\">\n        <a class=\"label label-secondary post-category\" href=\"https:\/\/www.welovecycling.com\/cs\/category\/tour-de-france\/\" title=\"Tour de France\">Tour de France<\/a>\n    <\/div>\n    <div class=\"entry-details\">\n        <a href=\"https:\/\/www.welovecycling.com\/cs\/2024\/06\/13\/tour-de-france-2006-nerozvazny-gynekolog-procistil-peloton\/\" class='entry-title-wrapper'>\n            <h3 class=\"entry-title\"><span>Tour de France 2006: Nerozv\u00e1\u017en\u00fd gynekolog pro\u010distil peloton\u00a0<\/span><\/h3>\n        <\/a>\n    <\/div>\n    <\/article>\n<\/div>\n<p><span data-contrast=\"auto\">Mezin\u00e1rodn\u00ed cyklistick\u00e1 unie jej na\u0159kne z\u202fdopingu. Co na tom, \u017ee p\u0159ed startem pro\u0161el krevn\u00edmi testy jako cel\u00fd peloton. V\u00fdsledky v\u0161ech byly negativn\u00ed!<\/span><span data-ccp-props=\"{&quot;201341983&quot;:0,&quot;335559739&quot;:160,&quot;335559740&quot;:256}\">\u00a0<\/span><\/p>\n<p><span data-contrast=\"auto\">Ka\u017ed\u00fd z bal\u00edku musel podepsat antidopingovou chartu Mezin\u00e1rodn\u00ed cyklistick\u00e9 federace. V\u0161ichni se zav\u00e1zali, \u017ee sklouznou-li na stranu temna, p\u0159ijdou o ro\u010dn\u00ed plat a dostanou vyhazov z\u202ft\u00fdmu. Odv\u00e1\u017e\u00ed se n\u011bkdo za takov\u00e9 konstelace podv\u00e1d\u011bt a usilovat o nejslavn\u011bj\u0161\u00ed v\u00edt\u011bzstv\u00ed kari\u00e9ry nekal\u00fdm zp\u016fsobem?<\/span><span data-ccp-props=\"{&quot;201341983&quot;:0,&quot;335559739&quot;:160,&quot;335559740&quot;:256}\">\u00a0<\/span><\/p>\n<p><span data-contrast=\"auto\">Rasmussenovo jm\u00e9no je dosud ve v\u00fdsledc\u00edch. Nikdy nebyl vy\u0161krtnut\u00fd. Jen u jeho jm\u00e9na p\u0159ed 17. etapou sv\u00edt\u00ed DNS (did not start).<\/span><span data-ccp-props=\"{&quot;201341983&quot;:0,&quot;335559739&quot;:160,&quot;335559740&quot;:256}\">\u00a0<\/span><\/p>\n<h2><strong>Bral jsem v\u0161echno, p\u0159izn\u00e1 Michael Rasmussen<\/strong><\/h2>\n<p><span data-contrast=\"auto\">V\u202fpr\u016fb\u011bhu jara se Michael Rasmussen vyh\u00fdbal test\u016fm. Kdy\u017e jej dopingov\u00ed komisa\u0159i hledali, ozn\u00e1mil, \u017ee je na soust\u0159ed\u011bn\u00ed v\u202fMexiku, odkud poch\u00e1zela jeho \u017eena. P\u0159itom drtil ped\u00e1ly na soust\u0159ed\u011bn\u00ed u jezera Garda v\u202fIt\u00e1lii. M\u011bl v\u0161ak sm\u016flu. Vid\u011bl ho jeden z\u202fitalsk\u00fdch sportovn\u00edch novin\u00e1\u0159\u016f. <\/span><span data-ccp-props=\"{&quot;201341983&quot;:0,&quot;335559739&quot;:160,&quot;335559740&quot;:256}\">\u00a0<\/span><\/p>\n<figure id=\"attachment_25762\" aria-describedby=\"caption-attachment-25762\" style=\"width: 1800px\" class=\"wp-caption alignnone\"><a href=\"https:\/\/d2p6e6u75xmxt8.cloudfront.net\/13\/2024\/06\/profimedia-0231541212.webp\"><img loading=\"lazy\" decoding=\"async\" class=\"size-full wp-image-25762\" src=\"https:\/\/d2p6e6u75xmxt8.cloudfront.net\/13\/2024\/06\/profimedia-0231541212.webp\" alt=\"Michael Rasmussen\" width=\"1800\" height=\"1104\" srcset=\"https:\/\/d2p6e6u75xmxt8.cloudfront.net\/13\/2024\/06\/profimedia-0231541212.webp 1800w, https:\/\/d2p6e6u75xmxt8.cloudfront.net\/13\/2024\/06\/profimedia-0231541212-300x184.webp 300w, https:\/\/d2p6e6u75xmxt8.cloudfront.net\/13\/2024\/06\/profimedia-0231541212-1024x628.webp 1024w, https:\/\/d2p6e6u75xmxt8.cloudfront.net\/13\/2024\/06\/profimedia-0231541212-768x471.webp 768w, https:\/\/d2p6e6u75xmxt8.cloudfront.net\/13\/2024\/06\/profimedia-0231541212-1536x942.webp 1536w, https:\/\/d2p6e6u75xmxt8.cloudfront.net\/13\/2024\/06\/profimedia-0231541212-400x245.webp 400w\" sizes=\"auto, (max-width: 1800px) 100vw, 1800px\" \/><\/a><figcaption id=\"caption-attachment-25762\" class=\"wp-caption-text\"><em>Michael Rasmussen kr\u00e1tce p\u0159ed vylou\u010den\u00edm z Tour de France 2007. Foto: profimedia (2x)<\/em><\/figcaption><\/figure>\n<p><span data-contrast=\"auto\">Je to Davide Cassani, b\u00fdval\u00fd cyklista, tak\u017ee kdy\u017e vypravuje, jak Rasmussena potkal p\u0159i tr\u00e9ninku, nikdo si nedovol\u00ed pochybovat. A sponzor nizozemsk\u00e9 formace nechce \u201edopingem\u201c pot\u0159\u00edsn\u011bn\u00fd \u017elut\u00fd dres. Rasmussena vyhod\u00ed z\u202fTour de France vlastn\u00ed t\u00fdm je\u0161t\u011b p\u0159ed t\u00fdmovou ve\u010derkou.<\/span><span data-ccp-props=\"{&quot;201341983&quot;:0,&quot;335559739&quot;:160,&quot;335559740&quot;:256}\">\u00a0<\/span><\/p>\n<p><span data-contrast=\"auto\">D\u00e1n se zhrout\u00ed. \u201eT\u00fdm v\u011bd\u011bl, kde tr\u00e9nuji. Z\u202fIt\u00e1lie jsem odjel na t\u00fdmov\u00e9 soust\u0159ed\u011bn\u00ed. U\u0161ili na m\u011b boudu, je to hnusn\u00fd z\u00e1\u0159ez,\u201c obvi\u0148uje Michael Rasmussen t\u00fdmov\u00e9 \u0161\u00e9fy. Kdy\u017e mu vypr\u0161\u00ed dvoulet\u00fd trest, vr\u00e1t\u00ed se k\u202fcyklistice. U\u017e nikdy se nepostav\u00ed na start Tour de France. <\/span><span data-ccp-props=\"{&quot;201341983&quot;:0,&quot;335559739&quot;:160,&quot;335559740&quot;:256}\">\u00a0<\/span><\/p>\n<div class=\"shortcode-ys-post-pinup\"><article class=\"loop-simple post-25699 post type-post status-publish format-standard has-post-thumbnail hentry category-tour-de-france tag-cyklistika tag-doping tag-lance-armstrong tag-silnicni-cyklistika tag-tour-de-france tag-tour-de-france-2005 global-categories-cycling\" data-postid=\"25699\" role=\"article\" data-post-id=\"25699\" data-word-count=\"486\" data-headline-length=\"50\" data-category=\"Tour de France\" data-global-category=\"Cycling\" data-author=\"Radek Malina\" data-published=\"2024-06-12T06:00:47+02:00\" data-published-day=\"Wednesday\">\n    <div class=\"entry-thumbnail article-thumbnail\" content=\"https:\/\/d2p6e6u75xmxt8.cloudfront.net\/13\/2023\/01\/armstrong-sedm-vitezstvi-profimedia-0234619925-150x150.webp\"><a href=\"https:\/\/www.welovecycling.com\/cs\/2024\/06\/12\/tour-de-france-2005-kral-neslavne-odchazi\/\" class=\"image-holder\" target=\"_self\"><img decoding=\"async\" loading=\"lazy\" class=\"\" src=\"https:\/\/d2p6e6u75xmxt8.cloudfront.net\/13\/2023\/01\/armstrong-sedm-vitezstvi-profimedia-0234619925-1024x767.webp\" srcset=\"https:\/\/d2p6e6u75xmxt8.cloudfront.net\/13\/2023\/01\/armstrong-sedm-vitezstvi-profimedia-0234619925.webp 1800w, https:\/\/d2p6e6u75xmxt8.cloudfront.net\/13\/2023\/01\/armstrong-sedm-vitezstvi-profimedia-0234619925-300x225.webp 300w, https:\/\/d2p6e6u75xmxt8.cloudfront.net\/13\/2023\/01\/armstrong-sedm-vitezstvi-profimedia-0234619925-1024x767.webp 1024w, https:\/\/d2p6e6u75xmxt8.cloudfront.net\/13\/2023\/01\/armstrong-sedm-vitezstvi-profimedia-0234619925-768x576.webp 768w, https:\/\/d2p6e6u75xmxt8.cloudfront.net\/13\/2023\/01\/armstrong-sedm-vitezstvi-profimedia-0234619925-1536x1151.webp 1536w\" width=\"1024\" height=\"767\" sizes=\"auto, (min-width: 1200px) 300px, (min-width: 768px) 25vw, 100vw\" alt=\"tour-de-france-2005-kral-neslavne-odchazi\"\/><\/a><\/div>    <div class=\"entry-meta\">\n        <a class=\"label label-secondary post-category\" href=\"https:\/\/www.welovecycling.com\/cs\/category\/tour-de-france\/\" title=\"Tour de France\">Tour de France<\/a>\n    <\/div>\n    <div class=\"entry-details\">\n        <a href=\"https:\/\/www.welovecycling.com\/cs\/2024\/06\/12\/tour-de-france-2005-kral-neslavne-odchazi\/\" class='entry-title-wrapper'>\n            <h3 class=\"entry-title\"><span>Tour de France 2005: Kr\u00e1l (ne)slavn\u011b odch\u00e1z\u00ed\u00a0<\/span><\/h3>\n        <\/a>\n    <\/div>\n    <\/article>\n<\/div>\n<p><span data-contrast=\"auto\">Obj\u00ed\u017ed\u00ed men\u0161\u00ed podniky. Vyhraje jednu etapu v\u202fMexiku, pozd\u011bji slav\u00ed d\u00edl\u010d\u00ed triumf p\u0159i etap\u00e1ku v\u202fSrbsku a pak v\u202f\u010c\u00edn\u011b. Kdy\u017e s\u202fcyklistikou o t\u0159i sezony pozd\u011bji definitivn\u011b sekne, p\u0159izn\u00e1: \u201eB\u011bhem kari\u00e9ry jsem bral EPO, testosteron, r\u016fstov\u00e9 hormony, zkou\u0161el krevn\u00ed transfuzi. Prost\u011b v\u0161echno.\u201c<\/span><span data-ccp-props=\"{&quot;201341983&quot;:0,&quot;335559739&quot;:160,&quot;335559740&quot;:256}\">\u00a0<\/span><\/p>\n<p><span data-contrast=\"auto\">Triumf na Tour de France 2007 spadne do kl\u00edna <a href=\"https:\/\/www.welovecycling.com\/cs\/2024\/04\/23\/poplach-na-zdejcine-aneb-kdyz-v-cele-pelotonu-u-berounky-jede-alberto-contador\/\">Albertu Contadorovi<\/a>. \u0160pan\u011bl p\u0159i druh\u00e9 \u00fa\u010dasti na Star\u00e9 d\u00e1m\u011b slav\u00ed v\u202fb\u00edl\u00e9m dresu sponzorovan\u00e9m \u010deskou automobilkou \u0160koda Auto prvn\u00ed etapov\u00e9 v\u00edt\u011bzstv\u00ed z\u202fGrand Tour, kdy\u017e ovl\u00e1dne \u010dtrn\u00e1ctou etapu. U\u017e jen dvakr\u00e1t v\u0161ak ve sn\u011bhov\u00e9m trikotu s\u202flogem ok\u0159\u00eddlen\u00e9ho \u0161\u00edpu nastoup\u00ed na start. Pak se toti\u017e p\u0159evl\u00e9kne do \u017elut\u00e9ho.<\/span><span data-ccp-props=\"{&quot;201341983&quot;:0,&quot;335559739&quot;:160,&quot;335559740&quot;:256}\">\u00a0<\/span><\/p>\n<h2><b><span data-contrast=\"auto\">V\u00fdsledky Tour de France 2007<\/span><\/b><span data-ccp-props=\"{&quot;201341983&quot;:0,&quot;335559739&quot;:160,&quot;335559740&quot;:256}\">\u00a0<\/span><\/h2>\n<p><b><span data-contrast=\"auto\">Absolutn\u00ed po\u0159ad\u00ed: <\/span><\/b><span data-contrast=\"auto\">1. Alberto Contador (\u0160p., Discovery Channel), 2. Cadel Evans (Austr., Predictor-Lotto), 3. Carlos Sastre (\u0160p., CSC Pro).<\/span><span data-ccp-props=\"{&quot;201341983&quot;:0,&quot;335559739&quot;:160,&quot;335559740&quot;:256}\">\u00a0<\/span><\/p>\n<p><b><span data-contrast=\"auto\">B\u00edl\u00fd dres \u0160koda Auto<\/span><\/b><span data-contrast=\"auto\">: 1. Alberto Contador (\u0160p., Discovery Channel), 2. Juan Soller (Kol., Barloworld), 3. Amets Txurruka (\u0160p., Euskaltel-Euskadi).<\/span><span data-ccp-props=\"{&quot;201341983&quot;:0,&quot;335559739&quot;:160,&quot;335559740&quot;:256}\">\u00a0<\/span><\/p>\n<p><b><span data-contrast=\"auto\">Zelen\u00fd dres: <\/span><\/b><span data-contrast=\"auto\">1. Tom Boonen (Bel., QuickStep Innergetic), 2. Robert Hunter (JAR, Barloworld), 3. Erik Zabel (N\u011bm., Milram)<\/span><span data-ccp-props=\"{&quot;201341983&quot;:0,&quot;335559739&quot;:160,&quot;335559740&quot;:256}\">\u00a0<\/span><\/p>\n<p><b><span data-contrast=\"auto\">Vrcha\u0159sk\u00e1 sout\u011b\u017e<\/span><\/b><span data-contrast=\"auto\">: 1. Juan Soller (Kol., Barloworld), 2. Alberto Contador (\u0160p., Discovery Channel), 3. Jaroslav Popovi\u010d (Ukr., Discovery Channel).<\/span><span data-ccp-props=\"{&quot;201341983&quot;:0,&quot;335559739&quot;:160,&quot;335559740&quot;:256}\">\u00a0<\/span><\/p>\n","protected":false},"excerpt":{"rendered":"<p>U\u017e dev\u011bt dn\u016f vl\u00e1dne Tour de France! Py\u0161n\u00ed se \u017elu\u0165ou\u010dk\u00fdm dresem l\u00eddra z\u00e1vodu. D\u00e1n Michael Rasmussen p\u0159ezd\u00edvan\u00fd ku\u0159e kv\u016fli vyz\u00e1bl\u00e9 [&hellip;]<\/p>\n","protected":false},"author":138,"featured_media":25761,"comment_status":"open","ping_status":"open","sticky":false,"template":"","format":"standard","meta":{"footnotes":""},"categories":[1711],"tags":[319,126,54,3616,9,23,3615],"global-categories":[411],"class_list":["post-25750","post","type-post","status-publish","format-standard","has-post-thumbnail","hentry","category-tour-de-france","tag-alberto-contador","tag-cyklistika","tag-doping","tag-michael-rasmussen","tag-silnicni-cyklistika","tag-tour-de-france","tag-tour-de-france-2007","global-categories-cycling"],"yoast_head":"<!-- This site is optimized with the Yoast SEO Premium plugin v25.3 (Yoast SEO v25.9) - https:\/\/yoast.com\/wordpress\/plugins\/seo\/ -->\n<title>Tour de France 2007: Za\u0159\u00edznut\u00e9 ku\u0159e\u00a0 | \u0160koda We Love Cycling - \u010cesk\u00e1 republika<\/title>\n<meta name=\"description\" content=\"U\u017e dev\u011bt dn\u016f vl\u00e1dne Tour de France! Py\u0161n\u00ed se \u017elu\u0165ou\u010dk\u00fdm dresem l\u00eddra z\u00e1vodu. D\u00e1n Michael Rasmussen p\u0159ezd\u00edvan\u00fd ku\u0159e kv\u016fli vyz\u00e1bl\u00e9 postav\u011b dvakr\u00e1t v\u202fp\u0159ede\u0161l\u00fdch sezon\u00e1ch ovl\u00e1dl na Star\u00e9 d\u00e1m\u011b vrcha\u0159skou sout\u011b\u017e! Ale te\u010f si jede pro v\u00edt\u011bzstv\u00ed. V\u202ft\u0159iat\u0159iceti letech prvn\u00ed triumf z\u202fetapov\u00e9ho z\u00e1vodu. Nejv\u011bt\u0161\u00edho a nejslavn\u011bj\u0161\u00edho.\u00a0\" \/>\n<meta name=\"robots\" content=\"index, follow, max-snippet:-1, max-image-preview:large, max-video-preview:-1\" \/>\n<link rel=\"canonical\" href=\"https:\/\/www.welovecycling.com\/cs\/2024\/06\/14\/tour-de-france-2007-zariznute-kure\/\" \/>\n<meta property=\"og:locale\" content=\"cs_CZ\" \/>\n<meta property=\"og:type\" content=\"article\" \/>\n<meta property=\"og:title\" content=\"Tour de France 2007: Za\u0159\u00edznut\u00e9 ku\u0159e\u00a0\" \/>\n<meta property=\"og:description\" content=\"U\u017e dev\u011bt dn\u016f vl\u00e1dne Tour de France! Py\u0161n\u00ed se \u017elu\u0165ou\u010dk\u00fdm dresem l\u00eddra z\u00e1vodu. D\u00e1n Michael Rasmussen p\u0159ezd\u00edvan\u00fd ku\u0159e kv\u016fli vyz\u00e1bl\u00e9 postav\u011b dvakr\u00e1t v\u202fp\u0159ede\u0161l\u00fdch sezon\u00e1ch ovl\u00e1dl na Star\u00e9 d\u00e1m\u011b vrcha\u0159skou sout\u011b\u017e! Ale te\u010f si jede pro v\u00edt\u011bzstv\u00ed. V\u202ft\u0159iat\u0159iceti letech prvn\u00ed triumf z\u202fetapov\u00e9ho z\u00e1vodu. Nejv\u011bt\u0161\u00edho a nejslavn\u011bj\u0161\u00edho.\u00a0\" \/>\n<meta property=\"og:url\" content=\"https:\/\/www.welovecycling.com\/cs\/2024\/06\/14\/tour-de-france-2007-zariznute-kure\/\" \/>\n<meta property=\"og:site_name\" content=\"\u0160koda We Love Cycling - \u010cesk\u00e1 republika\" \/>\n<meta property=\"article:published_time\" content=\"2024-06-14T04:00:49+00:00\" \/>\n<meta property=\"og:image\" content=\"https:\/\/d2p6e6u75xmxt8.cloudfront.net\/13\/2024\/06\/profimedia-0021984696.webp\" \/>\n\t<meta property=\"og:image:width\" content=\"1800\" \/>\n\t<meta property=\"og:image:height\" content=\"1390\" \/>\n\t<meta property=\"og:image:type\" content=\"image\/webp\" \/>\n<meta name=\"author\" content=\"radekmalina\" \/>\n<meta name=\"twitter:card\" content=\"summary_large_image\" \/>\n<meta name=\"twitter:label1\" content=\"Written by\" \/>\n\t<meta name=\"twitter:data1\" content=\"Radek Malina\" \/>\n\t<meta name=\"twitter:label2\" content=\"Est. reading time\" \/>\n\t<meta name=\"twitter:data2\" content=\"6\" \/>\n<script type=\"application\/ld+json\" class=\"yoast-schema-graph\">{\"@context\":\"https:\/\/schema.org\",\"@graph\":[{\"@type\":\"WebPage\",\"@id\":\"https:\/\/www.welovecycling.com\/cs\/2024\/06\/14\/tour-de-france-2007-zariznute-kure\/\",\"url\":\"https:\/\/www.welovecycling.com\/cs\/2024\/06\/14\/tour-de-france-2007-zariznute-kure\/\",\"name\":\"Tour de France 2007: Za\u0159\u00edznut\u00e9 ku\u0159e\u00a0 | \u0160koda We Love Cycling - \u010cesk\u00e1 republika\",\"isPartOf\":{\"@id\":\"https:\/\/www.welovecycling.com\/cs\/#website\"},\"primaryImageOfPage\":{\"@id\":\"https:\/\/www.welovecycling.com\/cs\/2024\/06\/14\/tour-de-france-2007-zariznute-kure\/#primaryimage\"},\"image\":{\"@id\":\"https:\/\/www.welovecycling.com\/cs\/2024\/06\/14\/tour-de-france-2007-zariznute-kure\/#primaryimage\"},\"thumbnailUrl\":\"https:\/\/d2p6e6u75xmxt8.cloudfront.net\/13\/2024\/06\/profimedia-0021984696.webp\",\"datePublished\":\"2024-06-14T04:00:49+00:00\",\"author\":{\"@id\":\"https:\/\/www.welovecycling.com\/cs\/#\/schema\/person\/d9eeb0a378f3a7e4a6d12d2b536b04b8\"},\"description\":\"U\u017e dev\u011bt dn\u016f vl\u00e1dne Tour de France! Py\u0161n\u00ed se \u017elu\u0165ou\u010dk\u00fdm dresem l\u00eddra z\u00e1vodu. D\u00e1n Michael Rasmussen p\u0159ezd\u00edvan\u00fd ku\u0159e kv\u016fli vyz\u00e1bl\u00e9 postav\u011b dvakr\u00e1t v\u202fp\u0159ede\u0161l\u00fdch sezon\u00e1ch ovl\u00e1dl na Star\u00e9 d\u00e1m\u011b vrcha\u0159skou sout\u011b\u017e! Ale te\u010f si jede pro v\u00edt\u011bzstv\u00ed. V\u202ft\u0159iat\u0159iceti letech prvn\u00ed triumf z\u202fetapov\u00e9ho z\u00e1vodu. Nejv\u011bt\u0161\u00edho a nejslavn\u011bj\u0161\u00edho.\u00a0\",\"inLanguage\":\"cs\",\"potentialAction\":[{\"@type\":\"ReadAction\",\"target\":[\"https:\/\/www.welovecycling.com\/cs\/2024\/06\/14\/tour-de-france-2007-zariznute-kure\/\"]}]},{\"@type\":\"ImageObject\",\"inLanguage\":\"cs\",\"@id\":\"https:\/\/www.welovecycling.com\/cs\/2024\/06\/14\/tour-de-france-2007-zariznute-kure\/#primaryimage\",\"url\":\"https:\/\/d2p6e6u75xmxt8.cloudfront.net\/13\/2024\/06\/profimedia-0021984696.webp\",\"contentUrl\":\"https:\/\/d2p6e6u75xmxt8.cloudfront.net\/13\/2024\/06\/profimedia-0021984696.webp\",\"width\":1800,\"height\":1390,\"caption\":\"Michael Rasmussen Alberto Contador\"},{\"@type\":\"WebSite\",\"@id\":\"https:\/\/www.welovecycling.com\/cs\/#website\",\"url\":\"https:\/\/www.welovecycling.com\/cs\/\",\"name\":\"\u0160koda We Love Cycling - \u010cesk\u00e1 republika\",\"description\":\"WeLoveCycling.cz je online magaz\u00edn, kter\u00fd v\u00e1m pravideln\u011b p\u0159in\u00e1\u0161\u00ed rady a tipy, zaj\u00edmav\u00e9 \u010dl\u00e1nky, videa a jedine\u010dn\u00e9 report\u00e1\u017ee ze sv\u011bta cyklistiky.\",\"potentialAction\":[{\"@type\":\"SearchAction\",\"target\":{\"@type\":\"EntryPoint\",\"urlTemplate\":\"https:\/\/www.welovecycling.com\/cs\/?s={search_term_string}\"},\"query-input\":{\"@type\":\"PropertyValueSpecification\",\"valueRequired\":true,\"valueName\":\"search_term_string\"}}],\"inLanguage\":\"cs\"},{\"@type\":\"Person\",\"@id\":\"https:\/\/www.welovecycling.com\/cs\/#\/schema\/person\/d9eeb0a378f3a7e4a6d12d2b536b04b8\",\"name\":\"radekmalina\",\"image\":{\"@type\":\"ImageObject\",\"inLanguage\":\"cs\",\"@id\":\"https:\/\/www.welovecycling.com\/cs\/#\/schema\/person\/image\/\",\"url\":\"https:\/\/secure.gravatar.com\/avatar\/66994b632cb8c39a46b9f54afa3ae07201b678d32a54275b6f1c9ffec356bfc0?s=96&d=mm&r=g\",\"contentUrl\":\"https:\/\/secure.gravatar.com\/avatar\/66994b632cb8c39a46b9f54afa3ae07201b678d32a54275b6f1c9ffec356bfc0?s=96&d=mm&r=g\",\"caption\":\"radekmalina\"},\"url\":\"https:\/\/www.welovecycling.com\/cs\/author\/radekmalina\/\"}]}<\/script>\n<!-- \/ Yoast SEO Premium plugin. -->","yoast_head_json":{"title":"Tour de France 2007: Za\u0159\u00edznut\u00e9 ku\u0159e\u00a0 | \u0160koda We Love Cycling - \u010cesk\u00e1 republika","description":"U\u017e dev\u011bt dn\u016f vl\u00e1dne Tour de France! Py\u0161n\u00ed se \u017elu\u0165ou\u010dk\u00fdm dresem l\u00eddra z\u00e1vodu. D\u00e1n Michael Rasmussen p\u0159ezd\u00edvan\u00fd ku\u0159e kv\u016fli vyz\u00e1bl\u00e9 postav\u011b dvakr\u00e1t v\u202fp\u0159ede\u0161l\u00fdch sezon\u00e1ch ovl\u00e1dl na Star\u00e9 d\u00e1m\u011b vrcha\u0159skou sout\u011b\u017e! Ale te\u010f si jede pro v\u00edt\u011bzstv\u00ed. V\u202ft\u0159iat\u0159iceti letech prvn\u00ed triumf z\u202fetapov\u00e9ho z\u00e1vodu. Nejv\u011bt\u0161\u00edho a nejslavn\u011bj\u0161\u00edho.\u00a0","robots":{"index":"index","follow":"follow","max-snippet":"max-snippet:-1","max-image-preview":"max-image-preview:large","max-video-preview":"max-video-preview:-1"},"canonical":"https:\/\/www.welovecycling.com\/cs\/2024\/06\/14\/tour-de-france-2007-zariznute-kure\/","og_locale":"cs_CZ","og_type":"article","og_title":"Tour de France 2007: Za\u0159\u00edznut\u00e9 ku\u0159e\u00a0","og_description":"U\u017e dev\u011bt dn\u016f vl\u00e1dne Tour de France! Py\u0161n\u00ed se \u017elu\u0165ou\u010dk\u00fdm dresem l\u00eddra z\u00e1vodu. D\u00e1n Michael Rasmussen p\u0159ezd\u00edvan\u00fd ku\u0159e kv\u016fli vyz\u00e1bl\u00e9 postav\u011b dvakr\u00e1t v\u202fp\u0159ede\u0161l\u00fdch sezon\u00e1ch ovl\u00e1dl na Star\u00e9 d\u00e1m\u011b vrcha\u0159skou sout\u011b\u017e! Ale te\u010f si jede pro v\u00edt\u011bzstv\u00ed. V\u202ft\u0159iat\u0159iceti letech prvn\u00ed triumf z\u202fetapov\u00e9ho z\u00e1vodu. Nejv\u011bt\u0161\u00edho a nejslavn\u011bj\u0161\u00edho.\u00a0","og_url":"https:\/\/www.welovecycling.com\/cs\/2024\/06\/14\/tour-de-france-2007-zariznute-kure\/","og_site_name":"\u0160koda We Love Cycling - \u010cesk\u00e1 republika","article_published_time":"2024-06-14T04:00:49+00:00","og_image":[{"width":1800,"height":1390,"url":"https:\/\/d2p6e6u75xmxt8.cloudfront.net\/13\/2024\/06\/profimedia-0021984696.webp","type":"image\/webp"}],"author":"radekmalina","twitter_card":"summary_large_image","twitter_misc":{"Written by":"Radek Malina","Est. reading time":"6"},"schema":{"@context":"https:\/\/schema.org","@graph":[{"@type":"WebPage","@id":"https:\/\/www.welovecycling.com\/cs\/2024\/06\/14\/tour-de-france-2007-zariznute-kure\/","url":"https:\/\/www.welovecycling.com\/cs\/2024\/06\/14\/tour-de-france-2007-zariznute-kure\/","name":"Tour de France 2007: Za\u0159\u00edznut\u00e9 ku\u0159e\u00a0 | \u0160koda We Love Cycling - \u010cesk\u00e1 republika","isPartOf":{"@id":"https:\/\/www.welovecycling.com\/cs\/#website"},"primaryImageOfPage":{"@id":"https:\/\/www.welovecycling.com\/cs\/2024\/06\/14\/tour-de-france-2007-zariznute-kure\/#primaryimage"},"image":{"@id":"https:\/\/www.welovecycling.com\/cs\/2024\/06\/14\/tour-de-france-2007-zariznute-kure\/#primaryimage"},"thumbnailUrl":"https:\/\/d2p6e6u75xmxt8.cloudfront.net\/13\/2024\/06\/profimedia-0021984696.webp","datePublished":"2024-06-14T04:00:49+00:00","author":{"@id":"https:\/\/www.welovecycling.com\/cs\/#\/schema\/person\/d9eeb0a378f3a7e4a6d12d2b536b04b8"},"description":"U\u017e dev\u011bt dn\u016f vl\u00e1dne Tour de France! Py\u0161n\u00ed se \u017elu\u0165ou\u010dk\u00fdm dresem l\u00eddra z\u00e1vodu. D\u00e1n Michael Rasmussen p\u0159ezd\u00edvan\u00fd ku\u0159e kv\u016fli vyz\u00e1bl\u00e9 postav\u011b dvakr\u00e1t v\u202fp\u0159ede\u0161l\u00fdch sezon\u00e1ch ovl\u00e1dl na Star\u00e9 d\u00e1m\u011b vrcha\u0159skou sout\u011b\u017e! Ale te\u010f si jede pro v\u00edt\u011bzstv\u00ed. V\u202ft\u0159iat\u0159iceti letech prvn\u00ed triumf z\u202fetapov\u00e9ho z\u00e1vodu. Nejv\u011bt\u0161\u00edho a nejslavn\u011bj\u0161\u00edho.\u00a0","inLanguage":"cs","potentialAction":[{"@type":"ReadAction","target":["https:\/\/www.welovecycling.com\/cs\/2024\/06\/14\/tour-de-france-2007-zariznute-kure\/"]}]},{"@type":"ImageObject","inLanguage":"cs","@id":"https:\/\/www.welovecycling.com\/cs\/2024\/06\/14\/tour-de-france-2007-zariznute-kure\/#primaryimage","url":"https:\/\/d2p6e6u75xmxt8.cloudfront.net\/13\/2024\/06\/profimedia-0021984696.webp","contentUrl":"https:\/\/d2p6e6u75xmxt8.cloudfront.net\/13\/2024\/06\/profimedia-0021984696.webp","width":1800,"height":1390,"caption":"Michael Rasmussen Alberto Contador"},{"@type":"WebSite","@id":"https:\/\/www.welovecycling.com\/cs\/#website","url":"https:\/\/www.welovecycling.com\/cs\/","name":"\u0160koda We Love Cycling - \u010cesk\u00e1 republika","description":"WeLoveCycling.cz je online magaz\u00edn, kter\u00fd v\u00e1m pravideln\u011b p\u0159in\u00e1\u0161\u00ed rady a tipy, zaj\u00edmav\u00e9 \u010dl\u00e1nky, videa a jedine\u010dn\u00e9 report\u00e1\u017ee ze sv\u011bta cyklistiky.","potentialAction":[{"@type":"SearchAction","target":{"@type":"EntryPoint","urlTemplate":"https:\/\/www.welovecycling.com\/cs\/?s={search_term_string}"},"query-input":{"@type":"PropertyValueSpecification","valueRequired":true,"valueName":"search_term_string"}}],"inLanguage":"cs"},{"@type":"Person","@id":"https:\/\/www.welovecycling.com\/cs\/#\/schema\/person\/d9eeb0a378f3a7e4a6d12d2b536b04b8","name":"radekmalina","image":{"@type":"ImageObject","inLanguage":"cs","@id":"https:\/\/www.welovecycling.com\/cs\/#\/schema\/person\/image\/","url":"https:\/\/secure.gravatar.com\/avatar\/66994b632cb8c39a46b9f54afa3ae07201b678d32a54275b6f1c9ffec356bfc0?s=96&d=mm&r=g","contentUrl":"https:\/\/secure.gravatar.com\/avatar\/66994b632cb8c39a46b9f54afa3ae07201b678d32a54275b6f1c9ffec356bfc0?s=96&d=mm&r=g","caption":"radekmalina"},"url":"https:\/\/www.welovecycling.com\/cs\/author\/radekmalina\/"}]}},"_links":{"self":[{"href":"https:\/\/www.welovecycling.com\/cs\/wp-json\/wp\/v2\/posts\/25750","targetHints":{"allow":["GET"]}}],"collection":[{"href":"https:\/\/www.welovecycling.com\/cs\/wp-json\/wp\/v2\/posts"}],"about":[{"href":"https:\/\/www.welovecycling.com\/cs\/wp-json\/wp\/v2\/types\/post"}],"author":[{"embeddable":true,"href":"https:\/\/www.welovecycling.com\/cs\/wp-json\/wp\/v2\/users\/138"}],"replies":[{"embeddable":true,"href":"https:\/\/www.welovecycling.com\/cs\/wp-json\/wp\/v2\/comments?post=25750"}],"version-history":[{"count":5,"href":"https:\/\/www.welovecycling.com\/cs\/wp-json\/wp\/v2\/posts\/25750\/revisions"}],"predecessor-version":[{"id":25764,"href":"https:\/\/www.welovecycling.com\/cs\/wp-json\/wp\/v2\/posts\/25750\/revisions\/25764"}],"wp:featuredmedia":[{"embeddable":true,"href":"https:\/\/www.welovecycling.com\/cs\/wp-json\/wp\/v2\/media\/25761"}],"wp:attachment":[{"href":"https:\/\/www.welovecycling.com\/cs\/wp-json\/wp\/v2\/media?parent=25750"}],"wp:term":[{"taxonomy":"category","embeddable":true,"href":"https:\/\/www.welovecycling.com\/cs\/wp-json\/wp\/v2\/categories?post=25750"},{"taxonomy":"post_tag","embeddable":true,"href":"https:\/\/www.welovecycling.com\/cs\/wp-json\/wp\/v2\/tags?post=25750"},{"taxonomy":"global-categories","embeddable":true,"href":"https:\/\/www.welovecycling.com\/cs\/wp-json\/wp\/v2\/global-categories?post=25750"}],"curies":[{"name":"wp","href":"https:\/\/api.w.org\/{rel}","templated":true}]}}