{"id":25748,"date":"2024-06-13T06:00:59","date_gmt":"2024-06-13T04:00:59","guid":{"rendered":"https:\/\/www.welovecycling.com\/cs\/?p=25748"},"modified":"2024-06-12T15:23:38","modified_gmt":"2024-06-12T13:23:38","slug":"tour-de-france-2006-nerozvazny-gynekolog-procistil-peloton","status":"publish","type":"post","link":"https:\/\/www.welovecycling.com\/cs\/2024\/06\/13\/tour-de-france-2006-nerozvazny-gynekolog-procistil-peloton\/","title":{"rendered":"Tour de France 2006: Nerozv\u00e1\u017en\u00fd gynekolog pro\u010distil peloton\u00a0"},"content":{"rendered":"<p><strong>Jeho jm\u00e9no nenajdete na \u0161pici \u017e\u00e1dn\u00e9 z\u202fv\u00fdsledkov\u00fdch listin. Jeho podpis v\u0161ak nesou nepochybn\u011b mnoh\u00e1 cyklistick\u00e1 v\u00edt\u011bzstv\u00ed. \u0160pan\u011bl Eufemiano Fuentes. Vystudovan\u00fd gynekolog, kter\u00fd \u201epe\u010doval\u201c o zdrav\u00ed mnoha sportovc\u016f v\u010detn\u011b cyklist\u016f. P\u0159i razii v\u202fjeho madridsk\u00e9 ordinaci na ja\u0159e 2006 na\u0161la policie p\u0159es dv\u011b st\u011b kus\u016f s\u00e1\u010dk\u016f s\u202fkrv\u00ed. A stovky d\u00e1vek steroid\u016f, EPO \u010di r\u016fstov\u00e9ho hormonu, v\u202fneposledn\u00ed \u0159ad\u011b pak za\u0159\u00edzen\u00ed na krevn\u00ed transfuzi. Ten den vstoupil ve zn\u00e1most jako Operaci\u00f3n Puerto.\u00a0<\/strong><\/p>\n<p><span data-contrast=\"auto\">Fuentes vytvo\u0159il zd\u00e1nliv\u011b dokonalou s\u00ed\u0165. Sportovc\u016fm odeb\u00edral krev, uchov\u00e1val ji pro pozd\u011bj\u0161\u00ed pou\u017eit\u00ed, d\u00e1vkoval EPO, r\u016fstov\u00e9 hormony. Prost\u011b v\u0161e pro \u00fasp\u011bch. A samoz\u0159ejm\u011b inkasoval poh\u00e1dkov\u00e9 \u010d\u00e1stky, na n\u011b\u017e by si b\u011b\u017en\u00fdm ordinov\u00e1n\u00edm t\u011b\u017eko p\u0159i\u0161el. Proto\u017ee touhu po v\u00edt\u011bzstv\u00ed je t\u0159eba zaplatit. A vyhr\u00e1vat chce p\u0159ece ka\u017ed\u00fd.<\/span><span data-ccp-props=\"{&quot;201341983&quot;:0,&quot;335559739&quot;:160,&quot;335559740&quot;:254}\">\u00a0<\/span><\/p>\n<h2><strong>Eufemiano Fuentes m\u011bl v pelotonu velkou klientelu<\/strong><\/h2>\n<p><span data-contrast=\"auto\">Kdy\u017e o p\u00e1r t\u00fddn\u016f pozd\u011bji za\u010d\u00edn\u00e1 Tour de France, nikdo si je\u0161t\u011b p\u00e1r des\u00edtek hodin p\u0159ed prologem nedok\u00e1\u017ee p\u0159edstavit, jak\u00e1 pohroma se na Starou d\u00e1mu val\u00ed. V\u0161ichni jsou nat\u011b\u0161en\u00ed na t\u0159iadevades\u00e1t\u00e9 pokra\u010dov\u00e1n\u00ed z\u00e1vodu. <a href=\"https:\/\/www.welovecycling.com\/cs\/?p=25693&amp;preview_id=25693&amp;preview_nonce=b8d3060eed&amp;post_format=standard&amp;_thumbnail_id=20265&amp;preview=true\">Lance Armstrong<\/a>, sedmin\u00e1sobn\u00fd panova\u010dn\u00fd Ameri\u010dan (ne)ukon\u010dil kari\u00e9ru. M\u00e1 to b\u00fdt nejotev\u0159en\u011bj\u0161\u00ed z\u00e1vod za mnoho let.<\/span><span data-ccp-props=\"{&quot;201341983&quot;:0,&quot;335559739&quot;:160,&quot;335559740&quot;:254}\">\u00a0<\/span><\/p>\n<div class=\"shortcode-ys-post-pinup\"><article class=\"loop-simple post-25699 post type-post status-publish format-standard has-post-thumbnail hentry category-tour-de-france tag-cyklistika tag-doping tag-lance-armstrong tag-silnicni-cyklistika tag-tour-de-france tag-tour-de-france-2005 global-categories-cycling\" data-postid=\"25699\" role=\"article\" data-post-id=\"25699\" data-word-count=\"486\" data-headline-length=\"50\" data-category=\"Tour de France\" data-global-category=\"Cycling\" data-author=\"Radek Malina\" data-published=\"2024-06-12T06:00:47+02:00\" data-published-day=\"Wednesday\">\n    <div class=\"entry-thumbnail article-thumbnail\" content=\"https:\/\/d2p6e6u75xmxt8.cloudfront.net\/13\/2023\/01\/armstrong-sedm-vitezstvi-profimedia-0234619925-150x150.webp\"><a href=\"https:\/\/www.welovecycling.com\/cs\/2024\/06\/12\/tour-de-france-2005-kral-neslavne-odchazi\/\" class=\"image-holder\" target=\"_self\"><img decoding=\"async\" loading=\"lazy\" class=\"\" src=\"https:\/\/d2p6e6u75xmxt8.cloudfront.net\/13\/2023\/01\/armstrong-sedm-vitezstvi-profimedia-0234619925-1024x767.webp\" srcset=\"https:\/\/d2p6e6u75xmxt8.cloudfront.net\/13\/2023\/01\/armstrong-sedm-vitezstvi-profimedia-0234619925.webp 1800w, https:\/\/d2p6e6u75xmxt8.cloudfront.net\/13\/2023\/01\/armstrong-sedm-vitezstvi-profimedia-0234619925-300x225.webp 300w, https:\/\/d2p6e6u75xmxt8.cloudfront.net\/13\/2023\/01\/armstrong-sedm-vitezstvi-profimedia-0234619925-1024x767.webp 1024w, https:\/\/d2p6e6u75xmxt8.cloudfront.net\/13\/2023\/01\/armstrong-sedm-vitezstvi-profimedia-0234619925-768x576.webp 768w, https:\/\/d2p6e6u75xmxt8.cloudfront.net\/13\/2023\/01\/armstrong-sedm-vitezstvi-profimedia-0234619925-1536x1151.webp 1536w\" width=\"1024\" height=\"767\" sizes=\"auto, (min-width: 1200px) 300px, (min-width: 768px) 25vw, 100vw\" alt=\"tour-de-france-2005-kral-neslavne-odchazi\"\/><\/a><\/div>    <div class=\"entry-meta\">\n        <a class=\"label label-secondary post-category\" href=\"https:\/\/www.welovecycling.com\/cs\/category\/tour-de-france\/\" title=\"Tour de France\">Tour de France<\/a>\n    <\/div>\n    <div class=\"entry-details\">\n        <a href=\"https:\/\/www.welovecycling.com\/cs\/2024\/06\/12\/tour-de-france-2005-kral-neslavne-odchazi\/\" class='entry-title-wrapper'>\n            <h3 class=\"entry-title\"><span>Tour de France 2005: Kr\u00e1l (ne)slavn\u011b odch\u00e1z\u00ed\u00a0<\/span><\/h3>\n        <\/a>\n    <\/div>\n    <\/article>\n<\/div>\n<p><span data-contrast=\"auto\">Jen\u017ee se proval\u00ed seznam klient\u016f\u202fFuentesovy laborato\u0159e. A po\u010det jmen z\u202fpelotonu chystaj\u00edc\u00edho se na start Tour de France 2006 je neuv\u011b\u0159iteln\u011b pestr\u00fd. Jan Ullrich. Ivan Basso. Francisco Mancebo. Alberto Contador, Joseba Beloki&#8230; Pak zde byli t\u0159eba Michele Scarponi, Tyler Hamilton \u010di Roberto Heras.<\/span><span data-ccp-props=\"{&quot;201341983&quot;:0,&quot;335559739&quot;:160,&quot;335559740&quot;:254}\">\u00a0<\/span><\/p>\n<p><span data-contrast=\"auto\">Ani na jednom s\u00e1\u010dku s\u202fkrv\u00ed sice nen\u00ed jm\u00e9no konkr\u00e9tn\u00edho cyklisty, ale k\u00f3dov\u00e1 ozna\u010den\u00ed nen\u00ed slo\u017eit\u00e9 rozkl\u00ed\u010dovat. Jedn\u00e1 se t\u0159eba o jm\u00e9na ps\u016f jednotliv\u00fdch cyklist\u016f \u010di jejich mana\u017eer\u016f.<\/span><span data-ccp-props=\"{&quot;201341983&quot;:0,&quot;335559739&quot;:160,&quot;335559740&quot;:254}\">\u00a0<\/span><\/p>\n<h2><strong>Eufemiano Fuentes po\u0161le dom\u016f p\u011bt nejlep\u0161\u00edch roku 2005<\/strong><\/h2>\n<p><span data-contrast=\"auto\">Bossov\u00e9 t\u00fdm\u016f startuj\u00edc\u00edch na Tour de France se v p\u0159edve\u010der startu sejdou a rozhodnou: Nikdo spojen\u00fd s Operaci\u00f3n Puerto do z\u00e1vodu nesm\u00ed. Razie ve Fuentesov\u011b s\u00eddle tak zp\u016fsob\u00ed, \u017ee \u017e\u00e1dn\u00fd z\u202fp\u011bti nejlep\u0161\u00edch cyklist\u016f ro\u010dn\u00edku 2005 nen\u00ed na startu. N\u011bkter\u00e9 t\u00fdmy dokonce ani nejsou schopn\u00e9 nasadit pot\u0159ebn\u00fd po\u010det jezdc\u016f, kter\u00fd pravidla stanovuj\u00ed na \u0161est, tud\u00ed\u017e v\u016fbec neodstartuj\u00ed.<\/span><span data-ccp-props=\"{&quot;201341983&quot;:0,&quot;335559739&quot;:160,&quot;335559740&quot;:254}\">\u00a0<\/span><\/p>\n<figure id=\"attachment_25754\" aria-describedby=\"caption-attachment-25754\" style=\"width: 1304px\" class=\"wp-caption alignnone\"><a href=\"https:\/\/d2p6e6u75xmxt8.cloudfront.net\/13\/2024\/06\/profimedia-0235739218.webp\"><img loading=\"lazy\" decoding=\"async\" class=\"size-full wp-image-25754\" src=\"https:\/\/d2p6e6u75xmxt8.cloudfront.net\/13\/2024\/06\/profimedia-0235739218.webp\" alt=\"Eufemiano Fuentes\" width=\"1304\" height=\"994\" srcset=\"https:\/\/d2p6e6u75xmxt8.cloudfront.net\/13\/2024\/06\/profimedia-0235739218.webp 1304w, https:\/\/d2p6e6u75xmxt8.cloudfront.net\/13\/2024\/06\/profimedia-0235739218-300x229.webp 300w, https:\/\/d2p6e6u75xmxt8.cloudfront.net\/13\/2024\/06\/profimedia-0235739218-1024x781.webp 1024w, https:\/\/d2p6e6u75xmxt8.cloudfront.net\/13\/2024\/06\/profimedia-0235739218-768x585.webp 768w, https:\/\/d2p6e6u75xmxt8.cloudfront.net\/13\/2024\/06\/profimedia-0235739218-400x305.webp 400w\" sizes=\"auto, (max-width: 1304px) 100vw, 1304px\" \/><\/a><figcaption id=\"caption-attachment-25754\" class=\"wp-caption-text\"><em>Eufemiano Fuentes byl kl\u00ed\u010dovou postavu dopingov\u00e9ho skand\u00e1lu, kter\u00fd poznamenal Tour de France 2006. Foto: profimedia (2x)<\/em><\/figcaption><\/figure>\n<p><span data-contrast=\"auto\">Ale k\u202f\u010dertu s\u202fh\u0159\u00ed\u0161n\u00edky a podvodn\u00edky. Alespo\u0148 bude n\u00e1\u0161 z\u00e1vod \u010dist\u00fd, t\u011b\u0161\u00ed se veden\u00ed Tour de France. Opr\u00e1vn\u011bn\u011b?<\/span><span data-ccp-props=\"{&quot;201341983&quot;:0,&quot;335559739&quot;:160,&quot;335559740&quot;:254}\">\u00a0<\/span><\/p>\n<p><span data-contrast=\"auto\">\u00davodn\u00ed etapy jsou bitvou sprinter\u016f, kte\u0159\u00ed se st\u0159\u00eddaj\u00ed ve \u017elut\u00e9m trikotu. A\u017e v\u202fpolovin\u011b z\u00e1vodu si maillot jaune obl\u00e9kne Floyd Landis. Poch\u00e1z\u00ed z\u202frodiny mennonit\u016f, kter\u00e1 s\u202fjeho cyklistickou kari\u00e9rou nesouhlasila. Otec synovi tvrdil, \u017ee skon\u010d\u00ed v\u202fpekle. I proto mlad\u00fd Landis tr\u00e9noval tajn\u011b po noc\u00edch. Doma nem\u011bli televizi ani po\u010d\u00edta\u010d. A kluk z\u202ft\u00e9hle rodiny, jeho\u017e nav\u00edc hned po z\u00e1vod\u011b \u010dek\u00e1 operace ky\u010dle, kter\u00e1 je v\u202ftak zoufal\u00e9m stavu, \u017ee ob\u010das Landis nem\u016f\u017ee chodit, v\u202fjednat\u0159iceti letech sah\u00e1 po \u017eivotn\u00edm \u00fasp\u011bchu.\u00a0<\/span><span data-ccp-props=\"{&quot;201341983&quot;:0,&quot;335559739&quot;:160,&quot;335559740&quot;:254}\">\u00a0<\/span><\/p>\n<h2><strong>L\u00e9taj\u00edc\u00ed Floyd Landis<\/strong><\/h2>\n<p><span data-contrast=\"auto\">M\u00e9dia jsou p\u0159\u00edb\u011bhem unesena. A mo\u017en\u00e1 i trochu zaslepena. To kdy\u017e v\u202f16. etap\u011b Floyd Landis tot\u00e1ln\u011b vybouchne a ztrat\u00ed p\u0159es osm minut. Sen o triumfu se v\u0161ak mezi alpsk\u00fdmi \u0161t\u00edty neztrat\u00ed. Ameri\u010dan toti\u017e druh\u00fd den uk\u00e1\u017ee n\u011bco nadpozemsk\u00e9ho. P\u0159es sto kilometr\u016f jede v\u202f\u00faniku a vr\u00e1t\u00ed se na pr\u016fb\u011b\u017enou t\u0159et\u00ed p\u0159\u00ed\u010dku. P\u0159i \u010dasovce v\u202fp\u0159edposledn\u00ed den Tour de France pak dojede pro celkov\u00fd triumf.<\/span><span data-ccp-props=\"{&quot;201341983&quot;:0,&quot;335559739&quot;:160,&quot;335559740&quot;:254}\">\u00a0<\/span><\/p>\n<div class=\"shortcode-ys-post-pinup\"><article class=\"loop-simple post-25693 post type-post status-publish format-standard has-post-thumbnail hentry category-tour-de-france tag-cyklistika tag-doping tag-filippo-simeoni tag-lance-armstrong tag-silnicni-cyklistika tag-tour-de-france tag-tour-de-france-2004 global-categories-cycling\" data-postid=\"25693\" role=\"article\" data-post-id=\"25693\" data-word-count=\"363\" data-headline-length=\"55\" data-category=\"Tour de France\" data-global-category=\"Cycling\" data-author=\"Radek Malina\" data-published=\"2024-06-11T06:00:47+02:00\" data-published-day=\"Tuesday\">\n    <div class=\"entry-thumbnail article-thumbnail\" content=\"https:\/\/d2p6e6u75xmxt8.cloudfront.net\/13\/2023\/01\/armstrong-simeoni-profimedia-0015889721-150x150.webp\"><a href=\"https:\/\/www.welovecycling.com\/cs\/2024\/06\/11\/tour-de-france-2004-lance-armstrong-a-praktiky-mafie\/\" class=\"image-holder\" target=\"_self\"><img decoding=\"async\" loading=\"lazy\" class=\"\" src=\"https:\/\/d2p6e6u75xmxt8.cloudfront.net\/13\/2023\/01\/armstrong-simeoni-profimedia-0015889721-1024x728.webp\" srcset=\"https:\/\/d2p6e6u75xmxt8.cloudfront.net\/13\/2023\/01\/armstrong-simeoni-profimedia-0015889721.webp 1800w, https:\/\/d2p6e6u75xmxt8.cloudfront.net\/13\/2023\/01\/armstrong-simeoni-profimedia-0015889721-300x213.webp 300w, https:\/\/d2p6e6u75xmxt8.cloudfront.net\/13\/2023\/01\/armstrong-simeoni-profimedia-0015889721-1024x728.webp 1024w, https:\/\/d2p6e6u75xmxt8.cloudfront.net\/13\/2023\/01\/armstrong-simeoni-profimedia-0015889721-768x546.webp 768w, https:\/\/d2p6e6u75xmxt8.cloudfront.net\/13\/2023\/01\/armstrong-simeoni-profimedia-0015889721-1536x1092.webp 1536w\" width=\"1024\" height=\"728\" sizes=\"auto, (min-width: 1200px) 300px, (min-width: 768px) 25vw, 100vw\" alt=\"tour-de-france-2004-lance-armstrong-a-praktiky-mafie\"\/><\/a><\/div>    <div class=\"entry-meta\">\n        <a class=\"label label-secondary post-category\" href=\"https:\/\/www.welovecycling.com\/cs\/category\/tour-de-france\/\" title=\"Tour de France\">Tour de France<\/a>\n    <\/div>\n    <div class=\"entry-details\">\n        <a href=\"https:\/\/www.welovecycling.com\/cs\/2024\/06\/11\/tour-de-france-2004-lance-armstrong-a-praktiky-mafie\/\" class='entry-title-wrapper'>\n            <h3 class=\"entry-title\"><span>Tour de France 2004: Lance Armstrong a praktiky mafie\u00a0<\/span><\/h3>\n        <\/a>\n    <\/div>\n    <\/article>\n<\/div>\n<p><span data-contrast=\"auto\">\u201eDal jsem si p\u00e1r piv a dob\u0159e se vyspal,\u201c vysv\u011btloval z\u00e1zra\u010dnou prom\u011bnu, kdy\u017e prodlou\u017eil americkou dominanci na Tour de France. Telefonuje si s\u202fprezidentem USA. Novin\u00e1\u0159i jsou z\u202fLandise paf. P\u0159esn\u011b \u010dty\u0159i dny.<\/span><span data-ccp-props=\"{&quot;201341983&quot;:0,&quot;335559739&quot;:160,&quot;335559740&quot;:254}\">\u00a0<\/span><\/p>\n<p><span data-contrast=\"auto\">Pak poh\u00e1dka kon\u010d\u00ed. \u201eFloyd Landis m\u011bl v\u202f17. etap\u011b pozitivn\u00ed test na testosteron. Jeho vzorek obsahoval trojn\u00e1sobek povolen\u00e9ho mno\u017estv\u00ed,\u201c zn\u00ed nemilosrdn\u00fd verdikt dopingov\u00fdch komisa\u0159\u016f. Uk\u00e1\u017ee se, \u017ee ani Fuentesova \u201e\u010distka\u201c nesta\u010dila k\u202fdokonal\u00e9mu o\u010di\u0161t\u011bn\u00ed pelotonu.<\/span><span data-ccp-props=\"{&quot;201341983&quot;:0,&quot;335559739&quot;:160,&quot;335559740&quot;:254}\">\u00a0<\/span><\/p>\n<h2><b><span data-contrast=\"auto\">V\u00fdsledky Tour de France 2006<\/span><\/b><span data-ccp-props=\"{&quot;201341983&quot;:0,&quot;335559739&quot;:160,&quot;335559740&quot;:254}\">\u00a0<\/span><\/h2>\n<p><b><span data-contrast=\"auto\">Absolutn\u00ed po\u0159ad\u00ed<\/span><\/b><span data-contrast=\"auto\">: 1. Oscar Pereiro (\u0160p., Caisse d\u00b4Epargne Illes Balears), 2. Andreas Kl\u00f6den (N\u011bm. T-Mobile), 3. Carlos Sastre (\u0160p., CSC), &#8230;64. Pavel Padrnos (\u010cR, Discovery Channel).<\/span><span data-ccp-props=\"{&quot;201341983&quot;:0,&quot;335559739&quot;:160,&quot;335559740&quot;:254}\">\u00a0<\/span><\/p>\n<p><b><span data-contrast=\"auto\">B\u00edl\u00fd dres \u0160koda Auto<\/span><\/b><span data-contrast=\"auto\">: 1. Damiano Cunego (It., Lampre-Fondital), 2. Markus Fothen (N\u011bm., Gerolsteiner), 3. Matthieu Sprick (Fr., Bouygues Telecom).<\/span><span data-ccp-props=\"{&quot;201341983&quot;:0,&quot;335559739&quot;:160,&quot;335559740&quot;:254}\">\u00a0<\/span><\/p>\n<p><b><span data-contrast=\"auto\">Zelen\u00fd dres<\/span><\/b><span data-contrast=\"auto\">: 1. Robbie McEwen (Austr., Davitamon-Lotto), 2. Erik Zabel (N\u011bm., Milram), 3. Thor Hushovd (Nor., Cr\u00e9dit Agricole).<\/span><span data-ccp-props=\"{&quot;201341983&quot;:0,&quot;335559739&quot;:160,&quot;335559740&quot;:254}\">\u00a0<\/span><\/p>\n<p><b><span data-contrast=\"auto\">Vrcha\u0159sk\u00e1 sout\u011b\u017e<\/span><\/b><span data-contrast=\"auto\">: 1. Michael Rassmusen (D\u00e1n., Rabobank), 2. David de la Fuente (\u0160p., Saunier Duval Prodir), 3. Carlos Sastre (\u0160p., CSC)<\/span><span data-ccp-props=\"{&quot;201341983&quot;:0,&quot;335559739&quot;:160,&quot;335559740&quot;:254}\">\u00a0<\/span><\/p>\n","protected":false},"excerpt":{"rendered":"<p>Jeho jm\u00e9no nenajdete na \u0161pici \u017e\u00e1dn\u00e9 z\u202fv\u00fdsledkov\u00fdch listin. Jeho podpis v\u0161ak nesou nepochybn\u011b mnoh\u00e1 cyklistick\u00e1 v\u00edt\u011bzstv\u00ed. \u0160pan\u011bl Eufemiano Fuentes. Vystudovan\u00fd [&hellip;]<\/p>\n","protected":false},"author":138,"featured_media":25755,"comment_status":"open","ping_status":"open","sticky":false,"template":"","format":"standard","meta":{"footnotes":""},"categories":[1711],"tags":[126,54,3618,3617,362,9,23],"global-categories":[411],"class_list":["post-25748","post","type-post","status-publish","format-standard","has-post-thumbnail","hentry","category-tour-de-france","tag-cyklistika","tag-doping","tag-eufemiano-fuentes","tag-floyd-landis","tag-operacion-puerto","tag-silnicni-cyklistika","tag-tour-de-france","global-categories-cycling"],"yoast_head":"<!-- This site is optimized with the Yoast SEO Premium plugin v25.3 (Yoast SEO v25.9) - https:\/\/yoast.com\/wordpress\/plugins\/seo\/ -->\n<title>Tour de France 2006: Nerozv\u00e1\u017en\u00fd gynekolog pro\u010distil peloton\u00a0 | \u0160koda We Love Cycling - \u010cesk\u00e1 republika<\/title>\n<meta name=\"description\" content=\"Jeho jm\u00e9no nenajdete na \u0161pici \u017e\u00e1dn\u00e9 z\u202fv\u00fdsledkov\u00fdch listin. Jeho podpis v\u0161ak nesou nepochybn\u011b mnoh\u00e1 cyklistick\u00e1 v\u00edt\u011bzstv\u00ed. \u0160pan\u011bl Eufemiano Fuentes. Vystudovan\u00fd gynekolog, kter\u00fd \u201epe\u010doval\u201c o zdrav\u00ed mnoha sportovc\u016f v\u010detn\u011b cyklist\u016f. P\u0159i razii v\u202fjeho madridsk\u00e9 ordinaci na ja\u0159e 2006 na\u0161la policie p\u0159es dv\u011b st\u011b kus\u016f s\u00e1\u010dk\u016f s\u202fkrv\u00ed. A stovky d\u00e1vek steroid\u016f, EPO \u010di r\u016fstov\u00e9ho hormonu, v\u202fneposledn\u00ed \u0159ad\u011b pak za\u0159\u00edzen\u00ed na krevn\u00ed transfuzi. Ten den vstoupil ve zn\u00e1most jako Operaci\u00f3n Puerto.\u00a0\" \/>\n<meta name=\"robots\" content=\"index, follow, max-snippet:-1, max-image-preview:large, max-video-preview:-1\" \/>\n<link rel=\"canonical\" href=\"https:\/\/www.welovecycling.com\/cs\/2024\/06\/13\/tour-de-france-2006-nerozvazny-gynekolog-procistil-peloton\/\" \/>\n<meta property=\"og:locale\" content=\"cs_CZ\" \/>\n<meta property=\"og:type\" content=\"article\" \/>\n<meta property=\"og:title\" content=\"Tour de France 2006: Nerozv\u00e1\u017en\u00fd gynekolog pro\u010distil peloton\u00a0\" \/>\n<meta property=\"og:description\" content=\"Jeho jm\u00e9no nenajdete na \u0161pici \u017e\u00e1dn\u00e9 z\u202fv\u00fdsledkov\u00fdch listin. Jeho podpis v\u0161ak nesou nepochybn\u011b mnoh\u00e1 cyklistick\u00e1 v\u00edt\u011bzstv\u00ed. \u0160pan\u011bl Eufemiano Fuentes. Vystudovan\u00fd gynekolog, kter\u00fd \u201epe\u010doval\u201c o zdrav\u00ed mnoha sportovc\u016f v\u010detn\u011b cyklist\u016f. P\u0159i razii v\u202fjeho madridsk\u00e9 ordinaci na ja\u0159e 2006 na\u0161la policie p\u0159es dv\u011b st\u011b kus\u016f s\u00e1\u010dk\u016f s\u202fkrv\u00ed. A stovky d\u00e1vek steroid\u016f, EPO \u010di r\u016fstov\u00e9ho hormonu, v\u202fneposledn\u00ed \u0159ad\u011b pak za\u0159\u00edzen\u00ed na krevn\u00ed transfuzi. Ten den vstoupil ve zn\u00e1most jako Operaci\u00f3n Puerto.\u00a0\" \/>\n<meta property=\"og:url\" content=\"https:\/\/www.welovecycling.com\/cs\/2024\/06\/13\/tour-de-france-2006-nerozvazny-gynekolog-procistil-peloton\/\" \/>\n<meta property=\"og:site_name\" content=\"\u0160koda We Love Cycling - \u010cesk\u00e1 republika\" \/>\n<meta property=\"article:published_time\" content=\"2024-06-13T04:00:59+00:00\" \/>\n<meta property=\"og:image\" content=\"https:\/\/d2p6e6u75xmxt8.cloudfront.net\/13\/2024\/06\/profimedia-0084115966.webp\" \/>\n\t<meta property=\"og:image:width\" content=\"1800\" \/>\n\t<meta property=\"og:image:height\" content=\"1425\" \/>\n\t<meta property=\"og:image:type\" content=\"image\/webp\" \/>\n<meta name=\"author\" content=\"radekmalina\" \/>\n<meta name=\"twitter:card\" content=\"summary_large_image\" \/>\n<meta name=\"twitter:label1\" content=\"Written by\" \/>\n\t<meta name=\"twitter:data1\" content=\"Radek Malina\" \/>\n\t<meta name=\"twitter:label2\" content=\"Est. reading time\" \/>\n\t<meta name=\"twitter:data2\" content=\"5\" \/>\n<script type=\"application\/ld+json\" class=\"yoast-schema-graph\">{\"@context\":\"https:\/\/schema.org\",\"@graph\":[{\"@type\":\"WebPage\",\"@id\":\"https:\/\/www.welovecycling.com\/cs\/2024\/06\/13\/tour-de-france-2006-nerozvazny-gynekolog-procistil-peloton\/\",\"url\":\"https:\/\/www.welovecycling.com\/cs\/2024\/06\/13\/tour-de-france-2006-nerozvazny-gynekolog-procistil-peloton\/\",\"name\":\"Tour de France 2006: Nerozv\u00e1\u017en\u00fd gynekolog pro\u010distil peloton\u00a0 | \u0160koda We Love Cycling - \u010cesk\u00e1 republika\",\"isPartOf\":{\"@id\":\"https:\/\/www.welovecycling.com\/cs\/#website\"},\"primaryImageOfPage\":{\"@id\":\"https:\/\/www.welovecycling.com\/cs\/2024\/06\/13\/tour-de-france-2006-nerozvazny-gynekolog-procistil-peloton\/#primaryimage\"},\"image\":{\"@id\":\"https:\/\/www.welovecycling.com\/cs\/2024\/06\/13\/tour-de-france-2006-nerozvazny-gynekolog-procistil-peloton\/#primaryimage\"},\"thumbnailUrl\":\"https:\/\/d2p6e6u75xmxt8.cloudfront.net\/13\/2024\/06\/profimedia-0084115966.webp\",\"datePublished\":\"2024-06-13T04:00:59+00:00\",\"author\":{\"@id\":\"https:\/\/www.welovecycling.com\/cs\/#\/schema\/person\/d9eeb0a378f3a7e4a6d12d2b536b04b8\"},\"description\":\"Jeho jm\u00e9no nenajdete na \u0161pici \u017e\u00e1dn\u00e9 z\u202fv\u00fdsledkov\u00fdch listin. Jeho podpis v\u0161ak nesou nepochybn\u011b mnoh\u00e1 cyklistick\u00e1 v\u00edt\u011bzstv\u00ed. \u0160pan\u011bl Eufemiano Fuentes. Vystudovan\u00fd gynekolog, kter\u00fd \u201epe\u010doval\u201c o zdrav\u00ed mnoha sportovc\u016f v\u010detn\u011b cyklist\u016f. P\u0159i razii v\u202fjeho madridsk\u00e9 ordinaci na ja\u0159e 2006 na\u0161la policie p\u0159es dv\u011b st\u011b kus\u016f s\u00e1\u010dk\u016f s\u202fkrv\u00ed. A stovky d\u00e1vek steroid\u016f, EPO \u010di r\u016fstov\u00e9ho hormonu, v\u202fneposledn\u00ed \u0159ad\u011b pak za\u0159\u00edzen\u00ed na krevn\u00ed transfuzi. Ten den vstoupil ve zn\u00e1most jako Operaci\u00f3n Puerto.\u00a0\",\"inLanguage\":\"cs\",\"potentialAction\":[{\"@type\":\"ReadAction\",\"target\":[\"https:\/\/www.welovecycling.com\/cs\/2024\/06\/13\/tour-de-france-2006-nerozvazny-gynekolog-procistil-peloton\/\"]}]},{\"@type\":\"ImageObject\",\"inLanguage\":\"cs\",\"@id\":\"https:\/\/www.welovecycling.com\/cs\/2024\/06\/13\/tour-de-france-2006-nerozvazny-gynekolog-procistil-peloton\/#primaryimage\",\"url\":\"https:\/\/d2p6e6u75xmxt8.cloudfront.net\/13\/2024\/06\/profimedia-0084115966.webp\",\"contentUrl\":\"https:\/\/d2p6e6u75xmxt8.cloudfront.net\/13\/2024\/06\/profimedia-0084115966.webp\",\"width\":1800,\"height\":1425,\"caption\":\"Floyd Landis Eufemiano Fuentes\"},{\"@type\":\"WebSite\",\"@id\":\"https:\/\/www.welovecycling.com\/cs\/#website\",\"url\":\"https:\/\/www.welovecycling.com\/cs\/\",\"name\":\"\u0160koda We Love Cycling - \u010cesk\u00e1 republika\",\"description\":\"WeLoveCycling.cz je online magaz\u00edn, kter\u00fd v\u00e1m pravideln\u011b p\u0159in\u00e1\u0161\u00ed rady a tipy, zaj\u00edmav\u00e9 \u010dl\u00e1nky, videa a jedine\u010dn\u00e9 report\u00e1\u017ee ze sv\u011bta cyklistiky.\",\"potentialAction\":[{\"@type\":\"SearchAction\",\"target\":{\"@type\":\"EntryPoint\",\"urlTemplate\":\"https:\/\/www.welovecycling.com\/cs\/?s={search_term_string}\"},\"query-input\":{\"@type\":\"PropertyValueSpecification\",\"valueRequired\":true,\"valueName\":\"search_term_string\"}}],\"inLanguage\":\"cs\"},{\"@type\":\"Person\",\"@id\":\"https:\/\/www.welovecycling.com\/cs\/#\/schema\/person\/d9eeb0a378f3a7e4a6d12d2b536b04b8\",\"name\":\"radekmalina\",\"image\":{\"@type\":\"ImageObject\",\"inLanguage\":\"cs\",\"@id\":\"https:\/\/www.welovecycling.com\/cs\/#\/schema\/person\/image\/\",\"url\":\"https:\/\/secure.gravatar.com\/avatar\/66994b632cb8c39a46b9f54afa3ae07201b678d32a54275b6f1c9ffec356bfc0?s=96&d=mm&r=g\",\"contentUrl\":\"https:\/\/secure.gravatar.com\/avatar\/66994b632cb8c39a46b9f54afa3ae07201b678d32a54275b6f1c9ffec356bfc0?s=96&d=mm&r=g\",\"caption\":\"radekmalina\"},\"url\":\"https:\/\/www.welovecycling.com\/cs\/author\/radekmalina\/\"}]}<\/script>\n<!-- \/ Yoast SEO Premium plugin. -->","yoast_head_json":{"title":"Tour de France 2006: Nerozv\u00e1\u017en\u00fd gynekolog pro\u010distil peloton\u00a0 | \u0160koda We Love Cycling - \u010cesk\u00e1 republika","description":"Jeho jm\u00e9no nenajdete na \u0161pici \u017e\u00e1dn\u00e9 z\u202fv\u00fdsledkov\u00fdch listin. Jeho podpis v\u0161ak nesou nepochybn\u011b mnoh\u00e1 cyklistick\u00e1 v\u00edt\u011bzstv\u00ed. \u0160pan\u011bl Eufemiano Fuentes. Vystudovan\u00fd gynekolog, kter\u00fd \u201epe\u010doval\u201c o zdrav\u00ed mnoha sportovc\u016f v\u010detn\u011b cyklist\u016f. P\u0159i razii v\u202fjeho madridsk\u00e9 ordinaci na ja\u0159e 2006 na\u0161la policie p\u0159es dv\u011b st\u011b kus\u016f s\u00e1\u010dk\u016f s\u202fkrv\u00ed. A stovky d\u00e1vek steroid\u016f, EPO \u010di r\u016fstov\u00e9ho hormonu, v\u202fneposledn\u00ed \u0159ad\u011b pak za\u0159\u00edzen\u00ed na krevn\u00ed transfuzi. Ten den vstoupil ve zn\u00e1most jako Operaci\u00f3n Puerto.\u00a0","robots":{"index":"index","follow":"follow","max-snippet":"max-snippet:-1","max-image-preview":"max-image-preview:large","max-video-preview":"max-video-preview:-1"},"canonical":"https:\/\/www.welovecycling.com\/cs\/2024\/06\/13\/tour-de-france-2006-nerozvazny-gynekolog-procistil-peloton\/","og_locale":"cs_CZ","og_type":"article","og_title":"Tour de France 2006: Nerozv\u00e1\u017en\u00fd gynekolog pro\u010distil peloton\u00a0","og_description":"Jeho jm\u00e9no nenajdete na \u0161pici \u017e\u00e1dn\u00e9 z\u202fv\u00fdsledkov\u00fdch listin. Jeho podpis v\u0161ak nesou nepochybn\u011b mnoh\u00e1 cyklistick\u00e1 v\u00edt\u011bzstv\u00ed. \u0160pan\u011bl Eufemiano Fuentes. Vystudovan\u00fd gynekolog, kter\u00fd \u201epe\u010doval\u201c o zdrav\u00ed mnoha sportovc\u016f v\u010detn\u011b cyklist\u016f. P\u0159i razii v\u202fjeho madridsk\u00e9 ordinaci na ja\u0159e 2006 na\u0161la policie p\u0159es dv\u011b st\u011b kus\u016f s\u00e1\u010dk\u016f s\u202fkrv\u00ed. A stovky d\u00e1vek steroid\u016f, EPO \u010di r\u016fstov\u00e9ho hormonu, v\u202fneposledn\u00ed \u0159ad\u011b pak za\u0159\u00edzen\u00ed na krevn\u00ed transfuzi. Ten den vstoupil ve zn\u00e1most jako Operaci\u00f3n Puerto.\u00a0","og_url":"https:\/\/www.welovecycling.com\/cs\/2024\/06\/13\/tour-de-france-2006-nerozvazny-gynekolog-procistil-peloton\/","og_site_name":"\u0160koda We Love Cycling - \u010cesk\u00e1 republika","article_published_time":"2024-06-13T04:00:59+00:00","og_image":[{"width":1800,"height":1425,"url":"https:\/\/d2p6e6u75xmxt8.cloudfront.net\/13\/2024\/06\/profimedia-0084115966.webp","type":"image\/webp"}],"author":"radekmalina","twitter_card":"summary_large_image","twitter_misc":{"Written by":"Radek Malina","Est. reading time":"5"},"schema":{"@context":"https:\/\/schema.org","@graph":[{"@type":"WebPage","@id":"https:\/\/www.welovecycling.com\/cs\/2024\/06\/13\/tour-de-france-2006-nerozvazny-gynekolog-procistil-peloton\/","url":"https:\/\/www.welovecycling.com\/cs\/2024\/06\/13\/tour-de-france-2006-nerozvazny-gynekolog-procistil-peloton\/","name":"Tour de France 2006: Nerozv\u00e1\u017en\u00fd gynekolog pro\u010distil peloton\u00a0 | \u0160koda We Love Cycling - \u010cesk\u00e1 republika","isPartOf":{"@id":"https:\/\/www.welovecycling.com\/cs\/#website"},"primaryImageOfPage":{"@id":"https:\/\/www.welovecycling.com\/cs\/2024\/06\/13\/tour-de-france-2006-nerozvazny-gynekolog-procistil-peloton\/#primaryimage"},"image":{"@id":"https:\/\/www.welovecycling.com\/cs\/2024\/06\/13\/tour-de-france-2006-nerozvazny-gynekolog-procistil-peloton\/#primaryimage"},"thumbnailUrl":"https:\/\/d2p6e6u75xmxt8.cloudfront.net\/13\/2024\/06\/profimedia-0084115966.webp","datePublished":"2024-06-13T04:00:59+00:00","author":{"@id":"https:\/\/www.welovecycling.com\/cs\/#\/schema\/person\/d9eeb0a378f3a7e4a6d12d2b536b04b8"},"description":"Jeho jm\u00e9no nenajdete na \u0161pici \u017e\u00e1dn\u00e9 z\u202fv\u00fdsledkov\u00fdch listin. Jeho podpis v\u0161ak nesou nepochybn\u011b mnoh\u00e1 cyklistick\u00e1 v\u00edt\u011bzstv\u00ed. \u0160pan\u011bl Eufemiano Fuentes. Vystudovan\u00fd gynekolog, kter\u00fd \u201epe\u010doval\u201c o zdrav\u00ed mnoha sportovc\u016f v\u010detn\u011b cyklist\u016f. P\u0159i razii v\u202fjeho madridsk\u00e9 ordinaci na ja\u0159e 2006 na\u0161la policie p\u0159es dv\u011b st\u011b kus\u016f s\u00e1\u010dk\u016f s\u202fkrv\u00ed. A stovky d\u00e1vek steroid\u016f, EPO \u010di r\u016fstov\u00e9ho hormonu, v\u202fneposledn\u00ed \u0159ad\u011b pak za\u0159\u00edzen\u00ed na krevn\u00ed transfuzi. Ten den vstoupil ve zn\u00e1most jako Operaci\u00f3n Puerto.\u00a0","inLanguage":"cs","potentialAction":[{"@type":"ReadAction","target":["https:\/\/www.welovecycling.com\/cs\/2024\/06\/13\/tour-de-france-2006-nerozvazny-gynekolog-procistil-peloton\/"]}]},{"@type":"ImageObject","inLanguage":"cs","@id":"https:\/\/www.welovecycling.com\/cs\/2024\/06\/13\/tour-de-france-2006-nerozvazny-gynekolog-procistil-peloton\/#primaryimage","url":"https:\/\/d2p6e6u75xmxt8.cloudfront.net\/13\/2024\/06\/profimedia-0084115966.webp","contentUrl":"https:\/\/d2p6e6u75xmxt8.cloudfront.net\/13\/2024\/06\/profimedia-0084115966.webp","width":1800,"height":1425,"caption":"Floyd Landis Eufemiano Fuentes"},{"@type":"WebSite","@id":"https:\/\/www.welovecycling.com\/cs\/#website","url":"https:\/\/www.welovecycling.com\/cs\/","name":"\u0160koda We Love Cycling - \u010cesk\u00e1 republika","description":"WeLoveCycling.cz je online magaz\u00edn, kter\u00fd v\u00e1m pravideln\u011b p\u0159in\u00e1\u0161\u00ed rady a tipy, zaj\u00edmav\u00e9 \u010dl\u00e1nky, videa a jedine\u010dn\u00e9 report\u00e1\u017ee ze sv\u011bta cyklistiky.","potentialAction":[{"@type":"SearchAction","target":{"@type":"EntryPoint","urlTemplate":"https:\/\/www.welovecycling.com\/cs\/?s={search_term_string}"},"query-input":{"@type":"PropertyValueSpecification","valueRequired":true,"valueName":"search_term_string"}}],"inLanguage":"cs"},{"@type":"Person","@id":"https:\/\/www.welovecycling.com\/cs\/#\/schema\/person\/d9eeb0a378f3a7e4a6d12d2b536b04b8","name":"radekmalina","image":{"@type":"ImageObject","inLanguage":"cs","@id":"https:\/\/www.welovecycling.com\/cs\/#\/schema\/person\/image\/","url":"https:\/\/secure.gravatar.com\/avatar\/66994b632cb8c39a46b9f54afa3ae07201b678d32a54275b6f1c9ffec356bfc0?s=96&d=mm&r=g","contentUrl":"https:\/\/secure.gravatar.com\/avatar\/66994b632cb8c39a46b9f54afa3ae07201b678d32a54275b6f1c9ffec356bfc0?s=96&d=mm&r=g","caption":"radekmalina"},"url":"https:\/\/www.welovecycling.com\/cs\/author\/radekmalina\/"}]}},"_links":{"self":[{"href":"https:\/\/www.welovecycling.com\/cs\/wp-json\/wp\/v2\/posts\/25748","targetHints":{"allow":["GET"]}}],"collection":[{"href":"https:\/\/www.welovecycling.com\/cs\/wp-json\/wp\/v2\/posts"}],"about":[{"href":"https:\/\/www.welovecycling.com\/cs\/wp-json\/wp\/v2\/types\/post"}],"author":[{"embeddable":true,"href":"https:\/\/www.welovecycling.com\/cs\/wp-json\/wp\/v2\/users\/138"}],"replies":[{"embeddable":true,"href":"https:\/\/www.welovecycling.com\/cs\/wp-json\/wp\/v2\/comments?post=25748"}],"version-history":[{"count":4,"href":"https:\/\/www.welovecycling.com\/cs\/wp-json\/wp\/v2\/posts\/25748\/revisions"}],"predecessor-version":[{"id":25757,"href":"https:\/\/www.welovecycling.com\/cs\/wp-json\/wp\/v2\/posts\/25748\/revisions\/25757"}],"wp:featuredmedia":[{"embeddable":true,"href":"https:\/\/www.welovecycling.com\/cs\/wp-json\/wp\/v2\/media\/25755"}],"wp:attachment":[{"href":"https:\/\/www.welovecycling.com\/cs\/wp-json\/wp\/v2\/media?parent=25748"}],"wp:term":[{"taxonomy":"category","embeddable":true,"href":"https:\/\/www.welovecycling.com\/cs\/wp-json\/wp\/v2\/categories?post=25748"},{"taxonomy":"post_tag","embeddable":true,"href":"https:\/\/www.welovecycling.com\/cs\/wp-json\/wp\/v2\/tags?post=25748"},{"taxonomy":"global-categories","embeddable":true,"href":"https:\/\/www.welovecycling.com\/cs\/wp-json\/wp\/v2\/global-categories?post=25748"}],"curies":[{"name":"wp","href":"https:\/\/api.w.org\/{rel}","templated":true}]}}