{"id":25612,"date":"2024-06-04T09:30:20","date_gmt":"2024-06-04T07:30:20","guid":{"rendered":"https:\/\/www.welovecycling.com\/cs\/?p=25612"},"modified":"2024-06-03T15:54:48","modified_gmt":"2024-06-03T13:54:48","slug":"jak-jezdit-na-kole-ve-skupine","status":"publish","type":"post","link":"https:\/\/www.welovecycling.com\/cs\/2024\/06\/04\/jak-jezdit-na-kole-ve-skupine\/","title":{"rendered":"Jak jezdit na kole ve skupin\u011b?"},"content":{"rendered":"<p><strong>Je to rychlej\u0161\u00ed, m\u00e9n\u011b n\u00e1ro\u010dn\u00e9 z\u00a0hlediska energetick\u00e9ho a efektivn\u011bj\u0161\u00ed z\u00a0pohledu tr\u00e9ninku: j\u00edzda ve skupin\u011b nebo prost\u011b j\u00edzda v bal\u00edku. Pokud se n\u011bkdo chyst\u00e1 na \u0161vih ve skupin\u011b poprv\u00e9, je pot\u0159eba m\u00edt za\u017eit\u00fdch p\u00e1r z\u00e1kladn\u00edch pravidel.<\/strong><\/p>\n<p>Pro nov\u00e1\u010dka m\u016f\u017ee j\u00edzda ve skupin\u011b p\u0159edstavovat jistou d\u00e1vku nervozit nervozity, proto\u017ee jezdit v\u00a0t\u011bsn\u00e9 bl\u00edzkosti velk\u00e9ho po\u010dtu jin\u00fdch cyklist\u016f nen\u00ed samoz\u0159ejmost\u00ed. Ka\u017edop\u00e1dn\u011b v\u011b\u0159te, \u017ee v\u00fdhody jsou obrovsk\u00e9.<\/p>\n<p>J\u00edzda ve skupin\u011b u\u0161et\u0159\u00ed ob\u0159\u00ed porci energie, proto\u017ee budete t\u011b\u017eit z\u00a0j\u00edzdy v\u00a0h\u00e1ku. Pokud si napl\u00e1nujete sto kilometr\u016f p\u0159i pr\u016fm\u011brn\u00e9 rychlosti p\u011btadvacet kilometr\u016f v\u00a0hodin\u011b, p\u0159i s\u00f3lov\u00e9 j\u00edzd\u011b bude energetick\u00fd v\u00fddej mnohem vy\u0161\u0161\u00ed ne\u017e p\u0159i j\u00edzd\u011b ve skupin\u011b za stejn\u00fdch pov\u011btrnostn\u00edch podm\u00ednek.<\/p>\n<figure id=\"attachment_25616\" aria-describedby=\"caption-attachment-25616\" style=\"width: 1328px\" class=\"wp-caption alignnone\"><a href=\"https:\/\/d2p6e6u75xmxt8.cloudfront.net\/13\/2024\/06\/martin-hacecky-katerina-svobodova-IIII.webp\"><img loading=\"lazy\" decoding=\"async\" class=\"size-full wp-image-25616\" src=\"https:\/\/d2p6e6u75xmxt8.cloudfront.net\/13\/2024\/06\/martin-hacecky-katerina-svobodova-IIII.webp\" alt=\"J\u00edzda ve skupin\u011b\" width=\"1328\" height=\"885\" srcset=\"https:\/\/d2p6e6u75xmxt8.cloudfront.net\/13\/2024\/06\/martin-hacecky-katerina-svobodova-IIII.webp 1328w, https:\/\/d2p6e6u75xmxt8.cloudfront.net\/13\/2024\/06\/martin-hacecky-katerina-svobodova-IIII-300x200.webp 300w, https:\/\/d2p6e6u75xmxt8.cloudfront.net\/13\/2024\/06\/martin-hacecky-katerina-svobodova-IIII-1024x682.webp 1024w, https:\/\/d2p6e6u75xmxt8.cloudfront.net\/13\/2024\/06\/martin-hacecky-katerina-svobodova-IIII-768x512.webp 768w, https:\/\/d2p6e6u75xmxt8.cloudfront.net\/13\/2024\/06\/martin-hacecky-katerina-svobodova-IIII-400x267.webp 400w, https:\/\/d2p6e6u75xmxt8.cloudfront.net\/13\/2024\/06\/martin-hacecky-katerina-svobodova-IIII-272x182.webp 272w\" sizes=\"auto, (max-width: 1328px) 100vw, 1328px\" \/><\/a><figcaption id=\"caption-attachment-25616\" class=\"wp-caption-text\"><em>J\u00edzda ve skupin\u011b cyklist\u016f si \u017e\u00e1d\u00e1 jist\u00e1 pravidla. Porad\u00edme, jak na to&#8230; Foto: Kate\u0159ina Svobodov\u00e1\/Krakono\u0161\u016fv cyklomaraton<\/em><\/figcaption><\/figure>\n<p>Jakkoliv se budete zpo\u010d\u00e1tku c\u00edtit nejist\u00ed, postupem \u010dasu se pro ka\u017ed\u00e9ho stane j\u00edzda ve skupin\u011b rutinou. Bez ohledu na zvolen\u00fd typ bicyklu, proto\u017ee v\u00a0bal\u00edku lze jezdit na silni\u010dce, gravelu i na biku. Krom\u011b aspektu tr\u00e9ninkov\u00e9ho p\u0159inese j\u00edzda ve skupin\u011b i jin\u00e9 benefity, jako je t\u0159eba v\u011bt\u0161\u00ed bezpe\u010d\u00ed nebo nov\u00e1 p\u0159\u00e1telstv\u00ed v\u00a0r\u00e1mci cyklistick\u00e9 komunity.<\/p>\n<h2><strong>Komunikace<\/strong><\/h2>\n<p>Z\u00e1kladem j\u00edzdy ve skupin\u011b je komunikace. A je zcela lhostejn\u00e9, zda jste ve skupin\u011b, kde zn\u00e1te ka\u017ed\u00e9ho cyklistu, nebo jedete v\u00a0bal\u00edku zcela nezn\u00e1m\u00fdch lid\u00ed. Pou\u017e\u00edvejte sign\u00e1ly, kter\u00e9 jsou v\u00a0cyklistick\u00e9 komunit\u011b za\u017eit\u00e9. Signalizujte odbo\u010den\u00ed, p\u0159ek\u00e1\u017eky na trase. Za ty je pova\u017eov\u00e1no stoj\u00edc\u00ed vozidlo, v\u00fdmoly, protijedouc\u00ed vozidlo, silni\u010dn\u00ed retard\u00e9ry&#8230; \u00a0V\u017edy pamatujte na bezpe\u010dnost bal\u00edku jako celku. Sledujte zadn\u00ed kolo jezdce vp\u0159edu, vyvarujte se n\u00e1hl\u00e9ho brzd\u011bn\u00ed a dr\u017ete stopu.<\/p>\n<h2><strong>Plynulost<\/strong><\/h2>\n<p>Jako projev mimo\u0159\u00e1dn\u00e9 nesolidarity se p\u0159i skupinov\u00fdch j\u00edzd\u00e1ch pova\u017eujete cuk\u00e1n\u00ed neboli zm\u011bna rychlosti. Pokud jedete \u0161pic a m\u00e1te v\u00edce energie ne\u017e zb\u00fdvaj\u00edc\u00ed z\u00e1vodn\u00edci, neznamen\u00e1 to neust\u00e1le p\u0159id\u00e1vat. Nebo v\u00a0p\u0159\u00edpad\u011b j\u00edzdy ve dvoji\u010dk\u00e1ch jet p\u016fl kola vp\u0159edu ve srovn\u00e1n\u00ed s\u00a0druh\u00fdm kolegou na \u0161pici. Zbyte\u010dn\u011b zvy\u0161ujete rychlost cel\u00e9 skupiny. Z\u00e1sadn\u011b dr\u017ete rovnom\u011brn\u00e9 tempo.<\/p>\n<h2><strong>Nel\u00edznout si<\/strong><\/h2>\n<p>Toto je zlat\u00e9 pravidlo skupinov\u00e9 j\u00edzdy. \u017d\u00e1douc\u00ed je samoz\u0159ejm\u011b jet co nejbl\u00ed\u017ee za kolegou p\u0159ed v\u00e1mi, proto\u017ee \u010d\u00edm men\u0161\u00ed mezera mezi koly, t\u00edm men\u0161\u00ed odpor v\u011btru a t\u00edm v\u00edce uspo\u0159en\u00e9 energie. Ale jakmile se va\u0161e p\u0159edn\u00ed kolo dostane na \u00farove\u0148 toho zadn\u00edho jezdce p\u0159ed v\u00e1mi, nebezpe\u010d\u00ed je na sv\u011bt\u011b.<\/p>\n<div class=\"shortcode-ys-post-pinup\"><article class=\"loop-simple post-25604 post type-post status-publish format-standard has-post-thumbnail hentry category-silnicni-cyklistika tag-cyklistika tag-giro-2024 tag-giro-ditalia-2024 tag-jan-hirt tag-silnicni-cyklistika tag-soudal-quick-step tag-tour-de-france tag-vaha-cyklistu global-categories-cycling\" data-postid=\"25604\" role=\"article\" data-post-id=\"25604\" data-word-count=\"1101\" data-headline-length=\"67\" data-category=\"Silni\u010dn\u00ed cyklistika\" data-global-category=\"Cycling\" data-author=\"Radek Malina\" data-published=\"2024-06-03T05:00:44+02:00\" data-published-day=\"Monday\">\n    <div class=\"entry-thumbnail article-thumbnail\" content=\"https:\/\/d2p6e6u75xmxt8.cloudfront.net\/13\/2024\/06\/profimedia-0873915034-150x150.webp\"><a href=\"https:\/\/www.welovecycling.com\/cs\/2024\/06\/03\/musis-zhubnout-jan-hirt-o-korekci-vahy-i-giru-byl-to-freestyle\/\" class=\"image-holder\" target=\"_self\"><img decoding=\"async\" loading=\"lazy\" class=\"\" src=\"https:\/\/d2p6e6u75xmxt8.cloudfront.net\/13\/2024\/06\/profimedia-0873915034-1024x575.webp\" srcset=\"https:\/\/d2p6e6u75xmxt8.cloudfront.net\/13\/2024\/06\/profimedia-0873915034.webp 1800w, https:\/\/d2p6e6u75xmxt8.cloudfront.net\/13\/2024\/06\/profimedia-0873915034-300x169.webp 300w, https:\/\/d2p6e6u75xmxt8.cloudfront.net\/13\/2024\/06\/profimedia-0873915034-1024x575.webp 1024w, https:\/\/d2p6e6u75xmxt8.cloudfront.net\/13\/2024\/06\/profimedia-0873915034-768x431.webp 768w, https:\/\/d2p6e6u75xmxt8.cloudfront.net\/13\/2024\/06\/profimedia-0873915034-1536x863.webp 1536w, https:\/\/d2p6e6u75xmxt8.cloudfront.net\/13\/2024\/06\/profimedia-0873915034-400x225.webp 400w\" width=\"1024\" height=\"575\" sizes=\"auto, (min-width: 1200px) 356px, (min-width: 768px) 30vw, 100vw\" alt=\"musis-zhubnout-jan-hirt-o-korekci-vahy-i-giru-byl-to-freestyle\"\/><\/a><\/div>    <div class=\"entry-meta\">\n        <a class=\"label label-secondary post-category\" href=\"https:\/\/www.welovecycling.com\/cs\/category\/silnicni-cyklistika\/\" title=\"Silni\u010dn\u00ed cyklistika\">Silni\u010dn\u00ed cyklistika<\/a>\n    <\/div>\n    <div class=\"entry-details\">\n        <a href=\"https:\/\/www.welovecycling.com\/cs\/2024\/06\/03\/musis-zhubnout-jan-hirt-o-korekci-vahy-i-giru-byl-to-freestyle\/\" class='entry-title-wrapper'>\n            <h3 class=\"entry-title\"><span>Mus\u00ed\u0161 zhubnout! Jan Hirt o korekci v\u00e1hy i Giru: Byl to freestyle<\/span><\/h3>\n        <\/a>\n    <\/div>\n    <\/article>\n<\/div>\n<p>To proto, \u017ee kdy\u017e cyklista v \u010dele hod\u00ed vlnu, proto\u017ee se t\u0159eba narychlo vyh\u00fdb\u00e1 v\u00fdtluku \u010di kam\u00ednku na asfaltu, l\u00edznete si a \u201ejdete\u201c. Neboli s velkou pravd\u011bpodobnost\u00ed ztrat\u00edte rovnov\u00e1hu, padnete na asfalt a dost mo\u017en\u00e1 s sebou vezmete i ty za sebou. Tohle je ostatn\u011b jedna z nej\u010dast\u011bj\u0161\u00edch p\u0159\u00ed\u010din p\u00e1d\u016f v profesion\u00e1ln\u00edm pelotonu.<\/p>\n<h2><strong>\u017d\u00e1dn\u00e9 z\u00e1vody v kopci<\/strong><\/h2>\n<p>U\u017e p\u0159ed j\u00edzdou by se m\u011bl stanovit pr\u016fm\u011br, na kter\u00fd cel\u00e1 skupina c\u00edl\u00ed. A ten n\u00e1sledn\u011b dr\u017eet. Pokud se pozd\u011bji j\u00edzda ve skupin\u011b v\u00a0kopc\u00edch prom\u011bn\u00ed v\u00a0z\u00e1vod, je seri\u00f3zn\u00ed bojovat o nejlep\u0161\u00ed KOM pouze ve vrcha\u0159sk\u00e9m segmentu a na jeho konci po\u010dkat, a\u017e bude zase skupina kompaktn\u00ed.<\/p>\n<h2><strong>J\u00edzda ve skupin\u011b? Velk\u00fdm benefitem je socializace<\/strong><\/h2>\n<p>Jedn\u00edm ze z\u00e1sadn\u00edch faktor\u016f, kter\u00fd obn\u00e1\u0161\u00ed j\u00edzda ve skupin\u011b, je socializace. Kl\u00e1bosen\u00ed pat\u0159\u00ed k\u00a0cyklistice stejn\u011b jako k\u00e1va. Nen\u00ed v\u0161ak t\u0159eba \u010dekat <a href=\"https:\/\/www.welovecycling.com\/cs\/2024\/05\/22\/wlc-cz-kavarny-1-od-maringotky-v-sedle-kola-za-prezidentem-zlatymi-uhori-a-krasnymi-srnci\/\">na zast\u00e1vku v\u00a0kav\u00e1rn\u011b<\/a>.<\/p>\n<figure id=\"attachment_25618\" aria-describedby=\"caption-attachment-25618\" style=\"width: 1328px\" class=\"wp-caption alignnone\"><a href=\"https:\/\/d2p6e6u75xmxt8.cloudfront.net\/13\/2024\/06\/martin-hacecky-katerina-svobodva-V.webp\"><img loading=\"lazy\" decoding=\"async\" class=\"size-full wp-image-25618\" src=\"https:\/\/d2p6e6u75xmxt8.cloudfront.net\/13\/2024\/06\/martin-hacecky-katerina-svobodva-V.webp\" alt=\"J\u00edzda ve skupin\u011b m\u00e1 velk\u00fd soci\u00e1ln\u00ed aspekt.\" width=\"1328\" height=\"885\" srcset=\"https:\/\/d2p6e6u75xmxt8.cloudfront.net\/13\/2024\/06\/martin-hacecky-katerina-svobodva-V.webp 1328w, https:\/\/d2p6e6u75xmxt8.cloudfront.net\/13\/2024\/06\/martin-hacecky-katerina-svobodva-V-300x200.webp 300w, https:\/\/d2p6e6u75xmxt8.cloudfront.net\/13\/2024\/06\/martin-hacecky-katerina-svobodva-V-1024x682.webp 1024w, https:\/\/d2p6e6u75xmxt8.cloudfront.net\/13\/2024\/06\/martin-hacecky-katerina-svobodva-V-768x512.webp 768w, https:\/\/d2p6e6u75xmxt8.cloudfront.net\/13\/2024\/06\/martin-hacecky-katerina-svobodva-V-400x267.webp 400w, https:\/\/d2p6e6u75xmxt8.cloudfront.net\/13\/2024\/06\/martin-hacecky-katerina-svobodva-V-272x182.webp 272w\" sizes=\"auto, (max-width: 1328px) 100vw, 1328px\" \/><\/a><figcaption id=\"caption-attachment-25618\" class=\"wp-caption-text\"><em>J\u00edzda ve skupin\u011b m\u00e1 velk\u00fd soci\u00e1ln\u00ed aspekt. Foto: Kate\u0159ina Svobodov\u00e1\/Krakono\u0161\u016fv cyklomaraton<\/em><\/figcaption><\/figure>\n<p>V\u00a0rovinat\u00fdch pas\u00e1\u017e\u00edch si m\u016f\u017eete klidn\u011b pokl\u00e1bosit. A pokud pat\u0159\u00edte ke zku\u0161en\u011bj\u0161\u00edm v\u00a0bal\u00edku, nen\u00ed od v\u011bci m\u00e9n\u011b zru\u010dn\u00e9 kolegy nebo dokonce debutanty povzbudit a dodat jim sebev\u011bdom\u00ed.<\/p>\n<h2><strong>Solidarita<\/strong><\/h2>\n<p>Nepsan\u00fdm pravidlem v\u00a0p\u0159\u00edpad\u011b defektu je, \u017ee jedinec s\u00a0technick\u00fdm probl\u00e9mem nez\u016fstane s\u00e1m, ale po\u010dk\u00e1 bu\u010f cel\u00e1 skupina, nebo alespo\u0148 jej\u00ed \u010d\u00e1st. Pravd\u011bpodobnost, \u017ee se po oprav\u011b doty\u010dn\u00fd vr\u00e1t\u00ed zp\u011bt do hlavn\u00edho bal\u00edku je mnohem vy\u0161\u0161\u00ed, ne\u017e pokud z\u016fstane s\u00e1m.<\/p>\n<div class=\"shortcode-ys-post-pinup\"><article class=\"loop-simple post-25587 post type-post status-publish format-standard has-post-thumbnail hentry category-https-www-welovecycling-com-cs-otestovano-jizdou category-tipy-na-vylet category-wlc-cz-kavarny category-https-www-welovecycling-com-cs-category-zabava tag-bikelovers tag-cafe-dezert tag-cyklistika tag-cyklokavarny tag-horska-cyklistika tag-kava-a-cyklistika tag-kavarny tag-silnicni-cyklistika global-categories-cycling\" data-postid=\"25587\" role=\"article\" data-post-id=\"25587\" data-word-count=\"580\" data-headline-length=\"43\" data-category=\"Cyklotrasy\" data-global-category=\"Cycling\" data-author=\"We Love Cycling\" data-published=\"2024-05-31T16:36:59+02:00\" data-published-day=\"Friday\">\n    <div class=\"entry-thumbnail article-thumbnail\" content=\"https:\/\/d2p6e6u75xmxt8.cloudfront.net\/13\/2024\/05\/kafe-francouzak-150x150.webp\"><a href=\"https:\/\/www.welovecycling.com\/cs\/2024\/05\/31\/wlc-cz-kavarny-2-na-vetrnik-do-okrisek\/\" class=\"image-holder\" target=\"_self\"><img decoding=\"async\" loading=\"lazy\" class=\"\" src=\"https:\/\/d2p6e6u75xmxt8.cloudfront.net\/13\/2024\/05\/kafe-francouzak-1024x739.webp\" srcset=\"https:\/\/d2p6e6u75xmxt8.cloudfront.net\/13\/2024\/05\/kafe-francouzak-scaled.webp 2560w, https:\/\/d2p6e6u75xmxt8.cloudfront.net\/13\/2024\/05\/kafe-francouzak-300x217.webp 300w, https:\/\/d2p6e6u75xmxt8.cloudfront.net\/13\/2024\/05\/kafe-francouzak-1024x739.webp 1024w, https:\/\/d2p6e6u75xmxt8.cloudfront.net\/13\/2024\/05\/kafe-francouzak-768x555.webp 768w, https:\/\/d2p6e6u75xmxt8.cloudfront.net\/13\/2024\/05\/kafe-francouzak-1536x1109.webp 1536w, https:\/\/d2p6e6u75xmxt8.cloudfront.net\/13\/2024\/05\/kafe-francouzak-2048x1479.webp 2048w, https:\/\/d2p6e6u75xmxt8.cloudfront.net\/13\/2024\/05\/kafe-francouzak-1920x1386.webp 1920w, https:\/\/d2p6e6u75xmxt8.cloudfront.net\/13\/2024\/05\/kafe-francouzak-400x289.webp 400w, https:\/\/d2p6e6u75xmxt8.cloudfront.net\/13\/2024\/05\/kafe-francouzak-1920x1386.webp 1920w\" width=\"1024\" height=\"739\" sizes=\"auto, (min-width: 1200px) 300px, (min-width: 768px) 25vw, 100vw\" alt=\"wlc-cz-kavarny-2-na-vetrnik-do-okrisek\"\/><\/a><\/div>    <div class=\"entry-meta\">\n        <a class=\"label label-secondary post-category\" href=\"https:\/\/www.welovecycling.com\/cs\/category\/https-www-welovecycling-com-cs-otestovano-jizdou\/\" title=\"Cyklotrasy\">Cyklotrasy<\/a>\n    <\/div>\n    <div class=\"entry-details\">\n        <a href=\"https:\/\/www.welovecycling.com\/cs\/2024\/05\/31\/wlc-cz-kavarny-2-na-vetrnik-do-okrisek\/\" class='entry-title-wrapper'>\n            <h3 class=\"entry-title\"><span>WLC.cz kav\u00e1rny: Na v\u011btrn\u00edk do Ok\u0159\u00ed\u0161ek<\/span><\/h3>\n        <\/a>\n    <\/div>\n    <\/article>\n<\/div>\n<p>A\u010dkoliv se toho na za\u010d\u00e1tek m\u016f\u017ee zd\u00e1t p\u0159\u00edli\u0161, nenechejte se nov\u00fdm druhem pohybu vystresovat. J\u00edzda na lokty se m\u016f\u017ee zpo\u010d\u00e1tku zd\u00e1t malinko d\u011bsiv\u00e1. A budete z n\u00ed bezpochyby nerv\u00f3zn\u00ed.<\/p>\n<p>Ale chce to klid, proto\u017ee v\u011bt\u0161\u00ed probl\u00e9m bude va\u0161e panika ne\u017e to, \u017ee nejste \u00fapln\u011b ost\u0159\u00edlen\u00ed jako ti v\u0161ichni kolem, kte\u0159\u00ed v\u00e1m r\u00e1di p\u0159i prvn\u00edch kilometrech pom\u016f\u017eou a porad\u00ed. Tak\u017ee klid. Pak si naplno u\u017eijete kr\u00e1su a v\u0161echny v\u00fdhody, kter\u00e9 p\u0159in\u00e1\u0161\u00ed j\u00edzda ve skupin\u011b.<\/p>\n<p><em><strong>Tituln\u00ed foto<\/strong>: Kate\u0159ina Svobodov\u00e1\/Krakono\u0161\u016fv cyklomaraton<\/em><\/p>\n","protected":false},"excerpt":{"rendered":"<p>Je to rychlej\u0161\u00ed, m\u00e9n\u011b n\u00e1ro\u010dn\u00e9 z\u00a0hlediska energetick\u00e9ho a efektivn\u011bj\u0161\u00ed z\u00a0pohledu tr\u00e9ninku: j\u00edzda ve skupin\u011b nebo prost\u011b j\u00edzda v bal\u00edku. Pokud [&hellip;]<\/p>\n","protected":false},"author":138,"featured_media":25615,"comment_status":"open","ping_status":"open","sticky":false,"template":"","format":"standard","meta":{"footnotes":""},"categories":[6],"tags":[126,2001,56,3598,3597,9,3599,27,67],"global-categories":[411],"class_list":["post-25612","post","type-post","status-publish","format-standard","has-post-thumbnail","hentry","category-zdravi-a-trenink","tag-cyklistika","tag-gravel","tag-horska-cyklistika","tag-jizda-v-baliku","tag-jizda-ve-skupine","tag-silnicni-cyklistika","tag-socializace","tag-trenink","tag-zdravi-a-trenink","global-categories-cycling"],"yoast_head":"<!-- This site is optimized with the Yoast SEO Premium plugin v25.3 (Yoast SEO v25.9) - https:\/\/yoast.com\/wordpress\/plugins\/seo\/ -->\n<title>Jak jezdit na kole ve skupin\u011b? | \u0160koda We Love Cycling - \u010cesk\u00e1 republika<\/title>\n<meta name=\"description\" content=\"Je to rychlej\u0161\u00ed, m\u00e9n\u011b n\u00e1ro\u010dn\u00e9 z\u00a0hlediska energetick\u00e9ho a efektivn\u011bj\u0161\u00ed z\u00a0pohledu tr\u00e9ninku: j\u00edzda ve skupin\u011b nebo prost\u011b j\u00edzda v bal\u00edku. Pokud se n\u011bkdo chyst\u00e1 na \u0161vih ve skupin\u011b poprv\u00e9, je pot\u0159eba m\u00edt za\u017eit\u00fdch p\u00e1r z\u00e1kladn\u00edch pravidel.\" \/>\n<meta name=\"robots\" content=\"index, follow, max-snippet:-1, max-image-preview:large, max-video-preview:-1\" \/>\n<link rel=\"canonical\" href=\"https:\/\/www.welovecycling.com\/cs\/2024\/06\/04\/jak-jezdit-na-kole-ve-skupine\/\" \/>\n<meta property=\"og:locale\" content=\"cs_CZ\" \/>\n<meta property=\"og:type\" content=\"article\" \/>\n<meta property=\"og:title\" content=\"Jak jezdit na kole ve skupin\u011b?\" \/>\n<meta property=\"og:description\" content=\"Je to rychlej\u0161\u00ed, m\u00e9n\u011b n\u00e1ro\u010dn\u00e9 z\u00a0hlediska energetick\u00e9ho a efektivn\u011bj\u0161\u00ed z\u00a0pohledu tr\u00e9ninku: j\u00edzda ve skupin\u011b nebo prost\u011b j\u00edzda v bal\u00edku. Pokud se n\u011bkdo chyst\u00e1 na \u0161vih ve skupin\u011b poprv\u00e9, je pot\u0159eba m\u00edt za\u017eit\u00fdch p\u00e1r z\u00e1kladn\u00edch pravidel.\" \/>\n<meta property=\"og:url\" content=\"https:\/\/www.welovecycling.com\/cs\/2024\/06\/04\/jak-jezdit-na-kole-ve-skupine\/\" \/>\n<meta property=\"og:site_name\" content=\"\u0160koda We Love Cycling - \u010cesk\u00e1 republika\" \/>\n<meta property=\"article:published_time\" content=\"2024-06-04T07:30:20+00:00\" \/>\n<meta property=\"og:image\" content=\"https:\/\/d2p6e6u75xmxt8.cloudfront.net\/13\/2024\/06\/Martin-hacecky-katerina-svobodova-III.webp\" \/>\n\t<meta property=\"og:image:width\" content=\"1328\" \/>\n\t<meta property=\"og:image:height\" content=\"885\" \/>\n\t<meta property=\"og:image:type\" content=\"image\/webp\" \/>\n<meta name=\"author\" content=\"radekmalina\" \/>\n<meta name=\"twitter:card\" content=\"summary_large_image\" \/>\n<meta name=\"twitter:label1\" content=\"Written by\" \/>\n\t<meta name=\"twitter:data1\" content=\"We Love Cycling\" \/>\n\t<meta name=\"twitter:label2\" content=\"Est. reading time\" \/>\n\t<meta name=\"twitter:data2\" content=\"6\" \/>\n<script type=\"application\/ld+json\" class=\"yoast-schema-graph\">{\"@context\":\"https:\/\/schema.org\",\"@graph\":[{\"@type\":\"WebPage\",\"@id\":\"https:\/\/www.welovecycling.com\/cs\/2024\/06\/04\/jak-jezdit-na-kole-ve-skupine\/\",\"url\":\"https:\/\/www.welovecycling.com\/cs\/2024\/06\/04\/jak-jezdit-na-kole-ve-skupine\/\",\"name\":\"Jak jezdit na kole ve skupin\u011b? | \u0160koda We Love Cycling - \u010cesk\u00e1 republika\",\"isPartOf\":{\"@id\":\"https:\/\/www.welovecycling.com\/cs\/#website\"},\"primaryImageOfPage\":{\"@id\":\"https:\/\/www.welovecycling.com\/cs\/2024\/06\/04\/jak-jezdit-na-kole-ve-skupine\/#primaryimage\"},\"image\":{\"@id\":\"https:\/\/www.welovecycling.com\/cs\/2024\/06\/04\/jak-jezdit-na-kole-ve-skupine\/#primaryimage\"},\"thumbnailUrl\":\"https:\/\/d2p6e6u75xmxt8.cloudfront.net\/13\/2024\/06\/Martin-hacecky-katerina-svobodova-III.webp\",\"datePublished\":\"2024-06-04T07:30:20+00:00\",\"author\":{\"@id\":\"https:\/\/www.welovecycling.com\/cs\/#\/schema\/person\/d9eeb0a378f3a7e4a6d12d2b536b04b8\"},\"description\":\"Je to rychlej\u0161\u00ed, m\u00e9n\u011b n\u00e1ro\u010dn\u00e9 z\u00a0hlediska energetick\u00e9ho a efektivn\u011bj\u0161\u00ed z\u00a0pohledu tr\u00e9ninku: j\u00edzda ve skupin\u011b nebo prost\u011b j\u00edzda v bal\u00edku. Pokud se n\u011bkdo chyst\u00e1 na \u0161vih ve skupin\u011b poprv\u00e9, je pot\u0159eba m\u00edt za\u017eit\u00fdch p\u00e1r z\u00e1kladn\u00edch pravidel.\",\"inLanguage\":\"cs\",\"potentialAction\":[{\"@type\":\"ReadAction\",\"target\":[\"https:\/\/www.welovecycling.com\/cs\/2024\/06\/04\/jak-jezdit-na-kole-ve-skupine\/\"]}]},{\"@type\":\"ImageObject\",\"inLanguage\":\"cs\",\"@id\":\"https:\/\/www.welovecycling.com\/cs\/2024\/06\/04\/jak-jezdit-na-kole-ve-skupine\/#primaryimage\",\"url\":\"https:\/\/d2p6e6u75xmxt8.cloudfront.net\/13\/2024\/06\/Martin-hacecky-katerina-svobodova-III.webp\",\"contentUrl\":\"https:\/\/d2p6e6u75xmxt8.cloudfront.net\/13\/2024\/06\/Martin-hacecky-katerina-svobodova-III.webp\",\"width\":1328,\"height\":885,\"caption\":\"J\u00edzda ve skupin\u011b\"},{\"@type\":\"WebSite\",\"@id\":\"https:\/\/www.welovecycling.com\/cs\/#website\",\"url\":\"https:\/\/www.welovecycling.com\/cs\/\",\"name\":\"\u0160koda We Love Cycling - \u010cesk\u00e1 republika\",\"description\":\"WeLoveCycling.cz je online magaz\u00edn, kter\u00fd v\u00e1m pravideln\u011b p\u0159in\u00e1\u0161\u00ed rady a tipy, zaj\u00edmav\u00e9 \u010dl\u00e1nky, videa a jedine\u010dn\u00e9 report\u00e1\u017ee ze sv\u011bta cyklistiky.\",\"potentialAction\":[{\"@type\":\"SearchAction\",\"target\":{\"@type\":\"EntryPoint\",\"urlTemplate\":\"https:\/\/www.welovecycling.com\/cs\/?s={search_term_string}\"},\"query-input\":{\"@type\":\"PropertyValueSpecification\",\"valueRequired\":true,\"valueName\":\"search_term_string\"}}],\"inLanguage\":\"cs\"},{\"@type\":\"Person\",\"@id\":\"https:\/\/www.welovecycling.com\/cs\/#\/schema\/person\/d9eeb0a378f3a7e4a6d12d2b536b04b8\",\"name\":\"radekmalina\",\"image\":{\"@type\":\"ImageObject\",\"inLanguage\":\"cs\",\"@id\":\"https:\/\/www.welovecycling.com\/cs\/#\/schema\/person\/image\/\",\"url\":\"https:\/\/secure.gravatar.com\/avatar\/66994b632cb8c39a46b9f54afa3ae07201b678d32a54275b6f1c9ffec356bfc0?s=96&d=mm&r=g\",\"contentUrl\":\"https:\/\/secure.gravatar.com\/avatar\/66994b632cb8c39a46b9f54afa3ae07201b678d32a54275b6f1c9ffec356bfc0?s=96&d=mm&r=g\",\"caption\":\"radekmalina\"},\"url\":\"https:\/\/www.welovecycling.com\/cs\/author\/radekmalina\/\"}]}<\/script>\n<!-- \/ Yoast SEO Premium plugin. -->","yoast_head_json":{"title":"Jak jezdit na kole ve skupin\u011b? | \u0160koda We Love Cycling - \u010cesk\u00e1 republika","description":"Je to rychlej\u0161\u00ed, m\u00e9n\u011b n\u00e1ro\u010dn\u00e9 z\u00a0hlediska energetick\u00e9ho a efektivn\u011bj\u0161\u00ed z\u00a0pohledu tr\u00e9ninku: j\u00edzda ve skupin\u011b nebo prost\u011b j\u00edzda v bal\u00edku. Pokud se n\u011bkdo chyst\u00e1 na \u0161vih ve skupin\u011b poprv\u00e9, je pot\u0159eba m\u00edt za\u017eit\u00fdch p\u00e1r z\u00e1kladn\u00edch pravidel.","robots":{"index":"index","follow":"follow","max-snippet":"max-snippet:-1","max-image-preview":"max-image-preview:large","max-video-preview":"max-video-preview:-1"},"canonical":"https:\/\/www.welovecycling.com\/cs\/2024\/06\/04\/jak-jezdit-na-kole-ve-skupine\/","og_locale":"cs_CZ","og_type":"article","og_title":"Jak jezdit na kole ve skupin\u011b?","og_description":"Je to rychlej\u0161\u00ed, m\u00e9n\u011b n\u00e1ro\u010dn\u00e9 z\u00a0hlediska energetick\u00e9ho a efektivn\u011bj\u0161\u00ed z\u00a0pohledu tr\u00e9ninku: j\u00edzda ve skupin\u011b nebo prost\u011b j\u00edzda v bal\u00edku. Pokud se n\u011bkdo chyst\u00e1 na \u0161vih ve skupin\u011b poprv\u00e9, je pot\u0159eba m\u00edt za\u017eit\u00fdch p\u00e1r z\u00e1kladn\u00edch pravidel.","og_url":"https:\/\/www.welovecycling.com\/cs\/2024\/06\/04\/jak-jezdit-na-kole-ve-skupine\/","og_site_name":"\u0160koda We Love Cycling - \u010cesk\u00e1 republika","article_published_time":"2024-06-04T07:30:20+00:00","og_image":[{"width":1328,"height":885,"url":"https:\/\/d2p6e6u75xmxt8.cloudfront.net\/13\/2024\/06\/Martin-hacecky-katerina-svobodova-III.webp","type":"image\/webp"}],"author":"radekmalina","twitter_card":"summary_large_image","twitter_misc":{"Written by":"We Love Cycling","Est. reading time":"6"},"schema":{"@context":"https:\/\/schema.org","@graph":[{"@type":"WebPage","@id":"https:\/\/www.welovecycling.com\/cs\/2024\/06\/04\/jak-jezdit-na-kole-ve-skupine\/","url":"https:\/\/www.welovecycling.com\/cs\/2024\/06\/04\/jak-jezdit-na-kole-ve-skupine\/","name":"Jak jezdit na kole ve skupin\u011b? | \u0160koda We Love Cycling - \u010cesk\u00e1 republika","isPartOf":{"@id":"https:\/\/www.welovecycling.com\/cs\/#website"},"primaryImageOfPage":{"@id":"https:\/\/www.welovecycling.com\/cs\/2024\/06\/04\/jak-jezdit-na-kole-ve-skupine\/#primaryimage"},"image":{"@id":"https:\/\/www.welovecycling.com\/cs\/2024\/06\/04\/jak-jezdit-na-kole-ve-skupine\/#primaryimage"},"thumbnailUrl":"https:\/\/d2p6e6u75xmxt8.cloudfront.net\/13\/2024\/06\/Martin-hacecky-katerina-svobodova-III.webp","datePublished":"2024-06-04T07:30:20+00:00","author":{"@id":"https:\/\/www.welovecycling.com\/cs\/#\/schema\/person\/d9eeb0a378f3a7e4a6d12d2b536b04b8"},"description":"Je to rychlej\u0161\u00ed, m\u00e9n\u011b n\u00e1ro\u010dn\u00e9 z\u00a0hlediska energetick\u00e9ho a efektivn\u011bj\u0161\u00ed z\u00a0pohledu tr\u00e9ninku: j\u00edzda ve skupin\u011b nebo prost\u011b j\u00edzda v bal\u00edku. Pokud se n\u011bkdo chyst\u00e1 na \u0161vih ve skupin\u011b poprv\u00e9, je pot\u0159eba m\u00edt za\u017eit\u00fdch p\u00e1r z\u00e1kladn\u00edch pravidel.","inLanguage":"cs","potentialAction":[{"@type":"ReadAction","target":["https:\/\/www.welovecycling.com\/cs\/2024\/06\/04\/jak-jezdit-na-kole-ve-skupine\/"]}]},{"@type":"ImageObject","inLanguage":"cs","@id":"https:\/\/www.welovecycling.com\/cs\/2024\/06\/04\/jak-jezdit-na-kole-ve-skupine\/#primaryimage","url":"https:\/\/d2p6e6u75xmxt8.cloudfront.net\/13\/2024\/06\/Martin-hacecky-katerina-svobodova-III.webp","contentUrl":"https:\/\/d2p6e6u75xmxt8.cloudfront.net\/13\/2024\/06\/Martin-hacecky-katerina-svobodova-III.webp","width":1328,"height":885,"caption":"J\u00edzda ve skupin\u011b"},{"@type":"WebSite","@id":"https:\/\/www.welovecycling.com\/cs\/#website","url":"https:\/\/www.welovecycling.com\/cs\/","name":"\u0160koda We Love Cycling - \u010cesk\u00e1 republika","description":"WeLoveCycling.cz je online magaz\u00edn, kter\u00fd v\u00e1m pravideln\u011b p\u0159in\u00e1\u0161\u00ed rady a tipy, zaj\u00edmav\u00e9 \u010dl\u00e1nky, videa a jedine\u010dn\u00e9 report\u00e1\u017ee ze sv\u011bta cyklistiky.","potentialAction":[{"@type":"SearchAction","target":{"@type":"EntryPoint","urlTemplate":"https:\/\/www.welovecycling.com\/cs\/?s={search_term_string}"},"query-input":{"@type":"PropertyValueSpecification","valueRequired":true,"valueName":"search_term_string"}}],"inLanguage":"cs"},{"@type":"Person","@id":"https:\/\/www.welovecycling.com\/cs\/#\/schema\/person\/d9eeb0a378f3a7e4a6d12d2b536b04b8","name":"radekmalina","image":{"@type":"ImageObject","inLanguage":"cs","@id":"https:\/\/www.welovecycling.com\/cs\/#\/schema\/person\/image\/","url":"https:\/\/secure.gravatar.com\/avatar\/66994b632cb8c39a46b9f54afa3ae07201b678d32a54275b6f1c9ffec356bfc0?s=96&d=mm&r=g","contentUrl":"https:\/\/secure.gravatar.com\/avatar\/66994b632cb8c39a46b9f54afa3ae07201b678d32a54275b6f1c9ffec356bfc0?s=96&d=mm&r=g","caption":"radekmalina"},"url":"https:\/\/www.welovecycling.com\/cs\/author\/radekmalina\/"}]}},"_links":{"self":[{"href":"https:\/\/www.welovecycling.com\/cs\/wp-json\/wp\/v2\/posts\/25612","targetHints":{"allow":["GET"]}}],"collection":[{"href":"https:\/\/www.welovecycling.com\/cs\/wp-json\/wp\/v2\/posts"}],"about":[{"href":"https:\/\/www.welovecycling.com\/cs\/wp-json\/wp\/v2\/types\/post"}],"author":[{"embeddable":true,"href":"https:\/\/www.welovecycling.com\/cs\/wp-json\/wp\/v2\/users\/138"}],"replies":[{"embeddable":true,"href":"https:\/\/www.welovecycling.com\/cs\/wp-json\/wp\/v2\/comments?post=25612"}],"version-history":[{"count":3,"href":"https:\/\/www.welovecycling.com\/cs\/wp-json\/wp\/v2\/posts\/25612\/revisions"}],"predecessor-version":[{"id":25620,"href":"https:\/\/www.welovecycling.com\/cs\/wp-json\/wp\/v2\/posts\/25612\/revisions\/25620"}],"wp:featuredmedia":[{"embeddable":true,"href":"https:\/\/www.welovecycling.com\/cs\/wp-json\/wp\/v2\/media\/25615"}],"wp:attachment":[{"href":"https:\/\/www.welovecycling.com\/cs\/wp-json\/wp\/v2\/media?parent=25612"}],"wp:term":[{"taxonomy":"category","embeddable":true,"href":"https:\/\/www.welovecycling.com\/cs\/wp-json\/wp\/v2\/categories?post=25612"},{"taxonomy":"post_tag","embeddable":true,"href":"https:\/\/www.welovecycling.com\/cs\/wp-json\/wp\/v2\/tags?post=25612"},{"taxonomy":"global-categories","embeddable":true,"href":"https:\/\/www.welovecycling.com\/cs\/wp-json\/wp\/v2\/global-categories?post=25612"}],"curies":[{"name":"wp","href":"https:\/\/api.w.org\/{rel}","templated":true}]}}