{"id":25555,"date":"2024-05-24T09:25:18","date_gmt":"2024-05-24T07:25:18","guid":{"rendered":"https:\/\/www.welovecycling.com\/cs\/?p=25555"},"modified":"2024-05-24T10:03:09","modified_gmt":"2024-05-24T08:03:09","slug":"ondrej-cink-ma-trenera-z-movistaru-a-priznava-uz-je-toho-na-me-moc-byl-jsem-psychicky-zlomeny","status":"publish","type":"post","link":"https:\/\/www.welovecycling.com\/cs\/2024\/05\/24\/ondrej-cink-ma-trenera-z-movistaru-a-priznava-uz-je-toho-na-me-moc-byl-jsem-psychicky-zlomeny\/","title":{"rendered":"Ond\u0159ej Cink m\u00e1 tren\u00e9ra z\u00a0Movistaru a p\u0159izn\u00e1v\u00e1: U\u017e je toho na m\u011b moc, byl jsem psychicky zlomen\u00fd"},"content":{"rendered":"<p><strong>Douf\u00e1 v magii dom\u00e1c\u00edho z\u00e1vodu. Ond\u0159ej Cink nepro\u017e\u00edv\u00e1 v sedle kola \u0161\u0165astn\u00e9 obdob\u00ed. Od startu sezony jej prov\u00e1z\u00ed zdravotn\u00ed trable. Pot\u00ed\u017ee se v\u0161ak t\u00e1hnou u\u017e del\u0161\u00ed dobu. Ve snaze o zvrat situace nejlep\u0161\u00ed \u010desk\u00fd biker s\u00e1hnul ke zm\u011bn\u011b tren\u00e9ra. \u201eDouf\u00e1m, \u017ee z\u00e1vod v Nov\u00e9m M\u011bst\u011b na Morav\u011b mi dod\u00e1 energii a v kombinaci s nov\u00fdm kou\u010dem m\u011b to nastartuje k lep\u0161\u00edmu,\u201c \u0159\u00edk\u00e1 t\u0159iat\u0159icetilet\u00fd \u010desk\u00fd reprezentant p\u0159ed bitvami na Vyso\u010din\u011b b\u011bhem posledn\u00edho kv\u011btnov\u00e9ho v\u00edkendu.<\/strong><\/p>\n<h2><strong>Ondro na pokra\u010dov\u00e1n\u00ed Sv\u011btov\u00e9ho poh\u00e1ru jste se naladil druh\u00fdm m\u00edstem p\u0159i z\u00e1vod\u011b \u010cesk\u00e9ho poh\u00e1ru na Zadov\u011b, ale neskr\u00fdval jste, \u017ee v\u00e1s limitovaly trable s\u00a0d\u00fdch\u00e1n\u00edm v\u00a0d\u016fsledku alergie. Jak\u00e1 je situace p\u0159ed z\u00e1vodem v\u00a0Nov\u00e9m M\u011bst\u011b na Morav\u011b?<\/strong><\/h2>\n<p>Je to lep\u0161\u00ed den za dnem. Alespo\u0148 m\u00e1m ten pocit. Po\u0159\u00e1d m\u00e1m n\u011bjakou nad\u011bji. V\u00edm, \u017ee nejsem stoprocentn\u011b p\u0159ipraven\u00fd. Jsem zdrav\u00fd, nicm\u00e9n\u011b nejsem ve form\u011b, kterou bych pot\u0159eboval, abych mohl jezdit na podium. Ale jsem r\u00e1d, \u017ee mohu aspo\u0148 z\u00e1vodit. Hlavn\u011b doma. Loni mi to nevy\u0161lo kv\u016fli nemoci, te\u010f mohu startovat a u\u017e\u00edt si atmosf\u00e9ru. Ta mi dod\u00e1 extra s\u00edlu nav\u00edc. Mysl\u00edm, \u017ee to v sob\u011b po\u0159\u00e1d m\u00e1m, ale pot\u0159ebuji tr\u00e9novat a b\u00fdt zdrav\u00fd.<\/p>\n<h2><strong>Jen\u017ee pr\u00e1v\u011b zdravotn\u00ed pot\u00ed\u017ee se s\u00a0v\u00e1mi vle\u010dou prakticky od za\u010d\u00e1tku sezony\u2026<\/strong><\/h2>\n<p>Mysl\u00edm, \u017ee v\u0161e za\u010dalo u\u017e v Braz\u00edlii. Prvn\u00ed z\u00e1vod prob\u00edhal dob\u0159e, p\u0159ijel jsem p\u0159ipraven\u00fd. Z\u00e1vod byl t\u011b\u017ek\u00fd, rychl\u00fd, dlouh\u00fd v t\u011bch podm\u00ednk\u00e1ch. Bylo to vyrovnan\u00e9, prvn\u00ed dvac\u00edtka naskl\u00e1dan\u00e1 v minut\u011b. Chyb\u011bl mi jeden n\u00e1stup, abych se posunul t\u0159eba o p\u011bt m\u00edst ve skupin\u011b. Pak by v\u00fdsledek byl asi jin\u00fd. Ale p\u0159i druh\u00e9m z\u00e1vod\u011b mi nesedla tra\u0165, bylo tam hodn\u011b skok\u016f. Vysok\u00fdch a velk\u00fdch. S t\u00edm nejsem kamar\u00e1d. Nav\u00edc jsem dostal v p\u00e1tek p\u0159ed z\u00e1vodem pr\u016fjem. Z\u0159ejm\u011b to bylo z j\u00eddla v hotelu, proto\u017ee stejn\u00e9 pot\u00ed\u017ee m\u011blo v\u011bt\u0161\u00ed mno\u017estv\u00ed lid\u00ed. S t\u00fdmem si norm\u00e1ln\u011b pronaj\u00edm\u00e1me apartm\u00e1ny nebo domy, ale v tomhle p\u0159\u00edpad\u011b \u0161lo o nerealizovatelnou z\u00e1le\u017eitost.<\/p>\n<h2><strong>St\u0159evn\u00edmi probl\u00e9my v Braz\u00edlii trable v\u0161ak neskon\u010dily, \u017ee?<\/strong><\/h2>\n<p>Z\u00e1vod jsem n\u011bjak p\u0159etrp\u011bl, ale doma v\u0161e pokra\u010dovalo. Dlouho jsem se z toho dost\u00e1val. \u0158\u00edkal jsem si, \u017ee za t\u0159i dny budu v pohod\u011b. Ale kdy\u017e m\u00e1m vir\u00f3zu, tak moje t\u011blo se z toho dost\u00e1v\u00e1 sedm osm dn\u016f. M\u00e1m to tak v\u017edycky. U\u017e mi to nebav\u00ed. Norm\u00e1ln\u00ed \u010dlov\u011bk si lehne do postele, je vy\u0159\u00edzen\u00fd, ale za t\u0159i dny je v pohod\u011b. A j\u00e1 jsem ve stavu, \u017ee nev\u00edm, jestli jsem nemocn\u00fd nebo zdrav\u00fd. Nen\u00ed mi vylo\u017een\u011b zle, ale na tr\u00e9nink to nen\u00ed. A j\u00e1 nev\u00edm, co s t\u00edm m\u00e1m d\u011blat. Tak v\u011bt\u0161inou prob\u00edhaj\u00ed moje nemoci. U\u017e je toho na m\u011b moc. M\u011bl jsem z toho psychick\u00e9 probl\u00e9my.<\/p>\n<figure id=\"attachment_25553\" aria-describedby=\"caption-attachment-25553\" style=\"width: 1800px\" class=\"wp-caption alignnone\"><a href=\"https:\/\/d2p6e6u75xmxt8.cloudfront.net\/13\/2024\/05\/profimedia-0864886880.webp\"><img loading=\"lazy\" decoding=\"async\" class=\"size-full wp-image-25553\" src=\"https:\/\/d2p6e6u75xmxt8.cloudfront.net\/13\/2024\/05\/profimedia-0864886880.webp\" alt=\"Ond\u0159ej Cink b\u011bhem z\u00e1vodu Sv\u011btov\u00e9ho poh\u00e1ru v Braz\u00edlii.\" width=\"1800\" height=\"1200\" srcset=\"https:\/\/d2p6e6u75xmxt8.cloudfront.net\/13\/2024\/05\/profimedia-0864886880.webp 1800w, https:\/\/d2p6e6u75xmxt8.cloudfront.net\/13\/2024\/05\/profimedia-0864886880-300x200.webp 300w, https:\/\/d2p6e6u75xmxt8.cloudfront.net\/13\/2024\/05\/profimedia-0864886880-1024x683.webp 1024w, https:\/\/d2p6e6u75xmxt8.cloudfront.net\/13\/2024\/05\/profimedia-0864886880-768x512.webp 768w, https:\/\/d2p6e6u75xmxt8.cloudfront.net\/13\/2024\/05\/profimedia-0864886880-1536x1024.webp 1536w, https:\/\/d2p6e6u75xmxt8.cloudfront.net\/13\/2024\/05\/profimedia-0864886880-400x267.webp 400w, https:\/\/d2p6e6u75xmxt8.cloudfront.net\/13\/2024\/05\/profimedia-0864886880-272x182.webp 272w\" sizes=\"auto, (max-width: 1800px) 100vw, 1800px\" \/><\/a><figcaption id=\"caption-attachment-25553\" class=\"wp-caption-text\"><em>Ond\u0159ej Cink b\u011bhem z\u00e1vodu Sv\u011btov\u00e9ho poh\u00e1ru v Braz\u00edlii. Foto: profimedia<\/em><\/figcaption><\/figure>\n<h2><strong>V\u0161echno se vle\u010de u\u017e n\u011bkolik let. Vlastn\u011b od olympijsk\u00fdch her v\u00a0Tokiu\u2026<\/strong><\/h2>\n<p>Je to po\u0159\u00e1d nahoru dol\u016f posledn\u00ed t\u0159i roky. Musel jsem si volat s\u00a0<a href=\"https:\/\/www.welovecycling.com\/cs\/2023\/12\/11\/ondrej-cink-zacal-jsem-spolupracovat-s-psychologem-a-je-to-super\/\">psycholo\u017ekou<\/a>, se spoustou lid\u00ed, kte\u0159\u00ed mi pom\u00e1haj\u00ed. Prob\u00edral jsem to s nimi, v\u0161ichni m\u011b uklid\u0148uj\u00ed. Nen\u00ed to snadn\u00e9. Po\u0159\u00e1d mysl\u00edm pozitivn\u011b. Bez toho by situace byla je\u0161t\u011b hor\u0161\u00ed. Hled\u00e1m r\u016fzn\u00e9 cesty. Minul\u00fd t\u00fdden jsem se sebral, odjel s\u00e1m na \u0160umavu, na Kvildu. Tam jsem se zav\u0159el a v\u0161echno jsem d\u00e1val jenom tr\u00e9ninku, odpo\u010dinku, sp\u00e1nku a vlastn\u011b i j\u00eddlu. Ale zase m\u011b sejmula alergie. Mohl jsem jezdit, ale ve vysok\u00fdch intenzit\u00e1ch v\u00fdkon nebyl ide\u00e1ln\u00ed. Zadov jsem n\u011bjak objel, s ohledem na podm\u00ednky to nebylo \u0161patn\u00e9. Ale docela jsem trp\u011bl, nebudu lh\u00e1t.<\/p>\n<div class=\"shortcode-ys-post-pinup\"><article class=\"loop-simple post-25502 post type-post status-publish format-standard has-post-thumbnail hentry category-silnicni-cyklistika tag-cyklistika tag-giro-ditalia-2024 tag-silnicni-cyklistika tag-tadej-pogacar tag-tour-de-france global-categories-cycling\" data-postid=\"25502\" role=\"article\" data-post-id=\"25502\" data-word-count=\"515\" data-headline-length=\"74\" data-category=\"Silni\u010dn\u00ed cyklistika\" data-global-category=\"Cycling\" data-author=\"Radek Malina\" data-published=\"2024-05-20T14:44:07+02:00\" data-published-day=\"Monday\">\n    <div class=\"entry-thumbnail article-thumbnail\" content=\"https:\/\/d2p6e6u75xmxt8.cloudfront.net\/13\/2024\/05\/profimedia-0874712015-150x150.webp\"><a href=\"https:\/\/www.welovecycling.com\/cs\/2024\/05\/20\/showman-tadej-pogacar-naplnuje-plan-budu-nejlepsi-cyklista-historie\/\" class=\"image-holder\" target=\"_self\"><img decoding=\"async\" loading=\"lazy\" class=\"\" src=\"https:\/\/d2p6e6u75xmxt8.cloudfront.net\/13\/2024\/05\/profimedia-0874712015-1024x683.webp\" srcset=\"https:\/\/d2p6e6u75xmxt8.cloudfront.net\/13\/2024\/05\/profimedia-0874712015.webp 1800w, https:\/\/d2p6e6u75xmxt8.cloudfront.net\/13\/2024\/05\/profimedia-0874712015-300x200.webp 300w, https:\/\/d2p6e6u75xmxt8.cloudfront.net\/13\/2024\/05\/profimedia-0874712015-1024x683.webp 1024w, https:\/\/d2p6e6u75xmxt8.cloudfront.net\/13\/2024\/05\/profimedia-0874712015-768x512.webp 768w, https:\/\/d2p6e6u75xmxt8.cloudfront.net\/13\/2024\/05\/profimedia-0874712015-1536x1024.webp 1536w, https:\/\/d2p6e6u75xmxt8.cloudfront.net\/13\/2024\/05\/profimedia-0874712015-400x267.webp 400w, https:\/\/d2p6e6u75xmxt8.cloudfront.net\/13\/2024\/05\/profimedia-0874712015-272x182.webp 272w\" width=\"1024\" height=\"683\" sizes=\"auto, (min-width: 1200px) 300px, (min-width: 768px) 25vw, 100vw\" alt=\"showman-tadej-pogacar-naplnuje-plan-budu-nejlepsi-cyklista-historie\"\/><\/a><\/div>    <div class=\"entry-meta\">\n        <a class=\"label label-secondary post-category\" href=\"https:\/\/www.welovecycling.com\/cs\/category\/silnicni-cyklistika\/\" title=\"Silni\u010dn\u00ed cyklistika\">Silni\u010dn\u00ed cyklistika<\/a>\n    <\/div>\n    <div class=\"entry-details\">\n        <a href=\"https:\/\/www.welovecycling.com\/cs\/2024\/05\/20\/showman-tadej-pogacar-naplnuje-plan-budu-nejlepsi-cyklista-historie\/\" class='entry-title-wrapper'>\n            <h3 class=\"entry-title\"><span>Showman Tadej Poga\u010dar napl\u0148uje pl\u00e1n: Budu nejlep\u0161\u00ed cyklista historie!<\/span><\/h3>\n        <\/a>\n    <\/div>\n    <\/article>\n<\/div>\n<h2><strong>Lze alergick\u00e9 reakce \u0159e\u0161it terapeutickou v\u00fdjimkou tak, aby nedo\u0161lo k\u00a0poru\u0161en\u00ed dopingov\u00e9ho protokolu?<\/strong><\/h2>\n<p>Alergici a astmatici maj\u00ed v kv\u011btnu sm\u016flu, proto\u017ee to je nejhor\u0161\u00ed m\u011bs\u00edc. J\u00e1 byl u\u017e v \u00fanoru ve \u0160pan\u011blsku u alergologa. Ten mi doporu\u010dil klasickou l\u00e9\u010dbu v podob\u011b pr\u00e1\u0161k\u016f, kter\u00e9 zm\u00edr\u0148uj\u00ed alergickou r\u00fdmu. Ale j\u00e1 pot\u0159ebuji n\u011bco i na d\u00fdch\u00e1n\u00ed, co\u017e mi d\u011bl\u00e1 v\u011bt\u0161\u00ed probl\u00e9m. Tam pomohou kortikoidy. Ty jsou povolen\u00e9 jenom v ur\u010dit\u00e9m mno\u017estv\u00ed. Kdy\u017e chce \u010dlov\u011bk n\u011bco siln\u011bj\u0161\u00edho, tak pot\u0159ebuje v\u00fdjimku od UCI. Je\u0161t\u011b jsem se k tomu nedostal, abych to vy\u0159\u00eddil. Pou\u017e\u00edv\u00e1m spreje, co jsou povolen\u00e9. Ale jenom v ur\u010dit\u00e9 d\u00e1vce. Nesm\u00ed se p\u0159es\u00e1hnout jist\u00e1 hranice. Ale v cross country, jak se jede maxim\u00e1ln\u00ed intenzita cel\u00fd z\u00e1vod, m\u00e1m pocit, \u017ee to moc nepom\u00e1h\u00e1. Cht\u011blo by to siln\u011bj\u0161\u00ed l\u00e9ky.<\/p>\n<h2><strong>B\u011bhem jara, a\u010d je kr\u00e1tce p\u0159ed vrcholem v\u00a0podob\u011b olympi\u00e1dy, jste s\u00e1hnul i ke zm\u011bn\u011b tren\u00e9ra. Pro\u010d?<\/strong><\/h2>\n<p>T\u00fdm po\u010d\u00edtal s\u00a0ur\u010dit\u00fdmi v\u00fdsledky, ty nep\u0159ich\u00e1z\u00ed. Sp\u00ed\u0161e p\u0159ich\u00e1z\u00ed nemoci a zdravotn\u00ed komplikace. Tak\u017ee po Braz\u00edlii jsme spole\u010dn\u011b s\u00a0t\u00fdmem dosp\u011bli k\u00a0rozhodnut\u00ed, \u017ee ud\u011bl\u00e1me zm\u011bnu a vym\u011bn\u00edm tren\u00e9ra. Snad m\u011b to nakopne i psychicky. U\u017e jsem stejn\u00e9 situace v\u00a0kari\u00e9\u0159e za\u017eil. Kdy\u017e jsem p\u0159ed lety opustil Milana Sp\u011b\u0161n\u00e9ho, tak jsem za \u010dtrn\u00e1ct dn\u016f jezdil na stupn\u011b v\u00edt\u011bz\u016f. A pak jsem po p\u0159echodu ze silnice \u0161el ke Karlu Mart\u00ednkovi, tak jsem rovn\u011b\u017e za\u010dal jezdit o podium. M\u011bl jsem vlastn\u011b nejlep\u0161\u00ed formu a sezonu v\u00a0kari\u00e9\u0159e. Te\u010f to zkou\u0161\u00edme znovu.<\/p>\n<figure id=\"attachment_24304\" aria-describedby=\"caption-attachment-24304\" style=\"width: 1600px\" class=\"wp-caption alignnone\"><a href=\"https:\/\/d2p6e6u75xmxt8.cloudfront.net\/13\/2023\/12\/cink-cerveny-2.webp\"><img loading=\"lazy\" decoding=\"async\" class=\"size-full wp-image-24304\" src=\"https:\/\/d2p6e6u75xmxt8.cloudfront.net\/13\/2023\/12\/cink-cerveny-2.webp\" alt=\"Ond\u0159ej Cink\" width=\"1600\" height=\"1067\" srcset=\"https:\/\/d2p6e6u75xmxt8.cloudfront.net\/13\/2023\/12\/cink-cerveny-2.webp 1600w, https:\/\/d2p6e6u75xmxt8.cloudfront.net\/13\/2023\/12\/cink-cerveny-2-300x200.webp 300w, https:\/\/d2p6e6u75xmxt8.cloudfront.net\/13\/2023\/12\/cink-cerveny-2-1024x683.webp 1024w, https:\/\/d2p6e6u75xmxt8.cloudfront.net\/13\/2023\/12\/cink-cerveny-2-768x512.webp 768w, https:\/\/d2p6e6u75xmxt8.cloudfront.net\/13\/2023\/12\/cink-cerveny-2-1536x1024.webp 1536w, https:\/\/d2p6e6u75xmxt8.cloudfront.net\/13\/2023\/12\/cink-cerveny-2-400x267.webp 400w, https:\/\/d2p6e6u75xmxt8.cloudfront.net\/13\/2023\/12\/cink-cerveny-2-272x182.webp 272w\" sizes=\"auto, (max-width: 1600px) 100vw, 1600px\" \/><\/a><figcaption id=\"caption-attachment-24304\" class=\"wp-caption-text\"><em>Ond\u0159ej Cink je \u010deskou reprezenta\u010dn\u00ed jedni\u010dkou, ale \u00fa\u010dast na olympijsk\u00fdch hr\u00e1ch v Pa\u0159\u00ed\u017ei zat\u00edm ne\u0159e\u0161\u00ed. Foto: Michal \u010cerven\u00fd<\/em><\/figcaption><\/figure>\n<h2><strong>S\u00a0Karlem Mart\u00ednkem jste spolupracoval sedm let. Byl jste ve f\u00e1zi, \u017ee u\u017e v\u00e1s nemohl posunout?<\/strong><\/h2>\n<p>Ne\u0159ekl bych, \u017ee \u0161lo o v\u00fdkonnostn\u00ed d\u016fvod. Je to o hlav\u011b. T\u00fdm m\u011b propojil s Victorem Rodr\u00edguezem, kter\u00fd s\u00e1m v minulosti z\u00e1vodil a nyn\u00ed je tren\u00e9rem v Movistaru. \u00a0Po prvn\u00edch t\u0159ech t\u00fddnech v\u00edm, \u017ee tr\u00e9nink bude hodn\u011b jin\u00fd. \u00dapln\u011b jin\u00fd. T\u011b\u0161\u00edm se. Sedm let jsem d\u011blal stejn\u00e9 v\u011bci. Ne\u0159\u00edk\u00e1m, \u017ee m\u011b to nebavilo, ale t\u0159eba hlava pot\u0159ebuje zm\u011bnu. Sna\u017e\u00edm se uk\u00e1zat t\u00fdmu, \u017ee pro \u00fasp\u011bch chci ud\u011blat maximum. \u017de jsem ochotn\u00fd ud\u011blat velkou zm\u011bnu. D\u00e1v\u00e1m tomu sto procent.<\/p>\n<div class=\"shortcode-ys-post-pinup\"><article class=\"loop-simple post-25440 post type-post status-publish format-standard has-post-thumbnail hentry category-silnicni-cyklistika tag-bahrain-victorious tag-bora-hansgrohe tag-cyklistika tag-czech-tour tag-czech-tour-2024 tag-dsm-firmenich-postnl tag-ineos-grenadiers tag-intermache-wanty tag-jan-hirt tag-josef-cerny tag-leopold-konig tag-mathias-vacek tag-silnicni-cyklistika tag-soudal-quick-step tag-uae-emirates-team tag-visma-lease-a-bike global-categories-cycling\" data-postid=\"25440\" role=\"article\" data-post-id=\"25440\" data-word-count=\"393\" data-headline-length=\"50\" data-category=\"Silni\u010dn\u00ed cyklistika\" data-global-category=\"Cycling\" data-author=\"We Love Cycling\" data-published=\"2024-05-10T08:21:32+02:00\" data-published-day=\"Friday\">\n    <div class=\"entry-thumbnail article-thumbnail\" content=\"https:\/\/d2p6e6u75xmxt8.cloudfront.net\/13\/2024\/05\/czechtour23_stage-3_jb_135-150x150.webp\"><a href=\"https:\/\/www.welovecycling.com\/cs\/2024\/05\/10\/to-je-sen-osm-tymu-world-tour-pojede-czech-tour\/\" class=\"image-holder\" target=\"_self\"><img decoding=\"async\" loading=\"lazy\" class=\"\" src=\"https:\/\/d2p6e6u75xmxt8.cloudfront.net\/13\/2024\/05\/czechtour23_stage-3_jb_135-1024x681.webp\" srcset=\"https:\/\/d2p6e6u75xmxt8.cloudfront.net\/13\/2024\/05\/czechtour23_stage-3_jb_135.webp 1200w, https:\/\/d2p6e6u75xmxt8.cloudfront.net\/13\/2024\/05\/czechtour23_stage-3_jb_135-300x200.webp 300w, https:\/\/d2p6e6u75xmxt8.cloudfront.net\/13\/2024\/05\/czechtour23_stage-3_jb_135-1024x681.webp 1024w, https:\/\/d2p6e6u75xmxt8.cloudfront.net\/13\/2024\/05\/czechtour23_stage-3_jb_135-768x511.webp 768w, https:\/\/d2p6e6u75xmxt8.cloudfront.net\/13\/2024\/05\/czechtour23_stage-3_jb_135-400x266.webp 400w, https:\/\/d2p6e6u75xmxt8.cloudfront.net\/13\/2024\/05\/czechtour23_stage-3_jb_135-272x182.webp 272w\" width=\"1024\" height=\"681\" sizes=\"auto, (min-width: 1200px) 300px, (min-width: 768px) 25vw, 100vw\" alt=\"to-je-sen-osm-tymu-world-tour-pojede-czech-tour\"\/><\/a><\/div>    <div class=\"entry-meta\">\n        <a class=\"label label-secondary post-category\" href=\"https:\/\/www.welovecycling.com\/cs\/category\/silnicni-cyklistika\/\" title=\"Silni\u010dn\u00ed cyklistika\">Silni\u010dn\u00ed cyklistika<\/a>\n    <\/div>\n    <div class=\"entry-details\">\n        <a href=\"https:\/\/www.welovecycling.com\/cs\/2024\/05\/10\/to-je-sen-osm-tymu-world-tour-pojede-czech-tour\/\" class='entry-title-wrapper'>\n            <h3 class=\"entry-title\"><span>To je sen! Osm t\u00fdm\u016f World Tour pojede Czech Tour<\/span><\/h3>\n        <\/a>\n    <\/div>\n    <\/article>\n<\/div>\n<h2><strong>Je hodn\u011b pozitivn\u00ed jet za dan\u00e9 konstelace p\u0159ed dom\u00e1c\u00edm publikem?<\/strong><\/h2>\n<p>Ohromn\u00fdm zp\u016fsobem se t\u011b\u0161\u00edm. Ur\u010dit\u011b bude cel\u00fd v\u00edkend \u00fapln\u011b narv\u00e1no. Vid\u011bl jsem prvn\u011b novou tribunu. Do c\u00edlov\u00e9 rovinky se vejde v\u00edce lid\u00ed. Dojezd bude ur\u010dit\u011b skv\u011bl\u00fd.<\/p>\n<h2><strong>Do vrcholu cel\u00e9 sezony v podob\u011b olympijsk\u00fdch her zb\u00fdvaj\u00ed dva m\u011bs\u00edce. M\u00e1 <a href=\"https:\/\/www.youtube.com\/watch?v=J7QU1sgm9kA\">Ond\u0159ej Cink<\/a> v hlav\u011b bitvy v Pa\u0159\u00ed\u017ei?<\/strong><\/h2>\n<p>Nesoust\u0159ed\u00edm se na to. M\u016f\u017ee se st\u00e1t cokoliv. Moje zdravotn\u00ed probl\u00e9my prost\u011b jsou. A jestli budou \u010dtrn\u00e1ct dn\u016f p\u0159ed z\u00e1vodem v\u00a0Pa\u0159\u00ed\u017ei, tak jsem schopn\u00fd p\u0159enechat m\u00edsto n\u011bkomu jin\u00e9mu. Ale jestli budu alespo\u0148 tro\u0161ku p\u0159ipraven\u00fd, tak chci jet.<\/p>\n","protected":false},"excerpt":{"rendered":"<p>Douf\u00e1 v magii dom\u00e1c\u00edho z\u00e1vodu. Ond\u0159ej Cink nepro\u017e\u00edv\u00e1 v sedle kola \u0161\u0165astn\u00e9 obdob\u00ed. Od startu sezony jej prov\u00e1z\u00ed zdravotn\u00ed trable. [&hellip;]<\/p>\n","protected":false},"author":138,"featured_media":25554,"comment_status":"open","ping_status":"open","sticky":false,"template":"","format":"standard","meta":{"footnotes":""},"categories":[11],"tags":[157,126,233,3588,205,3591,3589,3590],"global-categories":[411],"class_list":["post-25555","post","type-post","status-publish","format-standard","has-post-thumbnail","hentry","category-horska-cyklistika","tag-cross-country","tag-cyklistika","tag-nove-mesto-na-morave","tag-novy-trener","tag-ondrej-cink","tag-svetovy-pohar-2024","tag-trenerska-zmena","tag-zdravotni-problemy","global-categories-cycling"],"yoast_head":"<!-- This site is optimized with the Yoast SEO Premium plugin v25.3 (Yoast SEO v25.9) - https:\/\/yoast.com\/wordpress\/plugins\/seo\/ -->\n<title>Ond\u0159ej Cink m\u00e1 tren\u00e9ra z\u00a0Movistaru a p\u0159izn\u00e1v\u00e1: U\u017e je toho na m\u011b moc, byl jsem psychicky zlomen\u00fd | \u0160koda We Love Cycling - \u010cesk\u00e1 republika<\/title>\n<meta name=\"description\" content=\"Douf\u00e1 v\u00a0magii dom\u00e1c\u00edho z\u00e1vodu. Ond\u0159ej Cink nepro\u017e\u00edv\u00e1 v\u00a0sedle kola \u0161\u0165astn\u00e9 obdob\u00ed. Od startu sezony jej prov\u00e1z\u00ed zdravotn\u00ed trable. Pot\u00ed\u017ee se v\u0161ak t\u00e1hnout u\u017e del\u0161\u00ed dobu. Ve snaze o zvrat situace nejlep\u0161\u00ed \u010desk\u00fd biker s\u00e1hnul ke zm\u011bn\u011b tren\u00e9ra. \u201eDouf\u00e1m, \u017ee z\u00e1vod v\u00a0Nov\u00e9m M\u011bst\u011b na Morav\u011b mi dod\u00e1 energii a v\u00a0kombinaci s\u00a0nov\u00fdm kou\u010dem m\u011b to nastartuje k\u00a0lep\u0161\u00edmu,\u201c \u0159\u00edk\u00e1 t\u0159iat\u0159icetilet\u00fd \u010desk\u00fd reprezentant p\u0159ed bitvami na Vyso\u010din\u011b b\u011bhem posledn\u00edho kv\u011btnov\u00e9ho v\u00edkendu.\" \/>\n<meta name=\"robots\" content=\"index, follow, max-snippet:-1, max-image-preview:large, max-video-preview:-1\" \/>\n<link rel=\"canonical\" href=\"https:\/\/www.welovecycling.com\/cs\/2024\/05\/24\/ondrej-cink-ma-trenera-z-movistaru-a-priznava-uz-je-toho-na-me-moc-byl-jsem-psychicky-zlomeny\/\" \/>\n<meta property=\"og:locale\" content=\"cs_CZ\" \/>\n<meta property=\"og:type\" content=\"article\" \/>\n<meta property=\"og:title\" content=\"Ond\u0159ej Cink m\u00e1 tren\u00e9ra z\u00a0Movistaru a p\u0159izn\u00e1v\u00e1: U\u017e je toho na m\u011b moc, byl jsem psychicky zlomen\u00fd\" \/>\n<meta property=\"og:description\" content=\"Douf\u00e1 v\u00a0magii dom\u00e1c\u00edho z\u00e1vodu. Ond\u0159ej Cink nepro\u017e\u00edv\u00e1 v\u00a0sedle kola \u0161\u0165astn\u00e9 obdob\u00ed. Od startu sezony jej prov\u00e1z\u00ed zdravotn\u00ed trable. Pot\u00ed\u017ee se v\u0161ak t\u00e1hnout u\u017e del\u0161\u00ed dobu. Ve snaze o zvrat situace nejlep\u0161\u00ed \u010desk\u00fd biker s\u00e1hnul ke zm\u011bn\u011b tren\u00e9ra. \u201eDouf\u00e1m, \u017ee z\u00e1vod v\u00a0Nov\u00e9m M\u011bst\u011b na Morav\u011b mi dod\u00e1 energii a v\u00a0kombinaci s\u00a0nov\u00fdm kou\u010dem m\u011b to nastartuje k\u00a0lep\u0161\u00edmu,\u201c \u0159\u00edk\u00e1 t\u0159iat\u0159icetilet\u00fd \u010desk\u00fd reprezentant p\u0159ed bitvami na Vyso\u010din\u011b b\u011bhem posledn\u00edho kv\u011btnov\u00e9ho v\u00edkendu.\" \/>\n<meta property=\"og:url\" content=\"https:\/\/www.welovecycling.com\/cs\/2024\/05\/24\/ondrej-cink-ma-trenera-z-movistaru-a-priznava-uz-je-toho-na-me-moc-byl-jsem-psychicky-zlomeny\/\" \/>\n<meta property=\"og:site_name\" content=\"\u0160koda We Love Cycling - \u010cesk\u00e1 republika\" \/>\n<meta property=\"article:published_time\" content=\"2024-05-24T07:25:18+00:00\" \/>\n<meta property=\"article:modified_time\" content=\"2024-05-24T08:03:09+00:00\" \/>\n<meta property=\"og:image\" content=\"https:\/\/d2p6e6u75xmxt8.cloudfront.net\/13\/2024\/05\/profimedia-0875774223.webp\" \/>\n\t<meta property=\"og:image:width\" content=\"1800\" \/>\n\t<meta property=\"og:image:height\" content=\"1265\" \/>\n\t<meta property=\"og:image:type\" content=\"image\/webp\" \/>\n<meta name=\"author\" content=\"radekmalina\" \/>\n<meta name=\"twitter:card\" content=\"summary_large_image\" \/>\n<meta name=\"twitter:label1\" content=\"Written by\" \/>\n\t<meta name=\"twitter:data1\" content=\"We Love Cycling\" \/>\n\t<meta name=\"twitter:label2\" content=\"Est. reading time\" \/>\n\t<meta name=\"twitter:data2\" content=\"6\" \/>\n<script type=\"application\/ld+json\" class=\"yoast-schema-graph\">{\"@context\":\"https:\/\/schema.org\",\"@graph\":[{\"@type\":\"WebPage\",\"@id\":\"https:\/\/www.welovecycling.com\/cs\/2024\/05\/24\/ondrej-cink-ma-trenera-z-movistaru-a-priznava-uz-je-toho-na-me-moc-byl-jsem-psychicky-zlomeny\/\",\"url\":\"https:\/\/www.welovecycling.com\/cs\/2024\/05\/24\/ondrej-cink-ma-trenera-z-movistaru-a-priznava-uz-je-toho-na-me-moc-byl-jsem-psychicky-zlomeny\/\",\"name\":\"Ond\u0159ej Cink m\u00e1 tren\u00e9ra z\u00a0Movistaru a p\u0159izn\u00e1v\u00e1: U\u017e je toho na m\u011b moc, byl jsem psychicky zlomen\u00fd | \u0160koda We Love Cycling - \u010cesk\u00e1 republika\",\"isPartOf\":{\"@id\":\"https:\/\/www.welovecycling.com\/cs\/#website\"},\"primaryImageOfPage\":{\"@id\":\"https:\/\/www.welovecycling.com\/cs\/2024\/05\/24\/ondrej-cink-ma-trenera-z-movistaru-a-priznava-uz-je-toho-na-me-moc-byl-jsem-psychicky-zlomeny\/#primaryimage\"},\"image\":{\"@id\":\"https:\/\/www.welovecycling.com\/cs\/2024\/05\/24\/ondrej-cink-ma-trenera-z-movistaru-a-priznava-uz-je-toho-na-me-moc-byl-jsem-psychicky-zlomeny\/#primaryimage\"},\"thumbnailUrl\":\"https:\/\/d2p6e6u75xmxt8.cloudfront.net\/13\/2024\/05\/profimedia-0875774223.webp\",\"datePublished\":\"2024-05-24T07:25:18+00:00\",\"dateModified\":\"2024-05-24T08:03:09+00:00\",\"author\":{\"@id\":\"https:\/\/www.welovecycling.com\/cs\/#\/schema\/person\/d9eeb0a378f3a7e4a6d12d2b536b04b8\"},\"description\":\"Douf\u00e1 v\u00a0magii dom\u00e1c\u00edho z\u00e1vodu. Ond\u0159ej Cink nepro\u017e\u00edv\u00e1 v\u00a0sedle kola \u0161\u0165astn\u00e9 obdob\u00ed. Od startu sezony jej prov\u00e1z\u00ed zdravotn\u00ed trable. Pot\u00ed\u017ee se v\u0161ak t\u00e1hnout u\u017e del\u0161\u00ed dobu. Ve snaze o zvrat situace nejlep\u0161\u00ed \u010desk\u00fd biker s\u00e1hnul ke zm\u011bn\u011b tren\u00e9ra. \u201eDouf\u00e1m, \u017ee z\u00e1vod v\u00a0Nov\u00e9m M\u011bst\u011b na Morav\u011b mi dod\u00e1 energii a v\u00a0kombinaci s\u00a0nov\u00fdm kou\u010dem m\u011b to nastartuje k\u00a0lep\u0161\u00edmu,\u201c \u0159\u00edk\u00e1 t\u0159iat\u0159icetilet\u00fd \u010desk\u00fd reprezentant p\u0159ed bitvami na Vyso\u010din\u011b b\u011bhem posledn\u00edho kv\u011btnov\u00e9ho v\u00edkendu.\",\"inLanguage\":\"cs\",\"potentialAction\":[{\"@type\":\"ReadAction\",\"target\":[\"https:\/\/www.welovecycling.com\/cs\/2024\/05\/24\/ondrej-cink-ma-trenera-z-movistaru-a-priznava-uz-je-toho-na-me-moc-byl-jsem-psychicky-zlomeny\/\"]}]},{\"@type\":\"ImageObject\",\"inLanguage\":\"cs\",\"@id\":\"https:\/\/www.welovecycling.com\/cs\/2024\/05\/24\/ondrej-cink-ma-trenera-z-movistaru-a-priznava-uz-je-toho-na-me-moc-byl-jsem-psychicky-zlomeny\/#primaryimage\",\"url\":\"https:\/\/d2p6e6u75xmxt8.cloudfront.net\/13\/2024\/05\/profimedia-0875774223.webp\",\"contentUrl\":\"https:\/\/d2p6e6u75xmxt8.cloudfront.net\/13\/2024\/05\/profimedia-0875774223.webp\",\"width\":1800,\"height\":1265,\"caption\":\"Ond\u0159ej Cink\"},{\"@type\":\"WebSite\",\"@id\":\"https:\/\/www.welovecycling.com\/cs\/#website\",\"url\":\"https:\/\/www.welovecycling.com\/cs\/\",\"name\":\"\u0160koda We Love Cycling - \u010cesk\u00e1 republika\",\"description\":\"WeLoveCycling.cz je online magaz\u00edn, kter\u00fd v\u00e1m pravideln\u011b p\u0159in\u00e1\u0161\u00ed rady a tipy, zaj\u00edmav\u00e9 \u010dl\u00e1nky, videa a jedine\u010dn\u00e9 report\u00e1\u017ee ze sv\u011bta cyklistiky.\",\"potentialAction\":[{\"@type\":\"SearchAction\",\"target\":{\"@type\":\"EntryPoint\",\"urlTemplate\":\"https:\/\/www.welovecycling.com\/cs\/?s={search_term_string}\"},\"query-input\":{\"@type\":\"PropertyValueSpecification\",\"valueRequired\":true,\"valueName\":\"search_term_string\"}}],\"inLanguage\":\"cs\"},{\"@type\":\"Person\",\"@id\":\"https:\/\/www.welovecycling.com\/cs\/#\/schema\/person\/d9eeb0a378f3a7e4a6d12d2b536b04b8\",\"name\":\"radekmalina\",\"image\":{\"@type\":\"ImageObject\",\"inLanguage\":\"cs\",\"@id\":\"https:\/\/www.welovecycling.com\/cs\/#\/schema\/person\/image\/\",\"url\":\"https:\/\/secure.gravatar.com\/avatar\/66994b632cb8c39a46b9f54afa3ae07201b678d32a54275b6f1c9ffec356bfc0?s=96&d=mm&r=g\",\"contentUrl\":\"https:\/\/secure.gravatar.com\/avatar\/66994b632cb8c39a46b9f54afa3ae07201b678d32a54275b6f1c9ffec356bfc0?s=96&d=mm&r=g\",\"caption\":\"radekmalina\"},\"url\":\"https:\/\/www.welovecycling.com\/cs\/author\/radekmalina\/\"}]}<\/script>\n<!-- \/ Yoast SEO Premium plugin. -->","yoast_head_json":{"title":"Ond\u0159ej Cink m\u00e1 tren\u00e9ra z\u00a0Movistaru a p\u0159izn\u00e1v\u00e1: U\u017e je toho na m\u011b moc, byl jsem psychicky zlomen\u00fd | \u0160koda We Love Cycling - \u010cesk\u00e1 republika","description":"Douf\u00e1 v\u00a0magii dom\u00e1c\u00edho z\u00e1vodu. Ond\u0159ej Cink nepro\u017e\u00edv\u00e1 v\u00a0sedle kola \u0161\u0165astn\u00e9 obdob\u00ed. Od startu sezony jej prov\u00e1z\u00ed zdravotn\u00ed trable. Pot\u00ed\u017ee se v\u0161ak t\u00e1hnout u\u017e del\u0161\u00ed dobu. Ve snaze o zvrat situace nejlep\u0161\u00ed \u010desk\u00fd biker s\u00e1hnul ke zm\u011bn\u011b tren\u00e9ra. \u201eDouf\u00e1m, \u017ee z\u00e1vod v\u00a0Nov\u00e9m M\u011bst\u011b na Morav\u011b mi dod\u00e1 energii a v\u00a0kombinaci s\u00a0nov\u00fdm kou\u010dem m\u011b to nastartuje k\u00a0lep\u0161\u00edmu,\u201c \u0159\u00edk\u00e1 t\u0159iat\u0159icetilet\u00fd \u010desk\u00fd reprezentant p\u0159ed bitvami na Vyso\u010din\u011b b\u011bhem posledn\u00edho kv\u011btnov\u00e9ho v\u00edkendu.","robots":{"index":"index","follow":"follow","max-snippet":"max-snippet:-1","max-image-preview":"max-image-preview:large","max-video-preview":"max-video-preview:-1"},"canonical":"https:\/\/www.welovecycling.com\/cs\/2024\/05\/24\/ondrej-cink-ma-trenera-z-movistaru-a-priznava-uz-je-toho-na-me-moc-byl-jsem-psychicky-zlomeny\/","og_locale":"cs_CZ","og_type":"article","og_title":"Ond\u0159ej Cink m\u00e1 tren\u00e9ra z\u00a0Movistaru a p\u0159izn\u00e1v\u00e1: U\u017e je toho na m\u011b moc, byl jsem psychicky zlomen\u00fd","og_description":"Douf\u00e1 v\u00a0magii dom\u00e1c\u00edho z\u00e1vodu. Ond\u0159ej Cink nepro\u017e\u00edv\u00e1 v\u00a0sedle kola \u0161\u0165astn\u00e9 obdob\u00ed. Od startu sezony jej prov\u00e1z\u00ed zdravotn\u00ed trable. Pot\u00ed\u017ee se v\u0161ak t\u00e1hnout u\u017e del\u0161\u00ed dobu. Ve snaze o zvrat situace nejlep\u0161\u00ed \u010desk\u00fd biker s\u00e1hnul ke zm\u011bn\u011b tren\u00e9ra. \u201eDouf\u00e1m, \u017ee z\u00e1vod v\u00a0Nov\u00e9m M\u011bst\u011b na Morav\u011b mi dod\u00e1 energii a v\u00a0kombinaci s\u00a0nov\u00fdm kou\u010dem m\u011b to nastartuje k\u00a0lep\u0161\u00edmu,\u201c \u0159\u00edk\u00e1 t\u0159iat\u0159icetilet\u00fd \u010desk\u00fd reprezentant p\u0159ed bitvami na Vyso\u010din\u011b b\u011bhem posledn\u00edho kv\u011btnov\u00e9ho v\u00edkendu.","og_url":"https:\/\/www.welovecycling.com\/cs\/2024\/05\/24\/ondrej-cink-ma-trenera-z-movistaru-a-priznava-uz-je-toho-na-me-moc-byl-jsem-psychicky-zlomeny\/","og_site_name":"\u0160koda We Love Cycling - \u010cesk\u00e1 republika","article_published_time":"2024-05-24T07:25:18+00:00","article_modified_time":"2024-05-24T08:03:09+00:00","og_image":[{"width":1800,"height":1265,"url":"https:\/\/d2p6e6u75xmxt8.cloudfront.net\/13\/2024\/05\/profimedia-0875774223.webp","type":"image\/webp"}],"author":"radekmalina","twitter_card":"summary_large_image","twitter_misc":{"Written by":"We Love Cycling","Est. reading time":"6"},"schema":{"@context":"https:\/\/schema.org","@graph":[{"@type":"WebPage","@id":"https:\/\/www.welovecycling.com\/cs\/2024\/05\/24\/ondrej-cink-ma-trenera-z-movistaru-a-priznava-uz-je-toho-na-me-moc-byl-jsem-psychicky-zlomeny\/","url":"https:\/\/www.welovecycling.com\/cs\/2024\/05\/24\/ondrej-cink-ma-trenera-z-movistaru-a-priznava-uz-je-toho-na-me-moc-byl-jsem-psychicky-zlomeny\/","name":"Ond\u0159ej Cink m\u00e1 tren\u00e9ra z\u00a0Movistaru a p\u0159izn\u00e1v\u00e1: U\u017e je toho na m\u011b moc, byl jsem psychicky zlomen\u00fd | \u0160koda We Love Cycling - \u010cesk\u00e1 republika","isPartOf":{"@id":"https:\/\/www.welovecycling.com\/cs\/#website"},"primaryImageOfPage":{"@id":"https:\/\/www.welovecycling.com\/cs\/2024\/05\/24\/ondrej-cink-ma-trenera-z-movistaru-a-priznava-uz-je-toho-na-me-moc-byl-jsem-psychicky-zlomeny\/#primaryimage"},"image":{"@id":"https:\/\/www.welovecycling.com\/cs\/2024\/05\/24\/ondrej-cink-ma-trenera-z-movistaru-a-priznava-uz-je-toho-na-me-moc-byl-jsem-psychicky-zlomeny\/#primaryimage"},"thumbnailUrl":"https:\/\/d2p6e6u75xmxt8.cloudfront.net\/13\/2024\/05\/profimedia-0875774223.webp","datePublished":"2024-05-24T07:25:18+00:00","dateModified":"2024-05-24T08:03:09+00:00","author":{"@id":"https:\/\/www.welovecycling.com\/cs\/#\/schema\/person\/d9eeb0a378f3a7e4a6d12d2b536b04b8"},"description":"Douf\u00e1 v\u00a0magii dom\u00e1c\u00edho z\u00e1vodu. Ond\u0159ej Cink nepro\u017e\u00edv\u00e1 v\u00a0sedle kola \u0161\u0165astn\u00e9 obdob\u00ed. Od startu sezony jej prov\u00e1z\u00ed zdravotn\u00ed trable. Pot\u00ed\u017ee se v\u0161ak t\u00e1hnout u\u017e del\u0161\u00ed dobu. Ve snaze o zvrat situace nejlep\u0161\u00ed \u010desk\u00fd biker s\u00e1hnul ke zm\u011bn\u011b tren\u00e9ra. \u201eDouf\u00e1m, \u017ee z\u00e1vod v\u00a0Nov\u00e9m M\u011bst\u011b na Morav\u011b mi dod\u00e1 energii a v\u00a0kombinaci s\u00a0nov\u00fdm kou\u010dem m\u011b to nastartuje k\u00a0lep\u0161\u00edmu,\u201c \u0159\u00edk\u00e1 t\u0159iat\u0159icetilet\u00fd \u010desk\u00fd reprezentant p\u0159ed bitvami na Vyso\u010din\u011b b\u011bhem posledn\u00edho kv\u011btnov\u00e9ho v\u00edkendu.","inLanguage":"cs","potentialAction":[{"@type":"ReadAction","target":["https:\/\/www.welovecycling.com\/cs\/2024\/05\/24\/ondrej-cink-ma-trenera-z-movistaru-a-priznava-uz-je-toho-na-me-moc-byl-jsem-psychicky-zlomeny\/"]}]},{"@type":"ImageObject","inLanguage":"cs","@id":"https:\/\/www.welovecycling.com\/cs\/2024\/05\/24\/ondrej-cink-ma-trenera-z-movistaru-a-priznava-uz-je-toho-na-me-moc-byl-jsem-psychicky-zlomeny\/#primaryimage","url":"https:\/\/d2p6e6u75xmxt8.cloudfront.net\/13\/2024\/05\/profimedia-0875774223.webp","contentUrl":"https:\/\/d2p6e6u75xmxt8.cloudfront.net\/13\/2024\/05\/profimedia-0875774223.webp","width":1800,"height":1265,"caption":"Ond\u0159ej Cink"},{"@type":"WebSite","@id":"https:\/\/www.welovecycling.com\/cs\/#website","url":"https:\/\/www.welovecycling.com\/cs\/","name":"\u0160koda We Love Cycling - \u010cesk\u00e1 republika","description":"WeLoveCycling.cz je online magaz\u00edn, kter\u00fd v\u00e1m pravideln\u011b p\u0159in\u00e1\u0161\u00ed rady a tipy, zaj\u00edmav\u00e9 \u010dl\u00e1nky, videa a jedine\u010dn\u00e9 report\u00e1\u017ee ze sv\u011bta cyklistiky.","potentialAction":[{"@type":"SearchAction","target":{"@type":"EntryPoint","urlTemplate":"https:\/\/www.welovecycling.com\/cs\/?s={search_term_string}"},"query-input":{"@type":"PropertyValueSpecification","valueRequired":true,"valueName":"search_term_string"}}],"inLanguage":"cs"},{"@type":"Person","@id":"https:\/\/www.welovecycling.com\/cs\/#\/schema\/person\/d9eeb0a378f3a7e4a6d12d2b536b04b8","name":"radekmalina","image":{"@type":"ImageObject","inLanguage":"cs","@id":"https:\/\/www.welovecycling.com\/cs\/#\/schema\/person\/image\/","url":"https:\/\/secure.gravatar.com\/avatar\/66994b632cb8c39a46b9f54afa3ae07201b678d32a54275b6f1c9ffec356bfc0?s=96&d=mm&r=g","contentUrl":"https:\/\/secure.gravatar.com\/avatar\/66994b632cb8c39a46b9f54afa3ae07201b678d32a54275b6f1c9ffec356bfc0?s=96&d=mm&r=g","caption":"radekmalina"},"url":"https:\/\/www.welovecycling.com\/cs\/author\/radekmalina\/"}]}},"_links":{"self":[{"href":"https:\/\/www.welovecycling.com\/cs\/wp-json\/wp\/v2\/posts\/25555","targetHints":{"allow":["GET"]}}],"collection":[{"href":"https:\/\/www.welovecycling.com\/cs\/wp-json\/wp\/v2\/posts"}],"about":[{"href":"https:\/\/www.welovecycling.com\/cs\/wp-json\/wp\/v2\/types\/post"}],"author":[{"embeddable":true,"href":"https:\/\/www.welovecycling.com\/cs\/wp-json\/wp\/v2\/users\/138"}],"replies":[{"embeddable":true,"href":"https:\/\/www.welovecycling.com\/cs\/wp-json\/wp\/v2\/comments?post=25555"}],"version-history":[{"count":4,"href":"https:\/\/www.welovecycling.com\/cs\/wp-json\/wp\/v2\/posts\/25555\/revisions"}],"predecessor-version":[{"id":25559,"href":"https:\/\/www.welovecycling.com\/cs\/wp-json\/wp\/v2\/posts\/25555\/revisions\/25559"}],"wp:featuredmedia":[{"embeddable":true,"href":"https:\/\/www.welovecycling.com\/cs\/wp-json\/wp\/v2\/media\/25554"}],"wp:attachment":[{"href":"https:\/\/www.welovecycling.com\/cs\/wp-json\/wp\/v2\/media?parent=25555"}],"wp:term":[{"taxonomy":"category","embeddable":true,"href":"https:\/\/www.welovecycling.com\/cs\/wp-json\/wp\/v2\/categories?post=25555"},{"taxonomy":"post_tag","embeddable":true,"href":"https:\/\/www.welovecycling.com\/cs\/wp-json\/wp\/v2\/tags?post=25555"},{"taxonomy":"global-categories","embeddable":true,"href":"https:\/\/www.welovecycling.com\/cs\/wp-json\/wp\/v2\/global-categories?post=25555"}],"curies":[{"name":"wp","href":"https:\/\/api.w.org\/{rel}","templated":true}]}}