{"id":25488,"date":"2024-05-17T11:02:17","date_gmt":"2024-05-17T09:02:17","guid":{"rendered":"https:\/\/www.welovecycling.com\/cs\/?p=25488"},"modified":"2024-05-17T11:11:54","modified_gmt":"2024-05-17T09:11:54","slug":"znovuzrozeny-julian-alaphilippe-ze-moc-piju-a-holduji-vecirkum-to-se-me-dotklo","status":"publish","type":"post","link":"https:\/\/www.welovecycling.com\/cs\/2024\/05\/17\/znovuzrozeny-julian-alaphilippe-ze-moc-piju-a-holduji-vecirkum-to-se-me-dotklo\/","title":{"rendered":"Znovuzrozen\u00fd Julian Alaphilippe: \u017de moc piju a holduji ve\u010d\u00edrk\u016fm? To se m\u011b dotklo"},"content":{"rendered":"<p><strong>Spektakul\u00e1rn\u00ed v\u00edt\u011bzstv\u00ed! Ohromuj\u00edc\u00edm zp\u016fsobem Julian Alaphilippe ovl\u00e1dl dvan\u00e1ctou etapu italsk\u00e9ho Gira, hlavn\u011b v\u0161ak utnul v\u0161echny u\u0161t\u011bpa\u010dn\u00e9 pozn\u00e1mky, jestli u\u017e nen\u00ed cyklistou na odpis. Francouzsk\u00fd z\u00e1vodn\u00edk uk\u00e1zal srdce mu\u0161ket\u00fdra, kv\u016fli n\u011bmu\u017e jej fanou\u0161ci miluj\u00ed. Kdo jin\u00fd by se pustil do bl\u00e1zniv\u00e9ho \u00faniku dlouh\u00e9ho 125 kilometr\u016f s\u00a0v\u00edrou, \u017ee zv\u00edt\u011bz\u00ed!?<\/strong><\/p>\n<p>\u201eJe to sen. Ud\u011blal jsem p\u00e1r chyb, ale te\u010f jsem zase na vrcholu. Slav\u00edm v\u00edt\u011bzstv\u00ed na jednom z\u00a0nejv\u011bt\u0161\u00edch z\u00e1vod\u016f planety,\u201c zalykal se Julian Alaphilippe \u0161t\u011bst\u00edm v\u00a0c\u00edli p\u0159ed televizn\u00ed kamerou Eurosportu.<\/p>\n<h2><strong>V\u011bnuj se v\u00edce cyklistice, k\u00e1ral hv\u011bzdu boss t\u00fdmu<\/strong><\/h2>\n<p>Jednat\u0159icetilet\u00fd borec spojil celou kari\u00e9ru s formac\u00ed Soudal Quick Step. V jej\u00edm dresu vybojoval \u00fa\u017easn\u00e1 v\u00edt\u011bzstv\u00ed. Je jedin\u00fdm Francouzem, kter\u00fd vyhr\u00e1l dva tituly mistra sv\u011bta v silni\u010dn\u00edm z\u00e1vod\u011b. Bitv\u011b o duhov\u00fd trikot dominoval v letech 2020 a 2021.<\/p>\n<p>B\u011bhem deseti let ve World Tour t\u0159ikr\u00e1t vyhr\u00e1l Valonsk\u00fd \u0161\u00edp, slavil \u0161est etapov\u00fdch prvenstv\u00ed na Tour de France, kde jel v\u00a0roce 2019 \u010dtrn\u00e1ct dn\u016f ve \u017elut\u00e9m trikotu l\u00eddra a\u017e do 19. etapy. O rok d\u0159\u00edve dominoval na Star\u00e9 d\u00e1m\u011b sout\u011b\u017ei vrcha\u0159\u016f. Ovl\u00e1dl klasiky Strade Bianche \u010di San Sebastian, hlavn\u011b v\u0161ak Monument Mil\u00e1n-San Remo.<\/p>\n<p>\u201eKa\u017edou sezonu jsem z\u00e1vodil jako by m\u011bla b\u00fdt tou posledn\u00ed,\u201c vystihl p\u0159\u00edzna\u010dn\u011b sv\u016fj styl, kv\u016fli n\u011bmu\u017e jej fanou\u0161ci zbo\u017e\u0148uj\u00ed.<\/p>\n<figure id=\"attachment_25486\" aria-describedby=\"caption-attachment-25486\" style=\"width: 1800px\" class=\"wp-caption alignnone\"><a href=\"https:\/\/d2p6e6u75xmxt8.cloudfront.net\/13\/2024\/05\/profimedia-0873582733.webp\"><img loading=\"lazy\" decoding=\"async\" class=\"size-full wp-image-25486\" src=\"https:\/\/d2p6e6u75xmxt8.cloudfront.net\/13\/2024\/05\/profimedia-0873582733.webp\" alt=\"Julian Alaphilippe\" width=\"1800\" height=\"1200\" srcset=\"https:\/\/d2p6e6u75xmxt8.cloudfront.net\/13\/2024\/05\/profimedia-0873582733.webp 1800w, https:\/\/d2p6e6u75xmxt8.cloudfront.net\/13\/2024\/05\/profimedia-0873582733-300x200.webp 300w, https:\/\/d2p6e6u75xmxt8.cloudfront.net\/13\/2024\/05\/profimedia-0873582733-1024x683.webp 1024w, https:\/\/d2p6e6u75xmxt8.cloudfront.net\/13\/2024\/05\/profimedia-0873582733-768x512.webp 768w, https:\/\/d2p6e6u75xmxt8.cloudfront.net\/13\/2024\/05\/profimedia-0873582733-1536x1024.webp 1536w, https:\/\/d2p6e6u75xmxt8.cloudfront.net\/13\/2024\/05\/profimedia-0873582733-400x267.webp 400w, https:\/\/d2p6e6u75xmxt8.cloudfront.net\/13\/2024\/05\/profimedia-0873582733-272x182.webp 272w\" sizes=\"auto, (max-width: 1800px) 100vw, 1800px\" \/><\/a><figcaption id=\"caption-attachment-25486\" class=\"wp-caption-text\"><em>Julian Alaphilippe se obj\u00edm\u00e1 s par\u0165\u00e1kem z \u00faniku. Mirco Maestri zna\u010dnou m\u011brou p\u0159isp\u011bl k triumfu francouzsk\u00e9ho \u0161ampiona. Foto: profimedia<\/em><\/figcaption><\/figure>\n<p>Jen\u017ee po titulu v sezon\u011b 2021 se Alaphilippe zadrhl. Ve World Tour si do startu Gira p\u0159ipsal pouze dv\u011b v\u00edt\u011bzstv\u00ed. D\u016fvodem byla hlavn\u011b zran\u011bn\u00ed. Na klasice Lutych-Bastogne-Lutych 2022 ve vysok\u00e9 rychlosti narazil do stromu, utrp\u011bl zlomeninu dvou \u017eeber, lopatky a m\u011bl prora\u017eenou pl\u00edci, tak\u017ee na dva m\u011bs\u00edce vypadl ze hry. Ve skute\u010dnosti v\u0161ak pot\u0159eboval mnohem v\u00edce \u010dasu na \u00fapln\u00e9 zotaven\u00ed. Letos si v \u00favodu sezony zase zlomil \u010d\u00e9\u0161ku\u2026<\/p>\n<div class=\"shortcode-ys-post-pinup\"><article class=\"loop-simple post-25388 post type-post status-publish format-standard has-post-thumbnail hentry category-silnicni-cyklistika tag-cyklistika tag-double tag-giro-ditalia tag-grand-tour tag-marco-pantani tag-silnicni-cyklistika tag-tadej-pogacar tag-tour-de-france tag-trenink global-categories-cycling\" data-postid=\"25388\" role=\"article\" data-post-id=\"25388\" data-word-count=\"497\" data-headline-length=\"76\" data-category=\"Silni\u010dn\u00ed cyklistika\" data-global-category=\"Cycling\" data-author=\"We Love Cycling\" data-published=\"2024-05-02T06:00:37+02:00\" data-published-day=\"Thursday\">\n    <div class=\"entry-thumbnail article-thumbnail\" content=\"https:\/\/d2p6e6u75xmxt8.cloudfront.net\/13\/2024\/05\/profimedia-0621996729-150x150.webp\"><a href=\"https:\/\/www.welovecycling.com\/cs\/2024\/05\/02\/tadej-pogacar-a-jeho-flirt-s-cyklistickou-historii-mission-impossible\/\" class=\"image-holder\" target=\"_self\"><img decoding=\"async\" loading=\"lazy\" class=\"\" src=\"https:\/\/d2p6e6u75xmxt8.cloudfront.net\/13\/2024\/05\/profimedia-0621996729-1024x679.webp\" srcset=\"https:\/\/d2p6e6u75xmxt8.cloudfront.net\/13\/2024\/05\/profimedia-0621996729.webp 1664w, https:\/\/d2p6e6u75xmxt8.cloudfront.net\/13\/2024\/05\/profimedia-0621996729-300x199.webp 300w, https:\/\/d2p6e6u75xmxt8.cloudfront.net\/13\/2024\/05\/profimedia-0621996729-1024x679.webp 1024w, https:\/\/d2p6e6u75xmxt8.cloudfront.net\/13\/2024\/05\/profimedia-0621996729-768x510.webp 768w, https:\/\/d2p6e6u75xmxt8.cloudfront.net\/13\/2024\/05\/profimedia-0621996729-1536x1019.webp 1536w, https:\/\/d2p6e6u75xmxt8.cloudfront.net\/13\/2024\/05\/profimedia-0621996729-400x265.webp 400w\" width=\"1024\" height=\"679\" sizes=\"auto, (min-width: 1200px) 302px, (min-width: 768px) 25vw, 100vw\" alt=\"tadej-pogacar-a-jeho-flirt-s-cyklistickou-historii-mission-impossible\"\/><\/a><\/div>    <div class=\"entry-meta\">\n        <a class=\"label label-secondary post-category\" href=\"https:\/\/www.welovecycling.com\/cs\/category\/silnicni-cyklistika\/\" title=\"Silni\u010dn\u00ed cyklistika\">Silni\u010dn\u00ed cyklistika<\/a>\n    <\/div>\n    <div class=\"entry-details\">\n        <a href=\"https:\/\/www.welovecycling.com\/cs\/2024\/05\/02\/tadej-pogacar-a-jeho-flirt-s-cyklistickou-historii-mission-impossible\/\" class='entry-title-wrapper'>\n            <h3 class=\"entry-title\"><span>Tadej Poga\u010dar a jeho flirt s\u00a0cyklistickou histori\u00ed! Mission (im)possible?<\/span><\/h3>\n        <\/a>\n    <\/div>\n    <\/article>\n<\/div>\n<p>A korunu v\u0161emu nasadil boss belgick\u00e9ho t\u00fdmu Patrick Lefevere, kter\u00fd v \u00fanoru v rozhovoru pro \u010dasopis Humo prohl\u00e1sil, \u017ee Julian Alaphilippe p\u0159\u00edli\u0161 moc pije, tr\u00e1v\u00ed zbyte\u010dn\u011b moc \u010dasu na ve\u010d\u00edrc\u00edch a m\u00e1lo se v\u011bnuje cyklistice. Nav\u00edc neopomenul zm\u00ednit \u00fadajn\u00fd negativn\u00ed vliv jeho partnerky Marion Rousse.<\/p>\n<p>\u201eOpravdu se m\u011b to dotklo. D\u00e1v\u00e1m cyklistice v\u0161echno. Tohle nebylo f\u00e9r,\u201c pronesl Julian Alaphilippe na tiskov\u00e9 konferenci po dvan\u00e1ct\u00e9 etap\u011b italsk\u00e9ho Gira.<\/p>\n<h2><strong>Nikam nejezdi, \u017e\u00e1dal sportovn\u00ed \u0159editel<\/strong><\/h2>\n<p>Byl pochopiteln\u011b v euforii. V\u017edy\u0165 b\u011bhem \u00favodn\u00ed Grand Tour sezony nasko\u010dil do \u010dty\u0159 \u00fanik\u016f. B\u011bhem \u0161est\u00e9ho d\u011bjstv\u00ed byl t\u011bsn\u011b druh\u00fd. Pak ve dvan\u00e1ct\u00e9m p\u0159edvedl fascinuj\u00edc\u00ed show\u2026<\/p>\n<p>Do c\u00edle zb\u00fdvalo sto dvacet p\u011bt kilometr\u016f. A Julian Alaphilippe nespokojen\u00fd s\u00a0d\u011bn\u00edm ve skupin\u011b uprchl\u00edk\u016f \u010d\u00edtaj\u00edc\u00ed t\u00e9m\u011b\u0159 t\u0159icet cyklist\u016f vyrazil vp\u0159ed. Doprov\u00e1zel jej je\u0161t\u011b dom\u00e1c\u00ed Mirco Maestri, z\u00e1vodn\u00edk t\u00fdmu Polti Kometa.<\/p>\n<p>\u201eSportovn\u00ed \u0159editel Davide Bramati cht\u011bl, abych zastavil a nepl\u00fdtval silami. Ale j\u00e1 tou\u017eil jet d\u00e1l. M\u011bl jsem skv\u011bl\u00e9 nohy, c\u00edtil jsem se v\u00fdborn\u011b,\u201c vykl\u00e1dal \u0161\u0165astn\u00fd Julian Alaphilippe.<\/p>\n<figure id=\"attachment_9991\" aria-describedby=\"caption-attachment-9991\" style=\"width: 1080px\" class=\"wp-caption alignnone\"><a href=\"https:\/\/d2p6e6u75xmxt8.cloudfront.net\/13\/2020\/09\/marion-rousse-alaphilippe.webp\"><img loading=\"lazy\" decoding=\"async\" class=\"size-full wp-image-9991\" src=\"https:\/\/d2p6e6u75xmxt8.cloudfront.net\/13\/2020\/09\/marion-rousse-alaphilippe.webp\" alt=\"Julian Alaphilippe s p\u0159\u00edtelkyn\u00ed a televizn\u00ed koment\u00e1torkou Marion Foto: instagram\" width=\"1080\" height=\"1350\" srcset=\"https:\/\/d2p6e6u75xmxt8.cloudfront.net\/13\/2020\/09\/marion-rousse-alaphilippe.webp 1080w, https:\/\/d2p6e6u75xmxt8.cloudfront.net\/13\/2020\/09\/marion-rousse-alaphilippe-240x300.webp 240w, https:\/\/d2p6e6u75xmxt8.cloudfront.net\/13\/2020\/09\/marion-rousse-alaphilippe-819x1024.webp 819w, https:\/\/d2p6e6u75xmxt8.cloudfront.net\/13\/2020\/09\/marion-rousse-alaphilippe-768x960.webp 768w\" sizes=\"auto, (max-width: 1080px) 100vw, 1080px\" \/><\/a><figcaption id=\"caption-attachment-9991\" class=\"wp-caption-text\"><em>Julian Alaphilippe s Marion Rousse po zisku titulu mistra sv\u011bta. Partnerka z\u00e1vodn\u00edka se stala jedn\u00edm z bod\u016f sporu s bossem t\u00fdmu Soudal Quick Step. Foto: instagram<\/em><\/figcaption><\/figure>\n<p>N\u00e1skok dvojice na \u010dele kol\u00edsal mezi \u010dty\u0159iceti vte\u0159inami a dv\u011bma minutami. Jak se bl\u00ed\u017eil konec, odstup od pron\u00e1sledovatel\u016f klesal. \u201eMaestri zaslou\u017e\u00ed poklonu, proto\u017ee jel celou dobu naplno. Byla to \u00fa\u017easn\u00e1 spolupr\u00e1ce,\u201c p\u0159ipom\u00ednal francouzsk\u00fd z\u00e1vodn\u00edk nemalou z\u00e1sluhu italsk\u00e9ho kolegy.<\/p>\n<p>Deset kilometr\u016f p\u0159ed c\u00edlem st\u00e1la v\u00a0cest\u011b d\u011bsiv\u00e1 stojka. Dv\u011b kr\u00e1tk\u00e9 rampy na Monte Giove m\u011bly m\u00edsty sklon dvacet procent. Maestri odpadl, ale Alaphilippe se d\u00e1l hnal za v\u00edt\u011bzstv\u00edm. U\u017e zcela osamocen. \u201eByla to \u010dist\u00e1 cyklistika. Musel jsem tla\u010dit do ped\u00e1l\u016f ze v\u0161ech sil a\u017e do posledn\u00ed p\u011btistovky, proto\u017ee jsem v\u011bd\u011bl, \u017ee m\u011b pron\u00e1sleduje Narv\u00e1ez,\u201c \u0159\u00edkal Julian Alaphilippe, \u017ee v\u011bd\u011bl o \u201eekv\u00e1dorsk\u00e9\u201c hrozb\u011b v\u00a0barv\u00e1ch Ineos Grenadiers.<\/p>\n<h2><strong>Zkompletoval v\u00fdhry z Grand Tour<\/strong><\/h2>\n<p>Nemo\u017en\u00e9 v\u00edt\u011bzstv\u00ed se stalo skute\u010dnost\u00ed. P\u011bst za\u0165at\u00e1 k\u00a0nebes\u016fm jako symbol znovuzrozen\u00ed. \u201eAle j\u00e1 nikdy nebyl mrtv\u00fd. Ud\u011blal jsem p\u00e1r chyb. Jednou je \u010dlov\u011bk naho\u0159e, jindy dole. Tohle m\u016f\u017ee b\u00fdt nov\u00fd za\u010d\u00e1tek,\u201c usm\u00edval se bla\u017een\u011b.<\/p>\n<p>\u201eNeskute\u010dn\u00fd v\u00fdkon,\u201c poklonil se Geert van Bondt, sportovn\u00ed \u0159editel formace Soudal Quick Step. \u201ePosledn\u00ed dva roky pro Juliana byly komplikovan\u00e9. Ale po\u0159\u00e1d si v\u011b\u0159il. A uk\u00e1zal svoji velikost.\u201c<\/p>\n<div class=\"shortcode-ys-post-pinup\"><article class=\"loop-simple post-25434 post type-post status-publish format-standard has-post-thumbnail hentry category-silnicni-cyklistika tag-cyklistika tag-giro-2024 tag-giro-ditalia tag-jan-hirt tag-nova-smlouva tag-oropa tag-silnicni-cyklistika tag-soudal-quick-step tag-tim-merlier global-categories-cycling\" data-postid=\"25434\" role=\"article\" data-post-id=\"25434\" data-word-count=\"386\" data-headline-length=\"70\" data-category=\"Silni\u010dn\u00ed cyklistika\" data-global-category=\"Cycling\" data-author=\"We Love Cycling\" data-published=\"2024-05-09T04:30:07+02:00\" data-published-day=\"Thursday\">\n    <div class=\"entry-thumbnail article-thumbnail\" content=\"https:\/\/d2p6e6u75xmxt8.cloudfront.net\/13\/2024\/05\/profimedia-0870469236-150x150.webp\"><a href=\"https:\/\/www.welovecycling.com\/cs\/2024\/05\/09\/proc-jan-hirt-a-jeho-vlci-smecka-nevi-jak-vlastne-giro-pojmout\/\" class=\"image-holder\" target=\"_self\"><img decoding=\"async\" loading=\"lazy\" class=\"\" src=\"https:\/\/d2p6e6u75xmxt8.cloudfront.net\/13\/2024\/05\/profimedia-0870469236-1024x575.webp\" srcset=\"https:\/\/d2p6e6u75xmxt8.cloudfront.net\/13\/2024\/05\/profimedia-0870469236.webp 1800w, https:\/\/d2p6e6u75xmxt8.cloudfront.net\/13\/2024\/05\/profimedia-0870469236-300x169.webp 300w, https:\/\/d2p6e6u75xmxt8.cloudfront.net\/13\/2024\/05\/profimedia-0870469236-1024x575.webp 1024w, https:\/\/d2p6e6u75xmxt8.cloudfront.net\/13\/2024\/05\/profimedia-0870469236-768x431.webp 768w, https:\/\/d2p6e6u75xmxt8.cloudfront.net\/13\/2024\/05\/profimedia-0870469236-1536x863.webp 1536w, https:\/\/d2p6e6u75xmxt8.cloudfront.net\/13\/2024\/05\/profimedia-0870469236-400x225.webp 400w\" width=\"1024\" height=\"575\" sizes=\"auto, (min-width: 1200px) 356px, (min-width: 768px) 30vw, 100vw\" alt=\"proc-jan-hirt-a-jeho-vlci-smecka-nevi-jak-vlastne-giro-pojmout\"\/><\/a><\/div>    <div class=\"entry-meta\">\n        <a class=\"label label-secondary post-category\" href=\"https:\/\/www.welovecycling.com\/cs\/category\/silnicni-cyklistika\/\" title=\"Silni\u010dn\u00ed cyklistika\">Silni\u010dn\u00ed cyklistika<\/a>\n    <\/div>\n    <div class=\"entry-details\">\n        <a href=\"https:\/\/www.welovecycling.com\/cs\/2024\/05\/09\/proc-jan-hirt-a-jeho-vlci-smecka-nevi-jak-vlastne-giro-pojmout\/\" class='entry-title-wrapper'>\n            <h3 class=\"entry-title\"><span>Pro\u010d Jan Hirt a jeho Vl\u010d\u00ed sme\u010dka nev\u00ed, jak vlastn\u011b Giro pojmout?<\/span><\/h3>\n        <\/a>\n    <\/div>\n    <\/article>\n<\/div>\n<p>Julian Alaphilippe vstoupil triumfem ve dvan\u00e1ct\u00e9m d\u011bjstv\u00ed<a href=\"https:\/\/www.welovecycling.com\/cs\/2024\/05\/11\/sedm-dnu-a-konec-nebo-jeste-neni-giro-rozhodnute\/\"> italsk\u00e9ho Gira<\/a> do klubu v\u00fdjime\u010dn\u00fdch. Jako sto osm\u00fd mu\u017e historie m\u00e1 na kont\u011b etapov\u00e1 v\u00edt\u011bzstv\u00ed ze v\u0161ech Grand Tour. \u201eSkv\u011bl\u00fd pocit,\u201c neskr\u00fdval mu\u0161ket\u00fdr Loulou, jak zn\u00ed p\u0159ezd\u00edvka francouzsk\u00e9 hv\u011bzdy.<\/p>\n","protected":false},"excerpt":{"rendered":"<p>Spektakul\u00e1rn\u00ed v\u00edt\u011bzstv\u00ed! Ohromuj\u00edc\u00edm zp\u016fsobem Julian Alaphilippe ovl\u00e1dl dvan\u00e1ctou etapu italsk\u00e9ho Gira, hlavn\u011b v\u0161ak utnul v\u0161echny u\u0161t\u011bpa\u010dn\u00e9 pozn\u00e1mky, jestli u\u017e nen\u00ed [&hellip;]<\/p>\n","protected":false},"author":138,"featured_media":25485,"comment_status":"open","ping_status":"open","sticky":false,"template":"","format":"standard","meta":{"footnotes":""},"categories":[10],"tags":[126,3457,3559,91,1955,1517,9,23],"global-categories":[411],"class_list":["post-25488","post","type-post","status-publish","format-standard","has-post-thumbnail","hentry","category-silnicni-cyklistika","tag-cyklistika","tag-giro-2024","tag-giro-ditalia-2024","tag-julian-alaphilippe","tag-mistr-sveta","tag-patrick-lefevere","tag-silnicni-cyklistika","tag-tour-de-france","global-categories-cycling"],"yoast_head":"<!-- This site is optimized with the Yoast SEO Premium plugin v25.3 (Yoast SEO v25.9) - https:\/\/yoast.com\/wordpress\/plugins\/seo\/ -->\n<title>Znovuzrozen\u00fd Julian Alaphilippe: \u017de moc piju a holduji ve\u010d\u00edrk\u016fm? To se m\u011b dotklo | \u0160koda We Love Cycling - \u010cesk\u00e1 republika<\/title>\n<meta name=\"description\" content=\"Spektakul\u00e1rn\u00ed v\u00edt\u011bzstv\u00ed! Ohromuj\u00edc\u00edm zp\u016fsobem Julian Alaphilippe ovl\u00e1dl dvan\u00e1ctou etapu italsk\u00e9ho Gira, hlavn\u011b v\u0161ak utnul v\u0161echny u\u0161t\u011bpa\u010dn\u00e9 pozn\u00e1mky, jestli u\u017e nen\u00ed cyklistou na odpis. Francouzsk\u00fd z\u00e1vodn\u00edk uk\u00e1zal srdce mu\u0161ket\u00fdra, kv\u016fli n\u011bmu\u017e jej fanou\u0161ci miluj\u00ed. Kdo jin\u00fd by se pustil do bl\u00e1zniv\u00e9ho \u00faniku dlouh\u00e9ho 125 kilometr\u016f s\u00a0v\u00edrou, \u017ee zv\u00edt\u011bz\u00ed!?\" \/>\n<meta name=\"robots\" content=\"index, follow, max-snippet:-1, max-image-preview:large, max-video-preview:-1\" \/>\n<link rel=\"canonical\" href=\"https:\/\/www.welovecycling.com\/cs\/2024\/05\/17\/znovuzrozeny-julian-alaphilippe-ze-moc-piju-a-holduji-vecirkum-to-se-me-dotklo\/\" \/>\n<meta property=\"og:locale\" content=\"cs_CZ\" \/>\n<meta property=\"og:type\" content=\"article\" \/>\n<meta property=\"og:title\" content=\"Znovuzrozen\u00fd Julian Alaphilippe: \u017de moc piju a holduji ve\u010d\u00edrk\u016fm? To se m\u011b dotklo\" \/>\n<meta property=\"og:description\" content=\"Spektakul\u00e1rn\u00ed v\u00edt\u011bzstv\u00ed! Ohromuj\u00edc\u00edm zp\u016fsobem Julian Alaphilippe ovl\u00e1dl dvan\u00e1ctou etapu italsk\u00e9ho Gira, hlavn\u011b v\u0161ak utnul v\u0161echny u\u0161t\u011bpa\u010dn\u00e9 pozn\u00e1mky, jestli u\u017e nen\u00ed cyklistou na odpis. Francouzsk\u00fd z\u00e1vodn\u00edk uk\u00e1zal srdce mu\u0161ket\u00fdra, kv\u016fli n\u011bmu\u017e jej fanou\u0161ci miluj\u00ed. Kdo jin\u00fd by se pustil do bl\u00e1zniv\u00e9ho \u00faniku dlouh\u00e9ho 125 kilometr\u016f s\u00a0v\u00edrou, \u017ee zv\u00edt\u011bz\u00ed!?\" \/>\n<meta property=\"og:url\" content=\"https:\/\/www.welovecycling.com\/cs\/2024\/05\/17\/znovuzrozeny-julian-alaphilippe-ze-moc-piju-a-holduji-vecirkum-to-se-me-dotklo\/\" \/>\n<meta property=\"og:site_name\" content=\"\u0160koda We Love Cycling - \u010cesk\u00e1 republika\" \/>\n<meta property=\"article:published_time\" content=\"2024-05-17T09:02:17+00:00\" \/>\n<meta property=\"article:modified_time\" content=\"2024-05-17T09:11:54+00:00\" \/>\n<meta property=\"og:image\" content=\"https:\/\/d2p6e6u75xmxt8.cloudfront.net\/13\/2024\/05\/profimedia-0873571803.webp\" \/>\n\t<meta property=\"og:image:width\" content=\"1800\" \/>\n\t<meta property=\"og:image:height\" content=\"1200\" \/>\n\t<meta property=\"og:image:type\" content=\"image\/webp\" \/>\n<meta name=\"author\" content=\"radekmalina\" \/>\n<meta name=\"twitter:card\" content=\"summary_large_image\" \/>\n<meta name=\"twitter:label1\" content=\"Written by\" \/>\n\t<meta name=\"twitter:data1\" content=\"We Love Cycling\" \/>\n\t<meta name=\"twitter:label2\" content=\"Est. reading time\" \/>\n\t<meta name=\"twitter:data2\" content=\"5\" \/>\n<script type=\"application\/ld+json\" class=\"yoast-schema-graph\">{\"@context\":\"https:\/\/schema.org\",\"@graph\":[{\"@type\":\"WebPage\",\"@id\":\"https:\/\/www.welovecycling.com\/cs\/2024\/05\/17\/znovuzrozeny-julian-alaphilippe-ze-moc-piju-a-holduji-vecirkum-to-se-me-dotklo\/\",\"url\":\"https:\/\/www.welovecycling.com\/cs\/2024\/05\/17\/znovuzrozeny-julian-alaphilippe-ze-moc-piju-a-holduji-vecirkum-to-se-me-dotklo\/\",\"name\":\"Znovuzrozen\u00fd Julian Alaphilippe: \u017de moc piju a holduji ve\u010d\u00edrk\u016fm? To se m\u011b dotklo | \u0160koda We Love Cycling - \u010cesk\u00e1 republika\",\"isPartOf\":{\"@id\":\"https:\/\/www.welovecycling.com\/cs\/#website\"},\"primaryImageOfPage\":{\"@id\":\"https:\/\/www.welovecycling.com\/cs\/2024\/05\/17\/znovuzrozeny-julian-alaphilippe-ze-moc-piju-a-holduji-vecirkum-to-se-me-dotklo\/#primaryimage\"},\"image\":{\"@id\":\"https:\/\/www.welovecycling.com\/cs\/2024\/05\/17\/znovuzrozeny-julian-alaphilippe-ze-moc-piju-a-holduji-vecirkum-to-se-me-dotklo\/#primaryimage\"},\"thumbnailUrl\":\"https:\/\/d2p6e6u75xmxt8.cloudfront.net\/13\/2024\/05\/profimedia-0873571803.webp\",\"datePublished\":\"2024-05-17T09:02:17+00:00\",\"dateModified\":\"2024-05-17T09:11:54+00:00\",\"author\":{\"@id\":\"https:\/\/www.welovecycling.com\/cs\/#\/schema\/person\/d9eeb0a378f3a7e4a6d12d2b536b04b8\"},\"description\":\"Spektakul\u00e1rn\u00ed v\u00edt\u011bzstv\u00ed! Ohromuj\u00edc\u00edm zp\u016fsobem Julian Alaphilippe ovl\u00e1dl dvan\u00e1ctou etapu italsk\u00e9ho Gira, hlavn\u011b v\u0161ak utnul v\u0161echny u\u0161t\u011bpa\u010dn\u00e9 pozn\u00e1mky, jestli u\u017e nen\u00ed cyklistou na odpis. Francouzsk\u00fd z\u00e1vodn\u00edk uk\u00e1zal srdce mu\u0161ket\u00fdra, kv\u016fli n\u011bmu\u017e jej fanou\u0161ci miluj\u00ed. Kdo jin\u00fd by se pustil do bl\u00e1zniv\u00e9ho \u00faniku dlouh\u00e9ho 125 kilometr\u016f s\u00a0v\u00edrou, \u017ee zv\u00edt\u011bz\u00ed!?\",\"inLanguage\":\"cs\",\"potentialAction\":[{\"@type\":\"ReadAction\",\"target\":[\"https:\/\/www.welovecycling.com\/cs\/2024\/05\/17\/znovuzrozeny-julian-alaphilippe-ze-moc-piju-a-holduji-vecirkum-to-se-me-dotklo\/\"]}]},{\"@type\":\"ImageObject\",\"inLanguage\":\"cs\",\"@id\":\"https:\/\/www.welovecycling.com\/cs\/2024\/05\/17\/znovuzrozeny-julian-alaphilippe-ze-moc-piju-a-holduji-vecirkum-to-se-me-dotklo\/#primaryimage\",\"url\":\"https:\/\/d2p6e6u75xmxt8.cloudfront.net\/13\/2024\/05\/profimedia-0873571803.webp\",\"contentUrl\":\"https:\/\/d2p6e6u75xmxt8.cloudfront.net\/13\/2024\/05\/profimedia-0873571803.webp\",\"width\":1800,\"height\":1200,\"caption\":\"Julian Alaphilippe\"},{\"@type\":\"WebSite\",\"@id\":\"https:\/\/www.welovecycling.com\/cs\/#website\",\"url\":\"https:\/\/www.welovecycling.com\/cs\/\",\"name\":\"\u0160koda We Love Cycling - \u010cesk\u00e1 republika\",\"description\":\"WeLoveCycling.cz je online magaz\u00edn, kter\u00fd v\u00e1m pravideln\u011b p\u0159in\u00e1\u0161\u00ed rady a tipy, zaj\u00edmav\u00e9 \u010dl\u00e1nky, videa a jedine\u010dn\u00e9 report\u00e1\u017ee ze sv\u011bta cyklistiky.\",\"potentialAction\":[{\"@type\":\"SearchAction\",\"target\":{\"@type\":\"EntryPoint\",\"urlTemplate\":\"https:\/\/www.welovecycling.com\/cs\/?s={search_term_string}\"},\"query-input\":{\"@type\":\"PropertyValueSpecification\",\"valueRequired\":true,\"valueName\":\"search_term_string\"}}],\"inLanguage\":\"cs\"},{\"@type\":\"Person\",\"@id\":\"https:\/\/www.welovecycling.com\/cs\/#\/schema\/person\/d9eeb0a378f3a7e4a6d12d2b536b04b8\",\"name\":\"radekmalina\",\"image\":{\"@type\":\"ImageObject\",\"inLanguage\":\"cs\",\"@id\":\"https:\/\/www.welovecycling.com\/cs\/#\/schema\/person\/image\/\",\"url\":\"https:\/\/secure.gravatar.com\/avatar\/66994b632cb8c39a46b9f54afa3ae07201b678d32a54275b6f1c9ffec356bfc0?s=96&d=mm&r=g\",\"contentUrl\":\"https:\/\/secure.gravatar.com\/avatar\/66994b632cb8c39a46b9f54afa3ae07201b678d32a54275b6f1c9ffec356bfc0?s=96&d=mm&r=g\",\"caption\":\"radekmalina\"},\"url\":\"https:\/\/www.welovecycling.com\/cs\/author\/radekmalina\/\"}]}<\/script>\n<!-- \/ Yoast SEO Premium plugin. -->","yoast_head_json":{"title":"Znovuzrozen\u00fd Julian Alaphilippe: \u017de moc piju a holduji ve\u010d\u00edrk\u016fm? To se m\u011b dotklo | \u0160koda We Love Cycling - \u010cesk\u00e1 republika","description":"Spektakul\u00e1rn\u00ed v\u00edt\u011bzstv\u00ed! Ohromuj\u00edc\u00edm zp\u016fsobem Julian Alaphilippe ovl\u00e1dl dvan\u00e1ctou etapu italsk\u00e9ho Gira, hlavn\u011b v\u0161ak utnul v\u0161echny u\u0161t\u011bpa\u010dn\u00e9 pozn\u00e1mky, jestli u\u017e nen\u00ed cyklistou na odpis. Francouzsk\u00fd z\u00e1vodn\u00edk uk\u00e1zal srdce mu\u0161ket\u00fdra, kv\u016fli n\u011bmu\u017e jej fanou\u0161ci miluj\u00ed. Kdo jin\u00fd by se pustil do bl\u00e1zniv\u00e9ho \u00faniku dlouh\u00e9ho 125 kilometr\u016f s\u00a0v\u00edrou, \u017ee zv\u00edt\u011bz\u00ed!?","robots":{"index":"index","follow":"follow","max-snippet":"max-snippet:-1","max-image-preview":"max-image-preview:large","max-video-preview":"max-video-preview:-1"},"canonical":"https:\/\/www.welovecycling.com\/cs\/2024\/05\/17\/znovuzrozeny-julian-alaphilippe-ze-moc-piju-a-holduji-vecirkum-to-se-me-dotklo\/","og_locale":"cs_CZ","og_type":"article","og_title":"Znovuzrozen\u00fd Julian Alaphilippe: \u017de moc piju a holduji ve\u010d\u00edrk\u016fm? To se m\u011b dotklo","og_description":"Spektakul\u00e1rn\u00ed v\u00edt\u011bzstv\u00ed! Ohromuj\u00edc\u00edm zp\u016fsobem Julian Alaphilippe ovl\u00e1dl dvan\u00e1ctou etapu italsk\u00e9ho Gira, hlavn\u011b v\u0161ak utnul v\u0161echny u\u0161t\u011bpa\u010dn\u00e9 pozn\u00e1mky, jestli u\u017e nen\u00ed cyklistou na odpis. Francouzsk\u00fd z\u00e1vodn\u00edk uk\u00e1zal srdce mu\u0161ket\u00fdra, kv\u016fli n\u011bmu\u017e jej fanou\u0161ci miluj\u00ed. Kdo jin\u00fd by se pustil do bl\u00e1zniv\u00e9ho \u00faniku dlouh\u00e9ho 125 kilometr\u016f s\u00a0v\u00edrou, \u017ee zv\u00edt\u011bz\u00ed!?","og_url":"https:\/\/www.welovecycling.com\/cs\/2024\/05\/17\/znovuzrozeny-julian-alaphilippe-ze-moc-piju-a-holduji-vecirkum-to-se-me-dotklo\/","og_site_name":"\u0160koda We Love Cycling - \u010cesk\u00e1 republika","article_published_time":"2024-05-17T09:02:17+00:00","article_modified_time":"2024-05-17T09:11:54+00:00","og_image":[{"width":1800,"height":1200,"url":"https:\/\/d2p6e6u75xmxt8.cloudfront.net\/13\/2024\/05\/profimedia-0873571803.webp","type":"image\/webp"}],"author":"radekmalina","twitter_card":"summary_large_image","twitter_misc":{"Written by":"We Love Cycling","Est. reading time":"5"},"schema":{"@context":"https:\/\/schema.org","@graph":[{"@type":"WebPage","@id":"https:\/\/www.welovecycling.com\/cs\/2024\/05\/17\/znovuzrozeny-julian-alaphilippe-ze-moc-piju-a-holduji-vecirkum-to-se-me-dotklo\/","url":"https:\/\/www.welovecycling.com\/cs\/2024\/05\/17\/znovuzrozeny-julian-alaphilippe-ze-moc-piju-a-holduji-vecirkum-to-se-me-dotklo\/","name":"Znovuzrozen\u00fd Julian Alaphilippe: \u017de moc piju a holduji ve\u010d\u00edrk\u016fm? To se m\u011b dotklo | \u0160koda We Love Cycling - \u010cesk\u00e1 republika","isPartOf":{"@id":"https:\/\/www.welovecycling.com\/cs\/#website"},"primaryImageOfPage":{"@id":"https:\/\/www.welovecycling.com\/cs\/2024\/05\/17\/znovuzrozeny-julian-alaphilippe-ze-moc-piju-a-holduji-vecirkum-to-se-me-dotklo\/#primaryimage"},"image":{"@id":"https:\/\/www.welovecycling.com\/cs\/2024\/05\/17\/znovuzrozeny-julian-alaphilippe-ze-moc-piju-a-holduji-vecirkum-to-se-me-dotklo\/#primaryimage"},"thumbnailUrl":"https:\/\/d2p6e6u75xmxt8.cloudfront.net\/13\/2024\/05\/profimedia-0873571803.webp","datePublished":"2024-05-17T09:02:17+00:00","dateModified":"2024-05-17T09:11:54+00:00","author":{"@id":"https:\/\/www.welovecycling.com\/cs\/#\/schema\/person\/d9eeb0a378f3a7e4a6d12d2b536b04b8"},"description":"Spektakul\u00e1rn\u00ed v\u00edt\u011bzstv\u00ed! Ohromuj\u00edc\u00edm zp\u016fsobem Julian Alaphilippe ovl\u00e1dl dvan\u00e1ctou etapu italsk\u00e9ho Gira, hlavn\u011b v\u0161ak utnul v\u0161echny u\u0161t\u011bpa\u010dn\u00e9 pozn\u00e1mky, jestli u\u017e nen\u00ed cyklistou na odpis. Francouzsk\u00fd z\u00e1vodn\u00edk uk\u00e1zal srdce mu\u0161ket\u00fdra, kv\u016fli n\u011bmu\u017e jej fanou\u0161ci miluj\u00ed. Kdo jin\u00fd by se pustil do bl\u00e1zniv\u00e9ho \u00faniku dlouh\u00e9ho 125 kilometr\u016f s\u00a0v\u00edrou, \u017ee zv\u00edt\u011bz\u00ed!?","inLanguage":"cs","potentialAction":[{"@type":"ReadAction","target":["https:\/\/www.welovecycling.com\/cs\/2024\/05\/17\/znovuzrozeny-julian-alaphilippe-ze-moc-piju-a-holduji-vecirkum-to-se-me-dotklo\/"]}]},{"@type":"ImageObject","inLanguage":"cs","@id":"https:\/\/www.welovecycling.com\/cs\/2024\/05\/17\/znovuzrozeny-julian-alaphilippe-ze-moc-piju-a-holduji-vecirkum-to-se-me-dotklo\/#primaryimage","url":"https:\/\/d2p6e6u75xmxt8.cloudfront.net\/13\/2024\/05\/profimedia-0873571803.webp","contentUrl":"https:\/\/d2p6e6u75xmxt8.cloudfront.net\/13\/2024\/05\/profimedia-0873571803.webp","width":1800,"height":1200,"caption":"Julian Alaphilippe"},{"@type":"WebSite","@id":"https:\/\/www.welovecycling.com\/cs\/#website","url":"https:\/\/www.welovecycling.com\/cs\/","name":"\u0160koda We Love Cycling - \u010cesk\u00e1 republika","description":"WeLoveCycling.cz je online magaz\u00edn, kter\u00fd v\u00e1m pravideln\u011b p\u0159in\u00e1\u0161\u00ed rady a tipy, zaj\u00edmav\u00e9 \u010dl\u00e1nky, videa a jedine\u010dn\u00e9 report\u00e1\u017ee ze sv\u011bta cyklistiky.","potentialAction":[{"@type":"SearchAction","target":{"@type":"EntryPoint","urlTemplate":"https:\/\/www.welovecycling.com\/cs\/?s={search_term_string}"},"query-input":{"@type":"PropertyValueSpecification","valueRequired":true,"valueName":"search_term_string"}}],"inLanguage":"cs"},{"@type":"Person","@id":"https:\/\/www.welovecycling.com\/cs\/#\/schema\/person\/d9eeb0a378f3a7e4a6d12d2b536b04b8","name":"radekmalina","image":{"@type":"ImageObject","inLanguage":"cs","@id":"https:\/\/www.welovecycling.com\/cs\/#\/schema\/person\/image\/","url":"https:\/\/secure.gravatar.com\/avatar\/66994b632cb8c39a46b9f54afa3ae07201b678d32a54275b6f1c9ffec356bfc0?s=96&d=mm&r=g","contentUrl":"https:\/\/secure.gravatar.com\/avatar\/66994b632cb8c39a46b9f54afa3ae07201b678d32a54275b6f1c9ffec356bfc0?s=96&d=mm&r=g","caption":"radekmalina"},"url":"https:\/\/www.welovecycling.com\/cs\/author\/radekmalina\/"}]}},"_links":{"self":[{"href":"https:\/\/www.welovecycling.com\/cs\/wp-json\/wp\/v2\/posts\/25488","targetHints":{"allow":["GET"]}}],"collection":[{"href":"https:\/\/www.welovecycling.com\/cs\/wp-json\/wp\/v2\/posts"}],"about":[{"href":"https:\/\/www.welovecycling.com\/cs\/wp-json\/wp\/v2\/types\/post"}],"author":[{"embeddable":true,"href":"https:\/\/www.welovecycling.com\/cs\/wp-json\/wp\/v2\/users\/138"}],"replies":[{"embeddable":true,"href":"https:\/\/www.welovecycling.com\/cs\/wp-json\/wp\/v2\/comments?post=25488"}],"version-history":[{"count":6,"href":"https:\/\/www.welovecycling.com\/cs\/wp-json\/wp\/v2\/posts\/25488\/revisions"}],"predecessor-version":[{"id":25494,"href":"https:\/\/www.welovecycling.com\/cs\/wp-json\/wp\/v2\/posts\/25488\/revisions\/25494"}],"wp:featuredmedia":[{"embeddable":true,"href":"https:\/\/www.welovecycling.com\/cs\/wp-json\/wp\/v2\/media\/25485"}],"wp:attachment":[{"href":"https:\/\/www.welovecycling.com\/cs\/wp-json\/wp\/v2\/media?parent=25488"}],"wp:term":[{"taxonomy":"category","embeddable":true,"href":"https:\/\/www.welovecycling.com\/cs\/wp-json\/wp\/v2\/categories?post=25488"},{"taxonomy":"post_tag","embeddable":true,"href":"https:\/\/www.welovecycling.com\/cs\/wp-json\/wp\/v2\/tags?post=25488"},{"taxonomy":"global-categories","embeddable":true,"href":"https:\/\/www.welovecycling.com\/cs\/wp-json\/wp\/v2\/global-categories?post=25488"}],"curies":[{"name":"wp","href":"https:\/\/api.w.org\/{rel}","templated":true}]}}