{"id":25480,"date":"2024-05-16T16:38:32","date_gmt":"2024-05-16T14:38:32","guid":{"rendered":"https:\/\/www.welovecycling.com\/cs\/?p=25480"},"modified":"2024-05-16T16:38:32","modified_gmt":"2024-05-16T14:38:32","slug":"jak-zbavit-cyklisticke-obleceni-smradu-a-spiny","status":"publish","type":"post","link":"https:\/\/www.welovecycling.com\/cs\/2024\/05\/16\/jak-zbavit-cyklisticke-obleceni-smradu-a-spiny\/","title":{"rendered":"Jak zbavit cyklistick\u00e9 oble\u010den\u00ed smradu a \u0161p\u00edny?"},"content":{"rendered":"<p><strong>Jde o velice n\u00e1kladnou \u010d\u00e1st v\u00fdbavy ka\u017ed\u00e9ho z n\u00e1s. Cyklistick\u00e9 oble\u010den\u00ed. Pokud pominete kolo, zkusili jste si n\u011bkdy spo\u010d\u00edtat, kolik jste investovali do svr\u0161k\u016f, kter\u00e9 obl\u00e9k\u00e1te p\u0159i tr\u00e9ninkov\u00fdch j\u00edzd\u00e1ch, z\u00e1vodech \u010di prost\u011b jen oby\u010dejn\u00fdch j\u00edzd\u00e1ch za pozn\u00e1n\u00edm? Je proto mimo\u0159\u00e1dn\u011b \u017e\u00e1douc\u00ed, aby se od\u011bvu dostalo ide\u00e1ln\u00edho o\u0161et\u0159en\u00ed. Ale jste si jist\u00ed, jak pe\u010dovat o cyklistick\u00e9 oble\u010den\u00ed?<\/strong><\/p>\n<p>V\u011bt\u0161ina modern\u00edch souprav je mimo\u0159\u00e1dn\u011b odoln\u00fdch. Nicm\u00e9n\u011b \u0161patn\u00e1 p\u00e9\u010de m\u016f\u017ee zp\u016fsobit po\u0161kozen\u00ed \u010di men\u0161\u00ed \u017eivotnost. Z\u00e1kladn\u00ed pokyny jsou pom\u011brn\u011b prost\u00e9: nepou\u017e\u00edvat aviv\u00e1\u017e, nesu\u0161it sadu v\u00a0su\u0161i\u010dce, nevkl\u00e1dat nic se such\u00fdm zipem a pr\u00e1t maxim\u00e1ln\u011b na t\u0159icet stup\u0148\u016f. Ov\u0161em jak se vyv\u00edj\u00ed doba, m\u011bn\u00ed se i p\u0159\u00edstup k\u00a0oble\u010den\u00ed.<\/p>\n<h2><strong>Do pra\u010dky nemus\u00ed ka\u017ed\u00fd kousek<\/strong><\/h2>\n<p>Jakkoliv se v\u00e1m to l\u00edb\u00ed, nen\u00ed nutn\u00e9 ka\u017edou \u010d\u00e1st oble\u010den\u00ed pr\u00e1t po ka\u017ed\u00e9 j\u00edzd\u011b. Samoz\u0159ejm\u011b nemluv\u00edme o kra\u0165asech, z\u00e1kladn\u00edm trikotu \u010di pono\u017ek\u00e1ch. Prost\u011b oble\u010den\u00ed, kter\u00e9 p\u0159il\u00e9h\u00e1 na t\u011blo. Na druhou stranu bundu, n\u00e1vleky na ruk\u00e1vy p\u0159\u00edpadn\u011b na nohy \u010di rukavice mohou b\u00fdt po vyj\u00ed\u017e\u010fce za slune\u010dn\u00e9ho po\u010das\u00ed \u201ev pohod\u011b\u201c bez pot\u0159eby dal\u0161\u00edho o\u0161et\u0159en\u00ed.<\/p>\n<div class=\"shortcode-ys-post-pinup\"><article class=\"loop-simple post-25370 post type-post status-publish format-standard has-post-thumbnail hentry category-silnicni-cyklistika tag-cyklistika tag-eliska-kvasnickova tag-komugi-grand-est tag-silnicni-cyklistika tag-trenink tag-zdravi-a-trenink tag-zeny global-categories-cycling\" data-postid=\"25370\" role=\"article\" data-post-id=\"25370\" data-word-count=\"673\" data-headline-length=\"74\" data-category=\"Silni\u010dn\u00ed cyklistika\" data-global-category=\"Cycling\" data-author=\"Jan Kr\u016fta\" data-published=\"2024-05-01T06:00:24+02:00\" data-published-day=\"Wednesday\">\n    <div class=\"entry-thumbnail article-thumbnail\" content=\"https:\/\/d2p6e6u75xmxt8.cloudfront.net\/13\/2024\/04\/2024.04.06-Paris-Roubaix-Day-3-Credits-@billy_lebelge-23-1-150x150.webp\"><a href=\"https:\/\/www.welovecycling.com\/cs\/2024\/05\/01\/jednou-chci-do-vismy-ceska-nadeje-o-prestupu-do-francie-i-velkem-snu\/\" class=\"image-holder\" target=\"_self\"><img decoding=\"async\" loading=\"lazy\" class=\"\" src=\"https:\/\/d2p6e6u75xmxt8.cloudfront.net\/13\/2024\/04\/2024.04.06-Paris-Roubaix-Day-3-Credits-@billy_lebelge-23-1-1024x683.webp\" srcset=\"https:\/\/d2p6e6u75xmxt8.cloudfront.net\/13\/2024\/04\/2024.04.06-Paris-Roubaix-Day-3-Credits-@billy_lebelge-23-1-scaled.webp 2560w, https:\/\/d2p6e6u75xmxt8.cloudfront.net\/13\/2024\/04\/2024.04.06-Paris-Roubaix-Day-3-Credits-@billy_lebelge-23-1-300x200.webp 300w, https:\/\/d2p6e6u75xmxt8.cloudfront.net\/13\/2024\/04\/2024.04.06-Paris-Roubaix-Day-3-Credits-@billy_lebelge-23-1-1024x683.webp 1024w, https:\/\/d2p6e6u75xmxt8.cloudfront.net\/13\/2024\/04\/2024.04.06-Paris-Roubaix-Day-3-Credits-@billy_lebelge-23-1-768x512.webp 768w, https:\/\/d2p6e6u75xmxt8.cloudfront.net\/13\/2024\/04\/2024.04.06-Paris-Roubaix-Day-3-Credits-@billy_lebelge-23-1-1536x1024.webp 1536w, https:\/\/d2p6e6u75xmxt8.cloudfront.net\/13\/2024\/04\/2024.04.06-Paris-Roubaix-Day-3-Credits-@billy_lebelge-23-1-2048x1365.webp 2048w, https:\/\/d2p6e6u75xmxt8.cloudfront.net\/13\/2024\/04\/2024.04.06-Paris-Roubaix-Day-3-Credits-@billy_lebelge-23-1-1920x1280.webp 1920w, https:\/\/d2p6e6u75xmxt8.cloudfront.net\/13\/2024\/04\/2024.04.06-Paris-Roubaix-Day-3-Credits-@billy_lebelge-23-1-400x267.webp 400w, https:\/\/d2p6e6u75xmxt8.cloudfront.net\/13\/2024\/04\/2024.04.06-Paris-Roubaix-Day-3-Credits-@billy_lebelge-23-1-272x182.webp 272w, https:\/\/d2p6e6u75xmxt8.cloudfront.net\/13\/2024\/04\/2024.04.06-Paris-Roubaix-Day-3-Credits-@billy_lebelge-23-1-1920x1280.webp 1920w\" width=\"1024\" height=\"683\" sizes=\"auto, (min-width: 1200px) 300px, (min-width: 768px) 25vw, 100vw\" alt=\"jednou-chci-do-vismy-ceska-nadeje-o-prestupu-do-francie-i-velkem-snu\"\/><\/a><\/div>    <div class=\"entry-meta\">\n        <a class=\"label label-secondary post-category\" href=\"https:\/\/www.welovecycling.com\/cs\/category\/silnicni-cyklistika\/\" title=\"Silni\u010dn\u00ed cyklistika\">Silni\u010dn\u00ed cyklistika<\/a>\n    <\/div>\n    <div class=\"entry-details\">\n        <a href=\"https:\/\/www.welovecycling.com\/cs\/2024\/05\/01\/jednou-chci-do-vismy-ceska-nadeje-o-prestupu-do-francie-i-velkem-snu\/\" class='entry-title-wrapper'>\n            <h3 class=\"entry-title\"><span>Jednou chci do Vismy! \u010cesk\u00e1 nad\u011bje o p\u0159estupu do Francie i velk\u00e9m snu<\/span><\/h3>\n        <\/a>\n    <\/div>\n    <\/article>\n<\/div>\n<p>Velice o\u0161idn\u00e9 je lp\u011bn\u00ed na pln\u011bn\u00ed cel\u00e9ho bubnu pra\u010dky. Bakterie toti\u017e miluj\u00ed tepl\u00e9 a vlhk\u00e9 prost\u0159ed\u00ed. Pokud \u0161pinav\u00e9 a propocen\u00e9 cyklistick\u00e9 oble\u010den\u00ed nacpete do ko\u0161e a budete dal\u0161\u00ed t\u00fdden \u010dekat, ne\u017e nahromad\u00edte cyklistick\u00e9 oble\u010den\u00ed na celou pra\u010dku, v\u00fdsledkem bude jedin\u011b pot\u0159eba intenzivn\u011bj\u0161\u00edho \u010di\u0161t\u011bn\u00ed.<\/p>\n<p>Nav\u00edc pokud je oble\u010den\u00ed v\u00e1\u017en\u011b \u0161pinav\u00e9 t\u0159eba po j\u00edzd\u011b protkan\u00e9 de\u0161tiv\u00fdmi p\u0159eh\u00e1\u0148kami nebo v zabl\u00e1cen\u00e9m ter\u00e9nu, neodkl\u00e1dejte \u00fadr\u017ebu. Zaschl\u00e9 skvrny jdou z dresu opravdu \u0161patn\u011b, stejn\u011b jako bakterie mno\u017e\u00edc\u00ed se v zapocen\u00fdch kra\u0165asech n\u011bkolik dn\u016f\u2026 Proto je lep\u0161\u00ed o\u017eelet p\u00e1r korun a pustit pra\u010dku, kter\u00e1 nebude stoprocentn\u011b pln\u00e1.<\/p>\n<h2><strong>Pro\u010d ot\u00e1\u010det cyklistick\u00e9 oble\u010den\u00ed naruby?<\/strong><\/h2>\n<p>K\u00a0lep\u0161\u00edmu zachov\u00e1n\u00ed barev p\u0159isp\u011bje, pokud dres i kra\u0165asy oto\u010d\u00edte naruby. N\u00e1sledn\u011b nedoch\u00e1z\u00ed k\u00a0tak z\u00e1sadn\u00edmu po\u0161kozen\u00ed vl\u00e1ken. Skv\u011blou volbou mohou b\u00fdt s\u00e1\u010dky na pr\u00e1dlo. Kup\u0159\u00edkladu \u010desk\u00e1 spole\u010dnost Kalas je p\u0159ikl\u00e1d\u00e1 k\u00a0nov\u00fdm sad\u00e1m automaticky. Vlo\u017een\u00ed oble\u010den\u00ed do s\u00e1\u010dku rozhodn\u011b prodlou\u017e\u00ed \u017eivotnost va\u0161eho cyklistick\u00e9ho oble\u010den\u00ed.<\/p>\n<figure id=\"attachment_15243\" aria-describedby=\"caption-attachment-15243\" style=\"width: 1600px\" class=\"wp-caption alignnone\"><a href=\"https:\/\/d2p6e6u75xmxt8.cloudfront.net\/13\/2021\/11\/wlc-cerveny-dres-pracka.webp\"><img loading=\"lazy\" decoding=\"async\" class=\"size-full wp-image-15243\" src=\"https:\/\/d2p6e6u75xmxt8.cloudfront.net\/13\/2021\/11\/wlc-cerveny-dres-pracka.webp\" alt=\"cyklistick\u00e9 oble\u010den\u00ed\" width=\"1600\" height=\"1067\" srcset=\"https:\/\/d2p6e6u75xmxt8.cloudfront.net\/13\/2021\/11\/wlc-cerveny-dres-pracka.webp 1600w, https:\/\/d2p6e6u75xmxt8.cloudfront.net\/13\/2021\/11\/wlc-cerveny-dres-pracka-300x200.webp 300w, https:\/\/d2p6e6u75xmxt8.cloudfront.net\/13\/2021\/11\/wlc-cerveny-dres-pracka-1024x683.webp 1024w, https:\/\/d2p6e6u75xmxt8.cloudfront.net\/13\/2021\/11\/wlc-cerveny-dres-pracka-768x512.webp 768w, https:\/\/d2p6e6u75xmxt8.cloudfront.net\/13\/2021\/11\/wlc-cerveny-dres-pracka-1536x1024.webp 1536w, https:\/\/d2p6e6u75xmxt8.cloudfront.net\/13\/2021\/11\/wlc-cerveny-dres-pracka-272x182.webp 272w\" sizes=\"auto, (max-width: 1600px) 100vw, 1600px\" \/><\/a><figcaption id=\"caption-attachment-15243\" class=\"wp-caption-text\"><em>cyklistick\u00e9 oble\u010den\u00ed by se z\u00e1sadn\u011b m\u011blo pr\u00e1t p\u0159i teplot\u00e1ch t\u0159icet stup\u0148\u016f a nikdy nepou\u017e\u00edvat su\u0161i\u010dku. Foto: Michal \u010cerven\u00fd (2x)<\/em><\/figcaption><\/figure>\n<p>Z\u00e1sadn\u00ed pro o\u010distu cyklistick\u00e9ho oble\u010den\u00ed je prac\u00ed prost\u0159edek. Podle odborn\u00edk\u016f je i p\u0159es ve\u0161kerou snahu chr\u00e1nit planetu \u017e\u00e1douc\u00ed, nepou\u017e\u00edvat prac\u00ed prost\u0159edky s\u00a0ozna\u010den\u00edm BIO. Obsahuj\u00ed toti\u017e biologick\u00fd enzym, kter\u00fd p\u0159isp\u00edv\u00e1 k\u00a0rychlej\u0161\u00edmu po\u0161kozen\u00ed materi\u00e1l\u016f v\u00a0cyklistick\u00e9m oble\u010den\u00ed.<\/p>\n<p>A pt\u00e1te se, pro\u010d nepou\u017e\u00edvat aviv\u00e1\u017e? Ano, je fajn, \u017ee va\u0161e cyklistick\u00e9 oble\u010den\u00ed bude m\u011bk\u010d\u00ed, ale l\u00e1tky obsa\u017een\u00e9 v\u00a0aviv\u00e1\u017ei omezuj\u00ed prody\u0161nost a p\u0159i dal\u0161\u00ed proj\u00ed\u017e\u010fce zadr\u017euj\u00ed pachy a v\u00edce uchov\u00e1vaj\u00ed skvrny.<\/p>\n<h2><strong>Co su\u0161it naplocho?<\/strong><\/h2>\n<p>V\u00a0sou\u010dasnosti u\u017e jsou k\u00a0m\u00e1n\u00ed i specializovan\u00e9 prac\u00ed prost\u0159edky, kter\u00e9 obsahuj\u00ed povrchov\u011b aktivn\u00ed l\u00e1tky odd\u011bluj\u00edc\u00ed z\u00e1pach a ne\u010distoty od textili\u00ed, nav\u00edc jsou \u0161etrn\u00e9 k\u00a0jemn\u00fdm tkanin\u00e1m.<\/p>\n<p>I p\u0159i sebev\u011bt\u0161\u00edm pot\u0159\u00edsn\u011bn\u00ed ne\u010distotami nebo velk\u00e9m z\u00e1pachu z\u00a0potu p\u0159i letn\u00edch vedrech se vyhn\u011bte poku\u0161en\u00ed pr\u00e1t na vysok\u00e9 teploty. Ty toti\u017e vedou k\u00a0po\u0161kozen\u00ed nebo v\u00a0krajn\u00edm p\u0159\u00edpad\u011b zni\u010den\u00ed <a href=\"https:\/\/www.welovecycling.com\/cs\/2024\/03\/08\/jaka-barva-cyklistickych-dresu-bude-letos-cool\/\">cyklistick\u00e9ho oble\u010den\u00ed<\/a>. Dr\u017ete se tud\u00ed\u017e doporu\u010den\u00e9 teploty (v\u011bt\u0161inou 30 stup\u0148\u016f), v\u00a0krajn\u00edm p\u0159\u00edpad\u011b p\u0159i velk\u00fdch skvrn\u00e1ch m\u016f\u017eete p\u0159idat teplotu o deset stup\u0148\u016f.<\/p>\n<div class=\"shortcode-ys-post-pinup\"><article class=\"loop-simple post-25440 post type-post status-publish format-standard has-post-thumbnail hentry category-silnicni-cyklistika tag-bahrain-victorious tag-bora-hansgrohe tag-cyklistika tag-czech-tour tag-czech-tour-2024 tag-dsm-firmenich-postnl tag-ineos-grenadiers tag-intermache-wanty tag-jan-hirt tag-josef-cerny tag-leopold-konig tag-mathias-vacek tag-silnicni-cyklistika tag-soudal-quick-step tag-uae-emirates-team tag-visma-lease-a-bike global-categories-cycling\" data-postid=\"25440\" role=\"article\" data-post-id=\"25440\" data-word-count=\"393\" data-headline-length=\"50\" data-category=\"Silni\u010dn\u00ed cyklistika\" data-global-category=\"Cycling\" data-author=\"We Love Cycling\" data-published=\"2024-05-10T08:21:32+02:00\" data-published-day=\"Friday\">\n    <div class=\"entry-thumbnail article-thumbnail\" content=\"https:\/\/d2p6e6u75xmxt8.cloudfront.net\/13\/2024\/05\/czechtour23_stage-3_jb_135-150x150.webp\"><a href=\"https:\/\/www.welovecycling.com\/cs\/2024\/05\/10\/to-je-sen-osm-tymu-world-tour-pojede-czech-tour\/\" class=\"image-holder\" target=\"_self\"><img decoding=\"async\" loading=\"lazy\" class=\"\" src=\"https:\/\/d2p6e6u75xmxt8.cloudfront.net\/13\/2024\/05\/czechtour23_stage-3_jb_135-1024x681.webp\" srcset=\"https:\/\/d2p6e6u75xmxt8.cloudfront.net\/13\/2024\/05\/czechtour23_stage-3_jb_135.webp 1200w, https:\/\/d2p6e6u75xmxt8.cloudfront.net\/13\/2024\/05\/czechtour23_stage-3_jb_135-300x200.webp 300w, https:\/\/d2p6e6u75xmxt8.cloudfront.net\/13\/2024\/05\/czechtour23_stage-3_jb_135-1024x681.webp 1024w, https:\/\/d2p6e6u75xmxt8.cloudfront.net\/13\/2024\/05\/czechtour23_stage-3_jb_135-768x511.webp 768w, https:\/\/d2p6e6u75xmxt8.cloudfront.net\/13\/2024\/05\/czechtour23_stage-3_jb_135-400x266.webp 400w, https:\/\/d2p6e6u75xmxt8.cloudfront.net\/13\/2024\/05\/czechtour23_stage-3_jb_135-272x182.webp 272w\" width=\"1024\" height=\"681\" sizes=\"auto, (min-width: 1200px) 300px, (min-width: 768px) 25vw, 100vw\" alt=\"to-je-sen-osm-tymu-world-tour-pojede-czech-tour\"\/><\/a><\/div>    <div class=\"entry-meta\">\n        <a class=\"label label-secondary post-category\" href=\"https:\/\/www.welovecycling.com\/cs\/category\/silnicni-cyklistika\/\" title=\"Silni\u010dn\u00ed cyklistika\">Silni\u010dn\u00ed cyklistika<\/a>\n    <\/div>\n    <div class=\"entry-details\">\n        <a href=\"https:\/\/www.welovecycling.com\/cs\/2024\/05\/10\/to-je-sen-osm-tymu-world-tour-pojede-czech-tour\/\" class='entry-title-wrapper'>\n            <h3 class=\"entry-title\"><span>To je sen! Osm t\u00fdm\u016f World Tour pojede Czech Tour<\/span><\/h3>\n        <\/a>\n    <\/div>\n    <\/article>\n<\/div>\n<p>Su\u0161en\u00ed je zd\u00e1nliv\u011b jednoduch\u00fd proces. Z\u00e1sadn\u011b se vyhn\u011bte pou\u017e\u00edv\u00e1n\u00ed su\u0161i\u010dky, zkr\u00e1t\u00edte t\u00edm \u017eivotnost oble\u010den\u00ed. Ide\u00e1ln\u00ed je prost\u011b b\u011bhem slune\u010dn\u00fdch dn\u016f su\u0161it pr\u00e1dlo na slunci. Od podzimu do jara pak pou\u017eijte radi\u00e1tory, ale nesm\u00ed b\u00fdt extr\u00e9mn\u011b rozp\u00e1len\u00e9. N\u011bkter\u00e9 materi\u00e1ly jako t\u0159eba vlna si pak \u017e\u00e1daj\u00ed su\u0161en\u00ed naplocho.<\/p>\n","protected":false},"excerpt":{"rendered":"<p>Jde o velice n\u00e1kladnou \u010d\u00e1st v\u00fdbavy ka\u017ed\u00e9ho z n\u00e1s. Cyklistick\u00e9 oble\u010den\u00ed. Pokud pominete kolo, zkusili jste si n\u011bkdy spo\u010d\u00edtat, kolik [&hellip;]<\/p>\n","protected":false},"author":138,"featured_media":10185,"comment_status":"open","ping_status":"open","sticky":false,"template":"","format":"standard","meta":{"footnotes":""},"categories":[15],"tags":[684,126,56,3579,9,3580,67],"global-categories":[411],"class_list":["post-25480","post","type-post","status-publish","format-standard","has-post-thumbnail","hentry","category-rady-tipy","tag-cyklisticke-obleceni","tag-cyklistika","tag-horska-cyklistika","tag-prani-cyklistickeho-obleceni","tag-silnicni-cyklistika","tag-udrzba-cyklistickeho-obleceni","tag-zdravi-a-trenink","global-categories-cycling"],"yoast_head":"<!-- This site is optimized with the Yoast SEO Premium plugin v25.3 (Yoast SEO v25.9) - https:\/\/yoast.com\/wordpress\/plugins\/seo\/ -->\n<title>Jak zbavit cyklistick\u00e9 oble\u010den\u00ed smradu a \u0161p\u00edny? | \u0160koda We Love Cycling - \u010cesk\u00e1 republika<\/title>\n<meta name=\"description\" content=\"Jde o velice n\u00e1kladnou \u010d\u00e1st v\u00fdbavy ka\u017ed\u00e9ho z n\u00e1s. Cyklistick\u00e9 oble\u010den\u00ed. Pokud pominete kolo, zkusili jste si n\u011bkdy spo\u010d\u00edtat, kolik jste investovali do svr\u0161k\u016f, kter\u00e9 obl\u00e9k\u00e1te p\u0159i tr\u00e9ninkov\u00fdch j\u00edzd\u00e1ch, z\u00e1vodech \u010di prost\u011b jen oby\u010dejn\u00fdch j\u00edzd\u00e1ch za pozn\u00e1n\u00edm? Je proto mimo\u0159\u00e1dn\u011b \u017e\u00e1douc\u00ed, aby se od\u011bvu dostalo ide\u00e1ln\u00edho o\u0161et\u0159en\u00ed. Ale jste si jist\u00ed, jak pe\u010dovat o cyklistick\u00e9 oble\u010den\u00ed?\" \/>\n<meta name=\"robots\" content=\"index, follow, max-snippet:-1, max-image-preview:large, max-video-preview:-1\" \/>\n<link rel=\"canonical\" href=\"https:\/\/www.welovecycling.com\/cs\/2024\/05\/16\/jak-zbavit-cyklisticke-obleceni-smradu-a-spiny\/\" \/>\n<meta property=\"og:locale\" content=\"cs_CZ\" \/>\n<meta property=\"og:type\" content=\"article\" \/>\n<meta property=\"og:title\" content=\"Jak zbavit cyklistick\u00e9 oble\u010den\u00ed smradu a \u0161p\u00edny?\" \/>\n<meta property=\"og:description\" content=\"Jde o velice n\u00e1kladnou \u010d\u00e1st v\u00fdbavy ka\u017ed\u00e9ho z n\u00e1s. Cyklistick\u00e9 oble\u010den\u00ed. Pokud pominete kolo, zkusili jste si n\u011bkdy spo\u010d\u00edtat, kolik jste investovali do svr\u0161k\u016f, kter\u00e9 obl\u00e9k\u00e1te p\u0159i tr\u00e9ninkov\u00fdch j\u00edzd\u00e1ch, z\u00e1vodech \u010di prost\u011b jen oby\u010dejn\u00fdch j\u00edzd\u00e1ch za pozn\u00e1n\u00edm? Je proto mimo\u0159\u00e1dn\u011b \u017e\u00e1douc\u00ed, aby se od\u011bvu dostalo ide\u00e1ln\u00edho o\u0161et\u0159en\u00ed. Ale jste si jist\u00ed, jak pe\u010dovat o cyklistick\u00e9 oble\u010den\u00ed?\" \/>\n<meta property=\"og:url\" content=\"https:\/\/www.welovecycling.com\/cs\/2024\/05\/16\/jak-zbavit-cyklisticke-obleceni-smradu-a-spiny\/\" \/>\n<meta property=\"og:site_name\" content=\"\u0160koda We Love Cycling - \u010cesk\u00e1 republika\" \/>\n<meta property=\"article:published_time\" content=\"2024-05-16T14:38:32+00:00\" \/>\n<meta property=\"og:image\" content=\"https:\/\/d2p6e6u75xmxt8.cloudfront.net\/13\/2020\/10\/leogang-bahno-sprcha.webp\" \/>\n\t<meta property=\"og:image:width\" content=\"1600\" \/>\n\t<meta property=\"og:image:height\" content=\"1067\" \/>\n\t<meta property=\"og:image:type\" content=\"image\/webp\" \/>\n<meta name=\"author\" content=\"radekmalina\" \/>\n<meta name=\"twitter:card\" content=\"summary_large_image\" \/>\n<meta name=\"twitter:label1\" content=\"Written by\" \/>\n\t<meta name=\"twitter:data1\" content=\"We Love Cycling\" \/>\n\t<meta name=\"twitter:label2\" content=\"Est. reading time\" \/>\n\t<meta name=\"twitter:data2\" content=\"6\" \/>\n<script type=\"application\/ld+json\" class=\"yoast-schema-graph\">{\"@context\":\"https:\/\/schema.org\",\"@graph\":[{\"@type\":\"WebPage\",\"@id\":\"https:\/\/www.welovecycling.com\/cs\/2024\/05\/16\/jak-zbavit-cyklisticke-obleceni-smradu-a-spiny\/\",\"url\":\"https:\/\/www.welovecycling.com\/cs\/2024\/05\/16\/jak-zbavit-cyklisticke-obleceni-smradu-a-spiny\/\",\"name\":\"Jak zbavit cyklistick\u00e9 oble\u010den\u00ed smradu a \u0161p\u00edny? | \u0160koda We Love Cycling - \u010cesk\u00e1 republika\",\"isPartOf\":{\"@id\":\"https:\/\/www.welovecycling.com\/cs\/#website\"},\"primaryImageOfPage\":{\"@id\":\"https:\/\/www.welovecycling.com\/cs\/2024\/05\/16\/jak-zbavit-cyklisticke-obleceni-smradu-a-spiny\/#primaryimage\"},\"image\":{\"@id\":\"https:\/\/www.welovecycling.com\/cs\/2024\/05\/16\/jak-zbavit-cyklisticke-obleceni-smradu-a-spiny\/#primaryimage\"},\"thumbnailUrl\":\"https:\/\/d2p6e6u75xmxt8.cloudfront.net\/13\/2020\/10\/leogang-bahno-sprcha.webp\",\"datePublished\":\"2024-05-16T14:38:32+00:00\",\"author\":{\"@id\":\"https:\/\/www.welovecycling.com\/cs\/#\/schema\/person\/d9eeb0a378f3a7e4a6d12d2b536b04b8\"},\"description\":\"Jde o velice n\u00e1kladnou \u010d\u00e1st v\u00fdbavy ka\u017ed\u00e9ho z n\u00e1s. Cyklistick\u00e9 oble\u010den\u00ed. Pokud pominete kolo, zkusili jste si n\u011bkdy spo\u010d\u00edtat, kolik jste investovali do svr\u0161k\u016f, kter\u00e9 obl\u00e9k\u00e1te p\u0159i tr\u00e9ninkov\u00fdch j\u00edzd\u00e1ch, z\u00e1vodech \u010di prost\u011b jen oby\u010dejn\u00fdch j\u00edzd\u00e1ch za pozn\u00e1n\u00edm? Je proto mimo\u0159\u00e1dn\u011b \u017e\u00e1douc\u00ed, aby se od\u011bvu dostalo ide\u00e1ln\u00edho o\u0161et\u0159en\u00ed. Ale jste si jist\u00ed, jak pe\u010dovat o cyklistick\u00e9 oble\u010den\u00ed?\",\"inLanguage\":\"cs\",\"potentialAction\":[{\"@type\":\"ReadAction\",\"target\":[\"https:\/\/www.welovecycling.com\/cs\/2024\/05\/16\/jak-zbavit-cyklisticke-obleceni-smradu-a-spiny\/\"]}]},{\"@type\":\"ImageObject\",\"inLanguage\":\"cs\",\"@id\":\"https:\/\/www.welovecycling.com\/cs\/2024\/05\/16\/jak-zbavit-cyklisticke-obleceni-smradu-a-spiny\/#primaryimage\",\"url\":\"https:\/\/d2p6e6u75xmxt8.cloudfront.net\/13\/2020\/10\/leogang-bahno-sprcha.webp\",\"contentUrl\":\"https:\/\/d2p6e6u75xmxt8.cloudfront.net\/13\/2020\/10\/leogang-bahno-sprcha.webp\",\"width\":1600,\"height\":1067,\"caption\":\"cyklistick\u00e9 oble\u010den\u00ed\"},{\"@type\":\"WebSite\",\"@id\":\"https:\/\/www.welovecycling.com\/cs\/#website\",\"url\":\"https:\/\/www.welovecycling.com\/cs\/\",\"name\":\"\u0160koda We Love Cycling - \u010cesk\u00e1 republika\",\"description\":\"WeLoveCycling.cz je online magaz\u00edn, kter\u00fd v\u00e1m pravideln\u011b p\u0159in\u00e1\u0161\u00ed rady a tipy, zaj\u00edmav\u00e9 \u010dl\u00e1nky, videa a jedine\u010dn\u00e9 report\u00e1\u017ee ze sv\u011bta cyklistiky.\",\"potentialAction\":[{\"@type\":\"SearchAction\",\"target\":{\"@type\":\"EntryPoint\",\"urlTemplate\":\"https:\/\/www.welovecycling.com\/cs\/?s={search_term_string}\"},\"query-input\":{\"@type\":\"PropertyValueSpecification\",\"valueRequired\":true,\"valueName\":\"search_term_string\"}}],\"inLanguage\":\"cs\"},{\"@type\":\"Person\",\"@id\":\"https:\/\/www.welovecycling.com\/cs\/#\/schema\/person\/d9eeb0a378f3a7e4a6d12d2b536b04b8\",\"name\":\"radekmalina\",\"image\":{\"@type\":\"ImageObject\",\"inLanguage\":\"cs\",\"@id\":\"https:\/\/www.welovecycling.com\/cs\/#\/schema\/person\/image\/\",\"url\":\"https:\/\/secure.gravatar.com\/avatar\/66994b632cb8c39a46b9f54afa3ae07201b678d32a54275b6f1c9ffec356bfc0?s=96&d=mm&r=g\",\"contentUrl\":\"https:\/\/secure.gravatar.com\/avatar\/66994b632cb8c39a46b9f54afa3ae07201b678d32a54275b6f1c9ffec356bfc0?s=96&d=mm&r=g\",\"caption\":\"radekmalina\"},\"url\":\"https:\/\/www.welovecycling.com\/cs\/author\/radekmalina\/\"}]}<\/script>\n<!-- \/ Yoast SEO Premium plugin. -->","yoast_head_json":{"title":"Jak zbavit cyklistick\u00e9 oble\u010den\u00ed smradu a \u0161p\u00edny? | \u0160koda We Love Cycling - \u010cesk\u00e1 republika","description":"Jde o velice n\u00e1kladnou \u010d\u00e1st v\u00fdbavy ka\u017ed\u00e9ho z n\u00e1s. Cyklistick\u00e9 oble\u010den\u00ed. Pokud pominete kolo, zkusili jste si n\u011bkdy spo\u010d\u00edtat, kolik jste investovali do svr\u0161k\u016f, kter\u00e9 obl\u00e9k\u00e1te p\u0159i tr\u00e9ninkov\u00fdch j\u00edzd\u00e1ch, z\u00e1vodech \u010di prost\u011b jen oby\u010dejn\u00fdch j\u00edzd\u00e1ch za pozn\u00e1n\u00edm? Je proto mimo\u0159\u00e1dn\u011b \u017e\u00e1douc\u00ed, aby se od\u011bvu dostalo ide\u00e1ln\u00edho o\u0161et\u0159en\u00ed. Ale jste si jist\u00ed, jak pe\u010dovat o cyklistick\u00e9 oble\u010den\u00ed?","robots":{"index":"index","follow":"follow","max-snippet":"max-snippet:-1","max-image-preview":"max-image-preview:large","max-video-preview":"max-video-preview:-1"},"canonical":"https:\/\/www.welovecycling.com\/cs\/2024\/05\/16\/jak-zbavit-cyklisticke-obleceni-smradu-a-spiny\/","og_locale":"cs_CZ","og_type":"article","og_title":"Jak zbavit cyklistick\u00e9 oble\u010den\u00ed smradu a \u0161p\u00edny?","og_description":"Jde o velice n\u00e1kladnou \u010d\u00e1st v\u00fdbavy ka\u017ed\u00e9ho z n\u00e1s. Cyklistick\u00e9 oble\u010den\u00ed. Pokud pominete kolo, zkusili jste si n\u011bkdy spo\u010d\u00edtat, kolik jste investovali do svr\u0161k\u016f, kter\u00e9 obl\u00e9k\u00e1te p\u0159i tr\u00e9ninkov\u00fdch j\u00edzd\u00e1ch, z\u00e1vodech \u010di prost\u011b jen oby\u010dejn\u00fdch j\u00edzd\u00e1ch za pozn\u00e1n\u00edm? Je proto mimo\u0159\u00e1dn\u011b \u017e\u00e1douc\u00ed, aby se od\u011bvu dostalo ide\u00e1ln\u00edho o\u0161et\u0159en\u00ed. Ale jste si jist\u00ed, jak pe\u010dovat o cyklistick\u00e9 oble\u010den\u00ed?","og_url":"https:\/\/www.welovecycling.com\/cs\/2024\/05\/16\/jak-zbavit-cyklisticke-obleceni-smradu-a-spiny\/","og_site_name":"\u0160koda We Love Cycling - \u010cesk\u00e1 republika","article_published_time":"2024-05-16T14:38:32+00:00","og_image":[{"width":1600,"height":1067,"url":"https:\/\/d2p6e6u75xmxt8.cloudfront.net\/13\/2020\/10\/leogang-bahno-sprcha.webp","type":"image\/webp"}],"author":"radekmalina","twitter_card":"summary_large_image","twitter_misc":{"Written by":"We Love Cycling","Est. reading time":"6"},"schema":{"@context":"https:\/\/schema.org","@graph":[{"@type":"WebPage","@id":"https:\/\/www.welovecycling.com\/cs\/2024\/05\/16\/jak-zbavit-cyklisticke-obleceni-smradu-a-spiny\/","url":"https:\/\/www.welovecycling.com\/cs\/2024\/05\/16\/jak-zbavit-cyklisticke-obleceni-smradu-a-spiny\/","name":"Jak zbavit cyklistick\u00e9 oble\u010den\u00ed smradu a \u0161p\u00edny? | \u0160koda We Love Cycling - \u010cesk\u00e1 republika","isPartOf":{"@id":"https:\/\/www.welovecycling.com\/cs\/#website"},"primaryImageOfPage":{"@id":"https:\/\/www.welovecycling.com\/cs\/2024\/05\/16\/jak-zbavit-cyklisticke-obleceni-smradu-a-spiny\/#primaryimage"},"image":{"@id":"https:\/\/www.welovecycling.com\/cs\/2024\/05\/16\/jak-zbavit-cyklisticke-obleceni-smradu-a-spiny\/#primaryimage"},"thumbnailUrl":"https:\/\/d2p6e6u75xmxt8.cloudfront.net\/13\/2020\/10\/leogang-bahno-sprcha.webp","datePublished":"2024-05-16T14:38:32+00:00","author":{"@id":"https:\/\/www.welovecycling.com\/cs\/#\/schema\/person\/d9eeb0a378f3a7e4a6d12d2b536b04b8"},"description":"Jde o velice n\u00e1kladnou \u010d\u00e1st v\u00fdbavy ka\u017ed\u00e9ho z n\u00e1s. Cyklistick\u00e9 oble\u010den\u00ed. Pokud pominete kolo, zkusili jste si n\u011bkdy spo\u010d\u00edtat, kolik jste investovali do svr\u0161k\u016f, kter\u00e9 obl\u00e9k\u00e1te p\u0159i tr\u00e9ninkov\u00fdch j\u00edzd\u00e1ch, z\u00e1vodech \u010di prost\u011b jen oby\u010dejn\u00fdch j\u00edzd\u00e1ch za pozn\u00e1n\u00edm? Je proto mimo\u0159\u00e1dn\u011b \u017e\u00e1douc\u00ed, aby se od\u011bvu dostalo ide\u00e1ln\u00edho o\u0161et\u0159en\u00ed. Ale jste si jist\u00ed, jak pe\u010dovat o cyklistick\u00e9 oble\u010den\u00ed?","inLanguage":"cs","potentialAction":[{"@type":"ReadAction","target":["https:\/\/www.welovecycling.com\/cs\/2024\/05\/16\/jak-zbavit-cyklisticke-obleceni-smradu-a-spiny\/"]}]},{"@type":"ImageObject","inLanguage":"cs","@id":"https:\/\/www.welovecycling.com\/cs\/2024\/05\/16\/jak-zbavit-cyklisticke-obleceni-smradu-a-spiny\/#primaryimage","url":"https:\/\/d2p6e6u75xmxt8.cloudfront.net\/13\/2020\/10\/leogang-bahno-sprcha.webp","contentUrl":"https:\/\/d2p6e6u75xmxt8.cloudfront.net\/13\/2020\/10\/leogang-bahno-sprcha.webp","width":1600,"height":1067,"caption":"cyklistick\u00e9 oble\u010den\u00ed"},{"@type":"WebSite","@id":"https:\/\/www.welovecycling.com\/cs\/#website","url":"https:\/\/www.welovecycling.com\/cs\/","name":"\u0160koda We Love Cycling - \u010cesk\u00e1 republika","description":"WeLoveCycling.cz je online magaz\u00edn, kter\u00fd v\u00e1m pravideln\u011b p\u0159in\u00e1\u0161\u00ed rady a tipy, zaj\u00edmav\u00e9 \u010dl\u00e1nky, videa a jedine\u010dn\u00e9 report\u00e1\u017ee ze sv\u011bta cyklistiky.","potentialAction":[{"@type":"SearchAction","target":{"@type":"EntryPoint","urlTemplate":"https:\/\/www.welovecycling.com\/cs\/?s={search_term_string}"},"query-input":{"@type":"PropertyValueSpecification","valueRequired":true,"valueName":"search_term_string"}}],"inLanguage":"cs"},{"@type":"Person","@id":"https:\/\/www.welovecycling.com\/cs\/#\/schema\/person\/d9eeb0a378f3a7e4a6d12d2b536b04b8","name":"radekmalina","image":{"@type":"ImageObject","inLanguage":"cs","@id":"https:\/\/www.welovecycling.com\/cs\/#\/schema\/person\/image\/","url":"https:\/\/secure.gravatar.com\/avatar\/66994b632cb8c39a46b9f54afa3ae07201b678d32a54275b6f1c9ffec356bfc0?s=96&d=mm&r=g","contentUrl":"https:\/\/secure.gravatar.com\/avatar\/66994b632cb8c39a46b9f54afa3ae07201b678d32a54275b6f1c9ffec356bfc0?s=96&d=mm&r=g","caption":"radekmalina"},"url":"https:\/\/www.welovecycling.com\/cs\/author\/radekmalina\/"}]}},"_links":{"self":[{"href":"https:\/\/www.welovecycling.com\/cs\/wp-json\/wp\/v2\/posts\/25480","targetHints":{"allow":["GET"]}}],"collection":[{"href":"https:\/\/www.welovecycling.com\/cs\/wp-json\/wp\/v2\/posts"}],"about":[{"href":"https:\/\/www.welovecycling.com\/cs\/wp-json\/wp\/v2\/types\/post"}],"author":[{"embeddable":true,"href":"https:\/\/www.welovecycling.com\/cs\/wp-json\/wp\/v2\/users\/138"}],"replies":[{"embeddable":true,"href":"https:\/\/www.welovecycling.com\/cs\/wp-json\/wp\/v2\/comments?post=25480"}],"version-history":[{"count":4,"href":"https:\/\/www.welovecycling.com\/cs\/wp-json\/wp\/v2\/posts\/25480\/revisions"}],"predecessor-version":[{"id":25484,"href":"https:\/\/www.welovecycling.com\/cs\/wp-json\/wp\/v2\/posts\/25480\/revisions\/25484"}],"wp:featuredmedia":[{"embeddable":true,"href":"https:\/\/www.welovecycling.com\/cs\/wp-json\/wp\/v2\/media\/10185"}],"wp:attachment":[{"href":"https:\/\/www.welovecycling.com\/cs\/wp-json\/wp\/v2\/media?parent=25480"}],"wp:term":[{"taxonomy":"category","embeddable":true,"href":"https:\/\/www.welovecycling.com\/cs\/wp-json\/wp\/v2\/categories?post=25480"},{"taxonomy":"post_tag","embeddable":true,"href":"https:\/\/www.welovecycling.com\/cs\/wp-json\/wp\/v2\/tags?post=25480"},{"taxonomy":"global-categories","embeddable":true,"href":"https:\/\/www.welovecycling.com\/cs\/wp-json\/wp\/v2\/global-categories?post=25480"}],"curies":[{"name":"wp","href":"https:\/\/api.w.org\/{rel}","templated":true}]}}