{"id":25462,"date":"2024-05-14T12:29:46","date_gmt":"2024-05-14T10:29:46","guid":{"rendered":"https:\/\/www.welovecycling.com\/cs\/?p=25462"},"modified":"2024-05-14T12:29:46","modified_gmt":"2024-05-14T10:29:46","slug":"jak-poznate-kdy-je-cas-vymenit-plaste","status":"publish","type":"post","link":"https:\/\/www.welovecycling.com\/cs\/2024\/05\/14\/jak-poznate-kdy-je-cas-vymenit-plaste\/","title":{"rendered":"Jak pozn\u00e1te, kdy je \u010das vym\u011bnit pl\u00e1\u0161t\u011b?"},"content":{"rendered":"<p><strong>Pl\u00e1\u0161t\u011b! Mimo\u0159\u00e1dn\u011b, ba p\u0159\u00edmo extr\u00e9mn\u011b d\u016fle\u017eit\u00e1 sou\u010d\u00e1st kola. A je lhostejno, zda se bav\u00edme o kole silni\u010dn\u00edm, horsk\u00e9m \u010di gravelov\u00e9m. Jde o sou\u010d\u00e1st bicyklu, kter\u00e1 je kl\u00ed\u010dov\u00e1 pro p\u0159ilnavost a rychlost. Samoz\u0159ejm\u011b i pl\u00e1\u0161t\u011b podl\u00e9haj\u00ed ur\u010dit\u00e9 \u017eivotnosti. Jak pozn\u00e1te, kdy je \u010das vym\u011bnit pl\u00e1\u0161t\u011b?<\/strong><\/p>\n<p>\u017divotnost pneumatik se pohybuje od jednoho tis\u00edce do p\u011bti tis\u00edc kilometr\u016f. Z\u00e1le\u017e\u00ed na stylu j\u00edzdy, na hmotnosti, ale pochopiteln\u011b i ter\u00e9nu. V extr\u00e9mn\u00edm p\u0159\u00edpad\u011b m\u016f\u017eete najet v\u00edce. Ale velmi pravd\u011bpodobn\u011b budete hazardovat s vlastn\u00edm zdrav\u00edm. Pl\u00e1\u0161\u0165 chr\u00e1n\u00ed du\u0161i a pokud bude hodn\u011b sjet\u00fd, riskujete karambol. To sam\u00e9 plat\u00ed pro p\u0159\u00edpad, \u017ee pou\u017e\u00edv\u00e1te bezdu\u0161ov\u00e9 pl\u00e1\u0161t\u011b.<\/p>\n<p>Vysoce v\u00fdkonn\u00e9 pl\u00e1\u0161t\u011b ni\u017e\u0161\u00ed hmotnosti s m\u011bk\u010d\u00ed sm\u011bs\u00ed maj\u00ed \u017eivotnost kolem 1500 kilometr\u016f. M\u011bk\u010d\u00ed guma nab\u00edz\u00ed lep\u0161\u00ed p\u0159ilnavost, ale rychleji se opot\u0159ebuje. Siln\u011bj\u0161\u00ed a odoln\u00e9 pl\u00e1\u0161t\u011b proti prop\u00edchnut\u00ed vydr\u017e\u00ed i p\u011bt tis\u00edc. Kup\u0159\u00edkladu u horsk\u00fdch kol vydr\u017e\u00ed pl\u00e1\u0161t\u011b m\u00e9n\u011b pokud jezd\u00edte v hodn\u011b n\u00e1ro\u010dn\u00e9m ter\u00e9nu. Pochopiteln\u011b cyklist\u00e9 s vy\u0161\u0161\u00ed v\u00e1hou opot\u0159ebov\u00e1vaj\u00ed pneumatiky rychleji. \u017divotnost m\u016f\u017ee ovlivnit i \u0161patn\u00fd tlak v pneumatik\u00e1ch b\u011bhem j\u00edzd.<\/p>\n<h2><strong>Kdy je \u010das vym\u011bnit pl\u00e1\u0161t\u011b? Hlavn\u00ed p\u0159\u00edznaky<\/strong><\/h2>\n<p>Rozhodn\u011b se nespol\u00e9hejte jen na doporu\u010den\u00ed uv\u00e1d\u011bn\u00e1 v\u00fdrobci.<\/p>\n<p>Prvn\u00edm p\u0159\u00edznakem je opot\u0159ebovan\u00fd b\u011bhoun. Jde o probl\u00e9m, kter\u00fd detekujete pouh\u00fdm okem. Jestli\u017ee se b\u011bhoun zten\u010duje a\u017e do rovn\u00e9 \u201eplo\u0161ky\u201c, je \u010das na nov\u00fd pl\u00e1\u0161\u0165.<\/p>\n<p>V\u00a0p\u0159\u00edpad\u011b horsk\u00fdch \u010di trekov\u00fdch kol rozhodn\u011b kontrolujte bo\u010dn\u00ed v\u00fdstupky. Zejm\u00e9na pokud je v\u00e1\u0161 styl hodn\u011b agresivn\u00ed a jezd\u00edte v\u00a0kamenit\u00e9m ter\u00e9nu, mohou v\u00fdstupky na bo\u010dn\u00edch stran\u00e1ch pl\u00e1\u0161\u0165\u016f chyb\u011bt, p\u0159esto\u017ee b\u011bhoun bude v\u00a0po\u0159\u00e1dku.<\/p>\n<p>Dal\u0161\u00edm p\u0159\u00edznakem je viditeln\u00fd h\u0159eben pl\u00e1\u0161t\u011b. St\u0159edn\u00ed \u010d\u00e1st pneumatiky, kter\u00e1 se dot\u00fdk\u00e1 zem\u011b, trp\u00ed na opot\u0159eben\u00ed nejrychleji. Jde hlavn\u011b o p\u0159\u00edpad silni\u010dn\u00edch cyklist\u016f.<\/p>\n<figure id=\"attachment_6433\" aria-describedby=\"caption-attachment-6433\" style=\"width: 1600px\" class=\"wp-caption alignnone\"><a href=\"https:\/\/d2p6e6u75xmxt8.cloudfront.net\/13\/2020\/04\/Pneumatiky-defekt.webp\"><img loading=\"lazy\" decoding=\"async\" class=\"size-full wp-image-6433\" src=\"https:\/\/d2p6e6u75xmxt8.cloudfront.net\/13\/2020\/04\/Pneumatiky-defekt.webp\" alt=\"Pneumatiky defekt knot\" width=\"1600\" height=\"1067\" srcset=\"https:\/\/d2p6e6u75xmxt8.cloudfront.net\/13\/2020\/04\/Pneumatiky-defekt.webp 1600w, https:\/\/d2p6e6u75xmxt8.cloudfront.net\/13\/2020\/04\/Pneumatiky-defekt-300x200.webp 300w, https:\/\/d2p6e6u75xmxt8.cloudfront.net\/13\/2020\/04\/Pneumatiky-defekt-1024x683.webp 1024w, https:\/\/d2p6e6u75xmxt8.cloudfront.net\/13\/2020\/04\/Pneumatiky-defekt-768x512.webp 768w, https:\/\/d2p6e6u75xmxt8.cloudfront.net\/13\/2020\/04\/Pneumatiky-defekt-1536x1024.webp 1536w, https:\/\/d2p6e6u75xmxt8.cloudfront.net\/13\/2020\/04\/Pneumatiky-defekt-272x182.webp 272w\" sizes=\"auto, (max-width: 1600px) 100vw, 1600px\" \/><\/a><figcaption id=\"caption-attachment-6433\" class=\"wp-caption-text\"><em>Kdy je \u010das vym\u011bnit pl\u00e1\u0161t\u011b? Jedn\u00edm z p\u0159\u00edznak\u016f jsou opakuj\u00edc\u00ed se defekty. Foto: Michal \u010cerven\u00fd<\/em><\/figcaption><\/figure>\n<p>Jestli\u017ee \u010dasto brzd\u00edte na kole smykem, pl\u00e1\u0161\u0165 se rovn\u011b\u017e opot\u0159ebov\u00e1v\u00e1 v\u00fdrazn\u011b rychleji. Proto kontrolujte pneumatiku, abyste odhalili p\u0159\u00edpadn\u00e9 po\u0161kozen\u00ed.<\/p>\n<p>Jestli\u017ee b\u011bhem jedin\u00e9 dlouh\u00e9 j\u00edzdy opakovan\u011b budete muset \u0159e\u0161it defekt, nebo se bude probl\u00e9m opakovat kup\u0159\u00edkladu b\u011bhem jedin\u00e9ho t\u00fddne, velmi pravd\u011bpodobn\u011b budete muset pl\u00e1\u0161\u0165 vym\u011bnit.<\/p>\n<div class=\"shortcode-ys-post-pinup\"><article class=\"loop-simple post-25427 post type-post status-publish format-standard has-post-thumbnail hentry category-rady-tipy tag-bezdusove-plaste tag-cyklistika tag-horska-cyklistika tag-jak-naplanovat-prvni-jizdu tag-silnicni-cyklistika tag-trenink tag-zdravi-a-trenink global-categories-cycling\" data-postid=\"25427\" role=\"article\" data-post-id=\"25427\" data-word-count=\"499\" data-headline-length=\"30\" data-category=\"Rady &amp; tipy\" data-global-category=\"Cycling\" data-author=\"We Love Cycling\" data-published=\"2024-05-07T09:54:32+02:00\" data-published-day=\"Tuesday\">\n    <div class=\"entry-thumbnail article-thumbnail\" content=\"https:\/\/d2p6e6u75xmxt8.cloudfront.net\/13\/2024\/05\/BrychtaJan_KALAS_Mallorca_20240308_163116_D4C_8249_result-150x150.webp\"><a href=\"https:\/\/www.welovecycling.com\/cs\/2024\/05\/07\/jak-naplanovat-prvni-jizdu\/\" class=\"image-holder\" target=\"_self\"><img decoding=\"async\" loading=\"lazy\" class=\"\" src=\"https:\/\/d2p6e6u75xmxt8.cloudfront.net\/13\/2024\/05\/BrychtaJan_KALAS_Mallorca_20240308_163116_D4C_8249_result-1024x681.webp\" srcset=\"https:\/\/d2p6e6u75xmxt8.cloudfront.net\/13\/2024\/05\/BrychtaJan_KALAS_Mallorca_20240308_163116_D4C_8249_result.webp 2400w, https:\/\/d2p6e6u75xmxt8.cloudfront.net\/13\/2024\/05\/BrychtaJan_KALAS_Mallorca_20240308_163116_D4C_8249_result-300x200.webp 300w, https:\/\/d2p6e6u75xmxt8.cloudfront.net\/13\/2024\/05\/BrychtaJan_KALAS_Mallorca_20240308_163116_D4C_8249_result-1024x681.webp 1024w, https:\/\/d2p6e6u75xmxt8.cloudfront.net\/13\/2024\/05\/BrychtaJan_KALAS_Mallorca_20240308_163116_D4C_8249_result-768x511.webp 768w, https:\/\/d2p6e6u75xmxt8.cloudfront.net\/13\/2024\/05\/BrychtaJan_KALAS_Mallorca_20240308_163116_D4C_8249_result-1536x1022.webp 1536w, https:\/\/d2p6e6u75xmxt8.cloudfront.net\/13\/2024\/05\/BrychtaJan_KALAS_Mallorca_20240308_163116_D4C_8249_result-2048x1363.webp 2048w, https:\/\/d2p6e6u75xmxt8.cloudfront.net\/13\/2024\/05\/BrychtaJan_KALAS_Mallorca_20240308_163116_D4C_8249_result-1920x1278.webp 1920w, https:\/\/d2p6e6u75xmxt8.cloudfront.net\/13\/2024\/05\/BrychtaJan_KALAS_Mallorca_20240308_163116_D4C_8249_result-400x266.webp 400w, https:\/\/d2p6e6u75xmxt8.cloudfront.net\/13\/2024\/05\/BrychtaJan_KALAS_Mallorca_20240308_163116_D4C_8249_result-272x182.webp 272w, https:\/\/d2p6e6u75xmxt8.cloudfront.net\/13\/2024\/05\/BrychtaJan_KALAS_Mallorca_20240308_163116_D4C_8249_result-1920x1278.webp 1920w\" width=\"1024\" height=\"681\" sizes=\"auto, (min-width: 1200px) 300px, (min-width: 768px) 25vw, 100vw\" alt=\"jak-naplanovat-prvni-jizdu\"\/><\/a><\/div>    <div class=\"entry-meta\">\n        <a class=\"label label-secondary post-category\" href=\"https:\/\/www.welovecycling.com\/cs\/category\/rady-tipy\/\" title=\"Rady &amp; tipy\">Rady &amp; tipy<\/a>\n    <\/div>\n    <div class=\"entry-details\">\n        <a href=\"https:\/\/www.welovecycling.com\/cs\/2024\/05\/07\/jak-naplanovat-prvni-jizdu\/\" class='entry-title-wrapper'>\n            <h3 class=\"entry-title\"><span>Jak napl\u00e1novat prvn\u00ed j\u00edzdu?<\/span><\/h3>\n        <\/a>\n    <\/div>\n    <\/article>\n<\/div>\n<p>Pokud m\u00e1te pl\u00e1\u0161\u0165 skute\u010dn\u011b dlouho, v\u00a0d\u016fsledku opot\u0159eben\u00ed ruku v\u00a0ruce s\u00a0p\u0159\u00edrodn\u00edmi podm\u00ednkami za\u010dne pneumatika praskat. Na bo\u010dn\u00edch stran\u00e1ch pl\u00e1\u0161t\u011b jsou drobn\u00e9 trhlinky vid\u011bt jako prvn\u00ed.<\/p>\n<p>Jedn\u00edm z\u00a0posledn\u00edch aspekt\u016f, kter\u00fd v\u00e1s upozorn\u00ed na probl\u00e9m, je \u0161patn\u00e1 p\u0159ilnavost. Jestli\u017ee v\u00a0zat\u00e1\u010dk\u00e1ch \u010di obt\u00ed\u017en\u00e9m ter\u00e9nu kolo sesed\u00ed, vym\u011b\u0148te pl\u00e1\u0161\u0165, proto\u017ee riskujete p\u00e1d a zran\u011bn\u00ed.<\/p>\n<h2><strong>Nov\u00e9 pl\u00e1\u0161t\u011b znamenaj\u00ed bezpe\u010dnost a rychlost<\/strong><\/h2>\n<p>Kdy\u017e m\u00e1te pl\u00e1\u0161t\u011b v ide\u00e1ln\u00ed kondici, jde o jeden z nejlevn\u011bj\u0161\u00edch a nejefektivn\u011bj\u0161\u00edch zp\u016fsob\u016f, jak na kole zrychlit. Nov\u00e9 pl\u00e1\u0161t\u011b znamenaj\u00ed v\u011bt\u0161\u00ed bezpe\u010dnost. Ide\u00e1ln\u00ed hloubka dez\u00e9nu zaji\u0161\u0165uje lep\u0161\u00ed p\u0159ilnavost. Zejm\u00e9na za \u0161patn\u00fdch pov\u011btrnostn\u00edch podm\u00ednek je d\u016fle\u017eit\u00e9, aby kolo dob\u0159e \u201esed\u011blo\u201c, proto\u017ee riziko podklouznut\u00ed je pochopiteln\u011b v\u011bt\u0161\u00ed.<\/p>\n<p>Sou\u010dasn\u011b osazen\u00edm nov\u00fdch pneumatik zajist\u00edte men\u0161\u00ed valiv\u00fd odpor, tud\u00ed\u017e p\u0159i stejn\u00e9m \u00fasil\u00ed m\u016f\u017eete dos\u00e1hnout vy\u0161\u0161\u00edch rychlost\u00ed. Nav\u00edc nov\u00e9 pl\u00e1\u0161t\u011b zaji\u0161\u0165uj\u00ed lep\u0161\u00ed p\u0159ilnavost v\u00a0zat\u00e1\u010dk\u00e1ch, tud\u00ed\u017e z\u00edsk\u00e1v\u00e1te dal\u0161\u00ed vte\u0159iny\u2026<\/p>\n<p><a href=\"https:\/\/d2p6e6u75xmxt8.cloudfront.net\/13\/2020\/09\/pl\u00e1\u0161t\u011b-6.webp\"><img loading=\"lazy\" decoding=\"async\" class=\"alignnone size-full wp-image-9722\" src=\"https:\/\/d2p6e6u75xmxt8.cloudfront.net\/13\/2020\/09\/pl\u00e1\u0161t\u011b-6.webp\" alt=\"\" width=\"1600\" height=\"1067\" srcset=\"https:\/\/d2p6e6u75xmxt8.cloudfront.net\/13\/2020\/09\/pl\u00e1\u0161t\u011b-6.webp 1600w, https:\/\/d2p6e6u75xmxt8.cloudfront.net\/13\/2020\/09\/pl\u00e1\u0161t\u011b-6-300x200.webp 300w, https:\/\/d2p6e6u75xmxt8.cloudfront.net\/13\/2020\/09\/pl\u00e1\u0161t\u011b-6-1024x683.webp 1024w, https:\/\/d2p6e6u75xmxt8.cloudfront.net\/13\/2020\/09\/pl\u00e1\u0161t\u011b-6-768x512.webp 768w, https:\/\/d2p6e6u75xmxt8.cloudfront.net\/13\/2020\/09\/pl\u00e1\u0161t\u011b-6-1536x1024.webp 1536w, https:\/\/d2p6e6u75xmxt8.cloudfront.net\/13\/2020\/09\/pl\u00e1\u0161t\u011b-6-272x182.webp 272w\" sizes=\"auto, (max-width: 1600px) 100vw, 1600px\" \/><\/a><\/p>\n<p>A\u017e budete nov\u00e9 pl\u00e1\u0161t\u011b kupovat, prom\u00edtn\u011bte si posledn\u00ed rok v sedle. Jezd\u00edte se silni\u010dn\u00edm kole v\u011bt\u0161inou po hladk\u00e9m asfaltu nebo jsou cesty, kter\u00e9 k\u0159i\u017eujete rozbit\u00e9 a pln\u00e9 ne\u010distot? Jako biker mus\u00edte \u0159e\u0161it, zda se pohybujete hlavn\u011b po upraven\u00fdch stezk\u00e1ch \u010di drt\u00edte \u00faseky pln\u00e9 bl\u00e1ta, lesn\u00edch ne\u010distot nebo kamen\u00ed?<\/p>\n<div class=\"shortcode-ys-post-pinup\"><article class=\"loop-simple post-25440 post type-post status-publish format-standard has-post-thumbnail hentry category-silnicni-cyklistika tag-bahrain-victorious tag-bora-hansgrohe tag-cyklistika tag-czech-tour tag-czech-tour-2024 tag-dsm-firmenich-postnl tag-ineos-grenadiers tag-intermache-wanty tag-jan-hirt tag-josef-cerny tag-leopold-konig tag-mathias-vacek tag-silnicni-cyklistika tag-soudal-quick-step tag-uae-emirates-team tag-visma-lease-a-bike global-categories-cycling\" data-postid=\"25440\" role=\"article\" data-post-id=\"25440\" data-word-count=\"393\" data-headline-length=\"50\" data-category=\"Silni\u010dn\u00ed cyklistika\" data-global-category=\"Cycling\" data-author=\"We Love Cycling\" data-published=\"2024-05-10T08:21:32+02:00\" data-published-day=\"Friday\">\n    <div class=\"entry-thumbnail article-thumbnail\" content=\"https:\/\/d2p6e6u75xmxt8.cloudfront.net\/13\/2024\/05\/czechtour23_stage-3_jb_135-150x150.webp\"><a href=\"https:\/\/www.welovecycling.com\/cs\/2024\/05\/10\/to-je-sen-osm-tymu-world-tour-pojede-czech-tour\/\" class=\"image-holder\" target=\"_self\"><img decoding=\"async\" loading=\"lazy\" class=\"\" src=\"https:\/\/d2p6e6u75xmxt8.cloudfront.net\/13\/2024\/05\/czechtour23_stage-3_jb_135-1024x681.webp\" srcset=\"https:\/\/d2p6e6u75xmxt8.cloudfront.net\/13\/2024\/05\/czechtour23_stage-3_jb_135.webp 1200w, https:\/\/d2p6e6u75xmxt8.cloudfront.net\/13\/2024\/05\/czechtour23_stage-3_jb_135-300x200.webp 300w, https:\/\/d2p6e6u75xmxt8.cloudfront.net\/13\/2024\/05\/czechtour23_stage-3_jb_135-1024x681.webp 1024w, https:\/\/d2p6e6u75xmxt8.cloudfront.net\/13\/2024\/05\/czechtour23_stage-3_jb_135-768x511.webp 768w, https:\/\/d2p6e6u75xmxt8.cloudfront.net\/13\/2024\/05\/czechtour23_stage-3_jb_135-400x266.webp 400w, https:\/\/d2p6e6u75xmxt8.cloudfront.net\/13\/2024\/05\/czechtour23_stage-3_jb_135-272x182.webp 272w\" width=\"1024\" height=\"681\" sizes=\"auto, (min-width: 1200px) 300px, (min-width: 768px) 25vw, 100vw\" alt=\"to-je-sen-osm-tymu-world-tour-pojede-czech-tour\"\/><\/a><\/div>    <div class=\"entry-meta\">\n        <a class=\"label label-secondary post-category\" href=\"https:\/\/www.welovecycling.com\/cs\/category\/silnicni-cyklistika\/\" title=\"Silni\u010dn\u00ed cyklistika\">Silni\u010dn\u00ed cyklistika<\/a>\n    <\/div>\n    <div class=\"entry-details\">\n        <a href=\"https:\/\/www.welovecycling.com\/cs\/2024\/05\/10\/to-je-sen-osm-tymu-world-tour-pojede-czech-tour\/\" class='entry-title-wrapper'>\n            <h3 class=\"entry-title\"><span>To je sen! Osm t\u00fdm\u016f World Tour pojede Czech Tour<\/span><\/h3>\n        <\/a>\n    <\/div>\n    <\/article>\n<\/div>\n<p>Dal\u0161\u00edm faktorem je pak v\u00fdkon pneumatiky. Hled\u00e1te rychlost, p\u0159ilnavost, odolnost nebo rovnov\u00e1hu? Hlad\u0161\u00ed vzorek je nositelem rychlosti a efektivity. Robustn\u00ed pl\u00e1\u0161t\u011b s v\u00fdrazn\u00fdm vzorkem posiluj\u00ed trakci a stabilitu.<\/p>\n","protected":false},"excerpt":{"rendered":"<p>Pl\u00e1\u0161t\u011b! Mimo\u0159\u00e1dn\u011b, ba p\u0159\u00edmo extr\u00e9mn\u011b d\u016fle\u017eit\u00e1 sou\u010d\u00e1st kola. A je lhostejno, zda se bav\u00edme o kole silni\u010dn\u00edm, horsk\u00e9m \u010di gravelov\u00e9m. [&hellip;]<\/p>\n","protected":false},"author":138,"featured_media":23689,"comment_status":"open","ping_status":"open","sticky":false,"template":"","format":"standard","meta":{"footnotes":""},"categories":[15],"tags":[126,3572,56,3571,3573,1161,9,67],"global-categories":[411],"class_list":["post-25462","post","type-post","status-publish","format-standard","has-post-thumbnail","hentry","category-rady-tipy","tag-cyklistika","tag-defekt","tag-horska-cyklistika","tag-kdy-je-cas-vymenit-plaste","tag-opotrebovany-behoun","tag-plaste","tag-silnicni-cyklistika","tag-zdravi-a-trenink","global-categories-cycling"],"yoast_head":"<!-- This site is optimized with the Yoast SEO Premium plugin v25.3 (Yoast SEO v25.9) - https:\/\/yoast.com\/wordpress\/plugins\/seo\/ -->\n<title>Jak pozn\u00e1te, kdy je \u010das vym\u011bnit pl\u00e1\u0161t\u011b? | \u0160koda We Love Cycling - \u010cesk\u00e1 republika<\/title>\n<meta name=\"description\" content=\"Pl\u00e1\u0161t\u011b! Mimo\u0159\u00e1dn\u011b, ba p\u0159\u00edmo extr\u00e9mn\u011b d\u016fle\u017eit\u00e1 sou\u010d\u00e1st kola. A je lhostejno, zda se bav\u00edme o kole silni\u010dn\u00edm, horsk\u00e9m \u010di gravelov\u00e9m. Jde o sou\u010d\u00e1st bicyklu, kter\u00e1 je kl\u00ed\u010dov\u00e1 pro p\u0159ilnavost a rychlost. Samoz\u0159ejm\u011b i pl\u00e1\u0161t\u011b podl\u00e9haj\u00ed ur\u010dit\u00e9 \u017eivotnosti. Jak pozn\u00e1te, kdy je \u010das vym\u011bnit pl\u00e1\u0161t\u011b?\" \/>\n<meta name=\"robots\" content=\"index, follow, max-snippet:-1, max-image-preview:large, max-video-preview:-1\" \/>\n<link rel=\"canonical\" href=\"https:\/\/www.welovecycling.com\/cs\/2024\/05\/14\/jak-poznate-kdy-je-cas-vymenit-plaste\/\" \/>\n<meta property=\"og:locale\" content=\"cs_CZ\" \/>\n<meta property=\"og:type\" content=\"article\" \/>\n<meta property=\"og:title\" content=\"Jak pozn\u00e1te, kdy je \u010das vym\u011bnit pl\u00e1\u0161t\u011b?\" \/>\n<meta property=\"og:description\" content=\"Pl\u00e1\u0161t\u011b! Mimo\u0159\u00e1dn\u011b, ba p\u0159\u00edmo extr\u00e9mn\u011b d\u016fle\u017eit\u00e1 sou\u010d\u00e1st kola. A je lhostejno, zda se bav\u00edme o kole silni\u010dn\u00edm, horsk\u00e9m \u010di gravelov\u00e9m. Jde o sou\u010d\u00e1st bicyklu, kter\u00e1 je kl\u00ed\u010dov\u00e1 pro p\u0159ilnavost a rychlost. Samoz\u0159ejm\u011b i pl\u00e1\u0161t\u011b podl\u00e9haj\u00ed ur\u010dit\u00e9 \u017eivotnosti. Jak pozn\u00e1te, kdy je \u010das vym\u011bnit pl\u00e1\u0161t\u011b?\" \/>\n<meta property=\"og:url\" content=\"https:\/\/www.welovecycling.com\/cs\/2024\/05\/14\/jak-poznate-kdy-je-cas-vymenit-plaste\/\" \/>\n<meta property=\"og:site_name\" content=\"\u0160koda We Love Cycling - \u010cesk\u00e1 republika\" \/>\n<meta property=\"article:published_time\" content=\"2024-05-14T10:29:46+00:00\" \/>\n<meta property=\"og:image\" content=\"https:\/\/d2p6e6u75xmxt8.cloudfront.net\/13\/2023\/09\/zapletena-kola-5.webp\" \/>\n\t<meta property=\"og:image:width\" content=\"2000\" \/>\n\t<meta property=\"og:image:height\" content=\"1333\" \/>\n\t<meta property=\"og:image:type\" content=\"image\/webp\" \/>\n<meta name=\"author\" content=\"radekmalina\" \/>\n<meta name=\"twitter:card\" content=\"summary_large_image\" \/>\n<meta name=\"twitter:label1\" content=\"Written by\" \/>\n\t<meta name=\"twitter:data1\" content=\"We Love Cycling\" \/>\n\t<meta name=\"twitter:label2\" content=\"Est. reading time\" \/>\n\t<meta name=\"twitter:data2\" content=\"6\" \/>\n<script type=\"application\/ld+json\" class=\"yoast-schema-graph\">{\"@context\":\"https:\/\/schema.org\",\"@graph\":[{\"@type\":\"WebPage\",\"@id\":\"https:\/\/www.welovecycling.com\/cs\/2024\/05\/14\/jak-poznate-kdy-je-cas-vymenit-plaste\/\",\"url\":\"https:\/\/www.welovecycling.com\/cs\/2024\/05\/14\/jak-poznate-kdy-je-cas-vymenit-plaste\/\",\"name\":\"Jak pozn\u00e1te, kdy je \u010das vym\u011bnit pl\u00e1\u0161t\u011b? | \u0160koda We Love Cycling - \u010cesk\u00e1 republika\",\"isPartOf\":{\"@id\":\"https:\/\/www.welovecycling.com\/cs\/#website\"},\"primaryImageOfPage\":{\"@id\":\"https:\/\/www.welovecycling.com\/cs\/2024\/05\/14\/jak-poznate-kdy-je-cas-vymenit-plaste\/#primaryimage\"},\"image\":{\"@id\":\"https:\/\/www.welovecycling.com\/cs\/2024\/05\/14\/jak-poznate-kdy-je-cas-vymenit-plaste\/#primaryimage\"},\"thumbnailUrl\":\"https:\/\/d2p6e6u75xmxt8.cloudfront.net\/13\/2023\/09\/zapletena-kola-5.webp\",\"datePublished\":\"2024-05-14T10:29:46+00:00\",\"author\":{\"@id\":\"https:\/\/www.welovecycling.com\/cs\/#\/schema\/person\/d9eeb0a378f3a7e4a6d12d2b536b04b8\"},\"description\":\"Pl\u00e1\u0161t\u011b! Mimo\u0159\u00e1dn\u011b, ba p\u0159\u00edmo extr\u00e9mn\u011b d\u016fle\u017eit\u00e1 sou\u010d\u00e1st kola. A je lhostejno, zda se bav\u00edme o kole silni\u010dn\u00edm, horsk\u00e9m \u010di gravelov\u00e9m. Jde o sou\u010d\u00e1st bicyklu, kter\u00e1 je kl\u00ed\u010dov\u00e1 pro p\u0159ilnavost a rychlost. Samoz\u0159ejm\u011b i pl\u00e1\u0161t\u011b podl\u00e9haj\u00ed ur\u010dit\u00e9 \u017eivotnosti. Jak pozn\u00e1te, kdy je \u010das vym\u011bnit pl\u00e1\u0161t\u011b?\",\"inLanguage\":\"cs\",\"potentialAction\":[{\"@type\":\"ReadAction\",\"target\":[\"https:\/\/www.welovecycling.com\/cs\/2024\/05\/14\/jak-poznate-kdy-je-cas-vymenit-plaste\/\"]}]},{\"@type\":\"ImageObject\",\"inLanguage\":\"cs\",\"@id\":\"https:\/\/www.welovecycling.com\/cs\/2024\/05\/14\/jak-poznate-kdy-je-cas-vymenit-plaste\/#primaryimage\",\"url\":\"https:\/\/d2p6e6u75xmxt8.cloudfront.net\/13\/2023\/09\/zapletena-kola-5.webp\",\"contentUrl\":\"https:\/\/d2p6e6u75xmxt8.cloudfront.net\/13\/2023\/09\/zapletena-kola-5.webp\",\"width\":2000,\"height\":1333,\"caption\":\"Kdy je \u010das vym\u011bnit pl\u00e1\u0161t\u011b?\"},{\"@type\":\"WebSite\",\"@id\":\"https:\/\/www.welovecycling.com\/cs\/#website\",\"url\":\"https:\/\/www.welovecycling.com\/cs\/\",\"name\":\"\u0160koda We Love Cycling - \u010cesk\u00e1 republika\",\"description\":\"WeLoveCycling.cz je online magaz\u00edn, kter\u00fd v\u00e1m pravideln\u011b p\u0159in\u00e1\u0161\u00ed rady a tipy, zaj\u00edmav\u00e9 \u010dl\u00e1nky, videa a jedine\u010dn\u00e9 report\u00e1\u017ee ze sv\u011bta cyklistiky.\",\"potentialAction\":[{\"@type\":\"SearchAction\",\"target\":{\"@type\":\"EntryPoint\",\"urlTemplate\":\"https:\/\/www.welovecycling.com\/cs\/?s={search_term_string}\"},\"query-input\":{\"@type\":\"PropertyValueSpecification\",\"valueRequired\":true,\"valueName\":\"search_term_string\"}}],\"inLanguage\":\"cs\"},{\"@type\":\"Person\",\"@id\":\"https:\/\/www.welovecycling.com\/cs\/#\/schema\/person\/d9eeb0a378f3a7e4a6d12d2b536b04b8\",\"name\":\"radekmalina\",\"image\":{\"@type\":\"ImageObject\",\"inLanguage\":\"cs\",\"@id\":\"https:\/\/www.welovecycling.com\/cs\/#\/schema\/person\/image\/\",\"url\":\"https:\/\/secure.gravatar.com\/avatar\/66994b632cb8c39a46b9f54afa3ae07201b678d32a54275b6f1c9ffec356bfc0?s=96&d=mm&r=g\",\"contentUrl\":\"https:\/\/secure.gravatar.com\/avatar\/66994b632cb8c39a46b9f54afa3ae07201b678d32a54275b6f1c9ffec356bfc0?s=96&d=mm&r=g\",\"caption\":\"radekmalina\"},\"url\":\"https:\/\/www.welovecycling.com\/cs\/author\/radekmalina\/\"}]}<\/script>\n<!-- \/ Yoast SEO Premium plugin. -->","yoast_head_json":{"title":"Jak pozn\u00e1te, kdy je \u010das vym\u011bnit pl\u00e1\u0161t\u011b? | \u0160koda We Love Cycling - \u010cesk\u00e1 republika","description":"Pl\u00e1\u0161t\u011b! Mimo\u0159\u00e1dn\u011b, ba p\u0159\u00edmo extr\u00e9mn\u011b d\u016fle\u017eit\u00e1 sou\u010d\u00e1st kola. A je lhostejno, zda se bav\u00edme o kole silni\u010dn\u00edm, horsk\u00e9m \u010di gravelov\u00e9m. Jde o sou\u010d\u00e1st bicyklu, kter\u00e1 je kl\u00ed\u010dov\u00e1 pro p\u0159ilnavost a rychlost. Samoz\u0159ejm\u011b i pl\u00e1\u0161t\u011b podl\u00e9haj\u00ed ur\u010dit\u00e9 \u017eivotnosti. Jak pozn\u00e1te, kdy je \u010das vym\u011bnit pl\u00e1\u0161t\u011b?","robots":{"index":"index","follow":"follow","max-snippet":"max-snippet:-1","max-image-preview":"max-image-preview:large","max-video-preview":"max-video-preview:-1"},"canonical":"https:\/\/www.welovecycling.com\/cs\/2024\/05\/14\/jak-poznate-kdy-je-cas-vymenit-plaste\/","og_locale":"cs_CZ","og_type":"article","og_title":"Jak pozn\u00e1te, kdy je \u010das vym\u011bnit pl\u00e1\u0161t\u011b?","og_description":"Pl\u00e1\u0161t\u011b! Mimo\u0159\u00e1dn\u011b, ba p\u0159\u00edmo extr\u00e9mn\u011b d\u016fle\u017eit\u00e1 sou\u010d\u00e1st kola. A je lhostejno, zda se bav\u00edme o kole silni\u010dn\u00edm, horsk\u00e9m \u010di gravelov\u00e9m. Jde o sou\u010d\u00e1st bicyklu, kter\u00e1 je kl\u00ed\u010dov\u00e1 pro p\u0159ilnavost a rychlost. Samoz\u0159ejm\u011b i pl\u00e1\u0161t\u011b podl\u00e9haj\u00ed ur\u010dit\u00e9 \u017eivotnosti. Jak pozn\u00e1te, kdy je \u010das vym\u011bnit pl\u00e1\u0161t\u011b?","og_url":"https:\/\/www.welovecycling.com\/cs\/2024\/05\/14\/jak-poznate-kdy-je-cas-vymenit-plaste\/","og_site_name":"\u0160koda We Love Cycling - \u010cesk\u00e1 republika","article_published_time":"2024-05-14T10:29:46+00:00","og_image":[{"width":2000,"height":1333,"url":"https:\/\/d2p6e6u75xmxt8.cloudfront.net\/13\/2023\/09\/zapletena-kola-5.webp","type":"image\/webp"}],"author":"radekmalina","twitter_card":"summary_large_image","twitter_misc":{"Written by":"We Love Cycling","Est. reading time":"6"},"schema":{"@context":"https:\/\/schema.org","@graph":[{"@type":"WebPage","@id":"https:\/\/www.welovecycling.com\/cs\/2024\/05\/14\/jak-poznate-kdy-je-cas-vymenit-plaste\/","url":"https:\/\/www.welovecycling.com\/cs\/2024\/05\/14\/jak-poznate-kdy-je-cas-vymenit-plaste\/","name":"Jak pozn\u00e1te, kdy je \u010das vym\u011bnit pl\u00e1\u0161t\u011b? | \u0160koda We Love Cycling - \u010cesk\u00e1 republika","isPartOf":{"@id":"https:\/\/www.welovecycling.com\/cs\/#website"},"primaryImageOfPage":{"@id":"https:\/\/www.welovecycling.com\/cs\/2024\/05\/14\/jak-poznate-kdy-je-cas-vymenit-plaste\/#primaryimage"},"image":{"@id":"https:\/\/www.welovecycling.com\/cs\/2024\/05\/14\/jak-poznate-kdy-je-cas-vymenit-plaste\/#primaryimage"},"thumbnailUrl":"https:\/\/d2p6e6u75xmxt8.cloudfront.net\/13\/2023\/09\/zapletena-kola-5.webp","datePublished":"2024-05-14T10:29:46+00:00","author":{"@id":"https:\/\/www.welovecycling.com\/cs\/#\/schema\/person\/d9eeb0a378f3a7e4a6d12d2b536b04b8"},"description":"Pl\u00e1\u0161t\u011b! Mimo\u0159\u00e1dn\u011b, ba p\u0159\u00edmo extr\u00e9mn\u011b d\u016fle\u017eit\u00e1 sou\u010d\u00e1st kola. A je lhostejno, zda se bav\u00edme o kole silni\u010dn\u00edm, horsk\u00e9m \u010di gravelov\u00e9m. Jde o sou\u010d\u00e1st bicyklu, kter\u00e1 je kl\u00ed\u010dov\u00e1 pro p\u0159ilnavost a rychlost. Samoz\u0159ejm\u011b i pl\u00e1\u0161t\u011b podl\u00e9haj\u00ed ur\u010dit\u00e9 \u017eivotnosti. Jak pozn\u00e1te, kdy je \u010das vym\u011bnit pl\u00e1\u0161t\u011b?","inLanguage":"cs","potentialAction":[{"@type":"ReadAction","target":["https:\/\/www.welovecycling.com\/cs\/2024\/05\/14\/jak-poznate-kdy-je-cas-vymenit-plaste\/"]}]},{"@type":"ImageObject","inLanguage":"cs","@id":"https:\/\/www.welovecycling.com\/cs\/2024\/05\/14\/jak-poznate-kdy-je-cas-vymenit-plaste\/#primaryimage","url":"https:\/\/d2p6e6u75xmxt8.cloudfront.net\/13\/2023\/09\/zapletena-kola-5.webp","contentUrl":"https:\/\/d2p6e6u75xmxt8.cloudfront.net\/13\/2023\/09\/zapletena-kola-5.webp","width":2000,"height":1333,"caption":"Kdy je \u010das vym\u011bnit pl\u00e1\u0161t\u011b?"},{"@type":"WebSite","@id":"https:\/\/www.welovecycling.com\/cs\/#website","url":"https:\/\/www.welovecycling.com\/cs\/","name":"\u0160koda We Love Cycling - \u010cesk\u00e1 republika","description":"WeLoveCycling.cz je online magaz\u00edn, kter\u00fd v\u00e1m pravideln\u011b p\u0159in\u00e1\u0161\u00ed rady a tipy, zaj\u00edmav\u00e9 \u010dl\u00e1nky, videa a jedine\u010dn\u00e9 report\u00e1\u017ee ze sv\u011bta cyklistiky.","potentialAction":[{"@type":"SearchAction","target":{"@type":"EntryPoint","urlTemplate":"https:\/\/www.welovecycling.com\/cs\/?s={search_term_string}"},"query-input":{"@type":"PropertyValueSpecification","valueRequired":true,"valueName":"search_term_string"}}],"inLanguage":"cs"},{"@type":"Person","@id":"https:\/\/www.welovecycling.com\/cs\/#\/schema\/person\/d9eeb0a378f3a7e4a6d12d2b536b04b8","name":"radekmalina","image":{"@type":"ImageObject","inLanguage":"cs","@id":"https:\/\/www.welovecycling.com\/cs\/#\/schema\/person\/image\/","url":"https:\/\/secure.gravatar.com\/avatar\/66994b632cb8c39a46b9f54afa3ae07201b678d32a54275b6f1c9ffec356bfc0?s=96&d=mm&r=g","contentUrl":"https:\/\/secure.gravatar.com\/avatar\/66994b632cb8c39a46b9f54afa3ae07201b678d32a54275b6f1c9ffec356bfc0?s=96&d=mm&r=g","caption":"radekmalina"},"url":"https:\/\/www.welovecycling.com\/cs\/author\/radekmalina\/"}]}},"_links":{"self":[{"href":"https:\/\/www.welovecycling.com\/cs\/wp-json\/wp\/v2\/posts\/25462","targetHints":{"allow":["GET"]}}],"collection":[{"href":"https:\/\/www.welovecycling.com\/cs\/wp-json\/wp\/v2\/posts"}],"about":[{"href":"https:\/\/www.welovecycling.com\/cs\/wp-json\/wp\/v2\/types\/post"}],"author":[{"embeddable":true,"href":"https:\/\/www.welovecycling.com\/cs\/wp-json\/wp\/v2\/users\/138"}],"replies":[{"embeddable":true,"href":"https:\/\/www.welovecycling.com\/cs\/wp-json\/wp\/v2\/comments?post=25462"}],"version-history":[{"count":4,"href":"https:\/\/www.welovecycling.com\/cs\/wp-json\/wp\/v2\/posts\/25462\/revisions"}],"predecessor-version":[{"id":25466,"href":"https:\/\/www.welovecycling.com\/cs\/wp-json\/wp\/v2\/posts\/25462\/revisions\/25466"}],"wp:featuredmedia":[{"embeddable":true,"href":"https:\/\/www.welovecycling.com\/cs\/wp-json\/wp\/v2\/media\/23689"}],"wp:attachment":[{"href":"https:\/\/www.welovecycling.com\/cs\/wp-json\/wp\/v2\/media?parent=25462"}],"wp:term":[{"taxonomy":"category","embeddable":true,"href":"https:\/\/www.welovecycling.com\/cs\/wp-json\/wp\/v2\/categories?post=25462"},{"taxonomy":"post_tag","embeddable":true,"href":"https:\/\/www.welovecycling.com\/cs\/wp-json\/wp\/v2\/tags?post=25462"},{"taxonomy":"global-categories","embeddable":true,"href":"https:\/\/www.welovecycling.com\/cs\/wp-json\/wp\/v2\/global-categories?post=25462"}],"curies":[{"name":"wp","href":"https:\/\/api.w.org\/{rel}","templated":true}]}}