{"id":25312,"date":"2024-04-26T12:00:10","date_gmt":"2024-04-26T10:00:10","guid":{"rendered":"https:\/\/www.welovecycling.com\/cs\/?p=25312"},"modified":"2024-04-26T12:27:21","modified_gmt":"2024-04-26T10:27:21","slug":"kolo-jako-stetec-mapa-platnem-aneb-kdyz-cykliste-maluji-rekordy","status":"publish","type":"post","link":"https:\/\/www.welovecycling.com\/cs\/2024\/04\/26\/kolo-jako-stetec-mapa-platnem-aneb-kdyz-cykliste-maluji-rekordy\/","title":{"rendered":"Kolo jako \u0161t\u011btec! Kdy\u017e cyklist\u00e9 maluj\u00ed rekordy"},"content":{"rendered":"<p><strong>Kr\u00e1sa um\u011bn\u00ed nen\u00ed definov\u00e1na jedn\u00edm konkr\u00e9tn\u00edm stylem, technikou. Kr\u00e1sa vznik\u00e1 prost\u0159ednictv\u00edm lidsk\u00e9 kreativity a vize a \u010dasto zp\u016fsobem, kter\u00fd si ostatn\u00ed nedok\u00e1\u017eou p\u0159edstavit. Dokud ji neuvid\u00ed. My bychom v\u00e1m te\u010f r\u00e1di p\u0159edstavili nov\u00fd sm\u011br, kter\u00fd u\u017e z\u00edskal sv\u00e9 vlastn\u00ed hrd\u00e9 jm\u00e9no \u2013 Strava Art.<\/strong><\/p>\n<p>Ta dv\u011b slova asi net\u0159eba vysv\u011btlovat, zvl\u00e1\u0161\u0165 ne cyklist\u016fm. Proto\u017ee zn\u00e1te to \u2013 co nen\u00ed na Strav\u011b, se nestalo. Na t\u00e9to platform\u011b se ukl\u00e1daj\u00ed na\u0161e sportovn\u00ed velev\u00fdkony, fotografie, z\u00e1\u017eitky a vzpom\u00ednky. A proto\u017ee je tahle apka napojen\u00e1 na GPS, na\u0161e \u017eivoty v\u00a0pohybu vykresluje do mapy.<\/p>\n<p>A\u010dkoliv aplikace nebyla vytv\u00e1\u0159ena se z\u00e1m\u011brem poskytnout um\u011blc\u016fm zp\u016fsob, jak vyj\u00e1d\u0159it sv\u016fj talent. Tihle nez\u00e1visl\u00ed myslitel\u00e9 si uv\u011bdomili jej\u00ed potenci\u00e1l. Tedy \u017ee mohou pou\u017e\u00edt sv\u00e9 svaly, navigaci a t\u00edm tvo\u0159it \u00fa\u017easn\u011b slo\u017eit\u00e9 kresby.<\/p>\n<p>&nbsp;<\/p>\n<p>B\u00fdt Strava um\u011blcem nen\u00ed ani tak o \u0161lap\u00e1n\u00ed co nejd\u00e1l nebo co nejrychleji. M\u00edsto toho jsou nezbytn\u00fdmi vlastnostmi pro vytvo\u0159en\u00ed skute\u010dn\u011b inspirativn\u00edho d\u00edla kreativita a schopnost vid\u011bt sv\u011bt tro\u0161ku jinou optikou. Prost\u011b um\u011blecky.<\/p>\n<p>A poj\u010fme na to rovnou zostra, proto\u017ee letos se stalo cosi v\u00fdjime\u010dn\u00e9ho. Rekord! A to v\u0161e ve jm\u00e9nu dobr\u00e9 v\u011bci a olympi\u00e1dy. Guillaume Koudlansky de Lustrac a Vincent Br\u00e9mond vyrazili koncem ledna zpod Eiffelovy v\u011b\u017ee v Pa\u0159\u00ed\u017ei a kdy\u017e se za deset dn\u016f vr\u00e1tili na stejn\u00e9 m\u00edsto, Strava jim d\u00e9lku j\u00edzdy zm\u011b\u0159ila na 2196,21 km. Doba j\u00edzdy 96 hodin 11 minut neboli \u010dty\u0159i cel\u00e9 dny pr\u016fm\u011brnou rychlost\u00ed 22,8 km\/h a celkov\u00fdm p\u0159ev\u00fd\u0161en\u00edm 14 712 m.<\/p>\n<p><a href=\"https:\/\/d2p6e6u75xmxt8.cloudfront.net\/13\/2024\/04\/Olympic_rings_header.webp\"><img loading=\"lazy\" decoding=\"async\" class=\"alignnone size-extra-large wp-image-25314\" src=\"https:\/\/d2p6e6u75xmxt8.cloudfront.net\/13\/2024\/04\/Olympic_rings_header-1920x768.webp\" alt=\"\" width=\"1920\" height=\"768\" srcset=\"https:\/\/d2p6e6u75xmxt8.cloudfront.net\/13\/2024\/04\/Olympic_rings_header-1920x768.webp 1920w, https:\/\/d2p6e6u75xmxt8.cloudfront.net\/13\/2024\/04\/Olympic_rings_header-300x120.webp 300w, https:\/\/d2p6e6u75xmxt8.cloudfront.net\/13\/2024\/04\/Olympic_rings_header-1024x410.webp 1024w, https:\/\/d2p6e6u75xmxt8.cloudfront.net\/13\/2024\/04\/Olympic_rings_header-768x307.webp 768w, https:\/\/d2p6e6u75xmxt8.cloudfront.net\/13\/2024\/04\/Olympic_rings_header-1536x614.webp 1536w, https:\/\/d2p6e6u75xmxt8.cloudfront.net\/13\/2024\/04\/Olympic_rings_header-2048x819.webp 2048w, https:\/\/d2p6e6u75xmxt8.cloudfront.net\/13\/2024\/04\/Olympic_rings_header-400x160.webp 400w, https:\/\/d2p6e6u75xmxt8.cloudfront.net\/13\/2024\/04\/Olympic_rings_header-1920x768.webp 1920w\" sizes=\"auto, (max-width: 1920px) 100vw, 1920px\" \/><\/a>A to hlavn\u00ed \u2013 tandem pomaloval svou j\u00edzdou Francii olympijsk\u00fdmi kruhy. Proto\u017ee kdo to snad nev\u00ed, u Seiny to letos 26. \u010dervence vypukne. Bylo by to pot\u0159et\u00ed, co byl rekord v\u00a0d\u00e9lce GPS mal\u016fvky p\u0159ekon\u00e1n, a to v\u0161e francouzsk\u00fdmi t\u00fdmy. Snad pro ty d\u00e1vn\u00e9 um\u011bleck\u00e9 ko\u0159eny, co tahle zem\u011b m\u00e1.<\/p>\n<p>Jedna \u010dty\u0159\u010dlenn\u00e1 parti\u010dka vykreslila v \u0159\u00edjnu 2022 velociraptora o d\u00e9lce 1024 km, co ho vid\u00edte na \u00favodn\u00edm obr\u00e1zku. Jejich c\u00edlem bylo zv\u00fd\u0161it pov\u011bdom\u00ed ve\u0159ejnosti o zm\u011bn\u011b klimatu. Ujeli kv\u016fli tomu 7237 km za 131 dn\u00ed a nastoupali p\u0159i tom 71454 metr\u016f (= 8 Everest\u016f).<\/p>\n<h2><strong>Srdce dr\u017eelo rekord Strava Art<\/strong><\/h2>\n<p>N\u00e1sledn\u011b Fr\u00e9d\u00e9ric de Lanouvelle a jeho dcera Mathilde rekord nejdel\u0161\u00ed kresby posunuli d\u00edk sv\u00e9mu srdci vepsan\u00e9mu doprost\u0159ed Francie. M\u011b\u0159ilo 2161 kilometr\u016f a trvalo 16 dn\u00ed, ne\u017e provedli posledn\u00ed tah. Ehm, \u0161l\u00e1pnut\u00ed.<\/p>\n<p>Jejich c\u00edlem bylo z\u00edskat prost\u0159edky pro sdru\u017een\u00ed M\u00e9c\u00e9nat Chirurgie Cardiaque. Ta zachra\u0148uje d\u011bti se srde\u010dn\u00edmi vadami v zem\u00edch, kde je operace nemo\u017en\u00e1 kv\u016fli nedostatku zdroj\u016f. Touto v\u00fdzvou z\u00edskali 26 000 eur, co\u017e pom\u016f\u017ee zachr\u00e1nit dv\u011b d\u011bti.<\/p>\n<p><a href=\"https:\/\/d2p6e6u75xmxt8.cloudfront.net\/13\/2024\/04\/Strava_record.webp\"><img loading=\"lazy\" decoding=\"async\" class=\"alignnone size-extra-large wp-image-25317\" src=\"https:\/\/d2p6e6u75xmxt8.cloudfront.net\/13\/2024\/04\/Strava_record-1920x768.webp\" alt=\"\" width=\"1920\" height=\"768\" srcset=\"https:\/\/d2p6e6u75xmxt8.cloudfront.net\/13\/2024\/04\/Strava_record-1920x768.webp 1920w, https:\/\/d2p6e6u75xmxt8.cloudfront.net\/13\/2024\/04\/Strava_record-300x120.webp 300w, https:\/\/d2p6e6u75xmxt8.cloudfront.net\/13\/2024\/04\/Strava_record-1024x410.webp 1024w, https:\/\/d2p6e6u75xmxt8.cloudfront.net\/13\/2024\/04\/Strava_record-768x307.webp 768w, https:\/\/d2p6e6u75xmxt8.cloudfront.net\/13\/2024\/04\/Strava_record-1536x615.webp 1536w, https:\/\/d2p6e6u75xmxt8.cloudfront.net\/13\/2024\/04\/Strava_record-400x160.webp 400w, https:\/\/d2p6e6u75xmxt8.cloudfront.net\/13\/2024\/04\/Strava_record.webp 1997w, https:\/\/d2p6e6u75xmxt8.cloudfront.net\/13\/2024\/04\/Strava_record-1920x768.webp 1920w\" sizes=\"auto, (max-width: 1920px) 100vw, 1920px\" \/><\/a><\/p>\n<p>Koudlansky de Lustrac a Br\u00e9mond p\u0159idali ke st\u00e1vaj\u00edc\u00edmu maximu 34 km a rekord nyn\u00ed pat\u0159\u00ed jim. V\u00edc ne\u017e o prvn\u00ed m\u00edsto \u0161lo i v\u00a0tomto p\u0159\u00edpad\u011b o vy\u0161\u0161\u00ed princip, podporu organizace Le Sport a du C\u0153ur, sport m\u00e1 srdce. Ta finan\u010dn\u011b podporuje profesion\u00e1ln\u00ed i amat\u00e9rsk\u00e9 sportovce.<\/p>\n<div class=\"shortcode-ys-post-pinup\"><article class=\"loop-simple post-25342 post type-post status-publish format-standard has-post-thumbnail hentry category-letape-czech-republic tag-alberto-contador tag-cyklistika tag-giro-ditalia tag-krvaceni-do-mozku tag-letape-czech-republic tag-mozkove-aneurysma tag-silnicni-cyklistika tag-tour-de-france tag-trenink tag-vuelta tag-zdravi-a-trenink global-categories-cycling\" data-postid=\"25342\" role=\"article\" data-post-id=\"25342\" data-word-count=\"607\" data-headline-length=\"89\" data-category=\"L&#039;Etape Czech Republic\" data-global-category=\"Cycling\" data-author=\"Radek Malina, Pavel Novotn\u00fd\" data-published=\"2024-04-24T10:41:10+02:00\" data-published-day=\"Wednesday\">\n    <div class=\"entry-thumbnail article-thumbnail\" content=\"https:\/\/d2p6e6u75xmxt8.cloudfront.net\/13\/2024\/04\/contador-1-150x150.webp\"><a href=\"https:\/\/www.welovecycling.com\/cs\/2024\/04\/24\/krvaceni-do-mozku-jako-dar-alberto-contador-nejen-o-prihode-co-mu-zmenila-zivot\/\" class=\"image-holder\" target=\"_self\"><img decoding=\"async\" loading=\"lazy\" class=\"\" src=\"https:\/\/d2p6e6u75xmxt8.cloudfront.net\/13\/2024\/04\/contador-1-1024x683.webp\" srcset=\"https:\/\/d2p6e6u75xmxt8.cloudfront.net\/13\/2024\/04\/contador-1-scaled.webp 2560w, https:\/\/d2p6e6u75xmxt8.cloudfront.net\/13\/2024\/04\/contador-1-300x200.webp 300w, https:\/\/d2p6e6u75xmxt8.cloudfront.net\/13\/2024\/04\/contador-1-1024x683.webp 1024w, https:\/\/d2p6e6u75xmxt8.cloudfront.net\/13\/2024\/04\/contador-1-768x512.webp 768w, https:\/\/d2p6e6u75xmxt8.cloudfront.net\/13\/2024\/04\/contador-1-1536x1024.webp 1536w, https:\/\/d2p6e6u75xmxt8.cloudfront.net\/13\/2024\/04\/contador-1-2048x1365.webp 2048w, https:\/\/d2p6e6u75xmxt8.cloudfront.net\/13\/2024\/04\/contador-1-1920x1280.webp 1920w, https:\/\/d2p6e6u75xmxt8.cloudfront.net\/13\/2024\/04\/contador-1-400x267.webp 400w, https:\/\/d2p6e6u75xmxt8.cloudfront.net\/13\/2024\/04\/contador-1-272x182.webp 272w, https:\/\/d2p6e6u75xmxt8.cloudfront.net\/13\/2024\/04\/contador-1-1920x1280.webp 1920w\" width=\"1024\" height=\"683\" sizes=\"auto, (min-width: 1200px) 300px, (min-width: 768px) 25vw, 100vw\" alt=\"krvaceni-do-mozku-jako-dar-alberto-contador-nejen-o-prihode-co-mu-zmenila-zivot\"\/><\/a><\/div>    <div class=\"entry-meta\">\n        <a class=\"label label-secondary post-category\" href=\"https:\/\/www.welovecycling.com\/cs\/category\/letape-czech-republic\/\" title=\"L'Etape Czech Republic\">L'Etape Czech Republic<\/a>\n    <\/div>\n    <div class=\"entry-details\">\n        <a href=\"https:\/\/www.welovecycling.com\/cs\/2024\/04\/24\/krvaceni-do-mozku-jako-dar-alberto-contador-nejen-o-prihode-co-mu-zmenila-zivot\/\" class='entry-title-wrapper'>\n            <h3 class=\"entry-title\"><span>Krv\u00e1cen\u00ed do mozku jako dar?! Alberto Contador nejen o p\u0159\u00edhod\u011b, co mu zm\u011bnila \u017eivot<\/span><\/h3>\n        <\/a>\n    <\/div>\n    <\/article>\n<\/div>\n<p>Galerie Strava Art se dnes u\u017e chlub\u00ed sb\u00edrkou tis\u00edc\u016f um\u011bleck\u00fdch d\u011bl, proto\u017ee sv\u016fj talent (sportovn\u00ed i ten kreativn\u00ed) m\u016f\u017ee na <a href=\"https:\/\/www.welovecycling.com\/cs\/2024\/01\/10\/gravel-raketove-roste-potvrdila-strava-co-ukazuji-data-popularni-aplikace\/\">Strav\u011b<\/a> vyj\u00e1d\u0159it kdokoli. Vytvo\u0159en\u00ed trasy m\u016f\u017ee b\u00fdt dal\u0161\u00ed motivac\u00ed, kdy\u017e se zrovna na b\u011bh nebo na kolo nec\u00edt\u00edte.<\/p>\n<p><a href=\"https:\/\/d2p6e6u75xmxt8.cloudfront.net\/13\/2024\/04\/strava-art-scaled.webp\"><img loading=\"lazy\" decoding=\"async\" class=\"alignnone size-extra-large wp-image-25320\" src=\"https:\/\/d2p6e6u75xmxt8.cloudfront.net\/13\/2024\/04\/strava-art-1920x488.webp\" alt=\"\" width=\"1920\" height=\"488\" srcset=\"https:\/\/d2p6e6u75xmxt8.cloudfront.net\/13\/2024\/04\/strava-art-1920x488.webp 1920w, https:\/\/d2p6e6u75xmxt8.cloudfront.net\/13\/2024\/04\/strava-art-300x76.webp 300w, https:\/\/d2p6e6u75xmxt8.cloudfront.net\/13\/2024\/04\/strava-art-1024x260.webp 1024w, https:\/\/d2p6e6u75xmxt8.cloudfront.net\/13\/2024\/04\/strava-art-768x195.webp 768w, https:\/\/d2p6e6u75xmxt8.cloudfront.net\/13\/2024\/04\/strava-art-1536x390.webp 1536w, https:\/\/d2p6e6u75xmxt8.cloudfront.net\/13\/2024\/04\/strava-art-2048x520.webp 2048w, https:\/\/d2p6e6u75xmxt8.cloudfront.net\/13\/2024\/04\/strava-art-400x102.webp 400w, https:\/\/d2p6e6u75xmxt8.cloudfront.net\/13\/2024\/04\/strava-art-1920x488.webp 1920w\" sizes=\"auto, (max-width: 1920px) 100vw, 1920px\" \/><\/a><\/p>\n<p>Mo\u017en\u00e1 to byl i p\u0159\u00edpad b\u011b\u017ece v San Francisku, kter\u00fd sv\u00fdmi maratonkami \u201evy\u0165apal\u201c \u00fa\u017easn\u00e9ho tygra. Jeden Francouz cht\u011bl sv\u011btu pop\u0159\u00e1t hezk\u00e9 V\u00e1noce a po Pa\u0159\u00ed\u017ei najezdil k\u0159\u00ed\u017eem kr\u00e1\u017eem 176 kilometr\u016f, a\u017e vznikla hlava Santy Clause. Pardon, P\u00e8re No\u00ebla, jak mu ve Francii \u0159\u00edkaj\u00ed. A fantastick\u00e1 je i ta \u010darod\u011bjnice na ko\u0161t\u011bti s kocourem pasa\u017e\u00e9rem.<\/p>\n<p>Pro\u010d to ti lidi d\u011blaj\u00ed? \u0159eknete si mo\u017en\u00e1. Pro\u010d? Proto\u017ee jedou na kole. Proto\u017ee o tom taky tro\u0161ku p\u0159em\u00fd\u0161lej\u00ed. A proto\u017ee je to prost\u011b bo\u017e\u00ed. Wow!<\/p>\n","protected":false},"excerpt":{"rendered":"<p>Kr\u00e1sa um\u011bn\u00ed nen\u00ed definov\u00e1na jedn\u00edm konkr\u00e9tn\u00edm stylem, technikou. Kr\u00e1sa vznik\u00e1 prost\u0159ednictv\u00edm lidsk\u00e9 kreativity a vize a \u010dasto zp\u016fsobem, kter\u00fd si [&hellip;]<\/p>\n","protected":false},"author":138,"featured_media":25318,"comment_status":"open","ping_status":"open","sticky":false,"template":"","format":"standard","meta":{"footnotes":""},"categories":[660],"tags":[948,126,56,617,9,549,3443],"global-categories":[411],"class_list":["post-25312","post","type-post","status-publish","format-standard","has-post-thumbnail","hentry","category-https-www-welovecycling-com-cs-category-zabava","tag-aplikace-strava","tag-cyklistika","tag-horska-cyklistika","tag-olympijske-hry","tag-silnicni-cyklistika","tag-strava","tag-strava-art","global-categories-cycling"],"yoast_head":"<!-- This site is optimized with the Yoast SEO Premium plugin v25.3 (Yoast SEO v25.9) - https:\/\/yoast.com\/wordpress\/plugins\/seo\/ -->\n<title>Kolo jako \u0161t\u011btec! Kdy\u017e cyklist\u00e9 maluj\u00ed rekordy | \u0160koda We Love Cycling - \u010cesk\u00e1 republika<\/title>\n<meta name=\"description\" content=\"Kr\u00e1sa um\u011bn\u00ed nen\u00ed definov\u00e1na jedn\u00edm konkr\u00e9tn\u00edm stylem, technikou. Kr\u00e1sa vznik\u00e1 prost\u0159ednictv\u00edm lidsk\u00e9 kreativity a vize a \u010dasto zp\u016fsobem, kter\u00fd si ostatn\u00ed nedok\u00e1\u017eou p\u0159edstavit. Dokud ji neuvid\u00ed. My bychom v\u00e1m te\u010f r\u00e1di p\u0159edstavili nov\u00fd sm\u011br, kter\u00fd u\u017e z\u00edskal sv\u00e9 vlastn\u00ed hrd\u00e9 jm\u00e9no \u2013 Strava Art.\" \/>\n<meta name=\"robots\" content=\"index, follow, max-snippet:-1, max-image-preview:large, max-video-preview:-1\" \/>\n<link rel=\"canonical\" href=\"https:\/\/www.welovecycling.com\/cs\/2024\/04\/26\/kolo-jako-stetec-mapa-platnem-aneb-kdyz-cykliste-maluji-rekordy\/\" \/>\n<meta property=\"og:locale\" content=\"cs_CZ\" \/>\n<meta property=\"og:type\" content=\"article\" \/>\n<meta property=\"og:title\" content=\"Kolo jako \u0161t\u011btec! Kdy\u017e cyklist\u00e9 maluj\u00ed rekordy\" \/>\n<meta property=\"og:description\" content=\"Kr\u00e1sa um\u011bn\u00ed nen\u00ed definov\u00e1na jedn\u00edm konkr\u00e9tn\u00edm stylem, technikou. Kr\u00e1sa vznik\u00e1 prost\u0159ednictv\u00edm lidsk\u00e9 kreativity a vize a \u010dasto zp\u016fsobem, kter\u00fd si ostatn\u00ed nedok\u00e1\u017eou p\u0159edstavit. Dokud ji neuvid\u00ed. My bychom v\u00e1m te\u010f r\u00e1di p\u0159edstavili nov\u00fd sm\u011br, kter\u00fd u\u017e z\u00edskal sv\u00e9 vlastn\u00ed hrd\u00e9 jm\u00e9no \u2013 Strava Art.\" \/>\n<meta property=\"og:url\" content=\"https:\/\/www.welovecycling.com\/cs\/2024\/04\/26\/kolo-jako-stetec-mapa-platnem-aneb-kdyz-cykliste-maluji-rekordy\/\" \/>\n<meta property=\"og:site_name\" content=\"\u0160koda We Love Cycling - \u010cesk\u00e1 republika\" \/>\n<meta property=\"article:published_time\" content=\"2024-04-26T10:00:10+00:00\" \/>\n<meta property=\"article:modified_time\" content=\"2024-04-26T10:27:21+00:00\" \/>\n<meta property=\"og:image\" content=\"https:\/\/d2p6e6u75xmxt8.cloudfront.net\/13\/2024\/04\/Strava-Art_Velociraptor.webp\" \/>\n\t<meta property=\"og:image:width\" content=\"2500\" \/>\n\t<meta property=\"og:image:height\" content=\"1000\" \/>\n\t<meta property=\"og:image:type\" content=\"image\/webp\" \/>\n<meta name=\"author\" content=\"radekmalina\" \/>\n<meta name=\"twitter:card\" content=\"summary_large_image\" \/>\n<meta name=\"twitter:label1\" content=\"Written by\" \/>\n\t<meta name=\"twitter:data1\" content=\"Radek Malina, Pavel Novotn\u00fd\" \/>\n\t<meta name=\"twitter:label2\" content=\"Est. reading time\" \/>\n\t<meta name=\"twitter:data2\" content=\"7\" \/>\n<script type=\"application\/ld+json\" class=\"yoast-schema-graph\">{\"@context\":\"https:\/\/schema.org\",\"@graph\":[{\"@type\":\"WebPage\",\"@id\":\"https:\/\/www.welovecycling.com\/cs\/2024\/04\/26\/kolo-jako-stetec-mapa-platnem-aneb-kdyz-cykliste-maluji-rekordy\/\",\"url\":\"https:\/\/www.welovecycling.com\/cs\/2024\/04\/26\/kolo-jako-stetec-mapa-platnem-aneb-kdyz-cykliste-maluji-rekordy\/\",\"name\":\"Kolo jako \u0161t\u011btec! Kdy\u017e cyklist\u00e9 maluj\u00ed rekordy | \u0160koda We Love Cycling - \u010cesk\u00e1 republika\",\"isPartOf\":{\"@id\":\"https:\/\/www.welovecycling.com\/cs\/#website\"},\"primaryImageOfPage\":{\"@id\":\"https:\/\/www.welovecycling.com\/cs\/2024\/04\/26\/kolo-jako-stetec-mapa-platnem-aneb-kdyz-cykliste-maluji-rekordy\/#primaryimage\"},\"image\":{\"@id\":\"https:\/\/www.welovecycling.com\/cs\/2024\/04\/26\/kolo-jako-stetec-mapa-platnem-aneb-kdyz-cykliste-maluji-rekordy\/#primaryimage\"},\"thumbnailUrl\":\"https:\/\/d2p6e6u75xmxt8.cloudfront.net\/13\/2024\/04\/Strava-Art_Velociraptor.webp\",\"datePublished\":\"2024-04-26T10:00:10+00:00\",\"dateModified\":\"2024-04-26T10:27:21+00:00\",\"author\":{\"@id\":\"https:\/\/www.welovecycling.com\/cs\/#\/schema\/person\/d9eeb0a378f3a7e4a6d12d2b536b04b8\"},\"description\":\"Kr\u00e1sa um\u011bn\u00ed nen\u00ed definov\u00e1na jedn\u00edm konkr\u00e9tn\u00edm stylem, technikou. Kr\u00e1sa vznik\u00e1 prost\u0159ednictv\u00edm lidsk\u00e9 kreativity a vize a \u010dasto zp\u016fsobem, kter\u00fd si ostatn\u00ed nedok\u00e1\u017eou p\u0159edstavit. Dokud ji neuvid\u00ed. My bychom v\u00e1m te\u010f r\u00e1di p\u0159edstavili nov\u00fd sm\u011br, kter\u00fd u\u017e z\u00edskal sv\u00e9 vlastn\u00ed hrd\u00e9 jm\u00e9no \u2013 Strava Art.\",\"inLanguage\":\"cs\",\"potentialAction\":[{\"@type\":\"ReadAction\",\"target\":[\"https:\/\/www.welovecycling.com\/cs\/2024\/04\/26\/kolo-jako-stetec-mapa-platnem-aneb-kdyz-cykliste-maluji-rekordy\/\"]}]},{\"@type\":\"ImageObject\",\"inLanguage\":\"cs\",\"@id\":\"https:\/\/www.welovecycling.com\/cs\/2024\/04\/26\/kolo-jako-stetec-mapa-platnem-aneb-kdyz-cykliste-maluji-rekordy\/#primaryimage\",\"url\":\"https:\/\/d2p6e6u75xmxt8.cloudfront.net\/13\/2024\/04\/Strava-Art_Velociraptor.webp\",\"contentUrl\":\"https:\/\/d2p6e6u75xmxt8.cloudfront.net\/13\/2024\/04\/Strava-Art_Velociraptor.webp\",\"width\":2500,\"height\":1000},{\"@type\":\"WebSite\",\"@id\":\"https:\/\/www.welovecycling.com\/cs\/#website\",\"url\":\"https:\/\/www.welovecycling.com\/cs\/\",\"name\":\"\u0160koda We Love Cycling - \u010cesk\u00e1 republika\",\"description\":\"WeLoveCycling.cz je online magaz\u00edn, kter\u00fd v\u00e1m pravideln\u011b p\u0159in\u00e1\u0161\u00ed rady a tipy, zaj\u00edmav\u00e9 \u010dl\u00e1nky, videa a jedine\u010dn\u00e9 report\u00e1\u017ee ze sv\u011bta cyklistiky.\",\"potentialAction\":[{\"@type\":\"SearchAction\",\"target\":{\"@type\":\"EntryPoint\",\"urlTemplate\":\"https:\/\/www.welovecycling.com\/cs\/?s={search_term_string}\"},\"query-input\":{\"@type\":\"PropertyValueSpecification\",\"valueRequired\":true,\"valueName\":\"search_term_string\"}}],\"inLanguage\":\"cs\"},{\"@type\":\"Person\",\"@id\":\"https:\/\/www.welovecycling.com\/cs\/#\/schema\/person\/d9eeb0a378f3a7e4a6d12d2b536b04b8\",\"name\":\"radekmalina\",\"image\":{\"@type\":\"ImageObject\",\"inLanguage\":\"cs\",\"@id\":\"https:\/\/www.welovecycling.com\/cs\/#\/schema\/person\/image\/\",\"url\":\"https:\/\/secure.gravatar.com\/avatar\/66994b632cb8c39a46b9f54afa3ae07201b678d32a54275b6f1c9ffec356bfc0?s=96&d=mm&r=g\",\"contentUrl\":\"https:\/\/secure.gravatar.com\/avatar\/66994b632cb8c39a46b9f54afa3ae07201b678d32a54275b6f1c9ffec356bfc0?s=96&d=mm&r=g\",\"caption\":\"radekmalina\"},\"url\":\"https:\/\/www.welovecycling.com\/cs\/author\/radekmalina\/\"}]}<\/script>\n<!-- \/ Yoast SEO Premium plugin. -->","yoast_head_json":{"title":"Kolo jako \u0161t\u011btec! Kdy\u017e cyklist\u00e9 maluj\u00ed rekordy | \u0160koda We Love Cycling - \u010cesk\u00e1 republika","description":"Kr\u00e1sa um\u011bn\u00ed nen\u00ed definov\u00e1na jedn\u00edm konkr\u00e9tn\u00edm stylem, technikou. Kr\u00e1sa vznik\u00e1 prost\u0159ednictv\u00edm lidsk\u00e9 kreativity a vize a \u010dasto zp\u016fsobem, kter\u00fd si ostatn\u00ed nedok\u00e1\u017eou p\u0159edstavit. Dokud ji neuvid\u00ed. My bychom v\u00e1m te\u010f r\u00e1di p\u0159edstavili nov\u00fd sm\u011br, kter\u00fd u\u017e z\u00edskal sv\u00e9 vlastn\u00ed hrd\u00e9 jm\u00e9no \u2013 Strava Art.","robots":{"index":"index","follow":"follow","max-snippet":"max-snippet:-1","max-image-preview":"max-image-preview:large","max-video-preview":"max-video-preview:-1"},"canonical":"https:\/\/www.welovecycling.com\/cs\/2024\/04\/26\/kolo-jako-stetec-mapa-platnem-aneb-kdyz-cykliste-maluji-rekordy\/","og_locale":"cs_CZ","og_type":"article","og_title":"Kolo jako \u0161t\u011btec! Kdy\u017e cyklist\u00e9 maluj\u00ed rekordy","og_description":"Kr\u00e1sa um\u011bn\u00ed nen\u00ed definov\u00e1na jedn\u00edm konkr\u00e9tn\u00edm stylem, technikou. Kr\u00e1sa vznik\u00e1 prost\u0159ednictv\u00edm lidsk\u00e9 kreativity a vize a \u010dasto zp\u016fsobem, kter\u00fd si ostatn\u00ed nedok\u00e1\u017eou p\u0159edstavit. Dokud ji neuvid\u00ed. My bychom v\u00e1m te\u010f r\u00e1di p\u0159edstavili nov\u00fd sm\u011br, kter\u00fd u\u017e z\u00edskal sv\u00e9 vlastn\u00ed hrd\u00e9 jm\u00e9no \u2013 Strava Art.","og_url":"https:\/\/www.welovecycling.com\/cs\/2024\/04\/26\/kolo-jako-stetec-mapa-platnem-aneb-kdyz-cykliste-maluji-rekordy\/","og_site_name":"\u0160koda We Love Cycling - \u010cesk\u00e1 republika","article_published_time":"2024-04-26T10:00:10+00:00","article_modified_time":"2024-04-26T10:27:21+00:00","og_image":[{"width":2500,"height":1000,"url":"https:\/\/d2p6e6u75xmxt8.cloudfront.net\/13\/2024\/04\/Strava-Art_Velociraptor.webp","type":"image\/webp"}],"author":"radekmalina","twitter_card":"summary_large_image","twitter_misc":{"Written by":"Radek Malina, Pavel Novotn\u00fd","Est. reading time":"7"},"schema":{"@context":"https:\/\/schema.org","@graph":[{"@type":"WebPage","@id":"https:\/\/www.welovecycling.com\/cs\/2024\/04\/26\/kolo-jako-stetec-mapa-platnem-aneb-kdyz-cykliste-maluji-rekordy\/","url":"https:\/\/www.welovecycling.com\/cs\/2024\/04\/26\/kolo-jako-stetec-mapa-platnem-aneb-kdyz-cykliste-maluji-rekordy\/","name":"Kolo jako \u0161t\u011btec! Kdy\u017e cyklist\u00e9 maluj\u00ed rekordy | \u0160koda We Love Cycling - \u010cesk\u00e1 republika","isPartOf":{"@id":"https:\/\/www.welovecycling.com\/cs\/#website"},"primaryImageOfPage":{"@id":"https:\/\/www.welovecycling.com\/cs\/2024\/04\/26\/kolo-jako-stetec-mapa-platnem-aneb-kdyz-cykliste-maluji-rekordy\/#primaryimage"},"image":{"@id":"https:\/\/www.welovecycling.com\/cs\/2024\/04\/26\/kolo-jako-stetec-mapa-platnem-aneb-kdyz-cykliste-maluji-rekordy\/#primaryimage"},"thumbnailUrl":"https:\/\/d2p6e6u75xmxt8.cloudfront.net\/13\/2024\/04\/Strava-Art_Velociraptor.webp","datePublished":"2024-04-26T10:00:10+00:00","dateModified":"2024-04-26T10:27:21+00:00","author":{"@id":"https:\/\/www.welovecycling.com\/cs\/#\/schema\/person\/d9eeb0a378f3a7e4a6d12d2b536b04b8"},"description":"Kr\u00e1sa um\u011bn\u00ed nen\u00ed definov\u00e1na jedn\u00edm konkr\u00e9tn\u00edm stylem, technikou. Kr\u00e1sa vznik\u00e1 prost\u0159ednictv\u00edm lidsk\u00e9 kreativity a vize a \u010dasto zp\u016fsobem, kter\u00fd si ostatn\u00ed nedok\u00e1\u017eou p\u0159edstavit. Dokud ji neuvid\u00ed. My bychom v\u00e1m te\u010f r\u00e1di p\u0159edstavili nov\u00fd sm\u011br, kter\u00fd u\u017e z\u00edskal sv\u00e9 vlastn\u00ed hrd\u00e9 jm\u00e9no \u2013 Strava Art.","inLanguage":"cs","potentialAction":[{"@type":"ReadAction","target":["https:\/\/www.welovecycling.com\/cs\/2024\/04\/26\/kolo-jako-stetec-mapa-platnem-aneb-kdyz-cykliste-maluji-rekordy\/"]}]},{"@type":"ImageObject","inLanguage":"cs","@id":"https:\/\/www.welovecycling.com\/cs\/2024\/04\/26\/kolo-jako-stetec-mapa-platnem-aneb-kdyz-cykliste-maluji-rekordy\/#primaryimage","url":"https:\/\/d2p6e6u75xmxt8.cloudfront.net\/13\/2024\/04\/Strava-Art_Velociraptor.webp","contentUrl":"https:\/\/d2p6e6u75xmxt8.cloudfront.net\/13\/2024\/04\/Strava-Art_Velociraptor.webp","width":2500,"height":1000},{"@type":"WebSite","@id":"https:\/\/www.welovecycling.com\/cs\/#website","url":"https:\/\/www.welovecycling.com\/cs\/","name":"\u0160koda We Love Cycling - \u010cesk\u00e1 republika","description":"WeLoveCycling.cz je online magaz\u00edn, kter\u00fd v\u00e1m pravideln\u011b p\u0159in\u00e1\u0161\u00ed rady a tipy, zaj\u00edmav\u00e9 \u010dl\u00e1nky, videa a jedine\u010dn\u00e9 report\u00e1\u017ee ze sv\u011bta cyklistiky.","potentialAction":[{"@type":"SearchAction","target":{"@type":"EntryPoint","urlTemplate":"https:\/\/www.welovecycling.com\/cs\/?s={search_term_string}"},"query-input":{"@type":"PropertyValueSpecification","valueRequired":true,"valueName":"search_term_string"}}],"inLanguage":"cs"},{"@type":"Person","@id":"https:\/\/www.welovecycling.com\/cs\/#\/schema\/person\/d9eeb0a378f3a7e4a6d12d2b536b04b8","name":"radekmalina","image":{"@type":"ImageObject","inLanguage":"cs","@id":"https:\/\/www.welovecycling.com\/cs\/#\/schema\/person\/image\/","url":"https:\/\/secure.gravatar.com\/avatar\/66994b632cb8c39a46b9f54afa3ae07201b678d32a54275b6f1c9ffec356bfc0?s=96&d=mm&r=g","contentUrl":"https:\/\/secure.gravatar.com\/avatar\/66994b632cb8c39a46b9f54afa3ae07201b678d32a54275b6f1c9ffec356bfc0?s=96&d=mm&r=g","caption":"radekmalina"},"url":"https:\/\/www.welovecycling.com\/cs\/author\/radekmalina\/"}]}},"_links":{"self":[{"href":"https:\/\/www.welovecycling.com\/cs\/wp-json\/wp\/v2\/posts\/25312","targetHints":{"allow":["GET"]}}],"collection":[{"href":"https:\/\/www.welovecycling.com\/cs\/wp-json\/wp\/v2\/posts"}],"about":[{"href":"https:\/\/www.welovecycling.com\/cs\/wp-json\/wp\/v2\/types\/post"}],"author":[{"embeddable":true,"href":"https:\/\/www.welovecycling.com\/cs\/wp-json\/wp\/v2\/users\/138"}],"replies":[{"embeddable":true,"href":"https:\/\/www.welovecycling.com\/cs\/wp-json\/wp\/v2\/comments?post=25312"}],"version-history":[{"count":3,"href":"https:\/\/www.welovecycling.com\/cs\/wp-json\/wp\/v2\/posts\/25312\/revisions"}],"predecessor-version":[{"id":25358,"href":"https:\/\/www.welovecycling.com\/cs\/wp-json\/wp\/v2\/posts\/25312\/revisions\/25358"}],"wp:featuredmedia":[{"embeddable":true,"href":"https:\/\/www.welovecycling.com\/cs\/wp-json\/wp\/v2\/media\/25318"}],"wp:attachment":[{"href":"https:\/\/www.welovecycling.com\/cs\/wp-json\/wp\/v2\/media?parent=25312"}],"wp:term":[{"taxonomy":"category","embeddable":true,"href":"https:\/\/www.welovecycling.com\/cs\/wp-json\/wp\/v2\/categories?post=25312"},{"taxonomy":"post_tag","embeddable":true,"href":"https:\/\/www.welovecycling.com\/cs\/wp-json\/wp\/v2\/tags?post=25312"},{"taxonomy":"global-categories","embeddable":true,"href":"https:\/\/www.welovecycling.com\/cs\/wp-json\/wp\/v2\/global-categories?post=25312"}],"curies":[{"name":"wp","href":"https:\/\/api.w.org\/{rel}","templated":true}]}}