{"id":25256,"date":"2024-04-15T07:34:42","date_gmt":"2024-04-15T05:34:42","guid":{"rendered":"https:\/\/www.welovecycling.com\/cs\/?p=25256"},"modified":"2024-04-15T09:48:26","modified_gmt":"2024-04-15T07:48:26","slug":"proc-se-v-pelotonu-tolik-pada-lepsi-byt-druhy-ale-nazivu-rika-vojtech-repa","status":"publish","type":"post","link":"https:\/\/www.welovecycling.com\/cs\/2024\/04\/15\/proc-se-v-pelotonu-tolik-pada-lepsi-byt-druhy-ale-nazivu-rika-vojtech-repa\/","title":{"rendered":"Pro\u010d peloton tolik kos\u00ed hromadn\u00e9 p\u00e1dy? Lep\u0161\u00ed b\u00fdt druh\u00fd, ale na\u017eivu, \u0159\u00edk\u00e1 Vojt\u011bch \u0158epa"},"content":{"rendered":"<p><strong>D\u011bsiv\u00e9 karamboly, v\u00e1\u017en\u00e1 zran\u011bn\u00ed t\u011bch nejv\u011bt\u0161\u00edch hv\u011bzd. Z\u00e1vodn\u00ed d\u011bn\u00ed v profesion\u00e1ln\u00ed cyklistice v posledn\u00edch t\u00fddnech zast\u00ednily momenty, z kter\u00fdch mraz\u00ed. Pro\u010d jsou k vid\u011bn\u00ed hromadn\u00e9 p\u00e1dy v takov\u00e9m mno\u017estv\u00ed? A lze naj\u00edt \u00fa\u010dinn\u00e1 \u0159e\u0161en\u00ed, kter\u00e1 z\u00e1vodn\u00edky ochr\u00e1n\u00ed? Na to jsme hledali odpov\u011bdi s n\u011bkdej\u0161\u00edm profijezdcem a dnes sportovn\u00edm \u0159editelem t\u00fdmu ATT Investments Vojt\u011bchem \u0158epou.<\/strong><\/p>\n<p>N\u011bkdo mo\u017en\u00e1 nam\u00edtne, \u017ee se v pelotonu padalo v\u017edy. \u010cist\u00fd pohled do statistiky, kterou zpracoval odborn\u00fd server ProCyclingStats, ale \u0159\u00edk\u00e1, \u017ee letos se ud\u00e1lo o 19 procent v\u00edce p\u00e1d\u016f ve srovn\u00e1n\u00ed s rokem 2022. A p\u011btina, to u\u017e nen\u00ed m\u00e1lo. Nebo jinak: od za\u010d\u00e1tku sezony se p\u0159i p\u00e1dech v\u00e1\u017en\u011b zranilo 38 jezdc\u016f z World Tour, a to v\u010detn\u011b t\u011bch nejv\u011bt\u0161\u00edch hv\u011bzd.<\/p>\n<p>S ne\u010dekanou rekonvalescenc\u00ed po t\u011b\u017ek\u00e9m karambolu se tak mus\u00ed vyrovn\u00e1vat Wout van Aert, hromadn\u00fd p\u00e1d v Baskicku odnesli t\u011b\u017ek\u00fdm zran\u011bn\u00edm Jonas Vingegaard, Remco Evenepoel i Mikel Landa. Primo\u017e Rogli\u010d m\u011bl obrovsk\u00e9 \u0161t\u011bst\u00ed, na rozd\u00edl od Steffa Crase, kter\u00fd se sv\u011b\u0159il, \u017ee na n\u011bj s\u00e1hla smrt.<\/p>\n<p><a href=\"https:\/\/d2p6e6u75xmxt8.cloudfront.net\/13\/2024\/04\/crash.webp\"><img loading=\"lazy\" decoding=\"async\" class=\"alignnone size-full wp-image-25267\" src=\"https:\/\/d2p6e6u75xmxt8.cloudfront.net\/13\/2024\/04\/crash.webp\" alt=\"\" width=\"1347\" height=\"717\" srcset=\"https:\/\/d2p6e6u75xmxt8.cloudfront.net\/13\/2024\/04\/crash.webp 1347w, https:\/\/d2p6e6u75xmxt8.cloudfront.net\/13\/2024\/04\/crash-300x160.webp 300w, https:\/\/d2p6e6u75xmxt8.cloudfront.net\/13\/2024\/04\/crash-1024x545.webp 1024w, https:\/\/d2p6e6u75xmxt8.cloudfront.net\/13\/2024\/04\/crash-768x409.webp 768w, https:\/\/d2p6e6u75xmxt8.cloudfront.net\/13\/2024\/04\/crash-400x213.webp 400w\" sizes=\"auto, (max-width: 1347px) 100vw, 1347px\" \/><\/a><\/p>\n<p>V\u00fd\u0161e popsan\u00e9 nazna\u010duje, \u017ee se peloton v sou\u010dasnosti pohybuje na hran\u011b. \u201eBohu\u017eel to tak je. A z pozice sportovn\u00edho \u0159editele mus\u00edm \u0159\u00edct, \u017ee jsem neza\u017eil etapu, aby n\u011bkter\u00e9ho ze z\u00e1vodn\u00edk\u016f neodv\u00e1\u017eeli do nemocnice,\u201c l\u00ed\u010dil Vojt\u011bch \u0158epa do telefonu pouh\u00fd den pot\u00e9, co po prvn\u00ed etap\u011b z\u00e1vodu Tour du Loir et Cher doprov\u00e1zel Bartosze Rudyka na d\u016fkladn\u00e9 vy\u0161et\u0159en\u00ed po hromadn\u00e9m p\u00e1du.<\/p>\n<h2><strong>Hromadn\u00e9 p\u00e1dy vinou druh\u00fdch<\/strong><\/h2>\n<p>Jak ale n\u011bkdej\u0161\u00ed jezdec t\u00fdmu Equipo Kern Pharma upozor\u0148uje, \u010dist\u011b o z\u00e1le\u017eitost leto\u0161n\u00edho roku nejde. \u201eZa\u010dal jsem si toho v\u0161\u00edmat je\u0161t\u011b jako z\u00e1vodn\u00edk a byl to rozhodn\u011b jeden z faktor\u016f, kter\u00fd vedle zdravotn\u00edch d\u016fvod\u016f p\u0159isp\u011bl k m\u00e9mu rozhodov\u00e1n\u00ed o konci kari\u00e9ry. Kdy jsem si \u0159ekl, \u017ee m\u00e1m sv\u00e9 zdrav\u00ed v\u00e1\u017en\u011b r\u00e1d. Je to dlouhodob\u011bj\u0161\u00ed trend. Bal\u00edk se chov\u00e1 jinak, ne\u017e tomu b\u00fdvalo d\u0159\u00edv,\u201c p\u0159em\u00edtal \u0158epa, jen\u017e loni \u0161okoval sv\u00fdm rozhodnut\u00edm ukon\u010dit v pouh\u00fdch 23 letech profesion\u00e1ln\u00ed kari\u00e9ru.<\/p>\n<p>Co se tedy v pelotonu d\u011bje? \u201eVe zkratce jde prim\u00e1rn\u011b o to, \u017ee se absolutn\u011b vytratil respekt a z\u00e1vodn\u00edci jsou bezohledn\u00ed v\u016f\u010di zdrav\u00ed n\u011bkoho jin\u00e9ho. Jdou v\u011bdom\u011b do rizika ohro\u017een\u00ed sebe sama, ale neuv\u011bdomuj\u00ed si, \u017ee mohou ohrozit i ostatn\u00ed. A to je nejv\u011bt\u0161\u00ed probl\u00e9m sou\u010dasn\u00e9 cyklistiky. Podle m\u011b z 90 procent skon\u010d\u00ed jezdci na zemi vinou n\u011bkoho jin\u00e9ho, kdo se vrhl do rizikov\u00e9ho m\u00edsta bezhlav\u011b. Bu\u010f to vyjde, nebo ne. Parag\u00e1nsk\u00e1 padina, nulov\u00fd respekt. P\u0159itom by kolikr\u00e1t sta\u010dilo p\u00e1r vte\u0159in po\u010dkat,\u201c lamentoval \u010desk\u00fd \u0161ampion kategorie U23 z roku 2020.<\/p>\n<figure id=\"attachment_25255\" aria-describedby=\"caption-attachment-25255\" style=\"width: 1800px\" class=\"wp-caption alignnone\"><a href=\"https:\/\/d2p6e6u75xmxt8.cloudfront.net\/13\/2024\/04\/profimedia-0862189406.webp\"><img loading=\"lazy\" decoding=\"async\" class=\"size-full wp-image-25255\" src=\"https:\/\/d2p6e6u75xmxt8.cloudfront.net\/13\/2024\/04\/profimedia-0862189406.webp\" alt=\"Hromadn\u00e9 p\u00e1dy si \u010dasto vyb\u00edraj\u00ed ob\u011bti i mezi hv\u011bzdami. Jednou z nich byl v Baskicku Primo\u017e Rogli\u010d.\" width=\"1800\" height=\"1200\" srcset=\"https:\/\/d2p6e6u75xmxt8.cloudfront.net\/13\/2024\/04\/profimedia-0862189406.webp 1800w, https:\/\/d2p6e6u75xmxt8.cloudfront.net\/13\/2024\/04\/profimedia-0862189406-300x200.webp 300w, https:\/\/d2p6e6u75xmxt8.cloudfront.net\/13\/2024\/04\/profimedia-0862189406-1024x683.webp 1024w, https:\/\/d2p6e6u75xmxt8.cloudfront.net\/13\/2024\/04\/profimedia-0862189406-768x512.webp 768w, https:\/\/d2p6e6u75xmxt8.cloudfront.net\/13\/2024\/04\/profimedia-0862189406-1536x1024.webp 1536w, https:\/\/d2p6e6u75xmxt8.cloudfront.net\/13\/2024\/04\/profimedia-0862189406-400x267.webp 400w, https:\/\/d2p6e6u75xmxt8.cloudfront.net\/13\/2024\/04\/profimedia-0862189406-272x182.webp 272w\" sizes=\"auto, (max-width: 1800px) 100vw, 1800px\" \/><\/a><figcaption id=\"caption-attachment-25255\" class=\"wp-caption-text\"><em>Hromadn\u00e9 p\u00e1dy si \u010dasto vyb\u00edraj\u00ed ob\u011bti i mezi hv\u011bzdami. Jednou z nich byl v Baskicku Primo\u017e Rogli\u010d.<\/em><\/figcaption><\/figure>\n<p>Kdy\u017e \u0158epa hovo\u0159\u00ed o ztr\u00e1t\u011b respektu, m\u00ed\u0159\u00ed prim\u00e1rn\u011b na mlad\u0161\u00ed jezdce. Jenom\u017ee kdy\u017e je na n\u011b dnes vyv\u00edjen takov\u00fd tlak? \u201eZa\u017eil jsem kdysi n\u011bco podobn\u00e9ho na juniorsk\u00fdch z\u00e1vodech v It\u00e1lii, kde to byla tot\u00e1ln\u00ed divo\u010dina, p\u00e1d za p\u00e1dem. A podobn\u011b se chov\u00e1 bal\u00edk dnes. Mlad\u00ed jezdci z development t\u00fdm\u016f maj\u00ed enormn\u00ed p\u0159\u00edle\u017eitost a cht\u011bj\u00ed tohle riziko podstupovat. T\u00edm nijak neobvi\u0148uji veden\u00ed t\u011bch t\u00fdm\u016f, ta my\u0161lenka rozvoje pro mlad\u00e9 je skv\u011bl\u00e1. Ale jezdci bohu\u017eel c\u00edt\u00ed obrovskou \u0161anci a jdou za hranu. P\u0159itom \u010dist\u011b technicky jsou na tom mysl\u00edm dob\u0159e, sp\u00ed\u0161 je\u0161t\u011b nemaj\u00ed dovyvinutou rozumovou str\u00e1nku a chyb\u00ed jim ur\u010dit\u00fd cit pro situaci,\u201c mrz\u00ed \u00fa\u010dastn\u00edka Vuelty v roce 2022.<\/p>\n<h2><strong>Na vin\u011b je pokrok<\/strong><\/h2>\n<p>\u0158epova slova potvrzuje statistika UCI, podle n\u00ed\u017e jsou p\u00e1dy z 50 procent zp\u016fsobeny chov\u00e1n\u00edm jezdc\u016f. Sou\u010dasn\u011b se ale vypichuj\u00ed i dal\u0161\u00ed faktory. Z\u00e1vodn\u00edci maj\u00ed k dispozici st\u00e1le lep\u0161\u00ed stroje, k tomu podstupuj\u00ed mnohem sofistikovan\u011bj\u0161\u00ed tr\u00e9nink vedouc\u00ed k vy\u0161\u0161\u00ed v\u00fdkonnosti, v\u00fd\u017eiva je o n\u011bkolik sv\u011bteln\u00fdch let d\u00e1l, ne\u017e b\u00fdvala p\u0159ed dek\u00e1dou.<\/p>\n<div class=\"shortcode-ys-post-pinup\"><article class=\"loop-simple post-25199 post type-post status-publish format-standard has-post-thumbnail hentry category-https-www-welovecycling-com-cs-category-zabava tag-afolove tag-cyklistika tag-fred-wright tag-horska-cyklistika tag-lego tag-mark-cavendish tag-trenink tag-zdravi-a-trenink tag-zoe-backstedt global-categories-cycling\" data-postid=\"25199\" role=\"article\" data-post-id=\"25199\" data-word-count=\"459\" data-headline-length=\"82\" data-category=\"Z\u00c1BAVA\" data-global-category=\"Cycling\" data-author=\"We Love Cycling\" data-published=\"2024-04-10T07:59:02+02:00\" data-published-day=\"Wednesday\">\n    <div class=\"entry-thumbnail article-thumbnail\" content=\"https:\/\/d2p6e6u75xmxt8.cloudfront.net\/13\/2024\/04\/zoe-150x150.webp\"><a href=\"https:\/\/www.welovecycling.com\/cs\/2024\/04\/10\/vypnu-mobil-zapnu-hudbu-a-jen-stavim-jak-profici-objevili-terapii-jmenem-lego\/\" class=\"image-holder\" target=\"_self\"><img decoding=\"async\" loading=\"lazy\" class=\"\" src=\"https:\/\/d2p6e6u75xmxt8.cloudfront.net\/13\/2024\/04\/zoe.webp\" srcset=\"https:\/\/d2p6e6u75xmxt8.cloudfront.net\/13\/2024\/04\/zoe.webp 765w, https:\/\/d2p6e6u75xmxt8.cloudfront.net\/13\/2024\/04\/zoe-287x300.webp 287w, https:\/\/d2p6e6u75xmxt8.cloudfront.net\/13\/2024\/04\/zoe-382x400.webp 382w\" width=\"765\" height=\"801\" sizes=\"auto, (min-width: 1200px) 300px, (min-width: 768px) 25vw, 100vw\" alt=\"vypnu-mobil-zapnu-hudbu-a-jen-stavim-jak-profici-objevili-terapii-jmenem-lego\"\/><\/a><\/div>    <div class=\"entry-meta\">\n        <a class=\"label label-secondary post-category\" href=\"https:\/\/www.welovecycling.com\/cs\/category\/https-www-welovecycling-com-cs-category-zabava\/\" title=\"Z\u00c1BAVA\">Z\u00c1BAVA<\/a>\n    <\/div>\n    <div class=\"entry-details\">\n        <a href=\"https:\/\/www.welovecycling.com\/cs\/2024\/04\/10\/vypnu-mobil-zapnu-hudbu-a-jen-stavim-jak-profici-objevili-terapii-jmenem-lego\/\" class='entry-title-wrapper'>\n            <h3 class=\"entry-title\"><span>Vypnu mobil, zapnu hudbu a jen stav\u00edm. Jak prof\u00edci objevili terapii jm\u00e9nem Lego<\/span><\/h3>\n        <\/a>\n    <\/div>\n    <\/article>\n<\/div>\n<p>Z toho plyne enormn\u00ed rychlost, kterou se peloton v sou\u010dasnosti pohybuje \u2013 sta\u010d\u00ed p\u0159ipomenout neskute\u010dn\u00fd pr\u016fm\u011br bezm\u00e1la 48 km\/h, kter\u00fdm si Mathieu van der Poel dojel pro triumf na ned\u00e1vn\u00e9m Pa\u0159\u00ed\u017e Roubaix. V\u00fdrazn\u011b vy\u0161\u0161\u00ed je i intenzita samotn\u00e9ho z\u00e1vod\u011bn\u00ed.<\/p>\n<div class=\"embed-controller-wrapper\">\n<blockquote class=\"twitter-tweet\" data-width=\"500\" data-dnt=\"true\">\n<p lang=\"en\" dir=\"ltr\">\ud83d\ude31 A huge crash in the leading group has taken down a number of favourites, including Wout van Aert, Mads Pedersen and Biniam Girmay, at Dwars door Vlaanderen \ud83d\udca5\ud83e\udd15<\/p>\n<p>Sending our best wishes to the riders who were involved in the crash. <a href=\"https:\/\/t.co\/hlfuZwhBZd\">pic.twitter.com\/hlfuZwhBZd<\/a><\/p>\n<p>&mdash; Eurosport (@eurosport) <a href=\"https:\/\/twitter.com\/eurosport\/status\/1772993221641044131?ref_src=twsrc%5Etfw\">March 27, 2024<\/a><\/p><\/blockquote>\n<p><script async data-src=\"https:\/\/platform.twitter.com\/widgets.js\" charset=\"utf-8\"><\/script><\/div>\n<p>Neust\u00e1le lep\u0161\u00ed v\u00fdkony pochopiteln\u011b znamenaj\u00ed v\u011bt\u0161\u00ed show pro div\u00e1ky. Drsn\u00e9 karamboly ale p\u0159in\u00e1\u0161ej\u00ed i sekund\u00e1rn\u00ed n\u00e1sledky \u2013 nap\u0159\u00edklad Vingegaardovy \u0161ance po zlomenin\u011b kl\u00ed\u010dn\u00ed kosti a \u017eeber na t\u0159et\u00ed triumf z Tour de France v\u00fdrazn\u011b poklesly, Van Aert zase mus\u00ed o\u017eelet Giro. A to m\u00e1 na cel\u00fd cyklistick\u00fd cirkus pochopiteln\u011b negativn\u00ed vliv. Po ud\u00e1lostech posledn\u00edch t\u00fddn\u016f se proto vyrojila hned cel\u00e1 \u0159ada n\u00e1vrh\u016f na zv\u00fd\u0161en\u00ed bezpe\u010dnosti.<\/p>\n<p>Jak peloton umravnit? UCI t\u0159eba navrhla syst\u00e9m \u017elut\u00fdch a \u010derven\u00fdch karet. \u201eTo by mo\u017en\u00e1 st\u00e1lo za \u00favahu, syst\u00e9m \u017elut\u00e1 karta pokuta, dal\u0161\u00ed proh\u0159e\u0161ek, jde\u0161 ze z\u00e1vodu. Ale um\u00edm si to p\u0159edstavit jen na jedni\u010dkov\u00fdch z\u00e1vodech, aby to bylo pod kamerami. N\u011bco jako VAR ve fotbale, aby ud\u011blen\u00ed penalizace bylo obhajiteln\u00e9. T\u0159eba na kontinent\u00e1ln\u00edch z\u00e1vodech, kde jsou p\u00e1dy je\u0161t\u011b \u010dast\u011bj\u0161\u00ed, to nevid\u00edm \u00fapln\u011b jako re\u00e1ln\u00e9,\u201c p\u0159em\u00edt\u00e1 \u0158epa.<\/p>\n<h2><strong>Omezova\u010d rychlosti jako l\u00e9k?<\/strong><\/h2>\n<p>Sou\u010dasn\u011b zazn\u00edvaj\u00ed hlasy pro zaveden\u00ed rychlostn\u00edho limitu. \u201eJezdce by \u0161lo vybavit transpond\u00e9ry, kter\u00e9 by je upozor\u0148ovaly na p\u0159ekro\u010den\u00ed rychlosti. Ale z toho plyne dal\u0161\u00ed nebezpe\u010d\u00ed. Z\u00e1vodn\u00edkovi zap\u00edp\u00e1 po\u010d\u00edta\u010d, pod\u00edv\u00e1 se pod sebe, na moment ztrat\u00ed koncentraci a ne\u0161t\u011bst\u00ed je na dosah. T\u0159eba n\u00e1\u0161 mechanik, zku\u0161en\u00fd z\u00e1vodn\u00edk a dnes \u0161edes\u00e1tn\u00edk, d\u00e1v\u00e1 sou\u010dasn\u00e9 karamboly za vinu cyklocomputer\u016fm. Hromada lid\u00ed je na n\u011b stra\u0161n\u011b soust\u0159ed\u011bn\u00e1, hl\u00edd\u00e1 si watty, tep, kouk\u00e1 na trasu a podle n\u00ed d\u00e1vkuje p\u0159\u00edsun energie. To jsou sekundy, kdy o\u010di nejsou na silnici, pak sta\u010d\u00ed blb\u00fd pohyb a u\u017e si l\u00edznete,\u201c popisuje \u0158epa.<\/p>\n<figure id=\"attachment_25253\" aria-describedby=\"caption-attachment-25253\" style=\"width: 1200px\" class=\"wp-caption alignnone\"><a href=\"https:\/\/d2p6e6u75xmxt8.cloudfront.net\/13\/2024\/04\/profimedia-0848334378.webp\"><img loading=\"lazy\" decoding=\"async\" class=\"size-full wp-image-25253\" src=\"https:\/\/d2p6e6u75xmxt8.cloudfront.net\/13\/2024\/04\/profimedia-0848334378.webp\" alt=\"Hromadn\u00e9 p\u00e1dy d\u011bs\u00ed letos peloton od sam\u00e9ho \u00favodu sezony\" width=\"1200\" height=\"1800\" srcset=\"https:\/\/d2p6e6u75xmxt8.cloudfront.net\/13\/2024\/04\/profimedia-0848334378.webp 1200w, https:\/\/d2p6e6u75xmxt8.cloudfront.net\/13\/2024\/04\/profimedia-0848334378-200x300.webp 200w, https:\/\/d2p6e6u75xmxt8.cloudfront.net\/13\/2024\/04\/profimedia-0848334378-683x1024.webp 683w, https:\/\/d2p6e6u75xmxt8.cloudfront.net\/13\/2024\/04\/profimedia-0848334378-768x1152.webp 768w, https:\/\/d2p6e6u75xmxt8.cloudfront.net\/13\/2024\/04\/profimedia-0848334378-1024x1536.webp 1024w, https:\/\/d2p6e6u75xmxt8.cloudfront.net\/13\/2024\/04\/profimedia-0848334378-267x400.webp 267w\" sizes=\"auto, (max-width: 1200px) 100vw, 1200px\" \/><\/a><figcaption id=\"caption-attachment-25253\" class=\"wp-caption-text\"><em>Hromadn\u00e9 p\u00e1dy d\u011bs\u00ed letos peloton od sam\u00e9ho \u00favodu sezony. Harold Tejada takhle drsn\u011b okusil asfalt p\u0159i UAE Tour v \u00fanoru.<\/em><\/figcaption><\/figure>\n<p>\u201eNebo se mluv\u00ed o v\u011bkov\u00e9m omezen\u00ed, aby do profipelotonu nevstupovali z\u00e1vodn\u00edci mlad\u0161\u00ed 21 let. To by ale zase cyklistiku hodn\u011b ochudilo o v\u00fdjime\u010dn\u00e9 talenty, kter\u00e9 ji zatraktiv\u0148uj\u00ed. Ten souboj generac\u00ed je ko\u0159en\u00edm. Tak\u017ee to jako re\u00e1ln\u00e9 tak\u00e9 moc nevid\u00edm,\u201c soud\u00ed \u0158epa.<\/p>\n<p>Mezi dal\u0161\u00edmi n\u00e1vrhy na zv\u00fd\u0161en\u00ed bezpe\u010dnosti pak padla s\u00e1zka na technologick\u00fd v\u00fdvoj a mo\u017enost vybavit jezdce ochrann\u00fdmi prvky v\u010detn\u011b airbag\u016f. \u201eAle neum\u00edm si p\u0159edstavit, \u017ee by takov\u00e9 vybaven\u00ed vozili v\u0161ichni silni\u010dn\u00ed cyklist\u00e9 nap\u0159\u00ed\u010d sout\u011b\u017en\u00edmi kategoriemi. Nebo vybaven\u00ed, jak\u00e9 m\u00edvaj\u00ed enduristi. Jet s t\u00edm Vueltu ve \u010dty\u0159iceti stupn\u00edch? Nav\u00edc v moment\u011b, kdy se po\u010d\u00edt\u00e1 ka\u017ed\u00fd watt na kilogram v\u00e1hy a jezdci rad\u011bji vezmou jednop\u0159evodn\u00edk, aby u\u0161et\u0159ili hmotnost,\u201c kr\u010d\u00ed rameny \u0158epa.<\/p>\n<p>Jako jedin\u00e9 rozumn\u00e9 \u0159e\u0161en\u00ed tak nakonec vid\u00ed neust\u00e1lou pr\u00e1ci s ment\u00e1ln\u00edm nastaven\u00edm p\u0159edev\u0161\u00edm mlad\u00fdch z\u00e1vodn\u00edk\u016f. \u201eTo jedin\u00e9 by snad opravdu mohlo p\u0159in\u00e9st n\u011bjak\u00fd efekt. Trval\u00e1 edukace ze strany sportovn\u00edch \u0159editel\u016f, dokola vtloukat mlad\u00fdm jezdc\u016fm do hlavy, \u017ee zdrav\u00ed je jen jedno a n\u011bkdy je lep\u0161\u00ed b\u00fdt druh\u00fd, ale na\u017eivu,\u201c uzav\u00edr\u00e1 Vojt\u011bch \u0158epa.<\/p>\n<p><em>Foto: Profimedia<\/em><\/p>\n","protected":false},"excerpt":{"rendered":"<p>D\u011bsiv\u00e9 karamboly, v\u00e1\u017en\u00e1 zran\u011bn\u00ed t\u011bch nejv\u011bt\u0161\u00edch hv\u011bzd. Z\u00e1vodn\u00ed d\u011bn\u00ed v profesion\u00e1ln\u00ed cyklistice v posledn\u00edch t\u00fddnech zast\u00ednily momenty, z kter\u00fdch mraz\u00ed. [&hellip;]<\/p>\n","protected":false},"author":138,"featured_media":25254,"comment_status":"open","ping_status":"open","sticky":false,"template":"","format":"standard","meta":{"footnotes":""},"categories":[10],"tags":[893,126,1601,102,9,1448,1073,113],"global-categories":[411],"class_list":["post-25256","post","type-post","status-publish","format-standard","has-post-thumbnail","hentry","category-silnicni-cyklistika","tag-cyklisticke-pady","tag-cyklistika","tag-jonas-vingegaard","tag-primoz-roglic","tag-silnicni-cyklistika","tag-vojtech-repa","tag-wout-van-aert","tag-zraneni","global-categories-cycling"],"yoast_head":"<!-- This site is optimized with the Yoast SEO Premium plugin v25.3 (Yoast SEO v25.9) - https:\/\/yoast.com\/wordpress\/plugins\/seo\/ -->\n<title>Pro\u010d peloton tolik kos\u00ed hromadn\u00e9 p\u00e1dy? Lep\u0161\u00ed b\u00fdt druh\u00fd, ale na\u017eivu, \u0159\u00edk\u00e1 Vojt\u011bch \u0158epa | \u0160koda We Love Cycling - \u010cesk\u00e1 republika<\/title>\n<meta name=\"description\" content=\"D\u011bsiv\u00e9 karamboly, v\u00e1\u017en\u00e1 zran\u011bn\u00ed t\u011bch nejv\u011bt\u0161\u00edch hv\u011bzd. Z\u00e1vodn\u00ed d\u011bn\u00ed v profesion\u00e1ln\u00ed cyklistice v posledn\u00edch t\u00fddnech zast\u00ednily momenty, z kter\u00fdch mraz\u00ed. Pro\u010d jsou k vid\u011bn\u00ed hromadn\u00e9 p\u00e1dy v takov\u00e9m mno\u017estv\u00ed? A lze naj\u00edt \u00fa\u010dinn\u00e1 \u0159e\u0161en\u00ed, kter\u00e1 z\u00e1vodn\u00edky ochr\u00e1n\u00ed? Na to jsme hledali odpov\u011bdi s n\u011bkdej\u0161\u00edm profijezdcem a dnes sportovn\u00edm \u0159editelem t\u00fdmu ATT Investments Vojt\u011bchem \u0158epou.\" \/>\n<meta name=\"robots\" content=\"index, follow, max-snippet:-1, max-image-preview:large, max-video-preview:-1\" \/>\n<link rel=\"canonical\" href=\"https:\/\/www.welovecycling.com\/cs\/2024\/04\/15\/proc-se-v-pelotonu-tolik-pada-lepsi-byt-druhy-ale-nazivu-rika-vojtech-repa\/\" \/>\n<meta property=\"og:locale\" content=\"cs_CZ\" \/>\n<meta property=\"og:type\" content=\"article\" \/>\n<meta property=\"og:title\" content=\"Pro\u010d peloton tolik kos\u00ed hromadn\u00e9 p\u00e1dy? Lep\u0161\u00ed b\u00fdt druh\u00fd, ale na\u017eivu, \u0159\u00edk\u00e1 Vojt\u011bch \u0158epa\" \/>\n<meta property=\"og:description\" content=\"D\u011bsiv\u00e9 karamboly, v\u00e1\u017en\u00e1 zran\u011bn\u00ed t\u011bch nejv\u011bt\u0161\u00edch hv\u011bzd. Z\u00e1vodn\u00ed d\u011bn\u00ed v profesion\u00e1ln\u00ed cyklistice v posledn\u00edch t\u00fddnech zast\u00ednily momenty, z kter\u00fdch mraz\u00ed. Pro\u010d jsou k vid\u011bn\u00ed hromadn\u00e9 p\u00e1dy v takov\u00e9m mno\u017estv\u00ed? A lze naj\u00edt \u00fa\u010dinn\u00e1 \u0159e\u0161en\u00ed, kter\u00e1 z\u00e1vodn\u00edky ochr\u00e1n\u00ed? Na to jsme hledali odpov\u011bdi s n\u011bkdej\u0161\u00edm profijezdcem a dnes sportovn\u00edm \u0159editelem t\u00fdmu ATT Investments Vojt\u011bchem \u0158epou.\" \/>\n<meta property=\"og:url\" content=\"https:\/\/www.welovecycling.com\/cs\/2024\/04\/15\/proc-se-v-pelotonu-tolik-pada-lepsi-byt-druhy-ale-nazivu-rika-vojtech-repa\/\" \/>\n<meta property=\"og:site_name\" content=\"\u0160koda We Love Cycling - \u010cesk\u00e1 republika\" \/>\n<meta property=\"article:published_time\" content=\"2024-04-15T05:34:42+00:00\" \/>\n<meta property=\"article:modified_time\" content=\"2024-04-15T07:48:26+00:00\" \/>\n<meta property=\"og:image\" content=\"https:\/\/d2p6e6u75xmxt8.cloudfront.net\/13\/2024\/04\/profimedia-0861960138.webp\" \/>\n\t<meta property=\"og:image:width\" content=\"1800\" \/>\n\t<meta property=\"og:image:height\" content=\"1200\" \/>\n\t<meta property=\"og:image:type\" content=\"image\/webp\" \/>\n<meta name=\"author\" content=\"radekmalina\" \/>\n<meta name=\"twitter:card\" content=\"summary_large_image\" \/>\n<meta name=\"twitter:label1\" content=\"Written by\" \/>\n\t<meta name=\"twitter:data1\" content=\"We Love Cycling\" \/>\n\t<meta name=\"twitter:label2\" content=\"Est. reading time\" \/>\n\t<meta name=\"twitter:data2\" content=\"5\" \/>\n<script type=\"application\/ld+json\" class=\"yoast-schema-graph\">{\"@context\":\"https:\/\/schema.org\",\"@graph\":[{\"@type\":\"WebPage\",\"@id\":\"https:\/\/www.welovecycling.com\/cs\/2024\/04\/15\/proc-se-v-pelotonu-tolik-pada-lepsi-byt-druhy-ale-nazivu-rika-vojtech-repa\/\",\"url\":\"https:\/\/www.welovecycling.com\/cs\/2024\/04\/15\/proc-se-v-pelotonu-tolik-pada-lepsi-byt-druhy-ale-nazivu-rika-vojtech-repa\/\",\"name\":\"Pro\u010d peloton tolik kos\u00ed hromadn\u00e9 p\u00e1dy? Lep\u0161\u00ed b\u00fdt druh\u00fd, ale na\u017eivu, \u0159\u00edk\u00e1 Vojt\u011bch \u0158epa | \u0160koda We Love Cycling - \u010cesk\u00e1 republika\",\"isPartOf\":{\"@id\":\"https:\/\/www.welovecycling.com\/cs\/#website\"},\"primaryImageOfPage\":{\"@id\":\"https:\/\/www.welovecycling.com\/cs\/2024\/04\/15\/proc-se-v-pelotonu-tolik-pada-lepsi-byt-druhy-ale-nazivu-rika-vojtech-repa\/#primaryimage\"},\"image\":{\"@id\":\"https:\/\/www.welovecycling.com\/cs\/2024\/04\/15\/proc-se-v-pelotonu-tolik-pada-lepsi-byt-druhy-ale-nazivu-rika-vojtech-repa\/#primaryimage\"},\"thumbnailUrl\":\"https:\/\/d2p6e6u75xmxt8.cloudfront.net\/13\/2024\/04\/profimedia-0861960138.webp\",\"datePublished\":\"2024-04-15T05:34:42+00:00\",\"dateModified\":\"2024-04-15T07:48:26+00:00\",\"author\":{\"@id\":\"https:\/\/www.welovecycling.com\/cs\/#\/schema\/person\/d9eeb0a378f3a7e4a6d12d2b536b04b8\"},\"description\":\"D\u011bsiv\u00e9 karamboly, v\u00e1\u017en\u00e1 zran\u011bn\u00ed t\u011bch nejv\u011bt\u0161\u00edch hv\u011bzd. Z\u00e1vodn\u00ed d\u011bn\u00ed v profesion\u00e1ln\u00ed cyklistice v posledn\u00edch t\u00fddnech zast\u00ednily momenty, z kter\u00fdch mraz\u00ed. Pro\u010d jsou k vid\u011bn\u00ed hromadn\u00e9 p\u00e1dy v takov\u00e9m mno\u017estv\u00ed? A lze naj\u00edt \u00fa\u010dinn\u00e1 \u0159e\u0161en\u00ed, kter\u00e1 z\u00e1vodn\u00edky ochr\u00e1n\u00ed? Na to jsme hledali odpov\u011bdi s n\u011bkdej\u0161\u00edm profijezdcem a dnes sportovn\u00edm \u0159editelem t\u00fdmu ATT Investments Vojt\u011bchem \u0158epou.\",\"inLanguage\":\"cs\",\"potentialAction\":[{\"@type\":\"ReadAction\",\"target\":[\"https:\/\/www.welovecycling.com\/cs\/2024\/04\/15\/proc-se-v-pelotonu-tolik-pada-lepsi-byt-druhy-ale-nazivu-rika-vojtech-repa\/\"]}]},{\"@type\":\"ImageObject\",\"inLanguage\":\"cs\",\"@id\":\"https:\/\/www.welovecycling.com\/cs\/2024\/04\/15\/proc-se-v-pelotonu-tolik-pada-lepsi-byt-druhy-ale-nazivu-rika-vojtech-repa\/#primaryimage\",\"url\":\"https:\/\/d2p6e6u75xmxt8.cloudfront.net\/13\/2024\/04\/profimedia-0861960138.webp\",\"contentUrl\":\"https:\/\/d2p6e6u75xmxt8.cloudfront.net\/13\/2024\/04\/profimedia-0861960138.webp\",\"width\":1800,\"height\":1200},{\"@type\":\"WebSite\",\"@id\":\"https:\/\/www.welovecycling.com\/cs\/#website\",\"url\":\"https:\/\/www.welovecycling.com\/cs\/\",\"name\":\"\u0160koda We Love Cycling - \u010cesk\u00e1 republika\",\"description\":\"WeLoveCycling.cz je online magaz\u00edn, kter\u00fd v\u00e1m pravideln\u011b p\u0159in\u00e1\u0161\u00ed rady a tipy, zaj\u00edmav\u00e9 \u010dl\u00e1nky, videa a jedine\u010dn\u00e9 report\u00e1\u017ee ze sv\u011bta cyklistiky.\",\"potentialAction\":[{\"@type\":\"SearchAction\",\"target\":{\"@type\":\"EntryPoint\",\"urlTemplate\":\"https:\/\/www.welovecycling.com\/cs\/?s={search_term_string}\"},\"query-input\":{\"@type\":\"PropertyValueSpecification\",\"valueRequired\":true,\"valueName\":\"search_term_string\"}}],\"inLanguage\":\"cs\"},{\"@type\":\"Person\",\"@id\":\"https:\/\/www.welovecycling.com\/cs\/#\/schema\/person\/d9eeb0a378f3a7e4a6d12d2b536b04b8\",\"name\":\"radekmalina\",\"image\":{\"@type\":\"ImageObject\",\"inLanguage\":\"cs\",\"@id\":\"https:\/\/www.welovecycling.com\/cs\/#\/schema\/person\/image\/\",\"url\":\"https:\/\/secure.gravatar.com\/avatar\/66994b632cb8c39a46b9f54afa3ae07201b678d32a54275b6f1c9ffec356bfc0?s=96&d=mm&r=g\",\"contentUrl\":\"https:\/\/secure.gravatar.com\/avatar\/66994b632cb8c39a46b9f54afa3ae07201b678d32a54275b6f1c9ffec356bfc0?s=96&d=mm&r=g\",\"caption\":\"radekmalina\"},\"url\":\"https:\/\/www.welovecycling.com\/cs\/author\/radekmalina\/\"}]}<\/script>\n<!-- \/ Yoast SEO Premium plugin. -->","yoast_head_json":{"title":"Pro\u010d peloton tolik kos\u00ed hromadn\u00e9 p\u00e1dy? Lep\u0161\u00ed b\u00fdt druh\u00fd, ale na\u017eivu, \u0159\u00edk\u00e1 Vojt\u011bch \u0158epa | \u0160koda We Love Cycling - \u010cesk\u00e1 republika","description":"D\u011bsiv\u00e9 karamboly, v\u00e1\u017en\u00e1 zran\u011bn\u00ed t\u011bch nejv\u011bt\u0161\u00edch hv\u011bzd. Z\u00e1vodn\u00ed d\u011bn\u00ed v profesion\u00e1ln\u00ed cyklistice v posledn\u00edch t\u00fddnech zast\u00ednily momenty, z kter\u00fdch mraz\u00ed. Pro\u010d jsou k vid\u011bn\u00ed hromadn\u00e9 p\u00e1dy v takov\u00e9m mno\u017estv\u00ed? A lze naj\u00edt \u00fa\u010dinn\u00e1 \u0159e\u0161en\u00ed, kter\u00e1 z\u00e1vodn\u00edky ochr\u00e1n\u00ed? Na to jsme hledali odpov\u011bdi s n\u011bkdej\u0161\u00edm profijezdcem a dnes sportovn\u00edm \u0159editelem t\u00fdmu ATT Investments Vojt\u011bchem \u0158epou.","robots":{"index":"index","follow":"follow","max-snippet":"max-snippet:-1","max-image-preview":"max-image-preview:large","max-video-preview":"max-video-preview:-1"},"canonical":"https:\/\/www.welovecycling.com\/cs\/2024\/04\/15\/proc-se-v-pelotonu-tolik-pada-lepsi-byt-druhy-ale-nazivu-rika-vojtech-repa\/","og_locale":"cs_CZ","og_type":"article","og_title":"Pro\u010d peloton tolik kos\u00ed hromadn\u00e9 p\u00e1dy? Lep\u0161\u00ed b\u00fdt druh\u00fd, ale na\u017eivu, \u0159\u00edk\u00e1 Vojt\u011bch \u0158epa","og_description":"D\u011bsiv\u00e9 karamboly, v\u00e1\u017en\u00e1 zran\u011bn\u00ed t\u011bch nejv\u011bt\u0161\u00edch hv\u011bzd. Z\u00e1vodn\u00ed d\u011bn\u00ed v profesion\u00e1ln\u00ed cyklistice v posledn\u00edch t\u00fddnech zast\u00ednily momenty, z kter\u00fdch mraz\u00ed. Pro\u010d jsou k vid\u011bn\u00ed hromadn\u00e9 p\u00e1dy v takov\u00e9m mno\u017estv\u00ed? A lze naj\u00edt \u00fa\u010dinn\u00e1 \u0159e\u0161en\u00ed, kter\u00e1 z\u00e1vodn\u00edky ochr\u00e1n\u00ed? Na to jsme hledali odpov\u011bdi s n\u011bkdej\u0161\u00edm profijezdcem a dnes sportovn\u00edm \u0159editelem t\u00fdmu ATT Investments Vojt\u011bchem \u0158epou.","og_url":"https:\/\/www.welovecycling.com\/cs\/2024\/04\/15\/proc-se-v-pelotonu-tolik-pada-lepsi-byt-druhy-ale-nazivu-rika-vojtech-repa\/","og_site_name":"\u0160koda We Love Cycling - \u010cesk\u00e1 republika","article_published_time":"2024-04-15T05:34:42+00:00","article_modified_time":"2024-04-15T07:48:26+00:00","og_image":[{"width":1800,"height":1200,"url":"https:\/\/d2p6e6u75xmxt8.cloudfront.net\/13\/2024\/04\/profimedia-0861960138.webp","type":"image\/webp"}],"author":"radekmalina","twitter_card":"summary_large_image","twitter_misc":{"Written by":"We Love Cycling","Est. reading time":"5"},"schema":{"@context":"https:\/\/schema.org","@graph":[{"@type":"WebPage","@id":"https:\/\/www.welovecycling.com\/cs\/2024\/04\/15\/proc-se-v-pelotonu-tolik-pada-lepsi-byt-druhy-ale-nazivu-rika-vojtech-repa\/","url":"https:\/\/www.welovecycling.com\/cs\/2024\/04\/15\/proc-se-v-pelotonu-tolik-pada-lepsi-byt-druhy-ale-nazivu-rika-vojtech-repa\/","name":"Pro\u010d peloton tolik kos\u00ed hromadn\u00e9 p\u00e1dy? Lep\u0161\u00ed b\u00fdt druh\u00fd, ale na\u017eivu, \u0159\u00edk\u00e1 Vojt\u011bch \u0158epa | \u0160koda We Love Cycling - \u010cesk\u00e1 republika","isPartOf":{"@id":"https:\/\/www.welovecycling.com\/cs\/#website"},"primaryImageOfPage":{"@id":"https:\/\/www.welovecycling.com\/cs\/2024\/04\/15\/proc-se-v-pelotonu-tolik-pada-lepsi-byt-druhy-ale-nazivu-rika-vojtech-repa\/#primaryimage"},"image":{"@id":"https:\/\/www.welovecycling.com\/cs\/2024\/04\/15\/proc-se-v-pelotonu-tolik-pada-lepsi-byt-druhy-ale-nazivu-rika-vojtech-repa\/#primaryimage"},"thumbnailUrl":"https:\/\/d2p6e6u75xmxt8.cloudfront.net\/13\/2024\/04\/profimedia-0861960138.webp","datePublished":"2024-04-15T05:34:42+00:00","dateModified":"2024-04-15T07:48:26+00:00","author":{"@id":"https:\/\/www.welovecycling.com\/cs\/#\/schema\/person\/d9eeb0a378f3a7e4a6d12d2b536b04b8"},"description":"D\u011bsiv\u00e9 karamboly, v\u00e1\u017en\u00e1 zran\u011bn\u00ed t\u011bch nejv\u011bt\u0161\u00edch hv\u011bzd. Z\u00e1vodn\u00ed d\u011bn\u00ed v profesion\u00e1ln\u00ed cyklistice v posledn\u00edch t\u00fddnech zast\u00ednily momenty, z kter\u00fdch mraz\u00ed. Pro\u010d jsou k vid\u011bn\u00ed hromadn\u00e9 p\u00e1dy v takov\u00e9m mno\u017estv\u00ed? A lze naj\u00edt \u00fa\u010dinn\u00e1 \u0159e\u0161en\u00ed, kter\u00e1 z\u00e1vodn\u00edky ochr\u00e1n\u00ed? Na to jsme hledali odpov\u011bdi s n\u011bkdej\u0161\u00edm profijezdcem a dnes sportovn\u00edm \u0159editelem t\u00fdmu ATT Investments Vojt\u011bchem \u0158epou.","inLanguage":"cs","potentialAction":[{"@type":"ReadAction","target":["https:\/\/www.welovecycling.com\/cs\/2024\/04\/15\/proc-se-v-pelotonu-tolik-pada-lepsi-byt-druhy-ale-nazivu-rika-vojtech-repa\/"]}]},{"@type":"ImageObject","inLanguage":"cs","@id":"https:\/\/www.welovecycling.com\/cs\/2024\/04\/15\/proc-se-v-pelotonu-tolik-pada-lepsi-byt-druhy-ale-nazivu-rika-vojtech-repa\/#primaryimage","url":"https:\/\/d2p6e6u75xmxt8.cloudfront.net\/13\/2024\/04\/profimedia-0861960138.webp","contentUrl":"https:\/\/d2p6e6u75xmxt8.cloudfront.net\/13\/2024\/04\/profimedia-0861960138.webp","width":1800,"height":1200},{"@type":"WebSite","@id":"https:\/\/www.welovecycling.com\/cs\/#website","url":"https:\/\/www.welovecycling.com\/cs\/","name":"\u0160koda We Love Cycling - \u010cesk\u00e1 republika","description":"WeLoveCycling.cz je online magaz\u00edn, kter\u00fd v\u00e1m pravideln\u011b p\u0159in\u00e1\u0161\u00ed rady a tipy, zaj\u00edmav\u00e9 \u010dl\u00e1nky, videa a jedine\u010dn\u00e9 report\u00e1\u017ee ze sv\u011bta cyklistiky.","potentialAction":[{"@type":"SearchAction","target":{"@type":"EntryPoint","urlTemplate":"https:\/\/www.welovecycling.com\/cs\/?s={search_term_string}"},"query-input":{"@type":"PropertyValueSpecification","valueRequired":true,"valueName":"search_term_string"}}],"inLanguage":"cs"},{"@type":"Person","@id":"https:\/\/www.welovecycling.com\/cs\/#\/schema\/person\/d9eeb0a378f3a7e4a6d12d2b536b04b8","name":"radekmalina","image":{"@type":"ImageObject","inLanguage":"cs","@id":"https:\/\/www.welovecycling.com\/cs\/#\/schema\/person\/image\/","url":"https:\/\/secure.gravatar.com\/avatar\/66994b632cb8c39a46b9f54afa3ae07201b678d32a54275b6f1c9ffec356bfc0?s=96&d=mm&r=g","contentUrl":"https:\/\/secure.gravatar.com\/avatar\/66994b632cb8c39a46b9f54afa3ae07201b678d32a54275b6f1c9ffec356bfc0?s=96&d=mm&r=g","caption":"radekmalina"},"url":"https:\/\/www.welovecycling.com\/cs\/author\/radekmalina\/"}]}},"_links":{"self":[{"href":"https:\/\/www.welovecycling.com\/cs\/wp-json\/wp\/v2\/posts\/25256","targetHints":{"allow":["GET"]}}],"collection":[{"href":"https:\/\/www.welovecycling.com\/cs\/wp-json\/wp\/v2\/posts"}],"about":[{"href":"https:\/\/www.welovecycling.com\/cs\/wp-json\/wp\/v2\/types\/post"}],"author":[{"embeddable":true,"href":"https:\/\/www.welovecycling.com\/cs\/wp-json\/wp\/v2\/users\/138"}],"replies":[{"embeddable":true,"href":"https:\/\/www.welovecycling.com\/cs\/wp-json\/wp\/v2\/comments?post=25256"}],"version-history":[{"count":11,"href":"https:\/\/www.welovecycling.com\/cs\/wp-json\/wp\/v2\/posts\/25256\/revisions"}],"predecessor-version":[{"id":25259,"href":"https:\/\/www.welovecycling.com\/cs\/wp-json\/wp\/v2\/posts\/25256\/revisions\/25259"}],"wp:featuredmedia":[{"embeddable":true,"href":"https:\/\/www.welovecycling.com\/cs\/wp-json\/wp\/v2\/media\/25254"}],"wp:attachment":[{"href":"https:\/\/www.welovecycling.com\/cs\/wp-json\/wp\/v2\/media?parent=25256"}],"wp:term":[{"taxonomy":"category","embeddable":true,"href":"https:\/\/www.welovecycling.com\/cs\/wp-json\/wp\/v2\/categories?post=25256"},{"taxonomy":"post_tag","embeddable":true,"href":"https:\/\/www.welovecycling.com\/cs\/wp-json\/wp\/v2\/tags?post=25256"},{"taxonomy":"global-categories","embeddable":true,"href":"https:\/\/www.welovecycling.com\/cs\/wp-json\/wp\/v2\/global-categories?post=25256"}],"curies":[{"name":"wp","href":"https:\/\/api.w.org\/{rel}","templated":true}]}}