{"id":25103,"date":"2024-03-27T10:05:23","date_gmt":"2024-03-27T08:05:23","guid":{"rendered":"https:\/\/www.welovecycling.com\/cs\/?p=25103"},"modified":"2024-03-27T10:05:23","modified_gmt":"2024-03-27T08:05:23","slug":"klasiky-pro-vsechny-road-classics-se-blizi-podivejte-se-na-trasy","status":"publish","type":"post","link":"https:\/\/www.welovecycling.com\/cs\/2024\/03\/27\/klasiky-pro-vsechny-road-classics-se-blizi-podivejte-se-na-trasy\/","title":{"rendered":"Klasiky pro v\u0161echny. Road Classics se bl\u00ed\u017e\u00ed, pod\u00edvejte se na trasy"},"content":{"rendered":"<p><strong>Za monumenty nen\u00ed t\u0159eba cestovat na sever Francie, do Flander nebo Tosk\u00e1nska. To se sna\u017e\u00ed uk\u00e1zat seri\u00e1l Road Classics, kter\u00fd nab\u00edz\u00ed s\u00e9rii z\u00e1\u017eitkov\u011b lad\u011bn\u00fdch jednodenn\u00edch v\u00fdzev v\u00a0\u010cesku. Letos amat\u00e9rsk\u00fdm cyklist\u016fm dop\u0159eje j\u00edzdu po uzav\u0159en\u00fdch silnic\u00edch na P\u00e1lav\u011b, v\u00a0Kru\u0161n\u00fdch hor\u00e1ch a na Liberecku s\u00a0fini\u0161em na Je\u0161t\u011bdu. V\u00fdhodn\u011bj\u0161\u00ed startovn\u00e9 je mo\u017en\u00e9 po\u0159\u00eddit do 31. b\u0159ezna.<\/strong><\/p>\n<p>Organiz\u00e1to\u0159i cht\u011bj\u00ed, aby si na sv\u00e9 p\u0159i\u0161li ambici\u00f3zn\u011bji lad\u011bn\u00ed hob\u00edci i ti, kter\u00fdm von\u00ed sp\u00ed\u0161e pohodov\u011bj\u0161\u00ed tempo a k\u00e1va v porcel\u00e1nu na ob\u010derstvova\u010dce. Proto po\u0159adatel\u00e9 z\u00e1jemc\u016fm nab\u00edz\u00ed dva form\u00e1ty. Klasick\u00fd z\u00e1vod a takzvan\u00fd \u0161vih, ve kter\u00e9m se nah\u00e1n\u011bj\u00ed sekundy pouze na n\u011bkolika m\u011b\u0159en\u00fdch segmentech.<\/p>\n<p>\u201eTrefili jsme skupinu cyklist\u016f, co s masov\u00fdmi akcemi za\u010d\u00ednaj\u00ed. \u017deny, co se boj\u00ed jinde z\u00e1vodit s chlapy. Nebo party, co si jdou jednodu\u0161e kolo u\u017e\u00edt. Tento odli\u0161n\u00fd pohled byl na\u0161\u00edm c\u00edlem, a proto jsme \u0161li do form\u00e1tu dvou alternativ. Tedy pojmout \u00fa\u010dast jako z\u00e1vod, nebo \u0161vih. K na\u0161emu p\u0159ekvapen\u00ed byl pom\u011br skoro jedna ku jedn\u00e9,\u201c \u0159\u00edk\u00e1 na z\u00e1klad\u011b lo\u0148sk\u00e9 premi\u00e9ry \u0161\u00e9f projektu Jan Hejda.<\/p>\n<h2><strong>Start po jarn\u00edch monumentech<\/strong><\/h2>\n<p>Road Classics se sebev\u011bdom\u00fdm titulem \u201emonumenty, co t\u011b zvednou ze sedla\u201c letos startuje sez\u00f3nu a\u017e pot\u00e9, co se odml\u010d\u00ed jeho sv\u011btozn\u00e1m\u00e9 \u201esestry\u201c, tradi\u010dn\u00ed jarn\u00ed klasiky. Konkr\u00e9tn\u011b u\u017e 25. kv\u011btna \u00fa\u010dastn\u00edci na silni\u010dn\u00edch kolech prob\u00e1daj\u00ed vina\u0159sk\u00e9 kr\u00e1lovstv\u00ed v\u00a0Jihomoravsk\u00e9m kraji.<\/p>\n<p>Hlavn\u00ed trasa se startem ve Valtic\u00edch m\u011b\u0159\u00ed 143 kilometr\u016f. Jej\u00ed v\u00fdznamnou sou\u010d\u00e1st\u00ed je velk\u00fd okruh Pavlov-Klentnice-Mikulov-Milovice-Zaje\u010d\u00ed-\u0160akvice-Strachot\u00edn-Doln\u00ed V\u011bstonice-Pavlov. Pro m\u00e9n\u011b v\u00fdkonnostn\u00ed \u010dleny pelotonu je p\u0159ipravena varianta, d\u00edky kter\u00e9 si cestu do fini\u0161e u klasicistn\u00ed kolon\u00e1dy Reistna zkr\u00e1t\u00ed o v\u00edce ne\u017e polovinu.<\/p>\n<figure id=\"attachment_25108\" aria-describedby=\"caption-attachment-25108\" style=\"width: 1920px\" class=\"wp-caption alignnone\"><a href=\"https:\/\/d2p6e6u75xmxt8.cloudfront.net\/13\/2024\/03\/RC_Palava.webp\"><img loading=\"lazy\" decoding=\"async\" class=\"size-extra-large wp-image-25108\" src=\"https:\/\/d2p6e6u75xmxt8.cloudfront.net\/13\/2024\/03\/RC_Palava-1920x1920.webp\" alt=\"P\u00e1laaa\" width=\"1920\" height=\"1920\" srcset=\"https:\/\/d2p6e6u75xmxt8.cloudfront.net\/13\/2024\/03\/RC_Palava-1920x1920.webp 1920w, https:\/\/d2p6e6u75xmxt8.cloudfront.net\/13\/2024\/03\/RC_Palava-300x300.webp 300w, https:\/\/d2p6e6u75xmxt8.cloudfront.net\/13\/2024\/03\/RC_Palava-1024x1024.webp 1024w, https:\/\/d2p6e6u75xmxt8.cloudfront.net\/13\/2024\/03\/RC_Palava-150x150.webp 150w, https:\/\/d2p6e6u75xmxt8.cloudfront.net\/13\/2024\/03\/RC_Palava-768x768.webp 768w, https:\/\/d2p6e6u75xmxt8.cloudfront.net\/13\/2024\/03\/RC_Palava-1536x1536.webp 1536w, https:\/\/d2p6e6u75xmxt8.cloudfront.net\/13\/2024\/03\/RC_Palava-2048x2048.webp 2048w, https:\/\/d2p6e6u75xmxt8.cloudfront.net\/13\/2024\/03\/RC_Palava-400x400.webp 400w, https:\/\/d2p6e6u75xmxt8.cloudfront.net\/13\/2024\/03\/RC_Palava-1920x1920.webp 1920w\" sizes=\"auto, (max-width: 1920px) 100vw, 1920px\" \/><\/a><figcaption id=\"caption-attachment-25108\" class=\"wp-caption-text\"><em>P\u00e1lava slibuje v pod\u00e1n\u00ed Road Classic hodn\u011b atraktivn\u00ed svezen\u00ed.<\/em><\/figcaption><\/figure>\n<p>Pot\u00e9 oto\u010d\u00ed s\u00e9rie kormidlo a 3. srpna zam\u00ed\u0159\u00ed na severoz\u00e1pad \u010cech. Kru\u0161nohorsk\u00e1 \u201eklasika\u201c za\u010d\u00edn\u00e1 na Bo\u017e\u00edm Daru. Projede nap\u0159\u00edklad Perninkem, P\u0159ebuz\u00ed nebo Horn\u00ed Blatnou a fini\u0161uje ve velk\u00e9m stylu stoup\u00e1kem na nejvy\u0161\u0161\u00ed vrchol poho\u0159\u00ed, tedy Kl\u00ednovec. I v tomto p\u0159\u00edpad\u011b mohou m\u00e9n\u011b n\u00e1ro\u010dn\u00ed \u00fa\u010dastn\u00edci vyu\u017e\u00edt zkratku.<\/p>\n<figure id=\"attachment_25107\" aria-describedby=\"caption-attachment-25107\" style=\"width: 1080px\" class=\"wp-caption alignnone\"><a href=\"https:\/\/d2p6e6u75xmxt8.cloudfront.net\/13\/2024\/03\/RC_Klinovec.webp\"><img loading=\"lazy\" decoding=\"async\" class=\"size-full wp-image-25107\" src=\"https:\/\/d2p6e6u75xmxt8.cloudfront.net\/13\/2024\/03\/RC_Klinovec.webp\" alt=\"Kl\u00ednovec\" width=\"1080\" height=\"1080\" srcset=\"https:\/\/d2p6e6u75xmxt8.cloudfront.net\/13\/2024\/03\/RC_Klinovec.webp 1080w, https:\/\/d2p6e6u75xmxt8.cloudfront.net\/13\/2024\/03\/RC_Klinovec-300x300.webp 300w, https:\/\/d2p6e6u75xmxt8.cloudfront.net\/13\/2024\/03\/RC_Klinovec-1024x1024.webp 1024w, https:\/\/d2p6e6u75xmxt8.cloudfront.net\/13\/2024\/03\/RC_Klinovec-150x150.webp 150w, https:\/\/d2p6e6u75xmxt8.cloudfront.net\/13\/2024\/03\/RC_Klinovec-768x768.webp 768w, https:\/\/d2p6e6u75xmxt8.cloudfront.net\/13\/2024\/03\/RC_Klinovec-400x400.webp 400w\" sizes=\"auto, (max-width: 1080px) 100vw, 1080px\" \/><\/a><figcaption id=\"caption-attachment-25107\" class=\"wp-caption-text\"><em>Kl\u00ednovec a jeho okol\u00ed bude hostit druh\u00fd d\u00edl Road Classics 2024.<\/em><\/figcaption><\/figure>\n<h2><strong>Road Classics \u010d\u00edt\u00e1 t\u0159i d\u00edly<\/strong><\/h2>\n<p>Zakon\u010den\u00ed ro\u010dn\u00edku obstar\u00e1 Libereck\u00fd kraj, kter\u00fd v z\u00e1\u0159\u00ed 2023 hostil debut Road Classics. Z hlediska profilu \u2013 2350 nastoupan\u00fdch metr\u016f \u2013 jde o nejn\u00e1ro\u010dn\u011bj\u0161\u00ed zkou\u0161ku pro amat\u00e9rsk\u00e9 cyklisty.<\/p>\n<div class=\"shortcode-ys-post-pinup\"><article class=\"loop-simple post-25087 post type-post status-publish format-standard has-post-thumbnail hentry category-rady-tipy tag-cyklistika tag-delka-klik-na-kole tag-dlouha-klika tag-klika-na-kole tag-kratka-klika tag-pedal tag-silnicni-cyklistika tag-zdravi-a-trenink global-categories-cycling\" data-postid=\"25087\" role=\"article\" data-post-id=\"25087\" data-word-count=\"441\" data-headline-length=\"47\" data-category=\"Rady &amp; tipy\" data-global-category=\"Cycling\" data-author=\"We Love Cycling\" data-published=\"2024-03-25T05:30:33+02:00\" data-published-day=\"Monday\">\n    <div class=\"entry-thumbnail article-thumbnail\" content=\"https:\/\/d2p6e6u75xmxt8.cloudfront.net\/13\/2020\/08\/WLC-p\u0159evodn\u00edk-ped\u00e1l-klika-150x150.webp\"><a href=\"https:\/\/www.welovecycling.com\/cs\/2024\/03\/25\/delka-klik-na-kole-jsou-lepsi-kratsi\/\" class=\"image-holder\" target=\"_self\"><img decoding=\"async\" loading=\"lazy\" class=\"\" src=\"https:\/\/d2p6e6u75xmxt8.cloudfront.net\/13\/2020\/08\/WLC-p\u0159evodn\u00edk-ped\u00e1l-klika-1024x683.webp\" srcset=\"https:\/\/d2p6e6u75xmxt8.cloudfront.net\/13\/2020\/08\/WLC-p\u0159evodn\u00edk-ped\u00e1l-klika.webp 1600w, https:\/\/d2p6e6u75xmxt8.cloudfront.net\/13\/2020\/08\/WLC-p\u0159evodn\u00edk-ped\u00e1l-klika-300x200.webp 300w, https:\/\/d2p6e6u75xmxt8.cloudfront.net\/13\/2020\/08\/WLC-p\u0159evodn\u00edk-ped\u00e1l-klika-1024x683.webp 1024w, https:\/\/d2p6e6u75xmxt8.cloudfront.net\/13\/2020\/08\/WLC-p\u0159evodn\u00edk-ped\u00e1l-klika-768x512.webp 768w, https:\/\/d2p6e6u75xmxt8.cloudfront.net\/13\/2020\/08\/WLC-p\u0159evodn\u00edk-ped\u00e1l-klika-1536x1024.webp 1536w, https:\/\/d2p6e6u75xmxt8.cloudfront.net\/13\/2020\/08\/WLC-p\u0159evodn\u00edk-ped\u00e1l-klika-272x182.webp 272w\" width=\"1024\" height=\"683\" sizes=\"auto, (min-width: 1200px) 300px, (min-width: 768px) 25vw, 100vw\" alt=\"delka-klik-na-kole-jsou-lepsi-kratsi\"\/><\/a><\/div>    <div class=\"entry-meta\">\n        <a class=\"label label-secondary post-category\" href=\"https:\/\/www.welovecycling.com\/cs\/category\/rady-tipy\/\" title=\"Rady &amp; tipy\">Rady &amp; tipy<\/a>\n    <\/div>\n    <div class=\"entry-details\">\n        <a href=\"https:\/\/www.welovecycling.com\/cs\/2024\/03\/25\/delka-klik-na-kole-jsou-lepsi-kratsi\/\" class='entry-title-wrapper'>\n            <h3 class=\"entry-title\"><span>D\u00e9lka klik na kole: kdy jsou lep\u0161\u00ed krat\u0161\u00ed?<\/span><\/h3>\n        <\/a>\n    <\/div>\n    <\/article>\n<\/div>\n<p>Prob\u011bhne v sam\u00e9m srdci Jizersk\u00fdch hor na m\u00edstech jako Knajpa nebo Sm\u011bdava. Fin\u00e1le pak p\u0159edstavuje vrchol, ke kter\u00e9mu v\u00fdraz \u201emonument\u201c pasuje dokonale: Je\u0161t\u011bd.<\/p>\n<figure id=\"attachment_25106\" aria-describedby=\"caption-attachment-25106\" style=\"width: 1920px\" class=\"wp-caption alignnone\"><a href=\"https:\/\/d2p6e6u75xmxt8.cloudfront.net\/13\/2024\/03\/RC_Jested.webp\"><img loading=\"lazy\" decoding=\"async\" class=\"size-extra-large wp-image-25106\" src=\"https:\/\/d2p6e6u75xmxt8.cloudfront.net\/13\/2024\/03\/RC_Jested-1920x1920.webp\" alt=\"Je\u0161t\u011bd\" width=\"1920\" height=\"1920\" srcset=\"https:\/\/d2p6e6u75xmxt8.cloudfront.net\/13\/2024\/03\/RC_Jested-1920x1920.webp 1920w, https:\/\/d2p6e6u75xmxt8.cloudfront.net\/13\/2024\/03\/RC_Jested-300x300.webp 300w, https:\/\/d2p6e6u75xmxt8.cloudfront.net\/13\/2024\/03\/RC_Jested-1024x1024.webp 1024w, https:\/\/d2p6e6u75xmxt8.cloudfront.net\/13\/2024\/03\/RC_Jested-150x150.webp 150w, https:\/\/d2p6e6u75xmxt8.cloudfront.net\/13\/2024\/03\/RC_Jested-768x768.webp 768w, https:\/\/d2p6e6u75xmxt8.cloudfront.net\/13\/2024\/03\/RC_Jested-1536x1536.webp 1536w, https:\/\/d2p6e6u75xmxt8.cloudfront.net\/13\/2024\/03\/RC_Jested-2048x2048.webp 2048w, https:\/\/d2p6e6u75xmxt8.cloudfront.net\/13\/2024\/03\/RC_Jested-400x400.webp 400w, https:\/\/d2p6e6u75xmxt8.cloudfront.net\/13\/2024\/03\/RC_Jested-1920x1920.webp 1920w\" sizes=\"auto, (max-width: 1920px) 100vw, 1920px\" \/><\/a><figcaption id=\"caption-attachment-25106\" class=\"wp-caption-text\"><em>Je\u0161t\u011bd nen\u00ed v seri\u00e1lu Road Classics novinkou.\u00a0<\/em><\/figcaption><\/figure>\n<p>\u201eSta\u010d\u00ed jedno slovo: rozmanitost. \u00da\u010dastn\u00edci pojedou po uzav\u0159en\u00fdch silnic\u00edch. Maj\u00ed ve\u0161ker\u00fd servis, profesion\u00e1ln\u00ed z\u00e1zem\u00ed, a to v r\u00e1mci seri\u00e1lu, kter\u00fd je lokalitami extr\u00e9mn\u011b rozmanit\u00fd,\u201c shrnuje technick\u00fd \u0159editel Road Classics Lubor Tesa\u0159, majitel bronzu ze silni\u010dn\u00edho z\u00e1vodu na mistrovstv\u00ed sv\u011bta v roce 1993.<\/p>\n<p>Podrobnosti o Road Classics naleznete na webu roadclassics.cz.<\/p>\n","protected":false},"excerpt":{"rendered":"<p>Za monumenty nen\u00ed t\u0159eba cestovat na sever Francie, do Flander nebo Tosk\u00e1nska. To se sna\u017e\u00ed uk\u00e1zat seri\u00e1l Road Classics, kter\u00fd [&hellip;]<\/p>\n","protected":false},"author":138,"featured_media":25104,"comment_status":"open","ping_status":"open","sticky":false,"template":"","format":"standard","meta":{"footnotes":""},"categories":[10],"tags":[126,3517,3146,1790,3516,3145,3515,9],"global-categories":[411],"class_list":["post-25103","post","type-post","status-publish","format-standard","has-post-thumbnail","hentry","category-silnicni-cyklistika","tag-cyklistika","tag-hobby-zavody","tag-jested","tag-klinovec","tag-palava","tag-road-classics","tag-road-classics-2024","tag-silnicni-cyklistika","global-categories-cycling"],"yoast_head":"<!-- This site is optimized with the Yoast SEO Premium plugin v25.3 (Yoast SEO v25.9) - https:\/\/yoast.com\/wordpress\/plugins\/seo\/ -->\n<title>Klasiky pro v\u0161echny. Road Classics se bl\u00ed\u017e\u00ed, pod\u00edvejte se na trasy | \u0160koda We Love Cycling - \u010cesk\u00e1 republika<\/title>\n<meta name=\"description\" content=\"Za monumenty nen\u00ed t\u0159eba cestovat na sever Francie, do Flander nebo Tosk\u00e1nska. To se sna\u017e\u00ed uk\u00e1zat seri\u00e1l Road Classics, kter\u00fd nab\u00edz\u00ed s\u00e9rii z\u00e1\u017eitkov\u011b lad\u011bn\u00fdch jednodenn\u00edch v\u00fdzev v\u00a0\u010cesku. Letos amat\u00e9rsk\u00fdm cyklist\u016fm dop\u0159eje j\u00edzdu po uzav\u0159en\u00fdch silnic\u00edch na P\u00e1lav\u011b, v\u00a0Kru\u0161n\u00fdch hor\u00e1ch a na Liberecku s\u00a0fini\u0161em na Je\u0161t\u011bdu. V\u00fdhodn\u011bj\u0161\u00ed startovn\u00e9 je mo\u017en\u00e9 po\u0159\u00eddit do 31. b\u0159ezna.\" \/>\n<meta name=\"robots\" content=\"index, follow, max-snippet:-1, max-image-preview:large, max-video-preview:-1\" \/>\n<link rel=\"canonical\" href=\"https:\/\/www.welovecycling.com\/cs\/2024\/03\/27\/klasiky-pro-vsechny-road-classics-se-blizi-podivejte-se-na-trasy\/\" \/>\n<meta property=\"og:locale\" content=\"cs_CZ\" \/>\n<meta property=\"og:type\" content=\"article\" \/>\n<meta property=\"og:title\" content=\"Klasiky pro v\u0161echny. Road Classics se bl\u00ed\u017e\u00ed, pod\u00edvejte se na trasy\" \/>\n<meta property=\"og:description\" content=\"Za monumenty nen\u00ed t\u0159eba cestovat na sever Francie, do Flander nebo Tosk\u00e1nska. To se sna\u017e\u00ed uk\u00e1zat seri\u00e1l Road Classics, kter\u00fd nab\u00edz\u00ed s\u00e9rii z\u00e1\u017eitkov\u011b lad\u011bn\u00fdch jednodenn\u00edch v\u00fdzev v\u00a0\u010cesku. Letos amat\u00e9rsk\u00fdm cyklist\u016fm dop\u0159eje j\u00edzdu po uzav\u0159en\u00fdch silnic\u00edch na P\u00e1lav\u011b, v\u00a0Kru\u0161n\u00fdch hor\u00e1ch a na Liberecku s\u00a0fini\u0161em na Je\u0161t\u011bdu. V\u00fdhodn\u011bj\u0161\u00ed startovn\u00e9 je mo\u017en\u00e9 po\u0159\u00eddit do 31. b\u0159ezna.\" \/>\n<meta property=\"og:url\" content=\"https:\/\/www.welovecycling.com\/cs\/2024\/03\/27\/klasiky-pro-vsechny-road-classics-se-blizi-podivejte-se-na-trasy\/\" \/>\n<meta property=\"og:site_name\" content=\"\u0160koda We Love Cycling - \u010cesk\u00e1 republika\" \/>\n<meta property=\"article:published_time\" content=\"2024-03-27T08:05:23+00:00\" \/>\n<meta property=\"og:image\" content=\"https:\/\/d2p6e6u75xmxt8.cloudfront.net\/13\/2024\/03\/RC_24__Palava_SLAVIK_003-scaled.webp\" \/>\n\t<meta property=\"og:image:width\" content=\"2560\" \/>\n\t<meta property=\"og:image:height\" content=\"1708\" \/>\n\t<meta property=\"og:image:type\" content=\"image\/webp\" \/>\n<meta name=\"author\" content=\"radekmalina\" \/>\n<meta name=\"twitter:card\" content=\"summary_large_image\" \/>\n<meta name=\"twitter:label1\" content=\"Written by\" \/>\n\t<meta name=\"twitter:data1\" content=\"We Love Cycling\" \/>\n\t<meta name=\"twitter:label2\" content=\"Est. reading time\" \/>\n\t<meta name=\"twitter:data2\" content=\"6\" \/>\n<script type=\"application\/ld+json\" class=\"yoast-schema-graph\">{\"@context\":\"https:\/\/schema.org\",\"@graph\":[{\"@type\":\"WebPage\",\"@id\":\"https:\/\/www.welovecycling.com\/cs\/2024\/03\/27\/klasiky-pro-vsechny-road-classics-se-blizi-podivejte-se-na-trasy\/\",\"url\":\"https:\/\/www.welovecycling.com\/cs\/2024\/03\/27\/klasiky-pro-vsechny-road-classics-se-blizi-podivejte-se-na-trasy\/\",\"name\":\"Klasiky pro v\u0161echny. Road Classics se bl\u00ed\u017e\u00ed, pod\u00edvejte se na trasy | \u0160koda We Love Cycling - \u010cesk\u00e1 republika\",\"isPartOf\":{\"@id\":\"https:\/\/www.welovecycling.com\/cs\/#website\"},\"primaryImageOfPage\":{\"@id\":\"https:\/\/www.welovecycling.com\/cs\/2024\/03\/27\/klasiky-pro-vsechny-road-classics-se-blizi-podivejte-se-na-trasy\/#primaryimage\"},\"image\":{\"@id\":\"https:\/\/www.welovecycling.com\/cs\/2024\/03\/27\/klasiky-pro-vsechny-road-classics-se-blizi-podivejte-se-na-trasy\/#primaryimage\"},\"thumbnailUrl\":\"https:\/\/d2p6e6u75xmxt8.cloudfront.net\/13\/2024\/03\/RC_24__Palava_SLAVIK_003-scaled.webp\",\"datePublished\":\"2024-03-27T08:05:23+00:00\",\"author\":{\"@id\":\"https:\/\/www.welovecycling.com\/cs\/#\/schema\/person\/d9eeb0a378f3a7e4a6d12d2b536b04b8\"},\"description\":\"Za monumenty nen\u00ed t\u0159eba cestovat na sever Francie, do Flander nebo Tosk\u00e1nska. To se sna\u017e\u00ed uk\u00e1zat seri\u00e1l Road Classics, kter\u00fd nab\u00edz\u00ed s\u00e9rii z\u00e1\u017eitkov\u011b lad\u011bn\u00fdch jednodenn\u00edch v\u00fdzev v\u00a0\u010cesku. Letos amat\u00e9rsk\u00fdm cyklist\u016fm dop\u0159eje j\u00edzdu po uzav\u0159en\u00fdch silnic\u00edch na P\u00e1lav\u011b, v\u00a0Kru\u0161n\u00fdch hor\u00e1ch a na Liberecku s\u00a0fini\u0161em na Je\u0161t\u011bdu. V\u00fdhodn\u011bj\u0161\u00ed startovn\u00e9 je mo\u017en\u00e9 po\u0159\u00eddit do 31. b\u0159ezna.\",\"inLanguage\":\"cs\",\"potentialAction\":[{\"@type\":\"ReadAction\",\"target\":[\"https:\/\/www.welovecycling.com\/cs\/2024\/03\/27\/klasiky-pro-vsechny-road-classics-se-blizi-podivejte-se-na-trasy\/\"]}]},{\"@type\":\"ImageObject\",\"inLanguage\":\"cs\",\"@id\":\"https:\/\/www.welovecycling.com\/cs\/2024\/03\/27\/klasiky-pro-vsechny-road-classics-se-blizi-podivejte-se-na-trasy\/#primaryimage\",\"url\":\"https:\/\/d2p6e6u75xmxt8.cloudfront.net\/13\/2024\/03\/RC_24__Palava_SLAVIK_003-scaled.webp\",\"contentUrl\":\"https:\/\/d2p6e6u75xmxt8.cloudfront.net\/13\/2024\/03\/RC_24__Palava_SLAVIK_003-scaled.webp\",\"width\":2560,\"height\":1708,\"caption\":\"Road Classic\"},{\"@type\":\"WebSite\",\"@id\":\"https:\/\/www.welovecycling.com\/cs\/#website\",\"url\":\"https:\/\/www.welovecycling.com\/cs\/\",\"name\":\"\u0160koda We Love Cycling - \u010cesk\u00e1 republika\",\"description\":\"WeLoveCycling.cz je online magaz\u00edn, kter\u00fd v\u00e1m pravideln\u011b p\u0159in\u00e1\u0161\u00ed rady a tipy, zaj\u00edmav\u00e9 \u010dl\u00e1nky, videa a jedine\u010dn\u00e9 report\u00e1\u017ee ze sv\u011bta cyklistiky.\",\"potentialAction\":[{\"@type\":\"SearchAction\",\"target\":{\"@type\":\"EntryPoint\",\"urlTemplate\":\"https:\/\/www.welovecycling.com\/cs\/?s={search_term_string}\"},\"query-input\":{\"@type\":\"PropertyValueSpecification\",\"valueRequired\":true,\"valueName\":\"search_term_string\"}}],\"inLanguage\":\"cs\"},{\"@type\":\"Person\",\"@id\":\"https:\/\/www.welovecycling.com\/cs\/#\/schema\/person\/d9eeb0a378f3a7e4a6d12d2b536b04b8\",\"name\":\"radekmalina\",\"image\":{\"@type\":\"ImageObject\",\"inLanguage\":\"cs\",\"@id\":\"https:\/\/www.welovecycling.com\/cs\/#\/schema\/person\/image\/\",\"url\":\"https:\/\/secure.gravatar.com\/avatar\/66994b632cb8c39a46b9f54afa3ae07201b678d32a54275b6f1c9ffec356bfc0?s=96&d=mm&r=g\",\"contentUrl\":\"https:\/\/secure.gravatar.com\/avatar\/66994b632cb8c39a46b9f54afa3ae07201b678d32a54275b6f1c9ffec356bfc0?s=96&d=mm&r=g\",\"caption\":\"radekmalina\"},\"url\":\"https:\/\/www.welovecycling.com\/cs\/author\/radekmalina\/\"}]}<\/script>\n<!-- \/ Yoast SEO Premium plugin. -->","yoast_head_json":{"title":"Klasiky pro v\u0161echny. Road Classics se bl\u00ed\u017e\u00ed, pod\u00edvejte se na trasy | \u0160koda We Love Cycling - \u010cesk\u00e1 republika","description":"Za monumenty nen\u00ed t\u0159eba cestovat na sever Francie, do Flander nebo Tosk\u00e1nska. To se sna\u017e\u00ed uk\u00e1zat seri\u00e1l Road Classics, kter\u00fd nab\u00edz\u00ed s\u00e9rii z\u00e1\u017eitkov\u011b lad\u011bn\u00fdch jednodenn\u00edch v\u00fdzev v\u00a0\u010cesku. Letos amat\u00e9rsk\u00fdm cyklist\u016fm dop\u0159eje j\u00edzdu po uzav\u0159en\u00fdch silnic\u00edch na P\u00e1lav\u011b, v\u00a0Kru\u0161n\u00fdch hor\u00e1ch a na Liberecku s\u00a0fini\u0161em na Je\u0161t\u011bdu. V\u00fdhodn\u011bj\u0161\u00ed startovn\u00e9 je mo\u017en\u00e9 po\u0159\u00eddit do 31. b\u0159ezna.","robots":{"index":"index","follow":"follow","max-snippet":"max-snippet:-1","max-image-preview":"max-image-preview:large","max-video-preview":"max-video-preview:-1"},"canonical":"https:\/\/www.welovecycling.com\/cs\/2024\/03\/27\/klasiky-pro-vsechny-road-classics-se-blizi-podivejte-se-na-trasy\/","og_locale":"cs_CZ","og_type":"article","og_title":"Klasiky pro v\u0161echny. Road Classics se bl\u00ed\u017e\u00ed, pod\u00edvejte se na trasy","og_description":"Za monumenty nen\u00ed t\u0159eba cestovat na sever Francie, do Flander nebo Tosk\u00e1nska. To se sna\u017e\u00ed uk\u00e1zat seri\u00e1l Road Classics, kter\u00fd nab\u00edz\u00ed s\u00e9rii z\u00e1\u017eitkov\u011b lad\u011bn\u00fdch jednodenn\u00edch v\u00fdzev v\u00a0\u010cesku. Letos amat\u00e9rsk\u00fdm cyklist\u016fm dop\u0159eje j\u00edzdu po uzav\u0159en\u00fdch silnic\u00edch na P\u00e1lav\u011b, v\u00a0Kru\u0161n\u00fdch hor\u00e1ch a na Liberecku s\u00a0fini\u0161em na Je\u0161t\u011bdu. V\u00fdhodn\u011bj\u0161\u00ed startovn\u00e9 je mo\u017en\u00e9 po\u0159\u00eddit do 31. b\u0159ezna.","og_url":"https:\/\/www.welovecycling.com\/cs\/2024\/03\/27\/klasiky-pro-vsechny-road-classics-se-blizi-podivejte-se-na-trasy\/","og_site_name":"\u0160koda We Love Cycling - \u010cesk\u00e1 republika","article_published_time":"2024-03-27T08:05:23+00:00","og_image":[{"width":2560,"height":1708,"url":"https:\/\/d2p6e6u75xmxt8.cloudfront.net\/13\/2024\/03\/RC_24__Palava_SLAVIK_003-scaled.webp","type":"image\/webp"}],"author":"radekmalina","twitter_card":"summary_large_image","twitter_misc":{"Written by":"We Love Cycling","Est. reading time":"6"},"schema":{"@context":"https:\/\/schema.org","@graph":[{"@type":"WebPage","@id":"https:\/\/www.welovecycling.com\/cs\/2024\/03\/27\/klasiky-pro-vsechny-road-classics-se-blizi-podivejte-se-na-trasy\/","url":"https:\/\/www.welovecycling.com\/cs\/2024\/03\/27\/klasiky-pro-vsechny-road-classics-se-blizi-podivejte-se-na-trasy\/","name":"Klasiky pro v\u0161echny. Road Classics se bl\u00ed\u017e\u00ed, pod\u00edvejte se na trasy | \u0160koda We Love Cycling - \u010cesk\u00e1 republika","isPartOf":{"@id":"https:\/\/www.welovecycling.com\/cs\/#website"},"primaryImageOfPage":{"@id":"https:\/\/www.welovecycling.com\/cs\/2024\/03\/27\/klasiky-pro-vsechny-road-classics-se-blizi-podivejte-se-na-trasy\/#primaryimage"},"image":{"@id":"https:\/\/www.welovecycling.com\/cs\/2024\/03\/27\/klasiky-pro-vsechny-road-classics-se-blizi-podivejte-se-na-trasy\/#primaryimage"},"thumbnailUrl":"https:\/\/d2p6e6u75xmxt8.cloudfront.net\/13\/2024\/03\/RC_24__Palava_SLAVIK_003-scaled.webp","datePublished":"2024-03-27T08:05:23+00:00","author":{"@id":"https:\/\/www.welovecycling.com\/cs\/#\/schema\/person\/d9eeb0a378f3a7e4a6d12d2b536b04b8"},"description":"Za monumenty nen\u00ed t\u0159eba cestovat na sever Francie, do Flander nebo Tosk\u00e1nska. To se sna\u017e\u00ed uk\u00e1zat seri\u00e1l Road Classics, kter\u00fd nab\u00edz\u00ed s\u00e9rii z\u00e1\u017eitkov\u011b lad\u011bn\u00fdch jednodenn\u00edch v\u00fdzev v\u00a0\u010cesku. Letos amat\u00e9rsk\u00fdm cyklist\u016fm dop\u0159eje j\u00edzdu po uzav\u0159en\u00fdch silnic\u00edch na P\u00e1lav\u011b, v\u00a0Kru\u0161n\u00fdch hor\u00e1ch a na Liberecku s\u00a0fini\u0161em na Je\u0161t\u011bdu. V\u00fdhodn\u011bj\u0161\u00ed startovn\u00e9 je mo\u017en\u00e9 po\u0159\u00eddit do 31. b\u0159ezna.","inLanguage":"cs","potentialAction":[{"@type":"ReadAction","target":["https:\/\/www.welovecycling.com\/cs\/2024\/03\/27\/klasiky-pro-vsechny-road-classics-se-blizi-podivejte-se-na-trasy\/"]}]},{"@type":"ImageObject","inLanguage":"cs","@id":"https:\/\/www.welovecycling.com\/cs\/2024\/03\/27\/klasiky-pro-vsechny-road-classics-se-blizi-podivejte-se-na-trasy\/#primaryimage","url":"https:\/\/d2p6e6u75xmxt8.cloudfront.net\/13\/2024\/03\/RC_24__Palava_SLAVIK_003-scaled.webp","contentUrl":"https:\/\/d2p6e6u75xmxt8.cloudfront.net\/13\/2024\/03\/RC_24__Palava_SLAVIK_003-scaled.webp","width":2560,"height":1708,"caption":"Road Classic"},{"@type":"WebSite","@id":"https:\/\/www.welovecycling.com\/cs\/#website","url":"https:\/\/www.welovecycling.com\/cs\/","name":"\u0160koda We Love Cycling - \u010cesk\u00e1 republika","description":"WeLoveCycling.cz je online magaz\u00edn, kter\u00fd v\u00e1m pravideln\u011b p\u0159in\u00e1\u0161\u00ed rady a tipy, zaj\u00edmav\u00e9 \u010dl\u00e1nky, videa a jedine\u010dn\u00e9 report\u00e1\u017ee ze sv\u011bta cyklistiky.","potentialAction":[{"@type":"SearchAction","target":{"@type":"EntryPoint","urlTemplate":"https:\/\/www.welovecycling.com\/cs\/?s={search_term_string}"},"query-input":{"@type":"PropertyValueSpecification","valueRequired":true,"valueName":"search_term_string"}}],"inLanguage":"cs"},{"@type":"Person","@id":"https:\/\/www.welovecycling.com\/cs\/#\/schema\/person\/d9eeb0a378f3a7e4a6d12d2b536b04b8","name":"radekmalina","image":{"@type":"ImageObject","inLanguage":"cs","@id":"https:\/\/www.welovecycling.com\/cs\/#\/schema\/person\/image\/","url":"https:\/\/secure.gravatar.com\/avatar\/66994b632cb8c39a46b9f54afa3ae07201b678d32a54275b6f1c9ffec356bfc0?s=96&d=mm&r=g","contentUrl":"https:\/\/secure.gravatar.com\/avatar\/66994b632cb8c39a46b9f54afa3ae07201b678d32a54275b6f1c9ffec356bfc0?s=96&d=mm&r=g","caption":"radekmalina"},"url":"https:\/\/www.welovecycling.com\/cs\/author\/radekmalina\/"}]}},"_links":{"self":[{"href":"https:\/\/www.welovecycling.com\/cs\/wp-json\/wp\/v2\/posts\/25103","targetHints":{"allow":["GET"]}}],"collection":[{"href":"https:\/\/www.welovecycling.com\/cs\/wp-json\/wp\/v2\/posts"}],"about":[{"href":"https:\/\/www.welovecycling.com\/cs\/wp-json\/wp\/v2\/types\/post"}],"author":[{"embeddable":true,"href":"https:\/\/www.welovecycling.com\/cs\/wp-json\/wp\/v2\/users\/138"}],"replies":[{"embeddable":true,"href":"https:\/\/www.welovecycling.com\/cs\/wp-json\/wp\/v2\/comments?post=25103"}],"version-history":[{"count":4,"href":"https:\/\/www.welovecycling.com\/cs\/wp-json\/wp\/v2\/posts\/25103\/revisions"}],"predecessor-version":[{"id":25113,"href":"https:\/\/www.welovecycling.com\/cs\/wp-json\/wp\/v2\/posts\/25103\/revisions\/25113"}],"wp:featuredmedia":[{"embeddable":true,"href":"https:\/\/www.welovecycling.com\/cs\/wp-json\/wp\/v2\/media\/25104"}],"wp:attachment":[{"href":"https:\/\/www.welovecycling.com\/cs\/wp-json\/wp\/v2\/media?parent=25103"}],"wp:term":[{"taxonomy":"category","embeddable":true,"href":"https:\/\/www.welovecycling.com\/cs\/wp-json\/wp\/v2\/categories?post=25103"},{"taxonomy":"post_tag","embeddable":true,"href":"https:\/\/www.welovecycling.com\/cs\/wp-json\/wp\/v2\/tags?post=25103"},{"taxonomy":"global-categories","embeddable":true,"href":"https:\/\/www.welovecycling.com\/cs\/wp-json\/wp\/v2\/global-categories?post=25103"}],"curies":[{"name":"wp","href":"https:\/\/api.w.org\/{rel}","templated":true}]}}