{"id":25087,"date":"2024-03-25T05:30:33","date_gmt":"2024-03-25T03:30:33","guid":{"rendered":"https:\/\/www.welovecycling.com\/cs\/?p=25087"},"modified":"2024-03-24T14:47:42","modified_gmt":"2024-03-24T12:47:42","slug":"delka-klik-na-kole-jsou-lepsi-kratsi","status":"publish","type":"post","link":"https:\/\/www.welovecycling.com\/cs\/2024\/03\/25\/delka-klik-na-kole-jsou-lepsi-kratsi\/","title":{"rendered":"D\u00e9lka klik na kole: kdy jsou lep\u0161\u00ed krat\u0161\u00ed?"},"content":{"rendered":"<p><strong>D\u00e9lka klik na kole. Faktor, kter\u00fd m\u016f\u017ee z\u00e1sadn\u011b ovlivnit v\u00fdkon, ale mnohdy i zdravotn\u00ed stav cyklist\u016f. \u0158e\u0161ili jste n\u011bkdy, jak\u00e1 d\u00e9lka klik je pro v\u00e1s ide\u00e1ln\u00ed? Nebo prost\u011b pou\u017e\u00edv\u00e1te tov\u00e1rn\u00ed nastaven\u00ed kola a v\u016fbec jste ne\u0159e\u0161ili, zda m\u00e1te vyhovuj\u00edc\u00ed d\u00e9lku klik?<\/strong><\/p>\n<p>Obecn\u011b se raz\u00ed teorie, \u017ee del\u0161\u00ed klika znamen\u00e1 v\u011bt\u0161\u00ed p\u00e1ka, tud\u00ed\u017e dos\u00e1hnete v\u011bt\u0161\u00edho v\u00fdkonu. Ov\u0161em nov\u00e9 trendy sm\u011b\u0159uj\u00ed tro\u0161ku jin\u00fdm sm\u011brem. By\u0165 po\u0159\u00e1d plat\u00ed, \u017ee d\u00e9lka klik na kole je vysoce individu\u00e1ln\u00ed z\u00e1le\u017eitost\u00ed.<\/p>\n<p>Zat\u00edmco nab\u00eddka kol je velice \u0161irok\u00e1, mo\u017enost v\u00fdb\u011bru d\u00e9lky klik na kolo a\u017e tak pestr\u00e1 nen\u00ed. Obecn\u011b se pou\u017e\u00edvaj\u00ed kliky o d\u00e9lce 165 milimetr\u016f a\u017e 180 milimetr\u016f. V\u00a0p\u0159\u00edpad\u011b pot\u0159eby v\u0161ak m\u016f\u017eete dohledat i v\u00fdrobce, kte\u0159\u00ed nab\u00edzej\u00ed kliky je\u0161t\u011b krat\u0161\u00ed, nebo naopak je v\u00a0jejich \u201ereg\u00e1lech\u201c klika o d\u00e9lce 200 milimetr\u016f!<\/p>\n<h2><strong>Krat\u0161\u00ed klika zna\u010d\u00ed ni\u017e\u0161\u00ed n\u00e1roky na spot\u0159ebu energie<\/strong><\/h2>\n<p>V\u00a0minulosti upoutal kup\u0159\u00edkladu profesion\u00e1l Marco Pantani, kter\u00fd p\u0159i pouh\u00fdch 172 centimetrech pou\u017e\u00edval v\u00a0jednom obdob\u00ed kari\u00e9ry kliky dlouh\u00e9 180 milimetr\u016f. Opa\u010dn\u00fdm p\u0159\u00edpadem byl <a href=\"https:\/\/www.welovecycling.com\/cs\/2022\/11\/23\/bradley-wiggins-po-zlatem-vylovu-propadl-alkoholu-aby-se-vratil-jako-kral-tour-de-france\/\">Bradley Wiggins<\/a>, kter\u00fd p\u0159i v\u00fd\u0161ce 190 centimetr\u016f pou\u017eil p\u0159i \u00fatoku na sv\u011btov\u00fd rekord v\u00a0hodinovce v\u00a0roce 2015 kliky dlouh\u00e9 170 milimetr\u016f.<\/p>\n<p>V\u00a0d\u0159\u00edv\u011bj\u0161\u00edch dob\u00e1ch se silov\u00e9 \u0161lap\u00e1n\u00ed hodn\u011b prosazovalo. Profesion\u00e1lov\u00e9 pou\u017e\u00edvali del\u0161\u00ed kliky. Proto\u017ee \u010d\u00edm del\u0161\u00ed klika, t\u00edm v\u011bt\u0161\u00ed p\u00e1ka a del\u0161\u00ed ujet\u00e1 vzd\u00e1lenost na jedno \u0161l\u00e1pnut\u00ed. V\u0161e bylo na \u00fakor frekvence.<\/p>\n<p>Ov\u0161em cyklistika se za n\u011bkolik posledn\u00edch let dramaticky prom\u011bnila. Nejen z\u00a0hlediska profesion\u00e1l\u016f. Nov\u00e9 trendy panuj\u00edc\u00ed v\u00a0pelotonu p\u0159eb\u00edraj\u00ed i amat\u00e9r\u0161t\u00ed cyklist\u00e9 nap\u0159\u00ed\u010d v\u0161emi segmenty, a\u0165 u\u017e jde o silni\u010dn\u00ed kola, horsk\u00e1 nebo gravel.<\/p>\n<figure id=\"attachment_7900\" aria-describedby=\"caption-attachment-7900\" style=\"width: 1600px\" class=\"wp-caption alignnone\"><a href=\"https:\/\/d2p6e6u75xmxt8.cloudfront.net\/13\/2020\/06\/WLC-watt-meter-ped\u00e1l-klika-michal-\u010derven\u00fd.webp\"><img loading=\"lazy\" decoding=\"async\" class=\"size-full wp-image-7900\" src=\"https:\/\/d2p6e6u75xmxt8.cloudfront.net\/13\/2020\/06\/WLC-watt-meter-ped\u00e1l-klika-michal-\u010derven\u00fd.webp\" alt=\"Watt metr m\u016f\u017ee velmi dob\u0159e poslou\u017eit k z\u00edsk\u00e1n\u00ed informac\u00ed, kolik jste p\u0159i tr\u00e9ninku sp\u00e1lili kalori\u00ed. Foto: Michal \u010cerven\u00fd\" width=\"1600\" height=\"1067\" srcset=\"https:\/\/d2p6e6u75xmxt8.cloudfront.net\/13\/2020\/06\/WLC-watt-meter-ped\u00e1l-klika-michal-\u010derven\u00fd.webp 1600w, https:\/\/d2p6e6u75xmxt8.cloudfront.net\/13\/2020\/06\/WLC-watt-meter-ped\u00e1l-klika-michal-\u010derven\u00fd-300x200.webp 300w, https:\/\/d2p6e6u75xmxt8.cloudfront.net\/13\/2020\/06\/WLC-watt-meter-ped\u00e1l-klika-michal-\u010derven\u00fd-1024x683.webp 1024w, https:\/\/d2p6e6u75xmxt8.cloudfront.net\/13\/2020\/06\/WLC-watt-meter-ped\u00e1l-klika-michal-\u010derven\u00fd-768x512.webp 768w, https:\/\/d2p6e6u75xmxt8.cloudfront.net\/13\/2020\/06\/WLC-watt-meter-ped\u00e1l-klika-michal-\u010derven\u00fd-1536x1024.webp 1536w, https:\/\/d2p6e6u75xmxt8.cloudfront.net\/13\/2020\/06\/WLC-watt-meter-ped\u00e1l-klika-michal-\u010derven\u00fd-272x182.webp 272w\" sizes=\"auto, (max-width: 1600px) 100vw, 1600px\" \/><\/a><figcaption id=\"caption-attachment-7900\" class=\"wp-caption-text\"><em>D\u00e9lka klik na kole. Jsou lep\u0161\u00ed krat\u0161\u00ed, nebo del\u0161\u00ed? Foto: Michal \u010cerven\u00fd<\/em><\/figcaption><\/figure>\n<p>Kliky se vyb\u00edraj\u00ed s ohledem na v\u00fd\u0161ku a jezdeck\u00fd styl jezdce. Krat\u0161\u00ed kliky usnad\u0148uj\u00ed a podn\u011bcuj\u00ed k vysokofrekven\u010dn\u00ed kadenci \u0161lap\u00e1n\u00ed, naopak dlouh\u00e9 kliky znamenaj\u00ed lep\u0161\u00ed p\u0159enos s\u00edly.<\/p>\n<p>Mnoh\u00e9 studie potvrdily, \u017ee pou\u017eit\u00ed krat\u0161\u00edch klik klade ni\u017e\u0161\u00ed n\u00e1roky na spot\u0159ebu energie metabolismu.<\/p>\n<div class=\"shortcode-ys-post-pinup\"><article class=\"loop-simple post-25077 post type-post status-publish format-standard has-post-thumbnail hentry category-rady-tipy tag-cyklistika tag-dehydratace tag-horska-cyklistika tag-jidlo-po-treninku tag-pet-chyb-po-jizde tag-rehydratace tag-silnicni-cyklistika tag-strecink-po-treninku tag-trenink tag-zdravi-a-trenink global-categories-cycling\" data-postid=\"25077\" role=\"article\" data-post-id=\"25077\" data-word-count=\"479\" data-headline-length=\"53\" data-category=\"Rady &amp; tipy\" data-global-category=\"Cycling\" data-author=\"We Love Cycling\" data-published=\"2024-03-21T12:51:01+02:00\" data-published-day=\"Thursday\">\n    <div class=\"entry-thumbnail article-thumbnail\" content=\"https:\/\/d2p6e6u75xmxt8.cloudfront.net\/13\/2020\/06\/pivo-n\u00e1poj-150x150.webp\"><a href=\"https:\/\/www.welovecycling.com\/cs\/2024\/03\/21\/pet-chyb-po-jizde-kterym-je-treba-se-vyhnout\/\" class=\"image-holder\" target=\"_self\"><img decoding=\"async\" loading=\"lazy\" class=\"\" src=\"https:\/\/d2p6e6u75xmxt8.cloudfront.net\/13\/2020\/06\/pivo-n\u00e1poj-1024x683.webp\" srcset=\"https:\/\/d2p6e6u75xmxt8.cloudfront.net\/13\/2020\/06\/pivo-n\u00e1poj.webp 1600w, https:\/\/d2p6e6u75xmxt8.cloudfront.net\/13\/2020\/06\/pivo-n\u00e1poj-300x200.webp 300w, https:\/\/d2p6e6u75xmxt8.cloudfront.net\/13\/2020\/06\/pivo-n\u00e1poj-1024x683.webp 1024w, https:\/\/d2p6e6u75xmxt8.cloudfront.net\/13\/2020\/06\/pivo-n\u00e1poj-768x512.webp 768w, https:\/\/d2p6e6u75xmxt8.cloudfront.net\/13\/2020\/06\/pivo-n\u00e1poj-1536x1024.webp 1536w, https:\/\/d2p6e6u75xmxt8.cloudfront.net\/13\/2020\/06\/pivo-n\u00e1poj-272x182.webp 272w\" width=\"1024\" height=\"683\" sizes=\"auto, (min-width: 1200px) 300px, (min-width: 768px) 25vw, 100vw\" alt=\"pet-chyb-po-jizde-kterym-je-treba-se-vyhnout\"\/><\/a><\/div>    <div class=\"entry-meta\">\n        <a class=\"label label-secondary post-category\" href=\"https:\/\/www.welovecycling.com\/cs\/category\/rady-tipy\/\" title=\"Rady &amp; tipy\">Rady &amp; tipy<\/a>\n    <\/div>\n    <div class=\"entry-details\">\n        <a href=\"https:\/\/www.welovecycling.com\/cs\/2024\/03\/21\/pet-chyb-po-jizde-kterym-je-treba-se-vyhnout\/\" class='entry-title-wrapper'>\n            <h3 class=\"entry-title\"><span>P\u011bt chyb po j\u00edzd\u011b, kter\u00fdch je t\u0159eba se vyvarovat<\/span><\/h3>\n        <\/a>\n    <\/div>\n    <\/article>\n<\/div>\n<p>V p\u0159\u00edpad\u011b, \u017ee jste vyznava\u010dem horsk\u00e9 cyklistiky a \u010dasto se pohybujete v n\u00e1ro\u010dn\u00e9m ter\u00e9nu pln\u00e9m prudk\u00fdch stoup\u00e1n\u00ed, je doporu\u010deno po\u0159\u00eddit si kliku o p\u011bt milimetr\u016f del\u0161\u00ed proti standardu, proto\u017ee charakter ter\u00e9nu vy\u017eaduje silov\u011bj\u0161\u00ed \u0161lap\u00e1n\u00ed.<\/p>\n<p>Pokud jste na pochyb\u00e1ch a nev\u00edte si s volbou rady, odborn\u00edci doporu\u010duj\u00ed pou\u017e\u00edvat pro standardn\u00ed j\u00edzdu krat\u0161\u00ed kliky. Pokud toti\u017e budete pou\u017e\u00edvat p\u0159\u00edli\u0161 dlouh\u00e9 kliky, m\u016f\u017eete si p\u0159ivodit zdravotn\u00ed probl\u00e9my. Jedn\u00e1 se zejm\u00e9na o trable v oblasti kolenn\u00edch kloub\u016f, ky\u010dle a p\u00e1nve, v krajn\u00edm p\u0159\u00edpad\u011b bolesti v oblasti bedern\u00ed p\u00e1te\u0159e.<\/p>\n<h2><strong>D\u00e9lka klik na kole? Krat\u0161\u00ed jsou aerodynami\u010dt\u011bj\u0161\u00ed<\/strong><\/h2>\n<p>Krat\u0161\u00ed kliky jsou ozna\u010dov\u00e1ny za aerodynami\u010dt\u011bj\u0161\u00ed. Umo\u017e\u0148uj\u00ed toti\u017e cyklistovi posunut\u00ed sedla nahoru. P\u0159i jejich pou\u017e\u00edv\u00e1n\u00ed doch\u00e1z\u00ed k\u00a0usnadn\u011bn\u00ed d\u00fdch\u00e1n\u00ed, proto\u017ee stehna jsou ve v\u011bt\u0161\u00ed vzd\u00e1lenosti od b\u0159icha, respektive hrudn\u00edho ko\u0161e.<\/p>\n<p>Zejm\u00e9na v\u00a0p\u0159\u00edpad\u011b pou\u017eit\u00ed na horsk\u00fdch kolech doch\u00e1z\u00ed k\u00a0eliminaci n\u00e1raz\u016f do ko\u0159en\u016f \u010di vystoupl\u00fdch kamen\u016f. Pokud n\u011bkdo bojuje s\u00a0velikost\u00ed r\u00e1mu a pou\u017e\u00edv\u00e1 men\u0161\u00ed velikost, krat\u0161\u00ed klika na kole odstra\u0148uje probl\u00e9m s\u00a0p\u0159ekryt\u00edm \u0161pi\u010dky a kola.<\/p>\n<figure id=\"attachment_15075\" aria-describedby=\"caption-attachment-15075\" style=\"width: 1600px\" class=\"wp-caption alignnone\"><a href=\"https:\/\/d2p6e6u75xmxt8.cloudfront.net\/13\/2021\/11\/pedaly-klika-prevodnik-speedplay-aero.webp\"><img loading=\"lazy\" decoding=\"async\" class=\"size-full wp-image-15075\" src=\"https:\/\/d2p6e6u75xmxt8.cloudfront.net\/13\/2021\/11\/pedaly-klika-prevodnik-speedplay-aero.webp\" alt=\"Aerodynamika p\u0159edstavuje nesm\u00edrn\u011b d\u016fle\u017eit\u00fd prvek v\u0161ech nov\u011b vyr\u00e1b\u011bn\u00fdch kol.\" width=\"1600\" height=\"1025\" srcset=\"https:\/\/d2p6e6u75xmxt8.cloudfront.net\/13\/2021\/11\/pedaly-klika-prevodnik-speedplay-aero.webp 1600w, https:\/\/d2p6e6u75xmxt8.cloudfront.net\/13\/2021\/11\/pedaly-klika-prevodnik-speedplay-aero-300x192.webp 300w, https:\/\/d2p6e6u75xmxt8.cloudfront.net\/13\/2021\/11\/pedaly-klika-prevodnik-speedplay-aero-1024x656.webp 1024w, https:\/\/d2p6e6u75xmxt8.cloudfront.net\/13\/2021\/11\/pedaly-klika-prevodnik-speedplay-aero-768x492.webp 768w, https:\/\/d2p6e6u75xmxt8.cloudfront.net\/13\/2021\/11\/pedaly-klika-prevodnik-speedplay-aero-1536x984.webp 1536w\" sizes=\"auto, (max-width: 1600px) 100vw, 1600px\" \/><\/a><figcaption id=\"caption-attachment-15075\" class=\"wp-caption-text\"><em>Aerodynamika p\u0159edstavuje nesm\u00edrn\u011b d\u016fle\u017eit\u00fd prvek v\u0161ech nov\u011b vyr\u00e1b\u011bn\u00fdch kol. V p\u0159\u00edpad\u011b \u010dasovk\u00e1\u0159sk\u00fdch speci\u00e1l\u016f se separ\u00e1tn\u011b \u0159e\u0161\u00ed d\u00e9lka klik na p\u0159\u00e1n\u00ed jezdce. Foto: Michal \u010cerven\u00fd<\/em><\/figcaption><\/figure>\n<p>Vzorc\u016f, jak zjistit ide\u00e1ln\u00ed d\u00e9lku klik je cel\u00e1 \u0159ada. Dvacet procent d\u00e9lky nohou, jedna\u010dty\u0159icet procent d\u00e9lky holenn\u00ed kosti. P\u0159\u00edpadn\u011b vzore\u010dek 0,95 x v\u00fd\u0161ka jedince. Ka\u017edop\u00e1dn\u011b v\u00fdzkumy v\u0161ech v\u00fdrobc\u016f uv\u00e1d\u011bj\u00ed, \u017ee pou\u017eit\u00ed standardn\u00ed d\u00e9lky klik (170 milimetr\u016f) u v\u011bt\u0161iny dosp\u011bl\u00fdch neohroz\u00ed maxim\u00e1ln\u00ed v\u00fdkon\u2026<\/p>\n<p>Rozhodn\u011b se nedoporu\u010duje p\u0159istupovat k\u00a0v\u00fdm\u011bn\u011b klik, pokud chcete ud\u011blat zm\u011bnu jen o 2,5 milimetru. V\u017edy je t\u0159eba s\u00a0ohledem na n\u00e1kladnost cel\u00e9 operace zv\u00e1\u017eit v\u0161echny aspekty, jako jsou sportovn\u00ed ambice, j\u00edzdn\u00ed discipl\u00edna \u010di dosavadn\u00ed pocit pohodl\u00ed v\u00a0sedle kola.<\/p>\n","protected":false},"excerpt":{"rendered":"<p>D\u00e9lka klik na kole. Faktor, kter\u00fd m\u016f\u017ee z\u00e1sadn\u011b ovlivnit v\u00fdkon, ale mnohdy i zdravotn\u00ed stav cyklist\u016f. \u0158e\u0161ili jste n\u011bkdy, jak\u00e1 [&hellip;]<\/p>\n","protected":false},"author":138,"featured_media":9292,"comment_status":"open","ping_status":"open","sticky":false,"template":"","format":"standard","meta":{"footnotes":""},"categories":[15],"tags":[126,3510,3514,3511,3513,3512,9,67],"global-categories":[411],"class_list":["post-25087","post","type-post","status-publish","format-standard","has-post-thumbnail","hentry","category-rady-tipy","tag-cyklistika","tag-delka-klik-na-kole","tag-dlouha-klika","tag-klika-na-kole","tag-kratka-klika","tag-pedal","tag-silnicni-cyklistika","tag-zdravi-a-trenink","global-categories-cycling"],"yoast_head":"<!-- This site is optimized with the Yoast SEO Premium plugin v25.3 (Yoast SEO v25.9) - https:\/\/yoast.com\/wordpress\/plugins\/seo\/ -->\n<title>D\u00e9lka klik na kole: kdy jsou lep\u0161\u00ed krat\u0161\u00ed? | \u0160koda We Love Cycling - \u010cesk\u00e1 republika<\/title>\n<meta name=\"description\" content=\"D\u00e9lka klik na kole. Faktor, kter\u00fd z\u00e1sadn\u011b ovliv\u0148uje v\u00fdkon, ale mnohdy i zdravotn\u00ed stav cyklist\u016f. \u0158e\u0161ili jste n\u011bkdy, jak\u00e1 d\u00e9lka klik je pro v\u00e1s ide\u00e1ln\u00ed?\" \/>\n<meta name=\"robots\" content=\"index, follow, max-snippet:-1, max-image-preview:large, max-video-preview:-1\" \/>\n<link rel=\"canonical\" href=\"https:\/\/www.welovecycling.com\/cs\/2024\/03\/25\/delka-klik-na-kole-jsou-lepsi-kratsi\/\" \/>\n<meta property=\"og:locale\" content=\"cs_CZ\" \/>\n<meta property=\"og:type\" content=\"article\" \/>\n<meta property=\"og:title\" content=\"D\u00e9lka klik na kole: kdy jsou lep\u0161\u00ed krat\u0161\u00ed?\" \/>\n<meta property=\"og:description\" content=\"D\u00e9lka klik na kole. Faktor, kter\u00fd z\u00e1sadn\u011b ovliv\u0148uje v\u00fdkon, ale mnohdy i zdravotn\u00ed stav cyklist\u016f. \u0158e\u0161ili jste n\u011bkdy, jak\u00e1 d\u00e9lka klik je pro v\u00e1s ide\u00e1ln\u00ed?\" \/>\n<meta property=\"og:url\" content=\"https:\/\/www.welovecycling.com\/cs\/2024\/03\/25\/delka-klik-na-kole-jsou-lepsi-kratsi\/\" \/>\n<meta property=\"og:site_name\" content=\"\u0160koda We Love Cycling - \u010cesk\u00e1 republika\" \/>\n<meta property=\"article:published_time\" content=\"2024-03-25T03:30:33+00:00\" \/>\n<meta property=\"og:image\" content=\"https:\/\/d2p6e6u75xmxt8.cloudfront.net\/13\/2020\/08\/WLC-p\u0159evodn\u00edk-ped\u00e1l-klika.webp\" \/>\n\t<meta property=\"og:image:width\" content=\"1600\" \/>\n\t<meta property=\"og:image:height\" content=\"1067\" \/>\n\t<meta property=\"og:image:type\" content=\"image\/webp\" \/>\n<meta name=\"author\" content=\"radekmalina\" \/>\n<meta name=\"twitter:card\" content=\"summary_large_image\" \/>\n<meta name=\"twitter:label1\" content=\"Written by\" \/>\n\t<meta name=\"twitter:data1\" content=\"We Love Cycling\" \/>\n\t<meta name=\"twitter:label2\" content=\"Est. reading time\" \/>\n\t<meta name=\"twitter:data2\" content=\"6\" \/>\n<script type=\"application\/ld+json\" class=\"yoast-schema-graph\">{\"@context\":\"https:\/\/schema.org\",\"@graph\":[{\"@type\":\"WebPage\",\"@id\":\"https:\/\/www.welovecycling.com\/cs\/2024\/03\/25\/delka-klik-na-kole-jsou-lepsi-kratsi\/\",\"url\":\"https:\/\/www.welovecycling.com\/cs\/2024\/03\/25\/delka-klik-na-kole-jsou-lepsi-kratsi\/\",\"name\":\"D\u00e9lka klik na kole: kdy jsou lep\u0161\u00ed krat\u0161\u00ed? | \u0160koda We Love Cycling - \u010cesk\u00e1 republika\",\"isPartOf\":{\"@id\":\"https:\/\/www.welovecycling.com\/cs\/#website\"},\"primaryImageOfPage\":{\"@id\":\"https:\/\/www.welovecycling.com\/cs\/2024\/03\/25\/delka-klik-na-kole-jsou-lepsi-kratsi\/#primaryimage\"},\"image\":{\"@id\":\"https:\/\/www.welovecycling.com\/cs\/2024\/03\/25\/delka-klik-na-kole-jsou-lepsi-kratsi\/#primaryimage\"},\"thumbnailUrl\":\"https:\/\/d2p6e6u75xmxt8.cloudfront.net\/13\/2020\/08\/WLC-p\u0159evodn\u00edk-ped\u00e1l-klika.webp\",\"datePublished\":\"2024-03-25T03:30:33+00:00\",\"author\":{\"@id\":\"https:\/\/www.welovecycling.com\/cs\/#\/schema\/person\/d9eeb0a378f3a7e4a6d12d2b536b04b8\"},\"description\":\"D\u00e9lka klik na kole. Faktor, kter\u00fd z\u00e1sadn\u011b ovliv\u0148uje v\u00fdkon, ale mnohdy i zdravotn\u00ed stav cyklist\u016f. \u0158e\u0161ili jste n\u011bkdy, jak\u00e1 d\u00e9lka klik je pro v\u00e1s ide\u00e1ln\u00ed?\",\"inLanguage\":\"cs\",\"potentialAction\":[{\"@type\":\"ReadAction\",\"target\":[\"https:\/\/www.welovecycling.com\/cs\/2024\/03\/25\/delka-klik-na-kole-jsou-lepsi-kratsi\/\"]}]},{\"@type\":\"ImageObject\",\"inLanguage\":\"cs\",\"@id\":\"https:\/\/www.welovecycling.com\/cs\/2024\/03\/25\/delka-klik-na-kole-jsou-lepsi-kratsi\/#primaryimage\",\"url\":\"https:\/\/d2p6e6u75xmxt8.cloudfront.net\/13\/2020\/08\/WLC-p\u0159evodn\u00edk-ped\u00e1l-klika.webp\",\"contentUrl\":\"https:\/\/d2p6e6u75xmxt8.cloudfront.net\/13\/2020\/08\/WLC-p\u0159evodn\u00edk-ped\u00e1l-klika.webp\",\"width\":1600,\"height\":1067,\"caption\":\"D\u00e9lka klik na kole Foto: Michal \u010cerven\u00fd\"},{\"@type\":\"WebSite\",\"@id\":\"https:\/\/www.welovecycling.com\/cs\/#website\",\"url\":\"https:\/\/www.welovecycling.com\/cs\/\",\"name\":\"\u0160koda We Love Cycling - \u010cesk\u00e1 republika\",\"description\":\"WeLoveCycling.cz je online magaz\u00edn, kter\u00fd v\u00e1m pravideln\u011b p\u0159in\u00e1\u0161\u00ed rady a tipy, zaj\u00edmav\u00e9 \u010dl\u00e1nky, videa a jedine\u010dn\u00e9 report\u00e1\u017ee ze sv\u011bta cyklistiky.\",\"potentialAction\":[{\"@type\":\"SearchAction\",\"target\":{\"@type\":\"EntryPoint\",\"urlTemplate\":\"https:\/\/www.welovecycling.com\/cs\/?s={search_term_string}\"},\"query-input\":{\"@type\":\"PropertyValueSpecification\",\"valueRequired\":true,\"valueName\":\"search_term_string\"}}],\"inLanguage\":\"cs\"},{\"@type\":\"Person\",\"@id\":\"https:\/\/www.welovecycling.com\/cs\/#\/schema\/person\/d9eeb0a378f3a7e4a6d12d2b536b04b8\",\"name\":\"radekmalina\",\"image\":{\"@type\":\"ImageObject\",\"inLanguage\":\"cs\",\"@id\":\"https:\/\/www.welovecycling.com\/cs\/#\/schema\/person\/image\/\",\"url\":\"https:\/\/secure.gravatar.com\/avatar\/66994b632cb8c39a46b9f54afa3ae07201b678d32a54275b6f1c9ffec356bfc0?s=96&d=mm&r=g\",\"contentUrl\":\"https:\/\/secure.gravatar.com\/avatar\/66994b632cb8c39a46b9f54afa3ae07201b678d32a54275b6f1c9ffec356bfc0?s=96&d=mm&r=g\",\"caption\":\"radekmalina\"},\"url\":\"https:\/\/www.welovecycling.com\/cs\/author\/radekmalina\/\"}]}<\/script>\n<!-- \/ Yoast SEO Premium plugin. -->","yoast_head_json":{"title":"D\u00e9lka klik na kole: kdy jsou lep\u0161\u00ed krat\u0161\u00ed? | \u0160koda We Love Cycling - \u010cesk\u00e1 republika","description":"D\u00e9lka klik na kole. Faktor, kter\u00fd z\u00e1sadn\u011b ovliv\u0148uje v\u00fdkon, ale mnohdy i zdravotn\u00ed stav cyklist\u016f. \u0158e\u0161ili jste n\u011bkdy, jak\u00e1 d\u00e9lka klik je pro v\u00e1s ide\u00e1ln\u00ed?","robots":{"index":"index","follow":"follow","max-snippet":"max-snippet:-1","max-image-preview":"max-image-preview:large","max-video-preview":"max-video-preview:-1"},"canonical":"https:\/\/www.welovecycling.com\/cs\/2024\/03\/25\/delka-klik-na-kole-jsou-lepsi-kratsi\/","og_locale":"cs_CZ","og_type":"article","og_title":"D\u00e9lka klik na kole: kdy jsou lep\u0161\u00ed krat\u0161\u00ed?","og_description":"D\u00e9lka klik na kole. Faktor, kter\u00fd z\u00e1sadn\u011b ovliv\u0148uje v\u00fdkon, ale mnohdy i zdravotn\u00ed stav cyklist\u016f. \u0158e\u0161ili jste n\u011bkdy, jak\u00e1 d\u00e9lka klik je pro v\u00e1s ide\u00e1ln\u00ed?","og_url":"https:\/\/www.welovecycling.com\/cs\/2024\/03\/25\/delka-klik-na-kole-jsou-lepsi-kratsi\/","og_site_name":"\u0160koda We Love Cycling - \u010cesk\u00e1 republika","article_published_time":"2024-03-25T03:30:33+00:00","og_image":[{"width":1600,"height":1067,"url":"https:\/\/d2p6e6u75xmxt8.cloudfront.net\/13\/2020\/08\/WLC-p\u0159evodn\u00edk-ped\u00e1l-klika.webp","type":"image\/webp"}],"author":"radekmalina","twitter_card":"summary_large_image","twitter_misc":{"Written by":"We Love Cycling","Est. reading time":"6"},"schema":{"@context":"https:\/\/schema.org","@graph":[{"@type":"WebPage","@id":"https:\/\/www.welovecycling.com\/cs\/2024\/03\/25\/delka-klik-na-kole-jsou-lepsi-kratsi\/","url":"https:\/\/www.welovecycling.com\/cs\/2024\/03\/25\/delka-klik-na-kole-jsou-lepsi-kratsi\/","name":"D\u00e9lka klik na kole: kdy jsou lep\u0161\u00ed krat\u0161\u00ed? | \u0160koda We Love Cycling - \u010cesk\u00e1 republika","isPartOf":{"@id":"https:\/\/www.welovecycling.com\/cs\/#website"},"primaryImageOfPage":{"@id":"https:\/\/www.welovecycling.com\/cs\/2024\/03\/25\/delka-klik-na-kole-jsou-lepsi-kratsi\/#primaryimage"},"image":{"@id":"https:\/\/www.welovecycling.com\/cs\/2024\/03\/25\/delka-klik-na-kole-jsou-lepsi-kratsi\/#primaryimage"},"thumbnailUrl":"https:\/\/d2p6e6u75xmxt8.cloudfront.net\/13\/2020\/08\/WLC-p\u0159evodn\u00edk-ped\u00e1l-klika.webp","datePublished":"2024-03-25T03:30:33+00:00","author":{"@id":"https:\/\/www.welovecycling.com\/cs\/#\/schema\/person\/d9eeb0a378f3a7e4a6d12d2b536b04b8"},"description":"D\u00e9lka klik na kole. Faktor, kter\u00fd z\u00e1sadn\u011b ovliv\u0148uje v\u00fdkon, ale mnohdy i zdravotn\u00ed stav cyklist\u016f. \u0158e\u0161ili jste n\u011bkdy, jak\u00e1 d\u00e9lka klik je pro v\u00e1s ide\u00e1ln\u00ed?","inLanguage":"cs","potentialAction":[{"@type":"ReadAction","target":["https:\/\/www.welovecycling.com\/cs\/2024\/03\/25\/delka-klik-na-kole-jsou-lepsi-kratsi\/"]}]},{"@type":"ImageObject","inLanguage":"cs","@id":"https:\/\/www.welovecycling.com\/cs\/2024\/03\/25\/delka-klik-na-kole-jsou-lepsi-kratsi\/#primaryimage","url":"https:\/\/d2p6e6u75xmxt8.cloudfront.net\/13\/2020\/08\/WLC-p\u0159evodn\u00edk-ped\u00e1l-klika.webp","contentUrl":"https:\/\/d2p6e6u75xmxt8.cloudfront.net\/13\/2020\/08\/WLC-p\u0159evodn\u00edk-ped\u00e1l-klika.webp","width":1600,"height":1067,"caption":"D\u00e9lka klik na kole Foto: Michal \u010cerven\u00fd"},{"@type":"WebSite","@id":"https:\/\/www.welovecycling.com\/cs\/#website","url":"https:\/\/www.welovecycling.com\/cs\/","name":"\u0160koda We Love Cycling - \u010cesk\u00e1 republika","description":"WeLoveCycling.cz je online magaz\u00edn, kter\u00fd v\u00e1m pravideln\u011b p\u0159in\u00e1\u0161\u00ed rady a tipy, zaj\u00edmav\u00e9 \u010dl\u00e1nky, videa a jedine\u010dn\u00e9 report\u00e1\u017ee ze sv\u011bta cyklistiky.","potentialAction":[{"@type":"SearchAction","target":{"@type":"EntryPoint","urlTemplate":"https:\/\/www.welovecycling.com\/cs\/?s={search_term_string}"},"query-input":{"@type":"PropertyValueSpecification","valueRequired":true,"valueName":"search_term_string"}}],"inLanguage":"cs"},{"@type":"Person","@id":"https:\/\/www.welovecycling.com\/cs\/#\/schema\/person\/d9eeb0a378f3a7e4a6d12d2b536b04b8","name":"radekmalina","image":{"@type":"ImageObject","inLanguage":"cs","@id":"https:\/\/www.welovecycling.com\/cs\/#\/schema\/person\/image\/","url":"https:\/\/secure.gravatar.com\/avatar\/66994b632cb8c39a46b9f54afa3ae07201b678d32a54275b6f1c9ffec356bfc0?s=96&d=mm&r=g","contentUrl":"https:\/\/secure.gravatar.com\/avatar\/66994b632cb8c39a46b9f54afa3ae07201b678d32a54275b6f1c9ffec356bfc0?s=96&d=mm&r=g","caption":"radekmalina"},"url":"https:\/\/www.welovecycling.com\/cs\/author\/radekmalina\/"}]}},"_links":{"self":[{"href":"https:\/\/www.welovecycling.com\/cs\/wp-json\/wp\/v2\/posts\/25087","targetHints":{"allow":["GET"]}}],"collection":[{"href":"https:\/\/www.welovecycling.com\/cs\/wp-json\/wp\/v2\/posts"}],"about":[{"href":"https:\/\/www.welovecycling.com\/cs\/wp-json\/wp\/v2\/types\/post"}],"author":[{"embeddable":true,"href":"https:\/\/www.welovecycling.com\/cs\/wp-json\/wp\/v2\/users\/138"}],"replies":[{"embeddable":true,"href":"https:\/\/www.welovecycling.com\/cs\/wp-json\/wp\/v2\/comments?post=25087"}],"version-history":[{"count":4,"href":"https:\/\/www.welovecycling.com\/cs\/wp-json\/wp\/v2\/posts\/25087\/revisions"}],"predecessor-version":[{"id":25091,"href":"https:\/\/www.welovecycling.com\/cs\/wp-json\/wp\/v2\/posts\/25087\/revisions\/25091"}],"wp:featuredmedia":[{"embeddable":true,"href":"https:\/\/www.welovecycling.com\/cs\/wp-json\/wp\/v2\/media\/9292"}],"wp:attachment":[{"href":"https:\/\/www.welovecycling.com\/cs\/wp-json\/wp\/v2\/media?parent=25087"}],"wp:term":[{"taxonomy":"category","embeddable":true,"href":"https:\/\/www.welovecycling.com\/cs\/wp-json\/wp\/v2\/categories?post=25087"},{"taxonomy":"post_tag","embeddable":true,"href":"https:\/\/www.welovecycling.com\/cs\/wp-json\/wp\/v2\/tags?post=25087"},{"taxonomy":"global-categories","embeddable":true,"href":"https:\/\/www.welovecycling.com\/cs\/wp-json\/wp\/v2\/global-categories?post=25087"}],"curies":[{"name":"wp","href":"https:\/\/api.w.org\/{rel}","templated":true}]}}