{"id":25009,"date":"2024-03-11T15:26:48","date_gmt":"2024-03-11T13:26:48","guid":{"rendered":"https:\/\/www.welovecycling.com\/cs\/?p=25009"},"modified":"2024-03-11T15:26:48","modified_gmt":"2024-03-11T13:26:48","slug":"primoz-roglic-a-jeho-premiera-oslnil-nebo-propadl","status":"publish","type":"post","link":"https:\/\/www.welovecycling.com\/cs\/2024\/03\/11\/primoz-roglic-a-jeho-premiera-oslnil-nebo-propadl\/","title":{"rendered":"Primo\u017e Rogli\u010d a jeho premi\u00e9ra: oslnil, nebo propadl?"},"content":{"rendered":"<p><strong>Otev\u0159el novou \u00e9ru. A nebyl to za\u010d\u00e1tek, v\u00a0kter\u00fd doufal. Slovinsk\u00fd cyklista Primo\u017e Rogli\u010d p\u0159i z\u00e1vod\u011b Pa\u0159\u00ed\u017e-Nice debutoval v\u00a0dresu Bora hansgrohe. P\u0159ed sezonou zm\u011bnil trikot, aby m\u011bl \u0161anci na v\u00edt\u011bzstv\u00ed v\u00a0Tour de France, proto\u017ee na p\u0159edchoz\u00ed adrese (Visma Lease a bike) ztratil d\u016fv\u011bru. Premi\u00e9ra v\u00a0osmidenn\u00ed etapov\u00e9 bitv\u011b ve Francii kon\u010dila des\u00e1tou p\u0159\u00ed\u010dkou. Je to sm\u011brem k\u00a0\u010dervencov\u00fdm bitv\u00e1m o maillot jaune varov\u00e1n\u00ed?<\/strong><\/p>\n<p>\u201eZm\u011bna b\u011bhem zimy byla radik\u00e1ln\u00ed. Nov\u00ed par\u0165\u00e1ci na kolech, nov\u00ed lid\u00e9 v t\u00fdmu, nov\u00fd materi\u00e1l. P\u0159i premi\u00e9\u0159e jsme si na sebe zvykali, pozn\u00e1val jsem fungov\u00e1n\u00ed cel\u00e9ho soukol\u00ed. To bylo d\u016fle\u017eit\u011bj\u0161\u00ed ne\u017e za ka\u017edou cenu tla\u010dit na v\u0161echny, abych byl na prvn\u00edm m\u00edst\u011b,\u201c hodnotil Primo\u017e Rogli\u010d osm dn\u00ed p\u0159i Pa\u0159\u00ed\u017e-Nice. P\u016fsobil velice klidn\u011b a vyrovnan\u011b. Rozhodn\u011b ze Slovince nebyla c\u00edtit panika.<\/p>\n<p>\u201eV pelotonu je na \u00favod sezony docela dost raket,\u201c komentoval s \u00fasm\u011bvem po\u010d\u00edn\u00e1n\u00ed hlavn\u00edch rival\u016f. V pomysln\u00e9 nep\u0159\u00edm\u00e9 konfrontaci \u010dty\u0159 adept\u016f na titul z Grande Boucle byl v \u00favodu sezony Slovinec nejslab\u0161\u00ed.<\/p>\n<h2><strong>Rakety v pelotonu Slovince ned\u011bs\u00ed<\/strong><\/h2>\n<p>Jeho krajan Tadej Poga\u010dar (UAE Emirates) vyhr\u00e1l dominantn\u00edm zp\u016fsobem Strade Bianche. Jonas Vingegaard (Visma Lease a bike) opanoval Tirreno-Adriatico, p\u0159i\u010dem\u017e u\u017e m\u011bl v\u00a0kapse i celkov\u00fd triumf z\u00a0O Gran Cami\u0148o, tak\u017ee na za\u010d\u00e1tku b\u0159ezna jeho bilance \u010d\u00edt\u00e1 p\u011bt etapov\u00fdch v\u00edt\u011bzstv\u00ed a dv\u011b celkov\u00e1. Remco Evenepoel (Soudal Quick Step) ovl\u00e1dl jednor\u00e1zovku Figueira, pak absolutn\u00ed po\u0159ad\u00ed Kolem Algarve, kde vyhr\u00e1l \u010dasovku. D\u00edl\u010d\u00ed triumf p\u0159idal i v\u00a0z\u00e1v\u011bre\u010dn\u00e9 etap\u011b Pa\u0159\u00ed\u017e-Nice, kde uzmul druh\u00e9 m\u00edsto kone\u010dn\u00e9ho hodnocen\u00ed.<\/p>\n<p>Tihle \u010dty\u0159i borci jsou hlavn\u00edmi adepty na v\u00edt\u011bzstv\u00ed v Tour de France 2024! Zku\u0161en\u00fd Slovinec se pro Starou d\u00e1mu stal v barv\u00e1ch nizozemsk\u00e9mu t\u00fdmu Visma Lease a bike a\u017e z\u00e1lo\u017en\u00ed variantou. Giro di Italia i Vueltu u\u017e vyhr\u00e1l. Triumf z Grande Boucle unik\u00e1. Aby udr\u017eel nad\u011bji, musel opustit m\u00edsto, kde po osmi letech znal v\u0161e dokonale.<\/p>\n<figure id=\"attachment_25008\" aria-describedby=\"caption-attachment-25008\" style=\"width: 1800px\" class=\"wp-caption alignnone\"><a href=\"https:\/\/d2p6e6u75xmxt8.cloudfront.net\/13\/2024\/03\/profimedia-0853236696.webp\"><img loading=\"lazy\" decoding=\"async\" class=\"size-full wp-image-25008\" src=\"https:\/\/d2p6e6u75xmxt8.cloudfront.net\/13\/2024\/03\/profimedia-0853236696.webp\" alt=\"Primo\u017e Rogli\u010d a Remco Evenepoel (vlevo) b\u011bhem etapov\u00e9ho z\u00e1vodu Pa\u0159\u00ed\u017e-Nice 2024.\" width=\"1800\" height=\"1199\" srcset=\"https:\/\/d2p6e6u75xmxt8.cloudfront.net\/13\/2024\/03\/profimedia-0853236696.webp 1800w, https:\/\/d2p6e6u75xmxt8.cloudfront.net\/13\/2024\/03\/profimedia-0853236696-300x200.webp 300w, https:\/\/d2p6e6u75xmxt8.cloudfront.net\/13\/2024\/03\/profimedia-0853236696-1024x682.webp 1024w, https:\/\/d2p6e6u75xmxt8.cloudfront.net\/13\/2024\/03\/profimedia-0853236696-768x512.webp 768w, https:\/\/d2p6e6u75xmxt8.cloudfront.net\/13\/2024\/03\/profimedia-0853236696-1536x1023.webp 1536w, https:\/\/d2p6e6u75xmxt8.cloudfront.net\/13\/2024\/03\/profimedia-0853236696-400x266.webp 400w, https:\/\/d2p6e6u75xmxt8.cloudfront.net\/13\/2024\/03\/profimedia-0853236696-272x182.webp 272w\" sizes=\"auto, (max-width: 1800px) 100vw, 1800px\" \/><\/a><figcaption id=\"caption-attachment-25008\" class=\"wp-caption-text\"><em>Primo\u017e Rogli\u010d a Remco Evenepoel (vlevo) b\u011bhem etapov\u00e9ho z\u00e1vodu Pa\u0159\u00ed\u017e-Nice 2024. Foto: profimedia (3x)<\/em><\/figcaption><\/figure>\n<p>V\u0161ichni s\u00a0nap\u011bt\u00edm o\u010dek\u00e1vali jeho debut na nov\u00e9 adrese. Poprv\u00e9 od roku 2015 jel v\u00a0nov\u00e9m dresu. Pr\u00e1v\u011b etapov\u00e1 bitva Pa\u0159\u00ed\u017e-Nice se p\u0159ed dv\u011bma lety stala ko\u0159ist\u00ed slovinsk\u00e9ho z\u00e1vodn\u00edka. Nav\u00edc t\u00fddenn\u00ed etapov\u00e9 z\u00e1vody jsou dom\u00e9nou nov\u00e9 posily Bora hansgrohe.<\/p>\n<p>V\u00a0roce 2023 vyhr\u00e1l p\u0159i vstupu do sezony Tirreno-Adriatico, o rok d\u0159\u00edve Pa\u0159\u00ed\u017e-Nice, sezonu 2020 odstartoval v\u00fdhrou v\u00a0Tour de l\u00b4Ain\u2026 V\u00a0p\u0159ede\u0161l\u00fdch \u0161esti letech vyhr\u00e1l deset z t\u0159in\u00e1cti t\u00fddenn\u00edch World Tour etap\u00e1k\u016f. A kdy\u017e nebyl na nejvy\u0161\u0161\u00edm stupni, ne\u0161lo ani tak o um\u011bn\u00ed soupe\u0159\u016f. V\u00a0roce 2022 byl p\u0159i z\u00e1vod\u011b Kolem Baskicka unaven\u00fd z\u00a0p\u0159ede\u0161l\u00e9ho programu, o rok d\u0159\u00edve p\u0159i Pa\u0159\u00ed\u017e-Nice spadl, v\u00a0sezon\u011b 2020 se p\u0159i Crit\u00e9rium du Dauphin\u00e9 zranil.<\/p>\n<h2><strong>Primo\u017e Rogli\u010d dr\u017eel krok s Evenepoelem<\/strong><\/h2>\n<p>Tentokr\u00e1t dojel nejl\u00e9pe t\u0159et\u00ed v\u00a0sedm\u00e9 etap\u011b. P\u0159i pohledu na celkov\u00e9 v\u00fdsledky m\u011bl Primo\u017e Rogli\u010d manko na Evenepoela p\u0159esn\u011b 5 minut a 3 sekundy. Zd\u00e1nliv\u011b hrozn\u00fd rozd\u00edl. \u00a0Ov\u0161em p\u0159i vy\u0161krtnut\u00ed t\u00fdmov\u00e9 \u010dasovky (32 sekund) a z\u00e1v\u011bre\u010dn\u00e9 etapy (4:04), kterou v\u00a0de\u0161ti a chladu Rogli\u010d bez nad\u011bje na um\u00edst\u011bn\u00ed vypustil, je rozd\u00edl pon\u011bkud odli\u0161n\u00fd.<\/p>\n<p>V\u00a0\u00favodn\u00edm a druh\u00e9m d\u011bjstv\u00ed dojeli oba adepti na v\u00edt\u011bzstv\u00ed v\u00a0Tour de France ve shodn\u00e9m \u010dase. B\u011bhem \u010dtvrt\u00e9 etapy ztratil Rogli\u010d na Evenepoela dv\u011b vte\u0159iny, p\u0159i p\u00e1t\u00e9m pokra\u010dov\u00e1n\u00ed m\u011bli shodn\u00fd \u010das, v\u00a0\u0161est\u00e9 etap\u011b ztratil Slovinec vte\u0159inu, v\u00a0sedm\u00e9 etap\u011b fini\u0161ovali bok po boku.<\/p>\n<div class=\"shortcode-ys-post-pinup\"><article class=\"loop-simple post-23791 post type-post status-publish format-standard has-post-thumbnail hentry category-silnicni-cyklistika tag-jonas-vingegaard tag-jumbo-visma tag-lidl-trek tag-odchod tag-prestup tag-primoz-roglic tag-sepp-kuss tag-tadej-pogacar global-categories-cycling\" data-postid=\"23791\" role=\"article\" data-post-id=\"23791\" data-word-count=\"627\" data-headline-length=\"84\" data-category=\"Silni\u010dn\u00ed cyklistika\" data-global-category=\"Cycling\" data-author=\"Jan Kr\u016fta\" data-published=\"2023-10-03T11:35:50+02:00\" data-published-day=\"Tuesday\">\n    <div class=\"entry-thumbnail article-thumbnail\" content=\"https:\/\/d2p6e6u75xmxt8.cloudfront.net\/13\/2023\/10\/roglic-primoz-150x150.webp\"><a href=\"https:\/\/www.welovecycling.com\/cs\/2023\/10\/03\/primoz-roglic-dostane-na-nove-adrese-balik-vydela-stejne-jako-tadej-pogacar\/\" class=\"image-holder\" target=\"_self\"><img decoding=\"async\" loading=\"lazy\" class=\"\" src=\"https:\/\/d2p6e6u75xmxt8.cloudfront.net\/13\/2023\/10\/roglic-primoz-1024x682.webp\" srcset=\"https:\/\/d2p6e6u75xmxt8.cloudfront.net\/13\/2023\/10\/roglic-primoz.webp 2000w, https:\/\/d2p6e6u75xmxt8.cloudfront.net\/13\/2023\/10\/roglic-primoz-300x200.webp 300w, https:\/\/d2p6e6u75xmxt8.cloudfront.net\/13\/2023\/10\/roglic-primoz-1024x682.webp 1024w, https:\/\/d2p6e6u75xmxt8.cloudfront.net\/13\/2023\/10\/roglic-primoz-768x512.webp 768w, https:\/\/d2p6e6u75xmxt8.cloudfront.net\/13\/2023\/10\/roglic-primoz-1536x1024.webp 1536w, https:\/\/d2p6e6u75xmxt8.cloudfront.net\/13\/2023\/10\/roglic-primoz-1920x1280.webp 1920w, https:\/\/d2p6e6u75xmxt8.cloudfront.net\/13\/2023\/10\/roglic-primoz-400x267.webp 400w, https:\/\/d2p6e6u75xmxt8.cloudfront.net\/13\/2023\/10\/roglic-primoz-272x182.webp 272w, https:\/\/d2p6e6u75xmxt8.cloudfront.net\/13\/2023\/10\/roglic-primoz-1920x1280.webp 1920w\" width=\"1024\" height=\"682\" sizes=\"auto, (min-width: 1200px) 300px, (min-width: 768px) 25vw, 100vw\" alt=\"primoz-roglic-dostane-na-nove-adrese-balik-vydela-stejne-jako-tadej-pogacar\"\/><\/a><\/div>    <div class=\"entry-meta\">\n        <a class=\"label label-secondary post-category\" href=\"https:\/\/www.welovecycling.com\/cs\/category\/silnicni-cyklistika\/\" title=\"Silni\u010dn\u00ed cyklistika\">Silni\u010dn\u00ed cyklistika<\/a>\n    <\/div>\n    <div class=\"entry-details\">\n        <a href=\"https:\/\/www.welovecycling.com\/cs\/2023\/10\/03\/primoz-roglic-dostane-na-nove-adrese-balik-vydela-stejne-jako-tadej-pogacar\/\" class='entry-title-wrapper'>\n            <h3 class=\"entry-title\"><span>Primo\u017e Rogli\u010d dostane na nov\u00e9 adrese bal\u00edk! Vyd\u011bl\u00e1 stejn\u011b jako Tadej Poga\u010dar<\/span><\/h3>\n        <\/a>\n    <\/div>\n    <\/article>\n<\/div>\n<p>Je t\u0159eba vz\u00edt v\u00a0\u00favahu fakt, \u017ee pro Slovince \u0161lo o z\u00e1vodn\u00ed debut v\u00a0sezon\u011b, zat\u00edmco belgick\u00fd rival u\u017e m\u011bl v\u00a0noh\u00e1ch \u0161est z\u00e1vodn\u00edch dn\u016f. Tud\u00ed\u017e pokud bude Remco Evenepoel schopn\u00fd konkurovat Vingegaardovi s\u00a0Poga\u010darem, pro\u010d by jim nem\u011bl sta\u010dit Primo\u017e Rogli\u010d?<\/p>\n<p>\u201eStoj\u00edm na slu\u0161n\u00fdch z\u00e1kladech a v\u00edm, co je t\u0159eba zlep\u0161it,\u201c pronesl Slovinec. Je p\u0159itom jasn\u00e9, \u017ee ur\u010dit\u011b je\u0161t\u011b nen\u00ed na vrcholu formy.<\/p>\n<h2><strong>Kdo vytvo\u0159\u00ed podp\u016frn\u00fd t\u00fdm?<\/strong><\/h2>\n<p>Kl\u00ed\u010dov\u00e1 z\u016fst\u00e1v\u00e1 ot\u00e1zka slo\u017een\u00ed t\u00fdmu, kter\u00fd bude Rogli\u010dovi v\u00a0\u010dervenci p\u0159i Star\u00e9 d\u00e1m\u011b asistovat. Ve srovn\u00e1n\u00ed s\u00a0podp\u016frnou sestavou b\u011bhem anga\u017em\u00e1 v\u00a0Jumbo Visma p\u016fjde z\u0159ejm\u011b o slab\u0161\u00ed str\u00e1nku.<\/p>\n<figure id=\"attachment_25006\" aria-describedby=\"caption-attachment-25006\" style=\"width: 1800px\" class=\"wp-caption alignnone\"><a href=\"https:\/\/d2p6e6u75xmxt8.cloudfront.net\/13\/2024\/03\/profimedia-0855582351.webp\"><img loading=\"lazy\" decoding=\"async\" class=\"size-full wp-image-25006\" src=\"https:\/\/d2p6e6u75xmxt8.cloudfront.net\/13\/2024\/03\/profimedia-0855582351.webp\" alt=\"Podvol\u00ed se pot\u0159eb\u00e1m hv\u011bzdy? Alexandr Vlasov dojel p\u0159i Pa\u0159\u00ed\u017e-Nice na celkov\u00e9 pat\u00e9 p\u0159\u00ed\u010dce.\" width=\"1800\" height=\"1200\" srcset=\"https:\/\/d2p6e6u75xmxt8.cloudfront.net\/13\/2024\/03\/profimedia-0855582351.webp 1800w, https:\/\/d2p6e6u75xmxt8.cloudfront.net\/13\/2024\/03\/profimedia-0855582351-300x200.webp 300w, https:\/\/d2p6e6u75xmxt8.cloudfront.net\/13\/2024\/03\/profimedia-0855582351-1024x683.webp 1024w, https:\/\/d2p6e6u75xmxt8.cloudfront.net\/13\/2024\/03\/profimedia-0855582351-768x512.webp 768w, https:\/\/d2p6e6u75xmxt8.cloudfront.net\/13\/2024\/03\/profimedia-0855582351-1536x1024.webp 1536w, https:\/\/d2p6e6u75xmxt8.cloudfront.net\/13\/2024\/03\/profimedia-0855582351-400x267.webp 400w, https:\/\/d2p6e6u75xmxt8.cloudfront.net\/13\/2024\/03\/profimedia-0855582351-272x182.webp 272w\" sizes=\"auto, (max-width: 1800px) 100vw, 1800px\" \/><\/a><figcaption id=\"caption-attachment-25006\" class=\"wp-caption-text\"><em>Podvol\u00ed se pot\u0159eb\u00e1m hv\u011bzdy? Alexandr Vlasov dojel p\u0159i Pa\u0159\u00ed\u017e-Nice na celkov\u00e9 pat\u00e9 p\u0159\u00ed\u010dce.<\/em><\/figcaption><\/figure>\n<p>Alexandr Vlasov se p\u0159ed dv\u011bma lety upsal sestav\u011b Bora hansgrohe coby l\u00eddr. Ob\u011btuje vlastn\u00ed \u0161ance a p\u0159ijme pozici superdomestika? Pak jsou zde Nico Denz, Matteo Sobrero, Bob Jungels, Danny van Poppel, Marc Haller, Jai Hindley, Lennard K\u00e4mna \u010di Daniel Mart\u00ednez. Z t\u011bchto jmen\u00a0 pravd\u011bpodobn\u011b vzejde sedm mu\u017e\u016f, jejich\u017e \u00fakolem bude vyrovnat se t\u00fdmov\u00e9 ma\u0161in\u011b v dresech Visma Lease a bike. Pokud <a href=\"https:\/\/www.welovecycling.com\/cs\/2023\/10\/09\/jeden-problem-primoz-roglic-vyresil-ted-celi-jeste-vetsi-vyzve\/\">Primo\u017e Rogli\u010d<\/a>, respektive Bora hansgrohe dok\u00e1\u017ee vyladit v\u0161e k\u00a0dokonalosti, nen\u00ed d\u016fvod Slovince ani ve \u010dty\u0159iat\u0159iceti letech odepisovat\u2026<\/p>\n","protected":false},"excerpt":{"rendered":"<p>Otev\u0159el novou \u00e9ru. A nebyl to za\u010d\u00e1tek, v\u00a0kter\u00fd doufal. Slovinsk\u00fd cyklista Primo\u017e Rogli\u010d p\u0159i z\u00e1vod\u011b Pa\u0159\u00ed\u017e-Nice debutoval v\u00a0dresu Bora hansgrohe. [&hellip;]<\/p>\n","protected":false},"author":138,"featured_media":25007,"comment_status":"open","ping_status":"open","sticky":false,"template":"","format":"standard","meta":{"footnotes":""},"categories":[10],"tags":[645,126,1601,101,102,1072,9,502,23],"global-categories":[411],"class_list":["post-25009","post","type-post","status-publish","format-standard","has-post-thumbnail","hentry","category-silnicni-cyklistika","tag-bora-hansgrohe","tag-cyklistika","tag-jonas-vingegaard","tag-pariz-nice","tag-primoz-roglic","tag-remco-evenepoel","tag-silnicni-cyklistika","tag-tadej-pogacar","tag-tour-de-france","global-categories-cycling"],"yoast_head":"<!-- This site is optimized with the Yoast SEO Premium plugin v25.3 (Yoast SEO v25.9) - https:\/\/yoast.com\/wordpress\/plugins\/seo\/ -->\n<title>Primo\u017e Rogli\u010d a jeho premi\u00e9ra: oslnil, nebo propadl? | \u0160koda We Love Cycling - \u010cesk\u00e1 republika<\/title>\n<meta name=\"description\" content=\"Otev\u0159el novou \u00e9ru. A nebyl to za\u010d\u00e1tek, v\u00a0kter\u00fd doufal. Slovinsk\u00fd cyklista Primo\u017e Rogli\u010d p\u0159i z\u00e1vod\u011b Pa\u0159\u00ed\u017e-Nice debutoval v\u00a0dresu Bora hansgrohe. P\u0159ed sezonou zm\u011bnil trikot, aby m\u011bl \u0161anci na v\u00edt\u011bzstv\u00ed v\u00a0Tour de France, proto\u017ee na p\u0159edchoz\u00ed adrese (Visma Lease a bike) ztratil d\u016fv\u011bru. Premi\u00e9ra v\u00a0osmidenn\u00ed etapov\u00e9 bitv\u011b ve Francii kon\u010dila des\u00e1tou p\u0159\u00ed\u010dkou. Je to sm\u011brem k\u00a0\u010dervencov\u00fdm bitv\u00e1m o maillot jaune varov\u00e1n\u00ed?\" \/>\n<meta name=\"robots\" content=\"index, follow, max-snippet:-1, max-image-preview:large, max-video-preview:-1\" \/>\n<link rel=\"canonical\" href=\"https:\/\/www.welovecycling.com\/cs\/2024\/03\/11\/primoz-roglic-a-jeho-premiera-oslnil-nebo-propadl\/\" \/>\n<meta property=\"og:locale\" content=\"cs_CZ\" \/>\n<meta property=\"og:type\" content=\"article\" \/>\n<meta property=\"og:title\" content=\"Primo\u017e Rogli\u010d a jeho premi\u00e9ra: oslnil, nebo propadl?\" \/>\n<meta property=\"og:description\" content=\"Otev\u0159el novou \u00e9ru. A nebyl to za\u010d\u00e1tek, v\u00a0kter\u00fd doufal. Slovinsk\u00fd cyklista Primo\u017e Rogli\u010d p\u0159i z\u00e1vod\u011b Pa\u0159\u00ed\u017e-Nice debutoval v\u00a0dresu Bora hansgrohe. P\u0159ed sezonou zm\u011bnil trikot, aby m\u011bl \u0161anci na v\u00edt\u011bzstv\u00ed v\u00a0Tour de France, proto\u017ee na p\u0159edchoz\u00ed adrese (Visma Lease a bike) ztratil d\u016fv\u011bru. Premi\u00e9ra v\u00a0osmidenn\u00ed etapov\u00e9 bitv\u011b ve Francii kon\u010dila des\u00e1tou p\u0159\u00ed\u010dkou. Je to sm\u011brem k\u00a0\u010dervencov\u00fdm bitv\u00e1m o maillot jaune varov\u00e1n\u00ed?\" \/>\n<meta property=\"og:url\" content=\"https:\/\/www.welovecycling.com\/cs\/2024\/03\/11\/primoz-roglic-a-jeho-premiera-oslnil-nebo-propadl\/\" \/>\n<meta property=\"og:site_name\" content=\"\u0160koda We Love Cycling - \u010cesk\u00e1 republika\" \/>\n<meta property=\"article:published_time\" content=\"2024-03-11T13:26:48+00:00\" \/>\n<meta property=\"og:image\" content=\"https:\/\/d2p6e6u75xmxt8.cloudfront.net\/13\/2024\/03\/profimedia-0855221771.webp\" \/>\n\t<meta property=\"og:image:width\" content=\"1800\" \/>\n\t<meta property=\"og:image:height\" content=\"1200\" \/>\n\t<meta property=\"og:image:type\" content=\"image\/webp\" \/>\n<meta name=\"author\" content=\"radekmalina\" \/>\n<meta name=\"twitter:card\" content=\"summary_large_image\" \/>\n<meta name=\"twitter:label1\" content=\"Written by\" \/>\n\t<meta name=\"twitter:data1\" content=\"Jan Kr\u016fta\" \/>\n\t<meta name=\"twitter:label2\" content=\"Est. reading time\" \/>\n\t<meta name=\"twitter:data2\" content=\"5\" \/>\n<script type=\"application\/ld+json\" class=\"yoast-schema-graph\">{\"@context\":\"https:\/\/schema.org\",\"@graph\":[{\"@type\":\"WebPage\",\"@id\":\"https:\/\/www.welovecycling.com\/cs\/2024\/03\/11\/primoz-roglic-a-jeho-premiera-oslnil-nebo-propadl\/\",\"url\":\"https:\/\/www.welovecycling.com\/cs\/2024\/03\/11\/primoz-roglic-a-jeho-premiera-oslnil-nebo-propadl\/\",\"name\":\"Primo\u017e Rogli\u010d a jeho premi\u00e9ra: oslnil, nebo propadl? | \u0160koda We Love Cycling - \u010cesk\u00e1 republika\",\"isPartOf\":{\"@id\":\"https:\/\/www.welovecycling.com\/cs\/#website\"},\"primaryImageOfPage\":{\"@id\":\"https:\/\/www.welovecycling.com\/cs\/2024\/03\/11\/primoz-roglic-a-jeho-premiera-oslnil-nebo-propadl\/#primaryimage\"},\"image\":{\"@id\":\"https:\/\/www.welovecycling.com\/cs\/2024\/03\/11\/primoz-roglic-a-jeho-premiera-oslnil-nebo-propadl\/#primaryimage\"},\"thumbnailUrl\":\"https:\/\/d2p6e6u75xmxt8.cloudfront.net\/13\/2024\/03\/profimedia-0855221771.webp\",\"datePublished\":\"2024-03-11T13:26:48+00:00\",\"author\":{\"@id\":\"https:\/\/www.welovecycling.com\/cs\/#\/schema\/person\/d9eeb0a378f3a7e4a6d12d2b536b04b8\"},\"description\":\"Otev\u0159el novou \u00e9ru. A nebyl to za\u010d\u00e1tek, v\u00a0kter\u00fd doufal. Slovinsk\u00fd cyklista Primo\u017e Rogli\u010d p\u0159i z\u00e1vod\u011b Pa\u0159\u00ed\u017e-Nice debutoval v\u00a0dresu Bora hansgrohe. P\u0159ed sezonou zm\u011bnil trikot, aby m\u011bl \u0161anci na v\u00edt\u011bzstv\u00ed v\u00a0Tour de France, proto\u017ee na p\u0159edchoz\u00ed adrese (Visma Lease a bike) ztratil d\u016fv\u011bru. Premi\u00e9ra v\u00a0osmidenn\u00ed etapov\u00e9 bitv\u011b ve Francii kon\u010dila des\u00e1tou p\u0159\u00ed\u010dkou. Je to sm\u011brem k\u00a0\u010dervencov\u00fdm bitv\u00e1m o maillot jaune varov\u00e1n\u00ed?\",\"inLanguage\":\"cs\",\"potentialAction\":[{\"@type\":\"ReadAction\",\"target\":[\"https:\/\/www.welovecycling.com\/cs\/2024\/03\/11\/primoz-roglic-a-jeho-premiera-oslnil-nebo-propadl\/\"]}]},{\"@type\":\"ImageObject\",\"inLanguage\":\"cs\",\"@id\":\"https:\/\/www.welovecycling.com\/cs\/2024\/03\/11\/primoz-roglic-a-jeho-premiera-oslnil-nebo-propadl\/#primaryimage\",\"url\":\"https:\/\/d2p6e6u75xmxt8.cloudfront.net\/13\/2024\/03\/profimedia-0855221771.webp\",\"contentUrl\":\"https:\/\/d2p6e6u75xmxt8.cloudfront.net\/13\/2024\/03\/profimedia-0855221771.webp\",\"width\":1800,\"height\":1200,\"caption\":\"Primo\u017e Rogli\u010d\"},{\"@type\":\"WebSite\",\"@id\":\"https:\/\/www.welovecycling.com\/cs\/#website\",\"url\":\"https:\/\/www.welovecycling.com\/cs\/\",\"name\":\"\u0160koda We Love Cycling - \u010cesk\u00e1 republika\",\"description\":\"WeLoveCycling.cz je online magaz\u00edn, kter\u00fd v\u00e1m pravideln\u011b p\u0159in\u00e1\u0161\u00ed rady a tipy, zaj\u00edmav\u00e9 \u010dl\u00e1nky, videa a jedine\u010dn\u00e9 report\u00e1\u017ee ze sv\u011bta cyklistiky.\",\"potentialAction\":[{\"@type\":\"SearchAction\",\"target\":{\"@type\":\"EntryPoint\",\"urlTemplate\":\"https:\/\/www.welovecycling.com\/cs\/?s={search_term_string}\"},\"query-input\":{\"@type\":\"PropertyValueSpecification\",\"valueRequired\":true,\"valueName\":\"search_term_string\"}}],\"inLanguage\":\"cs\"},{\"@type\":\"Person\",\"@id\":\"https:\/\/www.welovecycling.com\/cs\/#\/schema\/person\/d9eeb0a378f3a7e4a6d12d2b536b04b8\",\"name\":\"radekmalina\",\"image\":{\"@type\":\"ImageObject\",\"inLanguage\":\"cs\",\"@id\":\"https:\/\/www.welovecycling.com\/cs\/#\/schema\/person\/image\/\",\"url\":\"https:\/\/secure.gravatar.com\/avatar\/66994b632cb8c39a46b9f54afa3ae07201b678d32a54275b6f1c9ffec356bfc0?s=96&d=mm&r=g\",\"contentUrl\":\"https:\/\/secure.gravatar.com\/avatar\/66994b632cb8c39a46b9f54afa3ae07201b678d32a54275b6f1c9ffec356bfc0?s=96&d=mm&r=g\",\"caption\":\"radekmalina\"},\"url\":\"https:\/\/www.welovecycling.com\/cs\/author\/radekmalina\/\"}]}<\/script>\n<!-- \/ Yoast SEO Premium plugin. -->","yoast_head_json":{"title":"Primo\u017e Rogli\u010d a jeho premi\u00e9ra: oslnil, nebo propadl? | \u0160koda We Love Cycling - \u010cesk\u00e1 republika","description":"Otev\u0159el novou \u00e9ru. A nebyl to za\u010d\u00e1tek, v\u00a0kter\u00fd doufal. Slovinsk\u00fd cyklista Primo\u017e Rogli\u010d p\u0159i z\u00e1vod\u011b Pa\u0159\u00ed\u017e-Nice debutoval v\u00a0dresu Bora hansgrohe. P\u0159ed sezonou zm\u011bnil trikot, aby m\u011bl \u0161anci na v\u00edt\u011bzstv\u00ed v\u00a0Tour de France, proto\u017ee na p\u0159edchoz\u00ed adrese (Visma Lease a bike) ztratil d\u016fv\u011bru. Premi\u00e9ra v\u00a0osmidenn\u00ed etapov\u00e9 bitv\u011b ve Francii kon\u010dila des\u00e1tou p\u0159\u00ed\u010dkou. Je to sm\u011brem k\u00a0\u010dervencov\u00fdm bitv\u00e1m o maillot jaune varov\u00e1n\u00ed?","robots":{"index":"index","follow":"follow","max-snippet":"max-snippet:-1","max-image-preview":"max-image-preview:large","max-video-preview":"max-video-preview:-1"},"canonical":"https:\/\/www.welovecycling.com\/cs\/2024\/03\/11\/primoz-roglic-a-jeho-premiera-oslnil-nebo-propadl\/","og_locale":"cs_CZ","og_type":"article","og_title":"Primo\u017e Rogli\u010d a jeho premi\u00e9ra: oslnil, nebo propadl?","og_description":"Otev\u0159el novou \u00e9ru. A nebyl to za\u010d\u00e1tek, v\u00a0kter\u00fd doufal. Slovinsk\u00fd cyklista Primo\u017e Rogli\u010d p\u0159i z\u00e1vod\u011b Pa\u0159\u00ed\u017e-Nice debutoval v\u00a0dresu Bora hansgrohe. P\u0159ed sezonou zm\u011bnil trikot, aby m\u011bl \u0161anci na v\u00edt\u011bzstv\u00ed v\u00a0Tour de France, proto\u017ee na p\u0159edchoz\u00ed adrese (Visma Lease a bike) ztratil d\u016fv\u011bru. Premi\u00e9ra v\u00a0osmidenn\u00ed etapov\u00e9 bitv\u011b ve Francii kon\u010dila des\u00e1tou p\u0159\u00ed\u010dkou. Je to sm\u011brem k\u00a0\u010dervencov\u00fdm bitv\u00e1m o maillot jaune varov\u00e1n\u00ed?","og_url":"https:\/\/www.welovecycling.com\/cs\/2024\/03\/11\/primoz-roglic-a-jeho-premiera-oslnil-nebo-propadl\/","og_site_name":"\u0160koda We Love Cycling - \u010cesk\u00e1 republika","article_published_time":"2024-03-11T13:26:48+00:00","og_image":[{"width":1800,"height":1200,"url":"https:\/\/d2p6e6u75xmxt8.cloudfront.net\/13\/2024\/03\/profimedia-0855221771.webp","type":"image\/webp"}],"author":"radekmalina","twitter_card":"summary_large_image","twitter_misc":{"Written by":"Jan Kr\u016fta","Est. reading time":"5"},"schema":{"@context":"https:\/\/schema.org","@graph":[{"@type":"WebPage","@id":"https:\/\/www.welovecycling.com\/cs\/2024\/03\/11\/primoz-roglic-a-jeho-premiera-oslnil-nebo-propadl\/","url":"https:\/\/www.welovecycling.com\/cs\/2024\/03\/11\/primoz-roglic-a-jeho-premiera-oslnil-nebo-propadl\/","name":"Primo\u017e Rogli\u010d a jeho premi\u00e9ra: oslnil, nebo propadl? | \u0160koda We Love Cycling - \u010cesk\u00e1 republika","isPartOf":{"@id":"https:\/\/www.welovecycling.com\/cs\/#website"},"primaryImageOfPage":{"@id":"https:\/\/www.welovecycling.com\/cs\/2024\/03\/11\/primoz-roglic-a-jeho-premiera-oslnil-nebo-propadl\/#primaryimage"},"image":{"@id":"https:\/\/www.welovecycling.com\/cs\/2024\/03\/11\/primoz-roglic-a-jeho-premiera-oslnil-nebo-propadl\/#primaryimage"},"thumbnailUrl":"https:\/\/d2p6e6u75xmxt8.cloudfront.net\/13\/2024\/03\/profimedia-0855221771.webp","datePublished":"2024-03-11T13:26:48+00:00","author":{"@id":"https:\/\/www.welovecycling.com\/cs\/#\/schema\/person\/d9eeb0a378f3a7e4a6d12d2b536b04b8"},"description":"Otev\u0159el novou \u00e9ru. A nebyl to za\u010d\u00e1tek, v\u00a0kter\u00fd doufal. Slovinsk\u00fd cyklista Primo\u017e Rogli\u010d p\u0159i z\u00e1vod\u011b Pa\u0159\u00ed\u017e-Nice debutoval v\u00a0dresu Bora hansgrohe. P\u0159ed sezonou zm\u011bnil trikot, aby m\u011bl \u0161anci na v\u00edt\u011bzstv\u00ed v\u00a0Tour de France, proto\u017ee na p\u0159edchoz\u00ed adrese (Visma Lease a bike) ztratil d\u016fv\u011bru. Premi\u00e9ra v\u00a0osmidenn\u00ed etapov\u00e9 bitv\u011b ve Francii kon\u010dila des\u00e1tou p\u0159\u00ed\u010dkou. Je to sm\u011brem k\u00a0\u010dervencov\u00fdm bitv\u00e1m o maillot jaune varov\u00e1n\u00ed?","inLanguage":"cs","potentialAction":[{"@type":"ReadAction","target":["https:\/\/www.welovecycling.com\/cs\/2024\/03\/11\/primoz-roglic-a-jeho-premiera-oslnil-nebo-propadl\/"]}]},{"@type":"ImageObject","inLanguage":"cs","@id":"https:\/\/www.welovecycling.com\/cs\/2024\/03\/11\/primoz-roglic-a-jeho-premiera-oslnil-nebo-propadl\/#primaryimage","url":"https:\/\/d2p6e6u75xmxt8.cloudfront.net\/13\/2024\/03\/profimedia-0855221771.webp","contentUrl":"https:\/\/d2p6e6u75xmxt8.cloudfront.net\/13\/2024\/03\/profimedia-0855221771.webp","width":1800,"height":1200,"caption":"Primo\u017e Rogli\u010d"},{"@type":"WebSite","@id":"https:\/\/www.welovecycling.com\/cs\/#website","url":"https:\/\/www.welovecycling.com\/cs\/","name":"\u0160koda We Love Cycling - \u010cesk\u00e1 republika","description":"WeLoveCycling.cz je online magaz\u00edn, kter\u00fd v\u00e1m pravideln\u011b p\u0159in\u00e1\u0161\u00ed rady a tipy, zaj\u00edmav\u00e9 \u010dl\u00e1nky, videa a jedine\u010dn\u00e9 report\u00e1\u017ee ze sv\u011bta cyklistiky.","potentialAction":[{"@type":"SearchAction","target":{"@type":"EntryPoint","urlTemplate":"https:\/\/www.welovecycling.com\/cs\/?s={search_term_string}"},"query-input":{"@type":"PropertyValueSpecification","valueRequired":true,"valueName":"search_term_string"}}],"inLanguage":"cs"},{"@type":"Person","@id":"https:\/\/www.welovecycling.com\/cs\/#\/schema\/person\/d9eeb0a378f3a7e4a6d12d2b536b04b8","name":"radekmalina","image":{"@type":"ImageObject","inLanguage":"cs","@id":"https:\/\/www.welovecycling.com\/cs\/#\/schema\/person\/image\/","url":"https:\/\/secure.gravatar.com\/avatar\/66994b632cb8c39a46b9f54afa3ae07201b678d32a54275b6f1c9ffec356bfc0?s=96&d=mm&r=g","contentUrl":"https:\/\/secure.gravatar.com\/avatar\/66994b632cb8c39a46b9f54afa3ae07201b678d32a54275b6f1c9ffec356bfc0?s=96&d=mm&r=g","caption":"radekmalina"},"url":"https:\/\/www.welovecycling.com\/cs\/author\/radekmalina\/"}]}},"_links":{"self":[{"href":"https:\/\/www.welovecycling.com\/cs\/wp-json\/wp\/v2\/posts\/25009","targetHints":{"allow":["GET"]}}],"collection":[{"href":"https:\/\/www.welovecycling.com\/cs\/wp-json\/wp\/v2\/posts"}],"about":[{"href":"https:\/\/www.welovecycling.com\/cs\/wp-json\/wp\/v2\/types\/post"}],"author":[{"embeddable":true,"href":"https:\/\/www.welovecycling.com\/cs\/wp-json\/wp\/v2\/users\/138"}],"replies":[{"embeddable":true,"href":"https:\/\/www.welovecycling.com\/cs\/wp-json\/wp\/v2\/comments?post=25009"}],"version-history":[{"count":2,"href":"https:\/\/www.welovecycling.com\/cs\/wp-json\/wp\/v2\/posts\/25009\/revisions"}],"predecessor-version":[{"id":25011,"href":"https:\/\/www.welovecycling.com\/cs\/wp-json\/wp\/v2\/posts\/25009\/revisions\/25011"}],"wp:featuredmedia":[{"embeddable":true,"href":"https:\/\/www.welovecycling.com\/cs\/wp-json\/wp\/v2\/media\/25007"}],"wp:attachment":[{"href":"https:\/\/www.welovecycling.com\/cs\/wp-json\/wp\/v2\/media?parent=25009"}],"wp:term":[{"taxonomy":"category","embeddable":true,"href":"https:\/\/www.welovecycling.com\/cs\/wp-json\/wp\/v2\/categories?post=25009"},{"taxonomy":"post_tag","embeddable":true,"href":"https:\/\/www.welovecycling.com\/cs\/wp-json\/wp\/v2\/tags?post=25009"},{"taxonomy":"global-categories","embeddable":true,"href":"https:\/\/www.welovecycling.com\/cs\/wp-json\/wp\/v2\/global-categories?post=25009"}],"curies":[{"name":"wp","href":"https:\/\/api.w.org\/{rel}","templated":true}]}}