{"id":24960,"date":"2024-03-01T18:37:06","date_gmt":"2024-03-01T16:37:06","guid":{"rendered":"https:\/\/www.welovecycling.com\/cs\/?p=24960"},"modified":"2024-03-02T21:30:25","modified_gmt":"2024-03-02T19:30:25","slug":"tadej-pogacar-a-jeho-odlisny-pristup-cilem-je-triple-crown","status":"publish","type":"post","link":"https:\/\/www.welovecycling.com\/cs\/2024\/03\/01\/tadej-pogacar-a-jeho-odlisny-pristup-cilem-je-triple-crown\/","title":{"rendered":"Tadej Poga\u010dar a jeho odli\u0161n\u00fd p\u0159\u00edstup? Strade Bianche, a pak Triple Crown"},"content":{"rendered":"<p><strong>Strade Bianche, italsk\u00e1 klasika po \u0161otolinov\u00fdch cest\u00e1ch malebn\u00e9ho Tosk\u00e1nka, je prvn\u00edm z\u00e1vodem roku 2024, kter\u00fd absolvuje cyklistick\u00e1 superstar Tadej Poga\u010dar. Slovinsk\u00fd fenom\u00e9n si pro leto\u0161n\u00ed sezonu sestavil neobvykl\u00fd kalend\u00e1\u0159. C\u00edlem p\u011btadvacetilet\u00e9ho z\u00e1vodn\u00edka formace UAE Emirates je vyhr\u00e1t v\u00a0ide\u00e1ln\u00edm p\u0159\u00edpad\u011b v\u0161echny z\u00e1vody!<\/strong><\/p>\n<p>\u201eLetos jsem zvolil odli\u0161n\u011bj\u0161\u00ed p\u0159\u00edstup a za\u010d\u00edn\u00e1m z\u00e1vodit pozd\u011bji. Sezona bude hodn\u011b dlouh\u00e1, zahrnuje dv\u011b Grand Tour. P\u016fjde o zcela neprob\u00e1dan\u00e9 teritorium. Ale jsem z t\u00e9 vyhl\u00eddky nad\u0161en\u00fd. Je to n\u011bco nov\u00e9ho,\u201c pronesl Tadej Poga\u010dar.<\/p>\n<h2><strong>Tadej Poga\u010dar: 11 z\u00e1vod\u016f, 57 sout\u011b\u017en\u00edch dn\u016f<\/strong><\/h2>\n<p>V pl\u00e1nu pro sezonu 2024 je jen 11 z\u00e1vod\u016f. Nenechte se zm\u00e1st. V sou\u010dtu jde o 57 z\u00e1vodn\u00edch dn\u016f. Dosavadn\u00ed program dvojn\u00e1sobn\u00e9ho v\u00edt\u011bze Tour de France zahrnuje Strade Bianche, n\u00e1sledn\u011b Monument Mil\u00e1n-San Remo (16. b\u0159ezna), Kolem Katal\u00e1nska (18.-24. b\u0159ezna), Lutych-Bastogne-Lutych (21. dubna), Giro di Italia (4.-26. kv\u011btna), Tour de France (29. \u010dervna- 21. \u010dervence), hromadn\u00fd z\u00e1vod na OH (3. srpna), GP Montreal (13. z\u00e1\u0159\u00ed), GP Quebec (15. z\u00e1\u0159\u00ed), hromadn\u00fd z\u00e1vod na MS (29. z\u00e1\u0159\u00ed), Kolem Lombardie (12. \u0159\u00edjna).<\/p>\n<p>Poga\u010dar nevstupuje do sezony s\u00a0touhou vyu\u017e\u00edt prvn\u00ed z\u00e1vody k\u00a0rozjet\u00ed. B\u011bhem tr\u00e9ninku podle dostupn\u00fdch informac\u00ed i zve\u0159ejn\u011bn\u00fdch rozhovor\u016f simuloval z\u00e1vodn\u00ed tempo a pro Strade Bianche by m\u011bl b\u00fdt v\u00a0top form\u011b.<\/p>\n<figure id=\"attachment_13659\" aria-describedby=\"caption-attachment-13659\" style=\"width: 1800px\" class=\"wp-caption alignnone\"><a href=\"https:\/\/d2p6e6u75xmxt8.cloudfront.net\/13\/2021\/07\/pogacar-profimedia-0620910527.webp\"><img loading=\"lazy\" decoding=\"async\" class=\"size-full wp-image-13659\" src=\"https:\/\/d2p6e6u75xmxt8.cloudfront.net\/13\/2021\/07\/pogacar-profimedia-0620910527.webp\" alt=\"Tadej Poga\u010dar\" width=\"1800\" height=\"1199\" srcset=\"https:\/\/d2p6e6u75xmxt8.cloudfront.net\/13\/2021\/07\/pogacar-profimedia-0620910527.webp 1800w, https:\/\/d2p6e6u75xmxt8.cloudfront.net\/13\/2021\/07\/pogacar-profimedia-0620910527-300x200.webp 300w, https:\/\/d2p6e6u75xmxt8.cloudfront.net\/13\/2021\/07\/pogacar-profimedia-0620910527-1024x682.webp 1024w, https:\/\/d2p6e6u75xmxt8.cloudfront.net\/13\/2021\/07\/pogacar-profimedia-0620910527-768x512.webp 768w, https:\/\/d2p6e6u75xmxt8.cloudfront.net\/13\/2021\/07\/pogacar-profimedia-0620910527-1536x1023.webp 1536w, https:\/\/d2p6e6u75xmxt8.cloudfront.net\/13\/2021\/07\/pogacar-profimedia-0620910527-272x182.webp 272w\" sizes=\"auto, (max-width: 1800px) 100vw, 1800px\" \/><\/a><figcaption id=\"caption-attachment-13659\" class=\"wp-caption-text\"><em>Tadej Poga\u010dar sn\u00ed o t\u0159et\u00edm celkov\u00e9m triumfu z Tour de France. Naposledy slavil v roce 2021.<\/em><\/figcaption><\/figure>\n<p>Ide\u00e1ln\u00ed sc\u00e9n\u00e1\u0159 jeho sezony je prost\u00fd. Vyhr\u00e1t v\u0161echny podniky, do nich\u017e nastoup\u00ed. Ano, jde o \u00fakol, kter\u00fd zejm\u00e9na p\u0159i kombinaci dvou po sob\u011b jdouc\u00edch Grand Tour bud\u00ed mezi fanou\u0161ky obrovskou zv\u011bdavost. A dost mo\u017en\u00e1 i rozpaky. Naposledy v\u00a0roce 1998 dok\u00e1zal Marco Pantani vyhr\u00e1l nejprve Giro di Italia a n\u00e1sledn\u011b Tour de France. Pokusy uzmout si dvojit\u00fd v\u00edt\u011bzn\u00fd z\u00e1\u0159ez z\u00a0\u00favodn\u00edch Grand Tour sezony trvaj\u00ed u\u017e \u010dtvrt stolet\u00ed.<\/p>\n<div class=\"shortcode-ys-post-pinup\"><article class=\"loop-simple post-22867 post type-post status-publish format-standard has-post-thumbnail hentry category-silnicni-cyklistika category-tour-de-france tag-anc-halfords tag-cyklistika tag-emigrace tag-kvetoslav-palov tag-silnicni-cyklistika tag-tour-de-france tag-tour-de-france-1987 tag-tour-de-france-2023 global-categories-cycling\" data-postid=\"22867\" role=\"article\" data-post-id=\"22867\" data-word-count=\"1053\" data-headline-length=\"105\" data-category=\"Silni\u010dn\u00ed cyklistika\" data-global-category=\"Cycling\" data-author=\"Marek Novotn\u00fd\" data-published=\"2023-07-02T14:00:24+02:00\" data-published-day=\"Sunday\">\n    <div class=\"entry-thumbnail article-thumbnail\" content=\"https:\/\/d2p6e6u75xmxt8.cloudfront.net\/13\/2023\/06\/profimedia-0397930784-150x150.webp\"><a href=\"https:\/\/www.welovecycling.com\/cs\/2023\/07\/02\/ceska-premiera-na-tour-de-france-do-parize-dojedeme-v-rakvich-slysel-emigrant-kvetoslav-palov\/\" class=\"image-holder\" target=\"_self\"><img decoding=\"async\" loading=\"lazy\" class=\"\" src=\"https:\/\/d2p6e6u75xmxt8.cloudfront.net\/13\/2023\/06\/profimedia-0397930784-1024x639.webp\" srcset=\"https:\/\/d2p6e6u75xmxt8.cloudfront.net\/13\/2023\/06\/profimedia-0397930784.webp 1800w, https:\/\/d2p6e6u75xmxt8.cloudfront.net\/13\/2023\/06\/profimedia-0397930784-300x187.webp 300w, https:\/\/d2p6e6u75xmxt8.cloudfront.net\/13\/2023\/06\/profimedia-0397930784-1024x639.webp 1024w, https:\/\/d2p6e6u75xmxt8.cloudfront.net\/13\/2023\/06\/profimedia-0397930784-768x479.webp 768w, https:\/\/d2p6e6u75xmxt8.cloudfront.net\/13\/2023\/06\/profimedia-0397930784-1536x958.webp 1536w, https:\/\/d2p6e6u75xmxt8.cloudfront.net\/13\/2023\/06\/profimedia-0397930784-400x250.webp 400w\" width=\"1024\" height=\"639\" sizes=\"auto, (min-width: 1200px) 320px, (min-width: 768px) 27vw, 100vw\" alt=\"ceska-premiera-na-tour-de-france-do-parize-dojedeme-v-rakvich-slysel-emigrant-kvetoslav-palov\"\/><\/a><\/div>    <div class=\"entry-meta\">\n        <a class=\"label label-secondary post-category\" href=\"https:\/\/www.welovecycling.com\/cs\/category\/silnicni-cyklistika\/\" title=\"Silni\u010dn\u00ed cyklistika\">Silni\u010dn\u00ed cyklistika<\/a>\n    <\/div>\n    <div class=\"entry-details\">\n        <a href=\"https:\/\/www.welovecycling.com\/cs\/2023\/07\/02\/ceska-premiera-na-tour-de-france-do-parize-dojedeme-v-rakvich-slysel-emigrant-kvetoslav-palov\/\" class='entry-title-wrapper'>\n            <h3 class=\"entry-title\"><span>\u010cesk\u00e1 premi\u00e9ra na Tour de France? Do Pa\u0159\u00ed\u017ee dojedeme v\u00a0rakv\u00edch, sly\u0161el emigrant Kv\u011btoslav Palov<\/span><\/h3>\n        <\/a>\n    <\/div>\n    <\/article>\n<\/div>\n<p>Jestli je v\u0161ak n\u011bkdo schopen zvl\u00e1dnout kombinaci Giro a Tour v\u00a0podob\u011b bitvy o Maglia Rosa, respektive <a href=\"https:\/\/www.welovecycling.com\/cs\/2023\/10\/25\/trasa-tour-de-france-2024-otevrenejsi-bitva-o-titul-a-vice-sanci-pro-sprintery\/\">Maillot jaune<\/a>, je to pr\u00e1v\u011b Tadej Poga\u010dar. \u201eJe to nov\u00e1 v\u00fdzva,\u201c usm\u00e1l se Slovinec.<\/p>\n<p>\u201eVn\u00edm\u00e1m jako obrovsk\u00fd \u00fakol pokus o dv\u011b v\u00fdhry z\u00a0Grand Tour. A samoz\u0159ejm\u011b douf\u00e1m, \u017ee se to poda\u0159\u00ed. V\u011b\u0159\u00edm v\u00a0s\u00e1m sebe a nepochybuji, \u017ee si dok\u00e1\u017eu po Giru odpo\u010dinout natolik, abych jel Tour de France na v\u00edt\u011bzstv\u00ed,\u201c prohl\u00e1sil Tadej Poga\u010dar.<\/p>\n<h2><strong>Jen Eddy Merckx a Stephen Roche p\u0159idali k Giru a Tour je\u0161t\u011b titul mistra sv\u011bta<\/strong><\/h2>\n<p>Krom\u011b toho je zde je\u0161t\u011b dal\u0161\u00ed obrovsk\u00e1 v\u00fdzva. Triple Crown. Pouze Eddy Merckx a Stephen Roche dok\u00e1zali v jedin\u00e9m roce vyhr\u00e1t Giro, Tour de France a mistrovstv\u00ed sv\u011bta. Profil bitvy o duhov\u00fd trikot na konci z\u00e1\u0159\u00ed p\u0159i z\u00e1vod\u011b ve \u0160v\u00fdcarsku slovinsk\u00e9mu z\u00e1vodn\u00edkovi mimo\u0159\u00e1dn\u011b nahr\u00e1v\u00e1. Letos je pro Poga\u010dara nav\u00edc v\u0161e vy\u0161perkov\u00e1no je\u0161t\u011b l\u00e1kavou medail\u00ed z olympijsk\u00fdch her. P\u0159i debutu pod p\u011bti kruhy v Tokiu bral bronz.<\/p>\n<p><a href=\"https:\/\/www.instagram.com\/p\/C35vXEvMfw9\/?hl=cs&#038;img_index=3\">https:\/\/www.instagram.com\/p\/C35vXEvMfw9\/?hl=cs&amp;img_index=3<\/a><\/p>\n<p>Nejde o n\u011bjak\u00fd bl\u00e1zniv\u00fd pl\u00e1n. Tadej Poga\u010dar a jeho t\u00fdm UAE Emirates m\u011bl program nepochybn\u011b nachystan\u00fd dlouho dop\u0159edu. V\u0161ak tak\u00e9 sportovn\u00ed \u0159editel t\u00fdmu Matxin Fernandez p\u0159ipustil, \u017ee pokus spravit si n\u00e1ladu po st\u0159\u00edbrn\u00e9 Tour de France \u00fatokem na zlato p\u0159i Vuelt\u011b vypustil Slovinec c\u00edlen\u011b.<\/p>\n<p>Pravd\u011bpodobnost, \u017ee by zvl\u00e1dl \u010dty\u0159i Grand Tour v\u00a0\u0159ad\u011b (Tour 2023, Vueltu 2023, Giro 2024, Tour 2024) s\u00a0ambicemi na celkov\u00e9 v\u00edt\u011bzstv\u00ed byla mal\u00e1. Ale takhle m\u011bl dostatek \u010dasu na odpo\u010dinek a kvalitn\u00ed p\u0159\u00edpravu. Sou\u010dasn\u011b z\u00a0programu zmizely t\u00e9m\u011b\u0159 v\u0161echny jarn\u00ed belgick\u00e9 klasiky. \u017d\u00e1dn\u00e1 obhajoba Kolem Flander, Amstel Gold Race ani Valonsk\u00e9ho \u0161\u00edpu. Jen dv\u011b italsk\u00e9 jednor\u00e1zovky, a pak La Doyenne.<\/p>\n<h2><strong>Strade Bianche se zm\u011bnilo<\/strong><\/h2>\n<p>T\u00fdm u\u017e dokonce ur\u010dil dv\u011b sestavy pro Giro i Tour. Strategie jedin\u00e9ho l\u00eddra je jasn\u00e1. A aby m\u011bl Slovinec dokonalou podporu, jedin\u00e9 jm\u00e9no z \u0159ad \u201edomestik\u016f\u201c se nep\u0159ekr\u00fdv\u00e1. V kv\u011btnu pod Apeninami by jej m\u011bli podporovat Rafal Majka, Jay Vine, Juan Molano, Felix Grosschartner, Domen Novak, Mikkel Bjerg Neilson, Oliveira. O m\u011bs\u00edc pozd\u011bji p\u0159i Grande Boucle p\u0159ijedou sv\u011b\u017e\u00ed Marc Soler, Nils Politt, Adam Yates, Juan Ayuso, Joao Almeida, Pavel Sivakov a Tim Wellens. Kdy\u017e si p\u0159ipo\u010dtete Poga\u010dar\u016fv charakter, styl z\u00e1vod\u011bn\u00ed a nepochybn\u011b z\u00faro\u010den\u00e9 zku\u0161enosti z minul\u00fdch dvou ro\u010dn\u00edk\u016f Tour de France, double z Grand Tour u\u017e se nezd\u00e1 tak nemo\u017en\u00e9\u2026<\/p>\n<figure id=\"attachment_23148\" aria-describedby=\"caption-attachment-23148\" style=\"width: 1800px\" class=\"wp-caption alignnone\"><a href=\"https:\/\/d2p6e6u75xmxt8.cloudfront.net\/13\/2023\/07\/profimedia-0790308290.webp\"><img loading=\"lazy\" decoding=\"async\" class=\"size-full wp-image-23148\" src=\"https:\/\/d2p6e6u75xmxt8.cloudfront.net\/13\/2023\/07\/profimedia-0790308290.webp\" alt=\"Tadej Poga\u010dar se do c\u00edle dostal s obrovskou pomoc\u00ed t\u00fdmov\u00e9ho kolegy Marca Solera. Foto: profimedia (3x)\" width=\"1800\" height=\"1200\" srcset=\"https:\/\/d2p6e6u75xmxt8.cloudfront.net\/13\/2023\/07\/profimedia-0790308290.webp 1800w, https:\/\/d2p6e6u75xmxt8.cloudfront.net\/13\/2023\/07\/profimedia-0790308290-300x200.webp 300w, https:\/\/d2p6e6u75xmxt8.cloudfront.net\/13\/2023\/07\/profimedia-0790308290-1024x683.webp 1024w, https:\/\/d2p6e6u75xmxt8.cloudfront.net\/13\/2023\/07\/profimedia-0790308290-768x512.webp 768w, https:\/\/d2p6e6u75xmxt8.cloudfront.net\/13\/2023\/07\/profimedia-0790308290-1536x1024.webp 1536w, https:\/\/d2p6e6u75xmxt8.cloudfront.net\/13\/2023\/07\/profimedia-0790308290-400x267.webp 400w, https:\/\/d2p6e6u75xmxt8.cloudfront.net\/13\/2023\/07\/profimedia-0790308290-272x182.webp 272w\" sizes=\"auto, (max-width: 1800px) 100vw, 1800px\" \/><\/a><figcaption id=\"caption-attachment-23148\" class=\"wp-caption-text\"><em>Tadej Poga\u010dar bude na Tour de France 2024 spol\u00e9hat mimo jin\u00fdch na pomoc t\u00fdmov\u00e9ho kolegy Marca Solera.<\/em><\/figcaption><\/figure>\n<p>Ale nejprve se mus\u00ed pat\u0159i\u010dn\u011b naladit. I proto Strade Bianche, kter\u00e9 je jeho obl\u00edben\u00fdm z\u00e1vodem. Leto\u0161n\u00ed edice je ve srovn\u00e1n\u00ed s\u00a0p\u0159edchoz\u00edmi o 31 kilometr\u016f del\u0161\u00ed. Zahrnuje nov\u00e9 \u0161otolinov\u00e9 \u00faseky a slavn\u00e9 stoup\u00e1n\u00ed Le Tolfe se pojede dvakr\u00e1t. Celkem trasa zahrnuje patn\u00e1ct \u00fasek\u016f po b\u00edl\u00fdch \u0161otolinov\u00fdch cest\u00e1ch, tolik typick\u00fdch pro tosk\u00e1nsk\u00fd venkov. V\u00a0sou\u010dtu jde o 71,5 kilometr\u016f, p\u0159i\u010dem\u017e nejdel\u0161\u00ed \u00fasek tvo\u0159\u00ed bez stovky metr\u016f dvan\u00e1ct kilometr\u016f.<\/p>\n<div class=\"shortcode-ys-post-pinup\"><article class=\"loop-simple post-24566 post type-post status-publish format-standard has-post-thumbnail hentry category-silnicni-cyklistika tag-bora-hansgrohe tag-cyklistika tag-primoz-roglic tag-red-bull tag-remco-evenepoel tag-silnicni-cyklistika tag-tour-de-france tag-wout-van-aert global-categories-cycling\" data-postid=\"24566\" role=\"article\" data-post-id=\"24566\" data-word-count=\"398\" data-headline-length=\"74\" data-category=\"Silni\u010dn\u00ed cyklistika\" data-global-category=\"Cycling\" data-author=\"We Love Cycling\" data-published=\"2024-01-21T06:00:35+02:00\" data-published-day=\"Sunday\">\n    <div class=\"entry-thumbnail article-thumbnail\" content=\"https:\/\/d2p6e6u75xmxt8.cloudfront.net\/13\/2022\/07\/wout-van-aert-profimedia-0699064005-150x150.webp\"><a href=\"https:\/\/www.welovecycling.com\/cs\/2024\/01\/21\/tym-gigantu-ktery-nema-obdoby-zpusobi-nove-partnerstvi-revoluci\/\" class=\"image-holder\" target=\"_self\"><img decoding=\"async\" loading=\"lazy\" class=\"\" src=\"https:\/\/d2p6e6u75xmxt8.cloudfront.net\/13\/2022\/07\/wout-van-aert-profimedia-0699064005-1024x683.webp\" srcset=\"https:\/\/d2p6e6u75xmxt8.cloudfront.net\/13\/2022\/07\/wout-van-aert-profimedia-0699064005.webp 1800w, https:\/\/d2p6e6u75xmxt8.cloudfront.net\/13\/2022\/07\/wout-van-aert-profimedia-0699064005-300x200.webp 300w, https:\/\/d2p6e6u75xmxt8.cloudfront.net\/13\/2022\/07\/wout-van-aert-profimedia-0699064005-1024x683.webp 1024w, https:\/\/d2p6e6u75xmxt8.cloudfront.net\/13\/2022\/07\/wout-van-aert-profimedia-0699064005-768x512.webp 768w, https:\/\/d2p6e6u75xmxt8.cloudfront.net\/13\/2022\/07\/wout-van-aert-profimedia-0699064005-1536x1024.webp 1536w, https:\/\/d2p6e6u75xmxt8.cloudfront.net\/13\/2022\/07\/wout-van-aert-profimedia-0699064005-272x182.webp 272w\" width=\"1024\" height=\"683\" sizes=\"auto, (min-width: 1200px) 300px, (min-width: 768px) 25vw, 100vw\" alt=\"tym-gigantu-ktery-nema-obdoby-zpusobi-nove-partnerstvi-revoluci\"\/><\/a><\/div>    <div class=\"entry-meta\">\n        <a class=\"label label-secondary post-category\" href=\"https:\/\/www.welovecycling.com\/cs\/category\/silnicni-cyklistika\/\" title=\"Silni\u010dn\u00ed cyklistika\">Silni\u010dn\u00ed cyklistika<\/a>\n    <\/div>\n    <div class=\"entry-details\">\n        <a href=\"https:\/\/www.welovecycling.com\/cs\/2024\/01\/21\/tym-gigantu-ktery-nema-obdoby-zpusobi-nove-partnerstvi-revoluci\/\" class='entry-title-wrapper'>\n            <h3 class=\"entry-title\"><span>T\u00fdm gigant\u016f, kter\u00fd nem\u00e1 obdoby? Zp\u016fsob\u00ed nov\u00e9 partnerstv\u00ed revoluci?<\/span><\/h3>\n        <\/a>\n    <\/div>\n    <\/article>\n<\/div>\n<p>Nejdramati\u010dt\u011bj\u0161\u00ed prom\u011bnou pro\u0161el z\u00e1vod v posledn\u00ed t\u0159etin\u011b. Zat\u00edmco v minulosti u\u017e v t\u00e9to \u010d\u00e1sti na cyklisty \u010dekaly jen t\u0159i \u0161otolinov\u00e9 sektory, nyn\u00ed jich bude sedm. A podle v\u0161eho bude z\u00e1vod sed\u011bt borc\u016fm s dynamikou, kterou disponuje kup\u0159\u00edkladu Tadej Poga\u010dar.<\/p>\n<p>\u201eT\u011b\u0161\u00edm se jako d\u00edt\u011b. Strade Bianche miluji. M\u00e1m na z\u00e1vod skv\u011bl\u00e9 vzpom\u00ednky,\u201c p\u0159ipom\u00ednal Tadej Poga\u010dar, \u017ee v\u00a0roce 2022 bitvu v\u00a0Tosk\u00e1nsku ovl\u00e1dl. \u201eJe samoz\u0159ejm\u011b tro\u0161ku h\u00e1danka, jak na tom budu bez p\u0159edchoz\u00edch z\u00e1vod\u016f s\u00a0ohledem na skv\u011bl\u00e9 soupe\u0159e ve startovn\u00ed listin\u011b. Ale moje p\u0159\u00edprava byla v\u00e1\u017en\u011b skv\u011bl\u00e1 a ur\u010dit\u011b budeme bojovat o v\u00edt\u011bzstv\u00ed,\u201c prohl\u00e1sil sebev\u011bdom\u011b Tadej Poga\u010dar.<\/p>\n<p>Zvl\u00e1dne Slovinec \u201e\u0161\u00edlenou\u201c misi? Prvn\u00ed b\u0159eznov\u00e1 sobota napov\u00ed\u2026<\/p>\n","protected":false},"excerpt":{"rendered":"<p>Strade Bianche, italsk\u00e1 klasika po \u0161otolinov\u00fdch cest\u00e1ch malebn\u00e9ho Tosk\u00e1nka, je prvn\u00edm z\u00e1vodem roku 2024, kter\u00fd absolvuje cyklistick\u00e1 superstar Tadej Poga\u010dar. [&hellip;]<\/p>\n","protected":false},"author":138,"featured_media":24962,"comment_status":"open","ping_status":"open","sticky":false,"template":"","format":"standard","meta":{"footnotes":""},"categories":[10],"tags":[126,3475,3457,3332,1214,1154,9,1057,502,3276,3473,3474,1148],"global-categories":[411],"class_list":["post-24960","post","type-post","status-publish","format-standard","has-post-thumbnail","hentry","category-silnicni-cyklistika","tag-cyklistika","tag-double-grand-tour","tag-giro-2024","tag-giro-di-italia-2024","tag-marco-pantani","tag-mistrovstvi-sveta","tag-silnicni-cyklistika","tag-strade-bianche","tag-tadej-pogacar","tag-tour-de-france-2024","tag-triple-crown","tag-trojkoruna","tag-uae-emirates-team","global-categories-cycling"],"yoast_head":"<!-- This site is optimized with the Yoast SEO Premium plugin v25.3 (Yoast SEO v25.9) - https:\/\/yoast.com\/wordpress\/plugins\/seo\/ -->\n<title>Tadej Poga\u010dar a jeho odli\u0161n\u00fd p\u0159\u00edstup? Strade Bianche, a pak Triple Crown | \u0160koda We Love Cycling - \u010cesk\u00e1 republika<\/title>\n<meta name=\"description\" content=\"Tadej Poga\u010dar v sobotu p\u0159i Strade Bianche odstartuje sezonu, na jej\u00edm\u017e konci se chce op\u00e1jet Trojkorunou za triumfy z Gira, Tour a MS!\" \/>\n<meta name=\"robots\" content=\"index, follow, max-snippet:-1, max-image-preview:large, max-video-preview:-1\" \/>\n<link rel=\"canonical\" href=\"https:\/\/www.welovecycling.com\/cs\/2024\/03\/01\/tadej-pogacar-a-jeho-odlisny-pristup-cilem-je-triple-crown\/\" \/>\n<meta property=\"og:locale\" content=\"cs_CZ\" \/>\n<meta property=\"og:type\" content=\"article\" \/>\n<meta property=\"og:title\" content=\"Tadej Poga\u010dar a jeho odli\u0161n\u00fd p\u0159\u00edstup? Strade Bianche, a pak Triple Crown\" \/>\n<meta property=\"og:description\" content=\"Tadej Poga\u010dar v sobotu p\u0159i Strade Bianche odstartuje sezonu, na jej\u00edm\u017e konci se chce op\u00e1jet Trojkorunou za triumfy z Gira, Tour a MS!\" \/>\n<meta property=\"og:url\" content=\"https:\/\/www.welovecycling.com\/cs\/2024\/03\/01\/tadej-pogacar-a-jeho-odlisny-pristup-cilem-je-triple-crown\/\" \/>\n<meta property=\"og:site_name\" content=\"\u0160koda We Love Cycling - \u010cesk\u00e1 republika\" \/>\n<meta property=\"article:published_time\" content=\"2024-03-01T16:37:06+00:00\" \/>\n<meta property=\"article:modified_time\" content=\"2024-03-02T19:30:25+00:00\" \/>\n<meta property=\"og:image\" content=\"https:\/\/d2p6e6u75xmxt8.cloudfront.net\/13\/2024\/03\/profimedia-0852198628.webp\" \/>\n\t<meta property=\"og:image:width\" content=\"1800\" \/>\n\t<meta property=\"og:image:height\" content=\"1200\" \/>\n\t<meta property=\"og:image:type\" content=\"image\/webp\" \/>\n<meta name=\"author\" content=\"radekmalina\" \/>\n<meta name=\"twitter:card\" content=\"summary_large_image\" \/>\n<meta name=\"twitter:label1\" content=\"Written by\" \/>\n\t<meta name=\"twitter:data1\" content=\"We Love Cycling\" \/>\n\t<meta name=\"twitter:label2\" content=\"Est. reading time\" \/>\n\t<meta name=\"twitter:data2\" content=\"5\" \/>\n<script type=\"application\/ld+json\" class=\"yoast-schema-graph\">{\"@context\":\"https:\/\/schema.org\",\"@graph\":[{\"@type\":\"WebPage\",\"@id\":\"https:\/\/www.welovecycling.com\/cs\/2024\/03\/01\/tadej-pogacar-a-jeho-odlisny-pristup-cilem-je-triple-crown\/\",\"url\":\"https:\/\/www.welovecycling.com\/cs\/2024\/03\/01\/tadej-pogacar-a-jeho-odlisny-pristup-cilem-je-triple-crown\/\",\"name\":\"Tadej Poga\u010dar a jeho odli\u0161n\u00fd p\u0159\u00edstup? Strade Bianche, a pak Triple Crown | \u0160koda We Love Cycling - \u010cesk\u00e1 republika\",\"isPartOf\":{\"@id\":\"https:\/\/www.welovecycling.com\/cs\/#website\"},\"primaryImageOfPage\":{\"@id\":\"https:\/\/www.welovecycling.com\/cs\/2024\/03\/01\/tadej-pogacar-a-jeho-odlisny-pristup-cilem-je-triple-crown\/#primaryimage\"},\"image\":{\"@id\":\"https:\/\/www.welovecycling.com\/cs\/2024\/03\/01\/tadej-pogacar-a-jeho-odlisny-pristup-cilem-je-triple-crown\/#primaryimage\"},\"thumbnailUrl\":\"https:\/\/d2p6e6u75xmxt8.cloudfront.net\/13\/2024\/03\/profimedia-0852198628.webp\",\"datePublished\":\"2024-03-01T16:37:06+00:00\",\"dateModified\":\"2024-03-02T19:30:25+00:00\",\"author\":{\"@id\":\"https:\/\/www.welovecycling.com\/cs\/#\/schema\/person\/d9eeb0a378f3a7e4a6d12d2b536b04b8\"},\"description\":\"Tadej Poga\u010dar v sobotu p\u0159i Strade Bianche odstartuje sezonu, na jej\u00edm\u017e konci se chce op\u00e1jet Trojkorunou za triumfy z Gira, Tour a MS!\",\"inLanguage\":\"cs\",\"potentialAction\":[{\"@type\":\"ReadAction\",\"target\":[\"https:\/\/www.welovecycling.com\/cs\/2024\/03\/01\/tadej-pogacar-a-jeho-odlisny-pristup-cilem-je-triple-crown\/\"]}]},{\"@type\":\"ImageObject\",\"inLanguage\":\"cs\",\"@id\":\"https:\/\/www.welovecycling.com\/cs\/2024\/03\/01\/tadej-pogacar-a-jeho-odlisny-pristup-cilem-je-triple-crown\/#primaryimage\",\"url\":\"https:\/\/d2p6e6u75xmxt8.cloudfront.net\/13\/2024\/03\/profimedia-0852198628.webp\",\"contentUrl\":\"https:\/\/d2p6e6u75xmxt8.cloudfront.net\/13\/2024\/03\/profimedia-0852198628.webp\",\"width\":1800,\"height\":1200,\"caption\":\"Tadej poga\u010dar\"},{\"@type\":\"WebSite\",\"@id\":\"https:\/\/www.welovecycling.com\/cs\/#website\",\"url\":\"https:\/\/www.welovecycling.com\/cs\/\",\"name\":\"\u0160koda We Love Cycling - \u010cesk\u00e1 republika\",\"description\":\"WeLoveCycling.cz je online magaz\u00edn, kter\u00fd v\u00e1m pravideln\u011b p\u0159in\u00e1\u0161\u00ed rady a tipy, zaj\u00edmav\u00e9 \u010dl\u00e1nky, videa a jedine\u010dn\u00e9 report\u00e1\u017ee ze sv\u011bta cyklistiky.\",\"potentialAction\":[{\"@type\":\"SearchAction\",\"target\":{\"@type\":\"EntryPoint\",\"urlTemplate\":\"https:\/\/www.welovecycling.com\/cs\/?s={search_term_string}\"},\"query-input\":{\"@type\":\"PropertyValueSpecification\",\"valueRequired\":true,\"valueName\":\"search_term_string\"}}],\"inLanguage\":\"cs\"},{\"@type\":\"Person\",\"@id\":\"https:\/\/www.welovecycling.com\/cs\/#\/schema\/person\/d9eeb0a378f3a7e4a6d12d2b536b04b8\",\"name\":\"radekmalina\",\"image\":{\"@type\":\"ImageObject\",\"inLanguage\":\"cs\",\"@id\":\"https:\/\/www.welovecycling.com\/cs\/#\/schema\/person\/image\/\",\"url\":\"https:\/\/secure.gravatar.com\/avatar\/66994b632cb8c39a46b9f54afa3ae07201b678d32a54275b6f1c9ffec356bfc0?s=96&d=mm&r=g\",\"contentUrl\":\"https:\/\/secure.gravatar.com\/avatar\/66994b632cb8c39a46b9f54afa3ae07201b678d32a54275b6f1c9ffec356bfc0?s=96&d=mm&r=g\",\"caption\":\"radekmalina\"},\"url\":\"https:\/\/www.welovecycling.com\/cs\/author\/radekmalina\/\"}]}<\/script>\n<!-- \/ Yoast SEO Premium plugin. -->","yoast_head_json":{"title":"Tadej Poga\u010dar a jeho odli\u0161n\u00fd p\u0159\u00edstup? Strade Bianche, a pak Triple Crown | \u0160koda We Love Cycling - \u010cesk\u00e1 republika","description":"Tadej Poga\u010dar v sobotu p\u0159i Strade Bianche odstartuje sezonu, na jej\u00edm\u017e konci se chce op\u00e1jet Trojkorunou za triumfy z Gira, Tour a MS!","robots":{"index":"index","follow":"follow","max-snippet":"max-snippet:-1","max-image-preview":"max-image-preview:large","max-video-preview":"max-video-preview:-1"},"canonical":"https:\/\/www.welovecycling.com\/cs\/2024\/03\/01\/tadej-pogacar-a-jeho-odlisny-pristup-cilem-je-triple-crown\/","og_locale":"cs_CZ","og_type":"article","og_title":"Tadej Poga\u010dar a jeho odli\u0161n\u00fd p\u0159\u00edstup? Strade Bianche, a pak Triple Crown","og_description":"Tadej Poga\u010dar v sobotu p\u0159i Strade Bianche odstartuje sezonu, na jej\u00edm\u017e konci se chce op\u00e1jet Trojkorunou za triumfy z Gira, Tour a MS!","og_url":"https:\/\/www.welovecycling.com\/cs\/2024\/03\/01\/tadej-pogacar-a-jeho-odlisny-pristup-cilem-je-triple-crown\/","og_site_name":"\u0160koda We Love Cycling - \u010cesk\u00e1 republika","article_published_time":"2024-03-01T16:37:06+00:00","article_modified_time":"2024-03-02T19:30:25+00:00","og_image":[{"width":1800,"height":1200,"url":"https:\/\/d2p6e6u75xmxt8.cloudfront.net\/13\/2024\/03\/profimedia-0852198628.webp","type":"image\/webp"}],"author":"radekmalina","twitter_card":"summary_large_image","twitter_misc":{"Written by":"We Love Cycling","Est. reading time":"5"},"schema":{"@context":"https:\/\/schema.org","@graph":[{"@type":"WebPage","@id":"https:\/\/www.welovecycling.com\/cs\/2024\/03\/01\/tadej-pogacar-a-jeho-odlisny-pristup-cilem-je-triple-crown\/","url":"https:\/\/www.welovecycling.com\/cs\/2024\/03\/01\/tadej-pogacar-a-jeho-odlisny-pristup-cilem-je-triple-crown\/","name":"Tadej Poga\u010dar a jeho odli\u0161n\u00fd p\u0159\u00edstup? Strade Bianche, a pak Triple Crown | \u0160koda We Love Cycling - \u010cesk\u00e1 republika","isPartOf":{"@id":"https:\/\/www.welovecycling.com\/cs\/#website"},"primaryImageOfPage":{"@id":"https:\/\/www.welovecycling.com\/cs\/2024\/03\/01\/tadej-pogacar-a-jeho-odlisny-pristup-cilem-je-triple-crown\/#primaryimage"},"image":{"@id":"https:\/\/www.welovecycling.com\/cs\/2024\/03\/01\/tadej-pogacar-a-jeho-odlisny-pristup-cilem-je-triple-crown\/#primaryimage"},"thumbnailUrl":"https:\/\/d2p6e6u75xmxt8.cloudfront.net\/13\/2024\/03\/profimedia-0852198628.webp","datePublished":"2024-03-01T16:37:06+00:00","dateModified":"2024-03-02T19:30:25+00:00","author":{"@id":"https:\/\/www.welovecycling.com\/cs\/#\/schema\/person\/d9eeb0a378f3a7e4a6d12d2b536b04b8"},"description":"Tadej Poga\u010dar v sobotu p\u0159i Strade Bianche odstartuje sezonu, na jej\u00edm\u017e konci se chce op\u00e1jet Trojkorunou za triumfy z Gira, Tour a MS!","inLanguage":"cs","potentialAction":[{"@type":"ReadAction","target":["https:\/\/www.welovecycling.com\/cs\/2024\/03\/01\/tadej-pogacar-a-jeho-odlisny-pristup-cilem-je-triple-crown\/"]}]},{"@type":"ImageObject","inLanguage":"cs","@id":"https:\/\/www.welovecycling.com\/cs\/2024\/03\/01\/tadej-pogacar-a-jeho-odlisny-pristup-cilem-je-triple-crown\/#primaryimage","url":"https:\/\/d2p6e6u75xmxt8.cloudfront.net\/13\/2024\/03\/profimedia-0852198628.webp","contentUrl":"https:\/\/d2p6e6u75xmxt8.cloudfront.net\/13\/2024\/03\/profimedia-0852198628.webp","width":1800,"height":1200,"caption":"Tadej poga\u010dar"},{"@type":"WebSite","@id":"https:\/\/www.welovecycling.com\/cs\/#website","url":"https:\/\/www.welovecycling.com\/cs\/","name":"\u0160koda We Love Cycling - \u010cesk\u00e1 republika","description":"WeLoveCycling.cz je online magaz\u00edn, kter\u00fd v\u00e1m pravideln\u011b p\u0159in\u00e1\u0161\u00ed rady a tipy, zaj\u00edmav\u00e9 \u010dl\u00e1nky, videa a jedine\u010dn\u00e9 report\u00e1\u017ee ze sv\u011bta cyklistiky.","potentialAction":[{"@type":"SearchAction","target":{"@type":"EntryPoint","urlTemplate":"https:\/\/www.welovecycling.com\/cs\/?s={search_term_string}"},"query-input":{"@type":"PropertyValueSpecification","valueRequired":true,"valueName":"search_term_string"}}],"inLanguage":"cs"},{"@type":"Person","@id":"https:\/\/www.welovecycling.com\/cs\/#\/schema\/person\/d9eeb0a378f3a7e4a6d12d2b536b04b8","name":"radekmalina","image":{"@type":"ImageObject","inLanguage":"cs","@id":"https:\/\/www.welovecycling.com\/cs\/#\/schema\/person\/image\/","url":"https:\/\/secure.gravatar.com\/avatar\/66994b632cb8c39a46b9f54afa3ae07201b678d32a54275b6f1c9ffec356bfc0?s=96&d=mm&r=g","contentUrl":"https:\/\/secure.gravatar.com\/avatar\/66994b632cb8c39a46b9f54afa3ae07201b678d32a54275b6f1c9ffec356bfc0?s=96&d=mm&r=g","caption":"radekmalina"},"url":"https:\/\/www.welovecycling.com\/cs\/author\/radekmalina\/"}]}},"_links":{"self":[{"href":"https:\/\/www.welovecycling.com\/cs\/wp-json\/wp\/v2\/posts\/24960","targetHints":{"allow":["GET"]}}],"collection":[{"href":"https:\/\/www.welovecycling.com\/cs\/wp-json\/wp\/v2\/posts"}],"about":[{"href":"https:\/\/www.welovecycling.com\/cs\/wp-json\/wp\/v2\/types\/post"}],"author":[{"embeddable":true,"href":"https:\/\/www.welovecycling.com\/cs\/wp-json\/wp\/v2\/users\/138"}],"replies":[{"embeddable":true,"href":"https:\/\/www.welovecycling.com\/cs\/wp-json\/wp\/v2\/comments?post=24960"}],"version-history":[{"count":7,"href":"https:\/\/www.welovecycling.com\/cs\/wp-json\/wp\/v2\/posts\/24960\/revisions"}],"predecessor-version":[{"id":24968,"href":"https:\/\/www.welovecycling.com\/cs\/wp-json\/wp\/v2\/posts\/24960\/revisions\/24968"}],"wp:featuredmedia":[{"embeddable":true,"href":"https:\/\/www.welovecycling.com\/cs\/wp-json\/wp\/v2\/media\/24962"}],"wp:attachment":[{"href":"https:\/\/www.welovecycling.com\/cs\/wp-json\/wp\/v2\/media?parent=24960"}],"wp:term":[{"taxonomy":"category","embeddable":true,"href":"https:\/\/www.welovecycling.com\/cs\/wp-json\/wp\/v2\/categories?post=24960"},{"taxonomy":"post_tag","embeddable":true,"href":"https:\/\/www.welovecycling.com\/cs\/wp-json\/wp\/v2\/tags?post=24960"},{"taxonomy":"global-categories","embeddable":true,"href":"https:\/\/www.welovecycling.com\/cs\/wp-json\/wp\/v2\/global-categories?post=24960"}],"curies":[{"name":"wp","href":"https:\/\/api.w.org\/{rel}","templated":true}]}}