{"id":24945,"date":"2024-02-29T16:00:36","date_gmt":"2024-02-29T14:00:36","guid":{"rendered":"https:\/\/www.welovecycling.com\/cs\/?p=24945"},"modified":"2024-02-29T23:07:25","modified_gmt":"2024-02-29T21:07:25","slug":"sledovanejsi-nez-olympiada-ci-super-bowl-proc-je-spojeni-tour-de-france-a-skoda-auto-vyjimecne","status":"publish","type":"post","link":"https:\/\/www.welovecycling.com\/cs\/2024\/02\/29\/sledovanejsi-nez-olympiada-ci-super-bowl-proc-je-spojeni-tour-de-france-a-skoda-auto-vyjimecne\/","title":{"rendered":"Sledovan\u011bj\u0161\u00ed ne\u017e olympi\u00e1da \u010di Super Bowl! Pro\u010d je spojen\u00ed Tour de France a \u0160koda Auto v\u00fdjime\u010dn\u00e9?"},"content":{"rendered":"<p><strong>Tour de France je druh\u00e1\u00a0nejsledovan\u011bj\u0161\u00ed sportovn\u00ed akce planety. Podle dostupn\u00fdch dat vid\u011blo jednadvacet etap ro\u010dn\u00edku 2023 u televizn\u00edch obrazovek na cel\u00e9m sv\u011bt\u011b 3,5 miliardy div\u00e1k\u016f. Dvacet let je partnerem Grande Boucle \u010desk\u00e1 spole\u010dnost \u0160koda Auto a v\u00fdjime\u010dn\u00e9 spojen\u00ed bude platit a\u017e do roku 2028. Veden\u00ed mladoboleslavsk\u00e9 spole\u010dnosti ozn\u00e1milo posledn\u00ed \u00fanorov\u00fd den prodlou\u017een\u00ed partnerstv\u00ed.<\/strong><\/p>\n<p>Star\u00e1 d\u00e1ma, jak je z\u00e1vodu p\u0159ezd\u00edv\u00e1no, z\u00edsk\u00e1v\u00e1 raketov\u011b na popularit\u011b. A t\u011b\u0161\u00ed se v\u00fdjime\u010dn\u00e9mu postaven\u00ed v celospole\u010densk\u00e9m m\u011b\u0159\u00edtku. \u201eT\u0159eba italsk\u00e9 Giro je v\u00fdjime\u010dn\u00e1 ud\u00e1lost ve sv\u011bt\u011b sportu. Ale Tour de France m\u00e1 obrovsk\u00fd p\u0159esah. Ta je pro v\u0161echny, nejen pro fanou\u0161ky sportu,\u201c m\u00edn\u00ed televizn\u00ed koment\u00e1tor Eurosportu Martin Ha\u010deck\u00fd.<\/p>\n<h2><strong>Tour 2023 vid\u011blo 3,5 miliardy lid\u00ed<\/strong><\/h2>\n<p>Nejsledovan\u011bj\u0161\u00ed sportovn\u00ed akc\u00ed sv\u011bta je mistrovstv\u00ed sv\u011bta ve fotbale, kter\u00e9 v\u00a0roce 2022 vid\u011blo u televizn\u00edch obrazovek p\u011bt miliard lid\u00ed.<\/p>\n<p>Tour de France roku 2023 vid\u011blo 3,5 miliardy div\u00e1k\u016f. N\u00e1sleduj\u00ed letn\u00ed olympijsk\u00e9 hry (Tokio 2021) se sledovanost\u00ed 3 miliardy div\u00e1k\u016f, v\u00a0z\u00e1v\u011bsu je mistrovstv\u00ed sv\u011bta v\u00a0kriketu se sledovanost\u00ed 2,6 miliardy lid\u00ed.<\/p>\n<p><a href=\"https:\/\/d2p6e6u75xmxt8.cloudfront.net\/13\/2024\/02\/fanousci-tour.webp\"><img loading=\"lazy\" decoding=\"async\" class=\"alignnone size-extra-large wp-image-24952\" src=\"https:\/\/d2p6e6u75xmxt8.cloudfront.net\/13\/2024\/02\/fanousci-tour-1920x1279.webp\" alt=\"\" width=\"1920\" height=\"1279\" srcset=\"https:\/\/d2p6e6u75xmxt8.cloudfront.net\/13\/2024\/02\/fanousci-tour-1920x1279.webp 1920w, https:\/\/d2p6e6u75xmxt8.cloudfront.net\/13\/2024\/02\/fanousci-tour-300x200.webp 300w, https:\/\/d2p6e6u75xmxt8.cloudfront.net\/13\/2024\/02\/fanousci-tour-1024x682.webp 1024w, https:\/\/d2p6e6u75xmxt8.cloudfront.net\/13\/2024\/02\/fanousci-tour-768x512.webp 768w, https:\/\/d2p6e6u75xmxt8.cloudfront.net\/13\/2024\/02\/fanousci-tour-1536x1023.webp 1536w, https:\/\/d2p6e6u75xmxt8.cloudfront.net\/13\/2024\/02\/fanousci-tour-400x266.webp 400w, https:\/\/d2p6e6u75xmxt8.cloudfront.net\/13\/2024\/02\/fanousci-tour-272x182.webp 272w, https:\/\/d2p6e6u75xmxt8.cloudfront.net\/13\/2024\/02\/fanousci-tour.webp 2048w, https:\/\/d2p6e6u75xmxt8.cloudfront.net\/13\/2024\/02\/fanousci-tour-1920x1279.webp 1920w\" sizes=\"auto, (max-width: 1920px) 100vw, 1920px\" \/><\/a><\/p>\n<p>Kup\u0159\u00edkladu Super Bowl, kter\u00fd je neofici\u00e1ln\u00edm st\u00e1tn\u00edm sv\u00e1tkem v\u00a0USA, v\u00a0roce 2023 vid\u011blo u obrazovek 115 milion\u016f div\u00e1k\u016f. Jednalo se o nejsledovan\u011bj\u0161\u00ed televizn\u00ed program v\u0161ech dob ve Spojen\u00fdch st\u00e1tech.<\/p>\n<h2><strong>Partnerstv\u00ed trv\u00e1 od roku 2004<\/strong><\/h2>\n<p>\u0160koda Auto byla poprv\u00e9 partnerem Tour v roce 2004. Tehdy nav\u00edc sponzorovala b\u00edl\u00fd dres pro nejlep\u0161\u00edho jezdce do p\u011btadvaceti let. Od sezony 2015 je mladoboleslavsk\u00e1 spole\u010dnost partnerem zelen\u00e9ho dresu pro kr\u00e1le bodovac\u00ed sout\u011b\u017ee. Jej\u00edm vl\u00e1dcem je se sedmi triumfy <a href=\"https:\/\/www.welovecycling.com\/cs\/2024\/02\/26\/peter-sagan-neni-jediny-problemy-se-srdcem-strasi-peloton\/\">Peter Sagan<\/a>.<\/p>\n<p>\u201eSpojen\u00ed \u0160kody s Tour de France by m\u011blo fungovat jako symbol \u010desk\u00e9 hrdosti,\u201c \u0159\u00edk\u00e1 Petr Herc\u00edk, expert na sportovn\u00ed marketing. \u201eTour de France neust\u00e1le roste. Minul\u00fd ro\u010dn\u00edk vid\u011blo u televizn\u00edch obrazovek t\u0159i a p\u016fl miliardy div\u00e1k\u016f. Ur\u010dit\u011b se prom\u00edt\u00e1 i zapojen\u00ed streamovac\u00ed spole\u010dnosti Netflix. Jej\u00ed seri\u00e1l s popularizac\u00ed cyklistiky jist\u011b zam\u00e1val. A do budoucna se chystaj\u00ed dal\u0161\u00ed d\u00edly, co\u017e ur\u010dit\u011b p\u0159isp\u011bje k je\u0161t\u011b v\u011bt\u0161\u00ed oblib\u011b. Produkt jako takov\u00fd je velice pozitivn\u00ed. Vlastn\u011b by bylo p\u0159ekvapuj\u00edc\u00ed, kdyby \u0160koda Auto necht\u011bla pokra\u010dovat. Z marketingov\u00e9ho pohledu by bylo chybou z projektu odej\u00edt,\u201c m\u00edn\u00ed Petr Herc\u00edk.<\/p>\n<div class=\"shortcode-ys-post-pinup\"><article class=\"loop-simple post-24911 post type-post status-publish format-standard has-post-thumbnail hentry category-silnicni-cyklistika tag-cyklistika tag-jarni-klasiky tag-jean-bogaerts tag-omloop tag-omloop-het-nieuwsblad tag-otvirak-sezony tag-wout-van-aert tag-zdenek-stybar global-categories-cycling\" data-postid=\"24911\" role=\"article\" data-post-id=\"24911\" data-word-count=\"455\" data-headline-length=\"93\" data-category=\"Silni\u010dn\u00ed cyklistika\" data-global-category=\"Cycling\" data-author=\"Radek Malina\" data-published=\"2025-02-27T18:00:52+02:00\" data-published-day=\"Thursday\">\n    <div class=\"entry-thumbnail article-thumbnail\" content=\"https:\/\/d2p6e6u75xmxt8.cloudfront.net\/13\/2024\/02\/profimedia-0501632856-150x150.webp\"><a href=\"https:\/\/www.welovecycling.com\/cs\/2025\/02\/27\/dvacet-vajicek-do-bidonu-nakladany-sled-a-dobra-vule-britske-armady-tak-se-zrodila-legenda-jmenem-omloop\/\" class=\"image-holder\" target=\"_self\"><img decoding=\"async\" loading=\"lazy\" class=\"\" src=\"https:\/\/d2p6e6u75xmxt8.cloudfront.net\/13\/2024\/02\/profimedia-0501632856-1024x580.webp\" srcset=\"https:\/\/d2p6e6u75xmxt8.cloudfront.net\/13\/2024\/02\/profimedia-0501632856.webp 1800w, https:\/\/d2p6e6u75xmxt8.cloudfront.net\/13\/2024\/02\/profimedia-0501632856-300x170.webp 300w, https:\/\/d2p6e6u75xmxt8.cloudfront.net\/13\/2024\/02\/profimedia-0501632856-1024x580.webp 1024w, https:\/\/d2p6e6u75xmxt8.cloudfront.net\/13\/2024\/02\/profimedia-0501632856-768x435.webp 768w, https:\/\/d2p6e6u75xmxt8.cloudfront.net\/13\/2024\/02\/profimedia-0501632856-1536x870.webp 1536w, https:\/\/d2p6e6u75xmxt8.cloudfront.net\/13\/2024\/02\/profimedia-0501632856-400x227.webp 400w\" width=\"1024\" height=\"580\" sizes=\"auto, (min-width: 1200px) 354px, (min-width: 768px) 30vw, 100vw\" alt=\"dvacet-vajicek-do-bidonu-nakladany-sled-a-dobra-vule-britske-armady-tak-se-zrodila-legenda-jmenem-omloop\"\/><\/a><\/div>    <div class=\"entry-meta\">\n        <a class=\"label label-secondary post-category\" href=\"https:\/\/www.welovecycling.com\/cs\/category\/silnicni-cyklistika\/\" title=\"Silni\u010dn\u00ed cyklistika\">Silni\u010dn\u00ed cyklistika<\/a>\n    <\/div>\n    <div class=\"entry-details\">\n        <a href=\"https:\/\/www.welovecycling.com\/cs\/2025\/02\/27\/dvacet-vajicek-do-bidonu-nakladany-sled-a-dobra-vule-britske-armady-tak-se-zrodila-legenda-jmenem-omloop\/\" class='entry-title-wrapper'>\n            <h3 class=\"entry-title\"><span>Legenda Omloop: dvacet vaj\u00ed\u010dek do bidonu, nakl\u00e1dan\u00fd sle\u010f a dobr\u00e1 v\u016fle britsk\u00e9 arm\u00e1dy<\/span><\/h3>\n        <\/a>\n    <\/div>\n    <\/article>\n<\/div>\n<p>Podle dostupn\u00fdch dat je\u0161t\u011b p\u0159ed deseti lety jednu etapu na cel\u00e9m sv\u011bt\u011b sledovalo denn\u011b v pr\u016fm\u011bru 25 milion\u016f div\u00e1k\u016f. B\u011bhem lo\u0148sk\u00e9ho ro\u010dn\u00edku u\u017e ka\u017ed\u00e9 jednotliv\u00e9 d\u011bjstv\u00ed vid\u011blo pr\u016fm\u011brn\u011b sto \u0161edes\u00e1t milion\u016f lid\u00ed! Dal\u0161\u00ed miliony se pak t\u00edsn\u00ed pod\u00e9l cest b\u011bhem samotn\u00e9ho z\u00e1vodu. Dosah v \u0159\u00e1dech des\u00edtek milion\u016f m\u00e1 pak z\u00e1vod na soci\u00e1ln\u00edch s\u00edt\u00edch.<\/p>\n<p>\u201eSpojen\u00ed \u010desk\u00e9 zna\u010dky s\u00a0glob\u00e1ln\u00edm sportovn\u00edm gigantem je zcela z\u00e1sadn\u00ed. Dlouhodobost a tot\u00e1ln\u00ed symbi\u00f3za mezi t\u00fdmem Tour de France a zna\u010dkou \u0160koda podpo\u0159en\u00e1 prodlou\u017een\u00edm kontraktu o p\u011bt let je symbolem klidu nejen z\u00a0pohledu \u010desk\u00e9ho trhu. Fakt, \u017ee si \u0160koda Auto vyhodnocuje partnerstv\u00ed jako p\u0159\u00ednosn\u00e9 je ur\u010dit\u011b uklidn\u011bn\u00edm pro cel\u00fd trh,\u201c \u0159\u00edk\u00e1 Petr Herc\u00edk.<\/p>\n<h2><strong>Spojen\u00ed s Tour de France je oslavou d\u011bdictv\u00ed zna\u010dky<\/strong><\/h2>\n<p>Pro mladoboleslavskou automobilu p\u0159edstavuje cyklistika jeden z\u00a0hlavn\u00edch pil\u00ed\u0159\u016f komunikace. V\u017edy\u0165 kolo st\u00e1lo i u zrodu cel\u00e9 firmy. \u201eSpojen\u00ed s\u00a0Tour de France je oslavou d\u011bdictv\u00ed na\u0161\u00ed zna\u010dky,\u201c \u0159\u00edk\u00e1 Martin Jahn, \u010dlen p\u0159edstavenstva \u0160koda Auto za oblast prodeje a marketingu.<\/p>\n<figure id=\"attachment_23552\" aria-describedby=\"caption-attachment-23552\" style=\"width: 1920px\" class=\"wp-caption alignnone\"><a href=\"https:\/\/d2p6e6u75xmxt8.cloudfront.net\/13\/2023\/09\/vuelta-kuss.webp\"><img loading=\"lazy\" decoding=\"async\" class=\"size-extra-large wp-image-23552\" src=\"https:\/\/d2p6e6u75xmxt8.cloudfront.net\/13\/2023\/09\/vuelta-kuss-1920x1280.webp\" alt=\"Sepp Kuss\" width=\"1920\" height=\"1280\" srcset=\"https:\/\/d2p6e6u75xmxt8.cloudfront.net\/13\/2023\/09\/vuelta-kuss-1920x1280.webp 1920w, https:\/\/d2p6e6u75xmxt8.cloudfront.net\/13\/2023\/09\/vuelta-kuss-300x200.webp 300w, https:\/\/d2p6e6u75xmxt8.cloudfront.net\/13\/2023\/09\/vuelta-kuss-1024x682.webp 1024w, https:\/\/d2p6e6u75xmxt8.cloudfront.net\/13\/2023\/09\/vuelta-kuss-768x512.webp 768w, https:\/\/d2p6e6u75xmxt8.cloudfront.net\/13\/2023\/09\/vuelta-kuss-1536x1024.webp 1536w, https:\/\/d2p6e6u75xmxt8.cloudfront.net\/13\/2023\/09\/vuelta-kuss-400x267.webp 400w, https:\/\/d2p6e6u75xmxt8.cloudfront.net\/13\/2023\/09\/vuelta-kuss-272x182.webp 272w, https:\/\/d2p6e6u75xmxt8.cloudfront.net\/13\/2023\/09\/vuelta-kuss.webp 2000w, https:\/\/d2p6e6u75xmxt8.cloudfront.net\/13\/2023\/09\/vuelta-kuss-1920x1280.webp 1920w\" sizes=\"auto, (max-width: 1920px) 100vw, 1920px\" \/><\/a><figcaption id=\"caption-attachment-23552\" class=\"wp-caption-text\"><em>\u0160koda Auto je partnerem rovn\u011b\u017e p\u0159i \u0161pan\u011blsk\u00e9 Vuelt\u011b, kterou minul\u00fd rok ovl\u00e1dl Sepp Kuss. Foto: UniPublic<\/em><\/figcaption><\/figure>\n<p>V roce 2028 bude partnerstv\u00ed \u0160koda Auto a Tour de France trvat p\u011btadvacet let. Pt\u00e1te se, kter\u00e9 spojen\u00ed ve sv\u011bt\u011b sponzoringu je nejdel\u0161\u00ed? Jedni\u010dkou je Slazenger (tenisov\u00e9 m\u00ed\u010dky) s turnajem ve Wimbledonu. Spolupr\u00e1ce trv\u00e1 u\u017e p\u0159es sto dvacet let. Pomyslnou druhou p\u0159\u00ed\u010dku zauj\u00edm\u00e1 Coca Cola. Od roku 1928 sponzoruje olympijsk\u00e9 hry. T\u0159et\u00ed pozici na \u017eeb\u0159\u00ed\u010dku pak zauj\u00edm\u00e1 spojen\u00ed hodin\u00e1\u0159sk\u00e9 firmy Rolex s tenisov\u00fdm turnajem ve Wimbledonu trvaj\u00edc\u00ed p\u0159es 45 let.<\/p>\n<p>\u0160koda Auto je krom\u011b Grande Boucle i partnerem dal\u0161\u00edch devaten\u00e1cti mezin\u00e1rodn\u00edch cyklistick\u00fdch akc\u00ed organizovan\u00fdch spole\u010dnost\u00ed A.S.O. Na v\u0161ech bude po\u0159adatel\u016fm k dispozici a\u017e 250 pln\u011b elektrick\u00fdch nebo plug-in hybridn\u00edch model\u016f \u0160koda.<\/p>\n","protected":false},"excerpt":{"rendered":"<p>Tour de France je druh\u00e1\u00a0nejsledovan\u011bj\u0161\u00ed sportovn\u00ed akce planety. Podle dostupn\u00fdch dat vid\u011blo jednadvacet etap ro\u010dn\u00edku 2023 u televizn\u00edch obrazovek na [&hellip;]<\/p>\n","protected":false},"author":138,"featured_media":23147,"comment_status":"open","ping_status":"open","sticky":false,"template":"","format":"standard","meta":{"footnotes":""},"categories":[1711],"tags":[1447,126,3471,9,3472,2425,23],"global-categories":[411],"class_list":["post-24945","post","type-post","status-publish","format-standard","has-post-thumbnail","hentry","category-tour-de-france","tag-a-s-o","tag-cyklistika","tag-prodlouzeni-kontraktu","tag-silnicni-cyklistika","tag-sledovanost-tour-de-france","tag-smlouva","tag-tour-de-france","global-categories-cycling"],"yoast_head":"<!-- This site is optimized with the Yoast SEO Premium plugin v25.3 (Yoast SEO v25.9) - https:\/\/yoast.com\/wordpress\/plugins\/seo\/ -->\n<title>Sledovan\u011bj\u0161\u00ed ne\u017e olympi\u00e1da \u010di Super Bowl! Pro\u010d je spojen\u00ed Tour de France a \u0160koda Auto v\u00fdjime\u010dn\u00e9? | \u0160koda We Love Cycling - \u010cesk\u00e1 republika<\/title>\n<meta name=\"description\" content=\"Tour de France je druh\u00e1\u00a0nejsledovan\u011bj\u0161\u00ed sportovn\u00ed akce planety. Dvacet let je partnerem \u0160koda Auto a spojen\u00ed bude platit do roku 2028.\" \/>\n<meta name=\"robots\" content=\"index, follow, max-snippet:-1, max-image-preview:large, max-video-preview:-1\" \/>\n<link rel=\"canonical\" href=\"https:\/\/www.welovecycling.com\/cs\/2024\/02\/29\/sledovanejsi-nez-olympiada-ci-super-bowl-proc-je-spojeni-tour-de-france-a-skoda-auto-vyjimecne\/\" \/>\n<meta property=\"og:locale\" content=\"cs_CZ\" \/>\n<meta property=\"og:type\" content=\"article\" \/>\n<meta property=\"og:title\" content=\"Sledovan\u011bj\u0161\u00ed ne\u017e olympi\u00e1da \u010di Super Bowl! Pro\u010d je spojen\u00ed Tour de France a \u0160koda Auto v\u00fdjime\u010dn\u00e9?\" \/>\n<meta property=\"og:description\" content=\"Tour de France je druh\u00e1\u00a0nejsledovan\u011bj\u0161\u00ed sportovn\u00ed akce planety. Dvacet let je partnerem \u0160koda Auto a spojen\u00ed bude platit do roku 2028.\" \/>\n<meta property=\"og:url\" content=\"https:\/\/www.welovecycling.com\/cs\/2024\/02\/29\/sledovanejsi-nez-olympiada-ci-super-bowl-proc-je-spojeni-tour-de-france-a-skoda-auto-vyjimecne\/\" \/>\n<meta property=\"og:site_name\" content=\"\u0160koda We Love Cycling - \u010cesk\u00e1 republika\" \/>\n<meta property=\"article:published_time\" content=\"2024-02-29T14:00:36+00:00\" \/>\n<meta property=\"article:modified_time\" content=\"2024-02-29T21:07:25+00:00\" \/>\n<meta property=\"og:image\" content=\"https:\/\/d2p6e6u75xmxt8.cloudfront.net\/13\/2023\/07\/profimedia-0790308631.webp\" \/>\n\t<meta property=\"og:image:width\" content=\"1800\" \/>\n\t<meta property=\"og:image:height\" content=\"1200\" \/>\n\t<meta property=\"og:image:type\" content=\"image\/webp\" \/>\n<meta name=\"author\" content=\"radekmalina\" \/>\n<meta name=\"twitter:card\" content=\"summary_large_image\" \/>\n<meta name=\"twitter:label1\" content=\"Written by\" \/>\n\t<meta name=\"twitter:data1\" content=\"Radek Malina\" \/>\n\t<meta name=\"twitter:label2\" content=\"Est. reading time\" \/>\n\t<meta name=\"twitter:data2\" content=\"6\" \/>\n<script type=\"application\/ld+json\" class=\"yoast-schema-graph\">{\"@context\":\"https:\/\/schema.org\",\"@graph\":[{\"@type\":\"WebPage\",\"@id\":\"https:\/\/www.welovecycling.com\/cs\/2024\/02\/29\/sledovanejsi-nez-olympiada-ci-super-bowl-proc-je-spojeni-tour-de-france-a-skoda-auto-vyjimecne\/\",\"url\":\"https:\/\/www.welovecycling.com\/cs\/2024\/02\/29\/sledovanejsi-nez-olympiada-ci-super-bowl-proc-je-spojeni-tour-de-france-a-skoda-auto-vyjimecne\/\",\"name\":\"Sledovan\u011bj\u0161\u00ed ne\u017e olympi\u00e1da \u010di Super Bowl! Pro\u010d je spojen\u00ed Tour de France a \u0160koda Auto v\u00fdjime\u010dn\u00e9? | \u0160koda We Love Cycling - \u010cesk\u00e1 republika\",\"isPartOf\":{\"@id\":\"https:\/\/www.welovecycling.com\/cs\/#website\"},\"primaryImageOfPage\":{\"@id\":\"https:\/\/www.welovecycling.com\/cs\/2024\/02\/29\/sledovanejsi-nez-olympiada-ci-super-bowl-proc-je-spojeni-tour-de-france-a-skoda-auto-vyjimecne\/#primaryimage\"},\"image\":{\"@id\":\"https:\/\/www.welovecycling.com\/cs\/2024\/02\/29\/sledovanejsi-nez-olympiada-ci-super-bowl-proc-je-spojeni-tour-de-france-a-skoda-auto-vyjimecne\/#primaryimage\"},\"thumbnailUrl\":\"https:\/\/d2p6e6u75xmxt8.cloudfront.net\/13\/2023\/07\/profimedia-0790308631.webp\",\"datePublished\":\"2024-02-29T14:00:36+00:00\",\"dateModified\":\"2024-02-29T21:07:25+00:00\",\"author\":{\"@id\":\"https:\/\/www.welovecycling.com\/cs\/#\/schema\/person\/d9eeb0a378f3a7e4a6d12d2b536b04b8\"},\"description\":\"Tour de France je druh\u00e1\u00a0nejsledovan\u011bj\u0161\u00ed sportovn\u00ed akce planety. Dvacet let je partnerem \u0160koda Auto a spojen\u00ed bude platit do roku 2028.\",\"inLanguage\":\"cs\",\"potentialAction\":[{\"@type\":\"ReadAction\",\"target\":[\"https:\/\/www.welovecycling.com\/cs\/2024\/02\/29\/sledovanejsi-nez-olympiada-ci-super-bowl-proc-je-spojeni-tour-de-france-a-skoda-auto-vyjimecne\/\"]}]},{\"@type\":\"ImageObject\",\"inLanguage\":\"cs\",\"@id\":\"https:\/\/www.welovecycling.com\/cs\/2024\/02\/29\/sledovanejsi-nez-olympiada-ci-super-bowl-proc-je-spojeni-tour-de-france-a-skoda-auto-vyjimecne\/#primaryimage\",\"url\":\"https:\/\/d2p6e6u75xmxt8.cloudfront.net\/13\/2023\/07\/profimedia-0790308631.webp\",\"contentUrl\":\"https:\/\/d2p6e6u75xmxt8.cloudfront.net\/13\/2023\/07\/profimedia-0790308631.webp\",\"width\":1800,\"height\":1200,\"caption\":\"Jonas Vingegaard se raduje v c\u00edli kr\u00e1lovsk\u00e9 etapy Tour de France z nav\u00fd\u0161en\u00ed n\u00e1skoku.\"},{\"@type\":\"WebSite\",\"@id\":\"https:\/\/www.welovecycling.com\/cs\/#website\",\"url\":\"https:\/\/www.welovecycling.com\/cs\/\",\"name\":\"\u0160koda We Love Cycling - \u010cesk\u00e1 republika\",\"description\":\"WeLoveCycling.cz je online magaz\u00edn, kter\u00fd v\u00e1m pravideln\u011b p\u0159in\u00e1\u0161\u00ed rady a tipy, zaj\u00edmav\u00e9 \u010dl\u00e1nky, videa a jedine\u010dn\u00e9 report\u00e1\u017ee ze sv\u011bta cyklistiky.\",\"potentialAction\":[{\"@type\":\"SearchAction\",\"target\":{\"@type\":\"EntryPoint\",\"urlTemplate\":\"https:\/\/www.welovecycling.com\/cs\/?s={search_term_string}\"},\"query-input\":{\"@type\":\"PropertyValueSpecification\",\"valueRequired\":true,\"valueName\":\"search_term_string\"}}],\"inLanguage\":\"cs\"},{\"@type\":\"Person\",\"@id\":\"https:\/\/www.welovecycling.com\/cs\/#\/schema\/person\/d9eeb0a378f3a7e4a6d12d2b536b04b8\",\"name\":\"radekmalina\",\"image\":{\"@type\":\"ImageObject\",\"inLanguage\":\"cs\",\"@id\":\"https:\/\/www.welovecycling.com\/cs\/#\/schema\/person\/image\/\",\"url\":\"https:\/\/secure.gravatar.com\/avatar\/66994b632cb8c39a46b9f54afa3ae07201b678d32a54275b6f1c9ffec356bfc0?s=96&d=mm&r=g\",\"contentUrl\":\"https:\/\/secure.gravatar.com\/avatar\/66994b632cb8c39a46b9f54afa3ae07201b678d32a54275b6f1c9ffec356bfc0?s=96&d=mm&r=g\",\"caption\":\"radekmalina\"},\"url\":\"https:\/\/www.welovecycling.com\/cs\/author\/radekmalina\/\"}]}<\/script>\n<!-- \/ Yoast SEO Premium plugin. -->","yoast_head_json":{"title":"Sledovan\u011bj\u0161\u00ed ne\u017e olympi\u00e1da \u010di Super Bowl! Pro\u010d je spojen\u00ed Tour de France a \u0160koda Auto v\u00fdjime\u010dn\u00e9? | \u0160koda We Love Cycling - \u010cesk\u00e1 republika","description":"Tour de France je druh\u00e1\u00a0nejsledovan\u011bj\u0161\u00ed sportovn\u00ed akce planety. Dvacet let je partnerem \u0160koda Auto a spojen\u00ed bude platit do roku 2028.","robots":{"index":"index","follow":"follow","max-snippet":"max-snippet:-1","max-image-preview":"max-image-preview:large","max-video-preview":"max-video-preview:-1"},"canonical":"https:\/\/www.welovecycling.com\/cs\/2024\/02\/29\/sledovanejsi-nez-olympiada-ci-super-bowl-proc-je-spojeni-tour-de-france-a-skoda-auto-vyjimecne\/","og_locale":"cs_CZ","og_type":"article","og_title":"Sledovan\u011bj\u0161\u00ed ne\u017e olympi\u00e1da \u010di Super Bowl! Pro\u010d je spojen\u00ed Tour de France a \u0160koda Auto v\u00fdjime\u010dn\u00e9?","og_description":"Tour de France je druh\u00e1\u00a0nejsledovan\u011bj\u0161\u00ed sportovn\u00ed akce planety. Dvacet let je partnerem \u0160koda Auto a spojen\u00ed bude platit do roku 2028.","og_url":"https:\/\/www.welovecycling.com\/cs\/2024\/02\/29\/sledovanejsi-nez-olympiada-ci-super-bowl-proc-je-spojeni-tour-de-france-a-skoda-auto-vyjimecne\/","og_site_name":"\u0160koda We Love Cycling - \u010cesk\u00e1 republika","article_published_time":"2024-02-29T14:00:36+00:00","article_modified_time":"2024-02-29T21:07:25+00:00","og_image":[{"width":1800,"height":1200,"url":"https:\/\/d2p6e6u75xmxt8.cloudfront.net\/13\/2023\/07\/profimedia-0790308631.webp","type":"image\/webp"}],"author":"radekmalina","twitter_card":"summary_large_image","twitter_misc":{"Written by":"Radek Malina","Est. reading time":"6"},"schema":{"@context":"https:\/\/schema.org","@graph":[{"@type":"WebPage","@id":"https:\/\/www.welovecycling.com\/cs\/2024\/02\/29\/sledovanejsi-nez-olympiada-ci-super-bowl-proc-je-spojeni-tour-de-france-a-skoda-auto-vyjimecne\/","url":"https:\/\/www.welovecycling.com\/cs\/2024\/02\/29\/sledovanejsi-nez-olympiada-ci-super-bowl-proc-je-spojeni-tour-de-france-a-skoda-auto-vyjimecne\/","name":"Sledovan\u011bj\u0161\u00ed ne\u017e olympi\u00e1da \u010di Super Bowl! Pro\u010d je spojen\u00ed Tour de France a \u0160koda Auto v\u00fdjime\u010dn\u00e9? | \u0160koda We Love Cycling - \u010cesk\u00e1 republika","isPartOf":{"@id":"https:\/\/www.welovecycling.com\/cs\/#website"},"primaryImageOfPage":{"@id":"https:\/\/www.welovecycling.com\/cs\/2024\/02\/29\/sledovanejsi-nez-olympiada-ci-super-bowl-proc-je-spojeni-tour-de-france-a-skoda-auto-vyjimecne\/#primaryimage"},"image":{"@id":"https:\/\/www.welovecycling.com\/cs\/2024\/02\/29\/sledovanejsi-nez-olympiada-ci-super-bowl-proc-je-spojeni-tour-de-france-a-skoda-auto-vyjimecne\/#primaryimage"},"thumbnailUrl":"https:\/\/d2p6e6u75xmxt8.cloudfront.net\/13\/2023\/07\/profimedia-0790308631.webp","datePublished":"2024-02-29T14:00:36+00:00","dateModified":"2024-02-29T21:07:25+00:00","author":{"@id":"https:\/\/www.welovecycling.com\/cs\/#\/schema\/person\/d9eeb0a378f3a7e4a6d12d2b536b04b8"},"description":"Tour de France je druh\u00e1\u00a0nejsledovan\u011bj\u0161\u00ed sportovn\u00ed akce planety. Dvacet let je partnerem \u0160koda Auto a spojen\u00ed bude platit do roku 2028.","inLanguage":"cs","potentialAction":[{"@type":"ReadAction","target":["https:\/\/www.welovecycling.com\/cs\/2024\/02\/29\/sledovanejsi-nez-olympiada-ci-super-bowl-proc-je-spojeni-tour-de-france-a-skoda-auto-vyjimecne\/"]}]},{"@type":"ImageObject","inLanguage":"cs","@id":"https:\/\/www.welovecycling.com\/cs\/2024\/02\/29\/sledovanejsi-nez-olympiada-ci-super-bowl-proc-je-spojeni-tour-de-france-a-skoda-auto-vyjimecne\/#primaryimage","url":"https:\/\/d2p6e6u75xmxt8.cloudfront.net\/13\/2023\/07\/profimedia-0790308631.webp","contentUrl":"https:\/\/d2p6e6u75xmxt8.cloudfront.net\/13\/2023\/07\/profimedia-0790308631.webp","width":1800,"height":1200,"caption":"Jonas Vingegaard se raduje v c\u00edli kr\u00e1lovsk\u00e9 etapy Tour de France z nav\u00fd\u0161en\u00ed n\u00e1skoku."},{"@type":"WebSite","@id":"https:\/\/www.welovecycling.com\/cs\/#website","url":"https:\/\/www.welovecycling.com\/cs\/","name":"\u0160koda We Love Cycling - \u010cesk\u00e1 republika","description":"WeLoveCycling.cz je online magaz\u00edn, kter\u00fd v\u00e1m pravideln\u011b p\u0159in\u00e1\u0161\u00ed rady a tipy, zaj\u00edmav\u00e9 \u010dl\u00e1nky, videa a jedine\u010dn\u00e9 report\u00e1\u017ee ze sv\u011bta cyklistiky.","potentialAction":[{"@type":"SearchAction","target":{"@type":"EntryPoint","urlTemplate":"https:\/\/www.welovecycling.com\/cs\/?s={search_term_string}"},"query-input":{"@type":"PropertyValueSpecification","valueRequired":true,"valueName":"search_term_string"}}],"inLanguage":"cs"},{"@type":"Person","@id":"https:\/\/www.welovecycling.com\/cs\/#\/schema\/person\/d9eeb0a378f3a7e4a6d12d2b536b04b8","name":"radekmalina","image":{"@type":"ImageObject","inLanguage":"cs","@id":"https:\/\/www.welovecycling.com\/cs\/#\/schema\/person\/image\/","url":"https:\/\/secure.gravatar.com\/avatar\/66994b632cb8c39a46b9f54afa3ae07201b678d32a54275b6f1c9ffec356bfc0?s=96&d=mm&r=g","contentUrl":"https:\/\/secure.gravatar.com\/avatar\/66994b632cb8c39a46b9f54afa3ae07201b678d32a54275b6f1c9ffec356bfc0?s=96&d=mm&r=g","caption":"radekmalina"},"url":"https:\/\/www.welovecycling.com\/cs\/author\/radekmalina\/"}]}},"_links":{"self":[{"href":"https:\/\/www.welovecycling.com\/cs\/wp-json\/wp\/v2\/posts\/24945","targetHints":{"allow":["GET"]}}],"collection":[{"href":"https:\/\/www.welovecycling.com\/cs\/wp-json\/wp\/v2\/posts"}],"about":[{"href":"https:\/\/www.welovecycling.com\/cs\/wp-json\/wp\/v2\/types\/post"}],"author":[{"embeddable":true,"href":"https:\/\/www.welovecycling.com\/cs\/wp-json\/wp\/v2\/users\/138"}],"replies":[{"embeddable":true,"href":"https:\/\/www.welovecycling.com\/cs\/wp-json\/wp\/v2\/comments?post=24945"}],"version-history":[{"count":4,"href":"https:\/\/www.welovecycling.com\/cs\/wp-json\/wp\/v2\/posts\/24945\/revisions"}],"predecessor-version":[{"id":24959,"href":"https:\/\/www.welovecycling.com\/cs\/wp-json\/wp\/v2\/posts\/24945\/revisions\/24959"}],"wp:featuredmedia":[{"embeddable":true,"href":"https:\/\/www.welovecycling.com\/cs\/wp-json\/wp\/v2\/media\/23147"}],"wp:attachment":[{"href":"https:\/\/www.welovecycling.com\/cs\/wp-json\/wp\/v2\/media?parent=24945"}],"wp:term":[{"taxonomy":"category","embeddable":true,"href":"https:\/\/www.welovecycling.com\/cs\/wp-json\/wp\/v2\/categories?post=24945"},{"taxonomy":"post_tag","embeddable":true,"href":"https:\/\/www.welovecycling.com\/cs\/wp-json\/wp\/v2\/tags?post=24945"},{"taxonomy":"global-categories","embeddable":true,"href":"https:\/\/www.welovecycling.com\/cs\/wp-json\/wp\/v2\/global-categories?post=24945"}],"curies":[{"name":"wp","href":"https:\/\/api.w.org\/{rel}","templated":true}]}}