{"id":24886,"date":"2024-02-22T04:00:34","date_gmt":"2024-02-22T02:00:34","guid":{"rendered":"https:\/\/www.welovecycling.com\/cs\/?p=24886"},"modified":"2024-02-22T15:30:33","modified_gmt":"2024-02-22T13:30:33","slug":"martin-hacecky-kolo-vnimam-jako-prostredek-k-rozdavani-zivotni-motivace","status":"publish","type":"post","link":"https:\/\/www.welovecycling.com\/cs\/2024\/02\/22\/martin-hacecky-kolo-vnimam-jako-prostredek-k-rozdavani-zivotni-motivace\/","title":{"rendered":"Martin Ha\u010deck\u00fd: Kolo vn\u00edm\u00e1m jako prost\u0159edek k\u00a0rozd\u00e1v\u00e1n\u00ed \u017eivotn\u00ed motivace"},"content":{"rendered":"<p><strong>Zdravotn\u00ed trable poznamenaly jeho kari\u00e9ru. A to z\u00e1sadn\u011b. V\u017edy\u0165 n\u011bkte\u0159\u00ed jeho b\u00fdval\u00ed par\u0165\u00e1ci je\u0161t\u011b st\u00e1le z\u00e1vod\u00ed mezi elitou. Martin Ha\u010deck\u00fd musel profesion\u00e1ln\u00ed peloton nedobrovoln\u011b opustit u\u017e p\u0159ed \u0161esti lety. V p\u011btat\u0159iceti letech jsou jeho pracovn\u00ed n\u00e1pln\u00ed komentov\u00e1n\u00ed a charitativn\u00ed cyklistick\u00e9 projekty na podporu lid\u00ed bojuj\u00edc\u00edch s rakovinou. \u201eBeru to jako odm\u011bnu, \u017ee jsem se na kole n\u011bco nau\u010dil,\u201c \u0159\u00edk\u00e1 b\u00fdval\u00fd cyklistick\u00fd z\u00e1vodn\u00edk, kter\u00fd v pr\u016fb\u011bhu \u00fanora komentoval cyklistick\u00fd skupinov\u00fd tr\u00e9nink L&#8217;Etape Czech Republic by Tour de France na platform\u011b Rouvy.<\/strong><\/p>\n<p>Z\u00e1vodil na v\u0161ech kontinentech, obl\u00e9kal dresy Dukly Praha, italsk\u00e9ho GS Brunero, \u0161v\u00fdcarsk\u00e9ho Atlas BMC \u010di n\u011bmeck\u00e9ho Maloja Pushbikers. Vyhr\u00e1l juniorsk\u00fd Z\u00e1vod m\u00edru, py\u0161n\u00ed se \u0161estn\u00e1cti profesion\u00e1ln\u00edmi v\u00fdhrami, mezi nimi\u017e je mimo jin\u00fdch t\u0159eba triumf z\u00a0etap\u00e1ku Lidice. Vypravuje o pohledu na nejv\u011bt\u0161\u00ed tuzemsk\u00fd z\u00e1vod pro hobby cyklisty, zapojen\u00ed do charity i motivaci pro cyklistiku.<\/p>\n<h2><strong>Coby koment\u00e1tor jste div\u00e1k\u016fm p\u0159ibli\u017eoval etapy z\u00a0Tour de France \u010di slavn\u00fdch jednor\u00e1zovek. Jak velkou zku\u0161enost\u00ed bylo komentovat ze sedla coby aktivn\u00ed \u00fa\u010dastn\u00edk virtu\u00e1ln\u00ed tr\u00e9nink L&#8217;Etape pod veden\u00edm Jana Svorady na platform\u011b Rouvy?<\/strong><\/h2>\n<p>Fakt, \u017ee jsem mohl b\u00fdt na kole, mi v\u00fdznamn\u011b usnadnil roli, proto\u017ee na kole jsem si jist\u011bj\u0161\u00ed ne\u017e za mikrofonem. Sednu si, \u0161lapu do ped\u00e1l\u016f a l\u00e9pe se napoj\u00edm na komunitu, ne\u017e kdybych v\u0161e vedl jen z\u00a0pozice moder\u00e1tora. Kdy\u017e lid\u00e9 maj\u00ed p\u0159\u00edle\u017eitost absolvovat tr\u00e9nink, by\u0165 virtu\u00e1ln\u011b s\u00a0Janem Svoradou nebo Terezou Hu\u0159\u00edkovou, ur\u010dit\u011b je to motivuje v\u00edce ne\u017e j\u00edzda o samot\u011b. Jde o skv\u011bl\u00fd prost\u0159edek ke spojen\u00ed komunity.<\/p>\n<h2><strong>L&#8217;Etape Czech Republic by Tour de France se chyst\u00e1 u\u017e na \u010dtvrt\u00e9 pokra\u010dov\u00e1n\u00ed. Kdy jste Martine cel\u00fd projekt za\u010dal vn\u00edmat?<\/strong><\/h2>\n<p>U\u017e b\u011bhem prvn\u00edho ro\u010dn\u00edku. M\u016fj dobr\u00fd p\u0159\u00edtel Michal Stark se pod\u00edlel toti\u017e na pl\u00e1nov\u00e1n\u00ed tehdej\u0161\u00ed trasy. Ohromn\u00fdm zp\u016fsobem na m\u011b zap\u016fsobilo, \u017ee si organiz\u00e1to\u0159i troufli uspo\u0159\u00e1dat tak velkou akci v\u00a0hlavn\u00edm m\u011bst\u011b. Byl jsem p\u0159ekvapen\u00fd. V\u00e1\u017en\u011b hodn\u011b p\u0159ekvapen\u00fd. Ale vn\u00edmal jsem jejich jedn\u00e1n\u00ed jako d\u016fkaz, \u017ee maj\u00ed s\u00edlu na tak velk\u00fd krok. A vnit\u0159n\u011b jsem celou akci podporoval, proto\u017ee organiza\u010dn\u00ed struktura a jej\u00ed schopnosti jsou v\u017edy pro velk\u00e9 akce d\u016fle\u017eit\u00e9.<\/p>\n<figure id=\"attachment_24894\" aria-describedby=\"caption-attachment-24894\" style=\"width: 1920px\" class=\"wp-caption alignnone\"><a href=\"https:\/\/d2p6e6u75xmxt8.cloudfront.net\/13\/2024\/02\/BrychtaJan_CP_VC_Popelina_150606_155222_DSC_9724-scaled.webp\"><img loading=\"lazy\" decoding=\"async\" class=\"size-extra-large wp-image-24894\" src=\"https:\/\/d2p6e6u75xmxt8.cloudfront.net\/13\/2024\/02\/BrychtaJan_CP_VC_Popelina_150606_155222_DSC_9724-1920x1536.webp\" alt=\"Martin Ha\u010deck\u00fd slav\u00ed v\u00edt\u011bzstv\u00ed \" width=\"1920\" height=\"1536\" srcset=\"https:\/\/d2p6e6u75xmxt8.cloudfront.net\/13\/2024\/02\/BrychtaJan_CP_VC_Popelina_150606_155222_DSC_9724-1920x1536.webp 1920w, https:\/\/d2p6e6u75xmxt8.cloudfront.net\/13\/2024\/02\/BrychtaJan_CP_VC_Popelina_150606_155222_DSC_9724-300x240.webp 300w, https:\/\/d2p6e6u75xmxt8.cloudfront.net\/13\/2024\/02\/BrychtaJan_CP_VC_Popelina_150606_155222_DSC_9724-1024x819.webp 1024w, https:\/\/d2p6e6u75xmxt8.cloudfront.net\/13\/2024\/02\/BrychtaJan_CP_VC_Popelina_150606_155222_DSC_9724-768x614.webp 768w, https:\/\/d2p6e6u75xmxt8.cloudfront.net\/13\/2024\/02\/BrychtaJan_CP_VC_Popelina_150606_155222_DSC_9724-1536x1229.webp 1536w, https:\/\/d2p6e6u75xmxt8.cloudfront.net\/13\/2024\/02\/BrychtaJan_CP_VC_Popelina_150606_155222_DSC_9724-2048x1638.webp 2048w, https:\/\/d2p6e6u75xmxt8.cloudfront.net\/13\/2024\/02\/BrychtaJan_CP_VC_Popelina_150606_155222_DSC_9724-400x320.webp 400w, https:\/\/d2p6e6u75xmxt8.cloudfront.net\/13\/2024\/02\/BrychtaJan_CP_VC_Popelina_150606_155222_DSC_9724-1920x1536.webp 1920w\" sizes=\"auto, (max-width: 1920px) 100vw, 1920px\" \/><\/a><figcaption id=\"caption-attachment-24894\" class=\"wp-caption-text\"><em>Martin Ha\u010deck\u00fd a jeho v\u00edt\u011bzn\u00e1 radost b\u011bhem aktivn\u00ed kari\u00e9ry. Foto: Jan Brychta<\/em><\/figcaption><\/figure>\n<h2><strong>Cel\u00fd projekt startoval v\u00a0obdob\u00ed pandemie covid-19. M\u011bl jste pochybnosti o \u00fasp\u011bchu v\u00a0\u010desk\u00e9m prost\u0159ed\u00ed?<\/strong><\/h2>\n<p>Vybavuji si, \u017ee u\u017e tehdy se n\u011bkolik z\u00e1vod\u016f L&#8217;Etape po sv\u011bt\u011b jezdilo. Ale m\u00e1m pocit, \u017ee pohled na z\u00e1vod pod patronac\u00ed Tour de France nebyl obecn\u011b moc ustanoven\u00fd. U n\u00e1s jsem zaznamenal takovou typickou nep\u0159ej\u00edcnost. M\u00e1lokdo d\u00e1val projektu nad\u011bji na p\u0159e\u017eit\u00ed. V\u00edm, \u017ee i v\u00a0ur\u010dit\u00fdch novin\u00e1\u0159sk\u00fdch kruz\u00edch panovala skepse, jak se projekt uchyt\u00ed. Sly\u0161el jsem ve spojen\u00ed s L&#8217;Etape v\u00fdrazy jako \u201enabub\u0159el\u00e9\u201c nebo \u201ep\u0159ifouknut\u00e9\u201c\u2026 Mysl\u00edm, \u017ee b\u011bhem t\u0159\u00ed dosavadn\u00edch ro\u010dn\u00edk\u016f se jasn\u011b uk\u00e1zalo, kam je cel\u00fd projekt sm\u011b\u0159ov\u00e1n. Nikdo se nesna\u017e\u00ed napodobit z\u00e1vod Tour de France, ale zprost\u0159edkovat tu atmosf\u00e9ru, co\u017e se nepochybn\u011b da\u0159\u00ed.<\/p>\n<h2><strong>Dosud jste ale ve startovn\u00edm poli L&#8217;Etape Czech Republic by Tour de France nefiguroval, tak podle \u010deho atmosf\u00e9ru hodnot\u00edte?<\/strong><\/h2>\n<p>Kamar\u00e1di, b\u00fdval\u00ed profesion\u00e1ln\u00ed z\u00e1vodn\u00edci, akce absolvovali. Ne\u0161li si honit ego. Prost\u011b z\u00a0vlastn\u00edho z\u00e1jmu cht\u011bli <a href=\"https:\/\/www.welovecycling.com\/cs\/2023\/06\/11\/letape-2023-cernozlute-silenstvi-ve-jmenu-stare-damy\/\">L&#8217;Etape<\/a> absolvovat. A byli nad\u0161en\u00ed. \u00dapln\u011b ohromen\u00ed atmosf\u00e9rou. Pro m\u011b se jednalo o \u0161okuj\u00edc\u00ed zji\u0161t\u011bn\u00ed. Samoz\u0159ejm\u011b velmi mil\u00e9. P\u0159ijde mi neuv\u011b\u0159iteln\u00e9, jak velk\u00fd pozitivn\u00ed dopad m\u00e1 L&#8217;Etape na obce, jimi\u017e proj\u00ed\u017ed\u00ed. B\u011bhem kari\u00e9ry jsem p\u0159i z\u00e1vodech takov\u00fdch pr\u016fjezd\u016f absolvoval stovky. A v\u00a0drtiv\u00e9 v\u011bt\u0161in\u011b jsem m\u011bl pocit, \u017ee cyklist\u00e9 jsou na obt\u00ed\u017e. Doma jsem nikdy neza\u017eil pocity, s\u00a0nimi\u017e L&#8217;Etape kon\u010dili moji kamar\u00e1di.<\/p>\n<div class=\"shortcode-ys-post-pinup\"><article class=\"loop-simple post-22655 post type-post status-publish format-standard has-post-thumbnail hentry category-letape-czech-republic category-silnicni-cyklistika tag-cyklistika tag-jiri-jezek tag-letape-czech-republic-2023 tag-martina-sablikova tag-silnicni-cyklistika tag-zdenek-stybar tag-zuzana-bohacova global-categories-cycling\" data-postid=\"22655\" role=\"article\" data-post-id=\"22655\" data-word-count=\"300\" data-headline-length=\"68\" data-category=\"L&#039;Etape Czech Republic\" data-global-category=\"Cycling\" data-author=\"We Love Cycling\" data-published=\"2023-06-12T11:31:48+02:00\" data-published-day=\"Monday\">\n    <div class=\"entry-thumbnail article-thumbnail\" content=\"https:\/\/d2p6e6u75xmxt8.cloudfront.net\/13\/2023\/06\/Letape-066-150x150.webp\"><a href=\"https:\/\/www.welovecycling.com\/cs\/2023\/06\/12\/fotogalerie-cyklisticky-karneval-letape-czech-republic-2023\/\" class=\"image-holder\" target=\"_self\"><img decoding=\"async\" loading=\"lazy\" class=\"\" src=\"https:\/\/d2p6e6u75xmxt8.cloudfront.net\/13\/2023\/06\/Letape-066-1024x683.webp\" srcset=\"https:\/\/d2p6e6u75xmxt8.cloudfront.net\/13\/2023\/06\/Letape-066-scaled.webp 2560w, https:\/\/d2p6e6u75xmxt8.cloudfront.net\/13\/2023\/06\/Letape-066-300x200.webp 300w, https:\/\/d2p6e6u75xmxt8.cloudfront.net\/13\/2023\/06\/Letape-066-1024x683.webp 1024w, https:\/\/d2p6e6u75xmxt8.cloudfront.net\/13\/2023\/06\/Letape-066-768x512.webp 768w, https:\/\/d2p6e6u75xmxt8.cloudfront.net\/13\/2023\/06\/Letape-066-1536x1025.webp 1536w, https:\/\/d2p6e6u75xmxt8.cloudfront.net\/13\/2023\/06\/Letape-066-2048x1366.webp 2048w, https:\/\/d2p6e6u75xmxt8.cloudfront.net\/13\/2023\/06\/Letape-066-1920x1281.webp 1920w, https:\/\/d2p6e6u75xmxt8.cloudfront.net\/13\/2023\/06\/Letape-066-400x267.webp 400w, https:\/\/d2p6e6u75xmxt8.cloudfront.net\/13\/2023\/06\/Letape-066-272x182.webp 272w, https:\/\/d2p6e6u75xmxt8.cloudfront.net\/13\/2023\/06\/Letape-066-1920x1281.webp 1920w\" width=\"1024\" height=\"683\" sizes=\"auto, (min-width: 1200px) 300px, (min-width: 768px) 25vw, 100vw\" alt=\"fotogalerie-cyklisticky-karneval-letape-czech-republic-2023\"\/><\/a><\/div>    <div class=\"entry-meta\">\n        <a class=\"label label-secondary post-category\" href=\"https:\/\/www.welovecycling.com\/cs\/category\/letape-czech-republic\/\" title=\"L'Etape Czech Republic\">L'Etape Czech Republic<\/a>\n    <\/div>\n    <div class=\"entry-details\">\n        <a href=\"https:\/\/www.welovecycling.com\/cs\/2023\/06\/12\/fotogalerie-cyklisticky-karneval-letape-czech-republic-2023\/\" class='entry-title-wrapper'>\n            <h3 class=\"entry-title\"><span>FOTOGALERIE: Cyklistick\u00fd karneval L&#8217;Etape Czech Republic 2023<\/span><\/h3>\n        <\/a>\n    <\/div>\n    <\/article>\n<\/div>\n<h2><strong>V\u00a0zahrani\u010d\u00ed je p\u0159\u00edstup ve\u0159ejnosti k\u00a0cyklist\u016fm b\u011bhem z\u00e1vod\u016f odli\u0161n\u00fd?<\/strong><\/h2>\n<p>Pamatuji si, \u017ee t\u0159eba v\u00a0It\u00e1lii u\u017e p\u0159i ml\u00e1de\u017enick\u00fdch z\u00e1vodech jsme proj\u00ed\u017ed\u011bli kopce, kter\u00e9 byly zcela oble\u017een\u00e9 div\u00e1ky. Nedok\u00e1zal jsem si p\u0159edstavit, \u017ee n\u011bco podobn\u00e9ho je mo\u017en\u00e9 v\u00a0\u010cesku. Obecn\u011b m\u00e1m pocit, \u017ee u n\u00e1s panuje velk\u00e1 nevra\u017eivost mezi ve\u0159ejnost\u00ed a cyklisty. Ale p\u0159i L&#8217;Etape se n\u011bjak\u00fdm z\u00e1hadn\u00fdm zp\u016fsobem, pro m\u011b z\u00e1hadn\u00fdm, da\u0159\u00ed rozpolo\u017een\u00ed p\u0159eklopit. Jde o velice mil\u00e9 p\u0159ekvapen\u00ed.<\/p>\n<figure id=\"attachment_24895\" aria-describedby=\"caption-attachment-24895\" style=\"width: 1920px\" class=\"wp-caption alignnone\"><a href=\"https:\/\/d2p6e6u75xmxt8.cloudfront.net\/13\/2024\/02\/BrychtaJan_MOM_20160825_193534_D72_4014-scaled.webp\"><img loading=\"lazy\" decoding=\"async\" class=\"size-extra-large wp-image-24895\" src=\"https:\/\/d2p6e6u75xmxt8.cloudfront.net\/13\/2024\/02\/BrychtaJan_MOM_20160825_193534_D72_4014-1920x1278.webp\" alt=\"Martin Ha\u010deck\u00fd \" width=\"1920\" height=\"1278\" srcset=\"https:\/\/d2p6e6u75xmxt8.cloudfront.net\/13\/2024\/02\/BrychtaJan_MOM_20160825_193534_D72_4014-1920x1278.webp 1920w, https:\/\/d2p6e6u75xmxt8.cloudfront.net\/13\/2024\/02\/BrychtaJan_MOM_20160825_193534_D72_4014-300x200.webp 300w, https:\/\/d2p6e6u75xmxt8.cloudfront.net\/13\/2024\/02\/BrychtaJan_MOM_20160825_193534_D72_4014-1024x681.webp 1024w, https:\/\/d2p6e6u75xmxt8.cloudfront.net\/13\/2024\/02\/BrychtaJan_MOM_20160825_193534_D72_4014-768x511.webp 768w, https:\/\/d2p6e6u75xmxt8.cloudfront.net\/13\/2024\/02\/BrychtaJan_MOM_20160825_193534_D72_4014-1536x1022.webp 1536w, https:\/\/d2p6e6u75xmxt8.cloudfront.net\/13\/2024\/02\/BrychtaJan_MOM_20160825_193534_D72_4014-2048x1363.webp 2048w, https:\/\/d2p6e6u75xmxt8.cloudfront.net\/13\/2024\/02\/BrychtaJan_MOM_20160825_193534_D72_4014-400x266.webp 400w, https:\/\/d2p6e6u75xmxt8.cloudfront.net\/13\/2024\/02\/BrychtaJan_MOM_20160825_193534_D72_4014-272x182.webp 272w, https:\/\/d2p6e6u75xmxt8.cloudfront.net\/13\/2024\/02\/BrychtaJan_MOM_20160825_193534_D72_4014-1920x1278.webp 1920w\" sizes=\"auto, (max-width: 1920px) 100vw, 1920px\" \/><\/a><figcaption id=\"caption-attachment-24895\" class=\"wp-caption-text\"><em>Martin Ha\u010deck\u00fd s br\u00e1chou Vojt\u011bchem, kter\u00fd kari\u00e9ru ukon\u010dil rovn\u011b\u017e je\u0161t\u011b p\u0159ed t\u0159ic\u00e1t\u00fdmi narozeninami a je fyziologem v Centru sportovn\u00ed medic\u00edny. Foto: Jan Brychta<\/em><\/figcaption><\/figure>\n<h2><strong>Tak\u017ee p\u0159i n\u011bkter\u00e9m ze dvou z\u00e1vodu projektu L&#8217;Etape Czech Republic by Tour de France 2024 u\u017e bude Martin Ha\u010deck\u00fd na startu?<\/strong><\/h2>\n<p>B\u011bhem v\u0161ech dosavadn\u00edch ro\u010dn\u00edk\u016f jsem byl v\u00a0dob\u011b kon\u00e1n\u00ed v\u017edy pracovn\u011b v\u00a0zahrani\u010d\u00ed. Up\u0159\u00edmn\u011b, ani m\u011b start nel\u00e1kal. Nedok\u00e1zal jsem si p\u0159edstavit, \u017ee bych se p\u0159ihl\u00e1sil. Ale te\u010f m\u00e1m velkou tendenci se v\u00a0pelotonu objevit.<\/p>\n<div class=\"shortcode-ys-post-pinup\"><article class=\"loop-simple post-15515 post type-post status-publish format-standard has-post-thumbnail hentry category-horska-cyklistika category-podcasty category-rady-tipy category-silnicni-cyklistika category-zdravi-a-trenink tag-cyklistika tag-horska-cyklistika tag-keto-dieta tag-podcast tag-proteiny tag-sacharidy tag-silnicni-cyklistika tag-stravovani tag-trenink tag-vojtech-hacecky tag-zdravi-a-trenink global-categories-cycling\" data-postid=\"15515\" role=\"article\" data-post-id=\"15515\" data-word-count=\"252\" data-headline-length=\"75\" data-category=\"Horsk\u00e1 cyklistika\" data-global-category=\"Cycling\" data-author=\"We Love Cycling\" data-published=\"2021-12-18T19:00:19+02:00\" data-published-day=\"Saturday\">\n    <div class=\"entry-thumbnail article-thumbnail\" content=\"https:\/\/d2p6e6u75xmxt8.cloudfront.net\/13\/2020\/11\/hacecky-profimedia-0114249408-150x150.webp\"><a href=\"https:\/\/www.welovecycling.com\/cs\/2021\/12\/18\/podcast-o-stravovani-nejvetsi-mytus-je-ze-na-kole-se-neji-rika-expert-centra-sportovni-mediciny\/\" class=\"image-holder\" target=\"_self\"><img decoding=\"async\" loading=\"lazy\" class=\"\" src=\"https:\/\/d2p6e6u75xmxt8.cloudfront.net\/13\/2020\/11\/hacecky-profimedia-0114249408-1024x797.webp\" srcset=\"https:\/\/d2p6e6u75xmxt8.cloudfront.net\/13\/2020\/11\/hacecky-profimedia-0114249408.webp 1800w, https:\/\/d2p6e6u75xmxt8.cloudfront.net\/13\/2020\/11\/hacecky-profimedia-0114249408-300x234.webp 300w, https:\/\/d2p6e6u75xmxt8.cloudfront.net\/13\/2020\/11\/hacecky-profimedia-0114249408-1024x797.webp 1024w, https:\/\/d2p6e6u75xmxt8.cloudfront.net\/13\/2020\/11\/hacecky-profimedia-0114249408-768x598.webp 768w, https:\/\/d2p6e6u75xmxt8.cloudfront.net\/13\/2020\/11\/hacecky-profimedia-0114249408-1536x1196.webp 1536w\" width=\"1024\" height=\"797\" sizes=\"auto, (min-width: 1200px) 300px, (min-width: 768px) 25vw, 100vw\" alt=\"podcast-o-stravovani-nejvetsi-mytus-je-ze-na-kole-se-neji-rika-expert-centra-sportovni-mediciny\"\/><\/a><\/div>    <div class=\"entry-meta\">\n        <a class=\"label label-secondary post-category\" href=\"https:\/\/www.welovecycling.com\/cs\/category\/horska-cyklistika\/\" title=\"Horsk\u00e1 cyklistika\">Horsk\u00e1 cyklistika<\/a>\n    <\/div>\n    <div class=\"entry-details\">\n        <a href=\"https:\/\/www.welovecycling.com\/cs\/2021\/12\/18\/podcast-o-stravovani-nejvetsi-mytus-je-ze-na-kole-se-neji-rika-expert-centra-sportovni-mediciny\/\" class='entry-title-wrapper'>\n            <h3 class=\"entry-title\"><span>WLC Podcast Vojt\u011bch Ha\u010deck\u00fd: Nejv\u011bt\u0161\u00ed m\u00fdtus je, \u017ee se na kole nej\u00ed<\/span><\/h3>\n        <\/a>\n    <\/div>\n    <\/article>\n<\/div>\n<h2><strong>Seri\u00e1l L&#8217;Etape by Tour de France se rozrostl na v\u0161echny kontinenty, z\u00e1vod\u016f u\u017e je n\u011bkolik des\u00edtek. Vn\u00edm\u00e1te v\u00fdjime\u010dn\u00e9 postaven\u00ed projektu nejen v\u00a0r\u00e1mci cyklistick\u00e9 komunity, ale obecn\u011b u ve\u0159ejnosti?<\/strong><\/h2>\n<p>Cel\u00fd koncept m\u00e1 mimo\u0159\u00e1dn\u00fd potenci\u00e1l k propojen\u00ed cyklistick\u00e9 komunity. A k\u00a0jej\u00edm roz\u0161\u00ed\u0159en\u00ed. Sv\u011bd\u010d\u00ed to o s\u00edle zna\u010dky Tour de France. M\u00e1 obrovskou moc. V\u011bt\u0161\u00ed, ne\u017e si uv\u011bdomujeme. Italsk\u00e9 Giro je skv\u011bl\u00e9. Nicm\u00e9n\u011b je pro fanou\u0161ky sportu. Tour de France je pro v\u0161echny.<\/p>\n<p><a href=\"https:\/\/d2p6e6u75xmxt8.cloudfront.net\/13\/2024\/02\/hacecky-martin-3.webp\"><img loading=\"lazy\" decoding=\"async\" class=\"alignnone size-full wp-image-24890\" src=\"https:\/\/d2p6e6u75xmxt8.cloudfront.net\/13\/2024\/02\/hacecky-martin-3.webp\" alt=\"\" width=\"1600\" height=\"1066\" srcset=\"https:\/\/d2p6e6u75xmxt8.cloudfront.net\/13\/2024\/02\/hacecky-martin-3.webp 1600w, https:\/\/d2p6e6u75xmxt8.cloudfront.net\/13\/2024\/02\/hacecky-martin-3-300x200.webp 300w, https:\/\/d2p6e6u75xmxt8.cloudfront.net\/13\/2024\/02\/hacecky-martin-3-1024x682.webp 1024w, https:\/\/d2p6e6u75xmxt8.cloudfront.net\/13\/2024\/02\/hacecky-martin-3-768x512.webp 768w, https:\/\/d2p6e6u75xmxt8.cloudfront.net\/13\/2024\/02\/hacecky-martin-3-1536x1023.webp 1536w, https:\/\/d2p6e6u75xmxt8.cloudfront.net\/13\/2024\/02\/hacecky-martin-3-400x267.webp 400w, https:\/\/d2p6e6u75xmxt8.cloudfront.net\/13\/2024\/02\/hacecky-martin-3-272x182.webp 272w\" sizes=\"auto, (max-width: 1600px) 100vw, 1600px\" \/><\/a><\/p>\n<h2><strong>Pokud budete 15. \u010dervna na startu kopcovit\u00e9 etapy nebo n\u00e1sledn\u011b 17. srpna v\u00a0pelotonu horsk\u00e9, s\u00a0jak\u00fdmi ambicemi?<\/strong><\/h2>\n<p>Moj\u00ed motivac\u00ed ur\u010dit\u011b nen\u00ed sednout si na kolo, hr\u00e1bnout na dno sil a jet doraz. Motivuj\u00ed m\u011b velk\u00e9 alpsk\u00e9 kopce, kde si mohu p\u0159ipomenout v\u00fdkony z\u00a0profesion\u00e1ln\u00ed kari\u00e9ry, kdy\u017e jsem byl v\u00a0tot\u00e1ln\u00edm vyp\u011bt\u00ed. Bav\u00ed m\u011b vysokohorsk\u00e9 pr\u016fsmyky. Tam dokazuji s\u00e1m sob\u011b, \u017ee nejsem na odpis. Ale nem\u00e1m pot\u0159ebu pom\u011b\u0159ovat se v\u00a0pelotonu, kl\u00e1st si c\u00edle v\u00a0r\u00e1mci hromadn\u00fdch akc\u00ed. Pro m\u011b nen\u00ed my\u0161lenkou L&#8217;Etape, \u017ee budu viset za o\u010di v\u00a0n\u011bjak\u00e9 rychl\u00e9 skupin\u011b nebo si n\u011bco dokazovat p\u0159edj\u00ed\u017ed\u011bn\u00edm hobby cyklist\u016f. V\u017edy\u0165 jsem jeden z\u00a0nich. Pokud pojedu, tak jako sou\u010d\u00e1st cyklistick\u00e9 komunity. Kolo, respektive cyklistika m\u00e1 obrovsk\u00fd p\u0159esah, pokud se v\u0161e spr\u00e1vn\u011b uchop\u00ed.<\/p>\n<div class=\"shortcode-ys-post-pinup\"><article class=\"loop-simple post-24842 post type-post status-publish format-standard has-post-thumbnail hentry category-silnicni-cyklistika category-https-www-welovecycling-com-cs-category-zabava tag-brzdove-paky tag-cyklisticka-pravidla tag-cyklistika tag-horska-cyklistika tag-nova-pravidla tag-ponozky tag-pravidla tag-riditka tag-silnicni-cyklistika global-categories-cycling\" data-postid=\"24842\" role=\"article\" data-post-id=\"24842\" data-word-count=\"654\" data-headline-length=\"70\" data-category=\"Silni\u010dn\u00ed cyklistika\" data-global-category=\"Cycling\" data-author=\"We Love Cycling\" data-published=\"2024-02-16T11:04:07+02:00\" data-published-day=\"Friday\">\n    <div class=\"entry-thumbnail article-thumbnail\" content=\"https:\/\/d2p6e6u75xmxt8.cloudfront.net\/13\/2024\/02\/ponozky-150x150.webp\"><a href=\"https:\/\/www.welovecycling.com\/cs\/2024\/02\/16\/nove-pravidla-za-ponozky-53-tisic-pakove-brzdy-ohrozujici-zdravi-ci-diskvalifikace-za-jizdu-bez-prilby\/\" class=\"image-holder\" target=\"_self\"><img decoding=\"async\" loading=\"lazy\" class=\"\" src=\"https:\/\/d2p6e6u75xmxt8.cloudfront.net\/13\/2024\/02\/ponozky-1024x682.webp\" srcset=\"https:\/\/d2p6e6u75xmxt8.cloudfront.net\/13\/2024\/02\/ponozky.webp 2000w, https:\/\/d2p6e6u75xmxt8.cloudfront.net\/13\/2024\/02\/ponozky-300x200.webp 300w, https:\/\/d2p6e6u75xmxt8.cloudfront.net\/13\/2024\/02\/ponozky-1024x682.webp 1024w, https:\/\/d2p6e6u75xmxt8.cloudfront.net\/13\/2024\/02\/ponozky-768x512.webp 768w, https:\/\/d2p6e6u75xmxt8.cloudfront.net\/13\/2024\/02\/ponozky-1536x1024.webp 1536w, https:\/\/d2p6e6u75xmxt8.cloudfront.net\/13\/2024\/02\/ponozky-1920x1280.webp 1920w, https:\/\/d2p6e6u75xmxt8.cloudfront.net\/13\/2024\/02\/ponozky-400x267.webp 400w, https:\/\/d2p6e6u75xmxt8.cloudfront.net\/13\/2024\/02\/ponozky-272x182.webp 272w, https:\/\/d2p6e6u75xmxt8.cloudfront.net\/13\/2024\/02\/ponozky-1920x1280.webp 1920w\" width=\"1024\" height=\"682\" sizes=\"auto, (min-width: 1200px) 300px, (min-width: 768px) 25vw, 100vw\" alt=\"nove-pravidla-za-ponozky-53-tisic-pakove-brzdy-ohrozujici-zdravi-ci-diskvalifikace-za-jizdu-bez-prilby\"\/><\/a><\/div>    <div class=\"entry-meta\">\n        <a class=\"label label-secondary post-category\" href=\"https:\/\/www.welovecycling.com\/cs\/category\/silnicni-cyklistika\/\" title=\"Silni\u010dn\u00ed cyklistika\">Silni\u010dn\u00ed cyklistika<\/a>\n    <\/div>\n    <div class=\"entry-details\">\n        <a href=\"https:\/\/www.welovecycling.com\/cs\/2024\/02\/16\/nove-pravidla-za-ponozky-53-tisic-pakove-brzdy-ohrozujici-zdravi-ci-diskvalifikace-za-jizdu-bez-prilby\/\" class='entry-title-wrapper'>\n            <h3 class=\"entry-title\"><span>Fusekle za 53 tis\u00edc, vyhazov za p\u0159ilbu aneb kdy\u017e cyklistika trest\u00e1<\/span><\/h3>\n        <\/a>\n    <\/div>\n    <\/article>\n<\/div>\n<h2><strong>Pro v\u00e1s jde o celo\u017eivotn\u00ed n\u00e1pl\u0148, proto\u017ee z\u00a0dr\u00e1hy profesion\u00e1ln\u00edho cyklisty jste plynule p\u0159e\u0161el k\u00a0roli televizn\u00edho koment\u00e1tora. Sou\u010dasn\u011b se pod\u00edl\u00edte i na charitativn\u00edch cyklistick\u00fdch projektech pro nemocn\u00e9 s\u00a0rakovinou.<\/strong><\/h2>\n<p>J\u00e1 jsem po kari\u00e9\u0159e zjistil, \u017ee neum\u00edm nic jin\u00e9ho ne\u017e jezdit na kole. T\u0159ikr\u00e1t jsem studoval na vysok\u00e9 \u0161kole, ale na\u0161t\u011bst\u00ed jsem dostal p\u0159\u00edle\u017eitost vyu\u017e\u00edt cyklistiku v\u00a0\u00fapln\u011b jin\u00e9 rovin\u011b. Mysl\u00edm, \u017ee jsem se nau\u010dil uchopit kolo jinak ne\u017e ze sportovn\u00edho pohledu. Je to prost\u0159edek k\u00a0rozd\u00e1v\u00e1n\u00ed \u017eivotn\u00ed motivace. Pro m\u011b u\u017e \u0161est let v\u00a0podob\u011b motiva\u010dn\u00edch charitativn\u00edch akc\u00ed po cel\u00e9m sv\u011bt\u011b, kter\u00e9 d\u011bl\u00e1m pro lidi bojuj\u00edc\u00ed s\u00a0rakovinou.<\/p>\n<p><a href=\"https:\/\/d2p6e6u75xmxt8.cloudfront.net\/13\/2024\/02\/martin-hacecky-walton.webp\"><img loading=\"lazy\" decoding=\"async\" class=\"alignnone size-full wp-image-24887\" src=\"https:\/\/d2p6e6u75xmxt8.cloudfront.net\/13\/2024\/02\/martin-hacecky-walton.webp\" alt=\"\" width=\"1600\" height=\"1066\" srcset=\"https:\/\/d2p6e6u75xmxt8.cloudfront.net\/13\/2024\/02\/martin-hacecky-walton.webp 1600w, https:\/\/d2p6e6u75xmxt8.cloudfront.net\/13\/2024\/02\/martin-hacecky-walton-300x200.webp 300w, https:\/\/d2p6e6u75xmxt8.cloudfront.net\/13\/2024\/02\/martin-hacecky-walton-1024x682.webp 1024w, https:\/\/d2p6e6u75xmxt8.cloudfront.net\/13\/2024\/02\/martin-hacecky-walton-768x512.webp 768w, https:\/\/d2p6e6u75xmxt8.cloudfront.net\/13\/2024\/02\/martin-hacecky-walton-1536x1023.webp 1536w, https:\/\/d2p6e6u75xmxt8.cloudfront.net\/13\/2024\/02\/martin-hacecky-walton-400x267.webp 400w, https:\/\/d2p6e6u75xmxt8.cloudfront.net\/13\/2024\/02\/martin-hacecky-walton-272x182.webp 272w\" sizes=\"auto, (max-width: 1600px) 100vw, 1600px\" \/><\/a><\/p>\n<h2><strong>Jak se z\u00a0profesion\u00e1ln\u00edho cyklisty a televizn\u00edho koment\u00e1tora stane projektov\u00fd mana\u017eer agentury na motiva\u010dn\u00ed p\u0159edn\u00e1\u0161ky?<\/strong><\/h2>\n<p>Je\u0161t\u011b b\u011bhem kari\u00e9ry m\u011b zkontaktoval Brian Walton, b\u00fdval\u00fd skv\u011bl\u00fd cyklista, jestli se nechci p\u0159idat k jeho programu zam\u011b\u0159en\u00e9mu na ment\u00e1ln\u00ed tr\u00e9nink. V r\u00e1mci na\u0161eho hlavn\u00edho projektu se za pomoci cyklistiky a spr\u00e1vn\u00e9ho ment\u00e1ln\u00edho nastaven\u00ed sna\u017e\u00edme nejen onkologicky nemocn\u00fdm lidem uk\u00e1zat, \u017ee je mo\u017en\u00e9 rakovinu porazit. \u010casto jsou \u00fa\u010dastn\u00edky lid\u00e9, kte\u0159\u00ed na kole nikdy nesed\u011bli nebo o cyklistice v\u016fbec nesly\u0161eli. Ale te\u010f v n\u00ed nach\u00e1z\u00ed jin\u00fd p\u0159\u00edstup k \u017eivotu.<\/p>\n<h2><strong>Co p\u0159esn\u011b je va\u0161\u00ed n\u00e1pln\u00ed coby b\u00fdval\u00e9ho z\u00e1vodn\u00edka?<\/strong><\/h2>\n<p>Projekt b\u011b\u017e\u00ed na \u010dty\u0159ech kontinentech a trv\u00e1 v\u017edy p\u016fl roku. J\u00e1 m\u00e1m na starosti Evropu, Ji\u017en\u00ed Ameriku, a pak Japonsko. Jsem p\u0159\u00edtomn\u00fd na \u00favod, kdy vedu prvn\u00ed motiva\u010dn\u00ed p\u0159edn\u00e1\u0161ku. Nejd\u0159\u00edve nau\u010d\u00edm lidi jezdit na kole a vedu motiva\u010dn\u00ed p\u0159edn\u00e1\u0161ky. Pak se vrac\u00edm uprost\u0159ed cel\u00e9ho cyklu, kter\u00fd \u00fa\u010dastn\u00edky p\u0159ipravuje na velkou cyklistikou v\u00fdzvu. T\u0159eba v\u00a0r\u00e1mci Spojen\u00fdch st\u00e1t\u016f ka\u017ed\u00fd rok jedeme z\u00a0jednoho pob\u0159e\u017e\u00ed na druh\u00e9. Na\u0161imi klienty jsou \u010dasto lid\u00e9 po chemoterapii, kte\u0159\u00ed se vrac\u00ed do \u017eivota. Nebo lid\u00e9 setk\u00e1vaj\u00edc\u00ed se denn\u011b s\u00a0pacienty. Kup\u0159\u00edkladu evropskou \u010d\u00e1st projektu zahajujeme v\u017edy na onkologick\u00e9 klinice v\u00a0Mnichov\u011b, kde jsou d\u011bti s\u00a0leukemi\u00ed. Ty s\u00a0n\u00e1mi na kole samoz\u0159ejm\u011b nejezd\u00ed, ale stejn\u011b jako jejich rodi\u010de a person\u00e1l kliniky vn\u00edmaj\u00ed p\u0159idanou hodnotu na\u0161eho programu. Vid\u00ed, \u017ee na ten t\u011b\u017ek\u00fd boj nejsou sami. A pro m\u011b je mo\u017enost v\u00e9st motiva\u010dn\u00ed charitativn\u00ed akce po cel\u00e9m sv\u011bt\u011b odm\u011bnou, \u017ee jsem se na kole n\u011bco nau\u010dil.<\/p>\n","protected":false},"excerpt":{"rendered":"<p>Zdravotn\u00ed trable poznamenaly jeho kari\u00e9ru. A to z\u00e1sadn\u011b. V\u017edy\u0165 n\u011bkte\u0159\u00ed jeho b\u00fdval\u00ed par\u0165\u00e1ci je\u0161t\u011b st\u00e1le z\u00e1vod\u00ed mezi elitou. Martin Ha\u010deck\u00fd [&hellip;]<\/p>\n","protected":false},"author":138,"featured_media":24891,"comment_status":"open","ping_status":"open","sticky":false,"template":"","format":"standard","meta":{"footnotes":""},"categories":[10],"tags":[796,126,3450,3333,3093,3449,3451,3452],"global-categories":[411],"class_list":["post-24886","post","type-post","status-publish","format-standard","has-post-thumbnail","hentry","category-silnicni-cyklistika","tag-charita","tag-cyklistika","tag-komentator","tag-letape-2024","tag-letape-czech-republic-2024","tag-martin-hacecky","tag-motivacni-prednasky","tag-walton-endurance","global-categories-cycling"],"yoast_head":"<!-- This site is optimized with the Yoast SEO Premium plugin v25.3 (Yoast SEO v25.9) - https:\/\/yoast.com\/wordpress\/plugins\/seo\/ -->\n<title>Martin Ha\u010deck\u00fd: Kolo vn\u00edm\u00e1m jako prost\u0159edek k\u00a0rozd\u00e1v\u00e1n\u00ed \u017eivotn\u00ed motivace | \u0160koda We Love Cycling - \u010cesk\u00e1 republika<\/title>\n<meta name=\"description\" content=\"Zdravotn\u00ed trable poznamenaly jeho kari\u00e9ru. A to z\u00e1sadn\u011b. V\u017edy\u0165 n\u011bkte\u0159\u00ed jeho b\u00fdval\u00ed par\u0165\u00e1ci je\u0161t\u011b st\u00e1le z\u00e1vod\u00ed mezi elitou. Martin Ha\u010deck\u00fd musel profesion\u00e1ln\u00ed peloton nedobrovoln\u011b opustit u\u017e p\u0159ed \u0161esti lety. V\u00a0p\u011btat\u0159iceti letech jsou jeho pracovn\u00ed n\u00e1pln\u00ed komentov\u00e1n\u00ed a charitativn\u00ed cyklistick\u00e9 projekty. \u201eBeru to jako odm\u011bnu, \u017ee jsem se na kole n\u011bco nau\u010dil,\u201c \u0159\u00edk\u00e1 b\u00fdval\u00fd cyklistick\u00fd z\u00e1vodn\u00edk, kter\u00fd v\u00a0pr\u016fb\u011bhu \u00fanora komentoval cyklistick\u00fd skupinov\u00fd tr\u00e9nink L&#039;Etape Czech Republic by Tour de France na platform\u011b Rouvy.\" \/>\n<meta name=\"robots\" content=\"index, follow, max-snippet:-1, max-image-preview:large, max-video-preview:-1\" \/>\n<link rel=\"canonical\" href=\"https:\/\/www.welovecycling.com\/cs\/2024\/02\/22\/martin-hacecky-kolo-vnimam-jako-prostredek-k-rozdavani-zivotni-motivace\/\" \/>\n<meta property=\"og:locale\" content=\"cs_CZ\" \/>\n<meta property=\"og:type\" content=\"article\" \/>\n<meta property=\"og:title\" content=\"Martin Ha\u010deck\u00fd: Kolo vn\u00edm\u00e1m jako prost\u0159edek k\u00a0rozd\u00e1v\u00e1n\u00ed \u017eivotn\u00ed motivace\" \/>\n<meta property=\"og:description\" content=\"Zdravotn\u00ed trable poznamenaly jeho kari\u00e9ru. A to z\u00e1sadn\u011b. V\u017edy\u0165 n\u011bkte\u0159\u00ed jeho b\u00fdval\u00ed par\u0165\u00e1ci je\u0161t\u011b st\u00e1le z\u00e1vod\u00ed mezi elitou. Martin Ha\u010deck\u00fd musel profesion\u00e1ln\u00ed peloton nedobrovoln\u011b opustit u\u017e p\u0159ed \u0161esti lety. V\u00a0p\u011btat\u0159iceti letech jsou jeho pracovn\u00ed n\u00e1pln\u00ed komentov\u00e1n\u00ed a charitativn\u00ed cyklistick\u00e9 projekty. \u201eBeru to jako odm\u011bnu, \u017ee jsem se na kole n\u011bco nau\u010dil,\u201c \u0159\u00edk\u00e1 b\u00fdval\u00fd cyklistick\u00fd z\u00e1vodn\u00edk, kter\u00fd v\u00a0pr\u016fb\u011bhu \u00fanora komentoval cyklistick\u00fd skupinov\u00fd tr\u00e9nink L&#039;Etape Czech Republic by Tour de France na platform\u011b Rouvy.\" \/>\n<meta property=\"og:url\" content=\"https:\/\/www.welovecycling.com\/cs\/2024\/02\/22\/martin-hacecky-kolo-vnimam-jako-prostredek-k-rozdavani-zivotni-motivace\/\" \/>\n<meta property=\"og:site_name\" content=\"\u0160koda We Love Cycling - \u010cesk\u00e1 republika\" \/>\n<meta property=\"article:published_time\" content=\"2024-02-22T02:00:34+00:00\" \/>\n<meta property=\"article:modified_time\" content=\"2024-02-22T13:30:33+00:00\" \/>\n<meta property=\"og:image\" content=\"https:\/\/d2p6e6u75xmxt8.cloudfront.net\/13\/2024\/02\/hacecky-martin-4.webp\" \/>\n\t<meta property=\"og:image:width\" content=\"1600\" \/>\n\t<meta property=\"og:image:height\" content=\"1066\" \/>\n\t<meta property=\"og:image:type\" content=\"image\/webp\" \/>\n<meta name=\"author\" content=\"radekmalina\" \/>\n<meta name=\"twitter:card\" content=\"summary_large_image\" \/>\n<meta name=\"twitter:label1\" content=\"Written by\" \/>\n\t<meta name=\"twitter:data1\" content=\"We Love Cycling\" \/>\n\t<meta name=\"twitter:label2\" content=\"Est. reading time\" \/>\n\t<meta name=\"twitter:data2\" content=\"6\" \/>\n<script type=\"application\/ld+json\" class=\"yoast-schema-graph\">{\"@context\":\"https:\/\/schema.org\",\"@graph\":[{\"@type\":\"WebPage\",\"@id\":\"https:\/\/www.welovecycling.com\/cs\/2024\/02\/22\/martin-hacecky-kolo-vnimam-jako-prostredek-k-rozdavani-zivotni-motivace\/\",\"url\":\"https:\/\/www.welovecycling.com\/cs\/2024\/02\/22\/martin-hacecky-kolo-vnimam-jako-prostredek-k-rozdavani-zivotni-motivace\/\",\"name\":\"Martin Ha\u010deck\u00fd: Kolo vn\u00edm\u00e1m jako prost\u0159edek k\u00a0rozd\u00e1v\u00e1n\u00ed \u017eivotn\u00ed motivace | \u0160koda We Love Cycling - \u010cesk\u00e1 republika\",\"isPartOf\":{\"@id\":\"https:\/\/www.welovecycling.com\/cs\/#website\"},\"primaryImageOfPage\":{\"@id\":\"https:\/\/www.welovecycling.com\/cs\/2024\/02\/22\/martin-hacecky-kolo-vnimam-jako-prostredek-k-rozdavani-zivotni-motivace\/#primaryimage\"},\"image\":{\"@id\":\"https:\/\/www.welovecycling.com\/cs\/2024\/02\/22\/martin-hacecky-kolo-vnimam-jako-prostredek-k-rozdavani-zivotni-motivace\/#primaryimage\"},\"thumbnailUrl\":\"https:\/\/d2p6e6u75xmxt8.cloudfront.net\/13\/2024\/02\/hacecky-martin-4.webp\",\"datePublished\":\"2024-02-22T02:00:34+00:00\",\"dateModified\":\"2024-02-22T13:30:33+00:00\",\"author\":{\"@id\":\"https:\/\/www.welovecycling.com\/cs\/#\/schema\/person\/d9eeb0a378f3a7e4a6d12d2b536b04b8\"},\"description\":\"Zdravotn\u00ed trable poznamenaly jeho kari\u00e9ru. A to z\u00e1sadn\u011b. V\u017edy\u0165 n\u011bkte\u0159\u00ed jeho b\u00fdval\u00ed par\u0165\u00e1ci je\u0161t\u011b st\u00e1le z\u00e1vod\u00ed mezi elitou. Martin Ha\u010deck\u00fd musel profesion\u00e1ln\u00ed peloton nedobrovoln\u011b opustit u\u017e p\u0159ed \u0161esti lety. V\u00a0p\u011btat\u0159iceti letech jsou jeho pracovn\u00ed n\u00e1pln\u00ed komentov\u00e1n\u00ed a charitativn\u00ed cyklistick\u00e9 projekty. \u201eBeru to jako odm\u011bnu, \u017ee jsem se na kole n\u011bco nau\u010dil,\u201c \u0159\u00edk\u00e1 b\u00fdval\u00fd cyklistick\u00fd z\u00e1vodn\u00edk, kter\u00fd v\u00a0pr\u016fb\u011bhu \u00fanora komentoval cyklistick\u00fd skupinov\u00fd tr\u00e9nink L'Etape Czech Republic by Tour de France na platform\u011b Rouvy.\",\"inLanguage\":\"cs\",\"potentialAction\":[{\"@type\":\"ReadAction\",\"target\":[\"https:\/\/www.welovecycling.com\/cs\/2024\/02\/22\/martin-hacecky-kolo-vnimam-jako-prostredek-k-rozdavani-zivotni-motivace\/\"]}]},{\"@type\":\"ImageObject\",\"inLanguage\":\"cs\",\"@id\":\"https:\/\/www.welovecycling.com\/cs\/2024\/02\/22\/martin-hacecky-kolo-vnimam-jako-prostredek-k-rozdavani-zivotni-motivace\/#primaryimage\",\"url\":\"https:\/\/d2p6e6u75xmxt8.cloudfront.net\/13\/2024\/02\/hacecky-martin-4.webp\",\"contentUrl\":\"https:\/\/d2p6e6u75xmxt8.cloudfront.net\/13\/2024\/02\/hacecky-martin-4.webp\",\"width\":1600,\"height\":1066,\"caption\":\"Martin Ha\u010deck\u00fd\"},{\"@type\":\"WebSite\",\"@id\":\"https:\/\/www.welovecycling.com\/cs\/#website\",\"url\":\"https:\/\/www.welovecycling.com\/cs\/\",\"name\":\"\u0160koda We Love Cycling - \u010cesk\u00e1 republika\",\"description\":\"WeLoveCycling.cz je online magaz\u00edn, kter\u00fd v\u00e1m pravideln\u011b p\u0159in\u00e1\u0161\u00ed rady a tipy, zaj\u00edmav\u00e9 \u010dl\u00e1nky, videa a jedine\u010dn\u00e9 report\u00e1\u017ee ze sv\u011bta cyklistiky.\",\"potentialAction\":[{\"@type\":\"SearchAction\",\"target\":{\"@type\":\"EntryPoint\",\"urlTemplate\":\"https:\/\/www.welovecycling.com\/cs\/?s={search_term_string}\"},\"query-input\":{\"@type\":\"PropertyValueSpecification\",\"valueRequired\":true,\"valueName\":\"search_term_string\"}}],\"inLanguage\":\"cs\"},{\"@type\":\"Person\",\"@id\":\"https:\/\/www.welovecycling.com\/cs\/#\/schema\/person\/d9eeb0a378f3a7e4a6d12d2b536b04b8\",\"name\":\"radekmalina\",\"image\":{\"@type\":\"ImageObject\",\"inLanguage\":\"cs\",\"@id\":\"https:\/\/www.welovecycling.com\/cs\/#\/schema\/person\/image\/\",\"url\":\"https:\/\/secure.gravatar.com\/avatar\/66994b632cb8c39a46b9f54afa3ae07201b678d32a54275b6f1c9ffec356bfc0?s=96&d=mm&r=g\",\"contentUrl\":\"https:\/\/secure.gravatar.com\/avatar\/66994b632cb8c39a46b9f54afa3ae07201b678d32a54275b6f1c9ffec356bfc0?s=96&d=mm&r=g\",\"caption\":\"radekmalina\"},\"url\":\"https:\/\/www.welovecycling.com\/cs\/author\/radekmalina\/\"}]}<\/script>\n<!-- \/ Yoast SEO Premium plugin. -->","yoast_head_json":{"title":"Martin Ha\u010deck\u00fd: Kolo vn\u00edm\u00e1m jako prost\u0159edek k\u00a0rozd\u00e1v\u00e1n\u00ed \u017eivotn\u00ed motivace | \u0160koda We Love Cycling - \u010cesk\u00e1 republika","description":"Zdravotn\u00ed trable poznamenaly jeho kari\u00e9ru. A to z\u00e1sadn\u011b. V\u017edy\u0165 n\u011bkte\u0159\u00ed jeho b\u00fdval\u00ed par\u0165\u00e1ci je\u0161t\u011b st\u00e1le z\u00e1vod\u00ed mezi elitou. Martin Ha\u010deck\u00fd musel profesion\u00e1ln\u00ed peloton nedobrovoln\u011b opustit u\u017e p\u0159ed \u0161esti lety. V\u00a0p\u011btat\u0159iceti letech jsou jeho pracovn\u00ed n\u00e1pln\u00ed komentov\u00e1n\u00ed a charitativn\u00ed cyklistick\u00e9 projekty. \u201eBeru to jako odm\u011bnu, \u017ee jsem se na kole n\u011bco nau\u010dil,\u201c \u0159\u00edk\u00e1 b\u00fdval\u00fd cyklistick\u00fd z\u00e1vodn\u00edk, kter\u00fd v\u00a0pr\u016fb\u011bhu \u00fanora komentoval cyklistick\u00fd skupinov\u00fd tr\u00e9nink L'Etape Czech Republic by Tour de France na platform\u011b Rouvy.","robots":{"index":"index","follow":"follow","max-snippet":"max-snippet:-1","max-image-preview":"max-image-preview:large","max-video-preview":"max-video-preview:-1"},"canonical":"https:\/\/www.welovecycling.com\/cs\/2024\/02\/22\/martin-hacecky-kolo-vnimam-jako-prostredek-k-rozdavani-zivotni-motivace\/","og_locale":"cs_CZ","og_type":"article","og_title":"Martin Ha\u010deck\u00fd: Kolo vn\u00edm\u00e1m jako prost\u0159edek k\u00a0rozd\u00e1v\u00e1n\u00ed \u017eivotn\u00ed motivace","og_description":"Zdravotn\u00ed trable poznamenaly jeho kari\u00e9ru. A to z\u00e1sadn\u011b. V\u017edy\u0165 n\u011bkte\u0159\u00ed jeho b\u00fdval\u00ed par\u0165\u00e1ci je\u0161t\u011b st\u00e1le z\u00e1vod\u00ed mezi elitou. Martin Ha\u010deck\u00fd musel profesion\u00e1ln\u00ed peloton nedobrovoln\u011b opustit u\u017e p\u0159ed \u0161esti lety. V\u00a0p\u011btat\u0159iceti letech jsou jeho pracovn\u00ed n\u00e1pln\u00ed komentov\u00e1n\u00ed a charitativn\u00ed cyklistick\u00e9 projekty. \u201eBeru to jako odm\u011bnu, \u017ee jsem se na kole n\u011bco nau\u010dil,\u201c \u0159\u00edk\u00e1 b\u00fdval\u00fd cyklistick\u00fd z\u00e1vodn\u00edk, kter\u00fd v\u00a0pr\u016fb\u011bhu \u00fanora komentoval cyklistick\u00fd skupinov\u00fd tr\u00e9nink L'Etape Czech Republic by Tour de France na platform\u011b Rouvy.","og_url":"https:\/\/www.welovecycling.com\/cs\/2024\/02\/22\/martin-hacecky-kolo-vnimam-jako-prostredek-k-rozdavani-zivotni-motivace\/","og_site_name":"\u0160koda We Love Cycling - \u010cesk\u00e1 republika","article_published_time":"2024-02-22T02:00:34+00:00","article_modified_time":"2024-02-22T13:30:33+00:00","og_image":[{"width":1600,"height":1066,"url":"https:\/\/d2p6e6u75xmxt8.cloudfront.net\/13\/2024\/02\/hacecky-martin-4.webp","type":"image\/webp"}],"author":"radekmalina","twitter_card":"summary_large_image","twitter_misc":{"Written by":"We Love Cycling","Est. reading time":"6"},"schema":{"@context":"https:\/\/schema.org","@graph":[{"@type":"WebPage","@id":"https:\/\/www.welovecycling.com\/cs\/2024\/02\/22\/martin-hacecky-kolo-vnimam-jako-prostredek-k-rozdavani-zivotni-motivace\/","url":"https:\/\/www.welovecycling.com\/cs\/2024\/02\/22\/martin-hacecky-kolo-vnimam-jako-prostredek-k-rozdavani-zivotni-motivace\/","name":"Martin Ha\u010deck\u00fd: Kolo vn\u00edm\u00e1m jako prost\u0159edek k\u00a0rozd\u00e1v\u00e1n\u00ed \u017eivotn\u00ed motivace | \u0160koda We Love Cycling - \u010cesk\u00e1 republika","isPartOf":{"@id":"https:\/\/www.welovecycling.com\/cs\/#website"},"primaryImageOfPage":{"@id":"https:\/\/www.welovecycling.com\/cs\/2024\/02\/22\/martin-hacecky-kolo-vnimam-jako-prostredek-k-rozdavani-zivotni-motivace\/#primaryimage"},"image":{"@id":"https:\/\/www.welovecycling.com\/cs\/2024\/02\/22\/martin-hacecky-kolo-vnimam-jako-prostredek-k-rozdavani-zivotni-motivace\/#primaryimage"},"thumbnailUrl":"https:\/\/d2p6e6u75xmxt8.cloudfront.net\/13\/2024\/02\/hacecky-martin-4.webp","datePublished":"2024-02-22T02:00:34+00:00","dateModified":"2024-02-22T13:30:33+00:00","author":{"@id":"https:\/\/www.welovecycling.com\/cs\/#\/schema\/person\/d9eeb0a378f3a7e4a6d12d2b536b04b8"},"description":"Zdravotn\u00ed trable poznamenaly jeho kari\u00e9ru. A to z\u00e1sadn\u011b. V\u017edy\u0165 n\u011bkte\u0159\u00ed jeho b\u00fdval\u00ed par\u0165\u00e1ci je\u0161t\u011b st\u00e1le z\u00e1vod\u00ed mezi elitou. Martin Ha\u010deck\u00fd musel profesion\u00e1ln\u00ed peloton nedobrovoln\u011b opustit u\u017e p\u0159ed \u0161esti lety. V\u00a0p\u011btat\u0159iceti letech jsou jeho pracovn\u00ed n\u00e1pln\u00ed komentov\u00e1n\u00ed a charitativn\u00ed cyklistick\u00e9 projekty. \u201eBeru to jako odm\u011bnu, \u017ee jsem se na kole n\u011bco nau\u010dil,\u201c \u0159\u00edk\u00e1 b\u00fdval\u00fd cyklistick\u00fd z\u00e1vodn\u00edk, kter\u00fd v\u00a0pr\u016fb\u011bhu \u00fanora komentoval cyklistick\u00fd skupinov\u00fd tr\u00e9nink L'Etape Czech Republic by Tour de France na platform\u011b Rouvy.","inLanguage":"cs","potentialAction":[{"@type":"ReadAction","target":["https:\/\/www.welovecycling.com\/cs\/2024\/02\/22\/martin-hacecky-kolo-vnimam-jako-prostredek-k-rozdavani-zivotni-motivace\/"]}]},{"@type":"ImageObject","inLanguage":"cs","@id":"https:\/\/www.welovecycling.com\/cs\/2024\/02\/22\/martin-hacecky-kolo-vnimam-jako-prostredek-k-rozdavani-zivotni-motivace\/#primaryimage","url":"https:\/\/d2p6e6u75xmxt8.cloudfront.net\/13\/2024\/02\/hacecky-martin-4.webp","contentUrl":"https:\/\/d2p6e6u75xmxt8.cloudfront.net\/13\/2024\/02\/hacecky-martin-4.webp","width":1600,"height":1066,"caption":"Martin Ha\u010deck\u00fd"},{"@type":"WebSite","@id":"https:\/\/www.welovecycling.com\/cs\/#website","url":"https:\/\/www.welovecycling.com\/cs\/","name":"\u0160koda We Love Cycling - \u010cesk\u00e1 republika","description":"WeLoveCycling.cz je online magaz\u00edn, kter\u00fd v\u00e1m pravideln\u011b p\u0159in\u00e1\u0161\u00ed rady a tipy, zaj\u00edmav\u00e9 \u010dl\u00e1nky, videa a jedine\u010dn\u00e9 report\u00e1\u017ee ze sv\u011bta cyklistiky.","potentialAction":[{"@type":"SearchAction","target":{"@type":"EntryPoint","urlTemplate":"https:\/\/www.welovecycling.com\/cs\/?s={search_term_string}"},"query-input":{"@type":"PropertyValueSpecification","valueRequired":true,"valueName":"search_term_string"}}],"inLanguage":"cs"},{"@type":"Person","@id":"https:\/\/www.welovecycling.com\/cs\/#\/schema\/person\/d9eeb0a378f3a7e4a6d12d2b536b04b8","name":"radekmalina","image":{"@type":"ImageObject","inLanguage":"cs","@id":"https:\/\/www.welovecycling.com\/cs\/#\/schema\/person\/image\/","url":"https:\/\/secure.gravatar.com\/avatar\/66994b632cb8c39a46b9f54afa3ae07201b678d32a54275b6f1c9ffec356bfc0?s=96&d=mm&r=g","contentUrl":"https:\/\/secure.gravatar.com\/avatar\/66994b632cb8c39a46b9f54afa3ae07201b678d32a54275b6f1c9ffec356bfc0?s=96&d=mm&r=g","caption":"radekmalina"},"url":"https:\/\/www.welovecycling.com\/cs\/author\/radekmalina\/"}]}},"_links":{"self":[{"href":"https:\/\/www.welovecycling.com\/cs\/wp-json\/wp\/v2\/posts\/24886","targetHints":{"allow":["GET"]}}],"collection":[{"href":"https:\/\/www.welovecycling.com\/cs\/wp-json\/wp\/v2\/posts"}],"about":[{"href":"https:\/\/www.welovecycling.com\/cs\/wp-json\/wp\/v2\/types\/post"}],"author":[{"embeddable":true,"href":"https:\/\/www.welovecycling.com\/cs\/wp-json\/wp\/v2\/users\/138"}],"replies":[{"embeddable":true,"href":"https:\/\/www.welovecycling.com\/cs\/wp-json\/wp\/v2\/comments?post=24886"}],"version-history":[{"count":9,"href":"https:\/\/www.welovecycling.com\/cs\/wp-json\/wp\/v2\/posts\/24886\/revisions"}],"predecessor-version":[{"id":24904,"href":"https:\/\/www.welovecycling.com\/cs\/wp-json\/wp\/v2\/posts\/24886\/revisions\/24904"}],"wp:featuredmedia":[{"embeddable":true,"href":"https:\/\/www.welovecycling.com\/cs\/wp-json\/wp\/v2\/media\/24891"}],"wp:attachment":[{"href":"https:\/\/www.welovecycling.com\/cs\/wp-json\/wp\/v2\/media?parent=24886"}],"wp:term":[{"taxonomy":"category","embeddable":true,"href":"https:\/\/www.welovecycling.com\/cs\/wp-json\/wp\/v2\/categories?post=24886"},{"taxonomy":"post_tag","embeddable":true,"href":"https:\/\/www.welovecycling.com\/cs\/wp-json\/wp\/v2\/tags?post=24886"},{"taxonomy":"global-categories","embeddable":true,"href":"https:\/\/www.welovecycling.com\/cs\/wp-json\/wp\/v2\/global-categories?post=24886"}],"curies":[{"name":"wp","href":"https:\/\/api.w.org\/{rel}","templated":true}]}}