{"id":24865,"date":"2024-02-19T13:01:49","date_gmt":"2024-02-19T11:01:49","guid":{"rendered":"https:\/\/www.welovecycling.com\/cs\/?p=24865"},"modified":"2024-02-19T13:04:47","modified_gmt":"2024-02-19T11:04:47","slug":"bike-je-pro-me-priroda-a-energie-rika-olympijska-medailistka-a-svetova-sampionka","status":"publish","type":"post","link":"https:\/\/www.welovecycling.com\/cs\/2024\/02\/19\/bike-je-pro-me-priroda-a-energie-rika-olympijska-medailistka-a-svetova-sampionka\/","title":{"rendered":"Bike je pro m\u011b p\u0159\u00edroda a energie, \u0159\u00edk\u00e1 olympijsk\u00e1 medailistka a sv\u011btov\u00e1 \u0161ampionka"},"content":{"rendered":"<p><strong>T\u0159ikr\u00e1t slavila medaili na olympijsk\u00fdch hr\u00e1ch, \u0161estkr\u00e1t na mistrovstv\u00ed, p\u0159i\u010dem\u017e dvakr\u00e1t zlatou. V pozad\u00ed velk\u00fdch \u00fasp\u011bch\u016f byla cyklistika. Stovky hodin v sedle kola jako z\u00e1klad v\u00fdjime\u010dn\u00fdch \u00fasp\u011bch\u016f, d\u00edky nim\u017e se Gabriela Soukalov\u00e1 stala \u010dlenkou biatlonov\u00e9 S\u00edn\u011b sl\u00e1vy. \u201eKolo je po\u0159\u00e1d sou\u010d\u00e1st\u00ed m\u00e9ho \u017eivota, jen jsem silni\u010dku vym\u011bnila za horsk\u00e9,\u201c vypravuje v rozhovoru pro We Love Cycling.<\/strong><\/p>\n<h2><strong>U\u017e sedm let jste mimo profesion\u00e1ln\u00ed sport, p\u0159esto se po\u0159\u00e1d udr\u017eujete ve skv\u011bl\u00e9 kondici. Co je zaru\u010den\u00fdm receptem na formu i po kari\u00e9\u0159e?<\/strong><\/h2>\n<p>D\u011bl\u00e1m si sportovn\u00ed \u017eivot hodn\u011b pestr\u00fd. M\u00e1m r\u00e1da kolo, b\u011bh, tenis, zamilovala jsem si skialpy\u2026 Bav\u00ed m\u011b spousta sport\u016f, na kter\u00e9 b\u011bhem kari\u00e9ry nebylo pomy\u0161len\u00ed. V\u00edce ne\u017e dv\u011b des\u00edtky let na nejvy\u0161\u0161\u00ed \u00farovni se v\u0161ak podepsalo na m\u00e9m zdrav\u00ed. Klouby a achillovky za\u010dnou protestovat, pokud b\u011b\u017e\u00edm p\u0159es p\u011bta\u010dty\u0159icet minut. Tak\u017ee d\u011bl\u00e1m j\u00f3gu nebo pilates, a pak se jdu prob\u011bhnout jenom na dvacet nebo maxim\u00e1ln\u011b t\u0159icet minut. Hodn\u011b m\u011b pohltil tenis. Je to \u00fa\u017easn\u00fd sport. Akor\u00e1t p\u0159ed ka\u017edou cestou na kurt mus\u00edm pou\u017e\u00edt na t\u011blo hodn\u011b tejpovac\u00ed p\u00e1sky a tak\u00e9 si beru ort\u00e9zy\u2026<\/p>\n<h2><strong>Kolik prostoru zb\u00fdv\u00e1 na kolo? Neznechutilo se v\u00e1m b\u011bhem letn\u00edch p\u0159\u00edprav p\u0159i aktivn\u00ed kari\u00e9\u0159e v biatlonu?<\/strong><\/h2>\n<p>Cyklistika je po\u0159\u00e1d sou\u010d\u00e1st\u00ed m\u00e9ho \u017eivota. Akor\u00e1t mi na ni nezb\u00fdv\u00e1 tolik \u010dasu, kolik bych si p\u0159\u00e1la. Sna\u017e\u00edm se vyrazit, pokud vy\u0161et\u0159\u00edm voln\u00e9 odpoledne. Nejrad\u0161i m\u00e1m vyj\u00ed\u017e\u010fky dlouh\u00e9 t\u0159i \u010dty\u0159i hodiny. Ale na ty nen\u00ed tolik prostoru.<\/p>\n<figure id=\"attachment_24869\" aria-describedby=\"caption-attachment-24869\" style=\"width: 1109px\" class=\"wp-caption alignnone\"><a href=\"https:\/\/d2p6e6u75xmxt8.cloudfront.net\/13\/2024\/02\/soukalova-5.webp\"><img loading=\"lazy\" decoding=\"async\" class=\"size-full wp-image-24869\" src=\"https:\/\/d2p6e6u75xmxt8.cloudfront.net\/13\/2024\/02\/soukalova-5.webp\" alt=\"Gabriela Soukalov\u00e1\" width=\"1109\" height=\"1478\" srcset=\"https:\/\/d2p6e6u75xmxt8.cloudfront.net\/13\/2024\/02\/soukalova-5.webp 1109w, https:\/\/d2p6e6u75xmxt8.cloudfront.net\/13\/2024\/02\/soukalova-5-225x300.webp 225w, https:\/\/d2p6e6u75xmxt8.cloudfront.net\/13\/2024\/02\/soukalova-5-768x1024.webp 768w, https:\/\/d2p6e6u75xmxt8.cloudfront.net\/13\/2024\/02\/soukalova-5-300x400.webp 300w\" sizes=\"auto, (max-width: 1109px) 100vw, 1109px\" \/><\/a><figcaption id=\"caption-attachment-24869\" class=\"wp-caption-text\"><em>Gabriela Soukalov\u00e1 vn\u00edm\u00e1 po aktivn\u00ed kari\u00e9\u0159e cyklistiku jako zdroj odpo\u010dinku a z\u00e1bavy. Foto: kellys<\/em><\/figcaption><\/figure>\n<h2><strong>Z\u016fstala jste v\u011brn\u00e1 silni\u010dn\u00edmu kolu, na n\u011bm\u017e jste b\u011bhem kari\u00e9ry naj\u00ed\u017ed\u011bla kilometry v\u00a0r\u00e1mci letn\u00edch tr\u00e9nink\u016f?<\/strong><\/h2>\n<p>Je fakt, \u017ee na silni\u010dce jsem jezdila hodn\u011b. Ale te\u010f u\u017e ji pou\u017e\u00edv\u00e1m jenom m\u00e1lo. Nav\u00edc se mi nechce mezi auta na silnici. Chci si u\u017e\u00edvat p\u0159\u00edrodu a samotu. Bydl\u00edme v bl\u00edzkosti Brd a Berounky, proto pravideln\u011b m\u00ed\u0159\u00edm v sedle kola do lesa. Poch\u00e1z\u00edm z Jablonce v Jizersk\u00fdch hor\u00e1ch, kde m\u00e1me domek v Bed\u0159ichov\u011b. Jen\u017ee tam potk\u00e1v\u00e1m obrovsk\u00e9 mno\u017estv\u00ed turist\u016f a sportuj\u00edc\u00edch lid\u00ed. Tak\u017ee se sna\u017e\u00edm vyb\u00edrat cesty, kterou jsou mimo hlavn\u00ed trasy a neproud\u00ed po nich velk\u00e9 mno\u017estv\u00ed n\u00e1v\u0161t\u011bvn\u00edk\u016f. R\u00e1da jezd\u00edm lesy z Bed\u0159ichova sm\u011brem na Jablonec a Liberec. V Brdech je naopak naprost\u00fd klid. \u010cerp\u00e1m tam energii a c\u00edt\u00edm se svobodn\u00e1.<\/p>\n<div class=\"shortcode-ys-post-pinup\"><article class=\"loop-simple post-24842 post type-post status-publish format-standard has-post-thumbnail hentry category-silnicni-cyklistika category-https-www-welovecycling-com-cs-category-zabava tag-brzdove-paky tag-cyklisticka-pravidla tag-cyklistika tag-horska-cyklistika tag-nova-pravidla tag-ponozky tag-pravidla tag-riditka tag-silnicni-cyklistika global-categories-cycling\" data-postid=\"24842\" role=\"article\" data-post-id=\"24842\" data-word-count=\"654\" data-headline-length=\"70\" data-category=\"Silni\u010dn\u00ed cyklistika\" data-global-category=\"Cycling\" data-author=\"We Love Cycling\" data-published=\"2024-02-16T11:04:07+02:00\" data-published-day=\"Friday\">\n    <div class=\"entry-thumbnail article-thumbnail\" content=\"https:\/\/d2p6e6u75xmxt8.cloudfront.net\/13\/2024\/02\/ponozky-150x150.webp\"><a href=\"https:\/\/www.welovecycling.com\/cs\/2024\/02\/16\/nove-pravidla-za-ponozky-53-tisic-pakove-brzdy-ohrozujici-zdravi-ci-diskvalifikace-za-jizdu-bez-prilby\/\" class=\"image-holder\" target=\"_self\"><img decoding=\"async\" loading=\"lazy\" class=\"\" src=\"https:\/\/d2p6e6u75xmxt8.cloudfront.net\/13\/2024\/02\/ponozky-1024x682.webp\" srcset=\"https:\/\/d2p6e6u75xmxt8.cloudfront.net\/13\/2024\/02\/ponozky.webp 2000w, https:\/\/d2p6e6u75xmxt8.cloudfront.net\/13\/2024\/02\/ponozky-300x200.webp 300w, https:\/\/d2p6e6u75xmxt8.cloudfront.net\/13\/2024\/02\/ponozky-1024x682.webp 1024w, https:\/\/d2p6e6u75xmxt8.cloudfront.net\/13\/2024\/02\/ponozky-768x512.webp 768w, https:\/\/d2p6e6u75xmxt8.cloudfront.net\/13\/2024\/02\/ponozky-1536x1024.webp 1536w, https:\/\/d2p6e6u75xmxt8.cloudfront.net\/13\/2024\/02\/ponozky-1920x1280.webp 1920w, https:\/\/d2p6e6u75xmxt8.cloudfront.net\/13\/2024\/02\/ponozky-400x267.webp 400w, https:\/\/d2p6e6u75xmxt8.cloudfront.net\/13\/2024\/02\/ponozky-272x182.webp 272w, https:\/\/d2p6e6u75xmxt8.cloudfront.net\/13\/2024\/02\/ponozky-1920x1280.webp 1920w\" width=\"1024\" height=\"682\" sizes=\"auto, (min-width: 1200px) 300px, (min-width: 768px) 25vw, 100vw\" alt=\"nove-pravidla-za-ponozky-53-tisic-pakove-brzdy-ohrozujici-zdravi-ci-diskvalifikace-za-jizdu-bez-prilby\"\/><\/a><\/div>    <div class=\"entry-meta\">\n        <a class=\"label label-secondary post-category\" href=\"https:\/\/www.welovecycling.com\/cs\/category\/silnicni-cyklistika\/\" title=\"Silni\u010dn\u00ed cyklistika\">Silni\u010dn\u00ed cyklistika<\/a>\n    <\/div>\n    <div class=\"entry-details\">\n        <a href=\"https:\/\/www.welovecycling.com\/cs\/2024\/02\/16\/nove-pravidla-za-ponozky-53-tisic-pakove-brzdy-ohrozujici-zdravi-ci-diskvalifikace-za-jizdu-bez-prilby\/\" class='entry-title-wrapper'>\n            <h3 class=\"entry-title\"><span>Fusekle za 53 tis\u00edc, vyhazov za p\u0159ilbu aneb kdy\u017e cyklistika trest\u00e1<\/span><\/h3>\n        <\/a>\n    <\/div>\n    <\/article>\n<\/div>\n<h2><strong>\u0158e\u0161\u00ed Gabriela Soukalov\u00e1 na kole je\u0161t\u011b v\u00fdkon? Nebo u\u017e jsou hodiny v sedle pouze prost\u0159edkem k du\u0161evn\u00edmu odpo\u010dinku?<\/strong><\/h2>\n<p>V\u0161echny \u00fadaje o wattech, kadenci \u010di tepov\u00e9 frekvenci jsem musela hl\u00eddat b\u011bhem biatlonov\u00e9 kari\u00e9ry. Tak\u017ee te\u010f m\u00e1m opa\u010dn\u00fd p\u0159\u00edstup. Jezd\u00edm na kole pro radost a v\u016fbec ne\u0159e\u0161\u00edm, jak\u00e1 je moje rychlost, kolik jsem ujela a u\u017e v\u016fbec ne m\u016fj v\u00fdkon.<\/p>\n<p><a href=\"https:\/\/www.instagram.com\/p\/C3a-q7UsXVk\/?hl=cs\">https:\/\/www.instagram.com\/p\/C3a-q7UsXVk\/?hl=cs<\/a><\/p>\n<h2><strong>Tak\u017ee u\u017e v hlav\u011b nenos\u00edte \u017e\u00e1dn\u00e9 velk\u00e9 cyklistick\u00e9 ambice kup\u0159\u00edkladu v podob\u011b zdol\u00e1n\u00ed slavn\u00fdch pr\u016fsmyk\u016f?<\/strong><\/h2>\n<p>T\u0159eba na Stelvio jsem vyjela mnohokr\u00e1t. Na kole i na kole\u010dkov\u00fdch ly\u017e\u00edch z\u00a0obou stran. Hodn\u011b r\u00e1da m\u00e1m trasy kolem italsk\u00e9ho Bormia. Je tam spousta c\u00edl\u016f, p\u0159i jejich\u017e zdol\u00e1v\u00e1n\u00ed si \u010dlov\u011bk chv\u00edlemi p\u011bkn\u011b hr\u00e1bne. Naposledy jsem se takhle otestovala p\u0159i zdol\u00e1v\u00e1n\u00ed Passo Gavia.<\/p>\n<div class=\"shortcode-ys-post-pinup\"><article class=\"loop-simple post-24837 post type-post status-publish format-standard has-post-thumbnail hentry category-zdravi-a-trenink tag-cyklistika tag-horska-cyklistika tag-motivace tag-motivace-na-trenazeru tag-motivace-v-cyklistice tag-silnicni-cyklistika tag-trenink tag-trenink-na-trenazeru tag-zdravi-a-trenink global-categories-cycling\" data-postid=\"24837\" role=\"article\" data-post-id=\"24837\" data-word-count=\"680\" data-headline-length=\"92\" data-category=\"Zdrav\u00ed a tr\u00e9nink\" data-global-category=\"Cycling\" data-author=\"We Love Cycling\" data-published=\"2024-02-14T19:36:35+02:00\" data-published-day=\"Wednesday\">\n    <div class=\"entry-thumbnail article-thumbnail\" content=\"https:\/\/d2p6e6u75xmxt8.cloudfront.net\/13\/2021\/11\/trenazer-aplikace-zwift-cerveny-150x150.webp\"><a href=\"https:\/\/www.welovecycling.com\/cs\/2024\/02\/14\/motivace-na-trenazeru-rozbijte-stereotyp-budte-sebevedomi-hrdi-a-poslouchejte-hudbu\/\" class=\"image-holder\" target=\"_self\"><img decoding=\"async\" loading=\"lazy\" class=\"\" src=\"https:\/\/d2p6e6u75xmxt8.cloudfront.net\/13\/2021\/11\/trenazer-aplikace-zwift-cerveny-1024x683.webp\" srcset=\"https:\/\/d2p6e6u75xmxt8.cloudfront.net\/13\/2021\/11\/trenazer-aplikace-zwift-cerveny.webp 1600w, https:\/\/d2p6e6u75xmxt8.cloudfront.net\/13\/2021\/11\/trenazer-aplikace-zwift-cerveny-300x200.webp 300w, https:\/\/d2p6e6u75xmxt8.cloudfront.net\/13\/2021\/11\/trenazer-aplikace-zwift-cerveny-1024x683.webp 1024w, https:\/\/d2p6e6u75xmxt8.cloudfront.net\/13\/2021\/11\/trenazer-aplikace-zwift-cerveny-768x512.webp 768w, https:\/\/d2p6e6u75xmxt8.cloudfront.net\/13\/2021\/11\/trenazer-aplikace-zwift-cerveny-1536x1024.webp 1536w, https:\/\/d2p6e6u75xmxt8.cloudfront.net\/13\/2021\/11\/trenazer-aplikace-zwift-cerveny-272x182.webp 272w\" width=\"1024\" height=\"683\" sizes=\"auto, (min-width: 1200px) 300px, (min-width: 768px) 25vw, 100vw\" alt=\"motivace-na-trenazeru-rozbijte-stereotyp-budte-sebevedomi-hrdi-a-poslouchejte-hudbu\"\/><\/a><\/div>    <div class=\"entry-meta\">\n        <a class=\"label label-secondary post-category\" href=\"https:\/\/www.welovecycling.com\/cs\/category\/zdravi-a-trenink\/\" title=\"Zdrav\u00ed a tr\u00e9nink\">Zdrav\u00ed a tr\u00e9nink<\/a>\n    <\/div>\n    <div class=\"entry-details\">\n        <a href=\"https:\/\/www.welovecycling.com\/cs\/2024\/02\/14\/motivace-na-trenazeru-rozbijte-stereotyp-budte-sebevedomi-hrdi-a-poslouchejte-hudbu\/\" class='entry-title-wrapper'>\n            <h3 class=\"entry-title\"><span>Motivace na trena\u017e\u00e9ru? Rozbijte stereotyp, bu\u010fte sebev\u011bdom\u00ed, hrd\u00ed a poslouchejte hudbu<\/span><\/h3>\n        <\/a>\n    <\/div>\n    <\/article>\n<\/div>\n<h2><strong>M\u00e1te tendenci si je\u0161t\u011b n\u011bkdy pomysln\u011b zaz\u00e1vodit, a\u0165 u\u017e na kole nebo pokud t\u0159eba vyraz\u00edte <a href=\"https:\/\/www.welovecycling.com\/cs\/2021\/03\/07\/maratonkyne-marcela-joglova-kolo-a-beh-se-doplnuji\/\">b\u011bhat<\/a>?<\/strong><\/h2>\n<p>V\u016fbec ne. T\u011b\u0161\u00ed m\u011b, \u017ee se nemus\u00edm s\u00a0nik\u00fdm nah\u00e1n\u011bt. A pokud jsem t\u0159eba v\u00a0zim\u011b na b\u011b\u017ek\u00e1ch, tak lidem s\u00a0radost\u00ed dop\u0159eju mo\u017enost p\u0159edjet G\u00e1binu Soukalovou.<\/p>\n<figure id=\"attachment_24867\" aria-describedby=\"caption-attachment-24867\" style=\"width: 1109px\" class=\"wp-caption alignnone\"><a href=\"https:\/\/d2p6e6u75xmxt8.cloudfront.net\/13\/2024\/02\/soukalova-3.webp\"><img loading=\"lazy\" decoding=\"async\" class=\"size-full wp-image-24867\" src=\"https:\/\/d2p6e6u75xmxt8.cloudfront.net\/13\/2024\/02\/soukalova-3.webp\" alt=\"Gabriela Soukalov\u00e1\" width=\"1109\" height=\"1478\" srcset=\"https:\/\/d2p6e6u75xmxt8.cloudfront.net\/13\/2024\/02\/soukalova-3.webp 1109w, https:\/\/d2p6e6u75xmxt8.cloudfront.net\/13\/2024\/02\/soukalova-3-225x300.webp 225w, https:\/\/d2p6e6u75xmxt8.cloudfront.net\/13\/2024\/02\/soukalova-3-768x1024.webp 768w, https:\/\/d2p6e6u75xmxt8.cloudfront.net\/13\/2024\/02\/soukalova-3-300x400.webp 300w\" sizes=\"auto, (max-width: 1109px) 100vw, 1109px\" \/><\/a><figcaption id=\"caption-attachment-24867\" class=\"wp-caption-text\"><em>Gabriela Soukalov\u00e1 vyr\u00e1\u017e\u00ed pravideln\u011b na v\u00fdlety s dcerou Izabelou. Foto: kellys<\/em><\/figcaption><\/figure>\n<h2><strong>Ovliv\u0148uje va\u0161i cyklistiku hodn\u011b dcerka Izabela?<\/strong><\/h2>\n<p>Ano. Seda\u010dka na kole je jedno z\u00a0m\u00e1la m\u00edst, kde vydr\u017e\u00ed chv\u00edli v\u00a0klidu. Jezd\u00edm s\u00a0Izabelkou moc r\u00e1da. Nav\u00edc je praktick\u00e9, \u017ee si m\u016f\u017eu u\u017e\u00edt pohyb v\u00a0p\u0159\u00edrod\u011b, ani\u017e bych musela \u0159e\u0161it hl\u00eddan\u00ed pro malou.<\/p>\n<h2><strong>Co vlastn\u011b d\u011bl\u00e1 Gabriela Soukalov\u00e1, pokud zrovna nesportuje?<\/strong><\/h2>\n<p>Dokon\u010dili jsme s\u00a0t\u00fdmem filmov\u00e9ho producenta Petra V\u011btrovsk\u00e9ho dokument\u00e1rn\u00ed film, jeho\u017e n\u00e1m\u011btem byl m\u016fj \u017eivotn\u00ed p\u0159\u00edb\u011bh. D\u00edky nat\u00e1\u010den\u00ed jsem mohla zavzpom\u00ednat na spoustu kr\u00e1sn\u00fdch okam\u017eik\u016f m\u00e9ho \u017eivota. U\u017e n\u011bkolik let vytv\u00e1\u0159\u00edm obsah na soci\u00e1ln\u00ed s\u00edt\u011b pro n\u011bkolik partner\u016f, s\u00a0nimi\u017e spolupracuji dlouhodob\u011b. A asi u\u017e p\u011bt let funguje Nada\u010dn\u00ed fond Gabi, jeho\u017e prost\u0159ednictv\u00edm pom\u00e1h\u00e1me lidem s\u00a0poruchami p\u0159\u00edjmu potravy. M\u00e1me mal\u00fd t\u00fdm slo\u017een\u00fd z\u00a0psycholog\u016f, psychiatr\u016f a v\u00fd\u017eivov\u00fdch poradc\u016f. Pracujeme s\u00a0me\u0161n\u00edm po\u010dtem klient\u016f, jim\u017e se sna\u017e\u00edme nadstandardn\u011b v\u011bnovat. Tenhle projekt, kter\u00fd se postupn\u011b rozr\u016fst\u00e1, m\u011b moc bav\u00ed.<\/p>\n<p><em>Tituln\u00ed foto: Pavel Maza\u010d\/CNC\/profimedia<\/em><\/p>\n","protected":false},"excerpt":{"rendered":"<p>T\u0159ikr\u00e1t slavila medaili na olympijsk\u00fdch hr\u00e1ch, \u0161estkr\u00e1t na mistrovstv\u00ed, p\u0159i\u010dem\u017e dvakr\u00e1t zlatou. V pozad\u00ed velk\u00fdch \u00fasp\u011bch\u016f byla cyklistika. Stovky hodin [&hellip;]<\/p>\n","protected":false},"author":138,"featured_media":24871,"comment_status":"open","ping_status":"open","sticky":false,"template":"","format":"standard","meta":{"footnotes":""},"categories":[5],"tags":[2304,126,3446,56,9,3447,67,43],"global-categories":[411],"class_list":["post-24865","post","type-post","status-publish","format-standard","has-post-thumbnail","hentry","category-zeny","tag-biatlon","tag-cyklistika","tag-gabriela-soukalova","tag-horska-cyklistika","tag-silnicni-cyklistika","tag-sin-slavy-ibu","tag-zdravi-a-trenink","tag-zeny","global-categories-cycling"],"yoast_head":"<!-- This site is optimized with the Yoast SEO Premium plugin v25.3 (Yoast SEO v25.9) - https:\/\/yoast.com\/wordpress\/plugins\/seo\/ -->\n<title>Bike je pro m\u011b p\u0159\u00edroda a energie, \u0159\u00edk\u00e1 olympijsk\u00e1 medailistka a sv\u011btov\u00e1 \u0161ampionka | \u0160koda We Love Cycling - \u010cesk\u00e1 republika<\/title>\n<meta name=\"description\" content=\"T\u0159ikr\u00e1t slavila medaili na olympijsk\u00fdch hr\u00e1ch, \u0161estkr\u00e1t na mistrovstv\u00ed,. V\u00a0pozad\u00ed velk\u00fdch \u00fasp\u011bch\u016f byla cyklistika. Stovky hodin v\u00a0sedle kola byly z\u00e1kladem v\u00fdjime\u010dn\u00fdch \u00fasp\u011bch\u016f, jimi\u017e se py\u0161n\u00ed Gabriela Soukalov\u00e1.\" \/>\n<meta name=\"robots\" content=\"index, follow, max-snippet:-1, max-image-preview:large, max-video-preview:-1\" \/>\n<link rel=\"canonical\" href=\"https:\/\/www.welovecycling.com\/cs\/2024\/02\/19\/bike-je-pro-me-priroda-a-energie-rika-olympijska-medailistka-a-svetova-sampionka\/\" \/>\n<meta property=\"og:locale\" content=\"cs_CZ\" \/>\n<meta property=\"og:type\" content=\"article\" \/>\n<meta property=\"og:title\" content=\"Bike je pro m\u011b p\u0159\u00edroda a energie, \u0159\u00edk\u00e1 olympijsk\u00e1 medailistka a sv\u011btov\u00e1 \u0161ampionka\" \/>\n<meta property=\"og:description\" content=\"T\u0159ikr\u00e1t slavila medaili na olympijsk\u00fdch hr\u00e1ch, \u0161estkr\u00e1t na mistrovstv\u00ed,. V\u00a0pozad\u00ed velk\u00fdch \u00fasp\u011bch\u016f byla cyklistika. Stovky hodin v\u00a0sedle kola byly z\u00e1kladem v\u00fdjime\u010dn\u00fdch \u00fasp\u011bch\u016f, jimi\u017e se py\u0161n\u00ed Gabriela Soukalov\u00e1.\" \/>\n<meta property=\"og:url\" content=\"https:\/\/www.welovecycling.com\/cs\/2024\/02\/19\/bike-je-pro-me-priroda-a-energie-rika-olympijska-medailistka-a-svetova-sampionka\/\" \/>\n<meta property=\"og:site_name\" content=\"\u0160koda We Love Cycling - \u010cesk\u00e1 republika\" \/>\n<meta property=\"article:published_time\" content=\"2024-02-19T11:01:49+00:00\" \/>\n<meta property=\"article:modified_time\" content=\"2024-02-19T11:04:47+00:00\" \/>\n<meta property=\"og:image\" content=\"https:\/\/d2p6e6u75xmxt8.cloudfront.net\/13\/2024\/02\/profimedia-0785406414.webp\" \/>\n\t<meta property=\"og:image:width\" content=\"1800\" \/>\n\t<meta property=\"og:image:height\" content=\"1153\" \/>\n\t<meta property=\"og:image:type\" content=\"image\/webp\" \/>\n<meta name=\"author\" content=\"radekmalina\" \/>\n<meta name=\"twitter:card\" content=\"summary_large_image\" \/>\n<meta name=\"twitter:label1\" content=\"Written by\" \/>\n\t<meta name=\"twitter:data1\" content=\"We Love Cycling\" \/>\n\t<meta name=\"twitter:label2\" content=\"Est. reading time\" \/>\n\t<meta name=\"twitter:data2\" content=\"6\" \/>\n<script type=\"application\/ld+json\" class=\"yoast-schema-graph\">{\"@context\":\"https:\/\/schema.org\",\"@graph\":[{\"@type\":\"WebPage\",\"@id\":\"https:\/\/www.welovecycling.com\/cs\/2024\/02\/19\/bike-je-pro-me-priroda-a-energie-rika-olympijska-medailistka-a-svetova-sampionka\/\",\"url\":\"https:\/\/www.welovecycling.com\/cs\/2024\/02\/19\/bike-je-pro-me-priroda-a-energie-rika-olympijska-medailistka-a-svetova-sampionka\/\",\"name\":\"Bike je pro m\u011b p\u0159\u00edroda a energie, \u0159\u00edk\u00e1 olympijsk\u00e1 medailistka a sv\u011btov\u00e1 \u0161ampionka | \u0160koda We Love Cycling - \u010cesk\u00e1 republika\",\"isPartOf\":{\"@id\":\"https:\/\/www.welovecycling.com\/cs\/#website\"},\"primaryImageOfPage\":{\"@id\":\"https:\/\/www.welovecycling.com\/cs\/2024\/02\/19\/bike-je-pro-me-priroda-a-energie-rika-olympijska-medailistka-a-svetova-sampionka\/#primaryimage\"},\"image\":{\"@id\":\"https:\/\/www.welovecycling.com\/cs\/2024\/02\/19\/bike-je-pro-me-priroda-a-energie-rika-olympijska-medailistka-a-svetova-sampionka\/#primaryimage\"},\"thumbnailUrl\":\"https:\/\/d2p6e6u75xmxt8.cloudfront.net\/13\/2024\/02\/profimedia-0785406414.webp\",\"datePublished\":\"2024-02-19T11:01:49+00:00\",\"dateModified\":\"2024-02-19T11:04:47+00:00\",\"author\":{\"@id\":\"https:\/\/www.welovecycling.com\/cs\/#\/schema\/person\/d9eeb0a378f3a7e4a6d12d2b536b04b8\"},\"description\":\"T\u0159ikr\u00e1t slavila medaili na olympijsk\u00fdch hr\u00e1ch, \u0161estkr\u00e1t na mistrovstv\u00ed,. V\u00a0pozad\u00ed velk\u00fdch \u00fasp\u011bch\u016f byla cyklistika. Stovky hodin v\u00a0sedle kola byly z\u00e1kladem v\u00fdjime\u010dn\u00fdch \u00fasp\u011bch\u016f, jimi\u017e se py\u0161n\u00ed Gabriela Soukalov\u00e1.\",\"inLanguage\":\"cs\",\"potentialAction\":[{\"@type\":\"ReadAction\",\"target\":[\"https:\/\/www.welovecycling.com\/cs\/2024\/02\/19\/bike-je-pro-me-priroda-a-energie-rika-olympijska-medailistka-a-svetova-sampionka\/\"]}]},{\"@type\":\"ImageObject\",\"inLanguage\":\"cs\",\"@id\":\"https:\/\/www.welovecycling.com\/cs\/2024\/02\/19\/bike-je-pro-me-priroda-a-energie-rika-olympijska-medailistka-a-svetova-sampionka\/#primaryimage\",\"url\":\"https:\/\/d2p6e6u75xmxt8.cloudfront.net\/13\/2024\/02\/profimedia-0785406414.webp\",\"contentUrl\":\"https:\/\/d2p6e6u75xmxt8.cloudfront.net\/13\/2024\/02\/profimedia-0785406414.webp\",\"width\":1800,\"height\":1153,\"caption\":\"Gabriela Soukalov\u00e1\"},{\"@type\":\"WebSite\",\"@id\":\"https:\/\/www.welovecycling.com\/cs\/#website\",\"url\":\"https:\/\/www.welovecycling.com\/cs\/\",\"name\":\"\u0160koda We Love Cycling - \u010cesk\u00e1 republika\",\"description\":\"WeLoveCycling.cz je online magaz\u00edn, kter\u00fd v\u00e1m pravideln\u011b p\u0159in\u00e1\u0161\u00ed rady a tipy, zaj\u00edmav\u00e9 \u010dl\u00e1nky, videa a jedine\u010dn\u00e9 report\u00e1\u017ee ze sv\u011bta cyklistiky.\",\"potentialAction\":[{\"@type\":\"SearchAction\",\"target\":{\"@type\":\"EntryPoint\",\"urlTemplate\":\"https:\/\/www.welovecycling.com\/cs\/?s={search_term_string}\"},\"query-input\":{\"@type\":\"PropertyValueSpecification\",\"valueRequired\":true,\"valueName\":\"search_term_string\"}}],\"inLanguage\":\"cs\"},{\"@type\":\"Person\",\"@id\":\"https:\/\/www.welovecycling.com\/cs\/#\/schema\/person\/d9eeb0a378f3a7e4a6d12d2b536b04b8\",\"name\":\"radekmalina\",\"image\":{\"@type\":\"ImageObject\",\"inLanguage\":\"cs\",\"@id\":\"https:\/\/www.welovecycling.com\/cs\/#\/schema\/person\/image\/\",\"url\":\"https:\/\/secure.gravatar.com\/avatar\/66994b632cb8c39a46b9f54afa3ae07201b678d32a54275b6f1c9ffec356bfc0?s=96&d=mm&r=g\",\"contentUrl\":\"https:\/\/secure.gravatar.com\/avatar\/66994b632cb8c39a46b9f54afa3ae07201b678d32a54275b6f1c9ffec356bfc0?s=96&d=mm&r=g\",\"caption\":\"radekmalina\"},\"url\":\"https:\/\/www.welovecycling.com\/cs\/author\/radekmalina\/\"}]}<\/script>\n<!-- \/ Yoast SEO Premium plugin. -->","yoast_head_json":{"title":"Bike je pro m\u011b p\u0159\u00edroda a energie, \u0159\u00edk\u00e1 olympijsk\u00e1 medailistka a sv\u011btov\u00e1 \u0161ampionka | \u0160koda We Love Cycling - \u010cesk\u00e1 republika","description":"T\u0159ikr\u00e1t slavila medaili na olympijsk\u00fdch hr\u00e1ch, \u0161estkr\u00e1t na mistrovstv\u00ed,. V\u00a0pozad\u00ed velk\u00fdch \u00fasp\u011bch\u016f byla cyklistika. Stovky hodin v\u00a0sedle kola byly z\u00e1kladem v\u00fdjime\u010dn\u00fdch \u00fasp\u011bch\u016f, jimi\u017e se py\u0161n\u00ed Gabriela Soukalov\u00e1.","robots":{"index":"index","follow":"follow","max-snippet":"max-snippet:-1","max-image-preview":"max-image-preview:large","max-video-preview":"max-video-preview:-1"},"canonical":"https:\/\/www.welovecycling.com\/cs\/2024\/02\/19\/bike-je-pro-me-priroda-a-energie-rika-olympijska-medailistka-a-svetova-sampionka\/","og_locale":"cs_CZ","og_type":"article","og_title":"Bike je pro m\u011b p\u0159\u00edroda a energie, \u0159\u00edk\u00e1 olympijsk\u00e1 medailistka a sv\u011btov\u00e1 \u0161ampionka","og_description":"T\u0159ikr\u00e1t slavila medaili na olympijsk\u00fdch hr\u00e1ch, \u0161estkr\u00e1t na mistrovstv\u00ed,. V\u00a0pozad\u00ed velk\u00fdch \u00fasp\u011bch\u016f byla cyklistika. Stovky hodin v\u00a0sedle kola byly z\u00e1kladem v\u00fdjime\u010dn\u00fdch \u00fasp\u011bch\u016f, jimi\u017e se py\u0161n\u00ed Gabriela Soukalov\u00e1.","og_url":"https:\/\/www.welovecycling.com\/cs\/2024\/02\/19\/bike-je-pro-me-priroda-a-energie-rika-olympijska-medailistka-a-svetova-sampionka\/","og_site_name":"\u0160koda We Love Cycling - \u010cesk\u00e1 republika","article_published_time":"2024-02-19T11:01:49+00:00","article_modified_time":"2024-02-19T11:04:47+00:00","og_image":[{"width":1800,"height":1153,"url":"https:\/\/d2p6e6u75xmxt8.cloudfront.net\/13\/2024\/02\/profimedia-0785406414.webp","type":"image\/webp"}],"author":"radekmalina","twitter_card":"summary_large_image","twitter_misc":{"Written by":"We Love Cycling","Est. reading time":"6"},"schema":{"@context":"https:\/\/schema.org","@graph":[{"@type":"WebPage","@id":"https:\/\/www.welovecycling.com\/cs\/2024\/02\/19\/bike-je-pro-me-priroda-a-energie-rika-olympijska-medailistka-a-svetova-sampionka\/","url":"https:\/\/www.welovecycling.com\/cs\/2024\/02\/19\/bike-je-pro-me-priroda-a-energie-rika-olympijska-medailistka-a-svetova-sampionka\/","name":"Bike je pro m\u011b p\u0159\u00edroda a energie, \u0159\u00edk\u00e1 olympijsk\u00e1 medailistka a sv\u011btov\u00e1 \u0161ampionka | \u0160koda We Love Cycling - \u010cesk\u00e1 republika","isPartOf":{"@id":"https:\/\/www.welovecycling.com\/cs\/#website"},"primaryImageOfPage":{"@id":"https:\/\/www.welovecycling.com\/cs\/2024\/02\/19\/bike-je-pro-me-priroda-a-energie-rika-olympijska-medailistka-a-svetova-sampionka\/#primaryimage"},"image":{"@id":"https:\/\/www.welovecycling.com\/cs\/2024\/02\/19\/bike-je-pro-me-priroda-a-energie-rika-olympijska-medailistka-a-svetova-sampionka\/#primaryimage"},"thumbnailUrl":"https:\/\/d2p6e6u75xmxt8.cloudfront.net\/13\/2024\/02\/profimedia-0785406414.webp","datePublished":"2024-02-19T11:01:49+00:00","dateModified":"2024-02-19T11:04:47+00:00","author":{"@id":"https:\/\/www.welovecycling.com\/cs\/#\/schema\/person\/d9eeb0a378f3a7e4a6d12d2b536b04b8"},"description":"T\u0159ikr\u00e1t slavila medaili na olympijsk\u00fdch hr\u00e1ch, \u0161estkr\u00e1t na mistrovstv\u00ed,. V\u00a0pozad\u00ed velk\u00fdch \u00fasp\u011bch\u016f byla cyklistika. Stovky hodin v\u00a0sedle kola byly z\u00e1kladem v\u00fdjime\u010dn\u00fdch \u00fasp\u011bch\u016f, jimi\u017e se py\u0161n\u00ed Gabriela Soukalov\u00e1.","inLanguage":"cs","potentialAction":[{"@type":"ReadAction","target":["https:\/\/www.welovecycling.com\/cs\/2024\/02\/19\/bike-je-pro-me-priroda-a-energie-rika-olympijska-medailistka-a-svetova-sampionka\/"]}]},{"@type":"ImageObject","inLanguage":"cs","@id":"https:\/\/www.welovecycling.com\/cs\/2024\/02\/19\/bike-je-pro-me-priroda-a-energie-rika-olympijska-medailistka-a-svetova-sampionka\/#primaryimage","url":"https:\/\/d2p6e6u75xmxt8.cloudfront.net\/13\/2024\/02\/profimedia-0785406414.webp","contentUrl":"https:\/\/d2p6e6u75xmxt8.cloudfront.net\/13\/2024\/02\/profimedia-0785406414.webp","width":1800,"height":1153,"caption":"Gabriela Soukalov\u00e1"},{"@type":"WebSite","@id":"https:\/\/www.welovecycling.com\/cs\/#website","url":"https:\/\/www.welovecycling.com\/cs\/","name":"\u0160koda We Love Cycling - \u010cesk\u00e1 republika","description":"WeLoveCycling.cz je online magaz\u00edn, kter\u00fd v\u00e1m pravideln\u011b p\u0159in\u00e1\u0161\u00ed rady a tipy, zaj\u00edmav\u00e9 \u010dl\u00e1nky, videa a jedine\u010dn\u00e9 report\u00e1\u017ee ze sv\u011bta cyklistiky.","potentialAction":[{"@type":"SearchAction","target":{"@type":"EntryPoint","urlTemplate":"https:\/\/www.welovecycling.com\/cs\/?s={search_term_string}"},"query-input":{"@type":"PropertyValueSpecification","valueRequired":true,"valueName":"search_term_string"}}],"inLanguage":"cs"},{"@type":"Person","@id":"https:\/\/www.welovecycling.com\/cs\/#\/schema\/person\/d9eeb0a378f3a7e4a6d12d2b536b04b8","name":"radekmalina","image":{"@type":"ImageObject","inLanguage":"cs","@id":"https:\/\/www.welovecycling.com\/cs\/#\/schema\/person\/image\/","url":"https:\/\/secure.gravatar.com\/avatar\/66994b632cb8c39a46b9f54afa3ae07201b678d32a54275b6f1c9ffec356bfc0?s=96&d=mm&r=g","contentUrl":"https:\/\/secure.gravatar.com\/avatar\/66994b632cb8c39a46b9f54afa3ae07201b678d32a54275b6f1c9ffec356bfc0?s=96&d=mm&r=g","caption":"radekmalina"},"url":"https:\/\/www.welovecycling.com\/cs\/author\/radekmalina\/"}]}},"_links":{"self":[{"href":"https:\/\/www.welovecycling.com\/cs\/wp-json\/wp\/v2\/posts\/24865","targetHints":{"allow":["GET"]}}],"collection":[{"href":"https:\/\/www.welovecycling.com\/cs\/wp-json\/wp\/v2\/posts"}],"about":[{"href":"https:\/\/www.welovecycling.com\/cs\/wp-json\/wp\/v2\/types\/post"}],"author":[{"embeddable":true,"href":"https:\/\/www.welovecycling.com\/cs\/wp-json\/wp\/v2\/users\/138"}],"replies":[{"embeddable":true,"href":"https:\/\/www.welovecycling.com\/cs\/wp-json\/wp\/v2\/comments?post=24865"}],"version-history":[{"count":3,"href":"https:\/\/www.welovecycling.com\/cs\/wp-json\/wp\/v2\/posts\/24865\/revisions"}],"predecessor-version":[{"id":24874,"href":"https:\/\/www.welovecycling.com\/cs\/wp-json\/wp\/v2\/posts\/24865\/revisions\/24874"}],"wp:featuredmedia":[{"embeddable":true,"href":"https:\/\/www.welovecycling.com\/cs\/wp-json\/wp\/v2\/media\/24871"}],"wp:attachment":[{"href":"https:\/\/www.welovecycling.com\/cs\/wp-json\/wp\/v2\/media?parent=24865"}],"wp:term":[{"taxonomy":"category","embeddable":true,"href":"https:\/\/www.welovecycling.com\/cs\/wp-json\/wp\/v2\/categories?post=24865"},{"taxonomy":"post_tag","embeddable":true,"href":"https:\/\/www.welovecycling.com\/cs\/wp-json\/wp\/v2\/tags?post=24865"},{"taxonomy":"global-categories","embeddable":true,"href":"https:\/\/www.welovecycling.com\/cs\/wp-json\/wp\/v2\/global-categories?post=24865"}],"curies":[{"name":"wp","href":"https:\/\/api.w.org\/{rel}","templated":true}]}}