{"id":24855,"date":"2024-02-17T10:00:39","date_gmt":"2024-02-17T08:00:39","guid":{"rendered":"https:\/\/www.welovecycling.com\/cs\/?p=24855"},"modified":"2024-02-16T13:00:54","modified_gmt":"2024-02-16T11:00:54","slug":"v-sedle-96-hodin-svetovy-rekord-jako-pocta-olympijske-parizi","status":"publish","type":"post","link":"https:\/\/www.welovecycling.com\/cs\/2024\/02\/17\/v-sedle-96-hodin-svetovy-rekord-jako-pocta-olympijske-parizi\/","title":{"rendered":"V sedle 96 hodin? Sv\u011btov\u00fd rekord jako pocta olympijsk\u00e9 Pa\u0159\u00ed\u017ei!"},"content":{"rendered":"<p><strong>Devades\u00e1t \u0161est hodin a 11 minut pot\u0159ebovali dva francouz\u0161t\u00ed cyklisti\u010dt\u00ed nad\u0161enci, aby vytvo\u0159ili sv\u011btov\u00fd rekord v\u00a0nejv\u011bt\u0161\u00edm GPS v\u00fdkresu v\u00a0sedle kola! Celkem Guillaume Koudlansky de Lustrac a Vincent Br\u00e9mond ujeli 2196 kilometr\u016f. A nap\u0159\u00ed\u010d Franci\u00ed vytvo\u0159ili olympijsk\u00e9 kruhy, aby vzdali hold nejv\u011bt\u0161\u00edmu sportovn\u00ed ud\u00e1losti sv\u011bta startuj\u00edc\u00ed v\u00a0Pa\u0159\u00ed\u017ei 26. \u010dervence.<\/strong><\/p>\n<p>\u201eJde o poctu olympijsk\u00fdm hr\u00e1m. V\u011b\u0159\u00edm, \u017ee budeme inspirac\u00ed pro lidi a ti ve spojen\u00ed s olympi\u00e1dou budou sportovat v jak\u00e9koliv m\u00ed\u0159e,\u201c nab\u00e1d\u00e1 ke sportovn\u00ed aktivit\u011b Guillaume Koudlansky de Lustrac.<\/p>\n<p><a href=\"https:\/\/www.instagram.com\/p\/C2_7J4zsV3q\/?hl=cs\">https:\/\/www.instagram.com\/p\/C2_7J4zsV3q\/?hl=cs<\/a><\/p>\n<p>Trase za\u010d\u00ednala i kon\u010dila pod Eiffelovou v\u011b\u017e\u00ed. Cesta startovala symbolicky p\u0159esn\u011b \u0161est m\u011bs\u00edc\u016f p\u0159ed olympijsk\u00fdmi hrami, kter\u00e9 odstartuj\u00ed v Pa\u0159\u00ed\u017ei 26. \u010dervence. Oba cyklist\u00e9 urazili p\u0159esn\u011b 2196,21 kilometr\u016f pr\u016fm\u011brnou rychlost\u00ed 22,8 kilometr\u016f a zdolali p\u0159ev\u00fd\u0161en\u00ed 14 712 metr\u016f. V sedle kola byli devades\u00e1t \u0161est hodin a jeden\u00e1ct minut. Celkem pot\u0159ebovali na vytvo\u0159en\u00ed sv\u011btov\u00e9ho rekordu deset dn\u016f. Ka\u017ed\u00fd kruh m\u011b\u0159\u00ed p\u0159ibli\u017en\u011b 439 kilometr\u016f.<\/p>\n<h2><strong>T\u0159et\u00ed sv\u011btov\u00fd rekord v \u0159ad\u011b pro Francii<\/strong><\/h2>\n<p>Jde o t\u0159et\u00ed po sob\u011b jdouc\u00ed francouzsk\u00fd t\u00fdm, kter\u00fd usiluje o tento presti\u017en\u00ed \u00fasp\u011bch v\u00a0podob\u011b rekordu zvan\u00e9ho Strava Art b\u011bhem posledn\u00edch dvou letech. \u201eV\u011b\u0159\u00edm, \u017ee Francie je zem\u00ed sportovn\u00edch um\u011blc\u016f,\u201c \u0159\u00edk\u00e1 Guillaume Koudlansky de Lustrac.<\/p>\n<p>Dvojice narazila b\u011bhem zdol\u00e1n\u00ed trasy pot\u0159ebn\u00e9 k\u00a0rekordu na mnoho ne\u010dekan\u00fdch n\u00e1strah. Guillaume Koudlansky de Lustrac coby vegetari\u00e1n bojoval zejm\u00e9na na francouzsk\u00e9m venkov\u011b s\u00a0mo\u017enostmi dopln\u011bn\u00ed energie. \u201eHranolky jsem jedl prakticky denn\u011b. U\u017e jsem z\u00a0toho \u0161\u00edlel,\u201c uv\u00e1d\u00ed ve zpr\u00e1v\u011b na <a href=\"https:\/\/www.welovecycling.com\/cs\/2024\/01\/10\/gravel-raketove-roste-potvrdila-strava-co-ukazuji-data-popularni-aplikace\/\">Strava.com<\/a>. V\u00a0jedn\u00e9 z\u00a0\u201eetap\u201c pak dvojice b\u011bhem cel\u00e9ho dne (220 kilometr\u016f) bojovala se siln\u00fdm protiv\u011btrem, teploty klesaly k\u00a0bodu mrazu, a je\u0161t\u011b vytrvale pr\u0161elo.<\/p>\n<p><a href=\"https:\/\/www.instagram.com\/p\/C2rQhSesH6x\/?hl=cs\">https:\/\/www.instagram.com\/p\/C2rQhSesH6x\/?hl=cs<\/a><\/p>\n<p>Na posledn\u00edch pades\u00e1t kilometr\u016f b\u011bhem dojezdu do Pa\u0159\u00ed\u017ee dvojici doprovodil Yoann Offredo, b\u00fdval\u00fd francouzsk\u00fd profesion\u00e1l. P\u0159i dojezdu pod Eiffelovu v\u011b\u017e pak skupina \u010d\u00edtala p\u0159es dvacet cyklist\u016f. \u201ePar\u00e1dn\u00ed okam\u017eik,\u201c komentuje fin\u00e1le rekordn\u00edho z\u00e1pisu mlad\u0161\u00ed z cyklistick\u00e9ho dua.<\/p>\n<div class=\"shortcode-ys-post-pinup\"><article class=\"loop-simple post-23025 post type-post status-publish format-standard has-post-thumbnail hentry category-tour-de-france tag-mark-cavendish tag-tour-de-france tag-tour-de-france-2023 global-categories-cycling\" data-postid=\"23025\" role=\"article\" data-post-id=\"23025\" data-word-count=\"550\" data-headline-length=\"79\" data-category=\"Tour de France\" data-global-category=\"Cycling\" data-author=\"Radek Malina\" data-published=\"2023-07-11T18:00:08+02:00\" data-published-day=\"Tuesday\">\n    <div class=\"entry-thumbnail article-thumbnail\" content=\"https:\/\/d2p6e6u75xmxt8.cloudfront.net\/13\/2023\/07\/profimedia-0787915819-150x150.webp\"><a href=\"https:\/\/www.welovecycling.com\/cs\/2023\/07\/11\/dostane-mark-cavendish-sanci-ziskat-rekordni-vitezstvi-z-tour-de-france\/\" class=\"image-holder\" target=\"_self\"><img decoding=\"async\" loading=\"lazy\" class=\"\" src=\"https:\/\/d2p6e6u75xmxt8.cloudfront.net\/13\/2023\/07\/profimedia-0787915819-1024x683.webp\" srcset=\"https:\/\/d2p6e6u75xmxt8.cloudfront.net\/13\/2023\/07\/profimedia-0787915819.webp 1800w, https:\/\/d2p6e6u75xmxt8.cloudfront.net\/13\/2023\/07\/profimedia-0787915819-300x200.webp 300w, https:\/\/d2p6e6u75xmxt8.cloudfront.net\/13\/2023\/07\/profimedia-0787915819-1024x683.webp 1024w, https:\/\/d2p6e6u75xmxt8.cloudfront.net\/13\/2023\/07\/profimedia-0787915819-768x512.webp 768w, https:\/\/d2p6e6u75xmxt8.cloudfront.net\/13\/2023\/07\/profimedia-0787915819-1536x1024.webp 1536w, https:\/\/d2p6e6u75xmxt8.cloudfront.net\/13\/2023\/07\/profimedia-0787915819-400x267.webp 400w, https:\/\/d2p6e6u75xmxt8.cloudfront.net\/13\/2023\/07\/profimedia-0787915819-272x182.webp 272w\" width=\"1024\" height=\"683\" sizes=\"auto, (min-width: 1200px) 300px, (min-width: 768px) 25vw, 100vw\" alt=\"dostane-mark-cavendish-sanci-ziskat-rekordni-vitezstvi-z-tour-de-france\"\/><\/a><\/div>    <div class=\"entry-meta\">\n        <a class=\"label label-secondary post-category\" href=\"https:\/\/www.welovecycling.com\/cs\/category\/tour-de-france\/\" title=\"Tour de France\">Tour de France<\/a>\n    <\/div>\n    <div class=\"entry-details\">\n        <a href=\"https:\/\/www.welovecycling.com\/cs\/2023\/07\/11\/dostane-mark-cavendish-sanci-ziskat-rekordni-vitezstvi-z-tour-de-france\/\" class='entry-title-wrapper'>\n            <h3 class=\"entry-title\"><span>Dostane Mark Cavendish \u0161anci z\u00edskat rekordn\u00ed v\u00edt\u011bzstv\u00ed z\u00a0Tour de France?<\/span><\/h3>\n        <\/a>\n    <\/div>\n    <\/article>\n<\/div>\n<p>Dosud dr\u017eeli rekord Fr\u00e9deric a Mathilda de Lanouvelle, kte\u0159\u00ed v\u00a0minul\u00e9m roce zdolali na kole 2162 kilometr\u016f a vytvo\u0159ili tak nap\u0159\u00ed\u010d Franci\u00ed ob\u0159\u00ed srdce.<\/p>\n<h2><strong>V\u00fdjime\u010dn\u00e9 sportovn\u00ed v\u00fdkony nejsou vz\u00e1cnost\u00ed<\/strong><\/h2>\n<p>Guillaume Koudlansky de Lustrac nen\u00ed ve sb\u00edr\u00e1n\u00ed rekord\u016f \u017e\u00e1dn\u00fd za\u010d\u00e1te\u010dn\u00edk. Dr\u017e\u00ed rekord v nejrychlej\u0161\u00edm maratonu b\u011b\u017een\u00e9m pozadu (ano, uzn\u00e1v\u00e1me, \u017ee jde o rekord pon\u011bkud bizardn\u00ed) nebo ve zdol\u00e1n\u00ed trojit\u00e9ho Ironmana.<\/p>\n<p>Spole\u010dn\u011b s\u00a0par\u0165\u00e1kem b\u011bhem minul\u00e9ho roku projeli na kole v\u0161ech dvan\u00e1ct kontinent\u00e1ln\u00edch francouzsk\u00fdch region\u016f a zdolali t\u0159eba ultravytrvalostn\u00ed z\u00e1vod Race Across France.<\/p>\n<div class=\"shortcode-ys-post-pinup\"><article class=\"loop-simple post-24809 post type-post status-publish format-standard has-post-thumbnail hentry category-zdravi-a-trenink tag-chris-froome tag-cyklistika tag-egan-bernal tag-geraint-thomas tag-horska-cyklistika tag-ineos-grenadiers tag-obracena-periodizace-treninku tag-periodizace-treninku tag-reverzni-periodizace-treninku tag-silnicni-cyklistika tag-tim-kerrison tag-trenink tag-vojtech-hacecky tag-zdravi-a-trenink global-categories-cycling\" data-postid=\"24809\" role=\"article\" data-post-id=\"24809\" data-word-count=\"541\" data-headline-length=\"84\" data-category=\"Zdrav\u00ed a tr\u00e9nink\" data-global-category=\"Cycling\" data-author=\"Radek Malina\" data-published=\"2024-02-09T05:30:20+02:00\" data-published-day=\"Friday\">\n    <div class=\"entry-thumbnail article-thumbnail\" content=\"https:\/\/d2p6e6u75xmxt8.cloudfront.net\/13\/2024\/02\/profimedia-0786244790-150x150.webp\"><a href=\"https:\/\/www.welovecycling.com\/cs\/2024\/02\/09\/chces-trenovat-jako-froome-nebo-bernal-pak-je-tu-obracena-periodizace-treninku\/\" class=\"image-holder\" target=\"_self\"><img decoding=\"async\" loading=\"lazy\" class=\"\" src=\"https:\/\/d2p6e6u75xmxt8.cloudfront.net\/13\/2024\/02\/profimedia-0786244790-1024x683.webp\" srcset=\"https:\/\/d2p6e6u75xmxt8.cloudfront.net\/13\/2024\/02\/profimedia-0786244790.webp 1800w, https:\/\/d2p6e6u75xmxt8.cloudfront.net\/13\/2024\/02\/profimedia-0786244790-300x200.webp 300w, https:\/\/d2p6e6u75xmxt8.cloudfront.net\/13\/2024\/02\/profimedia-0786244790-1024x683.webp 1024w, https:\/\/d2p6e6u75xmxt8.cloudfront.net\/13\/2024\/02\/profimedia-0786244790-768x512.webp 768w, https:\/\/d2p6e6u75xmxt8.cloudfront.net\/13\/2024\/02\/profimedia-0786244790-1536x1024.webp 1536w, https:\/\/d2p6e6u75xmxt8.cloudfront.net\/13\/2024\/02\/profimedia-0786244790-400x267.webp 400w, https:\/\/d2p6e6u75xmxt8.cloudfront.net\/13\/2024\/02\/profimedia-0786244790-272x182.webp 272w\" width=\"1024\" height=\"683\" sizes=\"auto, (min-width: 1200px) 300px, (min-width: 768px) 25vw, 100vw\" alt=\"chces-trenovat-jako-froome-nebo-bernal-pak-je-tu-obracena-periodizace-treninku\"\/><\/a><\/div>    <div class=\"entry-meta\">\n        <a class=\"label label-secondary post-category\" href=\"https:\/\/www.welovecycling.com\/cs\/category\/zdravi-a-trenink\/\" title=\"Zdrav\u00ed a tr\u00e9nink\">Zdrav\u00ed a tr\u00e9nink<\/a>\n    <\/div>\n    <div class=\"entry-details\">\n        <a href=\"https:\/\/www.welovecycling.com\/cs\/2024\/02\/09\/chces-trenovat-jako-froome-nebo-bernal-pak-je-tu-obracena-periodizace-treninku\/\" class='entry-title-wrapper'>\n            <h3 class=\"entry-title\"><span>Chce\u0161 tr\u00e9novat jako Froome nebo Bernal? Pak je tu obr\u00e1cen\u00e1 periodizace tr\u00e9ninku<\/span><\/h3>\n        <\/a>\n    <\/div>\n    <\/article>\n<\/div>\n<p>O t\u0159in\u00e1ct let star\u0161\u00ed Vincent Br\u00e9mond zase dojel z Pa\u0159\u00ed\u017ee do Casablanky v Maroku, co\u017e je trasa dlouh\u00e1 3180 kilometr\u016f.<\/p>\n<p>Smyslem sna\u017een\u00ed francouzsk\u00fdch cyklistick\u00fdch nad\u0161en\u016f, krom\u011b Guinessova rekordu, byla v\u00e1\u0161e\u0148 pro cyklistiku a oslava olympijsk\u00e9ho ducha, nav\u00edc jeli pro organizaci Le Sport a du Coeur, kter\u00e1 finan\u010dn\u011b podporuje profesion\u00e1ln\u00ed i amat\u00e9rsk\u00e9 sportovce.<\/p>\n<p><em>Tituln\u00ed foto: strava.com<\/em><\/p>\n","protected":false},"excerpt":{"rendered":"<p>Devades\u00e1t \u0161est hodin a 11 minut pot\u0159ebovali dva francouz\u0161t\u00ed cyklisti\u010dt\u00ed nad\u0161enci, aby vytvo\u0159ili sv\u011btov\u00fd rekord v\u00a0nejv\u011bt\u0161\u00edm GPS v\u00fdkresu v\u00a0sedle kola! [&hellip;]<\/p>\n","protected":false},"author":138,"featured_media":24856,"comment_status":"open","ping_status":"open","sticky":false,"template":"","format":"standard","meta":{"footnotes":""},"categories":[10,660],"tags":[126,3445,56,2896,9,3443,2606,3444],"global-categories":[411],"class_list":["post-24855","post","type-post","status-publish","format-standard","has-post-thumbnail","hentry","category-silnicni-cyklistika","category-https-www-welovecycling-com-cs-category-zabava","tag-cyklistika","tag-guillaume-koudlansky-de-lustrac","tag-horska-cyklistika","tag-oh-pariz-2024","tag-silnicni-cyklistika","tag-strava-art","tag-svetovy-rekord","tag-vincent-bremond","global-categories-cycling"],"yoast_head":"<!-- This site is optimized with the Yoast SEO Premium plugin v25.3 (Yoast SEO v25.9) - https:\/\/yoast.com\/wordpress\/plugins\/seo\/ -->\n<title>V sedle 96 hodin? Sv\u011btov\u00fd rekord jako pocta olympijsk\u00e9 Pa\u0159\u00ed\u017ei! | \u0160koda We Love Cycling - \u010cesk\u00e1 republika<\/title>\n<meta name=\"description\" content=\"Devades\u00e1t \u0161est hodin a 11 minut pot\u0159ebovali dva francouz\u0161t\u00ed cyklisti\u010dt\u00ed nad\u0161enci, aby vytvo\u0159ili sv\u011btov\u00fd rekord v\u00a0nejv\u011bt\u0161\u00edm GPS v\u00fdkresu v\u00a0sedle kola! Celkem Guillaume Koudlansky de Lustrac a Vincent Br\u00e9mond ujeli 2196 kilometr\u016f. A nap\u0159\u00ed\u010d Franci\u00ed vytvo\u0159ili olympijsk\u00e9 kruhy, aby vzdali hold nejv\u011bt\u0161\u00edmu sportovn\u00ed ud\u00e1losti sv\u011bta startuj\u00edc\u00ed v\u00a0Pa\u0159\u00ed\u017ei 26. \u010dervence.\" \/>\n<meta name=\"robots\" content=\"index, follow, max-snippet:-1, max-image-preview:large, max-video-preview:-1\" \/>\n<link rel=\"canonical\" href=\"https:\/\/www.welovecycling.com\/cs\/2024\/02\/17\/v-sedle-96-hodin-svetovy-rekord-jako-pocta-olympijske-parizi\/\" \/>\n<meta property=\"og:locale\" content=\"cs_CZ\" \/>\n<meta property=\"og:type\" content=\"article\" \/>\n<meta property=\"og:title\" content=\"V sedle 96 hodin? Sv\u011btov\u00fd rekord jako pocta olympijsk\u00e9 Pa\u0159\u00ed\u017ei!\" \/>\n<meta property=\"og:description\" content=\"Devades\u00e1t \u0161est hodin a 11 minut pot\u0159ebovali dva francouz\u0161t\u00ed cyklisti\u010dt\u00ed nad\u0161enci, aby vytvo\u0159ili sv\u011btov\u00fd rekord v\u00a0nejv\u011bt\u0161\u00edm GPS v\u00fdkresu v\u00a0sedle kola! Celkem Guillaume Koudlansky de Lustrac a Vincent Br\u00e9mond ujeli 2196 kilometr\u016f. A nap\u0159\u00ed\u010d Franci\u00ed vytvo\u0159ili olympijsk\u00e9 kruhy, aby vzdali hold nejv\u011bt\u0161\u00edmu sportovn\u00ed ud\u00e1losti sv\u011bta startuj\u00edc\u00ed v\u00a0Pa\u0159\u00ed\u017ei 26. \u010dervence.\" \/>\n<meta property=\"og:url\" content=\"https:\/\/www.welovecycling.com\/cs\/2024\/02\/17\/v-sedle-96-hodin-svetovy-rekord-jako-pocta-olympijske-parizi\/\" \/>\n<meta property=\"og:site_name\" content=\"\u0160koda We Love Cycling - \u010cesk\u00e1 republika\" \/>\n<meta property=\"article:published_time\" content=\"2024-02-17T08:00:39+00:00\" \/>\n<meta property=\"og:image\" content=\"https:\/\/d2p6e6u75xmxt8.cloudfront.net\/13\/2024\/02\/olympijske-kruhy.webp\" \/>\n\t<meta property=\"og:image:width\" content=\"1777\" \/>\n\t<meta property=\"og:image:height\" content=\"711\" \/>\n\t<meta property=\"og:image:type\" content=\"image\/webp\" \/>\n<meta name=\"author\" content=\"radekmalina\" \/>\n<meta name=\"twitter:card\" content=\"summary_large_image\" \/>\n<meta name=\"twitter:label1\" content=\"Written by\" \/>\n\t<meta name=\"twitter:data1\" content=\"Radek Malina\" \/>\n\t<meta name=\"twitter:label2\" content=\"Est. reading time\" \/>\n\t<meta name=\"twitter:data2\" content=\"7\" \/>\n<script type=\"application\/ld+json\" class=\"yoast-schema-graph\">{\"@context\":\"https:\/\/schema.org\",\"@graph\":[{\"@type\":\"WebPage\",\"@id\":\"https:\/\/www.welovecycling.com\/cs\/2024\/02\/17\/v-sedle-96-hodin-svetovy-rekord-jako-pocta-olympijske-parizi\/\",\"url\":\"https:\/\/www.welovecycling.com\/cs\/2024\/02\/17\/v-sedle-96-hodin-svetovy-rekord-jako-pocta-olympijske-parizi\/\",\"name\":\"V sedle 96 hodin? Sv\u011btov\u00fd rekord jako pocta olympijsk\u00e9 Pa\u0159\u00ed\u017ei! | \u0160koda We Love Cycling - \u010cesk\u00e1 republika\",\"isPartOf\":{\"@id\":\"https:\/\/www.welovecycling.com\/cs\/#website\"},\"primaryImageOfPage\":{\"@id\":\"https:\/\/www.welovecycling.com\/cs\/2024\/02\/17\/v-sedle-96-hodin-svetovy-rekord-jako-pocta-olympijske-parizi\/#primaryimage\"},\"image\":{\"@id\":\"https:\/\/www.welovecycling.com\/cs\/2024\/02\/17\/v-sedle-96-hodin-svetovy-rekord-jako-pocta-olympijske-parizi\/#primaryimage\"},\"thumbnailUrl\":\"https:\/\/d2p6e6u75xmxt8.cloudfront.net\/13\/2024\/02\/olympijske-kruhy.webp\",\"datePublished\":\"2024-02-17T08:00:39+00:00\",\"author\":{\"@id\":\"https:\/\/www.welovecycling.com\/cs\/#\/schema\/person\/d9eeb0a378f3a7e4a6d12d2b536b04b8\"},\"description\":\"Devades\u00e1t \u0161est hodin a 11 minut pot\u0159ebovali dva francouz\u0161t\u00ed cyklisti\u010dt\u00ed nad\u0161enci, aby vytvo\u0159ili sv\u011btov\u00fd rekord v\u00a0nejv\u011bt\u0161\u00edm GPS v\u00fdkresu v\u00a0sedle kola! Celkem Guillaume Koudlansky de Lustrac a Vincent Br\u00e9mond ujeli 2196 kilometr\u016f. A nap\u0159\u00ed\u010d Franci\u00ed vytvo\u0159ili olympijsk\u00e9 kruhy, aby vzdali hold nejv\u011bt\u0161\u00edmu sportovn\u00ed ud\u00e1losti sv\u011bta startuj\u00edc\u00ed v\u00a0Pa\u0159\u00ed\u017ei 26. \u010dervence.\",\"inLanguage\":\"cs\",\"potentialAction\":[{\"@type\":\"ReadAction\",\"target\":[\"https:\/\/www.welovecycling.com\/cs\/2024\/02\/17\/v-sedle-96-hodin-svetovy-rekord-jako-pocta-olympijske-parizi\/\"]}]},{\"@type\":\"ImageObject\",\"inLanguage\":\"cs\",\"@id\":\"https:\/\/www.welovecycling.com\/cs\/2024\/02\/17\/v-sedle-96-hodin-svetovy-rekord-jako-pocta-olympijske-parizi\/#primaryimage\",\"url\":\"https:\/\/d2p6e6u75xmxt8.cloudfront.net\/13\/2024\/02\/olympijske-kruhy.webp\",\"contentUrl\":\"https:\/\/d2p6e6u75xmxt8.cloudfront.net\/13\/2024\/02\/olympijske-kruhy.webp\",\"width\":1777,\"height\":711,\"caption\":\"Sv\u011btov\u00fd rekord Strava Art\"},{\"@type\":\"WebSite\",\"@id\":\"https:\/\/www.welovecycling.com\/cs\/#website\",\"url\":\"https:\/\/www.welovecycling.com\/cs\/\",\"name\":\"\u0160koda We Love Cycling - \u010cesk\u00e1 republika\",\"description\":\"WeLoveCycling.cz je online magaz\u00edn, kter\u00fd v\u00e1m pravideln\u011b p\u0159in\u00e1\u0161\u00ed rady a tipy, zaj\u00edmav\u00e9 \u010dl\u00e1nky, videa a jedine\u010dn\u00e9 report\u00e1\u017ee ze sv\u011bta cyklistiky.\",\"potentialAction\":[{\"@type\":\"SearchAction\",\"target\":{\"@type\":\"EntryPoint\",\"urlTemplate\":\"https:\/\/www.welovecycling.com\/cs\/?s={search_term_string}\"},\"query-input\":{\"@type\":\"PropertyValueSpecification\",\"valueRequired\":true,\"valueName\":\"search_term_string\"}}],\"inLanguage\":\"cs\"},{\"@type\":\"Person\",\"@id\":\"https:\/\/www.welovecycling.com\/cs\/#\/schema\/person\/d9eeb0a378f3a7e4a6d12d2b536b04b8\",\"name\":\"radekmalina\",\"image\":{\"@type\":\"ImageObject\",\"inLanguage\":\"cs\",\"@id\":\"https:\/\/www.welovecycling.com\/cs\/#\/schema\/person\/image\/\",\"url\":\"https:\/\/secure.gravatar.com\/avatar\/66994b632cb8c39a46b9f54afa3ae07201b678d32a54275b6f1c9ffec356bfc0?s=96&d=mm&r=g\",\"contentUrl\":\"https:\/\/secure.gravatar.com\/avatar\/66994b632cb8c39a46b9f54afa3ae07201b678d32a54275b6f1c9ffec356bfc0?s=96&d=mm&r=g\",\"caption\":\"radekmalina\"},\"url\":\"https:\/\/www.welovecycling.com\/cs\/author\/radekmalina\/\"}]}<\/script>\n<!-- \/ Yoast SEO Premium plugin. -->","yoast_head_json":{"title":"V sedle 96 hodin? Sv\u011btov\u00fd rekord jako pocta olympijsk\u00e9 Pa\u0159\u00ed\u017ei! | \u0160koda We Love Cycling - \u010cesk\u00e1 republika","description":"Devades\u00e1t \u0161est hodin a 11 minut pot\u0159ebovali dva francouz\u0161t\u00ed cyklisti\u010dt\u00ed nad\u0161enci, aby vytvo\u0159ili sv\u011btov\u00fd rekord v\u00a0nejv\u011bt\u0161\u00edm GPS v\u00fdkresu v\u00a0sedle kola! Celkem Guillaume Koudlansky de Lustrac a Vincent Br\u00e9mond ujeli 2196 kilometr\u016f. A nap\u0159\u00ed\u010d Franci\u00ed vytvo\u0159ili olympijsk\u00e9 kruhy, aby vzdali hold nejv\u011bt\u0161\u00edmu sportovn\u00ed ud\u00e1losti sv\u011bta startuj\u00edc\u00ed v\u00a0Pa\u0159\u00ed\u017ei 26. \u010dervence.","robots":{"index":"index","follow":"follow","max-snippet":"max-snippet:-1","max-image-preview":"max-image-preview:large","max-video-preview":"max-video-preview:-1"},"canonical":"https:\/\/www.welovecycling.com\/cs\/2024\/02\/17\/v-sedle-96-hodin-svetovy-rekord-jako-pocta-olympijske-parizi\/","og_locale":"cs_CZ","og_type":"article","og_title":"V sedle 96 hodin? Sv\u011btov\u00fd rekord jako pocta olympijsk\u00e9 Pa\u0159\u00ed\u017ei!","og_description":"Devades\u00e1t \u0161est hodin a 11 minut pot\u0159ebovali dva francouz\u0161t\u00ed cyklisti\u010dt\u00ed nad\u0161enci, aby vytvo\u0159ili sv\u011btov\u00fd rekord v\u00a0nejv\u011bt\u0161\u00edm GPS v\u00fdkresu v\u00a0sedle kola! Celkem Guillaume Koudlansky de Lustrac a Vincent Br\u00e9mond ujeli 2196 kilometr\u016f. A nap\u0159\u00ed\u010d Franci\u00ed vytvo\u0159ili olympijsk\u00e9 kruhy, aby vzdali hold nejv\u011bt\u0161\u00edmu sportovn\u00ed ud\u00e1losti sv\u011bta startuj\u00edc\u00ed v\u00a0Pa\u0159\u00ed\u017ei 26. \u010dervence.","og_url":"https:\/\/www.welovecycling.com\/cs\/2024\/02\/17\/v-sedle-96-hodin-svetovy-rekord-jako-pocta-olympijske-parizi\/","og_site_name":"\u0160koda We Love Cycling - \u010cesk\u00e1 republika","article_published_time":"2024-02-17T08:00:39+00:00","og_image":[{"width":1777,"height":711,"url":"https:\/\/d2p6e6u75xmxt8.cloudfront.net\/13\/2024\/02\/olympijske-kruhy.webp","type":"image\/webp"}],"author":"radekmalina","twitter_card":"summary_large_image","twitter_misc":{"Written by":"Radek Malina","Est. reading time":"7"},"schema":{"@context":"https:\/\/schema.org","@graph":[{"@type":"WebPage","@id":"https:\/\/www.welovecycling.com\/cs\/2024\/02\/17\/v-sedle-96-hodin-svetovy-rekord-jako-pocta-olympijske-parizi\/","url":"https:\/\/www.welovecycling.com\/cs\/2024\/02\/17\/v-sedle-96-hodin-svetovy-rekord-jako-pocta-olympijske-parizi\/","name":"V sedle 96 hodin? Sv\u011btov\u00fd rekord jako pocta olympijsk\u00e9 Pa\u0159\u00ed\u017ei! | \u0160koda We Love Cycling - \u010cesk\u00e1 republika","isPartOf":{"@id":"https:\/\/www.welovecycling.com\/cs\/#website"},"primaryImageOfPage":{"@id":"https:\/\/www.welovecycling.com\/cs\/2024\/02\/17\/v-sedle-96-hodin-svetovy-rekord-jako-pocta-olympijske-parizi\/#primaryimage"},"image":{"@id":"https:\/\/www.welovecycling.com\/cs\/2024\/02\/17\/v-sedle-96-hodin-svetovy-rekord-jako-pocta-olympijske-parizi\/#primaryimage"},"thumbnailUrl":"https:\/\/d2p6e6u75xmxt8.cloudfront.net\/13\/2024\/02\/olympijske-kruhy.webp","datePublished":"2024-02-17T08:00:39+00:00","author":{"@id":"https:\/\/www.welovecycling.com\/cs\/#\/schema\/person\/d9eeb0a378f3a7e4a6d12d2b536b04b8"},"description":"Devades\u00e1t \u0161est hodin a 11 minut pot\u0159ebovali dva francouz\u0161t\u00ed cyklisti\u010dt\u00ed nad\u0161enci, aby vytvo\u0159ili sv\u011btov\u00fd rekord v\u00a0nejv\u011bt\u0161\u00edm GPS v\u00fdkresu v\u00a0sedle kola! Celkem Guillaume Koudlansky de Lustrac a Vincent Br\u00e9mond ujeli 2196 kilometr\u016f. A nap\u0159\u00ed\u010d Franci\u00ed vytvo\u0159ili olympijsk\u00e9 kruhy, aby vzdali hold nejv\u011bt\u0161\u00edmu sportovn\u00ed ud\u00e1losti sv\u011bta startuj\u00edc\u00ed v\u00a0Pa\u0159\u00ed\u017ei 26. \u010dervence.","inLanguage":"cs","potentialAction":[{"@type":"ReadAction","target":["https:\/\/www.welovecycling.com\/cs\/2024\/02\/17\/v-sedle-96-hodin-svetovy-rekord-jako-pocta-olympijske-parizi\/"]}]},{"@type":"ImageObject","inLanguage":"cs","@id":"https:\/\/www.welovecycling.com\/cs\/2024\/02\/17\/v-sedle-96-hodin-svetovy-rekord-jako-pocta-olympijske-parizi\/#primaryimage","url":"https:\/\/d2p6e6u75xmxt8.cloudfront.net\/13\/2024\/02\/olympijske-kruhy.webp","contentUrl":"https:\/\/d2p6e6u75xmxt8.cloudfront.net\/13\/2024\/02\/olympijske-kruhy.webp","width":1777,"height":711,"caption":"Sv\u011btov\u00fd rekord Strava Art"},{"@type":"WebSite","@id":"https:\/\/www.welovecycling.com\/cs\/#website","url":"https:\/\/www.welovecycling.com\/cs\/","name":"\u0160koda We Love Cycling - \u010cesk\u00e1 republika","description":"WeLoveCycling.cz je online magaz\u00edn, kter\u00fd v\u00e1m pravideln\u011b p\u0159in\u00e1\u0161\u00ed rady a tipy, zaj\u00edmav\u00e9 \u010dl\u00e1nky, videa a jedine\u010dn\u00e9 report\u00e1\u017ee ze sv\u011bta cyklistiky.","potentialAction":[{"@type":"SearchAction","target":{"@type":"EntryPoint","urlTemplate":"https:\/\/www.welovecycling.com\/cs\/?s={search_term_string}"},"query-input":{"@type":"PropertyValueSpecification","valueRequired":true,"valueName":"search_term_string"}}],"inLanguage":"cs"},{"@type":"Person","@id":"https:\/\/www.welovecycling.com\/cs\/#\/schema\/person\/d9eeb0a378f3a7e4a6d12d2b536b04b8","name":"radekmalina","image":{"@type":"ImageObject","inLanguage":"cs","@id":"https:\/\/www.welovecycling.com\/cs\/#\/schema\/person\/image\/","url":"https:\/\/secure.gravatar.com\/avatar\/66994b632cb8c39a46b9f54afa3ae07201b678d32a54275b6f1c9ffec356bfc0?s=96&d=mm&r=g","contentUrl":"https:\/\/secure.gravatar.com\/avatar\/66994b632cb8c39a46b9f54afa3ae07201b678d32a54275b6f1c9ffec356bfc0?s=96&d=mm&r=g","caption":"radekmalina"},"url":"https:\/\/www.welovecycling.com\/cs\/author\/radekmalina\/"}]}},"_links":{"self":[{"href":"https:\/\/www.welovecycling.com\/cs\/wp-json\/wp\/v2\/posts\/24855","targetHints":{"allow":["GET"]}}],"collection":[{"href":"https:\/\/www.welovecycling.com\/cs\/wp-json\/wp\/v2\/posts"}],"about":[{"href":"https:\/\/www.welovecycling.com\/cs\/wp-json\/wp\/v2\/types\/post"}],"author":[{"embeddable":true,"href":"https:\/\/www.welovecycling.com\/cs\/wp-json\/wp\/v2\/users\/138"}],"replies":[{"embeddable":true,"href":"https:\/\/www.welovecycling.com\/cs\/wp-json\/wp\/v2\/comments?post=24855"}],"version-history":[{"count":5,"href":"https:\/\/www.welovecycling.com\/cs\/wp-json\/wp\/v2\/posts\/24855\/revisions"}],"predecessor-version":[{"id":24861,"href":"https:\/\/www.welovecycling.com\/cs\/wp-json\/wp\/v2\/posts\/24855\/revisions\/24861"}],"wp:featuredmedia":[{"embeddable":true,"href":"https:\/\/www.welovecycling.com\/cs\/wp-json\/wp\/v2\/media\/24856"}],"wp:attachment":[{"href":"https:\/\/www.welovecycling.com\/cs\/wp-json\/wp\/v2\/media?parent=24855"}],"wp:term":[{"taxonomy":"category","embeddable":true,"href":"https:\/\/www.welovecycling.com\/cs\/wp-json\/wp\/v2\/categories?post=24855"},{"taxonomy":"post_tag","embeddable":true,"href":"https:\/\/www.welovecycling.com\/cs\/wp-json\/wp\/v2\/tags?post=24855"},{"taxonomy":"global-categories","embeddable":true,"href":"https:\/\/www.welovecycling.com\/cs\/wp-json\/wp\/v2\/global-categories?post=24855"}],"curies":[{"name":"wp","href":"https:\/\/api.w.org\/{rel}","templated":true}]}}