{"id":24708,"date":"2024-02-04T14:34:15","date_gmt":"2024-02-04T12:34:15","guid":{"rendered":"https:\/\/www.welovecycling.com\/cs\/?p=24708"},"modified":"2024-02-07T13:01:21","modified_gmt":"2024-02-07T11:01:21","slug":"bronzovy-krystof-bazant-dal-kolu-prednost-pred-violou-a-sni-ze-bude-jako-jaroslav-kulhavy","status":"publish","type":"post","link":"https:\/\/www.welovecycling.com\/cs\/2024\/02\/04\/bronzovy-krystof-bazant-dal-kolu-prednost-pred-violou-a-sni-ze-bude-jako-jaroslav-kulhavy\/","title":{"rendered":"Kry\u0161tof Ba\u017eant odlo\u017eil violoncello a slav\u00ed bronz! Sn\u00ed, \u017ee bude jako Jaroslav Kulhav\u00fd"},"content":{"rendered":"<p><strong>Violoncello nebo kolo? Kry\u0161tof Ba\u017eant se rozhodl m\u00edsto um\u011bleck\u00e9 dr\u00e1hy v\u011bnovat maxim\u00e1ln\u00ed \u00fasil\u00ed cyklistice. A p\u0159i mistrovstv\u00ed sv\u011bta v\u00a0T\u00e1bo\u0159e 2024 se dostal par\u00e1dn\u00ed odm\u011bny. Oslavil bronzovou medaili ze z\u00e1vodu junior\u016f!<\/strong><\/p>\n<p>Teprve \u0161estn\u00e1ctilet\u00fd \u010desk\u00fd cyklista m\u00e1 doma zlato z\u00a0mistrovsv\u00ed Evropy kadet\u016f na horsk\u00e9m kole, v\u00a0jeho\u017e sedle ovl\u00e1dl i olympijsk\u00e9 hry ml\u00e1de\u017ee. \u201eAle bronz z\u00a0mistrovstv\u00ed sv\u011bta je \u00fapln\u011b n\u011bco jin\u00e9ho. Jezd\u00ed se v\u00a0naprosto odli\u0161n\u00e9 intenzit\u011b, jde o nesm\u00edrn\u011b n\u00e1ro\u010dn\u00e9 z\u00e1vod\u011bn\u00ed,\u201c vypr\u00e1v\u011bl rozesm\u00e1t\u00fd Kry\u0161tof Ba\u017eant s\u00a0medail\u00ed na krku.<\/p>\n<h2><strong>\u017divotn\u00ed n\u00e1pln\u00ed jen kolo a \u0161kola<\/strong><\/h2>\n<p>Sportu se v\u011bnoval teenager z Plav\u016f na Jablonecku od d\u011btstv\u00ed. Hodn\u011b velk\u00fd prostor jeho \u017eivota vypl\u0148ovala hra na violoncello. \u201eHr\u00e1l jsem dev\u011bt let. Ale u\u017e jsem prakticky p\u0159estal. Naposledy jsem hr\u00e1l na V\u00e1noce. Kolo m\u00e1 absolutn\u00ed p\u0159ednost. Nechci n\u011bco d\u011blat na p\u016fl. Sto procent moment\u00e1ln\u011b d\u00e1v\u00e1m do cyklistiky. Chod\u00edm do \u0161koly, jezd\u00edm na kole a regeneruji. Na nic jin\u00e9ho nen\u00ed \u010das,\u201c vysv\u011btlil Kry\u0161tof Ba\u017eant.<\/p>\n<p>A\u010d jezd\u00ed cyklokros prvn\u00ed sezonu, na mistrovstv\u00ed sv\u011bta do T\u00e1bora p\u0159ijel s ambicemi na medaili. Nav\u00edc rozb\u0159edl\u00e1 tra\u0165 byla p\u0159esn\u011b podle gusta mlad\u00e9ho reprezentanta. \u201eByla velmi n\u00e1ro\u010dn\u00e1, spravedliv\u00e1. Mysl\u00edm, \u017ee \u0161lo o nejt\u011b\u017e\u0161\u00ed z\u00e1vod v leto\u0161n\u00ed sezon\u011b. Bl\u00e1to v\u016fbec nejede, je d\u011bsn\u00e9 pomal\u00e9. Nohy z toho d\u011bsn\u011b bol\u00ed,\u201c ohl\u00ed\u017eel se za bitvou, kter\u00e1 v jeho pod\u00e1n\u00ed trvala dvaa\u010dty\u0159icet minut.<\/p>\n<figure id=\"attachment_24709\" aria-describedby=\"caption-attachment-24709\" style=\"width: 1200px\" class=\"wp-caption alignnone\"><a href=\"https:\/\/d2p6e6u75xmxt8.cloudfront.net\/13\/2024\/02\/profimedia-0843367934.webp\"><img loading=\"lazy\" decoding=\"async\" class=\"size-full wp-image-24709\" src=\"https:\/\/d2p6e6u75xmxt8.cloudfront.net\/13\/2024\/02\/profimedia-0843367934.webp\" alt=\"Kry\u0161tof Ba\u017eant\" width=\"1200\" height=\"1800\" srcset=\"https:\/\/d2p6e6u75xmxt8.cloudfront.net\/13\/2024\/02\/profimedia-0843367934.webp 1200w, https:\/\/d2p6e6u75xmxt8.cloudfront.net\/13\/2024\/02\/profimedia-0843367934-200x300.webp 200w, https:\/\/d2p6e6u75xmxt8.cloudfront.net\/13\/2024\/02\/profimedia-0843367934-683x1024.webp 683w, https:\/\/d2p6e6u75xmxt8.cloudfront.net\/13\/2024\/02\/profimedia-0843367934-768x1152.webp 768w, https:\/\/d2p6e6u75xmxt8.cloudfront.net\/13\/2024\/02\/profimedia-0843367934-1024x1536.webp 1024w, https:\/\/d2p6e6u75xmxt8.cloudfront.net\/13\/2024\/02\/profimedia-0843367934-267x400.webp 267w\" sizes=\"auto, (max-width: 1200px) 100vw, 1200px\" \/><\/a><figcaption id=\"caption-attachment-24709\" class=\"wp-caption-text\"><em>Kry\u0161tof Ba\u017eant s bronzovou medail\u00ed na mistrovstv\u00ed sv\u011bta v cyklokrosu 2024. Foto: profimedia (2x)<\/em><\/figcaption><\/figure>\n<p>\u201eStart byl hodn\u011b d\u016fle\u017eit\u00fd. Sna\u017eil jsem se dr\u017eet p\u0159edn\u00ed pozice, co\u017e se mi da\u0159ilo. Byl jsem na druh\u00e9m m\u00edst\u011b. Pak jsem se tro\u0161ku propadnul, ale rychle se mi poda\u0159ilo vybojovat ztracen\u00e1 m\u00edsta zp\u011bt. A dok\u00e1zal jsem se vp\u0159edu udr\u017eet a\u017e do c\u00edle,\u201c ohl\u00ed\u017eel se Kry\u0161tof Ba\u017eant za bitvou vy\u0161perkovanou bronzovou medail\u00ed.<\/p>\n<h2><strong>Fanou\u0161ci p\u0159idali energii<\/strong><\/h2>\n<p>Tot\u00e1ln\u011b jej ohromili fanou\u0161ci kolem okruhu v\u00a0are\u00e1lu Komora. \u201eHodn\u011b mi pomohli. Jsem za to r\u00e1d, \u017ee dorazilo tolik lid\u00ed. Atmosf\u00e9ra byla \u00fa\u017easn\u00e1. Nikdy nezapomenu. Posledn\u00ed metry jsem si v\u00e1\u017en\u011b vychutnal,\u201c rozpl\u00fdval se Kry\u0161tof Ba\u017eant.<\/p>\n<p>\u201eBylo \u00fa\u017easn\u00e9 sly\u0161et moje jm\u00e9no p\u0159i vyhla\u0161ov\u00e1n\u00ed p\u00f3dia na mistrovstv\u00ed sv\u011bta a m\u00edt na krku placku,\u201c culil se spokojen\u011b student v\u00edcelet\u00e9ho gymn\u00e1zia v\u00a0Jablonci nad Nisou.<\/p>\n<p>\u201eVe \u0161kole mi ohromn\u011b vych\u00e1z\u00ed vst\u0159\u00edc. U\u010ditel\u00e9 i pan \u0159editel mi umo\u017e\u0148uj\u00ed zvl\u00e1dat \u0161kolu s\u00a0tr\u00e9ninkem. P\u0159ed \u0161ampion\u00e1tem jsem nebyl ve \u0161kole \u010dtrn\u00e1ct dn\u016f. Ale st\u00e1lo to za to,\u201c lebedil si Kry\u0161tof Ba\u017eant.<\/p>\n<p>Nyn\u00ed jej \u010dek\u00e1 \u00favodn\u00ed kompletn\u00ed sezona na horsk\u00fdch kolech. Pr\u00e1v\u011b biky budou v\u00a0budoucnosti dost mo\u017en\u00e1 prioritn\u00ed discipl\u00ednou z\u00e1vodn\u00edka, jeho\u017e vzorem je Jaroslav Kulhav\u00fd. \u201eJezd\u00edm v\u00a0t\u00fdmu, kde Jarda za\u010d\u00ednal. Dvakr\u00e1t jsme spolu dokonce byli na kole. Jinak moc v\u00a0kontaktu nejsme. Jde o dvojn\u00e1sobn\u00e9ho olympijsk\u00e9ho medailistu, jemu\u017e bych se jednou r\u00e1d p\u0159ibl\u00ed\u017eil. Je to m\u016fj \u017eivotn\u00ed c\u00edl,\u201c vypr\u00e1v\u011bl z\u00e1vodn\u00edk, kter\u00fd pat\u0159\u00ed do t\u00fdmu Cyklostar Pirelli.<\/p>\n","protected":false},"excerpt":{"rendered":"<p>Violoncello nebo kolo? Kry\u0161tof Ba\u017eant se rozhodl m\u00edsto um\u011bleck\u00e9 dr\u00e1hy v\u011bnovat maxim\u00e1ln\u00ed \u00fasil\u00ed cyklistice. A p\u0159i mistrovstv\u00ed sv\u011bta v\u00a0T\u00e1bo\u0159e 2024 [&hellip;]<\/p>\n","protected":false},"author":138,"featured_media":24714,"comment_status":"open","ping_status":"open","sticky":false,"template":"","format":"standard","meta":{"footnotes":""},"categories":[1303],"tags":[2879,723,3382,1154,3400,1437],"global-categories":[411],"class_list":["post-24708","post","type-post","status-publish","format-standard","has-post-thumbnail","hentry","category-cyklokros","tag-bronzova-medaile","tag-cyklokros","tag-krystof-bazant","tag-mistrovstvi-sveta","tag-ms-2024","tag-tabor","global-categories-cycling"],"yoast_head":"<!-- This site is optimized with the Yoast SEO Premium plugin v25.3 (Yoast SEO v25.9) - https:\/\/yoast.com\/wordpress\/plugins\/seo\/ -->\n<title>Kry\u0161tof Ba\u017eant odlo\u017eil violoncello a slav\u00ed bronz! Sn\u00ed, \u017ee bude jako Jaroslav Kulhav\u00fd | \u0160koda We Love Cycling - \u010cesk\u00e1 republika<\/title>\n<meta name=\"description\" content=\"Violoncello nebo kolo? Kry\u0161tof Ba\u017eant se rozhodl m\u00edsto um\u011bleck\u00e9 dr\u00e1hy v\u011bnovat maxim\u00e1ln\u00ed \u00fasil\u00ed cyklistice. A p\u0159i mistrovstv\u00ed sv\u011bta v\u00a0T\u00e1bo\u0159e 2024 se dostal par\u00e1dn\u00ed odm\u011bny. Oslavil bronzovou medaili ze z\u00e1vodu junior\u016f!\" \/>\n<meta name=\"robots\" content=\"index, follow, max-snippet:-1, max-image-preview:large, max-video-preview:-1\" \/>\n<link rel=\"canonical\" href=\"https:\/\/www.welovecycling.com\/cs\/2024\/02\/04\/bronzovy-krystof-bazant-dal-kolu-prednost-pred-violou-a-sni-ze-bude-jako-jaroslav-kulhavy\/\" \/>\n<meta property=\"og:locale\" content=\"cs_CZ\" \/>\n<meta property=\"og:type\" content=\"article\" \/>\n<meta property=\"og:title\" content=\"Kry\u0161tof Ba\u017eant odlo\u017eil violoncello a slav\u00ed bronz! Sn\u00ed, \u017ee bude jako Jaroslav Kulhav\u00fd\" \/>\n<meta property=\"og:description\" content=\"Violoncello nebo kolo? Kry\u0161tof Ba\u017eant se rozhodl m\u00edsto um\u011bleck\u00e9 dr\u00e1hy v\u011bnovat maxim\u00e1ln\u00ed \u00fasil\u00ed cyklistice. A p\u0159i mistrovstv\u00ed sv\u011bta v\u00a0T\u00e1bo\u0159e 2024 se dostal par\u00e1dn\u00ed odm\u011bny. Oslavil bronzovou medaili ze z\u00e1vodu junior\u016f!\" \/>\n<meta property=\"og:url\" content=\"https:\/\/www.welovecycling.com\/cs\/2024\/02\/04\/bronzovy-krystof-bazant-dal-kolu-prednost-pred-violou-a-sni-ze-bude-jako-jaroslav-kulhavy\/\" \/>\n<meta property=\"og:site_name\" content=\"\u0160koda We Love Cycling - \u010cesk\u00e1 republika\" \/>\n<meta property=\"article:published_time\" content=\"2024-02-04T12:34:15+00:00\" \/>\n<meta property=\"article:modified_time\" content=\"2024-02-07T11:01:21+00:00\" \/>\n<meta property=\"og:image\" content=\"https:\/\/d2p6e6u75xmxt8.cloudfront.net\/13\/2024\/02\/profimedia-0843364866.webp\" \/>\n\t<meta property=\"og:image:width\" content=\"1800\" \/>\n\t<meta property=\"og:image:height\" content=\"1200\" \/>\n\t<meta property=\"og:image:type\" content=\"image\/webp\" \/>\n<meta name=\"author\" content=\"radekmalina\" \/>\n<meta name=\"twitter:card\" content=\"summary_large_image\" \/>\n<meta name=\"twitter:label1\" content=\"Written by\" \/>\n\t<meta name=\"twitter:data1\" content=\"Radek Malina\" \/>\n\t<meta name=\"twitter:label2\" content=\"Est. reading time\" \/>\n\t<meta name=\"twitter:data2\" content=\"5\" \/>\n<script type=\"application\/ld+json\" class=\"yoast-schema-graph\">{\"@context\":\"https:\/\/schema.org\",\"@graph\":[{\"@type\":\"WebPage\",\"@id\":\"https:\/\/www.welovecycling.com\/cs\/2024\/02\/04\/bronzovy-krystof-bazant-dal-kolu-prednost-pred-violou-a-sni-ze-bude-jako-jaroslav-kulhavy\/\",\"url\":\"https:\/\/www.welovecycling.com\/cs\/2024\/02\/04\/bronzovy-krystof-bazant-dal-kolu-prednost-pred-violou-a-sni-ze-bude-jako-jaroslav-kulhavy\/\",\"name\":\"Kry\u0161tof Ba\u017eant odlo\u017eil violoncello a slav\u00ed bronz! Sn\u00ed, \u017ee bude jako Jaroslav Kulhav\u00fd | \u0160koda We Love Cycling - \u010cesk\u00e1 republika\",\"isPartOf\":{\"@id\":\"https:\/\/www.welovecycling.com\/cs\/#website\"},\"primaryImageOfPage\":{\"@id\":\"https:\/\/www.welovecycling.com\/cs\/2024\/02\/04\/bronzovy-krystof-bazant-dal-kolu-prednost-pred-violou-a-sni-ze-bude-jako-jaroslav-kulhavy\/#primaryimage\"},\"image\":{\"@id\":\"https:\/\/www.welovecycling.com\/cs\/2024\/02\/04\/bronzovy-krystof-bazant-dal-kolu-prednost-pred-violou-a-sni-ze-bude-jako-jaroslav-kulhavy\/#primaryimage\"},\"thumbnailUrl\":\"https:\/\/d2p6e6u75xmxt8.cloudfront.net\/13\/2024\/02\/profimedia-0843364866.webp\",\"datePublished\":\"2024-02-04T12:34:15+00:00\",\"dateModified\":\"2024-02-07T11:01:21+00:00\",\"author\":{\"@id\":\"https:\/\/www.welovecycling.com\/cs\/#\/schema\/person\/d9eeb0a378f3a7e4a6d12d2b536b04b8\"},\"description\":\"Violoncello nebo kolo? Kry\u0161tof Ba\u017eant se rozhodl m\u00edsto um\u011bleck\u00e9 dr\u00e1hy v\u011bnovat maxim\u00e1ln\u00ed \u00fasil\u00ed cyklistice. A p\u0159i mistrovstv\u00ed sv\u011bta v\u00a0T\u00e1bo\u0159e 2024 se dostal par\u00e1dn\u00ed odm\u011bny. Oslavil bronzovou medaili ze z\u00e1vodu junior\u016f!\",\"inLanguage\":\"cs\",\"potentialAction\":[{\"@type\":\"ReadAction\",\"target\":[\"https:\/\/www.welovecycling.com\/cs\/2024\/02\/04\/bronzovy-krystof-bazant-dal-kolu-prednost-pred-violou-a-sni-ze-bude-jako-jaroslav-kulhavy\/\"]}]},{\"@type\":\"ImageObject\",\"inLanguage\":\"cs\",\"@id\":\"https:\/\/www.welovecycling.com\/cs\/2024\/02\/04\/bronzovy-krystof-bazant-dal-kolu-prednost-pred-violou-a-sni-ze-bude-jako-jaroslav-kulhavy\/#primaryimage\",\"url\":\"https:\/\/d2p6e6u75xmxt8.cloudfront.net\/13\/2024\/02\/profimedia-0843364866.webp\",\"contentUrl\":\"https:\/\/d2p6e6u75xmxt8.cloudfront.net\/13\/2024\/02\/profimedia-0843364866.webp\",\"width\":1800,\"height\":1200},{\"@type\":\"WebSite\",\"@id\":\"https:\/\/www.welovecycling.com\/cs\/#website\",\"url\":\"https:\/\/www.welovecycling.com\/cs\/\",\"name\":\"\u0160koda We Love Cycling - \u010cesk\u00e1 republika\",\"description\":\"WeLoveCycling.cz je online magaz\u00edn, kter\u00fd v\u00e1m pravideln\u011b p\u0159in\u00e1\u0161\u00ed rady a tipy, zaj\u00edmav\u00e9 \u010dl\u00e1nky, videa a jedine\u010dn\u00e9 report\u00e1\u017ee ze sv\u011bta cyklistiky.\",\"potentialAction\":[{\"@type\":\"SearchAction\",\"target\":{\"@type\":\"EntryPoint\",\"urlTemplate\":\"https:\/\/www.welovecycling.com\/cs\/?s={search_term_string}\"},\"query-input\":{\"@type\":\"PropertyValueSpecification\",\"valueRequired\":true,\"valueName\":\"search_term_string\"}}],\"inLanguage\":\"cs\"},{\"@type\":\"Person\",\"@id\":\"https:\/\/www.welovecycling.com\/cs\/#\/schema\/person\/d9eeb0a378f3a7e4a6d12d2b536b04b8\",\"name\":\"radekmalina\",\"image\":{\"@type\":\"ImageObject\",\"inLanguage\":\"cs\",\"@id\":\"https:\/\/www.welovecycling.com\/cs\/#\/schema\/person\/image\/\",\"url\":\"https:\/\/secure.gravatar.com\/avatar\/66994b632cb8c39a46b9f54afa3ae07201b678d32a54275b6f1c9ffec356bfc0?s=96&d=mm&r=g\",\"contentUrl\":\"https:\/\/secure.gravatar.com\/avatar\/66994b632cb8c39a46b9f54afa3ae07201b678d32a54275b6f1c9ffec356bfc0?s=96&d=mm&r=g\",\"caption\":\"radekmalina\"},\"url\":\"https:\/\/www.welovecycling.com\/cs\/author\/radekmalina\/\"}]}<\/script>\n<!-- \/ Yoast SEO Premium plugin. -->","yoast_head_json":{"title":"Kry\u0161tof Ba\u017eant odlo\u017eil violoncello a slav\u00ed bronz! Sn\u00ed, \u017ee bude jako Jaroslav Kulhav\u00fd | \u0160koda We Love Cycling - \u010cesk\u00e1 republika","description":"Violoncello nebo kolo? Kry\u0161tof Ba\u017eant se rozhodl m\u00edsto um\u011bleck\u00e9 dr\u00e1hy v\u011bnovat maxim\u00e1ln\u00ed \u00fasil\u00ed cyklistice. A p\u0159i mistrovstv\u00ed sv\u011bta v\u00a0T\u00e1bo\u0159e 2024 se dostal par\u00e1dn\u00ed odm\u011bny. Oslavil bronzovou medaili ze z\u00e1vodu junior\u016f!","robots":{"index":"index","follow":"follow","max-snippet":"max-snippet:-1","max-image-preview":"max-image-preview:large","max-video-preview":"max-video-preview:-1"},"canonical":"https:\/\/www.welovecycling.com\/cs\/2024\/02\/04\/bronzovy-krystof-bazant-dal-kolu-prednost-pred-violou-a-sni-ze-bude-jako-jaroslav-kulhavy\/","og_locale":"cs_CZ","og_type":"article","og_title":"Kry\u0161tof Ba\u017eant odlo\u017eil violoncello a slav\u00ed bronz! Sn\u00ed, \u017ee bude jako Jaroslav Kulhav\u00fd","og_description":"Violoncello nebo kolo? Kry\u0161tof Ba\u017eant se rozhodl m\u00edsto um\u011bleck\u00e9 dr\u00e1hy v\u011bnovat maxim\u00e1ln\u00ed \u00fasil\u00ed cyklistice. A p\u0159i mistrovstv\u00ed sv\u011bta v\u00a0T\u00e1bo\u0159e 2024 se dostal par\u00e1dn\u00ed odm\u011bny. Oslavil bronzovou medaili ze z\u00e1vodu junior\u016f!","og_url":"https:\/\/www.welovecycling.com\/cs\/2024\/02\/04\/bronzovy-krystof-bazant-dal-kolu-prednost-pred-violou-a-sni-ze-bude-jako-jaroslav-kulhavy\/","og_site_name":"\u0160koda We Love Cycling - \u010cesk\u00e1 republika","article_published_time":"2024-02-04T12:34:15+00:00","article_modified_time":"2024-02-07T11:01:21+00:00","og_image":[{"width":1800,"height":1200,"url":"https:\/\/d2p6e6u75xmxt8.cloudfront.net\/13\/2024\/02\/profimedia-0843364866.webp","type":"image\/webp"}],"author":"radekmalina","twitter_card":"summary_large_image","twitter_misc":{"Written by":"Radek Malina","Est. reading time":"5"},"schema":{"@context":"https:\/\/schema.org","@graph":[{"@type":"WebPage","@id":"https:\/\/www.welovecycling.com\/cs\/2024\/02\/04\/bronzovy-krystof-bazant-dal-kolu-prednost-pred-violou-a-sni-ze-bude-jako-jaroslav-kulhavy\/","url":"https:\/\/www.welovecycling.com\/cs\/2024\/02\/04\/bronzovy-krystof-bazant-dal-kolu-prednost-pred-violou-a-sni-ze-bude-jako-jaroslav-kulhavy\/","name":"Kry\u0161tof Ba\u017eant odlo\u017eil violoncello a slav\u00ed bronz! Sn\u00ed, \u017ee bude jako Jaroslav Kulhav\u00fd | \u0160koda We Love Cycling - \u010cesk\u00e1 republika","isPartOf":{"@id":"https:\/\/www.welovecycling.com\/cs\/#website"},"primaryImageOfPage":{"@id":"https:\/\/www.welovecycling.com\/cs\/2024\/02\/04\/bronzovy-krystof-bazant-dal-kolu-prednost-pred-violou-a-sni-ze-bude-jako-jaroslav-kulhavy\/#primaryimage"},"image":{"@id":"https:\/\/www.welovecycling.com\/cs\/2024\/02\/04\/bronzovy-krystof-bazant-dal-kolu-prednost-pred-violou-a-sni-ze-bude-jako-jaroslav-kulhavy\/#primaryimage"},"thumbnailUrl":"https:\/\/d2p6e6u75xmxt8.cloudfront.net\/13\/2024\/02\/profimedia-0843364866.webp","datePublished":"2024-02-04T12:34:15+00:00","dateModified":"2024-02-07T11:01:21+00:00","author":{"@id":"https:\/\/www.welovecycling.com\/cs\/#\/schema\/person\/d9eeb0a378f3a7e4a6d12d2b536b04b8"},"description":"Violoncello nebo kolo? Kry\u0161tof Ba\u017eant se rozhodl m\u00edsto um\u011bleck\u00e9 dr\u00e1hy v\u011bnovat maxim\u00e1ln\u00ed \u00fasil\u00ed cyklistice. A p\u0159i mistrovstv\u00ed sv\u011bta v\u00a0T\u00e1bo\u0159e 2024 se dostal par\u00e1dn\u00ed odm\u011bny. Oslavil bronzovou medaili ze z\u00e1vodu junior\u016f!","inLanguage":"cs","potentialAction":[{"@type":"ReadAction","target":["https:\/\/www.welovecycling.com\/cs\/2024\/02\/04\/bronzovy-krystof-bazant-dal-kolu-prednost-pred-violou-a-sni-ze-bude-jako-jaroslav-kulhavy\/"]}]},{"@type":"ImageObject","inLanguage":"cs","@id":"https:\/\/www.welovecycling.com\/cs\/2024\/02\/04\/bronzovy-krystof-bazant-dal-kolu-prednost-pred-violou-a-sni-ze-bude-jako-jaroslav-kulhavy\/#primaryimage","url":"https:\/\/d2p6e6u75xmxt8.cloudfront.net\/13\/2024\/02\/profimedia-0843364866.webp","contentUrl":"https:\/\/d2p6e6u75xmxt8.cloudfront.net\/13\/2024\/02\/profimedia-0843364866.webp","width":1800,"height":1200},{"@type":"WebSite","@id":"https:\/\/www.welovecycling.com\/cs\/#website","url":"https:\/\/www.welovecycling.com\/cs\/","name":"\u0160koda We Love Cycling - \u010cesk\u00e1 republika","description":"WeLoveCycling.cz je online magaz\u00edn, kter\u00fd v\u00e1m pravideln\u011b p\u0159in\u00e1\u0161\u00ed rady a tipy, zaj\u00edmav\u00e9 \u010dl\u00e1nky, videa a jedine\u010dn\u00e9 report\u00e1\u017ee ze sv\u011bta cyklistiky.","potentialAction":[{"@type":"SearchAction","target":{"@type":"EntryPoint","urlTemplate":"https:\/\/www.welovecycling.com\/cs\/?s={search_term_string}"},"query-input":{"@type":"PropertyValueSpecification","valueRequired":true,"valueName":"search_term_string"}}],"inLanguage":"cs"},{"@type":"Person","@id":"https:\/\/www.welovecycling.com\/cs\/#\/schema\/person\/d9eeb0a378f3a7e4a6d12d2b536b04b8","name":"radekmalina","image":{"@type":"ImageObject","inLanguage":"cs","@id":"https:\/\/www.welovecycling.com\/cs\/#\/schema\/person\/image\/","url":"https:\/\/secure.gravatar.com\/avatar\/66994b632cb8c39a46b9f54afa3ae07201b678d32a54275b6f1c9ffec356bfc0?s=96&d=mm&r=g","contentUrl":"https:\/\/secure.gravatar.com\/avatar\/66994b632cb8c39a46b9f54afa3ae07201b678d32a54275b6f1c9ffec356bfc0?s=96&d=mm&r=g","caption":"radekmalina"},"url":"https:\/\/www.welovecycling.com\/cs\/author\/radekmalina\/"}]}},"_links":{"self":[{"href":"https:\/\/www.welovecycling.com\/cs\/wp-json\/wp\/v2\/posts\/24708","targetHints":{"allow":["GET"]}}],"collection":[{"href":"https:\/\/www.welovecycling.com\/cs\/wp-json\/wp\/v2\/posts"}],"about":[{"href":"https:\/\/www.welovecycling.com\/cs\/wp-json\/wp\/v2\/types\/post"}],"author":[{"embeddable":true,"href":"https:\/\/www.welovecycling.com\/cs\/wp-json\/wp\/v2\/users\/138"}],"replies":[{"embeddable":true,"href":"https:\/\/www.welovecycling.com\/cs\/wp-json\/wp\/v2\/comments?post=24708"}],"version-history":[{"count":5,"href":"https:\/\/www.welovecycling.com\/cs\/wp-json\/wp\/v2\/posts\/24708\/revisions"}],"predecessor-version":[{"id":24808,"href":"https:\/\/www.welovecycling.com\/cs\/wp-json\/wp\/v2\/posts\/24708\/revisions\/24808"}],"wp:featuredmedia":[{"embeddable":true,"href":"https:\/\/www.welovecycling.com\/cs\/wp-json\/wp\/v2\/media\/24714"}],"wp:attachment":[{"href":"https:\/\/www.welovecycling.com\/cs\/wp-json\/wp\/v2\/media?parent=24708"}],"wp:term":[{"taxonomy":"category","embeddable":true,"href":"https:\/\/www.welovecycling.com\/cs\/wp-json\/wp\/v2\/categories?post=24708"},{"taxonomy":"post_tag","embeddable":true,"href":"https:\/\/www.welovecycling.com\/cs\/wp-json\/wp\/v2\/tags?post=24708"},{"taxonomy":"global-categories","embeddable":true,"href":"https:\/\/www.welovecycling.com\/cs\/wp-json\/wp\/v2\/global-categories?post=24708"}],"curies":[{"name":"wp","href":"https:\/\/api.w.org\/{rel}","templated":true}]}}